




{"id":39447,"date":"2013-09-20T18:05:00","date_gmt":"2013-09-20T15:05:00","guid":{"rendered":"http:\/\/qtmm.org\/?p=39447"},"modified":"2022-01-25T18:06:24","modified_gmt":"2022-01-25T15:06:24","slug":"remzi-ilyasov-ukraina-tis-isleri-nazirine-qirimtatarlarni-yerlestirmege-maliyeviy-yardim-kosteruvde-halqara-teskilatlar-ve-diasporanin-rolu-arasindaki-farqni-anlatti","status":"publish","type":"post","link":"https:\/\/qtmm.org\/qt\/remzi-ilyasov-ukraina-tis-isleri-nazirine-qirimtatarlarni-yerlestirmege-maliyeviy-yardim-kosteruvde-halqara-teskilatlar-ve-diasporanin-rolu-arasindaki-farqni-anlatti\/","title":{"rendered":"Remzi \u0130lyasov Ukraina T\u0131\u015f i\u015fleri nazirine q\u0131r\u0131mtatarlarn\u0131 yerle\u015ftirmege maliyeviy yard\u0131m k\u00f6ster\u00fcvde halqara te\u015fkil\u00e2tlar ve diasporan\u0131\u00f1 rol\u00fc aras\u0131ndaki farqn\u0131 a\u00f1latt\u0131"},"content":{"rendered":"\n<p>Sent\u00e2br 19 k\u00fcn\u00fc Q\u0131r\u0131mda Ukraina T\u0131\u015f i\u015fleri naziri Leonid Kojara, Q\u0131r\u0131m Nazirler \u015euras\u0131 ve Meclis yolba\u015f\u00e7\u0131lar\u0131n\u0131\u00f1 Avropa Birligini\u00f1 Keni\u015flet\u00fcv ve Avropan\u0131\u00f1 eyiqom\u015ful\u0131q siyaseti meseleleri boyunca komissar\u0131 \u015etefan F\u00fcle ile k\u00f6r\u00fc\u015f\u00fcvi ol\u0131p ke\u00e7ti.<\/p>\n\n\n\n<p>3 saat devam etken Q\u0131r\u0131mtatar halq\u0131 vaziyetini\u00f1 muzakeresi \u00e7er\u00e7ivesinde Meclis reisini\u00f1 muavini, Q\u0131r\u0131m Yuqar\u0131 \u015euras\u0131n\u0131\u00f1 deputat\u0131 Remzi \u0130lyasov k\u00f6r\u00fc\u015f\u00fcv i\u015ftirak\u00e7ilerini\u00f1, olarn\u0131\u00f1 s\u0131ras\u0131nda devlet ve cumhuriyet akimiyetini\u00f1 vekilleri de bar ediler, diqqat\u0131n\u0131 \u015fu\u00f1a celp etti ki, q\u0131r\u0131mtatar halq\u0131n\u0131\u00f1 qaytuv\u0131 ve yerle\u015ftirilmesini &#8220;so\u00f1una kelmekte&#8221; ya da 2015 senesine qadar yek\u00fcnlenir demek olmaz.<\/p>\n\n\n\n<figure class=\"wp-block-image size-full\"><img loading=\"lazy\" decoding=\"async\" width=\"670\" height=\"310\" src=\"http:\/\/qtmm.org\/wp-content\/uploads\/2022\/01\/r.ilyasov.jpg\" alt=\"\" class=\"wp-image-39448\" srcset=\"https:\/\/qtmm.org\/wp-content\/uploads\/2022\/01\/r.ilyasov.jpg 670w, https:\/\/qtmm.org\/wp-content\/uploads\/2022\/01\/r.ilyasov-300x139.jpg 300w\" sizes=\"auto, (max-width: 670px) 100vw, 670px\" \/><\/figure>\n\n\n\n<p>&#8220;Q\u0131r\u0131mtatarlarn\u0131\u00f1 daa \u00e7oqtan-\u00e7oq meseleleri al\u00e2 daa \u00e7ezilmedi, &#8211; dedi \u0130lyasov. \u2013 Biz bun\u0131 k\u00f6remiz ve e\u015fitemiz. Bu meselelerni \u00e7ezmek zarur ve biz olarn\u0131 \u00e7ez\u00fcv yollar\u0131n\u0131 tapmaq borclum\u0131z&#8221;.<\/p>\n\n\n\n<p>Bundan da \u011fayr\u0131, cumhuriyet vekillerini\u00f1 s\u00fcrg\u00fcnlikten qaytqanlarn\u0131\u00f1 problemlerini \u00e7ez\u00fcvde halqara te\u015fkil\u00e2tlar\u011fa muracaatlar\u0131n\u0131 izaatlayaraq Remzi \u0130lyasov Ukraina T\u0131\u015f i\u015fleri nazirini\u00f1 diqqat\u0131n\u0131 ukrain diplomatlar\u0131 bir qa\u00e7 ay evelsi q\u0131r\u0131mtatar diasporas\u0131ndan Q\u0131r\u0131mda semetde\u015flerine yerle\u015fmege yard\u0131m bermeleri aqq\u0131nda rica etkenlerine celp etti.<\/p>\n\n\n\n<p>&#8220;Biz halqara vaquf ve te\u015fkil\u00e2tlar vastas\u0131nen sermiya tapma\u011fa az\u0131rm\u0131z, l\u00e2kin bu devlet idarelerini\u00f1 diaspora\u011fa yard\u0131m sorap muracaatlar\u0131 olmamas\u0131 kerek, &#8211; diye yek\u00fcn \u00e7ekti s\u00f6zlerine R. \u0130lyasov.<\/p>\n","protected":false},"excerpt":{"rendered":"<p>Sent\u00e2br 19 k\u00fcn\u00fc Q\u0131r\u0131mda Ukraina T\u0131\u015f i\u015fleri naziri Leonid Kojara, Q\u0131r\u0131m Nazirler \u015euras\u0131 ve Meclis yolba\u015f\u00e7\u0131lar\u0131n\u0131\u00f1 Avropa Birligini\u00f1 Keni\u015flet\u00fcv ve Avropan\u0131\u00f1 eyiqom\u015ful\u0131q siyaseti meseleleri boyunca komissar\u0131 \u015etefan F\u00fcle ile k\u00f6r\u00fc\u015f\u00fcvi ol\u0131p ke\u00e7ti. 3 saat devam etken Q\u0131r\u0131mtatar halq\u0131 vaziyetini\u00f1 muzakeresi \u00e7er\u00e7ivesinde Meclis reisini\u00f1 muavini, Q\u0131r\u0131m Yuqar\u0131 \u015euras\u0131n\u0131\u00f1 deputat\u0131 Remzi \u0130lyasov k\u00f6r\u00fc\u015f\u00fcv i\u015ftirak\u00e7ilerini\u00f1, olarn\u0131\u00f1 s\u0131ras\u0131nda devlet [&hellip;]<\/p>\n","protected":false},"author":1,"featured_media":0,"comment_status":"open","ping_status":"open","sticky":false,"template":"","format":"standard","meta":{"inline_featured_image":false,"footnotes":""},"categories":[265],"tags":[],"class_list":["post-39447","post","type-post","status-publish","format-standard","hentry","category-haberler"],"acf":[],"yoast_head":"<!-- This site is optimized with the Yoast SEO plugin v27.4 - https:\/\/yoast.com\/product\/yoast-seo-wordpress\/ -->\n<title>Remzi \u0130lyasov Ukraina T\u0131\u015f i\u015fleri nazirine q\u0131r\u0131mtatarlarn\u0131 yerle\u015ftirmege maliyeviy yard\u0131m k\u00f6ster\u00fcvde halqara te\u015fkil\u00e2tlar ve diasporan\u0131\u00f1 rol\u00fc aras\u0131ndaki farqn\u0131 a\u00f1latt\u0131 - \u041c\u0435\u0434\u0436\u043b\u0456\u0441<\/title>\n<meta name=\"robots\" content=\"index, follow, max-snippet:-1, max-image-preview:large, max-video-preview:-1\" \/>\n<link rel=\"canonical\" href=\"https:\/\/qtmm.org\/qt\/remzi-ilyasov-ukraina-tis-isleri-nazirine-qirimtatarlarni-yerlestirmege-maliyeviy-yardim-kosteruvde-halqara-teskilatlar-ve-diasporanin-rolu-arasindaki-farqni-anlatti\/\" \/>\n<meta property=\"og:locale\" content=\"en_US\" \/>\n<meta property=\"og:type\" content=\"article\" \/>\n<meta property=\"og:title\" content=\"Remzi \u0130lyasov Ukraina T\u0131\u015f i\u015fleri nazirine q\u0131r\u0131mtatarlarn\u0131 yerle\u015ftirmege maliyeviy yard\u0131m k\u00f6ster\u00fcvde halqara te\u015fkil\u00e2tlar ve diasporan\u0131\u00f1 rol\u00fc aras\u0131ndaki farqn\u0131 a\u00f1latt\u0131 - \u041c\u0435\u0434\u0436\u043b\u0456\u0441\" \/>\n<meta property=\"og:description\" content=\"Sent\u00e2br 19 k\u00fcn\u00fc Q\u0131r\u0131mda Ukraina T\u0131\u015f i\u015fleri naziri Leonid Kojara, Q\u0131r\u0131m Nazirler \u015euras\u0131 ve Meclis yolba\u015f\u00e7\u0131lar\u0131n\u0131\u00f1 Avropa Birligini\u00f1 Keni\u015flet\u00fcv ve Avropan\u0131\u00f1 eyiqom\u015ful\u0131q siyaseti meseleleri boyunca komissar\u0131 \u015etefan F\u00fcle ile k\u00f6r\u00fc\u015f\u00fcvi ol\u0131p ke\u00e7ti. 3 saat devam etken Q\u0131r\u0131mtatar halq\u0131 vaziyetini\u00f1 muzakeresi \u00e7er\u00e7ivesinde Meclis reisini\u00f1 muavini, Q\u0131r\u0131m Yuqar\u0131 \u015euras\u0131n\u0131\u00f1 deputat\u0131 Remzi \u0130lyasov k\u00f6r\u00fc\u015f\u00fcv i\u015ftirak\u00e7ilerini\u00f1, olarn\u0131\u00f1 s\u0131ras\u0131nda devlet [&hellip;]\" \/>\n<meta property=\"og:url\" content=\"https:\/\/qtmm.org\/qt\/remzi-ilyasov-ukraina-tis-isleri-nazirine-qirimtatarlarni-yerlestirmege-maliyeviy-yardim-kosteruvde-halqara-teskilatlar-ve-diasporanin-rolu-arasindaki-farqni-anlatti\/\" \/>\n<meta property=\"og:site_name\" content=\"\u041c\u0435\u0434\u0436\u043b\u0456\u0441\" \/>\n<meta property=\"article:publisher\" content=\"https:\/\/www.facebook.com\/qtmm.info\/\" \/>\n<meta property=\"article:published_time\" content=\"2013-09-20T15:05:00+00:00\" \/>\n<meta property=\"article:modified_time\" content=\"2022-01-25T15:06:24+00:00\" \/>\n<meta property=\"og:image\" content=\"https:\/\/qtmm.org\/wp-content\/uploads\/2022\/01\/r.ilyasov.jpg\" \/>\n\t<meta property=\"og:image:width\" content=\"670\" \/>\n\t<meta property=\"og:image:height\" content=\"310\" \/>\n\t<meta property=\"og:image:type\" content=\"image\/jpeg\" \/>\n<meta name=\"author\" content=\"Developer\" \/>\n<meta name=\"twitter:card\" content=\"summary_large_image\" \/>\n<meta name=\"twitter:label1\" content=\"Written by\" \/>\n\t<meta name=\"twitter:data1\" content=\"Developer\" \/>\n\t<meta name=\"twitter:label2\" content=\"Est. reading time\" \/>\n\t<meta name=\"twitter:data2\" content=\"1 minute\" \/>\n<script type=\"application\/ld+json\" class=\"yoast-schema-graph\">{\"@context\":\"https:\\\/\\\/schema.org\",\"@graph\":[{\"@type\":\"Article\",\"@id\":\"https:\\\/\\\/qtmm.org\\\/qt\\\/remzi-ilyasov-ukraina-tis-isleri-nazirine-qirimtatarlarni-yerlestirmege-maliyeviy-yardim-kosteruvde-halqara-teskilatlar-ve-diasporanin-rolu-arasindaki-farqni-anlatti\\\/#article\",\"isPartOf\":{\"@id\":\"https:\\\/\\\/qtmm.org\\\/qt\\\/remzi-ilyasov-ukraina-tis-isleri-nazirine-qirimtatarlarni-yerlestirmege-maliyeviy-yardim-kosteruvde-halqara-teskilatlar-ve-diasporanin-rolu-arasindaki-farqni-anlatti\\\/\"},\"author\":{\"name\":\"Developer\",\"@id\":\"https:\\\/\\\/qtmm.org\\\/qt\\\/#\\\/schema\\\/person\\\/de562469f971dec226ac06e60bbf74a7\"},\"headline\":\"Remzi \u0130lyasov Ukraina T\u0131\u015f i\u015fleri nazirine q\u0131r\u0131mtatarlarn\u0131 yerle\u015ftirmege maliyeviy yard\u0131m k\u00f6ster\u00fcvde halqara te\u015fkil\u00e2tlar ve diasporan\u0131\u00f1 rol\u00fc aras\u0131ndaki farqn\u0131 a\u00f1latt\u0131\",\"datePublished\":\"2013-09-20T15:05:00+00:00\",\"dateModified\":\"2022-01-25T15:06:24+00:00\",\"mainEntityOfPage\":{\"@id\":\"https:\\\/\\\/qtmm.org\\\/qt\\\/remzi-ilyasov-ukraina-tis-isleri-nazirine-qirimtatarlarni-yerlestirmege-maliyeviy-yardim-kosteruvde-halqara-teskilatlar-ve-diasporanin-rolu-arasindaki-farqni-anlatti\\\/\"},\"wordCount\":274,\"commentCount\":0,\"publisher\":{\"@id\":\"https:\\\/\\\/qtmm.org\\\/qt\\\/#organization\"},\"image\":{\"@id\":\"https:\\\/\\\/qtmm.org\\\/qt\\\/remzi-ilyasov-ukraina-tis-isleri-nazirine-qirimtatarlarni-yerlestirmege-maliyeviy-yardim-kosteruvde-halqara-teskilatlar-ve-diasporanin-rolu-arasindaki-farqni-anlatti\\\/#primaryimage\"},\"thumbnailUrl\":\"http:\\\/\\\/qtmm.org\\\/wp-content\\\/uploads\\\/2022\\\/01\\\/r.ilyasov.jpg\",\"articleSection\":[\"Haberler\"],\"inLanguage\":\"qt\",\"potentialAction\":[{\"@type\":\"CommentAction\",\"name\":\"Comment\",\"target\":[\"https:\\\/\\\/qtmm.org\\\/qt\\\/remzi-ilyasov-ukraina-tis-isleri-nazirine-qirimtatarlarni-yerlestirmege-maliyeviy-yardim-kosteruvde-halqara-teskilatlar-ve-diasporanin-rolu-arasindaki-farqni-anlatti\\\/#respond\"]}]},{\"@type\":\"WebPage\",\"@id\":\"https:\\\/\\\/qtmm.org\\\/qt\\\/remzi-ilyasov-ukraina-tis-isleri-nazirine-qirimtatarlarni-yerlestirmege-maliyeviy-yardim-kosteruvde-halqara-teskilatlar-ve-diasporanin-rolu-arasindaki-farqni-anlatti\\\/\",\"url\":\"https:\\\/\\\/qtmm.org\\\/qt\\\/remzi-ilyasov-ukraina-tis-isleri-nazirine-qirimtatarlarni-yerlestirmege-maliyeviy-yardim-kosteruvde-halqara-teskilatlar-ve-diasporanin-rolu-arasindaki-farqni-anlatti\\\/\",\"name\":\"Remzi \u0130lyasov Ukraina T\u0131\u015f i\u015fleri nazirine q\u0131r\u0131mtatarlarn\u0131 yerle\u015ftirmege maliyeviy yard\u0131m k\u00f6ster\u00fcvde halqara te\u015fkil\u00e2tlar ve diasporan\u0131\u00f1 rol\u00fc aras\u0131ndaki farqn\u0131 a\u00f1latt\u0131 - \u041c\u0435\u0434\u0436\u043b\u0456\u0441\",\"isPartOf\":{\"@id\":\"https:\\\/\\\/qtmm.org\\\/qt\\\/#website\"},\"primaryImageOfPage\":{\"@id\":\"https:\\\/\\\/qtmm.org\\\/qt\\\/remzi-ilyasov-ukraina-tis-isleri-nazirine-qirimtatarlarni-yerlestirmege-maliyeviy-yardim-kosteruvde-halqara-teskilatlar-ve-diasporanin-rolu-arasindaki-farqni-anlatti\\\/#primaryimage\"},\"image\":{\"@id\":\"https:\\\/\\\/qtmm.org\\\/qt\\\/remzi-ilyasov-ukraina-tis-isleri-nazirine-qirimtatarlarni-yerlestirmege-maliyeviy-yardim-kosteruvde-halqara-teskilatlar-ve-diasporanin-rolu-arasindaki-farqni-anlatti\\\/#primaryimage\"},\"thumbnailUrl\":\"http:\\\/\\\/qtmm.org\\\/wp-content\\\/uploads\\\/2022\\\/01\\\/r.ilyasov.jpg\",\"datePublished\":\"2013-09-20T15:05:00+00:00\",\"dateModified\":\"2022-01-25T15:06:24+00:00\",\"breadcrumb\":{\"@id\":\"https:\\\/\\\/qtmm.org\\\/qt\\\/remzi-ilyasov-ukraina-tis-isleri-nazirine-qirimtatarlarni-yerlestirmege-maliyeviy-yardim-kosteruvde-halqara-teskilatlar-ve-diasporanin-rolu-arasindaki-farqni-anlatti\\\/#breadcrumb\"},\"inLanguage\":\"qt\",\"potentialAction\":[{\"@type\":\"ReadAction\",\"target\":[\"https:\\\/\\\/qtmm.org\\\/qt\\\/remzi-ilyasov-ukraina-tis-isleri-nazirine-qirimtatarlarni-yerlestirmege-maliyeviy-yardim-kosteruvde-halqara-teskilatlar-ve-diasporanin-rolu-arasindaki-farqni-anlatti\\\/\"]}]},{\"@type\":\"ImageObject\",\"inLanguage\":\"qt\",\"@id\":\"https:\\\/\\\/qtmm.org\\\/qt\\\/remzi-ilyasov-ukraina-tis-isleri-nazirine-qirimtatarlarni-yerlestirmege-maliyeviy-yardim-kosteruvde-halqara-teskilatlar-ve-diasporanin-rolu-arasindaki-farqni-anlatti\\\/#primaryimage\",\"url\":\"http:\\\/\\\/qtmm.org\\\/wp-content\\\/uploads\\\/2022\\\/01\\\/r.ilyasov.jpg\",\"contentUrl\":\"http:\\\/\\\/qtmm.org\\\/wp-content\\\/uploads\\\/2022\\\/01\\\/r.ilyasov.jpg\"},{\"@type\":\"BreadcrumbList\",\"@id\":\"https:\\\/\\\/qtmm.org\\\/qt\\\/remzi-ilyasov-ukraina-tis-isleri-nazirine-qirimtatarlarni-yerlestirmege-maliyeviy-yardim-kosteruvde-halqara-teskilatlar-ve-diasporanin-rolu-arasindaki-farqni-anlatti\\\/#breadcrumb\",\"itemListElement\":[{\"@type\":\"ListItem\",\"position\":1,\"name\":\"\u0413\u043e\u043b\u043e\u0432\u043d\u0430\",\"item\":\"https:\\\/\\\/qtmm.org\\\/qt\\\/\"},{\"@type\":\"ListItem\",\"position\":2,\"name\":\"Remzi \u0130lyasov Ukraina T\u0131\u015f i\u015fleri nazirine q\u0131r\u0131mtatarlarn\u0131 yerle\u015ftirmege maliyeviy yard\u0131m k\u00f6ster\u00fcvde halqara te\u015fkil\u00e2tlar ve diasporan\u0131\u00f1 rol\u00fc aras\u0131ndaki farqn\u0131 a\u00f1latt\u0131\"}]},{\"@type\":\"WebSite\",\"@id\":\"https:\\\/\\\/qtmm.org\\\/qt\\\/#website\",\"url\":\"https:\\\/\\\/qtmm.org\\\/qt\\\/\",\"name\":\"\u041c\u0435\u0434\u0436\u043b\u0456\u0441\",\"description\":\"\",\"publisher\":{\"@id\":\"https:\\\/\\\/qtmm.org\\\/qt\\\/#organization\"},\"potentialAction\":[{\"@type\":\"SearchAction\",\"target\":{\"@type\":\"EntryPoint\",\"urlTemplate\":\"https:\\\/\\\/qtmm.org\\\/qt\\\/?s={search_term_string}\"},\"query-input\":{\"@type\":\"PropertyValueSpecification\",\"valueRequired\":true,\"valueName\":\"search_term_string\"}}],\"inLanguage\":\"qt\"},{\"@type\":\"Organization\",\"@id\":\"https:\\\/\\\/qtmm.org\\\/qt\\\/#organization\",\"name\":\"\u041c\u0435\u0434\u0436\u043b\u0456\u0441\",\"url\":\"https:\\\/\\\/qtmm.org\\\/qt\\\/\",\"logo\":{\"@type\":\"ImageObject\",\"inLanguage\":\"qt\",\"@id\":\"https:\\\/\\\/qtmm.org\\\/qt\\\/#\\\/schema\\\/logo\\\/image\\\/\",\"url\":\"https:\\\/\\\/qtmm.org\\\/wp-content\\\/uploads\\\/2024\\\/12\\\/ua-mejlis-logo-rgb.svg\",\"contentUrl\":\"https:\\\/\\\/qtmm.org\\\/wp-content\\\/uploads\\\/2024\\\/12\\\/ua-mejlis-logo-rgb.svg\",\"caption\":\"\u041c\u0435\u0434\u0436\u043b\u0456\u0441\"},\"image\":{\"@id\":\"https:\\\/\\\/qtmm.org\\\/qt\\\/#\\\/schema\\\/logo\\\/image\\\/\"},\"sameAs\":[\"https:\\\/\\\/www.facebook.com\\\/qtmm.info\\\/\"]},{\"@type\":\"Person\",\"@id\":\"https:\\\/\\\/qtmm.org\\\/qt\\\/#\\\/schema\\\/person\\\/de562469f971dec226ac06e60bbf74a7\",\"name\":\"Developer\",\"image\":{\"@type\":\"ImageObject\",\"inLanguage\":\"qt\",\"@id\":\"https:\\\/\\\/secure.gravatar.com\\\/avatar\\\/392b4cc8fbfeb00b39dfeeab4ee6edded39ffd48e25858637e4765810300227e?s=96&d=mm&r=g\",\"url\":\"https:\\\/\\\/secure.gravatar.com\\\/avatar\\\/392b4cc8fbfeb00b39dfeeab4ee6edded39ffd48e25858637e4765810300227e?s=96&d=mm&r=g\",\"contentUrl\":\"https:\\\/\\\/secure.gravatar.com\\\/avatar\\\/392b4cc8fbfeb00b39dfeeab4ee6edded39ffd48e25858637e4765810300227e?s=96&d=mm&r=g\",\"caption\":\"Developer\"},\"url\":\"https:\\\/\\\/qtmm.org\\\/qt\\\/author\\\/Developer\\\/\"}]}<\/script>\n<!-- \/ Yoast SEO plugin. -->","yoast_head_json":{"title":"Remzi \u0130lyasov Ukraina T\u0131\u015f i\u015fleri nazirine q\u0131r\u0131mtatarlarn\u0131 yerle\u015ftirmege maliyeviy yard\u0131m k\u00f6ster\u00fcvde halqara te\u015fkil\u00e2tlar ve diasporan\u0131\u00f1 rol\u00fc aras\u0131ndaki farqn\u0131 a\u00f1latt\u0131 - \u041c\u0435\u0434\u0436\u043b\u0456\u0441","robots":{"index":"index","follow":"follow","max-snippet":"max-snippet:-1","max-image-preview":"max-image-preview:large","max-video-preview":"max-video-preview:-1"},"canonical":"https:\/\/qtmm.org\/qt\/remzi-ilyasov-ukraina-tis-isleri-nazirine-qirimtatarlarni-yerlestirmege-maliyeviy-yardim-kosteruvde-halqara-teskilatlar-ve-diasporanin-rolu-arasindaki-farqni-anlatti\/","og_locale":"en_US","og_type":"article","og_title":"Remzi \u0130lyasov Ukraina T\u0131\u015f i\u015fleri nazirine q\u0131r\u0131mtatarlarn\u0131 yerle\u015ftirmege maliyeviy yard\u0131m k\u00f6ster\u00fcvde halqara te\u015fkil\u00e2tlar ve diasporan\u0131\u00f1 rol\u00fc aras\u0131ndaki farqn\u0131 a\u00f1latt\u0131 - \u041c\u0435\u0434\u0436\u043b\u0456\u0441","og_description":"Sent\u00e2br 19 k\u00fcn\u00fc Q\u0131r\u0131mda Ukraina T\u0131\u015f i\u015fleri naziri Leonid Kojara, Q\u0131r\u0131m Nazirler \u015euras\u0131 ve Meclis yolba\u015f\u00e7\u0131lar\u0131n\u0131\u00f1 Avropa Birligini\u00f1 Keni\u015flet\u00fcv ve Avropan\u0131\u00f1 eyiqom\u015ful\u0131q siyaseti meseleleri boyunca komissar\u0131 \u015etefan F\u00fcle ile k\u00f6r\u00fc\u015f\u00fcvi ol\u0131p ke\u00e7ti. 3 saat devam etken Q\u0131r\u0131mtatar halq\u0131 vaziyetini\u00f1 muzakeresi \u00e7er\u00e7ivesinde Meclis reisini\u00f1 muavini, Q\u0131r\u0131m Yuqar\u0131 \u015euras\u0131n\u0131\u00f1 deputat\u0131 Remzi \u0130lyasov k\u00f6r\u00fc\u015f\u00fcv i\u015ftirak\u00e7ilerini\u00f1, olarn\u0131\u00f1 s\u0131ras\u0131nda devlet [&hellip;]","og_url":"https:\/\/qtmm.org\/qt\/remzi-ilyasov-ukraina-tis-isleri-nazirine-qirimtatarlarni-yerlestirmege-maliyeviy-yardim-kosteruvde-halqara-teskilatlar-ve-diasporanin-rolu-arasindaki-farqni-anlatti\/","og_site_name":"\u041c\u0435\u0434\u0436\u043b\u0456\u0441","article_publisher":"https:\/\/www.facebook.com\/qtmm.info\/","article_published_time":"2013-09-20T15:05:00+00:00","article_modified_time":"2022-01-25T15:06:24+00:00","og_image":[{"width":670,"height":310,"url":"https:\/\/qtmm.org\/wp-content\/uploads\/2022\/01\/r.ilyasov.jpg","type":"image\/jpeg"}],"author":"Developer","twitter_card":"summary_large_image","twitter_misc":{"Written by":"Developer","Est. reading time":"1 minute"},"schema":{"@context":"https:\/\/schema.org","@graph":[{"@type":"Article","@id":"https:\/\/qtmm.org\/qt\/remzi-ilyasov-ukraina-tis-isleri-nazirine-qirimtatarlarni-yerlestirmege-maliyeviy-yardim-kosteruvde-halqara-teskilatlar-ve-diasporanin-rolu-arasindaki-farqni-anlatti\/#article","isPartOf":{"@id":"https:\/\/qtmm.org\/qt\/remzi-ilyasov-ukraina-tis-isleri-nazirine-qirimtatarlarni-yerlestirmege-maliyeviy-yardim-kosteruvde-halqara-teskilatlar-ve-diasporanin-rolu-arasindaki-farqni-anlatti\/"},"author":{"name":"Developer","@id":"https:\/\/qtmm.org\/qt\/#\/schema\/person\/de562469f971dec226ac06e60bbf74a7"},"headline":"Remzi \u0130lyasov Ukraina T\u0131\u015f i\u015fleri nazirine q\u0131r\u0131mtatarlarn\u0131 yerle\u015ftirmege maliyeviy yard\u0131m k\u00f6ster\u00fcvde halqara te\u015fkil\u00e2tlar ve diasporan\u0131\u00f1 rol\u00fc aras\u0131ndaki farqn\u0131 a\u00f1latt\u0131","datePublished":"2013-09-20T15:05:00+00:00","dateModified":"2022-01-25T15:06:24+00:00","mainEntityOfPage":{"@id":"https:\/\/qtmm.org\/qt\/remzi-ilyasov-ukraina-tis-isleri-nazirine-qirimtatarlarni-yerlestirmege-maliyeviy-yardim-kosteruvde-halqara-teskilatlar-ve-diasporanin-rolu-arasindaki-farqni-anlatti\/"},"wordCount":274,"commentCount":0,"publisher":{"@id":"https:\/\/qtmm.org\/qt\/#organization"},"image":{"@id":"https:\/\/qtmm.org\/qt\/remzi-ilyasov-ukraina-tis-isleri-nazirine-qirimtatarlarni-yerlestirmege-maliyeviy-yardim-kosteruvde-halqara-teskilatlar-ve-diasporanin-rolu-arasindaki-farqni-anlatti\/#primaryimage"},"thumbnailUrl":"http:\/\/qtmm.org\/wp-content\/uploads\/2022\/01\/r.ilyasov.jpg","articleSection":["Haberler"],"inLanguage":"qt","potentialAction":[{"@type":"CommentAction","name":"Comment","target":["https:\/\/qtmm.org\/qt\/remzi-ilyasov-ukraina-tis-isleri-nazirine-qirimtatarlarni-yerlestirmege-maliyeviy-yardim-kosteruvde-halqara-teskilatlar-ve-diasporanin-rolu-arasindaki-farqni-anlatti\/#respond"]}]},{"@type":"WebPage","@id":"https:\/\/qtmm.org\/qt\/remzi-ilyasov-ukraina-tis-isleri-nazirine-qirimtatarlarni-yerlestirmege-maliyeviy-yardim-kosteruvde-halqara-teskilatlar-ve-diasporanin-rolu-arasindaki-farqni-anlatti\/","url":"https:\/\/qtmm.org\/qt\/remzi-ilyasov-ukraina-tis-isleri-nazirine-qirimtatarlarni-yerlestirmege-maliyeviy-yardim-kosteruvde-halqara-teskilatlar-ve-diasporanin-rolu-arasindaki-farqni-anlatti\/","name":"Remzi \u0130lyasov Ukraina T\u0131\u015f i\u015fleri nazirine q\u0131r\u0131mtatarlarn\u0131 yerle\u015ftirmege maliyeviy yard\u0131m k\u00f6ster\u00fcvde halqara te\u015fkil\u00e2tlar ve diasporan\u0131\u00f1 rol\u00fc aras\u0131ndaki farqn\u0131 a\u00f1latt\u0131 - \u041c\u0435\u0434\u0436\u043b\u0456\u0441","isPartOf":{"@id":"https:\/\/qtmm.org\/qt\/#website"},"primaryImageOfPage":{"@id":"https:\/\/qtmm.org\/qt\/remzi-ilyasov-ukraina-tis-isleri-nazirine-qirimtatarlarni-yerlestirmege-maliyeviy-yardim-kosteruvde-halqara-teskilatlar-ve-diasporanin-rolu-arasindaki-farqni-anlatti\/#primaryimage"},"image":{"@id":"https:\/\/qtmm.org\/qt\/remzi-ilyasov-ukraina-tis-isleri-nazirine-qirimtatarlarni-yerlestirmege-maliyeviy-yardim-kosteruvde-halqara-teskilatlar-ve-diasporanin-rolu-arasindaki-farqni-anlatti\/#primaryimage"},"thumbnailUrl":"http:\/\/qtmm.org\/wp-content\/uploads\/2022\/01\/r.ilyasov.jpg","datePublished":"2013-09-20T15:05:00+00:00","dateModified":"2022-01-25T15:06:24+00:00","breadcrumb":{"@id":"https:\/\/qtmm.org\/qt\/remzi-ilyasov-ukraina-tis-isleri-nazirine-qirimtatarlarni-yerlestirmege-maliyeviy-yardim-kosteruvde-halqara-teskilatlar-ve-diasporanin-rolu-arasindaki-farqni-anlatti\/#breadcrumb"},"inLanguage":"qt","potentialAction":[{"@type":"ReadAction","target":["https:\/\/qtmm.org\/qt\/remzi-ilyasov-ukraina-tis-isleri-nazirine-qirimtatarlarni-yerlestirmege-maliyeviy-yardim-kosteruvde-halqara-teskilatlar-ve-diasporanin-rolu-arasindaki-farqni-anlatti\/"]}]},{"@type":"ImageObject","inLanguage":"qt","@id":"https:\/\/qtmm.org\/qt\/remzi-ilyasov-ukraina-tis-isleri-nazirine-qirimtatarlarni-yerlestirmege-maliyeviy-yardim-kosteruvde-halqara-teskilatlar-ve-diasporanin-rolu-arasindaki-farqni-anlatti\/#primaryimage","url":"http:\/\/qtmm.org\/wp-content\/uploads\/2022\/01\/r.ilyasov.jpg","contentUrl":"http:\/\/qtmm.org\/wp-content\/uploads\/2022\/01\/r.ilyasov.jpg"},{"@type":"BreadcrumbList","@id":"https:\/\/qtmm.org\/qt\/remzi-ilyasov-ukraina-tis-isleri-nazirine-qirimtatarlarni-yerlestirmege-maliyeviy-yardim-kosteruvde-halqara-teskilatlar-ve-diasporanin-rolu-arasindaki-farqni-anlatti\/#breadcrumb","itemListElement":[{"@type":"ListItem","position":1,"name":"\u0413\u043e\u043b\u043e\u0432\u043d\u0430","item":"https:\/\/qtmm.org\/qt\/"},{"@type":"ListItem","position":2,"name":"Remzi \u0130lyasov Ukraina T\u0131\u015f i\u015fleri nazirine q\u0131r\u0131mtatarlarn\u0131 yerle\u015ftirmege maliyeviy yard\u0131m k\u00f6ster\u00fcvde halqara te\u015fkil\u00e2tlar ve diasporan\u0131\u00f1 rol\u00fc aras\u0131ndaki farqn\u0131 a\u00f1latt\u0131"}]},{"@type":"WebSite","@id":"https:\/\/qtmm.org\/qt\/#website","url":"https:\/\/qtmm.org\/qt\/","name":"\u041c\u0435\u0434\u0436\u043b\u0456\u0441","description":"","publisher":{"@id":"https:\/\/qtmm.org\/qt\/#organization"},"potentialAction":[{"@type":"SearchAction","target":{"@type":"EntryPoint","urlTemplate":"https:\/\/qtmm.org\/qt\/?s={search_term_string}"},"query-input":{"@type":"PropertyValueSpecification","valueRequired":true,"valueName":"search_term_string"}}],"inLanguage":"qt"},{"@type":"Organization","@id":"https:\/\/qtmm.org\/qt\/#organization","name":"\u041c\u0435\u0434\u0436\u043b\u0456\u0441","url":"https:\/\/qtmm.org\/qt\/","logo":{"@type":"ImageObject","inLanguage":"qt","@id":"https:\/\/qtmm.org\/qt\/#\/schema\/logo\/image\/","url":"https:\/\/qtmm.org\/wp-content\/uploads\/2024\/12\/ua-mejlis-logo-rgb.svg","contentUrl":"https:\/\/qtmm.org\/wp-content\/uploads\/2024\/12\/ua-mejlis-logo-rgb.svg","caption":"\u041c\u0435\u0434\u0436\u043b\u0456\u0441"},"image":{"@id":"https:\/\/qtmm.org\/qt\/#\/schema\/logo\/image\/"},"sameAs":["https:\/\/www.facebook.com\/qtmm.info\/"]},{"@type":"Person","@id":"https:\/\/qtmm.org\/qt\/#\/schema\/person\/de562469f971dec226ac06e60bbf74a7","name":"Developer","image":{"@type":"ImageObject","inLanguage":"qt","@id":"https:\/\/secure.gravatar.com\/avatar\/392b4cc8fbfeb00b39dfeeab4ee6edded39ffd48e25858637e4765810300227e?s=96&d=mm&r=g","url":"https:\/\/secure.gravatar.com\/avatar\/392b4cc8fbfeb00b39dfeeab4ee6edded39ffd48e25858637e4765810300227e?s=96&d=mm&r=g","contentUrl":"https:\/\/secure.gravatar.com\/avatar\/392b4cc8fbfeb00b39dfeeab4ee6edded39ffd48e25858637e4765810300227e?s=96&d=mm&r=g","caption":"Developer"},"url":"https:\/\/qtmm.org\/qt\/author\/Developer\/"}]}},"_links":{"self":[{"href":"https:\/\/qtmm.org\/qt\/wp-json\/wp\/v2\/posts\/39447","targetHints":{"allow":["GET"]}}],"collection":[{"href":"https:\/\/qtmm.org\/qt\/wp-json\/wp\/v2\/posts"}],"about":[{"href":"https:\/\/qtmm.org\/qt\/wp-json\/wp\/v2\/types\/post"}],"author":[{"embeddable":true,"href":"https:\/\/qtmm.org\/qt\/wp-json\/wp\/v2\/users\/1"}],"replies":[{"embeddable":true,"href":"https:\/\/qtmm.org\/qt\/wp-json\/wp\/v2\/comments?post=39447"}],"version-history":[{"count":1,"href":"https:\/\/qtmm.org\/qt\/wp-json\/wp\/v2\/posts\/39447\/revisions"}],"predecessor-version":[{"id":39452,"href":"https:\/\/qtmm.org\/qt\/wp-json\/wp\/v2\/posts\/39447\/revisions\/39452"}],"wp:attachment":[{"href":"https:\/\/qtmm.org\/qt\/wp-json\/wp\/v2\/media?parent=39447"}],"wp:term":[{"taxonomy":"category","embeddable":true,"href":"https:\/\/qtmm.org\/qt\/wp-json\/wp\/v2\/categories?post=39447"},{"taxonomy":"post_tag","embeddable":true,"href":"https:\/\/qtmm.org\/qt\/wp-json\/wp\/v2\/tags?post=39447"}],"curies":[{"name":"wp","href":"https:\/\/api.w.org\/{rel}","templated":true}]}}