




{"id":39441,"date":"2013-09-19T18:04:00","date_gmt":"2013-09-19T15:04:00","guid":{"rendered":"http:\/\/qtmm.org\/?p=39441"},"modified":"2022-01-25T18:05:25","modified_gmt":"2022-01-25T15:05:25","slug":"meclis-reisi-qirimtatarlarnin-problemleri-boyunca-halqara-forum-2014-senesinin-baarinde-kecirilmek-kerekliginde-emin","status":"publish","type":"post","link":"https:\/\/qtmm.org\/qt\/meclis-reisi-qirimtatarlarnin-problemleri-boyunca-halqara-forum-2014-senesinin-baarinde-kecirilmek-kerekliginde-emin\/","title":{"rendered":"Meclis reisi Q\u0131r\u0131mtatarlarn\u0131\u00f1 problemleri boyunca halqara forum 2014 senesini\u00f1 baarinde ke\u00e7irilmek kerekliginde emin"},"content":{"rendered":"\n<p>Sent\u00e2br 19 k\u00fcn\u00fc Q\u0131r\u0131mda Ukraina T\u0131\u015f i\u015fleri naziri Leonid Kojara, Q\u0131r\u0131m Nazirler \u015euras\u0131 ve Meclis yolba\u015f\u00e7\u0131lar\u0131n\u0131\u00f1 Avropa Birligini\u00f1 Keni\u015flet\u00fcv ve Avropan\u0131\u00f1 eyiqom\u015ful\u0131q siyaseti meseleleri boyunca komissar\u0131 \u015etefan F\u00fcle ile ol\u0131p ke\u00e7ken k\u00f6r\u00fc\u015f\u00fcvde Meclis reisi, Ukraina halq deputat\u0131 Mustafa Cemilev t\u00f6gerek masa i\u015ftirak\u00e7ilerine bir qa\u00e7 aydan so\u00f1 yani 2014 senesi may\u0131s 18 k\u00fcn\u00fc q\u0131r\u0131mtatarlarn\u0131\u00f1 tarihiy Vatanlar\u0131ndan s\u00fcrg\u00fcn etilgenine tamam 70 y\u0131l tolaca\u011f\u0131n\u0131 hat\u0131rlatt\u0131.<\/p>\n\n\n\n<figure class=\"wp-block-image size-full\"><img loading=\"lazy\" decoding=\"async\" width=\"650\" height=\"546\" src=\"http:\/\/qtmm.org\/wp-content\/uploads\/2022\/01\/img_0098_1.jpeg\" alt=\"\" class=\"wp-image-39442\" srcset=\"https:\/\/qtmm.org\/wp-content\/uploads\/2022\/01\/img_0098_1.jpeg 650w, https:\/\/qtmm.org\/wp-content\/uploads\/2022\/01\/img_0098_1-300x252.jpeg 300w\" sizes=\"auto, (max-width: 650px) 100vw, 650px\" \/><\/figure>\n\n\n\n<p>&#8220;B\u00fct\u00fcn bu y\u0131llar ya\u015famaq, ayaqta qalmaq, Vatan\u011fa qaytmaq ve aqlar\u0131m\u0131z i\u00e7\u00fcn k\u00fcre\u015fte ke\u00e7ti, &#8211; dep qayd etti Meclis ba\u015fqan\u0131. &#8211; Q\u0131r\u0131mtatarlar i\u00e7\u00fcn ayr\u0131ca emiyetke nail ol\u011fan bu k\u00fcnde Aqmescitni\u00f1 merkeziy meydan\u0131 bi\u00f1lernen insanlarnen tolur. Ve biz b\u00f6yle k\u00fcnde toplan\u011fan insanlar\u011fa olarn\u0131\u00f1 milliy meselelerini\u00f1 \u00e7ezimine dair \u00fcm\u00fct berici bir haber s\u00f6ylemek isterdik&#8221;.<\/p>\n\n\n\n<p>Mustafa Cemilevni\u00f1 fikrince b\u00f6yle \u00fcm\u00fct berici haber Avropa Birligi ve OSCE imayesinde Halqara forum ke\u00e7irilmesi aqq\u0131nda qarar olabilir edi. &#8220;Biz bu forumn\u0131 s\u00fcrg\u00fcnlikni\u00f1 70 y\u0131ll\u0131\u011f\u0131 arfesinde yani kelecek y\u0131ln\u0131\u00f1 mart-aprel aylar\u0131nda ke\u00e7irmekni teklif etemiz, &#8211; dedi Meclis ba\u015fqan\u0131 Mustafa Cemilev<\/p>\n","protected":false},"excerpt":{"rendered":"<p>Sent\u00e2br 19 k\u00fcn\u00fc Q\u0131r\u0131mda Ukraina T\u0131\u015f i\u015fleri naziri Leonid Kojara, Q\u0131r\u0131m Nazirler \u015euras\u0131 ve Meclis yolba\u015f\u00e7\u0131lar\u0131n\u0131\u00f1 Avropa Birligini\u00f1 Keni\u015flet\u00fcv ve Avropan\u0131\u00f1 eyiqom\u015ful\u0131q siyaseti meseleleri boyunca komissar\u0131 \u015etefan F\u00fcle ile ol\u0131p ke\u00e7ken k\u00f6r\u00fc\u015f\u00fcvde Meclis reisi, Ukraina halq deputat\u0131 Mustafa Cemilev t\u00f6gerek masa i\u015ftirak\u00e7ilerine bir qa\u00e7 aydan so\u00f1 yani 2014 senesi may\u0131s 18 k\u00fcn\u00fc q\u0131r\u0131mtatarlarn\u0131\u00f1 tarihiy Vatanlar\u0131ndan [&hellip;]<\/p>\n","protected":false},"author":1,"featured_media":0,"comment_status":"open","ping_status":"open","sticky":false,"template":"","format":"standard","meta":{"inline_featured_image":false,"footnotes":""},"categories":[265],"tags":[],"class_list":["post-39441","post","type-post","status-publish","format-standard","hentry","category-haberler"],"acf":[],"yoast_head":"<!-- This site is optimized with the Yoast SEO plugin v27.4 - https:\/\/yoast.com\/product\/yoast-seo-wordpress\/ -->\n<title>Meclis reisi Q\u0131r\u0131mtatarlarn\u0131\u00f1 problemleri boyunca halqara forum 2014 senesini\u00f1 baarinde ke\u00e7irilmek kerekliginde emin - \u041c\u0435\u0434\u0436\u043b\u0456\u0441<\/title>\n<meta name=\"robots\" content=\"index, follow, max-snippet:-1, max-image-preview:large, max-video-preview:-1\" \/>\n<link rel=\"canonical\" href=\"https:\/\/qtmm.org\/qt\/meclis-reisi-qirimtatarlarnin-problemleri-boyunca-halqara-forum-2014-senesinin-baarinde-kecirilmek-kerekliginde-emin\/\" \/>\n<meta property=\"og:locale\" content=\"en_US\" \/>\n<meta property=\"og:type\" content=\"article\" \/>\n<meta property=\"og:title\" content=\"Meclis reisi Q\u0131r\u0131mtatarlarn\u0131\u00f1 problemleri boyunca halqara forum 2014 senesini\u00f1 baarinde ke\u00e7irilmek kerekliginde emin - \u041c\u0435\u0434\u0436\u043b\u0456\u0441\" \/>\n<meta property=\"og:description\" content=\"Sent\u00e2br 19 k\u00fcn\u00fc Q\u0131r\u0131mda Ukraina T\u0131\u015f i\u015fleri naziri Leonid Kojara, Q\u0131r\u0131m Nazirler \u015euras\u0131 ve Meclis yolba\u015f\u00e7\u0131lar\u0131n\u0131\u00f1 Avropa Birligini\u00f1 Keni\u015flet\u00fcv ve Avropan\u0131\u00f1 eyiqom\u015ful\u0131q siyaseti meseleleri boyunca komissar\u0131 \u015etefan F\u00fcle ile ol\u0131p ke\u00e7ken k\u00f6r\u00fc\u015f\u00fcvde Meclis reisi, Ukraina halq deputat\u0131 Mustafa Cemilev t\u00f6gerek masa i\u015ftirak\u00e7ilerine bir qa\u00e7 aydan so\u00f1 yani 2014 senesi may\u0131s 18 k\u00fcn\u00fc q\u0131r\u0131mtatarlarn\u0131\u00f1 tarihiy Vatanlar\u0131ndan [&hellip;]\" \/>\n<meta property=\"og:url\" content=\"https:\/\/qtmm.org\/qt\/meclis-reisi-qirimtatarlarnin-problemleri-boyunca-halqara-forum-2014-senesinin-baarinde-kecirilmek-kerekliginde-emin\/\" \/>\n<meta property=\"og:site_name\" content=\"\u041c\u0435\u0434\u0436\u043b\u0456\u0441\" \/>\n<meta property=\"article:publisher\" content=\"https:\/\/www.facebook.com\/qtmm.info\/\" \/>\n<meta property=\"article:published_time\" content=\"2013-09-19T15:04:00+00:00\" \/>\n<meta property=\"article:modified_time\" content=\"2022-01-25T15:05:25+00:00\" \/>\n<meta property=\"og:image\" content=\"https:\/\/qtmm.org\/wp-content\/uploads\/2022\/01\/img_0098_1.jpeg\" \/>\n\t<meta property=\"og:image:width\" content=\"650\" \/>\n\t<meta property=\"og:image:height\" content=\"546\" \/>\n\t<meta property=\"og:image:type\" content=\"image\/jpeg\" \/>\n<meta name=\"author\" content=\"Developer\" \/>\n<meta name=\"twitter:card\" content=\"summary_large_image\" \/>\n<meta name=\"twitter:label1\" content=\"Written by\" \/>\n\t<meta name=\"twitter:data1\" content=\"Developer\" \/>\n\t<meta name=\"twitter:label2\" content=\"Est. reading time\" \/>\n\t<meta name=\"twitter:data2\" content=\"1 minute\" \/>\n<script type=\"application\/ld+json\" class=\"yoast-schema-graph\">{\"@context\":\"https:\\\/\\\/schema.org\",\"@graph\":[{\"@type\":\"Article\",\"@id\":\"https:\\\/\\\/qtmm.org\\\/qt\\\/meclis-reisi-qirimtatarlarnin-problemleri-boyunca-halqara-forum-2014-senesinin-baarinde-kecirilmek-kerekliginde-emin\\\/#article\",\"isPartOf\":{\"@id\":\"https:\\\/\\\/qtmm.org\\\/qt\\\/meclis-reisi-qirimtatarlarnin-problemleri-boyunca-halqara-forum-2014-senesinin-baarinde-kecirilmek-kerekliginde-emin\\\/\"},\"author\":{\"name\":\"Developer\",\"@id\":\"https:\\\/\\\/qtmm.org\\\/qt\\\/#\\\/schema\\\/person\\\/de562469f971dec226ac06e60bbf74a7\"},\"headline\":\"Meclis reisi Q\u0131r\u0131mtatarlarn\u0131\u00f1 problemleri boyunca halqara forum 2014 senesini\u00f1 baarinde ke\u00e7irilmek kerekliginde emin\",\"datePublished\":\"2013-09-19T15:04:00+00:00\",\"dateModified\":\"2022-01-25T15:05:25+00:00\",\"mainEntityOfPage\":{\"@id\":\"https:\\\/\\\/qtmm.org\\\/qt\\\/meclis-reisi-qirimtatarlarnin-problemleri-boyunca-halqara-forum-2014-senesinin-baarinde-kecirilmek-kerekliginde-emin\\\/\"},\"wordCount\":230,\"commentCount\":0,\"publisher\":{\"@id\":\"https:\\\/\\\/qtmm.org\\\/qt\\\/#organization\"},\"image\":{\"@id\":\"https:\\\/\\\/qtmm.org\\\/qt\\\/meclis-reisi-qirimtatarlarnin-problemleri-boyunca-halqara-forum-2014-senesinin-baarinde-kecirilmek-kerekliginde-emin\\\/#primaryimage\"},\"thumbnailUrl\":\"http:\\\/\\\/qtmm.org\\\/wp-content\\\/uploads\\\/2022\\\/01\\\/img_0098_1.jpeg\",\"articleSection\":[\"Haberler\"],\"inLanguage\":\"qt\",\"potentialAction\":[{\"@type\":\"CommentAction\",\"name\":\"Comment\",\"target\":[\"https:\\\/\\\/qtmm.org\\\/qt\\\/meclis-reisi-qirimtatarlarnin-problemleri-boyunca-halqara-forum-2014-senesinin-baarinde-kecirilmek-kerekliginde-emin\\\/#respond\"]}]},{\"@type\":\"WebPage\",\"@id\":\"https:\\\/\\\/qtmm.org\\\/qt\\\/meclis-reisi-qirimtatarlarnin-problemleri-boyunca-halqara-forum-2014-senesinin-baarinde-kecirilmek-kerekliginde-emin\\\/\",\"url\":\"https:\\\/\\\/qtmm.org\\\/qt\\\/meclis-reisi-qirimtatarlarnin-problemleri-boyunca-halqara-forum-2014-senesinin-baarinde-kecirilmek-kerekliginde-emin\\\/\",\"name\":\"Meclis reisi Q\u0131r\u0131mtatarlarn\u0131\u00f1 problemleri boyunca halqara forum 2014 senesini\u00f1 baarinde ke\u00e7irilmek kerekliginde emin - \u041c\u0435\u0434\u0436\u043b\u0456\u0441\",\"isPartOf\":{\"@id\":\"https:\\\/\\\/qtmm.org\\\/qt\\\/#website\"},\"primaryImageOfPage\":{\"@id\":\"https:\\\/\\\/qtmm.org\\\/qt\\\/meclis-reisi-qirimtatarlarnin-problemleri-boyunca-halqara-forum-2014-senesinin-baarinde-kecirilmek-kerekliginde-emin\\\/#primaryimage\"},\"image\":{\"@id\":\"https:\\\/\\\/qtmm.org\\\/qt\\\/meclis-reisi-qirimtatarlarnin-problemleri-boyunca-halqara-forum-2014-senesinin-baarinde-kecirilmek-kerekliginde-emin\\\/#primaryimage\"},\"thumbnailUrl\":\"http:\\\/\\\/qtmm.org\\\/wp-content\\\/uploads\\\/2022\\\/01\\\/img_0098_1.jpeg\",\"datePublished\":\"2013-09-19T15:04:00+00:00\",\"dateModified\":\"2022-01-25T15:05:25+00:00\",\"breadcrumb\":{\"@id\":\"https:\\\/\\\/qtmm.org\\\/qt\\\/meclis-reisi-qirimtatarlarnin-problemleri-boyunca-halqara-forum-2014-senesinin-baarinde-kecirilmek-kerekliginde-emin\\\/#breadcrumb\"},\"inLanguage\":\"qt\",\"potentialAction\":[{\"@type\":\"ReadAction\",\"target\":[\"https:\\\/\\\/qtmm.org\\\/qt\\\/meclis-reisi-qirimtatarlarnin-problemleri-boyunca-halqara-forum-2014-senesinin-baarinde-kecirilmek-kerekliginde-emin\\\/\"]}]},{\"@type\":\"ImageObject\",\"inLanguage\":\"qt\",\"@id\":\"https:\\\/\\\/qtmm.org\\\/qt\\\/meclis-reisi-qirimtatarlarnin-problemleri-boyunca-halqara-forum-2014-senesinin-baarinde-kecirilmek-kerekliginde-emin\\\/#primaryimage\",\"url\":\"http:\\\/\\\/qtmm.org\\\/wp-content\\\/uploads\\\/2022\\\/01\\\/img_0098_1.jpeg\",\"contentUrl\":\"http:\\\/\\\/qtmm.org\\\/wp-content\\\/uploads\\\/2022\\\/01\\\/img_0098_1.jpeg\"},{\"@type\":\"BreadcrumbList\",\"@id\":\"https:\\\/\\\/qtmm.org\\\/qt\\\/meclis-reisi-qirimtatarlarnin-problemleri-boyunca-halqara-forum-2014-senesinin-baarinde-kecirilmek-kerekliginde-emin\\\/#breadcrumb\",\"itemListElement\":[{\"@type\":\"ListItem\",\"position\":1,\"name\":\"\u0413\u043e\u043b\u043e\u0432\u043d\u0430\",\"item\":\"https:\\\/\\\/qtmm.org\\\/qt\\\/\"},{\"@type\":\"ListItem\",\"position\":2,\"name\":\"Meclis reisi Q\u0131r\u0131mtatarlarn\u0131\u00f1 problemleri boyunca halqara forum 2014 senesini\u00f1 baarinde ke\u00e7irilmek kerekliginde emin\"}]},{\"@type\":\"WebSite\",\"@id\":\"https:\\\/\\\/qtmm.org\\\/qt\\\/#website\",\"url\":\"https:\\\/\\\/qtmm.org\\\/qt\\\/\",\"name\":\"\u041c\u0435\u0434\u0436\u043b\u0456\u0441\",\"description\":\"\",\"publisher\":{\"@id\":\"https:\\\/\\\/qtmm.org\\\/qt\\\/#organization\"},\"potentialAction\":[{\"@type\":\"SearchAction\",\"target\":{\"@type\":\"EntryPoint\",\"urlTemplate\":\"https:\\\/\\\/qtmm.org\\\/qt\\\/?s={search_term_string}\"},\"query-input\":{\"@type\":\"PropertyValueSpecification\",\"valueRequired\":true,\"valueName\":\"search_term_string\"}}],\"inLanguage\":\"qt\"},{\"@type\":\"Organization\",\"@id\":\"https:\\\/\\\/qtmm.org\\\/qt\\\/#organization\",\"name\":\"\u041c\u0435\u0434\u0436\u043b\u0456\u0441\",\"url\":\"https:\\\/\\\/qtmm.org\\\/qt\\\/\",\"logo\":{\"@type\":\"ImageObject\",\"inLanguage\":\"qt\",\"@id\":\"https:\\\/\\\/qtmm.org\\\/qt\\\/#\\\/schema\\\/logo\\\/image\\\/\",\"url\":\"https:\\\/\\\/qtmm.org\\\/wp-content\\\/uploads\\\/2024\\\/12\\\/ua-mejlis-logo-rgb.svg\",\"contentUrl\":\"https:\\\/\\\/qtmm.org\\\/wp-content\\\/uploads\\\/2024\\\/12\\\/ua-mejlis-logo-rgb.svg\",\"caption\":\"\u041c\u0435\u0434\u0436\u043b\u0456\u0441\"},\"image\":{\"@id\":\"https:\\\/\\\/qtmm.org\\\/qt\\\/#\\\/schema\\\/logo\\\/image\\\/\"},\"sameAs\":[\"https:\\\/\\\/www.facebook.com\\\/qtmm.info\\\/\"]},{\"@type\":\"Person\",\"@id\":\"https:\\\/\\\/qtmm.org\\\/qt\\\/#\\\/schema\\\/person\\\/de562469f971dec226ac06e60bbf74a7\",\"name\":\"Developer\",\"image\":{\"@type\":\"ImageObject\",\"inLanguage\":\"qt\",\"@id\":\"https:\\\/\\\/secure.gravatar.com\\\/avatar\\\/392b4cc8fbfeb00b39dfeeab4ee6edded39ffd48e25858637e4765810300227e?s=96&d=mm&r=g\",\"url\":\"https:\\\/\\\/secure.gravatar.com\\\/avatar\\\/392b4cc8fbfeb00b39dfeeab4ee6edded39ffd48e25858637e4765810300227e?s=96&d=mm&r=g\",\"contentUrl\":\"https:\\\/\\\/secure.gravatar.com\\\/avatar\\\/392b4cc8fbfeb00b39dfeeab4ee6edded39ffd48e25858637e4765810300227e?s=96&d=mm&r=g\",\"caption\":\"Developer\"},\"url\":\"https:\\\/\\\/qtmm.org\\\/qt\\\/author\\\/Developer\\\/\"}]}<\/script>\n<!-- \/ Yoast SEO plugin. -->","yoast_head_json":{"title":"Meclis reisi Q\u0131r\u0131mtatarlarn\u0131\u00f1 problemleri boyunca halqara forum 2014 senesini\u00f1 baarinde ke\u00e7irilmek kerekliginde emin - \u041c\u0435\u0434\u0436\u043b\u0456\u0441","robots":{"index":"index","follow":"follow","max-snippet":"max-snippet:-1","max-image-preview":"max-image-preview:large","max-video-preview":"max-video-preview:-1"},"canonical":"https:\/\/qtmm.org\/qt\/meclis-reisi-qirimtatarlarnin-problemleri-boyunca-halqara-forum-2014-senesinin-baarinde-kecirilmek-kerekliginde-emin\/","og_locale":"en_US","og_type":"article","og_title":"Meclis reisi Q\u0131r\u0131mtatarlarn\u0131\u00f1 problemleri boyunca halqara forum 2014 senesini\u00f1 baarinde ke\u00e7irilmek kerekliginde emin - \u041c\u0435\u0434\u0436\u043b\u0456\u0441","og_description":"Sent\u00e2br 19 k\u00fcn\u00fc Q\u0131r\u0131mda Ukraina T\u0131\u015f i\u015fleri naziri Leonid Kojara, Q\u0131r\u0131m Nazirler \u015euras\u0131 ve Meclis yolba\u015f\u00e7\u0131lar\u0131n\u0131\u00f1 Avropa Birligini\u00f1 Keni\u015flet\u00fcv ve Avropan\u0131\u00f1 eyiqom\u015ful\u0131q siyaseti meseleleri boyunca komissar\u0131 \u015etefan F\u00fcle ile ol\u0131p ke\u00e7ken k\u00f6r\u00fc\u015f\u00fcvde Meclis reisi, Ukraina halq deputat\u0131 Mustafa Cemilev t\u00f6gerek masa i\u015ftirak\u00e7ilerine bir qa\u00e7 aydan so\u00f1 yani 2014 senesi may\u0131s 18 k\u00fcn\u00fc q\u0131r\u0131mtatarlarn\u0131\u00f1 tarihiy Vatanlar\u0131ndan [&hellip;]","og_url":"https:\/\/qtmm.org\/qt\/meclis-reisi-qirimtatarlarnin-problemleri-boyunca-halqara-forum-2014-senesinin-baarinde-kecirilmek-kerekliginde-emin\/","og_site_name":"\u041c\u0435\u0434\u0436\u043b\u0456\u0441","article_publisher":"https:\/\/www.facebook.com\/qtmm.info\/","article_published_time":"2013-09-19T15:04:00+00:00","article_modified_time":"2022-01-25T15:05:25+00:00","og_image":[{"width":650,"height":546,"url":"https:\/\/qtmm.org\/wp-content\/uploads\/2022\/01\/img_0098_1.jpeg","type":"image\/jpeg"}],"author":"Developer","twitter_card":"summary_large_image","twitter_misc":{"Written by":"Developer","Est. reading time":"1 minute"},"schema":{"@context":"https:\/\/schema.org","@graph":[{"@type":"Article","@id":"https:\/\/qtmm.org\/qt\/meclis-reisi-qirimtatarlarnin-problemleri-boyunca-halqara-forum-2014-senesinin-baarinde-kecirilmek-kerekliginde-emin\/#article","isPartOf":{"@id":"https:\/\/qtmm.org\/qt\/meclis-reisi-qirimtatarlarnin-problemleri-boyunca-halqara-forum-2014-senesinin-baarinde-kecirilmek-kerekliginde-emin\/"},"author":{"name":"Developer","@id":"https:\/\/qtmm.org\/qt\/#\/schema\/person\/de562469f971dec226ac06e60bbf74a7"},"headline":"Meclis reisi Q\u0131r\u0131mtatarlarn\u0131\u00f1 problemleri boyunca halqara forum 2014 senesini\u00f1 baarinde ke\u00e7irilmek kerekliginde emin","datePublished":"2013-09-19T15:04:00+00:00","dateModified":"2022-01-25T15:05:25+00:00","mainEntityOfPage":{"@id":"https:\/\/qtmm.org\/qt\/meclis-reisi-qirimtatarlarnin-problemleri-boyunca-halqara-forum-2014-senesinin-baarinde-kecirilmek-kerekliginde-emin\/"},"wordCount":230,"commentCount":0,"publisher":{"@id":"https:\/\/qtmm.org\/qt\/#organization"},"image":{"@id":"https:\/\/qtmm.org\/qt\/meclis-reisi-qirimtatarlarnin-problemleri-boyunca-halqara-forum-2014-senesinin-baarinde-kecirilmek-kerekliginde-emin\/#primaryimage"},"thumbnailUrl":"http:\/\/qtmm.org\/wp-content\/uploads\/2022\/01\/img_0098_1.jpeg","articleSection":["Haberler"],"inLanguage":"qt","potentialAction":[{"@type":"CommentAction","name":"Comment","target":["https:\/\/qtmm.org\/qt\/meclis-reisi-qirimtatarlarnin-problemleri-boyunca-halqara-forum-2014-senesinin-baarinde-kecirilmek-kerekliginde-emin\/#respond"]}]},{"@type":"WebPage","@id":"https:\/\/qtmm.org\/qt\/meclis-reisi-qirimtatarlarnin-problemleri-boyunca-halqara-forum-2014-senesinin-baarinde-kecirilmek-kerekliginde-emin\/","url":"https:\/\/qtmm.org\/qt\/meclis-reisi-qirimtatarlarnin-problemleri-boyunca-halqara-forum-2014-senesinin-baarinde-kecirilmek-kerekliginde-emin\/","name":"Meclis reisi Q\u0131r\u0131mtatarlarn\u0131\u00f1 problemleri boyunca halqara forum 2014 senesini\u00f1 baarinde ke\u00e7irilmek kerekliginde emin - \u041c\u0435\u0434\u0436\u043b\u0456\u0441","isPartOf":{"@id":"https:\/\/qtmm.org\/qt\/#website"},"primaryImageOfPage":{"@id":"https:\/\/qtmm.org\/qt\/meclis-reisi-qirimtatarlarnin-problemleri-boyunca-halqara-forum-2014-senesinin-baarinde-kecirilmek-kerekliginde-emin\/#primaryimage"},"image":{"@id":"https:\/\/qtmm.org\/qt\/meclis-reisi-qirimtatarlarnin-problemleri-boyunca-halqara-forum-2014-senesinin-baarinde-kecirilmek-kerekliginde-emin\/#primaryimage"},"thumbnailUrl":"http:\/\/qtmm.org\/wp-content\/uploads\/2022\/01\/img_0098_1.jpeg","datePublished":"2013-09-19T15:04:00+00:00","dateModified":"2022-01-25T15:05:25+00:00","breadcrumb":{"@id":"https:\/\/qtmm.org\/qt\/meclis-reisi-qirimtatarlarnin-problemleri-boyunca-halqara-forum-2014-senesinin-baarinde-kecirilmek-kerekliginde-emin\/#breadcrumb"},"inLanguage":"qt","potentialAction":[{"@type":"ReadAction","target":["https:\/\/qtmm.org\/qt\/meclis-reisi-qirimtatarlarnin-problemleri-boyunca-halqara-forum-2014-senesinin-baarinde-kecirilmek-kerekliginde-emin\/"]}]},{"@type":"ImageObject","inLanguage":"qt","@id":"https:\/\/qtmm.org\/qt\/meclis-reisi-qirimtatarlarnin-problemleri-boyunca-halqara-forum-2014-senesinin-baarinde-kecirilmek-kerekliginde-emin\/#primaryimage","url":"http:\/\/qtmm.org\/wp-content\/uploads\/2022\/01\/img_0098_1.jpeg","contentUrl":"http:\/\/qtmm.org\/wp-content\/uploads\/2022\/01\/img_0098_1.jpeg"},{"@type":"BreadcrumbList","@id":"https:\/\/qtmm.org\/qt\/meclis-reisi-qirimtatarlarnin-problemleri-boyunca-halqara-forum-2014-senesinin-baarinde-kecirilmek-kerekliginde-emin\/#breadcrumb","itemListElement":[{"@type":"ListItem","position":1,"name":"\u0413\u043e\u043b\u043e\u0432\u043d\u0430","item":"https:\/\/qtmm.org\/qt\/"},{"@type":"ListItem","position":2,"name":"Meclis reisi Q\u0131r\u0131mtatarlarn\u0131\u00f1 problemleri boyunca halqara forum 2014 senesini\u00f1 baarinde ke\u00e7irilmek kerekliginde emin"}]},{"@type":"WebSite","@id":"https:\/\/qtmm.org\/qt\/#website","url":"https:\/\/qtmm.org\/qt\/","name":"\u041c\u0435\u0434\u0436\u043b\u0456\u0441","description":"","publisher":{"@id":"https:\/\/qtmm.org\/qt\/#organization"},"potentialAction":[{"@type":"SearchAction","target":{"@type":"EntryPoint","urlTemplate":"https:\/\/qtmm.org\/qt\/?s={search_term_string}"},"query-input":{"@type":"PropertyValueSpecification","valueRequired":true,"valueName":"search_term_string"}}],"inLanguage":"qt"},{"@type":"Organization","@id":"https:\/\/qtmm.org\/qt\/#organization","name":"\u041c\u0435\u0434\u0436\u043b\u0456\u0441","url":"https:\/\/qtmm.org\/qt\/","logo":{"@type":"ImageObject","inLanguage":"qt","@id":"https:\/\/qtmm.org\/qt\/#\/schema\/logo\/image\/","url":"https:\/\/qtmm.org\/wp-content\/uploads\/2024\/12\/ua-mejlis-logo-rgb.svg","contentUrl":"https:\/\/qtmm.org\/wp-content\/uploads\/2024\/12\/ua-mejlis-logo-rgb.svg","caption":"\u041c\u0435\u0434\u0436\u043b\u0456\u0441"},"image":{"@id":"https:\/\/qtmm.org\/qt\/#\/schema\/logo\/image\/"},"sameAs":["https:\/\/www.facebook.com\/qtmm.info\/"]},{"@type":"Person","@id":"https:\/\/qtmm.org\/qt\/#\/schema\/person\/de562469f971dec226ac06e60bbf74a7","name":"Developer","image":{"@type":"ImageObject","inLanguage":"qt","@id":"https:\/\/secure.gravatar.com\/avatar\/392b4cc8fbfeb00b39dfeeab4ee6edded39ffd48e25858637e4765810300227e?s=96&d=mm&r=g","url":"https:\/\/secure.gravatar.com\/avatar\/392b4cc8fbfeb00b39dfeeab4ee6edded39ffd48e25858637e4765810300227e?s=96&d=mm&r=g","contentUrl":"https:\/\/secure.gravatar.com\/avatar\/392b4cc8fbfeb00b39dfeeab4ee6edded39ffd48e25858637e4765810300227e?s=96&d=mm&r=g","caption":"Developer"},"url":"https:\/\/qtmm.org\/qt\/author\/Developer\/"}]}},"_links":{"self":[{"href":"https:\/\/qtmm.org\/qt\/wp-json\/wp\/v2\/posts\/39441","targetHints":{"allow":["GET"]}}],"collection":[{"href":"https:\/\/qtmm.org\/qt\/wp-json\/wp\/v2\/posts"}],"about":[{"href":"https:\/\/qtmm.org\/qt\/wp-json\/wp\/v2\/types\/post"}],"author":[{"embeddable":true,"href":"https:\/\/qtmm.org\/qt\/wp-json\/wp\/v2\/users\/1"}],"replies":[{"embeddable":true,"href":"https:\/\/qtmm.org\/qt\/wp-json\/wp\/v2\/comments?post=39441"}],"version-history":[{"count":1,"href":"https:\/\/qtmm.org\/qt\/wp-json\/wp\/v2\/posts\/39441\/revisions"}],"predecessor-version":[{"id":39446,"href":"https:\/\/qtmm.org\/qt\/wp-json\/wp\/v2\/posts\/39441\/revisions\/39446"}],"wp:attachment":[{"href":"https:\/\/qtmm.org\/qt\/wp-json\/wp\/v2\/media?parent=39441"}],"wp:term":[{"taxonomy":"category","embeddable":true,"href":"https:\/\/qtmm.org\/qt\/wp-json\/wp\/v2\/categories?post=39441"},{"taxonomy":"post_tag","embeddable":true,"href":"https:\/\/qtmm.org\/qt\/wp-json\/wp\/v2\/tags?post=39441"}],"curies":[{"name":"wp","href":"https:\/\/api.w.org\/{rel}","templated":true}]}}