




{"id":39431,"date":"2013-09-19T18:03:00","date_gmt":"2013-09-19T15:03:00","guid":{"rendered":"http:\/\/qtmm.org\/?p=39431"},"modified":"2022-01-25T18:04:38","modified_gmt":"2022-01-25T15:04:38","slug":"stefan-fule-halqara-forumni-osce-iamesinde-2014-senesi-surgunliknin-70-yilligi-arfesinde-kecirilmesi-mitlaqa-muzakere-etilmesi-zarur-meseledir","status":"publish","type":"post","link":"https:\/\/qtmm.org\/qt\/stefan-fule-halqara-forumni-osce-iamesinde-2014-senesi-surgunliknin-70-yilligi-arfesinde-kecirilmesi-mitlaqa-muzakere-etilmesi-zarur-meseledir\/","title":{"rendered":"\u015etefan F\u00fcle: Halqara forumn\u0131 OSCE iamesinde 2014 senesi s\u00fcrg\u00fcnlikni\u00f1 70 y\u0131ll\u0131\u011f\u0131 arfesinde ke\u00e7irilmesi m\u0131tlaqa muzakere etilmesi zarur meseledir"},"content":{"rendered":"\n<p>2013 senesi Sent\u00e2br 19 k\u00fcn\u00fc Q\u0131r\u0131mda Ukraina T\u0131\u015f i\u015fleri naziri Leonid Kojara, Q\u0131r\u0131m Nazirler \u015euras\u0131 ve Meclis yolba\u015f\u00e7\u0131lar\u0131n\u0131\u00f1 Avropa Birligini\u00f1 Keni\u015flet\u00fcv ve Avropan\u0131\u00f1 eyiqom\u015ful\u0131q siyaseti meseleleri boyunca komissar\u0131 \u015etefan F\u00fcle ile k\u00f6r\u00fc\u015f\u00fcvi ol\u0131p ke\u00e7ti.<\/p>\n\n\n\n<p>Q\u0131r\u0131mtatarlarn\u0131\u00f1 vek\u00e2letli organ\u0131n\u0131 Avropa Birligi komissar\u0131 \u015etefan F\u00fcle ve Ukraina T\u0131\u015f i\u015fleri naziri Leonid Kojara ile k\u00f6r\u00fc\u015f\u00fcvde Meclis reisi, Ukraina halq deputat\u0131 Mustafa Cemilev, on\u0131\u00f1 birinci muavini Refat \u00c7ubarov, muavini Remzi \u0130lyasov, Meclis Prezidium\u0131n\u0131\u00f1 azalar\u0131 Ali Hamzin, \u0130lmi \u00dcmerov ve Safure Kacametova temsil ettiler.<\/p>\n\n\n\n<figure class=\"wp-block-image size-full\"><img loading=\"lazy\" decoding=\"async\" width=\"650\" height=\"298\" src=\"http:\/\/qtmm.org\/wp-content\/uploads\/2022\/01\/f2.jpeg\" alt=\"\" class=\"wp-image-39432\" srcset=\"https:\/\/qtmm.org\/wp-content\/uploads\/2022\/01\/f2.jpeg 650w, https:\/\/qtmm.org\/wp-content\/uploads\/2022\/01\/f2-300x138.jpeg 300w\" sizes=\"auto, (max-width: 650px) 100vw, 650px\" \/><\/figure>\n\n\n\n<p>Avropa Birligi taraf\u0131ndan k\u00f6r\u00fc\u015f\u00fcvde Avropa Birligini\u00f1 Ukrainadaki Vek\u00e2letlikni\u00f1 ba\u015f\u0131 Yan Tombinski, Avropa Birligi vek\u00e2letligini\u00f1 leyhalar reberi Entso Damian\u0131, Ukraina ile munasebetler meseleleri boyunca mes\u00fcl ekspert Kalin Ungur i\u015ftirak ettiler.<\/p>\n\n\n\n<p>\u015eun\u0131 qayd etmeli ki, Komissar \u015etefan F\u00fcle ve OSCE \u015fimdiki reisi, Ukraina T\u0131\u015f i\u015fleri naziri Leonid Kojara ile k\u00f6r\u00fc\u015f\u00fcvge davet etilgen OSCE Milliy azl\u0131qlarn\u0131\u00f1 i\u015fleri boyunca Aliy Komissar ofisini\u00f1 ba\u015f\u0131 \u0130lze Brand-Kehris han\u0131m ve ofisni\u00f1 \u00fcyken mesleat\u00e7\u0131lar\u0131 Vinsent de Graaf ve Bobu Din cenaplar\u0131na t\u00f6gerek masa ba\u015f\u0131nda yer tap\u0131lmad\u0131.<\/p>\n\n\n\n<p>OSCE hadimleri matbuat vekilleri i\u00e7\u00fcn qald\u0131r\u0131l\u011fan yerlerde oturma\u011fa mecbur old\u0131lar. Bundan da \u011fayr\u0131, 3 saat devam etken k\u00f6r\u00fc\u015f\u00fcvde OSCE hadimlerine \u00e7\u0131q\u0131\u015fta bulunmaq i\u00e7\u00fcn s\u00f6z berilmedi.<\/p>\n\n\n\n<p>Albuki olar OSCE Aliy Komissar\u0131 Knut Vollebek ofisi taraf\u0131ndan az\u0131rlan\u0131l\u011fan &#8220;Evel s\u00fcrg\u00fcn etilgen \u015fah\u0131slarn\u0131\u00f1 Q\u0131r\u0131mda, Ukrainada qat\u0131luv\u0131&#8221; maruzas\u0131n\u0131\u00f1 tan\u0131t\u0131m\u0131n\u0131 yapacaq ediler. Q\u0131r\u0131m \u00fck\u00fcmeti protokol\u0131n\u0131\u00f1 bu &#8220;diqqats\u0131zl\u0131\u011f\u0131n\u0131\u00f1&#8221; sebebi \u015funda ki, \u00fck\u00fcmet o\u00f1a baqqan ve tek \u00f6zlerini ya da pek say\u0131l\u0131 te\u015fkil\u00e2t\u0131n\u0131 temsil etken cemaat te\u015fkil\u00e2tlar\u0131n\u0131 davet etti.<br><br>Ukrain taraf\u0131ndan k\u00f6r\u00fc\u015f\u00fcvde Medeniyet nazirini\u00f1 birinci muavini Timofey Kohan, Q\u0131r\u0131m Ba\u015f naziri Anatoliy Mogil\u00f6v ve bun\u0131\u00f1 kibi de Ukraina Prezidentini\u00f1 Q\u0131r\u0131mdaki daimiy temsilcisi Viktor Plakida i\u015ftirak ettiler.<\/p>\n\n\n\n<figure class=\"wp-block-image size-full\"><img loading=\"lazy\" decoding=\"async\" width=\"650\" height=\"402\" src=\"http:\/\/qtmm.org\/wp-content\/uploads\/2022\/01\/f1.jpeg\" alt=\"\" class=\"wp-image-39436\" srcset=\"https:\/\/qtmm.org\/wp-content\/uploads\/2022\/01\/f1.jpeg 650w, https:\/\/qtmm.org\/wp-content\/uploads\/2022\/01\/f1-300x186.jpeg 300w\" sizes=\"auto, (max-width: 650px) 100vw, 650px\" \/><\/figure>\n\n\n\n<p>K\u00f6r\u00fc\u015f\u00fcvni\u00f1 ba\u015f\u0131nda t\u00f6gerek masa etraf\u0131ndaki subetni\u00f1 idarecisi Ukraina T\u0131\u015f i\u015fleri nazirligini\u00f1 hadimi k\u00f6r\u00fc\u015f\u00fcv i\u015ftirak\u00e7ileri S\u00fcrg\u00fcn etilgen q\u0131r\u0131mtatarlar ve diger millet vekillerini yerle\u015ftir\u00fcv programmas\u0131n\u0131\u00f1 eda etilmesi, al\u0131\u015fqanlar\u0131 ve ukrain cemiyetine qat\u0131luv\u0131nen ba\u011fl\u0131 meseleler, q\u0131r\u0131mtatarlar s\u00fcrg\u00fcn etilgenini\u00f1 70 y\u0131ll\u0131\u011f\u0131na ba\u011f\u0131\u015flan\u011fan matem tedbirlerge az\u0131rl\u0131q, bun\u0131\u00f1 kibi de Ukraina ve Avropa Birligini\u00f1 s\u00fcrg\u00fcnden qaytqan \u015fah\u0131slarn\u0131\u00f1 ukrain cemiyetine qat\u0131luv\u0131n\u0131\u00f1 keti\u015fat\u0131 muzakere etilecegini il\u00e2n etti.<\/p>\n\n\n\n<p>\u00d6z nevbetinde Avropa Birligi komissar\u0131 \u015etefan F\u00fcle qayd etti ki, k\u00f6r\u00fc\u015f\u00fcvni\u00f1 ba\u015f mevzus\u0131 elbetteki Meclisni\u00f1 Halqara forum ke\u00e7ir\u00fcv te\u015febb\u00fcsini\u00f1 muzakere etilmesidir.<\/p>\n\n\n\n<p>&#8220;Milliy Meclisni\u00f1 2014 senesi Q\u0131r\u0131mtatar halq\u0131 s\u00fcrg\u00fcnligini\u00f1 70 y\u0131ll\u0131\u011f\u0131 arfesinde OSCE imayesinde Halqara forum ke\u00e7irilmesi boyunca teklifi bug\u00fcnki t\u00f6gerek masa etraf\u0131nda m\u0131tlaqa muzakere etilmesi zarur meseledir, &#8211; dedi k\u00f6r\u00fc\u015f\u00fcv ba\u015f\u0131nda cenap F\u00fcle.<\/p>\n\n\n\n<p>Avropa Birligini\u00f1 komissar\u0131 Avropa Birligi ve OSCE endi yap\u0131l\u011fan i\u015fke ve diger halqara te\u015fkil\u00e2tlar\u011fa esaslanaraqUkraina\u011fa SSSRden asabal\u0131q qal\u011fan problemlerni \u00e7ez\u00fcvde Ukraina\u011fa yard\u0131m etebileceklerinde emin.<\/p>\n","protected":false},"excerpt":{"rendered":"<p>2013 senesi Sent\u00e2br 19 k\u00fcn\u00fc Q\u0131r\u0131mda Ukraina T\u0131\u015f i\u015fleri naziri Leonid Kojara, Q\u0131r\u0131m Nazirler \u015euras\u0131 ve Meclis yolba\u015f\u00e7\u0131lar\u0131n\u0131\u00f1 Avropa Birligini\u00f1 Keni\u015flet\u00fcv ve Avropan\u0131\u00f1 eyiqom\u015ful\u0131q siyaseti meseleleri boyunca komissar\u0131 \u015etefan F\u00fcle ile k\u00f6r\u00fc\u015f\u00fcvi ol\u0131p ke\u00e7ti. Q\u0131r\u0131mtatarlarn\u0131\u00f1 vek\u00e2letli organ\u0131n\u0131 Avropa Birligi komissar\u0131 \u015etefan F\u00fcle ve Ukraina T\u0131\u015f i\u015fleri naziri Leonid Kojara ile k\u00f6r\u00fc\u015f\u00fcvde Meclis reisi, Ukraina halq [&hellip;]<\/p>\n","protected":false},"author":1,"featured_media":0,"comment_status":"open","ping_status":"open","sticky":false,"template":"","format":"standard","meta":{"inline_featured_image":false,"footnotes":""},"categories":[265],"tags":[],"class_list":["post-39431","post","type-post","status-publish","format-standard","hentry","category-haberler"],"acf":[],"yoast_head":"<!-- This site is optimized with the Yoast SEO plugin v27.4 - https:\/\/yoast.com\/product\/yoast-seo-wordpress\/ -->\n<title>\u015etefan F\u00fcle: Halqara forumn\u0131 OSCE iamesinde 2014 senesi s\u00fcrg\u00fcnlikni\u00f1 70 y\u0131ll\u0131\u011f\u0131 arfesinde ke\u00e7irilmesi m\u0131tlaqa muzakere etilmesi zarur meseledir - \u041c\u0435\u0434\u0436\u043b\u0456\u0441<\/title>\n<meta name=\"robots\" content=\"index, follow, max-snippet:-1, max-image-preview:large, max-video-preview:-1\" \/>\n<link rel=\"canonical\" href=\"https:\/\/qtmm.org\/qt\/stefan-fule-halqara-forumni-osce-iamesinde-2014-senesi-surgunliknin-70-yilligi-arfesinde-kecirilmesi-mitlaqa-muzakere-etilmesi-zarur-meseledir\/\" \/>\n<meta property=\"og:locale\" content=\"en_US\" \/>\n<meta property=\"og:type\" content=\"article\" \/>\n<meta property=\"og:title\" content=\"\u015etefan F\u00fcle: Halqara forumn\u0131 OSCE iamesinde 2014 senesi s\u00fcrg\u00fcnlikni\u00f1 70 y\u0131ll\u0131\u011f\u0131 arfesinde ke\u00e7irilmesi m\u0131tlaqa muzakere etilmesi zarur meseledir - \u041c\u0435\u0434\u0436\u043b\u0456\u0441\" \/>\n<meta property=\"og:description\" content=\"2013 senesi Sent\u00e2br 19 k\u00fcn\u00fc Q\u0131r\u0131mda Ukraina T\u0131\u015f i\u015fleri naziri Leonid Kojara, Q\u0131r\u0131m Nazirler \u015euras\u0131 ve Meclis yolba\u015f\u00e7\u0131lar\u0131n\u0131\u00f1 Avropa Birligini\u00f1 Keni\u015flet\u00fcv ve Avropan\u0131\u00f1 eyiqom\u015ful\u0131q siyaseti meseleleri boyunca komissar\u0131 \u015etefan F\u00fcle ile k\u00f6r\u00fc\u015f\u00fcvi ol\u0131p ke\u00e7ti. Q\u0131r\u0131mtatarlarn\u0131\u00f1 vek\u00e2letli organ\u0131n\u0131 Avropa Birligi komissar\u0131 \u015etefan F\u00fcle ve Ukraina T\u0131\u015f i\u015fleri naziri Leonid Kojara ile k\u00f6r\u00fc\u015f\u00fcvde Meclis reisi, Ukraina halq [&hellip;]\" \/>\n<meta property=\"og:url\" content=\"https:\/\/qtmm.org\/qt\/stefan-fule-halqara-forumni-osce-iamesinde-2014-senesi-surgunliknin-70-yilligi-arfesinde-kecirilmesi-mitlaqa-muzakere-etilmesi-zarur-meseledir\/\" \/>\n<meta property=\"og:site_name\" content=\"\u041c\u0435\u0434\u0436\u043b\u0456\u0441\" \/>\n<meta property=\"article:publisher\" content=\"https:\/\/www.facebook.com\/qtmm.info\/\" \/>\n<meta property=\"article:published_time\" content=\"2013-09-19T15:03:00+00:00\" \/>\n<meta property=\"article:modified_time\" content=\"2022-01-25T15:04:38+00:00\" \/>\n<meta property=\"og:image\" content=\"https:\/\/qtmm.org\/wp-content\/uploads\/2022\/01\/f2.jpeg\" \/>\n\t<meta property=\"og:image:width\" content=\"650\" \/>\n\t<meta property=\"og:image:height\" content=\"298\" \/>\n\t<meta property=\"og:image:type\" content=\"image\/jpeg\" \/>\n<meta name=\"author\" content=\"Developer\" \/>\n<meta name=\"twitter:card\" content=\"summary_large_image\" \/>\n<meta name=\"twitter:label1\" content=\"Written by\" \/>\n\t<meta name=\"twitter:data1\" content=\"Developer\" \/>\n\t<meta name=\"twitter:label2\" content=\"Est. reading time\" \/>\n\t<meta name=\"twitter:data2\" content=\"3 minutes\" \/>\n<script type=\"application\/ld+json\" class=\"yoast-schema-graph\">{\"@context\":\"https:\\\/\\\/schema.org\",\"@graph\":[{\"@type\":\"Article\",\"@id\":\"https:\\\/\\\/qtmm.org\\\/qt\\\/stefan-fule-halqara-forumni-osce-iamesinde-2014-senesi-surgunliknin-70-yilligi-arfesinde-kecirilmesi-mitlaqa-muzakere-etilmesi-zarur-meseledir\\\/#article\",\"isPartOf\":{\"@id\":\"https:\\\/\\\/qtmm.org\\\/qt\\\/stefan-fule-halqara-forumni-osce-iamesinde-2014-senesi-surgunliknin-70-yilligi-arfesinde-kecirilmesi-mitlaqa-muzakere-etilmesi-zarur-meseledir\\\/\"},\"author\":{\"name\":\"Developer\",\"@id\":\"https:\\\/\\\/qtmm.org\\\/qt\\\/#\\\/schema\\\/person\\\/de562469f971dec226ac06e60bbf74a7\"},\"headline\":\"\u015etefan F\u00fcle: Halqara forumn\u0131 OSCE iamesinde 2014 senesi s\u00fcrg\u00fcnlikni\u00f1 70 y\u0131ll\u0131\u011f\u0131 arfesinde ke\u00e7irilmesi m\u0131tlaqa muzakere etilmesi zarur meseledir\",\"datePublished\":\"2013-09-19T15:03:00+00:00\",\"dateModified\":\"2022-01-25T15:04:38+00:00\",\"mainEntityOfPage\":{\"@id\":\"https:\\\/\\\/qtmm.org\\\/qt\\\/stefan-fule-halqara-forumni-osce-iamesinde-2014-senesi-surgunliknin-70-yilligi-arfesinde-kecirilmesi-mitlaqa-muzakere-etilmesi-zarur-meseledir\\\/\"},\"wordCount\":572,\"commentCount\":0,\"publisher\":{\"@id\":\"https:\\\/\\\/qtmm.org\\\/qt\\\/#organization\"},\"image\":{\"@id\":\"https:\\\/\\\/qtmm.org\\\/qt\\\/stefan-fule-halqara-forumni-osce-iamesinde-2014-senesi-surgunliknin-70-yilligi-arfesinde-kecirilmesi-mitlaqa-muzakere-etilmesi-zarur-meseledir\\\/#primaryimage\"},\"thumbnailUrl\":\"http:\\\/\\\/qtmm.org\\\/wp-content\\\/uploads\\\/2022\\\/01\\\/f2.jpeg\",\"articleSection\":[\"Haberler\"],\"inLanguage\":\"qt\",\"potentialAction\":[{\"@type\":\"CommentAction\",\"name\":\"Comment\",\"target\":[\"https:\\\/\\\/qtmm.org\\\/qt\\\/stefan-fule-halqara-forumni-osce-iamesinde-2014-senesi-surgunliknin-70-yilligi-arfesinde-kecirilmesi-mitlaqa-muzakere-etilmesi-zarur-meseledir\\\/#respond\"]}]},{\"@type\":\"WebPage\",\"@id\":\"https:\\\/\\\/qtmm.org\\\/qt\\\/stefan-fule-halqara-forumni-osce-iamesinde-2014-senesi-surgunliknin-70-yilligi-arfesinde-kecirilmesi-mitlaqa-muzakere-etilmesi-zarur-meseledir\\\/\",\"url\":\"https:\\\/\\\/qtmm.org\\\/qt\\\/stefan-fule-halqara-forumni-osce-iamesinde-2014-senesi-surgunliknin-70-yilligi-arfesinde-kecirilmesi-mitlaqa-muzakere-etilmesi-zarur-meseledir\\\/\",\"name\":\"\u015etefan F\u00fcle: Halqara forumn\u0131 OSCE iamesinde 2014 senesi s\u00fcrg\u00fcnlikni\u00f1 70 y\u0131ll\u0131\u011f\u0131 arfesinde ke\u00e7irilmesi m\u0131tlaqa muzakere etilmesi zarur meseledir - \u041c\u0435\u0434\u0436\u043b\u0456\u0441\",\"isPartOf\":{\"@id\":\"https:\\\/\\\/qtmm.org\\\/qt\\\/#website\"},\"primaryImageOfPage\":{\"@id\":\"https:\\\/\\\/qtmm.org\\\/qt\\\/stefan-fule-halqara-forumni-osce-iamesinde-2014-senesi-surgunliknin-70-yilligi-arfesinde-kecirilmesi-mitlaqa-muzakere-etilmesi-zarur-meseledir\\\/#primaryimage\"},\"image\":{\"@id\":\"https:\\\/\\\/qtmm.org\\\/qt\\\/stefan-fule-halqara-forumni-osce-iamesinde-2014-senesi-surgunliknin-70-yilligi-arfesinde-kecirilmesi-mitlaqa-muzakere-etilmesi-zarur-meseledir\\\/#primaryimage\"},\"thumbnailUrl\":\"http:\\\/\\\/qtmm.org\\\/wp-content\\\/uploads\\\/2022\\\/01\\\/f2.jpeg\",\"datePublished\":\"2013-09-19T15:03:00+00:00\",\"dateModified\":\"2022-01-25T15:04:38+00:00\",\"breadcrumb\":{\"@id\":\"https:\\\/\\\/qtmm.org\\\/qt\\\/stefan-fule-halqara-forumni-osce-iamesinde-2014-senesi-surgunliknin-70-yilligi-arfesinde-kecirilmesi-mitlaqa-muzakere-etilmesi-zarur-meseledir\\\/#breadcrumb\"},\"inLanguage\":\"qt\",\"potentialAction\":[{\"@type\":\"ReadAction\",\"target\":[\"https:\\\/\\\/qtmm.org\\\/qt\\\/stefan-fule-halqara-forumni-osce-iamesinde-2014-senesi-surgunliknin-70-yilligi-arfesinde-kecirilmesi-mitlaqa-muzakere-etilmesi-zarur-meseledir\\\/\"]}]},{\"@type\":\"ImageObject\",\"inLanguage\":\"qt\",\"@id\":\"https:\\\/\\\/qtmm.org\\\/qt\\\/stefan-fule-halqara-forumni-osce-iamesinde-2014-senesi-surgunliknin-70-yilligi-arfesinde-kecirilmesi-mitlaqa-muzakere-etilmesi-zarur-meseledir\\\/#primaryimage\",\"url\":\"http:\\\/\\\/qtmm.org\\\/wp-content\\\/uploads\\\/2022\\\/01\\\/f2.jpeg\",\"contentUrl\":\"http:\\\/\\\/qtmm.org\\\/wp-content\\\/uploads\\\/2022\\\/01\\\/f2.jpeg\"},{\"@type\":\"BreadcrumbList\",\"@id\":\"https:\\\/\\\/qtmm.org\\\/qt\\\/stefan-fule-halqara-forumni-osce-iamesinde-2014-senesi-surgunliknin-70-yilligi-arfesinde-kecirilmesi-mitlaqa-muzakere-etilmesi-zarur-meseledir\\\/#breadcrumb\",\"itemListElement\":[{\"@type\":\"ListItem\",\"position\":1,\"name\":\"\u0413\u043e\u043b\u043e\u0432\u043d\u0430\",\"item\":\"https:\\\/\\\/qtmm.org\\\/qt\\\/\"},{\"@type\":\"ListItem\",\"position\":2,\"name\":\"\u015etefan F\u00fcle: Halqara forumn\u0131 OSCE iamesinde 2014 senesi s\u00fcrg\u00fcnlikni\u00f1 70 y\u0131ll\u0131\u011f\u0131 arfesinde ke\u00e7irilmesi m\u0131tlaqa muzakere etilmesi zarur meseledir\"}]},{\"@type\":\"WebSite\",\"@id\":\"https:\\\/\\\/qtmm.org\\\/qt\\\/#website\",\"url\":\"https:\\\/\\\/qtmm.org\\\/qt\\\/\",\"name\":\"\u041c\u0435\u0434\u0436\u043b\u0456\u0441\",\"description\":\"\",\"publisher\":{\"@id\":\"https:\\\/\\\/qtmm.org\\\/qt\\\/#organization\"},\"potentialAction\":[{\"@type\":\"SearchAction\",\"target\":{\"@type\":\"EntryPoint\",\"urlTemplate\":\"https:\\\/\\\/qtmm.org\\\/qt\\\/?s={search_term_string}\"},\"query-input\":{\"@type\":\"PropertyValueSpecification\",\"valueRequired\":true,\"valueName\":\"search_term_string\"}}],\"inLanguage\":\"qt\"},{\"@type\":\"Organization\",\"@id\":\"https:\\\/\\\/qtmm.org\\\/qt\\\/#organization\",\"name\":\"\u041c\u0435\u0434\u0436\u043b\u0456\u0441\",\"url\":\"https:\\\/\\\/qtmm.org\\\/qt\\\/\",\"logo\":{\"@type\":\"ImageObject\",\"inLanguage\":\"qt\",\"@id\":\"https:\\\/\\\/qtmm.org\\\/qt\\\/#\\\/schema\\\/logo\\\/image\\\/\",\"url\":\"https:\\\/\\\/qtmm.org\\\/wp-content\\\/uploads\\\/2024\\\/12\\\/ua-mejlis-logo-rgb.svg\",\"contentUrl\":\"https:\\\/\\\/qtmm.org\\\/wp-content\\\/uploads\\\/2024\\\/12\\\/ua-mejlis-logo-rgb.svg\",\"caption\":\"\u041c\u0435\u0434\u0436\u043b\u0456\u0441\"},\"image\":{\"@id\":\"https:\\\/\\\/qtmm.org\\\/qt\\\/#\\\/schema\\\/logo\\\/image\\\/\"},\"sameAs\":[\"https:\\\/\\\/www.facebook.com\\\/qtmm.info\\\/\"]},{\"@type\":\"Person\",\"@id\":\"https:\\\/\\\/qtmm.org\\\/qt\\\/#\\\/schema\\\/person\\\/de562469f971dec226ac06e60bbf74a7\",\"name\":\"Developer\",\"image\":{\"@type\":\"ImageObject\",\"inLanguage\":\"qt\",\"@id\":\"https:\\\/\\\/secure.gravatar.com\\\/avatar\\\/392b4cc8fbfeb00b39dfeeab4ee6edded39ffd48e25858637e4765810300227e?s=96&d=mm&r=g\",\"url\":\"https:\\\/\\\/secure.gravatar.com\\\/avatar\\\/392b4cc8fbfeb00b39dfeeab4ee6edded39ffd48e25858637e4765810300227e?s=96&d=mm&r=g\",\"contentUrl\":\"https:\\\/\\\/secure.gravatar.com\\\/avatar\\\/392b4cc8fbfeb00b39dfeeab4ee6edded39ffd48e25858637e4765810300227e?s=96&d=mm&r=g\",\"caption\":\"Developer\"},\"url\":\"https:\\\/\\\/qtmm.org\\\/qt\\\/author\\\/Developer\\\/\"}]}<\/script>\n<!-- \/ Yoast SEO plugin. -->","yoast_head_json":{"title":"\u015etefan F\u00fcle: Halqara forumn\u0131 OSCE iamesinde 2014 senesi s\u00fcrg\u00fcnlikni\u00f1 70 y\u0131ll\u0131\u011f\u0131 arfesinde ke\u00e7irilmesi m\u0131tlaqa muzakere etilmesi zarur meseledir - \u041c\u0435\u0434\u0436\u043b\u0456\u0441","robots":{"index":"index","follow":"follow","max-snippet":"max-snippet:-1","max-image-preview":"max-image-preview:large","max-video-preview":"max-video-preview:-1"},"canonical":"https:\/\/qtmm.org\/qt\/stefan-fule-halqara-forumni-osce-iamesinde-2014-senesi-surgunliknin-70-yilligi-arfesinde-kecirilmesi-mitlaqa-muzakere-etilmesi-zarur-meseledir\/","og_locale":"en_US","og_type":"article","og_title":"\u015etefan F\u00fcle: Halqara forumn\u0131 OSCE iamesinde 2014 senesi s\u00fcrg\u00fcnlikni\u00f1 70 y\u0131ll\u0131\u011f\u0131 arfesinde ke\u00e7irilmesi m\u0131tlaqa muzakere etilmesi zarur meseledir - \u041c\u0435\u0434\u0436\u043b\u0456\u0441","og_description":"2013 senesi Sent\u00e2br 19 k\u00fcn\u00fc Q\u0131r\u0131mda Ukraina T\u0131\u015f i\u015fleri naziri Leonid Kojara, Q\u0131r\u0131m Nazirler \u015euras\u0131 ve Meclis yolba\u015f\u00e7\u0131lar\u0131n\u0131\u00f1 Avropa Birligini\u00f1 Keni\u015flet\u00fcv ve Avropan\u0131\u00f1 eyiqom\u015ful\u0131q siyaseti meseleleri boyunca komissar\u0131 \u015etefan F\u00fcle ile k\u00f6r\u00fc\u015f\u00fcvi ol\u0131p ke\u00e7ti. Q\u0131r\u0131mtatarlarn\u0131\u00f1 vek\u00e2letli organ\u0131n\u0131 Avropa Birligi komissar\u0131 \u015etefan F\u00fcle ve Ukraina T\u0131\u015f i\u015fleri naziri Leonid Kojara ile k\u00f6r\u00fc\u015f\u00fcvde Meclis reisi, Ukraina halq [&hellip;]","og_url":"https:\/\/qtmm.org\/qt\/stefan-fule-halqara-forumni-osce-iamesinde-2014-senesi-surgunliknin-70-yilligi-arfesinde-kecirilmesi-mitlaqa-muzakere-etilmesi-zarur-meseledir\/","og_site_name":"\u041c\u0435\u0434\u0436\u043b\u0456\u0441","article_publisher":"https:\/\/www.facebook.com\/qtmm.info\/","article_published_time":"2013-09-19T15:03:00+00:00","article_modified_time":"2022-01-25T15:04:38+00:00","og_image":[{"width":650,"height":298,"url":"https:\/\/qtmm.org\/wp-content\/uploads\/2022\/01\/f2.jpeg","type":"image\/jpeg"}],"author":"Developer","twitter_card":"summary_large_image","twitter_misc":{"Written by":"Developer","Est. reading time":"3 minutes"},"schema":{"@context":"https:\/\/schema.org","@graph":[{"@type":"Article","@id":"https:\/\/qtmm.org\/qt\/stefan-fule-halqara-forumni-osce-iamesinde-2014-senesi-surgunliknin-70-yilligi-arfesinde-kecirilmesi-mitlaqa-muzakere-etilmesi-zarur-meseledir\/#article","isPartOf":{"@id":"https:\/\/qtmm.org\/qt\/stefan-fule-halqara-forumni-osce-iamesinde-2014-senesi-surgunliknin-70-yilligi-arfesinde-kecirilmesi-mitlaqa-muzakere-etilmesi-zarur-meseledir\/"},"author":{"name":"Developer","@id":"https:\/\/qtmm.org\/qt\/#\/schema\/person\/de562469f971dec226ac06e60bbf74a7"},"headline":"\u015etefan F\u00fcle: Halqara forumn\u0131 OSCE iamesinde 2014 senesi s\u00fcrg\u00fcnlikni\u00f1 70 y\u0131ll\u0131\u011f\u0131 arfesinde ke\u00e7irilmesi m\u0131tlaqa muzakere etilmesi zarur meseledir","datePublished":"2013-09-19T15:03:00+00:00","dateModified":"2022-01-25T15:04:38+00:00","mainEntityOfPage":{"@id":"https:\/\/qtmm.org\/qt\/stefan-fule-halqara-forumni-osce-iamesinde-2014-senesi-surgunliknin-70-yilligi-arfesinde-kecirilmesi-mitlaqa-muzakere-etilmesi-zarur-meseledir\/"},"wordCount":572,"commentCount":0,"publisher":{"@id":"https:\/\/qtmm.org\/qt\/#organization"},"image":{"@id":"https:\/\/qtmm.org\/qt\/stefan-fule-halqara-forumni-osce-iamesinde-2014-senesi-surgunliknin-70-yilligi-arfesinde-kecirilmesi-mitlaqa-muzakere-etilmesi-zarur-meseledir\/#primaryimage"},"thumbnailUrl":"http:\/\/qtmm.org\/wp-content\/uploads\/2022\/01\/f2.jpeg","articleSection":["Haberler"],"inLanguage":"qt","potentialAction":[{"@type":"CommentAction","name":"Comment","target":["https:\/\/qtmm.org\/qt\/stefan-fule-halqara-forumni-osce-iamesinde-2014-senesi-surgunliknin-70-yilligi-arfesinde-kecirilmesi-mitlaqa-muzakere-etilmesi-zarur-meseledir\/#respond"]}]},{"@type":"WebPage","@id":"https:\/\/qtmm.org\/qt\/stefan-fule-halqara-forumni-osce-iamesinde-2014-senesi-surgunliknin-70-yilligi-arfesinde-kecirilmesi-mitlaqa-muzakere-etilmesi-zarur-meseledir\/","url":"https:\/\/qtmm.org\/qt\/stefan-fule-halqara-forumni-osce-iamesinde-2014-senesi-surgunliknin-70-yilligi-arfesinde-kecirilmesi-mitlaqa-muzakere-etilmesi-zarur-meseledir\/","name":"\u015etefan F\u00fcle: Halqara forumn\u0131 OSCE iamesinde 2014 senesi s\u00fcrg\u00fcnlikni\u00f1 70 y\u0131ll\u0131\u011f\u0131 arfesinde ke\u00e7irilmesi m\u0131tlaqa muzakere etilmesi zarur meseledir - \u041c\u0435\u0434\u0436\u043b\u0456\u0441","isPartOf":{"@id":"https:\/\/qtmm.org\/qt\/#website"},"primaryImageOfPage":{"@id":"https:\/\/qtmm.org\/qt\/stefan-fule-halqara-forumni-osce-iamesinde-2014-senesi-surgunliknin-70-yilligi-arfesinde-kecirilmesi-mitlaqa-muzakere-etilmesi-zarur-meseledir\/#primaryimage"},"image":{"@id":"https:\/\/qtmm.org\/qt\/stefan-fule-halqara-forumni-osce-iamesinde-2014-senesi-surgunliknin-70-yilligi-arfesinde-kecirilmesi-mitlaqa-muzakere-etilmesi-zarur-meseledir\/#primaryimage"},"thumbnailUrl":"http:\/\/qtmm.org\/wp-content\/uploads\/2022\/01\/f2.jpeg","datePublished":"2013-09-19T15:03:00+00:00","dateModified":"2022-01-25T15:04:38+00:00","breadcrumb":{"@id":"https:\/\/qtmm.org\/qt\/stefan-fule-halqara-forumni-osce-iamesinde-2014-senesi-surgunliknin-70-yilligi-arfesinde-kecirilmesi-mitlaqa-muzakere-etilmesi-zarur-meseledir\/#breadcrumb"},"inLanguage":"qt","potentialAction":[{"@type":"ReadAction","target":["https:\/\/qtmm.org\/qt\/stefan-fule-halqara-forumni-osce-iamesinde-2014-senesi-surgunliknin-70-yilligi-arfesinde-kecirilmesi-mitlaqa-muzakere-etilmesi-zarur-meseledir\/"]}]},{"@type":"ImageObject","inLanguage":"qt","@id":"https:\/\/qtmm.org\/qt\/stefan-fule-halqara-forumni-osce-iamesinde-2014-senesi-surgunliknin-70-yilligi-arfesinde-kecirilmesi-mitlaqa-muzakere-etilmesi-zarur-meseledir\/#primaryimage","url":"http:\/\/qtmm.org\/wp-content\/uploads\/2022\/01\/f2.jpeg","contentUrl":"http:\/\/qtmm.org\/wp-content\/uploads\/2022\/01\/f2.jpeg"},{"@type":"BreadcrumbList","@id":"https:\/\/qtmm.org\/qt\/stefan-fule-halqara-forumni-osce-iamesinde-2014-senesi-surgunliknin-70-yilligi-arfesinde-kecirilmesi-mitlaqa-muzakere-etilmesi-zarur-meseledir\/#breadcrumb","itemListElement":[{"@type":"ListItem","position":1,"name":"\u0413\u043e\u043b\u043e\u0432\u043d\u0430","item":"https:\/\/qtmm.org\/qt\/"},{"@type":"ListItem","position":2,"name":"\u015etefan F\u00fcle: Halqara forumn\u0131 OSCE iamesinde 2014 senesi s\u00fcrg\u00fcnlikni\u00f1 70 y\u0131ll\u0131\u011f\u0131 arfesinde ke\u00e7irilmesi m\u0131tlaqa muzakere etilmesi zarur meseledir"}]},{"@type":"WebSite","@id":"https:\/\/qtmm.org\/qt\/#website","url":"https:\/\/qtmm.org\/qt\/","name":"\u041c\u0435\u0434\u0436\u043b\u0456\u0441","description":"","publisher":{"@id":"https:\/\/qtmm.org\/qt\/#organization"},"potentialAction":[{"@type":"SearchAction","target":{"@type":"EntryPoint","urlTemplate":"https:\/\/qtmm.org\/qt\/?s={search_term_string}"},"query-input":{"@type":"PropertyValueSpecification","valueRequired":true,"valueName":"search_term_string"}}],"inLanguage":"qt"},{"@type":"Organization","@id":"https:\/\/qtmm.org\/qt\/#organization","name":"\u041c\u0435\u0434\u0436\u043b\u0456\u0441","url":"https:\/\/qtmm.org\/qt\/","logo":{"@type":"ImageObject","inLanguage":"qt","@id":"https:\/\/qtmm.org\/qt\/#\/schema\/logo\/image\/","url":"https:\/\/qtmm.org\/wp-content\/uploads\/2024\/12\/ua-mejlis-logo-rgb.svg","contentUrl":"https:\/\/qtmm.org\/wp-content\/uploads\/2024\/12\/ua-mejlis-logo-rgb.svg","caption":"\u041c\u0435\u0434\u0436\u043b\u0456\u0441"},"image":{"@id":"https:\/\/qtmm.org\/qt\/#\/schema\/logo\/image\/"},"sameAs":["https:\/\/www.facebook.com\/qtmm.info\/"]},{"@type":"Person","@id":"https:\/\/qtmm.org\/qt\/#\/schema\/person\/de562469f971dec226ac06e60bbf74a7","name":"Developer","image":{"@type":"ImageObject","inLanguage":"qt","@id":"https:\/\/secure.gravatar.com\/avatar\/392b4cc8fbfeb00b39dfeeab4ee6edded39ffd48e25858637e4765810300227e?s=96&d=mm&r=g","url":"https:\/\/secure.gravatar.com\/avatar\/392b4cc8fbfeb00b39dfeeab4ee6edded39ffd48e25858637e4765810300227e?s=96&d=mm&r=g","contentUrl":"https:\/\/secure.gravatar.com\/avatar\/392b4cc8fbfeb00b39dfeeab4ee6edded39ffd48e25858637e4765810300227e?s=96&d=mm&r=g","caption":"Developer"},"url":"https:\/\/qtmm.org\/qt\/author\/Developer\/"}]}},"_links":{"self":[{"href":"https:\/\/qtmm.org\/qt\/wp-json\/wp\/v2\/posts\/39431","targetHints":{"allow":["GET"]}}],"collection":[{"href":"https:\/\/qtmm.org\/qt\/wp-json\/wp\/v2\/posts"}],"about":[{"href":"https:\/\/qtmm.org\/qt\/wp-json\/wp\/v2\/types\/post"}],"author":[{"embeddable":true,"href":"https:\/\/qtmm.org\/qt\/wp-json\/wp\/v2\/users\/1"}],"replies":[{"embeddable":true,"href":"https:\/\/qtmm.org\/qt\/wp-json\/wp\/v2\/comments?post=39431"}],"version-history":[{"count":1,"href":"https:\/\/qtmm.org\/qt\/wp-json\/wp\/v2\/posts\/39431\/revisions"}],"predecessor-version":[{"id":39440,"href":"https:\/\/qtmm.org\/qt\/wp-json\/wp\/v2\/posts\/39431\/revisions\/39440"}],"wp:attachment":[{"href":"https:\/\/qtmm.org\/qt\/wp-json\/wp\/v2\/media?parent=39431"}],"wp:term":[{"taxonomy":"category","embeddable":true,"href":"https:\/\/qtmm.org\/qt\/wp-json\/wp\/v2\/categories?post=39431"},{"taxonomy":"post_tag","embeddable":true,"href":"https:\/\/qtmm.org\/qt\/wp-json\/wp\/v2\/tags?post=39431"}],"curies":[{"name":"wp","href":"https:\/\/api.w.org\/{rel}","templated":true}]}}