




{"id":39333,"date":"2013-09-17T17:59:00","date_gmt":"2013-09-17T14:59:00","guid":{"rendered":"http:\/\/qtmm.org\/?p=39333"},"modified":"2022-01-25T18:00:23","modified_gmt":"2022-01-25T15:00:23","slug":"leonid-kucma-akimiyet-daima-meclis-ile-dialogda-bulunmaqni-devam-etmesi-ve-bu-muntazam-surette-olmasi-kerek","status":"publish","type":"post","link":"https:\/\/qtmm.org\/qt\/leonid-kucma-akimiyet-daima-meclis-ile-dialogda-bulunmaqni-devam-etmesi-ve-bu-muntazam-surette-olmasi-kerek\/","title":{"rendered":"Leonid Ku\u00e7ma: Akimiyet daima Meclis ile dialogda bulunmaqn\u0131 devam etmesi ve bu muntazam s\u00fcrette olmas\u0131 kerek"},"content":{"rendered":"\n<p>Ukrainan\u0131\u00f1 sab\u0131q Prezidenti L. Ku\u00e7ma 1999 senesi may\u0131s 18-de Ukraina Prezidenti yan\u0131nda Q\u0131r\u0131mtatar halq\u0131 vekillerini\u00f1 ke\u00f1e\u015fini meydan\u011fa ketirmek aqq\u0131nda imzalad\u0131\u011f\u0131 \u2116518\/99 fermann\u0131 do\u011fru ve tam zaman\u0131nda yap\u0131l\u011fan i\u015f, dep saya. O vaq\u0131tta ke\u00f1e\u015fke Meclisni\u00f1 b\u00fct\u00fcn azalar\u0131 kirgen edi.<\/p>\n\n\n\n<p>&#8220;Zaman\u0131na k\u00f6re qabul etilgen qarar pek do\u011fru edi. Eger o qarar bug\u00fcn de keregi kibi \u00e7al\u0131\u015fsa edi, akimiyet ve q\u0131r\u0131mtatarlar aras\u0131ndaki munasebet tek qaviyle\u015fir edi&#8221;, &#8211; dep qayd etti L. Ku\u00e7ma. Bun\u0131\u00f1nen birge L. Ku\u00e7ma devletni\u00f1 bug\u00fcnki yolba\u015f\u00e7\u0131s\u0131 Viktor Yanukovi\u00e7 nege esaslan\u0131p Ke\u00f1e\u015fni\u00f1 erk\u00e2n\u0131n\u0131 de\u00f1i\u015ftirgenini a\u00f1lamay. Ke\u00f1e\u015fke Meclisni\u00f1 ol\u011fan\u0131-olaca\u011f\u0131 sekiz azas\u0131 kirsetilgen.<\/p>\n\n\n\n<p>&#8220;Men bu qarar angi noqtai nazardan qabul etilgenini bilmeyim, amma o zaman men do\u011fr<\/p>\n\n\n\n<figure class=\"wp-block-image size-full\"><img loading=\"lazy\" decoding=\"async\" width=\"670\" height=\"310\" src=\"http:\/\/qtmm.org\/wp-content\/uploads\/2022\/01\/top1.jpeg\" alt=\"\" class=\"wp-image-39334\" srcset=\"https:\/\/qtmm.org\/wp-content\/uploads\/2022\/01\/top1.jpeg 670w, https:\/\/qtmm.org\/wp-content\/uploads\/2022\/01\/top1-300x139.jpeg 300w\" sizes=\"auto, (max-width: 670px) 100vw, 670px\" \/><\/figure>\n\n\n\n<p>u qarar al\u011fan\u0131ma eminim. Akimiyet daima Meclis ile dialogda bulunmaqn\u0131 devam etmesi ve bu muntazam s\u00fcrette olmas\u0131 kerek, \u00e7\u00fcnki dialogs\u0131z normal ayat olamaz. E\u00f1 y\u00fcksek seviyede al etilmesi zarur ol\u011fan meseleler pek \u00e7oq. \u0130\u015fbirlik ol\u011fan yerde munasebet de ba\u015fqaca ola&#8221;, &#8211; dedi L.Ku\u00e7ma.<\/p>\n\n\n\n<figure class=\"wp-block-image size-full\"><img loading=\"lazy\" decoding=\"async\" width=\"670\" height=\"310\" src=\"http:\/\/qtmm.org\/wp-content\/uploads\/2022\/01\/img_0157_1.jpeg\" alt=\"\" class=\"wp-image-39338\" srcset=\"https:\/\/qtmm.org\/wp-content\/uploads\/2022\/01\/img_0157_1.jpeg 670w, https:\/\/qtmm.org\/wp-content\/uploads\/2022\/01\/img_0157_1-300x139.jpeg 300w\" sizes=\"auto, (max-width: 670px) 100vw, 670px\" \/><\/figure>\n\n\n\n<p>\u015eun\u0131 hat\u0131rlatmal\u0131 ki, Ukraina Prezidenti L. Ku\u00e7man\u0131\u00f1 1999 senesi may\u0131s 18-deki \u2116518\/99 &#8220;Q\u0131r\u0131mtatar halq\u0131 vekillerini\u00f1 ke\u00f1e\u015fi aqq\u0131nda&#8221; qarar\u0131na binaen ve &#8220;q\u0131r\u0131mtatar halq\u0131n\u0131\u00f1 yerle\u015ftirilmesi ve ukrain cemiyetine qat\u0131lmas\u0131nen ba\u011fl\u0131 siyasiy, sotsial, medeniy ve iqtisadiy meselelerni\u00f1 operativ \u00e7ezilmesini teminlemek maqsad\u0131nda, Qurultayda saylan\u011fan Meclis status\u0131n\u0131\u00f1 belgilenmegeni sebebinden Ukraina Prezidenti yan\u0131nda konsultativ-muzakere organ\u0131 s\u0131fat\u0131nda Q\u0131r\u0131mtatar halq\u0131 vekillerinden ibaret ke\u00f1e\u015f meydan\u011fa ketirilgen edi. Ayn\u0131 \u015fu Ferman ile Q\u0131r\u0131mtatar halq\u0131 vekillerini\u00f1 ke\u00f1e\u015fi qurul\u0131p, o\u00f1a Qurultayda saylan\u011fan Meclis azalar\u0131n\u0131\u00f1 episi kirsetilgen edi.<\/p>\n","protected":false},"excerpt":{"rendered":"<p>Ukrainan\u0131\u00f1 sab\u0131q Prezidenti L. Ku\u00e7ma 1999 senesi may\u0131s 18-de Ukraina Prezidenti yan\u0131nda Q\u0131r\u0131mtatar halq\u0131 vekillerini\u00f1 ke\u00f1e\u015fini meydan\u011fa ketirmek aqq\u0131nda imzalad\u0131\u011f\u0131 \u2116518\/99 fermann\u0131 do\u011fru ve tam zaman\u0131nda yap\u0131l\u011fan i\u015f, dep saya. O vaq\u0131tta ke\u00f1e\u015fke Meclisni\u00f1 b\u00fct\u00fcn azalar\u0131 kirgen edi. &#8220;Zaman\u0131na k\u00f6re qabul etilgen qarar pek do\u011fru edi. Eger o qarar bug\u00fcn de keregi kibi \u00e7al\u0131\u015fsa edi, [&hellip;]<\/p>\n","protected":false},"author":1,"featured_media":0,"comment_status":"open","ping_status":"open","sticky":false,"template":"","format":"standard","meta":{"inline_featured_image":false,"footnotes":""},"categories":[265],"tags":[],"class_list":["post-39333","post","type-post","status-publish","format-standard","hentry","category-haberler"],"acf":[],"yoast_head":"<!-- This site is optimized with the Yoast SEO plugin v27.4 - https:\/\/yoast.com\/product\/yoast-seo-wordpress\/ -->\n<title>Leonid Ku\u00e7ma: Akimiyet daima Meclis ile dialogda bulunmaqn\u0131 devam etmesi ve bu muntazam s\u00fcrette olmas\u0131 kerek - \u041c\u0435\u0434\u0436\u043b\u0456\u0441<\/title>\n<meta name=\"robots\" content=\"index, follow, max-snippet:-1, max-image-preview:large, max-video-preview:-1\" \/>\n<link rel=\"canonical\" href=\"https:\/\/qtmm.org\/qt\/leonid-kucma-akimiyet-daima-meclis-ile-dialogda-bulunmaqni-devam-etmesi-ve-bu-muntazam-surette-olmasi-kerek\/\" \/>\n<meta property=\"og:locale\" content=\"en_US\" \/>\n<meta property=\"og:type\" content=\"article\" \/>\n<meta property=\"og:title\" content=\"Leonid Ku\u00e7ma: Akimiyet daima Meclis ile dialogda bulunmaqn\u0131 devam etmesi ve bu muntazam s\u00fcrette olmas\u0131 kerek - \u041c\u0435\u0434\u0436\u043b\u0456\u0441\" \/>\n<meta property=\"og:description\" content=\"Ukrainan\u0131\u00f1 sab\u0131q Prezidenti L. Ku\u00e7ma 1999 senesi may\u0131s 18-de Ukraina Prezidenti yan\u0131nda Q\u0131r\u0131mtatar halq\u0131 vekillerini\u00f1 ke\u00f1e\u015fini meydan\u011fa ketirmek aqq\u0131nda imzalad\u0131\u011f\u0131 \u2116518\/99 fermann\u0131 do\u011fru ve tam zaman\u0131nda yap\u0131l\u011fan i\u015f, dep saya. O vaq\u0131tta ke\u00f1e\u015fke Meclisni\u00f1 b\u00fct\u00fcn azalar\u0131 kirgen edi. &#8220;Zaman\u0131na k\u00f6re qabul etilgen qarar pek do\u011fru edi. Eger o qarar bug\u00fcn de keregi kibi \u00e7al\u0131\u015fsa edi, [&hellip;]\" \/>\n<meta property=\"og:url\" content=\"https:\/\/qtmm.org\/qt\/leonid-kucma-akimiyet-daima-meclis-ile-dialogda-bulunmaqni-devam-etmesi-ve-bu-muntazam-surette-olmasi-kerek\/\" \/>\n<meta property=\"og:site_name\" content=\"\u041c\u0435\u0434\u0436\u043b\u0456\u0441\" \/>\n<meta property=\"article:publisher\" content=\"https:\/\/www.facebook.com\/qtmm.info\/\" \/>\n<meta property=\"article:published_time\" content=\"2013-09-17T14:59:00+00:00\" \/>\n<meta property=\"article:modified_time\" content=\"2022-01-25T15:00:23+00:00\" \/>\n<meta property=\"og:image\" content=\"https:\/\/qtmm.org\/wp-content\/uploads\/2022\/01\/top1.jpeg\" \/>\n\t<meta property=\"og:image:width\" content=\"670\" \/>\n\t<meta property=\"og:image:height\" content=\"310\" \/>\n\t<meta property=\"og:image:type\" content=\"image\/jpeg\" \/>\n<meta name=\"author\" content=\"Developer\" \/>\n<meta name=\"twitter:card\" content=\"summary_large_image\" \/>\n<meta name=\"twitter:label1\" content=\"Written by\" \/>\n\t<meta name=\"twitter:data1\" content=\"Developer\" \/>\n\t<meta name=\"twitter:label2\" content=\"Est. reading time\" \/>\n\t<meta name=\"twitter:data2\" content=\"2 minutes\" \/>\n<script type=\"application\/ld+json\" class=\"yoast-schema-graph\">{\"@context\":\"https:\\\/\\\/schema.org\",\"@graph\":[{\"@type\":\"Article\",\"@id\":\"https:\\\/\\\/qtmm.org\\\/qt\\\/leonid-kucma-akimiyet-daima-meclis-ile-dialogda-bulunmaqni-devam-etmesi-ve-bu-muntazam-surette-olmasi-kerek\\\/#article\",\"isPartOf\":{\"@id\":\"https:\\\/\\\/qtmm.org\\\/qt\\\/leonid-kucma-akimiyet-daima-meclis-ile-dialogda-bulunmaqni-devam-etmesi-ve-bu-muntazam-surette-olmasi-kerek\\\/\"},\"author\":{\"name\":\"Developer\",\"@id\":\"https:\\\/\\\/qtmm.org\\\/qt\\\/#\\\/schema\\\/person\\\/de562469f971dec226ac06e60bbf74a7\"},\"headline\":\"Leonid Ku\u00e7ma: Akimiyet daima Meclis ile dialogda bulunmaqn\u0131 devam etmesi ve bu muntazam s\u00fcrette olmas\u0131 kerek\",\"datePublished\":\"2013-09-17T14:59:00+00:00\",\"dateModified\":\"2022-01-25T15:00:23+00:00\",\"mainEntityOfPage\":{\"@id\":\"https:\\\/\\\/qtmm.org\\\/qt\\\/leonid-kucma-akimiyet-daima-meclis-ile-dialogda-bulunmaqni-devam-etmesi-ve-bu-muntazam-surette-olmasi-kerek\\\/\"},\"wordCount\":326,\"commentCount\":0,\"publisher\":{\"@id\":\"https:\\\/\\\/qtmm.org\\\/qt\\\/#organization\"},\"image\":{\"@id\":\"https:\\\/\\\/qtmm.org\\\/qt\\\/leonid-kucma-akimiyet-daima-meclis-ile-dialogda-bulunmaqni-devam-etmesi-ve-bu-muntazam-surette-olmasi-kerek\\\/#primaryimage\"},\"thumbnailUrl\":\"http:\\\/\\\/qtmm.org\\\/wp-content\\\/uploads\\\/2022\\\/01\\\/top1.jpeg\",\"articleSection\":[\"Haberler\"],\"inLanguage\":\"qt\",\"potentialAction\":[{\"@type\":\"CommentAction\",\"name\":\"Comment\",\"target\":[\"https:\\\/\\\/qtmm.org\\\/qt\\\/leonid-kucma-akimiyet-daima-meclis-ile-dialogda-bulunmaqni-devam-etmesi-ve-bu-muntazam-surette-olmasi-kerek\\\/#respond\"]}]},{\"@type\":\"WebPage\",\"@id\":\"https:\\\/\\\/qtmm.org\\\/qt\\\/leonid-kucma-akimiyet-daima-meclis-ile-dialogda-bulunmaqni-devam-etmesi-ve-bu-muntazam-surette-olmasi-kerek\\\/\",\"url\":\"https:\\\/\\\/qtmm.org\\\/qt\\\/leonid-kucma-akimiyet-daima-meclis-ile-dialogda-bulunmaqni-devam-etmesi-ve-bu-muntazam-surette-olmasi-kerek\\\/\",\"name\":\"Leonid Ku\u00e7ma: Akimiyet daima Meclis ile dialogda bulunmaqn\u0131 devam etmesi ve bu muntazam s\u00fcrette olmas\u0131 kerek - \u041c\u0435\u0434\u0436\u043b\u0456\u0441\",\"isPartOf\":{\"@id\":\"https:\\\/\\\/qtmm.org\\\/qt\\\/#website\"},\"primaryImageOfPage\":{\"@id\":\"https:\\\/\\\/qtmm.org\\\/qt\\\/leonid-kucma-akimiyet-daima-meclis-ile-dialogda-bulunmaqni-devam-etmesi-ve-bu-muntazam-surette-olmasi-kerek\\\/#primaryimage\"},\"image\":{\"@id\":\"https:\\\/\\\/qtmm.org\\\/qt\\\/leonid-kucma-akimiyet-daima-meclis-ile-dialogda-bulunmaqni-devam-etmesi-ve-bu-muntazam-surette-olmasi-kerek\\\/#primaryimage\"},\"thumbnailUrl\":\"http:\\\/\\\/qtmm.org\\\/wp-content\\\/uploads\\\/2022\\\/01\\\/top1.jpeg\",\"datePublished\":\"2013-09-17T14:59:00+00:00\",\"dateModified\":\"2022-01-25T15:00:23+00:00\",\"breadcrumb\":{\"@id\":\"https:\\\/\\\/qtmm.org\\\/qt\\\/leonid-kucma-akimiyet-daima-meclis-ile-dialogda-bulunmaqni-devam-etmesi-ve-bu-muntazam-surette-olmasi-kerek\\\/#breadcrumb\"},\"inLanguage\":\"qt\",\"potentialAction\":[{\"@type\":\"ReadAction\",\"target\":[\"https:\\\/\\\/qtmm.org\\\/qt\\\/leonid-kucma-akimiyet-daima-meclis-ile-dialogda-bulunmaqni-devam-etmesi-ve-bu-muntazam-surette-olmasi-kerek\\\/\"]}]},{\"@type\":\"ImageObject\",\"inLanguage\":\"qt\",\"@id\":\"https:\\\/\\\/qtmm.org\\\/qt\\\/leonid-kucma-akimiyet-daima-meclis-ile-dialogda-bulunmaqni-devam-etmesi-ve-bu-muntazam-surette-olmasi-kerek\\\/#primaryimage\",\"url\":\"http:\\\/\\\/qtmm.org\\\/wp-content\\\/uploads\\\/2022\\\/01\\\/top1.jpeg\",\"contentUrl\":\"http:\\\/\\\/qtmm.org\\\/wp-content\\\/uploads\\\/2022\\\/01\\\/top1.jpeg\"},{\"@type\":\"BreadcrumbList\",\"@id\":\"https:\\\/\\\/qtmm.org\\\/qt\\\/leonid-kucma-akimiyet-daima-meclis-ile-dialogda-bulunmaqni-devam-etmesi-ve-bu-muntazam-surette-olmasi-kerek\\\/#breadcrumb\",\"itemListElement\":[{\"@type\":\"ListItem\",\"position\":1,\"name\":\"\u0413\u043e\u043b\u043e\u0432\u043d\u0430\",\"item\":\"https:\\\/\\\/qtmm.org\\\/qt\\\/\"},{\"@type\":\"ListItem\",\"position\":2,\"name\":\"Leonid Ku\u00e7ma: Akimiyet daima Meclis ile dialogda bulunmaqn\u0131 devam etmesi ve bu muntazam s\u00fcrette olmas\u0131 kerek\"}]},{\"@type\":\"WebSite\",\"@id\":\"https:\\\/\\\/qtmm.org\\\/qt\\\/#website\",\"url\":\"https:\\\/\\\/qtmm.org\\\/qt\\\/\",\"name\":\"\u041c\u0435\u0434\u0436\u043b\u0456\u0441\",\"description\":\"\",\"publisher\":{\"@id\":\"https:\\\/\\\/qtmm.org\\\/qt\\\/#organization\"},\"potentialAction\":[{\"@type\":\"SearchAction\",\"target\":{\"@type\":\"EntryPoint\",\"urlTemplate\":\"https:\\\/\\\/qtmm.org\\\/qt\\\/?s={search_term_string}\"},\"query-input\":{\"@type\":\"PropertyValueSpecification\",\"valueRequired\":true,\"valueName\":\"search_term_string\"}}],\"inLanguage\":\"qt\"},{\"@type\":\"Organization\",\"@id\":\"https:\\\/\\\/qtmm.org\\\/qt\\\/#organization\",\"name\":\"\u041c\u0435\u0434\u0436\u043b\u0456\u0441\",\"url\":\"https:\\\/\\\/qtmm.org\\\/qt\\\/\",\"logo\":{\"@type\":\"ImageObject\",\"inLanguage\":\"qt\",\"@id\":\"https:\\\/\\\/qtmm.org\\\/qt\\\/#\\\/schema\\\/logo\\\/image\\\/\",\"url\":\"https:\\\/\\\/qtmm.org\\\/wp-content\\\/uploads\\\/2024\\\/12\\\/ua-mejlis-logo-rgb.svg\",\"contentUrl\":\"https:\\\/\\\/qtmm.org\\\/wp-content\\\/uploads\\\/2024\\\/12\\\/ua-mejlis-logo-rgb.svg\",\"caption\":\"\u041c\u0435\u0434\u0436\u043b\u0456\u0441\"},\"image\":{\"@id\":\"https:\\\/\\\/qtmm.org\\\/qt\\\/#\\\/schema\\\/logo\\\/image\\\/\"},\"sameAs\":[\"https:\\\/\\\/www.facebook.com\\\/qtmm.info\\\/\"]},{\"@type\":\"Person\",\"@id\":\"https:\\\/\\\/qtmm.org\\\/qt\\\/#\\\/schema\\\/person\\\/de562469f971dec226ac06e60bbf74a7\",\"name\":\"Developer\",\"image\":{\"@type\":\"ImageObject\",\"inLanguage\":\"qt\",\"@id\":\"https:\\\/\\\/secure.gravatar.com\\\/avatar\\\/392b4cc8fbfeb00b39dfeeab4ee6edded39ffd48e25858637e4765810300227e?s=96&d=mm&r=g\",\"url\":\"https:\\\/\\\/secure.gravatar.com\\\/avatar\\\/392b4cc8fbfeb00b39dfeeab4ee6edded39ffd48e25858637e4765810300227e?s=96&d=mm&r=g\",\"contentUrl\":\"https:\\\/\\\/secure.gravatar.com\\\/avatar\\\/392b4cc8fbfeb00b39dfeeab4ee6edded39ffd48e25858637e4765810300227e?s=96&d=mm&r=g\",\"caption\":\"Developer\"},\"url\":\"https:\\\/\\\/qtmm.org\\\/qt\\\/author\\\/Developer\\\/\"}]}<\/script>\n<!-- \/ Yoast SEO plugin. -->","yoast_head_json":{"title":"Leonid Ku\u00e7ma: Akimiyet daima Meclis ile dialogda bulunmaqn\u0131 devam etmesi ve bu muntazam s\u00fcrette olmas\u0131 kerek - \u041c\u0435\u0434\u0436\u043b\u0456\u0441","robots":{"index":"index","follow":"follow","max-snippet":"max-snippet:-1","max-image-preview":"max-image-preview:large","max-video-preview":"max-video-preview:-1"},"canonical":"https:\/\/qtmm.org\/qt\/leonid-kucma-akimiyet-daima-meclis-ile-dialogda-bulunmaqni-devam-etmesi-ve-bu-muntazam-surette-olmasi-kerek\/","og_locale":"en_US","og_type":"article","og_title":"Leonid Ku\u00e7ma: Akimiyet daima Meclis ile dialogda bulunmaqn\u0131 devam etmesi ve bu muntazam s\u00fcrette olmas\u0131 kerek - \u041c\u0435\u0434\u0436\u043b\u0456\u0441","og_description":"Ukrainan\u0131\u00f1 sab\u0131q Prezidenti L. Ku\u00e7ma 1999 senesi may\u0131s 18-de Ukraina Prezidenti yan\u0131nda Q\u0131r\u0131mtatar halq\u0131 vekillerini\u00f1 ke\u00f1e\u015fini meydan\u011fa ketirmek aqq\u0131nda imzalad\u0131\u011f\u0131 \u2116518\/99 fermann\u0131 do\u011fru ve tam zaman\u0131nda yap\u0131l\u011fan i\u015f, dep saya. O vaq\u0131tta ke\u00f1e\u015fke Meclisni\u00f1 b\u00fct\u00fcn azalar\u0131 kirgen edi. &#8220;Zaman\u0131na k\u00f6re qabul etilgen qarar pek do\u011fru edi. Eger o qarar bug\u00fcn de keregi kibi \u00e7al\u0131\u015fsa edi, [&hellip;]","og_url":"https:\/\/qtmm.org\/qt\/leonid-kucma-akimiyet-daima-meclis-ile-dialogda-bulunmaqni-devam-etmesi-ve-bu-muntazam-surette-olmasi-kerek\/","og_site_name":"\u041c\u0435\u0434\u0436\u043b\u0456\u0441","article_publisher":"https:\/\/www.facebook.com\/qtmm.info\/","article_published_time":"2013-09-17T14:59:00+00:00","article_modified_time":"2022-01-25T15:00:23+00:00","og_image":[{"width":670,"height":310,"url":"https:\/\/qtmm.org\/wp-content\/uploads\/2022\/01\/top1.jpeg","type":"image\/jpeg"}],"author":"Developer","twitter_card":"summary_large_image","twitter_misc":{"Written by":"Developer","Est. reading time":"2 minutes"},"schema":{"@context":"https:\/\/schema.org","@graph":[{"@type":"Article","@id":"https:\/\/qtmm.org\/qt\/leonid-kucma-akimiyet-daima-meclis-ile-dialogda-bulunmaqni-devam-etmesi-ve-bu-muntazam-surette-olmasi-kerek\/#article","isPartOf":{"@id":"https:\/\/qtmm.org\/qt\/leonid-kucma-akimiyet-daima-meclis-ile-dialogda-bulunmaqni-devam-etmesi-ve-bu-muntazam-surette-olmasi-kerek\/"},"author":{"name":"Developer","@id":"https:\/\/qtmm.org\/qt\/#\/schema\/person\/de562469f971dec226ac06e60bbf74a7"},"headline":"Leonid Ku\u00e7ma: Akimiyet daima Meclis ile dialogda bulunmaqn\u0131 devam etmesi ve bu muntazam s\u00fcrette olmas\u0131 kerek","datePublished":"2013-09-17T14:59:00+00:00","dateModified":"2022-01-25T15:00:23+00:00","mainEntityOfPage":{"@id":"https:\/\/qtmm.org\/qt\/leonid-kucma-akimiyet-daima-meclis-ile-dialogda-bulunmaqni-devam-etmesi-ve-bu-muntazam-surette-olmasi-kerek\/"},"wordCount":326,"commentCount":0,"publisher":{"@id":"https:\/\/qtmm.org\/qt\/#organization"},"image":{"@id":"https:\/\/qtmm.org\/qt\/leonid-kucma-akimiyet-daima-meclis-ile-dialogda-bulunmaqni-devam-etmesi-ve-bu-muntazam-surette-olmasi-kerek\/#primaryimage"},"thumbnailUrl":"http:\/\/qtmm.org\/wp-content\/uploads\/2022\/01\/top1.jpeg","articleSection":["Haberler"],"inLanguage":"qt","potentialAction":[{"@type":"CommentAction","name":"Comment","target":["https:\/\/qtmm.org\/qt\/leonid-kucma-akimiyet-daima-meclis-ile-dialogda-bulunmaqni-devam-etmesi-ve-bu-muntazam-surette-olmasi-kerek\/#respond"]}]},{"@type":"WebPage","@id":"https:\/\/qtmm.org\/qt\/leonid-kucma-akimiyet-daima-meclis-ile-dialogda-bulunmaqni-devam-etmesi-ve-bu-muntazam-surette-olmasi-kerek\/","url":"https:\/\/qtmm.org\/qt\/leonid-kucma-akimiyet-daima-meclis-ile-dialogda-bulunmaqni-devam-etmesi-ve-bu-muntazam-surette-olmasi-kerek\/","name":"Leonid Ku\u00e7ma: Akimiyet daima Meclis ile dialogda bulunmaqn\u0131 devam etmesi ve bu muntazam s\u00fcrette olmas\u0131 kerek - \u041c\u0435\u0434\u0436\u043b\u0456\u0441","isPartOf":{"@id":"https:\/\/qtmm.org\/qt\/#website"},"primaryImageOfPage":{"@id":"https:\/\/qtmm.org\/qt\/leonid-kucma-akimiyet-daima-meclis-ile-dialogda-bulunmaqni-devam-etmesi-ve-bu-muntazam-surette-olmasi-kerek\/#primaryimage"},"image":{"@id":"https:\/\/qtmm.org\/qt\/leonid-kucma-akimiyet-daima-meclis-ile-dialogda-bulunmaqni-devam-etmesi-ve-bu-muntazam-surette-olmasi-kerek\/#primaryimage"},"thumbnailUrl":"http:\/\/qtmm.org\/wp-content\/uploads\/2022\/01\/top1.jpeg","datePublished":"2013-09-17T14:59:00+00:00","dateModified":"2022-01-25T15:00:23+00:00","breadcrumb":{"@id":"https:\/\/qtmm.org\/qt\/leonid-kucma-akimiyet-daima-meclis-ile-dialogda-bulunmaqni-devam-etmesi-ve-bu-muntazam-surette-olmasi-kerek\/#breadcrumb"},"inLanguage":"qt","potentialAction":[{"@type":"ReadAction","target":["https:\/\/qtmm.org\/qt\/leonid-kucma-akimiyet-daima-meclis-ile-dialogda-bulunmaqni-devam-etmesi-ve-bu-muntazam-surette-olmasi-kerek\/"]}]},{"@type":"ImageObject","inLanguage":"qt","@id":"https:\/\/qtmm.org\/qt\/leonid-kucma-akimiyet-daima-meclis-ile-dialogda-bulunmaqni-devam-etmesi-ve-bu-muntazam-surette-olmasi-kerek\/#primaryimage","url":"http:\/\/qtmm.org\/wp-content\/uploads\/2022\/01\/top1.jpeg","contentUrl":"http:\/\/qtmm.org\/wp-content\/uploads\/2022\/01\/top1.jpeg"},{"@type":"BreadcrumbList","@id":"https:\/\/qtmm.org\/qt\/leonid-kucma-akimiyet-daima-meclis-ile-dialogda-bulunmaqni-devam-etmesi-ve-bu-muntazam-surette-olmasi-kerek\/#breadcrumb","itemListElement":[{"@type":"ListItem","position":1,"name":"\u0413\u043e\u043b\u043e\u0432\u043d\u0430","item":"https:\/\/qtmm.org\/qt\/"},{"@type":"ListItem","position":2,"name":"Leonid Ku\u00e7ma: Akimiyet daima Meclis ile dialogda bulunmaqn\u0131 devam etmesi ve bu muntazam s\u00fcrette olmas\u0131 kerek"}]},{"@type":"WebSite","@id":"https:\/\/qtmm.org\/qt\/#website","url":"https:\/\/qtmm.org\/qt\/","name":"\u041c\u0435\u0434\u0436\u043b\u0456\u0441","description":"","publisher":{"@id":"https:\/\/qtmm.org\/qt\/#organization"},"potentialAction":[{"@type":"SearchAction","target":{"@type":"EntryPoint","urlTemplate":"https:\/\/qtmm.org\/qt\/?s={search_term_string}"},"query-input":{"@type":"PropertyValueSpecification","valueRequired":true,"valueName":"search_term_string"}}],"inLanguage":"qt"},{"@type":"Organization","@id":"https:\/\/qtmm.org\/qt\/#organization","name":"\u041c\u0435\u0434\u0436\u043b\u0456\u0441","url":"https:\/\/qtmm.org\/qt\/","logo":{"@type":"ImageObject","inLanguage":"qt","@id":"https:\/\/qtmm.org\/qt\/#\/schema\/logo\/image\/","url":"https:\/\/qtmm.org\/wp-content\/uploads\/2024\/12\/ua-mejlis-logo-rgb.svg","contentUrl":"https:\/\/qtmm.org\/wp-content\/uploads\/2024\/12\/ua-mejlis-logo-rgb.svg","caption":"\u041c\u0435\u0434\u0436\u043b\u0456\u0441"},"image":{"@id":"https:\/\/qtmm.org\/qt\/#\/schema\/logo\/image\/"},"sameAs":["https:\/\/www.facebook.com\/qtmm.info\/"]},{"@type":"Person","@id":"https:\/\/qtmm.org\/qt\/#\/schema\/person\/de562469f971dec226ac06e60bbf74a7","name":"Developer","image":{"@type":"ImageObject","inLanguage":"qt","@id":"https:\/\/secure.gravatar.com\/avatar\/392b4cc8fbfeb00b39dfeeab4ee6edded39ffd48e25858637e4765810300227e?s=96&d=mm&r=g","url":"https:\/\/secure.gravatar.com\/avatar\/392b4cc8fbfeb00b39dfeeab4ee6edded39ffd48e25858637e4765810300227e?s=96&d=mm&r=g","contentUrl":"https:\/\/secure.gravatar.com\/avatar\/392b4cc8fbfeb00b39dfeeab4ee6edded39ffd48e25858637e4765810300227e?s=96&d=mm&r=g","caption":"Developer"},"url":"https:\/\/qtmm.org\/qt\/author\/Developer\/"}]}},"_links":{"self":[{"href":"https:\/\/qtmm.org\/qt\/wp-json\/wp\/v2\/posts\/39333","targetHints":{"allow":["GET"]}}],"collection":[{"href":"https:\/\/qtmm.org\/qt\/wp-json\/wp\/v2\/posts"}],"about":[{"href":"https:\/\/qtmm.org\/qt\/wp-json\/wp\/v2\/types\/post"}],"author":[{"embeddable":true,"href":"https:\/\/qtmm.org\/qt\/wp-json\/wp\/v2\/users\/1"}],"replies":[{"embeddable":true,"href":"https:\/\/qtmm.org\/qt\/wp-json\/wp\/v2\/comments?post=39333"}],"version-history":[{"count":1,"href":"https:\/\/qtmm.org\/qt\/wp-json\/wp\/v2\/posts\/39333\/revisions"}],"predecessor-version":[{"id":39342,"href":"https:\/\/qtmm.org\/qt\/wp-json\/wp\/v2\/posts\/39333\/revisions\/39342"}],"wp:attachment":[{"href":"https:\/\/qtmm.org\/qt\/wp-json\/wp\/v2\/media?parent=39333"}],"wp:term":[{"taxonomy":"category","embeddable":true,"href":"https:\/\/qtmm.org\/qt\/wp-json\/wp\/v2\/categories?post=39333"},{"taxonomy":"post_tag","embeddable":true,"href":"https:\/\/qtmm.org\/qt\/wp-json\/wp\/v2\/tags?post=39333"}],"curies":[{"name":"wp","href":"https:\/\/api.w.org\/{rel}","templated":true}]}}