




{"id":39327,"date":"2013-09-17T17:58:00","date_gmt":"2013-09-17T14:58:00","guid":{"rendered":"http:\/\/qtmm.org\/?p=39327"},"modified":"2022-01-25T17:58:52","modified_gmt":"2022-01-25T14:58:52","slug":"qirimtatar-studentleri-turkiye-cumhuriyeti-simaliy-qibrizdaki-yaqin-sarq-universitetine-oquvga-kettiler","status":"publish","type":"post","link":"https:\/\/qtmm.org\/qt\/qirimtatar-studentleri-turkiye-cumhuriyeti-simaliy-qibrizdaki-yaqin-sarq-universitetine-oquvga-kettiler\/","title":{"rendered":"Q\u0131r\u0131mtatar studentleri T\u00fcrkiye Cumhuriyeti \u015eimaliy Q\u0131br\u0131zdaki Yaq\u0131n \u015farq universitetine oquv\u011fa kettiler"},"content":{"rendered":"\n<p>2013 senesi sent\u00e2br 17 k\u00fcn\u00fc Milliy Meclis Tasil ve medeniyet idaresini\u00f1 ba\u015f\u0131, &#8220;Maarif\u00e7i&#8221; birle\u015fmesini\u00f1 reisi Safure Kacametova T\u00fcrkiye Cumhuriyeti \u015eimaliy Q\u0131br\u0131zdaki Yaq\u0131n \u015farq universitetine kirgen d\u00f6rt nefer studentni oquv\u011fa oz\u011fard\u0131.<\/p>\n\n\n\n<figure class=\"wp-block-image size-full\"><img loading=\"lazy\" decoding=\"async\" width=\"800\" height=\"600\" src=\"http:\/\/qtmm.org\/wp-content\/uploads\/2022\/01\/kipr_17092013.jpeg\" alt=\"\" class=\"wp-image-39328\" srcset=\"https:\/\/qtmm.org\/wp-content\/uploads\/2022\/01\/kipr_17092013.jpeg 800w, https:\/\/qtmm.org\/wp-content\/uploads\/2022\/01\/kipr_17092013-300x225.jpeg 300w, https:\/\/qtmm.org\/wp-content\/uploads\/2022\/01\/kipr_17092013-768x576.jpeg 768w\" sizes=\"auto, (max-width: 800px) 100vw, 800px\" \/><\/figure>\n\n\n\n<p>Belli ki, 2009 senesi Levko\u015fa \u015feerinde Milliy Meclis reisi Mustafa Cemilev ve \u015eimaliy Q\u0131br\u0131zdaki Yaq\u0131n \u015farq universitetini\u00f1 rektor\u0131 Suat G\u00fcnsel imzala\u011fan a\u00f1la\u015fma\u011fa k\u00f6re universitet er y\u0131l\u0131 q\u0131r\u0131mtatar studentleri i\u00e7\u00fcn 3-4 yer ay\u0131racaq. Yar\u0131\u015f neticelerine k\u00f6re se\u00e7ilgen Sabriye Abdura\u015fitova, Erol Abdulcelilov, Dil\u00e2ra Samedinova ve Akim \u00dcmerov 2013 senesi universitetni\u00f1 studenti old\u0131lar, daa eki student ise magistr unvan\u0131n\u0131 qazanacaqlar.<br>Safure Kacametova Milliy Meclis ad\u0131ndan studentlerge o\u011furl\u0131 yollar, muvafaqiyetli ve mahsuldar oquvlar tilep, bilgi saibi ol\u0131p evge qaytmalar\u0131n\u0131 istedi.<\/p>\n","protected":false},"excerpt":{"rendered":"<p>2013 senesi sent\u00e2br 17 k\u00fcn\u00fc Milliy Meclis Tasil ve medeniyet idaresini\u00f1 ba\u015f\u0131, &#8220;Maarif\u00e7i&#8221; birle\u015fmesini\u00f1 reisi Safure Kacametova T\u00fcrkiye Cumhuriyeti \u015eimaliy Q\u0131br\u0131zdaki Yaq\u0131n \u015farq universitetine kirgen d\u00f6rt nefer studentni oquv\u011fa oz\u011fard\u0131. Belli ki, 2009 senesi Levko\u015fa \u015feerinde Milliy Meclis reisi Mustafa Cemilev ve \u015eimaliy Q\u0131br\u0131zdaki Yaq\u0131n \u015farq universitetini\u00f1 rektor\u0131 Suat G\u00fcnsel imzala\u011fan a\u00f1la\u015fma\u011fa k\u00f6re universitet er [&hellip;]<\/p>\n","protected":false},"author":1,"featured_media":0,"comment_status":"open","ping_status":"open","sticky":false,"template":"","format":"standard","meta":{"inline_featured_image":false,"footnotes":""},"categories":[265],"tags":[],"class_list":["post-39327","post","type-post","status-publish","format-standard","hentry","category-haberler"],"acf":[],"yoast_head":"<!-- This site is optimized with the Yoast SEO plugin v27.4 - https:\/\/yoast.com\/product\/yoast-seo-wordpress\/ -->\n<title>Q\u0131r\u0131mtatar studentleri T\u00fcrkiye Cumhuriyeti \u015eimaliy Q\u0131br\u0131zdaki Yaq\u0131n \u015farq universitetine oquv\u011fa kettiler - \u041c\u0435\u0434\u0436\u043b\u0456\u0441<\/title>\n<meta name=\"robots\" content=\"index, follow, max-snippet:-1, max-image-preview:large, max-video-preview:-1\" \/>\n<link rel=\"canonical\" href=\"https:\/\/qtmm.org\/qt\/qirimtatar-studentleri-turkiye-cumhuriyeti-simaliy-qibrizdaki-yaqin-sarq-universitetine-oquvga-kettiler\/\" \/>\n<meta property=\"og:locale\" content=\"en_US\" \/>\n<meta property=\"og:type\" content=\"article\" \/>\n<meta property=\"og:title\" content=\"Q\u0131r\u0131mtatar studentleri T\u00fcrkiye Cumhuriyeti \u015eimaliy Q\u0131br\u0131zdaki Yaq\u0131n \u015farq universitetine oquv\u011fa kettiler - \u041c\u0435\u0434\u0436\u043b\u0456\u0441\" \/>\n<meta property=\"og:description\" content=\"2013 senesi sent\u00e2br 17 k\u00fcn\u00fc Milliy Meclis Tasil ve medeniyet idaresini\u00f1 ba\u015f\u0131, &#8220;Maarif\u00e7i&#8221; birle\u015fmesini\u00f1 reisi Safure Kacametova T\u00fcrkiye Cumhuriyeti \u015eimaliy Q\u0131br\u0131zdaki Yaq\u0131n \u015farq universitetine kirgen d\u00f6rt nefer studentni oquv\u011fa oz\u011fard\u0131. Belli ki, 2009 senesi Levko\u015fa \u015feerinde Milliy Meclis reisi Mustafa Cemilev ve \u015eimaliy Q\u0131br\u0131zdaki Yaq\u0131n \u015farq universitetini\u00f1 rektor\u0131 Suat G\u00fcnsel imzala\u011fan a\u00f1la\u015fma\u011fa k\u00f6re universitet er [&hellip;]\" \/>\n<meta property=\"og:url\" content=\"https:\/\/qtmm.org\/qt\/qirimtatar-studentleri-turkiye-cumhuriyeti-simaliy-qibrizdaki-yaqin-sarq-universitetine-oquvga-kettiler\/\" \/>\n<meta property=\"og:site_name\" content=\"\u041c\u0435\u0434\u0436\u043b\u0456\u0441\" \/>\n<meta property=\"article:publisher\" content=\"https:\/\/www.facebook.com\/qtmm.info\/\" \/>\n<meta property=\"article:published_time\" content=\"2013-09-17T14:58:00+00:00\" \/>\n<meta property=\"article:modified_time\" content=\"2022-01-25T14:58:52+00:00\" \/>\n<meta property=\"og:image\" content=\"https:\/\/qtmm.org\/wp-content\/uploads\/2022\/01\/kipr_17092013.jpeg\" \/>\n\t<meta property=\"og:image:width\" content=\"800\" \/>\n\t<meta property=\"og:image:height\" content=\"600\" \/>\n\t<meta property=\"og:image:type\" content=\"image\/jpeg\" \/>\n<meta name=\"author\" content=\"Developer\" \/>\n<meta name=\"twitter:card\" content=\"summary_large_image\" \/>\n<meta name=\"twitter:label1\" content=\"Written by\" \/>\n\t<meta name=\"twitter:data1\" content=\"Developer\" \/>\n\t<meta name=\"twitter:label2\" content=\"Est. reading time\" \/>\n\t<meta name=\"twitter:data2\" content=\"1 minute\" \/>\n<script type=\"application\/ld+json\" class=\"yoast-schema-graph\">{\"@context\":\"https:\\\/\\\/schema.org\",\"@graph\":[{\"@type\":\"Article\",\"@id\":\"https:\\\/\\\/qtmm.org\\\/qt\\\/qirimtatar-studentleri-turkiye-cumhuriyeti-simaliy-qibrizdaki-yaqin-sarq-universitetine-oquvga-kettiler\\\/#article\",\"isPartOf\":{\"@id\":\"https:\\\/\\\/qtmm.org\\\/qt\\\/qirimtatar-studentleri-turkiye-cumhuriyeti-simaliy-qibrizdaki-yaqin-sarq-universitetine-oquvga-kettiler\\\/\"},\"author\":{\"name\":\"Developer\",\"@id\":\"https:\\\/\\\/qtmm.org\\\/qt\\\/#\\\/schema\\\/person\\\/de562469f971dec226ac06e60bbf74a7\"},\"headline\":\"Q\u0131r\u0131mtatar studentleri T\u00fcrkiye Cumhuriyeti \u015eimaliy Q\u0131br\u0131zdaki Yaq\u0131n \u015farq universitetine oquv\u011fa kettiler\",\"datePublished\":\"2013-09-17T14:58:00+00:00\",\"dateModified\":\"2022-01-25T14:58:52+00:00\",\"mainEntityOfPage\":{\"@id\":\"https:\\\/\\\/qtmm.org\\\/qt\\\/qirimtatar-studentleri-turkiye-cumhuriyeti-simaliy-qibrizdaki-yaqin-sarq-universitetine-oquvga-kettiler\\\/\"},\"wordCount\":156,\"commentCount\":0,\"publisher\":{\"@id\":\"https:\\\/\\\/qtmm.org\\\/qt\\\/#organization\"},\"image\":{\"@id\":\"https:\\\/\\\/qtmm.org\\\/qt\\\/qirimtatar-studentleri-turkiye-cumhuriyeti-simaliy-qibrizdaki-yaqin-sarq-universitetine-oquvga-kettiler\\\/#primaryimage\"},\"thumbnailUrl\":\"http:\\\/\\\/qtmm.org\\\/wp-content\\\/uploads\\\/2022\\\/01\\\/kipr_17092013.jpeg\",\"articleSection\":[\"Haberler\"],\"inLanguage\":\"qt\",\"potentialAction\":[{\"@type\":\"CommentAction\",\"name\":\"Comment\",\"target\":[\"https:\\\/\\\/qtmm.org\\\/qt\\\/qirimtatar-studentleri-turkiye-cumhuriyeti-simaliy-qibrizdaki-yaqin-sarq-universitetine-oquvga-kettiler\\\/#respond\"]}]},{\"@type\":\"WebPage\",\"@id\":\"https:\\\/\\\/qtmm.org\\\/qt\\\/qirimtatar-studentleri-turkiye-cumhuriyeti-simaliy-qibrizdaki-yaqin-sarq-universitetine-oquvga-kettiler\\\/\",\"url\":\"https:\\\/\\\/qtmm.org\\\/qt\\\/qirimtatar-studentleri-turkiye-cumhuriyeti-simaliy-qibrizdaki-yaqin-sarq-universitetine-oquvga-kettiler\\\/\",\"name\":\"Q\u0131r\u0131mtatar studentleri T\u00fcrkiye Cumhuriyeti \u015eimaliy Q\u0131br\u0131zdaki Yaq\u0131n \u015farq universitetine oquv\u011fa kettiler - \u041c\u0435\u0434\u0436\u043b\u0456\u0441\",\"isPartOf\":{\"@id\":\"https:\\\/\\\/qtmm.org\\\/qt\\\/#website\"},\"primaryImageOfPage\":{\"@id\":\"https:\\\/\\\/qtmm.org\\\/qt\\\/qirimtatar-studentleri-turkiye-cumhuriyeti-simaliy-qibrizdaki-yaqin-sarq-universitetine-oquvga-kettiler\\\/#primaryimage\"},\"image\":{\"@id\":\"https:\\\/\\\/qtmm.org\\\/qt\\\/qirimtatar-studentleri-turkiye-cumhuriyeti-simaliy-qibrizdaki-yaqin-sarq-universitetine-oquvga-kettiler\\\/#primaryimage\"},\"thumbnailUrl\":\"http:\\\/\\\/qtmm.org\\\/wp-content\\\/uploads\\\/2022\\\/01\\\/kipr_17092013.jpeg\",\"datePublished\":\"2013-09-17T14:58:00+00:00\",\"dateModified\":\"2022-01-25T14:58:52+00:00\",\"breadcrumb\":{\"@id\":\"https:\\\/\\\/qtmm.org\\\/qt\\\/qirimtatar-studentleri-turkiye-cumhuriyeti-simaliy-qibrizdaki-yaqin-sarq-universitetine-oquvga-kettiler\\\/#breadcrumb\"},\"inLanguage\":\"qt\",\"potentialAction\":[{\"@type\":\"ReadAction\",\"target\":[\"https:\\\/\\\/qtmm.org\\\/qt\\\/qirimtatar-studentleri-turkiye-cumhuriyeti-simaliy-qibrizdaki-yaqin-sarq-universitetine-oquvga-kettiler\\\/\"]}]},{\"@type\":\"ImageObject\",\"inLanguage\":\"qt\",\"@id\":\"https:\\\/\\\/qtmm.org\\\/qt\\\/qirimtatar-studentleri-turkiye-cumhuriyeti-simaliy-qibrizdaki-yaqin-sarq-universitetine-oquvga-kettiler\\\/#primaryimage\",\"url\":\"http:\\\/\\\/qtmm.org\\\/wp-content\\\/uploads\\\/2022\\\/01\\\/kipr_17092013.jpeg\",\"contentUrl\":\"http:\\\/\\\/qtmm.org\\\/wp-content\\\/uploads\\\/2022\\\/01\\\/kipr_17092013.jpeg\"},{\"@type\":\"BreadcrumbList\",\"@id\":\"https:\\\/\\\/qtmm.org\\\/qt\\\/qirimtatar-studentleri-turkiye-cumhuriyeti-simaliy-qibrizdaki-yaqin-sarq-universitetine-oquvga-kettiler\\\/#breadcrumb\",\"itemListElement\":[{\"@type\":\"ListItem\",\"position\":1,\"name\":\"\u0413\u043e\u043b\u043e\u0432\u043d\u0430\",\"item\":\"https:\\\/\\\/qtmm.org\\\/qt\\\/\"},{\"@type\":\"ListItem\",\"position\":2,\"name\":\"Q\u0131r\u0131mtatar studentleri T\u00fcrkiye Cumhuriyeti \u015eimaliy Q\u0131br\u0131zdaki Yaq\u0131n \u015farq universitetine oquv\u011fa kettiler\"}]},{\"@type\":\"WebSite\",\"@id\":\"https:\\\/\\\/qtmm.org\\\/qt\\\/#website\",\"url\":\"https:\\\/\\\/qtmm.org\\\/qt\\\/\",\"name\":\"\u041c\u0435\u0434\u0436\u043b\u0456\u0441\",\"description\":\"\",\"publisher\":{\"@id\":\"https:\\\/\\\/qtmm.org\\\/qt\\\/#organization\"},\"potentialAction\":[{\"@type\":\"SearchAction\",\"target\":{\"@type\":\"EntryPoint\",\"urlTemplate\":\"https:\\\/\\\/qtmm.org\\\/qt\\\/?s={search_term_string}\"},\"query-input\":{\"@type\":\"PropertyValueSpecification\",\"valueRequired\":true,\"valueName\":\"search_term_string\"}}],\"inLanguage\":\"qt\"},{\"@type\":\"Organization\",\"@id\":\"https:\\\/\\\/qtmm.org\\\/qt\\\/#organization\",\"name\":\"\u041c\u0435\u0434\u0436\u043b\u0456\u0441\",\"url\":\"https:\\\/\\\/qtmm.org\\\/qt\\\/\",\"logo\":{\"@type\":\"ImageObject\",\"inLanguage\":\"qt\",\"@id\":\"https:\\\/\\\/qtmm.org\\\/qt\\\/#\\\/schema\\\/logo\\\/image\\\/\",\"url\":\"https:\\\/\\\/qtmm.org\\\/wp-content\\\/uploads\\\/2024\\\/12\\\/ua-mejlis-logo-rgb.svg\",\"contentUrl\":\"https:\\\/\\\/qtmm.org\\\/wp-content\\\/uploads\\\/2024\\\/12\\\/ua-mejlis-logo-rgb.svg\",\"caption\":\"\u041c\u0435\u0434\u0436\u043b\u0456\u0441\"},\"image\":{\"@id\":\"https:\\\/\\\/qtmm.org\\\/qt\\\/#\\\/schema\\\/logo\\\/image\\\/\"},\"sameAs\":[\"https:\\\/\\\/www.facebook.com\\\/qtmm.info\\\/\"]},{\"@type\":\"Person\",\"@id\":\"https:\\\/\\\/qtmm.org\\\/qt\\\/#\\\/schema\\\/person\\\/de562469f971dec226ac06e60bbf74a7\",\"name\":\"Developer\",\"image\":{\"@type\":\"ImageObject\",\"inLanguage\":\"qt\",\"@id\":\"https:\\\/\\\/secure.gravatar.com\\\/avatar\\\/392b4cc8fbfeb00b39dfeeab4ee6edded39ffd48e25858637e4765810300227e?s=96&d=mm&r=g\",\"url\":\"https:\\\/\\\/secure.gravatar.com\\\/avatar\\\/392b4cc8fbfeb00b39dfeeab4ee6edded39ffd48e25858637e4765810300227e?s=96&d=mm&r=g\",\"contentUrl\":\"https:\\\/\\\/secure.gravatar.com\\\/avatar\\\/392b4cc8fbfeb00b39dfeeab4ee6edded39ffd48e25858637e4765810300227e?s=96&d=mm&r=g\",\"caption\":\"Developer\"},\"url\":\"https:\\\/\\\/qtmm.org\\\/qt\\\/author\\\/Developer\\\/\"}]}<\/script>\n<!-- \/ Yoast SEO plugin. -->","yoast_head_json":{"title":"Q\u0131r\u0131mtatar studentleri T\u00fcrkiye Cumhuriyeti \u015eimaliy Q\u0131br\u0131zdaki Yaq\u0131n \u015farq universitetine oquv\u011fa kettiler - \u041c\u0435\u0434\u0436\u043b\u0456\u0441","robots":{"index":"index","follow":"follow","max-snippet":"max-snippet:-1","max-image-preview":"max-image-preview:large","max-video-preview":"max-video-preview:-1"},"canonical":"https:\/\/qtmm.org\/qt\/qirimtatar-studentleri-turkiye-cumhuriyeti-simaliy-qibrizdaki-yaqin-sarq-universitetine-oquvga-kettiler\/","og_locale":"en_US","og_type":"article","og_title":"Q\u0131r\u0131mtatar studentleri T\u00fcrkiye Cumhuriyeti \u015eimaliy Q\u0131br\u0131zdaki Yaq\u0131n \u015farq universitetine oquv\u011fa kettiler - \u041c\u0435\u0434\u0436\u043b\u0456\u0441","og_description":"2013 senesi sent\u00e2br 17 k\u00fcn\u00fc Milliy Meclis Tasil ve medeniyet idaresini\u00f1 ba\u015f\u0131, &#8220;Maarif\u00e7i&#8221; birle\u015fmesini\u00f1 reisi Safure Kacametova T\u00fcrkiye Cumhuriyeti \u015eimaliy Q\u0131br\u0131zdaki Yaq\u0131n \u015farq universitetine kirgen d\u00f6rt nefer studentni oquv\u011fa oz\u011fard\u0131. Belli ki, 2009 senesi Levko\u015fa \u015feerinde Milliy Meclis reisi Mustafa Cemilev ve \u015eimaliy Q\u0131br\u0131zdaki Yaq\u0131n \u015farq universitetini\u00f1 rektor\u0131 Suat G\u00fcnsel imzala\u011fan a\u00f1la\u015fma\u011fa k\u00f6re universitet er [&hellip;]","og_url":"https:\/\/qtmm.org\/qt\/qirimtatar-studentleri-turkiye-cumhuriyeti-simaliy-qibrizdaki-yaqin-sarq-universitetine-oquvga-kettiler\/","og_site_name":"\u041c\u0435\u0434\u0436\u043b\u0456\u0441","article_publisher":"https:\/\/www.facebook.com\/qtmm.info\/","article_published_time":"2013-09-17T14:58:00+00:00","article_modified_time":"2022-01-25T14:58:52+00:00","og_image":[{"width":800,"height":600,"url":"https:\/\/qtmm.org\/wp-content\/uploads\/2022\/01\/kipr_17092013.jpeg","type":"image\/jpeg"}],"author":"Developer","twitter_card":"summary_large_image","twitter_misc":{"Written by":"Developer","Est. reading time":"1 minute"},"schema":{"@context":"https:\/\/schema.org","@graph":[{"@type":"Article","@id":"https:\/\/qtmm.org\/qt\/qirimtatar-studentleri-turkiye-cumhuriyeti-simaliy-qibrizdaki-yaqin-sarq-universitetine-oquvga-kettiler\/#article","isPartOf":{"@id":"https:\/\/qtmm.org\/qt\/qirimtatar-studentleri-turkiye-cumhuriyeti-simaliy-qibrizdaki-yaqin-sarq-universitetine-oquvga-kettiler\/"},"author":{"name":"Developer","@id":"https:\/\/qtmm.org\/qt\/#\/schema\/person\/de562469f971dec226ac06e60bbf74a7"},"headline":"Q\u0131r\u0131mtatar studentleri T\u00fcrkiye Cumhuriyeti \u015eimaliy Q\u0131br\u0131zdaki Yaq\u0131n \u015farq universitetine oquv\u011fa kettiler","datePublished":"2013-09-17T14:58:00+00:00","dateModified":"2022-01-25T14:58:52+00:00","mainEntityOfPage":{"@id":"https:\/\/qtmm.org\/qt\/qirimtatar-studentleri-turkiye-cumhuriyeti-simaliy-qibrizdaki-yaqin-sarq-universitetine-oquvga-kettiler\/"},"wordCount":156,"commentCount":0,"publisher":{"@id":"https:\/\/qtmm.org\/qt\/#organization"},"image":{"@id":"https:\/\/qtmm.org\/qt\/qirimtatar-studentleri-turkiye-cumhuriyeti-simaliy-qibrizdaki-yaqin-sarq-universitetine-oquvga-kettiler\/#primaryimage"},"thumbnailUrl":"http:\/\/qtmm.org\/wp-content\/uploads\/2022\/01\/kipr_17092013.jpeg","articleSection":["Haberler"],"inLanguage":"qt","potentialAction":[{"@type":"CommentAction","name":"Comment","target":["https:\/\/qtmm.org\/qt\/qirimtatar-studentleri-turkiye-cumhuriyeti-simaliy-qibrizdaki-yaqin-sarq-universitetine-oquvga-kettiler\/#respond"]}]},{"@type":"WebPage","@id":"https:\/\/qtmm.org\/qt\/qirimtatar-studentleri-turkiye-cumhuriyeti-simaliy-qibrizdaki-yaqin-sarq-universitetine-oquvga-kettiler\/","url":"https:\/\/qtmm.org\/qt\/qirimtatar-studentleri-turkiye-cumhuriyeti-simaliy-qibrizdaki-yaqin-sarq-universitetine-oquvga-kettiler\/","name":"Q\u0131r\u0131mtatar studentleri T\u00fcrkiye Cumhuriyeti \u015eimaliy Q\u0131br\u0131zdaki Yaq\u0131n \u015farq universitetine oquv\u011fa kettiler - \u041c\u0435\u0434\u0436\u043b\u0456\u0441","isPartOf":{"@id":"https:\/\/qtmm.org\/qt\/#website"},"primaryImageOfPage":{"@id":"https:\/\/qtmm.org\/qt\/qirimtatar-studentleri-turkiye-cumhuriyeti-simaliy-qibrizdaki-yaqin-sarq-universitetine-oquvga-kettiler\/#primaryimage"},"image":{"@id":"https:\/\/qtmm.org\/qt\/qirimtatar-studentleri-turkiye-cumhuriyeti-simaliy-qibrizdaki-yaqin-sarq-universitetine-oquvga-kettiler\/#primaryimage"},"thumbnailUrl":"http:\/\/qtmm.org\/wp-content\/uploads\/2022\/01\/kipr_17092013.jpeg","datePublished":"2013-09-17T14:58:00+00:00","dateModified":"2022-01-25T14:58:52+00:00","breadcrumb":{"@id":"https:\/\/qtmm.org\/qt\/qirimtatar-studentleri-turkiye-cumhuriyeti-simaliy-qibrizdaki-yaqin-sarq-universitetine-oquvga-kettiler\/#breadcrumb"},"inLanguage":"qt","potentialAction":[{"@type":"ReadAction","target":["https:\/\/qtmm.org\/qt\/qirimtatar-studentleri-turkiye-cumhuriyeti-simaliy-qibrizdaki-yaqin-sarq-universitetine-oquvga-kettiler\/"]}]},{"@type":"ImageObject","inLanguage":"qt","@id":"https:\/\/qtmm.org\/qt\/qirimtatar-studentleri-turkiye-cumhuriyeti-simaliy-qibrizdaki-yaqin-sarq-universitetine-oquvga-kettiler\/#primaryimage","url":"http:\/\/qtmm.org\/wp-content\/uploads\/2022\/01\/kipr_17092013.jpeg","contentUrl":"http:\/\/qtmm.org\/wp-content\/uploads\/2022\/01\/kipr_17092013.jpeg"},{"@type":"BreadcrumbList","@id":"https:\/\/qtmm.org\/qt\/qirimtatar-studentleri-turkiye-cumhuriyeti-simaliy-qibrizdaki-yaqin-sarq-universitetine-oquvga-kettiler\/#breadcrumb","itemListElement":[{"@type":"ListItem","position":1,"name":"\u0413\u043e\u043b\u043e\u0432\u043d\u0430","item":"https:\/\/qtmm.org\/qt\/"},{"@type":"ListItem","position":2,"name":"Q\u0131r\u0131mtatar studentleri T\u00fcrkiye Cumhuriyeti \u015eimaliy Q\u0131br\u0131zdaki Yaq\u0131n \u015farq universitetine oquv\u011fa kettiler"}]},{"@type":"WebSite","@id":"https:\/\/qtmm.org\/qt\/#website","url":"https:\/\/qtmm.org\/qt\/","name":"\u041c\u0435\u0434\u0436\u043b\u0456\u0441","description":"","publisher":{"@id":"https:\/\/qtmm.org\/qt\/#organization"},"potentialAction":[{"@type":"SearchAction","target":{"@type":"EntryPoint","urlTemplate":"https:\/\/qtmm.org\/qt\/?s={search_term_string}"},"query-input":{"@type":"PropertyValueSpecification","valueRequired":true,"valueName":"search_term_string"}}],"inLanguage":"qt"},{"@type":"Organization","@id":"https:\/\/qtmm.org\/qt\/#organization","name":"\u041c\u0435\u0434\u0436\u043b\u0456\u0441","url":"https:\/\/qtmm.org\/qt\/","logo":{"@type":"ImageObject","inLanguage":"qt","@id":"https:\/\/qtmm.org\/qt\/#\/schema\/logo\/image\/","url":"https:\/\/qtmm.org\/wp-content\/uploads\/2024\/12\/ua-mejlis-logo-rgb.svg","contentUrl":"https:\/\/qtmm.org\/wp-content\/uploads\/2024\/12\/ua-mejlis-logo-rgb.svg","caption":"\u041c\u0435\u0434\u0436\u043b\u0456\u0441"},"image":{"@id":"https:\/\/qtmm.org\/qt\/#\/schema\/logo\/image\/"},"sameAs":["https:\/\/www.facebook.com\/qtmm.info\/"]},{"@type":"Person","@id":"https:\/\/qtmm.org\/qt\/#\/schema\/person\/de562469f971dec226ac06e60bbf74a7","name":"Developer","image":{"@type":"ImageObject","inLanguage":"qt","@id":"https:\/\/secure.gravatar.com\/avatar\/392b4cc8fbfeb00b39dfeeab4ee6edded39ffd48e25858637e4765810300227e?s=96&d=mm&r=g","url":"https:\/\/secure.gravatar.com\/avatar\/392b4cc8fbfeb00b39dfeeab4ee6edded39ffd48e25858637e4765810300227e?s=96&d=mm&r=g","contentUrl":"https:\/\/secure.gravatar.com\/avatar\/392b4cc8fbfeb00b39dfeeab4ee6edded39ffd48e25858637e4765810300227e?s=96&d=mm&r=g","caption":"Developer"},"url":"https:\/\/qtmm.org\/qt\/author\/Developer\/"}]}},"_links":{"self":[{"href":"https:\/\/qtmm.org\/qt\/wp-json\/wp\/v2\/posts\/39327","targetHints":{"allow":["GET"]}}],"collection":[{"href":"https:\/\/qtmm.org\/qt\/wp-json\/wp\/v2\/posts"}],"about":[{"href":"https:\/\/qtmm.org\/qt\/wp-json\/wp\/v2\/types\/post"}],"author":[{"embeddable":true,"href":"https:\/\/qtmm.org\/qt\/wp-json\/wp\/v2\/users\/1"}],"replies":[{"embeddable":true,"href":"https:\/\/qtmm.org\/qt\/wp-json\/wp\/v2\/comments?post=39327"}],"version-history":[{"count":1,"href":"https:\/\/qtmm.org\/qt\/wp-json\/wp\/v2\/posts\/39327\/revisions"}],"predecessor-version":[{"id":39332,"href":"https:\/\/qtmm.org\/qt\/wp-json\/wp\/v2\/posts\/39327\/revisions\/39332"}],"wp:attachment":[{"href":"https:\/\/qtmm.org\/qt\/wp-json\/wp\/v2\/media?parent=39327"}],"wp:term":[{"taxonomy":"category","embeddable":true,"href":"https:\/\/qtmm.org\/qt\/wp-json\/wp\/v2\/categories?post=39327"},{"taxonomy":"post_tag","embeddable":true,"href":"https:\/\/qtmm.org\/qt\/wp-json\/wp\/v2\/tags?post=39327"}],"curies":[{"name":"wp","href":"https:\/\/api.w.org\/{rel}","templated":true}]}}