




{"id":39325,"date":"2013-09-16T17:57:00","date_gmt":"2013-09-16T14:57:00","guid":{"rendered":"http:\/\/qtmm.org\/?p=39325"},"modified":"2022-01-25T17:57:57","modified_gmt":"2022-01-25T14:57:57","slug":"saq-regional-meclisinin-azalari-mustafa-cemilev-halqara-forum-kecirilmesinin-kefili-olacagina-eminler","status":"publish","type":"post","link":"https:\/\/qtmm.org\/qt\/saq-regional-meclisinin-azalari-mustafa-cemilev-halqara-forum-kecirilmesinin-kefili-olacagina-eminler\/","title":{"rendered":"Saq regional meclisini\u00f1 azalar\u0131 Mustafa Cemilev Halqara forum ke\u00e7irilmesini\u00f1 kefili olaca\u011f\u0131na eminler"},"content":{"rendered":"\n<p>Saq regional meclis azalar\u0131 6-nc\u0131 \u00e7a\u011f\u0131r\u0131l\u0131\u015f Qurultay delegatlar\u0131na Qurultayn\u0131\u00f1 2013 senesi okt\u00e2br ay\u0131nda \u00f6tkerilecek 1-nci sessiyas\u0131nda Q\u0131r\u0131mtatar halq\u0131 milliy areketi veteranlar\u0131 ve &#8220;\u0130nki\u015faf&#8221; cemaat te\u015fkil\u00e2t\u0131n\u0131\u00f1 Mustafa Cemilevni ya\u00f1\u0131 m\u00fcddetke Meclis reisi etip saylamaq aqq\u0131nda a\u00e7\u0131q mekt\u00fcbine qoltutmaq ricas\u0131nen muracaatta bulund\u0131lar.<\/p>\n\n\n\n<p>&#8220;Biz, Saq regional meclisini\u00f1 azalar\u0131, \u00f6z topla\u015fuv\u0131m\u0131zda milliy areket i\u015ftirak\u00e7ilerini\u00f1 2013 senesi avgust 21-de 6-nc\u0131 \u00e7a\u011f\u0131r\u0131l\u0131\u015f Qurultay delegatlar\u0131na Mustafa Cemilevni ya\u00f1\u0131 m\u00fcddetke Meclis reisi etip saylamaq aqq\u0131ndaki muracaat\u0131n\u0131 muzakere etip, bun\u0131\u00f1 kibi de \u015fu mekt\u00fcpke qoltutaraq Q\u0131r\u0131mtatar halq\u0131 milliy areketi veteranlar\u0131 ve &#8220;\u0130nki\u015faf&#8221; cemaat te\u015fkil\u00e2t\u0131ndan Qurultay\u011fa saylan\u011fan delegatlarn\u0131\u00f1 2013 senesi sent\u00e2br 2-de yaz\u011fan beyanatlar\u0131n\u0131 ve sent\u00e2br 12-de milliy areket veteranlar\u0131n\u0131\u00f1 i\u015fbu beyanatqa qoltut\u0131p yapqan \u00e7\u0131q\u0131\u015flar\u0131n\u0131 baq\u0131p \u00e7\u0131qaraq a\u015fa\u011f\u0131dakilerni bildiremiz:<br><br>&#8211; biz milliy areket veteranlar\u0131n\u0131\u00f1 a\u00e7\u0131q mekt\u00fcbindeki Mustafa Cemilevni ya\u00f1\u0131 m\u00fcddetke Milliy Meclis reisi olaraq saylamaq teklifine qo\u015fulam\u0131z;<br><br>&#8211; biz halq\u0131m\u0131zn\u0131\u00f1 lideri Mustafa Cemilevden milliy areket veteranlar\u0131, Qurultay delegatlar\u0131n\u0131\u00f1 on\u0131 Meclis reisi olaraq saylamaq tekliflerine a\u00f1lay\u0131\u015fnen yana\u015fmaqn\u0131 rica etemiz. Bu, ilk-evel\u00e2 halq\u0131m\u0131zn\u0131\u00f1 kelecegi i\u00e7\u00fcn tel\u00e2\u015f, Qurultay-Meclis sistemini milliy idare organ\u0131 olaraq qor\u00e7alamaq ve saqlap qalmaq t\u00fc\u015f\u00fcncesinden kelip \u00e7\u0131qa;<br><br>-biz \u00fcm\u00fct etemiz ki, 6-nc\u0131 \u00e7a\u011f\u0131r\u0131l\u0131\u015f Qurultay delegatlar\u0131 Meclis azalar\u0131n\u0131\u00f1 ya\u00f1\u0131, professional seviyede namusnen \u00e7al\u0131\u015fqan, \u00f6z saylavc\u0131lar\u0131 \u00f6g\u00fcnde daima esap bergen taq\u0131mn\u0131 saylarlar;<br><br>&#8211; bizni Q\u0131r\u0131mtatar halq\u0131n\u0131\u00f1 meseleleri boyunca Halqara forum\u0131n\u0131 ke\u00e7irmek meselesi pek raats\u0131zlay. Biz eminmiz ki, faqat Mustafa Cemilevni\u00f1 \u015fu forumda Milliy Meclis reisi s\u0131fat\u0131nda i\u015ftirak etmesi ve on\u0131\u00f1 halqara derecedeki itibar\u0131 forumn\u0131\u00f1 halq\u0131m\u0131z menfaatlar\u0131na uy\u011fun \u015fekilde ke\u00e7irilmesini teminleyebilir.<br><br>6-nc\u0131 \u00e7a\u011f\u0131r\u0131l\u0131\u015f Qurultay delegatlar\u0131ndan bizim muracaat\u0131m\u0131z\u011fa qoltutmalar\u0131n\u0131 rica etemiz.<\/p>\n","protected":false},"excerpt":{"rendered":"<p>Saq regional meclis azalar\u0131 6-nc\u0131 \u00e7a\u011f\u0131r\u0131l\u0131\u015f Qurultay delegatlar\u0131na Qurultayn\u0131\u00f1 2013 senesi okt\u00e2br ay\u0131nda \u00f6tkerilecek 1-nci sessiyas\u0131nda Q\u0131r\u0131mtatar halq\u0131 milliy areketi veteranlar\u0131 ve &#8220;\u0130nki\u015faf&#8221; cemaat te\u015fkil\u00e2t\u0131n\u0131\u00f1 Mustafa Cemilevni ya\u00f1\u0131 m\u00fcddetke Meclis reisi etip saylamaq aqq\u0131nda a\u00e7\u0131q mekt\u00fcbine qoltutmaq ricas\u0131nen muracaatta bulund\u0131lar. &#8220;Biz, Saq regional meclisini\u00f1 azalar\u0131, \u00f6z topla\u015fuv\u0131m\u0131zda milliy areket i\u015ftirak\u00e7ilerini\u00f1 2013 senesi avgust 21-de 6-nc\u0131 [&hellip;]<\/p>\n","protected":false},"author":1,"featured_media":0,"comment_status":"open","ping_status":"open","sticky":false,"template":"","format":"standard","meta":{"inline_featured_image":false,"footnotes":""},"categories":[265],"tags":[],"class_list":["post-39325","post","type-post","status-publish","format-standard","hentry","category-haberler"],"acf":[],"yoast_head":"<!-- This site is optimized with the Yoast SEO plugin v27.4 - https:\/\/yoast.com\/product\/yoast-seo-wordpress\/ -->\n<title>Saq regional meclisini\u00f1 azalar\u0131 Mustafa Cemilev Halqara forum ke\u00e7irilmesini\u00f1 kefili olaca\u011f\u0131na eminler - \u041c\u0435\u0434\u0436\u043b\u0456\u0441<\/title>\n<meta name=\"robots\" content=\"index, follow, max-snippet:-1, max-image-preview:large, max-video-preview:-1\" \/>\n<link rel=\"canonical\" href=\"https:\/\/qtmm.org\/qt\/saq-regional-meclisinin-azalari-mustafa-cemilev-halqara-forum-kecirilmesinin-kefili-olacagina-eminler\/\" \/>\n<meta property=\"og:locale\" content=\"en_US\" \/>\n<meta property=\"og:type\" content=\"article\" \/>\n<meta property=\"og:title\" content=\"Saq regional meclisini\u00f1 azalar\u0131 Mustafa Cemilev Halqara forum ke\u00e7irilmesini\u00f1 kefili olaca\u011f\u0131na eminler - \u041c\u0435\u0434\u0436\u043b\u0456\u0441\" \/>\n<meta property=\"og:description\" content=\"Saq regional meclis azalar\u0131 6-nc\u0131 \u00e7a\u011f\u0131r\u0131l\u0131\u015f Qurultay delegatlar\u0131na Qurultayn\u0131\u00f1 2013 senesi okt\u00e2br ay\u0131nda \u00f6tkerilecek 1-nci sessiyas\u0131nda Q\u0131r\u0131mtatar halq\u0131 milliy areketi veteranlar\u0131 ve &#8220;\u0130nki\u015faf&#8221; cemaat te\u015fkil\u00e2t\u0131n\u0131\u00f1 Mustafa Cemilevni ya\u00f1\u0131 m\u00fcddetke Meclis reisi etip saylamaq aqq\u0131nda a\u00e7\u0131q mekt\u00fcbine qoltutmaq ricas\u0131nen muracaatta bulund\u0131lar. &#8220;Biz, Saq regional meclisini\u00f1 azalar\u0131, \u00f6z topla\u015fuv\u0131m\u0131zda milliy areket i\u015ftirak\u00e7ilerini\u00f1 2013 senesi avgust 21-de 6-nc\u0131 [&hellip;]\" \/>\n<meta property=\"og:url\" content=\"https:\/\/qtmm.org\/qt\/saq-regional-meclisinin-azalari-mustafa-cemilev-halqara-forum-kecirilmesinin-kefili-olacagina-eminler\/\" \/>\n<meta property=\"og:site_name\" content=\"\u041c\u0435\u0434\u0436\u043b\u0456\u0441\" \/>\n<meta property=\"article:publisher\" content=\"https:\/\/www.facebook.com\/qtmm.info\/\" \/>\n<meta property=\"article:published_time\" content=\"2013-09-16T14:57:00+00:00\" \/>\n<meta property=\"article:modified_time\" content=\"2022-01-25T14:57:57+00:00\" \/>\n<meta name=\"author\" content=\"Developer\" \/>\n<meta name=\"twitter:card\" content=\"summary_large_image\" \/>\n<meta name=\"twitter:label1\" content=\"Written by\" \/>\n\t<meta name=\"twitter:data1\" content=\"Developer\" \/>\n\t<meta name=\"twitter:label2\" content=\"Est. reading time\" \/>\n\t<meta name=\"twitter:data2\" content=\"2 minutes\" \/>\n<script type=\"application\/ld+json\" class=\"yoast-schema-graph\">{\"@context\":\"https:\\\/\\\/schema.org\",\"@graph\":[{\"@type\":\"Article\",\"@id\":\"https:\\\/\\\/qtmm.org\\\/qt\\\/saq-regional-meclisinin-azalari-mustafa-cemilev-halqara-forum-kecirilmesinin-kefili-olacagina-eminler\\\/#article\",\"isPartOf\":{\"@id\":\"https:\\\/\\\/qtmm.org\\\/qt\\\/saq-regional-meclisinin-azalari-mustafa-cemilev-halqara-forum-kecirilmesinin-kefili-olacagina-eminler\\\/\"},\"author\":{\"name\":\"Developer\",\"@id\":\"https:\\\/\\\/qtmm.org\\\/qt\\\/#\\\/schema\\\/person\\\/de562469f971dec226ac06e60bbf74a7\"},\"headline\":\"Saq regional meclisini\u00f1 azalar\u0131 Mustafa Cemilev Halqara forum ke\u00e7irilmesini\u00f1 kefili olaca\u011f\u0131na eminler\",\"datePublished\":\"2013-09-16T14:57:00+00:00\",\"dateModified\":\"2022-01-25T14:57:57+00:00\",\"mainEntityOfPage\":{\"@id\":\"https:\\\/\\\/qtmm.org\\\/qt\\\/saq-regional-meclisinin-azalari-mustafa-cemilev-halqara-forum-kecirilmesinin-kefili-olacagina-eminler\\\/\"},\"wordCount\":344,\"commentCount\":0,\"publisher\":{\"@id\":\"https:\\\/\\\/qtmm.org\\\/qt\\\/#organization\"},\"articleSection\":[\"Haberler\"],\"inLanguage\":\"qt\",\"potentialAction\":[{\"@type\":\"CommentAction\",\"name\":\"Comment\",\"target\":[\"https:\\\/\\\/qtmm.org\\\/qt\\\/saq-regional-meclisinin-azalari-mustafa-cemilev-halqara-forum-kecirilmesinin-kefili-olacagina-eminler\\\/#respond\"]}]},{\"@type\":\"WebPage\",\"@id\":\"https:\\\/\\\/qtmm.org\\\/qt\\\/saq-regional-meclisinin-azalari-mustafa-cemilev-halqara-forum-kecirilmesinin-kefili-olacagina-eminler\\\/\",\"url\":\"https:\\\/\\\/qtmm.org\\\/qt\\\/saq-regional-meclisinin-azalari-mustafa-cemilev-halqara-forum-kecirilmesinin-kefili-olacagina-eminler\\\/\",\"name\":\"Saq regional meclisini\u00f1 azalar\u0131 Mustafa Cemilev Halqara forum ke\u00e7irilmesini\u00f1 kefili olaca\u011f\u0131na eminler - \u041c\u0435\u0434\u0436\u043b\u0456\u0441\",\"isPartOf\":{\"@id\":\"https:\\\/\\\/qtmm.org\\\/qt\\\/#website\"},\"datePublished\":\"2013-09-16T14:57:00+00:00\",\"dateModified\":\"2022-01-25T14:57:57+00:00\",\"breadcrumb\":{\"@id\":\"https:\\\/\\\/qtmm.org\\\/qt\\\/saq-regional-meclisinin-azalari-mustafa-cemilev-halqara-forum-kecirilmesinin-kefili-olacagina-eminler\\\/#breadcrumb\"},\"inLanguage\":\"qt\",\"potentialAction\":[{\"@type\":\"ReadAction\",\"target\":[\"https:\\\/\\\/qtmm.org\\\/qt\\\/saq-regional-meclisinin-azalari-mustafa-cemilev-halqara-forum-kecirilmesinin-kefili-olacagina-eminler\\\/\"]}]},{\"@type\":\"BreadcrumbList\",\"@id\":\"https:\\\/\\\/qtmm.org\\\/qt\\\/saq-regional-meclisinin-azalari-mustafa-cemilev-halqara-forum-kecirilmesinin-kefili-olacagina-eminler\\\/#breadcrumb\",\"itemListElement\":[{\"@type\":\"ListItem\",\"position\":1,\"name\":\"\u0413\u043e\u043b\u043e\u0432\u043d\u0430\",\"item\":\"https:\\\/\\\/qtmm.org\\\/qt\\\/\"},{\"@type\":\"ListItem\",\"position\":2,\"name\":\"Saq regional meclisini\u00f1 azalar\u0131 Mustafa Cemilev Halqara forum ke\u00e7irilmesini\u00f1 kefili olaca\u011f\u0131na eminler\"}]},{\"@type\":\"WebSite\",\"@id\":\"https:\\\/\\\/qtmm.org\\\/qt\\\/#website\",\"url\":\"https:\\\/\\\/qtmm.org\\\/qt\\\/\",\"name\":\"\u041c\u0435\u0434\u0436\u043b\u0456\u0441\",\"description\":\"\",\"publisher\":{\"@id\":\"https:\\\/\\\/qtmm.org\\\/qt\\\/#organization\"},\"potentialAction\":[{\"@type\":\"SearchAction\",\"target\":{\"@type\":\"EntryPoint\",\"urlTemplate\":\"https:\\\/\\\/qtmm.org\\\/qt\\\/?s={search_term_string}\"},\"query-input\":{\"@type\":\"PropertyValueSpecification\",\"valueRequired\":true,\"valueName\":\"search_term_string\"}}],\"inLanguage\":\"qt\"},{\"@type\":\"Organization\",\"@id\":\"https:\\\/\\\/qtmm.org\\\/qt\\\/#organization\",\"name\":\"\u041c\u0435\u0434\u0436\u043b\u0456\u0441\",\"url\":\"https:\\\/\\\/qtmm.org\\\/qt\\\/\",\"logo\":{\"@type\":\"ImageObject\",\"inLanguage\":\"qt\",\"@id\":\"https:\\\/\\\/qtmm.org\\\/qt\\\/#\\\/schema\\\/logo\\\/image\\\/\",\"url\":\"https:\\\/\\\/qtmm.org\\\/wp-content\\\/uploads\\\/2024\\\/12\\\/ua-mejlis-logo-rgb.svg\",\"contentUrl\":\"https:\\\/\\\/qtmm.org\\\/wp-content\\\/uploads\\\/2024\\\/12\\\/ua-mejlis-logo-rgb.svg\",\"caption\":\"\u041c\u0435\u0434\u0436\u043b\u0456\u0441\"},\"image\":{\"@id\":\"https:\\\/\\\/qtmm.org\\\/qt\\\/#\\\/schema\\\/logo\\\/image\\\/\"},\"sameAs\":[\"https:\\\/\\\/www.facebook.com\\\/qtmm.info\\\/\"]},{\"@type\":\"Person\",\"@id\":\"https:\\\/\\\/qtmm.org\\\/qt\\\/#\\\/schema\\\/person\\\/de562469f971dec226ac06e60bbf74a7\",\"name\":\"Developer\",\"image\":{\"@type\":\"ImageObject\",\"inLanguage\":\"qt\",\"@id\":\"https:\\\/\\\/secure.gravatar.com\\\/avatar\\\/392b4cc8fbfeb00b39dfeeab4ee6edded39ffd48e25858637e4765810300227e?s=96&d=mm&r=g\",\"url\":\"https:\\\/\\\/secure.gravatar.com\\\/avatar\\\/392b4cc8fbfeb00b39dfeeab4ee6edded39ffd48e25858637e4765810300227e?s=96&d=mm&r=g\",\"contentUrl\":\"https:\\\/\\\/secure.gravatar.com\\\/avatar\\\/392b4cc8fbfeb00b39dfeeab4ee6edded39ffd48e25858637e4765810300227e?s=96&d=mm&r=g\",\"caption\":\"Developer\"},\"url\":\"https:\\\/\\\/qtmm.org\\\/qt\\\/author\\\/Developer\\\/\"}]}<\/script>\n<!-- \/ Yoast SEO plugin. -->","yoast_head_json":{"title":"Saq regional meclisini\u00f1 azalar\u0131 Mustafa Cemilev Halqara forum ke\u00e7irilmesini\u00f1 kefili olaca\u011f\u0131na eminler - \u041c\u0435\u0434\u0436\u043b\u0456\u0441","robots":{"index":"index","follow":"follow","max-snippet":"max-snippet:-1","max-image-preview":"max-image-preview:large","max-video-preview":"max-video-preview:-1"},"canonical":"https:\/\/qtmm.org\/qt\/saq-regional-meclisinin-azalari-mustafa-cemilev-halqara-forum-kecirilmesinin-kefili-olacagina-eminler\/","og_locale":"en_US","og_type":"article","og_title":"Saq regional meclisini\u00f1 azalar\u0131 Mustafa Cemilev Halqara forum ke\u00e7irilmesini\u00f1 kefili olaca\u011f\u0131na eminler - \u041c\u0435\u0434\u0436\u043b\u0456\u0441","og_description":"Saq regional meclis azalar\u0131 6-nc\u0131 \u00e7a\u011f\u0131r\u0131l\u0131\u015f Qurultay delegatlar\u0131na Qurultayn\u0131\u00f1 2013 senesi okt\u00e2br ay\u0131nda \u00f6tkerilecek 1-nci sessiyas\u0131nda Q\u0131r\u0131mtatar halq\u0131 milliy areketi veteranlar\u0131 ve &#8220;\u0130nki\u015faf&#8221; cemaat te\u015fkil\u00e2t\u0131n\u0131\u00f1 Mustafa Cemilevni ya\u00f1\u0131 m\u00fcddetke Meclis reisi etip saylamaq aqq\u0131nda a\u00e7\u0131q mekt\u00fcbine qoltutmaq ricas\u0131nen muracaatta bulund\u0131lar. &#8220;Biz, Saq regional meclisini\u00f1 azalar\u0131, \u00f6z topla\u015fuv\u0131m\u0131zda milliy areket i\u015ftirak\u00e7ilerini\u00f1 2013 senesi avgust 21-de 6-nc\u0131 [&hellip;]","og_url":"https:\/\/qtmm.org\/qt\/saq-regional-meclisinin-azalari-mustafa-cemilev-halqara-forum-kecirilmesinin-kefili-olacagina-eminler\/","og_site_name":"\u041c\u0435\u0434\u0436\u043b\u0456\u0441","article_publisher":"https:\/\/www.facebook.com\/qtmm.info\/","article_published_time":"2013-09-16T14:57:00+00:00","article_modified_time":"2022-01-25T14:57:57+00:00","author":"Developer","twitter_card":"summary_large_image","twitter_misc":{"Written by":"Developer","Est. reading time":"2 minutes"},"schema":{"@context":"https:\/\/schema.org","@graph":[{"@type":"Article","@id":"https:\/\/qtmm.org\/qt\/saq-regional-meclisinin-azalari-mustafa-cemilev-halqara-forum-kecirilmesinin-kefili-olacagina-eminler\/#article","isPartOf":{"@id":"https:\/\/qtmm.org\/qt\/saq-regional-meclisinin-azalari-mustafa-cemilev-halqara-forum-kecirilmesinin-kefili-olacagina-eminler\/"},"author":{"name":"Developer","@id":"https:\/\/qtmm.org\/qt\/#\/schema\/person\/de562469f971dec226ac06e60bbf74a7"},"headline":"Saq regional meclisini\u00f1 azalar\u0131 Mustafa Cemilev Halqara forum ke\u00e7irilmesini\u00f1 kefili olaca\u011f\u0131na eminler","datePublished":"2013-09-16T14:57:00+00:00","dateModified":"2022-01-25T14:57:57+00:00","mainEntityOfPage":{"@id":"https:\/\/qtmm.org\/qt\/saq-regional-meclisinin-azalari-mustafa-cemilev-halqara-forum-kecirilmesinin-kefili-olacagina-eminler\/"},"wordCount":344,"commentCount":0,"publisher":{"@id":"https:\/\/qtmm.org\/qt\/#organization"},"articleSection":["Haberler"],"inLanguage":"qt","potentialAction":[{"@type":"CommentAction","name":"Comment","target":["https:\/\/qtmm.org\/qt\/saq-regional-meclisinin-azalari-mustafa-cemilev-halqara-forum-kecirilmesinin-kefili-olacagina-eminler\/#respond"]}]},{"@type":"WebPage","@id":"https:\/\/qtmm.org\/qt\/saq-regional-meclisinin-azalari-mustafa-cemilev-halqara-forum-kecirilmesinin-kefili-olacagina-eminler\/","url":"https:\/\/qtmm.org\/qt\/saq-regional-meclisinin-azalari-mustafa-cemilev-halqara-forum-kecirilmesinin-kefili-olacagina-eminler\/","name":"Saq regional meclisini\u00f1 azalar\u0131 Mustafa Cemilev Halqara forum ke\u00e7irilmesini\u00f1 kefili olaca\u011f\u0131na eminler - \u041c\u0435\u0434\u0436\u043b\u0456\u0441","isPartOf":{"@id":"https:\/\/qtmm.org\/qt\/#website"},"datePublished":"2013-09-16T14:57:00+00:00","dateModified":"2022-01-25T14:57:57+00:00","breadcrumb":{"@id":"https:\/\/qtmm.org\/qt\/saq-regional-meclisinin-azalari-mustafa-cemilev-halqara-forum-kecirilmesinin-kefili-olacagina-eminler\/#breadcrumb"},"inLanguage":"qt","potentialAction":[{"@type":"ReadAction","target":["https:\/\/qtmm.org\/qt\/saq-regional-meclisinin-azalari-mustafa-cemilev-halqara-forum-kecirilmesinin-kefili-olacagina-eminler\/"]}]},{"@type":"BreadcrumbList","@id":"https:\/\/qtmm.org\/qt\/saq-regional-meclisinin-azalari-mustafa-cemilev-halqara-forum-kecirilmesinin-kefili-olacagina-eminler\/#breadcrumb","itemListElement":[{"@type":"ListItem","position":1,"name":"\u0413\u043e\u043b\u043e\u0432\u043d\u0430","item":"https:\/\/qtmm.org\/qt\/"},{"@type":"ListItem","position":2,"name":"Saq regional meclisini\u00f1 azalar\u0131 Mustafa Cemilev Halqara forum ke\u00e7irilmesini\u00f1 kefili olaca\u011f\u0131na eminler"}]},{"@type":"WebSite","@id":"https:\/\/qtmm.org\/qt\/#website","url":"https:\/\/qtmm.org\/qt\/","name":"\u041c\u0435\u0434\u0436\u043b\u0456\u0441","description":"","publisher":{"@id":"https:\/\/qtmm.org\/qt\/#organization"},"potentialAction":[{"@type":"SearchAction","target":{"@type":"EntryPoint","urlTemplate":"https:\/\/qtmm.org\/qt\/?s={search_term_string}"},"query-input":{"@type":"PropertyValueSpecification","valueRequired":true,"valueName":"search_term_string"}}],"inLanguage":"qt"},{"@type":"Organization","@id":"https:\/\/qtmm.org\/qt\/#organization","name":"\u041c\u0435\u0434\u0436\u043b\u0456\u0441","url":"https:\/\/qtmm.org\/qt\/","logo":{"@type":"ImageObject","inLanguage":"qt","@id":"https:\/\/qtmm.org\/qt\/#\/schema\/logo\/image\/","url":"https:\/\/qtmm.org\/wp-content\/uploads\/2024\/12\/ua-mejlis-logo-rgb.svg","contentUrl":"https:\/\/qtmm.org\/wp-content\/uploads\/2024\/12\/ua-mejlis-logo-rgb.svg","caption":"\u041c\u0435\u0434\u0436\u043b\u0456\u0441"},"image":{"@id":"https:\/\/qtmm.org\/qt\/#\/schema\/logo\/image\/"},"sameAs":["https:\/\/www.facebook.com\/qtmm.info\/"]},{"@type":"Person","@id":"https:\/\/qtmm.org\/qt\/#\/schema\/person\/de562469f971dec226ac06e60bbf74a7","name":"Developer","image":{"@type":"ImageObject","inLanguage":"qt","@id":"https:\/\/secure.gravatar.com\/avatar\/392b4cc8fbfeb00b39dfeeab4ee6edded39ffd48e25858637e4765810300227e?s=96&d=mm&r=g","url":"https:\/\/secure.gravatar.com\/avatar\/392b4cc8fbfeb00b39dfeeab4ee6edded39ffd48e25858637e4765810300227e?s=96&d=mm&r=g","contentUrl":"https:\/\/secure.gravatar.com\/avatar\/392b4cc8fbfeb00b39dfeeab4ee6edded39ffd48e25858637e4765810300227e?s=96&d=mm&r=g","caption":"Developer"},"url":"https:\/\/qtmm.org\/qt\/author\/Developer\/"}]}},"_links":{"self":[{"href":"https:\/\/qtmm.org\/qt\/wp-json\/wp\/v2\/posts\/39325","targetHints":{"allow":["GET"]}}],"collection":[{"href":"https:\/\/qtmm.org\/qt\/wp-json\/wp\/v2\/posts"}],"about":[{"href":"https:\/\/qtmm.org\/qt\/wp-json\/wp\/v2\/types\/post"}],"author":[{"embeddable":true,"href":"https:\/\/qtmm.org\/qt\/wp-json\/wp\/v2\/users\/1"}],"replies":[{"embeddable":true,"href":"https:\/\/qtmm.org\/qt\/wp-json\/wp\/v2\/comments?post=39325"}],"version-history":[{"count":1,"href":"https:\/\/qtmm.org\/qt\/wp-json\/wp\/v2\/posts\/39325\/revisions"}],"predecessor-version":[{"id":39326,"href":"https:\/\/qtmm.org\/qt\/wp-json\/wp\/v2\/posts\/39325\/revisions\/39326"}],"wp:attachment":[{"href":"https:\/\/qtmm.org\/qt\/wp-json\/wp\/v2\/media?parent=39325"}],"wp:term":[{"taxonomy":"category","embeddable":true,"href":"https:\/\/qtmm.org\/qt\/wp-json\/wp\/v2\/categories?post=39325"},{"taxonomy":"post_tag","embeddable":true,"href":"https:\/\/qtmm.org\/qt\/wp-json\/wp\/v2\/tags?post=39325"}],"curies":[{"name":"wp","href":"https:\/\/api.w.org\/{rel}","templated":true}]}}