




{"id":39299,"date":"2013-09-13T17:55:00","date_gmt":"2013-09-13T14:55:00","guid":{"rendered":"http:\/\/qtmm.org\/?p=39299"},"modified":"2022-01-25T17:57:18","modified_gmt":"2022-01-25T14:57:18","slug":"meclis-reisi-mustafa-cemilev-isvecrenin-ukrainadaki-elcisi-kristian-senenberg-ile-korusti","status":"publish","type":"post","link":"https:\/\/qtmm.org\/qt\/meclis-reisi-mustafa-cemilev-isvecrenin-ukrainadaki-elcisi-kristian-senenberg-ile-korusti\/","title":{"rendered":"Meclis reisi Mustafa Cemilev \u0130sve\u00e7reni\u00f1 Ukrainadaki El\u00e7isi Kristian \u015eenenberg ile k\u00f6r\u00fc\u015fti"},"content":{"rendered":"\n<p>2013 senesi sent\u00e2br 13 k\u00fcn\u00fc Meclis ofisinde Meclis reisi Mustafa Cemilev \u0130sve\u00e7reni\u00f1 Ukrainadaki Vefqulade ve Toluvek\u00e2letli el\u00e7isi Kristian \u015eenenberg ve refiqas\u0131 Barbara Tsender \u015eenenberg ile k\u00f6r\u00fc\u015fti.<\/p>\n\n\n\n<p>K\u00f6r\u00fc\u015f\u00fcvde bun\u0131\u00f1 kibi de Meclis reisini\u00f1 birinci muavini Refat \u00c7ubarov, t\u0131\u015fq\u0131 al\u00e2qalar b\u00f6l\u00fcgini\u00f1 ba\u015f\u0131 Ali Hamzin ve Meclis K\u00e2tibiyetini\u00f1 reberi Zair Smedl\u00e2yev de i\u015ftirak ettiler.<\/p>\n\n\n\n<p>\u0130sve\u00e7reni\u00f1 Ukrainadaki El\u00e7isi Kristian \u015eenenberg Q\u0131r\u0131mda \u00fc\u00e7 k\u00fcnl\u00fck tan\u0131\u015fuv ziyaretinen bulunmaqta. &#8220;Ukraina hudud\u0131nda akkreditatsiya etilgen diplomatik missiyalarn\u0131\u00f1 ba\u015fqanlar\u0131n\u0131 Q\u0131r\u0131mtatar halq\u0131n\u0131\u00f1 vek\u00e2letli organ\u0131 ol\u011fan Meclis ofisinde qabul etmek bizim i\u00e7\u00fcn b\u00fcy\u00fck \u015fereftir. Bu bizge vaziyetimizni ve esas problemlerimizni tarif etmek imk\u00e2n\u0131n\u0131 bere. Eminim ki, bu kibi dialoglar Ukraina ve ukrain cemiyetini\u00f1 Avropa cemiyetine qat\u0131lmas\u0131na siltem bereler&#8221;, &#8211; dedi k\u00f6r\u00fc\u015f\u00fcvni\u00f1 ba\u015f\u0131nda Mustafa Cemilev.<\/p>\n\n\n\n<p>El\u00e7i ile subet devam\u0131nda Meclis reisi \u015fun\u0131 bildirdi ki, 2013 senesi sent\u00e2br 19 k\u00fcn\u00fc Q\u0131r\u0131m\u011fa Avropa Birligini\u00f1 Keni\u015flet\u00fcv ve Avropa eyiqom\u015ful\u0131q siyaseti meseleleri boyunca komissar\u0131 \u015etefan F\u00fcle kelecek. &#8220;On\u0131\u00f1 ziyareti \u00e7er\u00e7ivesinde Q\u0131r\u0131m Nazirler \u015euras\u0131nda k\u00f6r\u00fc\u015f\u00fcv ke\u00e7irmek planla\u015ft\u0131r\u0131l\u0131p, onda Q\u0131r\u0131mtatarlarn\u0131\u00f1 problemleri boyunca halqara forumn\u0131 ke\u00e7ir\u00fcv istiqballeri muzakere etilecek, &#8211; dep a\u00f1latt\u0131 M. Cemilev. \u2013 Bu k\u00f6r\u00fc\u015f\u00fcvde Litvaniya t\u0131\u015fq\u0131 i\u015fler naziri ve Ukraina t\u0131\u015fq\u0131 i\u015fler naziri de i\u015ftirak etecekler&#8221;.<\/p>\n\n\n\n<figure class=\"wp-block-image size-full\"><img loading=\"lazy\" decoding=\"async\" width=\"650\" height=\"379\" src=\"http:\/\/qtmm.org\/wp-content\/uploads\/2022\/01\/2_123.jpeg\" alt=\"\" class=\"wp-image-39304\" srcset=\"https:\/\/qtmm.org\/wp-content\/uploads\/2022\/01\/2_123.jpeg 650w, https:\/\/qtmm.org\/wp-content\/uploads\/2022\/01\/2_123-300x175.jpeg 300w\" sizes=\"auto, (max-width: 650px) 100vw, 650px\" \/><\/figure>\n\n\n\n<p>Meclis reisi \u015fun\u0131 da qayd etti ki, evel Avropa Birligini\u00f1 te\u015febb\u00fcsi ile planla\u015ft\u0131r\u0131l\u011fan t\u00f6gerek massa ke\u00e7irilmesi aqq\u0131nda laf ol\u011fan edi, amma ukrain taraf\u0131 \u015fimdilik k\u00f6r\u00fc\u015f\u00fcv ke\u00e7irmekni teklif etti. B\u00f6yle de\u00f1i\u015fmelerge baqmadan, mezk\u00fcr k\u00f6r\u00fc\u015f\u00fcv Ukrainan\u0131\u00f1 birinci ad\u0131m\u0131 ol\u0131p, Halqara forumn\u0131 ke\u00e7irmege az\u0131rl\u0131\u011f\u0131n\u0131 k\u00f6stere&#8221;. Meclis reisi musafirlerge q\u0131r\u0131mtatarlarn\u0131\u00f1 tarih\u0131, s\u00fcrg\u00fcnligi, milliy idare organlar\u0131 ve tam\u0131r halqn\u0131\u00f1 bug\u00fcnde-bug\u00fcn bulund\u0131\u011f\u0131 aqs\u0131mlay\u0131c\u0131 vaziyeti, Ukraina ve Q\u0131r\u0131mda bu halqn\u0131\u00f1 e\u00f1 sade qanuniy aqlar\u0131 bile bozul\u011fan\u0131 aqq\u0131nda ik\u00e2ye etti.<\/p>\n\n\n\n<p>&#8220;Problemlerimiz dairesi, bilhasaa insan aqlar\u0131 saas\u0131nda, pek keni\u015f ol\u011fan\u0131na ra\u011fmen biz \u00fcm\u00fct etemiz ki, noyabr ay\u0131nda Ukraina ve Avropa Birligi aras\u0131nda birle\u015fme boyunca a\u00f1la\u015fma imzalan\u0131r. Demokratik k\u00fc\u00e7ler ve olarn\u0131\u00f1 Ukrainan\u0131 demokratik devlet olaraq qurmaq niyetleri i\u00e7\u00fcn b\u00fcy\u00fck destek olur&#8221;, &#8211; dedi Cemilev.<\/p>\n\n\n\n<figure class=\"wp-block-image size-full\"><img loading=\"lazy\" decoding=\"async\" width=\"650\" height=\"371\" src=\"http:\/\/qtmm.org\/wp-content\/uploads\/2022\/01\/3_93.jpeg\" alt=\"\" class=\"wp-image-39308\" srcset=\"https:\/\/qtmm.org\/wp-content\/uploads\/2022\/01\/3_93.jpeg 650w, https:\/\/qtmm.org\/wp-content\/uploads\/2022\/01\/3_93-300x171.jpeg 300w\" sizes=\"auto, (max-width: 650px) 100vw, 650px\" \/><\/figure>\n\n\n\n<p>\u00d6z nevbetinde cenap \u015eenenberg qayd etti ki, Avropa siyaset\u015f\u0131nasl\u0131\u011f\u0131 i\u00e7\u00fcn milliy azl\u0131qlarn\u0131\u00f1 aqlar\u0131 problemi daima m\u00fcim mesele olaraq tan\u0131ld\u0131. &#8220;Mesel\u00e2, bug\u00fcn men Q\u0131r\u0131m universitetleri birisini\u00f1 studentlerinen munaqa\u015fa ettim. Esas suallerden biri \u0130sve\u00e7re milliy azl\u0131qlar, til ve diniy problemlerni nas\u0131l \u00e7ezgeni old\u0131, &#8211; dedi \u0130sve\u00e7re el\u00e7isi. \u2013 Q\u0131r\u0131mda ayn\u0131 bu meseleler aktual ol\u011fan\u0131n\u0131, er kesni\u00f1 diqqat\u0131na ve akimiyet organlar\u0131 taraf\u0131ndan \u00e7ezilmesine muhtacl\u0131\u011f\u0131n\u0131 sezdim&#8221;.<\/p>\n\n\n\n<p>Bundan da \u011fayr\u0131, el\u00e7ini\u00f1 aytqan\u0131na k\u00f6re OSCE Aliy komissar\u0131 Knut Vollebekni\u00f1 ofisi az\u0131rla\u011fan &#8220;Q\u0131r\u0131mda, Ukraina, evel s\u00fcrg\u00fcn etilgenlerni\u00f1 qat\u0131luv\u0131&#8221; maruzas\u0131 \u0130sve\u00e7re i\u00e7\u00fcn de pek meraql\u0131d\u0131r. &#8220;Mezk\u00fcr resmiy esabat devletimizni\u00f1 kelecekteki i\u015fi i\u00e7\u00fcn keyfiyetli bir platformad\u0131r, \u00e7\u00fcnki 2014 senesi \u0130sve\u00e7re OSCEde reislik yapacaq&#8221;, &#8211; dep qayd etti K. \u015eenenberg.<\/p>\n\n\n\n<figure class=\"wp-block-image size-full\"><img loading=\"lazy\" decoding=\"async\" width=\"650\" height=\"398\" src=\"http:\/\/qtmm.org\/wp-content\/uploads\/2022\/01\/5_52.jpeg\" alt=\"\" class=\"wp-image-39312\" srcset=\"https:\/\/qtmm.org\/wp-content\/uploads\/2022\/01\/5_52.jpeg 650w, https:\/\/qtmm.org\/wp-content\/uploads\/2022\/01\/5_52-300x184.jpeg 300w\" sizes=\"auto, (max-width: 650px) 100vw, 650px\" \/><\/figure>\n\n\n\n<p>Cenap el\u00e7i milletelara meselelerni\u00f1 \u00e7ezilmesine halqara cemiyetlerni\u00f1 i\u015ftiraki husus\u0131nda Meclisni\u00f1 fikirinen de meraqland\u0131. Meclis reisini\u00f1 birinci muavini Refat \u00c7ubarovn\u0131\u00f1 fikrince Q\u0131r\u0131mda q\u0131r\u0131mtatarlar ve diger milliy azl\u0131qlarn\u0131\u00f1 inki\u015faf yolunda nufuzl\u0131 halqara te\u015fkil\u00e2tlarn\u0131\u00f1, \u015fu c\u00fcmleden Avropa cemiyeti qurumlar\u0131n\u0131\u00f1 da, yard\u0131m\u0131 daima zarur, bug\u00fcn ise daa ziyade m\u00fcimdir.<br><br>&#8220;Bu munasebetnen OSCE imayesi alt\u0131nda Halqara forum ke\u00e7irilmesi halqara cemaat\u00e7\u0131l\u0131qn\u0131\u00f1 Ukraina\u011fa k\u00f6stergen pek q\u0131ymetli bir yard\u0131m\u0131d\u0131r&#8221;, &#8211; dedi R.\u00c7ubarov.<\/p>\n\n\n\n<figure class=\"wp-block-image size-full\"><img loading=\"lazy\" decoding=\"async\" width=\"650\" height=\"433\" src=\"http:\/\/qtmm.org\/wp-content\/uploads\/2022\/01\/6_38.jpeg\" alt=\"\" class=\"wp-image-39316\" srcset=\"https:\/\/qtmm.org\/wp-content\/uploads\/2022\/01\/6_38.jpeg 650w, https:\/\/qtmm.org\/wp-content\/uploads\/2022\/01\/6_38-300x200.jpeg 300w\" sizes=\"auto, (max-width: 650px) 100vw, 650px\" \/><\/figure>\n\n\n\n<p>K\u00f6r\u00fc\u015f\u00fcvni\u00f1 so\u00f1unda taraflar noyabr ay\u0131nda Viln\u00fcste &#8220;\u015earqiy ortaql\u0131q&#8221; sammiti vaqt\u0131nda Ukraina ve Avropa Birligi aras\u0131nda birle\u015fme aqq\u0131nda a\u00f1la\u015fma imzalanaca\u011f\u0131na \u00fcm\u00fct bildirdiler. On\u0131\u00f1 neticelerine k\u00f6re Ukraina, \u015fu c\u00fcmleden Q\u0131r\u0131mda, siyasiy-i\u00e7timaiy ve iqtisadiy vaziyetni talil etmek i\u00e7\u00fcn gruppalar tizilecek.<\/p>\n\n\n\n<figure class=\"wp-block-image size-full\"><img loading=\"lazy\" decoding=\"async\" width=\"650\" height=\"418\" src=\"http:\/\/qtmm.org\/wp-content\/uploads\/2022\/01\/4_89.jpeg\" alt=\"\" class=\"wp-image-39320\" srcset=\"https:\/\/qtmm.org\/wp-content\/uploads\/2022\/01\/4_89.jpeg 650w, https:\/\/qtmm.org\/wp-content\/uploads\/2022\/01\/4_89-300x193.jpeg 300w\" sizes=\"auto, (max-width: 650px) 100vw, 650px\" \/><\/figure>\n","protected":false},"excerpt":{"rendered":"<p>2013 senesi sent\u00e2br 13 k\u00fcn\u00fc Meclis ofisinde Meclis reisi Mustafa Cemilev \u0130sve\u00e7reni\u00f1 Ukrainadaki Vefqulade ve Toluvek\u00e2letli el\u00e7isi Kristian \u015eenenberg ve refiqas\u0131 Barbara Tsender \u015eenenberg ile k\u00f6r\u00fc\u015fti. K\u00f6r\u00fc\u015f\u00fcvde bun\u0131\u00f1 kibi de Meclis reisini\u00f1 birinci muavini Refat \u00c7ubarov, t\u0131\u015fq\u0131 al\u00e2qalar b\u00f6l\u00fcgini\u00f1 ba\u015f\u0131 Ali Hamzin ve Meclis K\u00e2tibiyetini\u00f1 reberi Zair Smedl\u00e2yev de i\u015ftirak ettiler. \u0130sve\u00e7reni\u00f1 Ukrainadaki El\u00e7isi Kristian [&hellip;]<\/p>\n","protected":false},"author":1,"featured_media":39300,"comment_status":"open","ping_status":"open","sticky":false,"template":"","format":"standard","meta":{"inline_featured_image":false,"footnotes":""},"categories":[265],"tags":[],"class_list":["post-39299","post","type-post","status-publish","format-standard","has-post-thumbnail","hentry","category-haberler"],"acf":[],"yoast_head":"<!-- This site is optimized with the Yoast SEO plugin v27.4 - https:\/\/yoast.com\/product\/yoast-seo-wordpress\/ -->\n<title>Meclis reisi Mustafa Cemilev \u0130sve\u00e7reni\u00f1 Ukrainadaki El\u00e7isi Kristian \u015eenenberg ile k\u00f6r\u00fc\u015fti - \u041c\u0435\u0434\u0436\u043b\u0456\u0441<\/title>\n<meta name=\"robots\" content=\"index, follow, max-snippet:-1, max-image-preview:large, max-video-preview:-1\" \/>\n<link rel=\"canonical\" href=\"https:\/\/qtmm.org\/qt\/meclis-reisi-mustafa-cemilev-isvecrenin-ukrainadaki-elcisi-kristian-senenberg-ile-korusti\/\" \/>\n<meta property=\"og:locale\" content=\"en_US\" \/>\n<meta property=\"og:type\" content=\"article\" \/>\n<meta property=\"og:title\" content=\"Meclis reisi Mustafa Cemilev \u0130sve\u00e7reni\u00f1 Ukrainadaki El\u00e7isi Kristian \u015eenenberg ile k\u00f6r\u00fc\u015fti - \u041c\u0435\u0434\u0436\u043b\u0456\u0441\" \/>\n<meta property=\"og:description\" content=\"2013 senesi sent\u00e2br 13 k\u00fcn\u00fc Meclis ofisinde Meclis reisi Mustafa Cemilev \u0130sve\u00e7reni\u00f1 Ukrainadaki Vefqulade ve Toluvek\u00e2letli el\u00e7isi Kristian \u015eenenberg ve refiqas\u0131 Barbara Tsender \u015eenenberg ile k\u00f6r\u00fc\u015fti. K\u00f6r\u00fc\u015f\u00fcvde bun\u0131\u00f1 kibi de Meclis reisini\u00f1 birinci muavini Refat \u00c7ubarov, t\u0131\u015fq\u0131 al\u00e2qalar b\u00f6l\u00fcgini\u00f1 ba\u015f\u0131 Ali Hamzin ve Meclis K\u00e2tibiyetini\u00f1 reberi Zair Smedl\u00e2yev de i\u015ftirak ettiler. \u0130sve\u00e7reni\u00f1 Ukrainadaki El\u00e7isi Kristian [&hellip;]\" \/>\n<meta property=\"og:url\" content=\"https:\/\/qtmm.org\/qt\/meclis-reisi-mustafa-cemilev-isvecrenin-ukrainadaki-elcisi-kristian-senenberg-ile-korusti\/\" \/>\n<meta property=\"og:site_name\" content=\"\u041c\u0435\u0434\u0436\u043b\u0456\u0441\" \/>\n<meta property=\"article:publisher\" content=\"https:\/\/www.facebook.com\/qtmm.info\/\" \/>\n<meta property=\"article:published_time\" content=\"2013-09-13T14:55:00+00:00\" \/>\n<meta property=\"article:modified_time\" content=\"2022-01-25T14:57:18+00:00\" \/>\n<meta property=\"og:image\" content=\"https:\/\/qtmm.org\/wp-content\/uploads\/2022\/01\/1_125.jpeg\" \/>\n\t<meta property=\"og:image:width\" content=\"650\" \/>\n\t<meta property=\"og:image:height\" content=\"400\" \/>\n\t<meta property=\"og:image:type\" content=\"image\/jpeg\" \/>\n<meta name=\"author\" content=\"Developer\" \/>\n<meta name=\"twitter:card\" content=\"summary_large_image\" \/>\n<meta name=\"twitter:label1\" content=\"Written by\" \/>\n\t<meta name=\"twitter:data1\" content=\"Developer\" \/>\n\t<meta name=\"twitter:label2\" content=\"Est. reading time\" \/>\n\t<meta name=\"twitter:data2\" content=\"4 minutes\" \/>\n<script type=\"application\/ld+json\" class=\"yoast-schema-graph\">{\"@context\":\"https:\\\/\\\/schema.org\",\"@graph\":[{\"@type\":\"Article\",\"@id\":\"https:\\\/\\\/qtmm.org\\\/qt\\\/meclis-reisi-mustafa-cemilev-isvecrenin-ukrainadaki-elcisi-kristian-senenberg-ile-korusti\\\/#article\",\"isPartOf\":{\"@id\":\"https:\\\/\\\/qtmm.org\\\/qt\\\/meclis-reisi-mustafa-cemilev-isvecrenin-ukrainadaki-elcisi-kristian-senenberg-ile-korusti\\\/\"},\"author\":{\"name\":\"Developer\",\"@id\":\"https:\\\/\\\/qtmm.org\\\/qt\\\/#\\\/schema\\\/person\\\/de562469f971dec226ac06e60bbf74a7\"},\"headline\":\"Meclis reisi Mustafa Cemilev \u0130sve\u00e7reni\u00f1 Ukrainadaki El\u00e7isi Kristian \u015eenenberg ile k\u00f6r\u00fc\u015fti\",\"datePublished\":\"2013-09-13T14:55:00+00:00\",\"dateModified\":\"2022-01-25T14:57:18+00:00\",\"mainEntityOfPage\":{\"@id\":\"https:\\\/\\\/qtmm.org\\\/qt\\\/meclis-reisi-mustafa-cemilev-isvecrenin-ukrainadaki-elcisi-kristian-senenberg-ile-korusti\\\/\"},\"wordCount\":728,\"commentCount\":0,\"publisher\":{\"@id\":\"https:\\\/\\\/qtmm.org\\\/qt\\\/#organization\"},\"image\":{\"@id\":\"https:\\\/\\\/qtmm.org\\\/qt\\\/meclis-reisi-mustafa-cemilev-isvecrenin-ukrainadaki-elcisi-kristian-senenberg-ile-korusti\\\/#primaryimage\"},\"thumbnailUrl\":\"https:\\\/\\\/qtmm.org\\\/wp-content\\\/uploads\\\/2022\\\/01\\\/1_125.jpeg\",\"articleSection\":[\"Haberler\"],\"inLanguage\":\"qt\",\"potentialAction\":[{\"@type\":\"CommentAction\",\"name\":\"Comment\",\"target\":[\"https:\\\/\\\/qtmm.org\\\/qt\\\/meclis-reisi-mustafa-cemilev-isvecrenin-ukrainadaki-elcisi-kristian-senenberg-ile-korusti\\\/#respond\"]}]},{\"@type\":\"WebPage\",\"@id\":\"https:\\\/\\\/qtmm.org\\\/qt\\\/meclis-reisi-mustafa-cemilev-isvecrenin-ukrainadaki-elcisi-kristian-senenberg-ile-korusti\\\/\",\"url\":\"https:\\\/\\\/qtmm.org\\\/qt\\\/meclis-reisi-mustafa-cemilev-isvecrenin-ukrainadaki-elcisi-kristian-senenberg-ile-korusti\\\/\",\"name\":\"Meclis reisi Mustafa Cemilev \u0130sve\u00e7reni\u00f1 Ukrainadaki El\u00e7isi Kristian \u015eenenberg ile k\u00f6r\u00fc\u015fti - \u041c\u0435\u0434\u0436\u043b\u0456\u0441\",\"isPartOf\":{\"@id\":\"https:\\\/\\\/qtmm.org\\\/qt\\\/#website\"},\"primaryImageOfPage\":{\"@id\":\"https:\\\/\\\/qtmm.org\\\/qt\\\/meclis-reisi-mustafa-cemilev-isvecrenin-ukrainadaki-elcisi-kristian-senenberg-ile-korusti\\\/#primaryimage\"},\"image\":{\"@id\":\"https:\\\/\\\/qtmm.org\\\/qt\\\/meclis-reisi-mustafa-cemilev-isvecrenin-ukrainadaki-elcisi-kristian-senenberg-ile-korusti\\\/#primaryimage\"},\"thumbnailUrl\":\"https:\\\/\\\/qtmm.org\\\/wp-content\\\/uploads\\\/2022\\\/01\\\/1_125.jpeg\",\"datePublished\":\"2013-09-13T14:55:00+00:00\",\"dateModified\":\"2022-01-25T14:57:18+00:00\",\"breadcrumb\":{\"@id\":\"https:\\\/\\\/qtmm.org\\\/qt\\\/meclis-reisi-mustafa-cemilev-isvecrenin-ukrainadaki-elcisi-kristian-senenberg-ile-korusti\\\/#breadcrumb\"},\"inLanguage\":\"qt\",\"potentialAction\":[{\"@type\":\"ReadAction\",\"target\":[\"https:\\\/\\\/qtmm.org\\\/qt\\\/meclis-reisi-mustafa-cemilev-isvecrenin-ukrainadaki-elcisi-kristian-senenberg-ile-korusti\\\/\"]}]},{\"@type\":\"ImageObject\",\"inLanguage\":\"qt\",\"@id\":\"https:\\\/\\\/qtmm.org\\\/qt\\\/meclis-reisi-mustafa-cemilev-isvecrenin-ukrainadaki-elcisi-kristian-senenberg-ile-korusti\\\/#primaryimage\",\"url\":\"https:\\\/\\\/qtmm.org\\\/wp-content\\\/uploads\\\/2022\\\/01\\\/1_125.jpeg\",\"contentUrl\":\"https:\\\/\\\/qtmm.org\\\/wp-content\\\/uploads\\\/2022\\\/01\\\/1_125.jpeg\",\"width\":650,\"height\":400},{\"@type\":\"BreadcrumbList\",\"@id\":\"https:\\\/\\\/qtmm.org\\\/qt\\\/meclis-reisi-mustafa-cemilev-isvecrenin-ukrainadaki-elcisi-kristian-senenberg-ile-korusti\\\/#breadcrumb\",\"itemListElement\":[{\"@type\":\"ListItem\",\"position\":1,\"name\":\"\u0413\u043e\u043b\u043e\u0432\u043d\u0430\",\"item\":\"https:\\\/\\\/qtmm.org\\\/qt\\\/\"},{\"@type\":\"ListItem\",\"position\":2,\"name\":\"Meclis reisi Mustafa Cemilev \u0130sve\u00e7reni\u00f1 Ukrainadaki El\u00e7isi Kristian \u015eenenberg ile k\u00f6r\u00fc\u015fti\"}]},{\"@type\":\"WebSite\",\"@id\":\"https:\\\/\\\/qtmm.org\\\/qt\\\/#website\",\"url\":\"https:\\\/\\\/qtmm.org\\\/qt\\\/\",\"name\":\"\u041c\u0435\u0434\u0436\u043b\u0456\u0441\",\"description\":\"\",\"publisher\":{\"@id\":\"https:\\\/\\\/qtmm.org\\\/qt\\\/#organization\"},\"potentialAction\":[{\"@type\":\"SearchAction\",\"target\":{\"@type\":\"EntryPoint\",\"urlTemplate\":\"https:\\\/\\\/qtmm.org\\\/qt\\\/?s={search_term_string}\"},\"query-input\":{\"@type\":\"PropertyValueSpecification\",\"valueRequired\":true,\"valueName\":\"search_term_string\"}}],\"inLanguage\":\"qt\"},{\"@type\":\"Organization\",\"@id\":\"https:\\\/\\\/qtmm.org\\\/qt\\\/#organization\",\"name\":\"\u041c\u0435\u0434\u0436\u043b\u0456\u0441\",\"url\":\"https:\\\/\\\/qtmm.org\\\/qt\\\/\",\"logo\":{\"@type\":\"ImageObject\",\"inLanguage\":\"qt\",\"@id\":\"https:\\\/\\\/qtmm.org\\\/qt\\\/#\\\/schema\\\/logo\\\/image\\\/\",\"url\":\"https:\\\/\\\/qtmm.org\\\/wp-content\\\/uploads\\\/2024\\\/12\\\/ua-mejlis-logo-rgb.svg\",\"contentUrl\":\"https:\\\/\\\/qtmm.org\\\/wp-content\\\/uploads\\\/2024\\\/12\\\/ua-mejlis-logo-rgb.svg\",\"caption\":\"\u041c\u0435\u0434\u0436\u043b\u0456\u0441\"},\"image\":{\"@id\":\"https:\\\/\\\/qtmm.org\\\/qt\\\/#\\\/schema\\\/logo\\\/image\\\/\"},\"sameAs\":[\"https:\\\/\\\/www.facebook.com\\\/qtmm.info\\\/\"]},{\"@type\":\"Person\",\"@id\":\"https:\\\/\\\/qtmm.org\\\/qt\\\/#\\\/schema\\\/person\\\/de562469f971dec226ac06e60bbf74a7\",\"name\":\"Developer\",\"image\":{\"@type\":\"ImageObject\",\"inLanguage\":\"qt\",\"@id\":\"https:\\\/\\\/secure.gravatar.com\\\/avatar\\\/392b4cc8fbfeb00b39dfeeab4ee6edded39ffd48e25858637e4765810300227e?s=96&d=mm&r=g\",\"url\":\"https:\\\/\\\/secure.gravatar.com\\\/avatar\\\/392b4cc8fbfeb00b39dfeeab4ee6edded39ffd48e25858637e4765810300227e?s=96&d=mm&r=g\",\"contentUrl\":\"https:\\\/\\\/secure.gravatar.com\\\/avatar\\\/392b4cc8fbfeb00b39dfeeab4ee6edded39ffd48e25858637e4765810300227e?s=96&d=mm&r=g\",\"caption\":\"Developer\"},\"url\":\"https:\\\/\\\/qtmm.org\\\/qt\\\/author\\\/Developer\\\/\"}]}<\/script>\n<!-- \/ Yoast SEO plugin. -->","yoast_head_json":{"title":"Meclis reisi Mustafa Cemilev \u0130sve\u00e7reni\u00f1 Ukrainadaki El\u00e7isi Kristian \u015eenenberg ile k\u00f6r\u00fc\u015fti - \u041c\u0435\u0434\u0436\u043b\u0456\u0441","robots":{"index":"index","follow":"follow","max-snippet":"max-snippet:-1","max-image-preview":"max-image-preview:large","max-video-preview":"max-video-preview:-1"},"canonical":"https:\/\/qtmm.org\/qt\/meclis-reisi-mustafa-cemilev-isvecrenin-ukrainadaki-elcisi-kristian-senenberg-ile-korusti\/","og_locale":"en_US","og_type":"article","og_title":"Meclis reisi Mustafa Cemilev \u0130sve\u00e7reni\u00f1 Ukrainadaki El\u00e7isi Kristian \u015eenenberg ile k\u00f6r\u00fc\u015fti - \u041c\u0435\u0434\u0436\u043b\u0456\u0441","og_description":"2013 senesi sent\u00e2br 13 k\u00fcn\u00fc Meclis ofisinde Meclis reisi Mustafa Cemilev \u0130sve\u00e7reni\u00f1 Ukrainadaki Vefqulade ve Toluvek\u00e2letli el\u00e7isi Kristian \u015eenenberg ve refiqas\u0131 Barbara Tsender \u015eenenberg ile k\u00f6r\u00fc\u015fti. K\u00f6r\u00fc\u015f\u00fcvde bun\u0131\u00f1 kibi de Meclis reisini\u00f1 birinci muavini Refat \u00c7ubarov, t\u0131\u015fq\u0131 al\u00e2qalar b\u00f6l\u00fcgini\u00f1 ba\u015f\u0131 Ali Hamzin ve Meclis K\u00e2tibiyetini\u00f1 reberi Zair Smedl\u00e2yev de i\u015ftirak ettiler. \u0130sve\u00e7reni\u00f1 Ukrainadaki El\u00e7isi Kristian [&hellip;]","og_url":"https:\/\/qtmm.org\/qt\/meclis-reisi-mustafa-cemilev-isvecrenin-ukrainadaki-elcisi-kristian-senenberg-ile-korusti\/","og_site_name":"\u041c\u0435\u0434\u0436\u043b\u0456\u0441","article_publisher":"https:\/\/www.facebook.com\/qtmm.info\/","article_published_time":"2013-09-13T14:55:00+00:00","article_modified_time":"2022-01-25T14:57:18+00:00","og_image":[{"width":650,"height":400,"url":"https:\/\/qtmm.org\/wp-content\/uploads\/2022\/01\/1_125.jpeg","type":"image\/jpeg"}],"author":"Developer","twitter_card":"summary_large_image","twitter_misc":{"Written by":"Developer","Est. reading time":"4 minutes"},"schema":{"@context":"https:\/\/schema.org","@graph":[{"@type":"Article","@id":"https:\/\/qtmm.org\/qt\/meclis-reisi-mustafa-cemilev-isvecrenin-ukrainadaki-elcisi-kristian-senenberg-ile-korusti\/#article","isPartOf":{"@id":"https:\/\/qtmm.org\/qt\/meclis-reisi-mustafa-cemilev-isvecrenin-ukrainadaki-elcisi-kristian-senenberg-ile-korusti\/"},"author":{"name":"Developer","@id":"https:\/\/qtmm.org\/qt\/#\/schema\/person\/de562469f971dec226ac06e60bbf74a7"},"headline":"Meclis reisi Mustafa Cemilev \u0130sve\u00e7reni\u00f1 Ukrainadaki El\u00e7isi Kristian \u015eenenberg ile k\u00f6r\u00fc\u015fti","datePublished":"2013-09-13T14:55:00+00:00","dateModified":"2022-01-25T14:57:18+00:00","mainEntityOfPage":{"@id":"https:\/\/qtmm.org\/qt\/meclis-reisi-mustafa-cemilev-isvecrenin-ukrainadaki-elcisi-kristian-senenberg-ile-korusti\/"},"wordCount":728,"commentCount":0,"publisher":{"@id":"https:\/\/qtmm.org\/qt\/#organization"},"image":{"@id":"https:\/\/qtmm.org\/qt\/meclis-reisi-mustafa-cemilev-isvecrenin-ukrainadaki-elcisi-kristian-senenberg-ile-korusti\/#primaryimage"},"thumbnailUrl":"https:\/\/qtmm.org\/wp-content\/uploads\/2022\/01\/1_125.jpeg","articleSection":["Haberler"],"inLanguage":"qt","potentialAction":[{"@type":"CommentAction","name":"Comment","target":["https:\/\/qtmm.org\/qt\/meclis-reisi-mustafa-cemilev-isvecrenin-ukrainadaki-elcisi-kristian-senenberg-ile-korusti\/#respond"]}]},{"@type":"WebPage","@id":"https:\/\/qtmm.org\/qt\/meclis-reisi-mustafa-cemilev-isvecrenin-ukrainadaki-elcisi-kristian-senenberg-ile-korusti\/","url":"https:\/\/qtmm.org\/qt\/meclis-reisi-mustafa-cemilev-isvecrenin-ukrainadaki-elcisi-kristian-senenberg-ile-korusti\/","name":"Meclis reisi Mustafa Cemilev \u0130sve\u00e7reni\u00f1 Ukrainadaki El\u00e7isi Kristian \u015eenenberg ile k\u00f6r\u00fc\u015fti - \u041c\u0435\u0434\u0436\u043b\u0456\u0441","isPartOf":{"@id":"https:\/\/qtmm.org\/qt\/#website"},"primaryImageOfPage":{"@id":"https:\/\/qtmm.org\/qt\/meclis-reisi-mustafa-cemilev-isvecrenin-ukrainadaki-elcisi-kristian-senenberg-ile-korusti\/#primaryimage"},"image":{"@id":"https:\/\/qtmm.org\/qt\/meclis-reisi-mustafa-cemilev-isvecrenin-ukrainadaki-elcisi-kristian-senenberg-ile-korusti\/#primaryimage"},"thumbnailUrl":"https:\/\/qtmm.org\/wp-content\/uploads\/2022\/01\/1_125.jpeg","datePublished":"2013-09-13T14:55:00+00:00","dateModified":"2022-01-25T14:57:18+00:00","breadcrumb":{"@id":"https:\/\/qtmm.org\/qt\/meclis-reisi-mustafa-cemilev-isvecrenin-ukrainadaki-elcisi-kristian-senenberg-ile-korusti\/#breadcrumb"},"inLanguage":"qt","potentialAction":[{"@type":"ReadAction","target":["https:\/\/qtmm.org\/qt\/meclis-reisi-mustafa-cemilev-isvecrenin-ukrainadaki-elcisi-kristian-senenberg-ile-korusti\/"]}]},{"@type":"ImageObject","inLanguage":"qt","@id":"https:\/\/qtmm.org\/qt\/meclis-reisi-mustafa-cemilev-isvecrenin-ukrainadaki-elcisi-kristian-senenberg-ile-korusti\/#primaryimage","url":"https:\/\/qtmm.org\/wp-content\/uploads\/2022\/01\/1_125.jpeg","contentUrl":"https:\/\/qtmm.org\/wp-content\/uploads\/2022\/01\/1_125.jpeg","width":650,"height":400},{"@type":"BreadcrumbList","@id":"https:\/\/qtmm.org\/qt\/meclis-reisi-mustafa-cemilev-isvecrenin-ukrainadaki-elcisi-kristian-senenberg-ile-korusti\/#breadcrumb","itemListElement":[{"@type":"ListItem","position":1,"name":"\u0413\u043e\u043b\u043e\u0432\u043d\u0430","item":"https:\/\/qtmm.org\/qt\/"},{"@type":"ListItem","position":2,"name":"Meclis reisi Mustafa Cemilev \u0130sve\u00e7reni\u00f1 Ukrainadaki El\u00e7isi Kristian \u015eenenberg ile k\u00f6r\u00fc\u015fti"}]},{"@type":"WebSite","@id":"https:\/\/qtmm.org\/qt\/#website","url":"https:\/\/qtmm.org\/qt\/","name":"\u041c\u0435\u0434\u0436\u043b\u0456\u0441","description":"","publisher":{"@id":"https:\/\/qtmm.org\/qt\/#organization"},"potentialAction":[{"@type":"SearchAction","target":{"@type":"EntryPoint","urlTemplate":"https:\/\/qtmm.org\/qt\/?s={search_term_string}"},"query-input":{"@type":"PropertyValueSpecification","valueRequired":true,"valueName":"search_term_string"}}],"inLanguage":"qt"},{"@type":"Organization","@id":"https:\/\/qtmm.org\/qt\/#organization","name":"\u041c\u0435\u0434\u0436\u043b\u0456\u0441","url":"https:\/\/qtmm.org\/qt\/","logo":{"@type":"ImageObject","inLanguage":"qt","@id":"https:\/\/qtmm.org\/qt\/#\/schema\/logo\/image\/","url":"https:\/\/qtmm.org\/wp-content\/uploads\/2024\/12\/ua-mejlis-logo-rgb.svg","contentUrl":"https:\/\/qtmm.org\/wp-content\/uploads\/2024\/12\/ua-mejlis-logo-rgb.svg","caption":"\u041c\u0435\u0434\u0436\u043b\u0456\u0441"},"image":{"@id":"https:\/\/qtmm.org\/qt\/#\/schema\/logo\/image\/"},"sameAs":["https:\/\/www.facebook.com\/qtmm.info\/"]},{"@type":"Person","@id":"https:\/\/qtmm.org\/qt\/#\/schema\/person\/de562469f971dec226ac06e60bbf74a7","name":"Developer","image":{"@type":"ImageObject","inLanguage":"qt","@id":"https:\/\/secure.gravatar.com\/avatar\/392b4cc8fbfeb00b39dfeeab4ee6edded39ffd48e25858637e4765810300227e?s=96&d=mm&r=g","url":"https:\/\/secure.gravatar.com\/avatar\/392b4cc8fbfeb00b39dfeeab4ee6edded39ffd48e25858637e4765810300227e?s=96&d=mm&r=g","contentUrl":"https:\/\/secure.gravatar.com\/avatar\/392b4cc8fbfeb00b39dfeeab4ee6edded39ffd48e25858637e4765810300227e?s=96&d=mm&r=g","caption":"Developer"},"url":"https:\/\/qtmm.org\/qt\/author\/Developer\/"}]}},"_links":{"self":[{"href":"https:\/\/qtmm.org\/qt\/wp-json\/wp\/v2\/posts\/39299","targetHints":{"allow":["GET"]}}],"collection":[{"href":"https:\/\/qtmm.org\/qt\/wp-json\/wp\/v2\/posts"}],"about":[{"href":"https:\/\/qtmm.org\/qt\/wp-json\/wp\/v2\/types\/post"}],"author":[{"embeddable":true,"href":"https:\/\/qtmm.org\/qt\/wp-json\/wp\/v2\/users\/1"}],"replies":[{"embeddable":true,"href":"https:\/\/qtmm.org\/qt\/wp-json\/wp\/v2\/comments?post=39299"}],"version-history":[{"count":1,"href":"https:\/\/qtmm.org\/qt\/wp-json\/wp\/v2\/posts\/39299\/revisions"}],"predecessor-version":[{"id":39324,"href":"https:\/\/qtmm.org\/qt\/wp-json\/wp\/v2\/posts\/39299\/revisions\/39324"}],"wp:featuredmedia":[{"embeddable":true,"href":"https:\/\/qtmm.org\/qt\/wp-json\/wp\/v2\/media\/39300"}],"wp:attachment":[{"href":"https:\/\/qtmm.org\/qt\/wp-json\/wp\/v2\/media?parent=39299"}],"wp:term":[{"taxonomy":"category","embeddable":true,"href":"https:\/\/qtmm.org\/qt\/wp-json\/wp\/v2\/categories?post=39299"},{"taxonomy":"post_tag","embeddable":true,"href":"https:\/\/qtmm.org\/qt\/wp-json\/wp\/v2\/tags?post=39299"}],"curies":[{"name":"wp","href":"https:\/\/api.w.org\/{rel}","templated":true}]}}