




{"id":39281,"date":"2013-09-13T17:53:00","date_gmt":"2013-09-13T14:53:00","guid":{"rendered":"http:\/\/qtmm.org\/?p=39281"},"modified":"2022-01-25T17:54:55","modified_gmt":"2022-01-25T14:54:55","slug":"mustafa-cemilev-bir-gruppa-alman-jurnalistleri-ve-siyasetsinaslarinen-korusti","status":"publish","type":"post","link":"https:\/\/qtmm.org\/qt\/mustafa-cemilev-bir-gruppa-alman-jurnalistleri-ve-siyasetsinaslarinen-korusti\/","title":{"rendered":"Mustafa Cemilev bir gruppa alman jurnalistleri ve siyaset\u015f\u0131naslar\u0131nen k\u00f6r\u00fc\u015fti"},"content":{"rendered":"\n<p><em><strong>\u0130\u015f ziyareti \u00e7er\u00e7ivesinde Almaniyadan Q\u0131r\u0131m\u011fa cemaat erbaplar\u0131, ara\u015ft\u0131rmac\u0131, jurnalist ve i\u00e7timaiy monitoring vekillerinden ibaret bir gruppa keldi. Olar Q\u0131r\u0131m ve s\u00fcrg\u00fcn etilgen q\u0131r\u0131mtatarlar misalinde Ukrainadaki \u015fimdiki aqiqiy vaziyetni \u00f6grenmege t\u0131r\u0131\u015falar.<\/strong><\/em><br><br>Gruppa\u011fa Q\u0131r\u0131m ve q\u0131r\u0131mtatar halq\u0131 problemlerini\u00f1 tedqiqat\u00e7\u0131s\u0131 ICATAT &#8211; Kavkaz, Tavrika ve Turkestan \u0130nstitut direktor\u0131, doktor Miste Hottopp-Rike yolba\u015f\u00e7\u0131l\u0131q yapa. Sent\u00e2br 13 k\u00fcn\u00fc Meclis ofisinde Meclis reisi, Ukraina halq deputat\u0131 Mustafa Cemilev alman jurnalistleri ve siyaset\u015f\u0131naslar\u0131nen k\u00f6r\u00fc\u015fti.<\/p>\n\n\n\n<p>Gruppan\u0131\u00f1 koordinator\u0131 Miste Hottopp-Rike qayd etkeni kibi alman delegatsiyas\u0131 i\u00e7\u00fcn belli dissident ve uquqqoruy\u0131c\u0131, Meclis ba\u015fqan\u0131 M. Cemilev ile k\u00f6r\u00fc\u015fmek, Ukrainadaki ve umumen d\u00fcnyadaki vaziyetke on\u0131\u00f1 fikirini e\u015fitmek b\u00fcy\u00fck \u015fereftir.<\/p>\n\n\n\n<figure class=\"wp-block-image size-full\"><img loading=\"lazy\" decoding=\"async\" width=\"650\" height=\"350\" src=\"http:\/\/qtmm.org\/wp-content\/uploads\/2022\/01\/img_0385.jpeg\" alt=\"\" class=\"wp-image-39282\" srcset=\"https:\/\/qtmm.org\/wp-content\/uploads\/2022\/01\/img_0385.jpeg 650w, https:\/\/qtmm.org\/wp-content\/uploads\/2022\/01\/img_0385-300x162.jpeg 300w\" sizes=\"auto, (max-width: 650px) 100vw, 650px\" \/><\/figure>\n\n\n\n<p>\u00d6z nevbetinde musafirlerni Meclis ofisinde sel\u00e2mla\u011fan Mustafa Cemilev q\u0131r\u0131mtatarlar \u00f6z meselelerini cian meydan\u0131nda seslendirmekten menfaatdarlar, bilhassa bun\u0131\u00f1nen Avropa devletlerinden birisini\u00f1 zek\u00e2l\u0131lar\u0131 meraqlansalar.<\/p>\n\n\n\n<p>Subet devam\u0131nda taraflar Meclis reisi M. Cemilevnen \u00e7e\u015fit meselelerni muzakere ettiler. Olar s\u0131ras\u0131nda Ukrainan\u0131\u00f1 Avropa\u011fa qat\u0131lmas\u0131 ve devletteki esas milliy gruppalardan birisi vekillerini\u00f1 munasebeti, q\u0131r\u0131mtatarlar devlet ve cumhuriyet organlar\u0131nda temsil etilmesi, bun\u0131\u00f1nen birge mevcut daval\u0131 vaziyet ukrain devletini\u00f1 avroatlantik tendentsiyalar\u0131na tesiridir.<\/p>\n\n\n\n<p>Alman jurnalistleri Meclis reisini\u00f1 \u00f6m\u00fcr yoluna ziyade diqqat ay\u0131r\u0131p, on\u0131 sab\u0131q sovetler hudud\u0131nda demokratiya quruc\u0131l\u0131\u011f\u0131na isse qo\u015fqan vatanperver ve iradeli, efsaneviy insan, dep tan\u0131maq m\u00fcmk\u00fcn, degen fikirni bildirdiler. Musafirlerni\u00f1 i\u00e7 bir suali cevaps\u0131z qalmad\u0131, M. Cemilev olarn\u0131\u00f1 episine tafsil\u00e2tl\u0131 mal\u00fcmat berip, q\u0131r\u0131mtatarlar Ukrainan\u0131\u00f1 avroatlantik qat\u0131luv\u0131n\u0131\u00f1 e\u00f1 faal tarafdarlar\u0131d\u0131rlar, dep qayd etti.<\/p>\n\n\n\n<figure class=\"wp-block-image size-full\"><img loading=\"lazy\" decoding=\"async\" width=\"650\" height=\"370\" src=\"http:\/\/qtmm.org\/wp-content\/uploads\/2022\/01\/img_0387_1.jpeg\" alt=\"\" class=\"wp-image-39286\" srcset=\"https:\/\/qtmm.org\/wp-content\/uploads\/2022\/01\/img_0387_1.jpeg 650w, https:\/\/qtmm.org\/wp-content\/uploads\/2022\/01\/img_0387_1-300x171.jpeg 300w\" sizes=\"auto, (max-width: 650px) 100vw, 650px\" \/><\/figure>\n\n\n\n<p>Miste Hotopp-Rikeni\u00f1 aytqan\u0131na k\u00f6re Almaniyal\u0131 musafirler Q\u0131r\u0131mda oquv-informatsion ziyaret \u00e7er\u00e7ivesinde bulun\u0131p, Q\u0131r\u0131mn\u0131\u00f1 bir \u00e7oq i\u00e7timaiy-siyasiy te\u015fkil\u00e2tlar, q\u0131r\u0131ml\u0131 ve ukrainal\u0131 siyaset\u00e7iler. Tarih\u00e7\u0131 ve ekspertlernen k\u00f6r\u00fc\u015fmek, Q\u0131r\u0131mn\u0131\u00f1 tarihiy degerliklerinen tan\u0131\u015fmaq meram\u0131ndalar.<\/p>\n\n\n\n<p>&#8220;Biz Ukraina\u011fa kelip, mahsus Q\u0131r\u0131mn\u0131 da ziyaret ettik ki, Ukrainan\u0131\u00f1 bug\u00fcnki vaziyetini k\u00f6rip, s\u00fcrg\u00fcn etilgen q\u0131r\u0131mtatarlarn\u0131\u00f1 vaziyeti misalinde Almaniya \u00fck\u00fcmeti i\u00e7\u00fcn informatsion-analitik esabat az\u0131rlans\u0131n. Onda \u015fu c\u00fcmleden akimiyet milliy azl\u0131qlarn\u0131\u00f1 aqlar\u0131n\u0131 qor\u00e7alav saas\u0131nda \u00f6z vazifesini ne derecede eda ete&#8221;, &#8211; dedi Miste Hotopp-Rike.<br><br>&#8220;Ziyaretimiz devam\u0131nda biz Molod\u00f6jn\u0131y adl\u0131 qasaban\u0131\u00f1 q\u0131r\u0131mtatar sakinlerinen k\u00f6r\u00fc\u015ftik. Belli ki, 2012 senesi dekabr ay\u0131nda Q\u0131r\u0131mn\u0131\u00f1 rus te\u015fkil\u00e2tlar\u0131, &#8220;Rus birligi&#8221; siyasiy partiya reberi Sergey Aks\u00f6nov, bun\u0131\u00f1 kibi de Makeyev yolba\u015f\u00e7\u0131l\u0131\u011f\u0131ndaki &#8220;Birlik&#8221; adl\u0131 qazaq qarda\u015fl\u0131\u011f\u0131n\u0131\u00f1 azalar\u0131 muvaqqat tatar ev\u00e7iklerini y\u0131qqan ediler, &#8211; devam etti Miste Hotopp-Rike. \u2013 \u015e\u00fcbesiz ki, bu adise Poloniya ve Avropa Birligini\u00f1 diger devletlerindeki uquqqoruy\u0131c\u0131lar\u0131n\u0131\u00f1 naraz\u0131l\u0131\u011f\u0131n\u0131 qoz\u011fad\u0131. \u015eahsen \u00f6z\u00fcm de Ukraina Prezidenti Viktor Yanukovi\u00e7, Ukraina parlamenti ba\u015f\u0131 ve Ukraina \u00fck\u00fcmeti yolba\u015f\u00e7\u0131s\u0131n\u0131\u00f1 ad\u0131na a\u00e7\u0131q mekt\u00fcpni imzala\u011fan edim&#8221;<\/p>\n\n\n\n<figure class=\"wp-block-image size-full\"><img loading=\"lazy\" decoding=\"async\" width=\"650\" height=\"400\" src=\"http:\/\/qtmm.org\/wp-content\/uploads\/2022\/01\/img_0401.jpeg\" alt=\"\" class=\"wp-image-39290\" srcset=\"https:\/\/qtmm.org\/wp-content\/uploads\/2022\/01\/img_0401.jpeg 650w, https:\/\/qtmm.org\/wp-content\/uploads\/2022\/01\/img_0401-300x185.jpeg 300w\" sizes=\"auto, (max-width: 650px) 100vw, 650px\" \/><\/figure>\n\n\n\n<p>Q\u0131r\u0131mdaki daval\u0131 adiselerni muzakere et\u00fcv vaqt\u0131nda Miste Hotopp-Rike dedi ki, Q\u0131r\u0131mda Ukraina Prezidenti 2013 senesi yanvar 4-te \u00f6z intervy\u00fcs\u0131nda bergen s\u00f6z\u00fcne saip \u00e7\u0131qmad\u0131, aksine Molod\u00f6jn\u0131ydeki vaqialarn\u0131\u00f1 sebep\u00e7ileri \u00f6yle de mes\u00fclietke \u00e7ekilmediler, bundan da \u011fayr\u0131 qasabada ya\u00f1\u0131 dava \u00e7\u0131qarmaq istegini bildireler.<\/p>\n\n\n\n<p>&#8220;Kesen-kes \u015fun\u0131 s\u00f6yleyim ki, Ukraina ve Avropa Birligi aras\u0131nda a\u00f1la\u015fma imzalanmas\u0131 arfesinde b\u00f6yle areketlerge yol berilmemek kerek, &#8211; dedi M. Hotopp-Rike. \u2013 S\u00f6z berem ki, bu vaziyet boyunca ait vesiqa Almaniya federal kantsleri Angela Merkel kabinetine m\u0131tlaqa berilecek&#8221;. Almaniyal\u0131 musafirler Ukraina akimleri q\u0131r\u0131mtatarlar\u011fa nisbeten hafl\u0131 vaziyet munasebetinen Q\u0131r\u0131mdaki keti\u015fatqa diqqat ay\u0131rmal\u0131lar, degen fikirni seslendirdiler.<\/p>\n\n\n\n<p>Sent\u00e2br 14 k\u00fcn\u00fc doktor Miste Hotopp-Rike Ba\u011f\u00e7asarayn\u0131 ziyaret etkende Meclis reisi Mustafa Cemilev ile tekrar k\u00f6r\u00fc\u015fip, q\u0131r\u0131mtatar halq\u0131n\u0131\u00f1 bug\u00fcnki al\u0131na dair meselelerni tafsil\u00e2tl\u0131 muzakere ettiler.<br><br>Doktor Miste Hotopp-Rike q\u0131r\u0131mtatarlarn\u0131\u00f1 a\u011f\u0131r vaziyeti aqq\u0131nda mal\u00fcmatn\u0131 cian cemaat\u00e7\u0131l\u0131\u011f\u0131na bildirmek teklifinde bulund\u0131<\/p>\n","protected":false},"excerpt":{"rendered":"<p>\u0130\u015f ziyareti \u00e7er\u00e7ivesinde Almaniyadan Q\u0131r\u0131m\u011fa cemaat erbaplar\u0131, ara\u015ft\u0131rmac\u0131, jurnalist ve i\u00e7timaiy monitoring vekillerinden ibaret bir gruppa keldi. Olar Q\u0131r\u0131m ve s\u00fcrg\u00fcn etilgen q\u0131r\u0131mtatarlar misalinde Ukrainadaki \u015fimdiki aqiqiy vaziyetni \u00f6grenmege t\u0131r\u0131\u015falar. Gruppa\u011fa Q\u0131r\u0131m ve q\u0131r\u0131mtatar halq\u0131 problemlerini\u00f1 tedqiqat\u00e7\u0131s\u0131 ICATAT &#8211; Kavkaz, Tavrika ve Turkestan \u0130nstitut direktor\u0131, doktor Miste Hottopp-Rike yolba\u015f\u00e7\u0131l\u0131q yapa. Sent\u00e2br 13 k\u00fcn\u00fc Meclis ofisinde [&hellip;]<\/p>\n","protected":false},"author":1,"featured_media":39294,"comment_status":"open","ping_status":"open","sticky":false,"template":"","format":"standard","meta":{"inline_featured_image":false,"footnotes":""},"categories":[265],"tags":[],"class_list":["post-39281","post","type-post","status-publish","format-standard","has-post-thumbnail","hentry","category-haberler"],"acf":[],"yoast_head":"<!-- This site is optimized with the Yoast SEO plugin v27.4 - https:\/\/yoast.com\/product\/yoast-seo-wordpress\/ -->\n<title>Mustafa Cemilev bir gruppa alman jurnalistleri ve siyaset\u015f\u0131naslar\u0131nen k\u00f6r\u00fc\u015fti - \u041c\u0435\u0434\u0436\u043b\u0456\u0441<\/title>\n<meta name=\"robots\" content=\"index, follow, max-snippet:-1, max-image-preview:large, max-video-preview:-1\" \/>\n<link rel=\"canonical\" href=\"https:\/\/qtmm.org\/qt\/mustafa-cemilev-bir-gruppa-alman-jurnalistleri-ve-siyasetsinaslarinen-korusti\/\" \/>\n<meta property=\"og:locale\" content=\"en_US\" \/>\n<meta property=\"og:type\" content=\"article\" \/>\n<meta property=\"og:title\" content=\"Mustafa Cemilev bir gruppa alman jurnalistleri ve siyaset\u015f\u0131naslar\u0131nen k\u00f6r\u00fc\u015fti - \u041c\u0435\u0434\u0436\u043b\u0456\u0441\" \/>\n<meta property=\"og:description\" content=\"\u0130\u015f ziyareti \u00e7er\u00e7ivesinde Almaniyadan Q\u0131r\u0131m\u011fa cemaat erbaplar\u0131, ara\u015ft\u0131rmac\u0131, jurnalist ve i\u00e7timaiy monitoring vekillerinden ibaret bir gruppa keldi. Olar Q\u0131r\u0131m ve s\u00fcrg\u00fcn etilgen q\u0131r\u0131mtatarlar misalinde Ukrainadaki \u015fimdiki aqiqiy vaziyetni \u00f6grenmege t\u0131r\u0131\u015falar. Gruppa\u011fa Q\u0131r\u0131m ve q\u0131r\u0131mtatar halq\u0131 problemlerini\u00f1 tedqiqat\u00e7\u0131s\u0131 ICATAT &#8211; Kavkaz, Tavrika ve Turkestan \u0130nstitut direktor\u0131, doktor Miste Hottopp-Rike yolba\u015f\u00e7\u0131l\u0131q yapa. Sent\u00e2br 13 k\u00fcn\u00fc Meclis ofisinde [&hellip;]\" \/>\n<meta property=\"og:url\" content=\"https:\/\/qtmm.org\/qt\/mustafa-cemilev-bir-gruppa-alman-jurnalistleri-ve-siyasetsinaslarinen-korusti\/\" \/>\n<meta property=\"og:site_name\" content=\"\u041c\u0435\u0434\u0436\u043b\u0456\u0441\" \/>\n<meta property=\"article:publisher\" content=\"https:\/\/www.facebook.com\/qtmm.info\/\" \/>\n<meta property=\"article:published_time\" content=\"2013-09-13T14:53:00+00:00\" \/>\n<meta property=\"article:modified_time\" content=\"2022-01-25T14:54:55+00:00\" \/>\n<meta property=\"og:image\" content=\"https:\/\/qtmm.org\/wp-content\/uploads\/2022\/01\/img_0404_1.jpeg\" \/>\n\t<meta property=\"og:image:width\" content=\"650\" \/>\n\t<meta property=\"og:image:height\" content=\"391\" \/>\n\t<meta property=\"og:image:type\" content=\"image\/jpeg\" \/>\n<meta name=\"author\" content=\"Developer\" \/>\n<meta name=\"twitter:card\" content=\"summary_large_image\" \/>\n<meta name=\"twitter:label1\" content=\"Written by\" \/>\n\t<meta name=\"twitter:data1\" content=\"Developer\" \/>\n\t<meta name=\"twitter:label2\" content=\"Est. reading time\" \/>\n\t<meta name=\"twitter:data2\" content=\"3 minutes\" \/>\n<script type=\"application\/ld+json\" class=\"yoast-schema-graph\">{\"@context\":\"https:\\\/\\\/schema.org\",\"@graph\":[{\"@type\":\"Article\",\"@id\":\"https:\\\/\\\/qtmm.org\\\/qt\\\/mustafa-cemilev-bir-gruppa-alman-jurnalistleri-ve-siyasetsinaslarinen-korusti\\\/#article\",\"isPartOf\":{\"@id\":\"https:\\\/\\\/qtmm.org\\\/qt\\\/mustafa-cemilev-bir-gruppa-alman-jurnalistleri-ve-siyasetsinaslarinen-korusti\\\/\"},\"author\":{\"name\":\"Developer\",\"@id\":\"https:\\\/\\\/qtmm.org\\\/qt\\\/#\\\/schema\\\/person\\\/de562469f971dec226ac06e60bbf74a7\"},\"headline\":\"Mustafa Cemilev bir gruppa alman jurnalistleri ve siyaset\u015f\u0131naslar\u0131nen k\u00f6r\u00fc\u015fti\",\"datePublished\":\"2013-09-13T14:53:00+00:00\",\"dateModified\":\"2022-01-25T14:54:55+00:00\",\"mainEntityOfPage\":{\"@id\":\"https:\\\/\\\/qtmm.org\\\/qt\\\/mustafa-cemilev-bir-gruppa-alman-jurnalistleri-ve-siyasetsinaslarinen-korusti\\\/\"},\"wordCount\":694,\"commentCount\":0,\"publisher\":{\"@id\":\"https:\\\/\\\/qtmm.org\\\/qt\\\/#organization\"},\"image\":{\"@id\":\"https:\\\/\\\/qtmm.org\\\/qt\\\/mustafa-cemilev-bir-gruppa-alman-jurnalistleri-ve-siyasetsinaslarinen-korusti\\\/#primaryimage\"},\"thumbnailUrl\":\"https:\\\/\\\/qtmm.org\\\/wp-content\\\/uploads\\\/2022\\\/01\\\/img_0404_1.jpeg\",\"articleSection\":[\"Haberler\"],\"inLanguage\":\"qt\",\"potentialAction\":[{\"@type\":\"CommentAction\",\"name\":\"Comment\",\"target\":[\"https:\\\/\\\/qtmm.org\\\/qt\\\/mustafa-cemilev-bir-gruppa-alman-jurnalistleri-ve-siyasetsinaslarinen-korusti\\\/#respond\"]}]},{\"@type\":\"WebPage\",\"@id\":\"https:\\\/\\\/qtmm.org\\\/qt\\\/mustafa-cemilev-bir-gruppa-alman-jurnalistleri-ve-siyasetsinaslarinen-korusti\\\/\",\"url\":\"https:\\\/\\\/qtmm.org\\\/qt\\\/mustafa-cemilev-bir-gruppa-alman-jurnalistleri-ve-siyasetsinaslarinen-korusti\\\/\",\"name\":\"Mustafa Cemilev bir gruppa alman jurnalistleri ve siyaset\u015f\u0131naslar\u0131nen k\u00f6r\u00fc\u015fti - \u041c\u0435\u0434\u0436\u043b\u0456\u0441\",\"isPartOf\":{\"@id\":\"https:\\\/\\\/qtmm.org\\\/qt\\\/#website\"},\"primaryImageOfPage\":{\"@id\":\"https:\\\/\\\/qtmm.org\\\/qt\\\/mustafa-cemilev-bir-gruppa-alman-jurnalistleri-ve-siyasetsinaslarinen-korusti\\\/#primaryimage\"},\"image\":{\"@id\":\"https:\\\/\\\/qtmm.org\\\/qt\\\/mustafa-cemilev-bir-gruppa-alman-jurnalistleri-ve-siyasetsinaslarinen-korusti\\\/#primaryimage\"},\"thumbnailUrl\":\"https:\\\/\\\/qtmm.org\\\/wp-content\\\/uploads\\\/2022\\\/01\\\/img_0404_1.jpeg\",\"datePublished\":\"2013-09-13T14:53:00+00:00\",\"dateModified\":\"2022-01-25T14:54:55+00:00\",\"breadcrumb\":{\"@id\":\"https:\\\/\\\/qtmm.org\\\/qt\\\/mustafa-cemilev-bir-gruppa-alman-jurnalistleri-ve-siyasetsinaslarinen-korusti\\\/#breadcrumb\"},\"inLanguage\":\"qt\",\"potentialAction\":[{\"@type\":\"ReadAction\",\"target\":[\"https:\\\/\\\/qtmm.org\\\/qt\\\/mustafa-cemilev-bir-gruppa-alman-jurnalistleri-ve-siyasetsinaslarinen-korusti\\\/\"]}]},{\"@type\":\"ImageObject\",\"inLanguage\":\"qt\",\"@id\":\"https:\\\/\\\/qtmm.org\\\/qt\\\/mustafa-cemilev-bir-gruppa-alman-jurnalistleri-ve-siyasetsinaslarinen-korusti\\\/#primaryimage\",\"url\":\"https:\\\/\\\/qtmm.org\\\/wp-content\\\/uploads\\\/2022\\\/01\\\/img_0404_1.jpeg\",\"contentUrl\":\"https:\\\/\\\/qtmm.org\\\/wp-content\\\/uploads\\\/2022\\\/01\\\/img_0404_1.jpeg\",\"width\":650,\"height\":391},{\"@type\":\"BreadcrumbList\",\"@id\":\"https:\\\/\\\/qtmm.org\\\/qt\\\/mustafa-cemilev-bir-gruppa-alman-jurnalistleri-ve-siyasetsinaslarinen-korusti\\\/#breadcrumb\",\"itemListElement\":[{\"@type\":\"ListItem\",\"position\":1,\"name\":\"\u0413\u043e\u043b\u043e\u0432\u043d\u0430\",\"item\":\"https:\\\/\\\/qtmm.org\\\/qt\\\/\"},{\"@type\":\"ListItem\",\"position\":2,\"name\":\"Mustafa Cemilev bir gruppa alman jurnalistleri ve siyaset\u015f\u0131naslar\u0131nen k\u00f6r\u00fc\u015fti\"}]},{\"@type\":\"WebSite\",\"@id\":\"https:\\\/\\\/qtmm.org\\\/qt\\\/#website\",\"url\":\"https:\\\/\\\/qtmm.org\\\/qt\\\/\",\"name\":\"\u041c\u0435\u0434\u0436\u043b\u0456\u0441\",\"description\":\"\",\"publisher\":{\"@id\":\"https:\\\/\\\/qtmm.org\\\/qt\\\/#organization\"},\"potentialAction\":[{\"@type\":\"SearchAction\",\"target\":{\"@type\":\"EntryPoint\",\"urlTemplate\":\"https:\\\/\\\/qtmm.org\\\/qt\\\/?s={search_term_string}\"},\"query-input\":{\"@type\":\"PropertyValueSpecification\",\"valueRequired\":true,\"valueName\":\"search_term_string\"}}],\"inLanguage\":\"qt\"},{\"@type\":\"Organization\",\"@id\":\"https:\\\/\\\/qtmm.org\\\/qt\\\/#organization\",\"name\":\"\u041c\u0435\u0434\u0436\u043b\u0456\u0441\",\"url\":\"https:\\\/\\\/qtmm.org\\\/qt\\\/\",\"logo\":{\"@type\":\"ImageObject\",\"inLanguage\":\"qt\",\"@id\":\"https:\\\/\\\/qtmm.org\\\/qt\\\/#\\\/schema\\\/logo\\\/image\\\/\",\"url\":\"https:\\\/\\\/qtmm.org\\\/wp-content\\\/uploads\\\/2024\\\/12\\\/ua-mejlis-logo-rgb.svg\",\"contentUrl\":\"https:\\\/\\\/qtmm.org\\\/wp-content\\\/uploads\\\/2024\\\/12\\\/ua-mejlis-logo-rgb.svg\",\"caption\":\"\u041c\u0435\u0434\u0436\u043b\u0456\u0441\"},\"image\":{\"@id\":\"https:\\\/\\\/qtmm.org\\\/qt\\\/#\\\/schema\\\/logo\\\/image\\\/\"},\"sameAs\":[\"https:\\\/\\\/www.facebook.com\\\/qtmm.info\\\/\"]},{\"@type\":\"Person\",\"@id\":\"https:\\\/\\\/qtmm.org\\\/qt\\\/#\\\/schema\\\/person\\\/de562469f971dec226ac06e60bbf74a7\",\"name\":\"Developer\",\"image\":{\"@type\":\"ImageObject\",\"inLanguage\":\"qt\",\"@id\":\"https:\\\/\\\/secure.gravatar.com\\\/avatar\\\/392b4cc8fbfeb00b39dfeeab4ee6edded39ffd48e25858637e4765810300227e?s=96&d=mm&r=g\",\"url\":\"https:\\\/\\\/secure.gravatar.com\\\/avatar\\\/392b4cc8fbfeb00b39dfeeab4ee6edded39ffd48e25858637e4765810300227e?s=96&d=mm&r=g\",\"contentUrl\":\"https:\\\/\\\/secure.gravatar.com\\\/avatar\\\/392b4cc8fbfeb00b39dfeeab4ee6edded39ffd48e25858637e4765810300227e?s=96&d=mm&r=g\",\"caption\":\"Developer\"},\"url\":\"https:\\\/\\\/qtmm.org\\\/qt\\\/author\\\/Developer\\\/\"}]}<\/script>\n<!-- \/ Yoast SEO plugin. -->","yoast_head_json":{"title":"Mustafa Cemilev bir gruppa alman jurnalistleri ve siyaset\u015f\u0131naslar\u0131nen k\u00f6r\u00fc\u015fti - \u041c\u0435\u0434\u0436\u043b\u0456\u0441","robots":{"index":"index","follow":"follow","max-snippet":"max-snippet:-1","max-image-preview":"max-image-preview:large","max-video-preview":"max-video-preview:-1"},"canonical":"https:\/\/qtmm.org\/qt\/mustafa-cemilev-bir-gruppa-alman-jurnalistleri-ve-siyasetsinaslarinen-korusti\/","og_locale":"en_US","og_type":"article","og_title":"Mustafa Cemilev bir gruppa alman jurnalistleri ve siyaset\u015f\u0131naslar\u0131nen k\u00f6r\u00fc\u015fti - \u041c\u0435\u0434\u0436\u043b\u0456\u0441","og_description":"\u0130\u015f ziyareti \u00e7er\u00e7ivesinde Almaniyadan Q\u0131r\u0131m\u011fa cemaat erbaplar\u0131, ara\u015ft\u0131rmac\u0131, jurnalist ve i\u00e7timaiy monitoring vekillerinden ibaret bir gruppa keldi. Olar Q\u0131r\u0131m ve s\u00fcrg\u00fcn etilgen q\u0131r\u0131mtatarlar misalinde Ukrainadaki \u015fimdiki aqiqiy vaziyetni \u00f6grenmege t\u0131r\u0131\u015falar. Gruppa\u011fa Q\u0131r\u0131m ve q\u0131r\u0131mtatar halq\u0131 problemlerini\u00f1 tedqiqat\u00e7\u0131s\u0131 ICATAT &#8211; Kavkaz, Tavrika ve Turkestan \u0130nstitut direktor\u0131, doktor Miste Hottopp-Rike yolba\u015f\u00e7\u0131l\u0131q yapa. Sent\u00e2br 13 k\u00fcn\u00fc Meclis ofisinde [&hellip;]","og_url":"https:\/\/qtmm.org\/qt\/mustafa-cemilev-bir-gruppa-alman-jurnalistleri-ve-siyasetsinaslarinen-korusti\/","og_site_name":"\u041c\u0435\u0434\u0436\u043b\u0456\u0441","article_publisher":"https:\/\/www.facebook.com\/qtmm.info\/","article_published_time":"2013-09-13T14:53:00+00:00","article_modified_time":"2022-01-25T14:54:55+00:00","og_image":[{"width":650,"height":391,"url":"https:\/\/qtmm.org\/wp-content\/uploads\/2022\/01\/img_0404_1.jpeg","type":"image\/jpeg"}],"author":"Developer","twitter_card":"summary_large_image","twitter_misc":{"Written by":"Developer","Est. reading time":"3 minutes"},"schema":{"@context":"https:\/\/schema.org","@graph":[{"@type":"Article","@id":"https:\/\/qtmm.org\/qt\/mustafa-cemilev-bir-gruppa-alman-jurnalistleri-ve-siyasetsinaslarinen-korusti\/#article","isPartOf":{"@id":"https:\/\/qtmm.org\/qt\/mustafa-cemilev-bir-gruppa-alman-jurnalistleri-ve-siyasetsinaslarinen-korusti\/"},"author":{"name":"Developer","@id":"https:\/\/qtmm.org\/qt\/#\/schema\/person\/de562469f971dec226ac06e60bbf74a7"},"headline":"Mustafa Cemilev bir gruppa alman jurnalistleri ve siyaset\u015f\u0131naslar\u0131nen k\u00f6r\u00fc\u015fti","datePublished":"2013-09-13T14:53:00+00:00","dateModified":"2022-01-25T14:54:55+00:00","mainEntityOfPage":{"@id":"https:\/\/qtmm.org\/qt\/mustafa-cemilev-bir-gruppa-alman-jurnalistleri-ve-siyasetsinaslarinen-korusti\/"},"wordCount":694,"commentCount":0,"publisher":{"@id":"https:\/\/qtmm.org\/qt\/#organization"},"image":{"@id":"https:\/\/qtmm.org\/qt\/mustafa-cemilev-bir-gruppa-alman-jurnalistleri-ve-siyasetsinaslarinen-korusti\/#primaryimage"},"thumbnailUrl":"https:\/\/qtmm.org\/wp-content\/uploads\/2022\/01\/img_0404_1.jpeg","articleSection":["Haberler"],"inLanguage":"qt","potentialAction":[{"@type":"CommentAction","name":"Comment","target":["https:\/\/qtmm.org\/qt\/mustafa-cemilev-bir-gruppa-alman-jurnalistleri-ve-siyasetsinaslarinen-korusti\/#respond"]}]},{"@type":"WebPage","@id":"https:\/\/qtmm.org\/qt\/mustafa-cemilev-bir-gruppa-alman-jurnalistleri-ve-siyasetsinaslarinen-korusti\/","url":"https:\/\/qtmm.org\/qt\/mustafa-cemilev-bir-gruppa-alman-jurnalistleri-ve-siyasetsinaslarinen-korusti\/","name":"Mustafa Cemilev bir gruppa alman jurnalistleri ve siyaset\u015f\u0131naslar\u0131nen k\u00f6r\u00fc\u015fti - \u041c\u0435\u0434\u0436\u043b\u0456\u0441","isPartOf":{"@id":"https:\/\/qtmm.org\/qt\/#website"},"primaryImageOfPage":{"@id":"https:\/\/qtmm.org\/qt\/mustafa-cemilev-bir-gruppa-alman-jurnalistleri-ve-siyasetsinaslarinen-korusti\/#primaryimage"},"image":{"@id":"https:\/\/qtmm.org\/qt\/mustafa-cemilev-bir-gruppa-alman-jurnalistleri-ve-siyasetsinaslarinen-korusti\/#primaryimage"},"thumbnailUrl":"https:\/\/qtmm.org\/wp-content\/uploads\/2022\/01\/img_0404_1.jpeg","datePublished":"2013-09-13T14:53:00+00:00","dateModified":"2022-01-25T14:54:55+00:00","breadcrumb":{"@id":"https:\/\/qtmm.org\/qt\/mustafa-cemilev-bir-gruppa-alman-jurnalistleri-ve-siyasetsinaslarinen-korusti\/#breadcrumb"},"inLanguage":"qt","potentialAction":[{"@type":"ReadAction","target":["https:\/\/qtmm.org\/qt\/mustafa-cemilev-bir-gruppa-alman-jurnalistleri-ve-siyasetsinaslarinen-korusti\/"]}]},{"@type":"ImageObject","inLanguage":"qt","@id":"https:\/\/qtmm.org\/qt\/mustafa-cemilev-bir-gruppa-alman-jurnalistleri-ve-siyasetsinaslarinen-korusti\/#primaryimage","url":"https:\/\/qtmm.org\/wp-content\/uploads\/2022\/01\/img_0404_1.jpeg","contentUrl":"https:\/\/qtmm.org\/wp-content\/uploads\/2022\/01\/img_0404_1.jpeg","width":650,"height":391},{"@type":"BreadcrumbList","@id":"https:\/\/qtmm.org\/qt\/mustafa-cemilev-bir-gruppa-alman-jurnalistleri-ve-siyasetsinaslarinen-korusti\/#breadcrumb","itemListElement":[{"@type":"ListItem","position":1,"name":"\u0413\u043e\u043b\u043e\u0432\u043d\u0430","item":"https:\/\/qtmm.org\/qt\/"},{"@type":"ListItem","position":2,"name":"Mustafa Cemilev bir gruppa alman jurnalistleri ve siyaset\u015f\u0131naslar\u0131nen k\u00f6r\u00fc\u015fti"}]},{"@type":"WebSite","@id":"https:\/\/qtmm.org\/qt\/#website","url":"https:\/\/qtmm.org\/qt\/","name":"\u041c\u0435\u0434\u0436\u043b\u0456\u0441","description":"","publisher":{"@id":"https:\/\/qtmm.org\/qt\/#organization"},"potentialAction":[{"@type":"SearchAction","target":{"@type":"EntryPoint","urlTemplate":"https:\/\/qtmm.org\/qt\/?s={search_term_string}"},"query-input":{"@type":"PropertyValueSpecification","valueRequired":true,"valueName":"search_term_string"}}],"inLanguage":"qt"},{"@type":"Organization","@id":"https:\/\/qtmm.org\/qt\/#organization","name":"\u041c\u0435\u0434\u0436\u043b\u0456\u0441","url":"https:\/\/qtmm.org\/qt\/","logo":{"@type":"ImageObject","inLanguage":"qt","@id":"https:\/\/qtmm.org\/qt\/#\/schema\/logo\/image\/","url":"https:\/\/qtmm.org\/wp-content\/uploads\/2024\/12\/ua-mejlis-logo-rgb.svg","contentUrl":"https:\/\/qtmm.org\/wp-content\/uploads\/2024\/12\/ua-mejlis-logo-rgb.svg","caption":"\u041c\u0435\u0434\u0436\u043b\u0456\u0441"},"image":{"@id":"https:\/\/qtmm.org\/qt\/#\/schema\/logo\/image\/"},"sameAs":["https:\/\/www.facebook.com\/qtmm.info\/"]},{"@type":"Person","@id":"https:\/\/qtmm.org\/qt\/#\/schema\/person\/de562469f971dec226ac06e60bbf74a7","name":"Developer","image":{"@type":"ImageObject","inLanguage":"qt","@id":"https:\/\/secure.gravatar.com\/avatar\/392b4cc8fbfeb00b39dfeeab4ee6edded39ffd48e25858637e4765810300227e?s=96&d=mm&r=g","url":"https:\/\/secure.gravatar.com\/avatar\/392b4cc8fbfeb00b39dfeeab4ee6edded39ffd48e25858637e4765810300227e?s=96&d=mm&r=g","contentUrl":"https:\/\/secure.gravatar.com\/avatar\/392b4cc8fbfeb00b39dfeeab4ee6edded39ffd48e25858637e4765810300227e?s=96&d=mm&r=g","caption":"Developer"},"url":"https:\/\/qtmm.org\/qt\/author\/Developer\/"}]}},"_links":{"self":[{"href":"https:\/\/qtmm.org\/qt\/wp-json\/wp\/v2\/posts\/39281","targetHints":{"allow":["GET"]}}],"collection":[{"href":"https:\/\/qtmm.org\/qt\/wp-json\/wp\/v2\/posts"}],"about":[{"href":"https:\/\/qtmm.org\/qt\/wp-json\/wp\/v2\/types\/post"}],"author":[{"embeddable":true,"href":"https:\/\/qtmm.org\/qt\/wp-json\/wp\/v2\/users\/1"}],"replies":[{"embeddable":true,"href":"https:\/\/qtmm.org\/qt\/wp-json\/wp\/v2\/comments?post=39281"}],"version-history":[{"count":1,"href":"https:\/\/qtmm.org\/qt\/wp-json\/wp\/v2\/posts\/39281\/revisions"}],"predecessor-version":[{"id":39298,"href":"https:\/\/qtmm.org\/qt\/wp-json\/wp\/v2\/posts\/39281\/revisions\/39298"}],"wp:featuredmedia":[{"embeddable":true,"href":"https:\/\/qtmm.org\/qt\/wp-json\/wp\/v2\/media\/39294"}],"wp:attachment":[{"href":"https:\/\/qtmm.org\/qt\/wp-json\/wp\/v2\/media?parent=39281"}],"wp:term":[{"taxonomy":"category","embeddable":true,"href":"https:\/\/qtmm.org\/qt\/wp-json\/wp\/v2\/categories?post=39281"},{"taxonomy":"post_tag","embeddable":true,"href":"https:\/\/qtmm.org\/qt\/wp-json\/wp\/v2\/tags?post=39281"}],"curies":[{"name":"wp","href":"https:\/\/api.w.org\/{rel}","templated":true}]}}