




{"id":39267,"date":"2013-09-12T17:44:00","date_gmt":"2013-09-12T14:44:00","guid":{"rendered":"http:\/\/qtmm.org\/?p=39267"},"modified":"2022-01-25T17:52:34","modified_gmt":"2022-01-25T14:52:34","slug":"riza-sevqiyev-qirimtatar-medeniy-merkeznin-meydanga-ketirilmesi-umummilliy-istir-amma-onin-quruciligina-mania-olgan-inat-kucler-mevcuttir","status":"publish","type":"post","link":"https:\/\/qtmm.org\/qt\/riza-sevqiyev-qirimtatar-medeniy-merkeznin-meydanga-ketirilmesi-umummilliy-istir-amma-onin-quruciligina-mania-olgan-inat-kucler-mevcuttir\/","title":{"rendered":"Riza \u015eevqiyev: \u00abQIRIMTATAR MEDEN\u0130Y MERKEZni\u00f1 meydan\u011fa ketirilmesi umummilliy i\u015ftir, amma on\u0131\u00f1 quruc\u0131l\u0131\u011f\u0131na mania ol\u011fan inat k\u00fc\u00e7ler mevcutt\u0131r\u00bb"},"content":{"rendered":"\n<p>2013 senesi sent\u00e2br 11 k\u00fcn\u00fc Meclis yolba\u015f\u00e7\u0131lar\u0131 k\u00fctleviy matbuat vastalar\u0131, icadiy birle\u015fmeler vekilleri, tarih\u00e7\u0131lar ile &#8220;Q\u0131r\u0131m tarih\u0131n\u0131 sahtele\u015ftirmek o\u011frunda maqsadl\u0131 areketler ve tarihiy aqiqatn\u0131 qor\u00e7alav meseleleri&#8221; mevzus\u0131nda k\u00f6r\u00fc\u015f\u00fcv ke\u00e7irdiler.<\/p>\n\n\n\n<p>K\u00f6r\u00fc\u015f\u00fcvde i\u015ftirak etken &#8220;Q\u0131r\u0131m&#8221; fond\u0131&#8221; Hayriye te\u015fkil\u00e2t\u0131n\u0131\u00f1 ba\u015f direktor\u0131 Riza \u015eevqiyev \u00f6z \u00e7\u0131q\u0131\u015f\u0131nda \u015fun\u0131 qayd etti ki, Q\u0131r\u0131m tarih\u0131n\u0131 devaml\u0131 sahtele\u015ftirmek areketleri art\u0131q kimdir \u00e7etten kelip tarih\u0131m\u0131zn\u0131 bizim i\u015ftirakimizsiz yapaca\u011f\u0131n\u0131 beklemeden, on\u0131\u00f1 yaz\u0131lmas\u0131nda bivasta qat\u0131lmaq kerekmiz, degen hul\u00e2san\u0131 ketire. Tarihn\u0131 bile tur\u0131p bozuv allar\u0131 ve tarihiy faktlarn\u0131 boz\u0131p k\u00f6stermek nas\u0131l ol\u011fan\u0131n\u0131 Q\u0131r\u0131mtatar merkeziy merkez quruc\u0131l\u0131\u011f\u0131 etraf\u0131ndaki vaziyet aks ete. &#8220;Q\u0131r\u0131m&#8221; fond\u0131&#8221; Hayriye te\u015fkil\u00e2t\u0131 ta 2009 senesi Karl Marks soqa\u011f\u0131nda i\u00e7 kimse ya\u015fama\u011fan binan\u0131 sat\u0131n al\u011fan edi.<\/p>\n\n\n\n<figure class=\"wp-block-image size-full\"><img loading=\"lazy\" decoding=\"async\" width=\"650\" height=\"388\" src=\"http:\/\/qtmm.org\/wp-content\/uploads\/2022\/01\/rshevkiev_2.jpeg\" alt=\"\" class=\"wp-image-39268\" srcset=\"https:\/\/qtmm.org\/wp-content\/uploads\/2022\/01\/rshevkiev_2.jpeg 650w, https:\/\/qtmm.org\/wp-content\/uploads\/2022\/01\/rshevkiev_2-300x179.jpeg 300w\" sizes=\"auto, (max-width: 650px) 100vw, 650px\" \/><\/figure>\n\n\n\n<p>R. \u015eevqiyev Q\u0131r\u0131m medeniy mirasn\u0131 qoruv cumhuriyet komitetinden al\u0131n\u011fan resmiy cevaplar\u011fa esaslanaraq k\u00f6r\u00fc\u015f\u00fcv i\u015ftirak\u00e7ilerini\u00f1 diqqat\u0131n\u0131 \u015fu\u00f1a celp etti ki, bina sat\u0131n al\u0131nmadan evel o Ukrainan\u0131\u00f1 &#8220;Medeniy mirasn\u0131 qoruv aqq\u0131nda&#8221; qanun\u0131 14-nci maddesini\u00f1 2-nci q\u0131sm\u0131na binaen yerli organlar taraf\u0131ndan tizilgen i\u00e7 bir t\u00fcrl\u00fc cedvelge, bun\u0131\u00f1 kibi de &#8220;Tarih ve medeniyet abidelerini qoruv ve qullanuv aqq\u0131nda&#8221; Qanun boyunca cedvelge de kirsetilmegen edi. Riza \u015eevqiyevni\u00f1 a\u00f1latqan\u0131na k\u00f6re bina resmen y\u0131q\u0131lmaq tel\u00fckesi alt\u0131nda bulun\u011fan ve \u011fayr\u0131dan tiklenilmesi imk\u00e2ns\u0131z tan\u0131l\u011fan.<\/p>\n\n\n\n<p>Amma cumhuriyet idarelerni\u00f1 esasl\u0131 deliller ile pozitsiyas\u0131n\u0131 nas\u0131ld\u0131r bir &#8220;Rus qad\u0131nlar klub\u0131&#8221; \u015f\u00fcbe alt\u0131na ald\u0131. Bu te\u015fkil\u00e2t azalar\u0131 sab\u0131q deputatlarn\u0131\u00f1 qoltutuv\u0131nda K.Marks soqa\u011f\u0131ndaki 25-nci eV sanki Arendt evi degen mevzun\u0131 \u00f6gge s\u00fcrip ba\u015flad\u0131lar. &#8220;Apans\u0131zdan peyda ol\u011fan cemaat te\u015fkil\u00e2t\u0131n\u0131\u00f1 azalar\u0131 \u015fun\u0131 k\u00f6zden qa\u00e7\u0131rd\u0131lar ki, bu eV planerci Arendtni\u00f1 vefat\u0131ndan so\u00f1 qurul\u011fan&#8221;, &#8211; dedi &#8220;Q\u0131r\u0131m fond\u0131&#8221;n\u0131\u00f1 ba\u015f\u0131.<\/p>\n\n\n\n<p>Riza \u015eevqiyev emin ki, cemaat te\u015fkil\u00e2t\u0131n\u0131\u00f1 &#8220;klub faaliyeti&#8221; yeterli olmad\u0131 ve klub reisi 2013 senesi baarinde kene de \u00f6z\u00fcni\u00f1 reisliginde daa bir te\u015fkil\u00e2tn\u0131 \u2013 endi &#8220;abidelerni qoruv&#8221; te\u015fkil\u00e2t\u0131n\u0131 resmiyle\u015ftire.<\/p>\n\n\n\n<figure class=\"wp-block-image size-full\"><img loading=\"lazy\" decoding=\"async\" width=\"650\" height=\"250\" src=\"http:\/\/qtmm.org\/wp-content\/uploads\/2022\/01\/img_0737_1.jpeg\" alt=\"\" class=\"wp-image-39272\" srcset=\"https:\/\/qtmm.org\/wp-content\/uploads\/2022\/01\/img_0737_1.jpeg 650w, https:\/\/qtmm.org\/wp-content\/uploads\/2022\/01\/img_0737_1-300x115.jpeg 300w\" sizes=\"auto, (max-width: 650px) 100vw, 650px\" \/><\/figure>\n\n\n\n<p>&#8220;2013 senesini\u00f1 avgust ay\u0131nda bu cemiyet Ukraina Medeniyet nazirligini\u00f1 2013 s. Avgust 14-te al\u0131n\u011fan 757 raqaml\u0131 &#8220;Medeniy miras obyektlerini Ukraina abideleri devlet cedveline kirset\u00fcv aqq\u0131nda&#8221; emirni\u00f1 kopiyas\u0131n\u0131 tarqatt\u0131. Ayn\u0131 zamanda Medeniy mirasn\u0131 qoruv boyunca cumhuriyet komiteti tan\u0131d\u0131 ki, mezk\u00fcr emir k\u00f6\u00e7\u00fcrmesi i\u015f al\u0131p baruv tertibine uy\u011fun \u015fekilde yap\u0131lma\u011fan&#8221;, &#8211; devam etti R. \u015eevqiyev. \u2013 Amma bu\u00f1a baqmadan Medeniy mirasn\u0131 qoruv boyunca cumhuriyet komiteti elektron po\u00e7ta vastas\u0131nen Ukraina Medeniyet nazirliginden al\u011fan faksogramma\u011fa esaslanaraq Karl Marks soqa\u011f\u0131ndaki 25-nci eVni\u00f1 qorulmas\u0131 boyunca muqavele imzalanmasm\u0131n\u0131 acele talap ete. Delil olaraq bina Ukraina devlet cedveline kirsetilgenini ketire. Biz avgust 21 k\u00fcn\u00fc Ukraina Medeniyet nazirligine tarihiy vesiqalarn\u0131 sahtele\u015ftir\u00fcv ihtimal\u0131n\u0131 toqtatmaq ricas\u0131nen muracaat ettik. L\u00e2kin cevab\u0131n\u0131 daa almad\u0131q&#8221;.<\/p>\n\n\n\n<p>R.\u015eevqiyevni\u00f1 s\u00f6ylegenine k\u00f6re Aqmescit \u015feer \u015furas\u0131 da Ukraina Medeniyet nazirligi emirini\u00f1 k\u00f6\u00e7\u00fcrmesine esaslanaraq &#8220;Q\u0131r\u0131m fond\u0131&#8221; hayriye te\u015fkil\u00e2t\u0131na K. Marks, 25-nci evni rekonstruktsiya parametrlerini de\u00f1i\u015fitirmek aqq\u0131nda mekt\u00fcp yolla\u011fan.<\/p>\n\n\n\n<figure class=\"wp-block-image size-full\"><img loading=\"lazy\" decoding=\"async\" width=\"650\" height=\"492\" src=\"http:\/\/qtmm.org\/wp-content\/uploads\/2022\/01\/rshevkiev_1.jpeg\" alt=\"\" class=\"wp-image-39276\" srcset=\"https:\/\/qtmm.org\/wp-content\/uploads\/2022\/01\/rshevkiev_1.jpeg 650w, https:\/\/qtmm.org\/wp-content\/uploads\/2022\/01\/rshevkiev_1-300x227.jpeg 300w\" sizes=\"auto, (max-width: 650px) 100vw, 650px\" \/><\/figure>\n\n\n\n<p>R.\u015eevkiyev tahmin ete ki, yuqar\u0131da qayd etilgen &#8220;kopiyalar&#8221; faqat q\u0131r\u0131mtatar medeniy merkezni\u00f1 quruc\u0131l\u0131\u011f\u0131na mania ol\u0131p qalmadan, ayn\u0131 zamanda \u00fck\u00fcmette \u00e7al\u0131\u015fqanlarn\u0131\u00f1 belli bir areketlerinden del\u00e2let bere. K\u00f6r\u00fc\u015f\u00fcv i\u015ftirak\u00e7ilerine o 9 qatl\u0131 binan\u0131\u00f1 quruc\u0131l\u0131\u011f\u0131 birinci ol\u0131p kim yasaq etmek teklifini seslendirgenini de hat\u0131rlatt\u0131<\/p>\n\n\n\n<p>&#8220;Aq\u0131l\u0131\u00f1\u0131zdam\u0131, deputatlardan angi birisi bu obyektni anda ol\u011fan p\u00fcs\u00fcrlikten dolay\u0131 \u00e7ekip almaqn\u0131 talap etkeni? Ya Medeniyet nazirligini\u00f1 sus\u0131p otur\u011fan\u0131n\u0131 nas\u0131l a\u00f1latmaq m\u00fcmk\u00fcn, &#8211; dedi R. \u015eevqiyev. \u2013 Bir baq\u0131\u00f1\u0131z, devlet adamlar\u0131 evel ad\u0131-esamesi bile oqulma\u011fan, kimsege belli olma\u011fan bi\u00f1de bir te\u015fkil\u00e2tn\u0131\u00f1 &#8220;bildir\u00fcvini&#8221; eda etmege \u00e7apt\u0131lar&#8221;.<\/p>\n\n\n\n<p>Q\u0131r\u0131mtatar medeniy merkez quruc\u0131l\u0131\u011f\u0131 etraf\u0131ndaki kergin vaziyet aqq\u0131ndaki haberlerge yek\u00fcn \u00e7ekerek &#8220;Q\u0131r\u0131m fond\u0131&#8221;n\u0131\u00f1 direktor\u0131 K\u00fctleviy matbuat vastalar\u0131na &#8220;mustaqil jurnalist taqiqat\u0131 ke\u00e7irip, isbats\u0131z delillerni fa\u015f etmek, &#8220;tarihiy adalet cankuyerlerini\u00f1&#8221; K. Marks 25-te planerci Arendt ya\u015fa\u011fan\u0131-ya\u015fama\u011fan\u0131n\u0131 belgilemekni tevsiye etti<\/p>\n\n\n\n<p>&#8220;Biz q\u0131r\u0131mtatar milliy medeniyeti ve diger saalarn\u0131 \u011fayr\u0131dan tiklev o\u011frunda areketler baltalan\u011fan\u0131, tarihiy vesiqalar ve umumen Q\u0131r\u0131m tam\u0131r halq\u0131 tarih\u0131 sahtele\u015ftirilgenini\u00f1 \u015faatlar\u0131 olam\u0131z, &#8211; dedi R.\u015eevqiyev.<\/p>\n","protected":false},"excerpt":{"rendered":"<p>2013 senesi sent\u00e2br 11 k\u00fcn\u00fc Meclis yolba\u015f\u00e7\u0131lar\u0131 k\u00fctleviy matbuat vastalar\u0131, icadiy birle\u015fmeler vekilleri, tarih\u00e7\u0131lar ile &#8220;Q\u0131r\u0131m tarih\u0131n\u0131 sahtele\u015ftirmek o\u011frunda maqsadl\u0131 areketler ve tarihiy aqiqatn\u0131 qor\u00e7alav meseleleri&#8221; mevzus\u0131nda k\u00f6r\u00fc\u015f\u00fcv ke\u00e7irdiler. K\u00f6r\u00fc\u015f\u00fcvde i\u015ftirak etken &#8220;Q\u0131r\u0131m&#8221; fond\u0131&#8221; Hayriye te\u015fkil\u00e2t\u0131n\u0131\u00f1 ba\u015f direktor\u0131 Riza \u015eevqiyev \u00f6z \u00e7\u0131q\u0131\u015f\u0131nda \u015fun\u0131 qayd etti ki, Q\u0131r\u0131m tarih\u0131n\u0131 devaml\u0131 sahtele\u015ftirmek areketleri art\u0131q kimdir \u00e7etten kelip [&hellip;]<\/p>\n","protected":false},"author":1,"featured_media":0,"comment_status":"open","ping_status":"open","sticky":false,"template":"","format":"standard","meta":{"inline_featured_image":false,"footnotes":""},"categories":[265],"tags":[],"class_list":["post-39267","post","type-post","status-publish","format-standard","hentry","category-haberler"],"acf":[],"yoast_head":"<!-- This site is optimized with the Yoast SEO plugin v27.4 - https:\/\/yoast.com\/product\/yoast-seo-wordpress\/ -->\n<title>Riza \u015eevqiyev: \u00abQIRIMTATAR MEDEN\u0130Y MERKEZni\u00f1 meydan\u011fa ketirilmesi umummilliy i\u015ftir, amma on\u0131\u00f1 quruc\u0131l\u0131\u011f\u0131na mania ol\u011fan inat k\u00fc\u00e7ler mevcutt\u0131r\u00bb - \u041c\u0435\u0434\u0436\u043b\u0456\u0441<\/title>\n<meta name=\"robots\" content=\"index, follow, max-snippet:-1, max-image-preview:large, max-video-preview:-1\" \/>\n<link rel=\"canonical\" href=\"https:\/\/qtmm.org\/qt\/riza-sevqiyev-qirimtatar-medeniy-merkeznin-meydanga-ketirilmesi-umummilliy-istir-amma-onin-quruciligina-mania-olgan-inat-kucler-mevcuttir\/\" \/>\n<meta property=\"og:locale\" content=\"en_US\" \/>\n<meta property=\"og:type\" content=\"article\" \/>\n<meta property=\"og:title\" content=\"Riza \u015eevqiyev: \u00abQIRIMTATAR MEDEN\u0130Y MERKEZni\u00f1 meydan\u011fa ketirilmesi umummilliy i\u015ftir, amma on\u0131\u00f1 quruc\u0131l\u0131\u011f\u0131na mania ol\u011fan inat k\u00fc\u00e7ler mevcutt\u0131r\u00bb - \u041c\u0435\u0434\u0436\u043b\u0456\u0441\" \/>\n<meta property=\"og:description\" content=\"2013 senesi sent\u00e2br 11 k\u00fcn\u00fc Meclis yolba\u015f\u00e7\u0131lar\u0131 k\u00fctleviy matbuat vastalar\u0131, icadiy birle\u015fmeler vekilleri, tarih\u00e7\u0131lar ile &#8220;Q\u0131r\u0131m tarih\u0131n\u0131 sahtele\u015ftirmek o\u011frunda maqsadl\u0131 areketler ve tarihiy aqiqatn\u0131 qor\u00e7alav meseleleri&#8221; mevzus\u0131nda k\u00f6r\u00fc\u015f\u00fcv ke\u00e7irdiler. K\u00f6r\u00fc\u015f\u00fcvde i\u015ftirak etken &#8220;Q\u0131r\u0131m&#8221; fond\u0131&#8221; Hayriye te\u015fkil\u00e2t\u0131n\u0131\u00f1 ba\u015f direktor\u0131 Riza \u015eevqiyev \u00f6z \u00e7\u0131q\u0131\u015f\u0131nda \u015fun\u0131 qayd etti ki, Q\u0131r\u0131m tarih\u0131n\u0131 devaml\u0131 sahtele\u015ftirmek areketleri art\u0131q kimdir \u00e7etten kelip [&hellip;]\" \/>\n<meta property=\"og:url\" content=\"https:\/\/qtmm.org\/qt\/riza-sevqiyev-qirimtatar-medeniy-merkeznin-meydanga-ketirilmesi-umummilliy-istir-amma-onin-quruciligina-mania-olgan-inat-kucler-mevcuttir\/\" \/>\n<meta property=\"og:site_name\" content=\"\u041c\u0435\u0434\u0436\u043b\u0456\u0441\" \/>\n<meta property=\"article:publisher\" content=\"https:\/\/www.facebook.com\/qtmm.info\/\" \/>\n<meta property=\"article:published_time\" content=\"2013-09-12T14:44:00+00:00\" \/>\n<meta property=\"article:modified_time\" content=\"2022-01-25T14:52:34+00:00\" \/>\n<meta property=\"og:image\" content=\"https:\/\/qtmm.org\/wp-content\/uploads\/2022\/01\/rshevkiev_2.jpeg\" \/>\n\t<meta property=\"og:image:width\" content=\"650\" \/>\n\t<meta property=\"og:image:height\" content=\"388\" \/>\n\t<meta property=\"og:image:type\" content=\"image\/jpeg\" \/>\n<meta name=\"author\" content=\"Developer\" \/>\n<meta name=\"twitter:card\" content=\"summary_large_image\" \/>\n<meta name=\"twitter:label1\" content=\"Written by\" \/>\n\t<meta name=\"twitter:data1\" content=\"Developer\" \/>\n\t<meta name=\"twitter:label2\" content=\"Est. reading time\" \/>\n\t<meta name=\"twitter:data2\" content=\"4 minutes\" \/>\n<script type=\"application\/ld+json\" class=\"yoast-schema-graph\">{\"@context\":\"https:\\\/\\\/schema.org\",\"@graph\":[{\"@type\":\"Article\",\"@id\":\"https:\\\/\\\/qtmm.org\\\/qt\\\/riza-sevqiyev-qirimtatar-medeniy-merkeznin-meydanga-ketirilmesi-umummilliy-istir-amma-onin-quruciligina-mania-olgan-inat-kucler-mevcuttir\\\/#article\",\"isPartOf\":{\"@id\":\"https:\\\/\\\/qtmm.org\\\/qt\\\/riza-sevqiyev-qirimtatar-medeniy-merkeznin-meydanga-ketirilmesi-umummilliy-istir-amma-onin-quruciligina-mania-olgan-inat-kucler-mevcuttir\\\/\"},\"author\":{\"name\":\"Developer\",\"@id\":\"https:\\\/\\\/qtmm.org\\\/qt\\\/#\\\/schema\\\/person\\\/de562469f971dec226ac06e60bbf74a7\"},\"headline\":\"Riza \u015eevqiyev: \u00abQIRIMTATAR MEDEN\u0130Y MERKEZni\u00f1 meydan\u011fa ketirilmesi umummilliy i\u015ftir, amma on\u0131\u00f1 quruc\u0131l\u0131\u011f\u0131na mania ol\u011fan inat k\u00fc\u00e7ler mevcutt\u0131r\u00bb\",\"datePublished\":\"2013-09-12T14:44:00+00:00\",\"dateModified\":\"2022-01-25T14:52:34+00:00\",\"mainEntityOfPage\":{\"@id\":\"https:\\\/\\\/qtmm.org\\\/qt\\\/riza-sevqiyev-qirimtatar-medeniy-merkeznin-meydanga-ketirilmesi-umummilliy-istir-amma-onin-quruciligina-mania-olgan-inat-kucler-mevcuttir\\\/\"},\"wordCount\":800,\"commentCount\":0,\"publisher\":{\"@id\":\"https:\\\/\\\/qtmm.org\\\/qt\\\/#organization\"},\"image\":{\"@id\":\"https:\\\/\\\/qtmm.org\\\/qt\\\/riza-sevqiyev-qirimtatar-medeniy-merkeznin-meydanga-ketirilmesi-umummilliy-istir-amma-onin-quruciligina-mania-olgan-inat-kucler-mevcuttir\\\/#primaryimage\"},\"thumbnailUrl\":\"http:\\\/\\\/qtmm.org\\\/wp-content\\\/uploads\\\/2022\\\/01\\\/rshevkiev_2.jpeg\",\"articleSection\":[\"Haberler\"],\"inLanguage\":\"qt\",\"potentialAction\":[{\"@type\":\"CommentAction\",\"name\":\"Comment\",\"target\":[\"https:\\\/\\\/qtmm.org\\\/qt\\\/riza-sevqiyev-qirimtatar-medeniy-merkeznin-meydanga-ketirilmesi-umummilliy-istir-amma-onin-quruciligina-mania-olgan-inat-kucler-mevcuttir\\\/#respond\"]}]},{\"@type\":\"WebPage\",\"@id\":\"https:\\\/\\\/qtmm.org\\\/qt\\\/riza-sevqiyev-qirimtatar-medeniy-merkeznin-meydanga-ketirilmesi-umummilliy-istir-amma-onin-quruciligina-mania-olgan-inat-kucler-mevcuttir\\\/\",\"url\":\"https:\\\/\\\/qtmm.org\\\/qt\\\/riza-sevqiyev-qirimtatar-medeniy-merkeznin-meydanga-ketirilmesi-umummilliy-istir-amma-onin-quruciligina-mania-olgan-inat-kucler-mevcuttir\\\/\",\"name\":\"Riza \u015eevqiyev: \u00abQIRIMTATAR MEDEN\u0130Y MERKEZni\u00f1 meydan\u011fa ketirilmesi umummilliy i\u015ftir, amma on\u0131\u00f1 quruc\u0131l\u0131\u011f\u0131na mania ol\u011fan inat k\u00fc\u00e7ler mevcutt\u0131r\u00bb - \u041c\u0435\u0434\u0436\u043b\u0456\u0441\",\"isPartOf\":{\"@id\":\"https:\\\/\\\/qtmm.org\\\/qt\\\/#website\"},\"primaryImageOfPage\":{\"@id\":\"https:\\\/\\\/qtmm.org\\\/qt\\\/riza-sevqiyev-qirimtatar-medeniy-merkeznin-meydanga-ketirilmesi-umummilliy-istir-amma-onin-quruciligina-mania-olgan-inat-kucler-mevcuttir\\\/#primaryimage\"},\"image\":{\"@id\":\"https:\\\/\\\/qtmm.org\\\/qt\\\/riza-sevqiyev-qirimtatar-medeniy-merkeznin-meydanga-ketirilmesi-umummilliy-istir-amma-onin-quruciligina-mania-olgan-inat-kucler-mevcuttir\\\/#primaryimage\"},\"thumbnailUrl\":\"http:\\\/\\\/qtmm.org\\\/wp-content\\\/uploads\\\/2022\\\/01\\\/rshevkiev_2.jpeg\",\"datePublished\":\"2013-09-12T14:44:00+00:00\",\"dateModified\":\"2022-01-25T14:52:34+00:00\",\"breadcrumb\":{\"@id\":\"https:\\\/\\\/qtmm.org\\\/qt\\\/riza-sevqiyev-qirimtatar-medeniy-merkeznin-meydanga-ketirilmesi-umummilliy-istir-amma-onin-quruciligina-mania-olgan-inat-kucler-mevcuttir\\\/#breadcrumb\"},\"inLanguage\":\"qt\",\"potentialAction\":[{\"@type\":\"ReadAction\",\"target\":[\"https:\\\/\\\/qtmm.org\\\/qt\\\/riza-sevqiyev-qirimtatar-medeniy-merkeznin-meydanga-ketirilmesi-umummilliy-istir-amma-onin-quruciligina-mania-olgan-inat-kucler-mevcuttir\\\/\"]}]},{\"@type\":\"ImageObject\",\"inLanguage\":\"qt\",\"@id\":\"https:\\\/\\\/qtmm.org\\\/qt\\\/riza-sevqiyev-qirimtatar-medeniy-merkeznin-meydanga-ketirilmesi-umummilliy-istir-amma-onin-quruciligina-mania-olgan-inat-kucler-mevcuttir\\\/#primaryimage\",\"url\":\"http:\\\/\\\/qtmm.org\\\/wp-content\\\/uploads\\\/2022\\\/01\\\/rshevkiev_2.jpeg\",\"contentUrl\":\"http:\\\/\\\/qtmm.org\\\/wp-content\\\/uploads\\\/2022\\\/01\\\/rshevkiev_2.jpeg\"},{\"@type\":\"BreadcrumbList\",\"@id\":\"https:\\\/\\\/qtmm.org\\\/qt\\\/riza-sevqiyev-qirimtatar-medeniy-merkeznin-meydanga-ketirilmesi-umummilliy-istir-amma-onin-quruciligina-mania-olgan-inat-kucler-mevcuttir\\\/#breadcrumb\",\"itemListElement\":[{\"@type\":\"ListItem\",\"position\":1,\"name\":\"\u0413\u043e\u043b\u043e\u0432\u043d\u0430\",\"item\":\"https:\\\/\\\/qtmm.org\\\/qt\\\/\"},{\"@type\":\"ListItem\",\"position\":2,\"name\":\"Riza \u015eevqiyev: \u00abQIRIMTATAR MEDEN\u0130Y MERKEZni\u00f1 meydan\u011fa ketirilmesi umummilliy i\u015ftir, amma on\u0131\u00f1 quruc\u0131l\u0131\u011f\u0131na mania ol\u011fan inat k\u00fc\u00e7ler mevcutt\u0131r\u00bb\"}]},{\"@type\":\"WebSite\",\"@id\":\"https:\\\/\\\/qtmm.org\\\/qt\\\/#website\",\"url\":\"https:\\\/\\\/qtmm.org\\\/qt\\\/\",\"name\":\"\u041c\u0435\u0434\u0436\u043b\u0456\u0441\",\"description\":\"\",\"publisher\":{\"@id\":\"https:\\\/\\\/qtmm.org\\\/qt\\\/#organization\"},\"potentialAction\":[{\"@type\":\"SearchAction\",\"target\":{\"@type\":\"EntryPoint\",\"urlTemplate\":\"https:\\\/\\\/qtmm.org\\\/qt\\\/?s={search_term_string}\"},\"query-input\":{\"@type\":\"PropertyValueSpecification\",\"valueRequired\":true,\"valueName\":\"search_term_string\"}}],\"inLanguage\":\"qt\"},{\"@type\":\"Organization\",\"@id\":\"https:\\\/\\\/qtmm.org\\\/qt\\\/#organization\",\"name\":\"\u041c\u0435\u0434\u0436\u043b\u0456\u0441\",\"url\":\"https:\\\/\\\/qtmm.org\\\/qt\\\/\",\"logo\":{\"@type\":\"ImageObject\",\"inLanguage\":\"qt\",\"@id\":\"https:\\\/\\\/qtmm.org\\\/qt\\\/#\\\/schema\\\/logo\\\/image\\\/\",\"url\":\"https:\\\/\\\/qtmm.org\\\/wp-content\\\/uploads\\\/2024\\\/12\\\/ua-mejlis-logo-rgb.svg\",\"contentUrl\":\"https:\\\/\\\/qtmm.org\\\/wp-content\\\/uploads\\\/2024\\\/12\\\/ua-mejlis-logo-rgb.svg\",\"caption\":\"\u041c\u0435\u0434\u0436\u043b\u0456\u0441\"},\"image\":{\"@id\":\"https:\\\/\\\/qtmm.org\\\/qt\\\/#\\\/schema\\\/logo\\\/image\\\/\"},\"sameAs\":[\"https:\\\/\\\/www.facebook.com\\\/qtmm.info\\\/\"]},{\"@type\":\"Person\",\"@id\":\"https:\\\/\\\/qtmm.org\\\/qt\\\/#\\\/schema\\\/person\\\/de562469f971dec226ac06e60bbf74a7\",\"name\":\"Developer\",\"image\":{\"@type\":\"ImageObject\",\"inLanguage\":\"qt\",\"@id\":\"https:\\\/\\\/secure.gravatar.com\\\/avatar\\\/392b4cc8fbfeb00b39dfeeab4ee6edded39ffd48e25858637e4765810300227e?s=96&d=mm&r=g\",\"url\":\"https:\\\/\\\/secure.gravatar.com\\\/avatar\\\/392b4cc8fbfeb00b39dfeeab4ee6edded39ffd48e25858637e4765810300227e?s=96&d=mm&r=g\",\"contentUrl\":\"https:\\\/\\\/secure.gravatar.com\\\/avatar\\\/392b4cc8fbfeb00b39dfeeab4ee6edded39ffd48e25858637e4765810300227e?s=96&d=mm&r=g\",\"caption\":\"Developer\"},\"url\":\"https:\\\/\\\/qtmm.org\\\/qt\\\/author\\\/Developer\\\/\"}]}<\/script>\n<!-- \/ Yoast SEO plugin. -->","yoast_head_json":{"title":"Riza \u015eevqiyev: \u00abQIRIMTATAR MEDEN\u0130Y MERKEZni\u00f1 meydan\u011fa ketirilmesi umummilliy i\u015ftir, amma on\u0131\u00f1 quruc\u0131l\u0131\u011f\u0131na mania ol\u011fan inat k\u00fc\u00e7ler mevcutt\u0131r\u00bb - \u041c\u0435\u0434\u0436\u043b\u0456\u0441","robots":{"index":"index","follow":"follow","max-snippet":"max-snippet:-1","max-image-preview":"max-image-preview:large","max-video-preview":"max-video-preview:-1"},"canonical":"https:\/\/qtmm.org\/qt\/riza-sevqiyev-qirimtatar-medeniy-merkeznin-meydanga-ketirilmesi-umummilliy-istir-amma-onin-quruciligina-mania-olgan-inat-kucler-mevcuttir\/","og_locale":"en_US","og_type":"article","og_title":"Riza \u015eevqiyev: \u00abQIRIMTATAR MEDEN\u0130Y MERKEZni\u00f1 meydan\u011fa ketirilmesi umummilliy i\u015ftir, amma on\u0131\u00f1 quruc\u0131l\u0131\u011f\u0131na mania ol\u011fan inat k\u00fc\u00e7ler mevcutt\u0131r\u00bb - \u041c\u0435\u0434\u0436\u043b\u0456\u0441","og_description":"2013 senesi sent\u00e2br 11 k\u00fcn\u00fc Meclis yolba\u015f\u00e7\u0131lar\u0131 k\u00fctleviy matbuat vastalar\u0131, icadiy birle\u015fmeler vekilleri, tarih\u00e7\u0131lar ile &#8220;Q\u0131r\u0131m tarih\u0131n\u0131 sahtele\u015ftirmek o\u011frunda maqsadl\u0131 areketler ve tarihiy aqiqatn\u0131 qor\u00e7alav meseleleri&#8221; mevzus\u0131nda k\u00f6r\u00fc\u015f\u00fcv ke\u00e7irdiler. K\u00f6r\u00fc\u015f\u00fcvde i\u015ftirak etken &#8220;Q\u0131r\u0131m&#8221; fond\u0131&#8221; Hayriye te\u015fkil\u00e2t\u0131n\u0131\u00f1 ba\u015f direktor\u0131 Riza \u015eevqiyev \u00f6z \u00e7\u0131q\u0131\u015f\u0131nda \u015fun\u0131 qayd etti ki, Q\u0131r\u0131m tarih\u0131n\u0131 devaml\u0131 sahtele\u015ftirmek areketleri art\u0131q kimdir \u00e7etten kelip [&hellip;]","og_url":"https:\/\/qtmm.org\/qt\/riza-sevqiyev-qirimtatar-medeniy-merkeznin-meydanga-ketirilmesi-umummilliy-istir-amma-onin-quruciligina-mania-olgan-inat-kucler-mevcuttir\/","og_site_name":"\u041c\u0435\u0434\u0436\u043b\u0456\u0441","article_publisher":"https:\/\/www.facebook.com\/qtmm.info\/","article_published_time":"2013-09-12T14:44:00+00:00","article_modified_time":"2022-01-25T14:52:34+00:00","og_image":[{"width":650,"height":388,"url":"https:\/\/qtmm.org\/wp-content\/uploads\/2022\/01\/rshevkiev_2.jpeg","type":"image\/jpeg"}],"author":"Developer","twitter_card":"summary_large_image","twitter_misc":{"Written by":"Developer","Est. reading time":"4 minutes"},"schema":{"@context":"https:\/\/schema.org","@graph":[{"@type":"Article","@id":"https:\/\/qtmm.org\/qt\/riza-sevqiyev-qirimtatar-medeniy-merkeznin-meydanga-ketirilmesi-umummilliy-istir-amma-onin-quruciligina-mania-olgan-inat-kucler-mevcuttir\/#article","isPartOf":{"@id":"https:\/\/qtmm.org\/qt\/riza-sevqiyev-qirimtatar-medeniy-merkeznin-meydanga-ketirilmesi-umummilliy-istir-amma-onin-quruciligina-mania-olgan-inat-kucler-mevcuttir\/"},"author":{"name":"Developer","@id":"https:\/\/qtmm.org\/qt\/#\/schema\/person\/de562469f971dec226ac06e60bbf74a7"},"headline":"Riza \u015eevqiyev: \u00abQIRIMTATAR MEDEN\u0130Y MERKEZni\u00f1 meydan\u011fa ketirilmesi umummilliy i\u015ftir, amma on\u0131\u00f1 quruc\u0131l\u0131\u011f\u0131na mania ol\u011fan inat k\u00fc\u00e7ler mevcutt\u0131r\u00bb","datePublished":"2013-09-12T14:44:00+00:00","dateModified":"2022-01-25T14:52:34+00:00","mainEntityOfPage":{"@id":"https:\/\/qtmm.org\/qt\/riza-sevqiyev-qirimtatar-medeniy-merkeznin-meydanga-ketirilmesi-umummilliy-istir-amma-onin-quruciligina-mania-olgan-inat-kucler-mevcuttir\/"},"wordCount":800,"commentCount":0,"publisher":{"@id":"https:\/\/qtmm.org\/qt\/#organization"},"image":{"@id":"https:\/\/qtmm.org\/qt\/riza-sevqiyev-qirimtatar-medeniy-merkeznin-meydanga-ketirilmesi-umummilliy-istir-amma-onin-quruciligina-mania-olgan-inat-kucler-mevcuttir\/#primaryimage"},"thumbnailUrl":"http:\/\/qtmm.org\/wp-content\/uploads\/2022\/01\/rshevkiev_2.jpeg","articleSection":["Haberler"],"inLanguage":"qt","potentialAction":[{"@type":"CommentAction","name":"Comment","target":["https:\/\/qtmm.org\/qt\/riza-sevqiyev-qirimtatar-medeniy-merkeznin-meydanga-ketirilmesi-umummilliy-istir-amma-onin-quruciligina-mania-olgan-inat-kucler-mevcuttir\/#respond"]}]},{"@type":"WebPage","@id":"https:\/\/qtmm.org\/qt\/riza-sevqiyev-qirimtatar-medeniy-merkeznin-meydanga-ketirilmesi-umummilliy-istir-amma-onin-quruciligina-mania-olgan-inat-kucler-mevcuttir\/","url":"https:\/\/qtmm.org\/qt\/riza-sevqiyev-qirimtatar-medeniy-merkeznin-meydanga-ketirilmesi-umummilliy-istir-amma-onin-quruciligina-mania-olgan-inat-kucler-mevcuttir\/","name":"Riza \u015eevqiyev: \u00abQIRIMTATAR MEDEN\u0130Y MERKEZni\u00f1 meydan\u011fa ketirilmesi umummilliy i\u015ftir, amma on\u0131\u00f1 quruc\u0131l\u0131\u011f\u0131na mania ol\u011fan inat k\u00fc\u00e7ler mevcutt\u0131r\u00bb - \u041c\u0435\u0434\u0436\u043b\u0456\u0441","isPartOf":{"@id":"https:\/\/qtmm.org\/qt\/#website"},"primaryImageOfPage":{"@id":"https:\/\/qtmm.org\/qt\/riza-sevqiyev-qirimtatar-medeniy-merkeznin-meydanga-ketirilmesi-umummilliy-istir-amma-onin-quruciligina-mania-olgan-inat-kucler-mevcuttir\/#primaryimage"},"image":{"@id":"https:\/\/qtmm.org\/qt\/riza-sevqiyev-qirimtatar-medeniy-merkeznin-meydanga-ketirilmesi-umummilliy-istir-amma-onin-quruciligina-mania-olgan-inat-kucler-mevcuttir\/#primaryimage"},"thumbnailUrl":"http:\/\/qtmm.org\/wp-content\/uploads\/2022\/01\/rshevkiev_2.jpeg","datePublished":"2013-09-12T14:44:00+00:00","dateModified":"2022-01-25T14:52:34+00:00","breadcrumb":{"@id":"https:\/\/qtmm.org\/qt\/riza-sevqiyev-qirimtatar-medeniy-merkeznin-meydanga-ketirilmesi-umummilliy-istir-amma-onin-quruciligina-mania-olgan-inat-kucler-mevcuttir\/#breadcrumb"},"inLanguage":"qt","potentialAction":[{"@type":"ReadAction","target":["https:\/\/qtmm.org\/qt\/riza-sevqiyev-qirimtatar-medeniy-merkeznin-meydanga-ketirilmesi-umummilliy-istir-amma-onin-quruciligina-mania-olgan-inat-kucler-mevcuttir\/"]}]},{"@type":"ImageObject","inLanguage":"qt","@id":"https:\/\/qtmm.org\/qt\/riza-sevqiyev-qirimtatar-medeniy-merkeznin-meydanga-ketirilmesi-umummilliy-istir-amma-onin-quruciligina-mania-olgan-inat-kucler-mevcuttir\/#primaryimage","url":"http:\/\/qtmm.org\/wp-content\/uploads\/2022\/01\/rshevkiev_2.jpeg","contentUrl":"http:\/\/qtmm.org\/wp-content\/uploads\/2022\/01\/rshevkiev_2.jpeg"},{"@type":"BreadcrumbList","@id":"https:\/\/qtmm.org\/qt\/riza-sevqiyev-qirimtatar-medeniy-merkeznin-meydanga-ketirilmesi-umummilliy-istir-amma-onin-quruciligina-mania-olgan-inat-kucler-mevcuttir\/#breadcrumb","itemListElement":[{"@type":"ListItem","position":1,"name":"\u0413\u043e\u043b\u043e\u0432\u043d\u0430","item":"https:\/\/qtmm.org\/qt\/"},{"@type":"ListItem","position":2,"name":"Riza \u015eevqiyev: \u00abQIRIMTATAR MEDEN\u0130Y MERKEZni\u00f1 meydan\u011fa ketirilmesi umummilliy i\u015ftir, amma on\u0131\u00f1 quruc\u0131l\u0131\u011f\u0131na mania ol\u011fan inat k\u00fc\u00e7ler mevcutt\u0131r\u00bb"}]},{"@type":"WebSite","@id":"https:\/\/qtmm.org\/qt\/#website","url":"https:\/\/qtmm.org\/qt\/","name":"\u041c\u0435\u0434\u0436\u043b\u0456\u0441","description":"","publisher":{"@id":"https:\/\/qtmm.org\/qt\/#organization"},"potentialAction":[{"@type":"SearchAction","target":{"@type":"EntryPoint","urlTemplate":"https:\/\/qtmm.org\/qt\/?s={search_term_string}"},"query-input":{"@type":"PropertyValueSpecification","valueRequired":true,"valueName":"search_term_string"}}],"inLanguage":"qt"},{"@type":"Organization","@id":"https:\/\/qtmm.org\/qt\/#organization","name":"\u041c\u0435\u0434\u0436\u043b\u0456\u0441","url":"https:\/\/qtmm.org\/qt\/","logo":{"@type":"ImageObject","inLanguage":"qt","@id":"https:\/\/qtmm.org\/qt\/#\/schema\/logo\/image\/","url":"https:\/\/qtmm.org\/wp-content\/uploads\/2024\/12\/ua-mejlis-logo-rgb.svg","contentUrl":"https:\/\/qtmm.org\/wp-content\/uploads\/2024\/12\/ua-mejlis-logo-rgb.svg","caption":"\u041c\u0435\u0434\u0436\u043b\u0456\u0441"},"image":{"@id":"https:\/\/qtmm.org\/qt\/#\/schema\/logo\/image\/"},"sameAs":["https:\/\/www.facebook.com\/qtmm.info\/"]},{"@type":"Person","@id":"https:\/\/qtmm.org\/qt\/#\/schema\/person\/de562469f971dec226ac06e60bbf74a7","name":"Developer","image":{"@type":"ImageObject","inLanguage":"qt","@id":"https:\/\/secure.gravatar.com\/avatar\/392b4cc8fbfeb00b39dfeeab4ee6edded39ffd48e25858637e4765810300227e?s=96&d=mm&r=g","url":"https:\/\/secure.gravatar.com\/avatar\/392b4cc8fbfeb00b39dfeeab4ee6edded39ffd48e25858637e4765810300227e?s=96&d=mm&r=g","contentUrl":"https:\/\/secure.gravatar.com\/avatar\/392b4cc8fbfeb00b39dfeeab4ee6edded39ffd48e25858637e4765810300227e?s=96&d=mm&r=g","caption":"Developer"},"url":"https:\/\/qtmm.org\/qt\/author\/Developer\/"}]}},"_links":{"self":[{"href":"https:\/\/qtmm.org\/qt\/wp-json\/wp\/v2\/posts\/39267","targetHints":{"allow":["GET"]}}],"collection":[{"href":"https:\/\/qtmm.org\/qt\/wp-json\/wp\/v2\/posts"}],"about":[{"href":"https:\/\/qtmm.org\/qt\/wp-json\/wp\/v2\/types\/post"}],"author":[{"embeddable":true,"href":"https:\/\/qtmm.org\/qt\/wp-json\/wp\/v2\/users\/1"}],"replies":[{"embeddable":true,"href":"https:\/\/qtmm.org\/qt\/wp-json\/wp\/v2\/comments?post=39267"}],"version-history":[{"count":1,"href":"https:\/\/qtmm.org\/qt\/wp-json\/wp\/v2\/posts\/39267\/revisions"}],"predecessor-version":[{"id":39280,"href":"https:\/\/qtmm.org\/qt\/wp-json\/wp\/v2\/posts\/39267\/revisions\/39280"}],"wp:attachment":[{"href":"https:\/\/qtmm.org\/qt\/wp-json\/wp\/v2\/media?parent=39267"}],"wp:term":[{"taxonomy":"category","embeddable":true,"href":"https:\/\/qtmm.org\/qt\/wp-json\/wp\/v2\/categories?post=39267"},{"taxonomy":"post_tag","embeddable":true,"href":"https:\/\/qtmm.org\/qt\/wp-json\/wp\/v2\/tags?post=39267"}],"curies":[{"name":"wp","href":"https:\/\/api.w.org\/{rel}","templated":true}]}}