




{"id":39225,"date":"2013-09-11T17:34:00","date_gmt":"2013-09-11T14:34:00","guid":{"rendered":"http:\/\/qtmm.org\/?p=39225"},"modified":"2022-01-25T17:44:36","modified_gmt":"2022-01-25T14:44:36","slug":"refat-cubarov-qirimdaki-muim-tarihiy-vaqialarnin-ebediylestiriluvi-qirim-cemiyetini-bolmemek-kerek","status":"publish","type":"post","link":"https:\/\/qtmm.org\/qt\/refat-cubarov-qirimdaki-muim-tarihiy-vaqialarnin-ebediylestiriluvi-qirim-cemiyetini-bolmemek-kerek\/","title":{"rendered":"Refat \u00c7ubarov: \u00abQ\u0131r\u0131mdaki m\u00fcim tarihiy vaqialarn\u0131\u00f1 ebediyle\u015ftiril\u00fcvi Q\u0131r\u0131m cemiyetini b\u00f6lmemek kerek\u00bb"},"content":{"rendered":"\n<p>2013 senesi sent\u00e2br 11 k\u00fcn\u00fc Meclis yolba\u015f\u00e7\u0131lar\u0131 ve k\u00fctleviy matbuat vastalar\u0131, icadiy birle\u015fme, tarih\u00e7\u0131larn\u0131\u00f1 k\u00f6r\u00fc\u015f\u00fcvi ol\u0131p ke\u00e7ti<\/p>\n\n\n\n<figure class=\"wp-block-image size-full\"><img loading=\"lazy\" decoding=\"async\" width=\"650\" height=\"300\" src=\"http:\/\/qtmm.org\/wp-content\/uploads\/2022\/01\/1_124.jpeg\" alt=\"\" class=\"wp-image-39226\" srcset=\"https:\/\/qtmm.org\/wp-content\/uploads\/2022\/01\/1_124.jpeg 650w, https:\/\/qtmm.org\/wp-content\/uploads\/2022\/01\/1_124-300x138.jpeg 300w\" sizes=\"auto, (max-width: 650px) 100vw, 650px\" \/><\/figure>\n\n\n\n<p>K\u00f6r\u00fc\u015f\u00fcv &#8220;Q\u0131r\u0131m tarih\u0131n\u0131 sahtele\u015ftir\u00fcv boyunca maqsadl\u0131 areketler ve tarihiy aqiqatn\u0131 qor\u00e7alav vazifeleri&#8221; mevzus\u0131na ba\u011f\u0131\u015fland\u0131.<\/p>\n\n\n\n<p>K\u00f6r\u00fc\u015f\u00fcvni a\u00e7qan Meclis reisini\u00f1 birinci muavini Refat \u00c7ubarov k\u00f6r\u00fc\u015f\u00fcvni\u00f1 esas maqsad\u0131 &#8220;menfaatdar \u015fah\u0131slarn\u0131\u00f1 Q\u0131r\u0131m tarih\u0131n\u0131 sahtele\u015ftir\u00fcv boyunca maqsadl\u0131 areketleri&#8221; aqq\u0131nda fikir payla\u015fmaqtan ibaret, dep a\u00f1latt\u0131.<\/p>\n\n\n\n<p>Refat \u00c7ubarovn\u0131\u00f1 fikirince Q\u0131r\u0131mn\u0131\u00f1 tam\u0131r halq\u0131 s\u00fcrg\u00fcnlikte bulun\u011fan y\u0131llarda Q\u0131r\u0131m cemiyetine a\u015flan\u011fan q\u0131r\u0131mtatarlar\u011fa qar\u015f\u0131 uydurmalarn\u0131 canland\u0131rma\u011fa t\u0131r\u0131\u015fuvnen bir s\u0131rada Q\u0131r\u0131m \u00fck\u00fcmetini\u00f1 faal qoltutuv\u0131nda ya\u00f1\u0131 uuydurmalar yarat\u0131lmaqta. Olarn\u0131\u00f1 maqsad\u0131 ise Q\u0131r\u0131m cemiyetini par\u00e7alamaqt\u0131r.<\/p>\n\n\n\n<figure class=\"wp-block-image size-full\"><img loading=\"lazy\" decoding=\"async\" width=\"650\" height=\"285\" src=\"http:\/\/qtmm.org\/wp-content\/uploads\/2022\/01\/2_122.jpeg\" alt=\"\" class=\"wp-image-39230\" srcset=\"https:\/\/qtmm.org\/wp-content\/uploads\/2022\/01\/2_122.jpeg 650w, https:\/\/qtmm.org\/wp-content\/uploads\/2022\/01\/2_122-300x132.jpeg 300w\" sizes=\"auto, (max-width: 650px) 100vw, 650px\" \/><\/figure>\n\n\n\n<p>Q\u0131r\u0131mda q\u0131z\u011f\u0131n seslen\u00fcvlerni qoz\u011fa\u011fan so\u00f1ki vaq\u0131ttaki fesatlarn\u0131(Rusiye seraskeri Petr Lassini\u00f1 hat\u0131ra ni\u015fan\u0131n\u0131 qoyuv, Aqmescitte Stalinge ba\u011f\u0131\u015flan\u011fan sergini\u00f1 a\u00e7\u0131lmas\u0131, &#8220;\u015earqiy Q\u0131r\u0131m hat\u0131ra kitab\u0131&#8221;n\u0131\u00f1 ne\u015fir etilmesi, &#8220;Krasn\u0131y&#8221; sovhoz\u0131nda yerle\u015fken kampn\u0131 ebediyle\u015ftir\u00fcvge akimiyetni\u00f1 bir tarafl\u0131 yana\u015fmas\u0131 ve il\u00e2hre) qayd eterek Refat \u00c7ubarov media vekilleri, icadiy te\u015fkil\u00e2t ve tarih\u00e7\u0131larn\u0131\u00f1 diqqat\u0131n\u0131 tarihiy aqiqaitn\u0131 qor\u00e7alavn\u0131\u00f1 m\u00fcimligine celp etti.<\/p>\n\n\n\n<p>Meclis K\u00e2tibiyetini\u00f1 ba\u015f\u0131 Zair Smedl\u00e2yev Tavrida Merkeziy m\u00fczeyinde &#8220;Krasn\u0131y&#8221; sovhoz\u0131nda yerle\u015fken kamp qurbanlar\u0131n\u0131\u00f1 hat\u0131ras\u0131na qoyulacaq abideler sergisinden \u00e7ekilgen fotoresimlerni k\u00f6sterdi. Yar\u0131\u015fqa taqdim etilgen leyhalarn\u0131\u00f1 episinde faqat bir dinni\u00f1 \u2013 pravoslavlarn\u0131\u00f1 simvolikas\u0131 mevcut, albu ki &#8220;Krasn\u0131y&#8221; sovhoz\u0131ndaki kampta \u00e7e\u015fit millet ve dinlerge mens\u00fcp ol\u011fan mahb\u00fcsler ol\u011fan.<\/p>\n\n\n\n<figure class=\"wp-block-image size-full\"><img loading=\"lazy\" decoding=\"async\" width=\"650\" height=\"321\" src=\"http:\/\/qtmm.org\/wp-content\/uploads\/2022\/01\/3_92.jpeg\" alt=\"\" class=\"wp-image-39234\" srcset=\"https:\/\/qtmm.org\/wp-content\/uploads\/2022\/01\/3_92.jpeg 650w, https:\/\/qtmm.org\/wp-content\/uploads\/2022\/01\/3_92-300x148.jpeg 300w\" sizes=\"auto, (max-width: 650px) 100vw, 650px\" \/><\/figure>\n\n\n\n<p>Bundan da \u011fayr\u0131 k\u00f6r\u00fc\u015f\u00fcv i\u015ftirak\u00e7ileri \u015fun\u0131 da qayd ettiler ki, &#8220;Krasn\u0131y&#8221; sovhoz\u0131nda yerle\u015fken kampn\u0131\u00f1 ebediyle\u015ftir\u00fcv meselesi al etilgende areket d\u00f6n\u00fcmi pek tarla\u015ft\u0131r\u0131l\u011fan, albu ki kamp em sovetler akimiyeti devrinde, em fa\u015fistler zapt\u0131 vaqt\u0131nda \u00e7al\u0131\u015fqan\u0131 bellidir. &#8220;Yar\u0131\u015fqa faqat bir dinni\u00f1 \u2013 pravoslavlarn\u0131\u00f1 simvolikas\u0131(kilse, ha\u00e7) mevcut leyhalarn\u0131\u00f1 taqdim etilmesinen i\u00e7 raz\u0131 degilmiz, &#8211; dedi Z. Smedl\u00e2yev. \u2013 Biz b\u00fct\u00fcn diniy konfessiyalarn\u0131\u00f1 simvollar\u0131n\u0131 qullanmaq ya da i\u00e7 birisinden qullanmamaq kerek, dep sayam\u0131z&#8221; Meclis reisini\u00f1 muavini Remzi \u0130lyasov \u00f6z nevbetinde cemaat\u00e7\u0131l\u0131q meydan\u011fa kelgen vaziyetten tel\u00e2\u015flan\u011fan\u0131n\u0131 bildirip, Zair Smedl\u00e2yevni\u00f1 fikirine qoltutqan\u0131n\u0131 aytt\u0131.<\/p>\n\n\n\n<p>Bun\u0131\u00f1 kibi de o, iy\u00fcn 22 k\u00fcn\u00fc Aqmescitte Ebediy alevge \u00e7e\u00e7ekler qoyul\u011fan vaq\u0131tta anda Stalin portretleri de qoyul\u011fan\u0131n\u0131 hat\u0131rlat\u0131p, cumhuriyet \u00fck\u00fcmeti demokratik devletke asl\u0131 keli\u015fmegen insan\u011fa z\u0131t rejim te\u015fviq etilgenini qayd etti. &#8220;Bu, bizim cemiyetimiz aras\u0131na \u015f\u0131na qaqaca\u011f\u0131n\u0131 bile tur\u0131p yap\u0131l\u011fan b\u00f6yle areketler ep \u00e7oqla\u015fa ve cezas\u0131z qala&#8221;, &#8211; dedi R. \u0130lyasov.<\/p>\n\n\n\n<figure class=\"wp-block-image size-full\"><img loading=\"lazy\" decoding=\"async\" width=\"650\" height=\"351\" src=\"http:\/\/qtmm.org\/wp-content\/uploads\/2022\/01\/5_51.jpeg\" alt=\"\" class=\"wp-image-39238\" srcset=\"https:\/\/qtmm.org\/wp-content\/uploads\/2022\/01\/5_51.jpeg 650w, https:\/\/qtmm.org\/wp-content\/uploads\/2022\/01\/5_51-300x162.jpeg 300w\" sizes=\"auto, (max-width: 650px) 100vw, 650px\" \/><\/figure>\n\n\n\n<p>&#8220;Avdet&#8221; gazetas\u0131n\u0131\u00f1 ba\u015f muarriri \u015eevket Qaybullayev k\u00f6r\u00fc\u015f\u00fcv i\u015ftirak\u00e7ilerine muracaat etip, cemi, milliy mens\u00fcpliginden qatiy nazar, Q\u0131r\u0131m cemaat te\u015fkil\u00e2tlar\u0131 ad\u0131ndan a\u00e7\u0131q mekt\u00fcp yazmaqn\u0131 ve bu i\u015fke totalitar rejim qurbanlar\u0131n\u0131\u00f1 hat\u0131ras\u0131n\u0131 saqlav yolunda faaliyet k\u00f6stergen nufuzl\u0131 Avropa te\u015fkil\u00e2tlar\u0131n\u0131 da celp etmekni teklif etti.<\/p>\n\n\n\n<figure class=\"wp-block-image size-full\"><img loading=\"lazy\" decoding=\"async\" width=\"650\" height=\"367\" src=\"http:\/\/qtmm.org\/wp-content\/uploads\/2022\/01\/6_37.jpeg\" alt=\"\" class=\"wp-image-39242\" srcset=\"https:\/\/qtmm.org\/wp-content\/uploads\/2022\/01\/6_37.jpeg 650w, https:\/\/qtmm.org\/wp-content\/uploads\/2022\/01\/6_37-300x169.jpeg 300w\" sizes=\"auto, (max-width: 650px) 100vw, 650px\" \/><\/figure>\n\n\n\n<p>Tarih\u00e7\u0131 G\u00fclnara Bekirova k\u00f6r\u00fc\u015f\u00fcv i\u015ftirak\u00e7ilerini\u00f1 diqqat\u0131n\u0131 q\u0131r\u0131mtatarlar tarih\u015f\u0131nasl\u0131q mektebini inki\u015faf ettir\u00fcv boyunca muntazam s\u00fcrette i\u015f al\u0131p barmaq kerekligine celp etti. Tarih\u00e7\u0131n\u0131\u00f1 fikrince al-az\u0131rda institut ve universitetlerde tarih ilimini\u00f1 b\u00fct\u00fcn y\u00f6neli\u015flerinde m\u00fctehass\u0131slarn\u0131 az\u0131rlamaq zarurd\u0131r.<\/p>\n\n\n\n<figure class=\"wp-block-image size-full\"><img loading=\"lazy\" decoding=\"async\" width=\"650\" height=\"362\" src=\"http:\/\/qtmm.org\/wp-content\/uploads\/2022\/01\/7_17.jpeg\" alt=\"\" class=\"wp-image-39246\" srcset=\"https:\/\/qtmm.org\/wp-content\/uploads\/2022\/01\/7_17.jpeg 650w, https:\/\/qtmm.org\/wp-content\/uploads\/2022\/01\/7_17-300x167.jpeg 300w\" sizes=\"auto, (max-width: 650px) 100vw, 650px\" \/><\/figure>\n\n\n\n<p>Meclis reisi Mustafa Cemilev \u00e7\u0131q\u0131\u015fta bulun\u011fan k\u00f6r\u00fc\u015f\u00fcv i\u015ftirak\u00e7ilerini\u00f1 fikirlerine qo\u015ful\u0131p, sovetler akimiyeti ve fa\u015fizm devrindeki kamplarn\u0131\u00f1 qurbanlar\u0131 hat\u0131ras\u0131na qoyulacaq abidede epsi dinlerni\u00f1 temsilleri olmaq kerek ya da i\u00e7 birisini\u00f1ki olmamal\u0131, dedi. &#8220;Men bilem ki, abide quruc\u0131l\u0131\u011f\u0131 boyunca te\u015fkiliy komitet meydan\u011fa ketirildi, l\u00e2kin on\u0131\u00f1 erk\u00e2n\u0131na i\u00e7 bir q\u0131r\u0131mtatar\u0131 kirsetilmedi&#8221;. \u2013 il\u00e2ve etti Mustafa Cemilev.<\/p>\n\n\n\n<figure class=\"wp-block-image size-full\"><img loading=\"lazy\" decoding=\"async\" width=\"650\" height=\"282\" src=\"http:\/\/qtmm.org\/wp-content\/uploads\/2022\/01\/4_88.jpeg\" alt=\"\" class=\"wp-image-39250\" srcset=\"https:\/\/qtmm.org\/wp-content\/uploads\/2022\/01\/4_88.jpeg 650w, https:\/\/qtmm.org\/wp-content\/uploads\/2022\/01\/4_88-300x130.jpeg 300w\" sizes=\"auto, (max-width: 650px) 100vw, 650px\" \/><\/figure>\n\n\n\n<p>Bun\u0131\u00f1 kibi de Mustafa Cemilev emin ki, abidede vaq\u0131t belgileri de de\u00f1i\u015ftirilmeli. &#8220;\u00c7\u00fcnki ta 1942 senesinden evel de anda insanlarn\u0131 yoq ettiler. Eger stalin ve fa\u015fist rejimleri \u00f6ld\u00fcrgen insanlarn\u0131\u00f1 say\u0131s\u0131 te\u00f1e\u015ftirilecek olsa, Stalin rejimi devrinde ziyade adam yoq etilgendir&#8221;, &#8211; dedi Mustafa Cemilev.<\/p>\n\n\n\n<p>K\u00f6r\u00fc\u015f\u00fcvde yeudiy ve q\u0131r\u0131m\u00e7aq cemiyetlerini\u00f1 vekilleri de \u00e7\u0131q\u0131\u015fta bulund\u0131lar. Olar ayt\u0131l\u011fan s\u00f6zlerge qo\u015fularaq Q\u0131r\u0131m halqlar\u0131 tarih\u0131n\u0131\u00f1 bozulmas\u0131na yol bermemek kerek, dediler.<\/p>\n\n\n\n<figure class=\"wp-block-image size-full\"><img loading=\"lazy\" decoding=\"async\" width=\"650\" height=\"284\" src=\"http:\/\/qtmm.org\/wp-content\/uploads\/2022\/01\/8_15.jpeg\" alt=\"\" class=\"wp-image-39254\" srcset=\"https:\/\/qtmm.org\/wp-content\/uploads\/2022\/01\/8_15.jpeg 650w, https:\/\/qtmm.org\/wp-content\/uploads\/2022\/01\/8_15-300x131.jpeg 300w\" sizes=\"auto, (max-width: 650px) 100vw, 650px\" \/><\/figure>\n\n\n\n<p>&#8220;QHA&#8221; \u0130A direktor\u0131 Gayana Y\u00fcksel &#8220;Q\u0131r\u0131mda ol\u0131p ke\u00e7ken b\u00fct\u00fcn vaqia-adiselerge acele ve i\u00e7 ke\u00e7iktirilmeden seslenmek zarur, er bir insan bu i\u015fni \u00f6z vek\u00e2letligi, bilgi ve imk\u00e2nlar\u0131 \u00e7er\u00e7ivesinde yapmal\u0131&#8221;, dedi.<\/p>\n\n\n\n<p>K\u00f6r\u00fc\u015f\u00fcvge yek\u00fcn \u00e7ekerken Refat \u00c7ubarov seslendirilgen fikir ve mul\u00e2azalardan hul\u00e2sa \u00e7\u0131qar\u0131p, &#8220;Krasn\u0131y&#8221; hocal\u0131\u011f\u0131nda kamp boyunca Ukraina Tel\u00fckesizlik h\u0131zmeti ve \u0130\u00e7ki i\u015fler nazirligine keni\u015f arhiv mal\u00fcmatlarn\u0131 taqdim etmek boyunca sorav yap\u0131laca\u011f\u0131n\u0131 qayd etti.<\/p>\n\n\n\n<figure class=\"wp-block-image size-full\"><img loading=\"lazy\" decoding=\"async\" width=\"650\" height=\"373\" src=\"http:\/\/qtmm.org\/wp-content\/uploads\/2022\/01\/9_10.jpeg\" alt=\"\" class=\"wp-image-39258\" srcset=\"https:\/\/qtmm.org\/wp-content\/uploads\/2022\/01\/9_10.jpeg 650w, https:\/\/qtmm.org\/wp-content\/uploads\/2022\/01\/9_10-300x172.jpeg 300w\" sizes=\"auto, (max-width: 650px) 100vw, 650px\" \/><\/figure>\n\n\n\n<p>Meclis reisini\u00f1 muavini Remzi \u0130lyasov ve Meclis Prezidium\u0131n\u0131\u00f1 azas\u0131 Safure Kacametova\u011fa &#8220;Qurultay-Ruh&#8221; fraktsiyas\u0131 ad\u0131ndan Q\u0131r\u0131m Yuqar\u0131 \u015euras\u0131na &#8220;Krasn\u0131y&#8221; sovhoz\u0131nda yerle\u015fken kamp qurbanlar\u0131n\u0131\u00f1 hat\u0131ras\u0131na abide qoymaq boyunca qarar\u011fa de\u00f1i\u015fmeler kirset\u00fcv aqq\u0131nda muracaat az\u0131rlamaq avale etildi.<\/p>\n\n\n\n<figure class=\"wp-block-image size-full\"><img loading=\"lazy\" decoding=\"async\" width=\"650\" height=\"322\" src=\"http:\/\/qtmm.org\/wp-content\/uploads\/2022\/01\/10_6.jpeg\" alt=\"\" class=\"wp-image-39262\" srcset=\"https:\/\/qtmm.org\/wp-content\/uploads\/2022\/01\/10_6.jpeg 650w, https:\/\/qtmm.org\/wp-content\/uploads\/2022\/01\/10_6-300x149.jpeg 300w\" sizes=\"auto, (max-width: 650px) 100vw, 650px\" \/><\/figure>\n\n\n\n<p>Topla\u015fuv i\u015ftirak\u00e7ileri Q\u0131r\u0131mdaki m\u00fcim tarihiy vaqialarn\u0131 ebediyle\u015ftir\u00fcv meseleleri boyunca a\u00e7\u0131q mekt\u00fcpnen \u00e7\u0131q\u0131\u015fta bulun\u0131p, on\u0131 Q\u0131r\u0131m cemaat\u00e7\u0131l\u0131\u011f\u0131 vekillerine imzalamaqn\u0131 teklif etmek qarar\u0131n\u0131 ald\u0131lar.<\/p>\n","protected":false},"excerpt":{"rendered":"<p>2013 senesi sent\u00e2br 11 k\u00fcn\u00fc Meclis yolba\u015f\u00e7\u0131lar\u0131 ve k\u00fctleviy matbuat vastalar\u0131, icadiy birle\u015fme, tarih\u00e7\u0131larn\u0131\u00f1 k\u00f6r\u00fc\u015f\u00fcvi ol\u0131p ke\u00e7ti K\u00f6r\u00fc\u015f\u00fcv &#8220;Q\u0131r\u0131m tarih\u0131n\u0131 sahtele\u015ftir\u00fcv boyunca maqsadl\u0131 areketler ve tarihiy aqiqatn\u0131 qor\u00e7alav vazifeleri&#8221; mevzus\u0131na ba\u011f\u0131\u015fland\u0131. K\u00f6r\u00fc\u015f\u00fcvni a\u00e7qan Meclis reisini\u00f1 birinci muavini Refat \u00c7ubarov k\u00f6r\u00fc\u015f\u00fcvni\u00f1 esas maqsad\u0131 &#8220;menfaatdar \u015fah\u0131slarn\u0131\u00f1 Q\u0131r\u0131m tarih\u0131n\u0131 sahtele\u015ftir\u00fcv boyunca maqsadl\u0131 areketleri&#8221; aqq\u0131nda fikir payla\u015fmaqtan ibaret, dep [&hellip;]<\/p>\n","protected":false},"author":1,"featured_media":0,"comment_status":"open","ping_status":"open","sticky":false,"template":"","format":"standard","meta":{"inline_featured_image":false,"footnotes":""},"categories":[265],"tags":[],"class_list":["post-39225","post","type-post","status-publish","format-standard","hentry","category-haberler"],"acf":[],"yoast_head":"<!-- This site is optimized with the Yoast SEO plugin v27.4 - https:\/\/yoast.com\/product\/yoast-seo-wordpress\/ -->\n<title>Refat \u00c7ubarov: \u00abQ\u0131r\u0131mdaki m\u00fcim tarihiy vaqialarn\u0131\u00f1 ebediyle\u015ftiril\u00fcvi Q\u0131r\u0131m cemiyetini b\u00f6lmemek kerek\u00bb - \u041c\u0435\u0434\u0436\u043b\u0456\u0441<\/title>\n<meta name=\"robots\" content=\"index, follow, max-snippet:-1, max-image-preview:large, max-video-preview:-1\" \/>\n<link rel=\"canonical\" href=\"https:\/\/qtmm.org\/qt\/refat-cubarov-qirimdaki-muim-tarihiy-vaqialarnin-ebediylestiriluvi-qirim-cemiyetini-bolmemek-kerek\/\" \/>\n<meta property=\"og:locale\" content=\"en_US\" \/>\n<meta property=\"og:type\" content=\"article\" \/>\n<meta property=\"og:title\" content=\"Refat \u00c7ubarov: \u00abQ\u0131r\u0131mdaki m\u00fcim tarihiy vaqialarn\u0131\u00f1 ebediyle\u015ftiril\u00fcvi Q\u0131r\u0131m cemiyetini b\u00f6lmemek kerek\u00bb - \u041c\u0435\u0434\u0436\u043b\u0456\u0441\" \/>\n<meta property=\"og:description\" content=\"2013 senesi sent\u00e2br 11 k\u00fcn\u00fc Meclis yolba\u015f\u00e7\u0131lar\u0131 ve k\u00fctleviy matbuat vastalar\u0131, icadiy birle\u015fme, tarih\u00e7\u0131larn\u0131\u00f1 k\u00f6r\u00fc\u015f\u00fcvi ol\u0131p ke\u00e7ti K\u00f6r\u00fc\u015f\u00fcv &#8220;Q\u0131r\u0131m tarih\u0131n\u0131 sahtele\u015ftir\u00fcv boyunca maqsadl\u0131 areketler ve tarihiy aqiqatn\u0131 qor\u00e7alav vazifeleri&#8221; mevzus\u0131na ba\u011f\u0131\u015fland\u0131. K\u00f6r\u00fc\u015f\u00fcvni a\u00e7qan Meclis reisini\u00f1 birinci muavini Refat \u00c7ubarov k\u00f6r\u00fc\u015f\u00fcvni\u00f1 esas maqsad\u0131 &#8220;menfaatdar \u015fah\u0131slarn\u0131\u00f1 Q\u0131r\u0131m tarih\u0131n\u0131 sahtele\u015ftir\u00fcv boyunca maqsadl\u0131 areketleri&#8221; aqq\u0131nda fikir payla\u015fmaqtan ibaret, dep [&hellip;]\" \/>\n<meta property=\"og:url\" content=\"https:\/\/qtmm.org\/qt\/refat-cubarov-qirimdaki-muim-tarihiy-vaqialarnin-ebediylestiriluvi-qirim-cemiyetini-bolmemek-kerek\/\" \/>\n<meta property=\"og:site_name\" content=\"\u041c\u0435\u0434\u0436\u043b\u0456\u0441\" \/>\n<meta property=\"article:publisher\" content=\"https:\/\/www.facebook.com\/qtmm.info\/\" \/>\n<meta property=\"article:published_time\" content=\"2013-09-11T14:34:00+00:00\" \/>\n<meta property=\"article:modified_time\" content=\"2022-01-25T14:44:36+00:00\" \/>\n<meta property=\"og:image\" content=\"https:\/\/qtmm.org\/wp-content\/uploads\/2022\/01\/1_124.jpeg\" \/>\n\t<meta property=\"og:image:width\" content=\"650\" \/>\n\t<meta property=\"og:image:height\" content=\"300\" \/>\n\t<meta property=\"og:image:type\" content=\"image\/jpeg\" \/>\n<meta name=\"author\" content=\"Developer\" \/>\n<meta name=\"twitter:card\" content=\"summary_large_image\" \/>\n<meta name=\"twitter:label1\" content=\"Written by\" \/>\n\t<meta name=\"twitter:data1\" content=\"Developer\" \/>\n\t<meta name=\"twitter:label2\" content=\"Est. reading time\" \/>\n\t<meta name=\"twitter:data2\" content=\"5 minutes\" \/>\n<script type=\"application\/ld+json\" class=\"yoast-schema-graph\">{\"@context\":\"https:\\\/\\\/schema.org\",\"@graph\":[{\"@type\":\"Article\",\"@id\":\"https:\\\/\\\/qtmm.org\\\/qt\\\/refat-cubarov-qirimdaki-muim-tarihiy-vaqialarnin-ebediylestiriluvi-qirim-cemiyetini-bolmemek-kerek\\\/#article\",\"isPartOf\":{\"@id\":\"https:\\\/\\\/qtmm.org\\\/qt\\\/refat-cubarov-qirimdaki-muim-tarihiy-vaqialarnin-ebediylestiriluvi-qirim-cemiyetini-bolmemek-kerek\\\/\"},\"author\":{\"name\":\"Developer\",\"@id\":\"https:\\\/\\\/qtmm.org\\\/qt\\\/#\\\/schema\\\/person\\\/de562469f971dec226ac06e60bbf74a7\"},\"headline\":\"Refat \u00c7ubarov: \u00abQ\u0131r\u0131mdaki m\u00fcim tarihiy vaqialarn\u0131\u00f1 ebediyle\u015ftiril\u00fcvi Q\u0131r\u0131m cemiyetini b\u00f6lmemek kerek\u00bb\",\"datePublished\":\"2013-09-11T14:34:00+00:00\",\"dateModified\":\"2022-01-25T14:44:36+00:00\",\"mainEntityOfPage\":{\"@id\":\"https:\\\/\\\/qtmm.org\\\/qt\\\/refat-cubarov-qirimdaki-muim-tarihiy-vaqialarnin-ebediylestiriluvi-qirim-cemiyetini-bolmemek-kerek\\\/\"},\"wordCount\":962,\"commentCount\":0,\"publisher\":{\"@id\":\"https:\\\/\\\/qtmm.org\\\/qt\\\/#organization\"},\"image\":{\"@id\":\"https:\\\/\\\/qtmm.org\\\/qt\\\/refat-cubarov-qirimdaki-muim-tarihiy-vaqialarnin-ebediylestiriluvi-qirim-cemiyetini-bolmemek-kerek\\\/#primaryimage\"},\"thumbnailUrl\":\"http:\\\/\\\/qtmm.org\\\/wp-content\\\/uploads\\\/2022\\\/01\\\/1_124.jpeg\",\"articleSection\":[\"Haberler\"],\"inLanguage\":\"qt\",\"potentialAction\":[{\"@type\":\"CommentAction\",\"name\":\"Comment\",\"target\":[\"https:\\\/\\\/qtmm.org\\\/qt\\\/refat-cubarov-qirimdaki-muim-tarihiy-vaqialarnin-ebediylestiriluvi-qirim-cemiyetini-bolmemek-kerek\\\/#respond\"]}]},{\"@type\":\"WebPage\",\"@id\":\"https:\\\/\\\/qtmm.org\\\/qt\\\/refat-cubarov-qirimdaki-muim-tarihiy-vaqialarnin-ebediylestiriluvi-qirim-cemiyetini-bolmemek-kerek\\\/\",\"url\":\"https:\\\/\\\/qtmm.org\\\/qt\\\/refat-cubarov-qirimdaki-muim-tarihiy-vaqialarnin-ebediylestiriluvi-qirim-cemiyetini-bolmemek-kerek\\\/\",\"name\":\"Refat \u00c7ubarov: \u00abQ\u0131r\u0131mdaki m\u00fcim tarihiy vaqialarn\u0131\u00f1 ebediyle\u015ftiril\u00fcvi Q\u0131r\u0131m cemiyetini b\u00f6lmemek kerek\u00bb - \u041c\u0435\u0434\u0436\u043b\u0456\u0441\",\"isPartOf\":{\"@id\":\"https:\\\/\\\/qtmm.org\\\/qt\\\/#website\"},\"primaryImageOfPage\":{\"@id\":\"https:\\\/\\\/qtmm.org\\\/qt\\\/refat-cubarov-qirimdaki-muim-tarihiy-vaqialarnin-ebediylestiriluvi-qirim-cemiyetini-bolmemek-kerek\\\/#primaryimage\"},\"image\":{\"@id\":\"https:\\\/\\\/qtmm.org\\\/qt\\\/refat-cubarov-qirimdaki-muim-tarihiy-vaqialarnin-ebediylestiriluvi-qirim-cemiyetini-bolmemek-kerek\\\/#primaryimage\"},\"thumbnailUrl\":\"http:\\\/\\\/qtmm.org\\\/wp-content\\\/uploads\\\/2022\\\/01\\\/1_124.jpeg\",\"datePublished\":\"2013-09-11T14:34:00+00:00\",\"dateModified\":\"2022-01-25T14:44:36+00:00\",\"breadcrumb\":{\"@id\":\"https:\\\/\\\/qtmm.org\\\/qt\\\/refat-cubarov-qirimdaki-muim-tarihiy-vaqialarnin-ebediylestiriluvi-qirim-cemiyetini-bolmemek-kerek\\\/#breadcrumb\"},\"inLanguage\":\"qt\",\"potentialAction\":[{\"@type\":\"ReadAction\",\"target\":[\"https:\\\/\\\/qtmm.org\\\/qt\\\/refat-cubarov-qirimdaki-muim-tarihiy-vaqialarnin-ebediylestiriluvi-qirim-cemiyetini-bolmemek-kerek\\\/\"]}]},{\"@type\":\"ImageObject\",\"inLanguage\":\"qt\",\"@id\":\"https:\\\/\\\/qtmm.org\\\/qt\\\/refat-cubarov-qirimdaki-muim-tarihiy-vaqialarnin-ebediylestiriluvi-qirim-cemiyetini-bolmemek-kerek\\\/#primaryimage\",\"url\":\"http:\\\/\\\/qtmm.org\\\/wp-content\\\/uploads\\\/2022\\\/01\\\/1_124.jpeg\",\"contentUrl\":\"http:\\\/\\\/qtmm.org\\\/wp-content\\\/uploads\\\/2022\\\/01\\\/1_124.jpeg\"},{\"@type\":\"BreadcrumbList\",\"@id\":\"https:\\\/\\\/qtmm.org\\\/qt\\\/refat-cubarov-qirimdaki-muim-tarihiy-vaqialarnin-ebediylestiriluvi-qirim-cemiyetini-bolmemek-kerek\\\/#breadcrumb\",\"itemListElement\":[{\"@type\":\"ListItem\",\"position\":1,\"name\":\"\u0413\u043e\u043b\u043e\u0432\u043d\u0430\",\"item\":\"https:\\\/\\\/qtmm.org\\\/qt\\\/\"},{\"@type\":\"ListItem\",\"position\":2,\"name\":\"Refat \u00c7ubarov: \u00abQ\u0131r\u0131mdaki m\u00fcim tarihiy vaqialarn\u0131\u00f1 ebediyle\u015ftiril\u00fcvi Q\u0131r\u0131m cemiyetini b\u00f6lmemek kerek\u00bb\"}]},{\"@type\":\"WebSite\",\"@id\":\"https:\\\/\\\/qtmm.org\\\/qt\\\/#website\",\"url\":\"https:\\\/\\\/qtmm.org\\\/qt\\\/\",\"name\":\"\u041c\u0435\u0434\u0436\u043b\u0456\u0441\",\"description\":\"\",\"publisher\":{\"@id\":\"https:\\\/\\\/qtmm.org\\\/qt\\\/#organization\"},\"potentialAction\":[{\"@type\":\"SearchAction\",\"target\":{\"@type\":\"EntryPoint\",\"urlTemplate\":\"https:\\\/\\\/qtmm.org\\\/qt\\\/?s={search_term_string}\"},\"query-input\":{\"@type\":\"PropertyValueSpecification\",\"valueRequired\":true,\"valueName\":\"search_term_string\"}}],\"inLanguage\":\"qt\"},{\"@type\":\"Organization\",\"@id\":\"https:\\\/\\\/qtmm.org\\\/qt\\\/#organization\",\"name\":\"\u041c\u0435\u0434\u0436\u043b\u0456\u0441\",\"url\":\"https:\\\/\\\/qtmm.org\\\/qt\\\/\",\"logo\":{\"@type\":\"ImageObject\",\"inLanguage\":\"qt\",\"@id\":\"https:\\\/\\\/qtmm.org\\\/qt\\\/#\\\/schema\\\/logo\\\/image\\\/\",\"url\":\"https:\\\/\\\/qtmm.org\\\/wp-content\\\/uploads\\\/2024\\\/12\\\/ua-mejlis-logo-rgb.svg\",\"contentUrl\":\"https:\\\/\\\/qtmm.org\\\/wp-content\\\/uploads\\\/2024\\\/12\\\/ua-mejlis-logo-rgb.svg\",\"caption\":\"\u041c\u0435\u0434\u0436\u043b\u0456\u0441\"},\"image\":{\"@id\":\"https:\\\/\\\/qtmm.org\\\/qt\\\/#\\\/schema\\\/logo\\\/image\\\/\"},\"sameAs\":[\"https:\\\/\\\/www.facebook.com\\\/qtmm.info\\\/\"]},{\"@type\":\"Person\",\"@id\":\"https:\\\/\\\/qtmm.org\\\/qt\\\/#\\\/schema\\\/person\\\/de562469f971dec226ac06e60bbf74a7\",\"name\":\"Developer\",\"image\":{\"@type\":\"ImageObject\",\"inLanguage\":\"qt\",\"@id\":\"https:\\\/\\\/secure.gravatar.com\\\/avatar\\\/392b4cc8fbfeb00b39dfeeab4ee6edded39ffd48e25858637e4765810300227e?s=96&d=mm&r=g\",\"url\":\"https:\\\/\\\/secure.gravatar.com\\\/avatar\\\/392b4cc8fbfeb00b39dfeeab4ee6edded39ffd48e25858637e4765810300227e?s=96&d=mm&r=g\",\"contentUrl\":\"https:\\\/\\\/secure.gravatar.com\\\/avatar\\\/392b4cc8fbfeb00b39dfeeab4ee6edded39ffd48e25858637e4765810300227e?s=96&d=mm&r=g\",\"caption\":\"Developer\"},\"url\":\"https:\\\/\\\/qtmm.org\\\/qt\\\/author\\\/Developer\\\/\"}]}<\/script>\n<!-- \/ Yoast SEO plugin. -->","yoast_head_json":{"title":"Refat \u00c7ubarov: \u00abQ\u0131r\u0131mdaki m\u00fcim tarihiy vaqialarn\u0131\u00f1 ebediyle\u015ftiril\u00fcvi Q\u0131r\u0131m cemiyetini b\u00f6lmemek kerek\u00bb - \u041c\u0435\u0434\u0436\u043b\u0456\u0441","robots":{"index":"index","follow":"follow","max-snippet":"max-snippet:-1","max-image-preview":"max-image-preview:large","max-video-preview":"max-video-preview:-1"},"canonical":"https:\/\/qtmm.org\/qt\/refat-cubarov-qirimdaki-muim-tarihiy-vaqialarnin-ebediylestiriluvi-qirim-cemiyetini-bolmemek-kerek\/","og_locale":"en_US","og_type":"article","og_title":"Refat \u00c7ubarov: \u00abQ\u0131r\u0131mdaki m\u00fcim tarihiy vaqialarn\u0131\u00f1 ebediyle\u015ftiril\u00fcvi Q\u0131r\u0131m cemiyetini b\u00f6lmemek kerek\u00bb - \u041c\u0435\u0434\u0436\u043b\u0456\u0441","og_description":"2013 senesi sent\u00e2br 11 k\u00fcn\u00fc Meclis yolba\u015f\u00e7\u0131lar\u0131 ve k\u00fctleviy matbuat vastalar\u0131, icadiy birle\u015fme, tarih\u00e7\u0131larn\u0131\u00f1 k\u00f6r\u00fc\u015f\u00fcvi ol\u0131p ke\u00e7ti K\u00f6r\u00fc\u015f\u00fcv &#8220;Q\u0131r\u0131m tarih\u0131n\u0131 sahtele\u015ftir\u00fcv boyunca maqsadl\u0131 areketler ve tarihiy aqiqatn\u0131 qor\u00e7alav vazifeleri&#8221; mevzus\u0131na ba\u011f\u0131\u015fland\u0131. K\u00f6r\u00fc\u015f\u00fcvni a\u00e7qan Meclis reisini\u00f1 birinci muavini Refat \u00c7ubarov k\u00f6r\u00fc\u015f\u00fcvni\u00f1 esas maqsad\u0131 &#8220;menfaatdar \u015fah\u0131slarn\u0131\u00f1 Q\u0131r\u0131m tarih\u0131n\u0131 sahtele\u015ftir\u00fcv boyunca maqsadl\u0131 areketleri&#8221; aqq\u0131nda fikir payla\u015fmaqtan ibaret, dep [&hellip;]","og_url":"https:\/\/qtmm.org\/qt\/refat-cubarov-qirimdaki-muim-tarihiy-vaqialarnin-ebediylestiriluvi-qirim-cemiyetini-bolmemek-kerek\/","og_site_name":"\u041c\u0435\u0434\u0436\u043b\u0456\u0441","article_publisher":"https:\/\/www.facebook.com\/qtmm.info\/","article_published_time":"2013-09-11T14:34:00+00:00","article_modified_time":"2022-01-25T14:44:36+00:00","og_image":[{"width":650,"height":300,"url":"https:\/\/qtmm.org\/wp-content\/uploads\/2022\/01\/1_124.jpeg","type":"image\/jpeg"}],"author":"Developer","twitter_card":"summary_large_image","twitter_misc":{"Written by":"Developer","Est. reading time":"5 minutes"},"schema":{"@context":"https:\/\/schema.org","@graph":[{"@type":"Article","@id":"https:\/\/qtmm.org\/qt\/refat-cubarov-qirimdaki-muim-tarihiy-vaqialarnin-ebediylestiriluvi-qirim-cemiyetini-bolmemek-kerek\/#article","isPartOf":{"@id":"https:\/\/qtmm.org\/qt\/refat-cubarov-qirimdaki-muim-tarihiy-vaqialarnin-ebediylestiriluvi-qirim-cemiyetini-bolmemek-kerek\/"},"author":{"name":"Developer","@id":"https:\/\/qtmm.org\/qt\/#\/schema\/person\/de562469f971dec226ac06e60bbf74a7"},"headline":"Refat \u00c7ubarov: \u00abQ\u0131r\u0131mdaki m\u00fcim tarihiy vaqialarn\u0131\u00f1 ebediyle\u015ftiril\u00fcvi Q\u0131r\u0131m cemiyetini b\u00f6lmemek kerek\u00bb","datePublished":"2013-09-11T14:34:00+00:00","dateModified":"2022-01-25T14:44:36+00:00","mainEntityOfPage":{"@id":"https:\/\/qtmm.org\/qt\/refat-cubarov-qirimdaki-muim-tarihiy-vaqialarnin-ebediylestiriluvi-qirim-cemiyetini-bolmemek-kerek\/"},"wordCount":962,"commentCount":0,"publisher":{"@id":"https:\/\/qtmm.org\/qt\/#organization"},"image":{"@id":"https:\/\/qtmm.org\/qt\/refat-cubarov-qirimdaki-muim-tarihiy-vaqialarnin-ebediylestiriluvi-qirim-cemiyetini-bolmemek-kerek\/#primaryimage"},"thumbnailUrl":"http:\/\/qtmm.org\/wp-content\/uploads\/2022\/01\/1_124.jpeg","articleSection":["Haberler"],"inLanguage":"qt","potentialAction":[{"@type":"CommentAction","name":"Comment","target":["https:\/\/qtmm.org\/qt\/refat-cubarov-qirimdaki-muim-tarihiy-vaqialarnin-ebediylestiriluvi-qirim-cemiyetini-bolmemek-kerek\/#respond"]}]},{"@type":"WebPage","@id":"https:\/\/qtmm.org\/qt\/refat-cubarov-qirimdaki-muim-tarihiy-vaqialarnin-ebediylestiriluvi-qirim-cemiyetini-bolmemek-kerek\/","url":"https:\/\/qtmm.org\/qt\/refat-cubarov-qirimdaki-muim-tarihiy-vaqialarnin-ebediylestiriluvi-qirim-cemiyetini-bolmemek-kerek\/","name":"Refat \u00c7ubarov: \u00abQ\u0131r\u0131mdaki m\u00fcim tarihiy vaqialarn\u0131\u00f1 ebediyle\u015ftiril\u00fcvi Q\u0131r\u0131m cemiyetini b\u00f6lmemek kerek\u00bb - \u041c\u0435\u0434\u0436\u043b\u0456\u0441","isPartOf":{"@id":"https:\/\/qtmm.org\/qt\/#website"},"primaryImageOfPage":{"@id":"https:\/\/qtmm.org\/qt\/refat-cubarov-qirimdaki-muim-tarihiy-vaqialarnin-ebediylestiriluvi-qirim-cemiyetini-bolmemek-kerek\/#primaryimage"},"image":{"@id":"https:\/\/qtmm.org\/qt\/refat-cubarov-qirimdaki-muim-tarihiy-vaqialarnin-ebediylestiriluvi-qirim-cemiyetini-bolmemek-kerek\/#primaryimage"},"thumbnailUrl":"http:\/\/qtmm.org\/wp-content\/uploads\/2022\/01\/1_124.jpeg","datePublished":"2013-09-11T14:34:00+00:00","dateModified":"2022-01-25T14:44:36+00:00","breadcrumb":{"@id":"https:\/\/qtmm.org\/qt\/refat-cubarov-qirimdaki-muim-tarihiy-vaqialarnin-ebediylestiriluvi-qirim-cemiyetini-bolmemek-kerek\/#breadcrumb"},"inLanguage":"qt","potentialAction":[{"@type":"ReadAction","target":["https:\/\/qtmm.org\/qt\/refat-cubarov-qirimdaki-muim-tarihiy-vaqialarnin-ebediylestiriluvi-qirim-cemiyetini-bolmemek-kerek\/"]}]},{"@type":"ImageObject","inLanguage":"qt","@id":"https:\/\/qtmm.org\/qt\/refat-cubarov-qirimdaki-muim-tarihiy-vaqialarnin-ebediylestiriluvi-qirim-cemiyetini-bolmemek-kerek\/#primaryimage","url":"http:\/\/qtmm.org\/wp-content\/uploads\/2022\/01\/1_124.jpeg","contentUrl":"http:\/\/qtmm.org\/wp-content\/uploads\/2022\/01\/1_124.jpeg"},{"@type":"BreadcrumbList","@id":"https:\/\/qtmm.org\/qt\/refat-cubarov-qirimdaki-muim-tarihiy-vaqialarnin-ebediylestiriluvi-qirim-cemiyetini-bolmemek-kerek\/#breadcrumb","itemListElement":[{"@type":"ListItem","position":1,"name":"\u0413\u043e\u043b\u043e\u0432\u043d\u0430","item":"https:\/\/qtmm.org\/qt\/"},{"@type":"ListItem","position":2,"name":"Refat \u00c7ubarov: \u00abQ\u0131r\u0131mdaki m\u00fcim tarihiy vaqialarn\u0131\u00f1 ebediyle\u015ftiril\u00fcvi Q\u0131r\u0131m cemiyetini b\u00f6lmemek kerek\u00bb"}]},{"@type":"WebSite","@id":"https:\/\/qtmm.org\/qt\/#website","url":"https:\/\/qtmm.org\/qt\/","name":"\u041c\u0435\u0434\u0436\u043b\u0456\u0441","description":"","publisher":{"@id":"https:\/\/qtmm.org\/qt\/#organization"},"potentialAction":[{"@type":"SearchAction","target":{"@type":"EntryPoint","urlTemplate":"https:\/\/qtmm.org\/qt\/?s={search_term_string}"},"query-input":{"@type":"PropertyValueSpecification","valueRequired":true,"valueName":"search_term_string"}}],"inLanguage":"qt"},{"@type":"Organization","@id":"https:\/\/qtmm.org\/qt\/#organization","name":"\u041c\u0435\u0434\u0436\u043b\u0456\u0441","url":"https:\/\/qtmm.org\/qt\/","logo":{"@type":"ImageObject","inLanguage":"qt","@id":"https:\/\/qtmm.org\/qt\/#\/schema\/logo\/image\/","url":"https:\/\/qtmm.org\/wp-content\/uploads\/2024\/12\/ua-mejlis-logo-rgb.svg","contentUrl":"https:\/\/qtmm.org\/wp-content\/uploads\/2024\/12\/ua-mejlis-logo-rgb.svg","caption":"\u041c\u0435\u0434\u0436\u043b\u0456\u0441"},"image":{"@id":"https:\/\/qtmm.org\/qt\/#\/schema\/logo\/image\/"},"sameAs":["https:\/\/www.facebook.com\/qtmm.info\/"]},{"@type":"Person","@id":"https:\/\/qtmm.org\/qt\/#\/schema\/person\/de562469f971dec226ac06e60bbf74a7","name":"Developer","image":{"@type":"ImageObject","inLanguage":"qt","@id":"https:\/\/secure.gravatar.com\/avatar\/392b4cc8fbfeb00b39dfeeab4ee6edded39ffd48e25858637e4765810300227e?s=96&d=mm&r=g","url":"https:\/\/secure.gravatar.com\/avatar\/392b4cc8fbfeb00b39dfeeab4ee6edded39ffd48e25858637e4765810300227e?s=96&d=mm&r=g","contentUrl":"https:\/\/secure.gravatar.com\/avatar\/392b4cc8fbfeb00b39dfeeab4ee6edded39ffd48e25858637e4765810300227e?s=96&d=mm&r=g","caption":"Developer"},"url":"https:\/\/qtmm.org\/qt\/author\/Developer\/"}]}},"_links":{"self":[{"href":"https:\/\/qtmm.org\/qt\/wp-json\/wp\/v2\/posts\/39225","targetHints":{"allow":["GET"]}}],"collection":[{"href":"https:\/\/qtmm.org\/qt\/wp-json\/wp\/v2\/posts"}],"about":[{"href":"https:\/\/qtmm.org\/qt\/wp-json\/wp\/v2\/types\/post"}],"author":[{"embeddable":true,"href":"https:\/\/qtmm.org\/qt\/wp-json\/wp\/v2\/users\/1"}],"replies":[{"embeddable":true,"href":"https:\/\/qtmm.org\/qt\/wp-json\/wp\/v2\/comments?post=39225"}],"version-history":[{"count":1,"href":"https:\/\/qtmm.org\/qt\/wp-json\/wp\/v2\/posts\/39225\/revisions"}],"predecessor-version":[{"id":39266,"href":"https:\/\/qtmm.org\/qt\/wp-json\/wp\/v2\/posts\/39225\/revisions\/39266"}],"wp:attachment":[{"href":"https:\/\/qtmm.org\/qt\/wp-json\/wp\/v2\/media?parent=39225"}],"wp:term":[{"taxonomy":"category","embeddable":true,"href":"https:\/\/qtmm.org\/qt\/wp-json\/wp\/v2\/categories?post=39225"},{"taxonomy":"post_tag","embeddable":true,"href":"https:\/\/qtmm.org\/qt\/wp-json\/wp\/v2\/tags?post=39225"}],"curies":[{"name":"wp","href":"https:\/\/api.w.org\/{rel}","templated":true}]}}