




{"id":39211,"date":"2013-09-10T17:32:00","date_gmt":"2013-09-10T14:32:00","guid":{"rendered":"http:\/\/qtmm.org\/?p=39211"},"modified":"2022-01-25T17:34:16","modified_gmt":"2022-01-25T14:34:16","slug":"mustafa-cemilev-internet-qirimtatarlar-adina-sovinistik-maqale-ahlaqsiz-pis-cagiruv-ve-sozlernen-toludir","status":"publish","type":"post","link":"https:\/\/qtmm.org\/qt\/mustafa-cemilev-internet-qirimtatarlar-adina-sovinistik-maqale-ahlaqsiz-pis-cagiruv-ve-sozlernen-toludir\/","title":{"rendered":"Mustafa Cemilev: \u0130nternet q\u0131r\u0131mtatarlar ad\u0131na \u015fovinistik maqale, ahl\u00e2qs\u0131z, pis \u00e7a\u011f\u0131ruv ve s\u00f6zlernen tolud\u0131r"},"content":{"rendered":"\n<p>2013 senesi sent\u00e2br 10 k\u00fcn\u00fc Meclis reisi, Ukraina halq deputat\u0131 Mustafa Cemilev Meclis ofisinde Q\u0131r\u0131m Muhtar Cumhuriyeti ve Aqyar \u015feerinde Cemiyet ahl\u00e2q\u0131n\u0131 qor\u00e7alav meseleleri boyunca Ukraina Milliy ekspert komissiyan\u0131\u00f1 vekili Sergey Timo\u015fukn\u0131 qabul etti. K\u00f6r\u00fc\u015f\u00fcvde Meclis reisini\u00f1 muavini, Q\u0131r\u0131m Yuqar\u0131 \u015euras\u0131n\u0131\u00f1 deputat\u0131 Remzi \u0130lyasov da i\u015ftirak etti.<\/p>\n\n\n\n<p>Timo\u015fukn\u0131\u00f1 bildirgenine k\u00f6re. Meclis yolba\u015f\u00e7\u0131lar\u0131nen k\u00f6r\u00fc\u015f\u00fcv maqsadlar\u0131ndan biri Q\u0131r\u0131m Muhtar Cumhuriyeti ve Aqyar \u015feerinde Cemiyet ahl\u00e2q\u0131n\u0131 qor\u00e7alav meseleleri boyunca Ukraina Milliy ekspert komissiyan\u0131\u00f1 faaliyetinen tan\u0131\u015f etmek, bun\u0131\u00f1 kibi de Milliy ekspert komissiyas\u0131 vazifeleri ve vek\u00e2letligi \u00e7er\u00e7ivesinde i\u015fbirlik yollar\u0131n\u0131 belgilemektir. Milliy ekspert komissiya Ukraina qanunlar\u0131na k\u00f6re areket etken devlet ekspert ve nezaret\u00e7i bir organd\u0131r, dedi Timo\u015fuk.<\/p>\n\n\n\n<p>&#8220;Milliy ekspert komissiyas\u0131 \u00f6z yetkileri \u00e7er\u00e7ivesinde k\u00fctleviy matbuat vastalar\u0131, zorluq ve aqs\u0131mlav al\u00e2metleri ol\u011fan tema\u015falarn\u0131 te\u015fkil etken m\u00fclk saiplerini\u00f1 faaliyetini te\u015fkermek, milletlerara davalarn\u0131 qoz\u011fa\u011fan edebiyat, oquv qullanmalarn\u0131\u00f1 monitoringini ke\u00e7irmek aqq\u0131na maliktir, -dep a\u00f1latt\u0131 ekpert komissiyan\u0131\u00f1 regional temsilcisi S. Timo\u015fuk. \u2013 Milliy ekspert komissiyan\u0131\u00f1 qararlar\u0131na merkeziy ve maalliy akimiyet organlar\u0131, k\u00fctleviy matbuat vastalar\u0131, yuridik ve hususiy \u015fah\u0131slar boysunma\u011fa borclular&#8221;.<\/p>\n\n\n\n<p>Milliy ekspert komissiyas\u0131 m\u0131tlaqa baqmas\u0131 kerek problemler aras\u0131nda Mustafa Cemilev misal olaraq ke\u00e7enlerde cumhuriyet ne\u015firlerinde derc olun\u011fan maqalelerni ketirip, olarda q\u0131r\u0131mtatar halq\u0131n\u0131 a\u00e7\u0131qtan-a\u00e7\u0131q aqaret etken s\u00f6zlerge diqqatn\u0131 celp etti. Rusiye tarafdar\u0131 ol\u011fan sayt ve forumlarn\u0131\u00f1 mevzuat\u0131 da Ukraina Cinaiy Kodeksi taraf\u0131ndan \u00f6grenilmesi l\u00e2zim. &#8220;\u0130nternet q\u0131r\u0131mtatarlar ad\u0131na \u015fovinistik maqale, ahl\u00e2qs\u0131z, pis \u00e7a\u011f\u0131ruv ve s\u00f6zlernen tolud\u0131r&#8221;, &#8211; dedi M.Cemilev.<\/p>\n\n\n\n<figure class=\"wp-block-image size-full\"><img loading=\"lazy\" decoding=\"async\" width=\"800\" height=\"600\" src=\"http:\/\/qtmm.org\/wp-content\/uploads\/2022\/01\/photo_3.jpeg\" alt=\"\" class=\"wp-image-39216\" srcset=\"https:\/\/qtmm.org\/wp-content\/uploads\/2022\/01\/photo_3.jpeg 800w, https:\/\/qtmm.org\/wp-content\/uploads\/2022\/01\/photo_3-300x225.jpeg 300w, https:\/\/qtmm.org\/wp-content\/uploads\/2022\/01\/photo_3-768x576.jpeg 768w\" sizes=\"auto, (max-width: 800px) 100vw, 800px\" \/><\/figure>\n\n\n\n<p>Meclis reisini\u00f1 muavini Remzi \u0130lyasov ise ekspert komissiyan\u0131\u00f1 regional temsilcisine Ukraina vatanda\u015flar\u0131n\u0131\u00f1 paralar\u0131 esab\u0131na \u00e7\u0131qar\u0131l\u011fan ve q\u0131r\u0131mtatar halq\u0131n\u0131\u00f1 tarih\u0131n\u0131 bozup k\u00f6stergen em de qarala\u011fan &#8220;\u015earqiy Q\u0131r\u0131m Hat\u0131ra kitab\u0131: hat\u0131rlamaqn\u0131 rica ettiler&#8221; kitab\u0131 aqq\u0131nda mal\u00fcmat berdi.<br><br>&#8220;Q\u0131r\u0131mtatar cemaat\u00e7\u0131l\u0131\u011f\u0131 kitapn\u0131\u00f1 tiraj\u0131n\u0131 yaqalamaq ve daval\u0131 eser m\u00fcellifi Vladimir \u015eir\u015fovn\u0131 \u0130sl\u00e2m-Terek rayon\u0131n\u0131\u00f1 fahriy sakini unvan\u0131ndan mahrum etmekni talap etti, &#8211; dedi \u0130lyasov. O, bun\u0131\u00f1 kibi de 20-nci as\u0131r cell\u00e2t\u0131 Stalinni\u00f1 cinaiy faaliyeti cumhuriyet akimiyeti vekilleri taraf\u0131ndan te\u015fviq etilgenini de s\u00f6yledi.<br><br>K\u00f6r\u00fc\u015f\u00fcv devam\u0131nda S. Timo\u015fuk dedi ki, Milliy ekspert komissiyas\u0131n\u0131 rusiyeli akt\u00f6r Aleksey Paninni\u00f1 q\u0131r\u0131mtatarlar aqq\u0131nda aytqan daval\u0131 s\u00f6zleri kederlendirdi ve komissiya bu\u00f1a m\u0131tlaqa cevap berecek. S. Timo\u015fukn\u0131\u00f1 aytqan\u0131na k\u00f6re, Meclis reberlerinen k\u00f6r\u00fc\u015f\u00fcvden so\u00f1 &#8220;\u015earqiy Q\u0131r\u0131m hat\u0131ra kitab\u0131: hat\u0131rlamaqn\u0131 rica ettiler&#8221; kitab\u0131 ekspertizadan ke\u00e7irilip, qal\u011fan nushalarn\u0131\u00f1 taqdiri \u00f6grenilecek. Belli ki kitapn\u0131\u00f1 400 nushas\u0131 \u0130sl\u00e2mterek rayon \u015furas\u0131nda saqlana, qal\u011fanlar\u0131 ise insanlarn\u0131 \u015fa\u015fmalatmaqn\u0131 devam eteler.<\/p>\n\n\n\n<p>Dialog ve i\u015fbirlikni devam etmek maqsad\u0131nda taraflar q\u0131r\u0131mtatar ziyal\u0131lar\u0131 vekillerini de Q\u0131r\u0131m Muhtar Cumhuriyeti ve Aqyar \u015feerinde Cemiyet ahl\u00e2q\u0131n\u0131 qor\u00e7alav meseleleri boyunca Ukraina Milliy ekspert komissiyas\u0131n\u0131\u00f1 regional temsilciligi yan\u0131ndaki cemaat eyyetine kirsetmek zarurl\u0131\u011f\u0131n\u0131 seslendirdiler.<\/p>\n\n\n\n<figure class=\"wp-block-image size-full\"><img loading=\"lazy\" decoding=\"async\" width=\"800\" height=\"600\" src=\"http:\/\/qtmm.org\/wp-content\/uploads\/2022\/01\/photo_1.jpeg\" alt=\"\" class=\"wp-image-39220\" srcset=\"https:\/\/qtmm.org\/wp-content\/uploads\/2022\/01\/photo_1.jpeg 800w, https:\/\/qtmm.org\/wp-content\/uploads\/2022\/01\/photo_1-300x225.jpeg 300w, https:\/\/qtmm.org\/wp-content\/uploads\/2022\/01\/photo_1-768x576.jpeg 768w\" sizes=\"auto, (max-width: 800px) 100vw, 800px\" \/><\/figure>\n","protected":false},"excerpt":{"rendered":"<p>2013 senesi sent\u00e2br 10 k\u00fcn\u00fc Meclis reisi, Ukraina halq deputat\u0131 Mustafa Cemilev Meclis ofisinde Q\u0131r\u0131m Muhtar Cumhuriyeti ve Aqyar \u015feerinde Cemiyet ahl\u00e2q\u0131n\u0131 qor\u00e7alav meseleleri boyunca Ukraina Milliy ekspert komissiyan\u0131\u00f1 vekili Sergey Timo\u015fukn\u0131 qabul etti. K\u00f6r\u00fc\u015f\u00fcvde Meclis reisini\u00f1 muavini, Q\u0131r\u0131m Yuqar\u0131 \u015euras\u0131n\u0131\u00f1 deputat\u0131 Remzi \u0130lyasov da i\u015ftirak etti. Timo\u015fukn\u0131\u00f1 bildirgenine k\u00f6re. Meclis yolba\u015f\u00e7\u0131lar\u0131nen k\u00f6r\u00fc\u015f\u00fcv maqsadlar\u0131ndan biri [&hellip;]<\/p>\n","protected":false},"author":1,"featured_media":39212,"comment_status":"open","ping_status":"open","sticky":false,"template":"","format":"standard","meta":{"inline_featured_image":false,"footnotes":""},"categories":[265],"tags":[],"class_list":["post-39211","post","type-post","status-publish","format-standard","has-post-thumbnail","hentry","category-haberler"],"acf":[],"yoast_head":"<!-- This site is optimized with the Yoast SEO plugin v27.4 - https:\/\/yoast.com\/product\/yoast-seo-wordpress\/ -->\n<title>Mustafa Cemilev: \u0130nternet q\u0131r\u0131mtatarlar ad\u0131na \u015fovinistik maqale, ahl\u00e2qs\u0131z, pis \u00e7a\u011f\u0131ruv ve s\u00f6zlernen tolud\u0131r - \u041c\u0435\u0434\u0436\u043b\u0456\u0441<\/title>\n<meta name=\"robots\" content=\"index, follow, max-snippet:-1, max-image-preview:large, max-video-preview:-1\" \/>\n<link rel=\"canonical\" href=\"https:\/\/qtmm.org\/qt\/mustafa-cemilev-internet-qirimtatarlar-adina-sovinistik-maqale-ahlaqsiz-pis-cagiruv-ve-sozlernen-toludir\/\" \/>\n<meta property=\"og:locale\" content=\"en_US\" \/>\n<meta property=\"og:type\" content=\"article\" \/>\n<meta property=\"og:title\" content=\"Mustafa Cemilev: \u0130nternet q\u0131r\u0131mtatarlar ad\u0131na \u015fovinistik maqale, ahl\u00e2qs\u0131z, pis \u00e7a\u011f\u0131ruv ve s\u00f6zlernen tolud\u0131r - \u041c\u0435\u0434\u0436\u043b\u0456\u0441\" \/>\n<meta property=\"og:description\" content=\"2013 senesi sent\u00e2br 10 k\u00fcn\u00fc Meclis reisi, Ukraina halq deputat\u0131 Mustafa Cemilev Meclis ofisinde Q\u0131r\u0131m Muhtar Cumhuriyeti ve Aqyar \u015feerinde Cemiyet ahl\u00e2q\u0131n\u0131 qor\u00e7alav meseleleri boyunca Ukraina Milliy ekspert komissiyan\u0131\u00f1 vekili Sergey Timo\u015fukn\u0131 qabul etti. K\u00f6r\u00fc\u015f\u00fcvde Meclis reisini\u00f1 muavini, Q\u0131r\u0131m Yuqar\u0131 \u015euras\u0131n\u0131\u00f1 deputat\u0131 Remzi \u0130lyasov da i\u015ftirak etti. Timo\u015fukn\u0131\u00f1 bildirgenine k\u00f6re. Meclis yolba\u015f\u00e7\u0131lar\u0131nen k\u00f6r\u00fc\u015f\u00fcv maqsadlar\u0131ndan biri [&hellip;]\" \/>\n<meta property=\"og:url\" content=\"https:\/\/qtmm.org\/qt\/mustafa-cemilev-internet-qirimtatarlar-adina-sovinistik-maqale-ahlaqsiz-pis-cagiruv-ve-sozlernen-toludir\/\" \/>\n<meta property=\"og:site_name\" content=\"\u041c\u0435\u0434\u0436\u043b\u0456\u0441\" \/>\n<meta property=\"article:publisher\" content=\"https:\/\/www.facebook.com\/qtmm.info\/\" \/>\n<meta property=\"article:published_time\" content=\"2013-09-10T14:32:00+00:00\" \/>\n<meta property=\"article:modified_time\" content=\"2022-01-25T14:34:16+00:00\" \/>\n<meta property=\"og:image\" content=\"https:\/\/qtmm.org\/wp-content\/uploads\/2022\/01\/photo_5_1.jpeg\" \/>\n\t<meta property=\"og:image:width\" content=\"800\" \/>\n\t<meta property=\"og:image:height\" content=\"600\" \/>\n\t<meta property=\"og:image:type\" content=\"image\/jpeg\" \/>\n<meta name=\"author\" content=\"Developer\" \/>\n<meta name=\"twitter:card\" content=\"summary_large_image\" \/>\n<meta name=\"twitter:label1\" content=\"Written by\" \/>\n\t<meta name=\"twitter:data1\" content=\"Developer\" \/>\n\t<meta name=\"twitter:label2\" content=\"Est. reading time\" \/>\n\t<meta name=\"twitter:data2\" content=\"3 minutes\" \/>\n<script type=\"application\/ld+json\" class=\"yoast-schema-graph\">{\"@context\":\"https:\\\/\\\/schema.org\",\"@graph\":[{\"@type\":\"Article\",\"@id\":\"https:\\\/\\\/qtmm.org\\\/qt\\\/mustafa-cemilev-internet-qirimtatarlar-adina-sovinistik-maqale-ahlaqsiz-pis-cagiruv-ve-sozlernen-toludir\\\/#article\",\"isPartOf\":{\"@id\":\"https:\\\/\\\/qtmm.org\\\/qt\\\/mustafa-cemilev-internet-qirimtatarlar-adina-sovinistik-maqale-ahlaqsiz-pis-cagiruv-ve-sozlernen-toludir\\\/\"},\"author\":{\"name\":\"Developer\",\"@id\":\"https:\\\/\\\/qtmm.org\\\/qt\\\/#\\\/schema\\\/person\\\/de562469f971dec226ac06e60bbf74a7\"},\"headline\":\"Mustafa Cemilev: \u0130nternet q\u0131r\u0131mtatarlar ad\u0131na \u015fovinistik maqale, ahl\u00e2qs\u0131z, pis \u00e7a\u011f\u0131ruv ve s\u00f6zlernen tolud\u0131r\",\"datePublished\":\"2013-09-10T14:32:00+00:00\",\"dateModified\":\"2022-01-25T14:34:16+00:00\",\"mainEntityOfPage\":{\"@id\":\"https:\\\/\\\/qtmm.org\\\/qt\\\/mustafa-cemilev-internet-qirimtatarlar-adina-sovinistik-maqale-ahlaqsiz-pis-cagiruv-ve-sozlernen-toludir\\\/\"},\"wordCount\":554,\"commentCount\":0,\"publisher\":{\"@id\":\"https:\\\/\\\/qtmm.org\\\/qt\\\/#organization\"},\"image\":{\"@id\":\"https:\\\/\\\/qtmm.org\\\/qt\\\/mustafa-cemilev-internet-qirimtatarlar-adina-sovinistik-maqale-ahlaqsiz-pis-cagiruv-ve-sozlernen-toludir\\\/#primaryimage\"},\"thumbnailUrl\":\"https:\\\/\\\/qtmm.org\\\/wp-content\\\/uploads\\\/2022\\\/01\\\/photo_5_1.jpeg\",\"articleSection\":[\"Haberler\"],\"inLanguage\":\"qt\",\"potentialAction\":[{\"@type\":\"CommentAction\",\"name\":\"Comment\",\"target\":[\"https:\\\/\\\/qtmm.org\\\/qt\\\/mustafa-cemilev-internet-qirimtatarlar-adina-sovinistik-maqale-ahlaqsiz-pis-cagiruv-ve-sozlernen-toludir\\\/#respond\"]}]},{\"@type\":\"WebPage\",\"@id\":\"https:\\\/\\\/qtmm.org\\\/qt\\\/mustafa-cemilev-internet-qirimtatarlar-adina-sovinistik-maqale-ahlaqsiz-pis-cagiruv-ve-sozlernen-toludir\\\/\",\"url\":\"https:\\\/\\\/qtmm.org\\\/qt\\\/mustafa-cemilev-internet-qirimtatarlar-adina-sovinistik-maqale-ahlaqsiz-pis-cagiruv-ve-sozlernen-toludir\\\/\",\"name\":\"Mustafa Cemilev: \u0130nternet q\u0131r\u0131mtatarlar ad\u0131na \u015fovinistik maqale, ahl\u00e2qs\u0131z, pis \u00e7a\u011f\u0131ruv ve s\u00f6zlernen tolud\u0131r - \u041c\u0435\u0434\u0436\u043b\u0456\u0441\",\"isPartOf\":{\"@id\":\"https:\\\/\\\/qtmm.org\\\/qt\\\/#website\"},\"primaryImageOfPage\":{\"@id\":\"https:\\\/\\\/qtmm.org\\\/qt\\\/mustafa-cemilev-internet-qirimtatarlar-adina-sovinistik-maqale-ahlaqsiz-pis-cagiruv-ve-sozlernen-toludir\\\/#primaryimage\"},\"image\":{\"@id\":\"https:\\\/\\\/qtmm.org\\\/qt\\\/mustafa-cemilev-internet-qirimtatarlar-adina-sovinistik-maqale-ahlaqsiz-pis-cagiruv-ve-sozlernen-toludir\\\/#primaryimage\"},\"thumbnailUrl\":\"https:\\\/\\\/qtmm.org\\\/wp-content\\\/uploads\\\/2022\\\/01\\\/photo_5_1.jpeg\",\"datePublished\":\"2013-09-10T14:32:00+00:00\",\"dateModified\":\"2022-01-25T14:34:16+00:00\",\"breadcrumb\":{\"@id\":\"https:\\\/\\\/qtmm.org\\\/qt\\\/mustafa-cemilev-internet-qirimtatarlar-adina-sovinistik-maqale-ahlaqsiz-pis-cagiruv-ve-sozlernen-toludir\\\/#breadcrumb\"},\"inLanguage\":\"qt\",\"potentialAction\":[{\"@type\":\"ReadAction\",\"target\":[\"https:\\\/\\\/qtmm.org\\\/qt\\\/mustafa-cemilev-internet-qirimtatarlar-adina-sovinistik-maqale-ahlaqsiz-pis-cagiruv-ve-sozlernen-toludir\\\/\"]}]},{\"@type\":\"ImageObject\",\"inLanguage\":\"qt\",\"@id\":\"https:\\\/\\\/qtmm.org\\\/qt\\\/mustafa-cemilev-internet-qirimtatarlar-adina-sovinistik-maqale-ahlaqsiz-pis-cagiruv-ve-sozlernen-toludir\\\/#primaryimage\",\"url\":\"https:\\\/\\\/qtmm.org\\\/wp-content\\\/uploads\\\/2022\\\/01\\\/photo_5_1.jpeg\",\"contentUrl\":\"https:\\\/\\\/qtmm.org\\\/wp-content\\\/uploads\\\/2022\\\/01\\\/photo_5_1.jpeg\",\"width\":800,\"height\":600},{\"@type\":\"BreadcrumbList\",\"@id\":\"https:\\\/\\\/qtmm.org\\\/qt\\\/mustafa-cemilev-internet-qirimtatarlar-adina-sovinistik-maqale-ahlaqsiz-pis-cagiruv-ve-sozlernen-toludir\\\/#breadcrumb\",\"itemListElement\":[{\"@type\":\"ListItem\",\"position\":1,\"name\":\"\u0413\u043e\u043b\u043e\u0432\u043d\u0430\",\"item\":\"https:\\\/\\\/qtmm.org\\\/qt\\\/\"},{\"@type\":\"ListItem\",\"position\":2,\"name\":\"Mustafa Cemilev: \u0130nternet q\u0131r\u0131mtatarlar ad\u0131na \u015fovinistik maqale, ahl\u00e2qs\u0131z, pis \u00e7a\u011f\u0131ruv ve s\u00f6zlernen tolud\u0131r\"}]},{\"@type\":\"WebSite\",\"@id\":\"https:\\\/\\\/qtmm.org\\\/qt\\\/#website\",\"url\":\"https:\\\/\\\/qtmm.org\\\/qt\\\/\",\"name\":\"\u041c\u0435\u0434\u0436\u043b\u0456\u0441\",\"description\":\"\",\"publisher\":{\"@id\":\"https:\\\/\\\/qtmm.org\\\/qt\\\/#organization\"},\"potentialAction\":[{\"@type\":\"SearchAction\",\"target\":{\"@type\":\"EntryPoint\",\"urlTemplate\":\"https:\\\/\\\/qtmm.org\\\/qt\\\/?s={search_term_string}\"},\"query-input\":{\"@type\":\"PropertyValueSpecification\",\"valueRequired\":true,\"valueName\":\"search_term_string\"}}],\"inLanguage\":\"qt\"},{\"@type\":\"Organization\",\"@id\":\"https:\\\/\\\/qtmm.org\\\/qt\\\/#organization\",\"name\":\"\u041c\u0435\u0434\u0436\u043b\u0456\u0441\",\"url\":\"https:\\\/\\\/qtmm.org\\\/qt\\\/\",\"logo\":{\"@type\":\"ImageObject\",\"inLanguage\":\"qt\",\"@id\":\"https:\\\/\\\/qtmm.org\\\/qt\\\/#\\\/schema\\\/logo\\\/image\\\/\",\"url\":\"https:\\\/\\\/qtmm.org\\\/wp-content\\\/uploads\\\/2024\\\/12\\\/ua-mejlis-logo-rgb.svg\",\"contentUrl\":\"https:\\\/\\\/qtmm.org\\\/wp-content\\\/uploads\\\/2024\\\/12\\\/ua-mejlis-logo-rgb.svg\",\"caption\":\"\u041c\u0435\u0434\u0436\u043b\u0456\u0441\"},\"image\":{\"@id\":\"https:\\\/\\\/qtmm.org\\\/qt\\\/#\\\/schema\\\/logo\\\/image\\\/\"},\"sameAs\":[\"https:\\\/\\\/www.facebook.com\\\/qtmm.info\\\/\"]},{\"@type\":\"Person\",\"@id\":\"https:\\\/\\\/qtmm.org\\\/qt\\\/#\\\/schema\\\/person\\\/de562469f971dec226ac06e60bbf74a7\",\"name\":\"Developer\",\"image\":{\"@type\":\"ImageObject\",\"inLanguage\":\"qt\",\"@id\":\"https:\\\/\\\/secure.gravatar.com\\\/avatar\\\/392b4cc8fbfeb00b39dfeeab4ee6edded39ffd48e25858637e4765810300227e?s=96&d=mm&r=g\",\"url\":\"https:\\\/\\\/secure.gravatar.com\\\/avatar\\\/392b4cc8fbfeb00b39dfeeab4ee6edded39ffd48e25858637e4765810300227e?s=96&d=mm&r=g\",\"contentUrl\":\"https:\\\/\\\/secure.gravatar.com\\\/avatar\\\/392b4cc8fbfeb00b39dfeeab4ee6edded39ffd48e25858637e4765810300227e?s=96&d=mm&r=g\",\"caption\":\"Developer\"},\"url\":\"https:\\\/\\\/qtmm.org\\\/qt\\\/author\\\/Developer\\\/\"}]}<\/script>\n<!-- \/ Yoast SEO plugin. -->","yoast_head_json":{"title":"Mustafa Cemilev: \u0130nternet q\u0131r\u0131mtatarlar ad\u0131na \u015fovinistik maqale, ahl\u00e2qs\u0131z, pis \u00e7a\u011f\u0131ruv ve s\u00f6zlernen tolud\u0131r - \u041c\u0435\u0434\u0436\u043b\u0456\u0441","robots":{"index":"index","follow":"follow","max-snippet":"max-snippet:-1","max-image-preview":"max-image-preview:large","max-video-preview":"max-video-preview:-1"},"canonical":"https:\/\/qtmm.org\/qt\/mustafa-cemilev-internet-qirimtatarlar-adina-sovinistik-maqale-ahlaqsiz-pis-cagiruv-ve-sozlernen-toludir\/","og_locale":"en_US","og_type":"article","og_title":"Mustafa Cemilev: \u0130nternet q\u0131r\u0131mtatarlar ad\u0131na \u015fovinistik maqale, ahl\u00e2qs\u0131z, pis \u00e7a\u011f\u0131ruv ve s\u00f6zlernen tolud\u0131r - \u041c\u0435\u0434\u0436\u043b\u0456\u0441","og_description":"2013 senesi sent\u00e2br 10 k\u00fcn\u00fc Meclis reisi, Ukraina halq deputat\u0131 Mustafa Cemilev Meclis ofisinde Q\u0131r\u0131m Muhtar Cumhuriyeti ve Aqyar \u015feerinde Cemiyet ahl\u00e2q\u0131n\u0131 qor\u00e7alav meseleleri boyunca Ukraina Milliy ekspert komissiyan\u0131\u00f1 vekili Sergey Timo\u015fukn\u0131 qabul etti. K\u00f6r\u00fc\u015f\u00fcvde Meclis reisini\u00f1 muavini, Q\u0131r\u0131m Yuqar\u0131 \u015euras\u0131n\u0131\u00f1 deputat\u0131 Remzi \u0130lyasov da i\u015ftirak etti. Timo\u015fukn\u0131\u00f1 bildirgenine k\u00f6re. Meclis yolba\u015f\u00e7\u0131lar\u0131nen k\u00f6r\u00fc\u015f\u00fcv maqsadlar\u0131ndan biri [&hellip;]","og_url":"https:\/\/qtmm.org\/qt\/mustafa-cemilev-internet-qirimtatarlar-adina-sovinistik-maqale-ahlaqsiz-pis-cagiruv-ve-sozlernen-toludir\/","og_site_name":"\u041c\u0435\u0434\u0436\u043b\u0456\u0441","article_publisher":"https:\/\/www.facebook.com\/qtmm.info\/","article_published_time":"2013-09-10T14:32:00+00:00","article_modified_time":"2022-01-25T14:34:16+00:00","og_image":[{"width":800,"height":600,"url":"https:\/\/qtmm.org\/wp-content\/uploads\/2022\/01\/photo_5_1.jpeg","type":"image\/jpeg"}],"author":"Developer","twitter_card":"summary_large_image","twitter_misc":{"Written by":"Developer","Est. reading time":"3 minutes"},"schema":{"@context":"https:\/\/schema.org","@graph":[{"@type":"Article","@id":"https:\/\/qtmm.org\/qt\/mustafa-cemilev-internet-qirimtatarlar-adina-sovinistik-maqale-ahlaqsiz-pis-cagiruv-ve-sozlernen-toludir\/#article","isPartOf":{"@id":"https:\/\/qtmm.org\/qt\/mustafa-cemilev-internet-qirimtatarlar-adina-sovinistik-maqale-ahlaqsiz-pis-cagiruv-ve-sozlernen-toludir\/"},"author":{"name":"Developer","@id":"https:\/\/qtmm.org\/qt\/#\/schema\/person\/de562469f971dec226ac06e60bbf74a7"},"headline":"Mustafa Cemilev: \u0130nternet q\u0131r\u0131mtatarlar ad\u0131na \u015fovinistik maqale, ahl\u00e2qs\u0131z, pis \u00e7a\u011f\u0131ruv ve s\u00f6zlernen tolud\u0131r","datePublished":"2013-09-10T14:32:00+00:00","dateModified":"2022-01-25T14:34:16+00:00","mainEntityOfPage":{"@id":"https:\/\/qtmm.org\/qt\/mustafa-cemilev-internet-qirimtatarlar-adina-sovinistik-maqale-ahlaqsiz-pis-cagiruv-ve-sozlernen-toludir\/"},"wordCount":554,"commentCount":0,"publisher":{"@id":"https:\/\/qtmm.org\/qt\/#organization"},"image":{"@id":"https:\/\/qtmm.org\/qt\/mustafa-cemilev-internet-qirimtatarlar-adina-sovinistik-maqale-ahlaqsiz-pis-cagiruv-ve-sozlernen-toludir\/#primaryimage"},"thumbnailUrl":"https:\/\/qtmm.org\/wp-content\/uploads\/2022\/01\/photo_5_1.jpeg","articleSection":["Haberler"],"inLanguage":"qt","potentialAction":[{"@type":"CommentAction","name":"Comment","target":["https:\/\/qtmm.org\/qt\/mustafa-cemilev-internet-qirimtatarlar-adina-sovinistik-maqale-ahlaqsiz-pis-cagiruv-ve-sozlernen-toludir\/#respond"]}]},{"@type":"WebPage","@id":"https:\/\/qtmm.org\/qt\/mustafa-cemilev-internet-qirimtatarlar-adina-sovinistik-maqale-ahlaqsiz-pis-cagiruv-ve-sozlernen-toludir\/","url":"https:\/\/qtmm.org\/qt\/mustafa-cemilev-internet-qirimtatarlar-adina-sovinistik-maqale-ahlaqsiz-pis-cagiruv-ve-sozlernen-toludir\/","name":"Mustafa Cemilev: \u0130nternet q\u0131r\u0131mtatarlar ad\u0131na \u015fovinistik maqale, ahl\u00e2qs\u0131z, pis \u00e7a\u011f\u0131ruv ve s\u00f6zlernen tolud\u0131r - \u041c\u0435\u0434\u0436\u043b\u0456\u0441","isPartOf":{"@id":"https:\/\/qtmm.org\/qt\/#website"},"primaryImageOfPage":{"@id":"https:\/\/qtmm.org\/qt\/mustafa-cemilev-internet-qirimtatarlar-adina-sovinistik-maqale-ahlaqsiz-pis-cagiruv-ve-sozlernen-toludir\/#primaryimage"},"image":{"@id":"https:\/\/qtmm.org\/qt\/mustafa-cemilev-internet-qirimtatarlar-adina-sovinistik-maqale-ahlaqsiz-pis-cagiruv-ve-sozlernen-toludir\/#primaryimage"},"thumbnailUrl":"https:\/\/qtmm.org\/wp-content\/uploads\/2022\/01\/photo_5_1.jpeg","datePublished":"2013-09-10T14:32:00+00:00","dateModified":"2022-01-25T14:34:16+00:00","breadcrumb":{"@id":"https:\/\/qtmm.org\/qt\/mustafa-cemilev-internet-qirimtatarlar-adina-sovinistik-maqale-ahlaqsiz-pis-cagiruv-ve-sozlernen-toludir\/#breadcrumb"},"inLanguage":"qt","potentialAction":[{"@type":"ReadAction","target":["https:\/\/qtmm.org\/qt\/mustafa-cemilev-internet-qirimtatarlar-adina-sovinistik-maqale-ahlaqsiz-pis-cagiruv-ve-sozlernen-toludir\/"]}]},{"@type":"ImageObject","inLanguage":"qt","@id":"https:\/\/qtmm.org\/qt\/mustafa-cemilev-internet-qirimtatarlar-adina-sovinistik-maqale-ahlaqsiz-pis-cagiruv-ve-sozlernen-toludir\/#primaryimage","url":"https:\/\/qtmm.org\/wp-content\/uploads\/2022\/01\/photo_5_1.jpeg","contentUrl":"https:\/\/qtmm.org\/wp-content\/uploads\/2022\/01\/photo_5_1.jpeg","width":800,"height":600},{"@type":"BreadcrumbList","@id":"https:\/\/qtmm.org\/qt\/mustafa-cemilev-internet-qirimtatarlar-adina-sovinistik-maqale-ahlaqsiz-pis-cagiruv-ve-sozlernen-toludir\/#breadcrumb","itemListElement":[{"@type":"ListItem","position":1,"name":"\u0413\u043e\u043b\u043e\u0432\u043d\u0430","item":"https:\/\/qtmm.org\/qt\/"},{"@type":"ListItem","position":2,"name":"Mustafa Cemilev: \u0130nternet q\u0131r\u0131mtatarlar ad\u0131na \u015fovinistik maqale, ahl\u00e2qs\u0131z, pis \u00e7a\u011f\u0131ruv ve s\u00f6zlernen tolud\u0131r"}]},{"@type":"WebSite","@id":"https:\/\/qtmm.org\/qt\/#website","url":"https:\/\/qtmm.org\/qt\/","name":"\u041c\u0435\u0434\u0436\u043b\u0456\u0441","description":"","publisher":{"@id":"https:\/\/qtmm.org\/qt\/#organization"},"potentialAction":[{"@type":"SearchAction","target":{"@type":"EntryPoint","urlTemplate":"https:\/\/qtmm.org\/qt\/?s={search_term_string}"},"query-input":{"@type":"PropertyValueSpecification","valueRequired":true,"valueName":"search_term_string"}}],"inLanguage":"qt"},{"@type":"Organization","@id":"https:\/\/qtmm.org\/qt\/#organization","name":"\u041c\u0435\u0434\u0436\u043b\u0456\u0441","url":"https:\/\/qtmm.org\/qt\/","logo":{"@type":"ImageObject","inLanguage":"qt","@id":"https:\/\/qtmm.org\/qt\/#\/schema\/logo\/image\/","url":"https:\/\/qtmm.org\/wp-content\/uploads\/2024\/12\/ua-mejlis-logo-rgb.svg","contentUrl":"https:\/\/qtmm.org\/wp-content\/uploads\/2024\/12\/ua-mejlis-logo-rgb.svg","caption":"\u041c\u0435\u0434\u0436\u043b\u0456\u0441"},"image":{"@id":"https:\/\/qtmm.org\/qt\/#\/schema\/logo\/image\/"},"sameAs":["https:\/\/www.facebook.com\/qtmm.info\/"]},{"@type":"Person","@id":"https:\/\/qtmm.org\/qt\/#\/schema\/person\/de562469f971dec226ac06e60bbf74a7","name":"Developer","image":{"@type":"ImageObject","inLanguage":"qt","@id":"https:\/\/secure.gravatar.com\/avatar\/392b4cc8fbfeb00b39dfeeab4ee6edded39ffd48e25858637e4765810300227e?s=96&d=mm&r=g","url":"https:\/\/secure.gravatar.com\/avatar\/392b4cc8fbfeb00b39dfeeab4ee6edded39ffd48e25858637e4765810300227e?s=96&d=mm&r=g","contentUrl":"https:\/\/secure.gravatar.com\/avatar\/392b4cc8fbfeb00b39dfeeab4ee6edded39ffd48e25858637e4765810300227e?s=96&d=mm&r=g","caption":"Developer"},"url":"https:\/\/qtmm.org\/qt\/author\/Developer\/"}]}},"_links":{"self":[{"href":"https:\/\/qtmm.org\/qt\/wp-json\/wp\/v2\/posts\/39211","targetHints":{"allow":["GET"]}}],"collection":[{"href":"https:\/\/qtmm.org\/qt\/wp-json\/wp\/v2\/posts"}],"about":[{"href":"https:\/\/qtmm.org\/qt\/wp-json\/wp\/v2\/types\/post"}],"author":[{"embeddable":true,"href":"https:\/\/qtmm.org\/qt\/wp-json\/wp\/v2\/users\/1"}],"replies":[{"embeddable":true,"href":"https:\/\/qtmm.org\/qt\/wp-json\/wp\/v2\/comments?post=39211"}],"version-history":[{"count":1,"href":"https:\/\/qtmm.org\/qt\/wp-json\/wp\/v2\/posts\/39211\/revisions"}],"predecessor-version":[{"id":39224,"href":"https:\/\/qtmm.org\/qt\/wp-json\/wp\/v2\/posts\/39211\/revisions\/39224"}],"wp:featuredmedia":[{"embeddable":true,"href":"https:\/\/qtmm.org\/qt\/wp-json\/wp\/v2\/media\/39212"}],"wp:attachment":[{"href":"https:\/\/qtmm.org\/qt\/wp-json\/wp\/v2\/media?parent=39211"}],"wp:term":[{"taxonomy":"category","embeddable":true,"href":"https:\/\/qtmm.org\/qt\/wp-json\/wp\/v2\/categories?post=39211"},{"taxonomy":"post_tag","embeddable":true,"href":"https:\/\/qtmm.org\/qt\/wp-json\/wp\/v2\/tags?post=39211"}],"curies":[{"name":"wp","href":"https:\/\/api.w.org\/{rel}","templated":true}]}}