




{"id":39209,"date":"2013-09-09T16:40:00","date_gmt":"2013-09-09T13:40:00","guid":{"rendered":"http:\/\/qtmm.org\/?p=39209"},"modified":"2022-01-25T16:40:47","modified_gmt":"2022-01-25T13:40:47","slug":"oktabr-ayinin-basinda-ukraina-tasil-naziri-dmitriy-tabacnik-qirimtatar-ziyalilarinen-qirimtatar-tilinde-tasil-meselelerini-muzakere-etecek","status":"publish","type":"post","link":"https:\/\/qtmm.org\/qt\/oktabr-ayinin-basinda-ukraina-tasil-naziri-dmitriy-tabacnik-qirimtatar-ziyalilarinen-qirimtatar-tilinde-tasil-meselelerini-muzakere-etecek\/","title":{"rendered":"Okt\u00e2br ay\u0131n\u0131\u00f1 ba\u015f\u0131nda Ukraina Tasil naziri Dmitriy Taba\u00e7nik q\u0131r\u0131mtatar ziyal\u0131lar\u0131nen q\u0131r\u0131mtatar tilinde tasil meselelerini muzakere etecek"},"content":{"rendered":"\n<p>Kiyevde Meclis reisi, Ukraina halq deputat\u0131 Mustafa Cemilev Ukraina Tasil ve ilim naziri Dmitriy Taba\u00e7nikni\u00f1 i\u015f k\u00f6r\u00fc\u015f\u00fcvi ol\u0131p ke\u00e7ti.<\/p>\n\n\n\n<p>K\u00f6r\u00fc\u015f\u00fcvde\u00a0Tavriya Milliy universitetini\u00f1 q\u0131r\u0131mtatar ve \u015farq filologiyas\u0131 fakultetinde oquv saatleri ve ocalarn\u0131\u00f1 say\u0131s\u0131 q\u0131sqart\u0131l\u011fan\u0131 ile ba\u011fl\u0131 vaziyet muzakere etildi.<\/p>\n\n\n\n<p>Subet devam\u0131nda Ukraina Tasil ve ilim naziri Dmitriy Taba\u00e7nik Meclis reisi, Ukraina halq deputat\u0131 Mustafa Cemilevge \u015fun\u0131 bildirdi ki, on\u0131\u00f1 idaresi alt\u0131nda nazirlik Q\u0131r\u0131m ve Ukrainada stavkalarn\u0131 q\u0131sqartuv boyunca i\u00e7 bir t\u00fcrl\u00fc avale bermedi. Bundan da \u011fayr\u0131 Dmitriy Taba\u00e7nik Q\u0131r\u0131mda Okt\u00e2br ay\u0131n\u0131\u00f1 ba\u015f\u0131nda q\u0131r\u0131mtatar ziyal\u0131lar\u0131nen k\u00f6r\u00fc\u015fip, q\u0131r\u0131mtatar tili ve edebiyat\u0131n\u0131 saqlap qaluv problemlerini muzakere etmek qarar\u0131n\u0131 tekrar tasdiqlad\u0131.<\/p>\n","protected":false},"excerpt":{"rendered":"<p>Kiyevde Meclis reisi, Ukraina halq deputat\u0131 Mustafa Cemilev Ukraina Tasil ve ilim naziri Dmitriy Taba\u00e7nikni\u00f1 i\u015f k\u00f6r\u00fc\u015f\u00fcvi ol\u0131p ke\u00e7ti. K\u00f6r\u00fc\u015f\u00fcvde\u00a0Tavriya Milliy universitetini\u00f1 q\u0131r\u0131mtatar ve \u015farq filologiyas\u0131 fakultetinde oquv saatleri ve ocalarn\u0131\u00f1 say\u0131s\u0131 q\u0131sqart\u0131l\u011fan\u0131 ile ba\u011fl\u0131 vaziyet muzakere etildi. Subet devam\u0131nda Ukraina Tasil ve ilim naziri Dmitriy Taba\u00e7nik Meclis reisi, Ukraina halq deputat\u0131 Mustafa Cemilevge \u015fun\u0131 [&hellip;]<\/p>\n","protected":false},"author":1,"featured_media":0,"comment_status":"open","ping_status":"open","sticky":false,"template":"","format":"standard","meta":{"inline_featured_image":false,"footnotes":""},"categories":[265],"tags":[],"class_list":["post-39209","post","type-post","status-publish","format-standard","hentry","category-haberler"],"acf":[],"yoast_head":"<!-- This site is optimized with the Yoast SEO plugin v27.4 - https:\/\/yoast.com\/product\/yoast-seo-wordpress\/ -->\n<title>Okt\u00e2br ay\u0131n\u0131\u00f1 ba\u015f\u0131nda Ukraina Tasil naziri Dmitriy Taba\u00e7nik q\u0131r\u0131mtatar ziyal\u0131lar\u0131nen q\u0131r\u0131mtatar tilinde tasil meselelerini muzakere etecek - \u041c\u0435\u0434\u0436\u043b\u0456\u0441<\/title>\n<meta name=\"robots\" content=\"index, follow, max-snippet:-1, max-image-preview:large, max-video-preview:-1\" \/>\n<link rel=\"canonical\" href=\"https:\/\/qtmm.org\/qt\/oktabr-ayinin-basinda-ukraina-tasil-naziri-dmitriy-tabacnik-qirimtatar-ziyalilarinen-qirimtatar-tilinde-tasil-meselelerini-muzakere-etecek\/\" \/>\n<meta property=\"og:locale\" content=\"en_US\" \/>\n<meta property=\"og:type\" content=\"article\" \/>\n<meta property=\"og:title\" content=\"Okt\u00e2br ay\u0131n\u0131\u00f1 ba\u015f\u0131nda Ukraina Tasil naziri Dmitriy Taba\u00e7nik q\u0131r\u0131mtatar ziyal\u0131lar\u0131nen q\u0131r\u0131mtatar tilinde tasil meselelerini muzakere etecek - \u041c\u0435\u0434\u0436\u043b\u0456\u0441\" \/>\n<meta property=\"og:description\" content=\"Kiyevde Meclis reisi, Ukraina halq deputat\u0131 Mustafa Cemilev Ukraina Tasil ve ilim naziri Dmitriy Taba\u00e7nikni\u00f1 i\u015f k\u00f6r\u00fc\u015f\u00fcvi ol\u0131p ke\u00e7ti. K\u00f6r\u00fc\u015f\u00fcvde\u00a0Tavriya Milliy universitetini\u00f1 q\u0131r\u0131mtatar ve \u015farq filologiyas\u0131 fakultetinde oquv saatleri ve ocalarn\u0131\u00f1 say\u0131s\u0131 q\u0131sqart\u0131l\u011fan\u0131 ile ba\u011fl\u0131 vaziyet muzakere etildi. Subet devam\u0131nda Ukraina Tasil ve ilim naziri Dmitriy Taba\u00e7nik Meclis reisi, Ukraina halq deputat\u0131 Mustafa Cemilevge \u015fun\u0131 [&hellip;]\" \/>\n<meta property=\"og:url\" content=\"https:\/\/qtmm.org\/qt\/oktabr-ayinin-basinda-ukraina-tasil-naziri-dmitriy-tabacnik-qirimtatar-ziyalilarinen-qirimtatar-tilinde-tasil-meselelerini-muzakere-etecek\/\" \/>\n<meta property=\"og:site_name\" content=\"\u041c\u0435\u0434\u0436\u043b\u0456\u0441\" \/>\n<meta property=\"article:publisher\" content=\"https:\/\/www.facebook.com\/qtmm.info\/\" \/>\n<meta property=\"article:published_time\" content=\"2013-09-09T13:40:00+00:00\" \/>\n<meta property=\"article:modified_time\" content=\"2022-01-25T13:40:47+00:00\" \/>\n<meta name=\"author\" content=\"Developer\" \/>\n<meta name=\"twitter:card\" content=\"summary_large_image\" \/>\n<meta name=\"twitter:label1\" content=\"Written by\" \/>\n\t<meta name=\"twitter:data1\" content=\"Developer\" \/>\n\t<meta name=\"twitter:label2\" content=\"Est. reading time\" \/>\n\t<meta name=\"twitter:data2\" content=\"1 minute\" \/>\n<script type=\"application\/ld+json\" class=\"yoast-schema-graph\">{\"@context\":\"https:\\\/\\\/schema.org\",\"@graph\":[{\"@type\":\"Article\",\"@id\":\"https:\\\/\\\/qtmm.org\\\/qt\\\/oktabr-ayinin-basinda-ukraina-tasil-naziri-dmitriy-tabacnik-qirimtatar-ziyalilarinen-qirimtatar-tilinde-tasil-meselelerini-muzakere-etecek\\\/#article\",\"isPartOf\":{\"@id\":\"https:\\\/\\\/qtmm.org\\\/qt\\\/oktabr-ayinin-basinda-ukraina-tasil-naziri-dmitriy-tabacnik-qirimtatar-ziyalilarinen-qirimtatar-tilinde-tasil-meselelerini-muzakere-etecek\\\/\"},\"author\":{\"name\":\"Developer\",\"@id\":\"https:\\\/\\\/qtmm.org\\\/qt\\\/#\\\/schema\\\/person\\\/de562469f971dec226ac06e60bbf74a7\"},\"headline\":\"Okt\u00e2br ay\u0131n\u0131\u00f1 ba\u015f\u0131nda Ukraina Tasil naziri Dmitriy Taba\u00e7nik q\u0131r\u0131mtatar ziyal\u0131lar\u0131nen q\u0131r\u0131mtatar tilinde tasil meselelerini muzakere etecek\",\"datePublished\":\"2013-09-09T13:40:00+00:00\",\"dateModified\":\"2022-01-25T13:40:47+00:00\",\"mainEntityOfPage\":{\"@id\":\"https:\\\/\\\/qtmm.org\\\/qt\\\/oktabr-ayinin-basinda-ukraina-tasil-naziri-dmitriy-tabacnik-qirimtatar-ziyalilarinen-qirimtatar-tilinde-tasil-meselelerini-muzakere-etecek\\\/\"},\"wordCount\":160,\"commentCount\":0,\"publisher\":{\"@id\":\"https:\\\/\\\/qtmm.org\\\/qt\\\/#organization\"},\"articleSection\":[\"Haberler\"],\"inLanguage\":\"qt\",\"potentialAction\":[{\"@type\":\"CommentAction\",\"name\":\"Comment\",\"target\":[\"https:\\\/\\\/qtmm.org\\\/qt\\\/oktabr-ayinin-basinda-ukraina-tasil-naziri-dmitriy-tabacnik-qirimtatar-ziyalilarinen-qirimtatar-tilinde-tasil-meselelerini-muzakere-etecek\\\/#respond\"]}]},{\"@type\":\"WebPage\",\"@id\":\"https:\\\/\\\/qtmm.org\\\/qt\\\/oktabr-ayinin-basinda-ukraina-tasil-naziri-dmitriy-tabacnik-qirimtatar-ziyalilarinen-qirimtatar-tilinde-tasil-meselelerini-muzakere-etecek\\\/\",\"url\":\"https:\\\/\\\/qtmm.org\\\/qt\\\/oktabr-ayinin-basinda-ukraina-tasil-naziri-dmitriy-tabacnik-qirimtatar-ziyalilarinen-qirimtatar-tilinde-tasil-meselelerini-muzakere-etecek\\\/\",\"name\":\"Okt\u00e2br ay\u0131n\u0131\u00f1 ba\u015f\u0131nda Ukraina Tasil naziri Dmitriy Taba\u00e7nik q\u0131r\u0131mtatar ziyal\u0131lar\u0131nen q\u0131r\u0131mtatar tilinde tasil meselelerini muzakere etecek - \u041c\u0435\u0434\u0436\u043b\u0456\u0441\",\"isPartOf\":{\"@id\":\"https:\\\/\\\/qtmm.org\\\/qt\\\/#website\"},\"datePublished\":\"2013-09-09T13:40:00+00:00\",\"dateModified\":\"2022-01-25T13:40:47+00:00\",\"breadcrumb\":{\"@id\":\"https:\\\/\\\/qtmm.org\\\/qt\\\/oktabr-ayinin-basinda-ukraina-tasil-naziri-dmitriy-tabacnik-qirimtatar-ziyalilarinen-qirimtatar-tilinde-tasil-meselelerini-muzakere-etecek\\\/#breadcrumb\"},\"inLanguage\":\"qt\",\"potentialAction\":[{\"@type\":\"ReadAction\",\"target\":[\"https:\\\/\\\/qtmm.org\\\/qt\\\/oktabr-ayinin-basinda-ukraina-tasil-naziri-dmitriy-tabacnik-qirimtatar-ziyalilarinen-qirimtatar-tilinde-tasil-meselelerini-muzakere-etecek\\\/\"]}]},{\"@type\":\"BreadcrumbList\",\"@id\":\"https:\\\/\\\/qtmm.org\\\/qt\\\/oktabr-ayinin-basinda-ukraina-tasil-naziri-dmitriy-tabacnik-qirimtatar-ziyalilarinen-qirimtatar-tilinde-tasil-meselelerini-muzakere-etecek\\\/#breadcrumb\",\"itemListElement\":[{\"@type\":\"ListItem\",\"position\":1,\"name\":\"\u0413\u043e\u043b\u043e\u0432\u043d\u0430\",\"item\":\"https:\\\/\\\/qtmm.org\\\/qt\\\/\"},{\"@type\":\"ListItem\",\"position\":2,\"name\":\"Okt\u00e2br ay\u0131n\u0131\u00f1 ba\u015f\u0131nda Ukraina Tasil naziri Dmitriy Taba\u00e7nik q\u0131r\u0131mtatar ziyal\u0131lar\u0131nen q\u0131r\u0131mtatar tilinde tasil meselelerini muzakere etecek\"}]},{\"@type\":\"WebSite\",\"@id\":\"https:\\\/\\\/qtmm.org\\\/qt\\\/#website\",\"url\":\"https:\\\/\\\/qtmm.org\\\/qt\\\/\",\"name\":\"\u041c\u0435\u0434\u0436\u043b\u0456\u0441\",\"description\":\"\",\"publisher\":{\"@id\":\"https:\\\/\\\/qtmm.org\\\/qt\\\/#organization\"},\"potentialAction\":[{\"@type\":\"SearchAction\",\"target\":{\"@type\":\"EntryPoint\",\"urlTemplate\":\"https:\\\/\\\/qtmm.org\\\/qt\\\/?s={search_term_string}\"},\"query-input\":{\"@type\":\"PropertyValueSpecification\",\"valueRequired\":true,\"valueName\":\"search_term_string\"}}],\"inLanguage\":\"qt\"},{\"@type\":\"Organization\",\"@id\":\"https:\\\/\\\/qtmm.org\\\/qt\\\/#organization\",\"name\":\"\u041c\u0435\u0434\u0436\u043b\u0456\u0441\",\"url\":\"https:\\\/\\\/qtmm.org\\\/qt\\\/\",\"logo\":{\"@type\":\"ImageObject\",\"inLanguage\":\"qt\",\"@id\":\"https:\\\/\\\/qtmm.org\\\/qt\\\/#\\\/schema\\\/logo\\\/image\\\/\",\"url\":\"https:\\\/\\\/qtmm.org\\\/wp-content\\\/uploads\\\/2024\\\/12\\\/ua-mejlis-logo-rgb.svg\",\"contentUrl\":\"https:\\\/\\\/qtmm.org\\\/wp-content\\\/uploads\\\/2024\\\/12\\\/ua-mejlis-logo-rgb.svg\",\"caption\":\"\u041c\u0435\u0434\u0436\u043b\u0456\u0441\"},\"image\":{\"@id\":\"https:\\\/\\\/qtmm.org\\\/qt\\\/#\\\/schema\\\/logo\\\/image\\\/\"},\"sameAs\":[\"https:\\\/\\\/www.facebook.com\\\/qtmm.info\\\/\"]},{\"@type\":\"Person\",\"@id\":\"https:\\\/\\\/qtmm.org\\\/qt\\\/#\\\/schema\\\/person\\\/de562469f971dec226ac06e60bbf74a7\",\"name\":\"Developer\",\"image\":{\"@type\":\"ImageObject\",\"inLanguage\":\"qt\",\"@id\":\"https:\\\/\\\/secure.gravatar.com\\\/avatar\\\/392b4cc8fbfeb00b39dfeeab4ee6edded39ffd48e25858637e4765810300227e?s=96&d=mm&r=g\",\"url\":\"https:\\\/\\\/secure.gravatar.com\\\/avatar\\\/392b4cc8fbfeb00b39dfeeab4ee6edded39ffd48e25858637e4765810300227e?s=96&d=mm&r=g\",\"contentUrl\":\"https:\\\/\\\/secure.gravatar.com\\\/avatar\\\/392b4cc8fbfeb00b39dfeeab4ee6edded39ffd48e25858637e4765810300227e?s=96&d=mm&r=g\",\"caption\":\"Developer\"},\"url\":\"https:\\\/\\\/qtmm.org\\\/qt\\\/author\\\/Developer\\\/\"}]}<\/script>\n<!-- \/ Yoast SEO plugin. -->","yoast_head_json":{"title":"Okt\u00e2br ay\u0131n\u0131\u00f1 ba\u015f\u0131nda Ukraina Tasil naziri Dmitriy Taba\u00e7nik q\u0131r\u0131mtatar ziyal\u0131lar\u0131nen q\u0131r\u0131mtatar tilinde tasil meselelerini muzakere etecek - \u041c\u0435\u0434\u0436\u043b\u0456\u0441","robots":{"index":"index","follow":"follow","max-snippet":"max-snippet:-1","max-image-preview":"max-image-preview:large","max-video-preview":"max-video-preview:-1"},"canonical":"https:\/\/qtmm.org\/qt\/oktabr-ayinin-basinda-ukraina-tasil-naziri-dmitriy-tabacnik-qirimtatar-ziyalilarinen-qirimtatar-tilinde-tasil-meselelerini-muzakere-etecek\/","og_locale":"en_US","og_type":"article","og_title":"Okt\u00e2br ay\u0131n\u0131\u00f1 ba\u015f\u0131nda Ukraina Tasil naziri Dmitriy Taba\u00e7nik q\u0131r\u0131mtatar ziyal\u0131lar\u0131nen q\u0131r\u0131mtatar tilinde tasil meselelerini muzakere etecek - \u041c\u0435\u0434\u0436\u043b\u0456\u0441","og_description":"Kiyevde Meclis reisi, Ukraina halq deputat\u0131 Mustafa Cemilev Ukraina Tasil ve ilim naziri Dmitriy Taba\u00e7nikni\u00f1 i\u015f k\u00f6r\u00fc\u015f\u00fcvi ol\u0131p ke\u00e7ti. K\u00f6r\u00fc\u015f\u00fcvde\u00a0Tavriya Milliy universitetini\u00f1 q\u0131r\u0131mtatar ve \u015farq filologiyas\u0131 fakultetinde oquv saatleri ve ocalarn\u0131\u00f1 say\u0131s\u0131 q\u0131sqart\u0131l\u011fan\u0131 ile ba\u011fl\u0131 vaziyet muzakere etildi. Subet devam\u0131nda Ukraina Tasil ve ilim naziri Dmitriy Taba\u00e7nik Meclis reisi, Ukraina halq deputat\u0131 Mustafa Cemilevge \u015fun\u0131 [&hellip;]","og_url":"https:\/\/qtmm.org\/qt\/oktabr-ayinin-basinda-ukraina-tasil-naziri-dmitriy-tabacnik-qirimtatar-ziyalilarinen-qirimtatar-tilinde-tasil-meselelerini-muzakere-etecek\/","og_site_name":"\u041c\u0435\u0434\u0436\u043b\u0456\u0441","article_publisher":"https:\/\/www.facebook.com\/qtmm.info\/","article_published_time":"2013-09-09T13:40:00+00:00","article_modified_time":"2022-01-25T13:40:47+00:00","author":"Developer","twitter_card":"summary_large_image","twitter_misc":{"Written by":"Developer","Est. reading time":"1 minute"},"schema":{"@context":"https:\/\/schema.org","@graph":[{"@type":"Article","@id":"https:\/\/qtmm.org\/qt\/oktabr-ayinin-basinda-ukraina-tasil-naziri-dmitriy-tabacnik-qirimtatar-ziyalilarinen-qirimtatar-tilinde-tasil-meselelerini-muzakere-etecek\/#article","isPartOf":{"@id":"https:\/\/qtmm.org\/qt\/oktabr-ayinin-basinda-ukraina-tasil-naziri-dmitriy-tabacnik-qirimtatar-ziyalilarinen-qirimtatar-tilinde-tasil-meselelerini-muzakere-etecek\/"},"author":{"name":"Developer","@id":"https:\/\/qtmm.org\/qt\/#\/schema\/person\/de562469f971dec226ac06e60bbf74a7"},"headline":"Okt\u00e2br ay\u0131n\u0131\u00f1 ba\u015f\u0131nda Ukraina Tasil naziri Dmitriy Taba\u00e7nik q\u0131r\u0131mtatar ziyal\u0131lar\u0131nen q\u0131r\u0131mtatar tilinde tasil meselelerini muzakere etecek","datePublished":"2013-09-09T13:40:00+00:00","dateModified":"2022-01-25T13:40:47+00:00","mainEntityOfPage":{"@id":"https:\/\/qtmm.org\/qt\/oktabr-ayinin-basinda-ukraina-tasil-naziri-dmitriy-tabacnik-qirimtatar-ziyalilarinen-qirimtatar-tilinde-tasil-meselelerini-muzakere-etecek\/"},"wordCount":160,"commentCount":0,"publisher":{"@id":"https:\/\/qtmm.org\/qt\/#organization"},"articleSection":["Haberler"],"inLanguage":"qt","potentialAction":[{"@type":"CommentAction","name":"Comment","target":["https:\/\/qtmm.org\/qt\/oktabr-ayinin-basinda-ukraina-tasil-naziri-dmitriy-tabacnik-qirimtatar-ziyalilarinen-qirimtatar-tilinde-tasil-meselelerini-muzakere-etecek\/#respond"]}]},{"@type":"WebPage","@id":"https:\/\/qtmm.org\/qt\/oktabr-ayinin-basinda-ukraina-tasil-naziri-dmitriy-tabacnik-qirimtatar-ziyalilarinen-qirimtatar-tilinde-tasil-meselelerini-muzakere-etecek\/","url":"https:\/\/qtmm.org\/qt\/oktabr-ayinin-basinda-ukraina-tasil-naziri-dmitriy-tabacnik-qirimtatar-ziyalilarinen-qirimtatar-tilinde-tasil-meselelerini-muzakere-etecek\/","name":"Okt\u00e2br ay\u0131n\u0131\u00f1 ba\u015f\u0131nda Ukraina Tasil naziri Dmitriy Taba\u00e7nik q\u0131r\u0131mtatar ziyal\u0131lar\u0131nen q\u0131r\u0131mtatar tilinde tasil meselelerini muzakere etecek - \u041c\u0435\u0434\u0436\u043b\u0456\u0441","isPartOf":{"@id":"https:\/\/qtmm.org\/qt\/#website"},"datePublished":"2013-09-09T13:40:00+00:00","dateModified":"2022-01-25T13:40:47+00:00","breadcrumb":{"@id":"https:\/\/qtmm.org\/qt\/oktabr-ayinin-basinda-ukraina-tasil-naziri-dmitriy-tabacnik-qirimtatar-ziyalilarinen-qirimtatar-tilinde-tasil-meselelerini-muzakere-etecek\/#breadcrumb"},"inLanguage":"qt","potentialAction":[{"@type":"ReadAction","target":["https:\/\/qtmm.org\/qt\/oktabr-ayinin-basinda-ukraina-tasil-naziri-dmitriy-tabacnik-qirimtatar-ziyalilarinen-qirimtatar-tilinde-tasil-meselelerini-muzakere-etecek\/"]}]},{"@type":"BreadcrumbList","@id":"https:\/\/qtmm.org\/qt\/oktabr-ayinin-basinda-ukraina-tasil-naziri-dmitriy-tabacnik-qirimtatar-ziyalilarinen-qirimtatar-tilinde-tasil-meselelerini-muzakere-etecek\/#breadcrumb","itemListElement":[{"@type":"ListItem","position":1,"name":"\u0413\u043e\u043b\u043e\u0432\u043d\u0430","item":"https:\/\/qtmm.org\/qt\/"},{"@type":"ListItem","position":2,"name":"Okt\u00e2br ay\u0131n\u0131\u00f1 ba\u015f\u0131nda Ukraina Tasil naziri Dmitriy Taba\u00e7nik q\u0131r\u0131mtatar ziyal\u0131lar\u0131nen q\u0131r\u0131mtatar tilinde tasil meselelerini muzakere etecek"}]},{"@type":"WebSite","@id":"https:\/\/qtmm.org\/qt\/#website","url":"https:\/\/qtmm.org\/qt\/","name":"\u041c\u0435\u0434\u0436\u043b\u0456\u0441","description":"","publisher":{"@id":"https:\/\/qtmm.org\/qt\/#organization"},"potentialAction":[{"@type":"SearchAction","target":{"@type":"EntryPoint","urlTemplate":"https:\/\/qtmm.org\/qt\/?s={search_term_string}"},"query-input":{"@type":"PropertyValueSpecification","valueRequired":true,"valueName":"search_term_string"}}],"inLanguage":"qt"},{"@type":"Organization","@id":"https:\/\/qtmm.org\/qt\/#organization","name":"\u041c\u0435\u0434\u0436\u043b\u0456\u0441","url":"https:\/\/qtmm.org\/qt\/","logo":{"@type":"ImageObject","inLanguage":"qt","@id":"https:\/\/qtmm.org\/qt\/#\/schema\/logo\/image\/","url":"https:\/\/qtmm.org\/wp-content\/uploads\/2024\/12\/ua-mejlis-logo-rgb.svg","contentUrl":"https:\/\/qtmm.org\/wp-content\/uploads\/2024\/12\/ua-mejlis-logo-rgb.svg","caption":"\u041c\u0435\u0434\u0436\u043b\u0456\u0441"},"image":{"@id":"https:\/\/qtmm.org\/qt\/#\/schema\/logo\/image\/"},"sameAs":["https:\/\/www.facebook.com\/qtmm.info\/"]},{"@type":"Person","@id":"https:\/\/qtmm.org\/qt\/#\/schema\/person\/de562469f971dec226ac06e60bbf74a7","name":"Developer","image":{"@type":"ImageObject","inLanguage":"qt","@id":"https:\/\/secure.gravatar.com\/avatar\/392b4cc8fbfeb00b39dfeeab4ee6edded39ffd48e25858637e4765810300227e?s=96&d=mm&r=g","url":"https:\/\/secure.gravatar.com\/avatar\/392b4cc8fbfeb00b39dfeeab4ee6edded39ffd48e25858637e4765810300227e?s=96&d=mm&r=g","contentUrl":"https:\/\/secure.gravatar.com\/avatar\/392b4cc8fbfeb00b39dfeeab4ee6edded39ffd48e25858637e4765810300227e?s=96&d=mm&r=g","caption":"Developer"},"url":"https:\/\/qtmm.org\/qt\/author\/Developer\/"}]}},"_links":{"self":[{"href":"https:\/\/qtmm.org\/qt\/wp-json\/wp\/v2\/posts\/39209","targetHints":{"allow":["GET"]}}],"collection":[{"href":"https:\/\/qtmm.org\/qt\/wp-json\/wp\/v2\/posts"}],"about":[{"href":"https:\/\/qtmm.org\/qt\/wp-json\/wp\/v2\/types\/post"}],"author":[{"embeddable":true,"href":"https:\/\/qtmm.org\/qt\/wp-json\/wp\/v2\/users\/1"}],"replies":[{"embeddable":true,"href":"https:\/\/qtmm.org\/qt\/wp-json\/wp\/v2\/comments?post=39209"}],"version-history":[{"count":1,"href":"https:\/\/qtmm.org\/qt\/wp-json\/wp\/v2\/posts\/39209\/revisions"}],"predecessor-version":[{"id":39210,"href":"https:\/\/qtmm.org\/qt\/wp-json\/wp\/v2\/posts\/39209\/revisions\/39210"}],"wp:attachment":[{"href":"https:\/\/qtmm.org\/qt\/wp-json\/wp\/v2\/media?parent=39209"}],"wp:term":[{"taxonomy":"category","embeddable":true,"href":"https:\/\/qtmm.org\/qt\/wp-json\/wp\/v2\/categories?post=39209"},{"taxonomy":"post_tag","embeddable":true,"href":"https:\/\/qtmm.org\/qt\/wp-json\/wp\/v2\/tags?post=39209"}],"curies":[{"name":"wp","href":"https:\/\/api.w.org\/{rel}","templated":true}]}}