




{"id":39203,"date":"2013-09-09T16:37:00","date_gmt":"2013-09-09T13:37:00","guid":{"rendered":"http:\/\/qtmm.org\/?p=39203"},"modified":"2022-01-25T16:40:01","modified_gmt":"2022-01-25T13:40:01","slug":"vekilnin-katipliginde-qirimtatar-halqi-aqlarinin-qorcalanmasina-ait-muim-problemler-ve-olarni-al-etuvde-ombudsmennin-roluni-muzakere-ettiler","status":"publish","type":"post","link":"https:\/\/qtmm.org\/qt\/vekilnin-katipliginde-qirimtatar-halqi-aqlarinin-qorcalanmasina-ait-muim-problemler-ve-olarni-al-etuvde-ombudsmennin-roluni-muzakere-ettiler\/","title":{"rendered":"Vekilni\u00f1 K\u00e2tipliginde q\u0131r\u0131mtatar halq\u0131 aqlar\u0131n\u0131\u00f1 qor\u00e7alanmas\u0131na ait m\u00fcim problemler ve olarn\u0131 al et\u00fcvde Ombudsmenni\u00f1 rol\u00fcni muzakere ettiler"},"content":{"rendered":"\n<p>Ke\u00e7ken afta Kiyevde Bala aqlar\u0131, aqs\u0131mlav\u011fa qar\u015f\u0131 ve gender musaviylik meseleleri boyunca Vek\u00e2letlini\u00f1 temsilcisi Aksana Filipi\u015fina \u00fck\u00fcmetten t\u0131\u015f te\u015fkil\u00e2tlarn\u0131\u00f1 ekspertleri ve tedqiqat idarelerini\u00f1 vekillerinen k\u00f6r\u00fc\u015fip, q\u0131r\u0131mtatar halq\u0131 aqlar\u0131n\u0131\u00f1 qor\u00e7alanmas\u0131na ait m\u00fcim problemler ve olarn\u0131 al et\u00fcvde Ombudsmenni\u00f1 rol\u00fcni muzakere ettiler. Bu aqta Ukraina Yuqar\u0131 \u015euras\u0131 insan aqlar\u0131 boyunca Vek\u00e2letlisi K\u00e2tipligini\u00f1 matbuat h\u0131zmetinde bildirdiler.<\/p>\n\n\n\n<figure class=\"wp-block-image size-full\"><img loading=\"lazy\" decoding=\"async\" width=\"800\" height=\"581\" src=\"http:\/\/qtmm.org\/wp-content\/uploads\/2022\/01\/filipisina.jpeg\" alt=\"\" class=\"wp-image-39204\" srcset=\"https:\/\/qtmm.org\/wp-content\/uploads\/2022\/01\/filipisina.jpeg 800w, https:\/\/qtmm.org\/wp-content\/uploads\/2022\/01\/filipisina-300x218.jpeg 300w, https:\/\/qtmm.org\/wp-content\/uploads\/2022\/01\/filipisina-768x558.jpeg 768w\" sizes=\"auto, (max-width: 800px) 100vw, 800px\" \/><\/figure>\n\n\n\n<p>C\u00fcmleden, k\u00f6r\u00fc\u015f\u00fcv vaqt\u0131nda milliy mens\u00fcpligine k\u00f6re s\u00fcrg\u00fcn etilgen ve Ukraina\u011fa qaytayatqan \u015fah\u0131slar\u011fa ukrain vatanda\u015fl\u0131\u011f\u0131n\u0131 almaq, yerle\u015ftir\u00fcv, i\u00e7timaiy ve medeniy itiyaclar\u0131n\u0131 qanaatlendir\u00fcv, ukrain cemiyetine qat\u0131luv meseleleri muzakere etildi.<\/p>\n\n\n\n<p>Bilhassa OSCE Milliy azl\u0131qlarn\u0131\u00f1 i\u015fleri boyunca Aliy komissarn\u0131\u00f1 ke\u00e7enlerde derc olun\u011fan\u00a0&#8220;Q\u0131r\u0131mda, Ukrainada s\u00fcrg\u00fcn etilgen \u015fah\u0131slarn\u0131\u00f1 qat\u0131luv\u0131&#8221; maruzas\u0131na ayr\u0131ca diqqat berildi<\/p>\n\n\n\n<p>&#8220;Esabatta q\u0131r\u0131mtatarlarn\u0131\u00f1 aqlar\u0131n\u0131 qor\u00e7alav vaziyetini ayd\u0131nlat\u0131l\u0131, em Ukraina \u00fck\u00fcmeti, em de halqara te\u015fkil\u00e2tlar\u0131 ve grajdan cemiyeti te\u015fkil\u00e2tlar\u0131 i\u00e7\u00fcn m\u00fcim tevsiyeler mevcutt\u0131r. Bular k\u00f6z \u00f6g\u00fcne al\u0131n\u011fan\u0131 alda esabatn\u0131 olduq\u00e7a keni\u015f tarqatmaq kerek. Bu i\u015fke Vek\u00e2letlini\u00f1 temsilcisi qoltutma\u011fa az\u0131r&#8221; , &#8211; dedi Vek\u00e2letlini\u00f1 temsilcisi Aksana Filipi\u015fina<\/p>\n","protected":false},"excerpt":{"rendered":"<p>Ke\u00e7ken afta Kiyevde Bala aqlar\u0131, aqs\u0131mlav\u011fa qar\u015f\u0131 ve gender musaviylik meseleleri boyunca Vek\u00e2letlini\u00f1 temsilcisi Aksana Filipi\u015fina \u00fck\u00fcmetten t\u0131\u015f te\u015fkil\u00e2tlarn\u0131\u00f1 ekspertleri ve tedqiqat idarelerini\u00f1 vekillerinen k\u00f6r\u00fc\u015fip, q\u0131r\u0131mtatar halq\u0131 aqlar\u0131n\u0131\u00f1 qor\u00e7alanmas\u0131na ait m\u00fcim problemler ve olarn\u0131 al et\u00fcvde Ombudsmenni\u00f1 rol\u00fcni muzakere ettiler. Bu aqta Ukraina Yuqar\u0131 \u015euras\u0131 insan aqlar\u0131 boyunca Vek\u00e2letlisi K\u00e2tipligini\u00f1 matbuat h\u0131zmetinde bildirdiler. C\u00fcmleden, k\u00f6r\u00fc\u015f\u00fcv [&hellip;]<\/p>\n","protected":false},"author":1,"featured_media":0,"comment_status":"open","ping_status":"open","sticky":false,"template":"","format":"standard","meta":{"inline_featured_image":false,"footnotes":""},"categories":[265],"tags":[],"class_list":["post-39203","post","type-post","status-publish","format-standard","hentry","category-haberler"],"acf":[],"yoast_head":"<!-- This site is optimized with the Yoast SEO plugin v27.4 - https:\/\/yoast.com\/product\/yoast-seo-wordpress\/ -->\n<title>Vekilni\u00f1 K\u00e2tipliginde q\u0131r\u0131mtatar halq\u0131 aqlar\u0131n\u0131\u00f1 qor\u00e7alanmas\u0131na ait m\u00fcim problemler ve olarn\u0131 al et\u00fcvde Ombudsmenni\u00f1 rol\u00fcni muzakere ettiler - \u041c\u0435\u0434\u0436\u043b\u0456\u0441<\/title>\n<meta name=\"robots\" content=\"index, follow, max-snippet:-1, max-image-preview:large, max-video-preview:-1\" \/>\n<link rel=\"canonical\" href=\"https:\/\/qtmm.org\/qt\/vekilnin-katipliginde-qirimtatar-halqi-aqlarinin-qorcalanmasina-ait-muim-problemler-ve-olarni-al-etuvde-ombudsmennin-roluni-muzakere-ettiler\/\" \/>\n<meta property=\"og:locale\" content=\"en_US\" \/>\n<meta property=\"og:type\" content=\"article\" \/>\n<meta property=\"og:title\" content=\"Vekilni\u00f1 K\u00e2tipliginde q\u0131r\u0131mtatar halq\u0131 aqlar\u0131n\u0131\u00f1 qor\u00e7alanmas\u0131na ait m\u00fcim problemler ve olarn\u0131 al et\u00fcvde Ombudsmenni\u00f1 rol\u00fcni muzakere ettiler - \u041c\u0435\u0434\u0436\u043b\u0456\u0441\" \/>\n<meta property=\"og:description\" content=\"Ke\u00e7ken afta Kiyevde Bala aqlar\u0131, aqs\u0131mlav\u011fa qar\u015f\u0131 ve gender musaviylik meseleleri boyunca Vek\u00e2letlini\u00f1 temsilcisi Aksana Filipi\u015fina \u00fck\u00fcmetten t\u0131\u015f te\u015fkil\u00e2tlarn\u0131\u00f1 ekspertleri ve tedqiqat idarelerini\u00f1 vekillerinen k\u00f6r\u00fc\u015fip, q\u0131r\u0131mtatar halq\u0131 aqlar\u0131n\u0131\u00f1 qor\u00e7alanmas\u0131na ait m\u00fcim problemler ve olarn\u0131 al et\u00fcvde Ombudsmenni\u00f1 rol\u00fcni muzakere ettiler. Bu aqta Ukraina Yuqar\u0131 \u015euras\u0131 insan aqlar\u0131 boyunca Vek\u00e2letlisi K\u00e2tipligini\u00f1 matbuat h\u0131zmetinde bildirdiler. C\u00fcmleden, k\u00f6r\u00fc\u015f\u00fcv [&hellip;]\" \/>\n<meta property=\"og:url\" content=\"https:\/\/qtmm.org\/qt\/vekilnin-katipliginde-qirimtatar-halqi-aqlarinin-qorcalanmasina-ait-muim-problemler-ve-olarni-al-etuvde-ombudsmennin-roluni-muzakere-ettiler\/\" \/>\n<meta property=\"og:site_name\" content=\"\u041c\u0435\u0434\u0436\u043b\u0456\u0441\" \/>\n<meta property=\"article:publisher\" content=\"https:\/\/www.facebook.com\/qtmm.info\/\" \/>\n<meta property=\"article:published_time\" content=\"2013-09-09T13:37:00+00:00\" \/>\n<meta property=\"article:modified_time\" content=\"2022-01-25T13:40:01+00:00\" \/>\n<meta property=\"og:image\" content=\"https:\/\/qtmm.org\/wp-content\/uploads\/2022\/01\/filipisina.jpeg\" \/>\n\t<meta property=\"og:image:width\" content=\"800\" \/>\n\t<meta property=\"og:image:height\" content=\"581\" \/>\n\t<meta property=\"og:image:type\" content=\"image\/jpeg\" \/>\n<meta name=\"author\" content=\"Developer\" \/>\n<meta name=\"twitter:card\" content=\"summary_large_image\" \/>\n<meta name=\"twitter:label1\" content=\"Written by\" \/>\n\t<meta name=\"twitter:data1\" content=\"Developer\" \/>\n\t<meta name=\"twitter:label2\" content=\"Est. reading time\" \/>\n\t<meta name=\"twitter:data2\" content=\"1 minute\" \/>\n<script type=\"application\/ld+json\" class=\"yoast-schema-graph\">{\"@context\":\"https:\\\/\\\/schema.org\",\"@graph\":[{\"@type\":\"Article\",\"@id\":\"https:\\\/\\\/qtmm.org\\\/qt\\\/vekilnin-katipliginde-qirimtatar-halqi-aqlarinin-qorcalanmasina-ait-muim-problemler-ve-olarni-al-etuvde-ombudsmennin-roluni-muzakere-ettiler\\\/#article\",\"isPartOf\":{\"@id\":\"https:\\\/\\\/qtmm.org\\\/qt\\\/vekilnin-katipliginde-qirimtatar-halqi-aqlarinin-qorcalanmasina-ait-muim-problemler-ve-olarni-al-etuvde-ombudsmennin-roluni-muzakere-ettiler\\\/\"},\"author\":{\"name\":\"Developer\",\"@id\":\"https:\\\/\\\/qtmm.org\\\/qt\\\/#\\\/schema\\\/person\\\/de562469f971dec226ac06e60bbf74a7\"},\"headline\":\"Vekilni\u00f1 K\u00e2tipliginde q\u0131r\u0131mtatar halq\u0131 aqlar\u0131n\u0131\u00f1 qor\u00e7alanmas\u0131na ait m\u00fcim problemler ve olarn\u0131 al et\u00fcvde Ombudsmenni\u00f1 rol\u00fcni muzakere ettiler\",\"datePublished\":\"2013-09-09T13:37:00+00:00\",\"dateModified\":\"2022-01-25T13:40:01+00:00\",\"mainEntityOfPage\":{\"@id\":\"https:\\\/\\\/qtmm.org\\\/qt\\\/vekilnin-katipliginde-qirimtatar-halqi-aqlarinin-qorcalanmasina-ait-muim-problemler-ve-olarni-al-etuvde-ombudsmennin-roluni-muzakere-ettiler\\\/\"},\"wordCount\":247,\"commentCount\":0,\"publisher\":{\"@id\":\"https:\\\/\\\/qtmm.org\\\/qt\\\/#organization\"},\"image\":{\"@id\":\"https:\\\/\\\/qtmm.org\\\/qt\\\/vekilnin-katipliginde-qirimtatar-halqi-aqlarinin-qorcalanmasina-ait-muim-problemler-ve-olarni-al-etuvde-ombudsmennin-roluni-muzakere-ettiler\\\/#primaryimage\"},\"thumbnailUrl\":\"http:\\\/\\\/qtmm.org\\\/wp-content\\\/uploads\\\/2022\\\/01\\\/filipisina.jpeg\",\"articleSection\":[\"Haberler\"],\"inLanguage\":\"qt\",\"potentialAction\":[{\"@type\":\"CommentAction\",\"name\":\"Comment\",\"target\":[\"https:\\\/\\\/qtmm.org\\\/qt\\\/vekilnin-katipliginde-qirimtatar-halqi-aqlarinin-qorcalanmasina-ait-muim-problemler-ve-olarni-al-etuvde-ombudsmennin-roluni-muzakere-ettiler\\\/#respond\"]}]},{\"@type\":\"WebPage\",\"@id\":\"https:\\\/\\\/qtmm.org\\\/qt\\\/vekilnin-katipliginde-qirimtatar-halqi-aqlarinin-qorcalanmasina-ait-muim-problemler-ve-olarni-al-etuvde-ombudsmennin-roluni-muzakere-ettiler\\\/\",\"url\":\"https:\\\/\\\/qtmm.org\\\/qt\\\/vekilnin-katipliginde-qirimtatar-halqi-aqlarinin-qorcalanmasina-ait-muim-problemler-ve-olarni-al-etuvde-ombudsmennin-roluni-muzakere-ettiler\\\/\",\"name\":\"Vekilni\u00f1 K\u00e2tipliginde q\u0131r\u0131mtatar halq\u0131 aqlar\u0131n\u0131\u00f1 qor\u00e7alanmas\u0131na ait m\u00fcim problemler ve olarn\u0131 al et\u00fcvde Ombudsmenni\u00f1 rol\u00fcni muzakere ettiler - \u041c\u0435\u0434\u0436\u043b\u0456\u0441\",\"isPartOf\":{\"@id\":\"https:\\\/\\\/qtmm.org\\\/qt\\\/#website\"},\"primaryImageOfPage\":{\"@id\":\"https:\\\/\\\/qtmm.org\\\/qt\\\/vekilnin-katipliginde-qirimtatar-halqi-aqlarinin-qorcalanmasina-ait-muim-problemler-ve-olarni-al-etuvde-ombudsmennin-roluni-muzakere-ettiler\\\/#primaryimage\"},\"image\":{\"@id\":\"https:\\\/\\\/qtmm.org\\\/qt\\\/vekilnin-katipliginde-qirimtatar-halqi-aqlarinin-qorcalanmasina-ait-muim-problemler-ve-olarni-al-etuvde-ombudsmennin-roluni-muzakere-ettiler\\\/#primaryimage\"},\"thumbnailUrl\":\"http:\\\/\\\/qtmm.org\\\/wp-content\\\/uploads\\\/2022\\\/01\\\/filipisina.jpeg\",\"datePublished\":\"2013-09-09T13:37:00+00:00\",\"dateModified\":\"2022-01-25T13:40:01+00:00\",\"breadcrumb\":{\"@id\":\"https:\\\/\\\/qtmm.org\\\/qt\\\/vekilnin-katipliginde-qirimtatar-halqi-aqlarinin-qorcalanmasina-ait-muim-problemler-ve-olarni-al-etuvde-ombudsmennin-roluni-muzakere-ettiler\\\/#breadcrumb\"},\"inLanguage\":\"qt\",\"potentialAction\":[{\"@type\":\"ReadAction\",\"target\":[\"https:\\\/\\\/qtmm.org\\\/qt\\\/vekilnin-katipliginde-qirimtatar-halqi-aqlarinin-qorcalanmasina-ait-muim-problemler-ve-olarni-al-etuvde-ombudsmennin-roluni-muzakere-ettiler\\\/\"]}]},{\"@type\":\"ImageObject\",\"inLanguage\":\"qt\",\"@id\":\"https:\\\/\\\/qtmm.org\\\/qt\\\/vekilnin-katipliginde-qirimtatar-halqi-aqlarinin-qorcalanmasina-ait-muim-problemler-ve-olarni-al-etuvde-ombudsmennin-roluni-muzakere-ettiler\\\/#primaryimage\",\"url\":\"http:\\\/\\\/qtmm.org\\\/wp-content\\\/uploads\\\/2022\\\/01\\\/filipisina.jpeg\",\"contentUrl\":\"http:\\\/\\\/qtmm.org\\\/wp-content\\\/uploads\\\/2022\\\/01\\\/filipisina.jpeg\"},{\"@type\":\"BreadcrumbList\",\"@id\":\"https:\\\/\\\/qtmm.org\\\/qt\\\/vekilnin-katipliginde-qirimtatar-halqi-aqlarinin-qorcalanmasina-ait-muim-problemler-ve-olarni-al-etuvde-ombudsmennin-roluni-muzakere-ettiler\\\/#breadcrumb\",\"itemListElement\":[{\"@type\":\"ListItem\",\"position\":1,\"name\":\"\u0413\u043e\u043b\u043e\u0432\u043d\u0430\",\"item\":\"https:\\\/\\\/qtmm.org\\\/qt\\\/\"},{\"@type\":\"ListItem\",\"position\":2,\"name\":\"Vekilni\u00f1 K\u00e2tipliginde q\u0131r\u0131mtatar halq\u0131 aqlar\u0131n\u0131\u00f1 qor\u00e7alanmas\u0131na ait m\u00fcim problemler ve olarn\u0131 al et\u00fcvde Ombudsmenni\u00f1 rol\u00fcni muzakere ettiler\"}]},{\"@type\":\"WebSite\",\"@id\":\"https:\\\/\\\/qtmm.org\\\/qt\\\/#website\",\"url\":\"https:\\\/\\\/qtmm.org\\\/qt\\\/\",\"name\":\"\u041c\u0435\u0434\u0436\u043b\u0456\u0441\",\"description\":\"\",\"publisher\":{\"@id\":\"https:\\\/\\\/qtmm.org\\\/qt\\\/#organization\"},\"potentialAction\":[{\"@type\":\"SearchAction\",\"target\":{\"@type\":\"EntryPoint\",\"urlTemplate\":\"https:\\\/\\\/qtmm.org\\\/qt\\\/?s={search_term_string}\"},\"query-input\":{\"@type\":\"PropertyValueSpecification\",\"valueRequired\":true,\"valueName\":\"search_term_string\"}}],\"inLanguage\":\"qt\"},{\"@type\":\"Organization\",\"@id\":\"https:\\\/\\\/qtmm.org\\\/qt\\\/#organization\",\"name\":\"\u041c\u0435\u0434\u0436\u043b\u0456\u0441\",\"url\":\"https:\\\/\\\/qtmm.org\\\/qt\\\/\",\"logo\":{\"@type\":\"ImageObject\",\"inLanguage\":\"qt\",\"@id\":\"https:\\\/\\\/qtmm.org\\\/qt\\\/#\\\/schema\\\/logo\\\/image\\\/\",\"url\":\"https:\\\/\\\/qtmm.org\\\/wp-content\\\/uploads\\\/2024\\\/12\\\/ua-mejlis-logo-rgb.svg\",\"contentUrl\":\"https:\\\/\\\/qtmm.org\\\/wp-content\\\/uploads\\\/2024\\\/12\\\/ua-mejlis-logo-rgb.svg\",\"caption\":\"\u041c\u0435\u0434\u0436\u043b\u0456\u0441\"},\"image\":{\"@id\":\"https:\\\/\\\/qtmm.org\\\/qt\\\/#\\\/schema\\\/logo\\\/image\\\/\"},\"sameAs\":[\"https:\\\/\\\/www.facebook.com\\\/qtmm.info\\\/\"]},{\"@type\":\"Person\",\"@id\":\"https:\\\/\\\/qtmm.org\\\/qt\\\/#\\\/schema\\\/person\\\/de562469f971dec226ac06e60bbf74a7\",\"name\":\"Developer\",\"image\":{\"@type\":\"ImageObject\",\"inLanguage\":\"qt\",\"@id\":\"https:\\\/\\\/secure.gravatar.com\\\/avatar\\\/392b4cc8fbfeb00b39dfeeab4ee6edded39ffd48e25858637e4765810300227e?s=96&d=mm&r=g\",\"url\":\"https:\\\/\\\/secure.gravatar.com\\\/avatar\\\/392b4cc8fbfeb00b39dfeeab4ee6edded39ffd48e25858637e4765810300227e?s=96&d=mm&r=g\",\"contentUrl\":\"https:\\\/\\\/secure.gravatar.com\\\/avatar\\\/392b4cc8fbfeb00b39dfeeab4ee6edded39ffd48e25858637e4765810300227e?s=96&d=mm&r=g\",\"caption\":\"Developer\"},\"url\":\"https:\\\/\\\/qtmm.org\\\/qt\\\/author\\\/Developer\\\/\"}]}<\/script>\n<!-- \/ Yoast SEO plugin. -->","yoast_head_json":{"title":"Vekilni\u00f1 K\u00e2tipliginde q\u0131r\u0131mtatar halq\u0131 aqlar\u0131n\u0131\u00f1 qor\u00e7alanmas\u0131na ait m\u00fcim problemler ve olarn\u0131 al et\u00fcvde Ombudsmenni\u00f1 rol\u00fcni muzakere ettiler - \u041c\u0435\u0434\u0436\u043b\u0456\u0441","robots":{"index":"index","follow":"follow","max-snippet":"max-snippet:-1","max-image-preview":"max-image-preview:large","max-video-preview":"max-video-preview:-1"},"canonical":"https:\/\/qtmm.org\/qt\/vekilnin-katipliginde-qirimtatar-halqi-aqlarinin-qorcalanmasina-ait-muim-problemler-ve-olarni-al-etuvde-ombudsmennin-roluni-muzakere-ettiler\/","og_locale":"en_US","og_type":"article","og_title":"Vekilni\u00f1 K\u00e2tipliginde q\u0131r\u0131mtatar halq\u0131 aqlar\u0131n\u0131\u00f1 qor\u00e7alanmas\u0131na ait m\u00fcim problemler ve olarn\u0131 al et\u00fcvde Ombudsmenni\u00f1 rol\u00fcni muzakere ettiler - \u041c\u0435\u0434\u0436\u043b\u0456\u0441","og_description":"Ke\u00e7ken afta Kiyevde Bala aqlar\u0131, aqs\u0131mlav\u011fa qar\u015f\u0131 ve gender musaviylik meseleleri boyunca Vek\u00e2letlini\u00f1 temsilcisi Aksana Filipi\u015fina \u00fck\u00fcmetten t\u0131\u015f te\u015fkil\u00e2tlarn\u0131\u00f1 ekspertleri ve tedqiqat idarelerini\u00f1 vekillerinen k\u00f6r\u00fc\u015fip, q\u0131r\u0131mtatar halq\u0131 aqlar\u0131n\u0131\u00f1 qor\u00e7alanmas\u0131na ait m\u00fcim problemler ve olarn\u0131 al et\u00fcvde Ombudsmenni\u00f1 rol\u00fcni muzakere ettiler. Bu aqta Ukraina Yuqar\u0131 \u015euras\u0131 insan aqlar\u0131 boyunca Vek\u00e2letlisi K\u00e2tipligini\u00f1 matbuat h\u0131zmetinde bildirdiler. C\u00fcmleden, k\u00f6r\u00fc\u015f\u00fcv [&hellip;]","og_url":"https:\/\/qtmm.org\/qt\/vekilnin-katipliginde-qirimtatar-halqi-aqlarinin-qorcalanmasina-ait-muim-problemler-ve-olarni-al-etuvde-ombudsmennin-roluni-muzakere-ettiler\/","og_site_name":"\u041c\u0435\u0434\u0436\u043b\u0456\u0441","article_publisher":"https:\/\/www.facebook.com\/qtmm.info\/","article_published_time":"2013-09-09T13:37:00+00:00","article_modified_time":"2022-01-25T13:40:01+00:00","og_image":[{"width":800,"height":581,"url":"https:\/\/qtmm.org\/wp-content\/uploads\/2022\/01\/filipisina.jpeg","type":"image\/jpeg"}],"author":"Developer","twitter_card":"summary_large_image","twitter_misc":{"Written by":"Developer","Est. reading time":"1 minute"},"schema":{"@context":"https:\/\/schema.org","@graph":[{"@type":"Article","@id":"https:\/\/qtmm.org\/qt\/vekilnin-katipliginde-qirimtatar-halqi-aqlarinin-qorcalanmasina-ait-muim-problemler-ve-olarni-al-etuvde-ombudsmennin-roluni-muzakere-ettiler\/#article","isPartOf":{"@id":"https:\/\/qtmm.org\/qt\/vekilnin-katipliginde-qirimtatar-halqi-aqlarinin-qorcalanmasina-ait-muim-problemler-ve-olarni-al-etuvde-ombudsmennin-roluni-muzakere-ettiler\/"},"author":{"name":"Developer","@id":"https:\/\/qtmm.org\/qt\/#\/schema\/person\/de562469f971dec226ac06e60bbf74a7"},"headline":"Vekilni\u00f1 K\u00e2tipliginde q\u0131r\u0131mtatar halq\u0131 aqlar\u0131n\u0131\u00f1 qor\u00e7alanmas\u0131na ait m\u00fcim problemler ve olarn\u0131 al et\u00fcvde Ombudsmenni\u00f1 rol\u00fcni muzakere ettiler","datePublished":"2013-09-09T13:37:00+00:00","dateModified":"2022-01-25T13:40:01+00:00","mainEntityOfPage":{"@id":"https:\/\/qtmm.org\/qt\/vekilnin-katipliginde-qirimtatar-halqi-aqlarinin-qorcalanmasina-ait-muim-problemler-ve-olarni-al-etuvde-ombudsmennin-roluni-muzakere-ettiler\/"},"wordCount":247,"commentCount":0,"publisher":{"@id":"https:\/\/qtmm.org\/qt\/#organization"},"image":{"@id":"https:\/\/qtmm.org\/qt\/vekilnin-katipliginde-qirimtatar-halqi-aqlarinin-qorcalanmasina-ait-muim-problemler-ve-olarni-al-etuvde-ombudsmennin-roluni-muzakere-ettiler\/#primaryimage"},"thumbnailUrl":"http:\/\/qtmm.org\/wp-content\/uploads\/2022\/01\/filipisina.jpeg","articleSection":["Haberler"],"inLanguage":"qt","potentialAction":[{"@type":"CommentAction","name":"Comment","target":["https:\/\/qtmm.org\/qt\/vekilnin-katipliginde-qirimtatar-halqi-aqlarinin-qorcalanmasina-ait-muim-problemler-ve-olarni-al-etuvde-ombudsmennin-roluni-muzakere-ettiler\/#respond"]}]},{"@type":"WebPage","@id":"https:\/\/qtmm.org\/qt\/vekilnin-katipliginde-qirimtatar-halqi-aqlarinin-qorcalanmasina-ait-muim-problemler-ve-olarni-al-etuvde-ombudsmennin-roluni-muzakere-ettiler\/","url":"https:\/\/qtmm.org\/qt\/vekilnin-katipliginde-qirimtatar-halqi-aqlarinin-qorcalanmasina-ait-muim-problemler-ve-olarni-al-etuvde-ombudsmennin-roluni-muzakere-ettiler\/","name":"Vekilni\u00f1 K\u00e2tipliginde q\u0131r\u0131mtatar halq\u0131 aqlar\u0131n\u0131\u00f1 qor\u00e7alanmas\u0131na ait m\u00fcim problemler ve olarn\u0131 al et\u00fcvde Ombudsmenni\u00f1 rol\u00fcni muzakere ettiler - \u041c\u0435\u0434\u0436\u043b\u0456\u0441","isPartOf":{"@id":"https:\/\/qtmm.org\/qt\/#website"},"primaryImageOfPage":{"@id":"https:\/\/qtmm.org\/qt\/vekilnin-katipliginde-qirimtatar-halqi-aqlarinin-qorcalanmasina-ait-muim-problemler-ve-olarni-al-etuvde-ombudsmennin-roluni-muzakere-ettiler\/#primaryimage"},"image":{"@id":"https:\/\/qtmm.org\/qt\/vekilnin-katipliginde-qirimtatar-halqi-aqlarinin-qorcalanmasina-ait-muim-problemler-ve-olarni-al-etuvde-ombudsmennin-roluni-muzakere-ettiler\/#primaryimage"},"thumbnailUrl":"http:\/\/qtmm.org\/wp-content\/uploads\/2022\/01\/filipisina.jpeg","datePublished":"2013-09-09T13:37:00+00:00","dateModified":"2022-01-25T13:40:01+00:00","breadcrumb":{"@id":"https:\/\/qtmm.org\/qt\/vekilnin-katipliginde-qirimtatar-halqi-aqlarinin-qorcalanmasina-ait-muim-problemler-ve-olarni-al-etuvde-ombudsmennin-roluni-muzakere-ettiler\/#breadcrumb"},"inLanguage":"qt","potentialAction":[{"@type":"ReadAction","target":["https:\/\/qtmm.org\/qt\/vekilnin-katipliginde-qirimtatar-halqi-aqlarinin-qorcalanmasina-ait-muim-problemler-ve-olarni-al-etuvde-ombudsmennin-roluni-muzakere-ettiler\/"]}]},{"@type":"ImageObject","inLanguage":"qt","@id":"https:\/\/qtmm.org\/qt\/vekilnin-katipliginde-qirimtatar-halqi-aqlarinin-qorcalanmasina-ait-muim-problemler-ve-olarni-al-etuvde-ombudsmennin-roluni-muzakere-ettiler\/#primaryimage","url":"http:\/\/qtmm.org\/wp-content\/uploads\/2022\/01\/filipisina.jpeg","contentUrl":"http:\/\/qtmm.org\/wp-content\/uploads\/2022\/01\/filipisina.jpeg"},{"@type":"BreadcrumbList","@id":"https:\/\/qtmm.org\/qt\/vekilnin-katipliginde-qirimtatar-halqi-aqlarinin-qorcalanmasina-ait-muim-problemler-ve-olarni-al-etuvde-ombudsmennin-roluni-muzakere-ettiler\/#breadcrumb","itemListElement":[{"@type":"ListItem","position":1,"name":"\u0413\u043e\u043b\u043e\u0432\u043d\u0430","item":"https:\/\/qtmm.org\/qt\/"},{"@type":"ListItem","position":2,"name":"Vekilni\u00f1 K\u00e2tipliginde q\u0131r\u0131mtatar halq\u0131 aqlar\u0131n\u0131\u00f1 qor\u00e7alanmas\u0131na ait m\u00fcim problemler ve olarn\u0131 al et\u00fcvde Ombudsmenni\u00f1 rol\u00fcni muzakere ettiler"}]},{"@type":"WebSite","@id":"https:\/\/qtmm.org\/qt\/#website","url":"https:\/\/qtmm.org\/qt\/","name":"\u041c\u0435\u0434\u0436\u043b\u0456\u0441","description":"","publisher":{"@id":"https:\/\/qtmm.org\/qt\/#organization"},"potentialAction":[{"@type":"SearchAction","target":{"@type":"EntryPoint","urlTemplate":"https:\/\/qtmm.org\/qt\/?s={search_term_string}"},"query-input":{"@type":"PropertyValueSpecification","valueRequired":true,"valueName":"search_term_string"}}],"inLanguage":"qt"},{"@type":"Organization","@id":"https:\/\/qtmm.org\/qt\/#organization","name":"\u041c\u0435\u0434\u0436\u043b\u0456\u0441","url":"https:\/\/qtmm.org\/qt\/","logo":{"@type":"ImageObject","inLanguage":"qt","@id":"https:\/\/qtmm.org\/qt\/#\/schema\/logo\/image\/","url":"https:\/\/qtmm.org\/wp-content\/uploads\/2024\/12\/ua-mejlis-logo-rgb.svg","contentUrl":"https:\/\/qtmm.org\/wp-content\/uploads\/2024\/12\/ua-mejlis-logo-rgb.svg","caption":"\u041c\u0435\u0434\u0436\u043b\u0456\u0441"},"image":{"@id":"https:\/\/qtmm.org\/qt\/#\/schema\/logo\/image\/"},"sameAs":["https:\/\/www.facebook.com\/qtmm.info\/"]},{"@type":"Person","@id":"https:\/\/qtmm.org\/qt\/#\/schema\/person\/de562469f971dec226ac06e60bbf74a7","name":"Developer","image":{"@type":"ImageObject","inLanguage":"qt","@id":"https:\/\/secure.gravatar.com\/avatar\/392b4cc8fbfeb00b39dfeeab4ee6edded39ffd48e25858637e4765810300227e?s=96&d=mm&r=g","url":"https:\/\/secure.gravatar.com\/avatar\/392b4cc8fbfeb00b39dfeeab4ee6edded39ffd48e25858637e4765810300227e?s=96&d=mm&r=g","contentUrl":"https:\/\/secure.gravatar.com\/avatar\/392b4cc8fbfeb00b39dfeeab4ee6edded39ffd48e25858637e4765810300227e?s=96&d=mm&r=g","caption":"Developer"},"url":"https:\/\/qtmm.org\/qt\/author\/Developer\/"}]}},"_links":{"self":[{"href":"https:\/\/qtmm.org\/qt\/wp-json\/wp\/v2\/posts\/39203","targetHints":{"allow":["GET"]}}],"collection":[{"href":"https:\/\/qtmm.org\/qt\/wp-json\/wp\/v2\/posts"}],"about":[{"href":"https:\/\/qtmm.org\/qt\/wp-json\/wp\/v2\/types\/post"}],"author":[{"embeddable":true,"href":"https:\/\/qtmm.org\/qt\/wp-json\/wp\/v2\/users\/1"}],"replies":[{"embeddable":true,"href":"https:\/\/qtmm.org\/qt\/wp-json\/wp\/v2\/comments?post=39203"}],"version-history":[{"count":1,"href":"https:\/\/qtmm.org\/qt\/wp-json\/wp\/v2\/posts\/39203\/revisions"}],"predecessor-version":[{"id":39208,"href":"https:\/\/qtmm.org\/qt\/wp-json\/wp\/v2\/posts\/39203\/revisions\/39208"}],"wp:attachment":[{"href":"https:\/\/qtmm.org\/qt\/wp-json\/wp\/v2\/media?parent=39203"}],"wp:term":[{"taxonomy":"category","embeddable":true,"href":"https:\/\/qtmm.org\/qt\/wp-json\/wp\/v2\/categories?post=39203"},{"taxonomy":"post_tag","embeddable":true,"href":"https:\/\/qtmm.org\/qt\/wp-json\/wp\/v2\/tags?post=39203"}],"curies":[{"name":"wp","href":"https:\/\/api.w.org\/{rel}","templated":true}]}}