




{"id":39193,"date":"2013-09-09T16:36:00","date_gmt":"2013-09-09T13:36:00","guid":{"rendered":"http:\/\/qtmm.org\/?p=39193"},"modified":"2022-01-25T16:37:15","modified_gmt":"2022-01-25T13:37:15","slug":"ali-hamzin-ii-dunya-qirimtatarlar-kongressinin-romaniyada-kecirilmesini-muim-strategik-gaye-dep-bilem","status":"publish","type":"post","link":"https:\/\/qtmm.org\/qt\/ali-hamzin-ii-dunya-qirimtatarlar-kongressinin-romaniyada-kecirilmesini-muim-strategik-gaye-dep-bilem\/","title":{"rendered":"Ali Hamzin: II D\u00fcnya q\u0131r\u0131mtatarlar kongressini\u00f1 Romaniyada ke\u00e7irilmesini m\u00fcim strategik \u011faye, dep bilem"},"content":{"rendered":"\n<p>Er sene \u00f6tkerilgen bu festivalni Romaniya musulman t\u00fcrk-tatar demokratik birligi Romaniya devletini\u00f1 qoltutuv\u0131nda te\u015fkil ete. Onda Bul\u011faristan, Makedoniya, T\u00fcrkiye ve Q\u0131r\u0131m, bun\u0131\u00f1 kibi de Romaniyan\u0131\u00f1 q\u0131r\u0131mtatarlar topnen ya\u015fa\u011fan \u015feerlerinden folklor taq\u0131mlar\u0131 i\u015ftirak ettiler.<\/p>\n\n\n\n<p>Meclis t\u0131\u015fq\u0131 al\u00e2qalar b\u00f6l\u00fcgini\u00f1 ba\u015f\u0131 Ali Hamzin reberliginde 35 adamdan ibaret Q\u0131r\u0131m delegatsiyas\u0131 erk\u00e2n\u0131nda Meclis azalar\u0131 Zevcet Qurt\u00fcmerov ve Bekir Mamutov, &#8220;Maarif\u00e7i&#8221; birle\u015fmesini\u00f1 azalar\u0131 Svetlana Resutova ve Melek Alidinova, q\u0131r\u0131mtatar cemaat ve icadiy te\u015fkil\u00e2tlar. &#8220;G\u00fcldeste&#8221; ansambli (reberi Elzara Asanova), &#8220;Maqam&#8221; ansambli (reberi Cemil Karikov) bar ediler.<\/p>\n\n\n\n<p>Festivalni\u00f1 birinci k\u00fcn\u00fc tedbirge kelgen delegatsiyalar \u015feerni\u00f1 merkezinde y\u00fcr\u00fc\u015f yapt\u0131lar. Numay\u0131\u015fn\u0131\u00f1 ba\u015f\u0131nda T\u00fcrkiyeni\u00f1 me\u015fur &#8220;Mehter&#8221; arbiy-etnik orkestri ketip, t\u00fcrk halqlar\u0131n\u0131\u00f1 mar\u015flar\u0131n\u0131 icra etti. \u0130\u015ftirak\u00e7iler \u015feerni\u00f1 Medeniyet saray\u0131 \u00f6g\u00fcnde toqtald\u0131lar. Romaniya musulman t\u00fcrk-tatar demokratik birligini\u00f1 ba\u015f\u0131 Celil Esercep ve Romaniya parlamenti senat\u0131n\u0131\u00f1 azas\u0131 Nikolaye Moga tedbirni tantanal\u0131 s\u00fcrette a\u00e7t\u0131lar.<\/p>\n\n\n\n<figure class=\"wp-block-image size-full\"><img loading=\"lazy\" decoding=\"async\" width=\"800\" height=\"600\" src=\"http:\/\/qtmm.org\/wp-content\/uploads\/2022\/01\/to_text_1_2.jpeg\" alt=\"\" class=\"wp-image-39194\" srcset=\"https:\/\/qtmm.org\/wp-content\/uploads\/2022\/01\/to_text_1_2.jpeg 800w, https:\/\/qtmm.org\/wp-content\/uploads\/2022\/01\/to_text_1_2-300x225.jpeg 300w, https:\/\/qtmm.org\/wp-content\/uploads\/2022\/01\/to_text_1_2-768x576.jpeg 768w\" sizes=\"auto, (max-width: 800px) 100vw, 800px\" \/><\/figure>\n\n\n\n<p>Festival ke\u00e7ken vaq\u0131t devam\u0131nda q\u0131r\u0131mtatar ansamblleri, sanat\u00e7\u0131lar seyircilerni milliy oyun ve t\u00fcrk\u00fclernen ho\u015fnut ettiler. &#8220;G\u00fcldeste&#8221; ansambli<br>&#8220;A\u011f\u0131r ve Haytarma&#8221;,&#8221;Nazl\u0131 Yarem&#8221;, &#8220;Emir Cel\u00e2l&#8221;, &#8220;Y\u00fcksek minare&#8221;, &#8220;Turnalar&#8221;, &#8220;T\u0131m \u2013 t\u0131m&#8221; kibi oyunlarn\u0131 ustal\u0131qnen icra ettiler.<br>Gen\u00e7 oyunc\u0131lar \u00f6zlerini\u00f1 renk-a-renk elbiselerinen ve ustal\u0131qlar\u0131nen kimseni l\u00e2qayd qald\u0131rmad\u0131lar.<\/p>\n\n\n\n<p>&#8220;Maqam&#8221; ansamblini\u00f1 y\u00fcksek professionall\u0131\u011f\u0131n\u0131 ise er kes ayr\u0131ca qayd etti.<\/p>\n\n\n\n<p>\u00c7al\u011f\u0131c\u0131lar Cemil Karikov (akkordeon), Nafe Bekirov (dare), Ferat Mametov (kemane), halq y\u0131rlar\u0131n\u0131\u00f1 icrac\u0131lar\u0131 Afize Kasara ve Reyane Qad\u0131rova festival i\u015ftirak\u00e7ilerine unut\u0131lmaz daqqalarn\u0131 ba\u011f\u0131\u015flad\u0131lar. Festivalni\u00f1 so\u00f1unda sanat\u00e7\u0131lar diplomlarnen taqdirlendiler.<\/p>\n\n\n\n<p>Romaniyada bulun\u011fan k\u00fcnleri Milliy Meclis azalar\u0131 Romaniya musulman t\u00fcrk-tatar demokratik birligi reisini\u00f1 yard\u0131mc\u0131s\u0131 Samir Mennan ile beraber K\u00f6stencedeki musulman mezarl\u0131\u011f\u0131n\u0131 ziyaret etip, 2010 senesi vefat etken Romaniya musulman t\u00fcrk-tatar demokratik birligini\u00f1 fahriy prezidenti Saladin Aciaqayn\u0131\u00f1 ruhuna dua oqud\u0131lar. Ayn\u0131 \u015fu k\u00fcn\u00fc Q\u0131r\u0131m delegatsiyas\u0131 Romaniya q\u0131ral\u0131 Karol Birinci 1910 senesi qurdur\u011fan camini ziyaret etti.<\/p>\n\n\n\n<p>Romaniya\u011fa kelgenlerini\u00f1 birinci k\u00fcn\u00fc sent\u00e2br 5-inde Romaniya musulman t\u00fcrk-tatar demokratik birligi reisi ve Q\u0131r\u0131mtatar halq\u0131 Meclisi t\u0131\u015fq\u0131 al\u00e2qalar b\u00f6l\u00fcgini\u00f1 ba\u015f\u0131 Ali Hamzin K\u00f6stence televideniyesinde \u00e7\u0131q\u0131\u015fta bulun\u0131p, 11 B\u00fct\u00fcnd\u00fcnya q\u0131r\u0131mtatarlar kongressini\u00f1 ke\u00e7irilmesi boyunca fikirlerini seslendirdiler. Ukrainada q\u0131r\u0131mtatarlarn\u0131\u00f1 vaziyeti aqq\u0131ndaki sualge Ali Hamzin vaziyetni aqs\u0131mlay\u0131c\u0131, diye tarif etti Ali Hamzin \u015fun\u0131 qayd etti ki, Ukraina halqara standartlarda belgilengeni kibi insan ve milliy azl\u0131qlarn\u0131\u00f1 aqlar\u0131n\u0131 qor\u00e7alav o\u011frunda talaplar\u011fa riayet etmey, albu ki Avropa Birligi azas\u0131 olma\u011fa t\u0131r\u0131\u015fqan devlet olarn\u0131 m\u0131tlaqa eda etmelidir.<\/p>\n\n\n\n<p>&#8220;11 D\u00fcnya q\u0131r\u0131mtatarlar kongressini\u00f1 Romaniyada ke\u00e7irilmesini m\u00fcim strategik \u011faye, dep bilem. \u00c7\u00fcnki Romaniya, Bul\u011faristan, Litvaniya ve Poloniyadaki q\u0131r\u0131mtatarlar birle\u015fip, Avropa Parlamentini\u00f1 ait qurumlar\u0131 vastas\u0131nen Q\u0131r\u0131mda halq\u0131m\u0131zn\u0131\u00f1 \u011fayr\u0131dan tiklenmesini teminleycek meselelerni\u00f1 \u00e7ezimine siltem berirler. Bu \u2013 birinci nevbette tilimizni canland\u0131ruv meselesidir. Ukraina akimiyeti bu i\u015fte yard\u0131m etmege istemey&#8221;, &#8211; dedi Ali Hamzin.<\/p>\n\n\n\n<p>Halqara festival \u00e7er\u00e7ivesinde daima k\u00fcre\u015f boyunca yar\u0131\u015flar \u00f6tkerile.<\/p>\n\n\n\n<p>2010 senesi D\u00fcnya q\u0131r\u0131mtatarlar kongressi k\u00fcre\u015f yar\u0131\u015flar\u0131n\u0131 festivalni\u00f1 programmas\u0131na k\u0131r\u0131mtatar halq\u0131 medeniyetini\u00f1 ay\u0131r\u0131lmaz q\u0131sm\u0131 olaraq kirsetmek te\u015febb\u00fcsinen \u00e7\u0131qqan edi.<\/p>\n\n\n\n<p>Bu y\u0131l\u0131 festivalde Romaniya Sport nazirligini\u00f1 vekilleri de i\u015ftirak etip, q\u0131r\u0131mtatar k\u00fcre\u015fi meselelerinen o\u011fra\u015fqan cemaat te\u015fkil\u00e2tlar\u0131n\u0131\u00f1 vekillerinen k\u00f6r\u00fc\u015ftiler. Q\u0131r\u0131m taraf\u0131n\u0131 k\u00f6r\u00fc\u015f\u00fcvde Q\u0131r\u0131m k\u00fcre\u015f federatsiyas\u0131 prezidentini\u00f1 yard\u0131mc\u0131s\u0131 Seydamet Ya\u011fyayev ve Meclis t\u0131\u015fq\u0131 al\u00e2qalar b\u00f6l\u00fcgini\u00f1 ba\u015f\u0131 Ali Hamzin temsil ettiler.<\/p>\n\n\n\n<p>K\u00f6r\u00fc\u015f\u00fcvni\u00f1 so\u00f1unda Romaniya sport nazirligini\u00f1 vekilleri Romaniyada &#8220;K\u00fcre\u015f&#8221; federatsiyas\u0131n\u0131 resmen qayd etmek ve k\u00fcre\u015fni Romaniyada k\u00fctleviyle\u015ftirilgen sport \u00e7e\u015fitleri s\u0131ras\u0131na qo\u015fmaq zarurl\u0131\u011f\u0131n\u0131 qayd ettiler.<\/p>\n","protected":false},"excerpt":{"rendered":"<p>Er sene \u00f6tkerilgen bu festivalni Romaniya musulman t\u00fcrk-tatar demokratik birligi Romaniya devletini\u00f1 qoltutuv\u0131nda te\u015fkil ete. Onda Bul\u011faristan, Makedoniya, T\u00fcrkiye ve Q\u0131r\u0131m, bun\u0131\u00f1 kibi de Romaniyan\u0131\u00f1 q\u0131r\u0131mtatarlar topnen ya\u015fa\u011fan \u015feerlerinden folklor taq\u0131mlar\u0131 i\u015ftirak ettiler. Meclis t\u0131\u015fq\u0131 al\u00e2qalar b\u00f6l\u00fcgini\u00f1 ba\u015f\u0131 Ali Hamzin reberliginde 35 adamdan ibaret Q\u0131r\u0131m delegatsiyas\u0131 erk\u00e2n\u0131nda Meclis azalar\u0131 Zevcet Qurt\u00fcmerov ve Bekir Mamutov, &#8220;Maarif\u00e7i&#8221; [&hellip;]<\/p>\n","protected":false},"author":1,"featured_media":39198,"comment_status":"open","ping_status":"open","sticky":false,"template":"","format":"standard","meta":{"inline_featured_image":false,"footnotes":""},"categories":[265],"tags":[],"class_list":["post-39193","post","type-post","status-publish","format-standard","has-post-thumbnail","hentry","category-haberler"],"acf":[],"yoast_head":"<!-- This site is optimized with the Yoast SEO plugin v27.4 - https:\/\/yoast.com\/product\/yoast-seo-wordpress\/ -->\n<title>Ali Hamzin: II D\u00fcnya q\u0131r\u0131mtatarlar kongressini\u00f1 Romaniyada ke\u00e7irilmesini m\u00fcim strategik \u011faye, dep bilem - \u041c\u0435\u0434\u0436\u043b\u0456\u0441<\/title>\n<meta name=\"robots\" content=\"index, follow, max-snippet:-1, max-image-preview:large, max-video-preview:-1\" \/>\n<link rel=\"canonical\" href=\"https:\/\/qtmm.org\/qt\/ali-hamzin-ii-dunya-qirimtatarlar-kongressinin-romaniyada-kecirilmesini-muim-strategik-gaye-dep-bilem\/\" \/>\n<meta property=\"og:locale\" content=\"en_US\" \/>\n<meta property=\"og:type\" content=\"article\" \/>\n<meta property=\"og:title\" content=\"Ali Hamzin: II D\u00fcnya q\u0131r\u0131mtatarlar kongressini\u00f1 Romaniyada ke\u00e7irilmesini m\u00fcim strategik \u011faye, dep bilem - \u041c\u0435\u0434\u0436\u043b\u0456\u0441\" \/>\n<meta property=\"og:description\" content=\"Er sene \u00f6tkerilgen bu festivalni Romaniya musulman t\u00fcrk-tatar demokratik birligi Romaniya devletini\u00f1 qoltutuv\u0131nda te\u015fkil ete. Onda Bul\u011faristan, Makedoniya, T\u00fcrkiye ve Q\u0131r\u0131m, bun\u0131\u00f1 kibi de Romaniyan\u0131\u00f1 q\u0131r\u0131mtatarlar topnen ya\u015fa\u011fan \u015feerlerinden folklor taq\u0131mlar\u0131 i\u015ftirak ettiler. Meclis t\u0131\u015fq\u0131 al\u00e2qalar b\u00f6l\u00fcgini\u00f1 ba\u015f\u0131 Ali Hamzin reberliginde 35 adamdan ibaret Q\u0131r\u0131m delegatsiyas\u0131 erk\u00e2n\u0131nda Meclis azalar\u0131 Zevcet Qurt\u00fcmerov ve Bekir Mamutov, &#8220;Maarif\u00e7i&#8221; [&hellip;]\" \/>\n<meta property=\"og:url\" content=\"https:\/\/qtmm.org\/qt\/ali-hamzin-ii-dunya-qirimtatarlar-kongressinin-romaniyada-kecirilmesini-muim-strategik-gaye-dep-bilem\/\" \/>\n<meta property=\"og:site_name\" content=\"\u041c\u0435\u0434\u0436\u043b\u0456\u0441\" \/>\n<meta property=\"article:publisher\" content=\"https:\/\/www.facebook.com\/qtmm.info\/\" \/>\n<meta property=\"article:published_time\" content=\"2013-09-09T13:36:00+00:00\" \/>\n<meta property=\"article:modified_time\" content=\"2022-01-25T13:37:15+00:00\" \/>\n<meta property=\"og:image\" content=\"https:\/\/qtmm.org\/wp-content\/uploads\/2022\/01\/to_text_2_2.jpeg\" \/>\n\t<meta property=\"og:image:width\" content=\"800\" \/>\n\t<meta property=\"og:image:height\" content=\"533\" \/>\n\t<meta property=\"og:image:type\" content=\"image\/jpeg\" \/>\n<meta name=\"author\" content=\"Developer\" \/>\n<meta name=\"twitter:card\" content=\"summary_large_image\" \/>\n<meta name=\"twitter:label1\" content=\"Written by\" \/>\n\t<meta name=\"twitter:data1\" content=\"Developer\" \/>\n\t<meta name=\"twitter:label2\" content=\"Est. reading time\" \/>\n\t<meta name=\"twitter:data2\" content=\"3 minutes\" \/>\n<script type=\"application\/ld+json\" class=\"yoast-schema-graph\">{\"@context\":\"https:\\\/\\\/schema.org\",\"@graph\":[{\"@type\":\"Article\",\"@id\":\"https:\\\/\\\/qtmm.org\\\/qt\\\/ali-hamzin-ii-dunya-qirimtatarlar-kongressinin-romaniyada-kecirilmesini-muim-strategik-gaye-dep-bilem\\\/#article\",\"isPartOf\":{\"@id\":\"https:\\\/\\\/qtmm.org\\\/qt\\\/ali-hamzin-ii-dunya-qirimtatarlar-kongressinin-romaniyada-kecirilmesini-muim-strategik-gaye-dep-bilem\\\/\"},\"author\":{\"name\":\"Developer\",\"@id\":\"https:\\\/\\\/qtmm.org\\\/qt\\\/#\\\/schema\\\/person\\\/de562469f971dec226ac06e60bbf74a7\"},\"headline\":\"Ali Hamzin: II D\u00fcnya q\u0131r\u0131mtatarlar kongressini\u00f1 Romaniyada ke\u00e7irilmesini m\u00fcim strategik \u011faye, dep bilem\",\"datePublished\":\"2013-09-09T13:36:00+00:00\",\"dateModified\":\"2022-01-25T13:37:15+00:00\",\"mainEntityOfPage\":{\"@id\":\"https:\\\/\\\/qtmm.org\\\/qt\\\/ali-hamzin-ii-dunya-qirimtatarlar-kongressinin-romaniyada-kecirilmesini-muim-strategik-gaye-dep-bilem\\\/\"},\"wordCount\":700,\"commentCount\":0,\"publisher\":{\"@id\":\"https:\\\/\\\/qtmm.org\\\/qt\\\/#organization\"},\"image\":{\"@id\":\"https:\\\/\\\/qtmm.org\\\/qt\\\/ali-hamzin-ii-dunya-qirimtatarlar-kongressinin-romaniyada-kecirilmesini-muim-strategik-gaye-dep-bilem\\\/#primaryimage\"},\"thumbnailUrl\":\"https:\\\/\\\/qtmm.org\\\/wp-content\\\/uploads\\\/2022\\\/01\\\/to_text_2_2.jpeg\",\"articleSection\":[\"Haberler\"],\"inLanguage\":\"qt\",\"potentialAction\":[{\"@type\":\"CommentAction\",\"name\":\"Comment\",\"target\":[\"https:\\\/\\\/qtmm.org\\\/qt\\\/ali-hamzin-ii-dunya-qirimtatarlar-kongressinin-romaniyada-kecirilmesini-muim-strategik-gaye-dep-bilem\\\/#respond\"]}]},{\"@type\":\"WebPage\",\"@id\":\"https:\\\/\\\/qtmm.org\\\/qt\\\/ali-hamzin-ii-dunya-qirimtatarlar-kongressinin-romaniyada-kecirilmesini-muim-strategik-gaye-dep-bilem\\\/\",\"url\":\"https:\\\/\\\/qtmm.org\\\/qt\\\/ali-hamzin-ii-dunya-qirimtatarlar-kongressinin-romaniyada-kecirilmesini-muim-strategik-gaye-dep-bilem\\\/\",\"name\":\"Ali Hamzin: II D\u00fcnya q\u0131r\u0131mtatarlar kongressini\u00f1 Romaniyada ke\u00e7irilmesini m\u00fcim strategik \u011faye, dep bilem - \u041c\u0435\u0434\u0436\u043b\u0456\u0441\",\"isPartOf\":{\"@id\":\"https:\\\/\\\/qtmm.org\\\/qt\\\/#website\"},\"primaryImageOfPage\":{\"@id\":\"https:\\\/\\\/qtmm.org\\\/qt\\\/ali-hamzin-ii-dunya-qirimtatarlar-kongressinin-romaniyada-kecirilmesini-muim-strategik-gaye-dep-bilem\\\/#primaryimage\"},\"image\":{\"@id\":\"https:\\\/\\\/qtmm.org\\\/qt\\\/ali-hamzin-ii-dunya-qirimtatarlar-kongressinin-romaniyada-kecirilmesini-muim-strategik-gaye-dep-bilem\\\/#primaryimage\"},\"thumbnailUrl\":\"https:\\\/\\\/qtmm.org\\\/wp-content\\\/uploads\\\/2022\\\/01\\\/to_text_2_2.jpeg\",\"datePublished\":\"2013-09-09T13:36:00+00:00\",\"dateModified\":\"2022-01-25T13:37:15+00:00\",\"breadcrumb\":{\"@id\":\"https:\\\/\\\/qtmm.org\\\/qt\\\/ali-hamzin-ii-dunya-qirimtatarlar-kongressinin-romaniyada-kecirilmesini-muim-strategik-gaye-dep-bilem\\\/#breadcrumb\"},\"inLanguage\":\"qt\",\"potentialAction\":[{\"@type\":\"ReadAction\",\"target\":[\"https:\\\/\\\/qtmm.org\\\/qt\\\/ali-hamzin-ii-dunya-qirimtatarlar-kongressinin-romaniyada-kecirilmesini-muim-strategik-gaye-dep-bilem\\\/\"]}]},{\"@type\":\"ImageObject\",\"inLanguage\":\"qt\",\"@id\":\"https:\\\/\\\/qtmm.org\\\/qt\\\/ali-hamzin-ii-dunya-qirimtatarlar-kongressinin-romaniyada-kecirilmesini-muim-strategik-gaye-dep-bilem\\\/#primaryimage\",\"url\":\"https:\\\/\\\/qtmm.org\\\/wp-content\\\/uploads\\\/2022\\\/01\\\/to_text_2_2.jpeg\",\"contentUrl\":\"https:\\\/\\\/qtmm.org\\\/wp-content\\\/uploads\\\/2022\\\/01\\\/to_text_2_2.jpeg\",\"width\":800,\"height\":533},{\"@type\":\"BreadcrumbList\",\"@id\":\"https:\\\/\\\/qtmm.org\\\/qt\\\/ali-hamzin-ii-dunya-qirimtatarlar-kongressinin-romaniyada-kecirilmesini-muim-strategik-gaye-dep-bilem\\\/#breadcrumb\",\"itemListElement\":[{\"@type\":\"ListItem\",\"position\":1,\"name\":\"\u0413\u043e\u043b\u043e\u0432\u043d\u0430\",\"item\":\"https:\\\/\\\/qtmm.org\\\/qt\\\/\"},{\"@type\":\"ListItem\",\"position\":2,\"name\":\"Ali Hamzin: II D\u00fcnya q\u0131r\u0131mtatarlar kongressini\u00f1 Romaniyada ke\u00e7irilmesini m\u00fcim strategik \u011faye, dep bilem\"}]},{\"@type\":\"WebSite\",\"@id\":\"https:\\\/\\\/qtmm.org\\\/qt\\\/#website\",\"url\":\"https:\\\/\\\/qtmm.org\\\/qt\\\/\",\"name\":\"\u041c\u0435\u0434\u0436\u043b\u0456\u0441\",\"description\":\"\",\"publisher\":{\"@id\":\"https:\\\/\\\/qtmm.org\\\/qt\\\/#organization\"},\"potentialAction\":[{\"@type\":\"SearchAction\",\"target\":{\"@type\":\"EntryPoint\",\"urlTemplate\":\"https:\\\/\\\/qtmm.org\\\/qt\\\/?s={search_term_string}\"},\"query-input\":{\"@type\":\"PropertyValueSpecification\",\"valueRequired\":true,\"valueName\":\"search_term_string\"}}],\"inLanguage\":\"qt\"},{\"@type\":\"Organization\",\"@id\":\"https:\\\/\\\/qtmm.org\\\/qt\\\/#organization\",\"name\":\"\u041c\u0435\u0434\u0436\u043b\u0456\u0441\",\"url\":\"https:\\\/\\\/qtmm.org\\\/qt\\\/\",\"logo\":{\"@type\":\"ImageObject\",\"inLanguage\":\"qt\",\"@id\":\"https:\\\/\\\/qtmm.org\\\/qt\\\/#\\\/schema\\\/logo\\\/image\\\/\",\"url\":\"https:\\\/\\\/qtmm.org\\\/wp-content\\\/uploads\\\/2024\\\/12\\\/ua-mejlis-logo-rgb.svg\",\"contentUrl\":\"https:\\\/\\\/qtmm.org\\\/wp-content\\\/uploads\\\/2024\\\/12\\\/ua-mejlis-logo-rgb.svg\",\"caption\":\"\u041c\u0435\u0434\u0436\u043b\u0456\u0441\"},\"image\":{\"@id\":\"https:\\\/\\\/qtmm.org\\\/qt\\\/#\\\/schema\\\/logo\\\/image\\\/\"},\"sameAs\":[\"https:\\\/\\\/www.facebook.com\\\/qtmm.info\\\/\"]},{\"@type\":\"Person\",\"@id\":\"https:\\\/\\\/qtmm.org\\\/qt\\\/#\\\/schema\\\/person\\\/de562469f971dec226ac06e60bbf74a7\",\"name\":\"Developer\",\"image\":{\"@type\":\"ImageObject\",\"inLanguage\":\"qt\",\"@id\":\"https:\\\/\\\/secure.gravatar.com\\\/avatar\\\/392b4cc8fbfeb00b39dfeeab4ee6edded39ffd48e25858637e4765810300227e?s=96&d=mm&r=g\",\"url\":\"https:\\\/\\\/secure.gravatar.com\\\/avatar\\\/392b4cc8fbfeb00b39dfeeab4ee6edded39ffd48e25858637e4765810300227e?s=96&d=mm&r=g\",\"contentUrl\":\"https:\\\/\\\/secure.gravatar.com\\\/avatar\\\/392b4cc8fbfeb00b39dfeeab4ee6edded39ffd48e25858637e4765810300227e?s=96&d=mm&r=g\",\"caption\":\"Developer\"},\"url\":\"https:\\\/\\\/qtmm.org\\\/qt\\\/author\\\/Developer\\\/\"}]}<\/script>\n<!-- \/ Yoast SEO plugin. -->","yoast_head_json":{"title":"Ali Hamzin: II D\u00fcnya q\u0131r\u0131mtatarlar kongressini\u00f1 Romaniyada ke\u00e7irilmesini m\u00fcim strategik \u011faye, dep bilem - \u041c\u0435\u0434\u0436\u043b\u0456\u0441","robots":{"index":"index","follow":"follow","max-snippet":"max-snippet:-1","max-image-preview":"max-image-preview:large","max-video-preview":"max-video-preview:-1"},"canonical":"https:\/\/qtmm.org\/qt\/ali-hamzin-ii-dunya-qirimtatarlar-kongressinin-romaniyada-kecirilmesini-muim-strategik-gaye-dep-bilem\/","og_locale":"en_US","og_type":"article","og_title":"Ali Hamzin: II D\u00fcnya q\u0131r\u0131mtatarlar kongressini\u00f1 Romaniyada ke\u00e7irilmesini m\u00fcim strategik \u011faye, dep bilem - \u041c\u0435\u0434\u0436\u043b\u0456\u0441","og_description":"Er sene \u00f6tkerilgen bu festivalni Romaniya musulman t\u00fcrk-tatar demokratik birligi Romaniya devletini\u00f1 qoltutuv\u0131nda te\u015fkil ete. Onda Bul\u011faristan, Makedoniya, T\u00fcrkiye ve Q\u0131r\u0131m, bun\u0131\u00f1 kibi de Romaniyan\u0131\u00f1 q\u0131r\u0131mtatarlar topnen ya\u015fa\u011fan \u015feerlerinden folklor taq\u0131mlar\u0131 i\u015ftirak ettiler. Meclis t\u0131\u015fq\u0131 al\u00e2qalar b\u00f6l\u00fcgini\u00f1 ba\u015f\u0131 Ali Hamzin reberliginde 35 adamdan ibaret Q\u0131r\u0131m delegatsiyas\u0131 erk\u00e2n\u0131nda Meclis azalar\u0131 Zevcet Qurt\u00fcmerov ve Bekir Mamutov, &#8220;Maarif\u00e7i&#8221; [&hellip;]","og_url":"https:\/\/qtmm.org\/qt\/ali-hamzin-ii-dunya-qirimtatarlar-kongressinin-romaniyada-kecirilmesini-muim-strategik-gaye-dep-bilem\/","og_site_name":"\u041c\u0435\u0434\u0436\u043b\u0456\u0441","article_publisher":"https:\/\/www.facebook.com\/qtmm.info\/","article_published_time":"2013-09-09T13:36:00+00:00","article_modified_time":"2022-01-25T13:37:15+00:00","og_image":[{"width":800,"height":533,"url":"https:\/\/qtmm.org\/wp-content\/uploads\/2022\/01\/to_text_2_2.jpeg","type":"image\/jpeg"}],"author":"Developer","twitter_card":"summary_large_image","twitter_misc":{"Written by":"Developer","Est. reading time":"3 minutes"},"schema":{"@context":"https:\/\/schema.org","@graph":[{"@type":"Article","@id":"https:\/\/qtmm.org\/qt\/ali-hamzin-ii-dunya-qirimtatarlar-kongressinin-romaniyada-kecirilmesini-muim-strategik-gaye-dep-bilem\/#article","isPartOf":{"@id":"https:\/\/qtmm.org\/qt\/ali-hamzin-ii-dunya-qirimtatarlar-kongressinin-romaniyada-kecirilmesini-muim-strategik-gaye-dep-bilem\/"},"author":{"name":"Developer","@id":"https:\/\/qtmm.org\/qt\/#\/schema\/person\/de562469f971dec226ac06e60bbf74a7"},"headline":"Ali Hamzin: II D\u00fcnya q\u0131r\u0131mtatarlar kongressini\u00f1 Romaniyada ke\u00e7irilmesini m\u00fcim strategik \u011faye, dep bilem","datePublished":"2013-09-09T13:36:00+00:00","dateModified":"2022-01-25T13:37:15+00:00","mainEntityOfPage":{"@id":"https:\/\/qtmm.org\/qt\/ali-hamzin-ii-dunya-qirimtatarlar-kongressinin-romaniyada-kecirilmesini-muim-strategik-gaye-dep-bilem\/"},"wordCount":700,"commentCount":0,"publisher":{"@id":"https:\/\/qtmm.org\/qt\/#organization"},"image":{"@id":"https:\/\/qtmm.org\/qt\/ali-hamzin-ii-dunya-qirimtatarlar-kongressinin-romaniyada-kecirilmesini-muim-strategik-gaye-dep-bilem\/#primaryimage"},"thumbnailUrl":"https:\/\/qtmm.org\/wp-content\/uploads\/2022\/01\/to_text_2_2.jpeg","articleSection":["Haberler"],"inLanguage":"qt","potentialAction":[{"@type":"CommentAction","name":"Comment","target":["https:\/\/qtmm.org\/qt\/ali-hamzin-ii-dunya-qirimtatarlar-kongressinin-romaniyada-kecirilmesini-muim-strategik-gaye-dep-bilem\/#respond"]}]},{"@type":"WebPage","@id":"https:\/\/qtmm.org\/qt\/ali-hamzin-ii-dunya-qirimtatarlar-kongressinin-romaniyada-kecirilmesini-muim-strategik-gaye-dep-bilem\/","url":"https:\/\/qtmm.org\/qt\/ali-hamzin-ii-dunya-qirimtatarlar-kongressinin-romaniyada-kecirilmesini-muim-strategik-gaye-dep-bilem\/","name":"Ali Hamzin: II D\u00fcnya q\u0131r\u0131mtatarlar kongressini\u00f1 Romaniyada ke\u00e7irilmesini m\u00fcim strategik \u011faye, dep bilem - \u041c\u0435\u0434\u0436\u043b\u0456\u0441","isPartOf":{"@id":"https:\/\/qtmm.org\/qt\/#website"},"primaryImageOfPage":{"@id":"https:\/\/qtmm.org\/qt\/ali-hamzin-ii-dunya-qirimtatarlar-kongressinin-romaniyada-kecirilmesini-muim-strategik-gaye-dep-bilem\/#primaryimage"},"image":{"@id":"https:\/\/qtmm.org\/qt\/ali-hamzin-ii-dunya-qirimtatarlar-kongressinin-romaniyada-kecirilmesini-muim-strategik-gaye-dep-bilem\/#primaryimage"},"thumbnailUrl":"https:\/\/qtmm.org\/wp-content\/uploads\/2022\/01\/to_text_2_2.jpeg","datePublished":"2013-09-09T13:36:00+00:00","dateModified":"2022-01-25T13:37:15+00:00","breadcrumb":{"@id":"https:\/\/qtmm.org\/qt\/ali-hamzin-ii-dunya-qirimtatarlar-kongressinin-romaniyada-kecirilmesini-muim-strategik-gaye-dep-bilem\/#breadcrumb"},"inLanguage":"qt","potentialAction":[{"@type":"ReadAction","target":["https:\/\/qtmm.org\/qt\/ali-hamzin-ii-dunya-qirimtatarlar-kongressinin-romaniyada-kecirilmesini-muim-strategik-gaye-dep-bilem\/"]}]},{"@type":"ImageObject","inLanguage":"qt","@id":"https:\/\/qtmm.org\/qt\/ali-hamzin-ii-dunya-qirimtatarlar-kongressinin-romaniyada-kecirilmesini-muim-strategik-gaye-dep-bilem\/#primaryimage","url":"https:\/\/qtmm.org\/wp-content\/uploads\/2022\/01\/to_text_2_2.jpeg","contentUrl":"https:\/\/qtmm.org\/wp-content\/uploads\/2022\/01\/to_text_2_2.jpeg","width":800,"height":533},{"@type":"BreadcrumbList","@id":"https:\/\/qtmm.org\/qt\/ali-hamzin-ii-dunya-qirimtatarlar-kongressinin-romaniyada-kecirilmesini-muim-strategik-gaye-dep-bilem\/#breadcrumb","itemListElement":[{"@type":"ListItem","position":1,"name":"\u0413\u043e\u043b\u043e\u0432\u043d\u0430","item":"https:\/\/qtmm.org\/qt\/"},{"@type":"ListItem","position":2,"name":"Ali Hamzin: II D\u00fcnya q\u0131r\u0131mtatarlar kongressini\u00f1 Romaniyada ke\u00e7irilmesini m\u00fcim strategik \u011faye, dep bilem"}]},{"@type":"WebSite","@id":"https:\/\/qtmm.org\/qt\/#website","url":"https:\/\/qtmm.org\/qt\/","name":"\u041c\u0435\u0434\u0436\u043b\u0456\u0441","description":"","publisher":{"@id":"https:\/\/qtmm.org\/qt\/#organization"},"potentialAction":[{"@type":"SearchAction","target":{"@type":"EntryPoint","urlTemplate":"https:\/\/qtmm.org\/qt\/?s={search_term_string}"},"query-input":{"@type":"PropertyValueSpecification","valueRequired":true,"valueName":"search_term_string"}}],"inLanguage":"qt"},{"@type":"Organization","@id":"https:\/\/qtmm.org\/qt\/#organization","name":"\u041c\u0435\u0434\u0436\u043b\u0456\u0441","url":"https:\/\/qtmm.org\/qt\/","logo":{"@type":"ImageObject","inLanguage":"qt","@id":"https:\/\/qtmm.org\/qt\/#\/schema\/logo\/image\/","url":"https:\/\/qtmm.org\/wp-content\/uploads\/2024\/12\/ua-mejlis-logo-rgb.svg","contentUrl":"https:\/\/qtmm.org\/wp-content\/uploads\/2024\/12\/ua-mejlis-logo-rgb.svg","caption":"\u041c\u0435\u0434\u0436\u043b\u0456\u0441"},"image":{"@id":"https:\/\/qtmm.org\/qt\/#\/schema\/logo\/image\/"},"sameAs":["https:\/\/www.facebook.com\/qtmm.info\/"]},{"@type":"Person","@id":"https:\/\/qtmm.org\/qt\/#\/schema\/person\/de562469f971dec226ac06e60bbf74a7","name":"Developer","image":{"@type":"ImageObject","inLanguage":"qt","@id":"https:\/\/secure.gravatar.com\/avatar\/392b4cc8fbfeb00b39dfeeab4ee6edded39ffd48e25858637e4765810300227e?s=96&d=mm&r=g","url":"https:\/\/secure.gravatar.com\/avatar\/392b4cc8fbfeb00b39dfeeab4ee6edded39ffd48e25858637e4765810300227e?s=96&d=mm&r=g","contentUrl":"https:\/\/secure.gravatar.com\/avatar\/392b4cc8fbfeb00b39dfeeab4ee6edded39ffd48e25858637e4765810300227e?s=96&d=mm&r=g","caption":"Developer"},"url":"https:\/\/qtmm.org\/qt\/author\/Developer\/"}]}},"_links":{"self":[{"href":"https:\/\/qtmm.org\/qt\/wp-json\/wp\/v2\/posts\/39193","targetHints":{"allow":["GET"]}}],"collection":[{"href":"https:\/\/qtmm.org\/qt\/wp-json\/wp\/v2\/posts"}],"about":[{"href":"https:\/\/qtmm.org\/qt\/wp-json\/wp\/v2\/types\/post"}],"author":[{"embeddable":true,"href":"https:\/\/qtmm.org\/qt\/wp-json\/wp\/v2\/users\/1"}],"replies":[{"embeddable":true,"href":"https:\/\/qtmm.org\/qt\/wp-json\/wp\/v2\/comments?post=39193"}],"version-history":[{"count":1,"href":"https:\/\/qtmm.org\/qt\/wp-json\/wp\/v2\/posts\/39193\/revisions"}],"predecessor-version":[{"id":39202,"href":"https:\/\/qtmm.org\/qt\/wp-json\/wp\/v2\/posts\/39193\/revisions\/39202"}],"wp:featuredmedia":[{"embeddable":true,"href":"https:\/\/qtmm.org\/qt\/wp-json\/wp\/v2\/media\/39198"}],"wp:attachment":[{"href":"https:\/\/qtmm.org\/qt\/wp-json\/wp\/v2\/media?parent=39193"}],"wp:term":[{"taxonomy":"category","embeddable":true,"href":"https:\/\/qtmm.org\/qt\/wp-json\/wp\/v2\/categories?post=39193"},{"taxonomy":"post_tag","embeddable":true,"href":"https:\/\/qtmm.org\/qt\/wp-json\/wp\/v2\/tags?post=39193"}],"curies":[{"name":"wp","href":"https:\/\/api.w.org\/{rel}","templated":true}]}}