




{"id":39191,"date":"2013-09-06T16:35:00","date_gmt":"2013-09-06T13:35:00","guid":{"rendered":"http:\/\/qtmm.org\/?p=39191"},"modified":"2022-01-25T16:35:52","modified_gmt":"2022-01-25T13:35:52","slug":"6-nci-cagirilis-qurultaynin-birinci-oturiminda-qurultay-ve-meclisnin-yani-erkanini-sekillendiruv-problemi-boyunca-mustaqil-ekspert-tedqiqati-kecirilecek","status":"publish","type":"post","link":"https:\/\/qtmm.org\/qt\/6-nci-cagirilis-qurultaynin-birinci-oturiminda-qurultay-ve-meclisnin-yani-erkanini-sekillendiruv-problemi-boyunca-mustaqil-ekspert-tedqiqati-kecirilecek\/","title":{"rendered":"6-nc\u0131 \u00e7a\u011f\u0131r\u0131l\u0131\u015f Qurultayn\u0131\u00f1 birinci otur\u0131m\u0131nda Qurultay ve Meclisni\u00f1 ya\u00f1\u0131 erk\u00e2n\u0131n\u0131 \u015fekillendir\u00fcv problemi boyunca mustaqil ekspert tedqiqat\u0131 ke\u00e7irilecek"},"content":{"rendered":"\n<p>2013 senesi sent\u00e2br-okt\u00e2br aylar\u0131nda\u00a0yani Q\u0131r\u0131mtatar halq\u0131 6-nc\u0131 \u00e7a\u011f\u0131r\u0131l\u0131\u015f Qurultay\u0131n\u0131\u00f1 1-nci sessiyas\u0131 a\u00e7\u0131lmas\u0131\u00a0arfesinde &#8220;Q\u0131r\u0131m inki\u015faf\u0131 fond\u0131&#8221; hayriye te\u015fkil\u00e2t\u0131 &#8220;SPHERA&#8221; Ara\u015ft\u0131rma merkezinen birlikte q\u0131r\u0131mtatar milliy idare organlar\u0131 &#8211; Qurultay ve Meclisni\u00f1 ya\u00f1\u0131 erk\u00e2n\u0131n\u0131 \u015fekillendir\u00fcv problemi boyunca mustaqil ekspert tedqiqat\u0131n\u0131 ke\u00e7irecek<br><br>Fondn\u0131\u00f1 matbuat merkezinde haber etkenlerine k\u00f6re, ara\u015ft\u0131rma \u00e7er\u00e7ivesinde ekspertlerni\u00f1 diqqat\u0131na teklif etilgen suallerni\u00f1 cevaplar\u0131 Qurultay delegatlar\u0131n\u0131 saylavdan so\u00f1 ve Qurultayn\u0131\u00f1 birinci sessiyas\u0131 arfesinde meydan\u011fa kelgen vaziyetni olduq\u00e7a teren a\u00f1lamaq imk\u00e2n\u0131n\u0131 berir.<br><br>&#8220;SPHERA&#8221; informatsion merkez sotsiologlar\u0131 ve analitiklerni\u00f1 fikrince bu kibi ekspert ara\u015ft\u0131rma d\u00fcnya tecribesinde pek keni\u015f tarqal\u0131p, k\u00fctleviy institutlarn\u0131\u00f1 a\u00e7\u0131ql\u0131\u011f\u0131n\u0131 k\u00f6stere, &#8211; dep qayd ettiler Fondn\u0131\u00f1 matbuat h\u0131zmetinde. &#8211; Ara\u015ft\u0131rman\u0131\u00f1 neticeleri ileride q\u0131r\u0131mtatar milliy idare organlar\u0131nen \u00e7al\u0131\u015fuvn\u0131\u00f1 temelini te\u015fkil etecek. Bu i\u015fni\u00f1 maqsad\u0131 ise s\u00fcrg\u00fcn etilgenlerni\u00f1 aqlar\u0131n\u0131 \u011fayr\u0131dan tiklev, ukrain cemiyetine qat\u0131luv ol\u0131p, m\u00fcim meseleler \u00e7ezimine halqara yard\u0131m celp etilecek&#8221;<\/p>\n\n\n\n<p>&#8220;Q\u0131r\u0131m inki\u015faf\u0131 fond\u0131&#8221;n\u0131\u00f1 ba\u015f direktor\u0131 Aleksey Skorik \u00f6z nevbetinde mustaqil ekspert ara\u015ft\u0131rman\u0131 b\u00f6yle izaatlad\u0131: &#8220;Fond\u0131m\u0131z te\u015fkil etilgenini\u00f1 birinci k\u00fcn\u00fcnden a\u00e7\u0131q ve qav\u011fa-davas\u0131z bir cemiyetni quruvda yard\u0131mn\u0131 \u00f6z faaliyetini\u00f1 ba\u015f maqsad\u0131 olaraq qoyd\u0131. Bun\u0131\u00f1 i\u00e7\u00fcn ise esas \u015faraitlerden biri cemiyette ol\u0131p ke\u00e7eyatqan adiselerni a\u00f1lamaq, biri-birini bilmey\u00fcv ve muhalif kibi davranuv neticesinde peyda ol\u011fan nefret duy\u011fular\u0131n\u0131 s\u00f6nd\u00fcrmek, bun\u0131\u00f1 kibi de devlet siyasiy sisteminde grajdan cemiyet rol\u00fcni artt\u0131rmaqt\u0131r. Eminmiz ki, Qurultay ve Meclis erk\u00e2n\u0131n\u0131 te\u015fkillendir\u00fcv kibi aktual meseleni \u00f6grengen mustaqil professional sotsiologlarn\u0131\u00f1 i\u015fi s\u00fcrg\u00fcnlikten qaytqan q\u0131r\u0131mtatar halq\u0131 mustaqil \u015fekilde \u00f6z milliy idaresini nas\u0131l qurayatqan\u0131n\u0131 b\u00fct\u00fcn Q\u0131r\u0131m cemiyetine a\u015fk\u00e2r eter ve \u015fu ceryan ile ba\u011fl\u0131 artqa\u00e7 \u015f\u00fcbe ve havfs\u0131rav\u011fa yer qald\u0131rmaz. Fond\u0131m\u0131zn\u0131\u00f1 bu i\u015fte kemter h\u0131zmeti mezk\u00fcr mustaqil ara\u015ft\u0131rman\u0131 te\u015fkil etmek ve ke\u00e7irilmesini teminlemekten ibarettir&#8221;<\/p>\n","protected":false},"excerpt":{"rendered":"<p>2013 senesi sent\u00e2br-okt\u00e2br aylar\u0131nda\u00a0yani Q\u0131r\u0131mtatar halq\u0131 6-nc\u0131 \u00e7a\u011f\u0131r\u0131l\u0131\u015f Qurultay\u0131n\u0131\u00f1 1-nci sessiyas\u0131 a\u00e7\u0131lmas\u0131\u00a0arfesinde &#8220;Q\u0131r\u0131m inki\u015faf\u0131 fond\u0131&#8221; hayriye te\u015fkil\u00e2t\u0131 &#8220;SPHERA&#8221; Ara\u015ft\u0131rma merkezinen birlikte q\u0131r\u0131mtatar milliy idare organlar\u0131 &#8211; Qurultay ve Meclisni\u00f1 ya\u00f1\u0131 erk\u00e2n\u0131n\u0131 \u015fekillendir\u00fcv problemi boyunca mustaqil ekspert tedqiqat\u0131n\u0131 ke\u00e7irecek Fondn\u0131\u00f1 matbuat merkezinde haber etkenlerine k\u00f6re, ara\u015ft\u0131rma \u00e7er\u00e7ivesinde ekspertlerni\u00f1 diqqat\u0131na teklif etilgen suallerni\u00f1 cevaplar\u0131 Qurultay delegatlar\u0131n\u0131 saylavdan [&hellip;]<\/p>\n","protected":false},"author":1,"featured_media":0,"comment_status":"open","ping_status":"open","sticky":false,"template":"","format":"standard","meta":{"inline_featured_image":false,"footnotes":""},"categories":[265],"tags":[],"class_list":["post-39191","post","type-post","status-publish","format-standard","hentry","category-haberler"],"acf":[],"yoast_head":"<!-- This site is optimized with the Yoast SEO plugin v27.4 - https:\/\/yoast.com\/product\/yoast-seo-wordpress\/ -->\n<title>6-nc\u0131 \u00e7a\u011f\u0131r\u0131l\u0131\u015f Qurultayn\u0131\u00f1 birinci otur\u0131m\u0131nda Qurultay ve Meclisni\u00f1 ya\u00f1\u0131 erk\u00e2n\u0131n\u0131 \u015fekillendir\u00fcv problemi boyunca mustaqil ekspert tedqiqat\u0131 ke\u00e7irilecek - \u041c\u0435\u0434\u0436\u043b\u0456\u0441<\/title>\n<meta name=\"robots\" content=\"index, follow, max-snippet:-1, max-image-preview:large, max-video-preview:-1\" \/>\n<link rel=\"canonical\" href=\"https:\/\/qtmm.org\/qt\/6-nci-cagirilis-qurultaynin-birinci-oturiminda-qurultay-ve-meclisnin-yani-erkanini-sekillendiruv-problemi-boyunca-mustaqil-ekspert-tedqiqati-kecirilecek\/\" \/>\n<meta property=\"og:locale\" content=\"en_US\" \/>\n<meta property=\"og:type\" content=\"article\" \/>\n<meta property=\"og:title\" content=\"6-nc\u0131 \u00e7a\u011f\u0131r\u0131l\u0131\u015f Qurultayn\u0131\u00f1 birinci otur\u0131m\u0131nda Qurultay ve Meclisni\u00f1 ya\u00f1\u0131 erk\u00e2n\u0131n\u0131 \u015fekillendir\u00fcv problemi boyunca mustaqil ekspert tedqiqat\u0131 ke\u00e7irilecek - \u041c\u0435\u0434\u0436\u043b\u0456\u0441\" \/>\n<meta property=\"og:description\" content=\"2013 senesi sent\u00e2br-okt\u00e2br aylar\u0131nda\u00a0yani Q\u0131r\u0131mtatar halq\u0131 6-nc\u0131 \u00e7a\u011f\u0131r\u0131l\u0131\u015f Qurultay\u0131n\u0131\u00f1 1-nci sessiyas\u0131 a\u00e7\u0131lmas\u0131\u00a0arfesinde &#8220;Q\u0131r\u0131m inki\u015faf\u0131 fond\u0131&#8221; hayriye te\u015fkil\u00e2t\u0131 &#8220;SPHERA&#8221; Ara\u015ft\u0131rma merkezinen birlikte q\u0131r\u0131mtatar milliy idare organlar\u0131 &#8211; Qurultay ve Meclisni\u00f1 ya\u00f1\u0131 erk\u00e2n\u0131n\u0131 \u015fekillendir\u00fcv problemi boyunca mustaqil ekspert tedqiqat\u0131n\u0131 ke\u00e7irecek Fondn\u0131\u00f1 matbuat merkezinde haber etkenlerine k\u00f6re, ara\u015ft\u0131rma \u00e7er\u00e7ivesinde ekspertlerni\u00f1 diqqat\u0131na teklif etilgen suallerni\u00f1 cevaplar\u0131 Qurultay delegatlar\u0131n\u0131 saylavdan [&hellip;]\" \/>\n<meta property=\"og:url\" content=\"https:\/\/qtmm.org\/qt\/6-nci-cagirilis-qurultaynin-birinci-oturiminda-qurultay-ve-meclisnin-yani-erkanini-sekillendiruv-problemi-boyunca-mustaqil-ekspert-tedqiqati-kecirilecek\/\" \/>\n<meta property=\"og:site_name\" content=\"\u041c\u0435\u0434\u0436\u043b\u0456\u0441\" \/>\n<meta property=\"article:publisher\" content=\"https:\/\/www.facebook.com\/qtmm.info\/\" \/>\n<meta property=\"article:published_time\" content=\"2013-09-06T13:35:00+00:00\" \/>\n<meta property=\"article:modified_time\" content=\"2022-01-25T13:35:52+00:00\" \/>\n<meta name=\"author\" content=\"Developer\" \/>\n<meta name=\"twitter:card\" content=\"summary_large_image\" \/>\n<meta name=\"twitter:label1\" content=\"Written by\" \/>\n\t<meta name=\"twitter:data1\" content=\"Developer\" \/>\n\t<meta name=\"twitter:label2\" content=\"Est. reading time\" \/>\n\t<meta name=\"twitter:data2\" content=\"2 minutes\" \/>\n<script type=\"application\/ld+json\" class=\"yoast-schema-graph\">{\"@context\":\"https:\\\/\\\/schema.org\",\"@graph\":[{\"@type\":\"Article\",\"@id\":\"https:\\\/\\\/qtmm.org\\\/qt\\\/6-nci-cagirilis-qurultaynin-birinci-oturiminda-qurultay-ve-meclisnin-yani-erkanini-sekillendiruv-problemi-boyunca-mustaqil-ekspert-tedqiqati-kecirilecek\\\/#article\",\"isPartOf\":{\"@id\":\"https:\\\/\\\/qtmm.org\\\/qt\\\/6-nci-cagirilis-qurultaynin-birinci-oturiminda-qurultay-ve-meclisnin-yani-erkanini-sekillendiruv-problemi-boyunca-mustaqil-ekspert-tedqiqati-kecirilecek\\\/\"},\"author\":{\"name\":\"Developer\",\"@id\":\"https:\\\/\\\/qtmm.org\\\/qt\\\/#\\\/schema\\\/person\\\/de562469f971dec226ac06e60bbf74a7\"},\"headline\":\"6-nc\u0131 \u00e7a\u011f\u0131r\u0131l\u0131\u015f Qurultayn\u0131\u00f1 birinci otur\u0131m\u0131nda Qurultay ve Meclisni\u00f1 ya\u00f1\u0131 erk\u00e2n\u0131n\u0131 \u015fekillendir\u00fcv problemi boyunca mustaqil ekspert tedqiqat\u0131 ke\u00e7irilecek\",\"datePublished\":\"2013-09-06T13:35:00+00:00\",\"dateModified\":\"2022-01-25T13:35:52+00:00\",\"mainEntityOfPage\":{\"@id\":\"https:\\\/\\\/qtmm.org\\\/qt\\\/6-nci-cagirilis-qurultaynin-birinci-oturiminda-qurultay-ve-meclisnin-yani-erkanini-sekillendiruv-problemi-boyunca-mustaqil-ekspert-tedqiqati-kecirilecek\\\/\"},\"wordCount\":393,\"commentCount\":0,\"publisher\":{\"@id\":\"https:\\\/\\\/qtmm.org\\\/qt\\\/#organization\"},\"articleSection\":[\"Haberler\"],\"inLanguage\":\"qt\",\"potentialAction\":[{\"@type\":\"CommentAction\",\"name\":\"Comment\",\"target\":[\"https:\\\/\\\/qtmm.org\\\/qt\\\/6-nci-cagirilis-qurultaynin-birinci-oturiminda-qurultay-ve-meclisnin-yani-erkanini-sekillendiruv-problemi-boyunca-mustaqil-ekspert-tedqiqati-kecirilecek\\\/#respond\"]}]},{\"@type\":\"WebPage\",\"@id\":\"https:\\\/\\\/qtmm.org\\\/qt\\\/6-nci-cagirilis-qurultaynin-birinci-oturiminda-qurultay-ve-meclisnin-yani-erkanini-sekillendiruv-problemi-boyunca-mustaqil-ekspert-tedqiqati-kecirilecek\\\/\",\"url\":\"https:\\\/\\\/qtmm.org\\\/qt\\\/6-nci-cagirilis-qurultaynin-birinci-oturiminda-qurultay-ve-meclisnin-yani-erkanini-sekillendiruv-problemi-boyunca-mustaqil-ekspert-tedqiqati-kecirilecek\\\/\",\"name\":\"6-nc\u0131 \u00e7a\u011f\u0131r\u0131l\u0131\u015f Qurultayn\u0131\u00f1 birinci otur\u0131m\u0131nda Qurultay ve Meclisni\u00f1 ya\u00f1\u0131 erk\u00e2n\u0131n\u0131 \u015fekillendir\u00fcv problemi boyunca mustaqil ekspert tedqiqat\u0131 ke\u00e7irilecek - \u041c\u0435\u0434\u0436\u043b\u0456\u0441\",\"isPartOf\":{\"@id\":\"https:\\\/\\\/qtmm.org\\\/qt\\\/#website\"},\"datePublished\":\"2013-09-06T13:35:00+00:00\",\"dateModified\":\"2022-01-25T13:35:52+00:00\",\"breadcrumb\":{\"@id\":\"https:\\\/\\\/qtmm.org\\\/qt\\\/6-nci-cagirilis-qurultaynin-birinci-oturiminda-qurultay-ve-meclisnin-yani-erkanini-sekillendiruv-problemi-boyunca-mustaqil-ekspert-tedqiqati-kecirilecek\\\/#breadcrumb\"},\"inLanguage\":\"qt\",\"potentialAction\":[{\"@type\":\"ReadAction\",\"target\":[\"https:\\\/\\\/qtmm.org\\\/qt\\\/6-nci-cagirilis-qurultaynin-birinci-oturiminda-qurultay-ve-meclisnin-yani-erkanini-sekillendiruv-problemi-boyunca-mustaqil-ekspert-tedqiqati-kecirilecek\\\/\"]}]},{\"@type\":\"BreadcrumbList\",\"@id\":\"https:\\\/\\\/qtmm.org\\\/qt\\\/6-nci-cagirilis-qurultaynin-birinci-oturiminda-qurultay-ve-meclisnin-yani-erkanini-sekillendiruv-problemi-boyunca-mustaqil-ekspert-tedqiqati-kecirilecek\\\/#breadcrumb\",\"itemListElement\":[{\"@type\":\"ListItem\",\"position\":1,\"name\":\"\u0413\u043e\u043b\u043e\u0432\u043d\u0430\",\"item\":\"https:\\\/\\\/qtmm.org\\\/qt\\\/\"},{\"@type\":\"ListItem\",\"position\":2,\"name\":\"6-nc\u0131 \u00e7a\u011f\u0131r\u0131l\u0131\u015f Qurultayn\u0131\u00f1 birinci otur\u0131m\u0131nda Qurultay ve Meclisni\u00f1 ya\u00f1\u0131 erk\u00e2n\u0131n\u0131 \u015fekillendir\u00fcv problemi boyunca mustaqil ekspert tedqiqat\u0131 ke\u00e7irilecek\"}]},{\"@type\":\"WebSite\",\"@id\":\"https:\\\/\\\/qtmm.org\\\/qt\\\/#website\",\"url\":\"https:\\\/\\\/qtmm.org\\\/qt\\\/\",\"name\":\"\u041c\u0435\u0434\u0436\u043b\u0456\u0441\",\"description\":\"\",\"publisher\":{\"@id\":\"https:\\\/\\\/qtmm.org\\\/qt\\\/#organization\"},\"potentialAction\":[{\"@type\":\"SearchAction\",\"target\":{\"@type\":\"EntryPoint\",\"urlTemplate\":\"https:\\\/\\\/qtmm.org\\\/qt\\\/?s={search_term_string}\"},\"query-input\":{\"@type\":\"PropertyValueSpecification\",\"valueRequired\":true,\"valueName\":\"search_term_string\"}}],\"inLanguage\":\"qt\"},{\"@type\":\"Organization\",\"@id\":\"https:\\\/\\\/qtmm.org\\\/qt\\\/#organization\",\"name\":\"\u041c\u0435\u0434\u0436\u043b\u0456\u0441\",\"url\":\"https:\\\/\\\/qtmm.org\\\/qt\\\/\",\"logo\":{\"@type\":\"ImageObject\",\"inLanguage\":\"qt\",\"@id\":\"https:\\\/\\\/qtmm.org\\\/qt\\\/#\\\/schema\\\/logo\\\/image\\\/\",\"url\":\"https:\\\/\\\/qtmm.org\\\/wp-content\\\/uploads\\\/2024\\\/12\\\/ua-mejlis-logo-rgb.svg\",\"contentUrl\":\"https:\\\/\\\/qtmm.org\\\/wp-content\\\/uploads\\\/2024\\\/12\\\/ua-mejlis-logo-rgb.svg\",\"caption\":\"\u041c\u0435\u0434\u0436\u043b\u0456\u0441\"},\"image\":{\"@id\":\"https:\\\/\\\/qtmm.org\\\/qt\\\/#\\\/schema\\\/logo\\\/image\\\/\"},\"sameAs\":[\"https:\\\/\\\/www.facebook.com\\\/qtmm.info\\\/\"]},{\"@type\":\"Person\",\"@id\":\"https:\\\/\\\/qtmm.org\\\/qt\\\/#\\\/schema\\\/person\\\/de562469f971dec226ac06e60bbf74a7\",\"name\":\"Developer\",\"image\":{\"@type\":\"ImageObject\",\"inLanguage\":\"qt\",\"@id\":\"https:\\\/\\\/secure.gravatar.com\\\/avatar\\\/392b4cc8fbfeb00b39dfeeab4ee6edded39ffd48e25858637e4765810300227e?s=96&d=mm&r=g\",\"url\":\"https:\\\/\\\/secure.gravatar.com\\\/avatar\\\/392b4cc8fbfeb00b39dfeeab4ee6edded39ffd48e25858637e4765810300227e?s=96&d=mm&r=g\",\"contentUrl\":\"https:\\\/\\\/secure.gravatar.com\\\/avatar\\\/392b4cc8fbfeb00b39dfeeab4ee6edded39ffd48e25858637e4765810300227e?s=96&d=mm&r=g\",\"caption\":\"Developer\"},\"url\":\"https:\\\/\\\/qtmm.org\\\/qt\\\/author\\\/Developer\\\/\"}]}<\/script>\n<!-- \/ Yoast SEO plugin. -->","yoast_head_json":{"title":"6-nc\u0131 \u00e7a\u011f\u0131r\u0131l\u0131\u015f Qurultayn\u0131\u00f1 birinci otur\u0131m\u0131nda Qurultay ve Meclisni\u00f1 ya\u00f1\u0131 erk\u00e2n\u0131n\u0131 \u015fekillendir\u00fcv problemi boyunca mustaqil ekspert tedqiqat\u0131 ke\u00e7irilecek - \u041c\u0435\u0434\u0436\u043b\u0456\u0441","robots":{"index":"index","follow":"follow","max-snippet":"max-snippet:-1","max-image-preview":"max-image-preview:large","max-video-preview":"max-video-preview:-1"},"canonical":"https:\/\/qtmm.org\/qt\/6-nci-cagirilis-qurultaynin-birinci-oturiminda-qurultay-ve-meclisnin-yani-erkanini-sekillendiruv-problemi-boyunca-mustaqil-ekspert-tedqiqati-kecirilecek\/","og_locale":"en_US","og_type":"article","og_title":"6-nc\u0131 \u00e7a\u011f\u0131r\u0131l\u0131\u015f Qurultayn\u0131\u00f1 birinci otur\u0131m\u0131nda Qurultay ve Meclisni\u00f1 ya\u00f1\u0131 erk\u00e2n\u0131n\u0131 \u015fekillendir\u00fcv problemi boyunca mustaqil ekspert tedqiqat\u0131 ke\u00e7irilecek - \u041c\u0435\u0434\u0436\u043b\u0456\u0441","og_description":"2013 senesi sent\u00e2br-okt\u00e2br aylar\u0131nda\u00a0yani Q\u0131r\u0131mtatar halq\u0131 6-nc\u0131 \u00e7a\u011f\u0131r\u0131l\u0131\u015f Qurultay\u0131n\u0131\u00f1 1-nci sessiyas\u0131 a\u00e7\u0131lmas\u0131\u00a0arfesinde &#8220;Q\u0131r\u0131m inki\u015faf\u0131 fond\u0131&#8221; hayriye te\u015fkil\u00e2t\u0131 &#8220;SPHERA&#8221; Ara\u015ft\u0131rma merkezinen birlikte q\u0131r\u0131mtatar milliy idare organlar\u0131 &#8211; Qurultay ve Meclisni\u00f1 ya\u00f1\u0131 erk\u00e2n\u0131n\u0131 \u015fekillendir\u00fcv problemi boyunca mustaqil ekspert tedqiqat\u0131n\u0131 ke\u00e7irecek Fondn\u0131\u00f1 matbuat merkezinde haber etkenlerine k\u00f6re, ara\u015ft\u0131rma \u00e7er\u00e7ivesinde ekspertlerni\u00f1 diqqat\u0131na teklif etilgen suallerni\u00f1 cevaplar\u0131 Qurultay delegatlar\u0131n\u0131 saylavdan [&hellip;]","og_url":"https:\/\/qtmm.org\/qt\/6-nci-cagirilis-qurultaynin-birinci-oturiminda-qurultay-ve-meclisnin-yani-erkanini-sekillendiruv-problemi-boyunca-mustaqil-ekspert-tedqiqati-kecirilecek\/","og_site_name":"\u041c\u0435\u0434\u0436\u043b\u0456\u0441","article_publisher":"https:\/\/www.facebook.com\/qtmm.info\/","article_published_time":"2013-09-06T13:35:00+00:00","article_modified_time":"2022-01-25T13:35:52+00:00","author":"Developer","twitter_card":"summary_large_image","twitter_misc":{"Written by":"Developer","Est. reading time":"2 minutes"},"schema":{"@context":"https:\/\/schema.org","@graph":[{"@type":"Article","@id":"https:\/\/qtmm.org\/qt\/6-nci-cagirilis-qurultaynin-birinci-oturiminda-qurultay-ve-meclisnin-yani-erkanini-sekillendiruv-problemi-boyunca-mustaqil-ekspert-tedqiqati-kecirilecek\/#article","isPartOf":{"@id":"https:\/\/qtmm.org\/qt\/6-nci-cagirilis-qurultaynin-birinci-oturiminda-qurultay-ve-meclisnin-yani-erkanini-sekillendiruv-problemi-boyunca-mustaqil-ekspert-tedqiqati-kecirilecek\/"},"author":{"name":"Developer","@id":"https:\/\/qtmm.org\/qt\/#\/schema\/person\/de562469f971dec226ac06e60bbf74a7"},"headline":"6-nc\u0131 \u00e7a\u011f\u0131r\u0131l\u0131\u015f Qurultayn\u0131\u00f1 birinci otur\u0131m\u0131nda Qurultay ve Meclisni\u00f1 ya\u00f1\u0131 erk\u00e2n\u0131n\u0131 \u015fekillendir\u00fcv problemi boyunca mustaqil ekspert tedqiqat\u0131 ke\u00e7irilecek","datePublished":"2013-09-06T13:35:00+00:00","dateModified":"2022-01-25T13:35:52+00:00","mainEntityOfPage":{"@id":"https:\/\/qtmm.org\/qt\/6-nci-cagirilis-qurultaynin-birinci-oturiminda-qurultay-ve-meclisnin-yani-erkanini-sekillendiruv-problemi-boyunca-mustaqil-ekspert-tedqiqati-kecirilecek\/"},"wordCount":393,"commentCount":0,"publisher":{"@id":"https:\/\/qtmm.org\/qt\/#organization"},"articleSection":["Haberler"],"inLanguage":"qt","potentialAction":[{"@type":"CommentAction","name":"Comment","target":["https:\/\/qtmm.org\/qt\/6-nci-cagirilis-qurultaynin-birinci-oturiminda-qurultay-ve-meclisnin-yani-erkanini-sekillendiruv-problemi-boyunca-mustaqil-ekspert-tedqiqati-kecirilecek\/#respond"]}]},{"@type":"WebPage","@id":"https:\/\/qtmm.org\/qt\/6-nci-cagirilis-qurultaynin-birinci-oturiminda-qurultay-ve-meclisnin-yani-erkanini-sekillendiruv-problemi-boyunca-mustaqil-ekspert-tedqiqati-kecirilecek\/","url":"https:\/\/qtmm.org\/qt\/6-nci-cagirilis-qurultaynin-birinci-oturiminda-qurultay-ve-meclisnin-yani-erkanini-sekillendiruv-problemi-boyunca-mustaqil-ekspert-tedqiqati-kecirilecek\/","name":"6-nc\u0131 \u00e7a\u011f\u0131r\u0131l\u0131\u015f Qurultayn\u0131\u00f1 birinci otur\u0131m\u0131nda Qurultay ve Meclisni\u00f1 ya\u00f1\u0131 erk\u00e2n\u0131n\u0131 \u015fekillendir\u00fcv problemi boyunca mustaqil ekspert tedqiqat\u0131 ke\u00e7irilecek - \u041c\u0435\u0434\u0436\u043b\u0456\u0441","isPartOf":{"@id":"https:\/\/qtmm.org\/qt\/#website"},"datePublished":"2013-09-06T13:35:00+00:00","dateModified":"2022-01-25T13:35:52+00:00","breadcrumb":{"@id":"https:\/\/qtmm.org\/qt\/6-nci-cagirilis-qurultaynin-birinci-oturiminda-qurultay-ve-meclisnin-yani-erkanini-sekillendiruv-problemi-boyunca-mustaqil-ekspert-tedqiqati-kecirilecek\/#breadcrumb"},"inLanguage":"qt","potentialAction":[{"@type":"ReadAction","target":["https:\/\/qtmm.org\/qt\/6-nci-cagirilis-qurultaynin-birinci-oturiminda-qurultay-ve-meclisnin-yani-erkanini-sekillendiruv-problemi-boyunca-mustaqil-ekspert-tedqiqati-kecirilecek\/"]}]},{"@type":"BreadcrumbList","@id":"https:\/\/qtmm.org\/qt\/6-nci-cagirilis-qurultaynin-birinci-oturiminda-qurultay-ve-meclisnin-yani-erkanini-sekillendiruv-problemi-boyunca-mustaqil-ekspert-tedqiqati-kecirilecek\/#breadcrumb","itemListElement":[{"@type":"ListItem","position":1,"name":"\u0413\u043e\u043b\u043e\u0432\u043d\u0430","item":"https:\/\/qtmm.org\/qt\/"},{"@type":"ListItem","position":2,"name":"6-nc\u0131 \u00e7a\u011f\u0131r\u0131l\u0131\u015f Qurultayn\u0131\u00f1 birinci otur\u0131m\u0131nda Qurultay ve Meclisni\u00f1 ya\u00f1\u0131 erk\u00e2n\u0131n\u0131 \u015fekillendir\u00fcv problemi boyunca mustaqil ekspert tedqiqat\u0131 ke\u00e7irilecek"}]},{"@type":"WebSite","@id":"https:\/\/qtmm.org\/qt\/#website","url":"https:\/\/qtmm.org\/qt\/","name":"\u041c\u0435\u0434\u0436\u043b\u0456\u0441","description":"","publisher":{"@id":"https:\/\/qtmm.org\/qt\/#organization"},"potentialAction":[{"@type":"SearchAction","target":{"@type":"EntryPoint","urlTemplate":"https:\/\/qtmm.org\/qt\/?s={search_term_string}"},"query-input":{"@type":"PropertyValueSpecification","valueRequired":true,"valueName":"search_term_string"}}],"inLanguage":"qt"},{"@type":"Organization","@id":"https:\/\/qtmm.org\/qt\/#organization","name":"\u041c\u0435\u0434\u0436\u043b\u0456\u0441","url":"https:\/\/qtmm.org\/qt\/","logo":{"@type":"ImageObject","inLanguage":"qt","@id":"https:\/\/qtmm.org\/qt\/#\/schema\/logo\/image\/","url":"https:\/\/qtmm.org\/wp-content\/uploads\/2024\/12\/ua-mejlis-logo-rgb.svg","contentUrl":"https:\/\/qtmm.org\/wp-content\/uploads\/2024\/12\/ua-mejlis-logo-rgb.svg","caption":"\u041c\u0435\u0434\u0436\u043b\u0456\u0441"},"image":{"@id":"https:\/\/qtmm.org\/qt\/#\/schema\/logo\/image\/"},"sameAs":["https:\/\/www.facebook.com\/qtmm.info\/"]},{"@type":"Person","@id":"https:\/\/qtmm.org\/qt\/#\/schema\/person\/de562469f971dec226ac06e60bbf74a7","name":"Developer","image":{"@type":"ImageObject","inLanguage":"qt","@id":"https:\/\/secure.gravatar.com\/avatar\/392b4cc8fbfeb00b39dfeeab4ee6edded39ffd48e25858637e4765810300227e?s=96&d=mm&r=g","url":"https:\/\/secure.gravatar.com\/avatar\/392b4cc8fbfeb00b39dfeeab4ee6edded39ffd48e25858637e4765810300227e?s=96&d=mm&r=g","contentUrl":"https:\/\/secure.gravatar.com\/avatar\/392b4cc8fbfeb00b39dfeeab4ee6edded39ffd48e25858637e4765810300227e?s=96&d=mm&r=g","caption":"Developer"},"url":"https:\/\/qtmm.org\/qt\/author\/Developer\/"}]}},"_links":{"self":[{"href":"https:\/\/qtmm.org\/qt\/wp-json\/wp\/v2\/posts\/39191","targetHints":{"allow":["GET"]}}],"collection":[{"href":"https:\/\/qtmm.org\/qt\/wp-json\/wp\/v2\/posts"}],"about":[{"href":"https:\/\/qtmm.org\/qt\/wp-json\/wp\/v2\/types\/post"}],"author":[{"embeddable":true,"href":"https:\/\/qtmm.org\/qt\/wp-json\/wp\/v2\/users\/1"}],"replies":[{"embeddable":true,"href":"https:\/\/qtmm.org\/qt\/wp-json\/wp\/v2\/comments?post=39191"}],"version-history":[{"count":1,"href":"https:\/\/qtmm.org\/qt\/wp-json\/wp\/v2\/posts\/39191\/revisions"}],"predecessor-version":[{"id":39192,"href":"https:\/\/qtmm.org\/qt\/wp-json\/wp\/v2\/posts\/39191\/revisions\/39192"}],"wp:attachment":[{"href":"https:\/\/qtmm.org\/qt\/wp-json\/wp\/v2\/media?parent=39191"}],"wp:term":[{"taxonomy":"category","embeddable":true,"href":"https:\/\/qtmm.org\/qt\/wp-json\/wp\/v2\/categories?post=39191"},{"taxonomy":"post_tag","embeddable":true,"href":"https:\/\/qtmm.org\/qt\/wp-json\/wp\/v2\/tags?post=39191"}],"curies":[{"name":"wp","href":"https:\/\/api.w.org\/{rel}","templated":true}]}}