




{"id":39185,"date":"2013-09-05T16:34:00","date_gmt":"2013-09-05T13:34:00","guid":{"rendered":"http:\/\/qtmm.org\/?p=39185"},"modified":"2022-01-25T16:35:10","modified_gmt":"2022-01-25T13:35:10","slug":"meclis-reisi-mustafa-cemilev-ukraina-medeniyet-naziri-leonid-novohatko-ile-korusti","status":"publish","type":"post","link":"https:\/\/qtmm.org\/qt\/meclis-reisi-mustafa-cemilev-ukraina-medeniyet-naziri-leonid-novohatko-ile-korusti\/","title":{"rendered":"Meclis reisi Mustafa Cemilev Ukraina Medeniyet naziri Leonid Novohatko ile k\u00f6r\u00fc\u015fti"},"content":{"rendered":"\n<p>Sent\u00e2br 5 k\u00fcn\u00fc Ukraina halq deputat\u0131, Meclis reisi Mustafa Cemilev Ukraina Medeniyet naziri Leonid Novohatko ile k\u00f6r\u00fc\u015fti.<\/p>\n\n\n\n<p>K\u00f6r\u00fc\u015f\u00fcvde esasen halq deputat\u0131 M. Cemilev taraf\u0131ndan \u015fu y\u0131ln\u0131\u00f1 iy\u00fcl ay\u0131nda cedvelge kirsetilgen Ukrainan\u0131\u00f1\u00a0<a rel=\"noreferrer noopener\" href=\"http:\/\/w1.c1.rada.gov.ua\/pls\/zweb2\/webproc4_1?id=&amp;pf3511=47852\" target=\"_blank\">&#8220;Ukraina devlet etnik milliy siyaseti k\u00f6ntseptsiyas\u0131 aqq\u0131nda&#8221;<\/a>\u00a0Qanun\u0131 leyhas\u0131, bun\u0131\u00f1 kibi de Ukraina Nazirler kabineti i\u015flegen ayn\u0131 mevzudaki Qanun leyhas\u0131 meselesi muzakere etildi.<\/p>\n\n\n\n<figure class=\"wp-block-image size-full\"><img loading=\"lazy\" decoding=\"async\" width=\"800\" height=\"600\" src=\"http:\/\/qtmm.org\/wp-content\/uploads\/2022\/01\/foto_10.jpeg\" alt=\"\" class=\"wp-image-39186\" srcset=\"https:\/\/qtmm.org\/wp-content\/uploads\/2022\/01\/foto_10.jpeg 800w, https:\/\/qtmm.org\/wp-content\/uploads\/2022\/01\/foto_10-300x225.jpeg 300w, https:\/\/qtmm.org\/wp-content\/uploads\/2022\/01\/foto_10-768x576.jpeg 768w\" sizes=\"auto, (max-width: 800px) 100vw, 800px\" \/><\/figure>\n\n\n\n<p>Muzakere devam\u0131nda Medeniyet naziri etnik siyaset saas\u0131nda devlet siyasetini \u015fekillendirmek i\u00e7\u00fcn temel yaratqan vesiqan\u0131\u00f1 qabul etilmesine b\u00fcy\u00fck emiyet bergenini bildirip, etnik siyaset memleket mustaqilligini\u00f1 22 y\u0131l\u0131 devam\u0131nda al\u00e2 daa qabul etilmegenini teess\u00fcf ile qayd etti.<\/p>\n\n\n\n<p>\u00d6z nevbetinde Mustafa Cemilev evel aytqan s\u00f6zlerini tekrar tasdiqlad\u0131, yani eger eki leyhada m\u00fcim meselelerde fikir bir olsa o, Ukraina Nazirler kabineti teklif etken leyhan\u0131\u00f1 qabul etilmesini tezle\u015ftirmek maqsad\u0131nda Ukraina halq deputat\u0131 olaraq \u00f6z leyhas\u0131n\u0131 keri al\u0131r. Mustafa Cemilevni\u00f1 b\u00f6yle pozitsiyas\u0131n\u0131 Ukraina Medeniyet naziri maqulledi.<\/p>\n\n\n\n<p>K\u00f6r\u00fc\u015f\u00fcv i\u015ftirak\u00e7ileri bun\u0131\u00f1 kibi de Q\u0131r\u0131mn\u0131\u00f1 medeniy inki\u015faf\u0131na dair diger m\u00fcim meselelerni de muzakere ettiler.<br>\u00a0<\/p>\n\n\n\n<p><strong>Mal\u00fcmat i\u00e7\u00fcn:<\/strong>&nbsp;<em>2013 senesi iy\u00fcl 5 k\u00fcn\u00fc Ukraina halq deputat\u0131, Meclis reisi Ukraina Yuqar\u0131 \u015euras\u0131nda Ukrainan\u0131\u00f1 &#8220;Ukraina devlet etnik milliy siyaseti k\u00f6ntseptsiyas\u0131 aqq\u0131nda&#8221; Qanun\u0131 leyhas\u0131n\u0131 cedvelge qayd ettirdi. Mezk\u00fcr leyha\u011fa yaz\u0131l\u011fan a\u00f1latuv tezkeresinde b\u00f6yle denile: &#8220;Devlet etnik siyaseti k\u00f6ntseptsiyas\u0131 qanun\u00e2rat\u0131c\u0131lar, devlet hadimlerine devlet etnik siyasetni\u00f1 printsipleri, maqsad ve y\u00f6neli\u015flerini\u00f1 bir a\u00f1lam\u0131n\u0131 bermeli. B\u00f6yleliknen, qanunlarda qapa-qar\u015f\u0131 maddeler olmaz, yerlerde devletni\u00f1 milliy \u00e7oqluq ve milliy azl\u0131q boyunca devlet siyasetini\u00f1 \u00f6z bilgenlerine k\u00f6re a\u00f1lamalar\u0131na yol bermez&#8221;.<\/em><\/p>\n\n\n\n<p><em>Qanun leyhas\u0131 evel de Ukrainan\u0131\u00f1 6-nc\u0131 \u00e7a\u011f\u0131r\u0131l\u0131\u015f parlamentini\u00f1 muzakeresine halq deputat\u0131 M. Cemilev taraf\u0131ndan berilgen edi. Bun\u0131\u00f1 kibi de b\u00f6yle leyha Ukraina \u00fck\u00fcmeti taraf\u0131ndan da 2012 senesi mart ay\u0131nda Yuqar\u0131 \u015eura\u011fa taqdim etilgen edi.<\/em><\/p>\n","protected":false},"excerpt":{"rendered":"<p>Sent\u00e2br 5 k\u00fcn\u00fc Ukraina halq deputat\u0131, Meclis reisi Mustafa Cemilev Ukraina Medeniyet naziri Leonid Novohatko ile k\u00f6r\u00fc\u015fti. K\u00f6r\u00fc\u015f\u00fcvde esasen halq deputat\u0131 M. Cemilev taraf\u0131ndan \u015fu y\u0131ln\u0131\u00f1 iy\u00fcl ay\u0131nda cedvelge kirsetilgen Ukrainan\u0131\u00f1\u00a0&#8220;Ukraina devlet etnik milliy siyaseti k\u00f6ntseptsiyas\u0131 aqq\u0131nda&#8221;\u00a0Qanun\u0131 leyhas\u0131, bun\u0131\u00f1 kibi de Ukraina Nazirler kabineti i\u015flegen ayn\u0131 mevzudaki Qanun leyhas\u0131 meselesi muzakere etildi. Muzakere devam\u0131nda Medeniyet [&hellip;]<\/p>\n","protected":false},"author":1,"featured_media":0,"comment_status":"open","ping_status":"open","sticky":false,"template":"","format":"standard","meta":{"inline_featured_image":false,"footnotes":""},"categories":[265],"tags":[],"class_list":["post-39185","post","type-post","status-publish","format-standard","hentry","category-haberler"],"acf":[],"yoast_head":"<!-- This site is optimized with the Yoast SEO plugin v27.4 - https:\/\/yoast.com\/product\/yoast-seo-wordpress\/ -->\n<title>Meclis reisi Mustafa Cemilev Ukraina Medeniyet naziri Leonid Novohatko ile k\u00f6r\u00fc\u015fti - \u041c\u0435\u0434\u0436\u043b\u0456\u0441<\/title>\n<meta name=\"robots\" content=\"index, follow, max-snippet:-1, max-image-preview:large, max-video-preview:-1\" \/>\n<link rel=\"canonical\" href=\"https:\/\/qtmm.org\/qt\/meclis-reisi-mustafa-cemilev-ukraina-medeniyet-naziri-leonid-novohatko-ile-korusti\/\" \/>\n<meta property=\"og:locale\" content=\"en_US\" \/>\n<meta property=\"og:type\" content=\"article\" \/>\n<meta property=\"og:title\" content=\"Meclis reisi Mustafa Cemilev Ukraina Medeniyet naziri Leonid Novohatko ile k\u00f6r\u00fc\u015fti - \u041c\u0435\u0434\u0436\u043b\u0456\u0441\" \/>\n<meta property=\"og:description\" content=\"Sent\u00e2br 5 k\u00fcn\u00fc Ukraina halq deputat\u0131, Meclis reisi Mustafa Cemilev Ukraina Medeniyet naziri Leonid Novohatko ile k\u00f6r\u00fc\u015fti. K\u00f6r\u00fc\u015f\u00fcvde esasen halq deputat\u0131 M. Cemilev taraf\u0131ndan \u015fu y\u0131ln\u0131\u00f1 iy\u00fcl ay\u0131nda cedvelge kirsetilgen Ukrainan\u0131\u00f1\u00a0&#8220;Ukraina devlet etnik milliy siyaseti k\u00f6ntseptsiyas\u0131 aqq\u0131nda&#8221;\u00a0Qanun\u0131 leyhas\u0131, bun\u0131\u00f1 kibi de Ukraina Nazirler kabineti i\u015flegen ayn\u0131 mevzudaki Qanun leyhas\u0131 meselesi muzakere etildi. Muzakere devam\u0131nda Medeniyet [&hellip;]\" \/>\n<meta property=\"og:url\" content=\"https:\/\/qtmm.org\/qt\/meclis-reisi-mustafa-cemilev-ukraina-medeniyet-naziri-leonid-novohatko-ile-korusti\/\" \/>\n<meta property=\"og:site_name\" content=\"\u041c\u0435\u0434\u0436\u043b\u0456\u0441\" \/>\n<meta property=\"article:publisher\" content=\"https:\/\/www.facebook.com\/qtmm.info\/\" \/>\n<meta property=\"article:published_time\" content=\"2013-09-05T13:34:00+00:00\" \/>\n<meta property=\"article:modified_time\" content=\"2022-01-25T13:35:10+00:00\" \/>\n<meta property=\"og:image\" content=\"https:\/\/qtmm.org\/wp-content\/uploads\/2022\/01\/foto_10.jpeg\" \/>\n\t<meta property=\"og:image:width\" content=\"800\" \/>\n\t<meta property=\"og:image:height\" content=\"600\" \/>\n\t<meta property=\"og:image:type\" content=\"image\/jpeg\" \/>\n<meta name=\"author\" content=\"Developer\" \/>\n<meta name=\"twitter:card\" content=\"summary_large_image\" \/>\n<meta name=\"twitter:label1\" content=\"Written by\" \/>\n\t<meta name=\"twitter:data1\" content=\"Developer\" \/>\n\t<meta name=\"twitter:label2\" content=\"Est. reading time\" \/>\n\t<meta name=\"twitter:data2\" content=\"2 minutes\" \/>\n<script type=\"application\/ld+json\" class=\"yoast-schema-graph\">{\"@context\":\"https:\\\/\\\/schema.org\",\"@graph\":[{\"@type\":\"Article\",\"@id\":\"https:\\\/\\\/qtmm.org\\\/qt\\\/meclis-reisi-mustafa-cemilev-ukraina-medeniyet-naziri-leonid-novohatko-ile-korusti\\\/#article\",\"isPartOf\":{\"@id\":\"https:\\\/\\\/qtmm.org\\\/qt\\\/meclis-reisi-mustafa-cemilev-ukraina-medeniyet-naziri-leonid-novohatko-ile-korusti\\\/\"},\"author\":{\"name\":\"Developer\",\"@id\":\"https:\\\/\\\/qtmm.org\\\/qt\\\/#\\\/schema\\\/person\\\/de562469f971dec226ac06e60bbf74a7\"},\"headline\":\"Meclis reisi Mustafa Cemilev Ukraina Medeniyet naziri Leonid Novohatko ile k\u00f6r\u00fc\u015fti\",\"datePublished\":\"2013-09-05T13:34:00+00:00\",\"dateModified\":\"2022-01-25T13:35:10+00:00\",\"mainEntityOfPage\":{\"@id\":\"https:\\\/\\\/qtmm.org\\\/qt\\\/meclis-reisi-mustafa-cemilev-ukraina-medeniyet-naziri-leonid-novohatko-ile-korusti\\\/\"},\"wordCount\":338,\"commentCount\":0,\"publisher\":{\"@id\":\"https:\\\/\\\/qtmm.org\\\/qt\\\/#organization\"},\"image\":{\"@id\":\"https:\\\/\\\/qtmm.org\\\/qt\\\/meclis-reisi-mustafa-cemilev-ukraina-medeniyet-naziri-leonid-novohatko-ile-korusti\\\/#primaryimage\"},\"thumbnailUrl\":\"http:\\\/\\\/qtmm.org\\\/wp-content\\\/uploads\\\/2022\\\/01\\\/foto_10.jpeg\",\"articleSection\":[\"Haberler\"],\"inLanguage\":\"qt\",\"potentialAction\":[{\"@type\":\"CommentAction\",\"name\":\"Comment\",\"target\":[\"https:\\\/\\\/qtmm.org\\\/qt\\\/meclis-reisi-mustafa-cemilev-ukraina-medeniyet-naziri-leonid-novohatko-ile-korusti\\\/#respond\"]}]},{\"@type\":\"WebPage\",\"@id\":\"https:\\\/\\\/qtmm.org\\\/qt\\\/meclis-reisi-mustafa-cemilev-ukraina-medeniyet-naziri-leonid-novohatko-ile-korusti\\\/\",\"url\":\"https:\\\/\\\/qtmm.org\\\/qt\\\/meclis-reisi-mustafa-cemilev-ukraina-medeniyet-naziri-leonid-novohatko-ile-korusti\\\/\",\"name\":\"Meclis reisi Mustafa Cemilev Ukraina Medeniyet naziri Leonid Novohatko ile k\u00f6r\u00fc\u015fti - \u041c\u0435\u0434\u0436\u043b\u0456\u0441\",\"isPartOf\":{\"@id\":\"https:\\\/\\\/qtmm.org\\\/qt\\\/#website\"},\"primaryImageOfPage\":{\"@id\":\"https:\\\/\\\/qtmm.org\\\/qt\\\/meclis-reisi-mustafa-cemilev-ukraina-medeniyet-naziri-leonid-novohatko-ile-korusti\\\/#primaryimage\"},\"image\":{\"@id\":\"https:\\\/\\\/qtmm.org\\\/qt\\\/meclis-reisi-mustafa-cemilev-ukraina-medeniyet-naziri-leonid-novohatko-ile-korusti\\\/#primaryimage\"},\"thumbnailUrl\":\"http:\\\/\\\/qtmm.org\\\/wp-content\\\/uploads\\\/2022\\\/01\\\/foto_10.jpeg\",\"datePublished\":\"2013-09-05T13:34:00+00:00\",\"dateModified\":\"2022-01-25T13:35:10+00:00\",\"breadcrumb\":{\"@id\":\"https:\\\/\\\/qtmm.org\\\/qt\\\/meclis-reisi-mustafa-cemilev-ukraina-medeniyet-naziri-leonid-novohatko-ile-korusti\\\/#breadcrumb\"},\"inLanguage\":\"qt\",\"potentialAction\":[{\"@type\":\"ReadAction\",\"target\":[\"https:\\\/\\\/qtmm.org\\\/qt\\\/meclis-reisi-mustafa-cemilev-ukraina-medeniyet-naziri-leonid-novohatko-ile-korusti\\\/\"]}]},{\"@type\":\"ImageObject\",\"inLanguage\":\"qt\",\"@id\":\"https:\\\/\\\/qtmm.org\\\/qt\\\/meclis-reisi-mustafa-cemilev-ukraina-medeniyet-naziri-leonid-novohatko-ile-korusti\\\/#primaryimage\",\"url\":\"http:\\\/\\\/qtmm.org\\\/wp-content\\\/uploads\\\/2022\\\/01\\\/foto_10.jpeg\",\"contentUrl\":\"http:\\\/\\\/qtmm.org\\\/wp-content\\\/uploads\\\/2022\\\/01\\\/foto_10.jpeg\"},{\"@type\":\"BreadcrumbList\",\"@id\":\"https:\\\/\\\/qtmm.org\\\/qt\\\/meclis-reisi-mustafa-cemilev-ukraina-medeniyet-naziri-leonid-novohatko-ile-korusti\\\/#breadcrumb\",\"itemListElement\":[{\"@type\":\"ListItem\",\"position\":1,\"name\":\"\u0413\u043e\u043b\u043e\u0432\u043d\u0430\",\"item\":\"https:\\\/\\\/qtmm.org\\\/qt\\\/\"},{\"@type\":\"ListItem\",\"position\":2,\"name\":\"Meclis reisi Mustafa Cemilev Ukraina Medeniyet naziri Leonid Novohatko ile k\u00f6r\u00fc\u015fti\"}]},{\"@type\":\"WebSite\",\"@id\":\"https:\\\/\\\/qtmm.org\\\/qt\\\/#website\",\"url\":\"https:\\\/\\\/qtmm.org\\\/qt\\\/\",\"name\":\"\u041c\u0435\u0434\u0436\u043b\u0456\u0441\",\"description\":\"\",\"publisher\":{\"@id\":\"https:\\\/\\\/qtmm.org\\\/qt\\\/#organization\"},\"potentialAction\":[{\"@type\":\"SearchAction\",\"target\":{\"@type\":\"EntryPoint\",\"urlTemplate\":\"https:\\\/\\\/qtmm.org\\\/qt\\\/?s={search_term_string}\"},\"query-input\":{\"@type\":\"PropertyValueSpecification\",\"valueRequired\":true,\"valueName\":\"search_term_string\"}}],\"inLanguage\":\"qt\"},{\"@type\":\"Organization\",\"@id\":\"https:\\\/\\\/qtmm.org\\\/qt\\\/#organization\",\"name\":\"\u041c\u0435\u0434\u0436\u043b\u0456\u0441\",\"url\":\"https:\\\/\\\/qtmm.org\\\/qt\\\/\",\"logo\":{\"@type\":\"ImageObject\",\"inLanguage\":\"qt\",\"@id\":\"https:\\\/\\\/qtmm.org\\\/qt\\\/#\\\/schema\\\/logo\\\/image\\\/\",\"url\":\"https:\\\/\\\/qtmm.org\\\/wp-content\\\/uploads\\\/2024\\\/12\\\/ua-mejlis-logo-rgb.svg\",\"contentUrl\":\"https:\\\/\\\/qtmm.org\\\/wp-content\\\/uploads\\\/2024\\\/12\\\/ua-mejlis-logo-rgb.svg\",\"caption\":\"\u041c\u0435\u0434\u0436\u043b\u0456\u0441\"},\"image\":{\"@id\":\"https:\\\/\\\/qtmm.org\\\/qt\\\/#\\\/schema\\\/logo\\\/image\\\/\"},\"sameAs\":[\"https:\\\/\\\/www.facebook.com\\\/qtmm.info\\\/\"]},{\"@type\":\"Person\",\"@id\":\"https:\\\/\\\/qtmm.org\\\/qt\\\/#\\\/schema\\\/person\\\/de562469f971dec226ac06e60bbf74a7\",\"name\":\"Developer\",\"image\":{\"@type\":\"ImageObject\",\"inLanguage\":\"qt\",\"@id\":\"https:\\\/\\\/secure.gravatar.com\\\/avatar\\\/392b4cc8fbfeb00b39dfeeab4ee6edded39ffd48e25858637e4765810300227e?s=96&d=mm&r=g\",\"url\":\"https:\\\/\\\/secure.gravatar.com\\\/avatar\\\/392b4cc8fbfeb00b39dfeeab4ee6edded39ffd48e25858637e4765810300227e?s=96&d=mm&r=g\",\"contentUrl\":\"https:\\\/\\\/secure.gravatar.com\\\/avatar\\\/392b4cc8fbfeb00b39dfeeab4ee6edded39ffd48e25858637e4765810300227e?s=96&d=mm&r=g\",\"caption\":\"Developer\"},\"url\":\"https:\\\/\\\/qtmm.org\\\/qt\\\/author\\\/Developer\\\/\"}]}<\/script>\n<!-- \/ Yoast SEO plugin. -->","yoast_head_json":{"title":"Meclis reisi Mustafa Cemilev Ukraina Medeniyet naziri Leonid Novohatko ile k\u00f6r\u00fc\u015fti - \u041c\u0435\u0434\u0436\u043b\u0456\u0441","robots":{"index":"index","follow":"follow","max-snippet":"max-snippet:-1","max-image-preview":"max-image-preview:large","max-video-preview":"max-video-preview:-1"},"canonical":"https:\/\/qtmm.org\/qt\/meclis-reisi-mustafa-cemilev-ukraina-medeniyet-naziri-leonid-novohatko-ile-korusti\/","og_locale":"en_US","og_type":"article","og_title":"Meclis reisi Mustafa Cemilev Ukraina Medeniyet naziri Leonid Novohatko ile k\u00f6r\u00fc\u015fti - \u041c\u0435\u0434\u0436\u043b\u0456\u0441","og_description":"Sent\u00e2br 5 k\u00fcn\u00fc Ukraina halq deputat\u0131, Meclis reisi Mustafa Cemilev Ukraina Medeniyet naziri Leonid Novohatko ile k\u00f6r\u00fc\u015fti. K\u00f6r\u00fc\u015f\u00fcvde esasen halq deputat\u0131 M. Cemilev taraf\u0131ndan \u015fu y\u0131ln\u0131\u00f1 iy\u00fcl ay\u0131nda cedvelge kirsetilgen Ukrainan\u0131\u00f1\u00a0&#8220;Ukraina devlet etnik milliy siyaseti k\u00f6ntseptsiyas\u0131 aqq\u0131nda&#8221;\u00a0Qanun\u0131 leyhas\u0131, bun\u0131\u00f1 kibi de Ukraina Nazirler kabineti i\u015flegen ayn\u0131 mevzudaki Qanun leyhas\u0131 meselesi muzakere etildi. Muzakere devam\u0131nda Medeniyet [&hellip;]","og_url":"https:\/\/qtmm.org\/qt\/meclis-reisi-mustafa-cemilev-ukraina-medeniyet-naziri-leonid-novohatko-ile-korusti\/","og_site_name":"\u041c\u0435\u0434\u0436\u043b\u0456\u0441","article_publisher":"https:\/\/www.facebook.com\/qtmm.info\/","article_published_time":"2013-09-05T13:34:00+00:00","article_modified_time":"2022-01-25T13:35:10+00:00","og_image":[{"width":800,"height":600,"url":"https:\/\/qtmm.org\/wp-content\/uploads\/2022\/01\/foto_10.jpeg","type":"image\/jpeg"}],"author":"Developer","twitter_card":"summary_large_image","twitter_misc":{"Written by":"Developer","Est. reading time":"2 minutes"},"schema":{"@context":"https:\/\/schema.org","@graph":[{"@type":"Article","@id":"https:\/\/qtmm.org\/qt\/meclis-reisi-mustafa-cemilev-ukraina-medeniyet-naziri-leonid-novohatko-ile-korusti\/#article","isPartOf":{"@id":"https:\/\/qtmm.org\/qt\/meclis-reisi-mustafa-cemilev-ukraina-medeniyet-naziri-leonid-novohatko-ile-korusti\/"},"author":{"name":"Developer","@id":"https:\/\/qtmm.org\/qt\/#\/schema\/person\/de562469f971dec226ac06e60bbf74a7"},"headline":"Meclis reisi Mustafa Cemilev Ukraina Medeniyet naziri Leonid Novohatko ile k\u00f6r\u00fc\u015fti","datePublished":"2013-09-05T13:34:00+00:00","dateModified":"2022-01-25T13:35:10+00:00","mainEntityOfPage":{"@id":"https:\/\/qtmm.org\/qt\/meclis-reisi-mustafa-cemilev-ukraina-medeniyet-naziri-leonid-novohatko-ile-korusti\/"},"wordCount":338,"commentCount":0,"publisher":{"@id":"https:\/\/qtmm.org\/qt\/#organization"},"image":{"@id":"https:\/\/qtmm.org\/qt\/meclis-reisi-mustafa-cemilev-ukraina-medeniyet-naziri-leonid-novohatko-ile-korusti\/#primaryimage"},"thumbnailUrl":"http:\/\/qtmm.org\/wp-content\/uploads\/2022\/01\/foto_10.jpeg","articleSection":["Haberler"],"inLanguage":"qt","potentialAction":[{"@type":"CommentAction","name":"Comment","target":["https:\/\/qtmm.org\/qt\/meclis-reisi-mustafa-cemilev-ukraina-medeniyet-naziri-leonid-novohatko-ile-korusti\/#respond"]}]},{"@type":"WebPage","@id":"https:\/\/qtmm.org\/qt\/meclis-reisi-mustafa-cemilev-ukraina-medeniyet-naziri-leonid-novohatko-ile-korusti\/","url":"https:\/\/qtmm.org\/qt\/meclis-reisi-mustafa-cemilev-ukraina-medeniyet-naziri-leonid-novohatko-ile-korusti\/","name":"Meclis reisi Mustafa Cemilev Ukraina Medeniyet naziri Leonid Novohatko ile k\u00f6r\u00fc\u015fti - \u041c\u0435\u0434\u0436\u043b\u0456\u0441","isPartOf":{"@id":"https:\/\/qtmm.org\/qt\/#website"},"primaryImageOfPage":{"@id":"https:\/\/qtmm.org\/qt\/meclis-reisi-mustafa-cemilev-ukraina-medeniyet-naziri-leonid-novohatko-ile-korusti\/#primaryimage"},"image":{"@id":"https:\/\/qtmm.org\/qt\/meclis-reisi-mustafa-cemilev-ukraina-medeniyet-naziri-leonid-novohatko-ile-korusti\/#primaryimage"},"thumbnailUrl":"http:\/\/qtmm.org\/wp-content\/uploads\/2022\/01\/foto_10.jpeg","datePublished":"2013-09-05T13:34:00+00:00","dateModified":"2022-01-25T13:35:10+00:00","breadcrumb":{"@id":"https:\/\/qtmm.org\/qt\/meclis-reisi-mustafa-cemilev-ukraina-medeniyet-naziri-leonid-novohatko-ile-korusti\/#breadcrumb"},"inLanguage":"qt","potentialAction":[{"@type":"ReadAction","target":["https:\/\/qtmm.org\/qt\/meclis-reisi-mustafa-cemilev-ukraina-medeniyet-naziri-leonid-novohatko-ile-korusti\/"]}]},{"@type":"ImageObject","inLanguage":"qt","@id":"https:\/\/qtmm.org\/qt\/meclis-reisi-mustafa-cemilev-ukraina-medeniyet-naziri-leonid-novohatko-ile-korusti\/#primaryimage","url":"http:\/\/qtmm.org\/wp-content\/uploads\/2022\/01\/foto_10.jpeg","contentUrl":"http:\/\/qtmm.org\/wp-content\/uploads\/2022\/01\/foto_10.jpeg"},{"@type":"BreadcrumbList","@id":"https:\/\/qtmm.org\/qt\/meclis-reisi-mustafa-cemilev-ukraina-medeniyet-naziri-leonid-novohatko-ile-korusti\/#breadcrumb","itemListElement":[{"@type":"ListItem","position":1,"name":"\u0413\u043e\u043b\u043e\u0432\u043d\u0430","item":"https:\/\/qtmm.org\/qt\/"},{"@type":"ListItem","position":2,"name":"Meclis reisi Mustafa Cemilev Ukraina Medeniyet naziri Leonid Novohatko ile k\u00f6r\u00fc\u015fti"}]},{"@type":"WebSite","@id":"https:\/\/qtmm.org\/qt\/#website","url":"https:\/\/qtmm.org\/qt\/","name":"\u041c\u0435\u0434\u0436\u043b\u0456\u0441","description":"","publisher":{"@id":"https:\/\/qtmm.org\/qt\/#organization"},"potentialAction":[{"@type":"SearchAction","target":{"@type":"EntryPoint","urlTemplate":"https:\/\/qtmm.org\/qt\/?s={search_term_string}"},"query-input":{"@type":"PropertyValueSpecification","valueRequired":true,"valueName":"search_term_string"}}],"inLanguage":"qt"},{"@type":"Organization","@id":"https:\/\/qtmm.org\/qt\/#organization","name":"\u041c\u0435\u0434\u0436\u043b\u0456\u0441","url":"https:\/\/qtmm.org\/qt\/","logo":{"@type":"ImageObject","inLanguage":"qt","@id":"https:\/\/qtmm.org\/qt\/#\/schema\/logo\/image\/","url":"https:\/\/qtmm.org\/wp-content\/uploads\/2024\/12\/ua-mejlis-logo-rgb.svg","contentUrl":"https:\/\/qtmm.org\/wp-content\/uploads\/2024\/12\/ua-mejlis-logo-rgb.svg","caption":"\u041c\u0435\u0434\u0436\u043b\u0456\u0441"},"image":{"@id":"https:\/\/qtmm.org\/qt\/#\/schema\/logo\/image\/"},"sameAs":["https:\/\/www.facebook.com\/qtmm.info\/"]},{"@type":"Person","@id":"https:\/\/qtmm.org\/qt\/#\/schema\/person\/de562469f971dec226ac06e60bbf74a7","name":"Developer","image":{"@type":"ImageObject","inLanguage":"qt","@id":"https:\/\/secure.gravatar.com\/avatar\/392b4cc8fbfeb00b39dfeeab4ee6edded39ffd48e25858637e4765810300227e?s=96&d=mm&r=g","url":"https:\/\/secure.gravatar.com\/avatar\/392b4cc8fbfeb00b39dfeeab4ee6edded39ffd48e25858637e4765810300227e?s=96&d=mm&r=g","contentUrl":"https:\/\/secure.gravatar.com\/avatar\/392b4cc8fbfeb00b39dfeeab4ee6edded39ffd48e25858637e4765810300227e?s=96&d=mm&r=g","caption":"Developer"},"url":"https:\/\/qtmm.org\/qt\/author\/Developer\/"}]}},"_links":{"self":[{"href":"https:\/\/qtmm.org\/qt\/wp-json\/wp\/v2\/posts\/39185","targetHints":{"allow":["GET"]}}],"collection":[{"href":"https:\/\/qtmm.org\/qt\/wp-json\/wp\/v2\/posts"}],"about":[{"href":"https:\/\/qtmm.org\/qt\/wp-json\/wp\/v2\/types\/post"}],"author":[{"embeddable":true,"href":"https:\/\/qtmm.org\/qt\/wp-json\/wp\/v2\/users\/1"}],"replies":[{"embeddable":true,"href":"https:\/\/qtmm.org\/qt\/wp-json\/wp\/v2\/comments?post=39185"}],"version-history":[{"count":1,"href":"https:\/\/qtmm.org\/qt\/wp-json\/wp\/v2\/posts\/39185\/revisions"}],"predecessor-version":[{"id":39190,"href":"https:\/\/qtmm.org\/qt\/wp-json\/wp\/v2\/posts\/39185\/revisions\/39190"}],"wp:attachment":[{"href":"https:\/\/qtmm.org\/qt\/wp-json\/wp\/v2\/media?parent=39185"}],"wp:term":[{"taxonomy":"category","embeddable":true,"href":"https:\/\/qtmm.org\/qt\/wp-json\/wp\/v2\/categories?post=39185"},{"taxonomy":"post_tag","embeddable":true,"href":"https:\/\/qtmm.org\/qt\/wp-json\/wp\/v2\/tags?post=39185"}],"curies":[{"name":"wp","href":"https:\/\/api.w.org\/{rel}","templated":true}]}}