




{"id":39179,"date":"2013-09-05T16:33:00","date_gmt":"2013-09-05T13:33:00","guid":{"rendered":"http:\/\/qtmm.org\/?p=39179"},"modified":"2022-01-25T16:34:09","modified_gmt":"2022-01-25T13:34:09","slug":"refat-cubarov-qirimtatar-problemini-poloniyada-23-nci-iqtisadiy-forumda-seslendirdi","status":"publish","type":"post","link":"https:\/\/qtmm.org\/qt\/refat-cubarov-qirimtatar-problemini-poloniyada-23-nci-iqtisadiy-forumda-seslendirdi\/","title":{"rendered":"Refat \u00c7ubarov q\u0131r\u0131mtatar problemini Poloniyada 23-nci \u0130qtisadiy forumda seslendirdi"},"content":{"rendered":"\n<p>&#8220;\u015earq ara\u015ft\u0131rmalar\u0131 institut\u0131&#8221; fond\u0131n\u0131\u00f1 daveti boyunca Meclis reisini\u00f1 birinci muavini, B\u00fct\u00fcnd\u00fcnya q\u0131r\u0131mtatarlar kongressini\u00f1 prezidenti Refat \u00c7ubarov 2-13 senesi sent\u00e2br 3-5 k\u00fcnleri Poloniyan\u0131\u00f1 Kr\u0131nitsa \u015feerinde 1991 senesinden itibaren er y\u0131l\u0131 ke\u00e7irilgen ve Merkeziy ve \u015earqiy Avropada tan\u0131l\u011fan tedbir ol\u011fan \u0130qtisadiy forum i\u015finde i\u015ftirak ete.<\/p>\n\n\n\n<p>A\u011f\u0131mdaki y\u0131ln\u0131\u00f1 forum\u0131 &#8220;Ya\u00f1\u0131 d\u00fcnya tertibini\u00f1 istiqballeri&#8221; \u015fiar\u0131 alt\u0131nda ke\u00e7erken, d\u00fcnya iqtisadiy i\u00f1q\u0131raz\u0131 ketirgen iqtisadiy, siyasiy ve i\u00e7timaiy de\u00f1i\u015fmelerge diqqat ay\u0131ra.<\/p>\n\n\n\n<p>R. \u00c7ubarov haber etkenine k\u00f6re \u0130qtisadiy forumn\u0131\u00f1 vazifesi Avropa Birligi ve qom\u015fu devletler aras\u0131nda siyasiy ve iqtisadiy i\u015fbirlikni\u00f1 inki\u015faf\u0131 i\u00e7\u00fcn o\u00f1aytl\u0131 m\u00fcit yarata.<\/p>\n\n\n\n<p>&#8220;Kr\u0131nitsa \u2013 bu, d\u00fcnya siyasiy haritas\u0131nda b\u00f6yle k\u00f6lemde \u015earq ile \u011earp k\u00f6r\u00fc\u015fken m\u00fcim bir noqtad\u0131r. Er y\u0131l\u0131 forum\u011fa 2500 i\u015ftirak\u00e7i \u2013 siyasiy, i\u00e7timaiy ve cemiyet \u00f6m\u00fcr liderleri, Avropa, Asiya ve Amerikan\u0131\u00f1 60 devletlerinden 500 jurnalist kele, &#8211; dep haber etti R. \u00c7ubarov. \u2013 Bu Merkeziy ve \u015earqiy Avropada bu kibi e\u00f1 b\u00fcy\u00fck tedbirlerden biridir&#8221;.<\/p>\n\n\n\n<p>Bundan da \u011fayr\u0131, sent\u00e2br 4 k\u00fcn\u00fc \u0130qtisadiy forum \u00e7er\u00e7ivesinde \u00f6tkerilecek &#8220;Dava potentsial\u0131? Merkeziy ve \u015earqiy Avropa devletlerinde milliy azl\u0131qlar&#8221; mevzus\u0131nda munaqa\u015fal\u0131 seminarda Meclis reisini\u00f1 birinci muavini, B\u00fct\u00fcnd\u00fcnya q\u0131r\u0131mtatarlar kongressini\u00f1 prezidenti Refat \u00c7ubarov q\u0131r\u0131mtatar problemini bug\u00fcnki k\u00fcn \u00f6l\u00e7\u00fcsi noqtai nazar\u0131ndan taqdim etti.<\/p>\n\n\n\n<figure class=\"wp-block-embed is-type-video is-provider-youtube wp-block-embed-youtube wp-embed-aspect-4-3 wp-has-aspect-ratio\"><div class=\"wp-block-embed__wrapper\">\n<iframe loading=\"lazy\" title=\"\u0412\u044b\u0441\u0442\u0443\u043f\u043b\u0435\u043d\u0438\u0435 \u0420.\u0427\u0443\u0431\u0430\u0440\u043e\u0432\u0430 \u043d\u0430 \u0425\u0425III \u042d\u043a\u043e\u043d\u043e\u043c\u0438\u0447\u0435\u0441\u043a\u043e\u043c \u0444\u043e\u0440\u0443\u043c\u0435 \u0432 \u041f\u043e\u043b\u044c\u0448\u0435\" width=\"640\" height=\"480\" src=\"https:\/\/www.youtube.com\/embed\/LYXbK93itAo?feature=oembed\" frameborder=\"0\" allow=\"accelerometer; autoplay; clipboard-write; encrypted-media; gyroscope; picture-in-picture; web-share\" referrerpolicy=\"strict-origin-when-cross-origin\" allowfullscreen><\/iframe>\n<\/div><\/figure>\n\n\n\n<figure class=\"wp-block-embed is-type-video is-provider-youtube wp-block-embed-youtube wp-embed-aspect-16-9 wp-has-aspect-ratio\"><div class=\"wp-block-embed__wrapper\">\n<iframe loading=\"lazy\" title=\"\u0420\u0435\u0444\u0430\u0442 \u0427\u0443\u0431\u0430\u0440\u043e\u0432. \u0425\u0425III \u042d\u043a\u043e\u043d\u043e\u043c\u0438\u0447\u0435\u0441\u043a\u0438\u0439 \u0444\u043e\u0440\u0443\u043c \u0432 \u041f\u043e\u043b\u044c\u0448\u0435\" width=\"640\" height=\"360\" src=\"https:\/\/www.youtube.com\/embed\/jjautVv1Kgc?feature=oembed\" frameborder=\"0\" allow=\"accelerometer; autoplay; clipboard-write; encrypted-media; gyroscope; picture-in-picture; web-share\" referrerpolicy=\"strict-origin-when-cross-origin\" allowfullscreen><\/iframe>\n<\/div><\/figure>\n","protected":false},"excerpt":{"rendered":"<p>&#8220;\u015earq ara\u015ft\u0131rmalar\u0131 institut\u0131&#8221; fond\u0131n\u0131\u00f1 daveti boyunca Meclis reisini\u00f1 birinci muavini, B\u00fct\u00fcnd\u00fcnya q\u0131r\u0131mtatarlar kongressini\u00f1 prezidenti Refat \u00c7ubarov 2-13 senesi sent\u00e2br 3-5 k\u00fcnleri Poloniyan\u0131\u00f1 Kr\u0131nitsa \u015feerinde 1991 senesinden itibaren er y\u0131l\u0131 ke\u00e7irilgen ve Merkeziy ve \u015earqiy Avropada tan\u0131l\u011fan tedbir ol\u011fan \u0130qtisadiy forum i\u015finde i\u015ftirak ete. A\u011f\u0131mdaki y\u0131ln\u0131\u00f1 forum\u0131 &#8220;Ya\u00f1\u0131 d\u00fcnya tertibini\u00f1 istiqballeri&#8221; \u015fiar\u0131 alt\u0131nda ke\u00e7erken, d\u00fcnya iqtisadiy [&hellip;]<\/p>\n","protected":false},"author":1,"featured_media":39180,"comment_status":"open","ping_status":"open","sticky":false,"template":"","format":"standard","meta":{"inline_featured_image":false,"footnotes":""},"categories":[265],"tags":[],"class_list":["post-39179","post","type-post","status-publish","format-standard","has-post-thumbnail","hentry","category-haberler"],"acf":[],"yoast_head":"<!-- This site is optimized with the Yoast SEO plugin v27.4 - https:\/\/yoast.com\/product\/yoast-seo-wordpress\/ -->\n<title>Refat \u00c7ubarov q\u0131r\u0131mtatar problemini Poloniyada 23-nci \u0130qtisadiy forumda seslendirdi - \u041c\u0435\u0434\u0436\u043b\u0456\u0441<\/title>\n<meta name=\"robots\" content=\"index, follow, max-snippet:-1, max-image-preview:large, max-video-preview:-1\" \/>\n<link rel=\"canonical\" href=\"https:\/\/qtmm.org\/qt\/refat-cubarov-qirimtatar-problemini-poloniyada-23-nci-iqtisadiy-forumda-seslendirdi\/\" \/>\n<meta property=\"og:locale\" content=\"en_US\" \/>\n<meta property=\"og:type\" content=\"article\" \/>\n<meta property=\"og:title\" content=\"Refat \u00c7ubarov q\u0131r\u0131mtatar problemini Poloniyada 23-nci \u0130qtisadiy forumda seslendirdi - \u041c\u0435\u0434\u0436\u043b\u0456\u0441\" \/>\n<meta property=\"og:description\" content=\"&#8220;\u015earq ara\u015ft\u0131rmalar\u0131 institut\u0131&#8221; fond\u0131n\u0131\u00f1 daveti boyunca Meclis reisini\u00f1 birinci muavini, B\u00fct\u00fcnd\u00fcnya q\u0131r\u0131mtatarlar kongressini\u00f1 prezidenti Refat \u00c7ubarov 2-13 senesi sent\u00e2br 3-5 k\u00fcnleri Poloniyan\u0131\u00f1 Kr\u0131nitsa \u015feerinde 1991 senesinden itibaren er y\u0131l\u0131 ke\u00e7irilgen ve Merkeziy ve \u015earqiy Avropada tan\u0131l\u011fan tedbir ol\u011fan \u0130qtisadiy forum i\u015finde i\u015ftirak ete. A\u011f\u0131mdaki y\u0131ln\u0131\u00f1 forum\u0131 &#8220;Ya\u00f1\u0131 d\u00fcnya tertibini\u00f1 istiqballeri&#8221; \u015fiar\u0131 alt\u0131nda ke\u00e7erken, d\u00fcnya iqtisadiy [&hellip;]\" \/>\n<meta property=\"og:url\" content=\"https:\/\/qtmm.org\/qt\/refat-cubarov-qirimtatar-problemini-poloniyada-23-nci-iqtisadiy-forumda-seslendirdi\/\" \/>\n<meta property=\"og:site_name\" content=\"\u041c\u0435\u0434\u0436\u043b\u0456\u0441\" \/>\n<meta property=\"article:publisher\" content=\"https:\/\/www.facebook.com\/qtmm.info\/\" \/>\n<meta property=\"article:published_time\" content=\"2013-09-05T13:33:00+00:00\" \/>\n<meta property=\"article:modified_time\" content=\"2022-01-25T13:34:09+00:00\" \/>\n<meta property=\"og:image\" content=\"https:\/\/qtmm.org\/wp-content\/uploads\/2022\/01\/970810_477895905638902_291417057_n.jpeg\" \/>\n\t<meta property=\"og:image:width\" content=\"800\" \/>\n\t<meta property=\"og:image:height\" content=\"451\" \/>\n\t<meta property=\"og:image:type\" content=\"image\/jpeg\" \/>\n<meta name=\"author\" content=\"Developer\" \/>\n<meta name=\"twitter:card\" content=\"summary_large_image\" \/>\n<meta name=\"twitter:label1\" content=\"Written by\" \/>\n\t<meta name=\"twitter:data1\" content=\"Developer\" \/>\n\t<meta name=\"twitter:label2\" content=\"Est. reading time\" \/>\n\t<meta name=\"twitter:data2\" content=\"1 minute\" \/>\n<script type=\"application\/ld+json\" class=\"yoast-schema-graph\">{\"@context\":\"https:\\\/\\\/schema.org\",\"@graph\":[{\"@type\":\"Article\",\"@id\":\"https:\\\/\\\/qtmm.org\\\/qt\\\/refat-cubarov-qirimtatar-problemini-poloniyada-23-nci-iqtisadiy-forumda-seslendirdi\\\/#article\",\"isPartOf\":{\"@id\":\"https:\\\/\\\/qtmm.org\\\/qt\\\/refat-cubarov-qirimtatar-problemini-poloniyada-23-nci-iqtisadiy-forumda-seslendirdi\\\/\"},\"author\":{\"name\":\"Developer\",\"@id\":\"https:\\\/\\\/qtmm.org\\\/qt\\\/#\\\/schema\\\/person\\\/de562469f971dec226ac06e60bbf74a7\"},\"headline\":\"Refat \u00c7ubarov q\u0131r\u0131mtatar problemini Poloniyada 23-nci \u0130qtisadiy forumda seslendirdi\",\"datePublished\":\"2013-09-05T13:33:00+00:00\",\"dateModified\":\"2022-01-25T13:34:09+00:00\",\"mainEntityOfPage\":{\"@id\":\"https:\\\/\\\/qtmm.org\\\/qt\\\/refat-cubarov-qirimtatar-problemini-poloniyada-23-nci-iqtisadiy-forumda-seslendirdi\\\/\"},\"wordCount\":267,\"commentCount\":0,\"publisher\":{\"@id\":\"https:\\\/\\\/qtmm.org\\\/qt\\\/#organization\"},\"image\":{\"@id\":\"https:\\\/\\\/qtmm.org\\\/qt\\\/refat-cubarov-qirimtatar-problemini-poloniyada-23-nci-iqtisadiy-forumda-seslendirdi\\\/#primaryimage\"},\"thumbnailUrl\":\"https:\\\/\\\/qtmm.org\\\/wp-content\\\/uploads\\\/2022\\\/01\\\/970810_477895905638902_291417057_n.jpeg\",\"articleSection\":[\"Haberler\"],\"inLanguage\":\"qt\",\"potentialAction\":[{\"@type\":\"CommentAction\",\"name\":\"Comment\",\"target\":[\"https:\\\/\\\/qtmm.org\\\/qt\\\/refat-cubarov-qirimtatar-problemini-poloniyada-23-nci-iqtisadiy-forumda-seslendirdi\\\/#respond\"]}]},{\"@type\":\"WebPage\",\"@id\":\"https:\\\/\\\/qtmm.org\\\/qt\\\/refat-cubarov-qirimtatar-problemini-poloniyada-23-nci-iqtisadiy-forumda-seslendirdi\\\/\",\"url\":\"https:\\\/\\\/qtmm.org\\\/qt\\\/refat-cubarov-qirimtatar-problemini-poloniyada-23-nci-iqtisadiy-forumda-seslendirdi\\\/\",\"name\":\"Refat \u00c7ubarov q\u0131r\u0131mtatar problemini Poloniyada 23-nci \u0130qtisadiy forumda seslendirdi - \u041c\u0435\u0434\u0436\u043b\u0456\u0441\",\"isPartOf\":{\"@id\":\"https:\\\/\\\/qtmm.org\\\/qt\\\/#website\"},\"primaryImageOfPage\":{\"@id\":\"https:\\\/\\\/qtmm.org\\\/qt\\\/refat-cubarov-qirimtatar-problemini-poloniyada-23-nci-iqtisadiy-forumda-seslendirdi\\\/#primaryimage\"},\"image\":{\"@id\":\"https:\\\/\\\/qtmm.org\\\/qt\\\/refat-cubarov-qirimtatar-problemini-poloniyada-23-nci-iqtisadiy-forumda-seslendirdi\\\/#primaryimage\"},\"thumbnailUrl\":\"https:\\\/\\\/qtmm.org\\\/wp-content\\\/uploads\\\/2022\\\/01\\\/970810_477895905638902_291417057_n.jpeg\",\"datePublished\":\"2013-09-05T13:33:00+00:00\",\"dateModified\":\"2022-01-25T13:34:09+00:00\",\"breadcrumb\":{\"@id\":\"https:\\\/\\\/qtmm.org\\\/qt\\\/refat-cubarov-qirimtatar-problemini-poloniyada-23-nci-iqtisadiy-forumda-seslendirdi\\\/#breadcrumb\"},\"inLanguage\":\"qt\",\"potentialAction\":[{\"@type\":\"ReadAction\",\"target\":[\"https:\\\/\\\/qtmm.org\\\/qt\\\/refat-cubarov-qirimtatar-problemini-poloniyada-23-nci-iqtisadiy-forumda-seslendirdi\\\/\"]}]},{\"@type\":\"ImageObject\",\"inLanguage\":\"qt\",\"@id\":\"https:\\\/\\\/qtmm.org\\\/qt\\\/refat-cubarov-qirimtatar-problemini-poloniyada-23-nci-iqtisadiy-forumda-seslendirdi\\\/#primaryimage\",\"url\":\"https:\\\/\\\/qtmm.org\\\/wp-content\\\/uploads\\\/2022\\\/01\\\/970810_477895905638902_291417057_n.jpeg\",\"contentUrl\":\"https:\\\/\\\/qtmm.org\\\/wp-content\\\/uploads\\\/2022\\\/01\\\/970810_477895905638902_291417057_n.jpeg\",\"width\":800,\"height\":451},{\"@type\":\"BreadcrumbList\",\"@id\":\"https:\\\/\\\/qtmm.org\\\/qt\\\/refat-cubarov-qirimtatar-problemini-poloniyada-23-nci-iqtisadiy-forumda-seslendirdi\\\/#breadcrumb\",\"itemListElement\":[{\"@type\":\"ListItem\",\"position\":1,\"name\":\"\u0413\u043e\u043b\u043e\u0432\u043d\u0430\",\"item\":\"https:\\\/\\\/qtmm.org\\\/qt\\\/\"},{\"@type\":\"ListItem\",\"position\":2,\"name\":\"Refat \u00c7ubarov q\u0131r\u0131mtatar problemini Poloniyada 23-nci \u0130qtisadiy forumda seslendirdi\"}]},{\"@type\":\"WebSite\",\"@id\":\"https:\\\/\\\/qtmm.org\\\/qt\\\/#website\",\"url\":\"https:\\\/\\\/qtmm.org\\\/qt\\\/\",\"name\":\"\u041c\u0435\u0434\u0436\u043b\u0456\u0441\",\"description\":\"\",\"publisher\":{\"@id\":\"https:\\\/\\\/qtmm.org\\\/qt\\\/#organization\"},\"potentialAction\":[{\"@type\":\"SearchAction\",\"target\":{\"@type\":\"EntryPoint\",\"urlTemplate\":\"https:\\\/\\\/qtmm.org\\\/qt\\\/?s={search_term_string}\"},\"query-input\":{\"@type\":\"PropertyValueSpecification\",\"valueRequired\":true,\"valueName\":\"search_term_string\"}}],\"inLanguage\":\"qt\"},{\"@type\":\"Organization\",\"@id\":\"https:\\\/\\\/qtmm.org\\\/qt\\\/#organization\",\"name\":\"\u041c\u0435\u0434\u0436\u043b\u0456\u0441\",\"url\":\"https:\\\/\\\/qtmm.org\\\/qt\\\/\",\"logo\":{\"@type\":\"ImageObject\",\"inLanguage\":\"qt\",\"@id\":\"https:\\\/\\\/qtmm.org\\\/qt\\\/#\\\/schema\\\/logo\\\/image\\\/\",\"url\":\"https:\\\/\\\/qtmm.org\\\/wp-content\\\/uploads\\\/2024\\\/12\\\/ua-mejlis-logo-rgb.svg\",\"contentUrl\":\"https:\\\/\\\/qtmm.org\\\/wp-content\\\/uploads\\\/2024\\\/12\\\/ua-mejlis-logo-rgb.svg\",\"caption\":\"\u041c\u0435\u0434\u0436\u043b\u0456\u0441\"},\"image\":{\"@id\":\"https:\\\/\\\/qtmm.org\\\/qt\\\/#\\\/schema\\\/logo\\\/image\\\/\"},\"sameAs\":[\"https:\\\/\\\/www.facebook.com\\\/qtmm.info\\\/\"]},{\"@type\":\"Person\",\"@id\":\"https:\\\/\\\/qtmm.org\\\/qt\\\/#\\\/schema\\\/person\\\/de562469f971dec226ac06e60bbf74a7\",\"name\":\"Developer\",\"image\":{\"@type\":\"ImageObject\",\"inLanguage\":\"qt\",\"@id\":\"https:\\\/\\\/secure.gravatar.com\\\/avatar\\\/392b4cc8fbfeb00b39dfeeab4ee6edded39ffd48e25858637e4765810300227e?s=96&d=mm&r=g\",\"url\":\"https:\\\/\\\/secure.gravatar.com\\\/avatar\\\/392b4cc8fbfeb00b39dfeeab4ee6edded39ffd48e25858637e4765810300227e?s=96&d=mm&r=g\",\"contentUrl\":\"https:\\\/\\\/secure.gravatar.com\\\/avatar\\\/392b4cc8fbfeb00b39dfeeab4ee6edded39ffd48e25858637e4765810300227e?s=96&d=mm&r=g\",\"caption\":\"Developer\"},\"url\":\"https:\\\/\\\/qtmm.org\\\/qt\\\/author\\\/Developer\\\/\"}]}<\/script>\n<!-- \/ Yoast SEO plugin. -->","yoast_head_json":{"title":"Refat \u00c7ubarov q\u0131r\u0131mtatar problemini Poloniyada 23-nci \u0130qtisadiy forumda seslendirdi - \u041c\u0435\u0434\u0436\u043b\u0456\u0441","robots":{"index":"index","follow":"follow","max-snippet":"max-snippet:-1","max-image-preview":"max-image-preview:large","max-video-preview":"max-video-preview:-1"},"canonical":"https:\/\/qtmm.org\/qt\/refat-cubarov-qirimtatar-problemini-poloniyada-23-nci-iqtisadiy-forumda-seslendirdi\/","og_locale":"en_US","og_type":"article","og_title":"Refat \u00c7ubarov q\u0131r\u0131mtatar problemini Poloniyada 23-nci \u0130qtisadiy forumda seslendirdi - \u041c\u0435\u0434\u0436\u043b\u0456\u0441","og_description":"&#8220;\u015earq ara\u015ft\u0131rmalar\u0131 institut\u0131&#8221; fond\u0131n\u0131\u00f1 daveti boyunca Meclis reisini\u00f1 birinci muavini, B\u00fct\u00fcnd\u00fcnya q\u0131r\u0131mtatarlar kongressini\u00f1 prezidenti Refat \u00c7ubarov 2-13 senesi sent\u00e2br 3-5 k\u00fcnleri Poloniyan\u0131\u00f1 Kr\u0131nitsa \u015feerinde 1991 senesinden itibaren er y\u0131l\u0131 ke\u00e7irilgen ve Merkeziy ve \u015earqiy Avropada tan\u0131l\u011fan tedbir ol\u011fan \u0130qtisadiy forum i\u015finde i\u015ftirak ete. A\u011f\u0131mdaki y\u0131ln\u0131\u00f1 forum\u0131 &#8220;Ya\u00f1\u0131 d\u00fcnya tertibini\u00f1 istiqballeri&#8221; \u015fiar\u0131 alt\u0131nda ke\u00e7erken, d\u00fcnya iqtisadiy [&hellip;]","og_url":"https:\/\/qtmm.org\/qt\/refat-cubarov-qirimtatar-problemini-poloniyada-23-nci-iqtisadiy-forumda-seslendirdi\/","og_site_name":"\u041c\u0435\u0434\u0436\u043b\u0456\u0441","article_publisher":"https:\/\/www.facebook.com\/qtmm.info\/","article_published_time":"2013-09-05T13:33:00+00:00","article_modified_time":"2022-01-25T13:34:09+00:00","og_image":[{"width":800,"height":451,"url":"https:\/\/qtmm.org\/wp-content\/uploads\/2022\/01\/970810_477895905638902_291417057_n.jpeg","type":"image\/jpeg"}],"author":"Developer","twitter_card":"summary_large_image","twitter_misc":{"Written by":"Developer","Est. reading time":"1 minute"},"schema":{"@context":"https:\/\/schema.org","@graph":[{"@type":"Article","@id":"https:\/\/qtmm.org\/qt\/refat-cubarov-qirimtatar-problemini-poloniyada-23-nci-iqtisadiy-forumda-seslendirdi\/#article","isPartOf":{"@id":"https:\/\/qtmm.org\/qt\/refat-cubarov-qirimtatar-problemini-poloniyada-23-nci-iqtisadiy-forumda-seslendirdi\/"},"author":{"name":"Developer","@id":"https:\/\/qtmm.org\/qt\/#\/schema\/person\/de562469f971dec226ac06e60bbf74a7"},"headline":"Refat \u00c7ubarov q\u0131r\u0131mtatar problemini Poloniyada 23-nci \u0130qtisadiy forumda seslendirdi","datePublished":"2013-09-05T13:33:00+00:00","dateModified":"2022-01-25T13:34:09+00:00","mainEntityOfPage":{"@id":"https:\/\/qtmm.org\/qt\/refat-cubarov-qirimtatar-problemini-poloniyada-23-nci-iqtisadiy-forumda-seslendirdi\/"},"wordCount":267,"commentCount":0,"publisher":{"@id":"https:\/\/qtmm.org\/qt\/#organization"},"image":{"@id":"https:\/\/qtmm.org\/qt\/refat-cubarov-qirimtatar-problemini-poloniyada-23-nci-iqtisadiy-forumda-seslendirdi\/#primaryimage"},"thumbnailUrl":"https:\/\/qtmm.org\/wp-content\/uploads\/2022\/01\/970810_477895905638902_291417057_n.jpeg","articleSection":["Haberler"],"inLanguage":"qt","potentialAction":[{"@type":"CommentAction","name":"Comment","target":["https:\/\/qtmm.org\/qt\/refat-cubarov-qirimtatar-problemini-poloniyada-23-nci-iqtisadiy-forumda-seslendirdi\/#respond"]}]},{"@type":"WebPage","@id":"https:\/\/qtmm.org\/qt\/refat-cubarov-qirimtatar-problemini-poloniyada-23-nci-iqtisadiy-forumda-seslendirdi\/","url":"https:\/\/qtmm.org\/qt\/refat-cubarov-qirimtatar-problemini-poloniyada-23-nci-iqtisadiy-forumda-seslendirdi\/","name":"Refat \u00c7ubarov q\u0131r\u0131mtatar problemini Poloniyada 23-nci \u0130qtisadiy forumda seslendirdi - \u041c\u0435\u0434\u0436\u043b\u0456\u0441","isPartOf":{"@id":"https:\/\/qtmm.org\/qt\/#website"},"primaryImageOfPage":{"@id":"https:\/\/qtmm.org\/qt\/refat-cubarov-qirimtatar-problemini-poloniyada-23-nci-iqtisadiy-forumda-seslendirdi\/#primaryimage"},"image":{"@id":"https:\/\/qtmm.org\/qt\/refat-cubarov-qirimtatar-problemini-poloniyada-23-nci-iqtisadiy-forumda-seslendirdi\/#primaryimage"},"thumbnailUrl":"https:\/\/qtmm.org\/wp-content\/uploads\/2022\/01\/970810_477895905638902_291417057_n.jpeg","datePublished":"2013-09-05T13:33:00+00:00","dateModified":"2022-01-25T13:34:09+00:00","breadcrumb":{"@id":"https:\/\/qtmm.org\/qt\/refat-cubarov-qirimtatar-problemini-poloniyada-23-nci-iqtisadiy-forumda-seslendirdi\/#breadcrumb"},"inLanguage":"qt","potentialAction":[{"@type":"ReadAction","target":["https:\/\/qtmm.org\/qt\/refat-cubarov-qirimtatar-problemini-poloniyada-23-nci-iqtisadiy-forumda-seslendirdi\/"]}]},{"@type":"ImageObject","inLanguage":"qt","@id":"https:\/\/qtmm.org\/qt\/refat-cubarov-qirimtatar-problemini-poloniyada-23-nci-iqtisadiy-forumda-seslendirdi\/#primaryimage","url":"https:\/\/qtmm.org\/wp-content\/uploads\/2022\/01\/970810_477895905638902_291417057_n.jpeg","contentUrl":"https:\/\/qtmm.org\/wp-content\/uploads\/2022\/01\/970810_477895905638902_291417057_n.jpeg","width":800,"height":451},{"@type":"BreadcrumbList","@id":"https:\/\/qtmm.org\/qt\/refat-cubarov-qirimtatar-problemini-poloniyada-23-nci-iqtisadiy-forumda-seslendirdi\/#breadcrumb","itemListElement":[{"@type":"ListItem","position":1,"name":"\u0413\u043e\u043b\u043e\u0432\u043d\u0430","item":"https:\/\/qtmm.org\/qt\/"},{"@type":"ListItem","position":2,"name":"Refat \u00c7ubarov q\u0131r\u0131mtatar problemini Poloniyada 23-nci \u0130qtisadiy forumda seslendirdi"}]},{"@type":"WebSite","@id":"https:\/\/qtmm.org\/qt\/#website","url":"https:\/\/qtmm.org\/qt\/","name":"\u041c\u0435\u0434\u0436\u043b\u0456\u0441","description":"","publisher":{"@id":"https:\/\/qtmm.org\/qt\/#organization"},"potentialAction":[{"@type":"SearchAction","target":{"@type":"EntryPoint","urlTemplate":"https:\/\/qtmm.org\/qt\/?s={search_term_string}"},"query-input":{"@type":"PropertyValueSpecification","valueRequired":true,"valueName":"search_term_string"}}],"inLanguage":"qt"},{"@type":"Organization","@id":"https:\/\/qtmm.org\/qt\/#organization","name":"\u041c\u0435\u0434\u0436\u043b\u0456\u0441","url":"https:\/\/qtmm.org\/qt\/","logo":{"@type":"ImageObject","inLanguage":"qt","@id":"https:\/\/qtmm.org\/qt\/#\/schema\/logo\/image\/","url":"https:\/\/qtmm.org\/wp-content\/uploads\/2024\/12\/ua-mejlis-logo-rgb.svg","contentUrl":"https:\/\/qtmm.org\/wp-content\/uploads\/2024\/12\/ua-mejlis-logo-rgb.svg","caption":"\u041c\u0435\u0434\u0436\u043b\u0456\u0441"},"image":{"@id":"https:\/\/qtmm.org\/qt\/#\/schema\/logo\/image\/"},"sameAs":["https:\/\/www.facebook.com\/qtmm.info\/"]},{"@type":"Person","@id":"https:\/\/qtmm.org\/qt\/#\/schema\/person\/de562469f971dec226ac06e60bbf74a7","name":"Developer","image":{"@type":"ImageObject","inLanguage":"qt","@id":"https:\/\/secure.gravatar.com\/avatar\/392b4cc8fbfeb00b39dfeeab4ee6edded39ffd48e25858637e4765810300227e?s=96&d=mm&r=g","url":"https:\/\/secure.gravatar.com\/avatar\/392b4cc8fbfeb00b39dfeeab4ee6edded39ffd48e25858637e4765810300227e?s=96&d=mm&r=g","contentUrl":"https:\/\/secure.gravatar.com\/avatar\/392b4cc8fbfeb00b39dfeeab4ee6edded39ffd48e25858637e4765810300227e?s=96&d=mm&r=g","caption":"Developer"},"url":"https:\/\/qtmm.org\/qt\/author\/Developer\/"}]}},"_links":{"self":[{"href":"https:\/\/qtmm.org\/qt\/wp-json\/wp\/v2\/posts\/39179","targetHints":{"allow":["GET"]}}],"collection":[{"href":"https:\/\/qtmm.org\/qt\/wp-json\/wp\/v2\/posts"}],"about":[{"href":"https:\/\/qtmm.org\/qt\/wp-json\/wp\/v2\/types\/post"}],"author":[{"embeddable":true,"href":"https:\/\/qtmm.org\/qt\/wp-json\/wp\/v2\/users\/1"}],"replies":[{"embeddable":true,"href":"https:\/\/qtmm.org\/qt\/wp-json\/wp\/v2\/comments?post=39179"}],"version-history":[{"count":1,"href":"https:\/\/qtmm.org\/qt\/wp-json\/wp\/v2\/posts\/39179\/revisions"}],"predecessor-version":[{"id":39184,"href":"https:\/\/qtmm.org\/qt\/wp-json\/wp\/v2\/posts\/39179\/revisions\/39184"}],"wp:featuredmedia":[{"embeddable":true,"href":"https:\/\/qtmm.org\/qt\/wp-json\/wp\/v2\/media\/39180"}],"wp:attachment":[{"href":"https:\/\/qtmm.org\/qt\/wp-json\/wp\/v2\/media?parent=39179"}],"wp:term":[{"taxonomy":"category","embeddable":true,"href":"https:\/\/qtmm.org\/qt\/wp-json\/wp\/v2\/categories?post=39179"},{"taxonomy":"post_tag","embeddable":true,"href":"https:\/\/qtmm.org\/qt\/wp-json\/wp\/v2\/tags?post=39179"}],"curies":[{"name":"wp","href":"https:\/\/api.w.org\/{rel}","templated":true}]}}