




{"id":39177,"date":"2013-09-04T16:32:00","date_gmt":"2013-09-04T13:32:00","guid":{"rendered":"http:\/\/qtmm.org\/?p=39177"},"modified":"2022-01-25T16:32:55","modified_gmt":"2022-01-25T13:32:55","slug":"qirim-inkisafi-vaqufi-ismail-gasprinskiy-omuri-ve-faaliyetine-bagislangan-isler-yarisinin-neticelerine-yekun-cekti","status":"publish","type":"post","link":"https:\/\/qtmm.org\/qt\/qirim-inkisafi-vaqufi-ismail-gasprinskiy-omuri-ve-faaliyetine-bagislangan-isler-yarisinin-neticelerine-yekun-cekti\/","title":{"rendered":"\u00abQ\u0131r\u0131m inki\u015faf\u0131 vaquf\u0131\u00bb \u0130smail Gasprinskiy \u00f6m\u00fcri ve faaliyetine ba\u011f\u0131\u015flan\u011fan i\u015fler yar\u0131\u015f\u0131n\u0131\u00f1 neticelerine yek\u00fcn \u00e7ekti"},"content":{"rendered":"\n<p>&#8220;Q\u0131r\u0131m inki\u015faf\u0131 vaquf\u0131&#8221;\u00a0Hayriye te\u015fkil\u00e2t\u0131 2013 senesi baarde il\u00e2n etilgen \u0130smail Gasprinskiy \u00f6m\u00fcri ve faaliyetine ba\u011f\u0131\u015flan\u011fan i\u015flerni\u00f1 er y\u0131ll\u0131q<br>Ekinci yar\u0131\u015f\u0131 neticelerine yek\u00fcn \u00e7ekti<br><br>Fondn\u0131\u00f1 matbuat h\u0131zmetinde bildirgenlerine k\u00f6re bir \u00e7oq i\u015fler yar\u0131\u015f mevzus\u0131na uymasa da, te\u015fkil\u00e2t idaresi olarn\u0131\u00f1 aktualligini esapqa alaraq yar\u0131\u015fta i\u015ftirak etmege izin berdi. &#8220;Ayn\u0131 \u015fu sebeplerge k\u00f6re Fond muk\u00e2fatlarn\u0131\u00f1 say\u0131s\u0131n\u0131 alt\u0131dan \u00fc\u00e7ke eksiltip, miqdar\u0131n\u0131 artt\u0131rd\u0131. Birinci muk\u00e2fat 5 bi\u00f1, ekinci muk\u00e2fat \u2013 3 bi\u00f1 ve \u00fc\u00e7\u00fcnci muk\u00e2fat 2 bi\u00f1 grivn\u00e2n\u0131 te\u015fkil etecek, &#8211; dep haber ettiler Fondn\u0131\u00f1 matbuat h\u0131zmetinde.<\/p>\n\n\n\n<p>Yar\u0131\u015f i\u015ftirak\u00e7ileri aras\u0131nda \u011falip olaraq a\u015fa\u011f\u0131daki i\u015fler tan\u0131ld\u0131:<br><br><strong>Birinci muk\u00e2fat:<\/strong><br><br><strong>&#8220;Ba\u011f\u00e7asaray tarihiy-medeniy qoruq&#8221; \u0130smail Gasprinskiyni\u00f1 m\u00fczeyi<\/strong><\/p>\n\n\n\n<p><em>&#8220;\u0130smail Gasprinskiyni\u00f1 kabineti&#8221; ve &#8220;Ba\u011f\u00e7asaray 19-20 as\u0131rlarda fotoresimlerde&#8221; ekspozitsion leyhalar\u0131 ve &#8220;\u0130smail Gasprinskiy evini \u011fayr\u0131dan tiklev leyhas\u0131&#8221; i\u00e7\u00fcn<\/em><br><br><strong>Ekinci muk\u00e2fat:<\/strong><br><br><strong>G\u00fclnara BEK\u0130ROVA<\/strong>, siyasiy ilimler namzeti, QMPU Tarih-filologiya fakulteti tarih kafedras\u0131n\u0131\u00f1 \u00fcyken ocas\u0131, &#8220;Tarih sedas\u0131&#8221; (ATR telekanal\u0131) programmas\u0131n\u0131\u00f1 m\u00fcellifi ve al\u0131p bar\u0131c\u0131s\u0131<br><br><em>ATR telekanal\u0131nda yay\u0131nlar t\u00fcrk\u00fcmi i\u00e7\u00fcn:<\/em><br>&#8220;\u0130.Gasprinskiy tercimeiyal\u0131n\u0131\u00f1 y\u0131lnameleri&#8221;;<br>&#8220;Ulu q\u0131r\u0131mtatar m\u00fctefekkiri \u0130. Gasprinskiyni\u00f1 \u011fayelerinde zamann\u0131\u00f1 &#8220;bel\u00e2l\u0131 meseleleri&#8221; ve d\u00fcnyabaq\u0131\u015f\u0131n\u0131\u00f1 esas printsipleri;<br>&#8220;\u0130smail Gasprinskiyni\u00f1 intellektual variyetinde qad\u0131n meselesi&#8221;;<br>&#8220;Terciman&#8221; gazetas\u0131 \u2013 a\u00e7\u0131luv\u0131n\u0131\u00f1 yubileyine&#8221;<br><br><strong>\u00dc\u00e7\u00fcnci muk\u00e2fat<\/strong><br><br><strong>Andrey \u0130VANETs<\/strong>, Milliy \u0130lmiy-tedqiqat institut\u0131 Q\u0131r\u0131m b\u00f6l\u00fcgini\u00f1 konsultant\u0131, T. \u015eev\u00e7enko ad\u0131na \u0130lmiy cemiyetni\u00f1 azas\u0131.<\/p>\n\n\n\n<p><em>&#8220;\u0130nqil\u00e2p devrini\u00f1 ukrain-q\u0131r\u0131mtatar ittifaq\u0131. Ker\u00e7ekle\u015fmegen alternativa ya da 1917 senesi Merkeziy \u015eura\u011fa Q\u0131r\u0131m musulmanlar\u0131 delegatsiyas\u0131n\u0131\u00f1 s\u0131r\u0131&#8221; serleval\u0131 tarihiy-publitsistik essesi i\u00e7\u00fcn<\/em><\/p>\n\n\n\n<p>Bun\u0131\u00f1 kibi de Ba\u011f\u00e7asaraydaki &#8220;Lari\u015fes&#8221; ve &#8220;\u0130smail Gasprinskiyni\u00f1 m\u00fczeyi&#8221;ni\u00f1 hadimlerini taqdirlemek i\u00e7\u00fcn 500 grivn\u00e2dan 4 muk\u00e2fat tesis etildi.<\/p>\n","protected":false},"excerpt":{"rendered":"<p>&#8220;Q\u0131r\u0131m inki\u015faf\u0131 vaquf\u0131&#8221;\u00a0Hayriye te\u015fkil\u00e2t\u0131 2013 senesi baarde il\u00e2n etilgen \u0130smail Gasprinskiy \u00f6m\u00fcri ve faaliyetine ba\u011f\u0131\u015flan\u011fan i\u015flerni\u00f1 er y\u0131ll\u0131qEkinci yar\u0131\u015f\u0131 neticelerine yek\u00fcn \u00e7ekti Fondn\u0131\u00f1 matbuat h\u0131zmetinde bildirgenlerine k\u00f6re bir \u00e7oq i\u015fler yar\u0131\u015f mevzus\u0131na uymasa da, te\u015fkil\u00e2t idaresi olarn\u0131\u00f1 aktualligini esapqa alaraq yar\u0131\u015fta i\u015ftirak etmege izin berdi. &#8220;Ayn\u0131 \u015fu sebeplerge k\u00f6re Fond muk\u00e2fatlarn\u0131\u00f1 say\u0131s\u0131n\u0131 alt\u0131dan \u00fc\u00e7ke eksiltip, [&hellip;]<\/p>\n","protected":false},"author":1,"featured_media":0,"comment_status":"open","ping_status":"open","sticky":false,"template":"","format":"standard","meta":{"inline_featured_image":false,"footnotes":""},"categories":[265],"tags":[],"class_list":["post-39177","post","type-post","status-publish","format-standard","hentry","category-haberler"],"acf":[],"yoast_head":"<!-- This site is optimized with the Yoast SEO plugin v27.4 - https:\/\/yoast.com\/product\/yoast-seo-wordpress\/ -->\n<title>\u00abQ\u0131r\u0131m inki\u015faf\u0131 vaquf\u0131\u00bb \u0130smail Gasprinskiy \u00f6m\u00fcri ve faaliyetine ba\u011f\u0131\u015flan\u011fan i\u015fler yar\u0131\u015f\u0131n\u0131\u00f1 neticelerine yek\u00fcn \u00e7ekti - \u041c\u0435\u0434\u0436\u043b\u0456\u0441<\/title>\n<meta name=\"robots\" content=\"index, follow, max-snippet:-1, max-image-preview:large, max-video-preview:-1\" \/>\n<link rel=\"canonical\" href=\"https:\/\/qtmm.org\/qt\/qirim-inkisafi-vaqufi-ismail-gasprinskiy-omuri-ve-faaliyetine-bagislangan-isler-yarisinin-neticelerine-yekun-cekti\/\" \/>\n<meta property=\"og:locale\" content=\"en_US\" \/>\n<meta property=\"og:type\" content=\"article\" \/>\n<meta property=\"og:title\" content=\"\u00abQ\u0131r\u0131m inki\u015faf\u0131 vaquf\u0131\u00bb \u0130smail Gasprinskiy \u00f6m\u00fcri ve faaliyetine ba\u011f\u0131\u015flan\u011fan i\u015fler yar\u0131\u015f\u0131n\u0131\u00f1 neticelerine yek\u00fcn \u00e7ekti - \u041c\u0435\u0434\u0436\u043b\u0456\u0441\" \/>\n<meta property=\"og:description\" content=\"&#8220;Q\u0131r\u0131m inki\u015faf\u0131 vaquf\u0131&#8221;\u00a0Hayriye te\u015fkil\u00e2t\u0131 2013 senesi baarde il\u00e2n etilgen \u0130smail Gasprinskiy \u00f6m\u00fcri ve faaliyetine ba\u011f\u0131\u015flan\u011fan i\u015flerni\u00f1 er y\u0131ll\u0131qEkinci yar\u0131\u015f\u0131 neticelerine yek\u00fcn \u00e7ekti Fondn\u0131\u00f1 matbuat h\u0131zmetinde bildirgenlerine k\u00f6re bir \u00e7oq i\u015fler yar\u0131\u015f mevzus\u0131na uymasa da, te\u015fkil\u00e2t idaresi olarn\u0131\u00f1 aktualligini esapqa alaraq yar\u0131\u015fta i\u015ftirak etmege izin berdi. &#8220;Ayn\u0131 \u015fu sebeplerge k\u00f6re Fond muk\u00e2fatlarn\u0131\u00f1 say\u0131s\u0131n\u0131 alt\u0131dan \u00fc\u00e7ke eksiltip, [&hellip;]\" \/>\n<meta property=\"og:url\" content=\"https:\/\/qtmm.org\/qt\/qirim-inkisafi-vaqufi-ismail-gasprinskiy-omuri-ve-faaliyetine-bagislangan-isler-yarisinin-neticelerine-yekun-cekti\/\" \/>\n<meta property=\"og:site_name\" content=\"\u041c\u0435\u0434\u0436\u043b\u0456\u0441\" \/>\n<meta property=\"article:publisher\" content=\"https:\/\/www.facebook.com\/qtmm.info\/\" \/>\n<meta property=\"article:published_time\" content=\"2013-09-04T13:32:00+00:00\" \/>\n<meta property=\"article:modified_time\" content=\"2022-01-25T13:32:55+00:00\" \/>\n<meta name=\"author\" content=\"Developer\" \/>\n<meta name=\"twitter:card\" content=\"summary_large_image\" \/>\n<meta name=\"twitter:label1\" content=\"Written by\" \/>\n\t<meta name=\"twitter:data1\" content=\"Developer\" \/>\n\t<meta name=\"twitter:label2\" content=\"Est. reading time\" \/>\n\t<meta name=\"twitter:data2\" content=\"2 minutes\" \/>\n<script type=\"application\/ld+json\" class=\"yoast-schema-graph\">{\"@context\":\"https:\\\/\\\/schema.org\",\"@graph\":[{\"@type\":\"Article\",\"@id\":\"https:\\\/\\\/qtmm.org\\\/qt\\\/qirim-inkisafi-vaqufi-ismail-gasprinskiy-omuri-ve-faaliyetine-bagislangan-isler-yarisinin-neticelerine-yekun-cekti\\\/#article\",\"isPartOf\":{\"@id\":\"https:\\\/\\\/qtmm.org\\\/qt\\\/qirim-inkisafi-vaqufi-ismail-gasprinskiy-omuri-ve-faaliyetine-bagislangan-isler-yarisinin-neticelerine-yekun-cekti\\\/\"},\"author\":{\"name\":\"Developer\",\"@id\":\"https:\\\/\\\/qtmm.org\\\/qt\\\/#\\\/schema\\\/person\\\/de562469f971dec226ac06e60bbf74a7\"},\"headline\":\"\u00abQ\u0131r\u0131m inki\u015faf\u0131 vaquf\u0131\u00bb \u0130smail Gasprinskiy \u00f6m\u00fcri ve faaliyetine ba\u011f\u0131\u015flan\u011fan i\u015fler yar\u0131\u015f\u0131n\u0131\u00f1 neticelerine yek\u00fcn \u00e7ekti\",\"datePublished\":\"2013-09-04T13:32:00+00:00\",\"dateModified\":\"2022-01-25T13:32:55+00:00\",\"mainEntityOfPage\":{\"@id\":\"https:\\\/\\\/qtmm.org\\\/qt\\\/qirim-inkisafi-vaqufi-ismail-gasprinskiy-omuri-ve-faaliyetine-bagislangan-isler-yarisinin-neticelerine-yekun-cekti\\\/\"},\"wordCount\":336,\"commentCount\":0,\"publisher\":{\"@id\":\"https:\\\/\\\/qtmm.org\\\/qt\\\/#organization\"},\"articleSection\":[\"Haberler\"],\"inLanguage\":\"qt\",\"potentialAction\":[{\"@type\":\"CommentAction\",\"name\":\"Comment\",\"target\":[\"https:\\\/\\\/qtmm.org\\\/qt\\\/qirim-inkisafi-vaqufi-ismail-gasprinskiy-omuri-ve-faaliyetine-bagislangan-isler-yarisinin-neticelerine-yekun-cekti\\\/#respond\"]}]},{\"@type\":\"WebPage\",\"@id\":\"https:\\\/\\\/qtmm.org\\\/qt\\\/qirim-inkisafi-vaqufi-ismail-gasprinskiy-omuri-ve-faaliyetine-bagislangan-isler-yarisinin-neticelerine-yekun-cekti\\\/\",\"url\":\"https:\\\/\\\/qtmm.org\\\/qt\\\/qirim-inkisafi-vaqufi-ismail-gasprinskiy-omuri-ve-faaliyetine-bagislangan-isler-yarisinin-neticelerine-yekun-cekti\\\/\",\"name\":\"\u00abQ\u0131r\u0131m inki\u015faf\u0131 vaquf\u0131\u00bb \u0130smail Gasprinskiy \u00f6m\u00fcri ve faaliyetine ba\u011f\u0131\u015flan\u011fan i\u015fler yar\u0131\u015f\u0131n\u0131\u00f1 neticelerine yek\u00fcn \u00e7ekti - \u041c\u0435\u0434\u0436\u043b\u0456\u0441\",\"isPartOf\":{\"@id\":\"https:\\\/\\\/qtmm.org\\\/qt\\\/#website\"},\"datePublished\":\"2013-09-04T13:32:00+00:00\",\"dateModified\":\"2022-01-25T13:32:55+00:00\",\"breadcrumb\":{\"@id\":\"https:\\\/\\\/qtmm.org\\\/qt\\\/qirim-inkisafi-vaqufi-ismail-gasprinskiy-omuri-ve-faaliyetine-bagislangan-isler-yarisinin-neticelerine-yekun-cekti\\\/#breadcrumb\"},\"inLanguage\":\"qt\",\"potentialAction\":[{\"@type\":\"ReadAction\",\"target\":[\"https:\\\/\\\/qtmm.org\\\/qt\\\/qirim-inkisafi-vaqufi-ismail-gasprinskiy-omuri-ve-faaliyetine-bagislangan-isler-yarisinin-neticelerine-yekun-cekti\\\/\"]}]},{\"@type\":\"BreadcrumbList\",\"@id\":\"https:\\\/\\\/qtmm.org\\\/qt\\\/qirim-inkisafi-vaqufi-ismail-gasprinskiy-omuri-ve-faaliyetine-bagislangan-isler-yarisinin-neticelerine-yekun-cekti\\\/#breadcrumb\",\"itemListElement\":[{\"@type\":\"ListItem\",\"position\":1,\"name\":\"\u0413\u043e\u043b\u043e\u0432\u043d\u0430\",\"item\":\"https:\\\/\\\/qtmm.org\\\/qt\\\/\"},{\"@type\":\"ListItem\",\"position\":2,\"name\":\"\u00abQ\u0131r\u0131m inki\u015faf\u0131 vaquf\u0131\u00bb \u0130smail Gasprinskiy \u00f6m\u00fcri ve faaliyetine ba\u011f\u0131\u015flan\u011fan i\u015fler yar\u0131\u015f\u0131n\u0131\u00f1 neticelerine yek\u00fcn \u00e7ekti\"}]},{\"@type\":\"WebSite\",\"@id\":\"https:\\\/\\\/qtmm.org\\\/qt\\\/#website\",\"url\":\"https:\\\/\\\/qtmm.org\\\/qt\\\/\",\"name\":\"\u041c\u0435\u0434\u0436\u043b\u0456\u0441\",\"description\":\"\",\"publisher\":{\"@id\":\"https:\\\/\\\/qtmm.org\\\/qt\\\/#organization\"},\"potentialAction\":[{\"@type\":\"SearchAction\",\"target\":{\"@type\":\"EntryPoint\",\"urlTemplate\":\"https:\\\/\\\/qtmm.org\\\/qt\\\/?s={search_term_string}\"},\"query-input\":{\"@type\":\"PropertyValueSpecification\",\"valueRequired\":true,\"valueName\":\"search_term_string\"}}],\"inLanguage\":\"qt\"},{\"@type\":\"Organization\",\"@id\":\"https:\\\/\\\/qtmm.org\\\/qt\\\/#organization\",\"name\":\"\u041c\u0435\u0434\u0436\u043b\u0456\u0441\",\"url\":\"https:\\\/\\\/qtmm.org\\\/qt\\\/\",\"logo\":{\"@type\":\"ImageObject\",\"inLanguage\":\"qt\",\"@id\":\"https:\\\/\\\/qtmm.org\\\/qt\\\/#\\\/schema\\\/logo\\\/image\\\/\",\"url\":\"https:\\\/\\\/qtmm.org\\\/wp-content\\\/uploads\\\/2024\\\/12\\\/ua-mejlis-logo-rgb.svg\",\"contentUrl\":\"https:\\\/\\\/qtmm.org\\\/wp-content\\\/uploads\\\/2024\\\/12\\\/ua-mejlis-logo-rgb.svg\",\"caption\":\"\u041c\u0435\u0434\u0436\u043b\u0456\u0441\"},\"image\":{\"@id\":\"https:\\\/\\\/qtmm.org\\\/qt\\\/#\\\/schema\\\/logo\\\/image\\\/\"},\"sameAs\":[\"https:\\\/\\\/www.facebook.com\\\/qtmm.info\\\/\"]},{\"@type\":\"Person\",\"@id\":\"https:\\\/\\\/qtmm.org\\\/qt\\\/#\\\/schema\\\/person\\\/de562469f971dec226ac06e60bbf74a7\",\"name\":\"Developer\",\"image\":{\"@type\":\"ImageObject\",\"inLanguage\":\"qt\",\"@id\":\"https:\\\/\\\/secure.gravatar.com\\\/avatar\\\/392b4cc8fbfeb00b39dfeeab4ee6edded39ffd48e25858637e4765810300227e?s=96&d=mm&r=g\",\"url\":\"https:\\\/\\\/secure.gravatar.com\\\/avatar\\\/392b4cc8fbfeb00b39dfeeab4ee6edded39ffd48e25858637e4765810300227e?s=96&d=mm&r=g\",\"contentUrl\":\"https:\\\/\\\/secure.gravatar.com\\\/avatar\\\/392b4cc8fbfeb00b39dfeeab4ee6edded39ffd48e25858637e4765810300227e?s=96&d=mm&r=g\",\"caption\":\"Developer\"},\"url\":\"https:\\\/\\\/qtmm.org\\\/qt\\\/author\\\/Developer\\\/\"}]}<\/script>\n<!-- \/ Yoast SEO plugin. -->","yoast_head_json":{"title":"\u00abQ\u0131r\u0131m inki\u015faf\u0131 vaquf\u0131\u00bb \u0130smail Gasprinskiy \u00f6m\u00fcri ve faaliyetine ba\u011f\u0131\u015flan\u011fan i\u015fler yar\u0131\u015f\u0131n\u0131\u00f1 neticelerine yek\u00fcn \u00e7ekti - \u041c\u0435\u0434\u0436\u043b\u0456\u0441","robots":{"index":"index","follow":"follow","max-snippet":"max-snippet:-1","max-image-preview":"max-image-preview:large","max-video-preview":"max-video-preview:-1"},"canonical":"https:\/\/qtmm.org\/qt\/qirim-inkisafi-vaqufi-ismail-gasprinskiy-omuri-ve-faaliyetine-bagislangan-isler-yarisinin-neticelerine-yekun-cekti\/","og_locale":"en_US","og_type":"article","og_title":"\u00abQ\u0131r\u0131m inki\u015faf\u0131 vaquf\u0131\u00bb \u0130smail Gasprinskiy \u00f6m\u00fcri ve faaliyetine ba\u011f\u0131\u015flan\u011fan i\u015fler yar\u0131\u015f\u0131n\u0131\u00f1 neticelerine yek\u00fcn \u00e7ekti - \u041c\u0435\u0434\u0436\u043b\u0456\u0441","og_description":"&#8220;Q\u0131r\u0131m inki\u015faf\u0131 vaquf\u0131&#8221;\u00a0Hayriye te\u015fkil\u00e2t\u0131 2013 senesi baarde il\u00e2n etilgen \u0130smail Gasprinskiy \u00f6m\u00fcri ve faaliyetine ba\u011f\u0131\u015flan\u011fan i\u015flerni\u00f1 er y\u0131ll\u0131qEkinci yar\u0131\u015f\u0131 neticelerine yek\u00fcn \u00e7ekti Fondn\u0131\u00f1 matbuat h\u0131zmetinde bildirgenlerine k\u00f6re bir \u00e7oq i\u015fler yar\u0131\u015f mevzus\u0131na uymasa da, te\u015fkil\u00e2t idaresi olarn\u0131\u00f1 aktualligini esapqa alaraq yar\u0131\u015fta i\u015ftirak etmege izin berdi. &#8220;Ayn\u0131 \u015fu sebeplerge k\u00f6re Fond muk\u00e2fatlarn\u0131\u00f1 say\u0131s\u0131n\u0131 alt\u0131dan \u00fc\u00e7ke eksiltip, [&hellip;]","og_url":"https:\/\/qtmm.org\/qt\/qirim-inkisafi-vaqufi-ismail-gasprinskiy-omuri-ve-faaliyetine-bagislangan-isler-yarisinin-neticelerine-yekun-cekti\/","og_site_name":"\u041c\u0435\u0434\u0436\u043b\u0456\u0441","article_publisher":"https:\/\/www.facebook.com\/qtmm.info\/","article_published_time":"2013-09-04T13:32:00+00:00","article_modified_time":"2022-01-25T13:32:55+00:00","author":"Developer","twitter_card":"summary_large_image","twitter_misc":{"Written by":"Developer","Est. reading time":"2 minutes"},"schema":{"@context":"https:\/\/schema.org","@graph":[{"@type":"Article","@id":"https:\/\/qtmm.org\/qt\/qirim-inkisafi-vaqufi-ismail-gasprinskiy-omuri-ve-faaliyetine-bagislangan-isler-yarisinin-neticelerine-yekun-cekti\/#article","isPartOf":{"@id":"https:\/\/qtmm.org\/qt\/qirim-inkisafi-vaqufi-ismail-gasprinskiy-omuri-ve-faaliyetine-bagislangan-isler-yarisinin-neticelerine-yekun-cekti\/"},"author":{"name":"Developer","@id":"https:\/\/qtmm.org\/qt\/#\/schema\/person\/de562469f971dec226ac06e60bbf74a7"},"headline":"\u00abQ\u0131r\u0131m inki\u015faf\u0131 vaquf\u0131\u00bb \u0130smail Gasprinskiy \u00f6m\u00fcri ve faaliyetine ba\u011f\u0131\u015flan\u011fan i\u015fler yar\u0131\u015f\u0131n\u0131\u00f1 neticelerine yek\u00fcn \u00e7ekti","datePublished":"2013-09-04T13:32:00+00:00","dateModified":"2022-01-25T13:32:55+00:00","mainEntityOfPage":{"@id":"https:\/\/qtmm.org\/qt\/qirim-inkisafi-vaqufi-ismail-gasprinskiy-omuri-ve-faaliyetine-bagislangan-isler-yarisinin-neticelerine-yekun-cekti\/"},"wordCount":336,"commentCount":0,"publisher":{"@id":"https:\/\/qtmm.org\/qt\/#organization"},"articleSection":["Haberler"],"inLanguage":"qt","potentialAction":[{"@type":"CommentAction","name":"Comment","target":["https:\/\/qtmm.org\/qt\/qirim-inkisafi-vaqufi-ismail-gasprinskiy-omuri-ve-faaliyetine-bagislangan-isler-yarisinin-neticelerine-yekun-cekti\/#respond"]}]},{"@type":"WebPage","@id":"https:\/\/qtmm.org\/qt\/qirim-inkisafi-vaqufi-ismail-gasprinskiy-omuri-ve-faaliyetine-bagislangan-isler-yarisinin-neticelerine-yekun-cekti\/","url":"https:\/\/qtmm.org\/qt\/qirim-inkisafi-vaqufi-ismail-gasprinskiy-omuri-ve-faaliyetine-bagislangan-isler-yarisinin-neticelerine-yekun-cekti\/","name":"\u00abQ\u0131r\u0131m inki\u015faf\u0131 vaquf\u0131\u00bb \u0130smail Gasprinskiy \u00f6m\u00fcri ve faaliyetine ba\u011f\u0131\u015flan\u011fan i\u015fler yar\u0131\u015f\u0131n\u0131\u00f1 neticelerine yek\u00fcn \u00e7ekti - \u041c\u0435\u0434\u0436\u043b\u0456\u0441","isPartOf":{"@id":"https:\/\/qtmm.org\/qt\/#website"},"datePublished":"2013-09-04T13:32:00+00:00","dateModified":"2022-01-25T13:32:55+00:00","breadcrumb":{"@id":"https:\/\/qtmm.org\/qt\/qirim-inkisafi-vaqufi-ismail-gasprinskiy-omuri-ve-faaliyetine-bagislangan-isler-yarisinin-neticelerine-yekun-cekti\/#breadcrumb"},"inLanguage":"qt","potentialAction":[{"@type":"ReadAction","target":["https:\/\/qtmm.org\/qt\/qirim-inkisafi-vaqufi-ismail-gasprinskiy-omuri-ve-faaliyetine-bagislangan-isler-yarisinin-neticelerine-yekun-cekti\/"]}]},{"@type":"BreadcrumbList","@id":"https:\/\/qtmm.org\/qt\/qirim-inkisafi-vaqufi-ismail-gasprinskiy-omuri-ve-faaliyetine-bagislangan-isler-yarisinin-neticelerine-yekun-cekti\/#breadcrumb","itemListElement":[{"@type":"ListItem","position":1,"name":"\u0413\u043e\u043b\u043e\u0432\u043d\u0430","item":"https:\/\/qtmm.org\/qt\/"},{"@type":"ListItem","position":2,"name":"\u00abQ\u0131r\u0131m inki\u015faf\u0131 vaquf\u0131\u00bb \u0130smail Gasprinskiy \u00f6m\u00fcri ve faaliyetine ba\u011f\u0131\u015flan\u011fan i\u015fler yar\u0131\u015f\u0131n\u0131\u00f1 neticelerine yek\u00fcn \u00e7ekti"}]},{"@type":"WebSite","@id":"https:\/\/qtmm.org\/qt\/#website","url":"https:\/\/qtmm.org\/qt\/","name":"\u041c\u0435\u0434\u0436\u043b\u0456\u0441","description":"","publisher":{"@id":"https:\/\/qtmm.org\/qt\/#organization"},"potentialAction":[{"@type":"SearchAction","target":{"@type":"EntryPoint","urlTemplate":"https:\/\/qtmm.org\/qt\/?s={search_term_string}"},"query-input":{"@type":"PropertyValueSpecification","valueRequired":true,"valueName":"search_term_string"}}],"inLanguage":"qt"},{"@type":"Organization","@id":"https:\/\/qtmm.org\/qt\/#organization","name":"\u041c\u0435\u0434\u0436\u043b\u0456\u0441","url":"https:\/\/qtmm.org\/qt\/","logo":{"@type":"ImageObject","inLanguage":"qt","@id":"https:\/\/qtmm.org\/qt\/#\/schema\/logo\/image\/","url":"https:\/\/qtmm.org\/wp-content\/uploads\/2024\/12\/ua-mejlis-logo-rgb.svg","contentUrl":"https:\/\/qtmm.org\/wp-content\/uploads\/2024\/12\/ua-mejlis-logo-rgb.svg","caption":"\u041c\u0435\u0434\u0436\u043b\u0456\u0441"},"image":{"@id":"https:\/\/qtmm.org\/qt\/#\/schema\/logo\/image\/"},"sameAs":["https:\/\/www.facebook.com\/qtmm.info\/"]},{"@type":"Person","@id":"https:\/\/qtmm.org\/qt\/#\/schema\/person\/de562469f971dec226ac06e60bbf74a7","name":"Developer","image":{"@type":"ImageObject","inLanguage":"qt","@id":"https:\/\/secure.gravatar.com\/avatar\/392b4cc8fbfeb00b39dfeeab4ee6edded39ffd48e25858637e4765810300227e?s=96&d=mm&r=g","url":"https:\/\/secure.gravatar.com\/avatar\/392b4cc8fbfeb00b39dfeeab4ee6edded39ffd48e25858637e4765810300227e?s=96&d=mm&r=g","contentUrl":"https:\/\/secure.gravatar.com\/avatar\/392b4cc8fbfeb00b39dfeeab4ee6edded39ffd48e25858637e4765810300227e?s=96&d=mm&r=g","caption":"Developer"},"url":"https:\/\/qtmm.org\/qt\/author\/Developer\/"}]}},"_links":{"self":[{"href":"https:\/\/qtmm.org\/qt\/wp-json\/wp\/v2\/posts\/39177","targetHints":{"allow":["GET"]}}],"collection":[{"href":"https:\/\/qtmm.org\/qt\/wp-json\/wp\/v2\/posts"}],"about":[{"href":"https:\/\/qtmm.org\/qt\/wp-json\/wp\/v2\/types\/post"}],"author":[{"embeddable":true,"href":"https:\/\/qtmm.org\/qt\/wp-json\/wp\/v2\/users\/1"}],"replies":[{"embeddable":true,"href":"https:\/\/qtmm.org\/qt\/wp-json\/wp\/v2\/comments?post=39177"}],"version-history":[{"count":1,"href":"https:\/\/qtmm.org\/qt\/wp-json\/wp\/v2\/posts\/39177\/revisions"}],"predecessor-version":[{"id":39178,"href":"https:\/\/qtmm.org\/qt\/wp-json\/wp\/v2\/posts\/39177\/revisions\/39178"}],"wp:attachment":[{"href":"https:\/\/qtmm.org\/qt\/wp-json\/wp\/v2\/media?parent=39177"}],"wp:term":[{"taxonomy":"category","embeddable":true,"href":"https:\/\/qtmm.org\/qt\/wp-json\/wp\/v2\/categories?post=39177"},{"taxonomy":"post_tag","embeddable":true,"href":"https:\/\/qtmm.org\/qt\/wp-json\/wp\/v2\/tags?post=39177"}],"curies":[{"name":"wp","href":"https:\/\/api.w.org\/{rel}","templated":true}]}}