




{"id":39175,"date":"2013-09-04T16:31:00","date_gmt":"2013-09-04T13:31:00","guid":{"rendered":"http:\/\/qtmm.org\/?p=39175"},"modified":"2022-01-25T16:32:01","modified_gmt":"2022-01-25T13:32:01","slug":"m-cemilev-meclis-qirimtatarlarnin-suriyedeki-arbiy-areketlerdeki-istirakine-qarsi","status":"publish","type":"post","link":"https:\/\/qtmm.org\/qt\/m-cemilev-meclis-qirimtatarlarnin-suriyedeki-arbiy-areketlerdeki-istirakine-qarsi\/","title":{"rendered":"M. Cemilev: Meclis q\u0131r\u0131mtatarlarn\u0131\u00f1 Suriyedeki arbiy areketlerdeki i\u015ftirakine qar\u015f\u0131"},"content":{"rendered":"\n<p>Milliy Meclis reisi, Ukraina halq deputat\u0131 Mustafa Cemilev bergen mal\u00fcmat\u0131na k\u00f6re, Ukrainan\u0131\u00f1 q\u0131r\u0131mtatar milletine mens\u00fcp vatanda\u015flar\u0131 Suriyede muhalifet taraf\u0131nda arbiy areketlerde i\u015ftirak eteler. Ayn\u0131 zamanda M. Cemilev \u015fun\u0131 da qayd etti ki, Meclis olarn\u0131\u00f1 Suriyege ketmelerine qoltutmay ve q\u0131r\u0131mtatarlar\u0131na anda barmaqn\u0131 tevsiye etmey. Bu aqta o&nbsp;<a href=\"http:\/\/www.interfax.com.ua\/\" target=\"_blank\" rel=\"noreferrer noopener\">&#8220;\u0406nterfaks-Ukra\u0457na&#8221;<\/a>&nbsp;sayt\u0131na bildirdi.<br><br>&#8220;Menim bilgenime k\u00f6re, anda bir q\u0131r\u0131mtatar\u0131 el\u00e2k old\u0131. L\u00e2kin o, &#8220;Hizb-ut-Tahr&#8221; ir&#8221; te\u015fkil\u00e2t\u0131n\u0131\u00f1 tarafdar\u0131. &#8220;Semetde\u015flerimizni\u00f1 anda barmas\u0131n\u0131 Meclis maqullemey, \u00e7\u00fcnki bu bizim cenkimiz degil&#8221;, &#8211; dedi Meclis reisi.<\/p>\n\n\n\n<p>&#8220;As\u0131l\u0131nda &#8220;Hizb-ut-Tahrir&#8221; tarafdarlar\u0131 aras\u0131nda Suriyedeki qarda\u015flar\u0131m\u0131z\u011fa yard\u0131m etmek kerek, dep aktiv te\u015fviqat i\u015fleri al\u0131p bar\u0131la. Meclis bu pozitsiya\u011fa qoltutmay, \u00e7\u00fcnki muhalifette kim ol\u011fan\u0131 a\u00f1la\u015f\u0131lmay. Ba\u015far Assadn\u0131\u00f1 ne boq ol\u011fan\u0131n\u0131 bilemiz. Anda (muhalifette \u2013 \u0130F), mencesine, yah\u015f\u0131 bir \u015fey yoqt\u0131r&#8221;, &#8211; dep qo\u015ft\u0131 o. Bun\u0131\u00f1 kibi de Cemilev \u015fun\u0131 qayd etti ki, Suriye muhalifeti taraf\u0131nda ukrainal\u0131 tatarlar k\u00fctleviy s\u00fcrette temsil eteler, demek olmaz&#8221;.<\/p>\n\n\n\n<p>&#8220;Bu \u00f6yle degil. Anda \u00f6z isteklerine k\u00f6re tek-t\u00fck adam ketti&#8221;, &#8211; dedi deputat. On\u0131\u00f1 qayd etkenine k\u00f6re, Suriyege ketkenler q\u0131r\u0131mtatarlar i\u00e7\u00fcn ananeviy olma\u011fan diniy aq\u0131mlarn\u0131\u00f1 tarafdarlar\u0131d\u0131r.<\/p>\n\n\n\n<p>&#8220;Biz aksine er yerde Suriyege barma\u00f1\u0131z, deymiz. \u00c7\u00fcnki, bu qanunn\u0131 bozuv, demek, ekinciden, anda nas\u0131l k\u00fc\u00e7ler temsil etilgeni belli degil&#8221;, &#8211; yek\u00fcn \u00e7ekti M. Cemilev.<\/p>\n","protected":false},"excerpt":{"rendered":"<p>Milliy Meclis reisi, Ukraina halq deputat\u0131 Mustafa Cemilev bergen mal\u00fcmat\u0131na k\u00f6re, Ukrainan\u0131\u00f1 q\u0131r\u0131mtatar milletine mens\u00fcp vatanda\u015flar\u0131 Suriyede muhalifet taraf\u0131nda arbiy areketlerde i\u015ftirak eteler. Ayn\u0131 zamanda M. Cemilev \u015fun\u0131 da qayd etti ki, Meclis olarn\u0131\u00f1 Suriyege ketmelerine qoltutmay ve q\u0131r\u0131mtatarlar\u0131na anda barmaqn\u0131 tevsiye etmey. Bu aqta o&nbsp;&#8220;\u0406nterfaks-Ukra\u0457na&#8221;&nbsp;sayt\u0131na bildirdi. &#8220;Menim bilgenime k\u00f6re, anda bir q\u0131r\u0131mtatar\u0131 el\u00e2k old\u0131. [&hellip;]<\/p>\n","protected":false},"author":1,"featured_media":0,"comment_status":"open","ping_status":"open","sticky":false,"template":"","format":"standard","meta":{"inline_featured_image":false,"footnotes":""},"categories":[265],"tags":[],"class_list":["post-39175","post","type-post","status-publish","format-standard","hentry","category-haberler"],"acf":[],"yoast_head":"<!-- This site is optimized with the Yoast SEO plugin v27.4 - https:\/\/yoast.com\/product\/yoast-seo-wordpress\/ -->\n<title>M. Cemilev: Meclis q\u0131r\u0131mtatarlarn\u0131\u00f1 Suriyedeki arbiy areketlerdeki i\u015ftirakine qar\u015f\u0131 - \u041c\u0435\u0434\u0436\u043b\u0456\u0441<\/title>\n<meta name=\"robots\" content=\"index, follow, max-snippet:-1, max-image-preview:large, max-video-preview:-1\" \/>\n<link rel=\"canonical\" href=\"https:\/\/qtmm.org\/qt\/m-cemilev-meclis-qirimtatarlarnin-suriyedeki-arbiy-areketlerdeki-istirakine-qarsi\/\" \/>\n<meta property=\"og:locale\" content=\"en_US\" \/>\n<meta property=\"og:type\" content=\"article\" \/>\n<meta property=\"og:title\" content=\"M. Cemilev: Meclis q\u0131r\u0131mtatarlarn\u0131\u00f1 Suriyedeki arbiy areketlerdeki i\u015ftirakine qar\u015f\u0131 - \u041c\u0435\u0434\u0436\u043b\u0456\u0441\" \/>\n<meta property=\"og:description\" content=\"Milliy Meclis reisi, Ukraina halq deputat\u0131 Mustafa Cemilev bergen mal\u00fcmat\u0131na k\u00f6re, Ukrainan\u0131\u00f1 q\u0131r\u0131mtatar milletine mens\u00fcp vatanda\u015flar\u0131 Suriyede muhalifet taraf\u0131nda arbiy areketlerde i\u015ftirak eteler. Ayn\u0131 zamanda M. Cemilev \u015fun\u0131 da qayd etti ki, Meclis olarn\u0131\u00f1 Suriyege ketmelerine qoltutmay ve q\u0131r\u0131mtatarlar\u0131na anda barmaqn\u0131 tevsiye etmey. Bu aqta o&nbsp;&#8220;\u0406nterfaks-Ukra\u0457na&#8221;&nbsp;sayt\u0131na bildirdi. &#8220;Menim bilgenime k\u00f6re, anda bir q\u0131r\u0131mtatar\u0131 el\u00e2k old\u0131. [&hellip;]\" \/>\n<meta property=\"og:url\" content=\"https:\/\/qtmm.org\/qt\/m-cemilev-meclis-qirimtatarlarnin-suriyedeki-arbiy-areketlerdeki-istirakine-qarsi\/\" \/>\n<meta property=\"og:site_name\" content=\"\u041c\u0435\u0434\u0436\u043b\u0456\u0441\" \/>\n<meta property=\"article:publisher\" content=\"https:\/\/www.facebook.com\/qtmm.info\/\" \/>\n<meta property=\"article:published_time\" content=\"2013-09-04T13:31:00+00:00\" \/>\n<meta property=\"article:modified_time\" content=\"2022-01-25T13:32:01+00:00\" \/>\n<meta name=\"author\" content=\"Developer\" \/>\n<meta name=\"twitter:card\" content=\"summary_large_image\" \/>\n<meta name=\"twitter:label1\" content=\"Written by\" \/>\n\t<meta name=\"twitter:data1\" content=\"Developer\" \/>\n\t<meta name=\"twitter:label2\" content=\"Est. reading time\" \/>\n\t<meta name=\"twitter:data2\" content=\"1 minute\" \/>\n<script type=\"application\/ld+json\" class=\"yoast-schema-graph\">{\"@context\":\"https:\\\/\\\/schema.org\",\"@graph\":[{\"@type\":\"Article\",\"@id\":\"https:\\\/\\\/qtmm.org\\\/qt\\\/m-cemilev-meclis-qirimtatarlarnin-suriyedeki-arbiy-areketlerdeki-istirakine-qarsi\\\/#article\",\"isPartOf\":{\"@id\":\"https:\\\/\\\/qtmm.org\\\/qt\\\/m-cemilev-meclis-qirimtatarlarnin-suriyedeki-arbiy-areketlerdeki-istirakine-qarsi\\\/\"},\"author\":{\"name\":\"Developer\",\"@id\":\"https:\\\/\\\/qtmm.org\\\/qt\\\/#\\\/schema\\\/person\\\/de562469f971dec226ac06e60bbf74a7\"},\"headline\":\"M. Cemilev: Meclis q\u0131r\u0131mtatarlarn\u0131\u00f1 Suriyedeki arbiy areketlerdeki i\u015ftirakine qar\u015f\u0131\",\"datePublished\":\"2013-09-04T13:31:00+00:00\",\"dateModified\":\"2022-01-25T13:32:01+00:00\",\"mainEntityOfPage\":{\"@id\":\"https:\\\/\\\/qtmm.org\\\/qt\\\/m-cemilev-meclis-qirimtatarlarnin-suriyedeki-arbiy-areketlerdeki-istirakine-qarsi\\\/\"},\"wordCount\":265,\"commentCount\":0,\"publisher\":{\"@id\":\"https:\\\/\\\/qtmm.org\\\/qt\\\/#organization\"},\"articleSection\":[\"Haberler\"],\"inLanguage\":\"qt\",\"potentialAction\":[{\"@type\":\"CommentAction\",\"name\":\"Comment\",\"target\":[\"https:\\\/\\\/qtmm.org\\\/qt\\\/m-cemilev-meclis-qirimtatarlarnin-suriyedeki-arbiy-areketlerdeki-istirakine-qarsi\\\/#respond\"]}]},{\"@type\":\"WebPage\",\"@id\":\"https:\\\/\\\/qtmm.org\\\/qt\\\/m-cemilev-meclis-qirimtatarlarnin-suriyedeki-arbiy-areketlerdeki-istirakine-qarsi\\\/\",\"url\":\"https:\\\/\\\/qtmm.org\\\/qt\\\/m-cemilev-meclis-qirimtatarlarnin-suriyedeki-arbiy-areketlerdeki-istirakine-qarsi\\\/\",\"name\":\"M. Cemilev: Meclis q\u0131r\u0131mtatarlarn\u0131\u00f1 Suriyedeki arbiy areketlerdeki i\u015ftirakine qar\u015f\u0131 - \u041c\u0435\u0434\u0436\u043b\u0456\u0441\",\"isPartOf\":{\"@id\":\"https:\\\/\\\/qtmm.org\\\/qt\\\/#website\"},\"datePublished\":\"2013-09-04T13:31:00+00:00\",\"dateModified\":\"2022-01-25T13:32:01+00:00\",\"breadcrumb\":{\"@id\":\"https:\\\/\\\/qtmm.org\\\/qt\\\/m-cemilev-meclis-qirimtatarlarnin-suriyedeki-arbiy-areketlerdeki-istirakine-qarsi\\\/#breadcrumb\"},\"inLanguage\":\"qt\",\"potentialAction\":[{\"@type\":\"ReadAction\",\"target\":[\"https:\\\/\\\/qtmm.org\\\/qt\\\/m-cemilev-meclis-qirimtatarlarnin-suriyedeki-arbiy-areketlerdeki-istirakine-qarsi\\\/\"]}]},{\"@type\":\"BreadcrumbList\",\"@id\":\"https:\\\/\\\/qtmm.org\\\/qt\\\/m-cemilev-meclis-qirimtatarlarnin-suriyedeki-arbiy-areketlerdeki-istirakine-qarsi\\\/#breadcrumb\",\"itemListElement\":[{\"@type\":\"ListItem\",\"position\":1,\"name\":\"\u0413\u043e\u043b\u043e\u0432\u043d\u0430\",\"item\":\"https:\\\/\\\/qtmm.org\\\/qt\\\/\"},{\"@type\":\"ListItem\",\"position\":2,\"name\":\"M. Cemilev: Meclis q\u0131r\u0131mtatarlarn\u0131\u00f1 Suriyedeki arbiy areketlerdeki i\u015ftirakine qar\u015f\u0131\"}]},{\"@type\":\"WebSite\",\"@id\":\"https:\\\/\\\/qtmm.org\\\/qt\\\/#website\",\"url\":\"https:\\\/\\\/qtmm.org\\\/qt\\\/\",\"name\":\"\u041c\u0435\u0434\u0436\u043b\u0456\u0441\",\"description\":\"\",\"publisher\":{\"@id\":\"https:\\\/\\\/qtmm.org\\\/qt\\\/#organization\"},\"potentialAction\":[{\"@type\":\"SearchAction\",\"target\":{\"@type\":\"EntryPoint\",\"urlTemplate\":\"https:\\\/\\\/qtmm.org\\\/qt\\\/?s={search_term_string}\"},\"query-input\":{\"@type\":\"PropertyValueSpecification\",\"valueRequired\":true,\"valueName\":\"search_term_string\"}}],\"inLanguage\":\"qt\"},{\"@type\":\"Organization\",\"@id\":\"https:\\\/\\\/qtmm.org\\\/qt\\\/#organization\",\"name\":\"\u041c\u0435\u0434\u0436\u043b\u0456\u0441\",\"url\":\"https:\\\/\\\/qtmm.org\\\/qt\\\/\",\"logo\":{\"@type\":\"ImageObject\",\"inLanguage\":\"qt\",\"@id\":\"https:\\\/\\\/qtmm.org\\\/qt\\\/#\\\/schema\\\/logo\\\/image\\\/\",\"url\":\"https:\\\/\\\/qtmm.org\\\/wp-content\\\/uploads\\\/2024\\\/12\\\/ua-mejlis-logo-rgb.svg\",\"contentUrl\":\"https:\\\/\\\/qtmm.org\\\/wp-content\\\/uploads\\\/2024\\\/12\\\/ua-mejlis-logo-rgb.svg\",\"caption\":\"\u041c\u0435\u0434\u0436\u043b\u0456\u0441\"},\"image\":{\"@id\":\"https:\\\/\\\/qtmm.org\\\/qt\\\/#\\\/schema\\\/logo\\\/image\\\/\"},\"sameAs\":[\"https:\\\/\\\/www.facebook.com\\\/qtmm.info\\\/\"]},{\"@type\":\"Person\",\"@id\":\"https:\\\/\\\/qtmm.org\\\/qt\\\/#\\\/schema\\\/person\\\/de562469f971dec226ac06e60bbf74a7\",\"name\":\"Developer\",\"image\":{\"@type\":\"ImageObject\",\"inLanguage\":\"qt\",\"@id\":\"https:\\\/\\\/secure.gravatar.com\\\/avatar\\\/392b4cc8fbfeb00b39dfeeab4ee6edded39ffd48e25858637e4765810300227e?s=96&d=mm&r=g\",\"url\":\"https:\\\/\\\/secure.gravatar.com\\\/avatar\\\/392b4cc8fbfeb00b39dfeeab4ee6edded39ffd48e25858637e4765810300227e?s=96&d=mm&r=g\",\"contentUrl\":\"https:\\\/\\\/secure.gravatar.com\\\/avatar\\\/392b4cc8fbfeb00b39dfeeab4ee6edded39ffd48e25858637e4765810300227e?s=96&d=mm&r=g\",\"caption\":\"Developer\"},\"url\":\"https:\\\/\\\/qtmm.org\\\/qt\\\/author\\\/Developer\\\/\"}]}<\/script>\n<!-- \/ Yoast SEO plugin. -->","yoast_head_json":{"title":"M. Cemilev: Meclis q\u0131r\u0131mtatarlarn\u0131\u00f1 Suriyedeki arbiy areketlerdeki i\u015ftirakine qar\u015f\u0131 - \u041c\u0435\u0434\u0436\u043b\u0456\u0441","robots":{"index":"index","follow":"follow","max-snippet":"max-snippet:-1","max-image-preview":"max-image-preview:large","max-video-preview":"max-video-preview:-1"},"canonical":"https:\/\/qtmm.org\/qt\/m-cemilev-meclis-qirimtatarlarnin-suriyedeki-arbiy-areketlerdeki-istirakine-qarsi\/","og_locale":"en_US","og_type":"article","og_title":"M. Cemilev: Meclis q\u0131r\u0131mtatarlarn\u0131\u00f1 Suriyedeki arbiy areketlerdeki i\u015ftirakine qar\u015f\u0131 - \u041c\u0435\u0434\u0436\u043b\u0456\u0441","og_description":"Milliy Meclis reisi, Ukraina halq deputat\u0131 Mustafa Cemilev bergen mal\u00fcmat\u0131na k\u00f6re, Ukrainan\u0131\u00f1 q\u0131r\u0131mtatar milletine mens\u00fcp vatanda\u015flar\u0131 Suriyede muhalifet taraf\u0131nda arbiy areketlerde i\u015ftirak eteler. Ayn\u0131 zamanda M. Cemilev \u015fun\u0131 da qayd etti ki, Meclis olarn\u0131\u00f1 Suriyege ketmelerine qoltutmay ve q\u0131r\u0131mtatarlar\u0131na anda barmaqn\u0131 tevsiye etmey. Bu aqta o&nbsp;&#8220;\u0406nterfaks-Ukra\u0457na&#8221;&nbsp;sayt\u0131na bildirdi. &#8220;Menim bilgenime k\u00f6re, anda bir q\u0131r\u0131mtatar\u0131 el\u00e2k old\u0131. [&hellip;]","og_url":"https:\/\/qtmm.org\/qt\/m-cemilev-meclis-qirimtatarlarnin-suriyedeki-arbiy-areketlerdeki-istirakine-qarsi\/","og_site_name":"\u041c\u0435\u0434\u0436\u043b\u0456\u0441","article_publisher":"https:\/\/www.facebook.com\/qtmm.info\/","article_published_time":"2013-09-04T13:31:00+00:00","article_modified_time":"2022-01-25T13:32:01+00:00","author":"Developer","twitter_card":"summary_large_image","twitter_misc":{"Written by":"Developer","Est. reading time":"1 minute"},"schema":{"@context":"https:\/\/schema.org","@graph":[{"@type":"Article","@id":"https:\/\/qtmm.org\/qt\/m-cemilev-meclis-qirimtatarlarnin-suriyedeki-arbiy-areketlerdeki-istirakine-qarsi\/#article","isPartOf":{"@id":"https:\/\/qtmm.org\/qt\/m-cemilev-meclis-qirimtatarlarnin-suriyedeki-arbiy-areketlerdeki-istirakine-qarsi\/"},"author":{"name":"Developer","@id":"https:\/\/qtmm.org\/qt\/#\/schema\/person\/de562469f971dec226ac06e60bbf74a7"},"headline":"M. Cemilev: Meclis q\u0131r\u0131mtatarlarn\u0131\u00f1 Suriyedeki arbiy areketlerdeki i\u015ftirakine qar\u015f\u0131","datePublished":"2013-09-04T13:31:00+00:00","dateModified":"2022-01-25T13:32:01+00:00","mainEntityOfPage":{"@id":"https:\/\/qtmm.org\/qt\/m-cemilev-meclis-qirimtatarlarnin-suriyedeki-arbiy-areketlerdeki-istirakine-qarsi\/"},"wordCount":265,"commentCount":0,"publisher":{"@id":"https:\/\/qtmm.org\/qt\/#organization"},"articleSection":["Haberler"],"inLanguage":"qt","potentialAction":[{"@type":"CommentAction","name":"Comment","target":["https:\/\/qtmm.org\/qt\/m-cemilev-meclis-qirimtatarlarnin-suriyedeki-arbiy-areketlerdeki-istirakine-qarsi\/#respond"]}]},{"@type":"WebPage","@id":"https:\/\/qtmm.org\/qt\/m-cemilev-meclis-qirimtatarlarnin-suriyedeki-arbiy-areketlerdeki-istirakine-qarsi\/","url":"https:\/\/qtmm.org\/qt\/m-cemilev-meclis-qirimtatarlarnin-suriyedeki-arbiy-areketlerdeki-istirakine-qarsi\/","name":"M. Cemilev: Meclis q\u0131r\u0131mtatarlarn\u0131\u00f1 Suriyedeki arbiy areketlerdeki i\u015ftirakine qar\u015f\u0131 - \u041c\u0435\u0434\u0436\u043b\u0456\u0441","isPartOf":{"@id":"https:\/\/qtmm.org\/qt\/#website"},"datePublished":"2013-09-04T13:31:00+00:00","dateModified":"2022-01-25T13:32:01+00:00","breadcrumb":{"@id":"https:\/\/qtmm.org\/qt\/m-cemilev-meclis-qirimtatarlarnin-suriyedeki-arbiy-areketlerdeki-istirakine-qarsi\/#breadcrumb"},"inLanguage":"qt","potentialAction":[{"@type":"ReadAction","target":["https:\/\/qtmm.org\/qt\/m-cemilev-meclis-qirimtatarlarnin-suriyedeki-arbiy-areketlerdeki-istirakine-qarsi\/"]}]},{"@type":"BreadcrumbList","@id":"https:\/\/qtmm.org\/qt\/m-cemilev-meclis-qirimtatarlarnin-suriyedeki-arbiy-areketlerdeki-istirakine-qarsi\/#breadcrumb","itemListElement":[{"@type":"ListItem","position":1,"name":"\u0413\u043e\u043b\u043e\u0432\u043d\u0430","item":"https:\/\/qtmm.org\/qt\/"},{"@type":"ListItem","position":2,"name":"M. Cemilev: Meclis q\u0131r\u0131mtatarlarn\u0131\u00f1 Suriyedeki arbiy areketlerdeki i\u015ftirakine qar\u015f\u0131"}]},{"@type":"WebSite","@id":"https:\/\/qtmm.org\/qt\/#website","url":"https:\/\/qtmm.org\/qt\/","name":"\u041c\u0435\u0434\u0436\u043b\u0456\u0441","description":"","publisher":{"@id":"https:\/\/qtmm.org\/qt\/#organization"},"potentialAction":[{"@type":"SearchAction","target":{"@type":"EntryPoint","urlTemplate":"https:\/\/qtmm.org\/qt\/?s={search_term_string}"},"query-input":{"@type":"PropertyValueSpecification","valueRequired":true,"valueName":"search_term_string"}}],"inLanguage":"qt"},{"@type":"Organization","@id":"https:\/\/qtmm.org\/qt\/#organization","name":"\u041c\u0435\u0434\u0436\u043b\u0456\u0441","url":"https:\/\/qtmm.org\/qt\/","logo":{"@type":"ImageObject","inLanguage":"qt","@id":"https:\/\/qtmm.org\/qt\/#\/schema\/logo\/image\/","url":"https:\/\/qtmm.org\/wp-content\/uploads\/2024\/12\/ua-mejlis-logo-rgb.svg","contentUrl":"https:\/\/qtmm.org\/wp-content\/uploads\/2024\/12\/ua-mejlis-logo-rgb.svg","caption":"\u041c\u0435\u0434\u0436\u043b\u0456\u0441"},"image":{"@id":"https:\/\/qtmm.org\/qt\/#\/schema\/logo\/image\/"},"sameAs":["https:\/\/www.facebook.com\/qtmm.info\/"]},{"@type":"Person","@id":"https:\/\/qtmm.org\/qt\/#\/schema\/person\/de562469f971dec226ac06e60bbf74a7","name":"Developer","image":{"@type":"ImageObject","inLanguage":"qt","@id":"https:\/\/secure.gravatar.com\/avatar\/392b4cc8fbfeb00b39dfeeab4ee6edded39ffd48e25858637e4765810300227e?s=96&d=mm&r=g","url":"https:\/\/secure.gravatar.com\/avatar\/392b4cc8fbfeb00b39dfeeab4ee6edded39ffd48e25858637e4765810300227e?s=96&d=mm&r=g","contentUrl":"https:\/\/secure.gravatar.com\/avatar\/392b4cc8fbfeb00b39dfeeab4ee6edded39ffd48e25858637e4765810300227e?s=96&d=mm&r=g","caption":"Developer"},"url":"https:\/\/qtmm.org\/qt\/author\/Developer\/"}]}},"_links":{"self":[{"href":"https:\/\/qtmm.org\/qt\/wp-json\/wp\/v2\/posts\/39175","targetHints":{"allow":["GET"]}}],"collection":[{"href":"https:\/\/qtmm.org\/qt\/wp-json\/wp\/v2\/posts"}],"about":[{"href":"https:\/\/qtmm.org\/qt\/wp-json\/wp\/v2\/types\/post"}],"author":[{"embeddable":true,"href":"https:\/\/qtmm.org\/qt\/wp-json\/wp\/v2\/users\/1"}],"replies":[{"embeddable":true,"href":"https:\/\/qtmm.org\/qt\/wp-json\/wp\/v2\/comments?post=39175"}],"version-history":[{"count":1,"href":"https:\/\/qtmm.org\/qt\/wp-json\/wp\/v2\/posts\/39175\/revisions"}],"predecessor-version":[{"id":39176,"href":"https:\/\/qtmm.org\/qt\/wp-json\/wp\/v2\/posts\/39175\/revisions\/39176"}],"wp:attachment":[{"href":"https:\/\/qtmm.org\/qt\/wp-json\/wp\/v2\/media?parent=39175"}],"wp:term":[{"taxonomy":"category","embeddable":true,"href":"https:\/\/qtmm.org\/qt\/wp-json\/wp\/v2\/categories?post=39175"},{"taxonomy":"post_tag","embeddable":true,"href":"https:\/\/qtmm.org\/qt\/wp-json\/wp\/v2\/tags?post=39175"}],"curies":[{"name":"wp","href":"https:\/\/api.w.org\/{rel}","templated":true}]}}