




{"id":39173,"date":"2013-09-03T16:30:00","date_gmt":"2013-09-03T13:30:00","guid":{"rendered":"http:\/\/qtmm.org\/?p=39173"},"modified":"2022-01-25T16:31:23","modified_gmt":"2022-01-25T13:31:23","slug":"remzi-ilyasov-m-ben-naim-meni-antisemitizmde-qabaatlavini-qup-quru-sacma-dep-sayam","status":"publish","type":"post","link":"https:\/\/qtmm.org\/qt\/remzi-ilyasov-m-ben-naim-meni-antisemitizmde-qabaatlavini-qup-quru-sacma-dep-sayam\/","title":{"rendered":"Remzi \u0130lyasov: M. Ben-Naim meni antisemitizmde qabaatlav\u0131n\u0131 qup-quru sa\u00e7ma, dep sayam"},"content":{"rendered":"\n<p>2013 senesi avgust 31-de Meclis reisini\u00f1 muavini, Q\u0131r\u0131m Yuqar\u0131 \u015euras\u0131n\u0131\u00f1 deputat\u0131 Remzi \u0130lyasov Ukraina \u0130\u00e7ki i\u015fler nazirligini\u00f1 Q\u0131r\u0131mdaki ba\u015f idaresine baqqan Aqmescit \u015feer b\u00f6l\u00fcgi vekillerine Mark Ben Naimni\u00f1 Q\u0131r\u0131m Prokuror\u0131 V.V. Pavlov, Ukraina \u0130\u00e7ki i\u015fler nazirligini\u00f1 Q\u0131r\u0131mdaki Ba\u015f idaresini\u00f1 reberi M.A. Slepan\u00f6v ad\u0131na yaz\u011fan arizas\u0131 boyunca \u00f6z fikirini a\u00f1latt\u0131. \u00d6z arizas\u0131nda Mark Ben-Naim Remzi \u0130lyasov taraf\u0131ndan &#8220;a\u00e7\u0131qtan-a\u00e7\u0131q<br>milletlerara dava qoz\u011famaq ve yeudiylerge nisbeten nefret&#8221; k\u00f6zetilgenini bildirip, on\u0131 &#8220;antisemitizm&#8221; i\u00e7\u00fcn cevapk\u00e2rl\u0131qqa \u00e7ekmekni talap ete.<\/p>\n\n\n\n<p>M. Ben-Naim \u00f6z arizas\u0131nda b\u00f6yle delil ketire \u2013\u00a0Remzi \u0130lyasov 2013 senesi iy\u00fcn 22 k\u00fcn\u00fc Aqmescitteki Ebediy alev abidesine \u00e7e\u00e7ek qoyum merasimi munasebetinen Q\u0131r\u0131m Prokuraturas\u0131na muracaat etti. Mezk\u00fcr arizada M. Ben-Naim &#8220;\u00f6z\u00fcni qanuns\u0131z Meclis reisini\u00f1 muavini, Q\u0131r\u0131m Yuqar\u0131 \u015euras\u0131n\u0131\u00f1 deputat\u0131 dep adland\u0131r\u011fan R. \u0130lyasovn\u0131 Sovetler Birligini\u00f1 Qaraman\u0131 ve Sotsialist emegini\u00f1 qaraman\u0131 \u0130osif Stalinni\u00f1 portretini numay\u0131\u015f etken insanlarn\u0131\u00f1 areketini prokuror taraf\u0131ndan nezaret etmekni talap etkeni i\u00e7\u00fcn cevapk\u00e2rl\u0131qqa \u00e7ekilmesini teklif ete.<\/p>\n\n\n\n<p>Belli ki, matem mitinginde fahriy qaravul, \u00e7e\u015fit \u015fiarlar qoyul\u0131p, olarn\u0131\u00f1 aras\u0131nda stalinizmni propaganda etken soylar\u0131, c\u00fcmleden Stalin portreti alt\u0131nda &#8220;Ulu Stalinge \u015fan-\u015ferefler!&#8221;, &#8220;Vatan i\u00e7\u00fcn! Stalin i\u00e7\u00fcn \u00f6gge, \u00fcc\u00fcmge!&#8221; degen \u015fiarlar da bar edi. Tedbirde Q\u0131r\u0131m \u00fck\u00fcmetini\u00f1 vekilleri de i\u015ftirak ettiler. Uquqqoruv organlar\u0131 cell\u00e2tn\u0131\u00f1 portreti ve Stalinni medh etken \u015fiarlarn\u0131 \u00e7ekip alacaq old\u0131lar, amma halq deputat\u0131 S. Topalov organlarn\u0131\u00f1 bu i\u015fine keder etti.<\/p>\n\n\n\n<p>Evel \u00f6z arizas\u0131nda Remzi \u0130lyasov b\u00f6yle yaz\u011fan edi: &#8220;\u00f6yle k\u00f6r\u00fcndi ki, sanki Q\u0131r\u0131m \u00fck\u00fcmetini\u00f1 vekilleri &#8220;Stalin portretine \u00e7e\u00e7ekler qoyd\u0131lar. Stalinizmni, Stalinni medh etmek Ukrainada i\u00e7 keli\u015fmegen bir arekettir&#8221;. Q\u0131r\u0131m Yuqar\u0131 \u015euras\u0131n\u0131\u00f1 deputat\u0131 Remzi \u0130lyasov bun\u0131\u00f1 kibi de zarur taqiqat ke\u00e7irilip, su\u00e7l\u0131larn\u0131 bu areketleri ve bun\u0131\u00f1 kibi de militsiya hadimlerini\u00f1 i\u015fine keder etkenleri i\u00e7\u00fcn mes\u00fclietke \u00e7ekmekni rica etti. \u00c7\u00fcnki d\u00fcnya cemaat\u00e7\u0131l\u0131\u011f\u0131 totalitar ol\u011fan fa\u015fizm ve stalin rejimlerini qaralay.<\/p>\n\n\n\n<p>Remzi \u0130lyasovn\u0131 Ukraina Cinaiy Kodeksini\u00f1 161-nci maddesine k\u00f6re cevaprk\u00e2rl\u0131qqa \u00e7ekilmesini talap etken Ben_Naim Stalinni\u00f1 yeudiy ol\u011fan\u0131n\u0131 delil olaraq ketire.<\/p>\n\n\n\n<p>&#8220;Madamki Remzi \u0130lyasov stalinizmge qar\u015f\u0131 eken, demek o b\u00fct\u00fcn yeudiylerge qar\u015f\u0131&#8221; &#8211; cenap Ben-Naim i\u015fte b\u00f6yle genial hul\u00e2san\u0131 \u00e7\u0131qard\u0131.<br>\u00d6z nevbetinde Remzi \u0130lyasov &#8220;Ben-Naim adl\u0131 insann\u0131\u00f1 uydurmalar\u0131&#8221;n\u0131 izaatlarken &#8220;Stalin, Gitler ve olar\u011fa be\u00f1zerler aqq\u0131nda ayt\u0131rkenim i\u00e7 bir zaman ve i\u00e7 bir yerde olarn\u0131\u00f1 milliy mens\u00fcplikleri aqq\u0131nda t\u00fc\u015f\u00fcnmedim. Men stalinizm, natsizm, Stalinni\u00f1 \u015fahsiyetine tab\u0131nuvn\u0131\u00f1 propaganda etilmesine qar\u015f\u0131 \u00e7\u0131qt\u0131m, \u00e7\u00fcnki bu insan millionlarnen su\u00e7s\u0131z adamlarn\u0131\u00f1 \u00f6l\u00fcminde qbaatl\u0131d\u0131r. Mesel\u00e2, Ukraina mahkemesi on\u0131 ukrain halq\u0131n\u0131\u00f1 soyq\u0131r\u0131m\u0131n\u0131 ketirgen a\u00e7l\u0131qta qabaatl\u0131, dep tan\u0131d\u0131- bu aqta Ukraina Tel\u00fckesizlik h\u0131zmetini\u00f1 sayt\u0131nda mal\u00fcmat berile. M. Ben-Naim meni yeudiylerge qar\u015f\u0131, dep su\u00e7la\u011fan\u0131 sa\u00e7malavdan ba\u015fqa \u015fey degil&#8221;.<\/p>\n\n\n\n<p><strong>Mal\u00fcmat i\u00e7\u00fcn:<\/strong>&nbsp;<em>Meclis reisini\u00f1 muavini, Q\u0131r\u0131m Yuqar\u0131 \u015euras\u0131n\u0131\u00f1 deputat\u0131 Remzi \u0130lyasov Q\u0131r\u0131m Prokuraturas\u0131na 2013 senesi iy\u00fcn 22 k\u00fcn\u00fc Aqmescit \u015feeri soqa\u011f\u0131ndan Stalin portretinen ke\u00e7ken insanlarn\u0131 mes\u00fclietke \u00e7ekmekni talap etip, ariza yaz\u011fan edi.<\/em><\/p>\n","protected":false},"excerpt":{"rendered":"<p>2013 senesi avgust 31-de Meclis reisini\u00f1 muavini, Q\u0131r\u0131m Yuqar\u0131 \u015euras\u0131n\u0131\u00f1 deputat\u0131 Remzi \u0130lyasov Ukraina \u0130\u00e7ki i\u015fler nazirligini\u00f1 Q\u0131r\u0131mdaki ba\u015f idaresine baqqan Aqmescit \u015feer b\u00f6l\u00fcgi vekillerine Mark Ben Naimni\u00f1 Q\u0131r\u0131m Prokuror\u0131 V.V. Pavlov, Ukraina \u0130\u00e7ki i\u015fler nazirligini\u00f1 Q\u0131r\u0131mdaki Ba\u015f idaresini\u00f1 reberi M.A. Slepan\u00f6v ad\u0131na yaz\u011fan arizas\u0131 boyunca \u00f6z fikirini a\u00f1latt\u0131. \u00d6z arizas\u0131nda Mark Ben-Naim Remzi \u0130lyasov [&hellip;]<\/p>\n","protected":false},"author":1,"featured_media":0,"comment_status":"open","ping_status":"open","sticky":false,"template":"","format":"standard","meta":{"inline_featured_image":false,"footnotes":""},"categories":[265],"tags":[],"class_list":["post-39173","post","type-post","status-publish","format-standard","hentry","category-haberler"],"acf":[],"yoast_head":"<!-- This site is optimized with the Yoast SEO plugin v27.4 - https:\/\/yoast.com\/product\/yoast-seo-wordpress\/ -->\n<title>Remzi \u0130lyasov: M. Ben-Naim meni antisemitizmde qabaatlav\u0131n\u0131 qup-quru sa\u00e7ma, dep sayam - \u041c\u0435\u0434\u0436\u043b\u0456\u0441<\/title>\n<meta name=\"robots\" content=\"index, follow, max-snippet:-1, max-image-preview:large, max-video-preview:-1\" \/>\n<link rel=\"canonical\" href=\"https:\/\/qtmm.org\/qt\/remzi-ilyasov-m-ben-naim-meni-antisemitizmde-qabaatlavini-qup-quru-sacma-dep-sayam\/\" \/>\n<meta property=\"og:locale\" content=\"en_US\" \/>\n<meta property=\"og:type\" content=\"article\" \/>\n<meta property=\"og:title\" content=\"Remzi \u0130lyasov: M. Ben-Naim meni antisemitizmde qabaatlav\u0131n\u0131 qup-quru sa\u00e7ma, dep sayam - \u041c\u0435\u0434\u0436\u043b\u0456\u0441\" \/>\n<meta property=\"og:description\" content=\"2013 senesi avgust 31-de Meclis reisini\u00f1 muavini, Q\u0131r\u0131m Yuqar\u0131 \u015euras\u0131n\u0131\u00f1 deputat\u0131 Remzi \u0130lyasov Ukraina \u0130\u00e7ki i\u015fler nazirligini\u00f1 Q\u0131r\u0131mdaki ba\u015f idaresine baqqan Aqmescit \u015feer b\u00f6l\u00fcgi vekillerine Mark Ben Naimni\u00f1 Q\u0131r\u0131m Prokuror\u0131 V.V. Pavlov, Ukraina \u0130\u00e7ki i\u015fler nazirligini\u00f1 Q\u0131r\u0131mdaki Ba\u015f idaresini\u00f1 reberi M.A. Slepan\u00f6v ad\u0131na yaz\u011fan arizas\u0131 boyunca \u00f6z fikirini a\u00f1latt\u0131. \u00d6z arizas\u0131nda Mark Ben-Naim Remzi \u0130lyasov [&hellip;]\" \/>\n<meta property=\"og:url\" content=\"https:\/\/qtmm.org\/qt\/remzi-ilyasov-m-ben-naim-meni-antisemitizmde-qabaatlavini-qup-quru-sacma-dep-sayam\/\" \/>\n<meta property=\"og:site_name\" content=\"\u041c\u0435\u0434\u0436\u043b\u0456\u0441\" \/>\n<meta property=\"article:publisher\" content=\"https:\/\/www.facebook.com\/qtmm.info\/\" \/>\n<meta property=\"article:published_time\" content=\"2013-09-03T13:30:00+00:00\" \/>\n<meta property=\"article:modified_time\" content=\"2022-01-25T13:31:23+00:00\" \/>\n<meta name=\"author\" content=\"Developer\" \/>\n<meta name=\"twitter:card\" content=\"summary_large_image\" \/>\n<meta name=\"twitter:label1\" content=\"Written by\" \/>\n\t<meta name=\"twitter:data1\" content=\"Developer\" \/>\n\t<meta name=\"twitter:label2\" content=\"Est. reading time\" \/>\n\t<meta name=\"twitter:data2\" content=\"3 minutes\" \/>\n<script type=\"application\/ld+json\" class=\"yoast-schema-graph\">{\"@context\":\"https:\\\/\\\/schema.org\",\"@graph\":[{\"@type\":\"Article\",\"@id\":\"https:\\\/\\\/qtmm.org\\\/qt\\\/remzi-ilyasov-m-ben-naim-meni-antisemitizmde-qabaatlavini-qup-quru-sacma-dep-sayam\\\/#article\",\"isPartOf\":{\"@id\":\"https:\\\/\\\/qtmm.org\\\/qt\\\/remzi-ilyasov-m-ben-naim-meni-antisemitizmde-qabaatlavini-qup-quru-sacma-dep-sayam\\\/\"},\"author\":{\"name\":\"Developer\",\"@id\":\"https:\\\/\\\/qtmm.org\\\/qt\\\/#\\\/schema\\\/person\\\/de562469f971dec226ac06e60bbf74a7\"},\"headline\":\"Remzi \u0130lyasov: M. Ben-Naim meni antisemitizmde qabaatlav\u0131n\u0131 qup-quru sa\u00e7ma, dep sayam\",\"datePublished\":\"2013-09-03T13:30:00+00:00\",\"dateModified\":\"2022-01-25T13:31:23+00:00\",\"mainEntityOfPage\":{\"@id\":\"https:\\\/\\\/qtmm.org\\\/qt\\\/remzi-ilyasov-m-ben-naim-meni-antisemitizmde-qabaatlavini-qup-quru-sacma-dep-sayam\\\/\"},\"wordCount\":569,\"commentCount\":0,\"publisher\":{\"@id\":\"https:\\\/\\\/qtmm.org\\\/qt\\\/#organization\"},\"articleSection\":[\"Haberler\"],\"inLanguage\":\"qt\",\"potentialAction\":[{\"@type\":\"CommentAction\",\"name\":\"Comment\",\"target\":[\"https:\\\/\\\/qtmm.org\\\/qt\\\/remzi-ilyasov-m-ben-naim-meni-antisemitizmde-qabaatlavini-qup-quru-sacma-dep-sayam\\\/#respond\"]}]},{\"@type\":\"WebPage\",\"@id\":\"https:\\\/\\\/qtmm.org\\\/qt\\\/remzi-ilyasov-m-ben-naim-meni-antisemitizmde-qabaatlavini-qup-quru-sacma-dep-sayam\\\/\",\"url\":\"https:\\\/\\\/qtmm.org\\\/qt\\\/remzi-ilyasov-m-ben-naim-meni-antisemitizmde-qabaatlavini-qup-quru-sacma-dep-sayam\\\/\",\"name\":\"Remzi \u0130lyasov: M. Ben-Naim meni antisemitizmde qabaatlav\u0131n\u0131 qup-quru sa\u00e7ma, dep sayam - \u041c\u0435\u0434\u0436\u043b\u0456\u0441\",\"isPartOf\":{\"@id\":\"https:\\\/\\\/qtmm.org\\\/qt\\\/#website\"},\"datePublished\":\"2013-09-03T13:30:00+00:00\",\"dateModified\":\"2022-01-25T13:31:23+00:00\",\"breadcrumb\":{\"@id\":\"https:\\\/\\\/qtmm.org\\\/qt\\\/remzi-ilyasov-m-ben-naim-meni-antisemitizmde-qabaatlavini-qup-quru-sacma-dep-sayam\\\/#breadcrumb\"},\"inLanguage\":\"qt\",\"potentialAction\":[{\"@type\":\"ReadAction\",\"target\":[\"https:\\\/\\\/qtmm.org\\\/qt\\\/remzi-ilyasov-m-ben-naim-meni-antisemitizmde-qabaatlavini-qup-quru-sacma-dep-sayam\\\/\"]}]},{\"@type\":\"BreadcrumbList\",\"@id\":\"https:\\\/\\\/qtmm.org\\\/qt\\\/remzi-ilyasov-m-ben-naim-meni-antisemitizmde-qabaatlavini-qup-quru-sacma-dep-sayam\\\/#breadcrumb\",\"itemListElement\":[{\"@type\":\"ListItem\",\"position\":1,\"name\":\"\u0413\u043e\u043b\u043e\u0432\u043d\u0430\",\"item\":\"https:\\\/\\\/qtmm.org\\\/qt\\\/\"},{\"@type\":\"ListItem\",\"position\":2,\"name\":\"Remzi \u0130lyasov: M. Ben-Naim meni antisemitizmde qabaatlav\u0131n\u0131 qup-quru sa\u00e7ma, dep sayam\"}]},{\"@type\":\"WebSite\",\"@id\":\"https:\\\/\\\/qtmm.org\\\/qt\\\/#website\",\"url\":\"https:\\\/\\\/qtmm.org\\\/qt\\\/\",\"name\":\"\u041c\u0435\u0434\u0436\u043b\u0456\u0441\",\"description\":\"\",\"publisher\":{\"@id\":\"https:\\\/\\\/qtmm.org\\\/qt\\\/#organization\"},\"potentialAction\":[{\"@type\":\"SearchAction\",\"target\":{\"@type\":\"EntryPoint\",\"urlTemplate\":\"https:\\\/\\\/qtmm.org\\\/qt\\\/?s={search_term_string}\"},\"query-input\":{\"@type\":\"PropertyValueSpecification\",\"valueRequired\":true,\"valueName\":\"search_term_string\"}}],\"inLanguage\":\"qt\"},{\"@type\":\"Organization\",\"@id\":\"https:\\\/\\\/qtmm.org\\\/qt\\\/#organization\",\"name\":\"\u041c\u0435\u0434\u0436\u043b\u0456\u0441\",\"url\":\"https:\\\/\\\/qtmm.org\\\/qt\\\/\",\"logo\":{\"@type\":\"ImageObject\",\"inLanguage\":\"qt\",\"@id\":\"https:\\\/\\\/qtmm.org\\\/qt\\\/#\\\/schema\\\/logo\\\/image\\\/\",\"url\":\"https:\\\/\\\/qtmm.org\\\/wp-content\\\/uploads\\\/2024\\\/12\\\/ua-mejlis-logo-rgb.svg\",\"contentUrl\":\"https:\\\/\\\/qtmm.org\\\/wp-content\\\/uploads\\\/2024\\\/12\\\/ua-mejlis-logo-rgb.svg\",\"caption\":\"\u041c\u0435\u0434\u0436\u043b\u0456\u0441\"},\"image\":{\"@id\":\"https:\\\/\\\/qtmm.org\\\/qt\\\/#\\\/schema\\\/logo\\\/image\\\/\"},\"sameAs\":[\"https:\\\/\\\/www.facebook.com\\\/qtmm.info\\\/\"]},{\"@type\":\"Person\",\"@id\":\"https:\\\/\\\/qtmm.org\\\/qt\\\/#\\\/schema\\\/person\\\/de562469f971dec226ac06e60bbf74a7\",\"name\":\"Developer\",\"image\":{\"@type\":\"ImageObject\",\"inLanguage\":\"qt\",\"@id\":\"https:\\\/\\\/secure.gravatar.com\\\/avatar\\\/392b4cc8fbfeb00b39dfeeab4ee6edded39ffd48e25858637e4765810300227e?s=96&d=mm&r=g\",\"url\":\"https:\\\/\\\/secure.gravatar.com\\\/avatar\\\/392b4cc8fbfeb00b39dfeeab4ee6edded39ffd48e25858637e4765810300227e?s=96&d=mm&r=g\",\"contentUrl\":\"https:\\\/\\\/secure.gravatar.com\\\/avatar\\\/392b4cc8fbfeb00b39dfeeab4ee6edded39ffd48e25858637e4765810300227e?s=96&d=mm&r=g\",\"caption\":\"Developer\"},\"url\":\"https:\\\/\\\/qtmm.org\\\/qt\\\/author\\\/Developer\\\/\"}]}<\/script>\n<!-- \/ Yoast SEO plugin. -->","yoast_head_json":{"title":"Remzi \u0130lyasov: M. Ben-Naim meni antisemitizmde qabaatlav\u0131n\u0131 qup-quru sa\u00e7ma, dep sayam - \u041c\u0435\u0434\u0436\u043b\u0456\u0441","robots":{"index":"index","follow":"follow","max-snippet":"max-snippet:-1","max-image-preview":"max-image-preview:large","max-video-preview":"max-video-preview:-1"},"canonical":"https:\/\/qtmm.org\/qt\/remzi-ilyasov-m-ben-naim-meni-antisemitizmde-qabaatlavini-qup-quru-sacma-dep-sayam\/","og_locale":"en_US","og_type":"article","og_title":"Remzi \u0130lyasov: M. Ben-Naim meni antisemitizmde qabaatlav\u0131n\u0131 qup-quru sa\u00e7ma, dep sayam - \u041c\u0435\u0434\u0436\u043b\u0456\u0441","og_description":"2013 senesi avgust 31-de Meclis reisini\u00f1 muavini, Q\u0131r\u0131m Yuqar\u0131 \u015euras\u0131n\u0131\u00f1 deputat\u0131 Remzi \u0130lyasov Ukraina \u0130\u00e7ki i\u015fler nazirligini\u00f1 Q\u0131r\u0131mdaki ba\u015f idaresine baqqan Aqmescit \u015feer b\u00f6l\u00fcgi vekillerine Mark Ben Naimni\u00f1 Q\u0131r\u0131m Prokuror\u0131 V.V. Pavlov, Ukraina \u0130\u00e7ki i\u015fler nazirligini\u00f1 Q\u0131r\u0131mdaki Ba\u015f idaresini\u00f1 reberi M.A. Slepan\u00f6v ad\u0131na yaz\u011fan arizas\u0131 boyunca \u00f6z fikirini a\u00f1latt\u0131. \u00d6z arizas\u0131nda Mark Ben-Naim Remzi \u0130lyasov [&hellip;]","og_url":"https:\/\/qtmm.org\/qt\/remzi-ilyasov-m-ben-naim-meni-antisemitizmde-qabaatlavini-qup-quru-sacma-dep-sayam\/","og_site_name":"\u041c\u0435\u0434\u0436\u043b\u0456\u0441","article_publisher":"https:\/\/www.facebook.com\/qtmm.info\/","article_published_time":"2013-09-03T13:30:00+00:00","article_modified_time":"2022-01-25T13:31:23+00:00","author":"Developer","twitter_card":"summary_large_image","twitter_misc":{"Written by":"Developer","Est. reading time":"3 minutes"},"schema":{"@context":"https:\/\/schema.org","@graph":[{"@type":"Article","@id":"https:\/\/qtmm.org\/qt\/remzi-ilyasov-m-ben-naim-meni-antisemitizmde-qabaatlavini-qup-quru-sacma-dep-sayam\/#article","isPartOf":{"@id":"https:\/\/qtmm.org\/qt\/remzi-ilyasov-m-ben-naim-meni-antisemitizmde-qabaatlavini-qup-quru-sacma-dep-sayam\/"},"author":{"name":"Developer","@id":"https:\/\/qtmm.org\/qt\/#\/schema\/person\/de562469f971dec226ac06e60bbf74a7"},"headline":"Remzi \u0130lyasov: M. Ben-Naim meni antisemitizmde qabaatlav\u0131n\u0131 qup-quru sa\u00e7ma, dep sayam","datePublished":"2013-09-03T13:30:00+00:00","dateModified":"2022-01-25T13:31:23+00:00","mainEntityOfPage":{"@id":"https:\/\/qtmm.org\/qt\/remzi-ilyasov-m-ben-naim-meni-antisemitizmde-qabaatlavini-qup-quru-sacma-dep-sayam\/"},"wordCount":569,"commentCount":0,"publisher":{"@id":"https:\/\/qtmm.org\/qt\/#organization"},"articleSection":["Haberler"],"inLanguage":"qt","potentialAction":[{"@type":"CommentAction","name":"Comment","target":["https:\/\/qtmm.org\/qt\/remzi-ilyasov-m-ben-naim-meni-antisemitizmde-qabaatlavini-qup-quru-sacma-dep-sayam\/#respond"]}]},{"@type":"WebPage","@id":"https:\/\/qtmm.org\/qt\/remzi-ilyasov-m-ben-naim-meni-antisemitizmde-qabaatlavini-qup-quru-sacma-dep-sayam\/","url":"https:\/\/qtmm.org\/qt\/remzi-ilyasov-m-ben-naim-meni-antisemitizmde-qabaatlavini-qup-quru-sacma-dep-sayam\/","name":"Remzi \u0130lyasov: M. Ben-Naim meni antisemitizmde qabaatlav\u0131n\u0131 qup-quru sa\u00e7ma, dep sayam - \u041c\u0435\u0434\u0436\u043b\u0456\u0441","isPartOf":{"@id":"https:\/\/qtmm.org\/qt\/#website"},"datePublished":"2013-09-03T13:30:00+00:00","dateModified":"2022-01-25T13:31:23+00:00","breadcrumb":{"@id":"https:\/\/qtmm.org\/qt\/remzi-ilyasov-m-ben-naim-meni-antisemitizmde-qabaatlavini-qup-quru-sacma-dep-sayam\/#breadcrumb"},"inLanguage":"qt","potentialAction":[{"@type":"ReadAction","target":["https:\/\/qtmm.org\/qt\/remzi-ilyasov-m-ben-naim-meni-antisemitizmde-qabaatlavini-qup-quru-sacma-dep-sayam\/"]}]},{"@type":"BreadcrumbList","@id":"https:\/\/qtmm.org\/qt\/remzi-ilyasov-m-ben-naim-meni-antisemitizmde-qabaatlavini-qup-quru-sacma-dep-sayam\/#breadcrumb","itemListElement":[{"@type":"ListItem","position":1,"name":"\u0413\u043e\u043b\u043e\u0432\u043d\u0430","item":"https:\/\/qtmm.org\/qt\/"},{"@type":"ListItem","position":2,"name":"Remzi \u0130lyasov: M. Ben-Naim meni antisemitizmde qabaatlav\u0131n\u0131 qup-quru sa\u00e7ma, dep sayam"}]},{"@type":"WebSite","@id":"https:\/\/qtmm.org\/qt\/#website","url":"https:\/\/qtmm.org\/qt\/","name":"\u041c\u0435\u0434\u0436\u043b\u0456\u0441","description":"","publisher":{"@id":"https:\/\/qtmm.org\/qt\/#organization"},"potentialAction":[{"@type":"SearchAction","target":{"@type":"EntryPoint","urlTemplate":"https:\/\/qtmm.org\/qt\/?s={search_term_string}"},"query-input":{"@type":"PropertyValueSpecification","valueRequired":true,"valueName":"search_term_string"}}],"inLanguage":"qt"},{"@type":"Organization","@id":"https:\/\/qtmm.org\/qt\/#organization","name":"\u041c\u0435\u0434\u0436\u043b\u0456\u0441","url":"https:\/\/qtmm.org\/qt\/","logo":{"@type":"ImageObject","inLanguage":"qt","@id":"https:\/\/qtmm.org\/qt\/#\/schema\/logo\/image\/","url":"https:\/\/qtmm.org\/wp-content\/uploads\/2024\/12\/ua-mejlis-logo-rgb.svg","contentUrl":"https:\/\/qtmm.org\/wp-content\/uploads\/2024\/12\/ua-mejlis-logo-rgb.svg","caption":"\u041c\u0435\u0434\u0436\u043b\u0456\u0441"},"image":{"@id":"https:\/\/qtmm.org\/qt\/#\/schema\/logo\/image\/"},"sameAs":["https:\/\/www.facebook.com\/qtmm.info\/"]},{"@type":"Person","@id":"https:\/\/qtmm.org\/qt\/#\/schema\/person\/de562469f971dec226ac06e60bbf74a7","name":"Developer","image":{"@type":"ImageObject","inLanguage":"qt","@id":"https:\/\/secure.gravatar.com\/avatar\/392b4cc8fbfeb00b39dfeeab4ee6edded39ffd48e25858637e4765810300227e?s=96&d=mm&r=g","url":"https:\/\/secure.gravatar.com\/avatar\/392b4cc8fbfeb00b39dfeeab4ee6edded39ffd48e25858637e4765810300227e?s=96&d=mm&r=g","contentUrl":"https:\/\/secure.gravatar.com\/avatar\/392b4cc8fbfeb00b39dfeeab4ee6edded39ffd48e25858637e4765810300227e?s=96&d=mm&r=g","caption":"Developer"},"url":"https:\/\/qtmm.org\/qt\/author\/Developer\/"}]}},"_links":{"self":[{"href":"https:\/\/qtmm.org\/qt\/wp-json\/wp\/v2\/posts\/39173","targetHints":{"allow":["GET"]}}],"collection":[{"href":"https:\/\/qtmm.org\/qt\/wp-json\/wp\/v2\/posts"}],"about":[{"href":"https:\/\/qtmm.org\/qt\/wp-json\/wp\/v2\/types\/post"}],"author":[{"embeddable":true,"href":"https:\/\/qtmm.org\/qt\/wp-json\/wp\/v2\/users\/1"}],"replies":[{"embeddable":true,"href":"https:\/\/qtmm.org\/qt\/wp-json\/wp\/v2\/comments?post=39173"}],"version-history":[{"count":1,"href":"https:\/\/qtmm.org\/qt\/wp-json\/wp\/v2\/posts\/39173\/revisions"}],"predecessor-version":[{"id":39174,"href":"https:\/\/qtmm.org\/qt\/wp-json\/wp\/v2\/posts\/39173\/revisions\/39174"}],"wp:attachment":[{"href":"https:\/\/qtmm.org\/qt\/wp-json\/wp\/v2\/media?parent=39173"}],"wp:term":[{"taxonomy":"category","embeddable":true,"href":"https:\/\/qtmm.org\/qt\/wp-json\/wp\/v2\/categories?post=39173"},{"taxonomy":"post_tag","embeddable":true,"href":"https:\/\/qtmm.org\/qt\/wp-json\/wp\/v2\/tags?post=39173"}],"curies":[{"name":"wp","href":"https:\/\/api.w.org\/{rel}","templated":true}]}}