




{"id":39141,"date":"2013-08-30T16:27:00","date_gmt":"2013-08-30T13:27:00","guid":{"rendered":"http:\/\/qtmm.org\/?p=39141"},"modified":"2022-01-25T16:29:35","modified_gmt":"2022-01-25T13:29:35","slug":"meclis-reisi-mustafa-cemilev-ve-vernadskiy-adina-tavriya-milliy-universitet-rektori-nikolay-bagrov-qirimtatar-ve-sarq-filologiyasi-fakultetindeki-problemlerni-cezuv-yollarini-beraber-qidiralar","status":"publish","type":"post","link":"https:\/\/qtmm.org\/qt\/meclis-reisi-mustafa-cemilev-ve-vernadskiy-adina-tavriya-milliy-universitet-rektori-nikolay-bagrov-qirimtatar-ve-sarq-filologiyasi-fakultetindeki-problemlerni-cezuv-yollarini-beraber-qidiralar\/","title":{"rendered":"Meclis reisi Mustafa Cemilev ve Vernadskiy ad\u0131na Tavriya Milliy universitet rektor\u0131 Nikolay Bagrov q\u0131r\u0131mtatar ve \u015farq filologiyas\u0131 fakultetindeki problemlerni \u00e7ez\u00fcv yollar\u0131n\u0131 beraber q\u0131d\u0131ralar"},"content":{"rendered":"\n<p>2013 senesi avgust 30 k\u00fcn\u00fc Meclis reisi, Ukraina halq deputat\u0131 Mustafa Cemilev ve Vernadskiy ad\u0131na Tavriya Milliy universitet rektor\u0131 Nikolay Bagrov ile k\u00f6r\u00fc\u015fti.<\/p>\n\n\n\n<figure class=\"wp-block-image size-full\"><img loading=\"lazy\" decoding=\"async\" width=\"800\" height=\"600\" src=\"http:\/\/qtmm.org\/wp-content\/uploads\/2022\/01\/top.jpeg\" alt=\"\" class=\"wp-image-39142\" srcset=\"https:\/\/qtmm.org\/wp-content\/uploads\/2022\/01\/top.jpeg 800w, https:\/\/qtmm.org\/wp-content\/uploads\/2022\/01\/top-300x225.jpeg 300w, https:\/\/qtmm.org\/wp-content\/uploads\/2022\/01\/top-768x576.jpeg 768w\" sizes=\"auto, (max-width: 800px) 100vw, 800px\" \/><\/figure>\n\n\n\n<p>Q\u0131r\u0131mtatar filologiyas\u0131 b\u00f6l\u00fcginde ders saatleri q\u0131sqar\u011fan\u0131 ve \u015fu kafedra ocalar\u0131n\u0131\u00f1 i\u015fsiz qald\u0131r\u0131l\u011fanlar\u0131 munasebetinen ol\u011fan k\u00f6r\u00fc\u015f\u00fcvde TMU Q\u0131r\u0131mtatar ve \u015farq filologiyas\u0131 fakultetini\u00f1 ocalar\u0131, Meclis reisini\u00f1 muavini, Q\u0131r\u0131m Yuqar\u0131 \u015euras\u0131n\u0131\u00f1 deputat\u0131 Remzi \u0130lyasov, Meclisni\u00f1 Tasil ve medeniyet idaresini\u00f1 ba\u015f\u0131, Q\u0131r\u0131m Yuqar\u0131 \u015euras\u0131n\u0131\u00f1 deputat\u0131 Safure Kacametova, Q\u0131r\u0131mtatar yaz\u0131c\u0131lar birligini\u00f1 reisi Riza Faz\u0131l, TMU rektor muavini Yelena \u00c7uyan ve Q\u0131r\u0131mtatar ve \u015farq filologiyas\u0131 fakultetini\u00f1 dekan\u0131 Ayder Memetov i\u015ftirak ettiler.<\/p>\n\n\n\n<figure class=\"wp-block-image size-full\"><img loading=\"lazy\" decoding=\"async\" width=\"800\" height=\"600\" src=\"http:\/\/qtmm.org\/wp-content\/uploads\/2022\/01\/photo.jpeg\" alt=\"\" class=\"wp-image-39146\" srcset=\"https:\/\/qtmm.org\/wp-content\/uploads\/2022\/01\/photo.jpeg 800w, https:\/\/qtmm.org\/wp-content\/uploads\/2022\/01\/photo-300x225.jpeg 300w, https:\/\/qtmm.org\/wp-content\/uploads\/2022\/01\/photo-768x576.jpeg 768w\" sizes=\"auto, (max-width: 800px) 100vw, 800px\" \/><\/figure>\n\n\n\n<p>Belli ki, TMUda Q\u0131r\u0131mtatar ve \u015farq filologiyas\u0131 fakulteti 2002 senesinden berli \u00e7al\u0131\u015fmaqta. Ocalar m\u0131nda yal\u0131\u00f1\u0131z arap, fars, t\u00fcrk tilleri boyunca degil de, q\u0131r\u0131mtatar tili ve edebiyat\u0131 boyunca m\u00fctehass\u0131slar\u0131n\u0131 da az\u0131rlaylar. Meclisni\u00f1 Tasil ve medeniyet idaresini\u00f1 ba\u015f\u0131, Q\u0131r\u0131m Yuqar\u0131 \u015euras\u0131n\u0131\u00f1 deputat\u0131 Safure Kacametova qayd etkeni kibi fakultet ocalar\u0131 em aliy, em de orta tasil oquv yurtlar\u0131 i\u00e7\u00fcn q\u0131r\u0131mtatar tilinde oquv ve metodik qullanmalarn\u0131 i\u015flemekteler.<\/p>\n\n\n\n<p>&#8220;Al-az\u0131rda fakultette 233 student k\u00fcnd\u00fczki b\u00f6l\u00fckte ve 49 talebe \u011fiyabiy b\u00f6l\u00fckte tasil almaqta, &#8211; dep devam etti \u00e7\u0131q\u0131\u015f\u0131n\u0131 S. Kacametova. \u2013 Q\u0131r\u0131mtatar edebiyat\u0131 kafedras\u0131nda bir namzetlik ve bir doktorl\u0131q dissertatsiyalar\u0131 qor\u00e7aland\u0131, 2012 senesi kafedra faalligini\u00f1 y\u00fcksek k\u00f6stergi\u00e7leri qayd etildi&#8221;.<\/p>\n\n\n\n<p>TMU rektor\u0131 N. Bagrovn\u0131\u00f1 s\u00f6zlerine k\u00f6re fakultette studentler say\u0131s\u0131n\u0131\u00f1 eksilgeni sebebinden universitet art\u0131q fakultetni\u00f1 faaliyetini teminlep olamay. &#8220;\u015eun\u0131\u00f1 i\u00e7\u00fcn de biz faqat bu fakultette degil de, umumen universitetimizde i\u015f yerlerini azla\u015ft\u0131rma\u011fa mecburm\u0131z&#8221;, &#8211; dep a\u00f1latt\u0131 universitet rektor\u0131. Nikolay Bagrov q\u0131r\u0131mtatar ve \u015farq filologiyas\u0131 fakultetini &#8220;\u00f6z balas\u0131&#8221; dep say\u011fan\u0131n\u0131 bildirdi ve fakultet hadimlerini saqlap qalma\u011fa ve fakultetni\u00f1 inki\u015faf\u0131na qoltutma\u011fa az\u0131r ol\u011fan\u0131n\u0131 qayd etti.<\/p>\n\n\n\n<figure class=\"wp-block-image size-full\"><img loading=\"lazy\" decoding=\"async\" width=\"800\" height=\"600\" src=\"http:\/\/qtmm.org\/wp-content\/uploads\/2022\/01\/photo_5.jpeg\" alt=\"\" class=\"wp-image-39150\" srcset=\"https:\/\/qtmm.org\/wp-content\/uploads\/2022\/01\/photo_5.jpeg 800w, https:\/\/qtmm.org\/wp-content\/uploads\/2022\/01\/photo_5-300x225.jpeg 300w, https:\/\/qtmm.org\/wp-content\/uploads\/2022\/01\/photo_5-768x576.jpeg 768w\" sizes=\"auto, (max-width: 800px) 100vw, 800px\" \/><\/figure>\n\n\n\n<p>Meydan\u011fa kelgen vaziyetni muzakere etkende Meclis reisi Mustafa Cemilev ve TMU rektor\u0131 Nikolay Bagrov meseleni al etmekni\u00f1 bir yolu olaraq Ukraina Tasil naziri D. Taba\u00e7nikke muracaatta bulun\u0131p, Q\u0131r\u0131mtatar ve \u015farq filologiyas\u0131 fakultetini\u00f1 \u015ftat\u0131n\u0131 finansirlemek i\u00e7\u00fcn Ukraina Devlet b\u00fccetinden maqsadl\u0131 sermiya ay\u0131r\u0131lmas\u0131n\u0131 rica etmekni\u00f1 \u011fayet zarur ol\u011fan\u0131n\u0131 seslendirdiler.<\/p>\n\n\n\n<p>Meclis reisi M.Cemilev emin ki, esasen TMU rektor\u0131 N. Bagrovn\u0131\u00f1 kendisini\u00f1 qoltutuv\u0131 sayesinde a\u00e7\u0131l\u011fan fakultetni\u00f1 faaliyeti Ukrainada q\u0131r\u0131mtatar halq\u0131n\u0131\u00f1 medeniyeti, tili ve tasilini\u00f1 saqlanmas\u0131 ve inki\u015faf\u0131 i\u00e7\u00fcn pek m\u00fcim ve devlet seviyesinde destekke muhtacd\u0131r.<\/p>\n\n\n\n<figure class=\"wp-block-image size-full\"><img loading=\"lazy\" decoding=\"async\" width=\"800\" height=\"600\" src=\"http:\/\/qtmm.org\/wp-content\/uploads\/2022\/01\/photo_6.jpeg\" alt=\"\" class=\"wp-image-39154\" srcset=\"https:\/\/qtmm.org\/wp-content\/uploads\/2022\/01\/photo_6.jpeg 800w, https:\/\/qtmm.org\/wp-content\/uploads\/2022\/01\/photo_6-300x225.jpeg 300w, https:\/\/qtmm.org\/wp-content\/uploads\/2022\/01\/photo_6-768x576.jpeg 768w\" sizes=\"auto, (max-width: 800px) 100vw, 800px\" \/><\/figure>\n\n\n\n<figure class=\"wp-block-image size-full\"><img loading=\"lazy\" decoding=\"async\" width=\"800\" height=\"600\" src=\"http:\/\/qtmm.org\/wp-content\/uploads\/2022\/01\/photo_7.jpeg\" alt=\"\" class=\"wp-image-39158\" srcset=\"https:\/\/qtmm.org\/wp-content\/uploads\/2022\/01\/photo_7.jpeg 800w, https:\/\/qtmm.org\/wp-content\/uploads\/2022\/01\/photo_7-300x225.jpeg 300w, https:\/\/qtmm.org\/wp-content\/uploads\/2022\/01\/photo_7-768x576.jpeg 768w\" sizes=\"auto, (max-width: 800px) 100vw, 800px\" \/><\/figure>\n","protected":false},"excerpt":{"rendered":"<p>2013 senesi avgust 30 k\u00fcn\u00fc Meclis reisi, Ukraina halq deputat\u0131 Mustafa Cemilev ve Vernadskiy ad\u0131na Tavriya Milliy universitet rektor\u0131 Nikolay Bagrov ile k\u00f6r\u00fc\u015fti. Q\u0131r\u0131mtatar filologiyas\u0131 b\u00f6l\u00fcginde ders saatleri q\u0131sqar\u011fan\u0131 ve \u015fu kafedra ocalar\u0131n\u0131\u00f1 i\u015fsiz qald\u0131r\u0131l\u011fanlar\u0131 munasebetinen ol\u011fan k\u00f6r\u00fc\u015f\u00fcvde TMU Q\u0131r\u0131mtatar ve \u015farq filologiyas\u0131 fakultetini\u00f1 ocalar\u0131, Meclis reisini\u00f1 muavini, Q\u0131r\u0131m Yuqar\u0131 \u015euras\u0131n\u0131\u00f1 deputat\u0131 Remzi \u0130lyasov, Meclisni\u00f1 [&hellip;]<\/p>\n","protected":false},"author":1,"featured_media":0,"comment_status":"open","ping_status":"open","sticky":false,"template":"","format":"standard","meta":{"inline_featured_image":false,"footnotes":""},"categories":[265],"tags":[],"class_list":["post-39141","post","type-post","status-publish","format-standard","hentry","category-haberler"],"acf":[],"yoast_head":"<!-- This site is optimized with the Yoast SEO plugin v27.4 - https:\/\/yoast.com\/product\/yoast-seo-wordpress\/ -->\n<title>Meclis reisi Mustafa Cemilev ve Vernadskiy ad\u0131na Tavriya Milliy universitet rektor\u0131 Nikolay Bagrov q\u0131r\u0131mtatar ve \u015farq filologiyas\u0131 fakultetindeki problemlerni \u00e7ez\u00fcv yollar\u0131n\u0131 beraber q\u0131d\u0131ralar - \u041c\u0435\u0434\u0436\u043b\u0456\u0441<\/title>\n<meta name=\"robots\" content=\"index, follow, max-snippet:-1, max-image-preview:large, max-video-preview:-1\" \/>\n<link rel=\"canonical\" href=\"https:\/\/qtmm.org\/qt\/meclis-reisi-mustafa-cemilev-ve-vernadskiy-adina-tavriya-milliy-universitet-rektori-nikolay-bagrov-qirimtatar-ve-sarq-filologiyasi-fakultetindeki-problemlerni-cezuv-yollarini-beraber-qidiralar\/\" \/>\n<meta property=\"og:locale\" content=\"en_US\" \/>\n<meta property=\"og:type\" content=\"article\" \/>\n<meta property=\"og:title\" content=\"Meclis reisi Mustafa Cemilev ve Vernadskiy ad\u0131na Tavriya Milliy universitet rektor\u0131 Nikolay Bagrov q\u0131r\u0131mtatar ve \u015farq filologiyas\u0131 fakultetindeki problemlerni \u00e7ez\u00fcv yollar\u0131n\u0131 beraber q\u0131d\u0131ralar - \u041c\u0435\u0434\u0436\u043b\u0456\u0441\" \/>\n<meta property=\"og:description\" content=\"2013 senesi avgust 30 k\u00fcn\u00fc Meclis reisi, Ukraina halq deputat\u0131 Mustafa Cemilev ve Vernadskiy ad\u0131na Tavriya Milliy universitet rektor\u0131 Nikolay Bagrov ile k\u00f6r\u00fc\u015fti. Q\u0131r\u0131mtatar filologiyas\u0131 b\u00f6l\u00fcginde ders saatleri q\u0131sqar\u011fan\u0131 ve \u015fu kafedra ocalar\u0131n\u0131\u00f1 i\u015fsiz qald\u0131r\u0131l\u011fanlar\u0131 munasebetinen ol\u011fan k\u00f6r\u00fc\u015f\u00fcvde TMU Q\u0131r\u0131mtatar ve \u015farq filologiyas\u0131 fakultetini\u00f1 ocalar\u0131, Meclis reisini\u00f1 muavini, Q\u0131r\u0131m Yuqar\u0131 \u015euras\u0131n\u0131\u00f1 deputat\u0131 Remzi \u0130lyasov, Meclisni\u00f1 [&hellip;]\" \/>\n<meta property=\"og:url\" content=\"https:\/\/qtmm.org\/qt\/meclis-reisi-mustafa-cemilev-ve-vernadskiy-adina-tavriya-milliy-universitet-rektori-nikolay-bagrov-qirimtatar-ve-sarq-filologiyasi-fakultetindeki-problemlerni-cezuv-yollarini-beraber-qidiralar\/\" \/>\n<meta property=\"og:site_name\" content=\"\u041c\u0435\u0434\u0436\u043b\u0456\u0441\" \/>\n<meta property=\"article:publisher\" content=\"https:\/\/www.facebook.com\/qtmm.info\/\" \/>\n<meta property=\"article:published_time\" content=\"2013-08-30T13:27:00+00:00\" \/>\n<meta property=\"article:modified_time\" content=\"2022-01-25T13:29:35+00:00\" \/>\n<meta property=\"og:image\" content=\"https:\/\/qtmm.org\/wp-content\/uploads\/2022\/01\/top.jpeg\" \/>\n\t<meta property=\"og:image:width\" content=\"800\" \/>\n\t<meta property=\"og:image:height\" content=\"600\" \/>\n\t<meta property=\"og:image:type\" content=\"image\/jpeg\" \/>\n<meta name=\"author\" content=\"Developer\" \/>\n<meta name=\"twitter:card\" content=\"summary_large_image\" \/>\n<meta name=\"twitter:label1\" content=\"Written by\" \/>\n\t<meta name=\"twitter:data1\" content=\"Developer\" \/>\n\t<meta name=\"twitter:label2\" content=\"Est. reading time\" \/>\n\t<meta name=\"twitter:data2\" content=\"2 minutes\" \/>\n<script type=\"application\/ld+json\" class=\"yoast-schema-graph\">{\"@context\":\"https:\\\/\\\/schema.org\",\"@graph\":[{\"@type\":\"Article\",\"@id\":\"https:\\\/\\\/qtmm.org\\\/qt\\\/meclis-reisi-mustafa-cemilev-ve-vernadskiy-adina-tavriya-milliy-universitet-rektori-nikolay-bagrov-qirimtatar-ve-sarq-filologiyasi-fakultetindeki-problemlerni-cezuv-yollarini-beraber-qidiralar\\\/#article\",\"isPartOf\":{\"@id\":\"https:\\\/\\\/qtmm.org\\\/qt\\\/meclis-reisi-mustafa-cemilev-ve-vernadskiy-adina-tavriya-milliy-universitet-rektori-nikolay-bagrov-qirimtatar-ve-sarq-filologiyasi-fakultetindeki-problemlerni-cezuv-yollarini-beraber-qidiralar\\\/\"},\"author\":{\"name\":\"Developer\",\"@id\":\"https:\\\/\\\/qtmm.org\\\/qt\\\/#\\\/schema\\\/person\\\/de562469f971dec226ac06e60bbf74a7\"},\"headline\":\"Meclis reisi Mustafa Cemilev ve Vernadskiy ad\u0131na Tavriya Milliy universitet rektor\u0131 Nikolay Bagrov q\u0131r\u0131mtatar ve \u015farq filologiyas\u0131 fakultetindeki problemlerni \u00e7ez\u00fcv yollar\u0131n\u0131 beraber q\u0131d\u0131ralar\",\"datePublished\":\"2013-08-30T13:27:00+00:00\",\"dateModified\":\"2022-01-25T13:29:35+00:00\",\"mainEntityOfPage\":{\"@id\":\"https:\\\/\\\/qtmm.org\\\/qt\\\/meclis-reisi-mustafa-cemilev-ve-vernadskiy-adina-tavriya-milliy-universitet-rektori-nikolay-bagrov-qirimtatar-ve-sarq-filologiyasi-fakultetindeki-problemlerni-cezuv-yollarini-beraber-qidiralar\\\/\"},\"wordCount\":470,\"commentCount\":0,\"publisher\":{\"@id\":\"https:\\\/\\\/qtmm.org\\\/qt\\\/#organization\"},\"image\":{\"@id\":\"https:\\\/\\\/qtmm.org\\\/qt\\\/meclis-reisi-mustafa-cemilev-ve-vernadskiy-adina-tavriya-milliy-universitet-rektori-nikolay-bagrov-qirimtatar-ve-sarq-filologiyasi-fakultetindeki-problemlerni-cezuv-yollarini-beraber-qidiralar\\\/#primaryimage\"},\"thumbnailUrl\":\"http:\\\/\\\/qtmm.org\\\/wp-content\\\/uploads\\\/2022\\\/01\\\/top.jpeg\",\"articleSection\":[\"Haberler\"],\"inLanguage\":\"qt\",\"potentialAction\":[{\"@type\":\"CommentAction\",\"name\":\"Comment\",\"target\":[\"https:\\\/\\\/qtmm.org\\\/qt\\\/meclis-reisi-mustafa-cemilev-ve-vernadskiy-adina-tavriya-milliy-universitet-rektori-nikolay-bagrov-qirimtatar-ve-sarq-filologiyasi-fakultetindeki-problemlerni-cezuv-yollarini-beraber-qidiralar\\\/#respond\"]}]},{\"@type\":\"WebPage\",\"@id\":\"https:\\\/\\\/qtmm.org\\\/qt\\\/meclis-reisi-mustafa-cemilev-ve-vernadskiy-adina-tavriya-milliy-universitet-rektori-nikolay-bagrov-qirimtatar-ve-sarq-filologiyasi-fakultetindeki-problemlerni-cezuv-yollarini-beraber-qidiralar\\\/\",\"url\":\"https:\\\/\\\/qtmm.org\\\/qt\\\/meclis-reisi-mustafa-cemilev-ve-vernadskiy-adina-tavriya-milliy-universitet-rektori-nikolay-bagrov-qirimtatar-ve-sarq-filologiyasi-fakultetindeki-problemlerni-cezuv-yollarini-beraber-qidiralar\\\/\",\"name\":\"Meclis reisi Mustafa Cemilev ve Vernadskiy ad\u0131na Tavriya Milliy universitet rektor\u0131 Nikolay Bagrov q\u0131r\u0131mtatar ve \u015farq filologiyas\u0131 fakultetindeki problemlerni \u00e7ez\u00fcv yollar\u0131n\u0131 beraber q\u0131d\u0131ralar - \u041c\u0435\u0434\u0436\u043b\u0456\u0441\",\"isPartOf\":{\"@id\":\"https:\\\/\\\/qtmm.org\\\/qt\\\/#website\"},\"primaryImageOfPage\":{\"@id\":\"https:\\\/\\\/qtmm.org\\\/qt\\\/meclis-reisi-mustafa-cemilev-ve-vernadskiy-adina-tavriya-milliy-universitet-rektori-nikolay-bagrov-qirimtatar-ve-sarq-filologiyasi-fakultetindeki-problemlerni-cezuv-yollarini-beraber-qidiralar\\\/#primaryimage\"},\"image\":{\"@id\":\"https:\\\/\\\/qtmm.org\\\/qt\\\/meclis-reisi-mustafa-cemilev-ve-vernadskiy-adina-tavriya-milliy-universitet-rektori-nikolay-bagrov-qirimtatar-ve-sarq-filologiyasi-fakultetindeki-problemlerni-cezuv-yollarini-beraber-qidiralar\\\/#primaryimage\"},\"thumbnailUrl\":\"http:\\\/\\\/qtmm.org\\\/wp-content\\\/uploads\\\/2022\\\/01\\\/top.jpeg\",\"datePublished\":\"2013-08-30T13:27:00+00:00\",\"dateModified\":\"2022-01-25T13:29:35+00:00\",\"breadcrumb\":{\"@id\":\"https:\\\/\\\/qtmm.org\\\/qt\\\/meclis-reisi-mustafa-cemilev-ve-vernadskiy-adina-tavriya-milliy-universitet-rektori-nikolay-bagrov-qirimtatar-ve-sarq-filologiyasi-fakultetindeki-problemlerni-cezuv-yollarini-beraber-qidiralar\\\/#breadcrumb\"},\"inLanguage\":\"qt\",\"potentialAction\":[{\"@type\":\"ReadAction\",\"target\":[\"https:\\\/\\\/qtmm.org\\\/qt\\\/meclis-reisi-mustafa-cemilev-ve-vernadskiy-adina-tavriya-milliy-universitet-rektori-nikolay-bagrov-qirimtatar-ve-sarq-filologiyasi-fakultetindeki-problemlerni-cezuv-yollarini-beraber-qidiralar\\\/\"]}]},{\"@type\":\"ImageObject\",\"inLanguage\":\"qt\",\"@id\":\"https:\\\/\\\/qtmm.org\\\/qt\\\/meclis-reisi-mustafa-cemilev-ve-vernadskiy-adina-tavriya-milliy-universitet-rektori-nikolay-bagrov-qirimtatar-ve-sarq-filologiyasi-fakultetindeki-problemlerni-cezuv-yollarini-beraber-qidiralar\\\/#primaryimage\",\"url\":\"http:\\\/\\\/qtmm.org\\\/wp-content\\\/uploads\\\/2022\\\/01\\\/top.jpeg\",\"contentUrl\":\"http:\\\/\\\/qtmm.org\\\/wp-content\\\/uploads\\\/2022\\\/01\\\/top.jpeg\"},{\"@type\":\"BreadcrumbList\",\"@id\":\"https:\\\/\\\/qtmm.org\\\/qt\\\/meclis-reisi-mustafa-cemilev-ve-vernadskiy-adina-tavriya-milliy-universitet-rektori-nikolay-bagrov-qirimtatar-ve-sarq-filologiyasi-fakultetindeki-problemlerni-cezuv-yollarini-beraber-qidiralar\\\/#breadcrumb\",\"itemListElement\":[{\"@type\":\"ListItem\",\"position\":1,\"name\":\"\u0413\u043e\u043b\u043e\u0432\u043d\u0430\",\"item\":\"https:\\\/\\\/qtmm.org\\\/qt\\\/\"},{\"@type\":\"ListItem\",\"position\":2,\"name\":\"Meclis reisi Mustafa Cemilev ve Vernadskiy ad\u0131na Tavriya Milliy universitet rektor\u0131 Nikolay Bagrov q\u0131r\u0131mtatar ve \u015farq filologiyas\u0131 fakultetindeki problemlerni \u00e7ez\u00fcv yollar\u0131n\u0131 beraber q\u0131d\u0131ralar\"}]},{\"@type\":\"WebSite\",\"@id\":\"https:\\\/\\\/qtmm.org\\\/qt\\\/#website\",\"url\":\"https:\\\/\\\/qtmm.org\\\/qt\\\/\",\"name\":\"\u041c\u0435\u0434\u0436\u043b\u0456\u0441\",\"description\":\"\",\"publisher\":{\"@id\":\"https:\\\/\\\/qtmm.org\\\/qt\\\/#organization\"},\"potentialAction\":[{\"@type\":\"SearchAction\",\"target\":{\"@type\":\"EntryPoint\",\"urlTemplate\":\"https:\\\/\\\/qtmm.org\\\/qt\\\/?s={search_term_string}\"},\"query-input\":{\"@type\":\"PropertyValueSpecification\",\"valueRequired\":true,\"valueName\":\"search_term_string\"}}],\"inLanguage\":\"qt\"},{\"@type\":\"Organization\",\"@id\":\"https:\\\/\\\/qtmm.org\\\/qt\\\/#organization\",\"name\":\"\u041c\u0435\u0434\u0436\u043b\u0456\u0441\",\"url\":\"https:\\\/\\\/qtmm.org\\\/qt\\\/\",\"logo\":{\"@type\":\"ImageObject\",\"inLanguage\":\"qt\",\"@id\":\"https:\\\/\\\/qtmm.org\\\/qt\\\/#\\\/schema\\\/logo\\\/image\\\/\",\"url\":\"https:\\\/\\\/qtmm.org\\\/wp-content\\\/uploads\\\/2024\\\/12\\\/ua-mejlis-logo-rgb.svg\",\"contentUrl\":\"https:\\\/\\\/qtmm.org\\\/wp-content\\\/uploads\\\/2024\\\/12\\\/ua-mejlis-logo-rgb.svg\",\"caption\":\"\u041c\u0435\u0434\u0436\u043b\u0456\u0441\"},\"image\":{\"@id\":\"https:\\\/\\\/qtmm.org\\\/qt\\\/#\\\/schema\\\/logo\\\/image\\\/\"},\"sameAs\":[\"https:\\\/\\\/www.facebook.com\\\/qtmm.info\\\/\"]},{\"@type\":\"Person\",\"@id\":\"https:\\\/\\\/qtmm.org\\\/qt\\\/#\\\/schema\\\/person\\\/de562469f971dec226ac06e60bbf74a7\",\"name\":\"Developer\",\"image\":{\"@type\":\"ImageObject\",\"inLanguage\":\"qt\",\"@id\":\"https:\\\/\\\/secure.gravatar.com\\\/avatar\\\/392b4cc8fbfeb00b39dfeeab4ee6edded39ffd48e25858637e4765810300227e?s=96&d=mm&r=g\",\"url\":\"https:\\\/\\\/secure.gravatar.com\\\/avatar\\\/392b4cc8fbfeb00b39dfeeab4ee6edded39ffd48e25858637e4765810300227e?s=96&d=mm&r=g\",\"contentUrl\":\"https:\\\/\\\/secure.gravatar.com\\\/avatar\\\/392b4cc8fbfeb00b39dfeeab4ee6edded39ffd48e25858637e4765810300227e?s=96&d=mm&r=g\",\"caption\":\"Developer\"},\"url\":\"https:\\\/\\\/qtmm.org\\\/qt\\\/author\\\/Developer\\\/\"}]}<\/script>\n<!-- \/ Yoast SEO plugin. -->","yoast_head_json":{"title":"Meclis reisi Mustafa Cemilev ve Vernadskiy ad\u0131na Tavriya Milliy universitet rektor\u0131 Nikolay Bagrov q\u0131r\u0131mtatar ve \u015farq filologiyas\u0131 fakultetindeki problemlerni \u00e7ez\u00fcv yollar\u0131n\u0131 beraber q\u0131d\u0131ralar - \u041c\u0435\u0434\u0436\u043b\u0456\u0441","robots":{"index":"index","follow":"follow","max-snippet":"max-snippet:-1","max-image-preview":"max-image-preview:large","max-video-preview":"max-video-preview:-1"},"canonical":"https:\/\/qtmm.org\/qt\/meclis-reisi-mustafa-cemilev-ve-vernadskiy-adina-tavriya-milliy-universitet-rektori-nikolay-bagrov-qirimtatar-ve-sarq-filologiyasi-fakultetindeki-problemlerni-cezuv-yollarini-beraber-qidiralar\/","og_locale":"en_US","og_type":"article","og_title":"Meclis reisi Mustafa Cemilev ve Vernadskiy ad\u0131na Tavriya Milliy universitet rektor\u0131 Nikolay Bagrov q\u0131r\u0131mtatar ve \u015farq filologiyas\u0131 fakultetindeki problemlerni \u00e7ez\u00fcv yollar\u0131n\u0131 beraber q\u0131d\u0131ralar - \u041c\u0435\u0434\u0436\u043b\u0456\u0441","og_description":"2013 senesi avgust 30 k\u00fcn\u00fc Meclis reisi, Ukraina halq deputat\u0131 Mustafa Cemilev ve Vernadskiy ad\u0131na Tavriya Milliy universitet rektor\u0131 Nikolay Bagrov ile k\u00f6r\u00fc\u015fti. Q\u0131r\u0131mtatar filologiyas\u0131 b\u00f6l\u00fcginde ders saatleri q\u0131sqar\u011fan\u0131 ve \u015fu kafedra ocalar\u0131n\u0131\u00f1 i\u015fsiz qald\u0131r\u0131l\u011fanlar\u0131 munasebetinen ol\u011fan k\u00f6r\u00fc\u015f\u00fcvde TMU Q\u0131r\u0131mtatar ve \u015farq filologiyas\u0131 fakultetini\u00f1 ocalar\u0131, Meclis reisini\u00f1 muavini, Q\u0131r\u0131m Yuqar\u0131 \u015euras\u0131n\u0131\u00f1 deputat\u0131 Remzi \u0130lyasov, Meclisni\u00f1 [&hellip;]","og_url":"https:\/\/qtmm.org\/qt\/meclis-reisi-mustafa-cemilev-ve-vernadskiy-adina-tavriya-milliy-universitet-rektori-nikolay-bagrov-qirimtatar-ve-sarq-filologiyasi-fakultetindeki-problemlerni-cezuv-yollarini-beraber-qidiralar\/","og_site_name":"\u041c\u0435\u0434\u0436\u043b\u0456\u0441","article_publisher":"https:\/\/www.facebook.com\/qtmm.info\/","article_published_time":"2013-08-30T13:27:00+00:00","article_modified_time":"2022-01-25T13:29:35+00:00","og_image":[{"width":800,"height":600,"url":"https:\/\/qtmm.org\/wp-content\/uploads\/2022\/01\/top.jpeg","type":"image\/jpeg"}],"author":"Developer","twitter_card":"summary_large_image","twitter_misc":{"Written by":"Developer","Est. reading time":"2 minutes"},"schema":{"@context":"https:\/\/schema.org","@graph":[{"@type":"Article","@id":"https:\/\/qtmm.org\/qt\/meclis-reisi-mustafa-cemilev-ve-vernadskiy-adina-tavriya-milliy-universitet-rektori-nikolay-bagrov-qirimtatar-ve-sarq-filologiyasi-fakultetindeki-problemlerni-cezuv-yollarini-beraber-qidiralar\/#article","isPartOf":{"@id":"https:\/\/qtmm.org\/qt\/meclis-reisi-mustafa-cemilev-ve-vernadskiy-adina-tavriya-milliy-universitet-rektori-nikolay-bagrov-qirimtatar-ve-sarq-filologiyasi-fakultetindeki-problemlerni-cezuv-yollarini-beraber-qidiralar\/"},"author":{"name":"Developer","@id":"https:\/\/qtmm.org\/qt\/#\/schema\/person\/de562469f971dec226ac06e60bbf74a7"},"headline":"Meclis reisi Mustafa Cemilev ve Vernadskiy ad\u0131na Tavriya Milliy universitet rektor\u0131 Nikolay Bagrov q\u0131r\u0131mtatar ve \u015farq filologiyas\u0131 fakultetindeki problemlerni \u00e7ez\u00fcv yollar\u0131n\u0131 beraber q\u0131d\u0131ralar","datePublished":"2013-08-30T13:27:00+00:00","dateModified":"2022-01-25T13:29:35+00:00","mainEntityOfPage":{"@id":"https:\/\/qtmm.org\/qt\/meclis-reisi-mustafa-cemilev-ve-vernadskiy-adina-tavriya-milliy-universitet-rektori-nikolay-bagrov-qirimtatar-ve-sarq-filologiyasi-fakultetindeki-problemlerni-cezuv-yollarini-beraber-qidiralar\/"},"wordCount":470,"commentCount":0,"publisher":{"@id":"https:\/\/qtmm.org\/qt\/#organization"},"image":{"@id":"https:\/\/qtmm.org\/qt\/meclis-reisi-mustafa-cemilev-ve-vernadskiy-adina-tavriya-milliy-universitet-rektori-nikolay-bagrov-qirimtatar-ve-sarq-filologiyasi-fakultetindeki-problemlerni-cezuv-yollarini-beraber-qidiralar\/#primaryimage"},"thumbnailUrl":"http:\/\/qtmm.org\/wp-content\/uploads\/2022\/01\/top.jpeg","articleSection":["Haberler"],"inLanguage":"qt","potentialAction":[{"@type":"CommentAction","name":"Comment","target":["https:\/\/qtmm.org\/qt\/meclis-reisi-mustafa-cemilev-ve-vernadskiy-adina-tavriya-milliy-universitet-rektori-nikolay-bagrov-qirimtatar-ve-sarq-filologiyasi-fakultetindeki-problemlerni-cezuv-yollarini-beraber-qidiralar\/#respond"]}]},{"@type":"WebPage","@id":"https:\/\/qtmm.org\/qt\/meclis-reisi-mustafa-cemilev-ve-vernadskiy-adina-tavriya-milliy-universitet-rektori-nikolay-bagrov-qirimtatar-ve-sarq-filologiyasi-fakultetindeki-problemlerni-cezuv-yollarini-beraber-qidiralar\/","url":"https:\/\/qtmm.org\/qt\/meclis-reisi-mustafa-cemilev-ve-vernadskiy-adina-tavriya-milliy-universitet-rektori-nikolay-bagrov-qirimtatar-ve-sarq-filologiyasi-fakultetindeki-problemlerni-cezuv-yollarini-beraber-qidiralar\/","name":"Meclis reisi Mustafa Cemilev ve Vernadskiy ad\u0131na Tavriya Milliy universitet rektor\u0131 Nikolay Bagrov q\u0131r\u0131mtatar ve \u015farq filologiyas\u0131 fakultetindeki problemlerni \u00e7ez\u00fcv yollar\u0131n\u0131 beraber q\u0131d\u0131ralar - \u041c\u0435\u0434\u0436\u043b\u0456\u0441","isPartOf":{"@id":"https:\/\/qtmm.org\/qt\/#website"},"primaryImageOfPage":{"@id":"https:\/\/qtmm.org\/qt\/meclis-reisi-mustafa-cemilev-ve-vernadskiy-adina-tavriya-milliy-universitet-rektori-nikolay-bagrov-qirimtatar-ve-sarq-filologiyasi-fakultetindeki-problemlerni-cezuv-yollarini-beraber-qidiralar\/#primaryimage"},"image":{"@id":"https:\/\/qtmm.org\/qt\/meclis-reisi-mustafa-cemilev-ve-vernadskiy-adina-tavriya-milliy-universitet-rektori-nikolay-bagrov-qirimtatar-ve-sarq-filologiyasi-fakultetindeki-problemlerni-cezuv-yollarini-beraber-qidiralar\/#primaryimage"},"thumbnailUrl":"http:\/\/qtmm.org\/wp-content\/uploads\/2022\/01\/top.jpeg","datePublished":"2013-08-30T13:27:00+00:00","dateModified":"2022-01-25T13:29:35+00:00","breadcrumb":{"@id":"https:\/\/qtmm.org\/qt\/meclis-reisi-mustafa-cemilev-ve-vernadskiy-adina-tavriya-milliy-universitet-rektori-nikolay-bagrov-qirimtatar-ve-sarq-filologiyasi-fakultetindeki-problemlerni-cezuv-yollarini-beraber-qidiralar\/#breadcrumb"},"inLanguage":"qt","potentialAction":[{"@type":"ReadAction","target":["https:\/\/qtmm.org\/qt\/meclis-reisi-mustafa-cemilev-ve-vernadskiy-adina-tavriya-milliy-universitet-rektori-nikolay-bagrov-qirimtatar-ve-sarq-filologiyasi-fakultetindeki-problemlerni-cezuv-yollarini-beraber-qidiralar\/"]}]},{"@type":"ImageObject","inLanguage":"qt","@id":"https:\/\/qtmm.org\/qt\/meclis-reisi-mustafa-cemilev-ve-vernadskiy-adina-tavriya-milliy-universitet-rektori-nikolay-bagrov-qirimtatar-ve-sarq-filologiyasi-fakultetindeki-problemlerni-cezuv-yollarini-beraber-qidiralar\/#primaryimage","url":"http:\/\/qtmm.org\/wp-content\/uploads\/2022\/01\/top.jpeg","contentUrl":"http:\/\/qtmm.org\/wp-content\/uploads\/2022\/01\/top.jpeg"},{"@type":"BreadcrumbList","@id":"https:\/\/qtmm.org\/qt\/meclis-reisi-mustafa-cemilev-ve-vernadskiy-adina-tavriya-milliy-universitet-rektori-nikolay-bagrov-qirimtatar-ve-sarq-filologiyasi-fakultetindeki-problemlerni-cezuv-yollarini-beraber-qidiralar\/#breadcrumb","itemListElement":[{"@type":"ListItem","position":1,"name":"\u0413\u043e\u043b\u043e\u0432\u043d\u0430","item":"https:\/\/qtmm.org\/qt\/"},{"@type":"ListItem","position":2,"name":"Meclis reisi Mustafa Cemilev ve Vernadskiy ad\u0131na Tavriya Milliy universitet rektor\u0131 Nikolay Bagrov q\u0131r\u0131mtatar ve \u015farq filologiyas\u0131 fakultetindeki problemlerni \u00e7ez\u00fcv yollar\u0131n\u0131 beraber q\u0131d\u0131ralar"}]},{"@type":"WebSite","@id":"https:\/\/qtmm.org\/qt\/#website","url":"https:\/\/qtmm.org\/qt\/","name":"\u041c\u0435\u0434\u0436\u043b\u0456\u0441","description":"","publisher":{"@id":"https:\/\/qtmm.org\/qt\/#organization"},"potentialAction":[{"@type":"SearchAction","target":{"@type":"EntryPoint","urlTemplate":"https:\/\/qtmm.org\/qt\/?s={search_term_string}"},"query-input":{"@type":"PropertyValueSpecification","valueRequired":true,"valueName":"search_term_string"}}],"inLanguage":"qt"},{"@type":"Organization","@id":"https:\/\/qtmm.org\/qt\/#organization","name":"\u041c\u0435\u0434\u0436\u043b\u0456\u0441","url":"https:\/\/qtmm.org\/qt\/","logo":{"@type":"ImageObject","inLanguage":"qt","@id":"https:\/\/qtmm.org\/qt\/#\/schema\/logo\/image\/","url":"https:\/\/qtmm.org\/wp-content\/uploads\/2024\/12\/ua-mejlis-logo-rgb.svg","contentUrl":"https:\/\/qtmm.org\/wp-content\/uploads\/2024\/12\/ua-mejlis-logo-rgb.svg","caption":"\u041c\u0435\u0434\u0436\u043b\u0456\u0441"},"image":{"@id":"https:\/\/qtmm.org\/qt\/#\/schema\/logo\/image\/"},"sameAs":["https:\/\/www.facebook.com\/qtmm.info\/"]},{"@type":"Person","@id":"https:\/\/qtmm.org\/qt\/#\/schema\/person\/de562469f971dec226ac06e60bbf74a7","name":"Developer","image":{"@type":"ImageObject","inLanguage":"qt","@id":"https:\/\/secure.gravatar.com\/avatar\/392b4cc8fbfeb00b39dfeeab4ee6edded39ffd48e25858637e4765810300227e?s=96&d=mm&r=g","url":"https:\/\/secure.gravatar.com\/avatar\/392b4cc8fbfeb00b39dfeeab4ee6edded39ffd48e25858637e4765810300227e?s=96&d=mm&r=g","contentUrl":"https:\/\/secure.gravatar.com\/avatar\/392b4cc8fbfeb00b39dfeeab4ee6edded39ffd48e25858637e4765810300227e?s=96&d=mm&r=g","caption":"Developer"},"url":"https:\/\/qtmm.org\/qt\/author\/Developer\/"}]}},"_links":{"self":[{"href":"https:\/\/qtmm.org\/qt\/wp-json\/wp\/v2\/posts\/39141","targetHints":{"allow":["GET"]}}],"collection":[{"href":"https:\/\/qtmm.org\/qt\/wp-json\/wp\/v2\/posts"}],"about":[{"href":"https:\/\/qtmm.org\/qt\/wp-json\/wp\/v2\/types\/post"}],"author":[{"embeddable":true,"href":"https:\/\/qtmm.org\/qt\/wp-json\/wp\/v2\/users\/1"}],"replies":[{"embeddable":true,"href":"https:\/\/qtmm.org\/qt\/wp-json\/wp\/v2\/comments?post=39141"}],"version-history":[{"count":1,"href":"https:\/\/qtmm.org\/qt\/wp-json\/wp\/v2\/posts\/39141\/revisions"}],"predecessor-version":[{"id":39162,"href":"https:\/\/qtmm.org\/qt\/wp-json\/wp\/v2\/posts\/39141\/revisions\/39162"}],"wp:attachment":[{"href":"https:\/\/qtmm.org\/qt\/wp-json\/wp\/v2\/media?parent=39141"}],"wp:term":[{"taxonomy":"category","embeddable":true,"href":"https:\/\/qtmm.org\/qt\/wp-json\/wp\/v2\/categories?post=39141"},{"taxonomy":"post_tag","embeddable":true,"href":"https:\/\/qtmm.org\/qt\/wp-json\/wp\/v2\/tags?post=39141"}],"curies":[{"name":"wp","href":"https:\/\/api.w.org\/{rel}","templated":true}]}}