




{"id":39139,"date":"2013-08-28T16:27:00","date_gmt":"2013-08-28T13:27:00","guid":{"rendered":"http:\/\/qtmm.org\/?p=39139"},"modified":"2022-01-25T16:27:45","modified_gmt":"2022-01-25T13:27:45","slug":"qirimtatar-halqi-aqlarini-tiklev-boyunca-halqara-forumu-taba-muim-adim-atildi","status":"publish","type":"post","link":"https:\/\/qtmm.org\/qt\/qirimtatar-halqi-aqlarini-tiklev-boyunca-halqara-forumu-taba-muim-adim-atildi\/","title":{"rendered":"Q\u0131r\u0131mtatar halq\u0131 aqlar\u0131n\u0131 tiklev boyunca halqara forumu taba m\u00fcim ad\u0131m at\u0131ld\u0131"},"content":{"rendered":"\n<p><em><strong>Meclisni\u00f1 uquqiy status\u0131 aqq\u0131nda a\u00f1la\u015fma ve q\u0131r\u0131mtatarlarn\u0131\u00f1 adaletli temsil etilmesine manialarn\u0131 yoq et\u00fcv Q\u0131r\u0131mda idareni\u00f1 semereligi ve qanuniyligine salmaql\u0131 isse qo\u015fabilir ve bu, evelden s\u00fcrg\u00fcn etilgen \u015fah\u0131slarn\u0131\u00f1 aqlar\u0131n\u0131 tiklev ve b\u00fct\u00fcnle\u015fme ceryan\u0131n\u0131\u00f1 ay\u0131r\u0131lmaz bir par\u00e7as\u0131 s\u0131fat\u0131nda qabul etilmeli.<\/strong><\/em><br><br>2013 senesi avgust 16 k\u00fcn\u00fc OSCE Milliy azl\u0131qlarn\u0131\u00f1 i\u015fleri boyunca Aliy komissar\u0131 Knut Vollebek ihtiyaclar talili aqq\u0131nda &#8220;Q\u0131r\u0131mda, Ukraina, evel s\u00fcrg\u00fcn etilgen \u015fah\u0131slarn\u0131\u00f1 b\u00fct\u00fcnle\u015fmesi&#8221; serlevas\u0131 alt\u0131nda maruzas\u0131n\u0131 derc etti.<\/p>\n\n\n\n<p>Maruzan\u0131\u00f1 as\u0131l metini OSCE &#8220;High Commissioner on National Minorities&#8221; po &#8211;&nbsp;<a href=\"http:\/\/www.osce.org\/hcnm\/104309?download=true\" target=\"_blank\" rel=\"noreferrer noopener\">http:\/\/www.osce.org\/hcnm\/104309?download=true<\/a>&nbsp;resmiy sayt\u0131nda yerle\u015ftirildi. So\u00f1ra metinni\u00f1 rus tiline \u00e7evrilgen \u015fekili ise OSCE&nbsp;<a href=\"http:\/\/www.osce.org\/ru\/hcnm\/104421\" target=\"_blank\" rel=\"noreferrer noopener\">http:\/\/www.osce.org\/ru\/hcnm\/104421<\/a>&nbsp;saifesinde derc olund\u0131. Metinge berilgen anonsta qayd etile ki, &#8220;maruza mustaqil ekspertler Aliy komissarn\u0131\u00f1 avalesine k\u00f6re yapqan tedqiqatlar\u0131na ve bun\u0131\u00f1 kibi de K. Vollebekni\u00f1 regiondaki \u00e7oqtan-\u00e7oq ziyaretlerini\u00f1 neticeleri ve hul\u00e2salar\u0131na esaslana&#8221;.<\/p>\n\n\n\n<p>Davalarn\u0131\u00f1 \u00f6g\u00fcni almaq ve yat\u0131\u015ft\u0131rmaq boyunca mandat\u0131na muvaf\u0131q mezk\u00fcr maruzan\u0131 Ukraina merkeziy organlar\u0131 ve halqara cemaat\u00e7\u0131l\u0131qn\u0131, bun\u0131\u00f1 kibi de Q\u0131r\u0131mdaki yerli akimiyetni s\u00fcrg\u00fcn etilgenlerni\u00f1 Q\u0131r\u0131m cemiyetine qat\u0131lmas\u0131n\u0131 m\u00fcrekkeple\u015ftirgen esas manialardan haberdar etmek i\u00e7\u00fcn derc etti.<\/p>\n\n\n\n<p>Dokument Q\u0131r\u0131m cemiyetindeki baz\u0131 gruppalarn\u0131\u00f1 iddialar\u0131 yar\u0131\u015fla\u015fqan ve b\u00fct\u00fcnle\u015fme i\u00e7\u00fcn \u011fayet aktual ol\u011fan saalar\u011fa diqqatn\u0131 \u00e7eke. Bu, qaytuv, s\u00fcrg\u00fcnlilerni\u00f1 topraq, mesken ve m\u00fclk meselelerini \u00e7ez\u00fcv vaziyeti, siyasiy-i\u00e7timaiy \u00f6m\u00fcrde i\u015ftiraki, i\u00e7timaiy-iqtisadiy cetler, medeniyet, til, din, maarif vaziyetidir.<\/p>\n\n\n\n<p>39 saifeden ibaret maruzan\u0131\u00f1 m\u00fcndericesi b\u00f6yledir:<\/p>\n\n\n\n<p><br>1. Kiri\u015f<br><br>2. Qaytuvn\u0131\u00f1 uquqiy ceetleri<br><br>3. Topraq, mesken ve m\u00fclk<br><br>4. Siyasiy \u00f6m\u00fcrde i\u015ftirak<br><br>5. Qaytuv ve b\u00fct\u00fcnle\u015fmeni\u00f1 sotsial-iqtisadiy ceetleri<br><br>6. Til, medeniyet ve din<br><br>7. Tasil<br><br>8. Hul\u00e2salar<\/p>\n\n\n\n<p><br>Bes-belli ki temelli az\u0131rlan\u0131l\u011fan bu maruza birleri &#8211; resmiy akimiyet vekillerini\u00f1, digerleri \u2013 q\u0131r\u0131mtatar halq\u0131 vekillerinde baz\u0131 tevsiyeler etraf\u0131nda tart\u0131\u015fma yapmaq istegini qoz\u011far. L\u00e2kin, \u015f\u00fcbesiz, biz k\u00f6ntseptual bir vesiqan\u0131 elde ettik, angisi ki Halqara forumda qabul etmege teklif etilgen &#8220;yol haritalar\u0131&#8221;n\u0131\u00f1 esas\u0131n\u0131 tek\u015fil eter. Halqara forum ke\u00e7irilmesini\u00f1 zarurl\u0131\u011f\u0131 ise OSCE Milliy azl\u0131qlarn\u0131\u00f1 i\u015fleri boyunca Aliy komissar\u0131n\u0131\u00f1 maruzas\u0131nda qayd etile.<\/p>\n\n\n\n<p class=\"has-text-align-right\"><strong>Meclisni\u00f1 matbuat h\u0131zmeti<\/strong><\/p>\n","protected":false},"excerpt":{"rendered":"<p>Meclisni\u00f1 uquqiy status\u0131 aqq\u0131nda a\u00f1la\u015fma ve q\u0131r\u0131mtatarlarn\u0131\u00f1 adaletli temsil etilmesine manialarn\u0131 yoq et\u00fcv Q\u0131r\u0131mda idareni\u00f1 semereligi ve qanuniyligine salmaql\u0131 isse qo\u015fabilir ve bu, evelden s\u00fcrg\u00fcn etilgen \u015fah\u0131slarn\u0131\u00f1 aqlar\u0131n\u0131 tiklev ve b\u00fct\u00fcnle\u015fme ceryan\u0131n\u0131\u00f1 ay\u0131r\u0131lmaz bir par\u00e7as\u0131 s\u0131fat\u0131nda qabul etilmeli. 2013 senesi avgust 16 k\u00fcn\u00fc OSCE Milliy azl\u0131qlarn\u0131\u00f1 i\u015fleri boyunca Aliy komissar\u0131 Knut Vollebek ihtiyaclar talili aqq\u0131nda [&hellip;]<\/p>\n","protected":false},"author":1,"featured_media":0,"comment_status":"open","ping_status":"open","sticky":false,"template":"","format":"standard","meta":{"inline_featured_image":false,"footnotes":""},"categories":[265],"tags":[],"class_list":["post-39139","post","type-post","status-publish","format-standard","hentry","category-haberler"],"acf":[],"yoast_head":"<!-- This site is optimized with the Yoast SEO plugin v27.4 - https:\/\/yoast.com\/product\/yoast-seo-wordpress\/ -->\n<title>Q\u0131r\u0131mtatar halq\u0131 aqlar\u0131n\u0131 tiklev boyunca halqara forumu taba m\u00fcim ad\u0131m at\u0131ld\u0131 - \u041c\u0435\u0434\u0436\u043b\u0456\u0441<\/title>\n<meta name=\"robots\" content=\"index, follow, max-snippet:-1, max-image-preview:large, max-video-preview:-1\" \/>\n<link rel=\"canonical\" href=\"https:\/\/qtmm.org\/qt\/qirimtatar-halqi-aqlarini-tiklev-boyunca-halqara-forumu-taba-muim-adim-atildi\/\" \/>\n<meta property=\"og:locale\" content=\"en_US\" \/>\n<meta property=\"og:type\" content=\"article\" \/>\n<meta property=\"og:title\" content=\"Q\u0131r\u0131mtatar halq\u0131 aqlar\u0131n\u0131 tiklev boyunca halqara forumu taba m\u00fcim ad\u0131m at\u0131ld\u0131 - \u041c\u0435\u0434\u0436\u043b\u0456\u0441\" \/>\n<meta property=\"og:description\" content=\"Meclisni\u00f1 uquqiy status\u0131 aqq\u0131nda a\u00f1la\u015fma ve q\u0131r\u0131mtatarlarn\u0131\u00f1 adaletli temsil etilmesine manialarn\u0131 yoq et\u00fcv Q\u0131r\u0131mda idareni\u00f1 semereligi ve qanuniyligine salmaql\u0131 isse qo\u015fabilir ve bu, evelden s\u00fcrg\u00fcn etilgen \u015fah\u0131slarn\u0131\u00f1 aqlar\u0131n\u0131 tiklev ve b\u00fct\u00fcnle\u015fme ceryan\u0131n\u0131\u00f1 ay\u0131r\u0131lmaz bir par\u00e7as\u0131 s\u0131fat\u0131nda qabul etilmeli. 2013 senesi avgust 16 k\u00fcn\u00fc OSCE Milliy azl\u0131qlarn\u0131\u00f1 i\u015fleri boyunca Aliy komissar\u0131 Knut Vollebek ihtiyaclar talili aqq\u0131nda [&hellip;]\" \/>\n<meta property=\"og:url\" content=\"https:\/\/qtmm.org\/qt\/qirimtatar-halqi-aqlarini-tiklev-boyunca-halqara-forumu-taba-muim-adim-atildi\/\" \/>\n<meta property=\"og:site_name\" content=\"\u041c\u0435\u0434\u0436\u043b\u0456\u0441\" \/>\n<meta property=\"article:publisher\" content=\"https:\/\/www.facebook.com\/qtmm.info\/\" \/>\n<meta property=\"article:published_time\" content=\"2013-08-28T13:27:00+00:00\" \/>\n<meta property=\"article:modified_time\" content=\"2022-01-25T13:27:45+00:00\" \/>\n<meta name=\"author\" content=\"Developer\" \/>\n<meta name=\"twitter:card\" content=\"summary_large_image\" \/>\n<meta name=\"twitter:label1\" content=\"Written by\" \/>\n\t<meta name=\"twitter:data1\" content=\"Developer\" \/>\n\t<meta name=\"twitter:label2\" content=\"Est. reading time\" \/>\n\t<meta name=\"twitter:data2\" content=\"2 minutes\" \/>\n<script type=\"application\/ld+json\" class=\"yoast-schema-graph\">{\"@context\":\"https:\\\/\\\/schema.org\",\"@graph\":[{\"@type\":\"Article\",\"@id\":\"https:\\\/\\\/qtmm.org\\\/qt\\\/qirimtatar-halqi-aqlarini-tiklev-boyunca-halqara-forumu-taba-muim-adim-atildi\\\/#article\",\"isPartOf\":{\"@id\":\"https:\\\/\\\/qtmm.org\\\/qt\\\/qirimtatar-halqi-aqlarini-tiklev-boyunca-halqara-forumu-taba-muim-adim-atildi\\\/\"},\"author\":{\"name\":\"Developer\",\"@id\":\"https:\\\/\\\/qtmm.org\\\/qt\\\/#\\\/schema\\\/person\\\/de562469f971dec226ac06e60bbf74a7\"},\"headline\":\"Q\u0131r\u0131mtatar halq\u0131 aqlar\u0131n\u0131 tiklev boyunca halqara forumu taba m\u00fcim ad\u0131m at\u0131ld\u0131\",\"datePublished\":\"2013-08-28T13:27:00+00:00\",\"dateModified\":\"2022-01-25T13:27:45+00:00\",\"mainEntityOfPage\":{\"@id\":\"https:\\\/\\\/qtmm.org\\\/qt\\\/qirimtatar-halqi-aqlarini-tiklev-boyunca-halqara-forumu-taba-muim-adim-atildi\\\/\"},\"wordCount\":421,\"commentCount\":0,\"publisher\":{\"@id\":\"https:\\\/\\\/qtmm.org\\\/qt\\\/#organization\"},\"articleSection\":[\"Haberler\"],\"inLanguage\":\"qt\",\"potentialAction\":[{\"@type\":\"CommentAction\",\"name\":\"Comment\",\"target\":[\"https:\\\/\\\/qtmm.org\\\/qt\\\/qirimtatar-halqi-aqlarini-tiklev-boyunca-halqara-forumu-taba-muim-adim-atildi\\\/#respond\"]}]},{\"@type\":\"WebPage\",\"@id\":\"https:\\\/\\\/qtmm.org\\\/qt\\\/qirimtatar-halqi-aqlarini-tiklev-boyunca-halqara-forumu-taba-muim-adim-atildi\\\/\",\"url\":\"https:\\\/\\\/qtmm.org\\\/qt\\\/qirimtatar-halqi-aqlarini-tiklev-boyunca-halqara-forumu-taba-muim-adim-atildi\\\/\",\"name\":\"Q\u0131r\u0131mtatar halq\u0131 aqlar\u0131n\u0131 tiklev boyunca halqara forumu taba m\u00fcim ad\u0131m at\u0131ld\u0131 - \u041c\u0435\u0434\u0436\u043b\u0456\u0441\",\"isPartOf\":{\"@id\":\"https:\\\/\\\/qtmm.org\\\/qt\\\/#website\"},\"datePublished\":\"2013-08-28T13:27:00+00:00\",\"dateModified\":\"2022-01-25T13:27:45+00:00\",\"breadcrumb\":{\"@id\":\"https:\\\/\\\/qtmm.org\\\/qt\\\/qirimtatar-halqi-aqlarini-tiklev-boyunca-halqara-forumu-taba-muim-adim-atildi\\\/#breadcrumb\"},\"inLanguage\":\"qt\",\"potentialAction\":[{\"@type\":\"ReadAction\",\"target\":[\"https:\\\/\\\/qtmm.org\\\/qt\\\/qirimtatar-halqi-aqlarini-tiklev-boyunca-halqara-forumu-taba-muim-adim-atildi\\\/\"]}]},{\"@type\":\"BreadcrumbList\",\"@id\":\"https:\\\/\\\/qtmm.org\\\/qt\\\/qirimtatar-halqi-aqlarini-tiklev-boyunca-halqara-forumu-taba-muim-adim-atildi\\\/#breadcrumb\",\"itemListElement\":[{\"@type\":\"ListItem\",\"position\":1,\"name\":\"\u0413\u043e\u043b\u043e\u0432\u043d\u0430\",\"item\":\"https:\\\/\\\/qtmm.org\\\/qt\\\/\"},{\"@type\":\"ListItem\",\"position\":2,\"name\":\"Q\u0131r\u0131mtatar halq\u0131 aqlar\u0131n\u0131 tiklev boyunca halqara forumu taba m\u00fcim ad\u0131m at\u0131ld\u0131\"}]},{\"@type\":\"WebSite\",\"@id\":\"https:\\\/\\\/qtmm.org\\\/qt\\\/#website\",\"url\":\"https:\\\/\\\/qtmm.org\\\/qt\\\/\",\"name\":\"\u041c\u0435\u0434\u0436\u043b\u0456\u0441\",\"description\":\"\",\"publisher\":{\"@id\":\"https:\\\/\\\/qtmm.org\\\/qt\\\/#organization\"},\"potentialAction\":[{\"@type\":\"SearchAction\",\"target\":{\"@type\":\"EntryPoint\",\"urlTemplate\":\"https:\\\/\\\/qtmm.org\\\/qt\\\/?s={search_term_string}\"},\"query-input\":{\"@type\":\"PropertyValueSpecification\",\"valueRequired\":true,\"valueName\":\"search_term_string\"}}],\"inLanguage\":\"qt\"},{\"@type\":\"Organization\",\"@id\":\"https:\\\/\\\/qtmm.org\\\/qt\\\/#organization\",\"name\":\"\u041c\u0435\u0434\u0436\u043b\u0456\u0441\",\"url\":\"https:\\\/\\\/qtmm.org\\\/qt\\\/\",\"logo\":{\"@type\":\"ImageObject\",\"inLanguage\":\"qt\",\"@id\":\"https:\\\/\\\/qtmm.org\\\/qt\\\/#\\\/schema\\\/logo\\\/image\\\/\",\"url\":\"https:\\\/\\\/qtmm.org\\\/wp-content\\\/uploads\\\/2024\\\/12\\\/ua-mejlis-logo-rgb.svg\",\"contentUrl\":\"https:\\\/\\\/qtmm.org\\\/wp-content\\\/uploads\\\/2024\\\/12\\\/ua-mejlis-logo-rgb.svg\",\"caption\":\"\u041c\u0435\u0434\u0436\u043b\u0456\u0441\"},\"image\":{\"@id\":\"https:\\\/\\\/qtmm.org\\\/qt\\\/#\\\/schema\\\/logo\\\/image\\\/\"},\"sameAs\":[\"https:\\\/\\\/www.facebook.com\\\/qtmm.info\\\/\"]},{\"@type\":\"Person\",\"@id\":\"https:\\\/\\\/qtmm.org\\\/qt\\\/#\\\/schema\\\/person\\\/de562469f971dec226ac06e60bbf74a7\",\"name\":\"Developer\",\"image\":{\"@type\":\"ImageObject\",\"inLanguage\":\"qt\",\"@id\":\"https:\\\/\\\/secure.gravatar.com\\\/avatar\\\/392b4cc8fbfeb00b39dfeeab4ee6edded39ffd48e25858637e4765810300227e?s=96&d=mm&r=g\",\"url\":\"https:\\\/\\\/secure.gravatar.com\\\/avatar\\\/392b4cc8fbfeb00b39dfeeab4ee6edded39ffd48e25858637e4765810300227e?s=96&d=mm&r=g\",\"contentUrl\":\"https:\\\/\\\/secure.gravatar.com\\\/avatar\\\/392b4cc8fbfeb00b39dfeeab4ee6edded39ffd48e25858637e4765810300227e?s=96&d=mm&r=g\",\"caption\":\"Developer\"},\"url\":\"https:\\\/\\\/qtmm.org\\\/qt\\\/author\\\/Developer\\\/\"}]}<\/script>\n<!-- \/ Yoast SEO plugin. -->","yoast_head_json":{"title":"Q\u0131r\u0131mtatar halq\u0131 aqlar\u0131n\u0131 tiklev boyunca halqara forumu taba m\u00fcim ad\u0131m at\u0131ld\u0131 - \u041c\u0435\u0434\u0436\u043b\u0456\u0441","robots":{"index":"index","follow":"follow","max-snippet":"max-snippet:-1","max-image-preview":"max-image-preview:large","max-video-preview":"max-video-preview:-1"},"canonical":"https:\/\/qtmm.org\/qt\/qirimtatar-halqi-aqlarini-tiklev-boyunca-halqara-forumu-taba-muim-adim-atildi\/","og_locale":"en_US","og_type":"article","og_title":"Q\u0131r\u0131mtatar halq\u0131 aqlar\u0131n\u0131 tiklev boyunca halqara forumu taba m\u00fcim ad\u0131m at\u0131ld\u0131 - \u041c\u0435\u0434\u0436\u043b\u0456\u0441","og_description":"Meclisni\u00f1 uquqiy status\u0131 aqq\u0131nda a\u00f1la\u015fma ve q\u0131r\u0131mtatarlarn\u0131\u00f1 adaletli temsil etilmesine manialarn\u0131 yoq et\u00fcv Q\u0131r\u0131mda idareni\u00f1 semereligi ve qanuniyligine salmaql\u0131 isse qo\u015fabilir ve bu, evelden s\u00fcrg\u00fcn etilgen \u015fah\u0131slarn\u0131\u00f1 aqlar\u0131n\u0131 tiklev ve b\u00fct\u00fcnle\u015fme ceryan\u0131n\u0131\u00f1 ay\u0131r\u0131lmaz bir par\u00e7as\u0131 s\u0131fat\u0131nda qabul etilmeli. 2013 senesi avgust 16 k\u00fcn\u00fc OSCE Milliy azl\u0131qlarn\u0131\u00f1 i\u015fleri boyunca Aliy komissar\u0131 Knut Vollebek ihtiyaclar talili aqq\u0131nda [&hellip;]","og_url":"https:\/\/qtmm.org\/qt\/qirimtatar-halqi-aqlarini-tiklev-boyunca-halqara-forumu-taba-muim-adim-atildi\/","og_site_name":"\u041c\u0435\u0434\u0436\u043b\u0456\u0441","article_publisher":"https:\/\/www.facebook.com\/qtmm.info\/","article_published_time":"2013-08-28T13:27:00+00:00","article_modified_time":"2022-01-25T13:27:45+00:00","author":"Developer","twitter_card":"summary_large_image","twitter_misc":{"Written by":"Developer","Est. reading time":"2 minutes"},"schema":{"@context":"https:\/\/schema.org","@graph":[{"@type":"Article","@id":"https:\/\/qtmm.org\/qt\/qirimtatar-halqi-aqlarini-tiklev-boyunca-halqara-forumu-taba-muim-adim-atildi\/#article","isPartOf":{"@id":"https:\/\/qtmm.org\/qt\/qirimtatar-halqi-aqlarini-tiklev-boyunca-halqara-forumu-taba-muim-adim-atildi\/"},"author":{"name":"Developer","@id":"https:\/\/qtmm.org\/qt\/#\/schema\/person\/de562469f971dec226ac06e60bbf74a7"},"headline":"Q\u0131r\u0131mtatar halq\u0131 aqlar\u0131n\u0131 tiklev boyunca halqara forumu taba m\u00fcim ad\u0131m at\u0131ld\u0131","datePublished":"2013-08-28T13:27:00+00:00","dateModified":"2022-01-25T13:27:45+00:00","mainEntityOfPage":{"@id":"https:\/\/qtmm.org\/qt\/qirimtatar-halqi-aqlarini-tiklev-boyunca-halqara-forumu-taba-muim-adim-atildi\/"},"wordCount":421,"commentCount":0,"publisher":{"@id":"https:\/\/qtmm.org\/qt\/#organization"},"articleSection":["Haberler"],"inLanguage":"qt","potentialAction":[{"@type":"CommentAction","name":"Comment","target":["https:\/\/qtmm.org\/qt\/qirimtatar-halqi-aqlarini-tiklev-boyunca-halqara-forumu-taba-muim-adim-atildi\/#respond"]}]},{"@type":"WebPage","@id":"https:\/\/qtmm.org\/qt\/qirimtatar-halqi-aqlarini-tiklev-boyunca-halqara-forumu-taba-muim-adim-atildi\/","url":"https:\/\/qtmm.org\/qt\/qirimtatar-halqi-aqlarini-tiklev-boyunca-halqara-forumu-taba-muim-adim-atildi\/","name":"Q\u0131r\u0131mtatar halq\u0131 aqlar\u0131n\u0131 tiklev boyunca halqara forumu taba m\u00fcim ad\u0131m at\u0131ld\u0131 - \u041c\u0435\u0434\u0436\u043b\u0456\u0441","isPartOf":{"@id":"https:\/\/qtmm.org\/qt\/#website"},"datePublished":"2013-08-28T13:27:00+00:00","dateModified":"2022-01-25T13:27:45+00:00","breadcrumb":{"@id":"https:\/\/qtmm.org\/qt\/qirimtatar-halqi-aqlarini-tiklev-boyunca-halqara-forumu-taba-muim-adim-atildi\/#breadcrumb"},"inLanguage":"qt","potentialAction":[{"@type":"ReadAction","target":["https:\/\/qtmm.org\/qt\/qirimtatar-halqi-aqlarini-tiklev-boyunca-halqara-forumu-taba-muim-adim-atildi\/"]}]},{"@type":"BreadcrumbList","@id":"https:\/\/qtmm.org\/qt\/qirimtatar-halqi-aqlarini-tiklev-boyunca-halqara-forumu-taba-muim-adim-atildi\/#breadcrumb","itemListElement":[{"@type":"ListItem","position":1,"name":"\u0413\u043e\u043b\u043e\u0432\u043d\u0430","item":"https:\/\/qtmm.org\/qt\/"},{"@type":"ListItem","position":2,"name":"Q\u0131r\u0131mtatar halq\u0131 aqlar\u0131n\u0131 tiklev boyunca halqara forumu taba m\u00fcim ad\u0131m at\u0131ld\u0131"}]},{"@type":"WebSite","@id":"https:\/\/qtmm.org\/qt\/#website","url":"https:\/\/qtmm.org\/qt\/","name":"\u041c\u0435\u0434\u0436\u043b\u0456\u0441","description":"","publisher":{"@id":"https:\/\/qtmm.org\/qt\/#organization"},"potentialAction":[{"@type":"SearchAction","target":{"@type":"EntryPoint","urlTemplate":"https:\/\/qtmm.org\/qt\/?s={search_term_string}"},"query-input":{"@type":"PropertyValueSpecification","valueRequired":true,"valueName":"search_term_string"}}],"inLanguage":"qt"},{"@type":"Organization","@id":"https:\/\/qtmm.org\/qt\/#organization","name":"\u041c\u0435\u0434\u0436\u043b\u0456\u0441","url":"https:\/\/qtmm.org\/qt\/","logo":{"@type":"ImageObject","inLanguage":"qt","@id":"https:\/\/qtmm.org\/qt\/#\/schema\/logo\/image\/","url":"https:\/\/qtmm.org\/wp-content\/uploads\/2024\/12\/ua-mejlis-logo-rgb.svg","contentUrl":"https:\/\/qtmm.org\/wp-content\/uploads\/2024\/12\/ua-mejlis-logo-rgb.svg","caption":"\u041c\u0435\u0434\u0436\u043b\u0456\u0441"},"image":{"@id":"https:\/\/qtmm.org\/qt\/#\/schema\/logo\/image\/"},"sameAs":["https:\/\/www.facebook.com\/qtmm.info\/"]},{"@type":"Person","@id":"https:\/\/qtmm.org\/qt\/#\/schema\/person\/de562469f971dec226ac06e60bbf74a7","name":"Developer","image":{"@type":"ImageObject","inLanguage":"qt","@id":"https:\/\/secure.gravatar.com\/avatar\/392b4cc8fbfeb00b39dfeeab4ee6edded39ffd48e25858637e4765810300227e?s=96&d=mm&r=g","url":"https:\/\/secure.gravatar.com\/avatar\/392b4cc8fbfeb00b39dfeeab4ee6edded39ffd48e25858637e4765810300227e?s=96&d=mm&r=g","contentUrl":"https:\/\/secure.gravatar.com\/avatar\/392b4cc8fbfeb00b39dfeeab4ee6edded39ffd48e25858637e4765810300227e?s=96&d=mm&r=g","caption":"Developer"},"url":"https:\/\/qtmm.org\/qt\/author\/Developer\/"}]}},"_links":{"self":[{"href":"https:\/\/qtmm.org\/qt\/wp-json\/wp\/v2\/posts\/39139","targetHints":{"allow":["GET"]}}],"collection":[{"href":"https:\/\/qtmm.org\/qt\/wp-json\/wp\/v2\/posts"}],"about":[{"href":"https:\/\/qtmm.org\/qt\/wp-json\/wp\/v2\/types\/post"}],"author":[{"embeddable":true,"href":"https:\/\/qtmm.org\/qt\/wp-json\/wp\/v2\/users\/1"}],"replies":[{"embeddable":true,"href":"https:\/\/qtmm.org\/qt\/wp-json\/wp\/v2\/comments?post=39139"}],"version-history":[{"count":1,"href":"https:\/\/qtmm.org\/qt\/wp-json\/wp\/v2\/posts\/39139\/revisions"}],"predecessor-version":[{"id":39140,"href":"https:\/\/qtmm.org\/qt\/wp-json\/wp\/v2\/posts\/39139\/revisions\/39140"}],"wp:attachment":[{"href":"https:\/\/qtmm.org\/qt\/wp-json\/wp\/v2\/media?parent=39139"}],"wp:term":[{"taxonomy":"category","embeddable":true,"href":"https:\/\/qtmm.org\/qt\/wp-json\/wp\/v2\/categories?post=39139"},{"taxonomy":"post_tag","embeddable":true,"href":"https:\/\/qtmm.org\/qt\/wp-json\/wp\/v2\/tags?post=39139"}],"curies":[{"name":"wp","href":"https:\/\/api.w.org\/{rel}","templated":true}]}}