




{"id":39133,"date":"2013-08-27T16:25:00","date_gmt":"2013-08-27T13:25:00","guid":{"rendered":"http:\/\/qtmm.org\/?p=39133"},"modified":"2022-01-25T16:26:49","modified_gmt":"2022-01-25T13:26:49","slug":"qirim-yuqari-surasi-qurultay-ruh-fraktsiyasinin-basi-refat-cubarov-prokuraturadan-rusiyeli-aktor-a-paninni-cinaiy-cevapkarliqqa-cekmekni-rica-ete","status":"publish","type":"post","link":"https:\/\/qtmm.org\/qt\/qirim-yuqari-surasi-qurultay-ruh-fraktsiyasinin-basi-refat-cubarov-prokuraturadan-rusiyeli-aktor-a-paninni-cinaiy-cevapkarliqqa-cekmekni-rica-ete\/","title":{"rendered":"Q\u0131r\u0131m Yuqar\u0131 \u015euras\u0131 \u00abQurultay-Ruh\u00bb fraktsiyas\u0131n\u0131\u00f1 ba\u015f\u0131 Refat \u00c7ubarov prokuraturadan rusiyeli akt\u00f6r A. Paninni cinaiy cevapk\u00e2rl\u0131qqa \u00e7ekmekni rica ete"},"content":{"rendered":"\n<p><em>Hat\u0131rlatam\u0131z ki, avgust 20 k\u00fcn\u00fc rusiyeli akt\u00f6r Aleksey Panin yol qazas\u0131na o\u011frad\u0131. Bu aqta &#8220;<a rel=\"noreferrer noopener\" href=\"http:\/\/vesti.ua\/kultura\/13889-v-medzhlise-alekseja-panina-nazvali-urodom?utm_source=feedburner&amp;utm_medium=feed&amp;utm_campaign=Feed%3A+vesti%2FokoX+%28%D0%9A%D1%80%D1%8B%D0%BC%D1%81%D0%BA%D0%B8%D0%B5+%D0%92%D0%B5%D1%81%D1%82%D0%B8%29&amp;utm_content=FaceBook\" target=\"_blank\">Vesti<\/a>&#8221; gazetas\u0131 yaza. Adiseni izaatla\u011fan Panin b\u00f6yle\u00a0<a rel=\"noreferrer noopener\" href=\"http:\/\/vesti.ua\/kultura\/13996-audio-panin-dlja-kazhdogo-tatarina-po-derevu\" target=\"_blank\">dedi<\/a>: &#8220;Bizim art\u0131m\u0131z\u011fa tatar balas\u0131 kelip \u00e7at\u0131\u015ft\u0131. Siz o tatarlarn\u0131 bilesiz de?! O qabaatl\u0131 edi, l\u00e2kin bizden para almaq istedi, men o\u00f1a, ayd\u0131 kel problemni nas\u0131ld\u0131r al eteyik, dedim, \u00e7\u00fcnki araban\u0131\u00f1 i\u00e7 bir yeri atta t\u0131rnalmad\u0131. Ya o tatar balas\u0131 da, men on\u0131 biraz \u015famarlad\u0131m, ve bun\u0131\u00f1nen i\u015f bitti-ketti&#8221;.<\/em><\/p>\n\n\n\n<p><em>\u00d6z\u00fcni\u00f1 deputat sorav\u0131nda Meclis reisini\u00f1 birinci muavini Refat \u00c7ubarov Ukraina \u0130\u00e7ki i\u015fler nazirligini\u00f1 Q\u0131r\u0131mdaki ba\u015f idaresi ve Q\u0131r\u0131m prokuraturas\u0131ndan Mahkemegece taqiqatlarn\u0131\u00f1 yek\u00e2ne reyestrine rusiyeli akt\u00f6r Aleksey Panin milletlerara dava ve nefret qoz\u011fa\u011fan\u0131 i\u00e7\u00fcn mal\u00fcmat kirsetilmesini rica ete.<\/em><\/p>\n\n\n\n<figure class=\"wp-block-image size-full\"><img loading=\"lazy\" decoding=\"async\" width=\"650\" height=\"185\" src=\"http:\/\/qtmm.org\/wp-content\/uploads\/2022\/01\/zayavlenie.jpeg\" alt=\"\" class=\"wp-image-39134\" srcset=\"https:\/\/qtmm.org\/wp-content\/uploads\/2022\/01\/zayavlenie.jpeg 650w, https:\/\/qtmm.org\/wp-content\/uploads\/2022\/01\/zayavlenie-300x85.jpeg 300w\" sizes=\"auto, (max-width: 650px) 100vw, 650px\" \/><\/figure>\n\n\n\n<p class=\"has-text-align-right\"><strong>Q\u0131r\u0131m Muhtar Cumhuriyeti Prokuraturas\u0131<br><br><br>Q\u0131r\u0131m Yuqar\u0131 \u015euras\u0131n\u0131\u00f1 Deputat\u0131<br>\u00c7ubarov R.A.<br><br>95000, Aqmescit, \u015emidt soqa\u011f\u0131, 2. Q\u0131r\u0131m<\/strong><br>&nbsp;<\/p>\n\n\n\n<p class=\"has-text-align-center\"><br><strong>Cinayet y\u00fcz bergeni aqq\u0131nda<br>AR\u0130ZA<\/strong><br>&nbsp;<\/p>\n\n\n\n<p>Cinayet y\u00fcz bergeni aqq\u0131nda sahte mal\u00fcmat berilmesi i\u00e7\u00fcn Ukraina Cinaiy Kodeksini\u00f1 383 maddesi boyunca cinaiy cevapk\u00e2rl\u0131q aqq\u0131nda haberdar etildim.2013 senesi avgust 21 k\u00fcn\u00fc \u00e7e\u015fit k\u00fctleviy matbuat vastalar\u0131ndan, bilhassa&#8221;Argument\u0131 nedeli.Kr\u0131m&#8221;-&nbsp;<a href=\"http:\/\/an.crimea.ua\/page\/news\/46099\/\" target=\"_blank\" rel=\"noreferrer noopener\">http:\/\/an.crimea.ua\/page\/news\/46099\/<\/a>&nbsp;ta &#8220;Vesti&#8221;-&nbsp;<a href=\"http:\/\/vesti.ua\/kultura\/13889-v-medzhlise-alekseja-panina-nazvali-urodom\" target=\"_blank\" rel=\"noreferrer noopener\">http:\/\/vesti.ua\/kultura\/13889-v-medzhlise-alekseja-panina-nazvali-urodom<\/a>saytlar\u0131ndan ma\u00f1a belli old\u0131 ki, belli rusiyeli akt\u00f6r\u0131 Aleksey Panin Alu\u015fta \u015feeri yan\u0131nda yol qazas\u0131na t\u00fc\u015fken so\u00f1, adise boyunca bir k\u00fctleviy matbuat vastas\u0131na izaat berirken q\u0131r\u0131mtatarlarn\u0131 aqaretleyici s\u00f6zler ayt\u0131p, Q\u0131r\u0131m sakinlerini q\u0131r\u0131mtatarlar\u0131na nisbeten qanun\u011fa z\u0131t areketlerge ke\u00e7mege \u00e7a\u011f\u0131rd\u0131 ve bun\u0131\u00f1nen Ukraina Cinaiy Kodeksini\u00f1 161-nci maddesi 1-nci q\u0131sm\u0131na k\u00f6re a\u00e7\u0131qtan-a\u00e7\u0131q milletlerara davas\u0131 ve nefretini qoz\u011fad\u0131.<\/p>\n\n\n\n<p>\u015eu k\u00fcn\u00fc aq\u015fam bir qa\u00e7 jurnalist ma\u00f1a Paninni\u00f1 q\u0131r\u0131mtatarlar\u011fa qar\u015f\u0131 aytqan s\u00f6zlerini\u00f1 tolu metinini yollap, bu munasebet ile izaatlar\u0131mn\u0131 istedi. Men pek o qadar keni\u015f izaatlamad\u0131m ve bun\u0131 Ukraina uquqqoruv organlar\u0131 jurnalistler bergen metinni \u00f6grenip, metin Paninni\u00f1 s\u00f6zlerinen bir ol\u011fan\u0131-olma\u011fan\u0131n\u0131 te\u015fkergenlerinden so\u00f1 yapmaq yerlidir, dedim.<\/p>\n\n\n\n<p>Ekinci k\u00fcn\u00fc, avgust 22-de bir qa\u00e7 k\u00fctleviy matbuat vastalar\u0131, c\u00fcmleden elektron \u015fekilleri de, Paninni\u00f1 \u00e7\u0131q\u0131\u015f\u0131 ve \u00e7a\u011f\u0131ruv\u0131n\u0131 tolus\u0131nen ketirdiler.<\/p>\n\n\n\n<p>Sizge Panin \u00e7\u0131q\u0131\u015f\u0131 ve \u00e7a\u011f\u0131ruv\u0131n\u0131\u00f1 tolu metinini bildirmege mecbur\u0131m (sayt&nbsp;<a href=\"http:\/\/vesti.ua\/kultura\/13996-audio-panin-dlja-kazhdogo-tatarina-po-derevu\" target=\"_blank\" rel=\"noreferrer noopener\">http:\/\/vesti.ua\/kultura\/13996-audio-panin-dlja-kazhdogo-tatarina-po-derevu<\/a>)<\/p>\n\n\n\n<p>&#8220;<strong>Jurnalist<\/strong>: Aleksey, k\u00fcn ayd\u0131n, ayt\u0131\u00f1\u0131z\u00e7\u0131, Alu\u015ftada yol qazas\u0131 old\u0131m\u0131-olmad\u0131m\u0131?<br><br><strong>Panin<\/strong>: Yol qazas\u0131 \u2013 bu yolda y\u00fcz bergen qaza. Ya\u015f tatar balas\u0131 bamperge kelip uruld\u0131. On\u0131\u00f1 i\u00e7 bir yeri t\u0131rnalmad\u0131, l\u00e2kin o kelip \u00e7at\u0131\u015ft\u0131. \u0130nsan \u00f6z\u00fcni terbiyesizce al\u0131p bard\u0131. O qadarl\u0131q. \u0130\u00e7 bir \u015fey olmad\u0131 \u2013 er \u015fey normal.<br><br><strong>Jurnalist<\/strong>: Aleksey, ya siz qaydan kelgeni\u00f1iz ve qayda keteyatqan\u0131\u00f1\u0131zn\u0131 bilmek m\u00fcmk\u00fcnmi?<br><br><strong>Panin<\/strong>: Bu sizge ne kerek? Menim ne aytqan\u0131mn\u0131 e\u015fitti\u00f1izmi?&nbsp;<strong>Stalin at\u0131p yeti\u015ftirmegen tatar Q\u0131r\u0131m\u011fa qaytt\u0131. Siz kendi\u00f1iz Q\u0131r\u0131mdans\u0131zm\u0131? Perevalnoyege ketken yol kenarlar\u0131nda tereklerni k\u00f6rdi\u00f1izmi? Er bir tatar\u011fa birer terek.<\/strong>&nbsp;Terbiyesiz tatar q\u0131zn\u0131\u00f1, yani araban\u0131\u00f1, k\u2026ne kelip uruld\u0131, endi ise para qazanma\u011fa istey\u2026&#8221;<br><br><br>Bun\u0131\u00f1 kibi de, m\u0131na bu adres boyunca &#8211;&nbsp;<a href=\"http:\/\/vesti.ua\/kultura\/13996-audio-panin-dlja-kazhdogo-tatarina-po-derevu\" target=\"_blank\" rel=\"noreferrer noopener\">http:\/\/vesti.ua\/kultura\/13996-audio-panin-dlja-kazhdogo-tatarina-po-derevu<\/a>&nbsp;&#8211; Panin ile subetni\u00f1 audio\u015fekili ketirilip, q\u0131r\u0131mtatar\u011fa nisbeten aqaret s\u00f6zlerni qullan\u011fan\u0131 tasdiqlana (audio stenogrammas\u0131n\u0131 da ekleyim):<br>&nbsp;<\/p>\n\n\n\n<p>&#8220;<strong>Jurnalist<\/strong>: On\u0131\u00f1 qolundan keldimi bu i\u015f?<br><br><strong>Panin<\/strong>: P&#8230;.\u0131, nas\u0131l kelecek?!<br><br><strong>Jurnalist<\/strong>: Siz on\u0131 urd\u0131\u00f1\u0131zm\u0131?<br><br><strong>Panin<\/strong>: Men on\u0131\u00f1 bo\u011faz\u0131na yap\u0131\u015ft\u0131m. Qolumda ta\u015f olsayd\u0131, ba\u015f\u0131n\u0131 ur\u0131p yarar edim.<br><br><strong>Jurnalist<\/strong>: Adise ol\u011fan yerge militsiya ya da yol polisi keldimi?<br><br><strong>Panin<\/strong>: Tabiiy ki, kelmediler. Biz kettik. O bizim arabam\u0131zn\u0131 urd\u0131, amma bizim davam\u0131z yoq. Men spektaklge a\u015f\u0131qa edim. Ondan bizge i\u00e7 bir \u015fey kerek degil. Aksine o, bizim arabam\u0131zn\u0131 ur\u011fan\u0131 i\u00e7\u00fcn borclud\u0131r.<br><br><strong>Jurnalist<\/strong>: Siz belki araban\u0131\u00f1 nomerlerini yaz\u0131p al\u011fand\u0131rs\u0131z?<br><br><strong>Panin<\/strong>: Afu etersiz, bu faq\u0131r, \u011farip adamlar ma\u00f1a nege kerek? Olarn\u0131 Q\u0131r\u0131mdan qa\u00e7\u0131nc\u0131 senesi s\u00fcrg\u00fcn ettiler? \u0130\u015fte anda da def olsunlar!<br><br><strong>Jurnalist<\/strong>: Q\u0131r\u0131mda raatl\u0131q nas\u0131l ke\u00e7e?<br><br><strong>Panin<\/strong>: Adettekisi kibi. Bu menim evim. Men Ko\u015fka da\u011f\u0131 etegindeki nudist pl\u00e2j\u0131nda ya\u015fay\u0131m. E, i\u015fte anda ya\u015fay\u0131m. \u015eu anda \u00e7\u0131r-\u00e7\u0131plaq oturam ve keyflenem.<br><br><strong>Jurnalist<\/strong>: Q\u0131r\u0131ml\u0131 m\u00fchlisler ne ediye eteler?<br><br><strong>Panin<\/strong>: Oy, ba\u011f\u0131\u015fla\u00f1\u0131z, ma\u00f1a kimdir telefon a\u00e7a, ayd\u0131\u00f1\u0131z toqtatay\u0131q bu bo\u015f laq\u0131rd\u0131n\u0131&#8230;&#8221;<br><br><strong>Paninni\u00f1&nbsp;<\/strong>\u00e7\u0131q\u0131\u015f\u0131 cemiyette keni\u015f tarqalmas\u0131na ve cemaatn\u0131\u00f1 bar\u0131\u015f\u0131ql\u0131\u011f\u0131, t\u0131n\u00e7l\u0131\u011f\u0131na havfl\u0131 olmas\u0131na ra\u011fmen ne Q\u0131r\u0131m Prokuratas\u0131 ve ne de \u0130\u00e7ki i\u015fler nazirligini\u00f1 Q\u0131r\u0131mdaki ba\u015f idaresi taraf\u0131ndan bu munasebetnen qanuniy seslen\u00fcv al\u00e2 daa olmad\u0131.<br><br>Ukraina Caniy Kodeksi 161-nci maddesine berilgen izaatlarda milletelara dava ve nefret qoz\u011fav alt\u0131nda er angi milletke nisbeten i\u015fan\u00e7n\u0131\u00f1 \u011fay\u0131p olmas\u0131na, \u015fu milletni\u00f1 adetleri ve medeniyeti, turmu\u015f tarz\u0131na nefret qoz\u011fa\u011fan er angi \u011faye ve \u00e7a\u011f\u0131ruvlar k\u00f6zde tutula dep a\u00f1lat\u0131la. Bun\u0131\u00f1 kibi de b\u00f6yle \u00e7a\u011f\u0131ruvlar insanlarda milliy dava, qav\u011fa ve a\u00e7uv duy\u011fus\u0131n\u0131 a\u015flay bile.<\/p>\n\n\n\n<p>A. Paninni\u00f1 yapt\u0131\u011f\u0131 areket \u00e7e\u015fit mitllet insanlar\u0131 aras\u0131nda i\u015fans\u0131zl\u0131q, yabanc\u0131l\u0131q, du\u015fmanl\u0131qqa ketirgen \u015f\u00fcbelen\u00fcv do\u011fura.<br>Ukraina Anayasas\u0131n\u0131\u00f1 21, 24 maddeleri vatanda\u015flarn\u0131\u00f1 milliy mens\u00fcpliginden qatiy nazar musaviyligini teminep, milleti ve tiline k\u00f6re aqs\u0131mlav\u011fa yol berilmesini yasaq ete.<\/p>\n\n\n\n<p>Mal\u00fcmatlar\u011fa k\u00f6re Aleksey Paninni\u00f1 areketi ne Ukraina Cinaiy Kodeksi 296-nc\u0131 maddesini\u00f1 1-nci q\u0131sm\u0131 ve 161-nci maddeni\u00f1 1-nci q\u0131sm\u0131na t\u00fc\u015fe.<br>Yuqar\u0131da qayd etilgeni ve Ukraina Anayasas\u0131n\u0131\u00f1 8, 21 24 maddeleri, Ukraina Cinaiy Kodeksini\u00f1 161-nci maddesi 1-nci q\u0131s\u0131m, Ukraina Cinaiy Kodeksini\u00f1 94, 95, 97 maddeleri esas\u0131nda<\/p>\n\n\n\n<p class=\"has-text-align-center\"><strong>R\u0130CA ETEM:<\/strong><\/p>\n\n\n\n<p>1. Ukraina Cinaiy Kodeksini\u00f1 161-nci maddesi 1-nci q\u0131s\u0131m\u011fa k\u00f6re Aleksey Panin taraf\u0131ndan yap\u0131l\u011fan cinayet aqq\u0131nda mal\u00fcmat qayd etilsin.<br><br>2.Muarririyette yaz\u0131l\u011fan subetni almaq \u00e7areleri k\u00f6r\u00fclsin<\/p>\n\n\n\n<p class=\"has-text-align-center\"><strong>Q\u0131r\u0131m Yuqar\u0131 \u015euras\u0131n\u0131\u00f1 Deputat\u0131&nbsp;&nbsp;&nbsp;&nbsp;&nbsp;&nbsp;&nbsp;&nbsp;&nbsp;&nbsp;&nbsp; &nbsp; &nbsp; &nbsp; &nbsp; &nbsp;&nbsp; Refat \u00c7ubarov<\/strong><br><br><br><br>27 avgust 2013 senesi<\/p>\n","protected":false},"excerpt":{"rendered":"<p>Hat\u0131rlatam\u0131z ki, avgust 20 k\u00fcn\u00fc rusiyeli akt\u00f6r Aleksey Panin yol qazas\u0131na o\u011frad\u0131. Bu aqta &#8220;Vesti&#8221; gazetas\u0131 yaza. Adiseni izaatla\u011fan Panin b\u00f6yle\u00a0dedi: &#8220;Bizim art\u0131m\u0131z\u011fa tatar balas\u0131 kelip \u00e7at\u0131\u015ft\u0131. Siz o tatarlarn\u0131 bilesiz de?! O qabaatl\u0131 edi, l\u00e2kin bizden para almaq istedi, men o\u00f1a, ayd\u0131 kel problemni nas\u0131ld\u0131r al eteyik, dedim, \u00e7\u00fcnki araban\u0131\u00f1 i\u00e7 bir yeri atta [&hellip;]<\/p>\n","protected":false},"author":1,"featured_media":0,"comment_status":"open","ping_status":"open","sticky":false,"template":"","format":"standard","meta":{"inline_featured_image":false,"footnotes":""},"categories":[265],"tags":[],"class_list":["post-39133","post","type-post","status-publish","format-standard","hentry","category-haberler"],"acf":[],"yoast_head":"<!-- This site is optimized with the Yoast SEO plugin v27.4 - https:\/\/yoast.com\/product\/yoast-seo-wordpress\/ -->\n<title>Q\u0131r\u0131m Yuqar\u0131 \u015euras\u0131 \u00abQurultay-Ruh\u00bb fraktsiyas\u0131n\u0131\u00f1 ba\u015f\u0131 Refat \u00c7ubarov prokuraturadan rusiyeli akt\u00f6r A. Paninni cinaiy cevapk\u00e2rl\u0131qqa \u00e7ekmekni rica ete - \u041c\u0435\u0434\u0436\u043b\u0456\u0441<\/title>\n<meta name=\"robots\" content=\"index, follow, max-snippet:-1, max-image-preview:large, max-video-preview:-1\" \/>\n<link rel=\"canonical\" href=\"https:\/\/qtmm.org\/qt\/qirim-yuqari-surasi-qurultay-ruh-fraktsiyasinin-basi-refat-cubarov-prokuraturadan-rusiyeli-aktor-a-paninni-cinaiy-cevapkarliqqa-cekmekni-rica-ete\/\" \/>\n<meta property=\"og:locale\" content=\"en_US\" \/>\n<meta property=\"og:type\" content=\"article\" \/>\n<meta property=\"og:title\" content=\"Q\u0131r\u0131m Yuqar\u0131 \u015euras\u0131 \u00abQurultay-Ruh\u00bb fraktsiyas\u0131n\u0131\u00f1 ba\u015f\u0131 Refat \u00c7ubarov prokuraturadan rusiyeli akt\u00f6r A. Paninni cinaiy cevapk\u00e2rl\u0131qqa \u00e7ekmekni rica ete - \u041c\u0435\u0434\u0436\u043b\u0456\u0441\" \/>\n<meta property=\"og:description\" content=\"Hat\u0131rlatam\u0131z ki, avgust 20 k\u00fcn\u00fc rusiyeli akt\u00f6r Aleksey Panin yol qazas\u0131na o\u011frad\u0131. Bu aqta &#8220;Vesti&#8221; gazetas\u0131 yaza. Adiseni izaatla\u011fan Panin b\u00f6yle\u00a0dedi: &#8220;Bizim art\u0131m\u0131z\u011fa tatar balas\u0131 kelip \u00e7at\u0131\u015ft\u0131. Siz o tatarlarn\u0131 bilesiz de?! O qabaatl\u0131 edi, l\u00e2kin bizden para almaq istedi, men o\u00f1a, ayd\u0131 kel problemni nas\u0131ld\u0131r al eteyik, dedim, \u00e7\u00fcnki araban\u0131\u00f1 i\u00e7 bir yeri atta [&hellip;]\" \/>\n<meta property=\"og:url\" content=\"https:\/\/qtmm.org\/qt\/qirim-yuqari-surasi-qurultay-ruh-fraktsiyasinin-basi-refat-cubarov-prokuraturadan-rusiyeli-aktor-a-paninni-cinaiy-cevapkarliqqa-cekmekni-rica-ete\/\" \/>\n<meta property=\"og:site_name\" content=\"\u041c\u0435\u0434\u0436\u043b\u0456\u0441\" \/>\n<meta property=\"article:publisher\" content=\"https:\/\/www.facebook.com\/qtmm.info\/\" \/>\n<meta property=\"article:published_time\" content=\"2013-08-27T13:25:00+00:00\" \/>\n<meta property=\"article:modified_time\" content=\"2022-01-25T13:26:49+00:00\" \/>\n<meta property=\"og:image\" content=\"https:\/\/qtmm.org\/wp-content\/uploads\/2022\/01\/zayavlenie.jpeg\" \/>\n\t<meta property=\"og:image:width\" content=\"650\" \/>\n\t<meta property=\"og:image:height\" content=\"185\" \/>\n\t<meta property=\"og:image:type\" content=\"image\/jpeg\" \/>\n<meta name=\"author\" content=\"Developer\" \/>\n<meta name=\"twitter:card\" content=\"summary_large_image\" \/>\n<meta name=\"twitter:label1\" content=\"Written by\" \/>\n\t<meta name=\"twitter:data1\" content=\"Developer\" \/>\n\t<meta name=\"twitter:label2\" content=\"Est. reading time\" \/>\n\t<meta name=\"twitter:data2\" content=\"5 minutes\" \/>\n<script type=\"application\/ld+json\" class=\"yoast-schema-graph\">{\"@context\":\"https:\\\/\\\/schema.org\",\"@graph\":[{\"@type\":\"Article\",\"@id\":\"https:\\\/\\\/qtmm.org\\\/qt\\\/qirim-yuqari-surasi-qurultay-ruh-fraktsiyasinin-basi-refat-cubarov-prokuraturadan-rusiyeli-aktor-a-paninni-cinaiy-cevapkarliqqa-cekmekni-rica-ete\\\/#article\",\"isPartOf\":{\"@id\":\"https:\\\/\\\/qtmm.org\\\/qt\\\/qirim-yuqari-surasi-qurultay-ruh-fraktsiyasinin-basi-refat-cubarov-prokuraturadan-rusiyeli-aktor-a-paninni-cinaiy-cevapkarliqqa-cekmekni-rica-ete\\\/\"},\"author\":{\"name\":\"Developer\",\"@id\":\"https:\\\/\\\/qtmm.org\\\/qt\\\/#\\\/schema\\\/person\\\/de562469f971dec226ac06e60bbf74a7\"},\"headline\":\"Q\u0131r\u0131m Yuqar\u0131 \u015euras\u0131 \u00abQurultay-Ruh\u00bb fraktsiyas\u0131n\u0131\u00f1 ba\u015f\u0131 Refat \u00c7ubarov prokuraturadan rusiyeli akt\u00f6r A. Paninni cinaiy cevapk\u00e2rl\u0131qqa \u00e7ekmekni rica ete\",\"datePublished\":\"2013-08-27T13:25:00+00:00\",\"dateModified\":\"2022-01-25T13:26:49+00:00\",\"mainEntityOfPage\":{\"@id\":\"https:\\\/\\\/qtmm.org\\\/qt\\\/qirim-yuqari-surasi-qurultay-ruh-fraktsiyasinin-basi-refat-cubarov-prokuraturadan-rusiyeli-aktor-a-paninni-cinaiy-cevapkarliqqa-cekmekni-rica-ete\\\/\"},\"wordCount\":1096,\"commentCount\":0,\"publisher\":{\"@id\":\"https:\\\/\\\/qtmm.org\\\/qt\\\/#organization\"},\"image\":{\"@id\":\"https:\\\/\\\/qtmm.org\\\/qt\\\/qirim-yuqari-surasi-qurultay-ruh-fraktsiyasinin-basi-refat-cubarov-prokuraturadan-rusiyeli-aktor-a-paninni-cinaiy-cevapkarliqqa-cekmekni-rica-ete\\\/#primaryimage\"},\"thumbnailUrl\":\"http:\\\/\\\/qtmm.org\\\/wp-content\\\/uploads\\\/2022\\\/01\\\/zayavlenie.jpeg\",\"articleSection\":[\"Haberler\"],\"inLanguage\":\"qt\",\"potentialAction\":[{\"@type\":\"CommentAction\",\"name\":\"Comment\",\"target\":[\"https:\\\/\\\/qtmm.org\\\/qt\\\/qirim-yuqari-surasi-qurultay-ruh-fraktsiyasinin-basi-refat-cubarov-prokuraturadan-rusiyeli-aktor-a-paninni-cinaiy-cevapkarliqqa-cekmekni-rica-ete\\\/#respond\"]}]},{\"@type\":\"WebPage\",\"@id\":\"https:\\\/\\\/qtmm.org\\\/qt\\\/qirim-yuqari-surasi-qurultay-ruh-fraktsiyasinin-basi-refat-cubarov-prokuraturadan-rusiyeli-aktor-a-paninni-cinaiy-cevapkarliqqa-cekmekni-rica-ete\\\/\",\"url\":\"https:\\\/\\\/qtmm.org\\\/qt\\\/qirim-yuqari-surasi-qurultay-ruh-fraktsiyasinin-basi-refat-cubarov-prokuraturadan-rusiyeli-aktor-a-paninni-cinaiy-cevapkarliqqa-cekmekni-rica-ete\\\/\",\"name\":\"Q\u0131r\u0131m Yuqar\u0131 \u015euras\u0131 \u00abQurultay-Ruh\u00bb fraktsiyas\u0131n\u0131\u00f1 ba\u015f\u0131 Refat \u00c7ubarov prokuraturadan rusiyeli akt\u00f6r A. Paninni cinaiy cevapk\u00e2rl\u0131qqa \u00e7ekmekni rica ete - \u041c\u0435\u0434\u0436\u043b\u0456\u0441\",\"isPartOf\":{\"@id\":\"https:\\\/\\\/qtmm.org\\\/qt\\\/#website\"},\"primaryImageOfPage\":{\"@id\":\"https:\\\/\\\/qtmm.org\\\/qt\\\/qirim-yuqari-surasi-qurultay-ruh-fraktsiyasinin-basi-refat-cubarov-prokuraturadan-rusiyeli-aktor-a-paninni-cinaiy-cevapkarliqqa-cekmekni-rica-ete\\\/#primaryimage\"},\"image\":{\"@id\":\"https:\\\/\\\/qtmm.org\\\/qt\\\/qirim-yuqari-surasi-qurultay-ruh-fraktsiyasinin-basi-refat-cubarov-prokuraturadan-rusiyeli-aktor-a-paninni-cinaiy-cevapkarliqqa-cekmekni-rica-ete\\\/#primaryimage\"},\"thumbnailUrl\":\"http:\\\/\\\/qtmm.org\\\/wp-content\\\/uploads\\\/2022\\\/01\\\/zayavlenie.jpeg\",\"datePublished\":\"2013-08-27T13:25:00+00:00\",\"dateModified\":\"2022-01-25T13:26:49+00:00\",\"breadcrumb\":{\"@id\":\"https:\\\/\\\/qtmm.org\\\/qt\\\/qirim-yuqari-surasi-qurultay-ruh-fraktsiyasinin-basi-refat-cubarov-prokuraturadan-rusiyeli-aktor-a-paninni-cinaiy-cevapkarliqqa-cekmekni-rica-ete\\\/#breadcrumb\"},\"inLanguage\":\"qt\",\"potentialAction\":[{\"@type\":\"ReadAction\",\"target\":[\"https:\\\/\\\/qtmm.org\\\/qt\\\/qirim-yuqari-surasi-qurultay-ruh-fraktsiyasinin-basi-refat-cubarov-prokuraturadan-rusiyeli-aktor-a-paninni-cinaiy-cevapkarliqqa-cekmekni-rica-ete\\\/\"]}]},{\"@type\":\"ImageObject\",\"inLanguage\":\"qt\",\"@id\":\"https:\\\/\\\/qtmm.org\\\/qt\\\/qirim-yuqari-surasi-qurultay-ruh-fraktsiyasinin-basi-refat-cubarov-prokuraturadan-rusiyeli-aktor-a-paninni-cinaiy-cevapkarliqqa-cekmekni-rica-ete\\\/#primaryimage\",\"url\":\"http:\\\/\\\/qtmm.org\\\/wp-content\\\/uploads\\\/2022\\\/01\\\/zayavlenie.jpeg\",\"contentUrl\":\"http:\\\/\\\/qtmm.org\\\/wp-content\\\/uploads\\\/2022\\\/01\\\/zayavlenie.jpeg\"},{\"@type\":\"BreadcrumbList\",\"@id\":\"https:\\\/\\\/qtmm.org\\\/qt\\\/qirim-yuqari-surasi-qurultay-ruh-fraktsiyasinin-basi-refat-cubarov-prokuraturadan-rusiyeli-aktor-a-paninni-cinaiy-cevapkarliqqa-cekmekni-rica-ete\\\/#breadcrumb\",\"itemListElement\":[{\"@type\":\"ListItem\",\"position\":1,\"name\":\"\u0413\u043e\u043b\u043e\u0432\u043d\u0430\",\"item\":\"https:\\\/\\\/qtmm.org\\\/qt\\\/\"},{\"@type\":\"ListItem\",\"position\":2,\"name\":\"Q\u0131r\u0131m Yuqar\u0131 \u015euras\u0131 \u00abQurultay-Ruh\u00bb fraktsiyas\u0131n\u0131\u00f1 ba\u015f\u0131 Refat \u00c7ubarov prokuraturadan rusiyeli akt\u00f6r A. Paninni cinaiy cevapk\u00e2rl\u0131qqa \u00e7ekmekni rica ete\"}]},{\"@type\":\"WebSite\",\"@id\":\"https:\\\/\\\/qtmm.org\\\/qt\\\/#website\",\"url\":\"https:\\\/\\\/qtmm.org\\\/qt\\\/\",\"name\":\"\u041c\u0435\u0434\u0436\u043b\u0456\u0441\",\"description\":\"\",\"publisher\":{\"@id\":\"https:\\\/\\\/qtmm.org\\\/qt\\\/#organization\"},\"potentialAction\":[{\"@type\":\"SearchAction\",\"target\":{\"@type\":\"EntryPoint\",\"urlTemplate\":\"https:\\\/\\\/qtmm.org\\\/qt\\\/?s={search_term_string}\"},\"query-input\":{\"@type\":\"PropertyValueSpecification\",\"valueRequired\":true,\"valueName\":\"search_term_string\"}}],\"inLanguage\":\"qt\"},{\"@type\":\"Organization\",\"@id\":\"https:\\\/\\\/qtmm.org\\\/qt\\\/#organization\",\"name\":\"\u041c\u0435\u0434\u0436\u043b\u0456\u0441\",\"url\":\"https:\\\/\\\/qtmm.org\\\/qt\\\/\",\"logo\":{\"@type\":\"ImageObject\",\"inLanguage\":\"qt\",\"@id\":\"https:\\\/\\\/qtmm.org\\\/qt\\\/#\\\/schema\\\/logo\\\/image\\\/\",\"url\":\"https:\\\/\\\/qtmm.org\\\/wp-content\\\/uploads\\\/2024\\\/12\\\/ua-mejlis-logo-rgb.svg\",\"contentUrl\":\"https:\\\/\\\/qtmm.org\\\/wp-content\\\/uploads\\\/2024\\\/12\\\/ua-mejlis-logo-rgb.svg\",\"caption\":\"\u041c\u0435\u0434\u0436\u043b\u0456\u0441\"},\"image\":{\"@id\":\"https:\\\/\\\/qtmm.org\\\/qt\\\/#\\\/schema\\\/logo\\\/image\\\/\"},\"sameAs\":[\"https:\\\/\\\/www.facebook.com\\\/qtmm.info\\\/\"]},{\"@type\":\"Person\",\"@id\":\"https:\\\/\\\/qtmm.org\\\/qt\\\/#\\\/schema\\\/person\\\/de562469f971dec226ac06e60bbf74a7\",\"name\":\"Developer\",\"image\":{\"@type\":\"ImageObject\",\"inLanguage\":\"qt\",\"@id\":\"https:\\\/\\\/secure.gravatar.com\\\/avatar\\\/392b4cc8fbfeb00b39dfeeab4ee6edded39ffd48e25858637e4765810300227e?s=96&d=mm&r=g\",\"url\":\"https:\\\/\\\/secure.gravatar.com\\\/avatar\\\/392b4cc8fbfeb00b39dfeeab4ee6edded39ffd48e25858637e4765810300227e?s=96&d=mm&r=g\",\"contentUrl\":\"https:\\\/\\\/secure.gravatar.com\\\/avatar\\\/392b4cc8fbfeb00b39dfeeab4ee6edded39ffd48e25858637e4765810300227e?s=96&d=mm&r=g\",\"caption\":\"Developer\"},\"url\":\"https:\\\/\\\/qtmm.org\\\/qt\\\/author\\\/Developer\\\/\"}]}<\/script>\n<!-- \/ Yoast SEO plugin. -->","yoast_head_json":{"title":"Q\u0131r\u0131m Yuqar\u0131 \u015euras\u0131 \u00abQurultay-Ruh\u00bb fraktsiyas\u0131n\u0131\u00f1 ba\u015f\u0131 Refat \u00c7ubarov prokuraturadan rusiyeli akt\u00f6r A. Paninni cinaiy cevapk\u00e2rl\u0131qqa \u00e7ekmekni rica ete - \u041c\u0435\u0434\u0436\u043b\u0456\u0441","robots":{"index":"index","follow":"follow","max-snippet":"max-snippet:-1","max-image-preview":"max-image-preview:large","max-video-preview":"max-video-preview:-1"},"canonical":"https:\/\/qtmm.org\/qt\/qirim-yuqari-surasi-qurultay-ruh-fraktsiyasinin-basi-refat-cubarov-prokuraturadan-rusiyeli-aktor-a-paninni-cinaiy-cevapkarliqqa-cekmekni-rica-ete\/","og_locale":"en_US","og_type":"article","og_title":"Q\u0131r\u0131m Yuqar\u0131 \u015euras\u0131 \u00abQurultay-Ruh\u00bb fraktsiyas\u0131n\u0131\u00f1 ba\u015f\u0131 Refat \u00c7ubarov prokuraturadan rusiyeli akt\u00f6r A. Paninni cinaiy cevapk\u00e2rl\u0131qqa \u00e7ekmekni rica ete - \u041c\u0435\u0434\u0436\u043b\u0456\u0441","og_description":"Hat\u0131rlatam\u0131z ki, avgust 20 k\u00fcn\u00fc rusiyeli akt\u00f6r Aleksey Panin yol qazas\u0131na o\u011frad\u0131. Bu aqta &#8220;Vesti&#8221; gazetas\u0131 yaza. Adiseni izaatla\u011fan Panin b\u00f6yle\u00a0dedi: &#8220;Bizim art\u0131m\u0131z\u011fa tatar balas\u0131 kelip \u00e7at\u0131\u015ft\u0131. Siz o tatarlarn\u0131 bilesiz de?! O qabaatl\u0131 edi, l\u00e2kin bizden para almaq istedi, men o\u00f1a, ayd\u0131 kel problemni nas\u0131ld\u0131r al eteyik, dedim, \u00e7\u00fcnki araban\u0131\u00f1 i\u00e7 bir yeri atta [&hellip;]","og_url":"https:\/\/qtmm.org\/qt\/qirim-yuqari-surasi-qurultay-ruh-fraktsiyasinin-basi-refat-cubarov-prokuraturadan-rusiyeli-aktor-a-paninni-cinaiy-cevapkarliqqa-cekmekni-rica-ete\/","og_site_name":"\u041c\u0435\u0434\u0436\u043b\u0456\u0441","article_publisher":"https:\/\/www.facebook.com\/qtmm.info\/","article_published_time":"2013-08-27T13:25:00+00:00","article_modified_time":"2022-01-25T13:26:49+00:00","og_image":[{"width":650,"height":185,"url":"https:\/\/qtmm.org\/wp-content\/uploads\/2022\/01\/zayavlenie.jpeg","type":"image\/jpeg"}],"author":"Developer","twitter_card":"summary_large_image","twitter_misc":{"Written by":"Developer","Est. reading time":"5 minutes"},"schema":{"@context":"https:\/\/schema.org","@graph":[{"@type":"Article","@id":"https:\/\/qtmm.org\/qt\/qirim-yuqari-surasi-qurultay-ruh-fraktsiyasinin-basi-refat-cubarov-prokuraturadan-rusiyeli-aktor-a-paninni-cinaiy-cevapkarliqqa-cekmekni-rica-ete\/#article","isPartOf":{"@id":"https:\/\/qtmm.org\/qt\/qirim-yuqari-surasi-qurultay-ruh-fraktsiyasinin-basi-refat-cubarov-prokuraturadan-rusiyeli-aktor-a-paninni-cinaiy-cevapkarliqqa-cekmekni-rica-ete\/"},"author":{"name":"Developer","@id":"https:\/\/qtmm.org\/qt\/#\/schema\/person\/de562469f971dec226ac06e60bbf74a7"},"headline":"Q\u0131r\u0131m Yuqar\u0131 \u015euras\u0131 \u00abQurultay-Ruh\u00bb fraktsiyas\u0131n\u0131\u00f1 ba\u015f\u0131 Refat \u00c7ubarov prokuraturadan rusiyeli akt\u00f6r A. Paninni cinaiy cevapk\u00e2rl\u0131qqa \u00e7ekmekni rica ete","datePublished":"2013-08-27T13:25:00+00:00","dateModified":"2022-01-25T13:26:49+00:00","mainEntityOfPage":{"@id":"https:\/\/qtmm.org\/qt\/qirim-yuqari-surasi-qurultay-ruh-fraktsiyasinin-basi-refat-cubarov-prokuraturadan-rusiyeli-aktor-a-paninni-cinaiy-cevapkarliqqa-cekmekni-rica-ete\/"},"wordCount":1096,"commentCount":0,"publisher":{"@id":"https:\/\/qtmm.org\/qt\/#organization"},"image":{"@id":"https:\/\/qtmm.org\/qt\/qirim-yuqari-surasi-qurultay-ruh-fraktsiyasinin-basi-refat-cubarov-prokuraturadan-rusiyeli-aktor-a-paninni-cinaiy-cevapkarliqqa-cekmekni-rica-ete\/#primaryimage"},"thumbnailUrl":"http:\/\/qtmm.org\/wp-content\/uploads\/2022\/01\/zayavlenie.jpeg","articleSection":["Haberler"],"inLanguage":"qt","potentialAction":[{"@type":"CommentAction","name":"Comment","target":["https:\/\/qtmm.org\/qt\/qirim-yuqari-surasi-qurultay-ruh-fraktsiyasinin-basi-refat-cubarov-prokuraturadan-rusiyeli-aktor-a-paninni-cinaiy-cevapkarliqqa-cekmekni-rica-ete\/#respond"]}]},{"@type":"WebPage","@id":"https:\/\/qtmm.org\/qt\/qirim-yuqari-surasi-qurultay-ruh-fraktsiyasinin-basi-refat-cubarov-prokuraturadan-rusiyeli-aktor-a-paninni-cinaiy-cevapkarliqqa-cekmekni-rica-ete\/","url":"https:\/\/qtmm.org\/qt\/qirim-yuqari-surasi-qurultay-ruh-fraktsiyasinin-basi-refat-cubarov-prokuraturadan-rusiyeli-aktor-a-paninni-cinaiy-cevapkarliqqa-cekmekni-rica-ete\/","name":"Q\u0131r\u0131m Yuqar\u0131 \u015euras\u0131 \u00abQurultay-Ruh\u00bb fraktsiyas\u0131n\u0131\u00f1 ba\u015f\u0131 Refat \u00c7ubarov prokuraturadan rusiyeli akt\u00f6r A. Paninni cinaiy cevapk\u00e2rl\u0131qqa \u00e7ekmekni rica ete - \u041c\u0435\u0434\u0436\u043b\u0456\u0441","isPartOf":{"@id":"https:\/\/qtmm.org\/qt\/#website"},"primaryImageOfPage":{"@id":"https:\/\/qtmm.org\/qt\/qirim-yuqari-surasi-qurultay-ruh-fraktsiyasinin-basi-refat-cubarov-prokuraturadan-rusiyeli-aktor-a-paninni-cinaiy-cevapkarliqqa-cekmekni-rica-ete\/#primaryimage"},"image":{"@id":"https:\/\/qtmm.org\/qt\/qirim-yuqari-surasi-qurultay-ruh-fraktsiyasinin-basi-refat-cubarov-prokuraturadan-rusiyeli-aktor-a-paninni-cinaiy-cevapkarliqqa-cekmekni-rica-ete\/#primaryimage"},"thumbnailUrl":"http:\/\/qtmm.org\/wp-content\/uploads\/2022\/01\/zayavlenie.jpeg","datePublished":"2013-08-27T13:25:00+00:00","dateModified":"2022-01-25T13:26:49+00:00","breadcrumb":{"@id":"https:\/\/qtmm.org\/qt\/qirim-yuqari-surasi-qurultay-ruh-fraktsiyasinin-basi-refat-cubarov-prokuraturadan-rusiyeli-aktor-a-paninni-cinaiy-cevapkarliqqa-cekmekni-rica-ete\/#breadcrumb"},"inLanguage":"qt","potentialAction":[{"@type":"ReadAction","target":["https:\/\/qtmm.org\/qt\/qirim-yuqari-surasi-qurultay-ruh-fraktsiyasinin-basi-refat-cubarov-prokuraturadan-rusiyeli-aktor-a-paninni-cinaiy-cevapkarliqqa-cekmekni-rica-ete\/"]}]},{"@type":"ImageObject","inLanguage":"qt","@id":"https:\/\/qtmm.org\/qt\/qirim-yuqari-surasi-qurultay-ruh-fraktsiyasinin-basi-refat-cubarov-prokuraturadan-rusiyeli-aktor-a-paninni-cinaiy-cevapkarliqqa-cekmekni-rica-ete\/#primaryimage","url":"http:\/\/qtmm.org\/wp-content\/uploads\/2022\/01\/zayavlenie.jpeg","contentUrl":"http:\/\/qtmm.org\/wp-content\/uploads\/2022\/01\/zayavlenie.jpeg"},{"@type":"BreadcrumbList","@id":"https:\/\/qtmm.org\/qt\/qirim-yuqari-surasi-qurultay-ruh-fraktsiyasinin-basi-refat-cubarov-prokuraturadan-rusiyeli-aktor-a-paninni-cinaiy-cevapkarliqqa-cekmekni-rica-ete\/#breadcrumb","itemListElement":[{"@type":"ListItem","position":1,"name":"\u0413\u043e\u043b\u043e\u0432\u043d\u0430","item":"https:\/\/qtmm.org\/qt\/"},{"@type":"ListItem","position":2,"name":"Q\u0131r\u0131m Yuqar\u0131 \u015euras\u0131 \u00abQurultay-Ruh\u00bb fraktsiyas\u0131n\u0131\u00f1 ba\u015f\u0131 Refat \u00c7ubarov prokuraturadan rusiyeli akt\u00f6r A. Paninni cinaiy cevapk\u00e2rl\u0131qqa \u00e7ekmekni rica ete"}]},{"@type":"WebSite","@id":"https:\/\/qtmm.org\/qt\/#website","url":"https:\/\/qtmm.org\/qt\/","name":"\u041c\u0435\u0434\u0436\u043b\u0456\u0441","description":"","publisher":{"@id":"https:\/\/qtmm.org\/qt\/#organization"},"potentialAction":[{"@type":"SearchAction","target":{"@type":"EntryPoint","urlTemplate":"https:\/\/qtmm.org\/qt\/?s={search_term_string}"},"query-input":{"@type":"PropertyValueSpecification","valueRequired":true,"valueName":"search_term_string"}}],"inLanguage":"qt"},{"@type":"Organization","@id":"https:\/\/qtmm.org\/qt\/#organization","name":"\u041c\u0435\u0434\u0436\u043b\u0456\u0441","url":"https:\/\/qtmm.org\/qt\/","logo":{"@type":"ImageObject","inLanguage":"qt","@id":"https:\/\/qtmm.org\/qt\/#\/schema\/logo\/image\/","url":"https:\/\/qtmm.org\/wp-content\/uploads\/2024\/12\/ua-mejlis-logo-rgb.svg","contentUrl":"https:\/\/qtmm.org\/wp-content\/uploads\/2024\/12\/ua-mejlis-logo-rgb.svg","caption":"\u041c\u0435\u0434\u0436\u043b\u0456\u0441"},"image":{"@id":"https:\/\/qtmm.org\/qt\/#\/schema\/logo\/image\/"},"sameAs":["https:\/\/www.facebook.com\/qtmm.info\/"]},{"@type":"Person","@id":"https:\/\/qtmm.org\/qt\/#\/schema\/person\/de562469f971dec226ac06e60bbf74a7","name":"Developer","image":{"@type":"ImageObject","inLanguage":"qt","@id":"https:\/\/secure.gravatar.com\/avatar\/392b4cc8fbfeb00b39dfeeab4ee6edded39ffd48e25858637e4765810300227e?s=96&d=mm&r=g","url":"https:\/\/secure.gravatar.com\/avatar\/392b4cc8fbfeb00b39dfeeab4ee6edded39ffd48e25858637e4765810300227e?s=96&d=mm&r=g","contentUrl":"https:\/\/secure.gravatar.com\/avatar\/392b4cc8fbfeb00b39dfeeab4ee6edded39ffd48e25858637e4765810300227e?s=96&d=mm&r=g","caption":"Developer"},"url":"https:\/\/qtmm.org\/qt\/author\/Developer\/"}]}},"_links":{"self":[{"href":"https:\/\/qtmm.org\/qt\/wp-json\/wp\/v2\/posts\/39133","targetHints":{"allow":["GET"]}}],"collection":[{"href":"https:\/\/qtmm.org\/qt\/wp-json\/wp\/v2\/posts"}],"about":[{"href":"https:\/\/qtmm.org\/qt\/wp-json\/wp\/v2\/types\/post"}],"author":[{"embeddable":true,"href":"https:\/\/qtmm.org\/qt\/wp-json\/wp\/v2\/users\/1"}],"replies":[{"embeddable":true,"href":"https:\/\/qtmm.org\/qt\/wp-json\/wp\/v2\/comments?post=39133"}],"version-history":[{"count":1,"href":"https:\/\/qtmm.org\/qt\/wp-json\/wp\/v2\/posts\/39133\/revisions"}],"predecessor-version":[{"id":39138,"href":"https:\/\/qtmm.org\/qt\/wp-json\/wp\/v2\/posts\/39133\/revisions\/39138"}],"wp:attachment":[{"href":"https:\/\/qtmm.org\/qt\/wp-json\/wp\/v2\/media?parent=39133"}],"wp:term":[{"taxonomy":"category","embeddable":true,"href":"https:\/\/qtmm.org\/qt\/wp-json\/wp\/v2\/categories?post=39133"},{"taxonomy":"post_tag","embeddable":true,"href":"https:\/\/qtmm.org\/qt\/wp-json\/wp\/v2\/tags?post=39133"}],"curies":[{"name":"wp","href":"https:\/\/api.w.org\/{rel}","templated":true}]}}