




{"id":38979,"date":"2013-08-23T16:20:00","date_gmt":"2013-08-23T13:20:00","guid":{"rendered":"http:\/\/qtmm.org\/?p=38979"},"modified":"2022-01-25T16:24:51","modified_gmt":"2022-01-25T13:24:51","slug":"aqmescitte-umumavropa-natsizm-ve-stalinizm-qurbanlarinin-hatira-kunu-cercivesinde-er-yili-kecirilgen-miting-olip-kecti","status":"publish","type":"post","link":"https:\/\/qtmm.org\/qt\/aqmescitte-umumavropa-natsizm-ve-stalinizm-qurbanlarinin-hatira-kunu-cercivesinde-er-yili-kecirilgen-miting-olip-kecti\/","title":{"rendered":"Aqmescitte Umumavropa natsizm ve stalinizm qurbanlar\u0131n\u0131\u00f1 hat\u0131ra k\u00fcn\u00fc \u00e7er\u00e7ivesinde er y\u0131l\u0131 ke\u00e7irilgen miting ol\u0131p ke\u00e7ti"},"content":{"rendered":"\n<p>Avgust 23 k\u00fcn\u00fc Aqmescitni\u00f1 Sal\u011f\u0131r ba\u011f\u00e7as\u0131nda Umumavropa natsizm ve stalinizm qurbanlar\u0131n\u0131\u00f1 hat\u0131ra k\u00fcn\u00fc \u00e7er\u00e7ivesinde q\u0131r\u0131mtatar halq\u0131 s\u00fcrg\u00fcnligini\u00f1 qurbanlar\u0131 hat\u0131ras\u0131na ba\u011f\u0131\u015flan\u0131p er y\u0131l\u0131 ke\u00e7irilgen miting ol\u0131p ke\u00e7ti.<\/p>\n\n\n\n<p>Milliy Meclisni\u00f1 2011 senesi avgust 8-de al\u011fan qarar\u0131n\u0131 eda eterek, bun\u0131\u00f1 kibi de OSCE Parlament Assambleyas\u0131n\u0131\u00f1 2009 senesi iy\u00fcl 3-teki &#8220;B\u00f6l\u00fcngen Avropan\u0131 birle\u015ftir\u00fcv: 21 as\u0131rda OSCE region\u0131nda insan aqlar\u0131 ve vatanda\u015fl\u0131q serbestligini taqdirlev&#8221; qarar\u0131na binaen ve kommunist ve natsist rejimlerinden eziyet \u00e7ekken Avropa halqlar\u0131 qurbanlar\u0131n\u0131\u00f1 hat\u0131ras\u0131n\u0131 a\u00f1araq, Q\u0131r\u0131mtatar halq\u0131n\u0131\u00f1 Meclisi 2009 senesi avgust 23-ten ba\u015flap er y\u0131l\u0131 Aqmescitte \u00e7e\u015fit siyasiy ve cemaat te\u015fkil\u00e2t\u0131 vekillerini\u00f1 i\u015ftirakinde matem mitingini te\u015fkil\u00e2tland\u0131ra.<\/p>\n\n\n\n<p>Milliy Meclis te\u015fkil etken i\u015fbu, natsizm-stalinizm qurbanlar\u0131n\u0131\u00f1 hat\u0131ras\u0131na ba\u011f\u0131\u015flan\u011fan mitingde bu y\u0131l\u0131 500-ge yaq\u0131n insan qat\u0131ld\u0131. .<br><br>Miting i\u015ftirak\u00e7ileri aras\u0131nda Meclis azalar\u0131, regional ve yerli meclislerni\u00f1, Ukraina halq partiyas\u0131. Ukrain millet\u00e7ilerini\u00f1 kongressi, Q\u0131r\u0131mn\u0131\u00f1 ukrain cemiyeti, &#8220;Krimska pravits\u00e2&#8221; cemaat te\u015fkil\u00e2tlar\u0131n\u0131\u00f1, q\u0131r\u0131mtatar ve ukrain cemaat te\u015fkil\u00e2tlar\u0131n\u0131\u00f1 vekilleri, q\u0131r\u0131mtatar halq\u0131 milliy areketini\u00f1 veteranlar\u0131, ya\u015flar ve ana-babalar\u0131nen kelgen balalar da bulund\u0131lar.<\/p>\n\n\n\n<p>Aktsiya i\u015ftirak\u00e7ilerini\u00f1 qolunda milliy q\u0131r\u0131mtatar ve devlet bayraqlar\u0131, siyasiy ve cemaat te\u015fkil\u00e2tlarn\u0131\u00f1 simvolikas\u0131, bun\u0131\u00f1 kibi de rus, ukrain, ingliz ve q\u0131r\u0131mtatar tilinde yaz\u0131l\u011fan &#8220;23 avgust \u2013 nats\u0131z\u0131m ve staliniz\u0131m qurbanlar\u0131n\u0131n but\u00fcnavropa hat\u0131ra kun\u00fc. K\u00fctleviy s\u00fcrg\u00fcnl\u0131kler ve aqs\u0131z ol\u00fcm cezas\u0131 qurbanlar\u0131 aqq\u0131nda hat\u0131ra saqlamaq kun\u00fcd\u0131r&#8221; &#8211; &#8220;23 serpn\u00e2 \u2013 Zagalnoyevropeyskiy Den pam\u2019\u00e2t\u0456 jertv stal\u0456n\u0456zmu \u0456 natsizmu v \u0456m\u2019\u00e2 zberejenn\u00e2 pam\u2019\u00e2t\u0456 pro jertvi masovih deportats\u0456y \u0456 strat&#8221; &#8211; &#8220;On the 23 of August the whole Europe commemorates the Day of the victims of the Nazism and Stalinizm in order to save the memory of the victims of mass deportations and political executions&#8221;, &#8220;Net vozrojdeniyu totalitarn\u0131h rejimov!&#8221;, &#8220;Stalinizm &#8211; fa\u015fizm&#8221; kibi \u015fiarlar bar edi.<\/p>\n\n\n\n<p>Mitingni dua ile Q\u0131r\u0131m musulmanlar\u0131n\u0131\u00f1 m\u00fcftisi ac\u0131 Emirali Ablayev a\u00e7\u0131p, duadan so\u00f1 b\u00f6yle dedi: &#8220;Aradan bu qadar \u00e7oq y\u0131l ke\u00e7mesine baqmadan cemiyetimiz qanl\u0131 rejimler taraf\u0131ndan yap\u0131l\u011fan zulumn\u0131 unutmay. Biz adaletli olmam\u0131z, diger insan ve milletlerni\u00f1 qasevetlerini a\u00f1lamaq kerekmiz. \u0130nsaniyetli olma\u011fa borclum\u0131z&#8221;.<\/p>\n\n\n\n<p>Ondan so\u00f1 Meclis k\u00e2tibiyetini\u00f1 ba\u015f\u0131 Zair Smedl\u00e2yev \u00e7\u0131q\u0131\u015fta bulund\u0131: &#8220;Biz m\u0131nda natsist ve stalin kommunist rejimleri qurbanlar\u0131n\u0131\u00f1 ayd\u0131n hat\u0131ras\u0131n\u0131 a\u00f1maq i\u00e7\u00fcn topland\u0131q, &#8211; dep ba\u015flad\u0131 \u00f6z \u00e7\u0131q\u0131\u015f\u0131n\u0131 Zair Smedl\u00e2yev. \u2013 Bug\u00fcn biz totalitarizm qaralan\u011fan\u0131n\u0131 k\u00f6rmeymiz, aksine parlament i\u00e7inde q\u0131r\u0131mtatar halq\u0131 aqaret etilgenini\u00f1 \u015faat\u0131 olam\u0131z. Millionlarnen insanlarn\u0131 qurban etken kommunistler cevapk\u00e2rl\u0131qqa \u00e7ekilmek yerine ba\u015fqa halqlarn\u0131 aqaretlep, bizge nas\u0131l ya\u015famaq kerekligini \u00f6gretecek olalar. 20 as\u0131r cinayet\u00e7ilerini &#8220;aqlama\u011fa&#8221; t\u0131r\u0131\u015falar.<\/p>\n\n\n\n<figure class=\"wp-block-image size-full\"><img loading=\"lazy\" decoding=\"async\" width=\"650\" height=\"350\" src=\"http:\/\/qtmm.org\/wp-content\/uploads\/2022\/01\/img_4333.jpeg\" alt=\"\" class=\"wp-image-38980\" srcset=\"https:\/\/qtmm.org\/wp-content\/uploads\/2022\/01\/img_4333.jpeg 650w, https:\/\/qtmm.org\/wp-content\/uploads\/2022\/01\/img_4333-300x162.jpeg 300w\" sizes=\"auto, (max-width: 650px) 100vw, 650px\" \/><\/figure>\n\n\n\n<p>Bu s\u00f6zlerden so\u00f1 miting i\u015ftirak\u00e7ileri &#8220;KPSSke ay\u0131plar olsun&#8221;, &#8220;Kommunistlerni mahkemege&#8221;, &#8220;Mogil\u00f6v \u2013 istifa\u011fa!&#8221;, &#8220;Mogil\u00f6v Q\u0131r\u0131mdan def ol!&#8221; dep q\u0131\u00e7\u0131rd\u0131lar.<br>&#8220;Bug\u00fcn Q\u0131r\u0131mn\u0131\u00f1 ba\u015f naziri o qatillerni\u00f1 s\u00f6zlerini tekrarlay ve 1944 senesi s\u00fcrg\u00fcnligini maqulley. O halq\u0131m\u0131zdan daa afu soramad\u0131, bug\u00fcn ise demokratiya aqq\u0131nda laf ete, halq\u0131m\u0131zn\u0131 ya\u015fama\u011fa \u00f6gretmege t\u0131r\u0131\u015fa. Bundan da \u011fayr\u0131, Q\u0131r\u0131m \u00fck\u00fcmetini\u00f1 ba\u015f\u0131 etnik temizlevler ke\u00e7ire, &#8211; dedi Z. Smedl\u00e2yev. \u2013 Baq\u0131\u00f1\u0131z, \u00fck\u00fcmette \u00e7al\u0131\u015fqan q\u0131r\u0131mtatarlarn\u0131\u00f1 say\u0131s\u0131 ne qadar eksildi, baq\u0131\u00f1\u0131z kimlerni o i\u015fke ala \u2013 bizim halq\u0131m\u0131zn\u0131 hiyanetlikte su\u00e7la\u011fanlarn\u0131 ala. Akimiyet vekilleri sanki fa\u015fizmge qar\u015f\u0131 k\u00fcre\u015feler, as\u0131l\u0131nda ise on\u0131\u00f1 \u011fayr\u0131dan tiklenmesi i\u00e7\u00fcn areket eteler. Bu areketler avropa demokratik degerliklerine z\u0131tt\u0131r&#8221;.<\/p>\n\n\n\n<p>Mitingde Ukraina vatanda\u015flar\u0131n\u0131\u00f1 paras\u0131 esab\u0131na \u00e7\u0131qar\u0131l\u0131p, halq\u0131m\u0131zn\u0131 aqaret etken kitaplar mevzus\u0131 da k\u00f6terildi. &#8220;Men tekrar aytam \u2013 Ukraina Tel\u00fckesizlik h\u0131zmeti b\u00f6yle malzemelerni\u00f1 olma\u011fan\u0131 aqq\u0131nda reddiye bildirmek kerek. Bu hasta insann\u0131\u00f1 uydurma ve hayallar\u0131d\u0131r&#8221;, &#8211; dep qayd etti Meclis k\u00e2tibiyetini\u00f1 ba\u015f\u0131.<\/p>\n\n\n\n<p>S\u00f6z nevbeti Ukrain millet\u00e7iler kongressi Q\u0131r\u0131m b\u00f6l\u00fcgini\u00f1 ba\u015f\u0131 Vasiliy Ov\u00e7arukqa berilgende o, &#8220;halqlarn\u0131\u00f1 af\u0131zas\u0131ndan o de\u015fetli zaman i\u00e7 silinmey, kommunizm, fa\u015fizm cell\u00e2tlar\u0131 insanl\u0131qqa qar\u015f\u0131 yapt\u0131\u011f\u0131 cinayetlikler unut\u0131lmay. O cell\u00e2tlar kendilerini kene de buyruq bermek, olar\u011fa qar\u015f\u0131 \u00e7\u0131qqanlarn\u0131 yoq etmek aqq\u0131n\u0131\u00f1 saibi belleyler&#8221;, dedi.<\/p>\n\n\n\n<p>Meclis t\u0131\u015fq\u0131 al\u00e2qalar b\u00f6l\u00fcgini\u00f1 ba\u015f\u0131 Ali Hamzin \u00f6z nevbetinde q\u0131r\u0131mtatar halq\u0131n\u0131\u00f1 ces\u00fcrligine ayrette qal\u011fan\u0131n\u0131 ayt\u0131p, 2011 senesi V\u0131\u015fegrad gruppas\u0131 temelinde qurul\u011fan avropa vicdan ve hat\u0131ra platformas\u0131 natsizm-stalinizm qurbanlar\u0131na ba\u011f\u0131\u015flan\u011fan mitingge qoltutqan\u0131n\u0131 haber etti.<\/p>\n\n\n\n<figure class=\"wp-block-image size-full\"><img loading=\"lazy\" decoding=\"async\" width=\"650\" height=\"350\" src=\"http:\/\/qtmm.org\/wp-content\/uploads\/2022\/01\/img_4386.jpeg\" alt=\"\" class=\"wp-image-38984\" srcset=\"https:\/\/qtmm.org\/wp-content\/uploads\/2022\/01\/img_4386.jpeg 650w, https:\/\/qtmm.org\/wp-content\/uploads\/2022\/01\/img_4386-300x162.jpeg 300w\" sizes=\"auto, (max-width: 650px) 100vw, 650px\" \/><\/figure>\n\n\n\n<p>&#8220;Bundan da \u011fayr\u0131 2012 senesini\u00f1 baarinden Meclis \u015fu te\u015fkil\u00e2tn\u0131\u00f1 azas\u0131 old\u0131. \u015eun\u0131 qayd etmek isteyim ki, on\u0131\u00f1 terkibine devletler kire, &#8211; devam etti Hamzin. \u2013 Biz akimiyetke, Q\u0131r\u0131m ba\u015f naziri A. Mogil\u00f6vn\u0131\u00f1 areketlerine a\u00e7uvlanam\u0131z. Ya o as\u0131l\u0131nda kim ki? Sovetler zaman\u0131nda kommunist edi, \u00f6yle de ol\u0131p qald\u0131&#8221;.<\/p>\n\n\n\n<p>Meclis reisinini birinci muavini, D\u00fcnya q\u0131r\u0131mtatarlar kongressini\u00f1 prezidenti Refat \u00c7ubarov mitingde \u00e7\u0131q\u0131\u015fta bulun\u0131rken, dedi ki cemiyet ne qadar adaletlik ol\u011fan\u0131n\u0131 istese de, eger devlette totalitar rejim aqibetlerini yoq etmek yani rejim cinayetliginden zarar k\u00f6rgenlerni\u00f1 aqlar\u0131n\u0131 \u011fayr\u0131dan tiklegen qanunlar olmasa adalet de olmaz.<\/p>\n\n\n\n<p>&#8220;Ukraina devletini\u00f1 vazifedar \u015fah\u0131slar\u0131 ne qadar Viln\u00fcs deklaratsiyas\u0131na uy\u011fun i\u015f k\u00f6rgenlerini s\u00f6ylemesinden, q\u0131r\u0131mtatarlarn\u0131\u00f1 aqlar\u0131n\u0131 \u011fayr\u0131dan tiklegen qanun qabul etilmegence bu s\u00f6zler samimiy degil&#8221;, &#8211; dedi Q\u0131r\u0131m Yuqar\u0131 \u015euras\u0131n\u0131\u00f1 deputat\u0131 R. \u00c7ubarov.<\/p>\n\n\n\n<p>C\u00fcmleden, \u00c7ubarov \u015fun\u0131 da qayd etti ki, so\u00f1ki vaq\u0131tta Q\u0131r\u0131mda \u00f6yle bir vaqialar y\u00fcz berdi ki, angilerinden so\u00f1 milletlerara dava, nefret qoz\u011fal\u011fan\u0131 i\u00e7\u00fcn cinaiy cevapk\u00e2rl\u0131qqa \u00e7ekilmeli .<\/p>\n\n\n\n<p>&#8220;Bu areketlerge i\u00e7 bir t\u00fcrl\u00fc qanuniy \u00e7are k\u00f6r\u00fclmedi. Bundan da \u011fayr\u0131, ne Mogil\u00f6v, ne Konstanitnov, ne Plakida atta a\u011fzaki \u015fekilde bile bu areketlerni qaralamad\u0131lar, &#8211; dedi \u00c7ubarov ve q\u0131r\u0131mtatar halq\u0131n\u0131 aqaret etken Rusiyeni\u00f1 Q\u0131r\u0131mdaki ba\u015f konsul\u0131 Andreyevni\u00f1 vazifesinden bo\u015fat\u0131lmas\u0131na ve cumhuriyet t\u0131\u015f\u0131na \u00e7\u0131qar\u0131lmas\u0131na em de Rusiye T\u0131\u015fq\u0131 i\u015fler nazirligini\u00f1 afu soramas\u0131na da \u00f6z\u00fc iri\u015fkenini hat\u0131rlatt\u0131.<\/p>\n\n\n\n<figure class=\"wp-block-image size-full\"><img loading=\"lazy\" decoding=\"async\" width=\"650\" height=\"350\" src=\"http:\/\/qtmm.org\/wp-content\/uploads\/2022\/01\/img_4407.jpeg\" alt=\"\" class=\"wp-image-38988\" srcset=\"https:\/\/qtmm.org\/wp-content\/uploads\/2022\/01\/img_4407.jpeg 650w, https:\/\/qtmm.org\/wp-content\/uploads\/2022\/01\/img_4407-300x162.jpeg 300w\" sizes=\"auto, (max-width: 650px) 100vw, 650px\" \/><\/figure>\n\n\n\n<p>O, \u015fun\u0131 da qayd etti ki, ta ki vazifedar \u015fah\u0131slar b\u00f6yle allarda indemez ekenler, cinaiy rejimni qarala\u011fanlar\u0131 sahtedir. Miting devam\u0131nda \u00c7ubarov rusiyeli akt\u00f6r Aleksey Panin Q\u0131r\u0131mda bulun\u0131rken q\u0131r\u0131mtatar halq\u0131n\u0131 aqaret etip, q\u0131r\u0131mtatarlarn\u0131 \u011farip ve faq\u0131r dedi, 1944 senesi Stalin halqn\u0131 tamamile yoq etmegenine yaz\u0131qs\u0131nd\u0131.<\/p>\n\n\n\n<p>&#8220;\u0130nformatsion alan eki k\u00fcnden berli ziy-\u00e7uv old\u0131. Em yal\u0131\u00f1\u0131z Ukraina ve Q\u0131r\u0131mda degil, qom\u015fu devletlerde de. Qom\u015fu memleketten kelgen bir soytar\u0131 bir \u00e7oqlarn\u0131\u00f1, \u015fu c\u00fcmleden akimiyet vekillerini\u00f1 de, miylerinde ol\u011fan \u015feylerni seslendirdi, &#8211; devam etti \u00c7ubarov. \u2013 Bu akt\u00f6r dedi ki&nbsp;<em><a href=\"http:\/\/vesti.ua\/kultura\/13996-audio-panin-dlja-kazhdogo-tatarina-po-derevu\" target=\"_blank\" rel=\"noreferrer noopener\">&#8220;Stalin at\u0131p yeti\u015ftirmegen tatar, Q\u0131r\u0131m\u011fa qayt\u0131p, \u00e7at\u0131\u015ft\u0131. Perevalnoye yolundaki tereklerni k\u00f6rdi\u00f1izmi? Er bir tatar\u011fa birer terek&#8221;<\/a><\/em>. Bir tasavur eti\u00f1iz, o \u015fu tereklerde ba\u015fqa millet mens\u00fcpleri as\u0131l\u011fanlar\u0131 aqq\u0131nda aytsa nas\u0131l seslenir ediler. Qocaman bir qav\u011fa qopar edi. L\u00e2kin bug\u00fcnde-bug\u00fcn Q\u0131r\u0131m \u00fck\u00fcmetini\u00f1 ba\u015f\u0131 A. Mogil\u00f6vdan bu munasebetnen ses-soluq \u00e7\u0131qmad\u0131&#8221;. \u00c7ubarovn\u0131\u00f1 qayd etkenine k\u00f6re, Q\u0131r\u0131m \u00fck\u00fcmetini\u00f1 organlar\u0131 ve olarn\u0131\u00f1 vekilleri Q\u0131r\u0131m cemiyetini\u00f1 \u00e7e\u015fit q\u0131s\u0131mlar\u0131na farql\u0131 yana\u015fsalar, Q\u0131r\u0131mda olarnen beraber ne qurmaq, ne yaratmaq m\u00fcmk\u00fcn ki?<\/p>\n\n\n\n<p>\u00c7\u0131q\u0131\u015f\u0131n\u0131\u00f1 so\u00f1unda Meclis reisini\u00f1 birinci muavini dedi ki, birini\u00f1 aqq\u0131 digerini\u00f1kinden \u00fcst\u00fcn olmaz, qaar-qasevet de yabanc\u0131 olmaz. &#8220;Amma bun\u0131 a\u00f1lamasalar, tekrar-tekrar t\u0131rnavu\u00e7qa basarlar, &#8211; dep saya \u00c7ubarov. \u2013S\u00f6zlerden i\u015fke ke\u00e7mek vaqt\u0131 kelgenini a\u00f1lap ba\u015flad\u0131lar, qanun ve uquq bizim taraf\u0131m\u0131zdalar&#8221;.<\/p>\n\n\n\n<p>Refat \u00c7ubarov Rusiyeli akt\u00f6r Aleksey Panin \u00f6z s\u00f6zleri i\u00e7\u00fcn Ukraina qanunlar\u0131na k\u00f6re cevap bermesini, Ukraina\u011fa kirmesi yasaqlanmas\u0131n\u0131 talap etti. Mitingde milliy areket veteranlar\u0131 Veciye ka\u015fka, \u015eefiqa Konsul, Qurultay delegatlar\u0131, ukrain te\u015fkil\u00e2tlar\u0131n\u0131\u00f1 vekilleri s\u00f6zge \u00e7\u0131qt\u0131lar.<br>Mitingni\u00f1 so\u00f1unda informatsion piket\u00a0QARARIn\u0131\u00f1\u00a0leyhas\u0131 oquld\u0131 ve bira\u011f\u0131zdan maqullengeni alda qabul etildi.<\/p>\n\n\n\n<figure class=\"wp-block-gallery columns-3 is-cropped wp-block-gallery-1 is-layout-flex wp-block-gallery-is-layout-flex\"><ul class=\"blocks-gallery-grid\"><li class=\"blocks-gallery-item\"><figure><a href=\"http:\/\/qtmm.org\/wp-content\/uploads\/2022\/01\/521a145f1fbef.jpeg\"><img loading=\"lazy\" decoding=\"async\" width=\"640\" height=\"480\" src=\"http:\/\/qtmm.org\/wp-content\/uploads\/2022\/01\/521a145f1fbef.jpeg\" alt=\"\" data-id=\"38992\" data-full-url=\"http:\/\/qtmm.org\/wp-content\/uploads\/2022\/01\/521a145f1fbef.jpeg\" data-link=\"http:\/\/qtmm.org\/qt\/?attachment_id=38992\" class=\"wp-image-38992\" srcset=\"https:\/\/qtmm.org\/wp-content\/uploads\/2022\/01\/521a145f1fbef.jpeg 640w, https:\/\/qtmm.org\/wp-content\/uploads\/2022\/01\/521a145f1fbef-300x225.jpeg 300w\" sizes=\"auto, (max-width: 640px) 100vw, 640px\" \/><\/a><\/figure><\/li><li class=\"blocks-gallery-item\"><figure><a href=\"http:\/\/qtmm.org\/wp-content\/uploads\/2022\/01\/521a145f505b8.jpeg\"><img loading=\"lazy\" decoding=\"async\" width=\"640\" height=\"480\" src=\"http:\/\/qtmm.org\/wp-content\/uploads\/2022\/01\/521a145f505b8.jpeg\" alt=\"\" data-id=\"38996\" data-full-url=\"http:\/\/qtmm.org\/wp-content\/uploads\/2022\/01\/521a145f505b8.jpeg\" data-link=\"http:\/\/qtmm.org\/qt\/?attachment_id=38996\" class=\"wp-image-38996\" srcset=\"https:\/\/qtmm.org\/wp-content\/uploads\/2022\/01\/521a145f505b8.jpeg 640w, https:\/\/qtmm.org\/wp-content\/uploads\/2022\/01\/521a145f505b8-300x225.jpeg 300w\" sizes=\"auto, (max-width: 640px) 100vw, 640px\" \/><\/a><\/figure><\/li><li class=\"blocks-gallery-item\"><figure><a href=\"http:\/\/qtmm.org\/wp-content\/uploads\/2022\/01\/521a145f6838b.jpeg\"><img loading=\"lazy\" decoding=\"async\" width=\"640\" height=\"480\" src=\"http:\/\/qtmm.org\/wp-content\/uploads\/2022\/01\/521a145f6838b.jpeg\" alt=\"\" data-id=\"39000\" data-full-url=\"http:\/\/qtmm.org\/wp-content\/uploads\/2022\/01\/521a145f6838b.jpeg\" data-link=\"http:\/\/qtmm.org\/qt\/?attachment_id=39000\" class=\"wp-image-39000\" srcset=\"https:\/\/qtmm.org\/wp-content\/uploads\/2022\/01\/521a145f6838b.jpeg 640w, https:\/\/qtmm.org\/wp-content\/uploads\/2022\/01\/521a145f6838b-300x225.jpeg 300w\" sizes=\"auto, (max-width: 640px) 100vw, 640px\" \/><\/a><\/figure><\/li><li class=\"blocks-gallery-item\"><figure><a href=\"http:\/\/qtmm.org\/wp-content\/uploads\/2022\/01\/521a145f8077a.jpeg\"><img loading=\"lazy\" decoding=\"async\" width=\"640\" height=\"480\" src=\"http:\/\/qtmm.org\/wp-content\/uploads\/2022\/01\/521a145f8077a.jpeg\" alt=\"\" data-id=\"39004\" data-full-url=\"http:\/\/qtmm.org\/wp-content\/uploads\/2022\/01\/521a145f8077a.jpeg\" data-link=\"http:\/\/qtmm.org\/qt\/?attachment_id=39004\" class=\"wp-image-39004\" srcset=\"https:\/\/qtmm.org\/wp-content\/uploads\/2022\/01\/521a145f8077a.jpeg 640w, https:\/\/qtmm.org\/wp-content\/uploads\/2022\/01\/521a145f8077a-300x225.jpeg 300w\" sizes=\"auto, (max-width: 640px) 100vw, 640px\" \/><\/a><\/figure><\/li><li class=\"blocks-gallery-item\"><figure><a href=\"http:\/\/qtmm.org\/wp-content\/uploads\/2022\/01\/521a145f38014.jpeg\"><img loading=\"lazy\" decoding=\"async\" width=\"640\" height=\"480\" src=\"http:\/\/qtmm.org\/wp-content\/uploads\/2022\/01\/521a145f38014.jpeg\" alt=\"\" data-id=\"39008\" data-full-url=\"http:\/\/qtmm.org\/wp-content\/uploads\/2022\/01\/521a145f38014.jpeg\" data-link=\"http:\/\/qtmm.org\/qt\/?attachment_id=39008\" class=\"wp-image-39008\" srcset=\"https:\/\/qtmm.org\/wp-content\/uploads\/2022\/01\/521a145f38014.jpeg 640w, https:\/\/qtmm.org\/wp-content\/uploads\/2022\/01\/521a145f38014-300x225.jpeg 300w\" sizes=\"auto, (max-width: 640px) 100vw, 640px\" \/><\/a><\/figure><\/li><li class=\"blocks-gallery-item\"><figure><a href=\"http:\/\/qtmm.org\/wp-content\/uploads\/2022\/01\/521a145f98519.jpeg\"><img loading=\"lazy\" decoding=\"async\" width=\"640\" height=\"480\" src=\"http:\/\/qtmm.org\/wp-content\/uploads\/2022\/01\/521a145f98519.jpeg\" alt=\"\" data-id=\"39012\" data-full-url=\"http:\/\/qtmm.org\/wp-content\/uploads\/2022\/01\/521a145f98519.jpeg\" data-link=\"http:\/\/qtmm.org\/qt\/?attachment_id=39012\" class=\"wp-image-39012\" srcset=\"https:\/\/qtmm.org\/wp-content\/uploads\/2022\/01\/521a145f98519.jpeg 640w, https:\/\/qtmm.org\/wp-content\/uploads\/2022\/01\/521a145f98519-300x225.jpeg 300w\" sizes=\"auto, (max-width: 640px) 100vw, 640px\" \/><\/a><\/figure><\/li><li class=\"blocks-gallery-item\"><figure><a href=\"http:\/\/qtmm.org\/wp-content\/uploads\/2022\/01\/521a145fb02b1.jpeg\"><img loading=\"lazy\" decoding=\"async\" width=\"640\" height=\"480\" src=\"http:\/\/qtmm.org\/wp-content\/uploads\/2022\/01\/521a145fb02b1.jpeg\" alt=\"\" data-id=\"39016\" data-full-url=\"http:\/\/qtmm.org\/wp-content\/uploads\/2022\/01\/521a145fb02b1.jpeg\" data-link=\"http:\/\/qtmm.org\/qt\/?attachment_id=39016\" class=\"wp-image-39016\" srcset=\"https:\/\/qtmm.org\/wp-content\/uploads\/2022\/01\/521a145fb02b1.jpeg 640w, https:\/\/qtmm.org\/wp-content\/uploads\/2022\/01\/521a145fb02b1-300x225.jpeg 300w\" sizes=\"auto, (max-width: 640px) 100vw, 640px\" \/><\/a><\/figure><\/li><li class=\"blocks-gallery-item\"><figure><a href=\"http:\/\/qtmm.org\/wp-content\/uploads\/2022\/01\/521a145fc89a9.jpeg\"><img loading=\"lazy\" decoding=\"async\" width=\"640\" height=\"480\" src=\"http:\/\/qtmm.org\/wp-content\/uploads\/2022\/01\/521a145fc89a9.jpeg\" alt=\"\" data-id=\"39020\" data-full-url=\"http:\/\/qtmm.org\/wp-content\/uploads\/2022\/01\/521a145fc89a9.jpeg\" data-link=\"http:\/\/qtmm.org\/qt\/?attachment_id=39020\" class=\"wp-image-39020\" srcset=\"https:\/\/qtmm.org\/wp-content\/uploads\/2022\/01\/521a145fc89a9.jpeg 640w, https:\/\/qtmm.org\/wp-content\/uploads\/2022\/01\/521a145fc89a9-300x225.jpeg 300w\" sizes=\"auto, (max-width: 640px) 100vw, 640px\" \/><\/a><\/figure><\/li><li class=\"blocks-gallery-item\"><figure><a href=\"http:\/\/qtmm.org\/wp-content\/uploads\/2022\/01\/521a145fe1049.jpeg\"><img loading=\"lazy\" decoding=\"async\" width=\"640\" height=\"480\" src=\"http:\/\/qtmm.org\/wp-content\/uploads\/2022\/01\/521a145fe1049.jpeg\" alt=\"\" data-id=\"39024\" data-full-url=\"http:\/\/qtmm.org\/wp-content\/uploads\/2022\/01\/521a145fe1049.jpeg\" data-link=\"http:\/\/qtmm.org\/qt\/?attachment_id=39024\" class=\"wp-image-39024\" srcset=\"https:\/\/qtmm.org\/wp-content\/uploads\/2022\/01\/521a145fe1049.jpeg 640w, https:\/\/qtmm.org\/wp-content\/uploads\/2022\/01\/521a145fe1049-300x225.jpeg 300w\" sizes=\"auto, (max-width: 640px) 100vw, 640px\" \/><\/a><\/figure><\/li><li class=\"blocks-gallery-item\"><figure><a href=\"http:\/\/qtmm.org\/wp-content\/uploads\/2022\/01\/521a1425c62bf.jpeg\"><img loading=\"lazy\" decoding=\"async\" width=\"640\" height=\"480\" src=\"http:\/\/qtmm.org\/wp-content\/uploads\/2022\/01\/521a1425c62bf.jpeg\" alt=\"\" data-id=\"39028\" data-full-url=\"http:\/\/qtmm.org\/wp-content\/uploads\/2022\/01\/521a1425c62bf.jpeg\" data-link=\"http:\/\/qtmm.org\/qt\/?attachment_id=39028\" class=\"wp-image-39028\" srcset=\"https:\/\/qtmm.org\/wp-content\/uploads\/2022\/01\/521a1425c62bf.jpeg 640w, https:\/\/qtmm.org\/wp-content\/uploads\/2022\/01\/521a1425c62bf-300x225.jpeg 300w\" sizes=\"auto, (max-width: 640px) 100vw, 640px\" \/><\/a><\/figure><\/li><li class=\"blocks-gallery-item\"><figure><a href=\"http:\/\/qtmm.org\/wp-content\/uploads\/2022\/01\/521a1425df43f.jpeg\"><img loading=\"lazy\" decoding=\"async\" width=\"640\" height=\"480\" src=\"http:\/\/qtmm.org\/wp-content\/uploads\/2022\/01\/521a1425df43f.jpeg\" alt=\"\" data-id=\"39032\" data-full-url=\"http:\/\/qtmm.org\/wp-content\/uploads\/2022\/01\/521a1425df43f.jpeg\" data-link=\"http:\/\/qtmm.org\/qt\/?attachment_id=39032\" class=\"wp-image-39032\" srcset=\"https:\/\/qtmm.org\/wp-content\/uploads\/2022\/01\/521a1425df43f.jpeg 640w, https:\/\/qtmm.org\/wp-content\/uploads\/2022\/01\/521a1425df43f-300x225.jpeg 300w\" sizes=\"auto, (max-width: 640px) 100vw, 640px\" \/><\/a><\/figure><\/li><li class=\"blocks-gallery-item\"><figure><a href=\"http:\/\/qtmm.org\/wp-content\/uploads\/2022\/01\/521a1426ae9d7.jpeg\"><img loading=\"lazy\" decoding=\"async\" width=\"640\" height=\"480\" src=\"http:\/\/qtmm.org\/wp-content\/uploads\/2022\/01\/521a1426ae9d7.jpeg\" alt=\"\" data-id=\"39036\" data-full-url=\"http:\/\/qtmm.org\/wp-content\/uploads\/2022\/01\/521a1426ae9d7.jpeg\" data-link=\"http:\/\/qtmm.org\/qt\/?attachment_id=39036\" class=\"wp-image-39036\" srcset=\"https:\/\/qtmm.org\/wp-content\/uploads\/2022\/01\/521a1426ae9d7.jpeg 640w, https:\/\/qtmm.org\/wp-content\/uploads\/2022\/01\/521a1426ae9d7-300x225.jpeg 300w\" sizes=\"auto, (max-width: 640px) 100vw, 640px\" \/><\/a><\/figure><\/li><li class=\"blocks-gallery-item\"><figure><a href=\"http:\/\/qtmm.org\/wp-content\/uploads\/2022\/01\/521a1426c712d.jpeg\"><img loading=\"lazy\" decoding=\"async\" width=\"640\" height=\"480\" src=\"http:\/\/qtmm.org\/wp-content\/uploads\/2022\/01\/521a1426c712d.jpeg\" alt=\"\" data-id=\"39040\" data-full-url=\"http:\/\/qtmm.org\/wp-content\/uploads\/2022\/01\/521a1426c712d.jpeg\" data-link=\"http:\/\/qtmm.org\/qt\/?attachment_id=39040\" class=\"wp-image-39040\" srcset=\"https:\/\/qtmm.org\/wp-content\/uploads\/2022\/01\/521a1426c712d.jpeg 640w, https:\/\/qtmm.org\/wp-content\/uploads\/2022\/01\/521a1426c712d-300x225.jpeg 300w\" sizes=\"auto, (max-width: 640px) 100vw, 640px\" \/><\/a><\/figure><\/li><li class=\"blocks-gallery-item\"><figure><a href=\"http:\/\/qtmm.org\/wp-content\/uploads\/2022\/01\/521a1426df1ae.jpeg\"><img loading=\"lazy\" decoding=\"async\" width=\"640\" height=\"480\" src=\"http:\/\/qtmm.org\/wp-content\/uploads\/2022\/01\/521a1426df1ae.jpeg\" alt=\"\" data-id=\"39044\" data-full-url=\"http:\/\/qtmm.org\/wp-content\/uploads\/2022\/01\/521a1426df1ae.jpeg\" data-link=\"http:\/\/qtmm.org\/qt\/?attachment_id=39044\" class=\"wp-image-39044\" srcset=\"https:\/\/qtmm.org\/wp-content\/uploads\/2022\/01\/521a1426df1ae.jpeg 640w, https:\/\/qtmm.org\/wp-content\/uploads\/2022\/01\/521a1426df1ae-300x225.jpeg 300w\" sizes=\"auto, (max-width: 640px) 100vw, 640px\" \/><\/a><\/figure><\/li><li class=\"blocks-gallery-item\"><figure><a href=\"http:\/\/qtmm.org\/wp-content\/uploads\/2022\/01\/521a1427b09e9.jpeg\"><img loading=\"lazy\" decoding=\"async\" width=\"640\" height=\"480\" src=\"http:\/\/qtmm.org\/wp-content\/uploads\/2022\/01\/521a1427b09e9.jpeg\" alt=\"\" data-id=\"39048\" data-full-url=\"http:\/\/qtmm.org\/wp-content\/uploads\/2022\/01\/521a1427b09e9.jpeg\" data-link=\"http:\/\/qtmm.org\/qt\/?attachment_id=39048\" class=\"wp-image-39048\" srcset=\"https:\/\/qtmm.org\/wp-content\/uploads\/2022\/01\/521a1427b09e9.jpeg 640w, https:\/\/qtmm.org\/wp-content\/uploads\/2022\/01\/521a1427b09e9-300x225.jpeg 300w\" sizes=\"auto, (max-width: 640px) 100vw, 640px\" \/><\/a><\/figure><\/li><li class=\"blocks-gallery-item\"><figure><a href=\"http:\/\/qtmm.org\/wp-content\/uploads\/2022\/01\/521a14261c041.jpeg\"><img loading=\"lazy\" decoding=\"async\" width=\"640\" height=\"480\" src=\"http:\/\/qtmm.org\/wp-content\/uploads\/2022\/01\/521a14261c041.jpeg\" alt=\"\" data-id=\"39052\" data-full-url=\"http:\/\/qtmm.org\/wp-content\/uploads\/2022\/01\/521a14261c041.jpeg\" data-link=\"http:\/\/qtmm.org\/qt\/?attachment_id=39052\" class=\"wp-image-39052\" srcset=\"https:\/\/qtmm.org\/wp-content\/uploads\/2022\/01\/521a14261c041.jpeg 640w, https:\/\/qtmm.org\/wp-content\/uploads\/2022\/01\/521a14261c041-300x225.jpeg 300w\" sizes=\"auto, (max-width: 640px) 100vw, 640px\" \/><\/a><\/figure><\/li><li class=\"blocks-gallery-item\"><figure><a href=\"http:\/\/qtmm.org\/wp-content\/uploads\/2022\/01\/521a14264b0db.jpeg\"><img loading=\"lazy\" decoding=\"async\" width=\"640\" height=\"480\" src=\"http:\/\/qtmm.org\/wp-content\/uploads\/2022\/01\/521a14264b0db.jpeg\" alt=\"\" data-id=\"39056\" data-full-url=\"http:\/\/qtmm.org\/wp-content\/uploads\/2022\/01\/521a14264b0db.jpeg\" data-link=\"http:\/\/qtmm.org\/qt\/?attachment_id=39056\" class=\"wp-image-39056\" srcset=\"https:\/\/qtmm.org\/wp-content\/uploads\/2022\/01\/521a14264b0db.jpeg 640w, https:\/\/qtmm.org\/wp-content\/uploads\/2022\/01\/521a14264b0db-300x225.jpeg 300w\" sizes=\"auto, (max-width: 640px) 100vw, 640px\" \/><\/a><\/figure><\/li><li class=\"blocks-gallery-item\"><figure><a href=\"http:\/\/qtmm.org\/wp-content\/uploads\/2022\/01\/521a14267cf66.jpeg\"><img loading=\"lazy\" decoding=\"async\" width=\"640\" height=\"480\" src=\"http:\/\/qtmm.org\/wp-content\/uploads\/2022\/01\/521a14267cf66.jpeg\" alt=\"\" data-id=\"39060\" data-full-url=\"http:\/\/qtmm.org\/wp-content\/uploads\/2022\/01\/521a14267cf66.jpeg\" data-link=\"http:\/\/qtmm.org\/qt\/?attachment_id=39060\" class=\"wp-image-39060\" srcset=\"https:\/\/qtmm.org\/wp-content\/uploads\/2022\/01\/521a14267cf66.jpeg 640w, https:\/\/qtmm.org\/wp-content\/uploads\/2022\/01\/521a14267cf66-300x225.jpeg 300w\" sizes=\"auto, (max-width: 640px) 100vw, 640px\" \/><\/a><\/figure><\/li><li class=\"blocks-gallery-item\"><figure><a href=\"http:\/\/qtmm.org\/wp-content\/uploads\/2022\/01\/521a14271d0a7.jpeg\"><img loading=\"lazy\" decoding=\"async\" width=\"640\" height=\"480\" src=\"http:\/\/qtmm.org\/wp-content\/uploads\/2022\/01\/521a14271d0a7.jpeg\" alt=\"\" data-id=\"39064\" data-full-url=\"http:\/\/qtmm.org\/wp-content\/uploads\/2022\/01\/521a14271d0a7.jpeg\" data-link=\"http:\/\/qtmm.org\/qt\/?attachment_id=39064\" class=\"wp-image-39064\" srcset=\"https:\/\/qtmm.org\/wp-content\/uploads\/2022\/01\/521a14271d0a7.jpeg 640w, https:\/\/qtmm.org\/wp-content\/uploads\/2022\/01\/521a14271d0a7-300x225.jpeg 300w\" sizes=\"auto, (max-width: 640px) 100vw, 640px\" \/><\/a><\/figure><\/li><li class=\"blocks-gallery-item\"><figure><a href=\"http:\/\/qtmm.org\/wp-content\/uploads\/2022\/01\/521a14274e578.jpeg\"><img loading=\"lazy\" decoding=\"async\" width=\"640\" height=\"480\" src=\"http:\/\/qtmm.org\/wp-content\/uploads\/2022\/01\/521a14274e578.jpeg\" alt=\"\" data-id=\"39068\" data-full-url=\"http:\/\/qtmm.org\/wp-content\/uploads\/2022\/01\/521a14274e578.jpeg\" data-link=\"http:\/\/qtmm.org\/qt\/?attachment_id=39068\" class=\"wp-image-39068\" srcset=\"https:\/\/qtmm.org\/wp-content\/uploads\/2022\/01\/521a14274e578.jpeg 640w, https:\/\/qtmm.org\/wp-content\/uploads\/2022\/01\/521a14274e578-300x225.jpeg 300w\" sizes=\"auto, (max-width: 640px) 100vw, 640px\" \/><\/a><\/figure><\/li><li class=\"blocks-gallery-item\"><figure><a href=\"http:\/\/qtmm.org\/wp-content\/uploads\/2022\/01\/521a14277f46c.jpeg\"><img loading=\"lazy\" decoding=\"async\" width=\"640\" height=\"480\" src=\"http:\/\/qtmm.org\/wp-content\/uploads\/2022\/01\/521a14277f46c.jpeg\" alt=\"\" data-id=\"39072\" data-full-url=\"http:\/\/qtmm.org\/wp-content\/uploads\/2022\/01\/521a14277f46c.jpeg\" data-link=\"http:\/\/qtmm.org\/qt\/?attachment_id=39072\" class=\"wp-image-39072\" srcset=\"https:\/\/qtmm.org\/wp-content\/uploads\/2022\/01\/521a14277f46c.jpeg 640w, https:\/\/qtmm.org\/wp-content\/uploads\/2022\/01\/521a14277f46c-300x225.jpeg 300w\" sizes=\"auto, (max-width: 640px) 100vw, 640px\" \/><\/a><\/figure><\/li><li class=\"blocks-gallery-item\"><figure><a href=\"http:\/\/qtmm.org\/wp-content\/uploads\/2022\/01\/521a14601c36f.jpeg\"><img loading=\"lazy\" decoding=\"async\" width=\"640\" height=\"480\" src=\"http:\/\/qtmm.org\/wp-content\/uploads\/2022\/01\/521a14601c36f.jpeg\" alt=\"\" data-id=\"39076\" data-full-url=\"http:\/\/qtmm.org\/wp-content\/uploads\/2022\/01\/521a14601c36f.jpeg\" data-link=\"http:\/\/qtmm.org\/qt\/?attachment_id=39076\" class=\"wp-image-39076\" srcset=\"https:\/\/qtmm.org\/wp-content\/uploads\/2022\/01\/521a14601c36f.jpeg 640w, https:\/\/qtmm.org\/wp-content\/uploads\/2022\/01\/521a14601c36f-300x225.jpeg 300w\" sizes=\"auto, (max-width: 640px) 100vw, 640px\" \/><\/a><\/figure><\/li><li class=\"blocks-gallery-item\"><figure><a href=\"http:\/\/qtmm.org\/wp-content\/uploads\/2022\/01\/521a14604c785.jpeg\"><img loading=\"lazy\" decoding=\"async\" width=\"640\" height=\"480\" src=\"http:\/\/qtmm.org\/wp-content\/uploads\/2022\/01\/521a14604c785.jpeg\" alt=\"\" data-id=\"39080\" data-full-url=\"http:\/\/qtmm.org\/wp-content\/uploads\/2022\/01\/521a14604c785.jpeg\" data-link=\"http:\/\/qtmm.org\/qt\/?attachment_id=39080\" class=\"wp-image-39080\" srcset=\"https:\/\/qtmm.org\/wp-content\/uploads\/2022\/01\/521a14604c785.jpeg 640w, https:\/\/qtmm.org\/wp-content\/uploads\/2022\/01\/521a14604c785-300x225.jpeg 300w\" sizes=\"auto, (max-width: 640px) 100vw, 640px\" \/><\/a><\/figure><\/li><li class=\"blocks-gallery-item\"><figure><a href=\"http:\/\/qtmm.org\/wp-content\/uploads\/2022\/01\/521a14607e32c.jpeg\"><img loading=\"lazy\" decoding=\"async\" width=\"640\" height=\"480\" src=\"http:\/\/qtmm.org\/wp-content\/uploads\/2022\/01\/521a14607e32c.jpeg\" alt=\"\" data-id=\"39084\" data-full-url=\"http:\/\/qtmm.org\/wp-content\/uploads\/2022\/01\/521a14607e32c.jpeg\" data-link=\"http:\/\/qtmm.org\/qt\/?attachment_id=39084\" class=\"wp-image-39084\" srcset=\"https:\/\/qtmm.org\/wp-content\/uploads\/2022\/01\/521a14607e32c.jpeg 640w, https:\/\/qtmm.org\/wp-content\/uploads\/2022\/01\/521a14607e32c-300x225.jpeg 300w\" sizes=\"auto, (max-width: 640px) 100vw, 640px\" \/><\/a><\/figure><\/li><li class=\"blocks-gallery-item\"><figure><a href=\"http:\/\/qtmm.org\/wp-content\/uploads\/2022\/01\/521a142602ca4.jpeg\"><img loading=\"lazy\" decoding=\"async\" width=\"640\" height=\"480\" src=\"http:\/\/qtmm.org\/wp-content\/uploads\/2022\/01\/521a142602ca4.jpeg\" alt=\"\" data-id=\"39088\" data-full-url=\"http:\/\/qtmm.org\/wp-content\/uploads\/2022\/01\/521a142602ca4.jpeg\" data-link=\"http:\/\/qtmm.org\/qt\/?attachment_id=39088\" class=\"wp-image-39088\" srcset=\"https:\/\/qtmm.org\/wp-content\/uploads\/2022\/01\/521a142602ca4.jpeg 640w, https:\/\/qtmm.org\/wp-content\/uploads\/2022\/01\/521a142602ca4-300x225.jpeg 300w\" sizes=\"auto, (max-width: 640px) 100vw, 640px\" \/><\/a><\/figure><\/li><li class=\"blocks-gallery-item\"><figure><a href=\"http:\/\/qtmm.org\/wp-content\/uploads\/2022\/01\/521a142663e7b.jpeg\"><img loading=\"lazy\" decoding=\"async\" width=\"640\" height=\"480\" src=\"http:\/\/qtmm.org\/wp-content\/uploads\/2022\/01\/521a142663e7b.jpeg\" alt=\"\" data-id=\"39092\" data-full-url=\"http:\/\/qtmm.org\/wp-content\/uploads\/2022\/01\/521a142663e7b.jpeg\" data-link=\"http:\/\/qtmm.org\/qt\/?attachment_id=39092\" class=\"wp-image-39092\" srcset=\"https:\/\/qtmm.org\/wp-content\/uploads\/2022\/01\/521a142663e7b.jpeg 640w, https:\/\/qtmm.org\/wp-content\/uploads\/2022\/01\/521a142663e7b-300x225.jpeg 300w\" sizes=\"auto, (max-width: 640px) 100vw, 640px\" \/><\/a><\/figure><\/li><li class=\"blocks-gallery-item\"><figure><a href=\"http:\/\/qtmm.org\/wp-content\/uploads\/2022\/01\/521a142695cdb.jpeg\"><img loading=\"lazy\" decoding=\"async\" width=\"640\" height=\"480\" src=\"http:\/\/qtmm.org\/wp-content\/uploads\/2022\/01\/521a142695cdb.jpeg\" alt=\"\" data-id=\"39096\" data-full-url=\"http:\/\/qtmm.org\/wp-content\/uploads\/2022\/01\/521a142695cdb.jpeg\" data-link=\"http:\/\/qtmm.org\/qt\/?attachment_id=39096\" class=\"wp-image-39096\" srcset=\"https:\/\/qtmm.org\/wp-content\/uploads\/2022\/01\/521a142695cdb.jpeg 640w, https:\/\/qtmm.org\/wp-content\/uploads\/2022\/01\/521a142695cdb-300x225.jpeg 300w\" sizes=\"auto, (max-width: 640px) 100vw, 640px\" \/><\/a><\/figure><\/li><li class=\"blocks-gallery-item\"><figure><a href=\"http:\/\/qtmm.org\/wp-content\/uploads\/2022\/01\/521a142797be7.jpeg\"><img loading=\"lazy\" decoding=\"async\" width=\"640\" height=\"480\" src=\"http:\/\/qtmm.org\/wp-content\/uploads\/2022\/01\/521a142797be7.jpeg\" alt=\"\" data-id=\"39100\" data-full-url=\"http:\/\/qtmm.org\/wp-content\/uploads\/2022\/01\/521a142797be7.jpeg\" data-link=\"http:\/\/qtmm.org\/qt\/?attachment_id=39100\" class=\"wp-image-39100\" srcset=\"https:\/\/qtmm.org\/wp-content\/uploads\/2022\/01\/521a142797be7.jpeg 640w, https:\/\/qtmm.org\/wp-content\/uploads\/2022\/01\/521a142797be7-300x225.jpeg 300w\" sizes=\"auto, (max-width: 640px) 100vw, 640px\" \/><\/a><\/figure><\/li><li class=\"blocks-gallery-item\"><figure><a href=\"http:\/\/qtmm.org\/wp-content\/uploads\/2022\/01\/521a146004c5e.jpeg\"><img loading=\"lazy\" decoding=\"async\" width=\"640\" height=\"480\" src=\"http:\/\/qtmm.org\/wp-content\/uploads\/2022\/01\/521a146004c5e.jpeg\" alt=\"\" data-id=\"39104\" data-full-url=\"http:\/\/qtmm.org\/wp-content\/uploads\/2022\/01\/521a146004c5e.jpeg\" data-link=\"http:\/\/qtmm.org\/qt\/?attachment_id=39104\" class=\"wp-image-39104\" srcset=\"https:\/\/qtmm.org\/wp-content\/uploads\/2022\/01\/521a146004c5e.jpeg 640w, https:\/\/qtmm.org\/wp-content\/uploads\/2022\/01\/521a146004c5e-300x225.jpeg 300w\" sizes=\"auto, (max-width: 640px) 100vw, 640px\" \/><\/a><\/figure><\/li><li class=\"blocks-gallery-item\"><figure><a href=\"http:\/\/qtmm.org\/wp-content\/uploads\/2022\/01\/521a1427360de.jpeg\"><img loading=\"lazy\" decoding=\"async\" width=\"640\" height=\"480\" src=\"http:\/\/qtmm.org\/wp-content\/uploads\/2022\/01\/521a1427360de.jpeg\" alt=\"\" data-id=\"39108\" data-full-url=\"http:\/\/qtmm.org\/wp-content\/uploads\/2022\/01\/521a1427360de.jpeg\" data-link=\"http:\/\/qtmm.org\/qt\/?attachment_id=39108\" class=\"wp-image-39108\" srcset=\"https:\/\/qtmm.org\/wp-content\/uploads\/2022\/01\/521a1427360de.jpeg 640w, https:\/\/qtmm.org\/wp-content\/uploads\/2022\/01\/521a1427360de-300x225.jpeg 300w\" sizes=\"auto, (max-width: 640px) 100vw, 640px\" \/><\/a><\/figure><\/li><li class=\"blocks-gallery-item\"><figure><a href=\"http:\/\/qtmm.org\/wp-content\/uploads\/2022\/01\/521a1427668ef.jpeg\"><img loading=\"lazy\" decoding=\"async\" width=\"640\" height=\"480\" src=\"http:\/\/qtmm.org\/wp-content\/uploads\/2022\/01\/521a1427668ef.jpeg\" alt=\"\" data-id=\"39112\" data-full-url=\"http:\/\/qtmm.org\/wp-content\/uploads\/2022\/01\/521a1427668ef.jpeg\" data-link=\"http:\/\/qtmm.org\/qt\/?attachment_id=39112\" class=\"wp-image-39112\" srcset=\"https:\/\/qtmm.org\/wp-content\/uploads\/2022\/01\/521a1427668ef.jpeg 640w, https:\/\/qtmm.org\/wp-content\/uploads\/2022\/01\/521a1427668ef-300x225.jpeg 300w\" sizes=\"auto, (max-width: 640px) 100vw, 640px\" \/><\/a><\/figure><\/li><li class=\"blocks-gallery-item\"><figure><a href=\"http:\/\/qtmm.org\/wp-content\/uploads\/2022\/01\/521a1460346aa.jpeg\"><img loading=\"lazy\" decoding=\"async\" width=\"640\" height=\"480\" src=\"http:\/\/qtmm.org\/wp-content\/uploads\/2022\/01\/521a1460346aa.jpeg\" alt=\"\" data-id=\"39116\" data-full-url=\"http:\/\/qtmm.org\/wp-content\/uploads\/2022\/01\/521a1460346aa.jpeg\" data-link=\"http:\/\/qtmm.org\/qt\/?attachment_id=39116\" class=\"wp-image-39116\" srcset=\"https:\/\/qtmm.org\/wp-content\/uploads\/2022\/01\/521a1460346aa.jpeg 640w, https:\/\/qtmm.org\/wp-content\/uploads\/2022\/01\/521a1460346aa-300x225.jpeg 300w\" sizes=\"auto, (max-width: 640px) 100vw, 640px\" \/><\/a><\/figure><\/li><li class=\"blocks-gallery-item\"><figure><a href=\"http:\/\/qtmm.org\/wp-content\/uploads\/2022\/01\/521a14263332f.jpeg\"><img loading=\"lazy\" decoding=\"async\" width=\"640\" height=\"480\" src=\"http:\/\/qtmm.org\/wp-content\/uploads\/2022\/01\/521a14263332f.jpeg\" alt=\"\" data-id=\"39120\" data-full-url=\"http:\/\/qtmm.org\/wp-content\/uploads\/2022\/01\/521a14263332f.jpeg\" data-link=\"http:\/\/qtmm.org\/qt\/?attachment_id=39120\" class=\"wp-image-39120\" srcset=\"https:\/\/qtmm.org\/wp-content\/uploads\/2022\/01\/521a14263332f.jpeg 640w, https:\/\/qtmm.org\/wp-content\/uploads\/2022\/01\/521a14263332f-300x225.jpeg 300w\" sizes=\"auto, (max-width: 640px) 100vw, 640px\" \/><\/a><\/figure><\/li><li class=\"blocks-gallery-item\"><figure><a href=\"http:\/\/qtmm.org\/wp-content\/uploads\/2022\/01\/521a14270411d.jpeg\"><img loading=\"lazy\" decoding=\"async\" width=\"640\" height=\"480\" src=\"http:\/\/qtmm.org\/wp-content\/uploads\/2022\/01\/521a14270411d.jpeg\" alt=\"\" data-id=\"39124\" data-full-url=\"http:\/\/qtmm.org\/wp-content\/uploads\/2022\/01\/521a14270411d.jpeg\" data-link=\"http:\/\/qtmm.org\/qt\/?attachment_id=39124\" class=\"wp-image-39124\" srcset=\"https:\/\/qtmm.org\/wp-content\/uploads\/2022\/01\/521a14270411d.jpeg 640w, https:\/\/qtmm.org\/wp-content\/uploads\/2022\/01\/521a14270411d-300x225.jpeg 300w\" sizes=\"auto, (max-width: 640px) 100vw, 640px\" \/><\/a><\/figure><\/li><li class=\"blocks-gallery-item\"><figure><a href=\"http:\/\/qtmm.org\/wp-content\/uploads\/2022\/01\/521a146065589.jpeg\"><img loading=\"lazy\" decoding=\"async\" width=\"640\" height=\"480\" src=\"http:\/\/qtmm.org\/wp-content\/uploads\/2022\/01\/521a146065589.jpeg\" alt=\"\" data-id=\"39128\" data-full-url=\"http:\/\/qtmm.org\/wp-content\/uploads\/2022\/01\/521a146065589.jpeg\" data-link=\"http:\/\/qtmm.org\/qt\/?attachment_id=39128\" class=\"wp-image-39128\" srcset=\"https:\/\/qtmm.org\/wp-content\/uploads\/2022\/01\/521a146065589.jpeg 640w, https:\/\/qtmm.org\/wp-content\/uploads\/2022\/01\/521a146065589-300x225.jpeg 300w\" sizes=\"auto, (max-width: 640px) 100vw, 640px\" \/><\/a><\/figure><\/li><\/ul><\/figure>\n","protected":false},"excerpt":{"rendered":"<p>Avgust 23 k\u00fcn\u00fc Aqmescitni\u00f1 Sal\u011f\u0131r ba\u011f\u00e7as\u0131nda Umumavropa natsizm ve stalinizm qurbanlar\u0131n\u0131\u00f1 hat\u0131ra k\u00fcn\u00fc \u00e7er\u00e7ivesinde q\u0131r\u0131mtatar halq\u0131 s\u00fcrg\u00fcnligini\u00f1 qurbanlar\u0131 hat\u0131ras\u0131na ba\u011f\u0131\u015flan\u0131p er y\u0131l\u0131 ke\u00e7irilgen miting ol\u0131p ke\u00e7ti. Milliy Meclisni\u00f1 2011 senesi avgust 8-de al\u011fan qarar\u0131n\u0131 eda eterek, bun\u0131\u00f1 kibi de OSCE Parlament Assambleyas\u0131n\u0131\u00f1 2009 senesi iy\u00fcl 3-teki &#8220;B\u00f6l\u00fcngen Avropan\u0131 birle\u015ftir\u00fcv: 21 as\u0131rda OSCE region\u0131nda insan aqlar\u0131 [&hellip;]<\/p>\n","protected":false},"author":1,"featured_media":39064,"comment_status":"open","ping_status":"open","sticky":false,"template":"","format":"standard","meta":{"inline_featured_image":false,"footnotes":""},"categories":[265],"tags":[],"class_list":["post-38979","post","type-post","status-publish","format-standard","has-post-thumbnail","hentry","category-haberler"],"acf":[],"yoast_head":"<!-- This site is optimized with the Yoast SEO plugin v27.4 - https:\/\/yoast.com\/product\/yoast-seo-wordpress\/ -->\n<title>Aqmescitte Umumavropa natsizm ve stalinizm qurbanlar\u0131n\u0131\u00f1 hat\u0131ra k\u00fcn\u00fc \u00e7er\u00e7ivesinde er y\u0131l\u0131 ke\u00e7irilgen miting ol\u0131p ke\u00e7ti - \u041c\u0435\u0434\u0436\u043b\u0456\u0441<\/title>\n<meta name=\"robots\" content=\"index, follow, max-snippet:-1, max-image-preview:large, max-video-preview:-1\" \/>\n<link rel=\"canonical\" href=\"https:\/\/qtmm.org\/qt\/aqmescitte-umumavropa-natsizm-ve-stalinizm-qurbanlarinin-hatira-kunu-cercivesinde-er-yili-kecirilgen-miting-olip-kecti\/\" \/>\n<meta property=\"og:locale\" content=\"en_US\" \/>\n<meta property=\"og:type\" content=\"article\" \/>\n<meta property=\"og:title\" content=\"Aqmescitte Umumavropa natsizm ve stalinizm qurbanlar\u0131n\u0131\u00f1 hat\u0131ra k\u00fcn\u00fc \u00e7er\u00e7ivesinde er y\u0131l\u0131 ke\u00e7irilgen miting ol\u0131p ke\u00e7ti - \u041c\u0435\u0434\u0436\u043b\u0456\u0441\" \/>\n<meta property=\"og:description\" content=\"Avgust 23 k\u00fcn\u00fc Aqmescitni\u00f1 Sal\u011f\u0131r ba\u011f\u00e7as\u0131nda Umumavropa natsizm ve stalinizm qurbanlar\u0131n\u0131\u00f1 hat\u0131ra k\u00fcn\u00fc \u00e7er\u00e7ivesinde q\u0131r\u0131mtatar halq\u0131 s\u00fcrg\u00fcnligini\u00f1 qurbanlar\u0131 hat\u0131ras\u0131na ba\u011f\u0131\u015flan\u0131p er y\u0131l\u0131 ke\u00e7irilgen miting ol\u0131p ke\u00e7ti. Milliy Meclisni\u00f1 2011 senesi avgust 8-de al\u011fan qarar\u0131n\u0131 eda eterek, bun\u0131\u00f1 kibi de OSCE Parlament Assambleyas\u0131n\u0131\u00f1 2009 senesi iy\u00fcl 3-teki &#8220;B\u00f6l\u00fcngen Avropan\u0131 birle\u015ftir\u00fcv: 21 as\u0131rda OSCE region\u0131nda insan aqlar\u0131 [&hellip;]\" \/>\n<meta property=\"og:url\" content=\"https:\/\/qtmm.org\/qt\/aqmescitte-umumavropa-natsizm-ve-stalinizm-qurbanlarinin-hatira-kunu-cercivesinde-er-yili-kecirilgen-miting-olip-kecti\/\" \/>\n<meta property=\"og:site_name\" content=\"\u041c\u0435\u0434\u0436\u043b\u0456\u0441\" \/>\n<meta property=\"article:publisher\" content=\"https:\/\/www.facebook.com\/qtmm.info\/\" \/>\n<meta property=\"article:published_time\" content=\"2013-08-23T13:20:00+00:00\" \/>\n<meta property=\"article:modified_time\" content=\"2022-01-25T13:24:51+00:00\" \/>\n<meta property=\"og:image\" content=\"https:\/\/qtmm.org\/wp-content\/uploads\/2022\/01\/521a14271d0a7.jpeg\" \/>\n\t<meta property=\"og:image:width\" content=\"640\" \/>\n\t<meta property=\"og:image:height\" content=\"480\" \/>\n\t<meta property=\"og:image:type\" content=\"image\/jpeg\" \/>\n<meta name=\"author\" content=\"Developer\" \/>\n<meta name=\"twitter:card\" content=\"summary_large_image\" \/>\n<meta name=\"twitter:label1\" content=\"Written by\" \/>\n\t<meta name=\"twitter:data1\" content=\"Developer\" \/>\n\t<meta name=\"twitter:label2\" content=\"Est. reading time\" \/>\n\t<meta name=\"twitter:data2\" content=\"7 minutes\" \/>\n<script type=\"application\/ld+json\" class=\"yoast-schema-graph\">{\"@context\":\"https:\\\/\\\/schema.org\",\"@graph\":[{\"@type\":\"Article\",\"@id\":\"https:\\\/\\\/qtmm.org\\\/qt\\\/aqmescitte-umumavropa-natsizm-ve-stalinizm-qurbanlarinin-hatira-kunu-cercivesinde-er-yili-kecirilgen-miting-olip-kecti\\\/#article\",\"isPartOf\":{\"@id\":\"https:\\\/\\\/qtmm.org\\\/qt\\\/aqmescitte-umumavropa-natsizm-ve-stalinizm-qurbanlarinin-hatira-kunu-cercivesinde-er-yili-kecirilgen-miting-olip-kecti\\\/\"},\"author\":{\"name\":\"Developer\",\"@id\":\"https:\\\/\\\/qtmm.org\\\/qt\\\/#\\\/schema\\\/person\\\/de562469f971dec226ac06e60bbf74a7\"},\"headline\":\"Aqmescitte Umumavropa natsizm ve stalinizm qurbanlar\u0131n\u0131\u00f1 hat\u0131ra k\u00fcn\u00fc \u00e7er\u00e7ivesinde er y\u0131l\u0131 ke\u00e7irilgen miting ol\u0131p ke\u00e7ti\",\"datePublished\":\"2013-08-23T13:20:00+00:00\",\"dateModified\":\"2022-01-25T13:24:51+00:00\",\"mainEntityOfPage\":{\"@id\":\"https:\\\/\\\/qtmm.org\\\/qt\\\/aqmescitte-umumavropa-natsizm-ve-stalinizm-qurbanlarinin-hatira-kunu-cercivesinde-er-yili-kecirilgen-miting-olip-kecti\\\/\"},\"wordCount\":1455,\"commentCount\":0,\"publisher\":{\"@id\":\"https:\\\/\\\/qtmm.org\\\/qt\\\/#organization\"},\"image\":{\"@id\":\"https:\\\/\\\/qtmm.org\\\/qt\\\/aqmescitte-umumavropa-natsizm-ve-stalinizm-qurbanlarinin-hatira-kunu-cercivesinde-er-yili-kecirilgen-miting-olip-kecti\\\/#primaryimage\"},\"thumbnailUrl\":\"https:\\\/\\\/qtmm.org\\\/wp-content\\\/uploads\\\/2022\\\/01\\\/521a14271d0a7.jpeg\",\"articleSection\":[\"Haberler\"],\"inLanguage\":\"qt\",\"potentialAction\":[{\"@type\":\"CommentAction\",\"name\":\"Comment\",\"target\":[\"https:\\\/\\\/qtmm.org\\\/qt\\\/aqmescitte-umumavropa-natsizm-ve-stalinizm-qurbanlarinin-hatira-kunu-cercivesinde-er-yili-kecirilgen-miting-olip-kecti\\\/#respond\"]}]},{\"@type\":\"WebPage\",\"@id\":\"https:\\\/\\\/qtmm.org\\\/qt\\\/aqmescitte-umumavropa-natsizm-ve-stalinizm-qurbanlarinin-hatira-kunu-cercivesinde-er-yili-kecirilgen-miting-olip-kecti\\\/\",\"url\":\"https:\\\/\\\/qtmm.org\\\/qt\\\/aqmescitte-umumavropa-natsizm-ve-stalinizm-qurbanlarinin-hatira-kunu-cercivesinde-er-yili-kecirilgen-miting-olip-kecti\\\/\",\"name\":\"Aqmescitte Umumavropa natsizm ve stalinizm qurbanlar\u0131n\u0131\u00f1 hat\u0131ra k\u00fcn\u00fc \u00e7er\u00e7ivesinde er y\u0131l\u0131 ke\u00e7irilgen miting ol\u0131p ke\u00e7ti - \u041c\u0435\u0434\u0436\u043b\u0456\u0441\",\"isPartOf\":{\"@id\":\"https:\\\/\\\/qtmm.org\\\/qt\\\/#website\"},\"primaryImageOfPage\":{\"@id\":\"https:\\\/\\\/qtmm.org\\\/qt\\\/aqmescitte-umumavropa-natsizm-ve-stalinizm-qurbanlarinin-hatira-kunu-cercivesinde-er-yili-kecirilgen-miting-olip-kecti\\\/#primaryimage\"},\"image\":{\"@id\":\"https:\\\/\\\/qtmm.org\\\/qt\\\/aqmescitte-umumavropa-natsizm-ve-stalinizm-qurbanlarinin-hatira-kunu-cercivesinde-er-yili-kecirilgen-miting-olip-kecti\\\/#primaryimage\"},\"thumbnailUrl\":\"https:\\\/\\\/qtmm.org\\\/wp-content\\\/uploads\\\/2022\\\/01\\\/521a14271d0a7.jpeg\",\"datePublished\":\"2013-08-23T13:20:00+00:00\",\"dateModified\":\"2022-01-25T13:24:51+00:00\",\"breadcrumb\":{\"@id\":\"https:\\\/\\\/qtmm.org\\\/qt\\\/aqmescitte-umumavropa-natsizm-ve-stalinizm-qurbanlarinin-hatira-kunu-cercivesinde-er-yili-kecirilgen-miting-olip-kecti\\\/#breadcrumb\"},\"inLanguage\":\"qt\",\"potentialAction\":[{\"@type\":\"ReadAction\",\"target\":[\"https:\\\/\\\/qtmm.org\\\/qt\\\/aqmescitte-umumavropa-natsizm-ve-stalinizm-qurbanlarinin-hatira-kunu-cercivesinde-er-yili-kecirilgen-miting-olip-kecti\\\/\"]}]},{\"@type\":\"ImageObject\",\"inLanguage\":\"qt\",\"@id\":\"https:\\\/\\\/qtmm.org\\\/qt\\\/aqmescitte-umumavropa-natsizm-ve-stalinizm-qurbanlarinin-hatira-kunu-cercivesinde-er-yili-kecirilgen-miting-olip-kecti\\\/#primaryimage\",\"url\":\"https:\\\/\\\/qtmm.org\\\/wp-content\\\/uploads\\\/2022\\\/01\\\/521a14271d0a7.jpeg\",\"contentUrl\":\"https:\\\/\\\/qtmm.org\\\/wp-content\\\/uploads\\\/2022\\\/01\\\/521a14271d0a7.jpeg\",\"width\":640,\"height\":480},{\"@type\":\"BreadcrumbList\",\"@id\":\"https:\\\/\\\/qtmm.org\\\/qt\\\/aqmescitte-umumavropa-natsizm-ve-stalinizm-qurbanlarinin-hatira-kunu-cercivesinde-er-yili-kecirilgen-miting-olip-kecti\\\/#breadcrumb\",\"itemListElement\":[{\"@type\":\"ListItem\",\"position\":1,\"name\":\"\u0413\u043e\u043b\u043e\u0432\u043d\u0430\",\"item\":\"https:\\\/\\\/qtmm.org\\\/qt\\\/\"},{\"@type\":\"ListItem\",\"position\":2,\"name\":\"Aqmescitte Umumavropa natsizm ve stalinizm qurbanlar\u0131n\u0131\u00f1 hat\u0131ra k\u00fcn\u00fc \u00e7er\u00e7ivesinde er y\u0131l\u0131 ke\u00e7irilgen miting ol\u0131p ke\u00e7ti\"}]},{\"@type\":\"WebSite\",\"@id\":\"https:\\\/\\\/qtmm.org\\\/qt\\\/#website\",\"url\":\"https:\\\/\\\/qtmm.org\\\/qt\\\/\",\"name\":\"\u041c\u0435\u0434\u0436\u043b\u0456\u0441\",\"description\":\"\",\"publisher\":{\"@id\":\"https:\\\/\\\/qtmm.org\\\/qt\\\/#organization\"},\"potentialAction\":[{\"@type\":\"SearchAction\",\"target\":{\"@type\":\"EntryPoint\",\"urlTemplate\":\"https:\\\/\\\/qtmm.org\\\/qt\\\/?s={search_term_string}\"},\"query-input\":{\"@type\":\"PropertyValueSpecification\",\"valueRequired\":true,\"valueName\":\"search_term_string\"}}],\"inLanguage\":\"qt\"},{\"@type\":\"Organization\",\"@id\":\"https:\\\/\\\/qtmm.org\\\/qt\\\/#organization\",\"name\":\"\u041c\u0435\u0434\u0436\u043b\u0456\u0441\",\"url\":\"https:\\\/\\\/qtmm.org\\\/qt\\\/\",\"logo\":{\"@type\":\"ImageObject\",\"inLanguage\":\"qt\",\"@id\":\"https:\\\/\\\/qtmm.org\\\/qt\\\/#\\\/schema\\\/logo\\\/image\\\/\",\"url\":\"https:\\\/\\\/qtmm.org\\\/wp-content\\\/uploads\\\/2024\\\/12\\\/ua-mejlis-logo-rgb.svg\",\"contentUrl\":\"https:\\\/\\\/qtmm.org\\\/wp-content\\\/uploads\\\/2024\\\/12\\\/ua-mejlis-logo-rgb.svg\",\"caption\":\"\u041c\u0435\u0434\u0436\u043b\u0456\u0441\"},\"image\":{\"@id\":\"https:\\\/\\\/qtmm.org\\\/qt\\\/#\\\/schema\\\/logo\\\/image\\\/\"},\"sameAs\":[\"https:\\\/\\\/www.facebook.com\\\/qtmm.info\\\/\"]},{\"@type\":\"Person\",\"@id\":\"https:\\\/\\\/qtmm.org\\\/qt\\\/#\\\/schema\\\/person\\\/de562469f971dec226ac06e60bbf74a7\",\"name\":\"Developer\",\"image\":{\"@type\":\"ImageObject\",\"inLanguage\":\"qt\",\"@id\":\"https:\\\/\\\/secure.gravatar.com\\\/avatar\\\/392b4cc8fbfeb00b39dfeeab4ee6edded39ffd48e25858637e4765810300227e?s=96&d=mm&r=g\",\"url\":\"https:\\\/\\\/secure.gravatar.com\\\/avatar\\\/392b4cc8fbfeb00b39dfeeab4ee6edded39ffd48e25858637e4765810300227e?s=96&d=mm&r=g\",\"contentUrl\":\"https:\\\/\\\/secure.gravatar.com\\\/avatar\\\/392b4cc8fbfeb00b39dfeeab4ee6edded39ffd48e25858637e4765810300227e?s=96&d=mm&r=g\",\"caption\":\"Developer\"},\"url\":\"https:\\\/\\\/qtmm.org\\\/qt\\\/author\\\/Developer\\\/\"}]}<\/script>\n<!-- \/ Yoast SEO plugin. -->","yoast_head_json":{"title":"Aqmescitte Umumavropa natsizm ve stalinizm qurbanlar\u0131n\u0131\u00f1 hat\u0131ra k\u00fcn\u00fc \u00e7er\u00e7ivesinde er y\u0131l\u0131 ke\u00e7irilgen miting ol\u0131p ke\u00e7ti - \u041c\u0435\u0434\u0436\u043b\u0456\u0441","robots":{"index":"index","follow":"follow","max-snippet":"max-snippet:-1","max-image-preview":"max-image-preview:large","max-video-preview":"max-video-preview:-1"},"canonical":"https:\/\/qtmm.org\/qt\/aqmescitte-umumavropa-natsizm-ve-stalinizm-qurbanlarinin-hatira-kunu-cercivesinde-er-yili-kecirilgen-miting-olip-kecti\/","og_locale":"en_US","og_type":"article","og_title":"Aqmescitte Umumavropa natsizm ve stalinizm qurbanlar\u0131n\u0131\u00f1 hat\u0131ra k\u00fcn\u00fc \u00e7er\u00e7ivesinde er y\u0131l\u0131 ke\u00e7irilgen miting ol\u0131p ke\u00e7ti - \u041c\u0435\u0434\u0436\u043b\u0456\u0441","og_description":"Avgust 23 k\u00fcn\u00fc Aqmescitni\u00f1 Sal\u011f\u0131r ba\u011f\u00e7as\u0131nda Umumavropa natsizm ve stalinizm qurbanlar\u0131n\u0131\u00f1 hat\u0131ra k\u00fcn\u00fc \u00e7er\u00e7ivesinde q\u0131r\u0131mtatar halq\u0131 s\u00fcrg\u00fcnligini\u00f1 qurbanlar\u0131 hat\u0131ras\u0131na ba\u011f\u0131\u015flan\u0131p er y\u0131l\u0131 ke\u00e7irilgen miting ol\u0131p ke\u00e7ti. Milliy Meclisni\u00f1 2011 senesi avgust 8-de al\u011fan qarar\u0131n\u0131 eda eterek, bun\u0131\u00f1 kibi de OSCE Parlament Assambleyas\u0131n\u0131\u00f1 2009 senesi iy\u00fcl 3-teki &#8220;B\u00f6l\u00fcngen Avropan\u0131 birle\u015ftir\u00fcv: 21 as\u0131rda OSCE region\u0131nda insan aqlar\u0131 [&hellip;]","og_url":"https:\/\/qtmm.org\/qt\/aqmescitte-umumavropa-natsizm-ve-stalinizm-qurbanlarinin-hatira-kunu-cercivesinde-er-yili-kecirilgen-miting-olip-kecti\/","og_site_name":"\u041c\u0435\u0434\u0436\u043b\u0456\u0441","article_publisher":"https:\/\/www.facebook.com\/qtmm.info\/","article_published_time":"2013-08-23T13:20:00+00:00","article_modified_time":"2022-01-25T13:24:51+00:00","og_image":[{"width":640,"height":480,"url":"https:\/\/qtmm.org\/wp-content\/uploads\/2022\/01\/521a14271d0a7.jpeg","type":"image\/jpeg"}],"author":"Developer","twitter_card":"summary_large_image","twitter_misc":{"Written by":"Developer","Est. reading time":"7 minutes"},"schema":{"@context":"https:\/\/schema.org","@graph":[{"@type":"Article","@id":"https:\/\/qtmm.org\/qt\/aqmescitte-umumavropa-natsizm-ve-stalinizm-qurbanlarinin-hatira-kunu-cercivesinde-er-yili-kecirilgen-miting-olip-kecti\/#article","isPartOf":{"@id":"https:\/\/qtmm.org\/qt\/aqmescitte-umumavropa-natsizm-ve-stalinizm-qurbanlarinin-hatira-kunu-cercivesinde-er-yili-kecirilgen-miting-olip-kecti\/"},"author":{"name":"Developer","@id":"https:\/\/qtmm.org\/qt\/#\/schema\/person\/de562469f971dec226ac06e60bbf74a7"},"headline":"Aqmescitte Umumavropa natsizm ve stalinizm qurbanlar\u0131n\u0131\u00f1 hat\u0131ra k\u00fcn\u00fc \u00e7er\u00e7ivesinde er y\u0131l\u0131 ke\u00e7irilgen miting ol\u0131p ke\u00e7ti","datePublished":"2013-08-23T13:20:00+00:00","dateModified":"2022-01-25T13:24:51+00:00","mainEntityOfPage":{"@id":"https:\/\/qtmm.org\/qt\/aqmescitte-umumavropa-natsizm-ve-stalinizm-qurbanlarinin-hatira-kunu-cercivesinde-er-yili-kecirilgen-miting-olip-kecti\/"},"wordCount":1455,"commentCount":0,"publisher":{"@id":"https:\/\/qtmm.org\/qt\/#organization"},"image":{"@id":"https:\/\/qtmm.org\/qt\/aqmescitte-umumavropa-natsizm-ve-stalinizm-qurbanlarinin-hatira-kunu-cercivesinde-er-yili-kecirilgen-miting-olip-kecti\/#primaryimage"},"thumbnailUrl":"https:\/\/qtmm.org\/wp-content\/uploads\/2022\/01\/521a14271d0a7.jpeg","articleSection":["Haberler"],"inLanguage":"qt","potentialAction":[{"@type":"CommentAction","name":"Comment","target":["https:\/\/qtmm.org\/qt\/aqmescitte-umumavropa-natsizm-ve-stalinizm-qurbanlarinin-hatira-kunu-cercivesinde-er-yili-kecirilgen-miting-olip-kecti\/#respond"]}]},{"@type":"WebPage","@id":"https:\/\/qtmm.org\/qt\/aqmescitte-umumavropa-natsizm-ve-stalinizm-qurbanlarinin-hatira-kunu-cercivesinde-er-yili-kecirilgen-miting-olip-kecti\/","url":"https:\/\/qtmm.org\/qt\/aqmescitte-umumavropa-natsizm-ve-stalinizm-qurbanlarinin-hatira-kunu-cercivesinde-er-yili-kecirilgen-miting-olip-kecti\/","name":"Aqmescitte Umumavropa natsizm ve stalinizm qurbanlar\u0131n\u0131\u00f1 hat\u0131ra k\u00fcn\u00fc \u00e7er\u00e7ivesinde er y\u0131l\u0131 ke\u00e7irilgen miting ol\u0131p ke\u00e7ti - \u041c\u0435\u0434\u0436\u043b\u0456\u0441","isPartOf":{"@id":"https:\/\/qtmm.org\/qt\/#website"},"primaryImageOfPage":{"@id":"https:\/\/qtmm.org\/qt\/aqmescitte-umumavropa-natsizm-ve-stalinizm-qurbanlarinin-hatira-kunu-cercivesinde-er-yili-kecirilgen-miting-olip-kecti\/#primaryimage"},"image":{"@id":"https:\/\/qtmm.org\/qt\/aqmescitte-umumavropa-natsizm-ve-stalinizm-qurbanlarinin-hatira-kunu-cercivesinde-er-yili-kecirilgen-miting-olip-kecti\/#primaryimage"},"thumbnailUrl":"https:\/\/qtmm.org\/wp-content\/uploads\/2022\/01\/521a14271d0a7.jpeg","datePublished":"2013-08-23T13:20:00+00:00","dateModified":"2022-01-25T13:24:51+00:00","breadcrumb":{"@id":"https:\/\/qtmm.org\/qt\/aqmescitte-umumavropa-natsizm-ve-stalinizm-qurbanlarinin-hatira-kunu-cercivesinde-er-yili-kecirilgen-miting-olip-kecti\/#breadcrumb"},"inLanguage":"qt","potentialAction":[{"@type":"ReadAction","target":["https:\/\/qtmm.org\/qt\/aqmescitte-umumavropa-natsizm-ve-stalinizm-qurbanlarinin-hatira-kunu-cercivesinde-er-yili-kecirilgen-miting-olip-kecti\/"]}]},{"@type":"ImageObject","inLanguage":"qt","@id":"https:\/\/qtmm.org\/qt\/aqmescitte-umumavropa-natsizm-ve-stalinizm-qurbanlarinin-hatira-kunu-cercivesinde-er-yili-kecirilgen-miting-olip-kecti\/#primaryimage","url":"https:\/\/qtmm.org\/wp-content\/uploads\/2022\/01\/521a14271d0a7.jpeg","contentUrl":"https:\/\/qtmm.org\/wp-content\/uploads\/2022\/01\/521a14271d0a7.jpeg","width":640,"height":480},{"@type":"BreadcrumbList","@id":"https:\/\/qtmm.org\/qt\/aqmescitte-umumavropa-natsizm-ve-stalinizm-qurbanlarinin-hatira-kunu-cercivesinde-er-yili-kecirilgen-miting-olip-kecti\/#breadcrumb","itemListElement":[{"@type":"ListItem","position":1,"name":"\u0413\u043e\u043b\u043e\u0432\u043d\u0430","item":"https:\/\/qtmm.org\/qt\/"},{"@type":"ListItem","position":2,"name":"Aqmescitte Umumavropa natsizm ve stalinizm qurbanlar\u0131n\u0131\u00f1 hat\u0131ra k\u00fcn\u00fc \u00e7er\u00e7ivesinde er y\u0131l\u0131 ke\u00e7irilgen miting ol\u0131p ke\u00e7ti"}]},{"@type":"WebSite","@id":"https:\/\/qtmm.org\/qt\/#website","url":"https:\/\/qtmm.org\/qt\/","name":"\u041c\u0435\u0434\u0436\u043b\u0456\u0441","description":"","publisher":{"@id":"https:\/\/qtmm.org\/qt\/#organization"},"potentialAction":[{"@type":"SearchAction","target":{"@type":"EntryPoint","urlTemplate":"https:\/\/qtmm.org\/qt\/?s={search_term_string}"},"query-input":{"@type":"PropertyValueSpecification","valueRequired":true,"valueName":"search_term_string"}}],"inLanguage":"qt"},{"@type":"Organization","@id":"https:\/\/qtmm.org\/qt\/#organization","name":"\u041c\u0435\u0434\u0436\u043b\u0456\u0441","url":"https:\/\/qtmm.org\/qt\/","logo":{"@type":"ImageObject","inLanguage":"qt","@id":"https:\/\/qtmm.org\/qt\/#\/schema\/logo\/image\/","url":"https:\/\/qtmm.org\/wp-content\/uploads\/2024\/12\/ua-mejlis-logo-rgb.svg","contentUrl":"https:\/\/qtmm.org\/wp-content\/uploads\/2024\/12\/ua-mejlis-logo-rgb.svg","caption":"\u041c\u0435\u0434\u0436\u043b\u0456\u0441"},"image":{"@id":"https:\/\/qtmm.org\/qt\/#\/schema\/logo\/image\/"},"sameAs":["https:\/\/www.facebook.com\/qtmm.info\/"]},{"@type":"Person","@id":"https:\/\/qtmm.org\/qt\/#\/schema\/person\/de562469f971dec226ac06e60bbf74a7","name":"Developer","image":{"@type":"ImageObject","inLanguage":"qt","@id":"https:\/\/secure.gravatar.com\/avatar\/392b4cc8fbfeb00b39dfeeab4ee6edded39ffd48e25858637e4765810300227e?s=96&d=mm&r=g","url":"https:\/\/secure.gravatar.com\/avatar\/392b4cc8fbfeb00b39dfeeab4ee6edded39ffd48e25858637e4765810300227e?s=96&d=mm&r=g","contentUrl":"https:\/\/secure.gravatar.com\/avatar\/392b4cc8fbfeb00b39dfeeab4ee6edded39ffd48e25858637e4765810300227e?s=96&d=mm&r=g","caption":"Developer"},"url":"https:\/\/qtmm.org\/qt\/author\/Developer\/"}]}},"_links":{"self":[{"href":"https:\/\/qtmm.org\/qt\/wp-json\/wp\/v2\/posts\/38979","targetHints":{"allow":["GET"]}}],"collection":[{"href":"https:\/\/qtmm.org\/qt\/wp-json\/wp\/v2\/posts"}],"about":[{"href":"https:\/\/qtmm.org\/qt\/wp-json\/wp\/v2\/types\/post"}],"author":[{"embeddable":true,"href":"https:\/\/qtmm.org\/qt\/wp-json\/wp\/v2\/users\/1"}],"replies":[{"embeddable":true,"href":"https:\/\/qtmm.org\/qt\/wp-json\/wp\/v2\/comments?post=38979"}],"version-history":[{"count":1,"href":"https:\/\/qtmm.org\/qt\/wp-json\/wp\/v2\/posts\/38979\/revisions"}],"predecessor-version":[{"id":39132,"href":"https:\/\/qtmm.org\/qt\/wp-json\/wp\/v2\/posts\/38979\/revisions\/39132"}],"wp:featuredmedia":[{"embeddable":true,"href":"https:\/\/qtmm.org\/qt\/wp-json\/wp\/v2\/media\/39064"}],"wp:attachment":[{"href":"https:\/\/qtmm.org\/qt\/wp-json\/wp\/v2\/media?parent=38979"}],"wp:term":[{"taxonomy":"category","embeddable":true,"href":"https:\/\/qtmm.org\/qt\/wp-json\/wp\/v2\/categories?post=38979"},{"taxonomy":"post_tag","embeddable":true,"href":"https:\/\/qtmm.org\/qt\/wp-json\/wp\/v2\/tags?post=38979"}],"curies":[{"name":"wp","href":"https:\/\/api.w.org\/{rel}","templated":true}]}}