




{"id":38973,"date":"2013-08-23T16:19:00","date_gmt":"2013-08-23T13:19:00","guid":{"rendered":"http:\/\/qtmm.org\/?p=38973"},"modified":"2022-01-25T16:20:17","modified_gmt":"2022-01-25T13:20:17","slug":"umumavropa-stalinizm-ve-natsizm-qurbanlari-hatirasi-kunune-bagislangan-kutleviy-surgunlik-ve-qatller-qurbanlarinin-hatirasini-saqlamaq-icun-kecirilgen-butunqirim-informatsion-piketnin-qarari","status":"publish","type":"post","link":"https:\/\/qtmm.org\/qt\/umumavropa-stalinizm-ve-natsizm-qurbanlari-hatirasi-kunune-bagislangan-kutleviy-surgunlik-ve-qatller-qurbanlarinin-hatirasini-saqlamaq-icun-kecirilgen-butunqirim-informatsion-piketnin-qarari\/","title":{"rendered":"Umumavropa stalinizm ve natsizm qurbanlar\u0131 hat\u0131ras\u0131 k\u00fcn\u00fcne ba\u011f\u0131\u015flan\u011fan k\u00fctleviy s\u00fcrg\u00fcnlik ve qatller qurbanlar\u0131n\u0131\u00f1 hat\u0131ras\u0131n\u0131 saqlamaq i\u00e7\u00fcn ke\u00e7irilgen B\u00fct\u00fcnq\u0131r\u0131m informatsion piketni\u00f1 QARARI"},"content":{"rendered":"\n<p>74 y\u0131l evelsi 1939 senesi avgust 23 k\u00fcn\u00fc Moskvada eki totalitar devlet \u2013 kommunistik SSSR ve fa\u015fist Almaniya aras\u0131nda &#8220;Ribbentrop-Molotov pakt\u0131&#8221; diye adland\u0131r\u0131l\u011fan a\u00f1la\u015fma ve muqaveleler imzalanmas\u0131nen insaniyet Ekinci d\u00fcnya cenki i\u00e7ine \u00e7ekildi.<\/p>\n\n\n\n<p>Millionlarnen insan ve halq qurbanlar\u0131, olar\u011fa nisbeten yoq et\u00fcv devlet siyaseti qullan\u0131l\u011fan\u0131, &#8211; fa\u015fist Almaniyas\u0131 ve kommunist SSSR totalitar rejimleri cinayetini\u00f1 aqibetidir. Cenkten so\u00f1ki Avropa halqlar\u0131 taraf\u0131ndan ke\u00e7ken as\u0131r facialar\u0131n\u0131\u00f1 sebepleri ve aqibetlerini a\u00f1lamalar\u0131 HH as\u0131rn\u0131\u00f1 e\u00f1 b\u00fcy\u00fck afat\u0131 olaraq kommunist ve natsist rejimleri tan\u0131lmas\u0131na ketirdi. SSSR kommunist rejimi cinayetlerini uquq ceetinden qaralamaq i\u00e7\u00fcn areket, bu cinayetlerni\u00f1 tekrarlanmamas\u0131n\u0131 teminlemek umumavropa k\u00f6lemini ald\u0131. Avropa cemiyeti ke\u00e7mi\u015fteki totalitar rejimni\u00f1 yuridik ve tarihiy s\u0131fat\u0131n\u0131 k\u00f6stermek o\u011frunda birle\u015ftirip, ke\u00e7mi\u015fteki facialar y\u00fcz bermesi ihtimal\u0131n\u0131 imk\u00e2ns\u0131z yapmaqn\u0131 halqara seviyede pekitmek o\u011frunda \u00f6z k\u00fc\u00e7lerini birle\u015ftirdi.<\/p>\n\n\n\n<p>Ayn\u0131 zamanda Ukraina devleti bu umumavropa areketlerinden \u00e7ette qal\u0131p, cemiyetni SSSR totalitar rejimi aqibetlerinden ar\u0131nd\u0131rmaq i\u00e7\u00fcn i\u00e7 bir \u015fey yapma\u011fan\u0131ndan \u011fayr\u0131 memleket parlamenti minberinden stalinizm ve natsizmni a\u00e7\u0131qtan-a\u00e7\u0131q maqtalmas\u0131na, millionlarnen qurbanlarn\u0131\u00f1 hat\u0131ras\u0131 aqaret etilmesine i\u00e7 bir t\u00fcrl\u00fc mania olmay.<\/p>\n\n\n\n<p>Q\u0131r\u0131mn\u0131\u00f1 tam\u0131r halq\u0131n\u0131 yoq et\u00fcv tel\u00fckesi alt\u0131na b\u0131raqqan s\u00fcrg\u00fcnliki ve aqibetlerini aqlamaq i\u00e7\u00fcn stalinizm tarafdarlar\u0131 so\u00f1ki vaq\u0131tta Q\u0131r\u0131mda aktivle\u015fmesi akimiyetni\u00f1 q\u0131r\u0131mtatarlar\u011fa nisbeten aqs\u0131mlav siyaset qullan\u011fan\u0131n\u0131\u00f1 neticesidir.<\/p>\n\n\n\n<p>SSSR kommunist rejimi cinayetlerini ve \u015fu cinayetni yapqan, q\u0131r\u0131mtatarlarn\u0131\u00f1 qaytmas\u0131, yerle\u015fmesi ve aqlar\u0131n\u0131\u00f1 tiklenmesine keder etken \u015fah\u0131slarn\u0131 \u00fck\u00fcm etken qanunlarn\u0131\u00f1 qabul etilmemesi Ukrainada insan aqlar\u0131 ve serbestligini tolus\u0131nen teminlegen aqiqiy demokratik sistem yoqlu\u011f\u0131ndan del\u00e2let bere.<br>Biz, Umumavropa stalinizm ve natsizm qurbanlar\u0131 hat\u0131ras\u0131na k\u00fcn\u00fcne ba\u011f\u0131\u015flan\u011fan k\u00fctleviy s\u00fcrg\u00fcnlik ve qatller qurbanlar\u0131n\u0131\u00f1 hat\u0131ras\u0131n\u0131 saqlamaq i\u00e7\u00fcn ke\u00e7irilgen B\u00fct\u00fcnq\u0131r\u0131m informatsion piketni\u00f1 i\u015ftirak\u00e7ileri OSCE Parlament Assambleyas\u0131 Viln\u00fcste 2009 senesi iy\u00fcl 3-te al\u0131n\u011fan &#8220;B\u00f6l\u00fcngen Avropan\u0131 birle\u015ftir\u00fcv: 21 as\u0131rda OSCE region\u0131nda insan aqlar\u0131 ve serbestligini taqdirlev&#8221; deklaratsiyas\u0131na qoltutmaqn\u0131 devam etemiz. Totalitar rejimni red etken cemiyetni\u00f1 inki\u015faf\u0131na kelecekte de qoltutmaq niyetinde biz Ukraina Prezidenti, Ukraina Yuqar\u0131 \u015euras\u0131 ve Ukraina Nazirler Kabinetinden Ukraina devleti insan ve halqlarn\u0131\u00f1 aqlar\u0131n\u0131 teminlevde halqara uquq normalar\u0131na riayet etmesini talap etemiz.<\/p>\n\n\n\n<p>Bun\u0131\u00f1 kibi de, biz OSCE, Avropa \u015euras\u0131 ve Avropa Birligine muracaatta bulun\u0131p, kommunist rejimi taraf\u0131ndan onlarnen y\u0131llar devam\u0131nda soyq\u0131r\u0131m\u011fa o\u011frat\u0131l\u011fan ve endi \u00f6z Vatan\u0131na qayt\u0131p keleyatqan q\u0131r\u0131mtatar halq\u0131n\u0131\u00f1 aqlar\u0131n\u0131 \u011fayr\u0131dan tiklenilmesine olduq\u00e7a qoltutumalar\u0131na \u00e7a\u011f\u0131ram\u0131z.<br><br>Biz Avropa halqlar\u0131nen birlikte stalinizm ve natsizm qurbanlar\u0131n\u0131\u00f1 hat\u0131ras\u0131 \u00f6g\u00fcnde temenna etemiz!<\/p>\n\n\n\n<p>Bizim borcum\u0131z ve vazifemiz \u2013 bar\u0131\u015f\u0131qn\u0131 saqlamaq ve b\u00fct\u00fcn halqlar ve insanlarn\u0131\u00f1 serbest ve er tarafl\u0131 inki\u015faf\u0131 i\u00e7\u00fcn munasip \u015faraitler yaratmaqt\u0131r.<\/p>\n\n\n\n<p class=\"has-text-align-right\"><strong>Umumavropa stalinizm ve natsizm qurbanlar\u0131 hat\u0131ras\u0131a k\u00fcn\u00fcne ba\u011f\u0131\u015flan\u011fan k\u00fctleviy s\u00fcrg\u00fcnlik ve qatller qurbanlar\u0131n\u0131\u00f1 hat\u0131ras\u0131n\u0131 saqlamaq i\u00e7\u00fcn 2013 senesi avgust 23 k\u00fcn\u00fc Aqmescitte ke\u00e7irilgen B\u00fct\u00fcnq\u0131r\u0131m informatsion pikette qabul etildi<\/strong><br>&nbsp;<\/p>\n\n\n\n<p class=\"has-text-align-right\"><strong><em>2013 senesi avgust 23 k\u00fcn\u00fc<\/em><\/strong><\/p>\n\n\n\n<p class=\"has-text-align-right\"><strong><em>Aqmescit<\/em><\/strong><\/p>\n","protected":false},"excerpt":{"rendered":"<p>74 y\u0131l evelsi 1939 senesi avgust 23 k\u00fcn\u00fc Moskvada eki totalitar devlet \u2013 kommunistik SSSR ve fa\u015fist Almaniya aras\u0131nda &#8220;Ribbentrop-Molotov pakt\u0131&#8221; diye adland\u0131r\u0131l\u011fan a\u00f1la\u015fma ve muqaveleler imzalanmas\u0131nen insaniyet Ekinci d\u00fcnya cenki i\u00e7ine \u00e7ekildi. Millionlarnen insan ve halq qurbanlar\u0131, olar\u011fa nisbeten yoq et\u00fcv devlet siyaseti qullan\u0131l\u011fan\u0131, &#8211; fa\u015fist Almaniyas\u0131 ve kommunist SSSR totalitar rejimleri cinayetini\u00f1 aqibetidir. [&hellip;]<\/p>\n","protected":false},"author":1,"featured_media":38974,"comment_status":"open","ping_status":"open","sticky":false,"template":"","format":"standard","meta":{"inline_featured_image":false,"footnotes":""},"categories":[265],"tags":[],"class_list":["post-38973","post","type-post","status-publish","format-standard","has-post-thumbnail","hentry","category-haberler"],"acf":[],"yoast_head":"<!-- This site is optimized with the Yoast SEO plugin v27.4 - https:\/\/yoast.com\/product\/yoast-seo-wordpress\/ -->\n<title>Umumavropa stalinizm ve natsizm qurbanlar\u0131 hat\u0131ras\u0131 k\u00fcn\u00fcne ba\u011f\u0131\u015flan\u011fan k\u00fctleviy s\u00fcrg\u00fcnlik ve qatller qurbanlar\u0131n\u0131\u00f1 hat\u0131ras\u0131n\u0131 saqlamaq i\u00e7\u00fcn ke\u00e7irilgen B\u00fct\u00fcnq\u0131r\u0131m informatsion piketni\u00f1 QARARI - \u041c\u0435\u0434\u0436\u043b\u0456\u0441<\/title>\n<meta name=\"robots\" content=\"index, follow, max-snippet:-1, max-image-preview:large, max-video-preview:-1\" \/>\n<link rel=\"canonical\" href=\"https:\/\/qtmm.org\/qt\/umumavropa-stalinizm-ve-natsizm-qurbanlari-hatirasi-kunune-bagislangan-kutleviy-surgunlik-ve-qatller-qurbanlarinin-hatirasini-saqlamaq-icun-kecirilgen-butunqirim-informatsion-piketnin-qarari\/\" \/>\n<meta property=\"og:locale\" content=\"en_US\" \/>\n<meta property=\"og:type\" content=\"article\" \/>\n<meta property=\"og:title\" content=\"Umumavropa stalinizm ve natsizm qurbanlar\u0131 hat\u0131ras\u0131 k\u00fcn\u00fcne ba\u011f\u0131\u015flan\u011fan k\u00fctleviy s\u00fcrg\u00fcnlik ve qatller qurbanlar\u0131n\u0131\u00f1 hat\u0131ras\u0131n\u0131 saqlamaq i\u00e7\u00fcn ke\u00e7irilgen B\u00fct\u00fcnq\u0131r\u0131m informatsion piketni\u00f1 QARARI - \u041c\u0435\u0434\u0436\u043b\u0456\u0441\" \/>\n<meta property=\"og:description\" content=\"74 y\u0131l evelsi 1939 senesi avgust 23 k\u00fcn\u00fc Moskvada eki totalitar devlet \u2013 kommunistik SSSR ve fa\u015fist Almaniya aras\u0131nda &#8220;Ribbentrop-Molotov pakt\u0131&#8221; diye adland\u0131r\u0131l\u011fan a\u00f1la\u015fma ve muqaveleler imzalanmas\u0131nen insaniyet Ekinci d\u00fcnya cenki i\u00e7ine \u00e7ekildi. Millionlarnen insan ve halq qurbanlar\u0131, olar\u011fa nisbeten yoq et\u00fcv devlet siyaseti qullan\u0131l\u011fan\u0131, &#8211; fa\u015fist Almaniyas\u0131 ve kommunist SSSR totalitar rejimleri cinayetini\u00f1 aqibetidir. [&hellip;]\" \/>\n<meta property=\"og:url\" content=\"https:\/\/qtmm.org\/qt\/umumavropa-stalinizm-ve-natsizm-qurbanlari-hatirasi-kunune-bagislangan-kutleviy-surgunlik-ve-qatller-qurbanlarinin-hatirasini-saqlamaq-icun-kecirilgen-butunqirim-informatsion-piketnin-qarari\/\" \/>\n<meta property=\"og:site_name\" content=\"\u041c\u0435\u0434\u0436\u043b\u0456\u0441\" \/>\n<meta property=\"article:publisher\" content=\"https:\/\/www.facebook.com\/qtmm.info\/\" \/>\n<meta property=\"article:published_time\" content=\"2013-08-23T13:19:00+00:00\" \/>\n<meta property=\"article:modified_time\" content=\"2022-01-25T13:20:17+00:00\" \/>\n<meta property=\"og:image\" content=\"https:\/\/qtmm.org\/wp-content\/uploads\/2022\/01\/img_4438.jpeg\" \/>\n\t<meta property=\"og:image:width\" content=\"650\" \/>\n\t<meta property=\"og:image:height\" content=\"492\" \/>\n\t<meta property=\"og:image:type\" content=\"image\/jpeg\" \/>\n<meta name=\"author\" content=\"Developer\" \/>\n<meta name=\"twitter:card\" content=\"summary_large_image\" \/>\n<meta name=\"twitter:label1\" content=\"Written by\" \/>\n\t<meta name=\"twitter:data1\" content=\"Developer\" \/>\n\t<meta name=\"twitter:label2\" content=\"Est. reading time\" \/>\n\t<meta name=\"twitter:data2\" content=\"3 minutes\" \/>\n<script type=\"application\/ld+json\" class=\"yoast-schema-graph\">{\"@context\":\"https:\\\/\\\/schema.org\",\"@graph\":[{\"@type\":\"Article\",\"@id\":\"https:\\\/\\\/qtmm.org\\\/qt\\\/umumavropa-stalinizm-ve-natsizm-qurbanlari-hatirasi-kunune-bagislangan-kutleviy-surgunlik-ve-qatller-qurbanlarinin-hatirasini-saqlamaq-icun-kecirilgen-butunqirim-informatsion-piketnin-qarari\\\/#article\",\"isPartOf\":{\"@id\":\"https:\\\/\\\/qtmm.org\\\/qt\\\/umumavropa-stalinizm-ve-natsizm-qurbanlari-hatirasi-kunune-bagislangan-kutleviy-surgunlik-ve-qatller-qurbanlarinin-hatirasini-saqlamaq-icun-kecirilgen-butunqirim-informatsion-piketnin-qarari\\\/\"},\"author\":{\"name\":\"Developer\",\"@id\":\"https:\\\/\\\/qtmm.org\\\/qt\\\/#\\\/schema\\\/person\\\/de562469f971dec226ac06e60bbf74a7\"},\"headline\":\"Umumavropa stalinizm ve natsizm qurbanlar\u0131 hat\u0131ras\u0131 k\u00fcn\u00fcne ba\u011f\u0131\u015flan\u011fan k\u00fctleviy s\u00fcrg\u00fcnlik ve qatller qurbanlar\u0131n\u0131\u00f1 hat\u0131ras\u0131n\u0131 saqlamaq i\u00e7\u00fcn ke\u00e7irilgen B\u00fct\u00fcnq\u0131r\u0131m informatsion piketni\u00f1 QARARI\",\"datePublished\":\"2013-08-23T13:19:00+00:00\",\"dateModified\":\"2022-01-25T13:20:17+00:00\",\"mainEntityOfPage\":{\"@id\":\"https:\\\/\\\/qtmm.org\\\/qt\\\/umumavropa-stalinizm-ve-natsizm-qurbanlari-hatirasi-kunune-bagislangan-kutleviy-surgunlik-ve-qatller-qurbanlarinin-hatirasini-saqlamaq-icun-kecirilgen-butunqirim-informatsion-piketnin-qarari\\\/\"},\"wordCount\":607,\"commentCount\":0,\"publisher\":{\"@id\":\"https:\\\/\\\/qtmm.org\\\/qt\\\/#organization\"},\"image\":{\"@id\":\"https:\\\/\\\/qtmm.org\\\/qt\\\/umumavropa-stalinizm-ve-natsizm-qurbanlari-hatirasi-kunune-bagislangan-kutleviy-surgunlik-ve-qatller-qurbanlarinin-hatirasini-saqlamaq-icun-kecirilgen-butunqirim-informatsion-piketnin-qarari\\\/#primaryimage\"},\"thumbnailUrl\":\"https:\\\/\\\/qtmm.org\\\/wp-content\\\/uploads\\\/2022\\\/01\\\/img_4438.jpeg\",\"articleSection\":[\"Haberler\"],\"inLanguage\":\"qt\",\"potentialAction\":[{\"@type\":\"CommentAction\",\"name\":\"Comment\",\"target\":[\"https:\\\/\\\/qtmm.org\\\/qt\\\/umumavropa-stalinizm-ve-natsizm-qurbanlari-hatirasi-kunune-bagislangan-kutleviy-surgunlik-ve-qatller-qurbanlarinin-hatirasini-saqlamaq-icun-kecirilgen-butunqirim-informatsion-piketnin-qarari\\\/#respond\"]}]},{\"@type\":\"WebPage\",\"@id\":\"https:\\\/\\\/qtmm.org\\\/qt\\\/umumavropa-stalinizm-ve-natsizm-qurbanlari-hatirasi-kunune-bagislangan-kutleviy-surgunlik-ve-qatller-qurbanlarinin-hatirasini-saqlamaq-icun-kecirilgen-butunqirim-informatsion-piketnin-qarari\\\/\",\"url\":\"https:\\\/\\\/qtmm.org\\\/qt\\\/umumavropa-stalinizm-ve-natsizm-qurbanlari-hatirasi-kunune-bagislangan-kutleviy-surgunlik-ve-qatller-qurbanlarinin-hatirasini-saqlamaq-icun-kecirilgen-butunqirim-informatsion-piketnin-qarari\\\/\",\"name\":\"Umumavropa stalinizm ve natsizm qurbanlar\u0131 hat\u0131ras\u0131 k\u00fcn\u00fcne ba\u011f\u0131\u015flan\u011fan k\u00fctleviy s\u00fcrg\u00fcnlik ve qatller qurbanlar\u0131n\u0131\u00f1 hat\u0131ras\u0131n\u0131 saqlamaq i\u00e7\u00fcn ke\u00e7irilgen B\u00fct\u00fcnq\u0131r\u0131m informatsion piketni\u00f1 QARARI - \u041c\u0435\u0434\u0436\u043b\u0456\u0441\",\"isPartOf\":{\"@id\":\"https:\\\/\\\/qtmm.org\\\/qt\\\/#website\"},\"primaryImageOfPage\":{\"@id\":\"https:\\\/\\\/qtmm.org\\\/qt\\\/umumavropa-stalinizm-ve-natsizm-qurbanlari-hatirasi-kunune-bagislangan-kutleviy-surgunlik-ve-qatller-qurbanlarinin-hatirasini-saqlamaq-icun-kecirilgen-butunqirim-informatsion-piketnin-qarari\\\/#primaryimage\"},\"image\":{\"@id\":\"https:\\\/\\\/qtmm.org\\\/qt\\\/umumavropa-stalinizm-ve-natsizm-qurbanlari-hatirasi-kunune-bagislangan-kutleviy-surgunlik-ve-qatller-qurbanlarinin-hatirasini-saqlamaq-icun-kecirilgen-butunqirim-informatsion-piketnin-qarari\\\/#primaryimage\"},\"thumbnailUrl\":\"https:\\\/\\\/qtmm.org\\\/wp-content\\\/uploads\\\/2022\\\/01\\\/img_4438.jpeg\",\"datePublished\":\"2013-08-23T13:19:00+00:00\",\"dateModified\":\"2022-01-25T13:20:17+00:00\",\"breadcrumb\":{\"@id\":\"https:\\\/\\\/qtmm.org\\\/qt\\\/umumavropa-stalinizm-ve-natsizm-qurbanlari-hatirasi-kunune-bagislangan-kutleviy-surgunlik-ve-qatller-qurbanlarinin-hatirasini-saqlamaq-icun-kecirilgen-butunqirim-informatsion-piketnin-qarari\\\/#breadcrumb\"},\"inLanguage\":\"qt\",\"potentialAction\":[{\"@type\":\"ReadAction\",\"target\":[\"https:\\\/\\\/qtmm.org\\\/qt\\\/umumavropa-stalinizm-ve-natsizm-qurbanlari-hatirasi-kunune-bagislangan-kutleviy-surgunlik-ve-qatller-qurbanlarinin-hatirasini-saqlamaq-icun-kecirilgen-butunqirim-informatsion-piketnin-qarari\\\/\"]}]},{\"@type\":\"ImageObject\",\"inLanguage\":\"qt\",\"@id\":\"https:\\\/\\\/qtmm.org\\\/qt\\\/umumavropa-stalinizm-ve-natsizm-qurbanlari-hatirasi-kunune-bagislangan-kutleviy-surgunlik-ve-qatller-qurbanlarinin-hatirasini-saqlamaq-icun-kecirilgen-butunqirim-informatsion-piketnin-qarari\\\/#primaryimage\",\"url\":\"https:\\\/\\\/qtmm.org\\\/wp-content\\\/uploads\\\/2022\\\/01\\\/img_4438.jpeg\",\"contentUrl\":\"https:\\\/\\\/qtmm.org\\\/wp-content\\\/uploads\\\/2022\\\/01\\\/img_4438.jpeg\",\"width\":650,\"height\":492},{\"@type\":\"BreadcrumbList\",\"@id\":\"https:\\\/\\\/qtmm.org\\\/qt\\\/umumavropa-stalinizm-ve-natsizm-qurbanlari-hatirasi-kunune-bagislangan-kutleviy-surgunlik-ve-qatller-qurbanlarinin-hatirasini-saqlamaq-icun-kecirilgen-butunqirim-informatsion-piketnin-qarari\\\/#breadcrumb\",\"itemListElement\":[{\"@type\":\"ListItem\",\"position\":1,\"name\":\"\u0413\u043e\u043b\u043e\u0432\u043d\u0430\",\"item\":\"https:\\\/\\\/qtmm.org\\\/qt\\\/\"},{\"@type\":\"ListItem\",\"position\":2,\"name\":\"Umumavropa stalinizm ve natsizm qurbanlar\u0131 hat\u0131ras\u0131 k\u00fcn\u00fcne ba\u011f\u0131\u015flan\u011fan k\u00fctleviy s\u00fcrg\u00fcnlik ve qatller qurbanlar\u0131n\u0131\u00f1 hat\u0131ras\u0131n\u0131 saqlamaq i\u00e7\u00fcn ke\u00e7irilgen B\u00fct\u00fcnq\u0131r\u0131m informatsion piketni\u00f1 QARARI\"}]},{\"@type\":\"WebSite\",\"@id\":\"https:\\\/\\\/qtmm.org\\\/qt\\\/#website\",\"url\":\"https:\\\/\\\/qtmm.org\\\/qt\\\/\",\"name\":\"\u041c\u0435\u0434\u0436\u043b\u0456\u0441\",\"description\":\"\",\"publisher\":{\"@id\":\"https:\\\/\\\/qtmm.org\\\/qt\\\/#organization\"},\"potentialAction\":[{\"@type\":\"SearchAction\",\"target\":{\"@type\":\"EntryPoint\",\"urlTemplate\":\"https:\\\/\\\/qtmm.org\\\/qt\\\/?s={search_term_string}\"},\"query-input\":{\"@type\":\"PropertyValueSpecification\",\"valueRequired\":true,\"valueName\":\"search_term_string\"}}],\"inLanguage\":\"qt\"},{\"@type\":\"Organization\",\"@id\":\"https:\\\/\\\/qtmm.org\\\/qt\\\/#organization\",\"name\":\"\u041c\u0435\u0434\u0436\u043b\u0456\u0441\",\"url\":\"https:\\\/\\\/qtmm.org\\\/qt\\\/\",\"logo\":{\"@type\":\"ImageObject\",\"inLanguage\":\"qt\",\"@id\":\"https:\\\/\\\/qtmm.org\\\/qt\\\/#\\\/schema\\\/logo\\\/image\\\/\",\"url\":\"https:\\\/\\\/qtmm.org\\\/wp-content\\\/uploads\\\/2024\\\/12\\\/ua-mejlis-logo-rgb.svg\",\"contentUrl\":\"https:\\\/\\\/qtmm.org\\\/wp-content\\\/uploads\\\/2024\\\/12\\\/ua-mejlis-logo-rgb.svg\",\"caption\":\"\u041c\u0435\u0434\u0436\u043b\u0456\u0441\"},\"image\":{\"@id\":\"https:\\\/\\\/qtmm.org\\\/qt\\\/#\\\/schema\\\/logo\\\/image\\\/\"},\"sameAs\":[\"https:\\\/\\\/www.facebook.com\\\/qtmm.info\\\/\"]},{\"@type\":\"Person\",\"@id\":\"https:\\\/\\\/qtmm.org\\\/qt\\\/#\\\/schema\\\/person\\\/de562469f971dec226ac06e60bbf74a7\",\"name\":\"Developer\",\"image\":{\"@type\":\"ImageObject\",\"inLanguage\":\"qt\",\"@id\":\"https:\\\/\\\/secure.gravatar.com\\\/avatar\\\/392b4cc8fbfeb00b39dfeeab4ee6edded39ffd48e25858637e4765810300227e?s=96&d=mm&r=g\",\"url\":\"https:\\\/\\\/secure.gravatar.com\\\/avatar\\\/392b4cc8fbfeb00b39dfeeab4ee6edded39ffd48e25858637e4765810300227e?s=96&d=mm&r=g\",\"contentUrl\":\"https:\\\/\\\/secure.gravatar.com\\\/avatar\\\/392b4cc8fbfeb00b39dfeeab4ee6edded39ffd48e25858637e4765810300227e?s=96&d=mm&r=g\",\"caption\":\"Developer\"},\"url\":\"https:\\\/\\\/qtmm.org\\\/qt\\\/author\\\/Developer\\\/\"}]}<\/script>\n<!-- \/ Yoast SEO plugin. -->","yoast_head_json":{"title":"Umumavropa stalinizm ve natsizm qurbanlar\u0131 hat\u0131ras\u0131 k\u00fcn\u00fcne ba\u011f\u0131\u015flan\u011fan k\u00fctleviy s\u00fcrg\u00fcnlik ve qatller qurbanlar\u0131n\u0131\u00f1 hat\u0131ras\u0131n\u0131 saqlamaq i\u00e7\u00fcn ke\u00e7irilgen B\u00fct\u00fcnq\u0131r\u0131m informatsion piketni\u00f1 QARARI - \u041c\u0435\u0434\u0436\u043b\u0456\u0441","robots":{"index":"index","follow":"follow","max-snippet":"max-snippet:-1","max-image-preview":"max-image-preview:large","max-video-preview":"max-video-preview:-1"},"canonical":"https:\/\/qtmm.org\/qt\/umumavropa-stalinizm-ve-natsizm-qurbanlari-hatirasi-kunune-bagislangan-kutleviy-surgunlik-ve-qatller-qurbanlarinin-hatirasini-saqlamaq-icun-kecirilgen-butunqirim-informatsion-piketnin-qarari\/","og_locale":"en_US","og_type":"article","og_title":"Umumavropa stalinizm ve natsizm qurbanlar\u0131 hat\u0131ras\u0131 k\u00fcn\u00fcne ba\u011f\u0131\u015flan\u011fan k\u00fctleviy s\u00fcrg\u00fcnlik ve qatller qurbanlar\u0131n\u0131\u00f1 hat\u0131ras\u0131n\u0131 saqlamaq i\u00e7\u00fcn ke\u00e7irilgen B\u00fct\u00fcnq\u0131r\u0131m informatsion piketni\u00f1 QARARI - \u041c\u0435\u0434\u0436\u043b\u0456\u0441","og_description":"74 y\u0131l evelsi 1939 senesi avgust 23 k\u00fcn\u00fc Moskvada eki totalitar devlet \u2013 kommunistik SSSR ve fa\u015fist Almaniya aras\u0131nda &#8220;Ribbentrop-Molotov pakt\u0131&#8221; diye adland\u0131r\u0131l\u011fan a\u00f1la\u015fma ve muqaveleler imzalanmas\u0131nen insaniyet Ekinci d\u00fcnya cenki i\u00e7ine \u00e7ekildi. Millionlarnen insan ve halq qurbanlar\u0131, olar\u011fa nisbeten yoq et\u00fcv devlet siyaseti qullan\u0131l\u011fan\u0131, &#8211; fa\u015fist Almaniyas\u0131 ve kommunist SSSR totalitar rejimleri cinayetini\u00f1 aqibetidir. [&hellip;]","og_url":"https:\/\/qtmm.org\/qt\/umumavropa-stalinizm-ve-natsizm-qurbanlari-hatirasi-kunune-bagislangan-kutleviy-surgunlik-ve-qatller-qurbanlarinin-hatirasini-saqlamaq-icun-kecirilgen-butunqirim-informatsion-piketnin-qarari\/","og_site_name":"\u041c\u0435\u0434\u0436\u043b\u0456\u0441","article_publisher":"https:\/\/www.facebook.com\/qtmm.info\/","article_published_time":"2013-08-23T13:19:00+00:00","article_modified_time":"2022-01-25T13:20:17+00:00","og_image":[{"width":650,"height":492,"url":"https:\/\/qtmm.org\/wp-content\/uploads\/2022\/01\/img_4438.jpeg","type":"image\/jpeg"}],"author":"Developer","twitter_card":"summary_large_image","twitter_misc":{"Written by":"Developer","Est. reading time":"3 minutes"},"schema":{"@context":"https:\/\/schema.org","@graph":[{"@type":"Article","@id":"https:\/\/qtmm.org\/qt\/umumavropa-stalinizm-ve-natsizm-qurbanlari-hatirasi-kunune-bagislangan-kutleviy-surgunlik-ve-qatller-qurbanlarinin-hatirasini-saqlamaq-icun-kecirilgen-butunqirim-informatsion-piketnin-qarari\/#article","isPartOf":{"@id":"https:\/\/qtmm.org\/qt\/umumavropa-stalinizm-ve-natsizm-qurbanlari-hatirasi-kunune-bagislangan-kutleviy-surgunlik-ve-qatller-qurbanlarinin-hatirasini-saqlamaq-icun-kecirilgen-butunqirim-informatsion-piketnin-qarari\/"},"author":{"name":"Developer","@id":"https:\/\/qtmm.org\/qt\/#\/schema\/person\/de562469f971dec226ac06e60bbf74a7"},"headline":"Umumavropa stalinizm ve natsizm qurbanlar\u0131 hat\u0131ras\u0131 k\u00fcn\u00fcne ba\u011f\u0131\u015flan\u011fan k\u00fctleviy s\u00fcrg\u00fcnlik ve qatller qurbanlar\u0131n\u0131\u00f1 hat\u0131ras\u0131n\u0131 saqlamaq i\u00e7\u00fcn ke\u00e7irilgen B\u00fct\u00fcnq\u0131r\u0131m informatsion piketni\u00f1 QARARI","datePublished":"2013-08-23T13:19:00+00:00","dateModified":"2022-01-25T13:20:17+00:00","mainEntityOfPage":{"@id":"https:\/\/qtmm.org\/qt\/umumavropa-stalinizm-ve-natsizm-qurbanlari-hatirasi-kunune-bagislangan-kutleviy-surgunlik-ve-qatller-qurbanlarinin-hatirasini-saqlamaq-icun-kecirilgen-butunqirim-informatsion-piketnin-qarari\/"},"wordCount":607,"commentCount":0,"publisher":{"@id":"https:\/\/qtmm.org\/qt\/#organization"},"image":{"@id":"https:\/\/qtmm.org\/qt\/umumavropa-stalinizm-ve-natsizm-qurbanlari-hatirasi-kunune-bagislangan-kutleviy-surgunlik-ve-qatller-qurbanlarinin-hatirasini-saqlamaq-icun-kecirilgen-butunqirim-informatsion-piketnin-qarari\/#primaryimage"},"thumbnailUrl":"https:\/\/qtmm.org\/wp-content\/uploads\/2022\/01\/img_4438.jpeg","articleSection":["Haberler"],"inLanguage":"qt","potentialAction":[{"@type":"CommentAction","name":"Comment","target":["https:\/\/qtmm.org\/qt\/umumavropa-stalinizm-ve-natsizm-qurbanlari-hatirasi-kunune-bagislangan-kutleviy-surgunlik-ve-qatller-qurbanlarinin-hatirasini-saqlamaq-icun-kecirilgen-butunqirim-informatsion-piketnin-qarari\/#respond"]}]},{"@type":"WebPage","@id":"https:\/\/qtmm.org\/qt\/umumavropa-stalinizm-ve-natsizm-qurbanlari-hatirasi-kunune-bagislangan-kutleviy-surgunlik-ve-qatller-qurbanlarinin-hatirasini-saqlamaq-icun-kecirilgen-butunqirim-informatsion-piketnin-qarari\/","url":"https:\/\/qtmm.org\/qt\/umumavropa-stalinizm-ve-natsizm-qurbanlari-hatirasi-kunune-bagislangan-kutleviy-surgunlik-ve-qatller-qurbanlarinin-hatirasini-saqlamaq-icun-kecirilgen-butunqirim-informatsion-piketnin-qarari\/","name":"Umumavropa stalinizm ve natsizm qurbanlar\u0131 hat\u0131ras\u0131 k\u00fcn\u00fcne ba\u011f\u0131\u015flan\u011fan k\u00fctleviy s\u00fcrg\u00fcnlik ve qatller qurbanlar\u0131n\u0131\u00f1 hat\u0131ras\u0131n\u0131 saqlamaq i\u00e7\u00fcn ke\u00e7irilgen B\u00fct\u00fcnq\u0131r\u0131m informatsion piketni\u00f1 QARARI - \u041c\u0435\u0434\u0436\u043b\u0456\u0441","isPartOf":{"@id":"https:\/\/qtmm.org\/qt\/#website"},"primaryImageOfPage":{"@id":"https:\/\/qtmm.org\/qt\/umumavropa-stalinizm-ve-natsizm-qurbanlari-hatirasi-kunune-bagislangan-kutleviy-surgunlik-ve-qatller-qurbanlarinin-hatirasini-saqlamaq-icun-kecirilgen-butunqirim-informatsion-piketnin-qarari\/#primaryimage"},"image":{"@id":"https:\/\/qtmm.org\/qt\/umumavropa-stalinizm-ve-natsizm-qurbanlari-hatirasi-kunune-bagislangan-kutleviy-surgunlik-ve-qatller-qurbanlarinin-hatirasini-saqlamaq-icun-kecirilgen-butunqirim-informatsion-piketnin-qarari\/#primaryimage"},"thumbnailUrl":"https:\/\/qtmm.org\/wp-content\/uploads\/2022\/01\/img_4438.jpeg","datePublished":"2013-08-23T13:19:00+00:00","dateModified":"2022-01-25T13:20:17+00:00","breadcrumb":{"@id":"https:\/\/qtmm.org\/qt\/umumavropa-stalinizm-ve-natsizm-qurbanlari-hatirasi-kunune-bagislangan-kutleviy-surgunlik-ve-qatller-qurbanlarinin-hatirasini-saqlamaq-icun-kecirilgen-butunqirim-informatsion-piketnin-qarari\/#breadcrumb"},"inLanguage":"qt","potentialAction":[{"@type":"ReadAction","target":["https:\/\/qtmm.org\/qt\/umumavropa-stalinizm-ve-natsizm-qurbanlari-hatirasi-kunune-bagislangan-kutleviy-surgunlik-ve-qatller-qurbanlarinin-hatirasini-saqlamaq-icun-kecirilgen-butunqirim-informatsion-piketnin-qarari\/"]}]},{"@type":"ImageObject","inLanguage":"qt","@id":"https:\/\/qtmm.org\/qt\/umumavropa-stalinizm-ve-natsizm-qurbanlari-hatirasi-kunune-bagislangan-kutleviy-surgunlik-ve-qatller-qurbanlarinin-hatirasini-saqlamaq-icun-kecirilgen-butunqirim-informatsion-piketnin-qarari\/#primaryimage","url":"https:\/\/qtmm.org\/wp-content\/uploads\/2022\/01\/img_4438.jpeg","contentUrl":"https:\/\/qtmm.org\/wp-content\/uploads\/2022\/01\/img_4438.jpeg","width":650,"height":492},{"@type":"BreadcrumbList","@id":"https:\/\/qtmm.org\/qt\/umumavropa-stalinizm-ve-natsizm-qurbanlari-hatirasi-kunune-bagislangan-kutleviy-surgunlik-ve-qatller-qurbanlarinin-hatirasini-saqlamaq-icun-kecirilgen-butunqirim-informatsion-piketnin-qarari\/#breadcrumb","itemListElement":[{"@type":"ListItem","position":1,"name":"\u0413\u043e\u043b\u043e\u0432\u043d\u0430","item":"https:\/\/qtmm.org\/qt\/"},{"@type":"ListItem","position":2,"name":"Umumavropa stalinizm ve natsizm qurbanlar\u0131 hat\u0131ras\u0131 k\u00fcn\u00fcne ba\u011f\u0131\u015flan\u011fan k\u00fctleviy s\u00fcrg\u00fcnlik ve qatller qurbanlar\u0131n\u0131\u00f1 hat\u0131ras\u0131n\u0131 saqlamaq i\u00e7\u00fcn ke\u00e7irilgen B\u00fct\u00fcnq\u0131r\u0131m informatsion piketni\u00f1 QARARI"}]},{"@type":"WebSite","@id":"https:\/\/qtmm.org\/qt\/#website","url":"https:\/\/qtmm.org\/qt\/","name":"\u041c\u0435\u0434\u0436\u043b\u0456\u0441","description":"","publisher":{"@id":"https:\/\/qtmm.org\/qt\/#organization"},"potentialAction":[{"@type":"SearchAction","target":{"@type":"EntryPoint","urlTemplate":"https:\/\/qtmm.org\/qt\/?s={search_term_string}"},"query-input":{"@type":"PropertyValueSpecification","valueRequired":true,"valueName":"search_term_string"}}],"inLanguage":"qt"},{"@type":"Organization","@id":"https:\/\/qtmm.org\/qt\/#organization","name":"\u041c\u0435\u0434\u0436\u043b\u0456\u0441","url":"https:\/\/qtmm.org\/qt\/","logo":{"@type":"ImageObject","inLanguage":"qt","@id":"https:\/\/qtmm.org\/qt\/#\/schema\/logo\/image\/","url":"https:\/\/qtmm.org\/wp-content\/uploads\/2024\/12\/ua-mejlis-logo-rgb.svg","contentUrl":"https:\/\/qtmm.org\/wp-content\/uploads\/2024\/12\/ua-mejlis-logo-rgb.svg","caption":"\u041c\u0435\u0434\u0436\u043b\u0456\u0441"},"image":{"@id":"https:\/\/qtmm.org\/qt\/#\/schema\/logo\/image\/"},"sameAs":["https:\/\/www.facebook.com\/qtmm.info\/"]},{"@type":"Person","@id":"https:\/\/qtmm.org\/qt\/#\/schema\/person\/de562469f971dec226ac06e60bbf74a7","name":"Developer","image":{"@type":"ImageObject","inLanguage":"qt","@id":"https:\/\/secure.gravatar.com\/avatar\/392b4cc8fbfeb00b39dfeeab4ee6edded39ffd48e25858637e4765810300227e?s=96&d=mm&r=g","url":"https:\/\/secure.gravatar.com\/avatar\/392b4cc8fbfeb00b39dfeeab4ee6edded39ffd48e25858637e4765810300227e?s=96&d=mm&r=g","contentUrl":"https:\/\/secure.gravatar.com\/avatar\/392b4cc8fbfeb00b39dfeeab4ee6edded39ffd48e25858637e4765810300227e?s=96&d=mm&r=g","caption":"Developer"},"url":"https:\/\/qtmm.org\/qt\/author\/Developer\/"}]}},"_links":{"self":[{"href":"https:\/\/qtmm.org\/qt\/wp-json\/wp\/v2\/posts\/38973","targetHints":{"allow":["GET"]}}],"collection":[{"href":"https:\/\/qtmm.org\/qt\/wp-json\/wp\/v2\/posts"}],"about":[{"href":"https:\/\/qtmm.org\/qt\/wp-json\/wp\/v2\/types\/post"}],"author":[{"embeddable":true,"href":"https:\/\/qtmm.org\/qt\/wp-json\/wp\/v2\/users\/1"}],"replies":[{"embeddable":true,"href":"https:\/\/qtmm.org\/qt\/wp-json\/wp\/v2\/comments?post=38973"}],"version-history":[{"count":1,"href":"https:\/\/qtmm.org\/qt\/wp-json\/wp\/v2\/posts\/38973\/revisions"}],"predecessor-version":[{"id":38978,"href":"https:\/\/qtmm.org\/qt\/wp-json\/wp\/v2\/posts\/38973\/revisions\/38978"}],"wp:featuredmedia":[{"embeddable":true,"href":"https:\/\/qtmm.org\/qt\/wp-json\/wp\/v2\/media\/38974"}],"wp:attachment":[{"href":"https:\/\/qtmm.org\/qt\/wp-json\/wp\/v2\/media?parent=38973"}],"wp:term":[{"taxonomy":"category","embeddable":true,"href":"https:\/\/qtmm.org\/qt\/wp-json\/wp\/v2\/categories?post=38973"},{"taxonomy":"post_tag","embeddable":true,"href":"https:\/\/qtmm.org\/qt\/wp-json\/wp\/v2\/tags?post=38973"}],"curies":[{"name":"wp","href":"https:\/\/api.w.org\/{rel}","templated":true}]}}