




{"id":38935,"date":"2013-08-22T16:14:00","date_gmt":"2013-08-22T13:14:00","guid":{"rendered":"http:\/\/qtmm.org\/?p=38935"},"modified":"2022-01-25T16:17:02","modified_gmt":"2022-01-25T13:17:02","slug":"qirimtatar-studentleri-turkiye-cumhuriyeti-simaliy-qibriznin-en-yahsi-universitetinde-oquycaqlar","status":"publish","type":"post","link":"https:\/\/qtmm.org\/qt\/qirimtatar-studentleri-turkiye-cumhuriyeti-simaliy-qibriznin-en-yahsi-universitetinde-oquycaqlar\/","title":{"rendered":"Q\u0131r\u0131mtatar studentleri T\u00fcrkiye Cumhuriyeti \u015eimaliy Q\u0131br\u0131zn\u0131\u00f1 e\u00f1 yah\u015f\u0131 universitetinde oquycaqlar"},"content":{"rendered":"\n<p>2013 senesi avgust 22 k\u00fcn\u00fc Meclis ofisinde Milliy Meclis reisi Mustafa Cemilev ve Meclisni\u00f1 Tasil ve medeniyet idaresini\u00f1 ba\u015f\u0131, &#8220;Maarif\u00e7i&#8221; birle\u015fmesini\u00f1 reisi Safure Kacametova T\u00fcrkiye Cumhuriyeti \u015eimaliy Q\u0131br\u0131zn\u0131\u00f1 e\u00f1 yah\u015f\u0131 universitetinde oquma\u011fa ketecek studentlernen k\u00f6r\u00fc\u015ftiler. Q\u0131r\u0131mtatar ve ingliz tili boyunca s\u0131navlardan Sabriye Abdura\u015fitova, Erol Abdulcelilov, Dil\u00e2ra Samedinova ve Akim \u00dcmerov ke\u00e7tiler. Eki gen\u00e7 birinci kursqa qabul etildiler, ekisi ise Q\u0131br\u0131zda magistraturada oquvn\u0131 devam etecek.<\/p>\n\n\n\n<figure class=\"wp-block-image size-full\"><img loading=\"lazy\" decoding=\"async\" width=\"650\" height=\"367\" src=\"http:\/\/qtmm.org\/wp-content\/uploads\/2022\/01\/1_123.jpeg\" alt=\"\" class=\"wp-image-38936\" srcset=\"https:\/\/qtmm.org\/wp-content\/uploads\/2022\/01\/1_123.jpeg 650w, https:\/\/qtmm.org\/wp-content\/uploads\/2022\/01\/1_123-300x169.jpeg 300w\" sizes=\"auto, (max-width: 650px) 100vw, 650px\" \/><\/figure>\n\n\n\n<p>&#8220;2009 senesi Levk\u00f6\u015fe(Nikosiya) \u015feerinde bulun\u011fanda Meclis reisi Mustafa Cemilev ve Yaq\u0131n \u015earq universitetini\u00f1 rektor\u0131 Suat G\u00fcnsel imzala\u011fan a\u00f1la\u015fma\u011fa k\u00f6re er y\u0131l\u0131 bu universitette q\u0131r\u0131mtatar studentleri i\u00e7\u00fcn 3-4 yer ay\u0131r\u0131lacaq, &#8211; dedi Safure Kacametova. \u2013 Ebet, bu universitette oquv pek paal\u0131, amma universitet rektorl\u0131\u011f\u0131 q\u0131r\u0131mtatar studentleri i\u00e7\u00fcn em oquv, em ya\u015favn\u0131 bedava temin etti. \u015eimaliy Q\u0131br\u0131zdaki q\u0131r\u0131mtatar diasporas\u0131 ise diger masraflarn\u0131 boyunlar\u0131na ald\u0131lar. Bundan da \u011fayr\u0131 studentlerimiz er ay stipendiya alacaqlar&#8221;.<\/p>\n\n\n\n<figure class=\"wp-block-image size-full\"><img loading=\"lazy\" decoding=\"async\" width=\"650\" height=\"371\" src=\"http:\/\/qtmm.org\/wp-content\/uploads\/2022\/01\/5_50.jpeg\" alt=\"\" class=\"wp-image-38940\" srcset=\"https:\/\/qtmm.org\/wp-content\/uploads\/2022\/01\/5_50.jpeg 650w, https:\/\/qtmm.org\/wp-content\/uploads\/2022\/01\/5_50-300x171.jpeg 300w\" sizes=\"auto, (max-width: 650px) 100vw, 650px\" \/><\/figure>\n\n\n\n<p>Meclis reisi Mustafa Cemilev qayd etti ki, bu \u00f6demeli universitet ol\u0131p, oquv aqq\u0131 7-12 bi\u00f1 yevro civar\u0131ndad\u0131r. Dersler ingliz tilinde ke\u00e7e ve kelecekte studentler i\u00e7\u00fcn bu pek b\u00fcy\u00fck istiqballerni a\u00e7a. On\u0131\u00f1 aytqan\u0131na k\u00f6re Levk\u00f6\u015fede Meclis vekilleri bar ve olar studentlerge er angi zarur yard\u0131mda bulun\u0131rlar.<\/p>\n\n\n\n<figure class=\"wp-block-image size-full\"><img loading=\"lazy\" decoding=\"async\" width=\"650\" height=\"420\" src=\"http:\/\/qtmm.org\/wp-content\/uploads\/2022\/01\/6_36.jpeg\" alt=\"\" class=\"wp-image-38944\" srcset=\"https:\/\/qtmm.org\/wp-content\/uploads\/2022\/01\/6_36.jpeg 650w, https:\/\/qtmm.org\/wp-content\/uploads\/2022\/01\/6_36-300x194.jpeg 300w\" sizes=\"auto, (max-width: 650px) 100vw, 650px\" \/><\/figure>\n\n\n\n<figure class=\"wp-block-image size-full\"><img loading=\"lazy\" decoding=\"async\" width=\"650\" height=\"398\" src=\"http:\/\/qtmm.org\/wp-content\/uploads\/2022\/01\/7_16.jpeg\" alt=\"\" class=\"wp-image-38948\" srcset=\"https:\/\/qtmm.org\/wp-content\/uploads\/2022\/01\/7_16.jpeg 650w, https:\/\/qtmm.org\/wp-content\/uploads\/2022\/01\/7_16-300x184.jpeg 300w\" sizes=\"auto, (max-width: 650px) 100vw, 650px\" \/><\/figure>\n\n\n\n<figure class=\"wp-block-image size-full\"><img loading=\"lazy\" decoding=\"async\" width=\"650\" height=\"393\" src=\"http:\/\/qtmm.org\/wp-content\/uploads\/2022\/01\/8_14.jpeg\" alt=\"\" class=\"wp-image-38952\" srcset=\"https:\/\/qtmm.org\/wp-content\/uploads\/2022\/01\/8_14.jpeg 650w, https:\/\/qtmm.org\/wp-content\/uploads\/2022\/01\/8_14-300x181.jpeg 300w\" sizes=\"auto, (max-width: 650px) 100vw, 650px\" \/><\/figure>\n\n\n\n<p>So\u00f1ra Yaq\u0131n \u015earq universitetini\u00f1 mezun\u0131 Arz\u0131 Emirova yurt t\u0131\u015f\u0131nda tasil ve studentlik hayat teessuratlar\u0131nen payla\u015f\u0131p, studentler ve mezunlar ad\u0131ndan Mustafa Cemilev ve Safure Kacametova\u011fa \u00e7etelde oqumaq imk\u00e2n\u0131n\u0131 bergenleri i\u00e7\u00fcn te\u015fekk\u00fcr bildirdi. Oquma\u011fa kirgen studentlerge ise bu yard\u0131mn\u0131\u00f1 qadirini bilip, yah\u015f\u0131 oqumalar\u0131n\u0131 tevsiye etti.<\/p>\n\n\n\n<figure class=\"wp-block-image size-full\"><img loading=\"lazy\" decoding=\"async\" width=\"650\" height=\"355\" src=\"http:\/\/qtmm.org\/wp-content\/uploads\/2022\/01\/9_9.jpeg\" alt=\"\" class=\"wp-image-38956\" srcset=\"https:\/\/qtmm.org\/wp-content\/uploads\/2022\/01\/9_9.jpeg 650w, https:\/\/qtmm.org\/wp-content\/uploads\/2022\/01\/9_9-300x164.jpeg 300w\" sizes=\"auto, (max-width: 650px) 100vw, 650px\" \/><\/figure>\n\n\n\n<figure class=\"wp-block-image size-full\"><img loading=\"lazy\" decoding=\"async\" width=\"650\" height=\"400\" src=\"http:\/\/qtmm.org\/wp-content\/uploads\/2022\/01\/10_5.jpeg\" alt=\"\" class=\"wp-image-38960\" srcset=\"https:\/\/qtmm.org\/wp-content\/uploads\/2022\/01\/10_5.jpeg 650w, https:\/\/qtmm.org\/wp-content\/uploads\/2022\/01\/10_5-300x185.jpeg 300w\" sizes=\"auto, (max-width: 650px) 100vw, 650px\" \/><\/figure>\n\n\n\n<figure class=\"wp-block-image size-full\"><img loading=\"lazy\" decoding=\"async\" width=\"650\" height=\"386\" src=\"http:\/\/qtmm.org\/wp-content\/uploads\/2022\/01\/3_91.jpeg\" alt=\"\" class=\"wp-image-38964\" srcset=\"https:\/\/qtmm.org\/wp-content\/uploads\/2022\/01\/3_91.jpeg 650w, https:\/\/qtmm.org\/wp-content\/uploads\/2022\/01\/3_91-300x178.jpeg 300w\" sizes=\"auto, (max-width: 650px) 100vw, 650px\" \/><\/figure>\n\n\n\n<figure class=\"wp-block-image size-full\"><img loading=\"lazy\" decoding=\"async\" width=\"650\" height=\"354\" src=\"http:\/\/qtmm.org\/wp-content\/uploads\/2022\/01\/4_87.jpeg\" alt=\"\" class=\"wp-image-38968\" srcset=\"https:\/\/qtmm.org\/wp-content\/uploads\/2022\/01\/4_87.jpeg 650w, https:\/\/qtmm.org\/wp-content\/uploads\/2022\/01\/4_87-300x163.jpeg 300w\" sizes=\"auto, (max-width: 650px) 100vw, 650px\" \/><\/figure>\n","protected":false},"excerpt":{"rendered":"<p>2013 senesi avgust 22 k\u00fcn\u00fc Meclis ofisinde Milliy Meclis reisi Mustafa Cemilev ve Meclisni\u00f1 Tasil ve medeniyet idaresini\u00f1 ba\u015f\u0131, &#8220;Maarif\u00e7i&#8221; birle\u015fmesini\u00f1 reisi Safure Kacametova T\u00fcrkiye Cumhuriyeti \u015eimaliy Q\u0131br\u0131zn\u0131\u00f1 e\u00f1 yah\u015f\u0131 universitetinde oquma\u011fa ketecek studentlernen k\u00f6r\u00fc\u015ftiler. Q\u0131r\u0131mtatar ve ingliz tili boyunca s\u0131navlardan Sabriye Abdura\u015fitova, Erol Abdulcelilov, Dil\u00e2ra Samedinova ve Akim \u00dcmerov ke\u00e7tiler. Eki gen\u00e7 birinci kursqa [&hellip;]<\/p>\n","protected":false},"author":1,"featured_media":0,"comment_status":"open","ping_status":"open","sticky":false,"template":"","format":"standard","meta":{"inline_featured_image":false,"footnotes":""},"categories":[265],"tags":[],"class_list":["post-38935","post","type-post","status-publish","format-standard","hentry","category-haberler"],"acf":[],"yoast_head":"<!-- This site is optimized with the Yoast SEO plugin v27.4 - https:\/\/yoast.com\/product\/yoast-seo-wordpress\/ -->\n<title>Q\u0131r\u0131mtatar studentleri T\u00fcrkiye Cumhuriyeti \u015eimaliy Q\u0131br\u0131zn\u0131\u00f1 e\u00f1 yah\u015f\u0131 universitetinde oquycaqlar - \u041c\u0435\u0434\u0436\u043b\u0456\u0441<\/title>\n<meta name=\"robots\" content=\"index, follow, max-snippet:-1, max-image-preview:large, max-video-preview:-1\" \/>\n<link rel=\"canonical\" href=\"https:\/\/qtmm.org\/qt\/qirimtatar-studentleri-turkiye-cumhuriyeti-simaliy-qibriznin-en-yahsi-universitetinde-oquycaqlar\/\" \/>\n<meta property=\"og:locale\" content=\"en_US\" \/>\n<meta property=\"og:type\" content=\"article\" \/>\n<meta property=\"og:title\" content=\"Q\u0131r\u0131mtatar studentleri T\u00fcrkiye Cumhuriyeti \u015eimaliy Q\u0131br\u0131zn\u0131\u00f1 e\u00f1 yah\u015f\u0131 universitetinde oquycaqlar - \u041c\u0435\u0434\u0436\u043b\u0456\u0441\" \/>\n<meta property=\"og:description\" content=\"2013 senesi avgust 22 k\u00fcn\u00fc Meclis ofisinde Milliy Meclis reisi Mustafa Cemilev ve Meclisni\u00f1 Tasil ve medeniyet idaresini\u00f1 ba\u015f\u0131, &#8220;Maarif\u00e7i&#8221; birle\u015fmesini\u00f1 reisi Safure Kacametova T\u00fcrkiye Cumhuriyeti \u015eimaliy Q\u0131br\u0131zn\u0131\u00f1 e\u00f1 yah\u015f\u0131 universitetinde oquma\u011fa ketecek studentlernen k\u00f6r\u00fc\u015ftiler. Q\u0131r\u0131mtatar ve ingliz tili boyunca s\u0131navlardan Sabriye Abdura\u015fitova, Erol Abdulcelilov, Dil\u00e2ra Samedinova ve Akim \u00dcmerov ke\u00e7tiler. Eki gen\u00e7 birinci kursqa [&hellip;]\" \/>\n<meta property=\"og:url\" content=\"https:\/\/qtmm.org\/qt\/qirimtatar-studentleri-turkiye-cumhuriyeti-simaliy-qibriznin-en-yahsi-universitetinde-oquycaqlar\/\" \/>\n<meta property=\"og:site_name\" content=\"\u041c\u0435\u0434\u0436\u043b\u0456\u0441\" \/>\n<meta property=\"article:publisher\" content=\"https:\/\/www.facebook.com\/qtmm.info\/\" \/>\n<meta property=\"article:published_time\" content=\"2013-08-22T13:14:00+00:00\" \/>\n<meta property=\"article:modified_time\" content=\"2022-01-25T13:17:02+00:00\" \/>\n<meta property=\"og:image\" content=\"https:\/\/qtmm.org\/wp-content\/uploads\/2022\/01\/1_123.jpeg\" \/>\n\t<meta property=\"og:image:width\" content=\"650\" \/>\n\t<meta property=\"og:image:height\" content=\"367\" \/>\n\t<meta property=\"og:image:type\" content=\"image\/jpeg\" \/>\n<meta name=\"author\" content=\"Developer\" \/>\n<meta name=\"twitter:card\" content=\"summary_large_image\" \/>\n<meta name=\"twitter:label1\" content=\"Written by\" \/>\n\t<meta name=\"twitter:data1\" content=\"Developer\" \/>\n\t<meta name=\"twitter:label2\" content=\"Est. reading time\" \/>\n\t<meta name=\"twitter:data2\" content=\"1 minute\" \/>\n<script type=\"application\/ld+json\" class=\"yoast-schema-graph\">{\"@context\":\"https:\\\/\\\/schema.org\",\"@graph\":[{\"@type\":\"Article\",\"@id\":\"https:\\\/\\\/qtmm.org\\\/qt\\\/qirimtatar-studentleri-turkiye-cumhuriyeti-simaliy-qibriznin-en-yahsi-universitetinde-oquycaqlar\\\/#article\",\"isPartOf\":{\"@id\":\"https:\\\/\\\/qtmm.org\\\/qt\\\/qirimtatar-studentleri-turkiye-cumhuriyeti-simaliy-qibriznin-en-yahsi-universitetinde-oquycaqlar\\\/\"},\"author\":{\"name\":\"Developer\",\"@id\":\"https:\\\/\\\/qtmm.org\\\/qt\\\/#\\\/schema\\\/person\\\/de562469f971dec226ac06e60bbf74a7\"},\"headline\":\"Q\u0131r\u0131mtatar studentleri T\u00fcrkiye Cumhuriyeti \u015eimaliy Q\u0131br\u0131zn\u0131\u00f1 e\u00f1 yah\u015f\u0131 universitetinde oquycaqlar\",\"datePublished\":\"2013-08-22T13:14:00+00:00\",\"dateModified\":\"2022-01-25T13:17:02+00:00\",\"mainEntityOfPage\":{\"@id\":\"https:\\\/\\\/qtmm.org\\\/qt\\\/qirimtatar-studentleri-turkiye-cumhuriyeti-simaliy-qibriznin-en-yahsi-universitetinde-oquycaqlar\\\/\"},\"wordCount\":304,\"commentCount\":0,\"publisher\":{\"@id\":\"https:\\\/\\\/qtmm.org\\\/qt\\\/#organization\"},\"image\":{\"@id\":\"https:\\\/\\\/qtmm.org\\\/qt\\\/qirimtatar-studentleri-turkiye-cumhuriyeti-simaliy-qibriznin-en-yahsi-universitetinde-oquycaqlar\\\/#primaryimage\"},\"thumbnailUrl\":\"http:\\\/\\\/qtmm.org\\\/wp-content\\\/uploads\\\/2022\\\/01\\\/1_123.jpeg\",\"articleSection\":[\"Haberler\"],\"inLanguage\":\"qt\",\"potentialAction\":[{\"@type\":\"CommentAction\",\"name\":\"Comment\",\"target\":[\"https:\\\/\\\/qtmm.org\\\/qt\\\/qirimtatar-studentleri-turkiye-cumhuriyeti-simaliy-qibriznin-en-yahsi-universitetinde-oquycaqlar\\\/#respond\"]}]},{\"@type\":\"WebPage\",\"@id\":\"https:\\\/\\\/qtmm.org\\\/qt\\\/qirimtatar-studentleri-turkiye-cumhuriyeti-simaliy-qibriznin-en-yahsi-universitetinde-oquycaqlar\\\/\",\"url\":\"https:\\\/\\\/qtmm.org\\\/qt\\\/qirimtatar-studentleri-turkiye-cumhuriyeti-simaliy-qibriznin-en-yahsi-universitetinde-oquycaqlar\\\/\",\"name\":\"Q\u0131r\u0131mtatar studentleri T\u00fcrkiye Cumhuriyeti \u015eimaliy Q\u0131br\u0131zn\u0131\u00f1 e\u00f1 yah\u015f\u0131 universitetinde oquycaqlar - \u041c\u0435\u0434\u0436\u043b\u0456\u0441\",\"isPartOf\":{\"@id\":\"https:\\\/\\\/qtmm.org\\\/qt\\\/#website\"},\"primaryImageOfPage\":{\"@id\":\"https:\\\/\\\/qtmm.org\\\/qt\\\/qirimtatar-studentleri-turkiye-cumhuriyeti-simaliy-qibriznin-en-yahsi-universitetinde-oquycaqlar\\\/#primaryimage\"},\"image\":{\"@id\":\"https:\\\/\\\/qtmm.org\\\/qt\\\/qirimtatar-studentleri-turkiye-cumhuriyeti-simaliy-qibriznin-en-yahsi-universitetinde-oquycaqlar\\\/#primaryimage\"},\"thumbnailUrl\":\"http:\\\/\\\/qtmm.org\\\/wp-content\\\/uploads\\\/2022\\\/01\\\/1_123.jpeg\",\"datePublished\":\"2013-08-22T13:14:00+00:00\",\"dateModified\":\"2022-01-25T13:17:02+00:00\",\"breadcrumb\":{\"@id\":\"https:\\\/\\\/qtmm.org\\\/qt\\\/qirimtatar-studentleri-turkiye-cumhuriyeti-simaliy-qibriznin-en-yahsi-universitetinde-oquycaqlar\\\/#breadcrumb\"},\"inLanguage\":\"qt\",\"potentialAction\":[{\"@type\":\"ReadAction\",\"target\":[\"https:\\\/\\\/qtmm.org\\\/qt\\\/qirimtatar-studentleri-turkiye-cumhuriyeti-simaliy-qibriznin-en-yahsi-universitetinde-oquycaqlar\\\/\"]}]},{\"@type\":\"ImageObject\",\"inLanguage\":\"qt\",\"@id\":\"https:\\\/\\\/qtmm.org\\\/qt\\\/qirimtatar-studentleri-turkiye-cumhuriyeti-simaliy-qibriznin-en-yahsi-universitetinde-oquycaqlar\\\/#primaryimage\",\"url\":\"http:\\\/\\\/qtmm.org\\\/wp-content\\\/uploads\\\/2022\\\/01\\\/1_123.jpeg\",\"contentUrl\":\"http:\\\/\\\/qtmm.org\\\/wp-content\\\/uploads\\\/2022\\\/01\\\/1_123.jpeg\"},{\"@type\":\"BreadcrumbList\",\"@id\":\"https:\\\/\\\/qtmm.org\\\/qt\\\/qirimtatar-studentleri-turkiye-cumhuriyeti-simaliy-qibriznin-en-yahsi-universitetinde-oquycaqlar\\\/#breadcrumb\",\"itemListElement\":[{\"@type\":\"ListItem\",\"position\":1,\"name\":\"\u0413\u043e\u043b\u043e\u0432\u043d\u0430\",\"item\":\"https:\\\/\\\/qtmm.org\\\/qt\\\/\"},{\"@type\":\"ListItem\",\"position\":2,\"name\":\"Q\u0131r\u0131mtatar studentleri T\u00fcrkiye Cumhuriyeti \u015eimaliy Q\u0131br\u0131zn\u0131\u00f1 e\u00f1 yah\u015f\u0131 universitetinde oquycaqlar\"}]},{\"@type\":\"WebSite\",\"@id\":\"https:\\\/\\\/qtmm.org\\\/qt\\\/#website\",\"url\":\"https:\\\/\\\/qtmm.org\\\/qt\\\/\",\"name\":\"\u041c\u0435\u0434\u0436\u043b\u0456\u0441\",\"description\":\"\",\"publisher\":{\"@id\":\"https:\\\/\\\/qtmm.org\\\/qt\\\/#organization\"},\"potentialAction\":[{\"@type\":\"SearchAction\",\"target\":{\"@type\":\"EntryPoint\",\"urlTemplate\":\"https:\\\/\\\/qtmm.org\\\/qt\\\/?s={search_term_string}\"},\"query-input\":{\"@type\":\"PropertyValueSpecification\",\"valueRequired\":true,\"valueName\":\"search_term_string\"}}],\"inLanguage\":\"qt\"},{\"@type\":\"Organization\",\"@id\":\"https:\\\/\\\/qtmm.org\\\/qt\\\/#organization\",\"name\":\"\u041c\u0435\u0434\u0436\u043b\u0456\u0441\",\"url\":\"https:\\\/\\\/qtmm.org\\\/qt\\\/\",\"logo\":{\"@type\":\"ImageObject\",\"inLanguage\":\"qt\",\"@id\":\"https:\\\/\\\/qtmm.org\\\/qt\\\/#\\\/schema\\\/logo\\\/image\\\/\",\"url\":\"https:\\\/\\\/qtmm.org\\\/wp-content\\\/uploads\\\/2024\\\/12\\\/ua-mejlis-logo-rgb.svg\",\"contentUrl\":\"https:\\\/\\\/qtmm.org\\\/wp-content\\\/uploads\\\/2024\\\/12\\\/ua-mejlis-logo-rgb.svg\",\"caption\":\"\u041c\u0435\u0434\u0436\u043b\u0456\u0441\"},\"image\":{\"@id\":\"https:\\\/\\\/qtmm.org\\\/qt\\\/#\\\/schema\\\/logo\\\/image\\\/\"},\"sameAs\":[\"https:\\\/\\\/www.facebook.com\\\/qtmm.info\\\/\"]},{\"@type\":\"Person\",\"@id\":\"https:\\\/\\\/qtmm.org\\\/qt\\\/#\\\/schema\\\/person\\\/de562469f971dec226ac06e60bbf74a7\",\"name\":\"Developer\",\"image\":{\"@type\":\"ImageObject\",\"inLanguage\":\"qt\",\"@id\":\"https:\\\/\\\/secure.gravatar.com\\\/avatar\\\/392b4cc8fbfeb00b39dfeeab4ee6edded39ffd48e25858637e4765810300227e?s=96&d=mm&r=g\",\"url\":\"https:\\\/\\\/secure.gravatar.com\\\/avatar\\\/392b4cc8fbfeb00b39dfeeab4ee6edded39ffd48e25858637e4765810300227e?s=96&d=mm&r=g\",\"contentUrl\":\"https:\\\/\\\/secure.gravatar.com\\\/avatar\\\/392b4cc8fbfeb00b39dfeeab4ee6edded39ffd48e25858637e4765810300227e?s=96&d=mm&r=g\",\"caption\":\"Developer\"},\"url\":\"https:\\\/\\\/qtmm.org\\\/qt\\\/author\\\/Developer\\\/\"}]}<\/script>\n<!-- \/ Yoast SEO plugin. -->","yoast_head_json":{"title":"Q\u0131r\u0131mtatar studentleri T\u00fcrkiye Cumhuriyeti \u015eimaliy Q\u0131br\u0131zn\u0131\u00f1 e\u00f1 yah\u015f\u0131 universitetinde oquycaqlar - \u041c\u0435\u0434\u0436\u043b\u0456\u0441","robots":{"index":"index","follow":"follow","max-snippet":"max-snippet:-1","max-image-preview":"max-image-preview:large","max-video-preview":"max-video-preview:-1"},"canonical":"https:\/\/qtmm.org\/qt\/qirimtatar-studentleri-turkiye-cumhuriyeti-simaliy-qibriznin-en-yahsi-universitetinde-oquycaqlar\/","og_locale":"en_US","og_type":"article","og_title":"Q\u0131r\u0131mtatar studentleri T\u00fcrkiye Cumhuriyeti \u015eimaliy Q\u0131br\u0131zn\u0131\u00f1 e\u00f1 yah\u015f\u0131 universitetinde oquycaqlar - \u041c\u0435\u0434\u0436\u043b\u0456\u0441","og_description":"2013 senesi avgust 22 k\u00fcn\u00fc Meclis ofisinde Milliy Meclis reisi Mustafa Cemilev ve Meclisni\u00f1 Tasil ve medeniyet idaresini\u00f1 ba\u015f\u0131, &#8220;Maarif\u00e7i&#8221; birle\u015fmesini\u00f1 reisi Safure Kacametova T\u00fcrkiye Cumhuriyeti \u015eimaliy Q\u0131br\u0131zn\u0131\u00f1 e\u00f1 yah\u015f\u0131 universitetinde oquma\u011fa ketecek studentlernen k\u00f6r\u00fc\u015ftiler. Q\u0131r\u0131mtatar ve ingliz tili boyunca s\u0131navlardan Sabriye Abdura\u015fitova, Erol Abdulcelilov, Dil\u00e2ra Samedinova ve Akim \u00dcmerov ke\u00e7tiler. Eki gen\u00e7 birinci kursqa [&hellip;]","og_url":"https:\/\/qtmm.org\/qt\/qirimtatar-studentleri-turkiye-cumhuriyeti-simaliy-qibriznin-en-yahsi-universitetinde-oquycaqlar\/","og_site_name":"\u041c\u0435\u0434\u0436\u043b\u0456\u0441","article_publisher":"https:\/\/www.facebook.com\/qtmm.info\/","article_published_time":"2013-08-22T13:14:00+00:00","article_modified_time":"2022-01-25T13:17:02+00:00","og_image":[{"width":650,"height":367,"url":"https:\/\/qtmm.org\/wp-content\/uploads\/2022\/01\/1_123.jpeg","type":"image\/jpeg"}],"author":"Developer","twitter_card":"summary_large_image","twitter_misc":{"Written by":"Developer","Est. reading time":"1 minute"},"schema":{"@context":"https:\/\/schema.org","@graph":[{"@type":"Article","@id":"https:\/\/qtmm.org\/qt\/qirimtatar-studentleri-turkiye-cumhuriyeti-simaliy-qibriznin-en-yahsi-universitetinde-oquycaqlar\/#article","isPartOf":{"@id":"https:\/\/qtmm.org\/qt\/qirimtatar-studentleri-turkiye-cumhuriyeti-simaliy-qibriznin-en-yahsi-universitetinde-oquycaqlar\/"},"author":{"name":"Developer","@id":"https:\/\/qtmm.org\/qt\/#\/schema\/person\/de562469f971dec226ac06e60bbf74a7"},"headline":"Q\u0131r\u0131mtatar studentleri T\u00fcrkiye Cumhuriyeti \u015eimaliy Q\u0131br\u0131zn\u0131\u00f1 e\u00f1 yah\u015f\u0131 universitetinde oquycaqlar","datePublished":"2013-08-22T13:14:00+00:00","dateModified":"2022-01-25T13:17:02+00:00","mainEntityOfPage":{"@id":"https:\/\/qtmm.org\/qt\/qirimtatar-studentleri-turkiye-cumhuriyeti-simaliy-qibriznin-en-yahsi-universitetinde-oquycaqlar\/"},"wordCount":304,"commentCount":0,"publisher":{"@id":"https:\/\/qtmm.org\/qt\/#organization"},"image":{"@id":"https:\/\/qtmm.org\/qt\/qirimtatar-studentleri-turkiye-cumhuriyeti-simaliy-qibriznin-en-yahsi-universitetinde-oquycaqlar\/#primaryimage"},"thumbnailUrl":"http:\/\/qtmm.org\/wp-content\/uploads\/2022\/01\/1_123.jpeg","articleSection":["Haberler"],"inLanguage":"qt","potentialAction":[{"@type":"CommentAction","name":"Comment","target":["https:\/\/qtmm.org\/qt\/qirimtatar-studentleri-turkiye-cumhuriyeti-simaliy-qibriznin-en-yahsi-universitetinde-oquycaqlar\/#respond"]}]},{"@type":"WebPage","@id":"https:\/\/qtmm.org\/qt\/qirimtatar-studentleri-turkiye-cumhuriyeti-simaliy-qibriznin-en-yahsi-universitetinde-oquycaqlar\/","url":"https:\/\/qtmm.org\/qt\/qirimtatar-studentleri-turkiye-cumhuriyeti-simaliy-qibriznin-en-yahsi-universitetinde-oquycaqlar\/","name":"Q\u0131r\u0131mtatar studentleri T\u00fcrkiye Cumhuriyeti \u015eimaliy Q\u0131br\u0131zn\u0131\u00f1 e\u00f1 yah\u015f\u0131 universitetinde oquycaqlar - \u041c\u0435\u0434\u0436\u043b\u0456\u0441","isPartOf":{"@id":"https:\/\/qtmm.org\/qt\/#website"},"primaryImageOfPage":{"@id":"https:\/\/qtmm.org\/qt\/qirimtatar-studentleri-turkiye-cumhuriyeti-simaliy-qibriznin-en-yahsi-universitetinde-oquycaqlar\/#primaryimage"},"image":{"@id":"https:\/\/qtmm.org\/qt\/qirimtatar-studentleri-turkiye-cumhuriyeti-simaliy-qibriznin-en-yahsi-universitetinde-oquycaqlar\/#primaryimage"},"thumbnailUrl":"http:\/\/qtmm.org\/wp-content\/uploads\/2022\/01\/1_123.jpeg","datePublished":"2013-08-22T13:14:00+00:00","dateModified":"2022-01-25T13:17:02+00:00","breadcrumb":{"@id":"https:\/\/qtmm.org\/qt\/qirimtatar-studentleri-turkiye-cumhuriyeti-simaliy-qibriznin-en-yahsi-universitetinde-oquycaqlar\/#breadcrumb"},"inLanguage":"qt","potentialAction":[{"@type":"ReadAction","target":["https:\/\/qtmm.org\/qt\/qirimtatar-studentleri-turkiye-cumhuriyeti-simaliy-qibriznin-en-yahsi-universitetinde-oquycaqlar\/"]}]},{"@type":"ImageObject","inLanguage":"qt","@id":"https:\/\/qtmm.org\/qt\/qirimtatar-studentleri-turkiye-cumhuriyeti-simaliy-qibriznin-en-yahsi-universitetinde-oquycaqlar\/#primaryimage","url":"http:\/\/qtmm.org\/wp-content\/uploads\/2022\/01\/1_123.jpeg","contentUrl":"http:\/\/qtmm.org\/wp-content\/uploads\/2022\/01\/1_123.jpeg"},{"@type":"BreadcrumbList","@id":"https:\/\/qtmm.org\/qt\/qirimtatar-studentleri-turkiye-cumhuriyeti-simaliy-qibriznin-en-yahsi-universitetinde-oquycaqlar\/#breadcrumb","itemListElement":[{"@type":"ListItem","position":1,"name":"\u0413\u043e\u043b\u043e\u0432\u043d\u0430","item":"https:\/\/qtmm.org\/qt\/"},{"@type":"ListItem","position":2,"name":"Q\u0131r\u0131mtatar studentleri T\u00fcrkiye Cumhuriyeti \u015eimaliy Q\u0131br\u0131zn\u0131\u00f1 e\u00f1 yah\u015f\u0131 universitetinde oquycaqlar"}]},{"@type":"WebSite","@id":"https:\/\/qtmm.org\/qt\/#website","url":"https:\/\/qtmm.org\/qt\/","name":"\u041c\u0435\u0434\u0436\u043b\u0456\u0441","description":"","publisher":{"@id":"https:\/\/qtmm.org\/qt\/#organization"},"potentialAction":[{"@type":"SearchAction","target":{"@type":"EntryPoint","urlTemplate":"https:\/\/qtmm.org\/qt\/?s={search_term_string}"},"query-input":{"@type":"PropertyValueSpecification","valueRequired":true,"valueName":"search_term_string"}}],"inLanguage":"qt"},{"@type":"Organization","@id":"https:\/\/qtmm.org\/qt\/#organization","name":"\u041c\u0435\u0434\u0436\u043b\u0456\u0441","url":"https:\/\/qtmm.org\/qt\/","logo":{"@type":"ImageObject","inLanguage":"qt","@id":"https:\/\/qtmm.org\/qt\/#\/schema\/logo\/image\/","url":"https:\/\/qtmm.org\/wp-content\/uploads\/2024\/12\/ua-mejlis-logo-rgb.svg","contentUrl":"https:\/\/qtmm.org\/wp-content\/uploads\/2024\/12\/ua-mejlis-logo-rgb.svg","caption":"\u041c\u0435\u0434\u0436\u043b\u0456\u0441"},"image":{"@id":"https:\/\/qtmm.org\/qt\/#\/schema\/logo\/image\/"},"sameAs":["https:\/\/www.facebook.com\/qtmm.info\/"]},{"@type":"Person","@id":"https:\/\/qtmm.org\/qt\/#\/schema\/person\/de562469f971dec226ac06e60bbf74a7","name":"Developer","image":{"@type":"ImageObject","inLanguage":"qt","@id":"https:\/\/secure.gravatar.com\/avatar\/392b4cc8fbfeb00b39dfeeab4ee6edded39ffd48e25858637e4765810300227e?s=96&d=mm&r=g","url":"https:\/\/secure.gravatar.com\/avatar\/392b4cc8fbfeb00b39dfeeab4ee6edded39ffd48e25858637e4765810300227e?s=96&d=mm&r=g","contentUrl":"https:\/\/secure.gravatar.com\/avatar\/392b4cc8fbfeb00b39dfeeab4ee6edded39ffd48e25858637e4765810300227e?s=96&d=mm&r=g","caption":"Developer"},"url":"https:\/\/qtmm.org\/qt\/author\/Developer\/"}]}},"_links":{"self":[{"href":"https:\/\/qtmm.org\/qt\/wp-json\/wp\/v2\/posts\/38935","targetHints":{"allow":["GET"]}}],"collection":[{"href":"https:\/\/qtmm.org\/qt\/wp-json\/wp\/v2\/posts"}],"about":[{"href":"https:\/\/qtmm.org\/qt\/wp-json\/wp\/v2\/types\/post"}],"author":[{"embeddable":true,"href":"https:\/\/qtmm.org\/qt\/wp-json\/wp\/v2\/users\/1"}],"replies":[{"embeddable":true,"href":"https:\/\/qtmm.org\/qt\/wp-json\/wp\/v2\/comments?post=38935"}],"version-history":[{"count":1,"href":"https:\/\/qtmm.org\/qt\/wp-json\/wp\/v2\/posts\/38935\/revisions"}],"predecessor-version":[{"id":38972,"href":"https:\/\/qtmm.org\/qt\/wp-json\/wp\/v2\/posts\/38935\/revisions\/38972"}],"wp:attachment":[{"href":"https:\/\/qtmm.org\/qt\/wp-json\/wp\/v2\/media?parent=38935"}],"wp:term":[{"taxonomy":"category","embeddable":true,"href":"https:\/\/qtmm.org\/qt\/wp-json\/wp\/v2\/categories?post=38935"},{"taxonomy":"post_tag","embeddable":true,"href":"https:\/\/qtmm.org\/qt\/wp-json\/wp\/v2\/tags?post=38935"}],"curies":[{"name":"wp","href":"https:\/\/api.w.org\/{rel}","templated":true}]}}