




{"id":38933,"date":"2013-08-21T16:13:00","date_gmt":"2013-08-21T13:13:00","guid":{"rendered":"http:\/\/qtmm.org\/?p=38933"},"modified":"2022-01-25T16:14:31","modified_gmt":"2022-01-25T13:14:31","slug":"refat-cubarov-eger-militsiya-rusiyeli-aktor-paninnin-qirimtatarlar-aqqinda-aytqan-aqaretli-sozleri-icun-care-kormese-cemiyetimiznin-er-angi-maraz-ogunde-zayifligini-tanimali","status":"publish","type":"post","link":"https:\/\/qtmm.org\/qt\/refat-cubarov-eger-militsiya-rusiyeli-aktor-paninnin-qirimtatarlar-aqqinda-aytqan-aqaretli-sozleri-icun-care-kormese-cemiyetimiznin-er-angi-maraz-ogunde-zayifligini-tanimali\/","title":{"rendered":"Refat \u00c7ubarov: Eger militsiya rusiyeli akt\u00f6r Paninni\u00f1 q\u0131r\u0131mtatarlar aqq\u0131nda aytqan aqaretli s\u00f6zleri i\u00e7\u00fcn \u00e7are k\u00f6rmese, cemiyetimizni\u00f1 er angi \u00abmaraz\u00bb \u00f6g\u00fcnde zay\u0131fl\u0131\u011f\u0131n\u0131 tan\u0131mal\u0131"},"content":{"rendered":"\n<p>Milliy Meclis reisi Mustafa Cemilev &#8220;<a href=\"http:\/\/crimea.comments.ua\/\" target=\"_blank\" rel=\"noreferrer noopener\">Kr\u0131m.Kommentarii<\/a>&#8221; ne\u015firine izaat berirken Amerikada b\u00f6yle s\u00f6zler i\u00e7\u00fcn rusiyeli akt\u00f6r Panin \u00e7oqtan aspke al\u0131n\u0131r edi, dedi.&#8221;<\/p>\n\n\n\n<p>Mesel\u00e2, AQ\u015eda b\u00f6yle \u00e7\u0131q\u0131\u015f i\u00e7\u00fcn \u00e7oqtan apste yatar edi. Bu a\u00e7\u0131qtan-a\u00e7\u0131q \u0131rq\u00e7\u0131l\u0131qt\u0131r! Ebet, Rusiyede bu ke\u00e7erli, olar kavkaz milletine mens\u00fcp insanlarn\u0131 aqaretlep, asl\u0131 da cezas\u0131n\u0131 \u00e7ekmeyler, &#8211; dedi M. Cemilev. \u2013 Amma o, ba\u015fqa devlet hudud\u0131nda ol\u011fan\u0131n\u0131 a\u00f1lamaq kerek. Tabiiy ki, uquqqoruy\u0131c\u0131lar bu areketke seslenmeliler&#8221;.<\/p>\n\n\n\n<p>Amma M. Cemilevni\u00f1 aytqan\u0131na k\u00f6re, b\u00f6yle areketlerge meclis seslenmek meram\u0131nda degil. &#8220;Eger biz er bir pi\u00e7ni\u00f1 s\u00f6zlerine cevap berecek olsa, tek \u015fun\u0131\u00f1nen o\u011fra\u015f\u0131r edik&#8221;, dedi o.<\/p>\n\n\n\n<p>\u00d6z nevbetinde Meclis reisini\u00f1 birinci muavini Refat \u00c7ubarov emin ki, &#8220;eger Q\u0131r\u0131m sakinlerinden biri Moskvada ya da Rusiyeni\u00f1 ba\u015fqa yerinde bulun\u011fanda Panin q\u0131r\u0131mtatarlar\u011fa nisbeten s\u00f6ylegen aqaretlerinden e\u00f1 az\u0131n\u0131, deyik, ruslar aqq\u0131nda aytsa, bizni Rusiye s\u0131\u00f1\u0131rlar\u0131 art\u0131na k\u00f6terip atar ediler. Bu alda, bu do\u011fru olur edi&#8221;<br><br>Rusiyeli akt\u00f6r Paninni\u00f1 q\u0131r\u0131mtatarlarn\u0131 aqaret etkeni ve \u00f6z\u00fcni al\u0131p bar\u011fan\u0131n\u0131 izaatlarken o,&nbsp;<a href=\"https:\/\/www.facebook.com\/dogrujol?fref=ts\" target=\"_blank\" rel=\"noreferrer noopener\">Facebookta \u00f6z\u00fcni\u00f1 \u015fahsiy saifesinde yazd\u0131<\/a>. &#8220;Ma\u00f1a jurnalistler \u00e7a\u00f1 qaq\u0131p, ne yapay\u0131q, b\u00fct\u00fcn q\u0131r\u0131mtatarlar\u011fa nisbeten bildirilgen aqaretlevlerge nas\u0131l sesleneyik, dep soraylar, &#8211; yaza \u00c7ubarov. \u2013 Ebet, bu sualni birinci nevbette uquqqoruv organlar\u0131na, deyik, militsiya\u011fa, bermek kerek. Faqat olar y\u00fcz bergen adiseni\u00f1 inceliklerini \u00f6grenmek ve k\u00fctleviy matbuat vastalar\u0131n\u0131\u00f1 haberlerine seslenmek i\u00e7\u00fcn qanun bergen aq ve vazifege maliktirler&#8221;.<\/p>\n\n\n\n<p>Ayn\u0131 zamanda Meclis reisini\u00f1 birinci muavini, Q\u0131r\u0131m Yuqar\u0131 \u015euras\u0131n\u0131\u00f1 deputat\u0131 R. \u00c7ubarov \u015fun\u0131 da qayd etti ki, &#8220;Eger militsiya rusiyeli akt\u00f6r Paninni\u00f1 q\u0131r\u0131mtatarlar aqq\u0131nda aytqan aqaretli s\u00f6zleri i\u00e7\u00fcn \u00e7are k\u00f6rmese, cemiyetimizni\u00f1 Ukraina vatanda\u015flar\u0131na nisbeten pis areketlerge yol bergen er angi &#8220;maraz&#8221; \u00f6g\u00fcnde zay\u0131fl\u0131\u011f\u0131n\u0131 tan\u0131mal\u0131. Rabbimiz qor\u00e7alas\u0131n, lin\u00e7ler ba\u015flanmas\u0131 m\u00fcmk\u00fcn!&#8221;<\/p>\n\n\n\n<p><em><\/em><em>\u015eun\u0131 hat\u0131rlatmal\u0131 ki, Alu\u015ftada avgust 20 k\u00fcn\u00fc rusiyeli akt\u00f6r Aleksey Panin yol qazas\u0131na o\u011frad\u0131. Bu aqta &#8220;<a href=\"http:\/\/vesti.ua\/kultura\/13889-v-medzhlise-alekseja-panina-nazvali-urodom?utm_source=feedburner&amp;utm_medium=feed&amp;utm_campaign=Feed%3A+vesti%2FokoX+%28%D0%9A%D1%80%D1%8B%D0%BC%D1%81%D0%BA%D0%B8%D0%B5+%D0%92%D0%B5%D1%81%D1%82%D0%B8%29&amp;utm_content=FaceBook\" target=\"_blank\" rel=\"noreferrer noopener\">Vesti<\/a>&#8221; gazetas\u0131 yaza. Adisege izaat bergen Panin: &#8220;Art\u0131m\u0131zdan tatar balas\u0131 kelip uruld\u0131. Siz tatarlarn\u0131 bilesiz de?! O, su\u00e7l\u0131 edi, men o\u00f1a, kel meseleni \u00e7ezeyik, ma\u015fina\u00f1 atta t\u0131rnalmad\u0131 bile, dedim, l\u00e2kin raz\u0131 olmad\u0131, bizden para alma\u011fa istedi. Ya o tatar balas\u0131 da, men o\u00f1a \u015famar yand\u0131rd\u0131m, bun\u0131\u00f1nen i\u015f bitti&#8221;.<\/em><\/p>\n","protected":false},"excerpt":{"rendered":"<p>Milliy Meclis reisi Mustafa Cemilev &#8220;Kr\u0131m.Kommentarii&#8221; ne\u015firine izaat berirken Amerikada b\u00f6yle s\u00f6zler i\u00e7\u00fcn rusiyeli akt\u00f6r Panin \u00e7oqtan aspke al\u0131n\u0131r edi, dedi.&#8221; Mesel\u00e2, AQ\u015eda b\u00f6yle \u00e7\u0131q\u0131\u015f i\u00e7\u00fcn \u00e7oqtan apste yatar edi. Bu a\u00e7\u0131qtan-a\u00e7\u0131q \u0131rq\u00e7\u0131l\u0131qt\u0131r! Ebet, Rusiyede bu ke\u00e7erli, olar kavkaz milletine mens\u00fcp insanlarn\u0131 aqaretlep, asl\u0131 da cezas\u0131n\u0131 \u00e7ekmeyler, &#8211; dedi M. Cemilev. \u2013 Amma o, ba\u015fqa [&hellip;]<\/p>\n","protected":false},"author":1,"featured_media":0,"comment_status":"open","ping_status":"open","sticky":false,"template":"","format":"standard","meta":{"inline_featured_image":false,"footnotes":""},"categories":[265],"tags":[],"class_list":["post-38933","post","type-post","status-publish","format-standard","hentry","category-haberler"],"acf":[],"yoast_head":"<!-- This site is optimized with the Yoast SEO plugin v27.4 - https:\/\/yoast.com\/product\/yoast-seo-wordpress\/ -->\n<title>Refat \u00c7ubarov: Eger militsiya rusiyeli akt\u00f6r Paninni\u00f1 q\u0131r\u0131mtatarlar aqq\u0131nda aytqan aqaretli s\u00f6zleri i\u00e7\u00fcn \u00e7are k\u00f6rmese, cemiyetimizni\u00f1 er angi \u00abmaraz\u00bb \u00f6g\u00fcnde zay\u0131fl\u0131\u011f\u0131n\u0131 tan\u0131mal\u0131 - \u041c\u0435\u0434\u0436\u043b\u0456\u0441<\/title>\n<meta name=\"robots\" content=\"index, follow, max-snippet:-1, max-image-preview:large, max-video-preview:-1\" \/>\n<link rel=\"canonical\" href=\"https:\/\/qtmm.org\/qt\/refat-cubarov-eger-militsiya-rusiyeli-aktor-paninnin-qirimtatarlar-aqqinda-aytqan-aqaretli-sozleri-icun-care-kormese-cemiyetimiznin-er-angi-maraz-ogunde-zayifligini-tanimali\/\" \/>\n<meta property=\"og:locale\" content=\"en_US\" \/>\n<meta property=\"og:type\" content=\"article\" \/>\n<meta property=\"og:title\" content=\"Refat \u00c7ubarov: Eger militsiya rusiyeli akt\u00f6r Paninni\u00f1 q\u0131r\u0131mtatarlar aqq\u0131nda aytqan aqaretli s\u00f6zleri i\u00e7\u00fcn \u00e7are k\u00f6rmese, cemiyetimizni\u00f1 er angi \u00abmaraz\u00bb \u00f6g\u00fcnde zay\u0131fl\u0131\u011f\u0131n\u0131 tan\u0131mal\u0131 - \u041c\u0435\u0434\u0436\u043b\u0456\u0441\" \/>\n<meta property=\"og:description\" content=\"Milliy Meclis reisi Mustafa Cemilev &#8220;Kr\u0131m.Kommentarii&#8221; ne\u015firine izaat berirken Amerikada b\u00f6yle s\u00f6zler i\u00e7\u00fcn rusiyeli akt\u00f6r Panin \u00e7oqtan aspke al\u0131n\u0131r edi, dedi.&#8221; Mesel\u00e2, AQ\u015eda b\u00f6yle \u00e7\u0131q\u0131\u015f i\u00e7\u00fcn \u00e7oqtan apste yatar edi. Bu a\u00e7\u0131qtan-a\u00e7\u0131q \u0131rq\u00e7\u0131l\u0131qt\u0131r! Ebet, Rusiyede bu ke\u00e7erli, olar kavkaz milletine mens\u00fcp insanlarn\u0131 aqaretlep, asl\u0131 da cezas\u0131n\u0131 \u00e7ekmeyler, &#8211; dedi M. Cemilev. \u2013 Amma o, ba\u015fqa [&hellip;]\" \/>\n<meta property=\"og:url\" content=\"https:\/\/qtmm.org\/qt\/refat-cubarov-eger-militsiya-rusiyeli-aktor-paninnin-qirimtatarlar-aqqinda-aytqan-aqaretli-sozleri-icun-care-kormese-cemiyetimiznin-er-angi-maraz-ogunde-zayifligini-tanimali\/\" \/>\n<meta property=\"og:site_name\" content=\"\u041c\u0435\u0434\u0436\u043b\u0456\u0441\" \/>\n<meta property=\"article:publisher\" content=\"https:\/\/www.facebook.com\/qtmm.info\/\" \/>\n<meta property=\"article:published_time\" content=\"2013-08-21T13:13:00+00:00\" \/>\n<meta property=\"article:modified_time\" content=\"2022-01-25T13:14:31+00:00\" \/>\n<meta name=\"author\" content=\"Developer\" \/>\n<meta name=\"twitter:card\" content=\"summary_large_image\" \/>\n<meta name=\"twitter:label1\" content=\"Written by\" \/>\n\t<meta name=\"twitter:data1\" content=\"Developer\" \/>\n\t<meta name=\"twitter:label2\" content=\"Est. reading time\" \/>\n\t<meta name=\"twitter:data2\" content=\"2 minutes\" \/>\n<script type=\"application\/ld+json\" class=\"yoast-schema-graph\">{\"@context\":\"https:\\\/\\\/schema.org\",\"@graph\":[{\"@type\":\"Article\",\"@id\":\"https:\\\/\\\/qtmm.org\\\/qt\\\/refat-cubarov-eger-militsiya-rusiyeli-aktor-paninnin-qirimtatarlar-aqqinda-aytqan-aqaretli-sozleri-icun-care-kormese-cemiyetimiznin-er-angi-maraz-ogunde-zayifligini-tanimali\\\/#article\",\"isPartOf\":{\"@id\":\"https:\\\/\\\/qtmm.org\\\/qt\\\/refat-cubarov-eger-militsiya-rusiyeli-aktor-paninnin-qirimtatarlar-aqqinda-aytqan-aqaretli-sozleri-icun-care-kormese-cemiyetimiznin-er-angi-maraz-ogunde-zayifligini-tanimali\\\/\"},\"author\":{\"name\":\"Developer\",\"@id\":\"https:\\\/\\\/qtmm.org\\\/qt\\\/#\\\/schema\\\/person\\\/de562469f971dec226ac06e60bbf74a7\"},\"headline\":\"Refat \u00c7ubarov: Eger militsiya rusiyeli akt\u00f6r Paninni\u00f1 q\u0131r\u0131mtatarlar aqq\u0131nda aytqan aqaretli s\u00f6zleri i\u00e7\u00fcn \u00e7are k\u00f6rmese, cemiyetimizni\u00f1 er angi \u00abmaraz\u00bb \u00f6g\u00fcnde zay\u0131fl\u0131\u011f\u0131n\u0131 tan\u0131mal\u0131\",\"datePublished\":\"2013-08-21T13:13:00+00:00\",\"dateModified\":\"2022-01-25T13:14:31+00:00\",\"mainEntityOfPage\":{\"@id\":\"https:\\\/\\\/qtmm.org\\\/qt\\\/refat-cubarov-eger-militsiya-rusiyeli-aktor-paninnin-qirimtatarlar-aqqinda-aytqan-aqaretli-sozleri-icun-care-kormese-cemiyetimiznin-er-angi-maraz-ogunde-zayifligini-tanimali\\\/\"},\"wordCount\":461,\"commentCount\":0,\"publisher\":{\"@id\":\"https:\\\/\\\/qtmm.org\\\/qt\\\/#organization\"},\"articleSection\":[\"Haberler\"],\"inLanguage\":\"qt\",\"potentialAction\":[{\"@type\":\"CommentAction\",\"name\":\"Comment\",\"target\":[\"https:\\\/\\\/qtmm.org\\\/qt\\\/refat-cubarov-eger-militsiya-rusiyeli-aktor-paninnin-qirimtatarlar-aqqinda-aytqan-aqaretli-sozleri-icun-care-kormese-cemiyetimiznin-er-angi-maraz-ogunde-zayifligini-tanimali\\\/#respond\"]}]},{\"@type\":\"WebPage\",\"@id\":\"https:\\\/\\\/qtmm.org\\\/qt\\\/refat-cubarov-eger-militsiya-rusiyeli-aktor-paninnin-qirimtatarlar-aqqinda-aytqan-aqaretli-sozleri-icun-care-kormese-cemiyetimiznin-er-angi-maraz-ogunde-zayifligini-tanimali\\\/\",\"url\":\"https:\\\/\\\/qtmm.org\\\/qt\\\/refat-cubarov-eger-militsiya-rusiyeli-aktor-paninnin-qirimtatarlar-aqqinda-aytqan-aqaretli-sozleri-icun-care-kormese-cemiyetimiznin-er-angi-maraz-ogunde-zayifligini-tanimali\\\/\",\"name\":\"Refat \u00c7ubarov: Eger militsiya rusiyeli akt\u00f6r Paninni\u00f1 q\u0131r\u0131mtatarlar aqq\u0131nda aytqan aqaretli s\u00f6zleri i\u00e7\u00fcn \u00e7are k\u00f6rmese, cemiyetimizni\u00f1 er angi \u00abmaraz\u00bb \u00f6g\u00fcnde zay\u0131fl\u0131\u011f\u0131n\u0131 tan\u0131mal\u0131 - \u041c\u0435\u0434\u0436\u043b\u0456\u0441\",\"isPartOf\":{\"@id\":\"https:\\\/\\\/qtmm.org\\\/qt\\\/#website\"},\"datePublished\":\"2013-08-21T13:13:00+00:00\",\"dateModified\":\"2022-01-25T13:14:31+00:00\",\"breadcrumb\":{\"@id\":\"https:\\\/\\\/qtmm.org\\\/qt\\\/refat-cubarov-eger-militsiya-rusiyeli-aktor-paninnin-qirimtatarlar-aqqinda-aytqan-aqaretli-sozleri-icun-care-kormese-cemiyetimiznin-er-angi-maraz-ogunde-zayifligini-tanimali\\\/#breadcrumb\"},\"inLanguage\":\"qt\",\"potentialAction\":[{\"@type\":\"ReadAction\",\"target\":[\"https:\\\/\\\/qtmm.org\\\/qt\\\/refat-cubarov-eger-militsiya-rusiyeli-aktor-paninnin-qirimtatarlar-aqqinda-aytqan-aqaretli-sozleri-icun-care-kormese-cemiyetimiznin-er-angi-maraz-ogunde-zayifligini-tanimali\\\/\"]}]},{\"@type\":\"BreadcrumbList\",\"@id\":\"https:\\\/\\\/qtmm.org\\\/qt\\\/refat-cubarov-eger-militsiya-rusiyeli-aktor-paninnin-qirimtatarlar-aqqinda-aytqan-aqaretli-sozleri-icun-care-kormese-cemiyetimiznin-er-angi-maraz-ogunde-zayifligini-tanimali\\\/#breadcrumb\",\"itemListElement\":[{\"@type\":\"ListItem\",\"position\":1,\"name\":\"\u0413\u043e\u043b\u043e\u0432\u043d\u0430\",\"item\":\"https:\\\/\\\/qtmm.org\\\/qt\\\/\"},{\"@type\":\"ListItem\",\"position\":2,\"name\":\"Refat \u00c7ubarov: Eger militsiya rusiyeli akt\u00f6r Paninni\u00f1 q\u0131r\u0131mtatarlar aqq\u0131nda aytqan aqaretli s\u00f6zleri i\u00e7\u00fcn \u00e7are k\u00f6rmese, cemiyetimizni\u00f1 er angi \u00abmaraz\u00bb \u00f6g\u00fcnde zay\u0131fl\u0131\u011f\u0131n\u0131 tan\u0131mal\u0131\"}]},{\"@type\":\"WebSite\",\"@id\":\"https:\\\/\\\/qtmm.org\\\/qt\\\/#website\",\"url\":\"https:\\\/\\\/qtmm.org\\\/qt\\\/\",\"name\":\"\u041c\u0435\u0434\u0436\u043b\u0456\u0441\",\"description\":\"\",\"publisher\":{\"@id\":\"https:\\\/\\\/qtmm.org\\\/qt\\\/#organization\"},\"potentialAction\":[{\"@type\":\"SearchAction\",\"target\":{\"@type\":\"EntryPoint\",\"urlTemplate\":\"https:\\\/\\\/qtmm.org\\\/qt\\\/?s={search_term_string}\"},\"query-input\":{\"@type\":\"PropertyValueSpecification\",\"valueRequired\":true,\"valueName\":\"search_term_string\"}}],\"inLanguage\":\"qt\"},{\"@type\":\"Organization\",\"@id\":\"https:\\\/\\\/qtmm.org\\\/qt\\\/#organization\",\"name\":\"\u041c\u0435\u0434\u0436\u043b\u0456\u0441\",\"url\":\"https:\\\/\\\/qtmm.org\\\/qt\\\/\",\"logo\":{\"@type\":\"ImageObject\",\"inLanguage\":\"qt\",\"@id\":\"https:\\\/\\\/qtmm.org\\\/qt\\\/#\\\/schema\\\/logo\\\/image\\\/\",\"url\":\"https:\\\/\\\/qtmm.org\\\/wp-content\\\/uploads\\\/2024\\\/12\\\/ua-mejlis-logo-rgb.svg\",\"contentUrl\":\"https:\\\/\\\/qtmm.org\\\/wp-content\\\/uploads\\\/2024\\\/12\\\/ua-mejlis-logo-rgb.svg\",\"caption\":\"\u041c\u0435\u0434\u0436\u043b\u0456\u0441\"},\"image\":{\"@id\":\"https:\\\/\\\/qtmm.org\\\/qt\\\/#\\\/schema\\\/logo\\\/image\\\/\"},\"sameAs\":[\"https:\\\/\\\/www.facebook.com\\\/qtmm.info\\\/\"]},{\"@type\":\"Person\",\"@id\":\"https:\\\/\\\/qtmm.org\\\/qt\\\/#\\\/schema\\\/person\\\/de562469f971dec226ac06e60bbf74a7\",\"name\":\"Developer\",\"image\":{\"@type\":\"ImageObject\",\"inLanguage\":\"qt\",\"@id\":\"https:\\\/\\\/secure.gravatar.com\\\/avatar\\\/392b4cc8fbfeb00b39dfeeab4ee6edded39ffd48e25858637e4765810300227e?s=96&d=mm&r=g\",\"url\":\"https:\\\/\\\/secure.gravatar.com\\\/avatar\\\/392b4cc8fbfeb00b39dfeeab4ee6edded39ffd48e25858637e4765810300227e?s=96&d=mm&r=g\",\"contentUrl\":\"https:\\\/\\\/secure.gravatar.com\\\/avatar\\\/392b4cc8fbfeb00b39dfeeab4ee6edded39ffd48e25858637e4765810300227e?s=96&d=mm&r=g\",\"caption\":\"Developer\"},\"url\":\"https:\\\/\\\/qtmm.org\\\/qt\\\/author\\\/Developer\\\/\"}]}<\/script>\n<!-- \/ Yoast SEO plugin. -->","yoast_head_json":{"title":"Refat \u00c7ubarov: Eger militsiya rusiyeli akt\u00f6r Paninni\u00f1 q\u0131r\u0131mtatarlar aqq\u0131nda aytqan aqaretli s\u00f6zleri i\u00e7\u00fcn \u00e7are k\u00f6rmese, cemiyetimizni\u00f1 er angi \u00abmaraz\u00bb \u00f6g\u00fcnde zay\u0131fl\u0131\u011f\u0131n\u0131 tan\u0131mal\u0131 - \u041c\u0435\u0434\u0436\u043b\u0456\u0441","robots":{"index":"index","follow":"follow","max-snippet":"max-snippet:-1","max-image-preview":"max-image-preview:large","max-video-preview":"max-video-preview:-1"},"canonical":"https:\/\/qtmm.org\/qt\/refat-cubarov-eger-militsiya-rusiyeli-aktor-paninnin-qirimtatarlar-aqqinda-aytqan-aqaretli-sozleri-icun-care-kormese-cemiyetimiznin-er-angi-maraz-ogunde-zayifligini-tanimali\/","og_locale":"en_US","og_type":"article","og_title":"Refat \u00c7ubarov: Eger militsiya rusiyeli akt\u00f6r Paninni\u00f1 q\u0131r\u0131mtatarlar aqq\u0131nda aytqan aqaretli s\u00f6zleri i\u00e7\u00fcn \u00e7are k\u00f6rmese, cemiyetimizni\u00f1 er angi \u00abmaraz\u00bb \u00f6g\u00fcnde zay\u0131fl\u0131\u011f\u0131n\u0131 tan\u0131mal\u0131 - \u041c\u0435\u0434\u0436\u043b\u0456\u0441","og_description":"Milliy Meclis reisi Mustafa Cemilev &#8220;Kr\u0131m.Kommentarii&#8221; ne\u015firine izaat berirken Amerikada b\u00f6yle s\u00f6zler i\u00e7\u00fcn rusiyeli akt\u00f6r Panin \u00e7oqtan aspke al\u0131n\u0131r edi, dedi.&#8221; Mesel\u00e2, AQ\u015eda b\u00f6yle \u00e7\u0131q\u0131\u015f i\u00e7\u00fcn \u00e7oqtan apste yatar edi. Bu a\u00e7\u0131qtan-a\u00e7\u0131q \u0131rq\u00e7\u0131l\u0131qt\u0131r! Ebet, Rusiyede bu ke\u00e7erli, olar kavkaz milletine mens\u00fcp insanlarn\u0131 aqaretlep, asl\u0131 da cezas\u0131n\u0131 \u00e7ekmeyler, &#8211; dedi M. Cemilev. \u2013 Amma o, ba\u015fqa [&hellip;]","og_url":"https:\/\/qtmm.org\/qt\/refat-cubarov-eger-militsiya-rusiyeli-aktor-paninnin-qirimtatarlar-aqqinda-aytqan-aqaretli-sozleri-icun-care-kormese-cemiyetimiznin-er-angi-maraz-ogunde-zayifligini-tanimali\/","og_site_name":"\u041c\u0435\u0434\u0436\u043b\u0456\u0441","article_publisher":"https:\/\/www.facebook.com\/qtmm.info\/","article_published_time":"2013-08-21T13:13:00+00:00","article_modified_time":"2022-01-25T13:14:31+00:00","author":"Developer","twitter_card":"summary_large_image","twitter_misc":{"Written by":"Developer","Est. reading time":"2 minutes"},"schema":{"@context":"https:\/\/schema.org","@graph":[{"@type":"Article","@id":"https:\/\/qtmm.org\/qt\/refat-cubarov-eger-militsiya-rusiyeli-aktor-paninnin-qirimtatarlar-aqqinda-aytqan-aqaretli-sozleri-icun-care-kormese-cemiyetimiznin-er-angi-maraz-ogunde-zayifligini-tanimali\/#article","isPartOf":{"@id":"https:\/\/qtmm.org\/qt\/refat-cubarov-eger-militsiya-rusiyeli-aktor-paninnin-qirimtatarlar-aqqinda-aytqan-aqaretli-sozleri-icun-care-kormese-cemiyetimiznin-er-angi-maraz-ogunde-zayifligini-tanimali\/"},"author":{"name":"Developer","@id":"https:\/\/qtmm.org\/qt\/#\/schema\/person\/de562469f971dec226ac06e60bbf74a7"},"headline":"Refat \u00c7ubarov: Eger militsiya rusiyeli akt\u00f6r Paninni\u00f1 q\u0131r\u0131mtatarlar aqq\u0131nda aytqan aqaretli s\u00f6zleri i\u00e7\u00fcn \u00e7are k\u00f6rmese, cemiyetimizni\u00f1 er angi \u00abmaraz\u00bb \u00f6g\u00fcnde zay\u0131fl\u0131\u011f\u0131n\u0131 tan\u0131mal\u0131","datePublished":"2013-08-21T13:13:00+00:00","dateModified":"2022-01-25T13:14:31+00:00","mainEntityOfPage":{"@id":"https:\/\/qtmm.org\/qt\/refat-cubarov-eger-militsiya-rusiyeli-aktor-paninnin-qirimtatarlar-aqqinda-aytqan-aqaretli-sozleri-icun-care-kormese-cemiyetimiznin-er-angi-maraz-ogunde-zayifligini-tanimali\/"},"wordCount":461,"commentCount":0,"publisher":{"@id":"https:\/\/qtmm.org\/qt\/#organization"},"articleSection":["Haberler"],"inLanguage":"qt","potentialAction":[{"@type":"CommentAction","name":"Comment","target":["https:\/\/qtmm.org\/qt\/refat-cubarov-eger-militsiya-rusiyeli-aktor-paninnin-qirimtatarlar-aqqinda-aytqan-aqaretli-sozleri-icun-care-kormese-cemiyetimiznin-er-angi-maraz-ogunde-zayifligini-tanimali\/#respond"]}]},{"@type":"WebPage","@id":"https:\/\/qtmm.org\/qt\/refat-cubarov-eger-militsiya-rusiyeli-aktor-paninnin-qirimtatarlar-aqqinda-aytqan-aqaretli-sozleri-icun-care-kormese-cemiyetimiznin-er-angi-maraz-ogunde-zayifligini-tanimali\/","url":"https:\/\/qtmm.org\/qt\/refat-cubarov-eger-militsiya-rusiyeli-aktor-paninnin-qirimtatarlar-aqqinda-aytqan-aqaretli-sozleri-icun-care-kormese-cemiyetimiznin-er-angi-maraz-ogunde-zayifligini-tanimali\/","name":"Refat \u00c7ubarov: Eger militsiya rusiyeli akt\u00f6r Paninni\u00f1 q\u0131r\u0131mtatarlar aqq\u0131nda aytqan aqaretli s\u00f6zleri i\u00e7\u00fcn \u00e7are k\u00f6rmese, cemiyetimizni\u00f1 er angi \u00abmaraz\u00bb \u00f6g\u00fcnde zay\u0131fl\u0131\u011f\u0131n\u0131 tan\u0131mal\u0131 - \u041c\u0435\u0434\u0436\u043b\u0456\u0441","isPartOf":{"@id":"https:\/\/qtmm.org\/qt\/#website"},"datePublished":"2013-08-21T13:13:00+00:00","dateModified":"2022-01-25T13:14:31+00:00","breadcrumb":{"@id":"https:\/\/qtmm.org\/qt\/refat-cubarov-eger-militsiya-rusiyeli-aktor-paninnin-qirimtatarlar-aqqinda-aytqan-aqaretli-sozleri-icun-care-kormese-cemiyetimiznin-er-angi-maraz-ogunde-zayifligini-tanimali\/#breadcrumb"},"inLanguage":"qt","potentialAction":[{"@type":"ReadAction","target":["https:\/\/qtmm.org\/qt\/refat-cubarov-eger-militsiya-rusiyeli-aktor-paninnin-qirimtatarlar-aqqinda-aytqan-aqaretli-sozleri-icun-care-kormese-cemiyetimiznin-er-angi-maraz-ogunde-zayifligini-tanimali\/"]}]},{"@type":"BreadcrumbList","@id":"https:\/\/qtmm.org\/qt\/refat-cubarov-eger-militsiya-rusiyeli-aktor-paninnin-qirimtatarlar-aqqinda-aytqan-aqaretli-sozleri-icun-care-kormese-cemiyetimiznin-er-angi-maraz-ogunde-zayifligini-tanimali\/#breadcrumb","itemListElement":[{"@type":"ListItem","position":1,"name":"\u0413\u043e\u043b\u043e\u0432\u043d\u0430","item":"https:\/\/qtmm.org\/qt\/"},{"@type":"ListItem","position":2,"name":"Refat \u00c7ubarov: Eger militsiya rusiyeli akt\u00f6r Paninni\u00f1 q\u0131r\u0131mtatarlar aqq\u0131nda aytqan aqaretli s\u00f6zleri i\u00e7\u00fcn \u00e7are k\u00f6rmese, cemiyetimizni\u00f1 er angi \u00abmaraz\u00bb \u00f6g\u00fcnde zay\u0131fl\u0131\u011f\u0131n\u0131 tan\u0131mal\u0131"}]},{"@type":"WebSite","@id":"https:\/\/qtmm.org\/qt\/#website","url":"https:\/\/qtmm.org\/qt\/","name":"\u041c\u0435\u0434\u0436\u043b\u0456\u0441","description":"","publisher":{"@id":"https:\/\/qtmm.org\/qt\/#organization"},"potentialAction":[{"@type":"SearchAction","target":{"@type":"EntryPoint","urlTemplate":"https:\/\/qtmm.org\/qt\/?s={search_term_string}"},"query-input":{"@type":"PropertyValueSpecification","valueRequired":true,"valueName":"search_term_string"}}],"inLanguage":"qt"},{"@type":"Organization","@id":"https:\/\/qtmm.org\/qt\/#organization","name":"\u041c\u0435\u0434\u0436\u043b\u0456\u0441","url":"https:\/\/qtmm.org\/qt\/","logo":{"@type":"ImageObject","inLanguage":"qt","@id":"https:\/\/qtmm.org\/qt\/#\/schema\/logo\/image\/","url":"https:\/\/qtmm.org\/wp-content\/uploads\/2024\/12\/ua-mejlis-logo-rgb.svg","contentUrl":"https:\/\/qtmm.org\/wp-content\/uploads\/2024\/12\/ua-mejlis-logo-rgb.svg","caption":"\u041c\u0435\u0434\u0436\u043b\u0456\u0441"},"image":{"@id":"https:\/\/qtmm.org\/qt\/#\/schema\/logo\/image\/"},"sameAs":["https:\/\/www.facebook.com\/qtmm.info\/"]},{"@type":"Person","@id":"https:\/\/qtmm.org\/qt\/#\/schema\/person\/de562469f971dec226ac06e60bbf74a7","name":"Developer","image":{"@type":"ImageObject","inLanguage":"qt","@id":"https:\/\/secure.gravatar.com\/avatar\/392b4cc8fbfeb00b39dfeeab4ee6edded39ffd48e25858637e4765810300227e?s=96&d=mm&r=g","url":"https:\/\/secure.gravatar.com\/avatar\/392b4cc8fbfeb00b39dfeeab4ee6edded39ffd48e25858637e4765810300227e?s=96&d=mm&r=g","contentUrl":"https:\/\/secure.gravatar.com\/avatar\/392b4cc8fbfeb00b39dfeeab4ee6edded39ffd48e25858637e4765810300227e?s=96&d=mm&r=g","caption":"Developer"},"url":"https:\/\/qtmm.org\/qt\/author\/Developer\/"}]}},"_links":{"self":[{"href":"https:\/\/qtmm.org\/qt\/wp-json\/wp\/v2\/posts\/38933","targetHints":{"allow":["GET"]}}],"collection":[{"href":"https:\/\/qtmm.org\/qt\/wp-json\/wp\/v2\/posts"}],"about":[{"href":"https:\/\/qtmm.org\/qt\/wp-json\/wp\/v2\/types\/post"}],"author":[{"embeddable":true,"href":"https:\/\/qtmm.org\/qt\/wp-json\/wp\/v2\/users\/1"}],"replies":[{"embeddable":true,"href":"https:\/\/qtmm.org\/qt\/wp-json\/wp\/v2\/comments?post=38933"}],"version-history":[{"count":1,"href":"https:\/\/qtmm.org\/qt\/wp-json\/wp\/v2\/posts\/38933\/revisions"}],"predecessor-version":[{"id":38934,"href":"https:\/\/qtmm.org\/qt\/wp-json\/wp\/v2\/posts\/38933\/revisions\/38934"}],"wp:attachment":[{"href":"https:\/\/qtmm.org\/qt\/wp-json\/wp\/v2\/media?parent=38933"}],"wp:term":[{"taxonomy":"category","embeddable":true,"href":"https:\/\/qtmm.org\/qt\/wp-json\/wp\/v2\/categories?post=38933"},{"taxonomy":"post_tag","embeddable":true,"href":"https:\/\/qtmm.org\/qt\/wp-json\/wp\/v2\/tags?post=38933"}],"curies":[{"name":"wp","href":"https:\/\/api.w.org\/{rel}","templated":true}]}}