




{"id":38919,"date":"2013-08-21T16:12:00","date_gmt":"2013-08-21T13:12:00","guid":{"rendered":"http:\/\/qtmm.org\/?p=38919"},"modified":"2022-01-25T16:13:28","modified_gmt":"2022-01-25T13:13:28","slug":"avgust-23-kunu-saat-11-de-aqmescitte-umumavropa-natsizm-ve-stalinizm-qurbanlarinin-hatirasi-kunune-miting-otkerilecek","status":"publish","type":"post","link":"https:\/\/qtmm.org\/qt\/avgust-23-kunu-saat-11-de-aqmescitte-umumavropa-natsizm-ve-stalinizm-qurbanlarinin-hatirasi-kunune-miting-otkerilecek\/","title":{"rendered":"Avgust 23 k\u00fcn\u00fc saat 11-de Aqmescitte Umumavropa natsizm ve stalinizm qurbanlar\u0131n\u0131\u00f1 hat\u0131ras\u0131 k\u00fcn\u00fcne miting \u00f6tkerilecek"},"content":{"rendered":"\n<p>Avgust 21-de QHA matbuat merkezinde Meclis reisini\u00f1 birinci muavini Refat \u00c7ubarov, K\u00e2tibiyetini\u00f1 ba\u015f\u0131 Zair Smedl\u00e2yev. &#8220;Ya\u015flar \u015furas\u0131&#8221; q\u0131r\u0131mtatar ya\u015flar te\u015fkil\u00e2t\u0131n\u0131\u00f1 reisi Dil\u00e2ver Akiyevni\u00f1 i\u015ftirakinde &#8220;Umumavropa natsizm ve stalinizm qurbanlar\u0131n\u0131\u00f1 hat\u0131ra k\u00fcn\u00fc munasebetinen \u00f6tkerilecek tedbirler aqq\u0131nda&#8221; mevzus\u0131na ba\u011f\u0131\u015flan\u011fan matbuat konferentsiyas\u0131 ol\u0131p ke\u00e7ti.<\/p>\n\n\n\n<p>Meclis reisini\u00f1 birinci muavini Refat \u00c7ubarov 2009 senesinden ba\u015flap er y\u0131l\u0131 Milliy Meclis ukrain milliy-demokratik ve q\u0131r\u0131mtatar cemaat te\u015fkil\u00e2tlar\u0131nen birlikte Umumavropa natsizm ve stalinizm qurbanlar\u0131n\u0131\u00f1 hat\u0131ra k\u00fcn\u00fc munasebetinen informatsion mitingler ke\u00e7irilgenini hat\u0131rlatt\u0131. Bu y\u0131l\u0131 avgust 23 k\u00fcn\u00fc saat 11-de Aqmescitni\u00f1 Sal\u011f\u0131r ba\u011f\u00e7as\u0131nda q\u0131r\u0131mtatar halq\u0131 s\u00fcrg\u00fcnligi qurbanlar\u0131n\u0131\u00f1 hat\u0131ra ta\u015f\u0131 \u00f6g\u00fcnde natsizm ve stalinizm, s\u00fcrg\u00fcnlik ve repressiyalar qurbanlar\u0131n\u0131\u00f1 hat\u0131ras\u0131na ba\u011f\u0131\u015flan\u011fan matem mitingi olacaq.<\/p>\n\n\n\n<p>Refat \u00c7ubarov OSCE parlament assambleyas\u0131n\u0131\u00f1 &#8220;B\u00f6l\u00fcngen Avropan\u0131 birle\u015ftir\u00fcv aqq\u0131nda: OSCE region\u0131nda 21-nci as\u0131rda insan aqlar\u0131 ve vatanda\u015fl\u0131q serbestliklerini taqdirlev&#8221; Qarar\u0131 aqq\u0131nda q\u0131sqadan tarif etip, mezk\u00fcr qarar Avropa parlamentini\u00f1 b\u00f6yle k\u00fcn olaraq ayn\u0131 avgust 23, Molotov-Ribbentrop uzla\u015fmas\u0131 k\u00fcn\u00fc de ol\u011fan, k\u00fcn belgilemek te\u015febb\u00fcsine qoltutt\u0131.<\/p>\n\n\n\n<p>&#8220;Bu y\u0131l\u0131, Q\u0131r\u0131mda ol\u011fan \u00e7e\u015fit vaqialar sebebinden biz insanlarn\u0131\u00f1 aktiv ol\u011fan\u0131, b\u00f6yle tedbirlerde i\u015ftirak etmek isteklerini k\u00f6remiz ve \u015fu k\u00fcn\u00fc 1000-ge yaq\u0131n adam toplan\u0131r, deymiz, &#8211; qayd etti \u00c7ubarov. Bundan da \u011fayr\u0131 o, dedi ki &#8220;eger bizim Ukraina devletimiz OSCE qararlar\u0131ndaki b\u00fct\u00fcn \u00e7a\u011f\u0131ruvlar\u011fa seslenseydi, biz bir \u00e7oq keli\u015fmemezliklerden, bilhassa natsizm ve stalinizm kibi totalitar rejimlerni\u00f1 qurbanlar\u0131n\u0131 aqlamaq davetlerinden qa\u00e7\u0131n\u0131r edik. Teess\u00fcf ki, bizim memleketimizde b\u00f6yle bir \u015fey olmay.<\/p>\n\n\n\n<p>Men Ukraina Tel\u00fckesizlik h\u0131zmeti kibi hususiy bir idare aqq\u0131nda aytmaq isteyim. So\u00f1ki vaq\u0131tta \u00e7e\u015fit m\u00fcellif, siyaset\u00e7i, cemaat erbaplar\u0131 tarih\u0131m\u0131z\u011fa q\u0131ymet keserken s\u00f6yledikleri fikirlerini olarn\u0131\u00f1 d\u00fcnyabaq\u0131\u015flar\u0131nen a\u00f1latmaq m\u00fcmk\u00fcn olur edi. Daa bir taraftan ise bun\u0131 men bu insanlar SSSRni\u00f1 20-40 y\u0131l evelki siyasetini bilmegenlerinen de a\u00f1lat\u0131r edim, &#8211; dedi \u00c7ubarov. \u2013OSCE Qarar\u0131nda b\u00fct\u00fcn devletlerni \u00f6z tarihiy ve, diqqat eti\u00f1iz ki, siyasiy arhivlerni a\u00e7malar\u0131na \u00e7a\u011f\u0131r\u011fan bir madde bar. Siyasiy arhivler tam manada sovet bek\u00e7iligini\u00f1 \u00e7e\u015fit \u015fekillerinde ol\u011fan \u0130\u00e7ki i\u015fler nazirligi, sab\u0131q KGB, prokuraturan\u0131\u00f1 arhivleridir. Zan\u0131mca, bizim Ukraina Tel\u00fckesizlik h\u0131zmeti \u00e7oqtan b\u00fct\u00fcnukrain, c\u00fcmleden UTHn\u0131\u00f1 bir q\u0131sm\u0131 ol\u011fan Q\u0131r\u0131m idaresini\u00f1, \u00e7a\u011fr\u0131s\u0131na seslenerek mahkeme, taliliy spravkalar, maruzalar, \u00e7\u0131q\u0131\u015flar, q\u0131r\u0131mtatarlarn\u0131\u00f1 zorbal\u0131qla s\u00fcrg\u00fcnligi aqq\u0131nda mal\u00fcmatlarn\u0131 a\u00e7mas\u0131 kerek.<\/p>\n\n\n\n<figure class=\"wp-block-image size-full\"><img loading=\"lazy\" decoding=\"async\" width=\"650\" height=\"350\" src=\"http:\/\/qtmm.org\/wp-content\/uploads\/2022\/01\/img_4184.jpeg\" alt=\"\" class=\"wp-image-38924\" srcset=\"https:\/\/qtmm.org\/wp-content\/uploads\/2022\/01\/img_4184.jpeg 650w, https:\/\/qtmm.org\/wp-content\/uploads\/2022\/01\/img_4184-300x162.jpeg 300w\" sizes=\"auto, (max-width: 650px) 100vw, 650px\" \/><\/figure>\n\n\n\n<p>Q\u0131r\u0131mda ya\u015fa\u011fanlarn\u0131\u00f1 \u00e7oqus\u0131 sovet akimiyeti q\u0131r\u0131mtatarlar\u011fa nisbeten ve olarn\u0131\u00f1 tarihiy vatanlar\u0131 Q\u0131r\u0131m\u011fa qaytmas\u0131na, yani insan aqlar\u0131n\u0131\u00f1 \u011fayr\u0131dan tiklenilmesine qar\u015f\u0131 qullan\u011fan siyasiy areketleri aqq\u0131nda bilmeyler. Bu, Q\u0131r\u0131mda ya\u015fa\u011fan bug\u00fcnki nesil SSSR devrindeki akimiyet q\u0131r\u0131mtatarlarn\u0131\u00f1 qaytmas\u0131na, \u00f6z aqlar\u0131 o\u011frundaki k\u00fcre\u015flerine qar\u015f\u0131 munasebeti nas\u0131l ol\u011fan\u0131n\u0131 bilmesi i\u00e7\u00fcn zarur. Tel\u00fckesizlik h\u0131zmet arhivlerini\u00f1 a\u00e7\u0131lmas\u0131 sayesinde ara\u015ft\u0131rmac\u0131lar ve cemaat erbaplar\u0131 talil etecegi ceryanlarn\u0131 yah\u015f\u0131ca a\u00f1lap olur ediler, &#8211; dedi Meclis reisini\u00f1 birinci muavini.<\/p>\n\n\n\n<p>&#8220;Ya\u015flar \u015furas\u0131&#8221; q\u0131r\u0131mtatar ya\u015flar te\u015fkil\u00e2t\u0131n\u0131\u00f1 reisi Dil\u00e2ver Akiyev Aqmescit \u015feer \u015furas\u0131 olacaq tedbir aqq\u0131nda qanun\u011fa k\u00f6re haberdar etilgenini bildirdi. Bun\u0131\u00f1 kibi de o, Stalin ve stalincilikni\u00f1 so\u00f1ki vaq\u0131tta ep aktiv te\u015fviq etilmesine qar\u015f\u0131 ya\u015flar daa da faal olma\u011fa \u00e7a\u011f\u0131ralar, dep, te\u015fviq misali olaraq 2013 senesi iy\u00fcn 22-de cumhuriyetni\u00f1 yolba\u015f\u00e7\u0131lar\u0131 Ebediy alev yan\u0131ndaki Stalin portretine \u00e7e\u00e7ekler qoy\u011fan\u0131n\u0131 hat\u0131rlatt\u0131.<\/p>\n\n\n\n<p>Miting ke\u00e7irmek zarurl\u0131\u011f\u0131 aqq\u0131nda s\u00f6yleyerek semetde\u015flerimizni onda faal qat\u0131lma\u011fa \u00e7a\u011f\u0131r\u011fan Meclis K\u00e2tibiyetini\u00f1 ba\u015f\u0131 Zair Smedl\u00e2yev Q\u0131r\u0131m ve Ukrainada Stalinni\u00f1 cinaiy rejimini aqla\u011fan bir s\u0131ra vaqialar aqq\u0131nda aytt\u0131. Olar s\u0131ras\u0131nda Smedl\u00e2yev 2012 senesi dekabr ay\u0131nda Stalinni propaganda etken ve on\u0131\u00f1 do\u011f\u011fan k\u00fcn\u00fc \u015ferefine yap\u0131l\u011fan sergi, Stalin portretine \u00e7e\u00e7ekler qoymaq, q\u0131r\u0131mtatarlar\u011fa nisbeten iftira sa\u00e7qan &#8220;Hat\u0131ra kitab\u0131&#8221; kibi misallerni ketirdi. &#8220;Bu kitapta Tel\u00fckesizlik h\u0131zmetine s\u0131ltav ketirilip, sahte mal\u00fcmat berile. A\u00e7\u0131qtan-a\u00e7\u0131q yalan\u011fa UTHni celp ettiler, bu idare ise resmiy reddiyesini beyan etmedi. Yani b\u00f6yle alda mezk\u00fcr idare q\u0131r\u0131mtatarlar\u011fa nisbeten munasebetni\u00f1, q\u0131r\u0131mtatarlarn\u0131 tarihten ba\u015flap bug\u00fcnge qadar satq\u0131n etip k\u00f6stermek areketlerine ortaq ola, &#8211; dedi Z. Smedl\u00e2yev.<\/p>\n\n\n\n<p>B\u00fct\u00fcn bu vaqialar cemaat\u00e7\u0131l\u0131\u011f\u0131m\u0131zn\u0131 qoz\u011fad\u0131lar, &#8211; dedi Zair Smedl\u00e2yev, &#8211; \u015fun\u0131\u00f1 i\u00e7\u00fcn de semetde\u015flerimiz bu tedbirni ke\u00e7irmemizni rica etip, m\u0131tlaqa qat\u0131lacaqlar\u0131n\u0131 bildirdiler.<\/p>\n\n\n\n<p>Biz b\u00fct\u00fcn semetde\u015flerimizni avgust 23 k\u00fcn\u00fc saat 11-de Sal\u011f\u0131r ba\u011f\u00e7as\u0131na Q\u0131r\u0131mdan s\u00fcrg\u00fcn et\u00fcv qurbanlar\u0131n\u0131\u00f1 hat\u0131ra ta\u015f\u0131 yan\u0131na kelip, aktsiyada i\u015ftirak etmek ve b\u00f6yleliknen stalin ve natsist rejimleri yapqan cinayetliklerge munasebetlerini k\u00f6stermelerine \u00e7a\u011f\u0131ram\u0131z&#8221;.<\/p>\n\n\n\n<p>Matbuat konferentsiyan\u0131\u00f1 so\u00f1unda Refat \u00c7ubarov Umumavropa natsizm ve stalinizm qurbanlar\u0131n\u0131\u00f1 hat\u0131ra k\u00fcn\u00fc munasebetinen \u00f6tkerilecek informatsion pikette siyasiy baq\u0131\u015flar\u0131ndan ve milliy mens\u00fcpliginden qatiy nazar er angi insan qat\u0131la ve qoltutabilecegine diqqatn\u0131 celp etti.<\/p>\n\n\n\n<figure class=\"wp-block-image size-full\"><img loading=\"lazy\" decoding=\"async\" width=\"640\" height=\"480\" src=\"http:\/\/qtmm.org\/wp-content\/uploads\/2022\/01\/50360b1fcd7c2.jpeg\" alt=\"\" class=\"wp-image-38928\" srcset=\"https:\/\/qtmm.org\/wp-content\/uploads\/2022\/01\/50360b1fcd7c2.jpeg 640w, https:\/\/qtmm.org\/wp-content\/uploads\/2022\/01\/50360b1fcd7c2-300x225.jpeg 300w\" sizes=\"auto, (max-width: 640px) 100vw, 640px\" \/><\/figure>\n","protected":false},"excerpt":{"rendered":"<p>Avgust 21-de QHA matbuat merkezinde Meclis reisini\u00f1 birinci muavini Refat \u00c7ubarov, K\u00e2tibiyetini\u00f1 ba\u015f\u0131 Zair Smedl\u00e2yev. &#8220;Ya\u015flar \u015furas\u0131&#8221; q\u0131r\u0131mtatar ya\u015flar te\u015fkil\u00e2t\u0131n\u0131\u00f1 reisi Dil\u00e2ver Akiyevni\u00f1 i\u015ftirakinde &#8220;Umumavropa natsizm ve stalinizm qurbanlar\u0131n\u0131\u00f1 hat\u0131ra k\u00fcn\u00fc munasebetinen \u00f6tkerilecek tedbirler aqq\u0131nda&#8221; mevzus\u0131na ba\u011f\u0131\u015flan\u011fan matbuat konferentsiyas\u0131 ol\u0131p ke\u00e7ti. Meclis reisini\u00f1 birinci muavini Refat \u00c7ubarov 2009 senesinden ba\u015flap er y\u0131l\u0131 Milliy Meclis ukrain [&hellip;]<\/p>\n","protected":false},"author":1,"featured_media":38920,"comment_status":"open","ping_status":"open","sticky":false,"template":"","format":"standard","meta":{"inline_featured_image":false,"footnotes":""},"categories":[265],"tags":[],"class_list":["post-38919","post","type-post","status-publish","format-standard","has-post-thumbnail","hentry","category-haberler"],"acf":[],"yoast_head":"<!-- This site is optimized with the Yoast SEO plugin v27.4 - https:\/\/yoast.com\/product\/yoast-seo-wordpress\/ -->\n<title>Avgust 23 k\u00fcn\u00fc saat 11-de Aqmescitte Umumavropa natsizm ve stalinizm qurbanlar\u0131n\u0131\u00f1 hat\u0131ras\u0131 k\u00fcn\u00fcne miting \u00f6tkerilecek - \u041c\u0435\u0434\u0436\u043b\u0456\u0441<\/title>\n<meta name=\"robots\" content=\"index, follow, max-snippet:-1, max-image-preview:large, max-video-preview:-1\" \/>\n<link rel=\"canonical\" href=\"https:\/\/qtmm.org\/qt\/avgust-23-kunu-saat-11-de-aqmescitte-umumavropa-natsizm-ve-stalinizm-qurbanlarinin-hatirasi-kunune-miting-otkerilecek\/\" \/>\n<meta property=\"og:locale\" content=\"en_US\" \/>\n<meta property=\"og:type\" content=\"article\" \/>\n<meta property=\"og:title\" content=\"Avgust 23 k\u00fcn\u00fc saat 11-de Aqmescitte Umumavropa natsizm ve stalinizm qurbanlar\u0131n\u0131\u00f1 hat\u0131ras\u0131 k\u00fcn\u00fcne miting \u00f6tkerilecek - \u041c\u0435\u0434\u0436\u043b\u0456\u0441\" \/>\n<meta property=\"og:description\" content=\"Avgust 21-de QHA matbuat merkezinde Meclis reisini\u00f1 birinci muavini Refat \u00c7ubarov, K\u00e2tibiyetini\u00f1 ba\u015f\u0131 Zair Smedl\u00e2yev. &#8220;Ya\u015flar \u015furas\u0131&#8221; q\u0131r\u0131mtatar ya\u015flar te\u015fkil\u00e2t\u0131n\u0131\u00f1 reisi Dil\u00e2ver Akiyevni\u00f1 i\u015ftirakinde &#8220;Umumavropa natsizm ve stalinizm qurbanlar\u0131n\u0131\u00f1 hat\u0131ra k\u00fcn\u00fc munasebetinen \u00f6tkerilecek tedbirler aqq\u0131nda&#8221; mevzus\u0131na ba\u011f\u0131\u015flan\u011fan matbuat konferentsiyas\u0131 ol\u0131p ke\u00e7ti. Meclis reisini\u00f1 birinci muavini Refat \u00c7ubarov 2009 senesinden ba\u015flap er y\u0131l\u0131 Milliy Meclis ukrain [&hellip;]\" \/>\n<meta property=\"og:url\" content=\"https:\/\/qtmm.org\/qt\/avgust-23-kunu-saat-11-de-aqmescitte-umumavropa-natsizm-ve-stalinizm-qurbanlarinin-hatirasi-kunune-miting-otkerilecek\/\" \/>\n<meta property=\"og:site_name\" content=\"\u041c\u0435\u0434\u0436\u043b\u0456\u0441\" \/>\n<meta property=\"article:publisher\" content=\"https:\/\/www.facebook.com\/qtmm.info\/\" \/>\n<meta property=\"article:published_time\" content=\"2013-08-21T13:12:00+00:00\" \/>\n<meta property=\"article:modified_time\" content=\"2022-01-25T13:13:28+00:00\" \/>\n<meta property=\"og:image\" content=\"https:\/\/qtmm.org\/wp-content\/uploads\/2022\/01\/img_4178.jpeg\" \/>\n\t<meta property=\"og:image:width\" content=\"650\" \/>\n\t<meta property=\"og:image:height\" content=\"386\" \/>\n\t<meta property=\"og:image:type\" content=\"image\/jpeg\" \/>\n<meta name=\"author\" content=\"Developer\" \/>\n<meta name=\"twitter:card\" content=\"summary_large_image\" \/>\n<meta name=\"twitter:label1\" content=\"Written by\" \/>\n\t<meta name=\"twitter:data1\" content=\"Developer\" \/>\n\t<meta name=\"twitter:label2\" content=\"Est. reading time\" \/>\n\t<meta name=\"twitter:data2\" content=\"5 minutes\" \/>\n<script type=\"application\/ld+json\" class=\"yoast-schema-graph\">{\"@context\":\"https:\\\/\\\/schema.org\",\"@graph\":[{\"@type\":\"Article\",\"@id\":\"https:\\\/\\\/qtmm.org\\\/qt\\\/avgust-23-kunu-saat-11-de-aqmescitte-umumavropa-natsizm-ve-stalinizm-qurbanlarinin-hatirasi-kunune-miting-otkerilecek\\\/#article\",\"isPartOf\":{\"@id\":\"https:\\\/\\\/qtmm.org\\\/qt\\\/avgust-23-kunu-saat-11-de-aqmescitte-umumavropa-natsizm-ve-stalinizm-qurbanlarinin-hatirasi-kunune-miting-otkerilecek\\\/\"},\"author\":{\"name\":\"Developer\",\"@id\":\"https:\\\/\\\/qtmm.org\\\/qt\\\/#\\\/schema\\\/person\\\/de562469f971dec226ac06e60bbf74a7\"},\"headline\":\"Avgust 23 k\u00fcn\u00fc saat 11-de Aqmescitte Umumavropa natsizm ve stalinizm qurbanlar\u0131n\u0131\u00f1 hat\u0131ras\u0131 k\u00fcn\u00fcne miting \u00f6tkerilecek\",\"datePublished\":\"2013-08-21T13:12:00+00:00\",\"dateModified\":\"2022-01-25T13:13:28+00:00\",\"mainEntityOfPage\":{\"@id\":\"https:\\\/\\\/qtmm.org\\\/qt\\\/avgust-23-kunu-saat-11-de-aqmescitte-umumavropa-natsizm-ve-stalinizm-qurbanlarinin-hatirasi-kunune-miting-otkerilecek\\\/\"},\"wordCount\":952,\"commentCount\":0,\"publisher\":{\"@id\":\"https:\\\/\\\/qtmm.org\\\/qt\\\/#organization\"},\"image\":{\"@id\":\"https:\\\/\\\/qtmm.org\\\/qt\\\/avgust-23-kunu-saat-11-de-aqmescitte-umumavropa-natsizm-ve-stalinizm-qurbanlarinin-hatirasi-kunune-miting-otkerilecek\\\/#primaryimage\"},\"thumbnailUrl\":\"https:\\\/\\\/qtmm.org\\\/wp-content\\\/uploads\\\/2022\\\/01\\\/img_4178.jpeg\",\"articleSection\":[\"Haberler\"],\"inLanguage\":\"qt\",\"potentialAction\":[{\"@type\":\"CommentAction\",\"name\":\"Comment\",\"target\":[\"https:\\\/\\\/qtmm.org\\\/qt\\\/avgust-23-kunu-saat-11-de-aqmescitte-umumavropa-natsizm-ve-stalinizm-qurbanlarinin-hatirasi-kunune-miting-otkerilecek\\\/#respond\"]}]},{\"@type\":\"WebPage\",\"@id\":\"https:\\\/\\\/qtmm.org\\\/qt\\\/avgust-23-kunu-saat-11-de-aqmescitte-umumavropa-natsizm-ve-stalinizm-qurbanlarinin-hatirasi-kunune-miting-otkerilecek\\\/\",\"url\":\"https:\\\/\\\/qtmm.org\\\/qt\\\/avgust-23-kunu-saat-11-de-aqmescitte-umumavropa-natsizm-ve-stalinizm-qurbanlarinin-hatirasi-kunune-miting-otkerilecek\\\/\",\"name\":\"Avgust 23 k\u00fcn\u00fc saat 11-de Aqmescitte Umumavropa natsizm ve stalinizm qurbanlar\u0131n\u0131\u00f1 hat\u0131ras\u0131 k\u00fcn\u00fcne miting \u00f6tkerilecek - \u041c\u0435\u0434\u0436\u043b\u0456\u0441\",\"isPartOf\":{\"@id\":\"https:\\\/\\\/qtmm.org\\\/qt\\\/#website\"},\"primaryImageOfPage\":{\"@id\":\"https:\\\/\\\/qtmm.org\\\/qt\\\/avgust-23-kunu-saat-11-de-aqmescitte-umumavropa-natsizm-ve-stalinizm-qurbanlarinin-hatirasi-kunune-miting-otkerilecek\\\/#primaryimage\"},\"image\":{\"@id\":\"https:\\\/\\\/qtmm.org\\\/qt\\\/avgust-23-kunu-saat-11-de-aqmescitte-umumavropa-natsizm-ve-stalinizm-qurbanlarinin-hatirasi-kunune-miting-otkerilecek\\\/#primaryimage\"},\"thumbnailUrl\":\"https:\\\/\\\/qtmm.org\\\/wp-content\\\/uploads\\\/2022\\\/01\\\/img_4178.jpeg\",\"datePublished\":\"2013-08-21T13:12:00+00:00\",\"dateModified\":\"2022-01-25T13:13:28+00:00\",\"breadcrumb\":{\"@id\":\"https:\\\/\\\/qtmm.org\\\/qt\\\/avgust-23-kunu-saat-11-de-aqmescitte-umumavropa-natsizm-ve-stalinizm-qurbanlarinin-hatirasi-kunune-miting-otkerilecek\\\/#breadcrumb\"},\"inLanguage\":\"qt\",\"potentialAction\":[{\"@type\":\"ReadAction\",\"target\":[\"https:\\\/\\\/qtmm.org\\\/qt\\\/avgust-23-kunu-saat-11-de-aqmescitte-umumavropa-natsizm-ve-stalinizm-qurbanlarinin-hatirasi-kunune-miting-otkerilecek\\\/\"]}]},{\"@type\":\"ImageObject\",\"inLanguage\":\"qt\",\"@id\":\"https:\\\/\\\/qtmm.org\\\/qt\\\/avgust-23-kunu-saat-11-de-aqmescitte-umumavropa-natsizm-ve-stalinizm-qurbanlarinin-hatirasi-kunune-miting-otkerilecek\\\/#primaryimage\",\"url\":\"https:\\\/\\\/qtmm.org\\\/wp-content\\\/uploads\\\/2022\\\/01\\\/img_4178.jpeg\",\"contentUrl\":\"https:\\\/\\\/qtmm.org\\\/wp-content\\\/uploads\\\/2022\\\/01\\\/img_4178.jpeg\",\"width\":650,\"height\":386},{\"@type\":\"BreadcrumbList\",\"@id\":\"https:\\\/\\\/qtmm.org\\\/qt\\\/avgust-23-kunu-saat-11-de-aqmescitte-umumavropa-natsizm-ve-stalinizm-qurbanlarinin-hatirasi-kunune-miting-otkerilecek\\\/#breadcrumb\",\"itemListElement\":[{\"@type\":\"ListItem\",\"position\":1,\"name\":\"\u0413\u043e\u043b\u043e\u0432\u043d\u0430\",\"item\":\"https:\\\/\\\/qtmm.org\\\/qt\\\/\"},{\"@type\":\"ListItem\",\"position\":2,\"name\":\"Avgust 23 k\u00fcn\u00fc saat 11-de Aqmescitte Umumavropa natsizm ve stalinizm qurbanlar\u0131n\u0131\u00f1 hat\u0131ras\u0131 k\u00fcn\u00fcne miting \u00f6tkerilecek\"}]},{\"@type\":\"WebSite\",\"@id\":\"https:\\\/\\\/qtmm.org\\\/qt\\\/#website\",\"url\":\"https:\\\/\\\/qtmm.org\\\/qt\\\/\",\"name\":\"\u041c\u0435\u0434\u0436\u043b\u0456\u0441\",\"description\":\"\",\"publisher\":{\"@id\":\"https:\\\/\\\/qtmm.org\\\/qt\\\/#organization\"},\"potentialAction\":[{\"@type\":\"SearchAction\",\"target\":{\"@type\":\"EntryPoint\",\"urlTemplate\":\"https:\\\/\\\/qtmm.org\\\/qt\\\/?s={search_term_string}\"},\"query-input\":{\"@type\":\"PropertyValueSpecification\",\"valueRequired\":true,\"valueName\":\"search_term_string\"}}],\"inLanguage\":\"qt\"},{\"@type\":\"Organization\",\"@id\":\"https:\\\/\\\/qtmm.org\\\/qt\\\/#organization\",\"name\":\"\u041c\u0435\u0434\u0436\u043b\u0456\u0441\",\"url\":\"https:\\\/\\\/qtmm.org\\\/qt\\\/\",\"logo\":{\"@type\":\"ImageObject\",\"inLanguage\":\"qt\",\"@id\":\"https:\\\/\\\/qtmm.org\\\/qt\\\/#\\\/schema\\\/logo\\\/image\\\/\",\"url\":\"https:\\\/\\\/qtmm.org\\\/wp-content\\\/uploads\\\/2024\\\/12\\\/ua-mejlis-logo-rgb.svg\",\"contentUrl\":\"https:\\\/\\\/qtmm.org\\\/wp-content\\\/uploads\\\/2024\\\/12\\\/ua-mejlis-logo-rgb.svg\",\"caption\":\"\u041c\u0435\u0434\u0436\u043b\u0456\u0441\"},\"image\":{\"@id\":\"https:\\\/\\\/qtmm.org\\\/qt\\\/#\\\/schema\\\/logo\\\/image\\\/\"},\"sameAs\":[\"https:\\\/\\\/www.facebook.com\\\/qtmm.info\\\/\"]},{\"@type\":\"Person\",\"@id\":\"https:\\\/\\\/qtmm.org\\\/qt\\\/#\\\/schema\\\/person\\\/de562469f971dec226ac06e60bbf74a7\",\"name\":\"Developer\",\"image\":{\"@type\":\"ImageObject\",\"inLanguage\":\"qt\",\"@id\":\"https:\\\/\\\/secure.gravatar.com\\\/avatar\\\/392b4cc8fbfeb00b39dfeeab4ee6edded39ffd48e25858637e4765810300227e?s=96&d=mm&r=g\",\"url\":\"https:\\\/\\\/secure.gravatar.com\\\/avatar\\\/392b4cc8fbfeb00b39dfeeab4ee6edded39ffd48e25858637e4765810300227e?s=96&d=mm&r=g\",\"contentUrl\":\"https:\\\/\\\/secure.gravatar.com\\\/avatar\\\/392b4cc8fbfeb00b39dfeeab4ee6edded39ffd48e25858637e4765810300227e?s=96&d=mm&r=g\",\"caption\":\"Developer\"},\"url\":\"https:\\\/\\\/qtmm.org\\\/qt\\\/author\\\/Developer\\\/\"}]}<\/script>\n<!-- \/ Yoast SEO plugin. -->","yoast_head_json":{"title":"Avgust 23 k\u00fcn\u00fc saat 11-de Aqmescitte Umumavropa natsizm ve stalinizm qurbanlar\u0131n\u0131\u00f1 hat\u0131ras\u0131 k\u00fcn\u00fcne miting \u00f6tkerilecek - \u041c\u0435\u0434\u0436\u043b\u0456\u0441","robots":{"index":"index","follow":"follow","max-snippet":"max-snippet:-1","max-image-preview":"max-image-preview:large","max-video-preview":"max-video-preview:-1"},"canonical":"https:\/\/qtmm.org\/qt\/avgust-23-kunu-saat-11-de-aqmescitte-umumavropa-natsizm-ve-stalinizm-qurbanlarinin-hatirasi-kunune-miting-otkerilecek\/","og_locale":"en_US","og_type":"article","og_title":"Avgust 23 k\u00fcn\u00fc saat 11-de Aqmescitte Umumavropa natsizm ve stalinizm qurbanlar\u0131n\u0131\u00f1 hat\u0131ras\u0131 k\u00fcn\u00fcne miting \u00f6tkerilecek - \u041c\u0435\u0434\u0436\u043b\u0456\u0441","og_description":"Avgust 21-de QHA matbuat merkezinde Meclis reisini\u00f1 birinci muavini Refat \u00c7ubarov, K\u00e2tibiyetini\u00f1 ba\u015f\u0131 Zair Smedl\u00e2yev. &#8220;Ya\u015flar \u015furas\u0131&#8221; q\u0131r\u0131mtatar ya\u015flar te\u015fkil\u00e2t\u0131n\u0131\u00f1 reisi Dil\u00e2ver Akiyevni\u00f1 i\u015ftirakinde &#8220;Umumavropa natsizm ve stalinizm qurbanlar\u0131n\u0131\u00f1 hat\u0131ra k\u00fcn\u00fc munasebetinen \u00f6tkerilecek tedbirler aqq\u0131nda&#8221; mevzus\u0131na ba\u011f\u0131\u015flan\u011fan matbuat konferentsiyas\u0131 ol\u0131p ke\u00e7ti. Meclis reisini\u00f1 birinci muavini Refat \u00c7ubarov 2009 senesinden ba\u015flap er y\u0131l\u0131 Milliy Meclis ukrain [&hellip;]","og_url":"https:\/\/qtmm.org\/qt\/avgust-23-kunu-saat-11-de-aqmescitte-umumavropa-natsizm-ve-stalinizm-qurbanlarinin-hatirasi-kunune-miting-otkerilecek\/","og_site_name":"\u041c\u0435\u0434\u0436\u043b\u0456\u0441","article_publisher":"https:\/\/www.facebook.com\/qtmm.info\/","article_published_time":"2013-08-21T13:12:00+00:00","article_modified_time":"2022-01-25T13:13:28+00:00","og_image":[{"width":650,"height":386,"url":"https:\/\/qtmm.org\/wp-content\/uploads\/2022\/01\/img_4178.jpeg","type":"image\/jpeg"}],"author":"Developer","twitter_card":"summary_large_image","twitter_misc":{"Written by":"Developer","Est. reading time":"5 minutes"},"schema":{"@context":"https:\/\/schema.org","@graph":[{"@type":"Article","@id":"https:\/\/qtmm.org\/qt\/avgust-23-kunu-saat-11-de-aqmescitte-umumavropa-natsizm-ve-stalinizm-qurbanlarinin-hatirasi-kunune-miting-otkerilecek\/#article","isPartOf":{"@id":"https:\/\/qtmm.org\/qt\/avgust-23-kunu-saat-11-de-aqmescitte-umumavropa-natsizm-ve-stalinizm-qurbanlarinin-hatirasi-kunune-miting-otkerilecek\/"},"author":{"name":"Developer","@id":"https:\/\/qtmm.org\/qt\/#\/schema\/person\/de562469f971dec226ac06e60bbf74a7"},"headline":"Avgust 23 k\u00fcn\u00fc saat 11-de Aqmescitte Umumavropa natsizm ve stalinizm qurbanlar\u0131n\u0131\u00f1 hat\u0131ras\u0131 k\u00fcn\u00fcne miting \u00f6tkerilecek","datePublished":"2013-08-21T13:12:00+00:00","dateModified":"2022-01-25T13:13:28+00:00","mainEntityOfPage":{"@id":"https:\/\/qtmm.org\/qt\/avgust-23-kunu-saat-11-de-aqmescitte-umumavropa-natsizm-ve-stalinizm-qurbanlarinin-hatirasi-kunune-miting-otkerilecek\/"},"wordCount":952,"commentCount":0,"publisher":{"@id":"https:\/\/qtmm.org\/qt\/#organization"},"image":{"@id":"https:\/\/qtmm.org\/qt\/avgust-23-kunu-saat-11-de-aqmescitte-umumavropa-natsizm-ve-stalinizm-qurbanlarinin-hatirasi-kunune-miting-otkerilecek\/#primaryimage"},"thumbnailUrl":"https:\/\/qtmm.org\/wp-content\/uploads\/2022\/01\/img_4178.jpeg","articleSection":["Haberler"],"inLanguage":"qt","potentialAction":[{"@type":"CommentAction","name":"Comment","target":["https:\/\/qtmm.org\/qt\/avgust-23-kunu-saat-11-de-aqmescitte-umumavropa-natsizm-ve-stalinizm-qurbanlarinin-hatirasi-kunune-miting-otkerilecek\/#respond"]}]},{"@type":"WebPage","@id":"https:\/\/qtmm.org\/qt\/avgust-23-kunu-saat-11-de-aqmescitte-umumavropa-natsizm-ve-stalinizm-qurbanlarinin-hatirasi-kunune-miting-otkerilecek\/","url":"https:\/\/qtmm.org\/qt\/avgust-23-kunu-saat-11-de-aqmescitte-umumavropa-natsizm-ve-stalinizm-qurbanlarinin-hatirasi-kunune-miting-otkerilecek\/","name":"Avgust 23 k\u00fcn\u00fc saat 11-de Aqmescitte Umumavropa natsizm ve stalinizm qurbanlar\u0131n\u0131\u00f1 hat\u0131ras\u0131 k\u00fcn\u00fcne miting \u00f6tkerilecek - \u041c\u0435\u0434\u0436\u043b\u0456\u0441","isPartOf":{"@id":"https:\/\/qtmm.org\/qt\/#website"},"primaryImageOfPage":{"@id":"https:\/\/qtmm.org\/qt\/avgust-23-kunu-saat-11-de-aqmescitte-umumavropa-natsizm-ve-stalinizm-qurbanlarinin-hatirasi-kunune-miting-otkerilecek\/#primaryimage"},"image":{"@id":"https:\/\/qtmm.org\/qt\/avgust-23-kunu-saat-11-de-aqmescitte-umumavropa-natsizm-ve-stalinizm-qurbanlarinin-hatirasi-kunune-miting-otkerilecek\/#primaryimage"},"thumbnailUrl":"https:\/\/qtmm.org\/wp-content\/uploads\/2022\/01\/img_4178.jpeg","datePublished":"2013-08-21T13:12:00+00:00","dateModified":"2022-01-25T13:13:28+00:00","breadcrumb":{"@id":"https:\/\/qtmm.org\/qt\/avgust-23-kunu-saat-11-de-aqmescitte-umumavropa-natsizm-ve-stalinizm-qurbanlarinin-hatirasi-kunune-miting-otkerilecek\/#breadcrumb"},"inLanguage":"qt","potentialAction":[{"@type":"ReadAction","target":["https:\/\/qtmm.org\/qt\/avgust-23-kunu-saat-11-de-aqmescitte-umumavropa-natsizm-ve-stalinizm-qurbanlarinin-hatirasi-kunune-miting-otkerilecek\/"]}]},{"@type":"ImageObject","inLanguage":"qt","@id":"https:\/\/qtmm.org\/qt\/avgust-23-kunu-saat-11-de-aqmescitte-umumavropa-natsizm-ve-stalinizm-qurbanlarinin-hatirasi-kunune-miting-otkerilecek\/#primaryimage","url":"https:\/\/qtmm.org\/wp-content\/uploads\/2022\/01\/img_4178.jpeg","contentUrl":"https:\/\/qtmm.org\/wp-content\/uploads\/2022\/01\/img_4178.jpeg","width":650,"height":386},{"@type":"BreadcrumbList","@id":"https:\/\/qtmm.org\/qt\/avgust-23-kunu-saat-11-de-aqmescitte-umumavropa-natsizm-ve-stalinizm-qurbanlarinin-hatirasi-kunune-miting-otkerilecek\/#breadcrumb","itemListElement":[{"@type":"ListItem","position":1,"name":"\u0413\u043e\u043b\u043e\u0432\u043d\u0430","item":"https:\/\/qtmm.org\/qt\/"},{"@type":"ListItem","position":2,"name":"Avgust 23 k\u00fcn\u00fc saat 11-de Aqmescitte Umumavropa natsizm ve stalinizm qurbanlar\u0131n\u0131\u00f1 hat\u0131ras\u0131 k\u00fcn\u00fcne miting \u00f6tkerilecek"}]},{"@type":"WebSite","@id":"https:\/\/qtmm.org\/qt\/#website","url":"https:\/\/qtmm.org\/qt\/","name":"\u041c\u0435\u0434\u0436\u043b\u0456\u0441","description":"","publisher":{"@id":"https:\/\/qtmm.org\/qt\/#organization"},"potentialAction":[{"@type":"SearchAction","target":{"@type":"EntryPoint","urlTemplate":"https:\/\/qtmm.org\/qt\/?s={search_term_string}"},"query-input":{"@type":"PropertyValueSpecification","valueRequired":true,"valueName":"search_term_string"}}],"inLanguage":"qt"},{"@type":"Organization","@id":"https:\/\/qtmm.org\/qt\/#organization","name":"\u041c\u0435\u0434\u0436\u043b\u0456\u0441","url":"https:\/\/qtmm.org\/qt\/","logo":{"@type":"ImageObject","inLanguage":"qt","@id":"https:\/\/qtmm.org\/qt\/#\/schema\/logo\/image\/","url":"https:\/\/qtmm.org\/wp-content\/uploads\/2024\/12\/ua-mejlis-logo-rgb.svg","contentUrl":"https:\/\/qtmm.org\/wp-content\/uploads\/2024\/12\/ua-mejlis-logo-rgb.svg","caption":"\u041c\u0435\u0434\u0436\u043b\u0456\u0441"},"image":{"@id":"https:\/\/qtmm.org\/qt\/#\/schema\/logo\/image\/"},"sameAs":["https:\/\/www.facebook.com\/qtmm.info\/"]},{"@type":"Person","@id":"https:\/\/qtmm.org\/qt\/#\/schema\/person\/de562469f971dec226ac06e60bbf74a7","name":"Developer","image":{"@type":"ImageObject","inLanguage":"qt","@id":"https:\/\/secure.gravatar.com\/avatar\/392b4cc8fbfeb00b39dfeeab4ee6edded39ffd48e25858637e4765810300227e?s=96&d=mm&r=g","url":"https:\/\/secure.gravatar.com\/avatar\/392b4cc8fbfeb00b39dfeeab4ee6edded39ffd48e25858637e4765810300227e?s=96&d=mm&r=g","contentUrl":"https:\/\/secure.gravatar.com\/avatar\/392b4cc8fbfeb00b39dfeeab4ee6edded39ffd48e25858637e4765810300227e?s=96&d=mm&r=g","caption":"Developer"},"url":"https:\/\/qtmm.org\/qt\/author\/Developer\/"}]}},"_links":{"self":[{"href":"https:\/\/qtmm.org\/qt\/wp-json\/wp\/v2\/posts\/38919","targetHints":{"allow":["GET"]}}],"collection":[{"href":"https:\/\/qtmm.org\/qt\/wp-json\/wp\/v2\/posts"}],"about":[{"href":"https:\/\/qtmm.org\/qt\/wp-json\/wp\/v2\/types\/post"}],"author":[{"embeddable":true,"href":"https:\/\/qtmm.org\/qt\/wp-json\/wp\/v2\/users\/1"}],"replies":[{"embeddable":true,"href":"https:\/\/qtmm.org\/qt\/wp-json\/wp\/v2\/comments?post=38919"}],"version-history":[{"count":1,"href":"https:\/\/qtmm.org\/qt\/wp-json\/wp\/v2\/posts\/38919\/revisions"}],"predecessor-version":[{"id":38932,"href":"https:\/\/qtmm.org\/qt\/wp-json\/wp\/v2\/posts\/38919\/revisions\/38932"}],"wp:featuredmedia":[{"embeddable":true,"href":"https:\/\/qtmm.org\/qt\/wp-json\/wp\/v2\/media\/38920"}],"wp:attachment":[{"href":"https:\/\/qtmm.org\/qt\/wp-json\/wp\/v2\/media?parent=38919"}],"wp:term":[{"taxonomy":"category","embeddable":true,"href":"https:\/\/qtmm.org\/qt\/wp-json\/wp\/v2\/categories?post=38919"},{"taxonomy":"post_tag","embeddable":true,"href":"https:\/\/qtmm.org\/qt\/wp-json\/wp\/v2\/tags?post=38919"}],"curies":[{"name":"wp","href":"https:\/\/api.w.org\/{rel}","templated":true}]}}