




{"id":38913,"date":"2013-08-20T16:10:00","date_gmt":"2013-08-20T13:10:00","guid":{"rendered":"http:\/\/qtmm.org\/?p=38913"},"modified":"2022-01-25T16:12:04","modified_gmt":"2022-01-25T13:12:04","slug":"qirimtatar-halqi-meclisinin-yolbascilari-10-nci-butundunya-ukrainler-kongressinin-delegatlarini-acilisinen-hayirlap-mahsuldar-calismalar-tilediler","status":"publish","type":"post","link":"https:\/\/qtmm.org\/qt\/qirimtatar-halqi-meclisinin-yolbascilari-10-nci-butundunya-ukrainler-kongressinin-delegatlarini-acilisinen-hayirlap-mahsuldar-calismalar-tilediler\/","title":{"rendered":"Q\u0131r\u0131mtatar halq\u0131 Meclisini\u00f1 yolba\u015f\u00e7\u0131lar\u0131 10-nc\u0131 B\u00fct\u00fcnd\u00fcnya ukrainler kongressini\u00f1 delegatlar\u0131n\u0131 a\u00e7\u0131l\u0131\u015f\u0131nen hay\u0131rlap, mahsuldar \u00e7al\u0131\u015fmalar tilediler"},"content":{"rendered":"\n<p class=\"has-text-align-center\"><strong>B\u00dcT\u00dcND\u00dcNYA UKRA\u0130NLER KONGRESS\u0130N\u0130\u00d1 DELEGATLARINA<\/strong><\/p>\n\n\n\n<p class=\"has-text-align-center\"><br><strong>B\u00fct\u00fcnd\u00fcnya ukrainler kongressini\u00f1 say\u0131\u011f\u0131l\u0131 delegatlar\u0131!<\/strong><\/p>\n\n\n\n<p class=\"has-text-align-center\"><strong>Sizlerni 10-nc\u0131 B\u00fct\u00fcnd\u00fcnya ukrainler kongressini\u00f1 a\u00e7\u0131l\u0131\u015f\u0131nen hay\u0131rlaym\u0131z!<\/strong><\/p>\n\n\n\n<p>Eminmiz ki, b\u00fct\u00fcn d\u00fcnyadan ukrain cemiyetini\u00f1 \u00e7oqdegerli vekillerini\u00f1 \u015fanl\u0131 Lvov \u015feerinde toplanmas\u0131 ukrain milletine ve \u00e7oqmilletli ukrain cemiyetine demokratik Ukrainan\u0131 inki\u015faf ettir\u00fcvde ya\u00f1\u0131 k\u00fc\u00e7 ve \u011fayret berir.<\/p>\n\n\n\n<p>Q\u0131r\u0131mtatar ve ukrain halqlar\u0131 20-nci as\u0131rda totalitar kommunist rejimni\u00f1 h\u0131\u015f\u0131m\u0131na o\u011frat\u0131l\u0131p, a\u00e7l\u0131q, s\u00fcrg\u00fcnlik ve cezalar aqibetinde bi\u00f1lernen insanlar qurban kettiler.<\/p>\n\n\n\n<p>Y\u00fcce Rabbimizge \u015f\u00fck\u00fcrler olsun ki, halqlar\u0131m\u0131z dayand\u0131lar, q\u0131r\u0131lmad\u0131 ve b\u00fck\u00fclmediler, aksine \u00f6z serbestligi ve tuv\u011fan yurtunda ya\u015famaq aqq\u0131 i\u00e7\u00fcn k\u00fcre\u015fte daa ziyade pekindiler. \u00d6z halqlar\u0131n\u0131\u00f1 serbestligi i\u00e7\u00fcn k\u00fcre\u015fken bi\u00f1lernen ve bi\u00f1lernen k\u00fcre\u015f\u00e7ilerimizni b\u00fcy\u00fck itiram ile a\u00f1ay\u0131q!<\/p>\n\n\n\n<p>Bug\u00fcn bizni b\u00f6yle bir Ukraina devletini qurmaq istegi birle\u015ftire ki, onda ukrain milleti, tam\u0131r halqlar ve milliy azl\u0131qlarn\u0131\u00f1 serbest inki\u015faf\u0131 i\u00e7\u00fcn b\u00fct\u00fcn \u015faraitler yarat\u0131ls\u0131n. Eminmiz ki, beraber biz ba\u015fqa bir maqsad\u0131m\u0131z \u2013 Ukrainan\u0131\u00f1 Avropa halqlar\u0131n\u0131\u00f1 muabbet ailesi ol\u011fan Avropa Birligine kirmesine de iri\u015firmiz.<\/p>\n\n\n\n<p>Bilemiz ve inanam\u0131z ki, b\u00fct\u00fcn bu maqsadlarn\u0131 ker\u00e7ekle\u015ftirirmiz, \u00e7\u00fcnki halqlar\u0131m\u0131zn\u0131\u00f1 tarihiy ke\u00e7mi\u015fi Ukrainan\u0131\u00f1 eki tam\u0131r halqlar\u0131 \u2013 q\u0131r\u0131mtatarlar ve ukrainlerni\u00f1 k\u00fc\u00e7lerini birle\u015ftirmesi daima ye\u00f1i\u015flerge ketirgeninden del\u00e2let bere.<br><br>10-nc\u0131 B\u00fct\u00fcnd\u00fcnya ukrainler kongressini\u00f1 delegatlar\u0131na mahsuldar \u00e7al\u0131\u015fmalar tileymiz!<br><br>&nbsp;<\/p>\n\n\n\n<p><strong>Q\u0131r\u0131mtatar halq\u0131 Meclisini\u00f1 reisi,<\/strong><\/p>\n\n\n\n<p><strong>Ukraina halq deputat\u0131&nbsp;&nbsp;&nbsp;&nbsp;&nbsp;&nbsp;&nbsp;&nbsp;&nbsp;&nbsp;&nbsp;&nbsp;&nbsp;&nbsp;&nbsp;&nbsp;&nbsp;&nbsp;&nbsp;&nbsp;&nbsp;&nbsp;&nbsp;&nbsp;&nbsp;&nbsp;&nbsp;&nbsp;&nbsp;&nbsp;&nbsp;&nbsp;&nbsp;&nbsp;&nbsp;&nbsp;&nbsp;&nbsp;&nbsp;&nbsp;&nbsp;&nbsp;&nbsp;&nbsp;&nbsp;&nbsp;&nbsp; Mustafa Cemilev<br><br><br><br>B\u00fct\u00fcnd\u00fcnya q\u0131r\u0131mtatarlar kongressi<\/strong><\/p>\n\n\n\n<p><strong>Koordinatsion ke\u00f1e\u015fini\u00f1 reisi \u00a0 \u00a0 \u00a0\u00a0\u00a0\u00a0\u00a0\u00a0\u00a0\u00a0\u00a0\u00a0\u00a0\u00a0\u00a0\u00a0\u00a0\u00a0\u00a0\u00a0\u00a0\u00a0\u00a0\u00a0\u00a0\u00a0\u00a0\u00a0\u00a0\u00a0\u00a0\u00a0 Refat \u00c7ubarov<\/strong><br>\u00a0\u00a0\u00a0\u00a0\u00a0\u00a0<br><br><em><strong>g. Aqmescit<br>2013 senesi avgust 20<\/strong><\/em><\/p>\n\n\n\n<div class=\"wp-block-image\"><figure class=\"aligncenter size-full\"><img loading=\"lazy\" decoding=\"async\" width=\"650\" height=\"964\" src=\"http:\/\/qtmm.org\/wp-content\/uploads\/2022\/01\/delegatam_mirovogo_kongresa.jpeg\" alt=\"\" class=\"wp-image-38914\" srcset=\"https:\/\/qtmm.org\/wp-content\/uploads\/2022\/01\/delegatam_mirovogo_kongresa.jpeg 650w, https:\/\/qtmm.org\/wp-content\/uploads\/2022\/01\/delegatam_mirovogo_kongresa-202x300.jpeg 202w\" sizes=\"auto, (max-width: 650px) 100vw, 650px\" \/><\/figure><\/div>\n","protected":false},"excerpt":{"rendered":"<p>B\u00dcT\u00dcND\u00dcNYA UKRA\u0130NLER KONGRESS\u0130N\u0130\u00d1 DELEGATLARINA B\u00fct\u00fcnd\u00fcnya ukrainler kongressini\u00f1 say\u0131\u011f\u0131l\u0131 delegatlar\u0131! Sizlerni 10-nc\u0131 B\u00fct\u00fcnd\u00fcnya ukrainler kongressini\u00f1 a\u00e7\u0131l\u0131\u015f\u0131nen hay\u0131rlaym\u0131z! Eminmiz ki, b\u00fct\u00fcn d\u00fcnyadan ukrain cemiyetini\u00f1 \u00e7oqdegerli vekillerini\u00f1 \u015fanl\u0131 Lvov \u015feerinde toplanmas\u0131 ukrain milletine ve \u00e7oqmilletli ukrain cemiyetine demokratik Ukrainan\u0131 inki\u015faf ettir\u00fcvde ya\u00f1\u0131 k\u00fc\u00e7 ve \u011fayret berir. Q\u0131r\u0131mtatar ve ukrain halqlar\u0131 20-nci as\u0131rda totalitar kommunist rejimni\u00f1 h\u0131\u015f\u0131m\u0131na o\u011frat\u0131l\u0131p, a\u00e7l\u0131q, [&hellip;]<\/p>\n","protected":false},"author":1,"featured_media":0,"comment_status":"open","ping_status":"open","sticky":false,"template":"","format":"standard","meta":{"inline_featured_image":false,"footnotes":""},"categories":[265],"tags":[],"class_list":["post-38913","post","type-post","status-publish","format-standard","hentry","category-haberler"],"acf":[],"yoast_head":"<!-- This site is optimized with the Yoast SEO plugin v27.4 - https:\/\/yoast.com\/product\/yoast-seo-wordpress\/ -->\n<title>Q\u0131r\u0131mtatar halq\u0131 Meclisini\u00f1 yolba\u015f\u00e7\u0131lar\u0131 10-nc\u0131 B\u00fct\u00fcnd\u00fcnya ukrainler kongressini\u00f1 delegatlar\u0131n\u0131 a\u00e7\u0131l\u0131\u015f\u0131nen hay\u0131rlap, mahsuldar \u00e7al\u0131\u015fmalar tilediler - \u041c\u0435\u0434\u0436\u043b\u0456\u0441<\/title>\n<meta name=\"robots\" content=\"index, follow, max-snippet:-1, max-image-preview:large, max-video-preview:-1\" \/>\n<link rel=\"canonical\" href=\"https:\/\/qtmm.org\/qt\/qirimtatar-halqi-meclisinin-yolbascilari-10-nci-butundunya-ukrainler-kongressinin-delegatlarini-acilisinen-hayirlap-mahsuldar-calismalar-tilediler\/\" \/>\n<meta property=\"og:locale\" content=\"en_US\" \/>\n<meta property=\"og:type\" content=\"article\" \/>\n<meta property=\"og:title\" content=\"Q\u0131r\u0131mtatar halq\u0131 Meclisini\u00f1 yolba\u015f\u00e7\u0131lar\u0131 10-nc\u0131 B\u00fct\u00fcnd\u00fcnya ukrainler kongressini\u00f1 delegatlar\u0131n\u0131 a\u00e7\u0131l\u0131\u015f\u0131nen hay\u0131rlap, mahsuldar \u00e7al\u0131\u015fmalar tilediler - \u041c\u0435\u0434\u0436\u043b\u0456\u0441\" \/>\n<meta property=\"og:description\" content=\"B\u00dcT\u00dcND\u00dcNYA UKRA\u0130NLER KONGRESS\u0130N\u0130\u00d1 DELEGATLARINA B\u00fct\u00fcnd\u00fcnya ukrainler kongressini\u00f1 say\u0131\u011f\u0131l\u0131 delegatlar\u0131! Sizlerni 10-nc\u0131 B\u00fct\u00fcnd\u00fcnya ukrainler kongressini\u00f1 a\u00e7\u0131l\u0131\u015f\u0131nen hay\u0131rlaym\u0131z! Eminmiz ki, b\u00fct\u00fcn d\u00fcnyadan ukrain cemiyetini\u00f1 \u00e7oqdegerli vekillerini\u00f1 \u015fanl\u0131 Lvov \u015feerinde toplanmas\u0131 ukrain milletine ve \u00e7oqmilletli ukrain cemiyetine demokratik Ukrainan\u0131 inki\u015faf ettir\u00fcvde ya\u00f1\u0131 k\u00fc\u00e7 ve \u011fayret berir. Q\u0131r\u0131mtatar ve ukrain halqlar\u0131 20-nci as\u0131rda totalitar kommunist rejimni\u00f1 h\u0131\u015f\u0131m\u0131na o\u011frat\u0131l\u0131p, a\u00e7l\u0131q, [&hellip;]\" \/>\n<meta property=\"og:url\" content=\"https:\/\/qtmm.org\/qt\/qirimtatar-halqi-meclisinin-yolbascilari-10-nci-butundunya-ukrainler-kongressinin-delegatlarini-acilisinen-hayirlap-mahsuldar-calismalar-tilediler\/\" \/>\n<meta property=\"og:site_name\" content=\"\u041c\u0435\u0434\u0436\u043b\u0456\u0441\" \/>\n<meta property=\"article:publisher\" content=\"https:\/\/www.facebook.com\/qtmm.info\/\" \/>\n<meta property=\"article:published_time\" content=\"2013-08-20T13:10:00+00:00\" \/>\n<meta property=\"article:modified_time\" content=\"2022-01-25T13:12:04+00:00\" \/>\n<meta property=\"og:image\" content=\"https:\/\/qtmm.org\/wp-content\/uploads\/2022\/01\/delegatam_mirovogo_kongresa.jpeg\" \/>\n\t<meta property=\"og:image:width\" content=\"650\" \/>\n\t<meta property=\"og:image:height\" content=\"964\" \/>\n\t<meta property=\"og:image:type\" content=\"image\/jpeg\" \/>\n<meta name=\"author\" content=\"Developer\" \/>\n<meta name=\"twitter:card\" content=\"summary_large_image\" \/>\n<meta name=\"twitter:label1\" content=\"Written by\" \/>\n\t<meta name=\"twitter:data1\" content=\"Developer\" \/>\n\t<meta name=\"twitter:label2\" content=\"Est. reading time\" \/>\n\t<meta name=\"twitter:data2\" content=\"2 minutes\" \/>\n<script type=\"application\/ld+json\" class=\"yoast-schema-graph\">{\"@context\":\"https:\\\/\\\/schema.org\",\"@graph\":[{\"@type\":\"Article\",\"@id\":\"https:\\\/\\\/qtmm.org\\\/qt\\\/qirimtatar-halqi-meclisinin-yolbascilari-10-nci-butundunya-ukrainler-kongressinin-delegatlarini-acilisinen-hayirlap-mahsuldar-calismalar-tilediler\\\/#article\",\"isPartOf\":{\"@id\":\"https:\\\/\\\/qtmm.org\\\/qt\\\/qirimtatar-halqi-meclisinin-yolbascilari-10-nci-butundunya-ukrainler-kongressinin-delegatlarini-acilisinen-hayirlap-mahsuldar-calismalar-tilediler\\\/\"},\"author\":{\"name\":\"Developer\",\"@id\":\"https:\\\/\\\/qtmm.org\\\/qt\\\/#\\\/schema\\\/person\\\/de562469f971dec226ac06e60bbf74a7\"},\"headline\":\"Q\u0131r\u0131mtatar halq\u0131 Meclisini\u00f1 yolba\u015f\u00e7\u0131lar\u0131 10-nc\u0131 B\u00fct\u00fcnd\u00fcnya ukrainler kongressini\u00f1 delegatlar\u0131n\u0131 a\u00e7\u0131l\u0131\u015f\u0131nen hay\u0131rlap, mahsuldar \u00e7al\u0131\u015fmalar tilediler\",\"datePublished\":\"2013-08-20T13:10:00+00:00\",\"dateModified\":\"2022-01-25T13:12:04+00:00\",\"mainEntityOfPage\":{\"@id\":\"https:\\\/\\\/qtmm.org\\\/qt\\\/qirimtatar-halqi-meclisinin-yolbascilari-10-nci-butundunya-ukrainler-kongressinin-delegatlarini-acilisinen-hayirlap-mahsuldar-calismalar-tilediler\\\/\"},\"wordCount\":377,\"commentCount\":0,\"publisher\":{\"@id\":\"https:\\\/\\\/qtmm.org\\\/qt\\\/#organization\"},\"image\":{\"@id\":\"https:\\\/\\\/qtmm.org\\\/qt\\\/qirimtatar-halqi-meclisinin-yolbascilari-10-nci-butundunya-ukrainler-kongressinin-delegatlarini-acilisinen-hayirlap-mahsuldar-calismalar-tilediler\\\/#primaryimage\"},\"thumbnailUrl\":\"http:\\\/\\\/qtmm.org\\\/wp-content\\\/uploads\\\/2022\\\/01\\\/delegatam_mirovogo_kongresa.jpeg\",\"articleSection\":[\"Haberler\"],\"inLanguage\":\"qt\",\"potentialAction\":[{\"@type\":\"CommentAction\",\"name\":\"Comment\",\"target\":[\"https:\\\/\\\/qtmm.org\\\/qt\\\/qirimtatar-halqi-meclisinin-yolbascilari-10-nci-butundunya-ukrainler-kongressinin-delegatlarini-acilisinen-hayirlap-mahsuldar-calismalar-tilediler\\\/#respond\"]}]},{\"@type\":\"WebPage\",\"@id\":\"https:\\\/\\\/qtmm.org\\\/qt\\\/qirimtatar-halqi-meclisinin-yolbascilari-10-nci-butundunya-ukrainler-kongressinin-delegatlarini-acilisinen-hayirlap-mahsuldar-calismalar-tilediler\\\/\",\"url\":\"https:\\\/\\\/qtmm.org\\\/qt\\\/qirimtatar-halqi-meclisinin-yolbascilari-10-nci-butundunya-ukrainler-kongressinin-delegatlarini-acilisinen-hayirlap-mahsuldar-calismalar-tilediler\\\/\",\"name\":\"Q\u0131r\u0131mtatar halq\u0131 Meclisini\u00f1 yolba\u015f\u00e7\u0131lar\u0131 10-nc\u0131 B\u00fct\u00fcnd\u00fcnya ukrainler kongressini\u00f1 delegatlar\u0131n\u0131 a\u00e7\u0131l\u0131\u015f\u0131nen hay\u0131rlap, mahsuldar \u00e7al\u0131\u015fmalar tilediler - \u041c\u0435\u0434\u0436\u043b\u0456\u0441\",\"isPartOf\":{\"@id\":\"https:\\\/\\\/qtmm.org\\\/qt\\\/#website\"},\"primaryImageOfPage\":{\"@id\":\"https:\\\/\\\/qtmm.org\\\/qt\\\/qirimtatar-halqi-meclisinin-yolbascilari-10-nci-butundunya-ukrainler-kongressinin-delegatlarini-acilisinen-hayirlap-mahsuldar-calismalar-tilediler\\\/#primaryimage\"},\"image\":{\"@id\":\"https:\\\/\\\/qtmm.org\\\/qt\\\/qirimtatar-halqi-meclisinin-yolbascilari-10-nci-butundunya-ukrainler-kongressinin-delegatlarini-acilisinen-hayirlap-mahsuldar-calismalar-tilediler\\\/#primaryimage\"},\"thumbnailUrl\":\"http:\\\/\\\/qtmm.org\\\/wp-content\\\/uploads\\\/2022\\\/01\\\/delegatam_mirovogo_kongresa.jpeg\",\"datePublished\":\"2013-08-20T13:10:00+00:00\",\"dateModified\":\"2022-01-25T13:12:04+00:00\",\"breadcrumb\":{\"@id\":\"https:\\\/\\\/qtmm.org\\\/qt\\\/qirimtatar-halqi-meclisinin-yolbascilari-10-nci-butundunya-ukrainler-kongressinin-delegatlarini-acilisinen-hayirlap-mahsuldar-calismalar-tilediler\\\/#breadcrumb\"},\"inLanguage\":\"qt\",\"potentialAction\":[{\"@type\":\"ReadAction\",\"target\":[\"https:\\\/\\\/qtmm.org\\\/qt\\\/qirimtatar-halqi-meclisinin-yolbascilari-10-nci-butundunya-ukrainler-kongressinin-delegatlarini-acilisinen-hayirlap-mahsuldar-calismalar-tilediler\\\/\"]}]},{\"@type\":\"ImageObject\",\"inLanguage\":\"qt\",\"@id\":\"https:\\\/\\\/qtmm.org\\\/qt\\\/qirimtatar-halqi-meclisinin-yolbascilari-10-nci-butundunya-ukrainler-kongressinin-delegatlarini-acilisinen-hayirlap-mahsuldar-calismalar-tilediler\\\/#primaryimage\",\"url\":\"http:\\\/\\\/qtmm.org\\\/wp-content\\\/uploads\\\/2022\\\/01\\\/delegatam_mirovogo_kongresa.jpeg\",\"contentUrl\":\"http:\\\/\\\/qtmm.org\\\/wp-content\\\/uploads\\\/2022\\\/01\\\/delegatam_mirovogo_kongresa.jpeg\"},{\"@type\":\"BreadcrumbList\",\"@id\":\"https:\\\/\\\/qtmm.org\\\/qt\\\/qirimtatar-halqi-meclisinin-yolbascilari-10-nci-butundunya-ukrainler-kongressinin-delegatlarini-acilisinen-hayirlap-mahsuldar-calismalar-tilediler\\\/#breadcrumb\",\"itemListElement\":[{\"@type\":\"ListItem\",\"position\":1,\"name\":\"\u0413\u043e\u043b\u043e\u0432\u043d\u0430\",\"item\":\"https:\\\/\\\/qtmm.org\\\/qt\\\/\"},{\"@type\":\"ListItem\",\"position\":2,\"name\":\"Q\u0131r\u0131mtatar halq\u0131 Meclisini\u00f1 yolba\u015f\u00e7\u0131lar\u0131 10-nc\u0131 B\u00fct\u00fcnd\u00fcnya ukrainler kongressini\u00f1 delegatlar\u0131n\u0131 a\u00e7\u0131l\u0131\u015f\u0131nen hay\u0131rlap, mahsuldar \u00e7al\u0131\u015fmalar tilediler\"}]},{\"@type\":\"WebSite\",\"@id\":\"https:\\\/\\\/qtmm.org\\\/qt\\\/#website\",\"url\":\"https:\\\/\\\/qtmm.org\\\/qt\\\/\",\"name\":\"\u041c\u0435\u0434\u0436\u043b\u0456\u0441\",\"description\":\"\",\"publisher\":{\"@id\":\"https:\\\/\\\/qtmm.org\\\/qt\\\/#organization\"},\"potentialAction\":[{\"@type\":\"SearchAction\",\"target\":{\"@type\":\"EntryPoint\",\"urlTemplate\":\"https:\\\/\\\/qtmm.org\\\/qt\\\/?s={search_term_string}\"},\"query-input\":{\"@type\":\"PropertyValueSpecification\",\"valueRequired\":true,\"valueName\":\"search_term_string\"}}],\"inLanguage\":\"qt\"},{\"@type\":\"Organization\",\"@id\":\"https:\\\/\\\/qtmm.org\\\/qt\\\/#organization\",\"name\":\"\u041c\u0435\u0434\u0436\u043b\u0456\u0441\",\"url\":\"https:\\\/\\\/qtmm.org\\\/qt\\\/\",\"logo\":{\"@type\":\"ImageObject\",\"inLanguage\":\"qt\",\"@id\":\"https:\\\/\\\/qtmm.org\\\/qt\\\/#\\\/schema\\\/logo\\\/image\\\/\",\"url\":\"https:\\\/\\\/qtmm.org\\\/wp-content\\\/uploads\\\/2024\\\/12\\\/ua-mejlis-logo-rgb.svg\",\"contentUrl\":\"https:\\\/\\\/qtmm.org\\\/wp-content\\\/uploads\\\/2024\\\/12\\\/ua-mejlis-logo-rgb.svg\",\"caption\":\"\u041c\u0435\u0434\u0436\u043b\u0456\u0441\"},\"image\":{\"@id\":\"https:\\\/\\\/qtmm.org\\\/qt\\\/#\\\/schema\\\/logo\\\/image\\\/\"},\"sameAs\":[\"https:\\\/\\\/www.facebook.com\\\/qtmm.info\\\/\"]},{\"@type\":\"Person\",\"@id\":\"https:\\\/\\\/qtmm.org\\\/qt\\\/#\\\/schema\\\/person\\\/de562469f971dec226ac06e60bbf74a7\",\"name\":\"Developer\",\"image\":{\"@type\":\"ImageObject\",\"inLanguage\":\"qt\",\"@id\":\"https:\\\/\\\/secure.gravatar.com\\\/avatar\\\/392b4cc8fbfeb00b39dfeeab4ee6edded39ffd48e25858637e4765810300227e?s=96&d=mm&r=g\",\"url\":\"https:\\\/\\\/secure.gravatar.com\\\/avatar\\\/392b4cc8fbfeb00b39dfeeab4ee6edded39ffd48e25858637e4765810300227e?s=96&d=mm&r=g\",\"contentUrl\":\"https:\\\/\\\/secure.gravatar.com\\\/avatar\\\/392b4cc8fbfeb00b39dfeeab4ee6edded39ffd48e25858637e4765810300227e?s=96&d=mm&r=g\",\"caption\":\"Developer\"},\"url\":\"https:\\\/\\\/qtmm.org\\\/qt\\\/author\\\/Developer\\\/\"}]}<\/script>\n<!-- \/ Yoast SEO plugin. -->","yoast_head_json":{"title":"Q\u0131r\u0131mtatar halq\u0131 Meclisini\u00f1 yolba\u015f\u00e7\u0131lar\u0131 10-nc\u0131 B\u00fct\u00fcnd\u00fcnya ukrainler kongressini\u00f1 delegatlar\u0131n\u0131 a\u00e7\u0131l\u0131\u015f\u0131nen hay\u0131rlap, mahsuldar \u00e7al\u0131\u015fmalar tilediler - \u041c\u0435\u0434\u0436\u043b\u0456\u0441","robots":{"index":"index","follow":"follow","max-snippet":"max-snippet:-1","max-image-preview":"max-image-preview:large","max-video-preview":"max-video-preview:-1"},"canonical":"https:\/\/qtmm.org\/qt\/qirimtatar-halqi-meclisinin-yolbascilari-10-nci-butundunya-ukrainler-kongressinin-delegatlarini-acilisinen-hayirlap-mahsuldar-calismalar-tilediler\/","og_locale":"en_US","og_type":"article","og_title":"Q\u0131r\u0131mtatar halq\u0131 Meclisini\u00f1 yolba\u015f\u00e7\u0131lar\u0131 10-nc\u0131 B\u00fct\u00fcnd\u00fcnya ukrainler kongressini\u00f1 delegatlar\u0131n\u0131 a\u00e7\u0131l\u0131\u015f\u0131nen hay\u0131rlap, mahsuldar \u00e7al\u0131\u015fmalar tilediler - \u041c\u0435\u0434\u0436\u043b\u0456\u0441","og_description":"B\u00dcT\u00dcND\u00dcNYA UKRA\u0130NLER KONGRESS\u0130N\u0130\u00d1 DELEGATLARINA B\u00fct\u00fcnd\u00fcnya ukrainler kongressini\u00f1 say\u0131\u011f\u0131l\u0131 delegatlar\u0131! Sizlerni 10-nc\u0131 B\u00fct\u00fcnd\u00fcnya ukrainler kongressini\u00f1 a\u00e7\u0131l\u0131\u015f\u0131nen hay\u0131rlaym\u0131z! Eminmiz ki, b\u00fct\u00fcn d\u00fcnyadan ukrain cemiyetini\u00f1 \u00e7oqdegerli vekillerini\u00f1 \u015fanl\u0131 Lvov \u015feerinde toplanmas\u0131 ukrain milletine ve \u00e7oqmilletli ukrain cemiyetine demokratik Ukrainan\u0131 inki\u015faf ettir\u00fcvde ya\u00f1\u0131 k\u00fc\u00e7 ve \u011fayret berir. Q\u0131r\u0131mtatar ve ukrain halqlar\u0131 20-nci as\u0131rda totalitar kommunist rejimni\u00f1 h\u0131\u015f\u0131m\u0131na o\u011frat\u0131l\u0131p, a\u00e7l\u0131q, [&hellip;]","og_url":"https:\/\/qtmm.org\/qt\/qirimtatar-halqi-meclisinin-yolbascilari-10-nci-butundunya-ukrainler-kongressinin-delegatlarini-acilisinen-hayirlap-mahsuldar-calismalar-tilediler\/","og_site_name":"\u041c\u0435\u0434\u0436\u043b\u0456\u0441","article_publisher":"https:\/\/www.facebook.com\/qtmm.info\/","article_published_time":"2013-08-20T13:10:00+00:00","article_modified_time":"2022-01-25T13:12:04+00:00","og_image":[{"width":650,"height":964,"url":"https:\/\/qtmm.org\/wp-content\/uploads\/2022\/01\/delegatam_mirovogo_kongresa.jpeg","type":"image\/jpeg"}],"author":"Developer","twitter_card":"summary_large_image","twitter_misc":{"Written by":"Developer","Est. reading time":"2 minutes"},"schema":{"@context":"https:\/\/schema.org","@graph":[{"@type":"Article","@id":"https:\/\/qtmm.org\/qt\/qirimtatar-halqi-meclisinin-yolbascilari-10-nci-butundunya-ukrainler-kongressinin-delegatlarini-acilisinen-hayirlap-mahsuldar-calismalar-tilediler\/#article","isPartOf":{"@id":"https:\/\/qtmm.org\/qt\/qirimtatar-halqi-meclisinin-yolbascilari-10-nci-butundunya-ukrainler-kongressinin-delegatlarini-acilisinen-hayirlap-mahsuldar-calismalar-tilediler\/"},"author":{"name":"Developer","@id":"https:\/\/qtmm.org\/qt\/#\/schema\/person\/de562469f971dec226ac06e60bbf74a7"},"headline":"Q\u0131r\u0131mtatar halq\u0131 Meclisini\u00f1 yolba\u015f\u00e7\u0131lar\u0131 10-nc\u0131 B\u00fct\u00fcnd\u00fcnya ukrainler kongressini\u00f1 delegatlar\u0131n\u0131 a\u00e7\u0131l\u0131\u015f\u0131nen hay\u0131rlap, mahsuldar \u00e7al\u0131\u015fmalar tilediler","datePublished":"2013-08-20T13:10:00+00:00","dateModified":"2022-01-25T13:12:04+00:00","mainEntityOfPage":{"@id":"https:\/\/qtmm.org\/qt\/qirimtatar-halqi-meclisinin-yolbascilari-10-nci-butundunya-ukrainler-kongressinin-delegatlarini-acilisinen-hayirlap-mahsuldar-calismalar-tilediler\/"},"wordCount":377,"commentCount":0,"publisher":{"@id":"https:\/\/qtmm.org\/qt\/#organization"},"image":{"@id":"https:\/\/qtmm.org\/qt\/qirimtatar-halqi-meclisinin-yolbascilari-10-nci-butundunya-ukrainler-kongressinin-delegatlarini-acilisinen-hayirlap-mahsuldar-calismalar-tilediler\/#primaryimage"},"thumbnailUrl":"http:\/\/qtmm.org\/wp-content\/uploads\/2022\/01\/delegatam_mirovogo_kongresa.jpeg","articleSection":["Haberler"],"inLanguage":"qt","potentialAction":[{"@type":"CommentAction","name":"Comment","target":["https:\/\/qtmm.org\/qt\/qirimtatar-halqi-meclisinin-yolbascilari-10-nci-butundunya-ukrainler-kongressinin-delegatlarini-acilisinen-hayirlap-mahsuldar-calismalar-tilediler\/#respond"]}]},{"@type":"WebPage","@id":"https:\/\/qtmm.org\/qt\/qirimtatar-halqi-meclisinin-yolbascilari-10-nci-butundunya-ukrainler-kongressinin-delegatlarini-acilisinen-hayirlap-mahsuldar-calismalar-tilediler\/","url":"https:\/\/qtmm.org\/qt\/qirimtatar-halqi-meclisinin-yolbascilari-10-nci-butundunya-ukrainler-kongressinin-delegatlarini-acilisinen-hayirlap-mahsuldar-calismalar-tilediler\/","name":"Q\u0131r\u0131mtatar halq\u0131 Meclisini\u00f1 yolba\u015f\u00e7\u0131lar\u0131 10-nc\u0131 B\u00fct\u00fcnd\u00fcnya ukrainler kongressini\u00f1 delegatlar\u0131n\u0131 a\u00e7\u0131l\u0131\u015f\u0131nen hay\u0131rlap, mahsuldar \u00e7al\u0131\u015fmalar tilediler - \u041c\u0435\u0434\u0436\u043b\u0456\u0441","isPartOf":{"@id":"https:\/\/qtmm.org\/qt\/#website"},"primaryImageOfPage":{"@id":"https:\/\/qtmm.org\/qt\/qirimtatar-halqi-meclisinin-yolbascilari-10-nci-butundunya-ukrainler-kongressinin-delegatlarini-acilisinen-hayirlap-mahsuldar-calismalar-tilediler\/#primaryimage"},"image":{"@id":"https:\/\/qtmm.org\/qt\/qirimtatar-halqi-meclisinin-yolbascilari-10-nci-butundunya-ukrainler-kongressinin-delegatlarini-acilisinen-hayirlap-mahsuldar-calismalar-tilediler\/#primaryimage"},"thumbnailUrl":"http:\/\/qtmm.org\/wp-content\/uploads\/2022\/01\/delegatam_mirovogo_kongresa.jpeg","datePublished":"2013-08-20T13:10:00+00:00","dateModified":"2022-01-25T13:12:04+00:00","breadcrumb":{"@id":"https:\/\/qtmm.org\/qt\/qirimtatar-halqi-meclisinin-yolbascilari-10-nci-butundunya-ukrainler-kongressinin-delegatlarini-acilisinen-hayirlap-mahsuldar-calismalar-tilediler\/#breadcrumb"},"inLanguage":"qt","potentialAction":[{"@type":"ReadAction","target":["https:\/\/qtmm.org\/qt\/qirimtatar-halqi-meclisinin-yolbascilari-10-nci-butundunya-ukrainler-kongressinin-delegatlarini-acilisinen-hayirlap-mahsuldar-calismalar-tilediler\/"]}]},{"@type":"ImageObject","inLanguage":"qt","@id":"https:\/\/qtmm.org\/qt\/qirimtatar-halqi-meclisinin-yolbascilari-10-nci-butundunya-ukrainler-kongressinin-delegatlarini-acilisinen-hayirlap-mahsuldar-calismalar-tilediler\/#primaryimage","url":"http:\/\/qtmm.org\/wp-content\/uploads\/2022\/01\/delegatam_mirovogo_kongresa.jpeg","contentUrl":"http:\/\/qtmm.org\/wp-content\/uploads\/2022\/01\/delegatam_mirovogo_kongresa.jpeg"},{"@type":"BreadcrumbList","@id":"https:\/\/qtmm.org\/qt\/qirimtatar-halqi-meclisinin-yolbascilari-10-nci-butundunya-ukrainler-kongressinin-delegatlarini-acilisinen-hayirlap-mahsuldar-calismalar-tilediler\/#breadcrumb","itemListElement":[{"@type":"ListItem","position":1,"name":"\u0413\u043e\u043b\u043e\u0432\u043d\u0430","item":"https:\/\/qtmm.org\/qt\/"},{"@type":"ListItem","position":2,"name":"Q\u0131r\u0131mtatar halq\u0131 Meclisini\u00f1 yolba\u015f\u00e7\u0131lar\u0131 10-nc\u0131 B\u00fct\u00fcnd\u00fcnya ukrainler kongressini\u00f1 delegatlar\u0131n\u0131 a\u00e7\u0131l\u0131\u015f\u0131nen hay\u0131rlap, mahsuldar \u00e7al\u0131\u015fmalar tilediler"}]},{"@type":"WebSite","@id":"https:\/\/qtmm.org\/qt\/#website","url":"https:\/\/qtmm.org\/qt\/","name":"\u041c\u0435\u0434\u0436\u043b\u0456\u0441","description":"","publisher":{"@id":"https:\/\/qtmm.org\/qt\/#organization"},"potentialAction":[{"@type":"SearchAction","target":{"@type":"EntryPoint","urlTemplate":"https:\/\/qtmm.org\/qt\/?s={search_term_string}"},"query-input":{"@type":"PropertyValueSpecification","valueRequired":true,"valueName":"search_term_string"}}],"inLanguage":"qt"},{"@type":"Organization","@id":"https:\/\/qtmm.org\/qt\/#organization","name":"\u041c\u0435\u0434\u0436\u043b\u0456\u0441","url":"https:\/\/qtmm.org\/qt\/","logo":{"@type":"ImageObject","inLanguage":"qt","@id":"https:\/\/qtmm.org\/qt\/#\/schema\/logo\/image\/","url":"https:\/\/qtmm.org\/wp-content\/uploads\/2024\/12\/ua-mejlis-logo-rgb.svg","contentUrl":"https:\/\/qtmm.org\/wp-content\/uploads\/2024\/12\/ua-mejlis-logo-rgb.svg","caption":"\u041c\u0435\u0434\u0436\u043b\u0456\u0441"},"image":{"@id":"https:\/\/qtmm.org\/qt\/#\/schema\/logo\/image\/"},"sameAs":["https:\/\/www.facebook.com\/qtmm.info\/"]},{"@type":"Person","@id":"https:\/\/qtmm.org\/qt\/#\/schema\/person\/de562469f971dec226ac06e60bbf74a7","name":"Developer","image":{"@type":"ImageObject","inLanguage":"qt","@id":"https:\/\/secure.gravatar.com\/avatar\/392b4cc8fbfeb00b39dfeeab4ee6edded39ffd48e25858637e4765810300227e?s=96&d=mm&r=g","url":"https:\/\/secure.gravatar.com\/avatar\/392b4cc8fbfeb00b39dfeeab4ee6edded39ffd48e25858637e4765810300227e?s=96&d=mm&r=g","contentUrl":"https:\/\/secure.gravatar.com\/avatar\/392b4cc8fbfeb00b39dfeeab4ee6edded39ffd48e25858637e4765810300227e?s=96&d=mm&r=g","caption":"Developer"},"url":"https:\/\/qtmm.org\/qt\/author\/Developer\/"}]}},"_links":{"self":[{"href":"https:\/\/qtmm.org\/qt\/wp-json\/wp\/v2\/posts\/38913","targetHints":{"allow":["GET"]}}],"collection":[{"href":"https:\/\/qtmm.org\/qt\/wp-json\/wp\/v2\/posts"}],"about":[{"href":"https:\/\/qtmm.org\/qt\/wp-json\/wp\/v2\/types\/post"}],"author":[{"embeddable":true,"href":"https:\/\/qtmm.org\/qt\/wp-json\/wp\/v2\/users\/1"}],"replies":[{"embeddable":true,"href":"https:\/\/qtmm.org\/qt\/wp-json\/wp\/v2\/comments?post=38913"}],"version-history":[{"count":1,"href":"https:\/\/qtmm.org\/qt\/wp-json\/wp\/v2\/posts\/38913\/revisions"}],"predecessor-version":[{"id":38918,"href":"https:\/\/qtmm.org\/qt\/wp-json\/wp\/v2\/posts\/38913\/revisions\/38918"}],"wp:attachment":[{"href":"https:\/\/qtmm.org\/qt\/wp-json\/wp\/v2\/media?parent=38913"}],"wp:term":[{"taxonomy":"category","embeddable":true,"href":"https:\/\/qtmm.org\/qt\/wp-json\/wp\/v2\/categories?post=38913"},{"taxonomy":"post_tag","embeddable":true,"href":"https:\/\/qtmm.org\/qt\/wp-json\/wp\/v2\/tags?post=38913"}],"curies":[{"name":"wp","href":"https:\/\/api.w.org\/{rel}","templated":true}]}}