




{"id":38895,"date":"2013-08-16T16:09:00","date_gmt":"2013-08-16T13:09:00","guid":{"rendered":"http:\/\/qtmm.org\/?p=38895"},"modified":"2022-01-25T16:10:35","modified_gmt":"2022-01-25T13:10:35","slug":"bagcasarayda-orta-caminin-tantanali-acilisi-oldi","status":"publish","type":"post","link":"https:\/\/qtmm.org\/qt\/bagcasarayda-orta-caminin-tantanali-acilisi-oldi\/","title":{"rendered":"Ba\u011f\u00e7asarayda Orta Camini\u00f1 tantanal\u0131 a\u00e7\u0131l\u0131\u015f\u0131 old\u0131"},"content":{"rendered":"\n<p>Avgust 16 k\u00fcn\u00fc Ba\u011f\u00e7asarayda 95 y\u0131ldan berli qapal\u0131 tur\u011fan Orta cami tantanal\u0131 \u015fekilde a\u00e7\u0131ld\u0131.<\/p>\n\n\n\n<figure class=\"wp-block-image size-full\"><img loading=\"lazy\" decoding=\"async\" width=\"800\" height=\"532\" src=\"http:\/\/qtmm.org\/wp-content\/uploads\/2022\/01\/w94deqcjsy8.jpeg\" alt=\"\" class=\"wp-image-38900\" srcset=\"https:\/\/qtmm.org\/wp-content\/uploads\/2022\/01\/w94deqcjsy8.jpeg 800w, https:\/\/qtmm.org\/wp-content\/uploads\/2022\/01\/w94deqcjsy8-300x200.jpeg 300w, https:\/\/qtmm.org\/wp-content\/uploads\/2022\/01\/w94deqcjsy8-768x511.jpeg 768w\" sizes=\"auto, (max-width: 800px) 100vw, 800px\" \/><\/figure>\n\n\n\n<p>18 as\u0131r mimarl\u0131q yadik\u00e2rl\u0131\u011f\u0131 \u00dcmerovlar qoorantas\u0131 \u2013 baba ac\u0131 Enver \u00dcmerov ve o\u011fullar\u0131 ac\u0131lar Aslan ve Rustemni\u00f1 \u015fahsiy paralar\u0131 esab\u0131na, Q\u0131r\u0131m m\u00fcftisi ac\u0131 Emirali Ablayev yolb\u015f\u00e7\u0131l\u0131\u011f\u0131nda restavratsiya yap\u0131l\u011fan so\u00f1 kene faaliyetke ke\u00e7ti.<\/p>\n\n\n\n<p>Camini\u00f1 resmiy a\u00e7\u0131l\u0131\u015f\u0131nda Milliy Meclis reisi Mustafa Cemilev, B\u00fct\u00fcnd\u00fcnya q\u0131r\u0131mtatarlar kongressini\u00f1 prezidenti Refat \u00c7ubarov, Ba\u011f\u00e7asaray regional meclis reisi Ahtem \u00c7iygoz, \u00dcmerovlar ailesini\u00f1 ba\u015f\u0131 Enver a\u011fa ve Kiyevdeki q\u0131r\u0131mtatar cemiyetini\u00f1 reisi Aslan \u00d6mer Q\u0131r\u0131ml\u0131, Ba\u011f\u00e7asaray rayon devlet memuriyetini\u00f1 ba\u015f\u0131 \u0130lmiy \u00dcmerov. Ba\u011f\u00e7asaray valisi Konstantin Rubanenko, milliy areket i\u015ftirak\u00e7ileri, q\u0131r\u0131mtatar cemaat\u00e7\u0131l\u0131\u011f\u0131, Ba\u011f\u00e7asaray sakinleri, T\u00fcrkiye, Romaniya ve Ukrainadan kelgen musafirler i\u015ftirak ettiler.<\/p>\n\n\n\n<p>Meclis ba\u015fqan\u0131 Mustafa Cemilevni\u00f1 aytqan\u0131na k\u00f6re ya\u00f1\u0131dan tiklengen Orta Camini\u00f1 a\u00e7\u0131l\u0131\u015f\u0131n faqat Q\u0131r\u0131m i\u00e7\u00fcn degil de, Ukraina ve umumen b\u00fct\u00fcn t\u00fcrk d\u00fcnyas\u0131 em de Avropa musulmanlar\u0131 i\u00e7\u00fcn m\u00fcim bir vaqia ol\u0131p qal\u0131r.<\/p>\n\n\n\n<p>&#8220;Rusiye Q\u0131r\u0131mn\u0131 i\u015f\u011fal etip, so\u00f1ra halq\u0131m\u0131zn\u0131\u00f1 tamamile s\u00fcrg\u00fcn etilmesinden so\u00f1 milletimizni\u00f1 tarih\u0131 ve medeniyetini\u00f1 yadik\u00e2rl\u0131qlar\u0131 ve atta mezarl\u0131qlar\u0131 bile yer y\u00fcz\u00fcnden silindiler, &#8211; dedi \u00f6z \u00e7\u0131q\u0131\u015f\u0131nda M. Cemilev. \u2013 Bug\u00fcn art\u0131q Q\u0131r\u0131m\u011fa qaytqan q\u0131r\u0131mtatarlar \u00f6z k\u00fc\u00e7lerinen sebatl\u0131qnen tarihiy-medeniy ve diniy variyetini \u011fayr\u0131dan tiklemekte&#8221;. Meclis reisi ac\u0131 Enver \u00dcmerov\u011fa Orta Camini\u00f1 tiklenmesini desteklegen o\u011fullar\u0131 Aslan ve Rustemge yah\u015f\u0131 terbiye bergeni i\u00e7\u00fcn te\u015fekk\u00fcr bildirdi. Bun\u0131\u00f1 kibi de reis vaqt\u0131 kelip Q\u0131r\u0131m Orta Cami kibi acayip camilernen tolaca\u011f\u0131na \u00fcm\u00fct etkenini aytt\u0131.<\/p>\n\n\n\n<figure class=\"wp-block-image size-full\"><img loading=\"lazy\" decoding=\"async\" width=\"650\" height=\"395\" src=\"http:\/\/qtmm.org\/wp-content\/uploads\/2022\/01\/2_119.jpeg\" alt=\"\" class=\"wp-image-38904\" srcset=\"https:\/\/qtmm.org\/wp-content\/uploads\/2022\/01\/2_119.jpeg 650w, https:\/\/qtmm.org\/wp-content\/uploads\/2022\/01\/2_119-300x182.jpeg 300w\" sizes=\"auto, (max-width: 650px) 100vw, 650px\" \/><\/figure>\n\n\n\n<p>Q\u0131r\u0131mn\u0131\u00f1 qadimiy camilerinden birisini\u00f1 \u00e7oqtan beklenilgen a\u00e7\u0131l\u0131\u015f\u0131 munasebetinen Meclis reisi cami restavratsiya yap\u0131lmas\u0131 o\u011frunda 2012-2013 seneler devam\u0131nda \u00e7al\u0131\u015fqan \u00dcmerovlar ailesini\u00f1 ba\u015f\u0131 aci Enver \u00dcmerov\u011fa alt\u0131nnen s\u00fcslengen Quran ba\u011f\u0131\u015flad\u0131. Bu Qurann\u0131 Mustafa Cemilevge \u00dcmre vaqt\u0131nda Mekke ba\u015f camisini\u00f1 imam\u0131 Al-Saalomi bergen edi. Quran Orta Camide saqlanacaq.<\/p>\n\n\n\n<p>&#8220;Bu kibi vaqialar Q\u0131r\u0131mda ya\u015fa\u011fanlarn\u0131\u00f1 episini birle\u015ftirmeli, bun\u0131\u00f1 i\u00e7\u00fcn ise akimiyet halqnen beraber olmas\u0131 kerek, &#8211; dedi B\u00fct\u00fcnd\u00fcnya q\u0131r\u0131mtatarlar kongressini\u00f1 prezidenti Refat \u00c7ubarov. On\u0131\u00f1 aytqan\u0131na k\u00f6re Ba\u011f\u00e7asarayda so\u00f1ki on y\u0131l i\u00e7inde devletni\u00f1 yard\u0131m\u0131nda tiklengen yadik\u00e2rl\u0131qn\u0131 k\u00f6stermek k\u00fc\u00e7.<\/p>\n\n\n\n<p>Onlarnen y\u0131llar yoq etilgen medeniy degerliklerini q\u0131r\u0131mtatarlar\u0131 kendileri \u00f6z k\u00fc\u00e7lerinen tiklemekteler. &#8220;Devletni bizim abidelerimiz taraf\u0131na da \u00e7evrilmege mecbur etmek kerekmiz, nas\u0131l ki olar &#8220;\u00f6zlerini\u00f1ki&#8221; dep say\u011fan yadik\u00e2rl\u0131qlar\u011fa baqalar, bizimkilerine de diqqat etsinler, &#8211; dedi \u00c7ubarov. \u2013 Yadik\u00e2rl\u0131qlarn\u0131 \u00f6z\u00fc\u00f1ki ya da yabanc\u0131\u011fa b\u00f6lmek olmaz. Qadim vaq\u0131tlardan berli ne qadar y\u0131qma\u011fa t\u0131r\u0131\u015fsalar da Ba\u011f\u00e7asaray daa da g\u00fczelle\u015fmek, akimiyet ise ya\u00f1\u0131cas\u0131na \u00e7al\u0131\u015fmaq kerek&#8221;.<\/p>\n\n\n\n<p>Musulman degerlikni\u00f1 a\u00e7\u0131lmas\u0131na Q\u0131r\u0131m musulmanlar\u0131n\u0131\u00f1 m\u00fcftisi ac\u0131 Emirali Ablayev fatiha berdi ve Orta Cami a\u00e7\u0131lmas\u0131n\u0131\u00f1 te\u015febb\u00fcs\u00e7isi ac\u0131 Enver \u00dcmerov\u011fa Te\u015fekk\u00fcrname ve Quran ba\u011f\u0131\u015flad\u0131. &#8220;Eminim ki, 500 adamn\u0131 s\u0131\u011fd\u0131rabilgen cami daima tolu olur ve musulmanlarn\u0131 namaz\u011fa \u00e7a\u011f\u0131r\u011fan ezan sesi be\u015f kere ya\u00f1\u011f\u0131rar, &#8211; dedi Q\u0131r\u0131m m\u00fcftisi.<\/p>\n\n\n\n<p>Tantanal\u0131 a\u00e7\u0131l\u0131\u015f merasiminde bulun\u011fanlar \u00f6g\u00fcnde ac\u0131 Enver \u00dcmerov ve on\u0131\u00f1 o\u011flu Aslan \u00d6mer Q\u0131r\u0131ml\u0131 \u00e7\u0131q\u0131\u015fta bulun\u0131p, Allan\u0131\u00f1 rizas\u0131 i\u00e7\u00fcn hay\u0131rl\u0131 i\u015fler yapmaq, halq\u0131na fayda ketirmek olarn\u0131\u00f1 qorantas\u0131 i\u00e7\u00fcn \u015feref ol\u011fan\u0131n\u0131 aytt\u0131lar.<\/p>\n\n\n\n<p>Merasimni\u00f1 tantanal\u0131 q\u0131sm\u0131ndan so\u00f1 adamlar sovet rejimi taraf\u0131ndan qapal\u011fan Orta Camide 95 y\u0131ll\u0131q mecburiy teneff\u00fcsten so\u00f1ra m\u00fcfti ac\u0131 Emirali Ablayevni\u00f1 imaml\u0131\u011f\u0131nda cuma namaz\u0131n\u0131 q\u0131ld\u0131lar.<\/p>\n\n\n\n<figure class=\"wp-block-image size-full\"><img loading=\"lazy\" decoding=\"async\" width=\"650\" height=\"460\" src=\"http:\/\/qtmm.org\/wp-content\/uploads\/2022\/01\/3_89.jpeg\" alt=\"\" class=\"wp-image-38908\" srcset=\"https:\/\/qtmm.org\/wp-content\/uploads\/2022\/01\/3_89.jpeg 650w, https:\/\/qtmm.org\/wp-content\/uploads\/2022\/01\/3_89-300x212.jpeg 300w\" sizes=\"auto, (max-width: 650px) 100vw, 650px\" \/><\/figure>\n\n\n\n<p><strong>Mal\u00fcmat i\u00e7\u00fcn:<\/strong><\/p>\n\n\n\n<p>Orta Cami 1737-1743 senelerde Q\u0131r\u0131m taht\u0131nda nevbet ile otur\u011fan eki a\u011fa-qarda\u015f hanlar taraf\u0131ndan quruld\u0131. \u00dcykeni Mengli 11 Selimo\u011flu Geray a\u011f\u0131r devirlerde Q\u0131r\u0131mn\u0131 du\u015fmanlardan qor\u00e7ala\u011fan\u0131 ve cenkten so\u00f1ra Q\u0131r\u0131mn\u0131 abadanla\u015ft\u0131r\u011fan\u0131nen me\u015fur old\u0131. Bundan \u011fayr\u0131 o edebiyat ve diniy bilgilerge meyilliginen bellidir. Mengli Geray sofu ol\u0131p, icat etken ve a\u011f\u0131r zamanlar\u011fa baqmadan camiler quruc\u0131l\u0131\u011f\u0131na daima hay\u0131r bergen.<br><br>Mengliden so\u00f1 tahtqa \u00e7\u0131qqan k\u00fc\u00e7\u00fcgi Sel\u00e2met 11 Selimo\u011flu Geray tarihke &#8220;\u011eayr\u0131dan quruc\u0131 han&#8221; olaraq kirdi. O, yal\u0131\u00f1\u0131z eski abideler, \u015fu c\u00fcmleden Hansarayn\u0131, tiklevnen degil de, belki cemaat i\u00e7\u00fcn m\u00fcim in\u015faatlarn\u0131 da qur\u011fan. Sel\u00e2met Geray a\u011fas\u0131 ba\u015fla\u011fan Orta Cami quruc\u0131l\u0131\u011f\u0131n\u0131 so\u00f1una yetkize. \u0130\u015fte, a\u011fa-qarda\u015f hanlar edipler, hay\u0131rsever \u015fah\u0131slar ve sofular s\u0131fat\u0131nda belli old\u0131lar.<\/p>\n\n\n\n<p>A\u011fa-qarda\u015flarn\u0131\u00f1 \u00fck\u00fcmranl\u0131q devirleri feldmar\u015fal Minih Ba\u011f\u00e7asaray\u011fa bast\u0131r\u0131p kirgeni ve yaqqan\u0131ndan so\u00f1 a\u011f\u0131r vaq\u0131tqa do\u011fru keldi. Q\u0131r\u0131ml\u0131 tarih\u00e7\u0131 \u00d6leksa Gayvoronskiy aytqan\u0131na k\u00f6re &#8220;Minih a\u00e7qan yaralarn\u0131 Sel\u00e2met Geray ve diger hanlar t\u00fczelttiler ve \u015feer mimarl\u0131\u011f\u0131na ya\u00f1\u0131 \u015fekil berdiler.<br><br>HH as\u0131r tedqiqat\u00e7\u0131s\u0131 B\u00f6ris Zas\u0131pkin 1924 senesi &#8220;Q\u0131r\u0131mtatarlar mimarl\u0131\u011f\u0131n\u0131\u00f1 abideleri&#8221; \u00f6\u00e7erkinde o devir mimarl\u0131\u011f\u0131ndaki mot al\u00e2metler osmanl\u0131 imperiya tesiri alt\u0131nda peyda ol\u0131p, o ise \u00f6z nevbetinde &#8220;frans\u0131z \u00fcsl\u00fcbini\u00f1&#8221; esirligine t\u00fc\u015fkendir, dep qayd etken. C\u00fcmleden, t\u00fcrk ara\u015ft\u0131rmac\u0131s\u0131 Cellal Essad T\u00fcrkiyege kelgen frans\u0131z m\u00fchendisleri 1730-1754 senelerde \u00f6zlerinen beraber mimarlar, na\u011f\u0131\u015f\u00e7\u0131lar ve ressamlarn\u0131 ketirgenlerini yaza. Bu ustalar L\u00fcdovik HU \u00fcsl\u00fcbi ve barokko \u00fcsl\u00fcbini tadbiq ettiler. &#8220;Vaq\u0131t ke\u00e7tik\u00e7e osmanl\u0131 ressamlar na\u011f\u0131\u015fn\u0131\u00f1 avropa \u015fekiline yaq\u0131nla\u015fabereler ve art\u0131q bu \u00fcsl\u00fcp mot ol\u0131p, &#8220;a 1a franse&#8221; ad\u0131n\u0131 ta\u015f\u0131d\u0131. L\u00fcdovik 15-nci ve italyan rokokos\u0131 ket-kete osmanl\u0131 sanat\u0131n\u0131\u00f1 printsiplerini s\u0131q\u0131\u015ft\u0131r\u0131p \u00e7\u0131qard\u0131lar&#8221;.<\/p>\n\n\n\n<p>Ba\u011f\u00e7asaraydaki maalle camileri aqq\u0131nda zemaneviy sanat\u015f\u0131nas \u0130braim Abdullayev b\u00f6yle yaza: &#8220;Maalle camileri aqiqiy erkek klublar\u0131 ol\u011fanlar. \u011earptan farql\u0131 \u015faraitlerde b\u00fcy\u00fck camilerni\u00f1 emiyeti pek b\u00fcy\u00fck. Camiler \u015feer cemaat\u0131n\u0131 birle\u015ftirgen, m\u0131nda isl\u00e2mn\u0131\u00f1 qanunlar\u0131, ahl\u00e2q, nizam pekingen. Er kelgen insan ba\u015fta b\u00fcy\u00fck camige kelip, b\u00f6yleliknen yerli akimiyetke tabi ol\u011fan\u0131n\u0131, say\u011f\u0131 k\u00f6stergenini numay\u0131\u015f etken&#8221;.<\/p>\n\n\n\n<p>Q\u0131r\u0131m musulmanlar\u0131 diniy idaresinde tizilgen Azizler cedvelinde Orta Cami yan\u0131nda yerle\u015fken Seit-Memet Eren azizi de yer al\u011fan. Sovetler devrinde Orta Cami binas\u0131 medeniyet evi, sinema salon\u0131 s\u0131fat\u0131nda qullan\u0131l\u011fan, so\u00f1ra \u00e7oq vaq\u0131tlar bo\u015f tur\u011fan. Bug\u00fcn bu unikal yadik\u00e2rl\u0131qn\u0131\u00f1 etraf\u0131n\u0131 \u00e7e\u015fit hocal\u0131q qurulmalar\u0131ndan temizlemek zarur.<\/p>\n","protected":false},"excerpt":{"rendered":"<p>Avgust 16 k\u00fcn\u00fc Ba\u011f\u00e7asarayda 95 y\u0131ldan berli qapal\u0131 tur\u011fan Orta cami tantanal\u0131 \u015fekilde a\u00e7\u0131ld\u0131. 18 as\u0131r mimarl\u0131q yadik\u00e2rl\u0131\u011f\u0131 \u00dcmerovlar qoorantas\u0131 \u2013 baba ac\u0131 Enver \u00dcmerov ve o\u011fullar\u0131 ac\u0131lar Aslan ve Rustemni\u00f1 \u015fahsiy paralar\u0131 esab\u0131na, Q\u0131r\u0131m m\u00fcftisi ac\u0131 Emirali Ablayev yolb\u015f\u00e7\u0131l\u0131\u011f\u0131nda restavratsiya yap\u0131l\u011fan so\u00f1 kene faaliyetke ke\u00e7ti. Camini\u00f1 resmiy a\u00e7\u0131l\u0131\u015f\u0131nda Milliy Meclis reisi Mustafa Cemilev, B\u00fct\u00fcnd\u00fcnya [&hellip;]<\/p>\n","protected":false},"author":1,"featured_media":38896,"comment_status":"open","ping_status":"open","sticky":false,"template":"","format":"standard","meta":{"inline_featured_image":false,"footnotes":""},"categories":[265],"tags":[],"class_list":["post-38895","post","type-post","status-publish","format-standard","has-post-thumbnail","hentry","category-haberler"],"acf":[],"yoast_head":"<!-- This site is optimized with the Yoast SEO plugin v27.4 - https:\/\/yoast.com\/product\/yoast-seo-wordpress\/ -->\n<title>Ba\u011f\u00e7asarayda Orta Camini\u00f1 tantanal\u0131 a\u00e7\u0131l\u0131\u015f\u0131 old\u0131 - \u041c\u0435\u0434\u0436\u043b\u0456\u0441<\/title>\n<meta name=\"robots\" content=\"index, follow, max-snippet:-1, max-image-preview:large, max-video-preview:-1\" \/>\n<link rel=\"canonical\" href=\"https:\/\/qtmm.org\/qt\/bagcasarayda-orta-caminin-tantanali-acilisi-oldi\/\" \/>\n<meta property=\"og:locale\" content=\"en_US\" \/>\n<meta property=\"og:type\" content=\"article\" \/>\n<meta property=\"og:title\" content=\"Ba\u011f\u00e7asarayda Orta Camini\u00f1 tantanal\u0131 a\u00e7\u0131l\u0131\u015f\u0131 old\u0131 - \u041c\u0435\u0434\u0436\u043b\u0456\u0441\" \/>\n<meta property=\"og:description\" content=\"Avgust 16 k\u00fcn\u00fc Ba\u011f\u00e7asarayda 95 y\u0131ldan berli qapal\u0131 tur\u011fan Orta cami tantanal\u0131 \u015fekilde a\u00e7\u0131ld\u0131. 18 as\u0131r mimarl\u0131q yadik\u00e2rl\u0131\u011f\u0131 \u00dcmerovlar qoorantas\u0131 \u2013 baba ac\u0131 Enver \u00dcmerov ve o\u011fullar\u0131 ac\u0131lar Aslan ve Rustemni\u00f1 \u015fahsiy paralar\u0131 esab\u0131na, Q\u0131r\u0131m m\u00fcftisi ac\u0131 Emirali Ablayev yolb\u015f\u00e7\u0131l\u0131\u011f\u0131nda restavratsiya yap\u0131l\u011fan so\u00f1 kene faaliyetke ke\u00e7ti. Camini\u00f1 resmiy a\u00e7\u0131l\u0131\u015f\u0131nda Milliy Meclis reisi Mustafa Cemilev, B\u00fct\u00fcnd\u00fcnya [&hellip;]\" \/>\n<meta property=\"og:url\" content=\"https:\/\/qtmm.org\/qt\/bagcasarayda-orta-caminin-tantanali-acilisi-oldi\/\" \/>\n<meta property=\"og:site_name\" content=\"\u041c\u0435\u0434\u0436\u043b\u0456\u0441\" \/>\n<meta property=\"article:publisher\" content=\"https:\/\/www.facebook.com\/qtmm.info\/\" \/>\n<meta property=\"article:published_time\" content=\"2013-08-16T13:09:00+00:00\" \/>\n<meta property=\"article:modified_time\" content=\"2022-01-25T13:10:35+00:00\" \/>\n<meta property=\"og:image\" content=\"https:\/\/qtmm.org\/wp-content\/uploads\/2022\/01\/jm6u33x5k1c.jpeg\" \/>\n\t<meta property=\"og:image:width\" content=\"800\" \/>\n\t<meta property=\"og:image:height\" content=\"462\" \/>\n\t<meta property=\"og:image:type\" content=\"image\/jpeg\" \/>\n<meta name=\"author\" content=\"Developer\" \/>\n<meta name=\"twitter:card\" content=\"summary_large_image\" \/>\n<meta name=\"twitter:label1\" content=\"Written by\" \/>\n\t<meta name=\"twitter:data1\" content=\"Developer\" \/>\n\t<meta name=\"twitter:label2\" content=\"Est. reading time\" \/>\n\t<meta name=\"twitter:data2\" content=\"6 minutes\" \/>\n<script type=\"application\/ld+json\" class=\"yoast-schema-graph\">{\"@context\":\"https:\\\/\\\/schema.org\",\"@graph\":[{\"@type\":\"Article\",\"@id\":\"https:\\\/\\\/qtmm.org\\\/qt\\\/bagcasarayda-orta-caminin-tantanali-acilisi-oldi\\\/#article\",\"isPartOf\":{\"@id\":\"https:\\\/\\\/qtmm.org\\\/qt\\\/bagcasarayda-orta-caminin-tantanali-acilisi-oldi\\\/\"},\"author\":{\"name\":\"Developer\",\"@id\":\"https:\\\/\\\/qtmm.org\\\/qt\\\/#\\\/schema\\\/person\\\/de562469f971dec226ac06e60bbf74a7\"},\"headline\":\"Ba\u011f\u00e7asarayda Orta Camini\u00f1 tantanal\u0131 a\u00e7\u0131l\u0131\u015f\u0131 old\u0131\",\"datePublished\":\"2013-08-16T13:09:00+00:00\",\"dateModified\":\"2022-01-25T13:10:35+00:00\",\"mainEntityOfPage\":{\"@id\":\"https:\\\/\\\/qtmm.org\\\/qt\\\/bagcasarayda-orta-caminin-tantanali-acilisi-oldi\\\/\"},\"wordCount\":1147,\"commentCount\":0,\"publisher\":{\"@id\":\"https:\\\/\\\/qtmm.org\\\/qt\\\/#organization\"},\"image\":{\"@id\":\"https:\\\/\\\/qtmm.org\\\/qt\\\/bagcasarayda-orta-caminin-tantanali-acilisi-oldi\\\/#primaryimage\"},\"thumbnailUrl\":\"https:\\\/\\\/qtmm.org\\\/wp-content\\\/uploads\\\/2022\\\/01\\\/jm6u33x5k1c.jpeg\",\"articleSection\":[\"Haberler\"],\"inLanguage\":\"qt\",\"potentialAction\":[{\"@type\":\"CommentAction\",\"name\":\"Comment\",\"target\":[\"https:\\\/\\\/qtmm.org\\\/qt\\\/bagcasarayda-orta-caminin-tantanali-acilisi-oldi\\\/#respond\"]}]},{\"@type\":\"WebPage\",\"@id\":\"https:\\\/\\\/qtmm.org\\\/qt\\\/bagcasarayda-orta-caminin-tantanali-acilisi-oldi\\\/\",\"url\":\"https:\\\/\\\/qtmm.org\\\/qt\\\/bagcasarayda-orta-caminin-tantanali-acilisi-oldi\\\/\",\"name\":\"Ba\u011f\u00e7asarayda Orta Camini\u00f1 tantanal\u0131 a\u00e7\u0131l\u0131\u015f\u0131 old\u0131 - \u041c\u0435\u0434\u0436\u043b\u0456\u0441\",\"isPartOf\":{\"@id\":\"https:\\\/\\\/qtmm.org\\\/qt\\\/#website\"},\"primaryImageOfPage\":{\"@id\":\"https:\\\/\\\/qtmm.org\\\/qt\\\/bagcasarayda-orta-caminin-tantanali-acilisi-oldi\\\/#primaryimage\"},\"image\":{\"@id\":\"https:\\\/\\\/qtmm.org\\\/qt\\\/bagcasarayda-orta-caminin-tantanali-acilisi-oldi\\\/#primaryimage\"},\"thumbnailUrl\":\"https:\\\/\\\/qtmm.org\\\/wp-content\\\/uploads\\\/2022\\\/01\\\/jm6u33x5k1c.jpeg\",\"datePublished\":\"2013-08-16T13:09:00+00:00\",\"dateModified\":\"2022-01-25T13:10:35+00:00\",\"breadcrumb\":{\"@id\":\"https:\\\/\\\/qtmm.org\\\/qt\\\/bagcasarayda-orta-caminin-tantanali-acilisi-oldi\\\/#breadcrumb\"},\"inLanguage\":\"qt\",\"potentialAction\":[{\"@type\":\"ReadAction\",\"target\":[\"https:\\\/\\\/qtmm.org\\\/qt\\\/bagcasarayda-orta-caminin-tantanali-acilisi-oldi\\\/\"]}]},{\"@type\":\"ImageObject\",\"inLanguage\":\"qt\",\"@id\":\"https:\\\/\\\/qtmm.org\\\/qt\\\/bagcasarayda-orta-caminin-tantanali-acilisi-oldi\\\/#primaryimage\",\"url\":\"https:\\\/\\\/qtmm.org\\\/wp-content\\\/uploads\\\/2022\\\/01\\\/jm6u33x5k1c.jpeg\",\"contentUrl\":\"https:\\\/\\\/qtmm.org\\\/wp-content\\\/uploads\\\/2022\\\/01\\\/jm6u33x5k1c.jpeg\",\"width\":800,\"height\":462},{\"@type\":\"BreadcrumbList\",\"@id\":\"https:\\\/\\\/qtmm.org\\\/qt\\\/bagcasarayda-orta-caminin-tantanali-acilisi-oldi\\\/#breadcrumb\",\"itemListElement\":[{\"@type\":\"ListItem\",\"position\":1,\"name\":\"\u0413\u043e\u043b\u043e\u0432\u043d\u0430\",\"item\":\"https:\\\/\\\/qtmm.org\\\/qt\\\/\"},{\"@type\":\"ListItem\",\"position\":2,\"name\":\"Ba\u011f\u00e7asarayda Orta Camini\u00f1 tantanal\u0131 a\u00e7\u0131l\u0131\u015f\u0131 old\u0131\"}]},{\"@type\":\"WebSite\",\"@id\":\"https:\\\/\\\/qtmm.org\\\/qt\\\/#website\",\"url\":\"https:\\\/\\\/qtmm.org\\\/qt\\\/\",\"name\":\"\u041c\u0435\u0434\u0436\u043b\u0456\u0441\",\"description\":\"\",\"publisher\":{\"@id\":\"https:\\\/\\\/qtmm.org\\\/qt\\\/#organization\"},\"potentialAction\":[{\"@type\":\"SearchAction\",\"target\":{\"@type\":\"EntryPoint\",\"urlTemplate\":\"https:\\\/\\\/qtmm.org\\\/qt\\\/?s={search_term_string}\"},\"query-input\":{\"@type\":\"PropertyValueSpecification\",\"valueRequired\":true,\"valueName\":\"search_term_string\"}}],\"inLanguage\":\"qt\"},{\"@type\":\"Organization\",\"@id\":\"https:\\\/\\\/qtmm.org\\\/qt\\\/#organization\",\"name\":\"\u041c\u0435\u0434\u0436\u043b\u0456\u0441\",\"url\":\"https:\\\/\\\/qtmm.org\\\/qt\\\/\",\"logo\":{\"@type\":\"ImageObject\",\"inLanguage\":\"qt\",\"@id\":\"https:\\\/\\\/qtmm.org\\\/qt\\\/#\\\/schema\\\/logo\\\/image\\\/\",\"url\":\"https:\\\/\\\/qtmm.org\\\/wp-content\\\/uploads\\\/2024\\\/12\\\/ua-mejlis-logo-rgb.svg\",\"contentUrl\":\"https:\\\/\\\/qtmm.org\\\/wp-content\\\/uploads\\\/2024\\\/12\\\/ua-mejlis-logo-rgb.svg\",\"caption\":\"\u041c\u0435\u0434\u0436\u043b\u0456\u0441\"},\"image\":{\"@id\":\"https:\\\/\\\/qtmm.org\\\/qt\\\/#\\\/schema\\\/logo\\\/image\\\/\"},\"sameAs\":[\"https:\\\/\\\/www.facebook.com\\\/qtmm.info\\\/\"]},{\"@type\":\"Person\",\"@id\":\"https:\\\/\\\/qtmm.org\\\/qt\\\/#\\\/schema\\\/person\\\/de562469f971dec226ac06e60bbf74a7\",\"name\":\"Developer\",\"image\":{\"@type\":\"ImageObject\",\"inLanguage\":\"qt\",\"@id\":\"https:\\\/\\\/secure.gravatar.com\\\/avatar\\\/392b4cc8fbfeb00b39dfeeab4ee6edded39ffd48e25858637e4765810300227e?s=96&d=mm&r=g\",\"url\":\"https:\\\/\\\/secure.gravatar.com\\\/avatar\\\/392b4cc8fbfeb00b39dfeeab4ee6edded39ffd48e25858637e4765810300227e?s=96&d=mm&r=g\",\"contentUrl\":\"https:\\\/\\\/secure.gravatar.com\\\/avatar\\\/392b4cc8fbfeb00b39dfeeab4ee6edded39ffd48e25858637e4765810300227e?s=96&d=mm&r=g\",\"caption\":\"Developer\"},\"url\":\"https:\\\/\\\/qtmm.org\\\/qt\\\/author\\\/Developer\\\/\"}]}<\/script>\n<!-- \/ Yoast SEO plugin. -->","yoast_head_json":{"title":"Ba\u011f\u00e7asarayda Orta Camini\u00f1 tantanal\u0131 a\u00e7\u0131l\u0131\u015f\u0131 old\u0131 - \u041c\u0435\u0434\u0436\u043b\u0456\u0441","robots":{"index":"index","follow":"follow","max-snippet":"max-snippet:-1","max-image-preview":"max-image-preview:large","max-video-preview":"max-video-preview:-1"},"canonical":"https:\/\/qtmm.org\/qt\/bagcasarayda-orta-caminin-tantanali-acilisi-oldi\/","og_locale":"en_US","og_type":"article","og_title":"Ba\u011f\u00e7asarayda Orta Camini\u00f1 tantanal\u0131 a\u00e7\u0131l\u0131\u015f\u0131 old\u0131 - \u041c\u0435\u0434\u0436\u043b\u0456\u0441","og_description":"Avgust 16 k\u00fcn\u00fc Ba\u011f\u00e7asarayda 95 y\u0131ldan berli qapal\u0131 tur\u011fan Orta cami tantanal\u0131 \u015fekilde a\u00e7\u0131ld\u0131. 18 as\u0131r mimarl\u0131q yadik\u00e2rl\u0131\u011f\u0131 \u00dcmerovlar qoorantas\u0131 \u2013 baba ac\u0131 Enver \u00dcmerov ve o\u011fullar\u0131 ac\u0131lar Aslan ve Rustemni\u00f1 \u015fahsiy paralar\u0131 esab\u0131na, Q\u0131r\u0131m m\u00fcftisi ac\u0131 Emirali Ablayev yolb\u015f\u00e7\u0131l\u0131\u011f\u0131nda restavratsiya yap\u0131l\u011fan so\u00f1 kene faaliyetke ke\u00e7ti. Camini\u00f1 resmiy a\u00e7\u0131l\u0131\u015f\u0131nda Milliy Meclis reisi Mustafa Cemilev, B\u00fct\u00fcnd\u00fcnya [&hellip;]","og_url":"https:\/\/qtmm.org\/qt\/bagcasarayda-orta-caminin-tantanali-acilisi-oldi\/","og_site_name":"\u041c\u0435\u0434\u0436\u043b\u0456\u0441","article_publisher":"https:\/\/www.facebook.com\/qtmm.info\/","article_published_time":"2013-08-16T13:09:00+00:00","article_modified_time":"2022-01-25T13:10:35+00:00","og_image":[{"width":800,"height":462,"url":"https:\/\/qtmm.org\/wp-content\/uploads\/2022\/01\/jm6u33x5k1c.jpeg","type":"image\/jpeg"}],"author":"Developer","twitter_card":"summary_large_image","twitter_misc":{"Written by":"Developer","Est. reading time":"6 minutes"},"schema":{"@context":"https:\/\/schema.org","@graph":[{"@type":"Article","@id":"https:\/\/qtmm.org\/qt\/bagcasarayda-orta-caminin-tantanali-acilisi-oldi\/#article","isPartOf":{"@id":"https:\/\/qtmm.org\/qt\/bagcasarayda-orta-caminin-tantanali-acilisi-oldi\/"},"author":{"name":"Developer","@id":"https:\/\/qtmm.org\/qt\/#\/schema\/person\/de562469f971dec226ac06e60bbf74a7"},"headline":"Ba\u011f\u00e7asarayda Orta Camini\u00f1 tantanal\u0131 a\u00e7\u0131l\u0131\u015f\u0131 old\u0131","datePublished":"2013-08-16T13:09:00+00:00","dateModified":"2022-01-25T13:10:35+00:00","mainEntityOfPage":{"@id":"https:\/\/qtmm.org\/qt\/bagcasarayda-orta-caminin-tantanali-acilisi-oldi\/"},"wordCount":1147,"commentCount":0,"publisher":{"@id":"https:\/\/qtmm.org\/qt\/#organization"},"image":{"@id":"https:\/\/qtmm.org\/qt\/bagcasarayda-orta-caminin-tantanali-acilisi-oldi\/#primaryimage"},"thumbnailUrl":"https:\/\/qtmm.org\/wp-content\/uploads\/2022\/01\/jm6u33x5k1c.jpeg","articleSection":["Haberler"],"inLanguage":"qt","potentialAction":[{"@type":"CommentAction","name":"Comment","target":["https:\/\/qtmm.org\/qt\/bagcasarayda-orta-caminin-tantanali-acilisi-oldi\/#respond"]}]},{"@type":"WebPage","@id":"https:\/\/qtmm.org\/qt\/bagcasarayda-orta-caminin-tantanali-acilisi-oldi\/","url":"https:\/\/qtmm.org\/qt\/bagcasarayda-orta-caminin-tantanali-acilisi-oldi\/","name":"Ba\u011f\u00e7asarayda Orta Camini\u00f1 tantanal\u0131 a\u00e7\u0131l\u0131\u015f\u0131 old\u0131 - \u041c\u0435\u0434\u0436\u043b\u0456\u0441","isPartOf":{"@id":"https:\/\/qtmm.org\/qt\/#website"},"primaryImageOfPage":{"@id":"https:\/\/qtmm.org\/qt\/bagcasarayda-orta-caminin-tantanali-acilisi-oldi\/#primaryimage"},"image":{"@id":"https:\/\/qtmm.org\/qt\/bagcasarayda-orta-caminin-tantanali-acilisi-oldi\/#primaryimage"},"thumbnailUrl":"https:\/\/qtmm.org\/wp-content\/uploads\/2022\/01\/jm6u33x5k1c.jpeg","datePublished":"2013-08-16T13:09:00+00:00","dateModified":"2022-01-25T13:10:35+00:00","breadcrumb":{"@id":"https:\/\/qtmm.org\/qt\/bagcasarayda-orta-caminin-tantanali-acilisi-oldi\/#breadcrumb"},"inLanguage":"qt","potentialAction":[{"@type":"ReadAction","target":["https:\/\/qtmm.org\/qt\/bagcasarayda-orta-caminin-tantanali-acilisi-oldi\/"]}]},{"@type":"ImageObject","inLanguage":"qt","@id":"https:\/\/qtmm.org\/qt\/bagcasarayda-orta-caminin-tantanali-acilisi-oldi\/#primaryimage","url":"https:\/\/qtmm.org\/wp-content\/uploads\/2022\/01\/jm6u33x5k1c.jpeg","contentUrl":"https:\/\/qtmm.org\/wp-content\/uploads\/2022\/01\/jm6u33x5k1c.jpeg","width":800,"height":462},{"@type":"BreadcrumbList","@id":"https:\/\/qtmm.org\/qt\/bagcasarayda-orta-caminin-tantanali-acilisi-oldi\/#breadcrumb","itemListElement":[{"@type":"ListItem","position":1,"name":"\u0413\u043e\u043b\u043e\u0432\u043d\u0430","item":"https:\/\/qtmm.org\/qt\/"},{"@type":"ListItem","position":2,"name":"Ba\u011f\u00e7asarayda Orta Camini\u00f1 tantanal\u0131 a\u00e7\u0131l\u0131\u015f\u0131 old\u0131"}]},{"@type":"WebSite","@id":"https:\/\/qtmm.org\/qt\/#website","url":"https:\/\/qtmm.org\/qt\/","name":"\u041c\u0435\u0434\u0436\u043b\u0456\u0441","description":"","publisher":{"@id":"https:\/\/qtmm.org\/qt\/#organization"},"potentialAction":[{"@type":"SearchAction","target":{"@type":"EntryPoint","urlTemplate":"https:\/\/qtmm.org\/qt\/?s={search_term_string}"},"query-input":{"@type":"PropertyValueSpecification","valueRequired":true,"valueName":"search_term_string"}}],"inLanguage":"qt"},{"@type":"Organization","@id":"https:\/\/qtmm.org\/qt\/#organization","name":"\u041c\u0435\u0434\u0436\u043b\u0456\u0441","url":"https:\/\/qtmm.org\/qt\/","logo":{"@type":"ImageObject","inLanguage":"qt","@id":"https:\/\/qtmm.org\/qt\/#\/schema\/logo\/image\/","url":"https:\/\/qtmm.org\/wp-content\/uploads\/2024\/12\/ua-mejlis-logo-rgb.svg","contentUrl":"https:\/\/qtmm.org\/wp-content\/uploads\/2024\/12\/ua-mejlis-logo-rgb.svg","caption":"\u041c\u0435\u0434\u0436\u043b\u0456\u0441"},"image":{"@id":"https:\/\/qtmm.org\/qt\/#\/schema\/logo\/image\/"},"sameAs":["https:\/\/www.facebook.com\/qtmm.info\/"]},{"@type":"Person","@id":"https:\/\/qtmm.org\/qt\/#\/schema\/person\/de562469f971dec226ac06e60bbf74a7","name":"Developer","image":{"@type":"ImageObject","inLanguage":"qt","@id":"https:\/\/secure.gravatar.com\/avatar\/392b4cc8fbfeb00b39dfeeab4ee6edded39ffd48e25858637e4765810300227e?s=96&d=mm&r=g","url":"https:\/\/secure.gravatar.com\/avatar\/392b4cc8fbfeb00b39dfeeab4ee6edded39ffd48e25858637e4765810300227e?s=96&d=mm&r=g","contentUrl":"https:\/\/secure.gravatar.com\/avatar\/392b4cc8fbfeb00b39dfeeab4ee6edded39ffd48e25858637e4765810300227e?s=96&d=mm&r=g","caption":"Developer"},"url":"https:\/\/qtmm.org\/qt\/author\/Developer\/"}]}},"_links":{"self":[{"href":"https:\/\/qtmm.org\/qt\/wp-json\/wp\/v2\/posts\/38895","targetHints":{"allow":["GET"]}}],"collection":[{"href":"https:\/\/qtmm.org\/qt\/wp-json\/wp\/v2\/posts"}],"about":[{"href":"https:\/\/qtmm.org\/qt\/wp-json\/wp\/v2\/types\/post"}],"author":[{"embeddable":true,"href":"https:\/\/qtmm.org\/qt\/wp-json\/wp\/v2\/users\/1"}],"replies":[{"embeddable":true,"href":"https:\/\/qtmm.org\/qt\/wp-json\/wp\/v2\/comments?post=38895"}],"version-history":[{"count":1,"href":"https:\/\/qtmm.org\/qt\/wp-json\/wp\/v2\/posts\/38895\/revisions"}],"predecessor-version":[{"id":38912,"href":"https:\/\/qtmm.org\/qt\/wp-json\/wp\/v2\/posts\/38895\/revisions\/38912"}],"wp:featuredmedia":[{"embeddable":true,"href":"https:\/\/qtmm.org\/qt\/wp-json\/wp\/v2\/media\/38896"}],"wp:attachment":[{"href":"https:\/\/qtmm.org\/qt\/wp-json\/wp\/v2\/media?parent=38895"}],"wp:term":[{"taxonomy":"category","embeddable":true,"href":"https:\/\/qtmm.org\/qt\/wp-json\/wp\/v2\/categories?post=38895"},{"taxonomy":"post_tag","embeddable":true,"href":"https:\/\/qtmm.org\/qt\/wp-json\/wp\/v2\/tags?post=38895"}],"curies":[{"name":"wp","href":"https:\/\/api.w.org\/{rel}","templated":true}]}}