




{"id":38877,"date":"2013-08-15T16:07:00","date_gmt":"2013-08-15T13:07:00","guid":{"rendered":"http:\/\/qtmm.org\/?p=38877"},"modified":"2022-01-25T16:09:06","modified_gmt":"2022-01-25T13:09:06","slug":"2013-senesi-avgust-15-kunu-meclisnin-nevbetteki-toplasuvi-olip-kecti","status":"publish","type":"post","link":"https:\/\/qtmm.org\/qt\/2013-senesi-avgust-15-kunu-meclisnin-nevbetteki-toplasuvi-olip-kecti\/","title":{"rendered":"2013 senesi avgust 15 k\u00fcn\u00fc Meclisni\u00f1 nevbetteki topla\u015fuv\u0131 ol\u0131p ke\u00e7ti"},"content":{"rendered":"\n<p>Meclisni\u00f1 2013 senesi avgust 15 k\u00fcn\u00fc ol\u0131p ke\u00e7ken nevbetteki topla\u015fuv\u0131n\u0131\u00f1 k\u00fcn tertibine eki mesele qoyuld\u0131 &#8211; Umumavropa natsizm ve stalinizm qurbanlar\u0131n\u0131\u00f1 hat\u0131ra k\u00fcn\u00fcne ba\u011f\u0131\u015flan\u011fan mitingni \u00f6tker\u00fcvge az\u0131rl\u0131qn\u0131\u00f1 keti\u015fat\u0131 aqq\u0131nda informatsiya. K\u00fcn tertibini\u00f1 ekinci ve ba\u015f meselesi VI \u00e7a\u011f\u0131r\u0131l\u0131\u015f Qurultayn\u0131\u00f1 1-nci sessiyas\u0131n\u0131 ke\u00e7ir\u00fcv boyunca qarar almaq old\u0131.<\/p>\n\n\n\n<figure class=\"wp-block-image size-full\"><img loading=\"lazy\" decoding=\"async\" width=\"650\" height=\"380\" src=\"http:\/\/qtmm.org\/wp-content\/uploads\/2022\/01\/img_3876.jpeg\" alt=\"\" class=\"wp-image-38878\" srcset=\"https:\/\/qtmm.org\/wp-content\/uploads\/2022\/01\/img_3876.jpeg 650w, https:\/\/qtmm.org\/wp-content\/uploads\/2022\/01\/img_3876-300x175.jpeg 300w\" sizes=\"auto, (max-width: 650px) 100vw, 650px\" \/><\/figure>\n\n\n\n<p>Birinci mesele boyunca \u00e7\u0131q\u0131\u015fta bulun\u011fan Meclis reisini\u00f1 birinci muavini Refat \u00c7ubarov Meclis azalar\u0131na mitingge az\u0131rl\u0131q boyunca te\u015fkiliy komitet yapqan i\u015f aqq\u0131nda esabat berip, miting er y\u0131ldakisi kibi Sal\u011f\u0131r ba\u011f\u00e7as\u0131nda s\u00fcrg\u00fcnlik qurbanlar\u0131n\u0131\u00f1 hat\u0131ra ta\u015f\u0131 yan\u0131nda olaca\u011f\u0131n\u0131 hat\u0131rlatt\u0131. Mitingde Q\u0131r\u0131mn\u0131\u00f1 b\u00fct\u00fcn regionlar\u0131ndan 1000-den ziyade adam i\u015ftirak etmesi beklenile.<\/p>\n\n\n\n<figure class=\"wp-block-image size-full\"><img loading=\"lazy\" decoding=\"async\" width=\"650\" height=\"492\" src=\"http:\/\/qtmm.org\/wp-content\/uploads\/2022\/01\/img_3880.jpeg\" alt=\"\" class=\"wp-image-38882\" srcset=\"https:\/\/qtmm.org\/wp-content\/uploads\/2022\/01\/img_3880.jpeg 650w, https:\/\/qtmm.org\/wp-content\/uploads\/2022\/01\/img_3880-300x227.jpeg 300w\" sizes=\"auto, (max-width: 650px) 100vw, 650px\" \/><\/figure>\n\n\n\n<p>Alt\u0131nc\u0131 \u00e7a\u011f\u0131r\u0131l\u0131\u015f Qurultay\u0131n\u0131\u00f1 birinci sessiyas\u0131 ke\u00e7irilecek k\u00fcnni belgilemek boyunca Meclis reisi Mustafa Cemilev, on\u0131\u00f1 birinci muavini Refat \u00c7ubarov, Qurultay Merkeziy saylav komissiyas\u0131n\u0131\u00f1 reisi Zair Smedl\u00e2yev ve diger azalar\u0131 \u00e7\u0131q\u0131\u015fta bulund\u0131lar. Muzakere devam\u0131nda Q\u0131r\u0131mtatar halq\u0131 VI \u00e7a\u011f\u0131r\u0131l\u0131\u015f Qurultayn\u0131\u00f1 1-nci sessiyas\u0131n\u0131 2013 senesi okt\u00e2br 26-27 k\u00fcnleri ke\u00e7irmek qarar\u0131 qabul etildi.<\/p>\n\n\n\n<figure class=\"wp-block-image size-full\"><img loading=\"lazy\" decoding=\"async\" width=\"650\" height=\"400\" src=\"http:\/\/qtmm.org\/wp-content\/uploads\/2022\/01\/img_3885.jpeg\" alt=\"\" class=\"wp-image-38886\" srcset=\"https:\/\/qtmm.org\/wp-content\/uploads\/2022\/01\/img_3885.jpeg 650w, https:\/\/qtmm.org\/wp-content\/uploads\/2022\/01\/img_3885-300x185.jpeg 300w\" sizes=\"auto, (max-width: 650px) 100vw, 650px\" \/><\/figure>\n\n\n\n<p>VI \u00e7a\u011f\u0131r\u0131l\u0131\u015f Qurultayn\u0131\u00f1 1-nci sessiyas\u0131n\u0131 az\u0131rlav ve ke\u00e7ir\u00fcv boyunca te\u015fkiliy h\u0131zmetke 2013 senesi okt\u00e2br 1-ge qadar Qurultay sessiyas\u0131 k\u00fcn tertibini\u00f1 leyhas\u0131 ve tahminiy i\u015f plan\u0131n\u0131 Meclis taraf\u0131ndan tasdiqlanmas\u0131 i\u00e7\u00fcn taqdim etmek ve tasdiqlan\u011fan so\u00f1 Qurultay delegatlar\u0131na yollamaq vazifesi berildi.<\/p>\n\n\n\n<figure class=\"wp-block-image size-full\"><img loading=\"lazy\" decoding=\"async\" width=\"650\" height=\"350\" src=\"http:\/\/qtmm.org\/wp-content\/uploads\/2022\/01\/img_3881.jpeg\" alt=\"\" class=\"wp-image-38890\" srcset=\"https:\/\/qtmm.org\/wp-content\/uploads\/2022\/01\/img_3881.jpeg 650w, https:\/\/qtmm.org\/wp-content\/uploads\/2022\/01\/img_3881-300x162.jpeg 300w\" sizes=\"auto, (max-width: 650px) 100vw, 650px\" \/><\/figure>\n","protected":false},"excerpt":{"rendered":"<p>Meclisni\u00f1 2013 senesi avgust 15 k\u00fcn\u00fc ol\u0131p ke\u00e7ken nevbetteki topla\u015fuv\u0131n\u0131\u00f1 k\u00fcn tertibine eki mesele qoyuld\u0131 &#8211; Umumavropa natsizm ve stalinizm qurbanlar\u0131n\u0131\u00f1 hat\u0131ra k\u00fcn\u00fcne ba\u011f\u0131\u015flan\u011fan mitingni \u00f6tker\u00fcvge az\u0131rl\u0131qn\u0131\u00f1 keti\u015fat\u0131 aqq\u0131nda informatsiya. K\u00fcn tertibini\u00f1 ekinci ve ba\u015f meselesi VI \u00e7a\u011f\u0131r\u0131l\u0131\u015f Qurultayn\u0131\u00f1 1-nci sessiyas\u0131n\u0131 ke\u00e7ir\u00fcv boyunca qarar almaq old\u0131. Birinci mesele boyunca \u00e7\u0131q\u0131\u015fta bulun\u011fan Meclis reisini\u00f1 birinci muavini [&hellip;]<\/p>\n","protected":false},"author":1,"featured_media":0,"comment_status":"open","ping_status":"open","sticky":false,"template":"","format":"standard","meta":{"inline_featured_image":false,"footnotes":""},"categories":[265],"tags":[],"class_list":["post-38877","post","type-post","status-publish","format-standard","hentry","category-haberler"],"acf":[],"yoast_head":"<!-- This site is optimized with the Yoast SEO plugin v27.4 - https:\/\/yoast.com\/product\/yoast-seo-wordpress\/ -->\n<title>2013 senesi avgust 15 k\u00fcn\u00fc Meclisni\u00f1 nevbetteki topla\u015fuv\u0131 ol\u0131p ke\u00e7ti - \u041c\u0435\u0434\u0436\u043b\u0456\u0441<\/title>\n<meta name=\"robots\" content=\"index, follow, max-snippet:-1, max-image-preview:large, max-video-preview:-1\" \/>\n<link rel=\"canonical\" href=\"https:\/\/qtmm.org\/qt\/2013-senesi-avgust-15-kunu-meclisnin-nevbetteki-toplasuvi-olip-kecti\/\" \/>\n<meta property=\"og:locale\" content=\"en_US\" \/>\n<meta property=\"og:type\" content=\"article\" \/>\n<meta property=\"og:title\" content=\"2013 senesi avgust 15 k\u00fcn\u00fc Meclisni\u00f1 nevbetteki topla\u015fuv\u0131 ol\u0131p ke\u00e7ti - \u041c\u0435\u0434\u0436\u043b\u0456\u0441\" \/>\n<meta property=\"og:description\" content=\"Meclisni\u00f1 2013 senesi avgust 15 k\u00fcn\u00fc ol\u0131p ke\u00e7ken nevbetteki topla\u015fuv\u0131n\u0131\u00f1 k\u00fcn tertibine eki mesele qoyuld\u0131 &#8211; Umumavropa natsizm ve stalinizm qurbanlar\u0131n\u0131\u00f1 hat\u0131ra k\u00fcn\u00fcne ba\u011f\u0131\u015flan\u011fan mitingni \u00f6tker\u00fcvge az\u0131rl\u0131qn\u0131\u00f1 keti\u015fat\u0131 aqq\u0131nda informatsiya. K\u00fcn tertibini\u00f1 ekinci ve ba\u015f meselesi VI \u00e7a\u011f\u0131r\u0131l\u0131\u015f Qurultayn\u0131\u00f1 1-nci sessiyas\u0131n\u0131 ke\u00e7ir\u00fcv boyunca qarar almaq old\u0131. Birinci mesele boyunca \u00e7\u0131q\u0131\u015fta bulun\u011fan Meclis reisini\u00f1 birinci muavini [&hellip;]\" \/>\n<meta property=\"og:url\" content=\"https:\/\/qtmm.org\/qt\/2013-senesi-avgust-15-kunu-meclisnin-nevbetteki-toplasuvi-olip-kecti\/\" \/>\n<meta property=\"og:site_name\" content=\"\u041c\u0435\u0434\u0436\u043b\u0456\u0441\" \/>\n<meta property=\"article:publisher\" content=\"https:\/\/www.facebook.com\/qtmm.info\/\" \/>\n<meta property=\"article:published_time\" content=\"2013-08-15T13:07:00+00:00\" \/>\n<meta property=\"article:modified_time\" content=\"2022-01-25T13:09:06+00:00\" \/>\n<meta property=\"og:image\" content=\"https:\/\/qtmm.org\/wp-content\/uploads\/2022\/01\/img_3876.jpeg\" \/>\n\t<meta property=\"og:image:width\" content=\"650\" \/>\n\t<meta property=\"og:image:height\" content=\"380\" \/>\n\t<meta property=\"og:image:type\" content=\"image\/jpeg\" \/>\n<meta name=\"author\" content=\"Developer\" \/>\n<meta name=\"twitter:card\" content=\"summary_large_image\" \/>\n<meta name=\"twitter:label1\" content=\"Written by\" \/>\n\t<meta name=\"twitter:data1\" content=\"Developer\" \/>\n\t<meta name=\"twitter:label2\" content=\"Est. reading time\" \/>\n\t<meta name=\"twitter:data2\" content=\"1 minute\" \/>\n<script type=\"application\/ld+json\" class=\"yoast-schema-graph\">{\"@context\":\"https:\\\/\\\/schema.org\",\"@graph\":[{\"@type\":\"Article\",\"@id\":\"https:\\\/\\\/qtmm.org\\\/qt\\\/2013-senesi-avgust-15-kunu-meclisnin-nevbetteki-toplasuvi-olip-kecti\\\/#article\",\"isPartOf\":{\"@id\":\"https:\\\/\\\/qtmm.org\\\/qt\\\/2013-senesi-avgust-15-kunu-meclisnin-nevbetteki-toplasuvi-olip-kecti\\\/\"},\"author\":{\"name\":\"Developer\",\"@id\":\"https:\\\/\\\/qtmm.org\\\/qt\\\/#\\\/schema\\\/person\\\/de562469f971dec226ac06e60bbf74a7\"},\"headline\":\"2013 senesi avgust 15 k\u00fcn\u00fc Meclisni\u00f1 nevbetteki topla\u015fuv\u0131 ol\u0131p ke\u00e7ti\",\"datePublished\":\"2013-08-15T13:07:00+00:00\",\"dateModified\":\"2022-01-25T13:09:06+00:00\",\"mainEntityOfPage\":{\"@id\":\"https:\\\/\\\/qtmm.org\\\/qt\\\/2013-senesi-avgust-15-kunu-meclisnin-nevbetteki-toplasuvi-olip-kecti\\\/\"},\"wordCount\":268,\"commentCount\":0,\"publisher\":{\"@id\":\"https:\\\/\\\/qtmm.org\\\/qt\\\/#organization\"},\"image\":{\"@id\":\"https:\\\/\\\/qtmm.org\\\/qt\\\/2013-senesi-avgust-15-kunu-meclisnin-nevbetteki-toplasuvi-olip-kecti\\\/#primaryimage\"},\"thumbnailUrl\":\"http:\\\/\\\/qtmm.org\\\/wp-content\\\/uploads\\\/2022\\\/01\\\/img_3876.jpeg\",\"articleSection\":[\"Haberler\"],\"inLanguage\":\"qt\",\"potentialAction\":[{\"@type\":\"CommentAction\",\"name\":\"Comment\",\"target\":[\"https:\\\/\\\/qtmm.org\\\/qt\\\/2013-senesi-avgust-15-kunu-meclisnin-nevbetteki-toplasuvi-olip-kecti\\\/#respond\"]}]},{\"@type\":\"WebPage\",\"@id\":\"https:\\\/\\\/qtmm.org\\\/qt\\\/2013-senesi-avgust-15-kunu-meclisnin-nevbetteki-toplasuvi-olip-kecti\\\/\",\"url\":\"https:\\\/\\\/qtmm.org\\\/qt\\\/2013-senesi-avgust-15-kunu-meclisnin-nevbetteki-toplasuvi-olip-kecti\\\/\",\"name\":\"2013 senesi avgust 15 k\u00fcn\u00fc Meclisni\u00f1 nevbetteki topla\u015fuv\u0131 ol\u0131p ke\u00e7ti - \u041c\u0435\u0434\u0436\u043b\u0456\u0441\",\"isPartOf\":{\"@id\":\"https:\\\/\\\/qtmm.org\\\/qt\\\/#website\"},\"primaryImageOfPage\":{\"@id\":\"https:\\\/\\\/qtmm.org\\\/qt\\\/2013-senesi-avgust-15-kunu-meclisnin-nevbetteki-toplasuvi-olip-kecti\\\/#primaryimage\"},\"image\":{\"@id\":\"https:\\\/\\\/qtmm.org\\\/qt\\\/2013-senesi-avgust-15-kunu-meclisnin-nevbetteki-toplasuvi-olip-kecti\\\/#primaryimage\"},\"thumbnailUrl\":\"http:\\\/\\\/qtmm.org\\\/wp-content\\\/uploads\\\/2022\\\/01\\\/img_3876.jpeg\",\"datePublished\":\"2013-08-15T13:07:00+00:00\",\"dateModified\":\"2022-01-25T13:09:06+00:00\",\"breadcrumb\":{\"@id\":\"https:\\\/\\\/qtmm.org\\\/qt\\\/2013-senesi-avgust-15-kunu-meclisnin-nevbetteki-toplasuvi-olip-kecti\\\/#breadcrumb\"},\"inLanguage\":\"qt\",\"potentialAction\":[{\"@type\":\"ReadAction\",\"target\":[\"https:\\\/\\\/qtmm.org\\\/qt\\\/2013-senesi-avgust-15-kunu-meclisnin-nevbetteki-toplasuvi-olip-kecti\\\/\"]}]},{\"@type\":\"ImageObject\",\"inLanguage\":\"qt\",\"@id\":\"https:\\\/\\\/qtmm.org\\\/qt\\\/2013-senesi-avgust-15-kunu-meclisnin-nevbetteki-toplasuvi-olip-kecti\\\/#primaryimage\",\"url\":\"http:\\\/\\\/qtmm.org\\\/wp-content\\\/uploads\\\/2022\\\/01\\\/img_3876.jpeg\",\"contentUrl\":\"http:\\\/\\\/qtmm.org\\\/wp-content\\\/uploads\\\/2022\\\/01\\\/img_3876.jpeg\"},{\"@type\":\"BreadcrumbList\",\"@id\":\"https:\\\/\\\/qtmm.org\\\/qt\\\/2013-senesi-avgust-15-kunu-meclisnin-nevbetteki-toplasuvi-olip-kecti\\\/#breadcrumb\",\"itemListElement\":[{\"@type\":\"ListItem\",\"position\":1,\"name\":\"\u0413\u043e\u043b\u043e\u0432\u043d\u0430\",\"item\":\"https:\\\/\\\/qtmm.org\\\/qt\\\/\"},{\"@type\":\"ListItem\",\"position\":2,\"name\":\"2013 senesi avgust 15 k\u00fcn\u00fc Meclisni\u00f1 nevbetteki topla\u015fuv\u0131 ol\u0131p ke\u00e7ti\"}]},{\"@type\":\"WebSite\",\"@id\":\"https:\\\/\\\/qtmm.org\\\/qt\\\/#website\",\"url\":\"https:\\\/\\\/qtmm.org\\\/qt\\\/\",\"name\":\"\u041c\u0435\u0434\u0436\u043b\u0456\u0441\",\"description\":\"\",\"publisher\":{\"@id\":\"https:\\\/\\\/qtmm.org\\\/qt\\\/#organization\"},\"potentialAction\":[{\"@type\":\"SearchAction\",\"target\":{\"@type\":\"EntryPoint\",\"urlTemplate\":\"https:\\\/\\\/qtmm.org\\\/qt\\\/?s={search_term_string}\"},\"query-input\":{\"@type\":\"PropertyValueSpecification\",\"valueRequired\":true,\"valueName\":\"search_term_string\"}}],\"inLanguage\":\"qt\"},{\"@type\":\"Organization\",\"@id\":\"https:\\\/\\\/qtmm.org\\\/qt\\\/#organization\",\"name\":\"\u041c\u0435\u0434\u0436\u043b\u0456\u0441\",\"url\":\"https:\\\/\\\/qtmm.org\\\/qt\\\/\",\"logo\":{\"@type\":\"ImageObject\",\"inLanguage\":\"qt\",\"@id\":\"https:\\\/\\\/qtmm.org\\\/qt\\\/#\\\/schema\\\/logo\\\/image\\\/\",\"url\":\"https:\\\/\\\/qtmm.org\\\/wp-content\\\/uploads\\\/2024\\\/12\\\/ua-mejlis-logo-rgb.svg\",\"contentUrl\":\"https:\\\/\\\/qtmm.org\\\/wp-content\\\/uploads\\\/2024\\\/12\\\/ua-mejlis-logo-rgb.svg\",\"caption\":\"\u041c\u0435\u0434\u0436\u043b\u0456\u0441\"},\"image\":{\"@id\":\"https:\\\/\\\/qtmm.org\\\/qt\\\/#\\\/schema\\\/logo\\\/image\\\/\"},\"sameAs\":[\"https:\\\/\\\/www.facebook.com\\\/qtmm.info\\\/\"]},{\"@type\":\"Person\",\"@id\":\"https:\\\/\\\/qtmm.org\\\/qt\\\/#\\\/schema\\\/person\\\/de562469f971dec226ac06e60bbf74a7\",\"name\":\"Developer\",\"image\":{\"@type\":\"ImageObject\",\"inLanguage\":\"qt\",\"@id\":\"https:\\\/\\\/secure.gravatar.com\\\/avatar\\\/392b4cc8fbfeb00b39dfeeab4ee6edded39ffd48e25858637e4765810300227e?s=96&d=mm&r=g\",\"url\":\"https:\\\/\\\/secure.gravatar.com\\\/avatar\\\/392b4cc8fbfeb00b39dfeeab4ee6edded39ffd48e25858637e4765810300227e?s=96&d=mm&r=g\",\"contentUrl\":\"https:\\\/\\\/secure.gravatar.com\\\/avatar\\\/392b4cc8fbfeb00b39dfeeab4ee6edded39ffd48e25858637e4765810300227e?s=96&d=mm&r=g\",\"caption\":\"Developer\"},\"url\":\"https:\\\/\\\/qtmm.org\\\/qt\\\/author\\\/Developer\\\/\"}]}<\/script>\n<!-- \/ Yoast SEO plugin. -->","yoast_head_json":{"title":"2013 senesi avgust 15 k\u00fcn\u00fc Meclisni\u00f1 nevbetteki topla\u015fuv\u0131 ol\u0131p ke\u00e7ti - \u041c\u0435\u0434\u0436\u043b\u0456\u0441","robots":{"index":"index","follow":"follow","max-snippet":"max-snippet:-1","max-image-preview":"max-image-preview:large","max-video-preview":"max-video-preview:-1"},"canonical":"https:\/\/qtmm.org\/qt\/2013-senesi-avgust-15-kunu-meclisnin-nevbetteki-toplasuvi-olip-kecti\/","og_locale":"en_US","og_type":"article","og_title":"2013 senesi avgust 15 k\u00fcn\u00fc Meclisni\u00f1 nevbetteki topla\u015fuv\u0131 ol\u0131p ke\u00e7ti - \u041c\u0435\u0434\u0436\u043b\u0456\u0441","og_description":"Meclisni\u00f1 2013 senesi avgust 15 k\u00fcn\u00fc ol\u0131p ke\u00e7ken nevbetteki topla\u015fuv\u0131n\u0131\u00f1 k\u00fcn tertibine eki mesele qoyuld\u0131 &#8211; Umumavropa natsizm ve stalinizm qurbanlar\u0131n\u0131\u00f1 hat\u0131ra k\u00fcn\u00fcne ba\u011f\u0131\u015flan\u011fan mitingni \u00f6tker\u00fcvge az\u0131rl\u0131qn\u0131\u00f1 keti\u015fat\u0131 aqq\u0131nda informatsiya. K\u00fcn tertibini\u00f1 ekinci ve ba\u015f meselesi VI \u00e7a\u011f\u0131r\u0131l\u0131\u015f Qurultayn\u0131\u00f1 1-nci sessiyas\u0131n\u0131 ke\u00e7ir\u00fcv boyunca qarar almaq old\u0131. Birinci mesele boyunca \u00e7\u0131q\u0131\u015fta bulun\u011fan Meclis reisini\u00f1 birinci muavini [&hellip;]","og_url":"https:\/\/qtmm.org\/qt\/2013-senesi-avgust-15-kunu-meclisnin-nevbetteki-toplasuvi-olip-kecti\/","og_site_name":"\u041c\u0435\u0434\u0436\u043b\u0456\u0441","article_publisher":"https:\/\/www.facebook.com\/qtmm.info\/","article_published_time":"2013-08-15T13:07:00+00:00","article_modified_time":"2022-01-25T13:09:06+00:00","og_image":[{"width":650,"height":380,"url":"https:\/\/qtmm.org\/wp-content\/uploads\/2022\/01\/img_3876.jpeg","type":"image\/jpeg"}],"author":"Developer","twitter_card":"summary_large_image","twitter_misc":{"Written by":"Developer","Est. reading time":"1 minute"},"schema":{"@context":"https:\/\/schema.org","@graph":[{"@type":"Article","@id":"https:\/\/qtmm.org\/qt\/2013-senesi-avgust-15-kunu-meclisnin-nevbetteki-toplasuvi-olip-kecti\/#article","isPartOf":{"@id":"https:\/\/qtmm.org\/qt\/2013-senesi-avgust-15-kunu-meclisnin-nevbetteki-toplasuvi-olip-kecti\/"},"author":{"name":"Developer","@id":"https:\/\/qtmm.org\/qt\/#\/schema\/person\/de562469f971dec226ac06e60bbf74a7"},"headline":"2013 senesi avgust 15 k\u00fcn\u00fc Meclisni\u00f1 nevbetteki topla\u015fuv\u0131 ol\u0131p ke\u00e7ti","datePublished":"2013-08-15T13:07:00+00:00","dateModified":"2022-01-25T13:09:06+00:00","mainEntityOfPage":{"@id":"https:\/\/qtmm.org\/qt\/2013-senesi-avgust-15-kunu-meclisnin-nevbetteki-toplasuvi-olip-kecti\/"},"wordCount":268,"commentCount":0,"publisher":{"@id":"https:\/\/qtmm.org\/qt\/#organization"},"image":{"@id":"https:\/\/qtmm.org\/qt\/2013-senesi-avgust-15-kunu-meclisnin-nevbetteki-toplasuvi-olip-kecti\/#primaryimage"},"thumbnailUrl":"http:\/\/qtmm.org\/wp-content\/uploads\/2022\/01\/img_3876.jpeg","articleSection":["Haberler"],"inLanguage":"qt","potentialAction":[{"@type":"CommentAction","name":"Comment","target":["https:\/\/qtmm.org\/qt\/2013-senesi-avgust-15-kunu-meclisnin-nevbetteki-toplasuvi-olip-kecti\/#respond"]}]},{"@type":"WebPage","@id":"https:\/\/qtmm.org\/qt\/2013-senesi-avgust-15-kunu-meclisnin-nevbetteki-toplasuvi-olip-kecti\/","url":"https:\/\/qtmm.org\/qt\/2013-senesi-avgust-15-kunu-meclisnin-nevbetteki-toplasuvi-olip-kecti\/","name":"2013 senesi avgust 15 k\u00fcn\u00fc Meclisni\u00f1 nevbetteki topla\u015fuv\u0131 ol\u0131p ke\u00e7ti - \u041c\u0435\u0434\u0436\u043b\u0456\u0441","isPartOf":{"@id":"https:\/\/qtmm.org\/qt\/#website"},"primaryImageOfPage":{"@id":"https:\/\/qtmm.org\/qt\/2013-senesi-avgust-15-kunu-meclisnin-nevbetteki-toplasuvi-olip-kecti\/#primaryimage"},"image":{"@id":"https:\/\/qtmm.org\/qt\/2013-senesi-avgust-15-kunu-meclisnin-nevbetteki-toplasuvi-olip-kecti\/#primaryimage"},"thumbnailUrl":"http:\/\/qtmm.org\/wp-content\/uploads\/2022\/01\/img_3876.jpeg","datePublished":"2013-08-15T13:07:00+00:00","dateModified":"2022-01-25T13:09:06+00:00","breadcrumb":{"@id":"https:\/\/qtmm.org\/qt\/2013-senesi-avgust-15-kunu-meclisnin-nevbetteki-toplasuvi-olip-kecti\/#breadcrumb"},"inLanguage":"qt","potentialAction":[{"@type":"ReadAction","target":["https:\/\/qtmm.org\/qt\/2013-senesi-avgust-15-kunu-meclisnin-nevbetteki-toplasuvi-olip-kecti\/"]}]},{"@type":"ImageObject","inLanguage":"qt","@id":"https:\/\/qtmm.org\/qt\/2013-senesi-avgust-15-kunu-meclisnin-nevbetteki-toplasuvi-olip-kecti\/#primaryimage","url":"http:\/\/qtmm.org\/wp-content\/uploads\/2022\/01\/img_3876.jpeg","contentUrl":"http:\/\/qtmm.org\/wp-content\/uploads\/2022\/01\/img_3876.jpeg"},{"@type":"BreadcrumbList","@id":"https:\/\/qtmm.org\/qt\/2013-senesi-avgust-15-kunu-meclisnin-nevbetteki-toplasuvi-olip-kecti\/#breadcrumb","itemListElement":[{"@type":"ListItem","position":1,"name":"\u0413\u043e\u043b\u043e\u0432\u043d\u0430","item":"https:\/\/qtmm.org\/qt\/"},{"@type":"ListItem","position":2,"name":"2013 senesi avgust 15 k\u00fcn\u00fc Meclisni\u00f1 nevbetteki topla\u015fuv\u0131 ol\u0131p ke\u00e7ti"}]},{"@type":"WebSite","@id":"https:\/\/qtmm.org\/qt\/#website","url":"https:\/\/qtmm.org\/qt\/","name":"\u041c\u0435\u0434\u0436\u043b\u0456\u0441","description":"","publisher":{"@id":"https:\/\/qtmm.org\/qt\/#organization"},"potentialAction":[{"@type":"SearchAction","target":{"@type":"EntryPoint","urlTemplate":"https:\/\/qtmm.org\/qt\/?s={search_term_string}"},"query-input":{"@type":"PropertyValueSpecification","valueRequired":true,"valueName":"search_term_string"}}],"inLanguage":"qt"},{"@type":"Organization","@id":"https:\/\/qtmm.org\/qt\/#organization","name":"\u041c\u0435\u0434\u0436\u043b\u0456\u0441","url":"https:\/\/qtmm.org\/qt\/","logo":{"@type":"ImageObject","inLanguage":"qt","@id":"https:\/\/qtmm.org\/qt\/#\/schema\/logo\/image\/","url":"https:\/\/qtmm.org\/wp-content\/uploads\/2024\/12\/ua-mejlis-logo-rgb.svg","contentUrl":"https:\/\/qtmm.org\/wp-content\/uploads\/2024\/12\/ua-mejlis-logo-rgb.svg","caption":"\u041c\u0435\u0434\u0436\u043b\u0456\u0441"},"image":{"@id":"https:\/\/qtmm.org\/qt\/#\/schema\/logo\/image\/"},"sameAs":["https:\/\/www.facebook.com\/qtmm.info\/"]},{"@type":"Person","@id":"https:\/\/qtmm.org\/qt\/#\/schema\/person\/de562469f971dec226ac06e60bbf74a7","name":"Developer","image":{"@type":"ImageObject","inLanguage":"qt","@id":"https:\/\/secure.gravatar.com\/avatar\/392b4cc8fbfeb00b39dfeeab4ee6edded39ffd48e25858637e4765810300227e?s=96&d=mm&r=g","url":"https:\/\/secure.gravatar.com\/avatar\/392b4cc8fbfeb00b39dfeeab4ee6edded39ffd48e25858637e4765810300227e?s=96&d=mm&r=g","contentUrl":"https:\/\/secure.gravatar.com\/avatar\/392b4cc8fbfeb00b39dfeeab4ee6edded39ffd48e25858637e4765810300227e?s=96&d=mm&r=g","caption":"Developer"},"url":"https:\/\/qtmm.org\/qt\/author\/Developer\/"}]}},"_links":{"self":[{"href":"https:\/\/qtmm.org\/qt\/wp-json\/wp\/v2\/posts\/38877","targetHints":{"allow":["GET"]}}],"collection":[{"href":"https:\/\/qtmm.org\/qt\/wp-json\/wp\/v2\/posts"}],"about":[{"href":"https:\/\/qtmm.org\/qt\/wp-json\/wp\/v2\/types\/post"}],"author":[{"embeddable":true,"href":"https:\/\/qtmm.org\/qt\/wp-json\/wp\/v2\/users\/1"}],"replies":[{"embeddable":true,"href":"https:\/\/qtmm.org\/qt\/wp-json\/wp\/v2\/comments?post=38877"}],"version-history":[{"count":1,"href":"https:\/\/qtmm.org\/qt\/wp-json\/wp\/v2\/posts\/38877\/revisions"}],"predecessor-version":[{"id":38894,"href":"https:\/\/qtmm.org\/qt\/wp-json\/wp\/v2\/posts\/38877\/revisions\/38894"}],"wp:attachment":[{"href":"https:\/\/qtmm.org\/qt\/wp-json\/wp\/v2\/media?parent=38877"}],"wp:term":[{"taxonomy":"category","embeddable":true,"href":"https:\/\/qtmm.org\/qt\/wp-json\/wp\/v2\/categories?post=38877"},{"taxonomy":"post_tag","embeddable":true,"href":"https:\/\/qtmm.org\/qt\/wp-json\/wp\/v2\/tags?post=38877"}],"curies":[{"name":"wp","href":"https:\/\/api.w.org\/{rel}","templated":true}]}}