




{"id":38875,"date":"2013-08-15T16:06:00","date_gmt":"2013-08-15T13:06:00","guid":{"rendered":"http:\/\/qtmm.org\/?p=38875"},"modified":"2022-01-25T16:07:33","modified_gmt":"2022-01-25T13:07:33","slug":"qirimtatar-halqinin-vi-cagirilis-qurultayi-1-nci-sessiyasi-kecirilecek-kun-belgilendi","status":"publish","type":"post","link":"https:\/\/qtmm.org\/qt\/qirimtatar-halqinin-vi-cagirilis-qurultayi-1-nci-sessiyasi-kecirilecek-kun-belgilendi\/","title":{"rendered":"Q\u0131r\u0131mtatar halq\u0131n\u0131\u00f1 VI \u00e7a\u011f\u0131r\u0131l\u0131\u015f Qurultay\u0131 1-nci sessiyas\u0131 ke\u00e7irilecek k\u00fcn belgilendi"},"content":{"rendered":"\n<p class=\"has-text-align-center\"><strong>Q\u0131r\u0131mtatar halq\u0131n\u0131\u00f1 VI \u00e7a\u011f\u0131r\u0131l\u0131\u015f Qurultay\u0131 1-nci sessiyas\u0131n\u0131 ke\u00e7ir\u00fcv aqq\u0131nda<\/strong><\/p>\n\n\n\n<p class=\"has-text-align-center\"><strong>Milliy Meclisni\u00f1 qarar\u0131<\/strong><br>&nbsp;<\/p>\n\n\n\n<p class=\"has-text-align-center\">2013 senesi avgust 15&nbsp;&nbsp;&nbsp;&nbsp;&nbsp; &nbsp; &nbsp; &nbsp; &nbsp; &nbsp; &nbsp; &nbsp; &nbsp; &nbsp; &nbsp; &nbsp; &nbsp; &nbsp; &nbsp; &nbsp; &nbsp; &nbsp; &nbsp; &nbsp; &nbsp; &nbsp; &nbsp; &nbsp; &nbsp; &nbsp; &nbsp;&nbsp;&nbsp;&nbsp;&nbsp; Aqmescit \u015f.<\/p>\n\n\n\n<p><br><br>Qurultay Merkeziy saylav komissiyas\u0131 reisi Zair Smedl\u00e2yevni\u00f1 Q\u0131r\u0131mtatar halq\u0131n\u0131\u00f1 VI \u00e7a\u011f\u0131r\u0131l\u0131\u015f Qurultay\u0131 delegatlar\u0131n\u0131 saylav neticeleri boyunca, Qurultay reglamentini\u00f1 3.1 ve 3.3. maddelerine ve Meclis aqq\u0131nda nizamnameni\u00f1 4.2 maddesine binaen<\/p>\n\n\n\n<p class=\"has-text-align-center\"><strong>Q\u0131r\u0131mtatar halq\u0131n\u0131\u00f1 Meclisi qarar bere:<\/strong><\/p>\n\n\n\n<p><br>1. Q\u0131r\u0131mtatar halq\u0131n\u0131\u00f1 VI \u00e7a\u011f\u0131r\u0131l\u0131\u015f Qurultay\u0131 1-nci sessiyas\u0131 2013 senesi okt\u00e2br 26-27 k\u00fcnleri ke\u00e7irilsin<br><br>2. Q\u0131r\u0131mtatar halq\u0131n\u0131\u00f1 VI \u00e7a\u011f\u0131r\u0131l\u0131\u015f Qurultay\u0131 1-nci sessiyas\u0131n\u0131 az\u0131rlav ve ke\u00e7ir\u00fcv boyunca te\u015fkiliy h\u0131zmetke 2013 senesi okt\u00e2br 1-ge qadar Meclis taraf\u0131ndan tasdiqlan\u0131lmas\u0131 i\u00e7\u00fcn Q\u0131r\u0131mtatar halq\u0131n\u0131\u00f1 VI \u00e7a\u011f\u0131r\u0131l\u0131\u015f Qurultay\u0131 1-nci sessiyas\u0131n\u0131\u00f1 tahminiy tertibi ve k\u00fcn tertibini taqdim etmek avale etilsin.<\/p>\n\n\n\n<p>3. Q\u0131r\u0131mtatar halq\u0131n\u0131\u00f1 VI \u00e7a\u011f\u0131r\u0131l\u0131\u015f Qurultay\u0131 1-nci sessiyas\u0131n\u0131 az\u0131rlav ve ke\u00e7ir\u00fcv boyunca te\u015fkiliy h\u0131zmetke sessiya ba\u015flanmas\u0131na 15 k\u00fcn qalmas\u0131ndan ke\u00e7 olma\u011fan m\u00fcddette Qurultay delegatlar\u0131na sessiyan\u0131\u00f1 Meclis taraf\u0131ndan tasdiqlan\u011fan k\u00fcn tertibi, Te\u015fkiliy h\u0131zmetni\u00f1 topla\u015fuv\u0131nda muzakere etilgen ve delegatlarn\u0131\u00f1 diqqat\u0131na tevsiye etilgen diger vesiqalarn\u0131 yollamaq avale etilsin.<br>&nbsp;<\/p>\n\n\n\n<p><strong>Q\u0131r\u0131mtatar Milliy Meclisini\u00f1 reisi&nbsp;&nbsp;&nbsp;&nbsp;&nbsp; &nbsp; &nbsp; Mustafa Cemilev<\/strong><\/p>\n","protected":false},"excerpt":{"rendered":"<p>Q\u0131r\u0131mtatar halq\u0131n\u0131\u00f1 VI \u00e7a\u011f\u0131r\u0131l\u0131\u015f Qurultay\u0131 1-nci sessiyas\u0131n\u0131 ke\u00e7ir\u00fcv aqq\u0131nda Milliy Meclisni\u00f1 qarar\u0131&nbsp; 2013 senesi avgust 15&nbsp;&nbsp;&nbsp;&nbsp;&nbsp; &nbsp; &nbsp; &nbsp; &nbsp; &nbsp; &nbsp; &nbsp; &nbsp; &nbsp; &nbsp; &nbsp; &nbsp; &nbsp; &nbsp; &nbsp; &nbsp; &nbsp; &nbsp; &nbsp; &nbsp; &nbsp; &nbsp; &nbsp; &nbsp; &nbsp; &nbsp;&nbsp;&nbsp;&nbsp;&nbsp; Aqmescit \u015f. Qurultay Merkeziy saylav komissiyas\u0131 reisi Zair Smedl\u00e2yevni\u00f1 Q\u0131r\u0131mtatar halq\u0131n\u0131\u00f1 VI \u00e7a\u011f\u0131r\u0131l\u0131\u015f [&hellip;]<\/p>\n","protected":false},"author":1,"featured_media":0,"comment_status":"open","ping_status":"open","sticky":false,"template":"","format":"standard","meta":{"inline_featured_image":false,"footnotes":""},"categories":[265],"tags":[],"class_list":["post-38875","post","type-post","status-publish","format-standard","hentry","category-haberler"],"acf":[],"yoast_head":"<!-- This site is optimized with the Yoast SEO plugin v27.4 - https:\/\/yoast.com\/product\/yoast-seo-wordpress\/ -->\n<title>Q\u0131r\u0131mtatar halq\u0131n\u0131\u00f1 VI \u00e7a\u011f\u0131r\u0131l\u0131\u015f Qurultay\u0131 1-nci sessiyas\u0131 ke\u00e7irilecek k\u00fcn belgilendi - \u041c\u0435\u0434\u0436\u043b\u0456\u0441<\/title>\n<meta name=\"robots\" content=\"index, follow, max-snippet:-1, max-image-preview:large, max-video-preview:-1\" \/>\n<link rel=\"canonical\" href=\"https:\/\/qtmm.org\/qt\/qirimtatar-halqinin-vi-cagirilis-qurultayi-1-nci-sessiyasi-kecirilecek-kun-belgilendi\/\" \/>\n<meta property=\"og:locale\" content=\"en_US\" \/>\n<meta property=\"og:type\" content=\"article\" \/>\n<meta property=\"og:title\" content=\"Q\u0131r\u0131mtatar halq\u0131n\u0131\u00f1 VI \u00e7a\u011f\u0131r\u0131l\u0131\u015f Qurultay\u0131 1-nci sessiyas\u0131 ke\u00e7irilecek k\u00fcn belgilendi - \u041c\u0435\u0434\u0436\u043b\u0456\u0441\" \/>\n<meta property=\"og:description\" content=\"Q\u0131r\u0131mtatar halq\u0131n\u0131\u00f1 VI \u00e7a\u011f\u0131r\u0131l\u0131\u015f Qurultay\u0131 1-nci sessiyas\u0131n\u0131 ke\u00e7ir\u00fcv aqq\u0131nda Milliy Meclisni\u00f1 qarar\u0131&nbsp; 2013 senesi avgust 15&nbsp;&nbsp;&nbsp;&nbsp;&nbsp; &nbsp; &nbsp; &nbsp; &nbsp; &nbsp; &nbsp; &nbsp; &nbsp; &nbsp; &nbsp; &nbsp; &nbsp; &nbsp; &nbsp; &nbsp; &nbsp; &nbsp; &nbsp; &nbsp; &nbsp; &nbsp; &nbsp; &nbsp; &nbsp; &nbsp; &nbsp;&nbsp;&nbsp;&nbsp;&nbsp; Aqmescit \u015f. Qurultay Merkeziy saylav komissiyas\u0131 reisi Zair Smedl\u00e2yevni\u00f1 Q\u0131r\u0131mtatar halq\u0131n\u0131\u00f1 VI \u00e7a\u011f\u0131r\u0131l\u0131\u015f [&hellip;]\" \/>\n<meta property=\"og:url\" content=\"https:\/\/qtmm.org\/qt\/qirimtatar-halqinin-vi-cagirilis-qurultayi-1-nci-sessiyasi-kecirilecek-kun-belgilendi\/\" \/>\n<meta property=\"og:site_name\" content=\"\u041c\u0435\u0434\u0436\u043b\u0456\u0441\" \/>\n<meta property=\"article:publisher\" content=\"https:\/\/www.facebook.com\/qtmm.info\/\" \/>\n<meta property=\"article:published_time\" content=\"2013-08-15T13:06:00+00:00\" \/>\n<meta property=\"article:modified_time\" content=\"2022-01-25T13:07:33+00:00\" \/>\n<meta name=\"author\" content=\"Developer\" \/>\n<meta name=\"twitter:card\" content=\"summary_large_image\" \/>\n<meta name=\"twitter:label1\" content=\"Written by\" \/>\n\t<meta name=\"twitter:data1\" content=\"Developer\" \/>\n\t<meta name=\"twitter:label2\" content=\"Est. reading time\" \/>\n\t<meta name=\"twitter:data2\" content=\"1 minute\" \/>\n<script type=\"application\/ld+json\" class=\"yoast-schema-graph\">{\"@context\":\"https:\\\/\\\/schema.org\",\"@graph\":[{\"@type\":\"Article\",\"@id\":\"https:\\\/\\\/qtmm.org\\\/qt\\\/qirimtatar-halqinin-vi-cagirilis-qurultayi-1-nci-sessiyasi-kecirilecek-kun-belgilendi\\\/#article\",\"isPartOf\":{\"@id\":\"https:\\\/\\\/qtmm.org\\\/qt\\\/qirimtatar-halqinin-vi-cagirilis-qurultayi-1-nci-sessiyasi-kecirilecek-kun-belgilendi\\\/\"},\"author\":{\"name\":\"Developer\",\"@id\":\"https:\\\/\\\/qtmm.org\\\/qt\\\/#\\\/schema\\\/person\\\/de562469f971dec226ac06e60bbf74a7\"},\"headline\":\"Q\u0131r\u0131mtatar halq\u0131n\u0131\u00f1 VI \u00e7a\u011f\u0131r\u0131l\u0131\u015f Qurultay\u0131 1-nci sessiyas\u0131 ke\u00e7irilecek k\u00fcn belgilendi\",\"datePublished\":\"2013-08-15T13:06:00+00:00\",\"dateModified\":\"2022-01-25T13:07:33+00:00\",\"mainEntityOfPage\":{\"@id\":\"https:\\\/\\\/qtmm.org\\\/qt\\\/qirimtatar-halqinin-vi-cagirilis-qurultayi-1-nci-sessiyasi-kecirilecek-kun-belgilendi\\\/\"},\"wordCount\":283,\"commentCount\":0,\"publisher\":{\"@id\":\"https:\\\/\\\/qtmm.org\\\/qt\\\/#organization\"},\"articleSection\":[\"Haberler\"],\"inLanguage\":\"qt\",\"potentialAction\":[{\"@type\":\"CommentAction\",\"name\":\"Comment\",\"target\":[\"https:\\\/\\\/qtmm.org\\\/qt\\\/qirimtatar-halqinin-vi-cagirilis-qurultayi-1-nci-sessiyasi-kecirilecek-kun-belgilendi\\\/#respond\"]}]},{\"@type\":\"WebPage\",\"@id\":\"https:\\\/\\\/qtmm.org\\\/qt\\\/qirimtatar-halqinin-vi-cagirilis-qurultayi-1-nci-sessiyasi-kecirilecek-kun-belgilendi\\\/\",\"url\":\"https:\\\/\\\/qtmm.org\\\/qt\\\/qirimtatar-halqinin-vi-cagirilis-qurultayi-1-nci-sessiyasi-kecirilecek-kun-belgilendi\\\/\",\"name\":\"Q\u0131r\u0131mtatar halq\u0131n\u0131\u00f1 VI \u00e7a\u011f\u0131r\u0131l\u0131\u015f Qurultay\u0131 1-nci sessiyas\u0131 ke\u00e7irilecek k\u00fcn belgilendi - \u041c\u0435\u0434\u0436\u043b\u0456\u0441\",\"isPartOf\":{\"@id\":\"https:\\\/\\\/qtmm.org\\\/qt\\\/#website\"},\"datePublished\":\"2013-08-15T13:06:00+00:00\",\"dateModified\":\"2022-01-25T13:07:33+00:00\",\"breadcrumb\":{\"@id\":\"https:\\\/\\\/qtmm.org\\\/qt\\\/qirimtatar-halqinin-vi-cagirilis-qurultayi-1-nci-sessiyasi-kecirilecek-kun-belgilendi\\\/#breadcrumb\"},\"inLanguage\":\"qt\",\"potentialAction\":[{\"@type\":\"ReadAction\",\"target\":[\"https:\\\/\\\/qtmm.org\\\/qt\\\/qirimtatar-halqinin-vi-cagirilis-qurultayi-1-nci-sessiyasi-kecirilecek-kun-belgilendi\\\/\"]}]},{\"@type\":\"BreadcrumbList\",\"@id\":\"https:\\\/\\\/qtmm.org\\\/qt\\\/qirimtatar-halqinin-vi-cagirilis-qurultayi-1-nci-sessiyasi-kecirilecek-kun-belgilendi\\\/#breadcrumb\",\"itemListElement\":[{\"@type\":\"ListItem\",\"position\":1,\"name\":\"\u0413\u043e\u043b\u043e\u0432\u043d\u0430\",\"item\":\"https:\\\/\\\/qtmm.org\\\/qt\\\/\"},{\"@type\":\"ListItem\",\"position\":2,\"name\":\"Q\u0131r\u0131mtatar halq\u0131n\u0131\u00f1 VI \u00e7a\u011f\u0131r\u0131l\u0131\u015f Qurultay\u0131 1-nci sessiyas\u0131 ke\u00e7irilecek k\u00fcn belgilendi\"}]},{\"@type\":\"WebSite\",\"@id\":\"https:\\\/\\\/qtmm.org\\\/qt\\\/#website\",\"url\":\"https:\\\/\\\/qtmm.org\\\/qt\\\/\",\"name\":\"\u041c\u0435\u0434\u0436\u043b\u0456\u0441\",\"description\":\"\",\"publisher\":{\"@id\":\"https:\\\/\\\/qtmm.org\\\/qt\\\/#organization\"},\"potentialAction\":[{\"@type\":\"SearchAction\",\"target\":{\"@type\":\"EntryPoint\",\"urlTemplate\":\"https:\\\/\\\/qtmm.org\\\/qt\\\/?s={search_term_string}\"},\"query-input\":{\"@type\":\"PropertyValueSpecification\",\"valueRequired\":true,\"valueName\":\"search_term_string\"}}],\"inLanguage\":\"qt\"},{\"@type\":\"Organization\",\"@id\":\"https:\\\/\\\/qtmm.org\\\/qt\\\/#organization\",\"name\":\"\u041c\u0435\u0434\u0436\u043b\u0456\u0441\",\"url\":\"https:\\\/\\\/qtmm.org\\\/qt\\\/\",\"logo\":{\"@type\":\"ImageObject\",\"inLanguage\":\"qt\",\"@id\":\"https:\\\/\\\/qtmm.org\\\/qt\\\/#\\\/schema\\\/logo\\\/image\\\/\",\"url\":\"https:\\\/\\\/qtmm.org\\\/wp-content\\\/uploads\\\/2024\\\/12\\\/ua-mejlis-logo-rgb.svg\",\"contentUrl\":\"https:\\\/\\\/qtmm.org\\\/wp-content\\\/uploads\\\/2024\\\/12\\\/ua-mejlis-logo-rgb.svg\",\"caption\":\"\u041c\u0435\u0434\u0436\u043b\u0456\u0441\"},\"image\":{\"@id\":\"https:\\\/\\\/qtmm.org\\\/qt\\\/#\\\/schema\\\/logo\\\/image\\\/\"},\"sameAs\":[\"https:\\\/\\\/www.facebook.com\\\/qtmm.info\\\/\"]},{\"@type\":\"Person\",\"@id\":\"https:\\\/\\\/qtmm.org\\\/qt\\\/#\\\/schema\\\/person\\\/de562469f971dec226ac06e60bbf74a7\",\"name\":\"Developer\",\"image\":{\"@type\":\"ImageObject\",\"inLanguage\":\"qt\",\"@id\":\"https:\\\/\\\/secure.gravatar.com\\\/avatar\\\/392b4cc8fbfeb00b39dfeeab4ee6edded39ffd48e25858637e4765810300227e?s=96&d=mm&r=g\",\"url\":\"https:\\\/\\\/secure.gravatar.com\\\/avatar\\\/392b4cc8fbfeb00b39dfeeab4ee6edded39ffd48e25858637e4765810300227e?s=96&d=mm&r=g\",\"contentUrl\":\"https:\\\/\\\/secure.gravatar.com\\\/avatar\\\/392b4cc8fbfeb00b39dfeeab4ee6edded39ffd48e25858637e4765810300227e?s=96&d=mm&r=g\",\"caption\":\"Developer\"},\"url\":\"https:\\\/\\\/qtmm.org\\\/qt\\\/author\\\/Developer\\\/\"}]}<\/script>\n<!-- \/ Yoast SEO plugin. -->","yoast_head_json":{"title":"Q\u0131r\u0131mtatar halq\u0131n\u0131\u00f1 VI \u00e7a\u011f\u0131r\u0131l\u0131\u015f Qurultay\u0131 1-nci sessiyas\u0131 ke\u00e7irilecek k\u00fcn belgilendi - \u041c\u0435\u0434\u0436\u043b\u0456\u0441","robots":{"index":"index","follow":"follow","max-snippet":"max-snippet:-1","max-image-preview":"max-image-preview:large","max-video-preview":"max-video-preview:-1"},"canonical":"https:\/\/qtmm.org\/qt\/qirimtatar-halqinin-vi-cagirilis-qurultayi-1-nci-sessiyasi-kecirilecek-kun-belgilendi\/","og_locale":"en_US","og_type":"article","og_title":"Q\u0131r\u0131mtatar halq\u0131n\u0131\u00f1 VI \u00e7a\u011f\u0131r\u0131l\u0131\u015f Qurultay\u0131 1-nci sessiyas\u0131 ke\u00e7irilecek k\u00fcn belgilendi - \u041c\u0435\u0434\u0436\u043b\u0456\u0441","og_description":"Q\u0131r\u0131mtatar halq\u0131n\u0131\u00f1 VI \u00e7a\u011f\u0131r\u0131l\u0131\u015f Qurultay\u0131 1-nci sessiyas\u0131n\u0131 ke\u00e7ir\u00fcv aqq\u0131nda Milliy Meclisni\u00f1 qarar\u0131&nbsp; 2013 senesi avgust 15&nbsp;&nbsp;&nbsp;&nbsp;&nbsp; &nbsp; &nbsp; &nbsp; &nbsp; &nbsp; &nbsp; &nbsp; &nbsp; &nbsp; &nbsp; &nbsp; &nbsp; &nbsp; &nbsp; &nbsp; &nbsp; &nbsp; &nbsp; &nbsp; &nbsp; &nbsp; &nbsp; &nbsp; &nbsp; &nbsp; &nbsp;&nbsp;&nbsp;&nbsp;&nbsp; Aqmescit \u015f. Qurultay Merkeziy saylav komissiyas\u0131 reisi Zair Smedl\u00e2yevni\u00f1 Q\u0131r\u0131mtatar halq\u0131n\u0131\u00f1 VI \u00e7a\u011f\u0131r\u0131l\u0131\u015f [&hellip;]","og_url":"https:\/\/qtmm.org\/qt\/qirimtatar-halqinin-vi-cagirilis-qurultayi-1-nci-sessiyasi-kecirilecek-kun-belgilendi\/","og_site_name":"\u041c\u0435\u0434\u0436\u043b\u0456\u0441","article_publisher":"https:\/\/www.facebook.com\/qtmm.info\/","article_published_time":"2013-08-15T13:06:00+00:00","article_modified_time":"2022-01-25T13:07:33+00:00","author":"Developer","twitter_card":"summary_large_image","twitter_misc":{"Written by":"Developer","Est. reading time":"1 minute"},"schema":{"@context":"https:\/\/schema.org","@graph":[{"@type":"Article","@id":"https:\/\/qtmm.org\/qt\/qirimtatar-halqinin-vi-cagirilis-qurultayi-1-nci-sessiyasi-kecirilecek-kun-belgilendi\/#article","isPartOf":{"@id":"https:\/\/qtmm.org\/qt\/qirimtatar-halqinin-vi-cagirilis-qurultayi-1-nci-sessiyasi-kecirilecek-kun-belgilendi\/"},"author":{"name":"Developer","@id":"https:\/\/qtmm.org\/qt\/#\/schema\/person\/de562469f971dec226ac06e60bbf74a7"},"headline":"Q\u0131r\u0131mtatar halq\u0131n\u0131\u00f1 VI \u00e7a\u011f\u0131r\u0131l\u0131\u015f Qurultay\u0131 1-nci sessiyas\u0131 ke\u00e7irilecek k\u00fcn belgilendi","datePublished":"2013-08-15T13:06:00+00:00","dateModified":"2022-01-25T13:07:33+00:00","mainEntityOfPage":{"@id":"https:\/\/qtmm.org\/qt\/qirimtatar-halqinin-vi-cagirilis-qurultayi-1-nci-sessiyasi-kecirilecek-kun-belgilendi\/"},"wordCount":283,"commentCount":0,"publisher":{"@id":"https:\/\/qtmm.org\/qt\/#organization"},"articleSection":["Haberler"],"inLanguage":"qt","potentialAction":[{"@type":"CommentAction","name":"Comment","target":["https:\/\/qtmm.org\/qt\/qirimtatar-halqinin-vi-cagirilis-qurultayi-1-nci-sessiyasi-kecirilecek-kun-belgilendi\/#respond"]}]},{"@type":"WebPage","@id":"https:\/\/qtmm.org\/qt\/qirimtatar-halqinin-vi-cagirilis-qurultayi-1-nci-sessiyasi-kecirilecek-kun-belgilendi\/","url":"https:\/\/qtmm.org\/qt\/qirimtatar-halqinin-vi-cagirilis-qurultayi-1-nci-sessiyasi-kecirilecek-kun-belgilendi\/","name":"Q\u0131r\u0131mtatar halq\u0131n\u0131\u00f1 VI \u00e7a\u011f\u0131r\u0131l\u0131\u015f Qurultay\u0131 1-nci sessiyas\u0131 ke\u00e7irilecek k\u00fcn belgilendi - \u041c\u0435\u0434\u0436\u043b\u0456\u0441","isPartOf":{"@id":"https:\/\/qtmm.org\/qt\/#website"},"datePublished":"2013-08-15T13:06:00+00:00","dateModified":"2022-01-25T13:07:33+00:00","breadcrumb":{"@id":"https:\/\/qtmm.org\/qt\/qirimtatar-halqinin-vi-cagirilis-qurultayi-1-nci-sessiyasi-kecirilecek-kun-belgilendi\/#breadcrumb"},"inLanguage":"qt","potentialAction":[{"@type":"ReadAction","target":["https:\/\/qtmm.org\/qt\/qirimtatar-halqinin-vi-cagirilis-qurultayi-1-nci-sessiyasi-kecirilecek-kun-belgilendi\/"]}]},{"@type":"BreadcrumbList","@id":"https:\/\/qtmm.org\/qt\/qirimtatar-halqinin-vi-cagirilis-qurultayi-1-nci-sessiyasi-kecirilecek-kun-belgilendi\/#breadcrumb","itemListElement":[{"@type":"ListItem","position":1,"name":"\u0413\u043e\u043b\u043e\u0432\u043d\u0430","item":"https:\/\/qtmm.org\/qt\/"},{"@type":"ListItem","position":2,"name":"Q\u0131r\u0131mtatar halq\u0131n\u0131\u00f1 VI \u00e7a\u011f\u0131r\u0131l\u0131\u015f Qurultay\u0131 1-nci sessiyas\u0131 ke\u00e7irilecek k\u00fcn belgilendi"}]},{"@type":"WebSite","@id":"https:\/\/qtmm.org\/qt\/#website","url":"https:\/\/qtmm.org\/qt\/","name":"\u041c\u0435\u0434\u0436\u043b\u0456\u0441","description":"","publisher":{"@id":"https:\/\/qtmm.org\/qt\/#organization"},"potentialAction":[{"@type":"SearchAction","target":{"@type":"EntryPoint","urlTemplate":"https:\/\/qtmm.org\/qt\/?s={search_term_string}"},"query-input":{"@type":"PropertyValueSpecification","valueRequired":true,"valueName":"search_term_string"}}],"inLanguage":"qt"},{"@type":"Organization","@id":"https:\/\/qtmm.org\/qt\/#organization","name":"\u041c\u0435\u0434\u0436\u043b\u0456\u0441","url":"https:\/\/qtmm.org\/qt\/","logo":{"@type":"ImageObject","inLanguage":"qt","@id":"https:\/\/qtmm.org\/qt\/#\/schema\/logo\/image\/","url":"https:\/\/qtmm.org\/wp-content\/uploads\/2024\/12\/ua-mejlis-logo-rgb.svg","contentUrl":"https:\/\/qtmm.org\/wp-content\/uploads\/2024\/12\/ua-mejlis-logo-rgb.svg","caption":"\u041c\u0435\u0434\u0436\u043b\u0456\u0441"},"image":{"@id":"https:\/\/qtmm.org\/qt\/#\/schema\/logo\/image\/"},"sameAs":["https:\/\/www.facebook.com\/qtmm.info\/"]},{"@type":"Person","@id":"https:\/\/qtmm.org\/qt\/#\/schema\/person\/de562469f971dec226ac06e60bbf74a7","name":"Developer","image":{"@type":"ImageObject","inLanguage":"qt","@id":"https:\/\/secure.gravatar.com\/avatar\/392b4cc8fbfeb00b39dfeeab4ee6edded39ffd48e25858637e4765810300227e?s=96&d=mm&r=g","url":"https:\/\/secure.gravatar.com\/avatar\/392b4cc8fbfeb00b39dfeeab4ee6edded39ffd48e25858637e4765810300227e?s=96&d=mm&r=g","contentUrl":"https:\/\/secure.gravatar.com\/avatar\/392b4cc8fbfeb00b39dfeeab4ee6edded39ffd48e25858637e4765810300227e?s=96&d=mm&r=g","caption":"Developer"},"url":"https:\/\/qtmm.org\/qt\/author\/Developer\/"}]}},"_links":{"self":[{"href":"https:\/\/qtmm.org\/qt\/wp-json\/wp\/v2\/posts\/38875","targetHints":{"allow":["GET"]}}],"collection":[{"href":"https:\/\/qtmm.org\/qt\/wp-json\/wp\/v2\/posts"}],"about":[{"href":"https:\/\/qtmm.org\/qt\/wp-json\/wp\/v2\/types\/post"}],"author":[{"embeddable":true,"href":"https:\/\/qtmm.org\/qt\/wp-json\/wp\/v2\/users\/1"}],"replies":[{"embeddable":true,"href":"https:\/\/qtmm.org\/qt\/wp-json\/wp\/v2\/comments?post=38875"}],"version-history":[{"count":1,"href":"https:\/\/qtmm.org\/qt\/wp-json\/wp\/v2\/posts\/38875\/revisions"}],"predecessor-version":[{"id":38876,"href":"https:\/\/qtmm.org\/qt\/wp-json\/wp\/v2\/posts\/38875\/revisions\/38876"}],"wp:attachment":[{"href":"https:\/\/qtmm.org\/qt\/wp-json\/wp\/v2\/media?parent=38875"}],"wp:term":[{"taxonomy":"category","embeddable":true,"href":"https:\/\/qtmm.org\/qt\/wp-json\/wp\/v2\/categories?post=38875"},{"taxonomy":"post_tag","embeddable":true,"href":"https:\/\/qtmm.org\/qt\/wp-json\/wp\/v2\/tags?post=38875"}],"curies":[{"name":"wp","href":"https:\/\/api.w.org\/{rel}","templated":true}]}}