




{"id":38813,"date":"2013-08-14T16:02:00","date_gmt":"2013-08-14T13:02:00","guid":{"rendered":"http:\/\/qtmm.org\/?p=38813"},"modified":"2022-01-25T16:06:28","modified_gmt":"2022-01-25T13:06:28","slug":"mustafa-cemilev-vozgrinnin-eseri-qirimtatar-halqina-buyuk-fayda-ketirecegine-eminim","status":"publish","type":"post","link":"https:\/\/qtmm.org\/qt\/mustafa-cemilev-vozgrinnin-eseri-qirimtatar-halqina-buyuk-fayda-ketirecegine-eminim\/","title":{"rendered":"Mustafa Cemilev: Vozgrinni\u00f1 eseri qirimtatar halqina b\u00fcy\u00fck fayda ketirecegine eminim"},"content":{"rendered":"\n<p>Avgust 14 k\u00fcn\u00fc Aqmescitteki Ukrain muz\u0131kal\u0131-drama teatrini\u00f1 foyyesinde rusiyeli tarih\u00e7\u0131 Valeriy Vozgrinni\u00f1 \u00e7oqtan beklenilgen ve q\u0131ymetli, qadimiy devirden 1940 senelerinece devirni qavrap al\u011fan &#8220;Q\u0131r\u0131mtatarlarn\u0131\u00f1 tarih\u0131&#8221; serleval\u0131 4 c\u0131ltl\u0131 kitab\u0131n\u0131\u00f1 resmiy taqdim merasimi ke\u00e7irildi. Kitapqa m\u00fcellifni\u00f1 tedqiqiy malzemeleri, \u00e7etelli tarih\u00e7\u0131larn\u0131\u00f1 maqaleleri ve daa \u00e7oq mal\u00fcmatlar kirgen.<\/p>\n\n\n\n<figure class=\"wp-block-image size-full\"><img loading=\"lazy\" decoding=\"async\" width=\"650\" height=\"327\" src=\"http:\/\/qtmm.org\/wp-content\/uploads\/2022\/01\/img_3736.jpeg\" alt=\"\" class=\"wp-image-38814\" srcset=\"https:\/\/qtmm.org\/wp-content\/uploads\/2022\/01\/img_3736.jpeg 650w, https:\/\/qtmm.org\/wp-content\/uploads\/2022\/01\/img_3736-300x151.jpeg 300w\" sizes=\"auto, (max-width: 650px) 100vw, 650px\" \/><\/figure>\n\n\n\n<figure class=\"wp-block-image size-full\"><img loading=\"lazy\" decoding=\"async\" width=\"650\" height=\"347\" src=\"http:\/\/qtmm.org\/wp-content\/uploads\/2022\/01\/img_3745.jpeg\" alt=\"\" class=\"wp-image-38818\" srcset=\"https:\/\/qtmm.org\/wp-content\/uploads\/2022\/01\/img_3745.jpeg 650w, https:\/\/qtmm.org\/wp-content\/uploads\/2022\/01\/img_3745-300x160.jpeg 300w\" sizes=\"auto, (max-width: 650px) 100vw, 650px\" \/><\/figure>\n\n\n\n<p>Valeriy Vozgrinni kitab\u0131n\u0131\u00f1 d\u00fcnya y\u00fcz\u00fc k\u00f6rmesi munasebetinen hay\u0131rlamaq i\u00e7\u00fcn Milliy Meclis reisi Mustafa Cemilev, B\u00fct\u00fcnd\u00fcnya q\u0131r\u0131mtatarlar kongressini\u00f1 prezidenti Refat \u00c7ubarov, m\u00fcellifni\u00f1 dostlar\u0131 ve tan\u0131\u015flar\u0131, milliy areket veteranlar\u0131, meclis azalar\u0131, q\u0131r\u0131ml\u0131 tarih\u00e7\u0131lar, siyaset\u00e7iler ve jurnalistler keldiler.<\/p>\n\n\n\n<figure class=\"wp-block-image size-full\"><img loading=\"lazy\" decoding=\"async\" width=\"650\" height=\"346\" src=\"http:\/\/qtmm.org\/wp-content\/uploads\/2022\/01\/img_3743.jpeg\" alt=\"\" class=\"wp-image-38822\" srcset=\"https:\/\/qtmm.org\/wp-content\/uploads\/2022\/01\/img_3743.jpeg 650w, https:\/\/qtmm.org\/wp-content\/uploads\/2022\/01\/img_3743-300x160.jpeg 300w\" sizes=\"auto, (max-width: 650px) 100vw, 650px\" \/><\/figure>\n\n\n\n<p>&#8220;Ke\u00e7ken as\u0131rlar devam\u0131nda q\u0131r\u0131mtatarlarn\u0131\u00f1 tarih\u0131nda \u00e7oq vaqialar y\u00fcz berdi. Bu y\u0131llar i\u00e7inde bizim halq\u0131m\u0131z aqq\u0131nda \u00e7oq \u015fey yaz\u0131ld\u0131, baz\u0131da yalan ve sahte uydurmalar, bilhassa sovet devrinde yalan \u00e7oq old\u0131. Bug\u00fcn biz q\u0131r\u0131mtatar halq\u0131 aqq\u0131nda degerli ve teren eserni\u00f1 taqdiminde bulunmaqtam\u0131z, &#8211; dedi \u00f6z \u00e7\u0131q\u0131\u015f\u0131nda M. Cemilev. \u2013 Q\u0131ymetli dostlar, m\u00fcellif bu meselenen ta 1978 senesi o\u011fra\u015f\u0131p ba\u015flad\u0131, 1992 senesi &#8220;Q\u0131r\u0131mtatarlarn\u0131\u00f1 tarihiy taqdirleri&#8221; kitab\u0131 \u00e7\u0131qqan so\u00f1 q\u0131r\u0131mtatarlar aras\u0131nda tan\u0131l\u0131p ba\u015flad\u0131. D\u00f6rt c\u0131ltl\u0131 eseri \u00fczerinde Valeriy Vozgrin 20 y\u0131ldan ziyade \u00e7al\u0131\u015ft\u0131 ve bug\u00fcn bu eser d\u00fcnya y\u00fcz\u00fcni k\u00f6rdi&#8221;.<\/p>\n\n\n\n<figure class=\"wp-block-image size-full\"><img loading=\"lazy\" decoding=\"async\" width=\"650\" height=\"437\" src=\"http:\/\/qtmm.org\/wp-content\/uploads\/2022\/01\/img_3805.jpeg\" alt=\"\" class=\"wp-image-38826\" srcset=\"https:\/\/qtmm.org\/wp-content\/uploads\/2022\/01\/img_3805.jpeg 650w, https:\/\/qtmm.org\/wp-content\/uploads\/2022\/01\/img_3805-300x202.jpeg 300w\" sizes=\"auto, (max-width: 650px) 100vw, 650px\" \/><\/figure>\n\n\n\n<p>Meclis ba\u015f\u0131 \u015fun\u0131 da qayd etti ki, q\u0131r\u0131mtatar i\u015f adamlar\u0131n\u0131\u00f1 b\u00fcy\u00fck desteginde Q\u0131r\u0131mn\u0131\u00f1 tam\u0131r halq\u0131 aqq\u0131nda \u00e7oq y\u0131llar bozup k\u00f6sterilgen aqiqatn\u0131 a\u00e7qan bir kitap ne\u015fir etildi. Taqdim merasiminde Valeriy Vozgrin eserini\u00f1 ne\u015firini amelge ke\u00e7irgen ATR kanal\u0131n\u0131\u00f1 saibi Lenur \u0130sl\u00e2mov ve i\u015f adam\u0131 Emil Aliyev i\u015ftirak ettiler.<\/p>\n\n\n\n<figure class=\"wp-block-image size-full\"><img loading=\"lazy\" decoding=\"async\" width=\"650\" height=\"356\" src=\"http:\/\/qtmm.org\/wp-content\/uploads\/2022\/01\/img_3810.jpeg\" alt=\"\" class=\"wp-image-38830\" srcset=\"https:\/\/qtmm.org\/wp-content\/uploads\/2022\/01\/img_3810.jpeg 650w, https:\/\/qtmm.org\/wp-content\/uploads\/2022\/01\/img_3810-300x164.jpeg 300w\" sizes=\"auto, (max-width: 650px) 100vw, 650px\" \/><\/figure>\n\n\n\n<p>Meclis reisi \u015fun\u0131 da qo\u015ft\u0131 ki, Vozgrinni\u00f1 kitab\u0131 \u015f\u00fcbesiz dava ve munaqa\u015falarn\u0131 qoz\u011far ve atta baz\u0131lar\u0131 on\u0131\u00f1 i\u00e7inde olarn\u0131\u00f1 fikrince aqiqatqa uyma\u011fan \u015feylerni tapma\u011fa t\u0131r\u0131\u015f\u0131rlar. &#8220;L\u00e2kin men \u00fcm\u00fct etem ki, \u00e7oqlar\u0131 kitapn\u0131 do\u011fru qabul eter ve ya\u00f1\u0131l\u011fanlar\u0131n\u0131 a\u00f1larlar. Eminim ki, d\u00f6rt c\u0131ltl\u0131 c\u0131y\u0131nt\u0131q halq\u0131m\u0131z\u011fa faydal\u0131 olur&#8221;, &#8211; dep qayd etti M. Cemilev ve minnetdarl\u0131q belgisi s\u0131fat\u0131nda Valeriy Vogzringe qalpaq ba\u011f\u0131\u015flap, on\u0131\u00f1 ba\u015f\u0131na \u015fahsen \u00f6z\u00fc kiydirdi.<\/p>\n\n\n\n<figure class=\"wp-block-image size-full\"><img loading=\"lazy\" decoding=\"async\" width=\"650\" height=\"350\" src=\"http:\/\/qtmm.org\/wp-content\/uploads\/2022\/01\/img_3765.jpeg\" alt=\"\" class=\"wp-image-38834\" srcset=\"https:\/\/qtmm.org\/wp-content\/uploads\/2022\/01\/img_3765.jpeg 650w, https:\/\/qtmm.org\/wp-content\/uploads\/2022\/01\/img_3765-300x162.jpeg 300w\" sizes=\"auto, (max-width: 650px) 100vw, 650px\" \/><\/figure>\n\n\n\n<p>\u00d6z nevbetinde Meclis reisini\u00f1 birinci muavini Refat \u00c7ubarov da \u015fun\u0131 qayd etti ki, i\u00e7 bir eser bo\u015f yerde peyda olmay. &#8221; Ara\u015ft\u0131rman\u0131\u00f1 m\u00fcellifi bir adam olsa, birinci nevbette bu on\u0131\u00f1 i\u015fi, on\u0131\u00f1 noqtai nazar\u0131, fikirleridir. L\u00e2kin ep bir m\u00fcellif ondan evel yaz\u0131l\u011fanlarn\u0131 i\u015fley, faydalana. Bun\u0131\u00f1nen men demek isteyim ki, q\u0131r\u0131mtatar milliy areketinde tap ba\u015flan\u011f\u0131\u00e7\u0131ndan \u00f6z tarih\u0131n\u0131 a\u00f1lamaq areketi yap\u0131l\u0131p, ba\u015fqa adamlar i\u00e7\u00fcn ayd\u0131nlatmaq ba\u015f y\u00f6neli\u015flerden biri old\u0131, &#8211; dedi Refat \u00c7ubarov. \u2013Bu taqdim merasiminde men bir \u00e7oq belli ve bellisiz, \u00f6z adlar\u0131n\u0131 k\u00f6stermegen ara\u015ft\u0131r\u0131c\u0131lar da a\u00f1\u0131l\u011fan\u0131n\u0131 isterdim. Olar \u00f6z i\u015flerini mektep, tarih\u0131ndan mahrum ol\u011fan halq aras\u0131nda tarqatt\u0131lar, halqn\u0131\u00f1 tarih\u0131n\u0131 ba\u015fqalar\u011fa tan\u0131tt\u0131lar&#8221;.<\/p>\n\n\n\n<figure class=\"wp-block-image size-full\"><img loading=\"lazy\" decoding=\"async\" width=\"650\" height=\"397\" src=\"http:\/\/qtmm.org\/wp-content\/uploads\/2022\/01\/img_3819.jpeg\" alt=\"\" class=\"wp-image-38838\" srcset=\"https:\/\/qtmm.org\/wp-content\/uploads\/2022\/01\/img_3819.jpeg 650w, https:\/\/qtmm.org\/wp-content\/uploads\/2022\/01\/img_3819-300x183.jpeg 300w\" sizes=\"auto, (max-width: 650px) 100vw, 650px\" \/><\/figure>\n\n\n\n<p>Refat \u00c7ubarov \u015fun\u0131 da qayd etti ki, so\u00f1ki 7-8 y\u0131l i\u00e7inde Q\u0131r\u0131mda bir s\u0131ra tarihiy tedqiqatlar ve hat\u0131rlavlar peyda old\u0131. &#8220;Bu kitapn\u0131\u00f1 peyda olmas\u0131 ya\u00f1\u0131 seviyede muzakerelerni qoz\u011fayabilir. Ve bu munaqa\u015falar faqat bizim tarih\u0131m\u0131zn\u0131 tan\u0131ma\u011fa istemegenler taraf\u0131ndan degil de, \u00f6z tarih\u0131n\u0131 a\u00f1lama\u011fa t\u0131r\u0131\u015fqan semetde\u015flerimiz aras\u0131nda da olur&#8221;.<\/p>\n\n\n\n<p>Bu \u00e7\u0131q\u0131\u015flardan so\u00f1 Valeriy Vozgrin de musafirlerge h\u0131tap eterek, te\u015fekk\u00fcrlerini bildirdi.<\/p>\n\n\n\n<figure class=\"wp-block-image size-full\"><img loading=\"lazy\" decoding=\"async\" width=\"650\" height=\"353\" src=\"http:\/\/qtmm.org\/wp-content\/uploads\/2022\/01\/img_3812.jpeg\" alt=\"\" class=\"wp-image-38842\" srcset=\"https:\/\/qtmm.org\/wp-content\/uploads\/2022\/01\/img_3812.jpeg 650w, https:\/\/qtmm.org\/wp-content\/uploads\/2022\/01\/img_3812-300x163.jpeg 300w\" sizes=\"auto, (max-width: 650px) 100vw, 650px\" \/><\/figure>\n\n\n\n<p>&#8220;Q\u0131ymetli semetde\u015fler, aziz dostlar! Sizi\u00f1 \u00f6g\u00fc\u00f1izde \u00e7\u0131q\u0131\u015fta bulun\u0131rkenim, pek eyecanlanam. Elbette men \u00f6z eserimde menden evelki ara\u015ft\u0131rmac\u0131larn\u0131\u00f1 i\u015flerine esasland\u0131m. Tek tarih\u00e7\u0131lar degil, kitap \u00e7\u0131qar\u011fan m\u00fcellifler de. Ekincisi \u2013 bu arhivler. Kitap \u00fcst\u00fcnde \u00e7al\u0131\u015fqan\u0131mda q\u0131r\u0131ml\u0131larnen daima ba\u011f tutqan\u0131mn\u0131\u00f1 da b\u00fcy\u00fck faydas\u0131 old\u0131. 80-90-nc\u0131 y\u0131llarda Q\u0131r\u0131m tarih\u0131 aqq\u0131nda \u00e7oq \u015feylerni aq\u0131llar\u0131nda tutqan qartlarnen subetle\u015fmek s\u0131ras\u0131 keldi. Meclis azas\u0131 olaraq komandirovkalar\u011fa bar\u0131p, 20-22 sualden ibaret sorav k\u00e2\u011f\u0131tlar\u0131n\u0131 toldurd\u0131m. Er bir subetde\u015fime \u015fu suallerni berdim. Bug\u00fcn bu arhiv Mecliste bulunmaqta&#8221;, &#8211; dedi Vozgrin ve c\u00fcmleden o\u00f1a qoltutqan, k\u00f6r\u00fc\u015fken insanlar\u0131na te\u015fekk\u00fcr s\u00f6zlerini aytt\u0131. &#8220;Q\u0131r\u0131mtatar halq\u0131n\u0131\u00f1 yard\u0131m\u0131n\u0131 daima sezip turd\u0131m, stalin s\u00fcrg\u00fcnligi aqq\u0131nda mal\u00fcmat bergen insanlarn\u0131\u00f1 aqiqatn\u0131 a\u00e7\u0131q k\u00f6stermek istekleri ma\u00f1a ruh berdi&#8221;, &#8211; qayd etti Vozgrin.<\/p>\n\n\n\n<figure class=\"wp-block-image size-full\"><img loading=\"lazy\" decoding=\"async\" width=\"650\" height=\"485\" src=\"http:\/\/qtmm.org\/wp-content\/uploads\/2022\/01\/img_3793.jpeg\" alt=\"\" class=\"wp-image-38846\" srcset=\"https:\/\/qtmm.org\/wp-content\/uploads\/2022\/01\/img_3793.jpeg 650w, https:\/\/qtmm.org\/wp-content\/uploads\/2022\/01\/img_3793-300x224.jpeg 300w\" sizes=\"auto, (max-width: 650px) 100vw, 650px\" \/><\/figure>\n\n\n\n<p>M\u00fcellif Kitapn\u0131 az\u0131rlavda o\u00f1a \u00e7oq y\u0131llar devam\u0131nda yard\u0131m bergen dostu Mustafa Cemilev, Meclis azalar\u0131, q\u0131r\u0131mtatar gazetlerni\u00f1 muarrirleri ve kitapn\u0131\u00f1 \u00e7\u0131qar\u0131lmas\u0131n\u0131 finansirlegen Lenur \u0130sl\u00e2mov ve Emil Aliyevge ayr\u0131ca te\u015fekk\u00fcr bildirdi. Resmiy q\u0131s\u0131mdan so\u00f1 m\u00fcellif merasimde bulun\u011fanlarnen subetle\u015fti. Valeriy Vozgrin o\u00f1a berilgen suallerni\u00f1 i\u00e7 birini cevaps\u0131z qald\u0131rmad\u0131. \u0130nsanlar halqn\u0131\u00f1 say\u0131\u011f\u0131s\u0131n\u0131 qazan\u011fan alimni\u00f1 s\u00f6zlerini diqqat ile di\u00f1lediler. Taqdimni\u00f1 so\u00f1unda er kes birer kitap al\u0131p qaytmaq ve m\u00fcellifke imzalatmaq imk\u00e2n\u0131na nail old\u0131lar.<\/p>\n\n\n\n<figure class=\"wp-block-image size-full\"><img loading=\"lazy\" decoding=\"async\" width=\"650\" height=\"375\" src=\"http:\/\/qtmm.org\/wp-content\/uploads\/2022\/01\/img_3789.jpeg\" alt=\"\" class=\"wp-image-38850\" srcset=\"https:\/\/qtmm.org\/wp-content\/uploads\/2022\/01\/img_3789.jpeg 650w, https:\/\/qtmm.org\/wp-content\/uploads\/2022\/01\/img_3789-300x173.jpeg 300w\" sizes=\"auto, (max-width: 650px) 100vw, 650px\" \/><\/figure>\n\n\n\n<figure class=\"wp-block-image size-full\"><img loading=\"lazy\" decoding=\"async\" width=\"650\" height=\"445\" src=\"http:\/\/qtmm.org\/wp-content\/uploads\/2022\/01\/img_3798.jpeg\" alt=\"\" class=\"wp-image-38858\" srcset=\"https:\/\/qtmm.org\/wp-content\/uploads\/2022\/01\/img_3798.jpeg 650w, https:\/\/qtmm.org\/wp-content\/uploads\/2022\/01\/img_3798-300x205.jpeg 300w\" sizes=\"auto, (max-width: 650px) 100vw, 650px\" \/><\/figure>\n\n\n\n<figure class=\"wp-block-image size-full\"><img loading=\"lazy\" decoding=\"async\" width=\"650\" height=\"332\" src=\"http:\/\/qtmm.org\/wp-content\/uploads\/2022\/01\/img_3829.jpeg\" alt=\"\" class=\"wp-image-38862\" srcset=\"https:\/\/qtmm.org\/wp-content\/uploads\/2022\/01\/img_3829.jpeg 650w, https:\/\/qtmm.org\/wp-content\/uploads\/2022\/01\/img_3829-300x153.jpeg 300w\" sizes=\"auto, (max-width: 650px) 100vw, 650px\" \/><\/figure>\n\n\n\n<figure class=\"wp-block-image size-full\"><img loading=\"lazy\" decoding=\"async\" width=\"650\" height=\"338\" src=\"http:\/\/qtmm.org\/wp-content\/uploads\/2022\/01\/img_3839.jpeg\" alt=\"\" class=\"wp-image-38866\" srcset=\"https:\/\/qtmm.org\/wp-content\/uploads\/2022\/01\/img_3839.jpeg 650w, https:\/\/qtmm.org\/wp-content\/uploads\/2022\/01\/img_3839-300x156.jpeg 300w\" sizes=\"auto, (max-width: 650px) 100vw, 650px\" \/><\/figure>\n\n\n\n<figure class=\"wp-block-image size-full\"><img loading=\"lazy\" decoding=\"async\" width=\"650\" height=\"340\" src=\"http:\/\/qtmm.org\/wp-content\/uploads\/2022\/01\/img_3841.jpeg\" alt=\"\" class=\"wp-image-38870\" srcset=\"https:\/\/qtmm.org\/wp-content\/uploads\/2022\/01\/img_3841.jpeg 650w, https:\/\/qtmm.org\/wp-content\/uploads\/2022\/01\/img_3841-300x157.jpeg 300w\" sizes=\"auto, (max-width: 650px) 100vw, 650px\" \/><\/figure>\n","protected":false},"excerpt":{"rendered":"<p>Avgust 14 k\u00fcn\u00fc Aqmescitteki Ukrain muz\u0131kal\u0131-drama teatrini\u00f1 foyyesinde rusiyeli tarih\u00e7\u0131 Valeriy Vozgrinni\u00f1 \u00e7oqtan beklenilgen ve q\u0131ymetli, qadimiy devirden 1940 senelerinece devirni qavrap al\u011fan &#8220;Q\u0131r\u0131mtatarlarn\u0131\u00f1 tarih\u0131&#8221; serleval\u0131 4 c\u0131ltl\u0131 kitab\u0131n\u0131\u00f1 resmiy taqdim merasimi ke\u00e7irildi. Kitapqa m\u00fcellifni\u00f1 tedqiqiy malzemeleri, \u00e7etelli tarih\u00e7\u0131larn\u0131\u00f1 maqaleleri ve daa \u00e7oq mal\u00fcmatlar kirgen. Valeriy Vozgrinni kitab\u0131n\u0131\u00f1 d\u00fcnya y\u00fcz\u00fc k\u00f6rmesi munasebetinen hay\u0131rlamaq i\u00e7\u00fcn Milliy [&hellip;]<\/p>\n","protected":false},"author":1,"featured_media":0,"comment_status":"open","ping_status":"open","sticky":false,"template":"","format":"standard","meta":{"inline_featured_image":false,"footnotes":""},"categories":[265],"tags":[],"class_list":["post-38813","post","type-post","status-publish","format-standard","hentry","category-haberler"],"acf":[],"yoast_head":"<!-- This site is optimized with the Yoast SEO plugin v27.4 - https:\/\/yoast.com\/product\/yoast-seo-wordpress\/ -->\n<title>Mustafa Cemilev: Vozgrinni\u00f1 eseri qirimtatar halqina b\u00fcy\u00fck fayda ketirecegine eminim - \u041c\u0435\u0434\u0436\u043b\u0456\u0441<\/title>\n<meta name=\"robots\" content=\"index, follow, max-snippet:-1, max-image-preview:large, max-video-preview:-1\" \/>\n<link rel=\"canonical\" href=\"https:\/\/qtmm.org\/qt\/mustafa-cemilev-vozgrinnin-eseri-qirimtatar-halqina-buyuk-fayda-ketirecegine-eminim\/\" \/>\n<meta property=\"og:locale\" content=\"en_US\" \/>\n<meta property=\"og:type\" content=\"article\" \/>\n<meta property=\"og:title\" content=\"Mustafa Cemilev: Vozgrinni\u00f1 eseri qirimtatar halqina b\u00fcy\u00fck fayda ketirecegine eminim - \u041c\u0435\u0434\u0436\u043b\u0456\u0441\" \/>\n<meta property=\"og:description\" content=\"Avgust 14 k\u00fcn\u00fc Aqmescitteki Ukrain muz\u0131kal\u0131-drama teatrini\u00f1 foyyesinde rusiyeli tarih\u00e7\u0131 Valeriy Vozgrinni\u00f1 \u00e7oqtan beklenilgen ve q\u0131ymetli, qadimiy devirden 1940 senelerinece devirni qavrap al\u011fan &#8220;Q\u0131r\u0131mtatarlarn\u0131\u00f1 tarih\u0131&#8221; serleval\u0131 4 c\u0131ltl\u0131 kitab\u0131n\u0131\u00f1 resmiy taqdim merasimi ke\u00e7irildi. Kitapqa m\u00fcellifni\u00f1 tedqiqiy malzemeleri, \u00e7etelli tarih\u00e7\u0131larn\u0131\u00f1 maqaleleri ve daa \u00e7oq mal\u00fcmatlar kirgen. Valeriy Vozgrinni kitab\u0131n\u0131\u00f1 d\u00fcnya y\u00fcz\u00fc k\u00f6rmesi munasebetinen hay\u0131rlamaq i\u00e7\u00fcn Milliy [&hellip;]\" \/>\n<meta property=\"og:url\" content=\"https:\/\/qtmm.org\/qt\/mustafa-cemilev-vozgrinnin-eseri-qirimtatar-halqina-buyuk-fayda-ketirecegine-eminim\/\" \/>\n<meta property=\"og:site_name\" content=\"\u041c\u0435\u0434\u0436\u043b\u0456\u0441\" \/>\n<meta property=\"article:publisher\" content=\"https:\/\/www.facebook.com\/qtmm.info\/\" \/>\n<meta property=\"article:published_time\" content=\"2013-08-14T13:02:00+00:00\" \/>\n<meta property=\"article:modified_time\" content=\"2022-01-25T13:06:28+00:00\" \/>\n<meta property=\"og:image\" content=\"https:\/\/qtmm.org\/wp-content\/uploads\/2022\/01\/img_3736.jpeg\" \/>\n\t<meta property=\"og:image:width\" content=\"650\" \/>\n\t<meta property=\"og:image:height\" content=\"327\" \/>\n\t<meta property=\"og:image:type\" content=\"image\/jpeg\" \/>\n<meta name=\"author\" content=\"Developer\" \/>\n<meta name=\"twitter:card\" content=\"summary_large_image\" \/>\n<meta name=\"twitter:label1\" content=\"Written by\" \/>\n\t<meta name=\"twitter:data1\" content=\"Developer\" \/>\n\t<meta name=\"twitter:label2\" content=\"Est. reading time\" \/>\n\t<meta name=\"twitter:data2\" content=\"4 minutes\" \/>\n<script type=\"application\/ld+json\" class=\"yoast-schema-graph\">{\"@context\":\"https:\\\/\\\/schema.org\",\"@graph\":[{\"@type\":\"Article\",\"@id\":\"https:\\\/\\\/qtmm.org\\\/qt\\\/mustafa-cemilev-vozgrinnin-eseri-qirimtatar-halqina-buyuk-fayda-ketirecegine-eminim\\\/#article\",\"isPartOf\":{\"@id\":\"https:\\\/\\\/qtmm.org\\\/qt\\\/mustafa-cemilev-vozgrinnin-eseri-qirimtatar-halqina-buyuk-fayda-ketirecegine-eminim\\\/\"},\"author\":{\"name\":\"Developer\",\"@id\":\"https:\\\/\\\/qtmm.org\\\/qt\\\/#\\\/schema\\\/person\\\/de562469f971dec226ac06e60bbf74a7\"},\"headline\":\"Mustafa Cemilev: Vozgrinni\u00f1 eseri qirimtatar halqina b\u00fcy\u00fck fayda ketirecegine eminim\",\"datePublished\":\"2013-08-14T13:02:00+00:00\",\"dateModified\":\"2022-01-25T13:06:28+00:00\",\"mainEntityOfPage\":{\"@id\":\"https:\\\/\\\/qtmm.org\\\/qt\\\/mustafa-cemilev-vozgrinnin-eseri-qirimtatar-halqina-buyuk-fayda-ketirecegine-eminim\\\/\"},\"wordCount\":896,\"commentCount\":0,\"publisher\":{\"@id\":\"https:\\\/\\\/qtmm.org\\\/qt\\\/#organization\"},\"image\":{\"@id\":\"https:\\\/\\\/qtmm.org\\\/qt\\\/mustafa-cemilev-vozgrinnin-eseri-qirimtatar-halqina-buyuk-fayda-ketirecegine-eminim\\\/#primaryimage\"},\"thumbnailUrl\":\"http:\\\/\\\/qtmm.org\\\/wp-content\\\/uploads\\\/2022\\\/01\\\/img_3736.jpeg\",\"articleSection\":[\"Haberler\"],\"inLanguage\":\"qt\",\"potentialAction\":[{\"@type\":\"CommentAction\",\"name\":\"Comment\",\"target\":[\"https:\\\/\\\/qtmm.org\\\/qt\\\/mustafa-cemilev-vozgrinnin-eseri-qirimtatar-halqina-buyuk-fayda-ketirecegine-eminim\\\/#respond\"]}]},{\"@type\":\"WebPage\",\"@id\":\"https:\\\/\\\/qtmm.org\\\/qt\\\/mustafa-cemilev-vozgrinnin-eseri-qirimtatar-halqina-buyuk-fayda-ketirecegine-eminim\\\/\",\"url\":\"https:\\\/\\\/qtmm.org\\\/qt\\\/mustafa-cemilev-vozgrinnin-eseri-qirimtatar-halqina-buyuk-fayda-ketirecegine-eminim\\\/\",\"name\":\"Mustafa Cemilev: Vozgrinni\u00f1 eseri qirimtatar halqina b\u00fcy\u00fck fayda ketirecegine eminim - \u041c\u0435\u0434\u0436\u043b\u0456\u0441\",\"isPartOf\":{\"@id\":\"https:\\\/\\\/qtmm.org\\\/qt\\\/#website\"},\"primaryImageOfPage\":{\"@id\":\"https:\\\/\\\/qtmm.org\\\/qt\\\/mustafa-cemilev-vozgrinnin-eseri-qirimtatar-halqina-buyuk-fayda-ketirecegine-eminim\\\/#primaryimage\"},\"image\":{\"@id\":\"https:\\\/\\\/qtmm.org\\\/qt\\\/mustafa-cemilev-vozgrinnin-eseri-qirimtatar-halqina-buyuk-fayda-ketirecegine-eminim\\\/#primaryimage\"},\"thumbnailUrl\":\"http:\\\/\\\/qtmm.org\\\/wp-content\\\/uploads\\\/2022\\\/01\\\/img_3736.jpeg\",\"datePublished\":\"2013-08-14T13:02:00+00:00\",\"dateModified\":\"2022-01-25T13:06:28+00:00\",\"breadcrumb\":{\"@id\":\"https:\\\/\\\/qtmm.org\\\/qt\\\/mustafa-cemilev-vozgrinnin-eseri-qirimtatar-halqina-buyuk-fayda-ketirecegine-eminim\\\/#breadcrumb\"},\"inLanguage\":\"qt\",\"potentialAction\":[{\"@type\":\"ReadAction\",\"target\":[\"https:\\\/\\\/qtmm.org\\\/qt\\\/mustafa-cemilev-vozgrinnin-eseri-qirimtatar-halqina-buyuk-fayda-ketirecegine-eminim\\\/\"]}]},{\"@type\":\"ImageObject\",\"inLanguage\":\"qt\",\"@id\":\"https:\\\/\\\/qtmm.org\\\/qt\\\/mustafa-cemilev-vozgrinnin-eseri-qirimtatar-halqina-buyuk-fayda-ketirecegine-eminim\\\/#primaryimage\",\"url\":\"http:\\\/\\\/qtmm.org\\\/wp-content\\\/uploads\\\/2022\\\/01\\\/img_3736.jpeg\",\"contentUrl\":\"http:\\\/\\\/qtmm.org\\\/wp-content\\\/uploads\\\/2022\\\/01\\\/img_3736.jpeg\"},{\"@type\":\"BreadcrumbList\",\"@id\":\"https:\\\/\\\/qtmm.org\\\/qt\\\/mustafa-cemilev-vozgrinnin-eseri-qirimtatar-halqina-buyuk-fayda-ketirecegine-eminim\\\/#breadcrumb\",\"itemListElement\":[{\"@type\":\"ListItem\",\"position\":1,\"name\":\"\u0413\u043e\u043b\u043e\u0432\u043d\u0430\",\"item\":\"https:\\\/\\\/qtmm.org\\\/qt\\\/\"},{\"@type\":\"ListItem\",\"position\":2,\"name\":\"Mustafa Cemilev: Vozgrinni\u00f1 eseri qirimtatar halqina b\u00fcy\u00fck fayda ketirecegine eminim\"}]},{\"@type\":\"WebSite\",\"@id\":\"https:\\\/\\\/qtmm.org\\\/qt\\\/#website\",\"url\":\"https:\\\/\\\/qtmm.org\\\/qt\\\/\",\"name\":\"\u041c\u0435\u0434\u0436\u043b\u0456\u0441\",\"description\":\"\",\"publisher\":{\"@id\":\"https:\\\/\\\/qtmm.org\\\/qt\\\/#organization\"},\"potentialAction\":[{\"@type\":\"SearchAction\",\"target\":{\"@type\":\"EntryPoint\",\"urlTemplate\":\"https:\\\/\\\/qtmm.org\\\/qt\\\/?s={search_term_string}\"},\"query-input\":{\"@type\":\"PropertyValueSpecification\",\"valueRequired\":true,\"valueName\":\"search_term_string\"}}],\"inLanguage\":\"qt\"},{\"@type\":\"Organization\",\"@id\":\"https:\\\/\\\/qtmm.org\\\/qt\\\/#organization\",\"name\":\"\u041c\u0435\u0434\u0436\u043b\u0456\u0441\",\"url\":\"https:\\\/\\\/qtmm.org\\\/qt\\\/\",\"logo\":{\"@type\":\"ImageObject\",\"inLanguage\":\"qt\",\"@id\":\"https:\\\/\\\/qtmm.org\\\/qt\\\/#\\\/schema\\\/logo\\\/image\\\/\",\"url\":\"https:\\\/\\\/qtmm.org\\\/wp-content\\\/uploads\\\/2024\\\/12\\\/ua-mejlis-logo-rgb.svg\",\"contentUrl\":\"https:\\\/\\\/qtmm.org\\\/wp-content\\\/uploads\\\/2024\\\/12\\\/ua-mejlis-logo-rgb.svg\",\"caption\":\"\u041c\u0435\u0434\u0436\u043b\u0456\u0441\"},\"image\":{\"@id\":\"https:\\\/\\\/qtmm.org\\\/qt\\\/#\\\/schema\\\/logo\\\/image\\\/\"},\"sameAs\":[\"https:\\\/\\\/www.facebook.com\\\/qtmm.info\\\/\"]},{\"@type\":\"Person\",\"@id\":\"https:\\\/\\\/qtmm.org\\\/qt\\\/#\\\/schema\\\/person\\\/de562469f971dec226ac06e60bbf74a7\",\"name\":\"Developer\",\"image\":{\"@type\":\"ImageObject\",\"inLanguage\":\"qt\",\"@id\":\"https:\\\/\\\/secure.gravatar.com\\\/avatar\\\/392b4cc8fbfeb00b39dfeeab4ee6edded39ffd48e25858637e4765810300227e?s=96&d=mm&r=g\",\"url\":\"https:\\\/\\\/secure.gravatar.com\\\/avatar\\\/392b4cc8fbfeb00b39dfeeab4ee6edded39ffd48e25858637e4765810300227e?s=96&d=mm&r=g\",\"contentUrl\":\"https:\\\/\\\/secure.gravatar.com\\\/avatar\\\/392b4cc8fbfeb00b39dfeeab4ee6edded39ffd48e25858637e4765810300227e?s=96&d=mm&r=g\",\"caption\":\"Developer\"},\"url\":\"https:\\\/\\\/qtmm.org\\\/qt\\\/author\\\/Developer\\\/\"}]}<\/script>\n<!-- \/ Yoast SEO plugin. -->","yoast_head_json":{"title":"Mustafa Cemilev: Vozgrinni\u00f1 eseri qirimtatar halqina b\u00fcy\u00fck fayda ketirecegine eminim - \u041c\u0435\u0434\u0436\u043b\u0456\u0441","robots":{"index":"index","follow":"follow","max-snippet":"max-snippet:-1","max-image-preview":"max-image-preview:large","max-video-preview":"max-video-preview:-1"},"canonical":"https:\/\/qtmm.org\/qt\/mustafa-cemilev-vozgrinnin-eseri-qirimtatar-halqina-buyuk-fayda-ketirecegine-eminim\/","og_locale":"en_US","og_type":"article","og_title":"Mustafa Cemilev: Vozgrinni\u00f1 eseri qirimtatar halqina b\u00fcy\u00fck fayda ketirecegine eminim - \u041c\u0435\u0434\u0436\u043b\u0456\u0441","og_description":"Avgust 14 k\u00fcn\u00fc Aqmescitteki Ukrain muz\u0131kal\u0131-drama teatrini\u00f1 foyyesinde rusiyeli tarih\u00e7\u0131 Valeriy Vozgrinni\u00f1 \u00e7oqtan beklenilgen ve q\u0131ymetli, qadimiy devirden 1940 senelerinece devirni qavrap al\u011fan &#8220;Q\u0131r\u0131mtatarlarn\u0131\u00f1 tarih\u0131&#8221; serleval\u0131 4 c\u0131ltl\u0131 kitab\u0131n\u0131\u00f1 resmiy taqdim merasimi ke\u00e7irildi. Kitapqa m\u00fcellifni\u00f1 tedqiqiy malzemeleri, \u00e7etelli tarih\u00e7\u0131larn\u0131\u00f1 maqaleleri ve daa \u00e7oq mal\u00fcmatlar kirgen. Valeriy Vozgrinni kitab\u0131n\u0131\u00f1 d\u00fcnya y\u00fcz\u00fc k\u00f6rmesi munasebetinen hay\u0131rlamaq i\u00e7\u00fcn Milliy [&hellip;]","og_url":"https:\/\/qtmm.org\/qt\/mustafa-cemilev-vozgrinnin-eseri-qirimtatar-halqina-buyuk-fayda-ketirecegine-eminim\/","og_site_name":"\u041c\u0435\u0434\u0436\u043b\u0456\u0441","article_publisher":"https:\/\/www.facebook.com\/qtmm.info\/","article_published_time":"2013-08-14T13:02:00+00:00","article_modified_time":"2022-01-25T13:06:28+00:00","og_image":[{"width":650,"height":327,"url":"https:\/\/qtmm.org\/wp-content\/uploads\/2022\/01\/img_3736.jpeg","type":"image\/jpeg"}],"author":"Developer","twitter_card":"summary_large_image","twitter_misc":{"Written by":"Developer","Est. reading time":"4 minutes"},"schema":{"@context":"https:\/\/schema.org","@graph":[{"@type":"Article","@id":"https:\/\/qtmm.org\/qt\/mustafa-cemilev-vozgrinnin-eseri-qirimtatar-halqina-buyuk-fayda-ketirecegine-eminim\/#article","isPartOf":{"@id":"https:\/\/qtmm.org\/qt\/mustafa-cemilev-vozgrinnin-eseri-qirimtatar-halqina-buyuk-fayda-ketirecegine-eminim\/"},"author":{"name":"Developer","@id":"https:\/\/qtmm.org\/qt\/#\/schema\/person\/de562469f971dec226ac06e60bbf74a7"},"headline":"Mustafa Cemilev: Vozgrinni\u00f1 eseri qirimtatar halqina b\u00fcy\u00fck fayda ketirecegine eminim","datePublished":"2013-08-14T13:02:00+00:00","dateModified":"2022-01-25T13:06:28+00:00","mainEntityOfPage":{"@id":"https:\/\/qtmm.org\/qt\/mustafa-cemilev-vozgrinnin-eseri-qirimtatar-halqina-buyuk-fayda-ketirecegine-eminim\/"},"wordCount":896,"commentCount":0,"publisher":{"@id":"https:\/\/qtmm.org\/qt\/#organization"},"image":{"@id":"https:\/\/qtmm.org\/qt\/mustafa-cemilev-vozgrinnin-eseri-qirimtatar-halqina-buyuk-fayda-ketirecegine-eminim\/#primaryimage"},"thumbnailUrl":"http:\/\/qtmm.org\/wp-content\/uploads\/2022\/01\/img_3736.jpeg","articleSection":["Haberler"],"inLanguage":"qt","potentialAction":[{"@type":"CommentAction","name":"Comment","target":["https:\/\/qtmm.org\/qt\/mustafa-cemilev-vozgrinnin-eseri-qirimtatar-halqina-buyuk-fayda-ketirecegine-eminim\/#respond"]}]},{"@type":"WebPage","@id":"https:\/\/qtmm.org\/qt\/mustafa-cemilev-vozgrinnin-eseri-qirimtatar-halqina-buyuk-fayda-ketirecegine-eminim\/","url":"https:\/\/qtmm.org\/qt\/mustafa-cemilev-vozgrinnin-eseri-qirimtatar-halqina-buyuk-fayda-ketirecegine-eminim\/","name":"Mustafa Cemilev: Vozgrinni\u00f1 eseri qirimtatar halqina b\u00fcy\u00fck fayda ketirecegine eminim - \u041c\u0435\u0434\u0436\u043b\u0456\u0441","isPartOf":{"@id":"https:\/\/qtmm.org\/qt\/#website"},"primaryImageOfPage":{"@id":"https:\/\/qtmm.org\/qt\/mustafa-cemilev-vozgrinnin-eseri-qirimtatar-halqina-buyuk-fayda-ketirecegine-eminim\/#primaryimage"},"image":{"@id":"https:\/\/qtmm.org\/qt\/mustafa-cemilev-vozgrinnin-eseri-qirimtatar-halqina-buyuk-fayda-ketirecegine-eminim\/#primaryimage"},"thumbnailUrl":"http:\/\/qtmm.org\/wp-content\/uploads\/2022\/01\/img_3736.jpeg","datePublished":"2013-08-14T13:02:00+00:00","dateModified":"2022-01-25T13:06:28+00:00","breadcrumb":{"@id":"https:\/\/qtmm.org\/qt\/mustafa-cemilev-vozgrinnin-eseri-qirimtatar-halqina-buyuk-fayda-ketirecegine-eminim\/#breadcrumb"},"inLanguage":"qt","potentialAction":[{"@type":"ReadAction","target":["https:\/\/qtmm.org\/qt\/mustafa-cemilev-vozgrinnin-eseri-qirimtatar-halqina-buyuk-fayda-ketirecegine-eminim\/"]}]},{"@type":"ImageObject","inLanguage":"qt","@id":"https:\/\/qtmm.org\/qt\/mustafa-cemilev-vozgrinnin-eseri-qirimtatar-halqina-buyuk-fayda-ketirecegine-eminim\/#primaryimage","url":"http:\/\/qtmm.org\/wp-content\/uploads\/2022\/01\/img_3736.jpeg","contentUrl":"http:\/\/qtmm.org\/wp-content\/uploads\/2022\/01\/img_3736.jpeg"},{"@type":"BreadcrumbList","@id":"https:\/\/qtmm.org\/qt\/mustafa-cemilev-vozgrinnin-eseri-qirimtatar-halqina-buyuk-fayda-ketirecegine-eminim\/#breadcrumb","itemListElement":[{"@type":"ListItem","position":1,"name":"\u0413\u043e\u043b\u043e\u0432\u043d\u0430","item":"https:\/\/qtmm.org\/qt\/"},{"@type":"ListItem","position":2,"name":"Mustafa Cemilev: Vozgrinni\u00f1 eseri qirimtatar halqina b\u00fcy\u00fck fayda ketirecegine eminim"}]},{"@type":"WebSite","@id":"https:\/\/qtmm.org\/qt\/#website","url":"https:\/\/qtmm.org\/qt\/","name":"\u041c\u0435\u0434\u0436\u043b\u0456\u0441","description":"","publisher":{"@id":"https:\/\/qtmm.org\/qt\/#organization"},"potentialAction":[{"@type":"SearchAction","target":{"@type":"EntryPoint","urlTemplate":"https:\/\/qtmm.org\/qt\/?s={search_term_string}"},"query-input":{"@type":"PropertyValueSpecification","valueRequired":true,"valueName":"search_term_string"}}],"inLanguage":"qt"},{"@type":"Organization","@id":"https:\/\/qtmm.org\/qt\/#organization","name":"\u041c\u0435\u0434\u0436\u043b\u0456\u0441","url":"https:\/\/qtmm.org\/qt\/","logo":{"@type":"ImageObject","inLanguage":"qt","@id":"https:\/\/qtmm.org\/qt\/#\/schema\/logo\/image\/","url":"https:\/\/qtmm.org\/wp-content\/uploads\/2024\/12\/ua-mejlis-logo-rgb.svg","contentUrl":"https:\/\/qtmm.org\/wp-content\/uploads\/2024\/12\/ua-mejlis-logo-rgb.svg","caption":"\u041c\u0435\u0434\u0436\u043b\u0456\u0441"},"image":{"@id":"https:\/\/qtmm.org\/qt\/#\/schema\/logo\/image\/"},"sameAs":["https:\/\/www.facebook.com\/qtmm.info\/"]},{"@type":"Person","@id":"https:\/\/qtmm.org\/qt\/#\/schema\/person\/de562469f971dec226ac06e60bbf74a7","name":"Developer","image":{"@type":"ImageObject","inLanguage":"qt","@id":"https:\/\/secure.gravatar.com\/avatar\/392b4cc8fbfeb00b39dfeeab4ee6edded39ffd48e25858637e4765810300227e?s=96&d=mm&r=g","url":"https:\/\/secure.gravatar.com\/avatar\/392b4cc8fbfeb00b39dfeeab4ee6edded39ffd48e25858637e4765810300227e?s=96&d=mm&r=g","contentUrl":"https:\/\/secure.gravatar.com\/avatar\/392b4cc8fbfeb00b39dfeeab4ee6edded39ffd48e25858637e4765810300227e?s=96&d=mm&r=g","caption":"Developer"},"url":"https:\/\/qtmm.org\/qt\/author\/Developer\/"}]}},"_links":{"self":[{"href":"https:\/\/qtmm.org\/qt\/wp-json\/wp\/v2\/posts\/38813","targetHints":{"allow":["GET"]}}],"collection":[{"href":"https:\/\/qtmm.org\/qt\/wp-json\/wp\/v2\/posts"}],"about":[{"href":"https:\/\/qtmm.org\/qt\/wp-json\/wp\/v2\/types\/post"}],"author":[{"embeddable":true,"href":"https:\/\/qtmm.org\/qt\/wp-json\/wp\/v2\/users\/1"}],"replies":[{"embeddable":true,"href":"https:\/\/qtmm.org\/qt\/wp-json\/wp\/v2\/comments?post=38813"}],"version-history":[{"count":1,"href":"https:\/\/qtmm.org\/qt\/wp-json\/wp\/v2\/posts\/38813\/revisions"}],"predecessor-version":[{"id":38874,"href":"https:\/\/qtmm.org\/qt\/wp-json\/wp\/v2\/posts\/38813\/revisions\/38874"}],"wp:attachment":[{"href":"https:\/\/qtmm.org\/qt\/wp-json\/wp\/v2\/media?parent=38813"}],"wp:term":[{"taxonomy":"category","embeddable":true,"href":"https:\/\/qtmm.org\/qt\/wp-json\/wp\/v2\/categories?post=38813"},{"taxonomy":"post_tag","embeddable":true,"href":"https:\/\/qtmm.org\/qt\/wp-json\/wp\/v2\/tags?post=38813"}],"curies":[{"name":"wp","href":"https:\/\/api.w.org\/{rel}","templated":true}]}}