




{"id":38811,"date":"2013-08-14T16:01:00","date_gmt":"2013-08-14T13:01:00","guid":{"rendered":"http:\/\/qtmm.org\/?p=38811"},"modified":"2022-01-25T16:02:17","modified_gmt":"2022-01-25T13:02:17","slug":"zair-smedlayev-zanimca-kabaatlilarni-kene-de-tapmazlar-ebet","status":"publish","type":"post","link":"https:\/\/qtmm.org\/qt\/zair-smedlayev-zanimca-kabaatlilarni-kene-de-tapmazlar-ebet\/","title":{"rendered":"Zair Smedl\u00e2yev: &#8220;Zan\u0131mca, kabaatl\u0131larn\u0131 kene de tapmazlar ebet&#8221;"},"content":{"rendered":"\n<p>Avgust 14-ke ke\u00e7er gecesi Aqmescitni\u00f1 Aqme\u00e7it qasabas\u0131nda Merkeziy rayonn\u0131\u00f1 \u21169 maalle komiteti ve yerli mecliske ait vagon\u00e7\u0131q yand\u0131.<\/p>\n\n\n\n<p>Ate\u015f i\u00e7inden i\u00e7 bir \u015feyni qurtarmaqn\u0131\u00f1 \u00e7aresi olmad\u0131. Milliy Meclis K\u00e2tibiyetini\u00f1 ba\u015f\u0131 bu vaziyetni b\u00f6yle izaatlad\u0131: &#8220;Yaqqanlar\u0131 bes-belli. Bun\u0131 kim yapqan\u0131n\u0131 tam s\u00f6ylep olamam, l\u00e2kin bu kene de regionda vaziyetni kerginle\u015ftirmek maqsad\u0131nen yap\u0131l\u011fan fesatt\u0131r. Bu adiseni so\u00f1ki vaq\u0131t ep \u00e7oqla\u015fqan allar yani q\u0131r\u0131mtatarlar\u011fa qar\u015f\u0131 iftiralar ve aqs\u0131mlay\u0131c\u0131 yaz\u0131larnen bir s\u0131ra\u011fa qoymaq m\u00fcmk\u00fcn&#8221;.<\/p>\n\n\n\n<p>Bun\u0131\u00f1 kibi de o, b\u00fcy\u00fck cami qurulacaq yerde qaravul\u011fa nisbeten yap\u0131l\u011fan tecavuz ve \u015fu vagon\u00e7\u0131qn\u0131\u00f1 yaq\u0131lmas\u0131 \u2013 bir z\u0131nc\u0131rn\u0131\u00f1 alqalar\u0131d\u0131r.<\/p>\n\n\n\n<p>&#8220;Qabaatl\u0131lar tap\u0131l\u0131r, dep i\u00e7 \u00fcm\u00fct etmeyim, \u00e7\u00fcnki musulman mezarl\u0131qlar\u0131nda vah\u015fiylik, Yaltinskaya 22-deki yan\u011f\u0131nn\u0131\u00f1 te\u015fkil\u00e2t\u00e7\u0131lar\u0131 ve icrac\u0131lar\u0131 \u00f6yle de tap\u0131lmad\u0131.<\/p>\n\n\n\n<p>Militsiya teller yan\u011fan, bir qa\u00e7 aydan berli yatqan sigara t\u00fctegen kibi bir oba mana\u00e7\u0131q tapar A\u00f1la\u015f\u0131la ki, bu yan\u011f\u0131n mahsus yap\u0131l\u011fan, q\u0131r\u0131l\u011fan pencere de bun\u0131 isbat ete. Eger qabaatl\u0131lar kene de tap\u0131lmasa, demek bu provokatsiyalar uquqqoruv organlar\u0131n\u0131\u00f1 raz\u0131l\u0131\u011f\u0131 ya da bivasta i\u015ftirakinde yap\u0131lmaqta&#8221;<\/p>\n","protected":false},"excerpt":{"rendered":"<p>Avgust 14-ke ke\u00e7er gecesi Aqmescitni\u00f1 Aqme\u00e7it qasabas\u0131nda Merkeziy rayonn\u0131\u00f1 \u21169 maalle komiteti ve yerli mecliske ait vagon\u00e7\u0131q yand\u0131. Ate\u015f i\u00e7inden i\u00e7 bir \u015feyni qurtarmaqn\u0131\u00f1 \u00e7aresi olmad\u0131. Milliy Meclis K\u00e2tibiyetini\u00f1 ba\u015f\u0131 bu vaziyetni b\u00f6yle izaatlad\u0131: &#8220;Yaqqanlar\u0131 bes-belli. Bun\u0131 kim yapqan\u0131n\u0131 tam s\u00f6ylep olamam, l\u00e2kin bu kene de regionda vaziyetni kerginle\u015ftirmek maqsad\u0131nen yap\u0131l\u011fan fesatt\u0131r. Bu adiseni so\u00f1ki [&hellip;]<\/p>\n","protected":false},"author":1,"featured_media":0,"comment_status":"open","ping_status":"open","sticky":false,"template":"","format":"standard","meta":{"inline_featured_image":false,"footnotes":""},"categories":[265],"tags":[],"class_list":["post-38811","post","type-post","status-publish","format-standard","hentry","category-haberler"],"acf":[],"yoast_head":"<!-- This site is optimized with the Yoast SEO plugin v27.4 - https:\/\/yoast.com\/product\/yoast-seo-wordpress\/ -->\n<title>Zair Smedl\u00e2yev: &quot;Zan\u0131mca, kabaatl\u0131larn\u0131 kene de tapmazlar ebet&quot; - \u041c\u0435\u0434\u0436\u043b\u0456\u0441<\/title>\n<meta name=\"robots\" content=\"index, follow, max-snippet:-1, max-image-preview:large, max-video-preview:-1\" \/>\n<link rel=\"canonical\" href=\"https:\/\/qtmm.org\/qt\/zair-smedlayev-zanimca-kabaatlilarni-kene-de-tapmazlar-ebet\/\" \/>\n<meta property=\"og:locale\" content=\"en_US\" \/>\n<meta property=\"og:type\" content=\"article\" \/>\n<meta property=\"og:title\" content=\"Zair Smedl\u00e2yev: &quot;Zan\u0131mca, kabaatl\u0131larn\u0131 kene de tapmazlar ebet&quot; - \u041c\u0435\u0434\u0436\u043b\u0456\u0441\" \/>\n<meta property=\"og:description\" content=\"Avgust 14-ke ke\u00e7er gecesi Aqmescitni\u00f1 Aqme\u00e7it qasabas\u0131nda Merkeziy rayonn\u0131\u00f1 \u21169 maalle komiteti ve yerli mecliske ait vagon\u00e7\u0131q yand\u0131. Ate\u015f i\u00e7inden i\u00e7 bir \u015feyni qurtarmaqn\u0131\u00f1 \u00e7aresi olmad\u0131. Milliy Meclis K\u00e2tibiyetini\u00f1 ba\u015f\u0131 bu vaziyetni b\u00f6yle izaatlad\u0131: &#8220;Yaqqanlar\u0131 bes-belli. Bun\u0131 kim yapqan\u0131n\u0131 tam s\u00f6ylep olamam, l\u00e2kin bu kene de regionda vaziyetni kerginle\u015ftirmek maqsad\u0131nen yap\u0131l\u011fan fesatt\u0131r. Bu adiseni so\u00f1ki [&hellip;]\" \/>\n<meta property=\"og:url\" content=\"https:\/\/qtmm.org\/qt\/zair-smedlayev-zanimca-kabaatlilarni-kene-de-tapmazlar-ebet\/\" \/>\n<meta property=\"og:site_name\" content=\"\u041c\u0435\u0434\u0436\u043b\u0456\u0441\" \/>\n<meta property=\"article:publisher\" content=\"https:\/\/www.facebook.com\/qtmm.info\/\" \/>\n<meta property=\"article:published_time\" content=\"2013-08-14T13:01:00+00:00\" \/>\n<meta property=\"article:modified_time\" content=\"2022-01-25T13:02:17+00:00\" \/>\n<meta name=\"author\" content=\"Developer\" \/>\n<meta name=\"twitter:card\" content=\"summary_large_image\" \/>\n<meta name=\"twitter:label1\" content=\"Written by\" \/>\n\t<meta name=\"twitter:data1\" content=\"Developer\" \/>\n\t<meta name=\"twitter:label2\" content=\"Est. reading time\" \/>\n\t<meta name=\"twitter:data2\" content=\"1 minute\" \/>\n<script type=\"application\/ld+json\" class=\"yoast-schema-graph\">{\"@context\":\"https:\\\/\\\/schema.org\",\"@graph\":[{\"@type\":\"Article\",\"@id\":\"https:\\\/\\\/qtmm.org\\\/qt\\\/zair-smedlayev-zanimca-kabaatlilarni-kene-de-tapmazlar-ebet\\\/#article\",\"isPartOf\":{\"@id\":\"https:\\\/\\\/qtmm.org\\\/qt\\\/zair-smedlayev-zanimca-kabaatlilarni-kene-de-tapmazlar-ebet\\\/\"},\"author\":{\"name\":\"Developer\",\"@id\":\"https:\\\/\\\/qtmm.org\\\/qt\\\/#\\\/schema\\\/person\\\/de562469f971dec226ac06e60bbf74a7\"},\"headline\":\"Zair Smedl\u00e2yev: &#8220;Zan\u0131mca, kabaatl\u0131larn\u0131 kene de tapmazlar ebet&#8221;\",\"datePublished\":\"2013-08-14T13:01:00+00:00\",\"dateModified\":\"2022-01-25T13:02:17+00:00\",\"mainEntityOfPage\":{\"@id\":\"https:\\\/\\\/qtmm.org\\\/qt\\\/zair-smedlayev-zanimca-kabaatlilarni-kene-de-tapmazlar-ebet\\\/\"},\"wordCount\":230,\"commentCount\":0,\"publisher\":{\"@id\":\"https:\\\/\\\/qtmm.org\\\/qt\\\/#organization\"},\"articleSection\":[\"Haberler\"],\"inLanguage\":\"qt\",\"potentialAction\":[{\"@type\":\"CommentAction\",\"name\":\"Comment\",\"target\":[\"https:\\\/\\\/qtmm.org\\\/qt\\\/zair-smedlayev-zanimca-kabaatlilarni-kene-de-tapmazlar-ebet\\\/#respond\"]}]},{\"@type\":\"WebPage\",\"@id\":\"https:\\\/\\\/qtmm.org\\\/qt\\\/zair-smedlayev-zanimca-kabaatlilarni-kene-de-tapmazlar-ebet\\\/\",\"url\":\"https:\\\/\\\/qtmm.org\\\/qt\\\/zair-smedlayev-zanimca-kabaatlilarni-kene-de-tapmazlar-ebet\\\/\",\"name\":\"Zair Smedl\u00e2yev: \\\"Zan\u0131mca, kabaatl\u0131larn\u0131 kene de tapmazlar ebet\\\" - \u041c\u0435\u0434\u0436\u043b\u0456\u0441\",\"isPartOf\":{\"@id\":\"https:\\\/\\\/qtmm.org\\\/qt\\\/#website\"},\"datePublished\":\"2013-08-14T13:01:00+00:00\",\"dateModified\":\"2022-01-25T13:02:17+00:00\",\"breadcrumb\":{\"@id\":\"https:\\\/\\\/qtmm.org\\\/qt\\\/zair-smedlayev-zanimca-kabaatlilarni-kene-de-tapmazlar-ebet\\\/#breadcrumb\"},\"inLanguage\":\"qt\",\"potentialAction\":[{\"@type\":\"ReadAction\",\"target\":[\"https:\\\/\\\/qtmm.org\\\/qt\\\/zair-smedlayev-zanimca-kabaatlilarni-kene-de-tapmazlar-ebet\\\/\"]}]},{\"@type\":\"BreadcrumbList\",\"@id\":\"https:\\\/\\\/qtmm.org\\\/qt\\\/zair-smedlayev-zanimca-kabaatlilarni-kene-de-tapmazlar-ebet\\\/#breadcrumb\",\"itemListElement\":[{\"@type\":\"ListItem\",\"position\":1,\"name\":\"\u0413\u043e\u043b\u043e\u0432\u043d\u0430\",\"item\":\"https:\\\/\\\/qtmm.org\\\/qt\\\/\"},{\"@type\":\"ListItem\",\"position\":2,\"name\":\"Zair Smedl\u00e2yev: &#8220;Zan\u0131mca, kabaatl\u0131larn\u0131 kene de tapmazlar ebet&#8221;\"}]},{\"@type\":\"WebSite\",\"@id\":\"https:\\\/\\\/qtmm.org\\\/qt\\\/#website\",\"url\":\"https:\\\/\\\/qtmm.org\\\/qt\\\/\",\"name\":\"\u041c\u0435\u0434\u0436\u043b\u0456\u0441\",\"description\":\"\",\"publisher\":{\"@id\":\"https:\\\/\\\/qtmm.org\\\/qt\\\/#organization\"},\"potentialAction\":[{\"@type\":\"SearchAction\",\"target\":{\"@type\":\"EntryPoint\",\"urlTemplate\":\"https:\\\/\\\/qtmm.org\\\/qt\\\/?s={search_term_string}\"},\"query-input\":{\"@type\":\"PropertyValueSpecification\",\"valueRequired\":true,\"valueName\":\"search_term_string\"}}],\"inLanguage\":\"qt\"},{\"@type\":\"Organization\",\"@id\":\"https:\\\/\\\/qtmm.org\\\/qt\\\/#organization\",\"name\":\"\u041c\u0435\u0434\u0436\u043b\u0456\u0441\",\"url\":\"https:\\\/\\\/qtmm.org\\\/qt\\\/\",\"logo\":{\"@type\":\"ImageObject\",\"inLanguage\":\"qt\",\"@id\":\"https:\\\/\\\/qtmm.org\\\/qt\\\/#\\\/schema\\\/logo\\\/image\\\/\",\"url\":\"https:\\\/\\\/qtmm.org\\\/wp-content\\\/uploads\\\/2024\\\/12\\\/ua-mejlis-logo-rgb.svg\",\"contentUrl\":\"https:\\\/\\\/qtmm.org\\\/wp-content\\\/uploads\\\/2024\\\/12\\\/ua-mejlis-logo-rgb.svg\",\"caption\":\"\u041c\u0435\u0434\u0436\u043b\u0456\u0441\"},\"image\":{\"@id\":\"https:\\\/\\\/qtmm.org\\\/qt\\\/#\\\/schema\\\/logo\\\/image\\\/\"},\"sameAs\":[\"https:\\\/\\\/www.facebook.com\\\/qtmm.info\\\/\"]},{\"@type\":\"Person\",\"@id\":\"https:\\\/\\\/qtmm.org\\\/qt\\\/#\\\/schema\\\/person\\\/de562469f971dec226ac06e60bbf74a7\",\"name\":\"Developer\",\"image\":{\"@type\":\"ImageObject\",\"inLanguage\":\"qt\",\"@id\":\"https:\\\/\\\/secure.gravatar.com\\\/avatar\\\/392b4cc8fbfeb00b39dfeeab4ee6edded39ffd48e25858637e4765810300227e?s=96&d=mm&r=g\",\"url\":\"https:\\\/\\\/secure.gravatar.com\\\/avatar\\\/392b4cc8fbfeb00b39dfeeab4ee6edded39ffd48e25858637e4765810300227e?s=96&d=mm&r=g\",\"contentUrl\":\"https:\\\/\\\/secure.gravatar.com\\\/avatar\\\/392b4cc8fbfeb00b39dfeeab4ee6edded39ffd48e25858637e4765810300227e?s=96&d=mm&r=g\",\"caption\":\"Developer\"},\"url\":\"https:\\\/\\\/qtmm.org\\\/qt\\\/author\\\/Developer\\\/\"}]}<\/script>\n<!-- \/ Yoast SEO plugin. -->","yoast_head_json":{"title":"Zair Smedl\u00e2yev: \"Zan\u0131mca, kabaatl\u0131larn\u0131 kene de tapmazlar ebet\" - \u041c\u0435\u0434\u0436\u043b\u0456\u0441","robots":{"index":"index","follow":"follow","max-snippet":"max-snippet:-1","max-image-preview":"max-image-preview:large","max-video-preview":"max-video-preview:-1"},"canonical":"https:\/\/qtmm.org\/qt\/zair-smedlayev-zanimca-kabaatlilarni-kene-de-tapmazlar-ebet\/","og_locale":"en_US","og_type":"article","og_title":"Zair Smedl\u00e2yev: \"Zan\u0131mca, kabaatl\u0131larn\u0131 kene de tapmazlar ebet\" - \u041c\u0435\u0434\u0436\u043b\u0456\u0441","og_description":"Avgust 14-ke ke\u00e7er gecesi Aqmescitni\u00f1 Aqme\u00e7it qasabas\u0131nda Merkeziy rayonn\u0131\u00f1 \u21169 maalle komiteti ve yerli mecliske ait vagon\u00e7\u0131q yand\u0131. Ate\u015f i\u00e7inden i\u00e7 bir \u015feyni qurtarmaqn\u0131\u00f1 \u00e7aresi olmad\u0131. Milliy Meclis K\u00e2tibiyetini\u00f1 ba\u015f\u0131 bu vaziyetni b\u00f6yle izaatlad\u0131: &#8220;Yaqqanlar\u0131 bes-belli. Bun\u0131 kim yapqan\u0131n\u0131 tam s\u00f6ylep olamam, l\u00e2kin bu kene de regionda vaziyetni kerginle\u015ftirmek maqsad\u0131nen yap\u0131l\u011fan fesatt\u0131r. Bu adiseni so\u00f1ki [&hellip;]","og_url":"https:\/\/qtmm.org\/qt\/zair-smedlayev-zanimca-kabaatlilarni-kene-de-tapmazlar-ebet\/","og_site_name":"\u041c\u0435\u0434\u0436\u043b\u0456\u0441","article_publisher":"https:\/\/www.facebook.com\/qtmm.info\/","article_published_time":"2013-08-14T13:01:00+00:00","article_modified_time":"2022-01-25T13:02:17+00:00","author":"Developer","twitter_card":"summary_large_image","twitter_misc":{"Written by":"Developer","Est. reading time":"1 minute"},"schema":{"@context":"https:\/\/schema.org","@graph":[{"@type":"Article","@id":"https:\/\/qtmm.org\/qt\/zair-smedlayev-zanimca-kabaatlilarni-kene-de-tapmazlar-ebet\/#article","isPartOf":{"@id":"https:\/\/qtmm.org\/qt\/zair-smedlayev-zanimca-kabaatlilarni-kene-de-tapmazlar-ebet\/"},"author":{"name":"Developer","@id":"https:\/\/qtmm.org\/qt\/#\/schema\/person\/de562469f971dec226ac06e60bbf74a7"},"headline":"Zair Smedl\u00e2yev: &#8220;Zan\u0131mca, kabaatl\u0131larn\u0131 kene de tapmazlar ebet&#8221;","datePublished":"2013-08-14T13:01:00+00:00","dateModified":"2022-01-25T13:02:17+00:00","mainEntityOfPage":{"@id":"https:\/\/qtmm.org\/qt\/zair-smedlayev-zanimca-kabaatlilarni-kene-de-tapmazlar-ebet\/"},"wordCount":230,"commentCount":0,"publisher":{"@id":"https:\/\/qtmm.org\/qt\/#organization"},"articleSection":["Haberler"],"inLanguage":"qt","potentialAction":[{"@type":"CommentAction","name":"Comment","target":["https:\/\/qtmm.org\/qt\/zair-smedlayev-zanimca-kabaatlilarni-kene-de-tapmazlar-ebet\/#respond"]}]},{"@type":"WebPage","@id":"https:\/\/qtmm.org\/qt\/zair-smedlayev-zanimca-kabaatlilarni-kene-de-tapmazlar-ebet\/","url":"https:\/\/qtmm.org\/qt\/zair-smedlayev-zanimca-kabaatlilarni-kene-de-tapmazlar-ebet\/","name":"Zair Smedl\u00e2yev: \"Zan\u0131mca, kabaatl\u0131larn\u0131 kene de tapmazlar ebet\" - \u041c\u0435\u0434\u0436\u043b\u0456\u0441","isPartOf":{"@id":"https:\/\/qtmm.org\/qt\/#website"},"datePublished":"2013-08-14T13:01:00+00:00","dateModified":"2022-01-25T13:02:17+00:00","breadcrumb":{"@id":"https:\/\/qtmm.org\/qt\/zair-smedlayev-zanimca-kabaatlilarni-kene-de-tapmazlar-ebet\/#breadcrumb"},"inLanguage":"qt","potentialAction":[{"@type":"ReadAction","target":["https:\/\/qtmm.org\/qt\/zair-smedlayev-zanimca-kabaatlilarni-kene-de-tapmazlar-ebet\/"]}]},{"@type":"BreadcrumbList","@id":"https:\/\/qtmm.org\/qt\/zair-smedlayev-zanimca-kabaatlilarni-kene-de-tapmazlar-ebet\/#breadcrumb","itemListElement":[{"@type":"ListItem","position":1,"name":"\u0413\u043e\u043b\u043e\u0432\u043d\u0430","item":"https:\/\/qtmm.org\/qt\/"},{"@type":"ListItem","position":2,"name":"Zair Smedl\u00e2yev: &#8220;Zan\u0131mca, kabaatl\u0131larn\u0131 kene de tapmazlar ebet&#8221;"}]},{"@type":"WebSite","@id":"https:\/\/qtmm.org\/qt\/#website","url":"https:\/\/qtmm.org\/qt\/","name":"\u041c\u0435\u0434\u0436\u043b\u0456\u0441","description":"","publisher":{"@id":"https:\/\/qtmm.org\/qt\/#organization"},"potentialAction":[{"@type":"SearchAction","target":{"@type":"EntryPoint","urlTemplate":"https:\/\/qtmm.org\/qt\/?s={search_term_string}"},"query-input":{"@type":"PropertyValueSpecification","valueRequired":true,"valueName":"search_term_string"}}],"inLanguage":"qt"},{"@type":"Organization","@id":"https:\/\/qtmm.org\/qt\/#organization","name":"\u041c\u0435\u0434\u0436\u043b\u0456\u0441","url":"https:\/\/qtmm.org\/qt\/","logo":{"@type":"ImageObject","inLanguage":"qt","@id":"https:\/\/qtmm.org\/qt\/#\/schema\/logo\/image\/","url":"https:\/\/qtmm.org\/wp-content\/uploads\/2024\/12\/ua-mejlis-logo-rgb.svg","contentUrl":"https:\/\/qtmm.org\/wp-content\/uploads\/2024\/12\/ua-mejlis-logo-rgb.svg","caption":"\u041c\u0435\u0434\u0436\u043b\u0456\u0441"},"image":{"@id":"https:\/\/qtmm.org\/qt\/#\/schema\/logo\/image\/"},"sameAs":["https:\/\/www.facebook.com\/qtmm.info\/"]},{"@type":"Person","@id":"https:\/\/qtmm.org\/qt\/#\/schema\/person\/de562469f971dec226ac06e60bbf74a7","name":"Developer","image":{"@type":"ImageObject","inLanguage":"qt","@id":"https:\/\/secure.gravatar.com\/avatar\/392b4cc8fbfeb00b39dfeeab4ee6edded39ffd48e25858637e4765810300227e?s=96&d=mm&r=g","url":"https:\/\/secure.gravatar.com\/avatar\/392b4cc8fbfeb00b39dfeeab4ee6edded39ffd48e25858637e4765810300227e?s=96&d=mm&r=g","contentUrl":"https:\/\/secure.gravatar.com\/avatar\/392b4cc8fbfeb00b39dfeeab4ee6edded39ffd48e25858637e4765810300227e?s=96&d=mm&r=g","caption":"Developer"},"url":"https:\/\/qtmm.org\/qt\/author\/Developer\/"}]}},"_links":{"self":[{"href":"https:\/\/qtmm.org\/qt\/wp-json\/wp\/v2\/posts\/38811","targetHints":{"allow":["GET"]}}],"collection":[{"href":"https:\/\/qtmm.org\/qt\/wp-json\/wp\/v2\/posts"}],"about":[{"href":"https:\/\/qtmm.org\/qt\/wp-json\/wp\/v2\/types\/post"}],"author":[{"embeddable":true,"href":"https:\/\/qtmm.org\/qt\/wp-json\/wp\/v2\/users\/1"}],"replies":[{"embeddable":true,"href":"https:\/\/qtmm.org\/qt\/wp-json\/wp\/v2\/comments?post=38811"}],"version-history":[{"count":1,"href":"https:\/\/qtmm.org\/qt\/wp-json\/wp\/v2\/posts\/38811\/revisions"}],"predecessor-version":[{"id":38812,"href":"https:\/\/qtmm.org\/qt\/wp-json\/wp\/v2\/posts\/38811\/revisions\/38812"}],"wp:attachment":[{"href":"https:\/\/qtmm.org\/qt\/wp-json\/wp\/v2\/media?parent=38811"}],"wp:term":[{"taxonomy":"category","embeddable":true,"href":"https:\/\/qtmm.org\/qt\/wp-json\/wp\/v2\/categories?post=38811"},{"taxonomy":"post_tag","embeddable":true,"href":"https:\/\/qtmm.org\/qt\/wp-json\/wp\/v2\/tags?post=38811"}],"curies":[{"name":"wp","href":"https:\/\/api.w.org\/{rel}","templated":true}]}}