




{"id":38797,"date":"2013-08-12T16:00:00","date_gmt":"2013-08-12T13:00:00","guid":{"rendered":"http:\/\/qtmm.org\/?p=38797"},"modified":"2022-01-25T16:01:40","modified_gmt":"2022-01-25T13:01:40","slug":"islam-terekte-narazilar-prosili-pomnit-kitabini-yasaq-etmek-boyunca-care-korulmesini-talap-ettiler","status":"publish","type":"post","link":"https:\/\/qtmm.org\/qt\/islam-terekte-narazilar-prosili-pomnit-kitabini-yasaq-etmek-boyunca-care-korulmesini-talap-ettiler\/","title":{"rendered":"\u0130sl\u00e2m Terekte naraz\u0131lar \u00abProsili pomnit\u00bb kitab\u0131n\u0131 yasaq etmek boyunca \u00e7are k\u00f6r\u00fclmesini talap ettiler"},"content":{"rendered":"\n<p>2013 senesi avgust 12 k\u00fcn\u00fc \u0130sl\u00e2m Terek rayon\u0131nda &#8220;Kniga Pam\u00e2ti Vosto\u00e7nogo Kr\u0131ma &#8220;Prosili pomnit&#8221; \u015earqiy Q\u0131r\u0131m hat\u0131ra kitab\u0131 &#8220;Unutmamaqn\u0131 rica ettiler&#8221; serleval\u0131 daval\u0131 kitapqa qar\u015f\u0131 \u00f6tkerilgen B\u00fct\u00fcnq\u0131r\u0131m miting i\u015ftirak\u00e7ileri ne\u015fir m\u00fcellifi Vladimir \u015eir\u015fovn\u0131 \u0130sl\u00e2m Terek rayon\u0131n\u0131\u00f1 fahriy sakini unvan\u0131ndan mahrum etip, \u0130sl\u00e2m Terek rayon devlet memuriyetini\u00f1 ba\u015f\u0131 \u00d6leg G\u00f6rdeyevni istifa\u011fa \u00e7\u0131qarmaqn\u0131 talap ettiler. Bu aqta QHA inform agentligi haber ete.<\/p>\n\n\n\n<figure class=\"wp-block-image size-full\"><img loading=\"lazy\" decoding=\"async\" width=\"650\" height=\"350\" src=\"http:\/\/qtmm.org\/wp-content\/uploads\/2022\/01\/imag3224.jpeg\" alt=\"\" class=\"wp-image-38798\" srcset=\"https:\/\/qtmm.org\/wp-content\/uploads\/2022\/01\/imag3224.jpeg 650w, https:\/\/qtmm.org\/wp-content\/uploads\/2022\/01\/imag3224-300x162.jpeg 300w\" sizes=\"auto, (max-width: 650px) 100vw, 650px\" \/><\/figure>\n\n\n\n<p>\u0130sl\u00e2m Terek rayon devlet memuriyeti \u00f6g\u00fcnde ke\u00e7irilgen mitingde Q\u0131r\u0131mn\u0131\u00f1 \u00e7e\u015fit yerlerinden kelgen bi\u00f1ge yaq\u0131n adam i\u015ftirak etti. Mitingge Meclis reisini\u00f1 birinci muavini, &#8220;Qurultay-Ruh deputat fraktsiyas\u0131n\u0131\u00f1 ba\u015f\u0131 Refat \u00c7ubarov, Meclis K\u00e2tibiyetini\u00f1 ba\u015f\u0131 Zair Smedl\u00e2yev, \u0130sl\u00e2m-Terek regional meclis reisi Ekrem Abdulvatov da keldiler.<\/p>\n\n\n\n<figure class=\"wp-block-image size-full\"><img loading=\"lazy\" decoding=\"async\" width=\"650\" height=\"350\" src=\"http:\/\/qtmm.org\/wp-content\/uploads\/2022\/01\/imag3214.jpeg\" alt=\"\" class=\"wp-image-38802\" srcset=\"https:\/\/qtmm.org\/wp-content\/uploads\/2022\/01\/imag3214.jpeg 650w, https:\/\/qtmm.org\/wp-content\/uploads\/2022\/01\/imag3214-300x162.jpeg 300w\" sizes=\"auto, (max-width: 650px) 100vw, 650px\" \/><\/figure>\n\n\n\n<p>Naraz\u0131lar \u0130sl\u00e2m Terek rayon devlet memuriyetini\u00f1 ba\u015f\u0131 \u00d6leg G\u00f6rdeyevni istifa\u011fa \u00e7\u0131qarmaqn\u0131 talap etken qararn\u0131 qabul etip, &#8220;Unutmamaqn\u0131 rica ettiler&#8221; kitab\u0131n\u0131 yasaq etmek boyunca \u00e7are k\u00f6r\u00fclmesini yani tiraj yaqalanmas\u0131, yoq etilmesi aqq\u0131nda mahkemege ait ariza yollan\u0131lmas\u0131 meselesini qoyd\u0131lar. Miting i\u015ftirak\u00e7ileri ne\u015fir m\u00fcellifi Vladimir \u015eir\u015fovn\u0131 \u0130sl\u00e2m Terek rayon\u0131n\u0131\u00f1 fahriy sakini unvan\u0131ndan mahrum etmek talab\u0131n\u0131 da \u00f6gge s\u00fcrdiler.<\/p>\n\n\n\n<figure class=\"wp-block-image size-full\"><img loading=\"lazy\" decoding=\"async\" width=\"650\" height=\"350\" src=\"http:\/\/qtmm.org\/wp-content\/uploads\/2022\/01\/imag3230.jpeg\" alt=\"\" class=\"wp-image-38806\" srcset=\"https:\/\/qtmm.org\/wp-content\/uploads\/2022\/01\/imag3230.jpeg 650w, https:\/\/qtmm.org\/wp-content\/uploads\/2022\/01\/imag3230-300x162.jpeg 300w\" sizes=\"auto, (max-width: 650px) 100vw, 650px\" \/><\/figure>\n\n\n\n<p>&#8220;\u0130sl\u00e2m Terek rayon yolba\u015f\u00e7\u0131lar\u0131n\u0131 aq\u0131ls\u0131z insanlar, dep sayam, \u00e7\u00fcnki bu kitapn\u0131\u00f1 ne\u015fir etilmesine devlet b\u00fccetinden 15,5 bi\u00f1 grivn\u00e2 ay\u0131rmaq qarar\u0131n\u0131 al\u011fanlar. Bundan da \u011fayr\u0131 k\u00f6y \u015furalar\u0131n\u0131\u00f1 reislerine muracaatta bulun\u0131p, bu kitapn\u0131\u00f1 yaz\u0131lmas\u0131na maddiy destek k\u00f6stermekni rica etkenler de, kitapn\u0131\u00f1 ne m\u00fcndericesinen tan\u0131\u015f ol\u011fanlar, ne de kitapqa obyektiv q\u0131ymet kesecek taqriz\u00e7ini celp etkenler&#8221;, &#8211; dedi Meclis reisini\u00f1 birinci muavini Refat \u00c7ubarov<\/p>\n\n\n\n<p>\u015eun\u0131 hat\u0131rlatmal\u0131 ki, \u0130sl\u00e2m Terek rayon\u0131nda Q\u0131r\u0131mn\u0131\u00f1 cumhuriyet b\u00fccetinden ay\u0131r\u0131l\u011fan sermiya esab\u0131na milletler aras\u0131nda qav\u011fa-dava \u00e7\u0131qaracaq, milliy, \u0131rqiy, diniy nefret qoz\u011fayabilecek &#8220;Kniga Pam\u00e2ti Vosto\u00e7nogo Kr\u0131ma &#8220;Prosili pomnit&#8221; (\u015earqiy Q\u0131r\u0131m hat\u0131ra kitab\u0131 &#8220;Unutma\u00f1\u0131z dediler&#8221; serleval\u0131 kitap \u00e7\u0131qar\u0131ld\u0131. Kitapn\u0131\u00f1 m\u00fcellifleri ve tertip\u00e7ileri qar\u0131-qoca Vladimir ve Mariya \u015eir\u015fovlar.<\/p>\n\n\n\n<p>Kitap m\u00fcelliflerini\u00f1 fikrince kitap derslik status\u0131n\u0131 al\u0131p, \u0130sl\u00e2m Terek rayon\u0131n\u0131\u00f1 mektep ve k\u00fct\u00fcphanelerinde tarqat\u0131lmas\u0131 kerek edi.<\/p>\n\n\n\n<hr class=\"wp-block-separator\"\/>\n\n\n\n<p class=\"has-text-align-center\"><strong>Q\u0131r\u0131mtatar halq\u0131na nisbeten sahte ve aqaretleyici fikirler ol\u011fan ne\u015firni finansirlev ve tarqatuvda \u0130sl\u00e2m Terek rayon\u0131 yerli idare ve icra organlar\u0131 ve vazifedar \u015fah\u0131slar i\u015ftirak etmesine qar\u015f\u0131 miting i\u015ftirak\u00e7ilerini\u00f1<br>qarar\u0131<\/strong><\/p>\n\n\n\n<p>2013 senesi iy\u00fcl 25 k\u00fcn\u00fc saat 13.30 \u0130sl\u00e2m Terek rayon devlet memuriyetini\u00f1 mu\u015favereler salon\u0131nda Vladimir ve Mariya \u015eir\u015fovlarn\u0131\u00f1 &#8220;\u015earqiy Q\u0131r\u0131m hat\u0131ra kitab\u0131 &#8220;Unutmamaqn\u0131 rica ettiler&#8221; serleval\u0131 kitapn\u0131\u00f1 1-nci c\u0131lt\u0131n\u0131\u00f1 taqdimi olacaq edi. Kitapqa kiri\u015f s\u00f6z\u00fcni \u0130sl\u00e2m Terek rayon devlet memuriyetini\u00f1 reisi \u00d6leg G\u00f6rdeyev yaz\u011fan.<br><br>Rayon memuriyetini\u00f1 resmiy sayt\u0131nda tedbir aqq\u0131nda berilgen il\u00e2nda \u00d6leg G\u00f6rdeyev ve \u0130sl\u00e2m Terek rayon \u015furas\u0131n\u0131\u00f1 reisi Mihail \u0130vanovn\u0131\u00f1 da i\u015ftiraki k\u00f6zde tutula edi. Rayon meclis reisi kitapn\u0131\u00f1 m\u00fcndericesinen taqdimge bir k\u00fcn qal\u011fanda tan\u0131\u015f ola. Ne\u015firni\u00f1 &#8220;Q\u0131r\u0131mtatar meselesi&#8221; adl\u0131 ayr\u0131ca b\u00f6l\u00fcginde q\u0131r\u0131mtatarlar aqq\u0131nda SSSR devrinde yaz\u0131l\u011fan maqalelernen bir s\u0131rada m\u00fcelliflerni\u00f1 1944 senesi may\u0131s 18-de kommunist rejimi taraf\u0131ndan yap\u0131l\u011fan cinaiy s\u00fcrg\u00fcnlikni aqlama\u011fa t\u0131r\u0131\u015fqan sahte uydurmalar\u0131 da yer al\u011fan.<br><br>Bundan da \u011fayr\u0131 kitap m\u00fcellifleri \u00e7oqtan-\u00e7oq endi isbat etilgen faktlar\u011fa baqmadan me\u015fur razvedkac\u0131 Alime Abdennanovan\u0131\u00f1 hat\u0131ras\u0131n\u0131 da aqaret eteler. Albu ki arbiy yeminine sad\u0131q qal\u0131p, i\u00e7 bir arqada\u015f\u0131n\u0131 satma\u011fan Alime Abdennanovan\u0131 fa\u015fistler q\u0131ynap \u00f6ld\u00fcrdiler. On\u0131\u00f1 el\u00e2k\u0131ndan 69 y\u0131l ke\u00e7ken so\u00f1 ya\u00f1\u0131 yeti\u015fip \u00e7\u0131qqan tarih\u00e7\u0131 \u015eir\u015fovlar on\u0131 sanki du\u015fman taraf\u0131na ke\u00e7ip, satq\u0131nl\u0131qta su\u00e7layaraq endi qaraman aqq\u0131nda \u2013hat\u0131ran\u0131 bile \u00f6ld\u00fcrmege t\u0131r\u0131\u015falar.<br><br>Q\u0131r\u0131mtatar cemaat\u00e7\u0131l\u0131\u011f\u0131n\u0131\u00f1 a\u00e7\u0131qtan-a\u00e7\u0131q naraz\u0131l\u0131\u011f\u0131 kitap tan\u0131t\u0131lmas\u0131na yol bermedi. Amma kitap m\u00fcellifleri rayon devlet memuriyeti ve cemaat\u00e7\u0131l\u0131q vekillerini\u00f1 bu vaziyetten \u00e7\u0131qmaq yollar\u0131n\u0131 ara\u015ft\u0131ruv tekliflerini red eterek \u00e7e\u015fit &#8220;t\u00f6gerek&#8221; massa subetlerinde iftira tarqatmaqn\u0131 devam eteler. \u015eir\u015fovlarn\u0131\u00f1 b\u00f6yle areketlerine biz q\u0131r\u0131mtatarlar\u011fa nisbeten a\u00f1l\u0131 \u015fekilde nefret qoz\u011famaqt\u0131r dep q\u0131ymet kesemiz.<br><br>\u015eun\u0131 da ayr\u0131ca qayd etmeli ki, 1922 senesi may\u0131s 18 k\u00fcn\u00fc insaniyetke nisbeten yap\u0131l\u011fan cinayetlikni aqla\u011fan 1200 nushal\u0131 kitapn\u0131\u00f1 ne\u015firge az\u0131rlanmas\u0131 ve bas\u0131lmas\u0131 \u0130sl\u00e2m Terek rayon\u0131 b\u00fccetinden ay\u0131r\u0131l\u011fan 15 500 grivn\u00e2, bun\u0131\u00f1 kibi de bir s\u0131ra k\u00f6y \u015furalar\u0131n\u0131\u00f1 destegi esab\u0131na m\u00fcmk\u00fcn old\u0131. Rayon \u015furas\u0131n\u0131\u00f1 deputatlar\u0131 ve devlet memuriyetini\u00f1 yolba\u015f\u00e7\u0131lar\u0131 ise ne\u015firni\u00f1 ne plan\u0131, ne m\u00fcellifler erk\u00e2n\u0131n\u0131 tasdiqlamaqn\u0131, ilmiy taqriz almaq kerekligini t\u00fc\u015f\u00fcnmegenler.<br><br>B\u00f6yleliknen, milletlerara, dinlerara qav\u011fa-davan\u0131 qoz\u011fa\u011fan kitap m\u00fcelliflerini\u00f1, b\u00f6yle kitapn\u0131 ne\u015fir etmek i\u00e7\u00fcn devlet sermiyalar\u0131n\u0131 sarf etken vazifedar \u015fah\u0131slarn\u0131\u00f1 areketleri Ukraina Cinaiy Kodeksini\u00f1 161-nci maddesine k\u00f6re mes\u00fclietke \u00e7ekilmeliler. Bizim fikrimizce, \u015eir\u015fovlar ve \u0130sl\u00e2m Terek rayon memurlar\u0131 yapqan areketlerni\u00f1 ba\u015f maqsad\u0131 \u00e7e\u015fit millet insanlar\u0131 aras\u0131na \u015f\u0131na qaqmaq, i\u015fan\u00e7s\u0131zl\u0131q, \u015f\u00fcbe urluqlar\u0131n\u0131 sa\u00e7maqt\u0131r.<br><br><strong>Biz, Q\u0131r\u0131mtatar halq\u0131na nisbeten sahte ve aqaretleyici fikirler ol\u011fan ne\u015firni finansirlev ve tarqatuvda \u0130sl\u00e2m Terek rayon\u0131 yerli idare ve icra organlar\u0131 ve vazifedar \u015fah\u0131slar i\u015ftirak etmesine qar\u015f\u0131 mitingni\u00f1 i\u015ftirak\u00e7ileri akimiyet ve uquqqoruv organlar\u0131ndan talap etemiz:<\/strong><br><br><br><br>1. Q\u0131sqa m\u00fcddette \u015eir\u015fovlar ve \u0130sl\u00e2m Terek rayon \u015furas\u0131 memurlar\u0131 yapqan areketleri boyunca Ukraina Cinaiy Kodeksi 161-nci maddesi 1-nci q\u0131sm\u0131na binaen taqiqat ke\u00e7irilsin.<br><br>2. &#8220;Unutmamaqn\u0131 rica ettiler&#8221; kitapn\u0131\u00f1 b\u00fct\u00fcn tiraj\u0131 yaqalan\u0131p, on\u0131\u00f1 yoq etilmesi aqq\u0131nda mahkemege ait arizalar yollan\u0131ls\u0131n.<br><br>3. G\u00f6rdeyev \u00d6leg Konstantinovi\u00e7 \u0130sl\u00e2m Terek rayon devlet memuriyetini\u00f1 reisi vazifesinden bo\u015fat\u0131ls\u0131n.<br><br>4. \u0130sl\u00e2m Terek rayon ve k\u00f6y \u015furalar\u0131 b\u00fccetinden ketken masraflarn\u0131 \u00f6demek boyunca qanun\u011fa k\u00f6re \u00e7areler k\u00f6r\u00fclsin.<br><br>5. \u0130sl\u00e2m Terek rayon \u015furas\u0131na &#8220;Ukraina Halq Areketi&#8221; partiyas\u0131ndan saylan\u011fan deputatlar\u011fa \u015eir\u015fov Vladimir F\u00f6dorovi\u00e7ni \u0130sl\u00e2m Terek rayon\u0131n\u0131\u00f1 fahriy sakini unvan\u0131ndan mahrum etmek te\u015febb\u00fcsinen \u00e7\u0131qmaq avale etilsin.<br>&nbsp;<\/p>\n\n\n\n<p class=\"has-text-align-right\"><em><strong>Miting i\u015ftirak\u00e7ileri taraf\u0131ndan qabul etildi<br><br>\u0130sl\u00e2m Terek (Kirovskoye) qasabas\u0131.<br><br>2013 senesi avgust 12<\/strong><\/em><\/p>\n","protected":false},"excerpt":{"rendered":"<p>2013 senesi avgust 12 k\u00fcn\u00fc \u0130sl\u00e2m Terek rayon\u0131nda &#8220;Kniga Pam\u00e2ti Vosto\u00e7nogo Kr\u0131ma &#8220;Prosili pomnit&#8221; \u015earqiy Q\u0131r\u0131m hat\u0131ra kitab\u0131 &#8220;Unutmamaqn\u0131 rica ettiler&#8221; serleval\u0131 daval\u0131 kitapqa qar\u015f\u0131 \u00f6tkerilgen B\u00fct\u00fcnq\u0131r\u0131m miting i\u015ftirak\u00e7ileri ne\u015fir m\u00fcellifi Vladimir \u015eir\u015fovn\u0131 \u0130sl\u00e2m Terek rayon\u0131n\u0131\u00f1 fahriy sakini unvan\u0131ndan mahrum etip, \u0130sl\u00e2m Terek rayon devlet memuriyetini\u00f1 ba\u015f\u0131 \u00d6leg G\u00f6rdeyevni istifa\u011fa \u00e7\u0131qarmaqn\u0131 talap ettiler. Bu aqta [&hellip;]<\/p>\n","protected":false},"author":1,"featured_media":0,"comment_status":"open","ping_status":"open","sticky":false,"template":"","format":"standard","meta":{"inline_featured_image":false,"footnotes":""},"categories":[265],"tags":[],"class_list":["post-38797","post","type-post","status-publish","format-standard","hentry","category-haberler"],"acf":[],"yoast_head":"<!-- This site is optimized with the Yoast SEO plugin v27.4 - https:\/\/yoast.com\/product\/yoast-seo-wordpress\/ -->\n<title>\u0130sl\u00e2m Terekte naraz\u0131lar \u00abProsili pomnit\u00bb kitab\u0131n\u0131 yasaq etmek boyunca \u00e7are k\u00f6r\u00fclmesini talap ettiler - \u041c\u0435\u0434\u0436\u043b\u0456\u0441<\/title>\n<meta name=\"robots\" content=\"index, follow, max-snippet:-1, max-image-preview:large, max-video-preview:-1\" \/>\n<link rel=\"canonical\" href=\"https:\/\/qtmm.org\/qt\/islam-terekte-narazilar-prosili-pomnit-kitabini-yasaq-etmek-boyunca-care-korulmesini-talap-ettiler\/\" \/>\n<meta property=\"og:locale\" content=\"en_US\" \/>\n<meta property=\"og:type\" content=\"article\" \/>\n<meta property=\"og:title\" content=\"\u0130sl\u00e2m Terekte naraz\u0131lar \u00abProsili pomnit\u00bb kitab\u0131n\u0131 yasaq etmek boyunca \u00e7are k\u00f6r\u00fclmesini talap ettiler - \u041c\u0435\u0434\u0436\u043b\u0456\u0441\" \/>\n<meta property=\"og:description\" content=\"2013 senesi avgust 12 k\u00fcn\u00fc \u0130sl\u00e2m Terek rayon\u0131nda &#8220;Kniga Pam\u00e2ti Vosto\u00e7nogo Kr\u0131ma &#8220;Prosili pomnit&#8221; \u015earqiy Q\u0131r\u0131m hat\u0131ra kitab\u0131 &#8220;Unutmamaqn\u0131 rica ettiler&#8221; serleval\u0131 daval\u0131 kitapqa qar\u015f\u0131 \u00f6tkerilgen B\u00fct\u00fcnq\u0131r\u0131m miting i\u015ftirak\u00e7ileri ne\u015fir m\u00fcellifi Vladimir \u015eir\u015fovn\u0131 \u0130sl\u00e2m Terek rayon\u0131n\u0131\u00f1 fahriy sakini unvan\u0131ndan mahrum etip, \u0130sl\u00e2m Terek rayon devlet memuriyetini\u00f1 ba\u015f\u0131 \u00d6leg G\u00f6rdeyevni istifa\u011fa \u00e7\u0131qarmaqn\u0131 talap ettiler. Bu aqta [&hellip;]\" \/>\n<meta property=\"og:url\" content=\"https:\/\/qtmm.org\/qt\/islam-terekte-narazilar-prosili-pomnit-kitabini-yasaq-etmek-boyunca-care-korulmesini-talap-ettiler\/\" \/>\n<meta property=\"og:site_name\" content=\"\u041c\u0435\u0434\u0436\u043b\u0456\u0441\" \/>\n<meta property=\"article:publisher\" content=\"https:\/\/www.facebook.com\/qtmm.info\/\" \/>\n<meta property=\"article:published_time\" content=\"2013-08-12T13:00:00+00:00\" \/>\n<meta property=\"article:modified_time\" content=\"2022-01-25T13:01:40+00:00\" \/>\n<meta property=\"og:image\" content=\"https:\/\/qtmm.org\/wp-content\/uploads\/2022\/01\/imag3224.jpeg\" \/>\n\t<meta property=\"og:image:width\" content=\"650\" \/>\n\t<meta property=\"og:image:height\" content=\"350\" \/>\n\t<meta property=\"og:image:type\" content=\"image\/jpeg\" \/>\n<meta name=\"author\" content=\"Developer\" \/>\n<meta name=\"twitter:card\" content=\"summary_large_image\" \/>\n<meta name=\"twitter:label1\" content=\"Written by\" \/>\n\t<meta name=\"twitter:data1\" content=\"Developer\" \/>\n\t<meta name=\"twitter:label2\" content=\"Est. reading time\" \/>\n\t<meta name=\"twitter:data2\" content=\"5 minutes\" \/>\n<script type=\"application\/ld+json\" class=\"yoast-schema-graph\">{\"@context\":\"https:\\\/\\\/schema.org\",\"@graph\":[{\"@type\":\"Article\",\"@id\":\"https:\\\/\\\/qtmm.org\\\/qt\\\/islam-terekte-narazilar-prosili-pomnit-kitabini-yasaq-etmek-boyunca-care-korulmesini-talap-ettiler\\\/#article\",\"isPartOf\":{\"@id\":\"https:\\\/\\\/qtmm.org\\\/qt\\\/islam-terekte-narazilar-prosili-pomnit-kitabini-yasaq-etmek-boyunca-care-korulmesini-talap-ettiler\\\/\"},\"author\":{\"name\":\"Developer\",\"@id\":\"https:\\\/\\\/qtmm.org\\\/qt\\\/#\\\/schema\\\/person\\\/de562469f971dec226ac06e60bbf74a7\"},\"headline\":\"\u0130sl\u00e2m Terekte naraz\u0131lar \u00abProsili pomnit\u00bb kitab\u0131n\u0131 yasaq etmek boyunca \u00e7are k\u00f6r\u00fclmesini talap ettiler\",\"datePublished\":\"2013-08-12T13:00:00+00:00\",\"dateModified\":\"2022-01-25T13:01:40+00:00\",\"mainEntityOfPage\":{\"@id\":\"https:\\\/\\\/qtmm.org\\\/qt\\\/islam-terekte-narazilar-prosili-pomnit-kitabini-yasaq-etmek-boyunca-care-korulmesini-talap-ettiler\\\/\"},\"wordCount\":1102,\"commentCount\":0,\"publisher\":{\"@id\":\"https:\\\/\\\/qtmm.org\\\/qt\\\/#organization\"},\"image\":{\"@id\":\"https:\\\/\\\/qtmm.org\\\/qt\\\/islam-terekte-narazilar-prosili-pomnit-kitabini-yasaq-etmek-boyunca-care-korulmesini-talap-ettiler\\\/#primaryimage\"},\"thumbnailUrl\":\"http:\\\/\\\/qtmm.org\\\/wp-content\\\/uploads\\\/2022\\\/01\\\/imag3224.jpeg\",\"articleSection\":[\"Haberler\"],\"inLanguage\":\"qt\",\"potentialAction\":[{\"@type\":\"CommentAction\",\"name\":\"Comment\",\"target\":[\"https:\\\/\\\/qtmm.org\\\/qt\\\/islam-terekte-narazilar-prosili-pomnit-kitabini-yasaq-etmek-boyunca-care-korulmesini-talap-ettiler\\\/#respond\"]}]},{\"@type\":\"WebPage\",\"@id\":\"https:\\\/\\\/qtmm.org\\\/qt\\\/islam-terekte-narazilar-prosili-pomnit-kitabini-yasaq-etmek-boyunca-care-korulmesini-talap-ettiler\\\/\",\"url\":\"https:\\\/\\\/qtmm.org\\\/qt\\\/islam-terekte-narazilar-prosili-pomnit-kitabini-yasaq-etmek-boyunca-care-korulmesini-talap-ettiler\\\/\",\"name\":\"\u0130sl\u00e2m Terekte naraz\u0131lar \u00abProsili pomnit\u00bb kitab\u0131n\u0131 yasaq etmek boyunca \u00e7are k\u00f6r\u00fclmesini talap ettiler - \u041c\u0435\u0434\u0436\u043b\u0456\u0441\",\"isPartOf\":{\"@id\":\"https:\\\/\\\/qtmm.org\\\/qt\\\/#website\"},\"primaryImageOfPage\":{\"@id\":\"https:\\\/\\\/qtmm.org\\\/qt\\\/islam-terekte-narazilar-prosili-pomnit-kitabini-yasaq-etmek-boyunca-care-korulmesini-talap-ettiler\\\/#primaryimage\"},\"image\":{\"@id\":\"https:\\\/\\\/qtmm.org\\\/qt\\\/islam-terekte-narazilar-prosili-pomnit-kitabini-yasaq-etmek-boyunca-care-korulmesini-talap-ettiler\\\/#primaryimage\"},\"thumbnailUrl\":\"http:\\\/\\\/qtmm.org\\\/wp-content\\\/uploads\\\/2022\\\/01\\\/imag3224.jpeg\",\"datePublished\":\"2013-08-12T13:00:00+00:00\",\"dateModified\":\"2022-01-25T13:01:40+00:00\",\"breadcrumb\":{\"@id\":\"https:\\\/\\\/qtmm.org\\\/qt\\\/islam-terekte-narazilar-prosili-pomnit-kitabini-yasaq-etmek-boyunca-care-korulmesini-talap-ettiler\\\/#breadcrumb\"},\"inLanguage\":\"qt\",\"potentialAction\":[{\"@type\":\"ReadAction\",\"target\":[\"https:\\\/\\\/qtmm.org\\\/qt\\\/islam-terekte-narazilar-prosili-pomnit-kitabini-yasaq-etmek-boyunca-care-korulmesini-talap-ettiler\\\/\"]}]},{\"@type\":\"ImageObject\",\"inLanguage\":\"qt\",\"@id\":\"https:\\\/\\\/qtmm.org\\\/qt\\\/islam-terekte-narazilar-prosili-pomnit-kitabini-yasaq-etmek-boyunca-care-korulmesini-talap-ettiler\\\/#primaryimage\",\"url\":\"http:\\\/\\\/qtmm.org\\\/wp-content\\\/uploads\\\/2022\\\/01\\\/imag3224.jpeg\",\"contentUrl\":\"http:\\\/\\\/qtmm.org\\\/wp-content\\\/uploads\\\/2022\\\/01\\\/imag3224.jpeg\"},{\"@type\":\"BreadcrumbList\",\"@id\":\"https:\\\/\\\/qtmm.org\\\/qt\\\/islam-terekte-narazilar-prosili-pomnit-kitabini-yasaq-etmek-boyunca-care-korulmesini-talap-ettiler\\\/#breadcrumb\",\"itemListElement\":[{\"@type\":\"ListItem\",\"position\":1,\"name\":\"\u0413\u043e\u043b\u043e\u0432\u043d\u0430\",\"item\":\"https:\\\/\\\/qtmm.org\\\/qt\\\/\"},{\"@type\":\"ListItem\",\"position\":2,\"name\":\"\u0130sl\u00e2m Terekte naraz\u0131lar \u00abProsili pomnit\u00bb kitab\u0131n\u0131 yasaq etmek boyunca \u00e7are k\u00f6r\u00fclmesini talap ettiler\"}]},{\"@type\":\"WebSite\",\"@id\":\"https:\\\/\\\/qtmm.org\\\/qt\\\/#website\",\"url\":\"https:\\\/\\\/qtmm.org\\\/qt\\\/\",\"name\":\"\u041c\u0435\u0434\u0436\u043b\u0456\u0441\",\"description\":\"\",\"publisher\":{\"@id\":\"https:\\\/\\\/qtmm.org\\\/qt\\\/#organization\"},\"potentialAction\":[{\"@type\":\"SearchAction\",\"target\":{\"@type\":\"EntryPoint\",\"urlTemplate\":\"https:\\\/\\\/qtmm.org\\\/qt\\\/?s={search_term_string}\"},\"query-input\":{\"@type\":\"PropertyValueSpecification\",\"valueRequired\":true,\"valueName\":\"search_term_string\"}}],\"inLanguage\":\"qt\"},{\"@type\":\"Organization\",\"@id\":\"https:\\\/\\\/qtmm.org\\\/qt\\\/#organization\",\"name\":\"\u041c\u0435\u0434\u0436\u043b\u0456\u0441\",\"url\":\"https:\\\/\\\/qtmm.org\\\/qt\\\/\",\"logo\":{\"@type\":\"ImageObject\",\"inLanguage\":\"qt\",\"@id\":\"https:\\\/\\\/qtmm.org\\\/qt\\\/#\\\/schema\\\/logo\\\/image\\\/\",\"url\":\"https:\\\/\\\/qtmm.org\\\/wp-content\\\/uploads\\\/2024\\\/12\\\/ua-mejlis-logo-rgb.svg\",\"contentUrl\":\"https:\\\/\\\/qtmm.org\\\/wp-content\\\/uploads\\\/2024\\\/12\\\/ua-mejlis-logo-rgb.svg\",\"caption\":\"\u041c\u0435\u0434\u0436\u043b\u0456\u0441\"},\"image\":{\"@id\":\"https:\\\/\\\/qtmm.org\\\/qt\\\/#\\\/schema\\\/logo\\\/image\\\/\"},\"sameAs\":[\"https:\\\/\\\/www.facebook.com\\\/qtmm.info\\\/\"]},{\"@type\":\"Person\",\"@id\":\"https:\\\/\\\/qtmm.org\\\/qt\\\/#\\\/schema\\\/person\\\/de562469f971dec226ac06e60bbf74a7\",\"name\":\"Developer\",\"image\":{\"@type\":\"ImageObject\",\"inLanguage\":\"qt\",\"@id\":\"https:\\\/\\\/secure.gravatar.com\\\/avatar\\\/392b4cc8fbfeb00b39dfeeab4ee6edded39ffd48e25858637e4765810300227e?s=96&d=mm&r=g\",\"url\":\"https:\\\/\\\/secure.gravatar.com\\\/avatar\\\/392b4cc8fbfeb00b39dfeeab4ee6edded39ffd48e25858637e4765810300227e?s=96&d=mm&r=g\",\"contentUrl\":\"https:\\\/\\\/secure.gravatar.com\\\/avatar\\\/392b4cc8fbfeb00b39dfeeab4ee6edded39ffd48e25858637e4765810300227e?s=96&d=mm&r=g\",\"caption\":\"Developer\"},\"url\":\"https:\\\/\\\/qtmm.org\\\/qt\\\/author\\\/Developer\\\/\"}]}<\/script>\n<!-- \/ Yoast SEO plugin. -->","yoast_head_json":{"title":"\u0130sl\u00e2m Terekte naraz\u0131lar \u00abProsili pomnit\u00bb kitab\u0131n\u0131 yasaq etmek boyunca \u00e7are k\u00f6r\u00fclmesini talap ettiler - \u041c\u0435\u0434\u0436\u043b\u0456\u0441","robots":{"index":"index","follow":"follow","max-snippet":"max-snippet:-1","max-image-preview":"max-image-preview:large","max-video-preview":"max-video-preview:-1"},"canonical":"https:\/\/qtmm.org\/qt\/islam-terekte-narazilar-prosili-pomnit-kitabini-yasaq-etmek-boyunca-care-korulmesini-talap-ettiler\/","og_locale":"en_US","og_type":"article","og_title":"\u0130sl\u00e2m Terekte naraz\u0131lar \u00abProsili pomnit\u00bb kitab\u0131n\u0131 yasaq etmek boyunca \u00e7are k\u00f6r\u00fclmesini talap ettiler - \u041c\u0435\u0434\u0436\u043b\u0456\u0441","og_description":"2013 senesi avgust 12 k\u00fcn\u00fc \u0130sl\u00e2m Terek rayon\u0131nda &#8220;Kniga Pam\u00e2ti Vosto\u00e7nogo Kr\u0131ma &#8220;Prosili pomnit&#8221; \u015earqiy Q\u0131r\u0131m hat\u0131ra kitab\u0131 &#8220;Unutmamaqn\u0131 rica ettiler&#8221; serleval\u0131 daval\u0131 kitapqa qar\u015f\u0131 \u00f6tkerilgen B\u00fct\u00fcnq\u0131r\u0131m miting i\u015ftirak\u00e7ileri ne\u015fir m\u00fcellifi Vladimir \u015eir\u015fovn\u0131 \u0130sl\u00e2m Terek rayon\u0131n\u0131\u00f1 fahriy sakini unvan\u0131ndan mahrum etip, \u0130sl\u00e2m Terek rayon devlet memuriyetini\u00f1 ba\u015f\u0131 \u00d6leg G\u00f6rdeyevni istifa\u011fa \u00e7\u0131qarmaqn\u0131 talap ettiler. Bu aqta [&hellip;]","og_url":"https:\/\/qtmm.org\/qt\/islam-terekte-narazilar-prosili-pomnit-kitabini-yasaq-etmek-boyunca-care-korulmesini-talap-ettiler\/","og_site_name":"\u041c\u0435\u0434\u0436\u043b\u0456\u0441","article_publisher":"https:\/\/www.facebook.com\/qtmm.info\/","article_published_time":"2013-08-12T13:00:00+00:00","article_modified_time":"2022-01-25T13:01:40+00:00","og_image":[{"width":650,"height":350,"url":"https:\/\/qtmm.org\/wp-content\/uploads\/2022\/01\/imag3224.jpeg","type":"image\/jpeg"}],"author":"Developer","twitter_card":"summary_large_image","twitter_misc":{"Written by":"Developer","Est. reading time":"5 minutes"},"schema":{"@context":"https:\/\/schema.org","@graph":[{"@type":"Article","@id":"https:\/\/qtmm.org\/qt\/islam-terekte-narazilar-prosili-pomnit-kitabini-yasaq-etmek-boyunca-care-korulmesini-talap-ettiler\/#article","isPartOf":{"@id":"https:\/\/qtmm.org\/qt\/islam-terekte-narazilar-prosili-pomnit-kitabini-yasaq-etmek-boyunca-care-korulmesini-talap-ettiler\/"},"author":{"name":"Developer","@id":"https:\/\/qtmm.org\/qt\/#\/schema\/person\/de562469f971dec226ac06e60bbf74a7"},"headline":"\u0130sl\u00e2m Terekte naraz\u0131lar \u00abProsili pomnit\u00bb kitab\u0131n\u0131 yasaq etmek boyunca \u00e7are k\u00f6r\u00fclmesini talap ettiler","datePublished":"2013-08-12T13:00:00+00:00","dateModified":"2022-01-25T13:01:40+00:00","mainEntityOfPage":{"@id":"https:\/\/qtmm.org\/qt\/islam-terekte-narazilar-prosili-pomnit-kitabini-yasaq-etmek-boyunca-care-korulmesini-talap-ettiler\/"},"wordCount":1102,"commentCount":0,"publisher":{"@id":"https:\/\/qtmm.org\/qt\/#organization"},"image":{"@id":"https:\/\/qtmm.org\/qt\/islam-terekte-narazilar-prosili-pomnit-kitabini-yasaq-etmek-boyunca-care-korulmesini-talap-ettiler\/#primaryimage"},"thumbnailUrl":"http:\/\/qtmm.org\/wp-content\/uploads\/2022\/01\/imag3224.jpeg","articleSection":["Haberler"],"inLanguage":"qt","potentialAction":[{"@type":"CommentAction","name":"Comment","target":["https:\/\/qtmm.org\/qt\/islam-terekte-narazilar-prosili-pomnit-kitabini-yasaq-etmek-boyunca-care-korulmesini-talap-ettiler\/#respond"]}]},{"@type":"WebPage","@id":"https:\/\/qtmm.org\/qt\/islam-terekte-narazilar-prosili-pomnit-kitabini-yasaq-etmek-boyunca-care-korulmesini-talap-ettiler\/","url":"https:\/\/qtmm.org\/qt\/islam-terekte-narazilar-prosili-pomnit-kitabini-yasaq-etmek-boyunca-care-korulmesini-talap-ettiler\/","name":"\u0130sl\u00e2m Terekte naraz\u0131lar \u00abProsili pomnit\u00bb kitab\u0131n\u0131 yasaq etmek boyunca \u00e7are k\u00f6r\u00fclmesini talap ettiler - \u041c\u0435\u0434\u0436\u043b\u0456\u0441","isPartOf":{"@id":"https:\/\/qtmm.org\/qt\/#website"},"primaryImageOfPage":{"@id":"https:\/\/qtmm.org\/qt\/islam-terekte-narazilar-prosili-pomnit-kitabini-yasaq-etmek-boyunca-care-korulmesini-talap-ettiler\/#primaryimage"},"image":{"@id":"https:\/\/qtmm.org\/qt\/islam-terekte-narazilar-prosili-pomnit-kitabini-yasaq-etmek-boyunca-care-korulmesini-talap-ettiler\/#primaryimage"},"thumbnailUrl":"http:\/\/qtmm.org\/wp-content\/uploads\/2022\/01\/imag3224.jpeg","datePublished":"2013-08-12T13:00:00+00:00","dateModified":"2022-01-25T13:01:40+00:00","breadcrumb":{"@id":"https:\/\/qtmm.org\/qt\/islam-terekte-narazilar-prosili-pomnit-kitabini-yasaq-etmek-boyunca-care-korulmesini-talap-ettiler\/#breadcrumb"},"inLanguage":"qt","potentialAction":[{"@type":"ReadAction","target":["https:\/\/qtmm.org\/qt\/islam-terekte-narazilar-prosili-pomnit-kitabini-yasaq-etmek-boyunca-care-korulmesini-talap-ettiler\/"]}]},{"@type":"ImageObject","inLanguage":"qt","@id":"https:\/\/qtmm.org\/qt\/islam-terekte-narazilar-prosili-pomnit-kitabini-yasaq-etmek-boyunca-care-korulmesini-talap-ettiler\/#primaryimage","url":"http:\/\/qtmm.org\/wp-content\/uploads\/2022\/01\/imag3224.jpeg","contentUrl":"http:\/\/qtmm.org\/wp-content\/uploads\/2022\/01\/imag3224.jpeg"},{"@type":"BreadcrumbList","@id":"https:\/\/qtmm.org\/qt\/islam-terekte-narazilar-prosili-pomnit-kitabini-yasaq-etmek-boyunca-care-korulmesini-talap-ettiler\/#breadcrumb","itemListElement":[{"@type":"ListItem","position":1,"name":"\u0413\u043e\u043b\u043e\u0432\u043d\u0430","item":"https:\/\/qtmm.org\/qt\/"},{"@type":"ListItem","position":2,"name":"\u0130sl\u00e2m Terekte naraz\u0131lar \u00abProsili pomnit\u00bb kitab\u0131n\u0131 yasaq etmek boyunca \u00e7are k\u00f6r\u00fclmesini talap ettiler"}]},{"@type":"WebSite","@id":"https:\/\/qtmm.org\/qt\/#website","url":"https:\/\/qtmm.org\/qt\/","name":"\u041c\u0435\u0434\u0436\u043b\u0456\u0441","description":"","publisher":{"@id":"https:\/\/qtmm.org\/qt\/#organization"},"potentialAction":[{"@type":"SearchAction","target":{"@type":"EntryPoint","urlTemplate":"https:\/\/qtmm.org\/qt\/?s={search_term_string}"},"query-input":{"@type":"PropertyValueSpecification","valueRequired":true,"valueName":"search_term_string"}}],"inLanguage":"qt"},{"@type":"Organization","@id":"https:\/\/qtmm.org\/qt\/#organization","name":"\u041c\u0435\u0434\u0436\u043b\u0456\u0441","url":"https:\/\/qtmm.org\/qt\/","logo":{"@type":"ImageObject","inLanguage":"qt","@id":"https:\/\/qtmm.org\/qt\/#\/schema\/logo\/image\/","url":"https:\/\/qtmm.org\/wp-content\/uploads\/2024\/12\/ua-mejlis-logo-rgb.svg","contentUrl":"https:\/\/qtmm.org\/wp-content\/uploads\/2024\/12\/ua-mejlis-logo-rgb.svg","caption":"\u041c\u0435\u0434\u0436\u043b\u0456\u0441"},"image":{"@id":"https:\/\/qtmm.org\/qt\/#\/schema\/logo\/image\/"},"sameAs":["https:\/\/www.facebook.com\/qtmm.info\/"]},{"@type":"Person","@id":"https:\/\/qtmm.org\/qt\/#\/schema\/person\/de562469f971dec226ac06e60bbf74a7","name":"Developer","image":{"@type":"ImageObject","inLanguage":"qt","@id":"https:\/\/secure.gravatar.com\/avatar\/392b4cc8fbfeb00b39dfeeab4ee6edded39ffd48e25858637e4765810300227e?s=96&d=mm&r=g","url":"https:\/\/secure.gravatar.com\/avatar\/392b4cc8fbfeb00b39dfeeab4ee6edded39ffd48e25858637e4765810300227e?s=96&d=mm&r=g","contentUrl":"https:\/\/secure.gravatar.com\/avatar\/392b4cc8fbfeb00b39dfeeab4ee6edded39ffd48e25858637e4765810300227e?s=96&d=mm&r=g","caption":"Developer"},"url":"https:\/\/qtmm.org\/qt\/author\/Developer\/"}]}},"_links":{"self":[{"href":"https:\/\/qtmm.org\/qt\/wp-json\/wp\/v2\/posts\/38797","targetHints":{"allow":["GET"]}}],"collection":[{"href":"https:\/\/qtmm.org\/qt\/wp-json\/wp\/v2\/posts"}],"about":[{"href":"https:\/\/qtmm.org\/qt\/wp-json\/wp\/v2\/types\/post"}],"author":[{"embeddable":true,"href":"https:\/\/qtmm.org\/qt\/wp-json\/wp\/v2\/users\/1"}],"replies":[{"embeddable":true,"href":"https:\/\/qtmm.org\/qt\/wp-json\/wp\/v2\/comments?post=38797"}],"version-history":[{"count":1,"href":"https:\/\/qtmm.org\/qt\/wp-json\/wp\/v2\/posts\/38797\/revisions"}],"predecessor-version":[{"id":38810,"href":"https:\/\/qtmm.org\/qt\/wp-json\/wp\/v2\/posts\/38797\/revisions\/38810"}],"wp:attachment":[{"href":"https:\/\/qtmm.org\/qt\/wp-json\/wp\/v2\/media?parent=38797"}],"wp:term":[{"taxonomy":"category","embeddable":true,"href":"https:\/\/qtmm.org\/qt\/wp-json\/wp\/v2\/categories?post=38797"},{"taxonomy":"post_tag","embeddable":true,"href":"https:\/\/qtmm.org\/qt\/wp-json\/wp\/v2\/tags?post=38797"}],"curies":[{"name":"wp","href":"https:\/\/api.w.org\/{rel}","templated":true}]}}