




{"id":38727,"date":"2013-08-10T15:57:00","date_gmt":"2013-08-10T12:57:00","guid":{"rendered":"http:\/\/qtmm.org\/?p=38727"},"modified":"2022-01-25T15:59:53","modified_gmt":"2022-01-25T12:59:53","slug":"aqmescitte-oraza-bayram-serefine-kures-boyunca-cumhuriyet-yarislari-kecirildi","status":"publish","type":"post","link":"https:\/\/qtmm.org\/qt\/aqmescitte-oraza-bayram-serefine-kures-boyunca-cumhuriyet-yarislari-kecirildi\/","title":{"rendered":"Aqmescitte Oraza bayram \u015ferefine K\u00fcre\u015f boyunca cumhuriyet yar\u0131\u015flar\u0131 ke\u00e7irildi"},"content":{"rendered":"\n<p>2013 senesi avgust 10-da Ramazan bayram\u0131n\u0131\u00f1 so\u00f1ki k\u00fcn\u00fc Aqmescitte Oraza bayram \u015ferefine q\u0131r\u0131mtatarlarn\u0131\u00f1 milliy k\u00fcre\u015fi boyunca cumhuriyet yar\u0131\u015flar\u0131 ke\u00e7irildi. Turnirni &#8220;Alraid&#8221; birle\u015fmesi ve K\u00fcre\u015f Cumhuriyet federatsiyas\u0131 te\u015fkil\u00e2tland\u0131rd\u0131.<\/p>\n\n\n\n<p>K\u00fcre\u015f\u00e7ilerni Milliy Meclis reisini\u00f1 birinci muavini, B\u00fct\u00fcnd\u00fcnya q\u0131r\u0131mtatarlar kongressini\u00f1 prezidenti Refat \u00c7ubarov, K\u00fcre\u015f boyunca Olimpiya oyunlar\u0131 \u00e7empion\u0131 Rustem Kazakov, K\u00fcre\u015f federatsiyas\u0131n\u0131\u00f1 k\u00e2tibi Enver \u00dcseinov, &#8220;Emel&#8221; cemaat te\u015fkil\u00e2t\u0131n\u0131\u00f1 reisi M\u00fcslim Dervi\u015fev sel\u00e2mlap, yar\u0131\u015fta ye\u00f1i\u015fler tilediler.<\/p>\n\n\n\n<p>Epsi ol\u0131p yar\u0131\u015fta \u00e7e\u015fit \u00e7eki kategoriyalar\u0131nda Q\u0131r\u0131mn\u0131\u00f1 bir s\u0131ra regionlar\u0131ndan em q\u0131r\u0131mtatar, em diger millet mens\u00fcpleri ol\u011fan 70-ke yaq\u0131n k\u00fcre\u015f\u00e7i i\u015ftirak etti.<br>&#8220;Biz k\u00fcre\u015f boyunca yar\u0131\u015flarn\u0131 er y\u0131l ya Oraza, ya Qurban bayram\u0131 k\u00fcnleri ke\u00e7iremiz. Bu sefer yar\u0131\u015fn\u0131 Oraza bayram\u0131na ba\u011f\u0131\u015flad\u0131q, &#8211; dey M\u00fcslim Dervi\u015fev. \u2013 &#8220;Alraid&#8221; birle\u015fmesi K\u00fcre\u015f federatsiyas\u0131nen s\u0131q\u0131 i\u015fbirlikte bulun\u0131p, yar\u0131\u015flarn\u0131 y\u00fcksek professional seviyede ke\u00e7mesini temin eteler&#8221;.<\/p>\n\n\n\n<p>On\u0131\u00f1 bildirgenine k\u00f6re \u011falipler em medaller, fahriy yarl\u0131qlar ve em de paranen taqdirlenecekler.<\/p>\n\n\n\n<p>3 saat devam etken tutu\u015fuvlar neticesinde \u011falipler belgilendi. Olarn\u0131 ye\u00f1i\u015flerinen ve Oraza bayram\u0131nen hay\u0131rla\u011fan Milliy Meclis reisini\u00f1 birinci muavini, B\u00fct\u00fcnd\u00fcnya q\u0131r\u0131mtatarlar kongressini\u00f1 prezidenti Refat \u00c7ubarov &#8220;Alraid&#8221; birle\u015fmesi ve K\u00fcre\u015f federatsiyas\u0131na bu kibi yar\u0131\u015fn\u0131 ananege \u00e7evirgenleri i\u00e7\u00fcn te\u015fekk\u00fcr bildirdi. Bun\u0131\u00f1 kibi de Refat \u00c7ubarov \u011faliplerge medallerni taqdim etti.<\/p>\n\n\n\n<p>R. \u00c7ubarovn\u0131\u00f1 aytqan\u0131na k\u00f6re k\u00fcre\u015f boyunca turnirler ya\u015flarn\u0131 vatanperverlik ruhunda terbiyelevde, aq\u0131ll\u0131, k\u00fc\u00e7l\u00fc ve istidatl\u0131 gen\u00e7lerni yeti\u015ftir\u00fcvde b\u00fcy\u00fck siltemdir.<\/p>\n\n\n\n<p>Te\u015fkil\u00e2t\u00e7\u0131lar\u011fa ayr\u0131ca h\u0131tap etken Refat \u00c7ubarov b\u00f6yle bir tedbirde milliy bayra\u011f\u0131m\u0131z olma\u011fan\u0131n\u0131 qayd etti. &#8221; Q\u0131r\u0131mda ke\u00e7irdigimiz er bir tedbirimizde milliy bayra\u011f\u0131m\u0131z m\u0131tlaqa olmal\u0131, &#8211; dep tenbiledi \u00c7ubarov. \u00d6z nevbetinde te\u015fkil\u00e2t\u00e7\u0131lar kelecek sefer b\u00f6yle ya\u00f1l\u0131\u015fqa yol bermeyceklerini vade ettiler.<\/p>\n\n\n\n<p>Ananege k\u00f6re e\u00f1 a\u011f\u0131r \u00e7ekideki k\u00fcre\u015f\u00e7iler aras\u0131nda \u011falip \u00e7\u0131qqan 60 kilol\u0131 qoynen muk\u00e2fatland\u0131. Yar\u0131\u015ftan so\u00f1ra er kes bayram sofras\u0131na davet olund\u0131.<br><br>\u00d6sm\u00fcrler aras\u0131nda yar\u0131\u015f neticeleri<br><br>35 kg.: 2 \u2013nci yerde Ahmet Kulametov, 1 \u2013 Mustafa \u00dcmerov.<br><br>50 kg. :3-nci yerde \u2013 Mustafa Hayberdiyev, 2 \u2013nci yerde \u2013 Mustafa \u0130braimov, 1 \u2013 Emirali Osmanov.<br><br>55 kg: 3 &#8211; Rustem Miro\u015fnikov, 2 &#8211; Alim Delna, 1 \u2013 Ruslan Miro\u015fnikov.<br><br>60kg: 3 &#8211; Asan \u015eaipov, 2 \u2013 Yakub Bekirov, 1 \u2013 Ahtem Seytmemetov<br><br>70 kg: 3 \u2013 \u0130smet Alimcanov, 2 \u2013 Memet Asanov, 1 \u2013 Abdulla K\u00fcrbekov<br><br>75kg: 2- Cafer Sad\u0131kov, 1- Sabri Tohtarov<\/p>\n\n\n\n<p>85 kg: 3 \u2013 \u0130van Donenko, 2 \u2013 Marlen Azamatov, 1 \u2013 Marlen Seytumerov.<br><br><br>\u00dcyken k\u00fcre\u015f\u00e7iler aras\u0131nda \u011falipler:<br><br>62 kg: 2 \u2013 Ervin Seytcelil, 1- \u015eevket Haybullayev.<br><br>68 kg: 3 \u2013 \u0130lyas Kenjaliyev, 2 \u2013 Halil Hayberd\u0131yev, 1 -Ruslan Holodov.<br><br>75 kg: 3 \u2013Lenur Yulda\u015fev, 2 \u2013 Geray Qulametov, 1 \u2013 \u0130zzet Qad\u0131rov.<br><br>80 kg: 3 \u2013 Marlen Qurtbedinov, 2 \u2013 \u0130smail \u0130smailov, 1 \u2013 Eldar Mametov.<br><br>100 kg: 2\u2013 Rudem \u015eabadinov, 1 \u2013 Aleksey Avdeyev<br><br><br>E\u00f1 a\u011f\u0131r \u00e7eki kategoriyas\u0131nda \u011falipler:<br><br>3 \u2013 nci yerde Asan Asanov,<br><br>2 \u2013 nci yerde Aleksey Avdeyev,<br><br>1 \u2013 nci yerde \u0130limdar Saidov.<\/p>\n\n\n\n<figure class=\"wp-block-gallery columns-3 is-cropped wp-block-gallery-1 is-layout-flex wp-block-gallery-is-layout-flex\"><ul class=\"blocks-gallery-grid\"><li class=\"blocks-gallery-item\"><figure><a href=\"http:\/\/qtmm.org\/wp-content\/uploads\/2022\/01\/5207ea8a0dd2e.jpeg\"><img loading=\"lazy\" decoding=\"async\" width=\"640\" height=\"480\" src=\"http:\/\/qtmm.org\/wp-content\/uploads\/2022\/01\/5207ea8a0dd2e.jpeg\" alt=\"\" data-id=\"38728\" data-full-url=\"http:\/\/qtmm.org\/wp-content\/uploads\/2022\/01\/5207ea8a0dd2e.jpeg\" data-link=\"http:\/\/qtmm.org\/qt\/?attachment_id=38728\" class=\"wp-image-38728\" srcset=\"https:\/\/qtmm.org\/wp-content\/uploads\/2022\/01\/5207ea8a0dd2e.jpeg 640w, https:\/\/qtmm.org\/wp-content\/uploads\/2022\/01\/5207ea8a0dd2e-300x225.jpeg 300w\" sizes=\"auto, (max-width: 640px) 100vw, 640px\" \/><\/a><\/figure><\/li><li class=\"blocks-gallery-item\"><figure><a href=\"http:\/\/qtmm.org\/wp-content\/uploads\/2022\/01\/5207ea8a1ef78.jpeg\"><img loading=\"lazy\" decoding=\"async\" width=\"640\" height=\"480\" src=\"http:\/\/qtmm.org\/wp-content\/uploads\/2022\/01\/5207ea8a1ef78.jpeg\" alt=\"\" data-id=\"38732\" data-full-url=\"http:\/\/qtmm.org\/wp-content\/uploads\/2022\/01\/5207ea8a1ef78.jpeg\" data-link=\"http:\/\/qtmm.org\/qt\/?attachment_id=38732\" class=\"wp-image-38732\" srcset=\"https:\/\/qtmm.org\/wp-content\/uploads\/2022\/01\/5207ea8a1ef78.jpeg 640w, https:\/\/qtmm.org\/wp-content\/uploads\/2022\/01\/5207ea8a1ef78-300x225.jpeg 300w\" sizes=\"auto, (max-width: 640px) 100vw, 640px\" \/><\/a><\/figure><\/li><li class=\"blocks-gallery-item\"><figure><a href=\"http:\/\/qtmm.org\/wp-content\/uploads\/2022\/01\/5207ea8a4f010.jpeg\"><img loading=\"lazy\" decoding=\"async\" width=\"640\" height=\"480\" src=\"http:\/\/qtmm.org\/wp-content\/uploads\/2022\/01\/5207ea8a4f010.jpeg\" alt=\"\" data-id=\"38736\" data-full-url=\"http:\/\/qtmm.org\/wp-content\/uploads\/2022\/01\/5207ea8a4f010.jpeg\" data-link=\"http:\/\/qtmm.org\/qt\/?attachment_id=38736\" class=\"wp-image-38736\" srcset=\"https:\/\/qtmm.org\/wp-content\/uploads\/2022\/01\/5207ea8a4f010.jpeg 640w, https:\/\/qtmm.org\/wp-content\/uploads\/2022\/01\/5207ea8a4f010-300x225.jpeg 300w\" sizes=\"auto, (max-width: 640px) 100vw, 640px\" \/><\/a><\/figure><\/li><li class=\"blocks-gallery-item\"><figure><a href=\"http:\/\/qtmm.org\/wp-content\/uploads\/2022\/01\/5207ea8a7e793.jpeg\"><img loading=\"lazy\" decoding=\"async\" width=\"640\" height=\"480\" src=\"http:\/\/qtmm.org\/wp-content\/uploads\/2022\/01\/5207ea8a7e793.jpeg\" alt=\"\" data-id=\"38740\" data-full-url=\"http:\/\/qtmm.org\/wp-content\/uploads\/2022\/01\/5207ea8a7e793.jpeg\" data-link=\"http:\/\/qtmm.org\/qt\/?attachment_id=38740\" class=\"wp-image-38740\" srcset=\"https:\/\/qtmm.org\/wp-content\/uploads\/2022\/01\/5207ea8a7e793.jpeg 640w, https:\/\/qtmm.org\/wp-content\/uploads\/2022\/01\/5207ea8a7e793-300x225.jpeg 300w\" sizes=\"auto, (max-width: 640px) 100vw, 640px\" \/><\/a><\/figure><\/li><li class=\"blocks-gallery-item\"><figure><a href=\"http:\/\/qtmm.org\/wp-content\/uploads\/2022\/01\/5207ea8a66e9e.jpeg\"><img loading=\"lazy\" decoding=\"async\" width=\"640\" height=\"480\" src=\"http:\/\/qtmm.org\/wp-content\/uploads\/2022\/01\/5207ea8a66e9e.jpeg\" alt=\"\" data-id=\"38744\" data-full-url=\"http:\/\/qtmm.org\/wp-content\/uploads\/2022\/01\/5207ea8a66e9e.jpeg\" data-link=\"http:\/\/qtmm.org\/qt\/?attachment_id=38744\" class=\"wp-image-38744\" srcset=\"https:\/\/qtmm.org\/wp-content\/uploads\/2022\/01\/5207ea8a66e9e.jpeg 640w, https:\/\/qtmm.org\/wp-content\/uploads\/2022\/01\/5207ea8a66e9e-300x225.jpeg 300w\" sizes=\"auto, (max-width: 640px) 100vw, 640px\" \/><\/a><\/figure><\/li><li class=\"blocks-gallery-item\"><figure><a href=\"http:\/\/qtmm.org\/wp-content\/uploads\/2022\/01\/5207ea8a95f90.jpeg\"><img loading=\"lazy\" decoding=\"async\" width=\"640\" height=\"480\" src=\"http:\/\/qtmm.org\/wp-content\/uploads\/2022\/01\/5207ea8a95f90.jpeg\" alt=\"\" data-id=\"38748\" data-full-url=\"http:\/\/qtmm.org\/wp-content\/uploads\/2022\/01\/5207ea8a95f90.jpeg\" data-link=\"http:\/\/qtmm.org\/qt\/?attachment_id=38748\" class=\"wp-image-38748\" srcset=\"https:\/\/qtmm.org\/wp-content\/uploads\/2022\/01\/5207ea8a95f90.jpeg 640w, https:\/\/qtmm.org\/wp-content\/uploads\/2022\/01\/5207ea8a95f90-300x225.jpeg 300w\" sizes=\"auto, (max-width: 640px) 100vw, 640px\" \/><\/a><\/figure><\/li><li class=\"blocks-gallery-item\"><figure><a href=\"http:\/\/qtmm.org\/wp-content\/uploads\/2022\/01\/5207ea8a371c0.jpeg\"><img loading=\"lazy\" decoding=\"async\" width=\"640\" height=\"480\" src=\"http:\/\/qtmm.org\/wp-content\/uploads\/2022\/01\/5207ea8a371c0.jpeg\" alt=\"\" data-id=\"38752\" data-full-url=\"http:\/\/qtmm.org\/wp-content\/uploads\/2022\/01\/5207ea8a371c0.jpeg\" data-link=\"http:\/\/qtmm.org\/qt\/?attachment_id=38752\" class=\"wp-image-38752\" srcset=\"https:\/\/qtmm.org\/wp-content\/uploads\/2022\/01\/5207ea8a371c0.jpeg 640w, https:\/\/qtmm.org\/wp-content\/uploads\/2022\/01\/5207ea8a371c0-300x225.jpeg 300w\" sizes=\"auto, (max-width: 640px) 100vw, 640px\" \/><\/a><\/figure><\/li><li class=\"blocks-gallery-item\"><figure><a href=\"http:\/\/qtmm.org\/wp-content\/uploads\/2022\/01\/5207ea8aadef2.jpeg\"><img loading=\"lazy\" decoding=\"async\" width=\"640\" height=\"480\" src=\"http:\/\/qtmm.org\/wp-content\/uploads\/2022\/01\/5207ea8aadef2.jpeg\" alt=\"\" data-id=\"38756\" data-full-url=\"http:\/\/qtmm.org\/wp-content\/uploads\/2022\/01\/5207ea8aadef2.jpeg\" data-link=\"http:\/\/qtmm.org\/qt\/?attachment_id=38756\" class=\"wp-image-38756\" srcset=\"https:\/\/qtmm.org\/wp-content\/uploads\/2022\/01\/5207ea8aadef2.jpeg 640w, https:\/\/qtmm.org\/wp-content\/uploads\/2022\/01\/5207ea8aadef2-300x225.jpeg 300w\" sizes=\"auto, (max-width: 640px) 100vw, 640px\" \/><\/a><\/figure><\/li><li class=\"blocks-gallery-item\"><figure><a href=\"http:\/\/qtmm.org\/wp-content\/uploads\/2022\/01\/5207ea8ac538b.jpeg\"><img loading=\"lazy\" decoding=\"async\" width=\"640\" height=\"480\" src=\"http:\/\/qtmm.org\/wp-content\/uploads\/2022\/01\/5207ea8ac538b.jpeg\" alt=\"\" data-id=\"38760\" data-full-url=\"http:\/\/qtmm.org\/wp-content\/uploads\/2022\/01\/5207ea8ac538b.jpeg\" data-link=\"http:\/\/qtmm.org\/qt\/?attachment_id=38760\" class=\"wp-image-38760\" srcset=\"https:\/\/qtmm.org\/wp-content\/uploads\/2022\/01\/5207ea8ac538b.jpeg 640w, https:\/\/qtmm.org\/wp-content\/uploads\/2022\/01\/5207ea8ac538b-300x225.jpeg 300w\" sizes=\"auto, (max-width: 640px) 100vw, 640px\" \/><\/a><\/figure><\/li><li class=\"blocks-gallery-item\"><figure><a href=\"http:\/\/qtmm.org\/wp-content\/uploads\/2022\/01\/5207ea8adc780.jpeg\"><img loading=\"lazy\" decoding=\"async\" width=\"640\" height=\"480\" src=\"http:\/\/qtmm.org\/wp-content\/uploads\/2022\/01\/5207ea8adc780.jpeg\" alt=\"\" data-id=\"38764\" data-full-url=\"http:\/\/qtmm.org\/wp-content\/uploads\/2022\/01\/5207ea8adc780.jpeg\" data-link=\"http:\/\/qtmm.org\/qt\/?attachment_id=38764\" class=\"wp-image-38764\" srcset=\"https:\/\/qtmm.org\/wp-content\/uploads\/2022\/01\/5207ea8adc780.jpeg 640w, https:\/\/qtmm.org\/wp-content\/uploads\/2022\/01\/5207ea8adc780-300x225.jpeg 300w\" sizes=\"auto, (max-width: 640px) 100vw, 640px\" \/><\/a><\/figure><\/li><li class=\"blocks-gallery-item\"><figure><a href=\"http:\/\/qtmm.org\/wp-content\/uploads\/2022\/01\/5207ea8b00c1e.jpeg\"><img loading=\"lazy\" decoding=\"async\" width=\"640\" height=\"480\" src=\"http:\/\/qtmm.org\/wp-content\/uploads\/2022\/01\/5207ea8b00c1e.jpeg\" alt=\"\" data-id=\"38768\" data-full-url=\"http:\/\/qtmm.org\/wp-content\/uploads\/2022\/01\/5207ea8b00c1e.jpeg\" data-link=\"http:\/\/qtmm.org\/qt\/?attachment_id=38768\" class=\"wp-image-38768\" srcset=\"https:\/\/qtmm.org\/wp-content\/uploads\/2022\/01\/5207ea8b00c1e.jpeg 640w, https:\/\/qtmm.org\/wp-content\/uploads\/2022\/01\/5207ea8b00c1e-300x225.jpeg 300w\" sizes=\"auto, (max-width: 640px) 100vw, 640px\" \/><\/a><\/figure><\/li><li class=\"blocks-gallery-item\"><figure><a href=\"http:\/\/qtmm.org\/wp-content\/uploads\/2022\/01\/5207ea8b2f737.jpeg\"><img loading=\"lazy\" decoding=\"async\" width=\"640\" height=\"480\" src=\"http:\/\/qtmm.org\/wp-content\/uploads\/2022\/01\/5207ea8b2f737.jpeg\" alt=\"\" data-id=\"38772\" data-full-url=\"http:\/\/qtmm.org\/wp-content\/uploads\/2022\/01\/5207ea8b2f737.jpeg\" data-link=\"http:\/\/qtmm.org\/qt\/?attachment_id=38772\" class=\"wp-image-38772\" srcset=\"https:\/\/qtmm.org\/wp-content\/uploads\/2022\/01\/5207ea8b2f737.jpeg 640w, https:\/\/qtmm.org\/wp-content\/uploads\/2022\/01\/5207ea8b2f737-300x225.jpeg 300w\" sizes=\"auto, (max-width: 640px) 100vw, 640px\" \/><\/a><\/figure><\/li><li class=\"blocks-gallery-item\"><figure><a href=\"http:\/\/qtmm.org\/wp-content\/uploads\/2022\/01\/5207ea8b17d45.jpeg\"><img loading=\"lazy\" decoding=\"async\" width=\"640\" height=\"480\" src=\"http:\/\/qtmm.org\/wp-content\/uploads\/2022\/01\/5207ea8b17d45.jpeg\" alt=\"\" data-id=\"38776\" data-full-url=\"http:\/\/qtmm.org\/wp-content\/uploads\/2022\/01\/5207ea8b17d45.jpeg\" data-link=\"http:\/\/qtmm.org\/qt\/?attachment_id=38776\" class=\"wp-image-38776\" srcset=\"https:\/\/qtmm.org\/wp-content\/uploads\/2022\/01\/5207ea8b17d45.jpeg 640w, https:\/\/qtmm.org\/wp-content\/uploads\/2022\/01\/5207ea8b17d45-300x225.jpeg 300w\" sizes=\"auto, (max-width: 640px) 100vw, 640px\" \/><\/a><\/figure><\/li><li class=\"blocks-gallery-item\"><figure><a href=\"http:\/\/qtmm.org\/wp-content\/uploads\/2022\/01\/5207ea8b47cb9.jpeg\"><img loading=\"lazy\" decoding=\"async\" width=\"640\" height=\"480\" src=\"http:\/\/qtmm.org\/wp-content\/uploads\/2022\/01\/5207ea8b47cb9.jpeg\" alt=\"\" data-id=\"38780\" data-full-url=\"http:\/\/qtmm.org\/wp-content\/uploads\/2022\/01\/5207ea8b47cb9.jpeg\" data-link=\"http:\/\/qtmm.org\/qt\/?attachment_id=38780\" class=\"wp-image-38780\" srcset=\"https:\/\/qtmm.org\/wp-content\/uploads\/2022\/01\/5207ea8b47cb9.jpeg 640w, https:\/\/qtmm.org\/wp-content\/uploads\/2022\/01\/5207ea8b47cb9-300x225.jpeg 300w\" sizes=\"auto, (max-width: 640px) 100vw, 640px\" \/><\/a><\/figure><\/li><li class=\"blocks-gallery-item\"><figure><a href=\"http:\/\/qtmm.org\/wp-content\/uploads\/2022\/01\/5207ea89c89d0.jpeg\"><img loading=\"lazy\" decoding=\"async\" width=\"640\" height=\"480\" src=\"http:\/\/qtmm.org\/wp-content\/uploads\/2022\/01\/5207ea89c89d0.jpeg\" alt=\"\" data-id=\"38784\" data-full-url=\"http:\/\/qtmm.org\/wp-content\/uploads\/2022\/01\/5207ea89c89d0.jpeg\" data-link=\"http:\/\/qtmm.org\/qt\/?attachment_id=38784\" class=\"wp-image-38784\" srcset=\"https:\/\/qtmm.org\/wp-content\/uploads\/2022\/01\/5207ea89c89d0.jpeg 640w, https:\/\/qtmm.org\/wp-content\/uploads\/2022\/01\/5207ea89c89d0-300x225.jpeg 300w\" sizes=\"auto, (max-width: 640px) 100vw, 640px\" \/><\/a><\/figure><\/li><li class=\"blocks-gallery-item\"><figure><a href=\"http:\/\/qtmm.org\/wp-content\/uploads\/2022\/01\/5207ea89e079c.jpeg\"><img loading=\"lazy\" decoding=\"async\" width=\"640\" height=\"480\" src=\"http:\/\/qtmm.org\/wp-content\/uploads\/2022\/01\/5207ea89e079c.jpeg\" alt=\"\" data-id=\"38788\" data-full-url=\"http:\/\/qtmm.org\/wp-content\/uploads\/2022\/01\/5207ea89e079c.jpeg\" data-link=\"http:\/\/qtmm.org\/qt\/?attachment_id=38788\" class=\"wp-image-38788\" srcset=\"https:\/\/qtmm.org\/wp-content\/uploads\/2022\/01\/5207ea89e079c.jpeg 640w, https:\/\/qtmm.org\/wp-content\/uploads\/2022\/01\/5207ea89e079c-300x225.jpeg 300w\" sizes=\"auto, (max-width: 640px) 100vw, 640px\" \/><\/a><\/figure><\/li><li class=\"blocks-gallery-item\"><figure><a href=\"http:\/\/qtmm.org\/wp-content\/uploads\/2022\/01\/5207ea89f1750.jpeg\"><img loading=\"lazy\" decoding=\"async\" width=\"640\" height=\"480\" src=\"http:\/\/qtmm.org\/wp-content\/uploads\/2022\/01\/5207ea89f1750.jpeg\" alt=\"\" data-id=\"38792\" data-full-url=\"http:\/\/qtmm.org\/wp-content\/uploads\/2022\/01\/5207ea89f1750.jpeg\" data-link=\"http:\/\/qtmm.org\/qt\/?attachment_id=38792\" class=\"wp-image-38792\" srcset=\"https:\/\/qtmm.org\/wp-content\/uploads\/2022\/01\/5207ea89f1750.jpeg 640w, https:\/\/qtmm.org\/wp-content\/uploads\/2022\/01\/5207ea89f1750-300x225.jpeg 300w\" sizes=\"auto, (max-width: 640px) 100vw, 640px\" \/><\/a><\/figure><\/li><\/ul><\/figure>\n","protected":false},"excerpt":{"rendered":"<p>2013 senesi avgust 10-da Ramazan bayram\u0131n\u0131\u00f1 so\u00f1ki k\u00fcn\u00fc Aqmescitte Oraza bayram \u015ferefine q\u0131r\u0131mtatarlarn\u0131\u00f1 milliy k\u00fcre\u015fi boyunca cumhuriyet yar\u0131\u015flar\u0131 ke\u00e7irildi. Turnirni &#8220;Alraid&#8221; birle\u015fmesi ve K\u00fcre\u015f Cumhuriyet federatsiyas\u0131 te\u015fkil\u00e2tland\u0131rd\u0131. K\u00fcre\u015f\u00e7ilerni Milliy Meclis reisini\u00f1 birinci muavini, B\u00fct\u00fcnd\u00fcnya q\u0131r\u0131mtatarlar kongressini\u00f1 prezidenti Refat \u00c7ubarov, K\u00fcre\u015f boyunca Olimpiya oyunlar\u0131 \u00e7empion\u0131 Rustem Kazakov, K\u00fcre\u015f federatsiyas\u0131n\u0131\u00f1 k\u00e2tibi Enver \u00dcseinov, &#8220;Emel&#8221; cemaat te\u015fkil\u00e2t\u0131n\u0131\u00f1 reisi [&hellip;]<\/p>\n","protected":false},"author":1,"featured_media":38780,"comment_status":"open","ping_status":"open","sticky":false,"template":"","format":"standard","meta":{"inline_featured_image":false,"footnotes":""},"categories":[265],"tags":[],"class_list":["post-38727","post","type-post","status-publish","format-standard","has-post-thumbnail","hentry","category-haberler"],"acf":[],"yoast_head":"<!-- This site is optimized with the Yoast SEO plugin v27.4 - https:\/\/yoast.com\/product\/yoast-seo-wordpress\/ -->\n<title>Aqmescitte Oraza bayram \u015ferefine K\u00fcre\u015f boyunca cumhuriyet yar\u0131\u015flar\u0131 ke\u00e7irildi - \u041c\u0435\u0434\u0436\u043b\u0456\u0441<\/title>\n<meta name=\"robots\" content=\"index, follow, max-snippet:-1, max-image-preview:large, max-video-preview:-1\" \/>\n<link rel=\"canonical\" href=\"https:\/\/qtmm.org\/qt\/aqmescitte-oraza-bayram-serefine-kures-boyunca-cumhuriyet-yarislari-kecirildi\/\" \/>\n<meta property=\"og:locale\" content=\"en_US\" \/>\n<meta property=\"og:type\" content=\"article\" \/>\n<meta property=\"og:title\" content=\"Aqmescitte Oraza bayram \u015ferefine K\u00fcre\u015f boyunca cumhuriyet yar\u0131\u015flar\u0131 ke\u00e7irildi - \u041c\u0435\u0434\u0436\u043b\u0456\u0441\" \/>\n<meta property=\"og:description\" content=\"2013 senesi avgust 10-da Ramazan bayram\u0131n\u0131\u00f1 so\u00f1ki k\u00fcn\u00fc Aqmescitte Oraza bayram \u015ferefine q\u0131r\u0131mtatarlarn\u0131\u00f1 milliy k\u00fcre\u015fi boyunca cumhuriyet yar\u0131\u015flar\u0131 ke\u00e7irildi. Turnirni &#8220;Alraid&#8221; birle\u015fmesi ve K\u00fcre\u015f Cumhuriyet federatsiyas\u0131 te\u015fkil\u00e2tland\u0131rd\u0131. K\u00fcre\u015f\u00e7ilerni Milliy Meclis reisini\u00f1 birinci muavini, B\u00fct\u00fcnd\u00fcnya q\u0131r\u0131mtatarlar kongressini\u00f1 prezidenti Refat \u00c7ubarov, K\u00fcre\u015f boyunca Olimpiya oyunlar\u0131 \u00e7empion\u0131 Rustem Kazakov, K\u00fcre\u015f federatsiyas\u0131n\u0131\u00f1 k\u00e2tibi Enver \u00dcseinov, &#8220;Emel&#8221; cemaat te\u015fkil\u00e2t\u0131n\u0131\u00f1 reisi [&hellip;]\" \/>\n<meta property=\"og:url\" content=\"https:\/\/qtmm.org\/qt\/aqmescitte-oraza-bayram-serefine-kures-boyunca-cumhuriyet-yarislari-kecirildi\/\" \/>\n<meta property=\"og:site_name\" content=\"\u041c\u0435\u0434\u0436\u043b\u0456\u0441\" \/>\n<meta property=\"article:publisher\" content=\"https:\/\/www.facebook.com\/qtmm.info\/\" \/>\n<meta property=\"article:published_time\" content=\"2013-08-10T12:57:00+00:00\" \/>\n<meta property=\"article:modified_time\" content=\"2022-01-25T12:59:53+00:00\" \/>\n<meta property=\"og:image\" content=\"https:\/\/qtmm.org\/wp-content\/uploads\/2022\/01\/5207ea8b47cb9.jpeg\" \/>\n\t<meta property=\"og:image:width\" content=\"640\" \/>\n\t<meta property=\"og:image:height\" content=\"480\" \/>\n\t<meta property=\"og:image:type\" content=\"image\/jpeg\" \/>\n<meta name=\"author\" content=\"Developer\" \/>\n<meta name=\"twitter:card\" content=\"summary_large_image\" \/>\n<meta name=\"twitter:label1\" content=\"Written by\" \/>\n\t<meta name=\"twitter:data1\" content=\"Developer\" \/>\n\t<meta name=\"twitter:label2\" content=\"Est. reading time\" \/>\n\t<meta name=\"twitter:data2\" content=\"3 minutes\" \/>\n<script type=\"application\/ld+json\" class=\"yoast-schema-graph\">{\"@context\":\"https:\\\/\\\/schema.org\",\"@graph\":[{\"@type\":\"Article\",\"@id\":\"https:\\\/\\\/qtmm.org\\\/qt\\\/aqmescitte-oraza-bayram-serefine-kures-boyunca-cumhuriyet-yarislari-kecirildi\\\/#article\",\"isPartOf\":{\"@id\":\"https:\\\/\\\/qtmm.org\\\/qt\\\/aqmescitte-oraza-bayram-serefine-kures-boyunca-cumhuriyet-yarislari-kecirildi\\\/\"},\"author\":{\"name\":\"Developer\",\"@id\":\"https:\\\/\\\/qtmm.org\\\/qt\\\/#\\\/schema\\\/person\\\/de562469f971dec226ac06e60bbf74a7\"},\"headline\":\"Aqmescitte Oraza bayram \u015ferefine K\u00fcre\u015f boyunca cumhuriyet yar\u0131\u015flar\u0131 ke\u00e7irildi\",\"datePublished\":\"2013-08-10T12:57:00+00:00\",\"dateModified\":\"2022-01-25T12:59:53+00:00\",\"mainEntityOfPage\":{\"@id\":\"https:\\\/\\\/qtmm.org\\\/qt\\\/aqmescitte-oraza-bayram-serefine-kures-boyunca-cumhuriyet-yarislari-kecirildi\\\/\"},\"wordCount\":527,\"commentCount\":0,\"publisher\":{\"@id\":\"https:\\\/\\\/qtmm.org\\\/qt\\\/#organization\"},\"image\":{\"@id\":\"https:\\\/\\\/qtmm.org\\\/qt\\\/aqmescitte-oraza-bayram-serefine-kures-boyunca-cumhuriyet-yarislari-kecirildi\\\/#primaryimage\"},\"thumbnailUrl\":\"https:\\\/\\\/qtmm.org\\\/wp-content\\\/uploads\\\/2022\\\/01\\\/5207ea8b47cb9.jpeg\",\"articleSection\":[\"Haberler\"],\"inLanguage\":\"qt\",\"potentialAction\":[{\"@type\":\"CommentAction\",\"name\":\"Comment\",\"target\":[\"https:\\\/\\\/qtmm.org\\\/qt\\\/aqmescitte-oraza-bayram-serefine-kures-boyunca-cumhuriyet-yarislari-kecirildi\\\/#respond\"]}]},{\"@type\":\"WebPage\",\"@id\":\"https:\\\/\\\/qtmm.org\\\/qt\\\/aqmescitte-oraza-bayram-serefine-kures-boyunca-cumhuriyet-yarislari-kecirildi\\\/\",\"url\":\"https:\\\/\\\/qtmm.org\\\/qt\\\/aqmescitte-oraza-bayram-serefine-kures-boyunca-cumhuriyet-yarislari-kecirildi\\\/\",\"name\":\"Aqmescitte Oraza bayram \u015ferefine K\u00fcre\u015f boyunca cumhuriyet yar\u0131\u015flar\u0131 ke\u00e7irildi - \u041c\u0435\u0434\u0436\u043b\u0456\u0441\",\"isPartOf\":{\"@id\":\"https:\\\/\\\/qtmm.org\\\/qt\\\/#website\"},\"primaryImageOfPage\":{\"@id\":\"https:\\\/\\\/qtmm.org\\\/qt\\\/aqmescitte-oraza-bayram-serefine-kures-boyunca-cumhuriyet-yarislari-kecirildi\\\/#primaryimage\"},\"image\":{\"@id\":\"https:\\\/\\\/qtmm.org\\\/qt\\\/aqmescitte-oraza-bayram-serefine-kures-boyunca-cumhuriyet-yarislari-kecirildi\\\/#primaryimage\"},\"thumbnailUrl\":\"https:\\\/\\\/qtmm.org\\\/wp-content\\\/uploads\\\/2022\\\/01\\\/5207ea8b47cb9.jpeg\",\"datePublished\":\"2013-08-10T12:57:00+00:00\",\"dateModified\":\"2022-01-25T12:59:53+00:00\",\"breadcrumb\":{\"@id\":\"https:\\\/\\\/qtmm.org\\\/qt\\\/aqmescitte-oraza-bayram-serefine-kures-boyunca-cumhuriyet-yarislari-kecirildi\\\/#breadcrumb\"},\"inLanguage\":\"qt\",\"potentialAction\":[{\"@type\":\"ReadAction\",\"target\":[\"https:\\\/\\\/qtmm.org\\\/qt\\\/aqmescitte-oraza-bayram-serefine-kures-boyunca-cumhuriyet-yarislari-kecirildi\\\/\"]}]},{\"@type\":\"ImageObject\",\"inLanguage\":\"qt\",\"@id\":\"https:\\\/\\\/qtmm.org\\\/qt\\\/aqmescitte-oraza-bayram-serefine-kures-boyunca-cumhuriyet-yarislari-kecirildi\\\/#primaryimage\",\"url\":\"https:\\\/\\\/qtmm.org\\\/wp-content\\\/uploads\\\/2022\\\/01\\\/5207ea8b47cb9.jpeg\",\"contentUrl\":\"https:\\\/\\\/qtmm.org\\\/wp-content\\\/uploads\\\/2022\\\/01\\\/5207ea8b47cb9.jpeg\",\"width\":640,\"height\":480},{\"@type\":\"BreadcrumbList\",\"@id\":\"https:\\\/\\\/qtmm.org\\\/qt\\\/aqmescitte-oraza-bayram-serefine-kures-boyunca-cumhuriyet-yarislari-kecirildi\\\/#breadcrumb\",\"itemListElement\":[{\"@type\":\"ListItem\",\"position\":1,\"name\":\"\u0413\u043e\u043b\u043e\u0432\u043d\u0430\",\"item\":\"https:\\\/\\\/qtmm.org\\\/qt\\\/\"},{\"@type\":\"ListItem\",\"position\":2,\"name\":\"Aqmescitte Oraza bayram \u015ferefine K\u00fcre\u015f boyunca cumhuriyet yar\u0131\u015flar\u0131 ke\u00e7irildi\"}]},{\"@type\":\"WebSite\",\"@id\":\"https:\\\/\\\/qtmm.org\\\/qt\\\/#website\",\"url\":\"https:\\\/\\\/qtmm.org\\\/qt\\\/\",\"name\":\"\u041c\u0435\u0434\u0436\u043b\u0456\u0441\",\"description\":\"\",\"publisher\":{\"@id\":\"https:\\\/\\\/qtmm.org\\\/qt\\\/#organization\"},\"potentialAction\":[{\"@type\":\"SearchAction\",\"target\":{\"@type\":\"EntryPoint\",\"urlTemplate\":\"https:\\\/\\\/qtmm.org\\\/qt\\\/?s={search_term_string}\"},\"query-input\":{\"@type\":\"PropertyValueSpecification\",\"valueRequired\":true,\"valueName\":\"search_term_string\"}}],\"inLanguage\":\"qt\"},{\"@type\":\"Organization\",\"@id\":\"https:\\\/\\\/qtmm.org\\\/qt\\\/#organization\",\"name\":\"\u041c\u0435\u0434\u0436\u043b\u0456\u0441\",\"url\":\"https:\\\/\\\/qtmm.org\\\/qt\\\/\",\"logo\":{\"@type\":\"ImageObject\",\"inLanguage\":\"qt\",\"@id\":\"https:\\\/\\\/qtmm.org\\\/qt\\\/#\\\/schema\\\/logo\\\/image\\\/\",\"url\":\"https:\\\/\\\/qtmm.org\\\/wp-content\\\/uploads\\\/2024\\\/12\\\/ua-mejlis-logo-rgb.svg\",\"contentUrl\":\"https:\\\/\\\/qtmm.org\\\/wp-content\\\/uploads\\\/2024\\\/12\\\/ua-mejlis-logo-rgb.svg\",\"caption\":\"\u041c\u0435\u0434\u0436\u043b\u0456\u0441\"},\"image\":{\"@id\":\"https:\\\/\\\/qtmm.org\\\/qt\\\/#\\\/schema\\\/logo\\\/image\\\/\"},\"sameAs\":[\"https:\\\/\\\/www.facebook.com\\\/qtmm.info\\\/\"]},{\"@type\":\"Person\",\"@id\":\"https:\\\/\\\/qtmm.org\\\/qt\\\/#\\\/schema\\\/person\\\/de562469f971dec226ac06e60bbf74a7\",\"name\":\"Developer\",\"image\":{\"@type\":\"ImageObject\",\"inLanguage\":\"qt\",\"@id\":\"https:\\\/\\\/secure.gravatar.com\\\/avatar\\\/392b4cc8fbfeb00b39dfeeab4ee6edded39ffd48e25858637e4765810300227e?s=96&d=mm&r=g\",\"url\":\"https:\\\/\\\/secure.gravatar.com\\\/avatar\\\/392b4cc8fbfeb00b39dfeeab4ee6edded39ffd48e25858637e4765810300227e?s=96&d=mm&r=g\",\"contentUrl\":\"https:\\\/\\\/secure.gravatar.com\\\/avatar\\\/392b4cc8fbfeb00b39dfeeab4ee6edded39ffd48e25858637e4765810300227e?s=96&d=mm&r=g\",\"caption\":\"Developer\"},\"url\":\"https:\\\/\\\/qtmm.org\\\/qt\\\/author\\\/Developer\\\/\"}]}<\/script>\n<!-- \/ Yoast SEO plugin. -->","yoast_head_json":{"title":"Aqmescitte Oraza bayram \u015ferefine K\u00fcre\u015f boyunca cumhuriyet yar\u0131\u015flar\u0131 ke\u00e7irildi - \u041c\u0435\u0434\u0436\u043b\u0456\u0441","robots":{"index":"index","follow":"follow","max-snippet":"max-snippet:-1","max-image-preview":"max-image-preview:large","max-video-preview":"max-video-preview:-1"},"canonical":"https:\/\/qtmm.org\/qt\/aqmescitte-oraza-bayram-serefine-kures-boyunca-cumhuriyet-yarislari-kecirildi\/","og_locale":"en_US","og_type":"article","og_title":"Aqmescitte Oraza bayram \u015ferefine K\u00fcre\u015f boyunca cumhuriyet yar\u0131\u015flar\u0131 ke\u00e7irildi - \u041c\u0435\u0434\u0436\u043b\u0456\u0441","og_description":"2013 senesi avgust 10-da Ramazan bayram\u0131n\u0131\u00f1 so\u00f1ki k\u00fcn\u00fc Aqmescitte Oraza bayram \u015ferefine q\u0131r\u0131mtatarlarn\u0131\u00f1 milliy k\u00fcre\u015fi boyunca cumhuriyet yar\u0131\u015flar\u0131 ke\u00e7irildi. Turnirni &#8220;Alraid&#8221; birle\u015fmesi ve K\u00fcre\u015f Cumhuriyet federatsiyas\u0131 te\u015fkil\u00e2tland\u0131rd\u0131. K\u00fcre\u015f\u00e7ilerni Milliy Meclis reisini\u00f1 birinci muavini, B\u00fct\u00fcnd\u00fcnya q\u0131r\u0131mtatarlar kongressini\u00f1 prezidenti Refat \u00c7ubarov, K\u00fcre\u015f boyunca Olimpiya oyunlar\u0131 \u00e7empion\u0131 Rustem Kazakov, K\u00fcre\u015f federatsiyas\u0131n\u0131\u00f1 k\u00e2tibi Enver \u00dcseinov, &#8220;Emel&#8221; cemaat te\u015fkil\u00e2t\u0131n\u0131\u00f1 reisi [&hellip;]","og_url":"https:\/\/qtmm.org\/qt\/aqmescitte-oraza-bayram-serefine-kures-boyunca-cumhuriyet-yarislari-kecirildi\/","og_site_name":"\u041c\u0435\u0434\u0436\u043b\u0456\u0441","article_publisher":"https:\/\/www.facebook.com\/qtmm.info\/","article_published_time":"2013-08-10T12:57:00+00:00","article_modified_time":"2022-01-25T12:59:53+00:00","og_image":[{"width":640,"height":480,"url":"https:\/\/qtmm.org\/wp-content\/uploads\/2022\/01\/5207ea8b47cb9.jpeg","type":"image\/jpeg"}],"author":"Developer","twitter_card":"summary_large_image","twitter_misc":{"Written by":"Developer","Est. reading time":"3 minutes"},"schema":{"@context":"https:\/\/schema.org","@graph":[{"@type":"Article","@id":"https:\/\/qtmm.org\/qt\/aqmescitte-oraza-bayram-serefine-kures-boyunca-cumhuriyet-yarislari-kecirildi\/#article","isPartOf":{"@id":"https:\/\/qtmm.org\/qt\/aqmescitte-oraza-bayram-serefine-kures-boyunca-cumhuriyet-yarislari-kecirildi\/"},"author":{"name":"Developer","@id":"https:\/\/qtmm.org\/qt\/#\/schema\/person\/de562469f971dec226ac06e60bbf74a7"},"headline":"Aqmescitte Oraza bayram \u015ferefine K\u00fcre\u015f boyunca cumhuriyet yar\u0131\u015flar\u0131 ke\u00e7irildi","datePublished":"2013-08-10T12:57:00+00:00","dateModified":"2022-01-25T12:59:53+00:00","mainEntityOfPage":{"@id":"https:\/\/qtmm.org\/qt\/aqmescitte-oraza-bayram-serefine-kures-boyunca-cumhuriyet-yarislari-kecirildi\/"},"wordCount":527,"commentCount":0,"publisher":{"@id":"https:\/\/qtmm.org\/qt\/#organization"},"image":{"@id":"https:\/\/qtmm.org\/qt\/aqmescitte-oraza-bayram-serefine-kures-boyunca-cumhuriyet-yarislari-kecirildi\/#primaryimage"},"thumbnailUrl":"https:\/\/qtmm.org\/wp-content\/uploads\/2022\/01\/5207ea8b47cb9.jpeg","articleSection":["Haberler"],"inLanguage":"qt","potentialAction":[{"@type":"CommentAction","name":"Comment","target":["https:\/\/qtmm.org\/qt\/aqmescitte-oraza-bayram-serefine-kures-boyunca-cumhuriyet-yarislari-kecirildi\/#respond"]}]},{"@type":"WebPage","@id":"https:\/\/qtmm.org\/qt\/aqmescitte-oraza-bayram-serefine-kures-boyunca-cumhuriyet-yarislari-kecirildi\/","url":"https:\/\/qtmm.org\/qt\/aqmescitte-oraza-bayram-serefine-kures-boyunca-cumhuriyet-yarislari-kecirildi\/","name":"Aqmescitte Oraza bayram \u015ferefine K\u00fcre\u015f boyunca cumhuriyet yar\u0131\u015flar\u0131 ke\u00e7irildi - \u041c\u0435\u0434\u0436\u043b\u0456\u0441","isPartOf":{"@id":"https:\/\/qtmm.org\/qt\/#website"},"primaryImageOfPage":{"@id":"https:\/\/qtmm.org\/qt\/aqmescitte-oraza-bayram-serefine-kures-boyunca-cumhuriyet-yarislari-kecirildi\/#primaryimage"},"image":{"@id":"https:\/\/qtmm.org\/qt\/aqmescitte-oraza-bayram-serefine-kures-boyunca-cumhuriyet-yarislari-kecirildi\/#primaryimage"},"thumbnailUrl":"https:\/\/qtmm.org\/wp-content\/uploads\/2022\/01\/5207ea8b47cb9.jpeg","datePublished":"2013-08-10T12:57:00+00:00","dateModified":"2022-01-25T12:59:53+00:00","breadcrumb":{"@id":"https:\/\/qtmm.org\/qt\/aqmescitte-oraza-bayram-serefine-kures-boyunca-cumhuriyet-yarislari-kecirildi\/#breadcrumb"},"inLanguage":"qt","potentialAction":[{"@type":"ReadAction","target":["https:\/\/qtmm.org\/qt\/aqmescitte-oraza-bayram-serefine-kures-boyunca-cumhuriyet-yarislari-kecirildi\/"]}]},{"@type":"ImageObject","inLanguage":"qt","@id":"https:\/\/qtmm.org\/qt\/aqmescitte-oraza-bayram-serefine-kures-boyunca-cumhuriyet-yarislari-kecirildi\/#primaryimage","url":"https:\/\/qtmm.org\/wp-content\/uploads\/2022\/01\/5207ea8b47cb9.jpeg","contentUrl":"https:\/\/qtmm.org\/wp-content\/uploads\/2022\/01\/5207ea8b47cb9.jpeg","width":640,"height":480},{"@type":"BreadcrumbList","@id":"https:\/\/qtmm.org\/qt\/aqmescitte-oraza-bayram-serefine-kures-boyunca-cumhuriyet-yarislari-kecirildi\/#breadcrumb","itemListElement":[{"@type":"ListItem","position":1,"name":"\u0413\u043e\u043b\u043e\u0432\u043d\u0430","item":"https:\/\/qtmm.org\/qt\/"},{"@type":"ListItem","position":2,"name":"Aqmescitte Oraza bayram \u015ferefine K\u00fcre\u015f boyunca cumhuriyet yar\u0131\u015flar\u0131 ke\u00e7irildi"}]},{"@type":"WebSite","@id":"https:\/\/qtmm.org\/qt\/#website","url":"https:\/\/qtmm.org\/qt\/","name":"\u041c\u0435\u0434\u0436\u043b\u0456\u0441","description":"","publisher":{"@id":"https:\/\/qtmm.org\/qt\/#organization"},"potentialAction":[{"@type":"SearchAction","target":{"@type":"EntryPoint","urlTemplate":"https:\/\/qtmm.org\/qt\/?s={search_term_string}"},"query-input":{"@type":"PropertyValueSpecification","valueRequired":true,"valueName":"search_term_string"}}],"inLanguage":"qt"},{"@type":"Organization","@id":"https:\/\/qtmm.org\/qt\/#organization","name":"\u041c\u0435\u0434\u0436\u043b\u0456\u0441","url":"https:\/\/qtmm.org\/qt\/","logo":{"@type":"ImageObject","inLanguage":"qt","@id":"https:\/\/qtmm.org\/qt\/#\/schema\/logo\/image\/","url":"https:\/\/qtmm.org\/wp-content\/uploads\/2024\/12\/ua-mejlis-logo-rgb.svg","contentUrl":"https:\/\/qtmm.org\/wp-content\/uploads\/2024\/12\/ua-mejlis-logo-rgb.svg","caption":"\u041c\u0435\u0434\u0436\u043b\u0456\u0441"},"image":{"@id":"https:\/\/qtmm.org\/qt\/#\/schema\/logo\/image\/"},"sameAs":["https:\/\/www.facebook.com\/qtmm.info\/"]},{"@type":"Person","@id":"https:\/\/qtmm.org\/qt\/#\/schema\/person\/de562469f971dec226ac06e60bbf74a7","name":"Developer","image":{"@type":"ImageObject","inLanguage":"qt","@id":"https:\/\/secure.gravatar.com\/avatar\/392b4cc8fbfeb00b39dfeeab4ee6edded39ffd48e25858637e4765810300227e?s=96&d=mm&r=g","url":"https:\/\/secure.gravatar.com\/avatar\/392b4cc8fbfeb00b39dfeeab4ee6edded39ffd48e25858637e4765810300227e?s=96&d=mm&r=g","contentUrl":"https:\/\/secure.gravatar.com\/avatar\/392b4cc8fbfeb00b39dfeeab4ee6edded39ffd48e25858637e4765810300227e?s=96&d=mm&r=g","caption":"Developer"},"url":"https:\/\/qtmm.org\/qt\/author\/Developer\/"}]}},"_links":{"self":[{"href":"https:\/\/qtmm.org\/qt\/wp-json\/wp\/v2\/posts\/38727","targetHints":{"allow":["GET"]}}],"collection":[{"href":"https:\/\/qtmm.org\/qt\/wp-json\/wp\/v2\/posts"}],"about":[{"href":"https:\/\/qtmm.org\/qt\/wp-json\/wp\/v2\/types\/post"}],"author":[{"embeddable":true,"href":"https:\/\/qtmm.org\/qt\/wp-json\/wp\/v2\/users\/1"}],"replies":[{"embeddable":true,"href":"https:\/\/qtmm.org\/qt\/wp-json\/wp\/v2\/comments?post=38727"}],"version-history":[{"count":1,"href":"https:\/\/qtmm.org\/qt\/wp-json\/wp\/v2\/posts\/38727\/revisions"}],"predecessor-version":[{"id":38796,"href":"https:\/\/qtmm.org\/qt\/wp-json\/wp\/v2\/posts\/38727\/revisions\/38796"}],"wp:featuredmedia":[{"embeddable":true,"href":"https:\/\/qtmm.org\/qt\/wp-json\/wp\/v2\/media\/38780"}],"wp:attachment":[{"href":"https:\/\/qtmm.org\/qt\/wp-json\/wp\/v2\/media?parent=38727"}],"wp:term":[{"taxonomy":"category","embeddable":true,"href":"https:\/\/qtmm.org\/qt\/wp-json\/wp\/v2\/categories?post=38727"},{"taxonomy":"post_tag","embeddable":true,"href":"https:\/\/qtmm.org\/qt\/wp-json\/wp\/v2\/tags?post=38727"}],"curies":[{"name":"wp","href":"https:\/\/api.w.org\/{rel}","templated":true}]}}