




{"id":38721,"date":"2013-08-07T15:56:00","date_gmt":"2013-08-07T12:56:00","guid":{"rendered":"http:\/\/qtmm.org\/?p=38721"},"modified":"2022-01-25T15:57:28","modified_gmt":"2022-01-25T12:57:28","slug":"oraza-bayrami-cumlenizge-hayirli-olsun","status":"publish","type":"post","link":"https:\/\/qtmm.org\/qt\/oraza-bayrami-cumlenizge-hayirli-olsun\/","title":{"rendered":"Oraza Bayram\u0131 c\u00fcmle\u00f1izge hay\u0131rl\u0131 olsun!"},"content":{"rendered":"\n<p class=\"has-text-align-center\"><strong>M\u00fchterem Q\u0131r\u0131m m\u00fcminleri!<br><br>Q\u0131ymetli vatanda\u015flar!<\/strong><\/p>\n\n\n\n<p>Mubarek \u0130sl\u00e2m dinimizde Alla-Taal\u00e2 \u00f6g\u00fcndeki borclar\u0131m\u0131zn\u0131\u00f1 birisini eda etmekni\u00f1 ifadesi ve on\u0131\u00f1 yek\u00fcni, eki b\u00fcy\u00fck bayram\u0131ndan biri ol\u011fan Ramazan (Oraza) Bayram\u0131 c\u00fcmle\u00f1izge hay\u0131rl\u0131 olsun!<br><br>Muqaddes ay\u0131 devam\u0131nda qaviy sab\u0131rnen tutqan orazalar\u0131\u00f1\u0131zn\u0131, teren iman ve temiz y\u00fcrekli secde ile yapqan ibadetleri\u00f1izni, samimiylik ile becergen hayriye i\u015fleri\u00f1izni ve bergen iftarlar\u0131\u00f1\u0131zn\u0131 Y\u00fcce Rabbimiz qabul etsin!<br><br>Bu \u00e7oq g\u00fczel Bayram munasebetinen epi\u00f1izge qaviy sa\u011fl\u0131q, quvan\u00e7l\u0131, mabet ya\u015fay\u0131\u015f, i\u015fleri\u00f1izde muvafaqiyet tileymiz. Qorantalar\u0131\u00f1\u0131zda barl\u0131q, baht-seadet \u00fck\u00fcm s\u00fcrsin. Alla bizge, milliy maqsatlar\u0131m\u0131z\u011fa tez arada yetmekte, \u00d6z\u00fc ba\u011f\u0131\u015fla\u011fan Vatann\u0131\u00f1 saibi olmaqta yard\u0131mc\u0131 olsun!<\/p>\n\n\n\n<p class=\"has-text-align-right\"><br><em><strong>Q\u0131r\u0131mtatar Milliy Meclis<\/strong><\/em><em><strong>i<\/strong><\/em><\/p>\n","protected":false},"excerpt":{"rendered":"<p>M\u00fchterem Q\u0131r\u0131m m\u00fcminleri! Q\u0131ymetli vatanda\u015flar! Mubarek \u0130sl\u00e2m dinimizde Alla-Taal\u00e2 \u00f6g\u00fcndeki borclar\u0131m\u0131zn\u0131\u00f1 birisini eda etmekni\u00f1 ifadesi ve on\u0131\u00f1 yek\u00fcni, eki b\u00fcy\u00fck bayram\u0131ndan biri ol\u011fan Ramazan (Oraza) Bayram\u0131 c\u00fcmle\u00f1izge hay\u0131rl\u0131 olsun! Muqaddes ay\u0131 devam\u0131nda qaviy sab\u0131rnen tutqan orazalar\u0131\u00f1\u0131zn\u0131, teren iman ve temiz y\u00fcrekli secde ile yapqan ibadetleri\u00f1izni, samimiylik ile becergen hayriye i\u015fleri\u00f1izni ve bergen iftarlar\u0131\u00f1\u0131zn\u0131 Y\u00fcce Rabbimiz [&hellip;]<\/p>\n","protected":false},"author":1,"featured_media":38722,"comment_status":"open","ping_status":"open","sticky":false,"template":"","format":"standard","meta":{"inline_featured_image":false,"footnotes":""},"categories":[265],"tags":[],"class_list":["post-38721","post","type-post","status-publish","format-standard","has-post-thumbnail","hentry","category-haberler"],"acf":[],"yoast_head":"<!-- This site is optimized with the Yoast SEO plugin v27.4 - https:\/\/yoast.com\/product\/yoast-seo-wordpress\/ -->\n<title>Oraza Bayram\u0131 c\u00fcmle\u00f1izge hay\u0131rl\u0131 olsun! - \u041c\u0435\u0434\u0436\u043b\u0456\u0441<\/title>\n<meta name=\"robots\" content=\"index, follow, max-snippet:-1, max-image-preview:large, max-video-preview:-1\" \/>\n<link rel=\"canonical\" href=\"https:\/\/qtmm.org\/qt\/oraza-bayrami-cumlenizge-hayirli-olsun\/\" \/>\n<meta property=\"og:locale\" content=\"en_US\" \/>\n<meta property=\"og:type\" content=\"article\" \/>\n<meta property=\"og:title\" content=\"Oraza Bayram\u0131 c\u00fcmle\u00f1izge hay\u0131rl\u0131 olsun! - \u041c\u0435\u0434\u0436\u043b\u0456\u0441\" \/>\n<meta property=\"og:description\" content=\"M\u00fchterem Q\u0131r\u0131m m\u00fcminleri! Q\u0131ymetli vatanda\u015flar! Mubarek \u0130sl\u00e2m dinimizde Alla-Taal\u00e2 \u00f6g\u00fcndeki borclar\u0131m\u0131zn\u0131\u00f1 birisini eda etmekni\u00f1 ifadesi ve on\u0131\u00f1 yek\u00fcni, eki b\u00fcy\u00fck bayram\u0131ndan biri ol\u011fan Ramazan (Oraza) Bayram\u0131 c\u00fcmle\u00f1izge hay\u0131rl\u0131 olsun! Muqaddes ay\u0131 devam\u0131nda qaviy sab\u0131rnen tutqan orazalar\u0131\u00f1\u0131zn\u0131, teren iman ve temiz y\u00fcrekli secde ile yapqan ibadetleri\u00f1izni, samimiylik ile becergen hayriye i\u015fleri\u00f1izni ve bergen iftarlar\u0131\u00f1\u0131zn\u0131 Y\u00fcce Rabbimiz [&hellip;]\" \/>\n<meta property=\"og:url\" content=\"https:\/\/qtmm.org\/qt\/oraza-bayrami-cumlenizge-hayirli-olsun\/\" \/>\n<meta property=\"og:site_name\" content=\"\u041c\u0435\u0434\u0436\u043b\u0456\u0441\" \/>\n<meta property=\"article:publisher\" content=\"https:\/\/www.facebook.com\/qtmm.info\/\" \/>\n<meta property=\"article:published_time\" content=\"2013-08-07T12:56:00+00:00\" \/>\n<meta property=\"article:modified_time\" content=\"2022-01-25T12:57:28+00:00\" \/>\n<meta property=\"og:image\" content=\"https:\/\/qtmm.org\/wp-content\/uploads\/2022\/01\/oraza_bayram2013_1.jpeg\" \/>\n\t<meta property=\"og:image:width\" content=\"650\" \/>\n\t<meta property=\"og:image:height\" content=\"453\" \/>\n\t<meta property=\"og:image:type\" content=\"image\/jpeg\" \/>\n<meta name=\"author\" content=\"Developer\" \/>\n<meta name=\"twitter:card\" content=\"summary_large_image\" \/>\n<meta name=\"twitter:label1\" content=\"Written by\" \/>\n\t<meta name=\"twitter:data1\" content=\"Developer\" \/>\n\t<meta name=\"twitter:label2\" content=\"Est. reading time\" \/>\n\t<meta name=\"twitter:data2\" content=\"1 minute\" \/>\n<script type=\"application\/ld+json\" class=\"yoast-schema-graph\">{\"@context\":\"https:\\\/\\\/schema.org\",\"@graph\":[{\"@type\":\"Article\",\"@id\":\"https:\\\/\\\/qtmm.org\\\/qt\\\/oraza-bayrami-cumlenizge-hayirli-olsun\\\/#article\",\"isPartOf\":{\"@id\":\"https:\\\/\\\/qtmm.org\\\/qt\\\/oraza-bayrami-cumlenizge-hayirli-olsun\\\/\"},\"author\":{\"name\":\"Developer\",\"@id\":\"https:\\\/\\\/qtmm.org\\\/qt\\\/#\\\/schema\\\/person\\\/de562469f971dec226ac06e60bbf74a7\"},\"headline\":\"Oraza Bayram\u0131 c\u00fcmle\u00f1izge hay\u0131rl\u0131 olsun!\",\"datePublished\":\"2013-08-07T12:56:00+00:00\",\"dateModified\":\"2022-01-25T12:57:28+00:00\",\"mainEntityOfPage\":{\"@id\":\"https:\\\/\\\/qtmm.org\\\/qt\\\/oraza-bayrami-cumlenizge-hayirli-olsun\\\/\"},\"wordCount\":149,\"commentCount\":0,\"publisher\":{\"@id\":\"https:\\\/\\\/qtmm.org\\\/qt\\\/#organization\"},\"image\":{\"@id\":\"https:\\\/\\\/qtmm.org\\\/qt\\\/oraza-bayrami-cumlenizge-hayirli-olsun\\\/#primaryimage\"},\"thumbnailUrl\":\"https:\\\/\\\/qtmm.org\\\/wp-content\\\/uploads\\\/2022\\\/01\\\/oraza_bayram2013_1.jpeg\",\"articleSection\":[\"Haberler\"],\"inLanguage\":\"qt\",\"potentialAction\":[{\"@type\":\"CommentAction\",\"name\":\"Comment\",\"target\":[\"https:\\\/\\\/qtmm.org\\\/qt\\\/oraza-bayrami-cumlenizge-hayirli-olsun\\\/#respond\"]}]},{\"@type\":\"WebPage\",\"@id\":\"https:\\\/\\\/qtmm.org\\\/qt\\\/oraza-bayrami-cumlenizge-hayirli-olsun\\\/\",\"url\":\"https:\\\/\\\/qtmm.org\\\/qt\\\/oraza-bayrami-cumlenizge-hayirli-olsun\\\/\",\"name\":\"Oraza Bayram\u0131 c\u00fcmle\u00f1izge hay\u0131rl\u0131 olsun! - \u041c\u0435\u0434\u0436\u043b\u0456\u0441\",\"isPartOf\":{\"@id\":\"https:\\\/\\\/qtmm.org\\\/qt\\\/#website\"},\"primaryImageOfPage\":{\"@id\":\"https:\\\/\\\/qtmm.org\\\/qt\\\/oraza-bayrami-cumlenizge-hayirli-olsun\\\/#primaryimage\"},\"image\":{\"@id\":\"https:\\\/\\\/qtmm.org\\\/qt\\\/oraza-bayrami-cumlenizge-hayirli-olsun\\\/#primaryimage\"},\"thumbnailUrl\":\"https:\\\/\\\/qtmm.org\\\/wp-content\\\/uploads\\\/2022\\\/01\\\/oraza_bayram2013_1.jpeg\",\"datePublished\":\"2013-08-07T12:56:00+00:00\",\"dateModified\":\"2022-01-25T12:57:28+00:00\",\"breadcrumb\":{\"@id\":\"https:\\\/\\\/qtmm.org\\\/qt\\\/oraza-bayrami-cumlenizge-hayirli-olsun\\\/#breadcrumb\"},\"inLanguage\":\"qt\",\"potentialAction\":[{\"@type\":\"ReadAction\",\"target\":[\"https:\\\/\\\/qtmm.org\\\/qt\\\/oraza-bayrami-cumlenizge-hayirli-olsun\\\/\"]}]},{\"@type\":\"ImageObject\",\"inLanguage\":\"qt\",\"@id\":\"https:\\\/\\\/qtmm.org\\\/qt\\\/oraza-bayrami-cumlenizge-hayirli-olsun\\\/#primaryimage\",\"url\":\"https:\\\/\\\/qtmm.org\\\/wp-content\\\/uploads\\\/2022\\\/01\\\/oraza_bayram2013_1.jpeg\",\"contentUrl\":\"https:\\\/\\\/qtmm.org\\\/wp-content\\\/uploads\\\/2022\\\/01\\\/oraza_bayram2013_1.jpeg\",\"width\":650,\"height\":453},{\"@type\":\"BreadcrumbList\",\"@id\":\"https:\\\/\\\/qtmm.org\\\/qt\\\/oraza-bayrami-cumlenizge-hayirli-olsun\\\/#breadcrumb\",\"itemListElement\":[{\"@type\":\"ListItem\",\"position\":1,\"name\":\"\u0413\u043e\u043b\u043e\u0432\u043d\u0430\",\"item\":\"https:\\\/\\\/qtmm.org\\\/qt\\\/\"},{\"@type\":\"ListItem\",\"position\":2,\"name\":\"Oraza Bayram\u0131 c\u00fcmle\u00f1izge hay\u0131rl\u0131 olsun!\"}]},{\"@type\":\"WebSite\",\"@id\":\"https:\\\/\\\/qtmm.org\\\/qt\\\/#website\",\"url\":\"https:\\\/\\\/qtmm.org\\\/qt\\\/\",\"name\":\"\u041c\u0435\u0434\u0436\u043b\u0456\u0441\",\"description\":\"\",\"publisher\":{\"@id\":\"https:\\\/\\\/qtmm.org\\\/qt\\\/#organization\"},\"potentialAction\":[{\"@type\":\"SearchAction\",\"target\":{\"@type\":\"EntryPoint\",\"urlTemplate\":\"https:\\\/\\\/qtmm.org\\\/qt\\\/?s={search_term_string}\"},\"query-input\":{\"@type\":\"PropertyValueSpecification\",\"valueRequired\":true,\"valueName\":\"search_term_string\"}}],\"inLanguage\":\"qt\"},{\"@type\":\"Organization\",\"@id\":\"https:\\\/\\\/qtmm.org\\\/qt\\\/#organization\",\"name\":\"\u041c\u0435\u0434\u0436\u043b\u0456\u0441\",\"url\":\"https:\\\/\\\/qtmm.org\\\/qt\\\/\",\"logo\":{\"@type\":\"ImageObject\",\"inLanguage\":\"qt\",\"@id\":\"https:\\\/\\\/qtmm.org\\\/qt\\\/#\\\/schema\\\/logo\\\/image\\\/\",\"url\":\"https:\\\/\\\/qtmm.org\\\/wp-content\\\/uploads\\\/2024\\\/12\\\/ua-mejlis-logo-rgb.svg\",\"contentUrl\":\"https:\\\/\\\/qtmm.org\\\/wp-content\\\/uploads\\\/2024\\\/12\\\/ua-mejlis-logo-rgb.svg\",\"caption\":\"\u041c\u0435\u0434\u0436\u043b\u0456\u0441\"},\"image\":{\"@id\":\"https:\\\/\\\/qtmm.org\\\/qt\\\/#\\\/schema\\\/logo\\\/image\\\/\"},\"sameAs\":[\"https:\\\/\\\/www.facebook.com\\\/qtmm.info\\\/\"]},{\"@type\":\"Person\",\"@id\":\"https:\\\/\\\/qtmm.org\\\/qt\\\/#\\\/schema\\\/person\\\/de562469f971dec226ac06e60bbf74a7\",\"name\":\"Developer\",\"image\":{\"@type\":\"ImageObject\",\"inLanguage\":\"qt\",\"@id\":\"https:\\\/\\\/secure.gravatar.com\\\/avatar\\\/392b4cc8fbfeb00b39dfeeab4ee6edded39ffd48e25858637e4765810300227e?s=96&d=mm&r=g\",\"url\":\"https:\\\/\\\/secure.gravatar.com\\\/avatar\\\/392b4cc8fbfeb00b39dfeeab4ee6edded39ffd48e25858637e4765810300227e?s=96&d=mm&r=g\",\"contentUrl\":\"https:\\\/\\\/secure.gravatar.com\\\/avatar\\\/392b4cc8fbfeb00b39dfeeab4ee6edded39ffd48e25858637e4765810300227e?s=96&d=mm&r=g\",\"caption\":\"Developer\"},\"url\":\"https:\\\/\\\/qtmm.org\\\/qt\\\/author\\\/Developer\\\/\"}]}<\/script>\n<!-- \/ Yoast SEO plugin. -->","yoast_head_json":{"title":"Oraza Bayram\u0131 c\u00fcmle\u00f1izge hay\u0131rl\u0131 olsun! - \u041c\u0435\u0434\u0436\u043b\u0456\u0441","robots":{"index":"index","follow":"follow","max-snippet":"max-snippet:-1","max-image-preview":"max-image-preview:large","max-video-preview":"max-video-preview:-1"},"canonical":"https:\/\/qtmm.org\/qt\/oraza-bayrami-cumlenizge-hayirli-olsun\/","og_locale":"en_US","og_type":"article","og_title":"Oraza Bayram\u0131 c\u00fcmle\u00f1izge hay\u0131rl\u0131 olsun! - \u041c\u0435\u0434\u0436\u043b\u0456\u0441","og_description":"M\u00fchterem Q\u0131r\u0131m m\u00fcminleri! Q\u0131ymetli vatanda\u015flar! Mubarek \u0130sl\u00e2m dinimizde Alla-Taal\u00e2 \u00f6g\u00fcndeki borclar\u0131m\u0131zn\u0131\u00f1 birisini eda etmekni\u00f1 ifadesi ve on\u0131\u00f1 yek\u00fcni, eki b\u00fcy\u00fck bayram\u0131ndan biri ol\u011fan Ramazan (Oraza) Bayram\u0131 c\u00fcmle\u00f1izge hay\u0131rl\u0131 olsun! Muqaddes ay\u0131 devam\u0131nda qaviy sab\u0131rnen tutqan orazalar\u0131\u00f1\u0131zn\u0131, teren iman ve temiz y\u00fcrekli secde ile yapqan ibadetleri\u00f1izni, samimiylik ile becergen hayriye i\u015fleri\u00f1izni ve bergen iftarlar\u0131\u00f1\u0131zn\u0131 Y\u00fcce Rabbimiz [&hellip;]","og_url":"https:\/\/qtmm.org\/qt\/oraza-bayrami-cumlenizge-hayirli-olsun\/","og_site_name":"\u041c\u0435\u0434\u0436\u043b\u0456\u0441","article_publisher":"https:\/\/www.facebook.com\/qtmm.info\/","article_published_time":"2013-08-07T12:56:00+00:00","article_modified_time":"2022-01-25T12:57:28+00:00","og_image":[{"width":650,"height":453,"url":"https:\/\/qtmm.org\/wp-content\/uploads\/2022\/01\/oraza_bayram2013_1.jpeg","type":"image\/jpeg"}],"author":"Developer","twitter_card":"summary_large_image","twitter_misc":{"Written by":"Developer","Est. reading time":"1 minute"},"schema":{"@context":"https:\/\/schema.org","@graph":[{"@type":"Article","@id":"https:\/\/qtmm.org\/qt\/oraza-bayrami-cumlenizge-hayirli-olsun\/#article","isPartOf":{"@id":"https:\/\/qtmm.org\/qt\/oraza-bayrami-cumlenizge-hayirli-olsun\/"},"author":{"name":"Developer","@id":"https:\/\/qtmm.org\/qt\/#\/schema\/person\/de562469f971dec226ac06e60bbf74a7"},"headline":"Oraza Bayram\u0131 c\u00fcmle\u00f1izge hay\u0131rl\u0131 olsun!","datePublished":"2013-08-07T12:56:00+00:00","dateModified":"2022-01-25T12:57:28+00:00","mainEntityOfPage":{"@id":"https:\/\/qtmm.org\/qt\/oraza-bayrami-cumlenizge-hayirli-olsun\/"},"wordCount":149,"commentCount":0,"publisher":{"@id":"https:\/\/qtmm.org\/qt\/#organization"},"image":{"@id":"https:\/\/qtmm.org\/qt\/oraza-bayrami-cumlenizge-hayirli-olsun\/#primaryimage"},"thumbnailUrl":"https:\/\/qtmm.org\/wp-content\/uploads\/2022\/01\/oraza_bayram2013_1.jpeg","articleSection":["Haberler"],"inLanguage":"qt","potentialAction":[{"@type":"CommentAction","name":"Comment","target":["https:\/\/qtmm.org\/qt\/oraza-bayrami-cumlenizge-hayirli-olsun\/#respond"]}]},{"@type":"WebPage","@id":"https:\/\/qtmm.org\/qt\/oraza-bayrami-cumlenizge-hayirli-olsun\/","url":"https:\/\/qtmm.org\/qt\/oraza-bayrami-cumlenizge-hayirli-olsun\/","name":"Oraza Bayram\u0131 c\u00fcmle\u00f1izge hay\u0131rl\u0131 olsun! - \u041c\u0435\u0434\u0436\u043b\u0456\u0441","isPartOf":{"@id":"https:\/\/qtmm.org\/qt\/#website"},"primaryImageOfPage":{"@id":"https:\/\/qtmm.org\/qt\/oraza-bayrami-cumlenizge-hayirli-olsun\/#primaryimage"},"image":{"@id":"https:\/\/qtmm.org\/qt\/oraza-bayrami-cumlenizge-hayirli-olsun\/#primaryimage"},"thumbnailUrl":"https:\/\/qtmm.org\/wp-content\/uploads\/2022\/01\/oraza_bayram2013_1.jpeg","datePublished":"2013-08-07T12:56:00+00:00","dateModified":"2022-01-25T12:57:28+00:00","breadcrumb":{"@id":"https:\/\/qtmm.org\/qt\/oraza-bayrami-cumlenizge-hayirli-olsun\/#breadcrumb"},"inLanguage":"qt","potentialAction":[{"@type":"ReadAction","target":["https:\/\/qtmm.org\/qt\/oraza-bayrami-cumlenizge-hayirli-olsun\/"]}]},{"@type":"ImageObject","inLanguage":"qt","@id":"https:\/\/qtmm.org\/qt\/oraza-bayrami-cumlenizge-hayirli-olsun\/#primaryimage","url":"https:\/\/qtmm.org\/wp-content\/uploads\/2022\/01\/oraza_bayram2013_1.jpeg","contentUrl":"https:\/\/qtmm.org\/wp-content\/uploads\/2022\/01\/oraza_bayram2013_1.jpeg","width":650,"height":453},{"@type":"BreadcrumbList","@id":"https:\/\/qtmm.org\/qt\/oraza-bayrami-cumlenizge-hayirli-olsun\/#breadcrumb","itemListElement":[{"@type":"ListItem","position":1,"name":"\u0413\u043e\u043b\u043e\u0432\u043d\u0430","item":"https:\/\/qtmm.org\/qt\/"},{"@type":"ListItem","position":2,"name":"Oraza Bayram\u0131 c\u00fcmle\u00f1izge hay\u0131rl\u0131 olsun!"}]},{"@type":"WebSite","@id":"https:\/\/qtmm.org\/qt\/#website","url":"https:\/\/qtmm.org\/qt\/","name":"\u041c\u0435\u0434\u0436\u043b\u0456\u0441","description":"","publisher":{"@id":"https:\/\/qtmm.org\/qt\/#organization"},"potentialAction":[{"@type":"SearchAction","target":{"@type":"EntryPoint","urlTemplate":"https:\/\/qtmm.org\/qt\/?s={search_term_string}"},"query-input":{"@type":"PropertyValueSpecification","valueRequired":true,"valueName":"search_term_string"}}],"inLanguage":"qt"},{"@type":"Organization","@id":"https:\/\/qtmm.org\/qt\/#organization","name":"\u041c\u0435\u0434\u0436\u043b\u0456\u0441","url":"https:\/\/qtmm.org\/qt\/","logo":{"@type":"ImageObject","inLanguage":"qt","@id":"https:\/\/qtmm.org\/qt\/#\/schema\/logo\/image\/","url":"https:\/\/qtmm.org\/wp-content\/uploads\/2024\/12\/ua-mejlis-logo-rgb.svg","contentUrl":"https:\/\/qtmm.org\/wp-content\/uploads\/2024\/12\/ua-mejlis-logo-rgb.svg","caption":"\u041c\u0435\u0434\u0436\u043b\u0456\u0441"},"image":{"@id":"https:\/\/qtmm.org\/qt\/#\/schema\/logo\/image\/"},"sameAs":["https:\/\/www.facebook.com\/qtmm.info\/"]},{"@type":"Person","@id":"https:\/\/qtmm.org\/qt\/#\/schema\/person\/de562469f971dec226ac06e60bbf74a7","name":"Developer","image":{"@type":"ImageObject","inLanguage":"qt","@id":"https:\/\/secure.gravatar.com\/avatar\/392b4cc8fbfeb00b39dfeeab4ee6edded39ffd48e25858637e4765810300227e?s=96&d=mm&r=g","url":"https:\/\/secure.gravatar.com\/avatar\/392b4cc8fbfeb00b39dfeeab4ee6edded39ffd48e25858637e4765810300227e?s=96&d=mm&r=g","contentUrl":"https:\/\/secure.gravatar.com\/avatar\/392b4cc8fbfeb00b39dfeeab4ee6edded39ffd48e25858637e4765810300227e?s=96&d=mm&r=g","caption":"Developer"},"url":"https:\/\/qtmm.org\/qt\/author\/Developer\/"}]}},"_links":{"self":[{"href":"https:\/\/qtmm.org\/qt\/wp-json\/wp\/v2\/posts\/38721","targetHints":{"allow":["GET"]}}],"collection":[{"href":"https:\/\/qtmm.org\/qt\/wp-json\/wp\/v2\/posts"}],"about":[{"href":"https:\/\/qtmm.org\/qt\/wp-json\/wp\/v2\/types\/post"}],"author":[{"embeddable":true,"href":"https:\/\/qtmm.org\/qt\/wp-json\/wp\/v2\/users\/1"}],"replies":[{"embeddable":true,"href":"https:\/\/qtmm.org\/qt\/wp-json\/wp\/v2\/comments?post=38721"}],"version-history":[{"count":1,"href":"https:\/\/qtmm.org\/qt\/wp-json\/wp\/v2\/posts\/38721\/revisions"}],"predecessor-version":[{"id":38726,"href":"https:\/\/qtmm.org\/qt\/wp-json\/wp\/v2\/posts\/38721\/revisions\/38726"}],"wp:featuredmedia":[{"embeddable":true,"href":"https:\/\/qtmm.org\/qt\/wp-json\/wp\/v2\/media\/38722"}],"wp:attachment":[{"href":"https:\/\/qtmm.org\/qt\/wp-json\/wp\/v2\/media?parent=38721"}],"wp:term":[{"taxonomy":"category","embeddable":true,"href":"https:\/\/qtmm.org\/qt\/wp-json\/wp\/v2\/categories?post=38721"},{"taxonomy":"post_tag","embeddable":true,"href":"https:\/\/qtmm.org\/qt\/wp-json\/wp\/v2\/tags?post=38721"}],"curies":[{"name":"wp","href":"https:\/\/api.w.org\/{rel}","templated":true}]}}