




{"id":38719,"date":"2013-08-05T15:55:00","date_gmt":"2013-08-05T12:55:00","guid":{"rendered":"http:\/\/qtmm.org\/?p=38719"},"modified":"2022-01-25T15:56:33","modified_gmt":"2022-01-25T12:56:33","slug":"2013-senesi-avgust-4-kunu-milliy-meclis-reisi-mustafa-cemilev-umreden-qaytti","status":"publish","type":"post","link":"https:\/\/qtmm.org\/qt\/2013-senesi-avgust-4-kunu-milliy-meclis-reisi-mustafa-cemilev-umreden-qaytti\/","title":{"rendered":"2013 senesi avgust 4 k\u00fcn\u00fc Milliy Meclis reisi Mustafa Cemilev \u00dcmreden qaytt\u0131"},"content":{"rendered":"\n<p>&#8220;Simferopol&#8221; ava liman\u0131nda Meclis reisi Mustafa Cemilevni Q\u0131r\u0131m musulmanlar\u0131n\u0131\u00f1 m\u00fcftisi haci Emirali Ablayev qar\u015f\u0131lad\u0131 ve er bir musulman i\u00e7\u00fcn farz old\u0131\u011f\u0131 muqaddes yerlerge yapqan ziyareti ile samimiy hay\u0131rlad\u0131.<br><br>Bun\u0131\u00f1 kibi de Meclis reisi Mustaf\u0131 Cemilevni on\u0131\u00f1 muavini Ahtem \u00c7iygoz, Q\u0131r\u0131m musulmanlar\u0131 m\u00fcftisini\u00f1 muavini Ayder \u0130smailov, &#8220;Q\u0131r\u0131m&#8221; hayriye fondun\u0131\u00f1 direktor\u0131 Riza \u015eevkiyev, haci Enver \u00dcmerov ve Meclis t\u0131\u015fq\u0131 al\u00e2qalar b\u00f6l\u00fcgi ba\u015f\u0131n\u0131\u00f1 muavini Abduraman Egiz qar\u015f\u0131lad\u0131lar.<br><br>2013 senesi iy\u00fcl 31-den avgust 4-ke qadar yani Ramazan ay\u0131n\u0131\u00f1 so\u00f1ki on k\u00fcn\u00fc i\u00e7ersinde Milliy Meclis reisi Mustafa Cemilev ve Kiyevdeki q\u0131r\u0131mtatarlar cemiyetini\u00f1 ba\u015f\u0131 Aslan \u00d6mer Q\u0131r\u0131ml\u0131 Mekkege bar\u0131p \u00dcmre ibadetini q\u0131ld\u0131lar.<br><br>Meclis reisi Mustafa Cemilevni ve Kiyevdeki q\u0131r\u0131mtatarlar cemiyetini\u00f1 ba\u015f\u0131 Aslan \u00d6mer Q\u0131r\u0131ml\u0131n\u0131 ziyaretke Saudiya Arabistan\u0131 Q\u0131rall\u0131\u011f\u0131n\u0131\u00f1 Ukrainadaki El\u00e7isini\u00f1 vekili C\u00fcdiyu Ben Zabin Alhzal davet etti<br><br>\u0130y\u00fcl 31 k\u00fcn\u00fc Meclis reisi M. Cemilev \u00dcmreni q\u0131l\u011fan so\u00f1 K\u00e2be \u015ferif bulun\u011fan Mekke ba\u015f camisini\u00f1 imam\u0131, Saudiya Arabistan\u0131 &#8220;Davet&#8221; isl\u00e2m birle\u015fmesi idaresini\u00f1 prezidenti doktor Suleyman Al-Sallomi ve on\u0131\u00f1 yan\u0131nda bulun\u011fan aliy dindar \u015fahs\u0131larnen k\u00f6r\u00fc\u015fti. Bir bu\u00e7uq saat devam etken subet vaqt\u0131nda taraflar Q\u0131r\u0131m musulmanlar\u0131n\u0131\u00f1 vaziyeti, Q\u0131r\u0131m ve Saudiya Arabistan\u0131 aras\u0131ndaki ba\u011flarn\u0131\u00f1 inki\u015faf\u0131 meselelerini muzakere ettiler.<br><br>M\u00fcftiy As-Sallomi Saudiya Arabistan\u0131 dinsiz sovet totalitar rejimine qar\u015f\u0131 ol\u0131p, on\u0131\u00f1 m\u00fcstemlekesi alt\u0131nda eziyetlengen halqlarn\u0131\u00f1 taraf\u0131n\u0131 tutqan\u0131n\u0131 qayd etip,baz\u0131da eki devlet aras\u0131ndaki munasebetler a\u00e7\u0131q cenk kenar\u0131na yaq\u0131nla\u015fqan\u0131n\u0131 hat\u0131rlatt\u0131.<br><br>Musulman \u00fcmmetine dava ve fesat ketirgen \u00e7e\u015fit sektalar meselesinde doktor As-Sallomi \u015fun\u0131 qayd etti ki, bir \u00e7oq b\u00f6yle allarda bun\u0131\u00f1 sebebi insanlar isl\u00e2m ahl\u00e2q\u0131n\u0131\u00f1 qaidelerini bilmegenlerinde, eger de din boyunca bilgiler keni\u015f\u00e7e tarqat\u0131lsa, bu problemler eksilir. El\u00e7i vekili Q\u0131r\u0131m gen\u00e7lerine Saudiya Arabistan\u0131n\u0131\u00f1 diniy universitetlerinde aliy tasil alma\u011fa yard\u0131m etecegini i\u015fand\u0131rd\u0131. M\u00fcftiy As-Sallomi q\u0131r\u0131mtatar halq\u0131n\u0131\u00f1 tarih\u0131, Vatan o\u011frunda k\u00fcre\u015finen ba\u011fl\u0131, \u015fu c\u00fcmleden Meclis reisini\u00f1 kendi qaleminen yazd\u0131\u011f\u0131 kitaplarn\u0131 alma\u011fa istegenini bildirdi.<\/p>\n\n\n\n<p>Subetni\u00f1 so\u00f1unda M\u00fcftiy As-Salomiy Meclis reisine alt\u0131nnen s\u00fcslengen Qurann\u0131\u00f1 Dama\u015fq basmas\u0131n\u0131 ve Saudiya Arabistan\u0131nda me\u015fur misler komplektini ediye etti.<\/p>\n","protected":false},"excerpt":{"rendered":"<p>&#8220;Simferopol&#8221; ava liman\u0131nda Meclis reisi Mustafa Cemilevni Q\u0131r\u0131m musulmanlar\u0131n\u0131\u00f1 m\u00fcftisi haci Emirali Ablayev qar\u015f\u0131lad\u0131 ve er bir musulman i\u00e7\u00fcn farz old\u0131\u011f\u0131 muqaddes yerlerge yapqan ziyareti ile samimiy hay\u0131rlad\u0131. Bun\u0131\u00f1 kibi de Meclis reisi Mustaf\u0131 Cemilevni on\u0131\u00f1 muavini Ahtem \u00c7iygoz, Q\u0131r\u0131m musulmanlar\u0131 m\u00fcftisini\u00f1 muavini Ayder \u0130smailov, &#8220;Q\u0131r\u0131m&#8221; hayriye fondun\u0131\u00f1 direktor\u0131 Riza \u015eevkiyev, haci Enver \u00dcmerov ve [&hellip;]<\/p>\n","protected":false},"author":1,"featured_media":38714,"comment_status":"open","ping_status":"open","sticky":false,"template":"","format":"standard","meta":{"inline_featured_image":false,"footnotes":""},"categories":[265],"tags":[],"class_list":["post-38719","post","type-post","status-publish","format-standard","has-post-thumbnail","hentry","category-haberler"],"acf":[],"yoast_head":"<!-- This site is optimized with the Yoast SEO plugin v27.4 - https:\/\/yoast.com\/product\/yoast-seo-wordpress\/ -->\n<title>2013 senesi avgust 4 k\u00fcn\u00fc Milliy Meclis reisi Mustafa Cemilev \u00dcmreden qaytt\u0131 - \u041c\u0435\u0434\u0436\u043b\u0456\u0441<\/title>\n<meta name=\"robots\" content=\"index, follow, max-snippet:-1, max-image-preview:large, max-video-preview:-1\" \/>\n<link rel=\"canonical\" href=\"https:\/\/qtmm.org\/qt\/2013-senesi-avgust-4-kunu-milliy-meclis-reisi-mustafa-cemilev-umreden-qaytti\/\" \/>\n<meta property=\"og:locale\" content=\"en_US\" \/>\n<meta property=\"og:type\" content=\"article\" \/>\n<meta property=\"og:title\" content=\"2013 senesi avgust 4 k\u00fcn\u00fc Milliy Meclis reisi Mustafa Cemilev \u00dcmreden qaytt\u0131 - \u041c\u0435\u0434\u0436\u043b\u0456\u0441\" \/>\n<meta property=\"og:description\" content=\"&#8220;Simferopol&#8221; ava liman\u0131nda Meclis reisi Mustafa Cemilevni Q\u0131r\u0131m musulmanlar\u0131n\u0131\u00f1 m\u00fcftisi haci Emirali Ablayev qar\u015f\u0131lad\u0131 ve er bir musulman i\u00e7\u00fcn farz old\u0131\u011f\u0131 muqaddes yerlerge yapqan ziyareti ile samimiy hay\u0131rlad\u0131. Bun\u0131\u00f1 kibi de Meclis reisi Mustaf\u0131 Cemilevni on\u0131\u00f1 muavini Ahtem \u00c7iygoz, Q\u0131r\u0131m musulmanlar\u0131 m\u00fcftisini\u00f1 muavini Ayder \u0130smailov, &#8220;Q\u0131r\u0131m&#8221; hayriye fondun\u0131\u00f1 direktor\u0131 Riza \u015eevkiyev, haci Enver \u00dcmerov ve [&hellip;]\" \/>\n<meta property=\"og:url\" content=\"https:\/\/qtmm.org\/qt\/2013-senesi-avgust-4-kunu-milliy-meclis-reisi-mustafa-cemilev-umreden-qaytti\/\" \/>\n<meta property=\"og:site_name\" content=\"\u041c\u0435\u0434\u0436\u043b\u0456\u0441\" \/>\n<meta property=\"article:publisher\" content=\"https:\/\/www.facebook.com\/qtmm.info\/\" \/>\n<meta property=\"article:published_time\" content=\"2013-08-05T12:55:00+00:00\" \/>\n<meta property=\"article:modified_time\" content=\"2022-01-25T12:56:33+00:00\" \/>\n<meta property=\"og:image\" content=\"https:\/\/qtmm.org\/wp-content\/uploads\/2022\/01\/mekka.jpeg\" \/>\n\t<meta property=\"og:image:width\" content=\"800\" \/>\n\t<meta property=\"og:image:height\" content=\"600\" \/>\n\t<meta property=\"og:image:type\" content=\"image\/jpeg\" \/>\n<meta name=\"author\" content=\"Developer\" \/>\n<meta name=\"twitter:card\" content=\"summary_large_image\" \/>\n<meta name=\"twitter:label1\" content=\"Written by\" \/>\n\t<meta name=\"twitter:data1\" content=\"Developer\" \/>\n\t<meta name=\"twitter:label2\" content=\"Est. reading time\" \/>\n\t<meta name=\"twitter:data2\" content=\"2 minutes\" \/>\n<script type=\"application\/ld+json\" class=\"yoast-schema-graph\">{\"@context\":\"https:\\\/\\\/schema.org\",\"@graph\":[{\"@type\":\"Article\",\"@id\":\"https:\\\/\\\/qtmm.org\\\/qt\\\/2013-senesi-avgust-4-kunu-milliy-meclis-reisi-mustafa-cemilev-umreden-qaytti\\\/#article\",\"isPartOf\":{\"@id\":\"https:\\\/\\\/qtmm.org\\\/qt\\\/2013-senesi-avgust-4-kunu-milliy-meclis-reisi-mustafa-cemilev-umreden-qaytti\\\/\"},\"author\":{\"name\":\"Developer\",\"@id\":\"https:\\\/\\\/qtmm.org\\\/qt\\\/#\\\/schema\\\/person\\\/de562469f971dec226ac06e60bbf74a7\"},\"headline\":\"2013 senesi avgust 4 k\u00fcn\u00fc Milliy Meclis reisi Mustafa Cemilev \u00dcmreden qaytt\u0131\",\"datePublished\":\"2013-08-05T12:55:00+00:00\",\"dateModified\":\"2022-01-25T12:56:33+00:00\",\"mainEntityOfPage\":{\"@id\":\"https:\\\/\\\/qtmm.org\\\/qt\\\/2013-senesi-avgust-4-kunu-milliy-meclis-reisi-mustafa-cemilev-umreden-qaytti\\\/\"},\"wordCount\":416,\"commentCount\":0,\"publisher\":{\"@id\":\"https:\\\/\\\/qtmm.org\\\/qt\\\/#organization\"},\"image\":{\"@id\":\"https:\\\/\\\/qtmm.org\\\/qt\\\/2013-senesi-avgust-4-kunu-milliy-meclis-reisi-mustafa-cemilev-umreden-qaytti\\\/#primaryimage\"},\"thumbnailUrl\":\"https:\\\/\\\/qtmm.org\\\/wp-content\\\/uploads\\\/2022\\\/01\\\/mekka.jpeg\",\"articleSection\":[\"Haberler\"],\"inLanguage\":\"qt\",\"potentialAction\":[{\"@type\":\"CommentAction\",\"name\":\"Comment\",\"target\":[\"https:\\\/\\\/qtmm.org\\\/qt\\\/2013-senesi-avgust-4-kunu-milliy-meclis-reisi-mustafa-cemilev-umreden-qaytti\\\/#respond\"]}]},{\"@type\":\"WebPage\",\"@id\":\"https:\\\/\\\/qtmm.org\\\/qt\\\/2013-senesi-avgust-4-kunu-milliy-meclis-reisi-mustafa-cemilev-umreden-qaytti\\\/\",\"url\":\"https:\\\/\\\/qtmm.org\\\/qt\\\/2013-senesi-avgust-4-kunu-milliy-meclis-reisi-mustafa-cemilev-umreden-qaytti\\\/\",\"name\":\"2013 senesi avgust 4 k\u00fcn\u00fc Milliy Meclis reisi Mustafa Cemilev \u00dcmreden qaytt\u0131 - \u041c\u0435\u0434\u0436\u043b\u0456\u0441\",\"isPartOf\":{\"@id\":\"https:\\\/\\\/qtmm.org\\\/qt\\\/#website\"},\"primaryImageOfPage\":{\"@id\":\"https:\\\/\\\/qtmm.org\\\/qt\\\/2013-senesi-avgust-4-kunu-milliy-meclis-reisi-mustafa-cemilev-umreden-qaytti\\\/#primaryimage\"},\"image\":{\"@id\":\"https:\\\/\\\/qtmm.org\\\/qt\\\/2013-senesi-avgust-4-kunu-milliy-meclis-reisi-mustafa-cemilev-umreden-qaytti\\\/#primaryimage\"},\"thumbnailUrl\":\"https:\\\/\\\/qtmm.org\\\/wp-content\\\/uploads\\\/2022\\\/01\\\/mekka.jpeg\",\"datePublished\":\"2013-08-05T12:55:00+00:00\",\"dateModified\":\"2022-01-25T12:56:33+00:00\",\"breadcrumb\":{\"@id\":\"https:\\\/\\\/qtmm.org\\\/qt\\\/2013-senesi-avgust-4-kunu-milliy-meclis-reisi-mustafa-cemilev-umreden-qaytti\\\/#breadcrumb\"},\"inLanguage\":\"qt\",\"potentialAction\":[{\"@type\":\"ReadAction\",\"target\":[\"https:\\\/\\\/qtmm.org\\\/qt\\\/2013-senesi-avgust-4-kunu-milliy-meclis-reisi-mustafa-cemilev-umreden-qaytti\\\/\"]}]},{\"@type\":\"ImageObject\",\"inLanguage\":\"qt\",\"@id\":\"https:\\\/\\\/qtmm.org\\\/qt\\\/2013-senesi-avgust-4-kunu-milliy-meclis-reisi-mustafa-cemilev-umreden-qaytti\\\/#primaryimage\",\"url\":\"https:\\\/\\\/qtmm.org\\\/wp-content\\\/uploads\\\/2022\\\/01\\\/mekka.jpeg\",\"contentUrl\":\"https:\\\/\\\/qtmm.org\\\/wp-content\\\/uploads\\\/2022\\\/01\\\/mekka.jpeg\",\"width\":800,\"height\":600},{\"@type\":\"BreadcrumbList\",\"@id\":\"https:\\\/\\\/qtmm.org\\\/qt\\\/2013-senesi-avgust-4-kunu-milliy-meclis-reisi-mustafa-cemilev-umreden-qaytti\\\/#breadcrumb\",\"itemListElement\":[{\"@type\":\"ListItem\",\"position\":1,\"name\":\"\u0413\u043e\u043b\u043e\u0432\u043d\u0430\",\"item\":\"https:\\\/\\\/qtmm.org\\\/qt\\\/\"},{\"@type\":\"ListItem\",\"position\":2,\"name\":\"2013 senesi avgust 4 k\u00fcn\u00fc Milliy Meclis reisi Mustafa Cemilev \u00dcmreden qaytt\u0131\"}]},{\"@type\":\"WebSite\",\"@id\":\"https:\\\/\\\/qtmm.org\\\/qt\\\/#website\",\"url\":\"https:\\\/\\\/qtmm.org\\\/qt\\\/\",\"name\":\"\u041c\u0435\u0434\u0436\u043b\u0456\u0441\",\"description\":\"\",\"publisher\":{\"@id\":\"https:\\\/\\\/qtmm.org\\\/qt\\\/#organization\"},\"potentialAction\":[{\"@type\":\"SearchAction\",\"target\":{\"@type\":\"EntryPoint\",\"urlTemplate\":\"https:\\\/\\\/qtmm.org\\\/qt\\\/?s={search_term_string}\"},\"query-input\":{\"@type\":\"PropertyValueSpecification\",\"valueRequired\":true,\"valueName\":\"search_term_string\"}}],\"inLanguage\":\"qt\"},{\"@type\":\"Organization\",\"@id\":\"https:\\\/\\\/qtmm.org\\\/qt\\\/#organization\",\"name\":\"\u041c\u0435\u0434\u0436\u043b\u0456\u0441\",\"url\":\"https:\\\/\\\/qtmm.org\\\/qt\\\/\",\"logo\":{\"@type\":\"ImageObject\",\"inLanguage\":\"qt\",\"@id\":\"https:\\\/\\\/qtmm.org\\\/qt\\\/#\\\/schema\\\/logo\\\/image\\\/\",\"url\":\"https:\\\/\\\/qtmm.org\\\/wp-content\\\/uploads\\\/2024\\\/12\\\/ua-mejlis-logo-rgb.svg\",\"contentUrl\":\"https:\\\/\\\/qtmm.org\\\/wp-content\\\/uploads\\\/2024\\\/12\\\/ua-mejlis-logo-rgb.svg\",\"caption\":\"\u041c\u0435\u0434\u0436\u043b\u0456\u0441\"},\"image\":{\"@id\":\"https:\\\/\\\/qtmm.org\\\/qt\\\/#\\\/schema\\\/logo\\\/image\\\/\"},\"sameAs\":[\"https:\\\/\\\/www.facebook.com\\\/qtmm.info\\\/\"]},{\"@type\":\"Person\",\"@id\":\"https:\\\/\\\/qtmm.org\\\/qt\\\/#\\\/schema\\\/person\\\/de562469f971dec226ac06e60bbf74a7\",\"name\":\"Developer\",\"image\":{\"@type\":\"ImageObject\",\"inLanguage\":\"qt\",\"@id\":\"https:\\\/\\\/secure.gravatar.com\\\/avatar\\\/392b4cc8fbfeb00b39dfeeab4ee6edded39ffd48e25858637e4765810300227e?s=96&d=mm&r=g\",\"url\":\"https:\\\/\\\/secure.gravatar.com\\\/avatar\\\/392b4cc8fbfeb00b39dfeeab4ee6edded39ffd48e25858637e4765810300227e?s=96&d=mm&r=g\",\"contentUrl\":\"https:\\\/\\\/secure.gravatar.com\\\/avatar\\\/392b4cc8fbfeb00b39dfeeab4ee6edded39ffd48e25858637e4765810300227e?s=96&d=mm&r=g\",\"caption\":\"Developer\"},\"url\":\"https:\\\/\\\/qtmm.org\\\/qt\\\/author\\\/Developer\\\/\"}]}<\/script>\n<!-- \/ Yoast SEO plugin. -->","yoast_head_json":{"title":"2013 senesi avgust 4 k\u00fcn\u00fc Milliy Meclis reisi Mustafa Cemilev \u00dcmreden qaytt\u0131 - \u041c\u0435\u0434\u0436\u043b\u0456\u0441","robots":{"index":"index","follow":"follow","max-snippet":"max-snippet:-1","max-image-preview":"max-image-preview:large","max-video-preview":"max-video-preview:-1"},"canonical":"https:\/\/qtmm.org\/qt\/2013-senesi-avgust-4-kunu-milliy-meclis-reisi-mustafa-cemilev-umreden-qaytti\/","og_locale":"en_US","og_type":"article","og_title":"2013 senesi avgust 4 k\u00fcn\u00fc Milliy Meclis reisi Mustafa Cemilev \u00dcmreden qaytt\u0131 - \u041c\u0435\u0434\u0436\u043b\u0456\u0441","og_description":"&#8220;Simferopol&#8221; ava liman\u0131nda Meclis reisi Mustafa Cemilevni Q\u0131r\u0131m musulmanlar\u0131n\u0131\u00f1 m\u00fcftisi haci Emirali Ablayev qar\u015f\u0131lad\u0131 ve er bir musulman i\u00e7\u00fcn farz old\u0131\u011f\u0131 muqaddes yerlerge yapqan ziyareti ile samimiy hay\u0131rlad\u0131. Bun\u0131\u00f1 kibi de Meclis reisi Mustaf\u0131 Cemilevni on\u0131\u00f1 muavini Ahtem \u00c7iygoz, Q\u0131r\u0131m musulmanlar\u0131 m\u00fcftisini\u00f1 muavini Ayder \u0130smailov, &#8220;Q\u0131r\u0131m&#8221; hayriye fondun\u0131\u00f1 direktor\u0131 Riza \u015eevkiyev, haci Enver \u00dcmerov ve [&hellip;]","og_url":"https:\/\/qtmm.org\/qt\/2013-senesi-avgust-4-kunu-milliy-meclis-reisi-mustafa-cemilev-umreden-qaytti\/","og_site_name":"\u041c\u0435\u0434\u0436\u043b\u0456\u0441","article_publisher":"https:\/\/www.facebook.com\/qtmm.info\/","article_published_time":"2013-08-05T12:55:00+00:00","article_modified_time":"2022-01-25T12:56:33+00:00","og_image":[{"width":800,"height":600,"url":"https:\/\/qtmm.org\/wp-content\/uploads\/2022\/01\/mekka.jpeg","type":"image\/jpeg"}],"author":"Developer","twitter_card":"summary_large_image","twitter_misc":{"Written by":"Developer","Est. reading time":"2 minutes"},"schema":{"@context":"https:\/\/schema.org","@graph":[{"@type":"Article","@id":"https:\/\/qtmm.org\/qt\/2013-senesi-avgust-4-kunu-milliy-meclis-reisi-mustafa-cemilev-umreden-qaytti\/#article","isPartOf":{"@id":"https:\/\/qtmm.org\/qt\/2013-senesi-avgust-4-kunu-milliy-meclis-reisi-mustafa-cemilev-umreden-qaytti\/"},"author":{"name":"Developer","@id":"https:\/\/qtmm.org\/qt\/#\/schema\/person\/de562469f971dec226ac06e60bbf74a7"},"headline":"2013 senesi avgust 4 k\u00fcn\u00fc Milliy Meclis reisi Mustafa Cemilev \u00dcmreden qaytt\u0131","datePublished":"2013-08-05T12:55:00+00:00","dateModified":"2022-01-25T12:56:33+00:00","mainEntityOfPage":{"@id":"https:\/\/qtmm.org\/qt\/2013-senesi-avgust-4-kunu-milliy-meclis-reisi-mustafa-cemilev-umreden-qaytti\/"},"wordCount":416,"commentCount":0,"publisher":{"@id":"https:\/\/qtmm.org\/qt\/#organization"},"image":{"@id":"https:\/\/qtmm.org\/qt\/2013-senesi-avgust-4-kunu-milliy-meclis-reisi-mustafa-cemilev-umreden-qaytti\/#primaryimage"},"thumbnailUrl":"https:\/\/qtmm.org\/wp-content\/uploads\/2022\/01\/mekka.jpeg","articleSection":["Haberler"],"inLanguage":"qt","potentialAction":[{"@type":"CommentAction","name":"Comment","target":["https:\/\/qtmm.org\/qt\/2013-senesi-avgust-4-kunu-milliy-meclis-reisi-mustafa-cemilev-umreden-qaytti\/#respond"]}]},{"@type":"WebPage","@id":"https:\/\/qtmm.org\/qt\/2013-senesi-avgust-4-kunu-milliy-meclis-reisi-mustafa-cemilev-umreden-qaytti\/","url":"https:\/\/qtmm.org\/qt\/2013-senesi-avgust-4-kunu-milliy-meclis-reisi-mustafa-cemilev-umreden-qaytti\/","name":"2013 senesi avgust 4 k\u00fcn\u00fc Milliy Meclis reisi Mustafa Cemilev \u00dcmreden qaytt\u0131 - \u041c\u0435\u0434\u0436\u043b\u0456\u0441","isPartOf":{"@id":"https:\/\/qtmm.org\/qt\/#website"},"primaryImageOfPage":{"@id":"https:\/\/qtmm.org\/qt\/2013-senesi-avgust-4-kunu-milliy-meclis-reisi-mustafa-cemilev-umreden-qaytti\/#primaryimage"},"image":{"@id":"https:\/\/qtmm.org\/qt\/2013-senesi-avgust-4-kunu-milliy-meclis-reisi-mustafa-cemilev-umreden-qaytti\/#primaryimage"},"thumbnailUrl":"https:\/\/qtmm.org\/wp-content\/uploads\/2022\/01\/mekka.jpeg","datePublished":"2013-08-05T12:55:00+00:00","dateModified":"2022-01-25T12:56:33+00:00","breadcrumb":{"@id":"https:\/\/qtmm.org\/qt\/2013-senesi-avgust-4-kunu-milliy-meclis-reisi-mustafa-cemilev-umreden-qaytti\/#breadcrumb"},"inLanguage":"qt","potentialAction":[{"@type":"ReadAction","target":["https:\/\/qtmm.org\/qt\/2013-senesi-avgust-4-kunu-milliy-meclis-reisi-mustafa-cemilev-umreden-qaytti\/"]}]},{"@type":"ImageObject","inLanguage":"qt","@id":"https:\/\/qtmm.org\/qt\/2013-senesi-avgust-4-kunu-milliy-meclis-reisi-mustafa-cemilev-umreden-qaytti\/#primaryimage","url":"https:\/\/qtmm.org\/wp-content\/uploads\/2022\/01\/mekka.jpeg","contentUrl":"https:\/\/qtmm.org\/wp-content\/uploads\/2022\/01\/mekka.jpeg","width":800,"height":600},{"@type":"BreadcrumbList","@id":"https:\/\/qtmm.org\/qt\/2013-senesi-avgust-4-kunu-milliy-meclis-reisi-mustafa-cemilev-umreden-qaytti\/#breadcrumb","itemListElement":[{"@type":"ListItem","position":1,"name":"\u0413\u043e\u043b\u043e\u0432\u043d\u0430","item":"https:\/\/qtmm.org\/qt\/"},{"@type":"ListItem","position":2,"name":"2013 senesi avgust 4 k\u00fcn\u00fc Milliy Meclis reisi Mustafa Cemilev \u00dcmreden qaytt\u0131"}]},{"@type":"WebSite","@id":"https:\/\/qtmm.org\/qt\/#website","url":"https:\/\/qtmm.org\/qt\/","name":"\u041c\u0435\u0434\u0436\u043b\u0456\u0441","description":"","publisher":{"@id":"https:\/\/qtmm.org\/qt\/#organization"},"potentialAction":[{"@type":"SearchAction","target":{"@type":"EntryPoint","urlTemplate":"https:\/\/qtmm.org\/qt\/?s={search_term_string}"},"query-input":{"@type":"PropertyValueSpecification","valueRequired":true,"valueName":"search_term_string"}}],"inLanguage":"qt"},{"@type":"Organization","@id":"https:\/\/qtmm.org\/qt\/#organization","name":"\u041c\u0435\u0434\u0436\u043b\u0456\u0441","url":"https:\/\/qtmm.org\/qt\/","logo":{"@type":"ImageObject","inLanguage":"qt","@id":"https:\/\/qtmm.org\/qt\/#\/schema\/logo\/image\/","url":"https:\/\/qtmm.org\/wp-content\/uploads\/2024\/12\/ua-mejlis-logo-rgb.svg","contentUrl":"https:\/\/qtmm.org\/wp-content\/uploads\/2024\/12\/ua-mejlis-logo-rgb.svg","caption":"\u041c\u0435\u0434\u0436\u043b\u0456\u0441"},"image":{"@id":"https:\/\/qtmm.org\/qt\/#\/schema\/logo\/image\/"},"sameAs":["https:\/\/www.facebook.com\/qtmm.info\/"]},{"@type":"Person","@id":"https:\/\/qtmm.org\/qt\/#\/schema\/person\/de562469f971dec226ac06e60bbf74a7","name":"Developer","image":{"@type":"ImageObject","inLanguage":"qt","@id":"https:\/\/secure.gravatar.com\/avatar\/392b4cc8fbfeb00b39dfeeab4ee6edded39ffd48e25858637e4765810300227e?s=96&d=mm&r=g","url":"https:\/\/secure.gravatar.com\/avatar\/392b4cc8fbfeb00b39dfeeab4ee6edded39ffd48e25858637e4765810300227e?s=96&d=mm&r=g","contentUrl":"https:\/\/secure.gravatar.com\/avatar\/392b4cc8fbfeb00b39dfeeab4ee6edded39ffd48e25858637e4765810300227e?s=96&d=mm&r=g","caption":"Developer"},"url":"https:\/\/qtmm.org\/qt\/author\/Developer\/"}]}},"_links":{"self":[{"href":"https:\/\/qtmm.org\/qt\/wp-json\/wp\/v2\/posts\/38719","targetHints":{"allow":["GET"]}}],"collection":[{"href":"https:\/\/qtmm.org\/qt\/wp-json\/wp\/v2\/posts"}],"about":[{"href":"https:\/\/qtmm.org\/qt\/wp-json\/wp\/v2\/types\/post"}],"author":[{"embeddable":true,"href":"https:\/\/qtmm.org\/qt\/wp-json\/wp\/v2\/users\/1"}],"replies":[{"embeddable":true,"href":"https:\/\/qtmm.org\/qt\/wp-json\/wp\/v2\/comments?post=38719"}],"version-history":[{"count":1,"href":"https:\/\/qtmm.org\/qt\/wp-json\/wp\/v2\/posts\/38719\/revisions"}],"predecessor-version":[{"id":38720,"href":"https:\/\/qtmm.org\/qt\/wp-json\/wp\/v2\/posts\/38719\/revisions\/38720"}],"wp:featuredmedia":[{"embeddable":true,"href":"https:\/\/qtmm.org\/qt\/wp-json\/wp\/v2\/media\/38714"}],"wp:attachment":[{"href":"https:\/\/qtmm.org\/qt\/wp-json\/wp\/v2\/media?parent=38719"}],"wp:term":[{"taxonomy":"category","embeddable":true,"href":"https:\/\/qtmm.org\/qt\/wp-json\/wp\/v2\/categories?post=38719"},{"taxonomy":"post_tag","embeddable":true,"href":"https:\/\/qtmm.org\/qt\/wp-json\/wp\/v2\/tags?post=38719"}],"curies":[{"name":"wp","href":"https:\/\/api.w.org\/{rel}","templated":true}]}}