




{"id":38711,"date":"2013-08-05T15:50:00","date_gmt":"2013-08-05T12:50:00","guid":{"rendered":"http:\/\/qtmm.org\/?p=38711"},"modified":"2022-01-25T15:50:39","modified_gmt":"2022-01-25T12:50:39","slug":"hayser-cemilevnin-advokati-aleksandr-lesovoy-aqmescit-seeri-kiyev-rayon-mahkemesinden-qabaatlanicini-kiyevge-alip-ketmemelerini-soray","status":"publish","type":"post","link":"https:\/\/qtmm.org\/qt\/hayser-cemilevnin-advokati-aleksandr-lesovoy-aqmescit-seeri-kiyev-rayon-mahkemesinden-qabaatlanicini-kiyevge-alip-ketmemelerini-soray\/","title":{"rendered":"Hayser Cemilevni\u00f1 advokat\u0131 Aleksandr Lesovoy Aqmescit \u015feeri Kiyev rayon mahkemesinden qabaatlan\u0131c\u0131n\u0131 Kiyevge al\u0131p ketmemelerini soray"},"content":{"rendered":"\n<p>Alekksandr Lesovoy Aqmescit \u015feeri Kiyev rayon mahkemesinini \u00fck\u00fcminen raz\u0131 degil, \u00e7\u00fcnki \u00fck\u00fcmni\u00f1 yerine ketirilmesi Hayser Cemilevni Aqmescitten Kiyevge eskort ile al\u0131p et\u00fcvnen ba\u011fl\u0131d\u0131r. Advokat emin ki eskortluk H. Cemilevni\u00f1 ruhiy sa\u011fl\u0131\u011f\u0131 i\u00e7\u00fcn tel\u00fckelidir. &#8220;Uzun s\u00fcrecek eskortluk ve mahsus psihatrik te\u015fker\u00fcv \u015f\u00fcbelenicini\u00f1 ruhiy hastal\u0131\u011f\u0131na b\u00fcy\u00fck zarar ketire bilir&#8221;, &#8211; dep qayd etti Lesovoy.<br><br>A. Lesovoy \u015fun\u0131 da qayd etti ki, al-az\u0131rda Ukraina devlet penitentsiar h\u0131zmeti m\u00fcessiselerinde ve ruhiy hastal\u0131qlar\u0131na \u015f\u00fcbe mevcut ol\u011fan \u015fahs\u0131larn\u0131\u00f1 Aqmescitten Kiyevge qadar, olarn\u0131\u00f1 sa\u011fl\u0131\u011f\u0131n\u0131 zarar ketirmeden eskortluk i\u00e7\u00fcn zarur \u015farait yoqt\u0131r.<\/p>\n\n\n\n<p>Hayser Cemilevni\u00f1 advokat Aleksandr Lessovoy b\u00f6yle \u015faraitler olma\u011fan\u0131 sebebinden kerekli psihologo-psihiatrik ve narkologik te\u015fker\u00fcv Aqmescitte 1-nci Q\u0131r\u0131m Ruhiy hastalar hastahanesinde Ukraina \u0130\u00e7timaiy ve mahkeme psihiatriyas\u0131 ilmiy-tedqiqat institut\u0131 hadimlerini\u00f1 i\u015ftirak\u00e7inde ke\u00e7irmeleri m\u00fcmk\u00fcn, dep saya.<\/p>\n","protected":false},"excerpt":{"rendered":"<p>Alekksandr Lesovoy Aqmescit \u015feeri Kiyev rayon mahkemesinini \u00fck\u00fcminen raz\u0131 degil, \u00e7\u00fcnki \u00fck\u00fcmni\u00f1 yerine ketirilmesi Hayser Cemilevni Aqmescitten Kiyevge eskort ile al\u0131p et\u00fcvnen ba\u011fl\u0131d\u0131r. Advokat emin ki eskortluk H. Cemilevni\u00f1 ruhiy sa\u011fl\u0131\u011f\u0131 i\u00e7\u00fcn tel\u00fckelidir. &#8220;Uzun s\u00fcrecek eskortluk ve mahsus psihatrik te\u015fker\u00fcv \u015f\u00fcbelenicini\u00f1 ruhiy hastal\u0131\u011f\u0131na b\u00fcy\u00fck zarar ketire bilir&#8221;, &#8211; dep qayd etti Lesovoy. A. Lesovoy \u015fun\u0131 [&hellip;]<\/p>\n","protected":false},"author":1,"featured_media":0,"comment_status":"open","ping_status":"open","sticky":false,"template":"","format":"standard","meta":{"inline_featured_image":false,"footnotes":""},"categories":[265],"tags":[],"class_list":["post-38711","post","type-post","status-publish","format-standard","hentry","category-haberler"],"acf":[],"yoast_head":"<!-- This site is optimized with the Yoast SEO plugin v27.4 - https:\/\/yoast.com\/product\/yoast-seo-wordpress\/ -->\n<title>Hayser Cemilevni\u00f1 advokat\u0131 Aleksandr Lesovoy Aqmescit \u015feeri Kiyev rayon mahkemesinden qabaatlan\u0131c\u0131n\u0131 Kiyevge al\u0131p ketmemelerini soray - \u041c\u0435\u0434\u0436\u043b\u0456\u0441<\/title>\n<meta name=\"robots\" content=\"index, follow, max-snippet:-1, max-image-preview:large, max-video-preview:-1\" \/>\n<link rel=\"canonical\" href=\"https:\/\/qtmm.org\/qt\/hayser-cemilevnin-advokati-aleksandr-lesovoy-aqmescit-seeri-kiyev-rayon-mahkemesinden-qabaatlanicini-kiyevge-alip-ketmemelerini-soray\/\" \/>\n<meta property=\"og:locale\" content=\"en_US\" \/>\n<meta property=\"og:type\" content=\"article\" \/>\n<meta property=\"og:title\" content=\"Hayser Cemilevni\u00f1 advokat\u0131 Aleksandr Lesovoy Aqmescit \u015feeri Kiyev rayon mahkemesinden qabaatlan\u0131c\u0131n\u0131 Kiyevge al\u0131p ketmemelerini soray - \u041c\u0435\u0434\u0436\u043b\u0456\u0441\" \/>\n<meta property=\"og:description\" content=\"Alekksandr Lesovoy Aqmescit \u015feeri Kiyev rayon mahkemesinini \u00fck\u00fcminen raz\u0131 degil, \u00e7\u00fcnki \u00fck\u00fcmni\u00f1 yerine ketirilmesi Hayser Cemilevni Aqmescitten Kiyevge eskort ile al\u0131p et\u00fcvnen ba\u011fl\u0131d\u0131r. Advokat emin ki eskortluk H. Cemilevni\u00f1 ruhiy sa\u011fl\u0131\u011f\u0131 i\u00e7\u00fcn tel\u00fckelidir. &#8220;Uzun s\u00fcrecek eskortluk ve mahsus psihatrik te\u015fker\u00fcv \u015f\u00fcbelenicini\u00f1 ruhiy hastal\u0131\u011f\u0131na b\u00fcy\u00fck zarar ketire bilir&#8221;, &#8211; dep qayd etti Lesovoy. A. Lesovoy \u015fun\u0131 [&hellip;]\" \/>\n<meta property=\"og:url\" content=\"https:\/\/qtmm.org\/qt\/hayser-cemilevnin-advokati-aleksandr-lesovoy-aqmescit-seeri-kiyev-rayon-mahkemesinden-qabaatlanicini-kiyevge-alip-ketmemelerini-soray\/\" \/>\n<meta property=\"og:site_name\" content=\"\u041c\u0435\u0434\u0436\u043b\u0456\u0441\" \/>\n<meta property=\"article:publisher\" content=\"https:\/\/www.facebook.com\/qtmm.info\/\" \/>\n<meta property=\"article:published_time\" content=\"2013-08-05T12:50:00+00:00\" \/>\n<meta property=\"article:modified_time\" content=\"2022-01-25T12:50:39+00:00\" \/>\n<meta name=\"author\" content=\"Developer\" \/>\n<meta name=\"twitter:card\" content=\"summary_large_image\" \/>\n<meta name=\"twitter:label1\" content=\"Written by\" \/>\n\t<meta name=\"twitter:data1\" content=\"Developer\" \/>\n\t<meta name=\"twitter:label2\" content=\"Est. reading time\" \/>\n\t<meta name=\"twitter:data2\" content=\"1 minute\" \/>\n<script type=\"application\/ld+json\" class=\"yoast-schema-graph\">{\"@context\":\"https:\\\/\\\/schema.org\",\"@graph\":[{\"@type\":\"Article\",\"@id\":\"https:\\\/\\\/qtmm.org\\\/qt\\\/hayser-cemilevnin-advokati-aleksandr-lesovoy-aqmescit-seeri-kiyev-rayon-mahkemesinden-qabaatlanicini-kiyevge-alip-ketmemelerini-soray\\\/#article\",\"isPartOf\":{\"@id\":\"https:\\\/\\\/qtmm.org\\\/qt\\\/hayser-cemilevnin-advokati-aleksandr-lesovoy-aqmescit-seeri-kiyev-rayon-mahkemesinden-qabaatlanicini-kiyevge-alip-ketmemelerini-soray\\\/\"},\"author\":{\"name\":\"Developer\",\"@id\":\"https:\\\/\\\/qtmm.org\\\/qt\\\/#\\\/schema\\\/person\\\/de562469f971dec226ac06e60bbf74a7\"},\"headline\":\"Hayser Cemilevni\u00f1 advokat\u0131 Aleksandr Lesovoy Aqmescit \u015feeri Kiyev rayon mahkemesinden qabaatlan\u0131c\u0131n\u0131 Kiyevge al\u0131p ketmemelerini soray\",\"datePublished\":\"2013-08-05T12:50:00+00:00\",\"dateModified\":\"2022-01-25T12:50:39+00:00\",\"mainEntityOfPage\":{\"@id\":\"https:\\\/\\\/qtmm.org\\\/qt\\\/hayser-cemilevnin-advokati-aleksandr-lesovoy-aqmescit-seeri-kiyev-rayon-mahkemesinden-qabaatlanicini-kiyevge-alip-ketmemelerini-soray\\\/\"},\"wordCount\":173,\"commentCount\":0,\"publisher\":{\"@id\":\"https:\\\/\\\/qtmm.org\\\/qt\\\/#organization\"},\"articleSection\":[\"Haberler\"],\"inLanguage\":\"qt\",\"potentialAction\":[{\"@type\":\"CommentAction\",\"name\":\"Comment\",\"target\":[\"https:\\\/\\\/qtmm.org\\\/qt\\\/hayser-cemilevnin-advokati-aleksandr-lesovoy-aqmescit-seeri-kiyev-rayon-mahkemesinden-qabaatlanicini-kiyevge-alip-ketmemelerini-soray\\\/#respond\"]}]},{\"@type\":\"WebPage\",\"@id\":\"https:\\\/\\\/qtmm.org\\\/qt\\\/hayser-cemilevnin-advokati-aleksandr-lesovoy-aqmescit-seeri-kiyev-rayon-mahkemesinden-qabaatlanicini-kiyevge-alip-ketmemelerini-soray\\\/\",\"url\":\"https:\\\/\\\/qtmm.org\\\/qt\\\/hayser-cemilevnin-advokati-aleksandr-lesovoy-aqmescit-seeri-kiyev-rayon-mahkemesinden-qabaatlanicini-kiyevge-alip-ketmemelerini-soray\\\/\",\"name\":\"Hayser Cemilevni\u00f1 advokat\u0131 Aleksandr Lesovoy Aqmescit \u015feeri Kiyev rayon mahkemesinden qabaatlan\u0131c\u0131n\u0131 Kiyevge al\u0131p ketmemelerini soray - \u041c\u0435\u0434\u0436\u043b\u0456\u0441\",\"isPartOf\":{\"@id\":\"https:\\\/\\\/qtmm.org\\\/qt\\\/#website\"},\"datePublished\":\"2013-08-05T12:50:00+00:00\",\"dateModified\":\"2022-01-25T12:50:39+00:00\",\"breadcrumb\":{\"@id\":\"https:\\\/\\\/qtmm.org\\\/qt\\\/hayser-cemilevnin-advokati-aleksandr-lesovoy-aqmescit-seeri-kiyev-rayon-mahkemesinden-qabaatlanicini-kiyevge-alip-ketmemelerini-soray\\\/#breadcrumb\"},\"inLanguage\":\"qt\",\"potentialAction\":[{\"@type\":\"ReadAction\",\"target\":[\"https:\\\/\\\/qtmm.org\\\/qt\\\/hayser-cemilevnin-advokati-aleksandr-lesovoy-aqmescit-seeri-kiyev-rayon-mahkemesinden-qabaatlanicini-kiyevge-alip-ketmemelerini-soray\\\/\"]}]},{\"@type\":\"BreadcrumbList\",\"@id\":\"https:\\\/\\\/qtmm.org\\\/qt\\\/hayser-cemilevnin-advokati-aleksandr-lesovoy-aqmescit-seeri-kiyev-rayon-mahkemesinden-qabaatlanicini-kiyevge-alip-ketmemelerini-soray\\\/#breadcrumb\",\"itemListElement\":[{\"@type\":\"ListItem\",\"position\":1,\"name\":\"\u0413\u043e\u043b\u043e\u0432\u043d\u0430\",\"item\":\"https:\\\/\\\/qtmm.org\\\/qt\\\/\"},{\"@type\":\"ListItem\",\"position\":2,\"name\":\"Hayser Cemilevni\u00f1 advokat\u0131 Aleksandr Lesovoy Aqmescit \u015feeri Kiyev rayon mahkemesinden qabaatlan\u0131c\u0131n\u0131 Kiyevge al\u0131p ketmemelerini soray\"}]},{\"@type\":\"WebSite\",\"@id\":\"https:\\\/\\\/qtmm.org\\\/qt\\\/#website\",\"url\":\"https:\\\/\\\/qtmm.org\\\/qt\\\/\",\"name\":\"\u041c\u0435\u0434\u0436\u043b\u0456\u0441\",\"description\":\"\",\"publisher\":{\"@id\":\"https:\\\/\\\/qtmm.org\\\/qt\\\/#organization\"},\"potentialAction\":[{\"@type\":\"SearchAction\",\"target\":{\"@type\":\"EntryPoint\",\"urlTemplate\":\"https:\\\/\\\/qtmm.org\\\/qt\\\/?s={search_term_string}\"},\"query-input\":{\"@type\":\"PropertyValueSpecification\",\"valueRequired\":true,\"valueName\":\"search_term_string\"}}],\"inLanguage\":\"qt\"},{\"@type\":\"Organization\",\"@id\":\"https:\\\/\\\/qtmm.org\\\/qt\\\/#organization\",\"name\":\"\u041c\u0435\u0434\u0436\u043b\u0456\u0441\",\"url\":\"https:\\\/\\\/qtmm.org\\\/qt\\\/\",\"logo\":{\"@type\":\"ImageObject\",\"inLanguage\":\"qt\",\"@id\":\"https:\\\/\\\/qtmm.org\\\/qt\\\/#\\\/schema\\\/logo\\\/image\\\/\",\"url\":\"https:\\\/\\\/qtmm.org\\\/wp-content\\\/uploads\\\/2024\\\/12\\\/ua-mejlis-logo-rgb.svg\",\"contentUrl\":\"https:\\\/\\\/qtmm.org\\\/wp-content\\\/uploads\\\/2024\\\/12\\\/ua-mejlis-logo-rgb.svg\",\"caption\":\"\u041c\u0435\u0434\u0436\u043b\u0456\u0441\"},\"image\":{\"@id\":\"https:\\\/\\\/qtmm.org\\\/qt\\\/#\\\/schema\\\/logo\\\/image\\\/\"},\"sameAs\":[\"https:\\\/\\\/www.facebook.com\\\/qtmm.info\\\/\"]},{\"@type\":\"Person\",\"@id\":\"https:\\\/\\\/qtmm.org\\\/qt\\\/#\\\/schema\\\/person\\\/de562469f971dec226ac06e60bbf74a7\",\"name\":\"Developer\",\"image\":{\"@type\":\"ImageObject\",\"inLanguage\":\"qt\",\"@id\":\"https:\\\/\\\/secure.gravatar.com\\\/avatar\\\/392b4cc8fbfeb00b39dfeeab4ee6edded39ffd48e25858637e4765810300227e?s=96&d=mm&r=g\",\"url\":\"https:\\\/\\\/secure.gravatar.com\\\/avatar\\\/392b4cc8fbfeb00b39dfeeab4ee6edded39ffd48e25858637e4765810300227e?s=96&d=mm&r=g\",\"contentUrl\":\"https:\\\/\\\/secure.gravatar.com\\\/avatar\\\/392b4cc8fbfeb00b39dfeeab4ee6edded39ffd48e25858637e4765810300227e?s=96&d=mm&r=g\",\"caption\":\"Developer\"},\"url\":\"https:\\\/\\\/qtmm.org\\\/qt\\\/author\\\/Developer\\\/\"}]}<\/script>\n<!-- \/ Yoast SEO plugin. -->","yoast_head_json":{"title":"Hayser Cemilevni\u00f1 advokat\u0131 Aleksandr Lesovoy Aqmescit \u015feeri Kiyev rayon mahkemesinden qabaatlan\u0131c\u0131n\u0131 Kiyevge al\u0131p ketmemelerini soray - \u041c\u0435\u0434\u0436\u043b\u0456\u0441","robots":{"index":"index","follow":"follow","max-snippet":"max-snippet:-1","max-image-preview":"max-image-preview:large","max-video-preview":"max-video-preview:-1"},"canonical":"https:\/\/qtmm.org\/qt\/hayser-cemilevnin-advokati-aleksandr-lesovoy-aqmescit-seeri-kiyev-rayon-mahkemesinden-qabaatlanicini-kiyevge-alip-ketmemelerini-soray\/","og_locale":"en_US","og_type":"article","og_title":"Hayser Cemilevni\u00f1 advokat\u0131 Aleksandr Lesovoy Aqmescit \u015feeri Kiyev rayon mahkemesinden qabaatlan\u0131c\u0131n\u0131 Kiyevge al\u0131p ketmemelerini soray - \u041c\u0435\u0434\u0436\u043b\u0456\u0441","og_description":"Alekksandr Lesovoy Aqmescit \u015feeri Kiyev rayon mahkemesinini \u00fck\u00fcminen raz\u0131 degil, \u00e7\u00fcnki \u00fck\u00fcmni\u00f1 yerine ketirilmesi Hayser Cemilevni Aqmescitten Kiyevge eskort ile al\u0131p et\u00fcvnen ba\u011fl\u0131d\u0131r. Advokat emin ki eskortluk H. Cemilevni\u00f1 ruhiy sa\u011fl\u0131\u011f\u0131 i\u00e7\u00fcn tel\u00fckelidir. &#8220;Uzun s\u00fcrecek eskortluk ve mahsus psihatrik te\u015fker\u00fcv \u015f\u00fcbelenicini\u00f1 ruhiy hastal\u0131\u011f\u0131na b\u00fcy\u00fck zarar ketire bilir&#8221;, &#8211; dep qayd etti Lesovoy. A. Lesovoy \u015fun\u0131 [&hellip;]","og_url":"https:\/\/qtmm.org\/qt\/hayser-cemilevnin-advokati-aleksandr-lesovoy-aqmescit-seeri-kiyev-rayon-mahkemesinden-qabaatlanicini-kiyevge-alip-ketmemelerini-soray\/","og_site_name":"\u041c\u0435\u0434\u0436\u043b\u0456\u0441","article_publisher":"https:\/\/www.facebook.com\/qtmm.info\/","article_published_time":"2013-08-05T12:50:00+00:00","article_modified_time":"2022-01-25T12:50:39+00:00","author":"Developer","twitter_card":"summary_large_image","twitter_misc":{"Written by":"Developer","Est. reading time":"1 minute"},"schema":{"@context":"https:\/\/schema.org","@graph":[{"@type":"Article","@id":"https:\/\/qtmm.org\/qt\/hayser-cemilevnin-advokati-aleksandr-lesovoy-aqmescit-seeri-kiyev-rayon-mahkemesinden-qabaatlanicini-kiyevge-alip-ketmemelerini-soray\/#article","isPartOf":{"@id":"https:\/\/qtmm.org\/qt\/hayser-cemilevnin-advokati-aleksandr-lesovoy-aqmescit-seeri-kiyev-rayon-mahkemesinden-qabaatlanicini-kiyevge-alip-ketmemelerini-soray\/"},"author":{"name":"Developer","@id":"https:\/\/qtmm.org\/qt\/#\/schema\/person\/de562469f971dec226ac06e60bbf74a7"},"headline":"Hayser Cemilevni\u00f1 advokat\u0131 Aleksandr Lesovoy Aqmescit \u015feeri Kiyev rayon mahkemesinden qabaatlan\u0131c\u0131n\u0131 Kiyevge al\u0131p ketmemelerini soray","datePublished":"2013-08-05T12:50:00+00:00","dateModified":"2022-01-25T12:50:39+00:00","mainEntityOfPage":{"@id":"https:\/\/qtmm.org\/qt\/hayser-cemilevnin-advokati-aleksandr-lesovoy-aqmescit-seeri-kiyev-rayon-mahkemesinden-qabaatlanicini-kiyevge-alip-ketmemelerini-soray\/"},"wordCount":173,"commentCount":0,"publisher":{"@id":"https:\/\/qtmm.org\/qt\/#organization"},"articleSection":["Haberler"],"inLanguage":"qt","potentialAction":[{"@type":"CommentAction","name":"Comment","target":["https:\/\/qtmm.org\/qt\/hayser-cemilevnin-advokati-aleksandr-lesovoy-aqmescit-seeri-kiyev-rayon-mahkemesinden-qabaatlanicini-kiyevge-alip-ketmemelerini-soray\/#respond"]}]},{"@type":"WebPage","@id":"https:\/\/qtmm.org\/qt\/hayser-cemilevnin-advokati-aleksandr-lesovoy-aqmescit-seeri-kiyev-rayon-mahkemesinden-qabaatlanicini-kiyevge-alip-ketmemelerini-soray\/","url":"https:\/\/qtmm.org\/qt\/hayser-cemilevnin-advokati-aleksandr-lesovoy-aqmescit-seeri-kiyev-rayon-mahkemesinden-qabaatlanicini-kiyevge-alip-ketmemelerini-soray\/","name":"Hayser Cemilevni\u00f1 advokat\u0131 Aleksandr Lesovoy Aqmescit \u015feeri Kiyev rayon mahkemesinden qabaatlan\u0131c\u0131n\u0131 Kiyevge al\u0131p ketmemelerini soray - \u041c\u0435\u0434\u0436\u043b\u0456\u0441","isPartOf":{"@id":"https:\/\/qtmm.org\/qt\/#website"},"datePublished":"2013-08-05T12:50:00+00:00","dateModified":"2022-01-25T12:50:39+00:00","breadcrumb":{"@id":"https:\/\/qtmm.org\/qt\/hayser-cemilevnin-advokati-aleksandr-lesovoy-aqmescit-seeri-kiyev-rayon-mahkemesinden-qabaatlanicini-kiyevge-alip-ketmemelerini-soray\/#breadcrumb"},"inLanguage":"qt","potentialAction":[{"@type":"ReadAction","target":["https:\/\/qtmm.org\/qt\/hayser-cemilevnin-advokati-aleksandr-lesovoy-aqmescit-seeri-kiyev-rayon-mahkemesinden-qabaatlanicini-kiyevge-alip-ketmemelerini-soray\/"]}]},{"@type":"BreadcrumbList","@id":"https:\/\/qtmm.org\/qt\/hayser-cemilevnin-advokati-aleksandr-lesovoy-aqmescit-seeri-kiyev-rayon-mahkemesinden-qabaatlanicini-kiyevge-alip-ketmemelerini-soray\/#breadcrumb","itemListElement":[{"@type":"ListItem","position":1,"name":"\u0413\u043e\u043b\u043e\u0432\u043d\u0430","item":"https:\/\/qtmm.org\/qt\/"},{"@type":"ListItem","position":2,"name":"Hayser Cemilevni\u00f1 advokat\u0131 Aleksandr Lesovoy Aqmescit \u015feeri Kiyev rayon mahkemesinden qabaatlan\u0131c\u0131n\u0131 Kiyevge al\u0131p ketmemelerini soray"}]},{"@type":"WebSite","@id":"https:\/\/qtmm.org\/qt\/#website","url":"https:\/\/qtmm.org\/qt\/","name":"\u041c\u0435\u0434\u0436\u043b\u0456\u0441","description":"","publisher":{"@id":"https:\/\/qtmm.org\/qt\/#organization"},"potentialAction":[{"@type":"SearchAction","target":{"@type":"EntryPoint","urlTemplate":"https:\/\/qtmm.org\/qt\/?s={search_term_string}"},"query-input":{"@type":"PropertyValueSpecification","valueRequired":true,"valueName":"search_term_string"}}],"inLanguage":"qt"},{"@type":"Organization","@id":"https:\/\/qtmm.org\/qt\/#organization","name":"\u041c\u0435\u0434\u0436\u043b\u0456\u0441","url":"https:\/\/qtmm.org\/qt\/","logo":{"@type":"ImageObject","inLanguage":"qt","@id":"https:\/\/qtmm.org\/qt\/#\/schema\/logo\/image\/","url":"https:\/\/qtmm.org\/wp-content\/uploads\/2024\/12\/ua-mejlis-logo-rgb.svg","contentUrl":"https:\/\/qtmm.org\/wp-content\/uploads\/2024\/12\/ua-mejlis-logo-rgb.svg","caption":"\u041c\u0435\u0434\u0436\u043b\u0456\u0441"},"image":{"@id":"https:\/\/qtmm.org\/qt\/#\/schema\/logo\/image\/"},"sameAs":["https:\/\/www.facebook.com\/qtmm.info\/"]},{"@type":"Person","@id":"https:\/\/qtmm.org\/qt\/#\/schema\/person\/de562469f971dec226ac06e60bbf74a7","name":"Developer","image":{"@type":"ImageObject","inLanguage":"qt","@id":"https:\/\/secure.gravatar.com\/avatar\/392b4cc8fbfeb00b39dfeeab4ee6edded39ffd48e25858637e4765810300227e?s=96&d=mm&r=g","url":"https:\/\/secure.gravatar.com\/avatar\/392b4cc8fbfeb00b39dfeeab4ee6edded39ffd48e25858637e4765810300227e?s=96&d=mm&r=g","contentUrl":"https:\/\/secure.gravatar.com\/avatar\/392b4cc8fbfeb00b39dfeeab4ee6edded39ffd48e25858637e4765810300227e?s=96&d=mm&r=g","caption":"Developer"},"url":"https:\/\/qtmm.org\/qt\/author\/Developer\/"}]}},"_links":{"self":[{"href":"https:\/\/qtmm.org\/qt\/wp-json\/wp\/v2\/posts\/38711","targetHints":{"allow":["GET"]}}],"collection":[{"href":"https:\/\/qtmm.org\/qt\/wp-json\/wp\/v2\/posts"}],"about":[{"href":"https:\/\/qtmm.org\/qt\/wp-json\/wp\/v2\/types\/post"}],"author":[{"embeddable":true,"href":"https:\/\/qtmm.org\/qt\/wp-json\/wp\/v2\/users\/1"}],"replies":[{"embeddable":true,"href":"https:\/\/qtmm.org\/qt\/wp-json\/wp\/v2\/comments?post=38711"}],"version-history":[{"count":1,"href":"https:\/\/qtmm.org\/qt\/wp-json\/wp\/v2\/posts\/38711\/revisions"}],"predecessor-version":[{"id":38712,"href":"https:\/\/qtmm.org\/qt\/wp-json\/wp\/v2\/posts\/38711\/revisions\/38712"}],"wp:attachment":[{"href":"https:\/\/qtmm.org\/qt\/wp-json\/wp\/v2\/media?parent=38711"}],"wp:term":[{"taxonomy":"category","embeddable":true,"href":"https:\/\/qtmm.org\/qt\/wp-json\/wp\/v2\/categories?post=38711"},{"taxonomy":"post_tag","embeddable":true,"href":"https:\/\/qtmm.org\/qt\/wp-json\/wp\/v2\/tags?post=38711"}],"curies":[{"name":"wp","href":"https:\/\/api.w.org\/{rel}","templated":true}]}}