




{"id":38705,"date":"2013-08-01T15:49:00","date_gmt":"2013-08-01T12:49:00","guid":{"rendered":"http:\/\/qtmm.org\/?p=38705"},"modified":"2022-01-25T15:50:09","modified_gmt":"2022-01-25T12:50:09","slug":"mustafa-cemilev-epsi-devletler-icun-bu-qadar-mahatma-gandi-ya-da-martin-luter-kinglerni-qaydan-alirsin-biz-biri-birimizni-sevmege-ogrenmek-kerekmiz","status":"publish","type":"post","link":"https:\/\/qtmm.org\/qt\/mustafa-cemilev-epsi-devletler-icun-bu-qadar-mahatma-gandi-ya-da-martin-luter-kinglerni-qaydan-alirsin-biz-biri-birimizni-sevmege-ogrenmek-kerekmiz\/","title":{"rendered":"Mustafa Cemilev: \u00ab&#8230;Epsi devletler i\u00e7\u00fcn bu qadar Mahatma Gandi ya da Martin L\u00fcter Kinglerni qaydan al\u0131rs\u0131\u00f1? Biz biri-birimizni sevmege \u00f6grenmek kerekmiz\u00bb"},"content":{"rendered":"\n<p><em><strong>Ukrainan\u0131\u00f1 d\u00fcnya cemiyetindeki yeri ve istiqballeri, memlekette siyasiy vaziyet, idare ve parlamentarizm inq\u0131raz\u0131 aqq\u0131nda Ukraina halq deputat\u0131 Mustafa CEM\u0130LEV ile &#8220;Den&#8221; gazetas\u0131 subetle\u015fe<\/strong><\/em><\/p>\n\n\n\n<p>\u2014&nbsp;<strong>Ukraina aqq\u0131nda Avropan\u0131\u00f1 bir par\u00e7as\u0131 olaraq s\u00f6ylenilse, devletimiz ve Avropa Birligi aras\u0131nda munasebetlerni\u00f1 kelecegini nas\u0131l k\u00f6resi\u00f1iz?<\/strong><br><br>\u2014 Almaniya, Poloniya, \u00c7ehiya, Litvaniya, Ukrainada akkreditatsiya etilgen Avropa birligini\u00f1 azalar\u0131 ol\u011fan devletlerni\u00f1 el\u00e7ileri, Avropa Birligini\u00f1 keni\u015flev meseleleri boyunca komissar \u015etefan F\u00fcle ile k\u00f6r\u00fc\u015f\u00fcvlerimden \u015fun\u0131 eminliknen qayd ete bilem ki, er kes Ukrainan\u0131\u00f1 Avropa Birliginde olmas\u0131n\u0131 istey. Amma yal\u0131\u00f1\u0131z Avropa Birligini\u00f1 isteginen i\u015f bitmez, \u00e7oq \u015fey Ukraina\u011fa da ba\u011fl\u0131d\u0131r.<br>Ukraina b\u00fcy\u00fck iqtisadiy ve zek\u00e2 potentsial saibidir. \u00d6z mustaqilligi ve serbestligini qorumaq, inki\u015faf etmek i\u00e7\u00fcn nas\u0131l ki Ukraina Avropa Birligine muhtac olsa, t\u0131pq\u0131 Avropa Birligini\u00f1 de Ukraina\u011fa ihtiyac\u0131 bar, \u00e7\u00fcnki on\u0131\u00f1 sayesinde \u00f6z qudretini artt\u0131ra bilir. L\u00e2kin Avropa Birligini\u00f1 belli bir printsipleri ve standartlar\u0131 bar ki, on\u0131\u00f1 b\u00fct\u00fcn azalar\u0131 olar\u011fa riayet etmelidirler. \u015eimdilik biz bu standartlar\u011fa daa ula\u015famad\u0131q. Bizim ba\u015f bel\u00e2lar\u0131m\u0131z \u2013 uququqoruv ve mahkeme organlar\u0131ndaki qanuns\u0131zl\u0131q, insan aqlar\u0131 saas\u0131nda problemler, bast\u0131r\u0131qlarda mab\u00fcslerni eziyetlev, apshanelerde \u00f6l\u00fcmler artmas\u0131d\u0131r. Alla bersin de, bu y\u0131l\u0131 noyabr ay\u0131nda Viln\u00fcste Azal\u0131q aqq\u0131nda a\u00f1la\u015fma imzalans\u0131n.<br><br><br><strong>\u2014 Avraasiya \u0130qtisadiy Birlikni\u00f1, G\u00fcmr\u00fck birligini\u00f1 istiqballerini nas\u0131l k\u00f6resi\u00f1iz?<\/strong><\/p>\n\n\n\n<p>\u2014 Avropa Birligi ve Avroasiya \u0130qtisadiy Birlikni\u00f1 aras\u0131nda printsipial farq \u015funda ki, birincisine kirmek k\u00fc\u00e7 olsa, ekincisine \u00e7e\u015fit t\u00fcrl\u00fc iqtisadiy usullarn\u0131 qullanaraq zorlap kirsetmege t\u0131r\u0131\u015falar, kirgen so\u00f1ra ise Qazahstan kibi \u00e7\u0131qmaq imk\u00e2ns\u0131z. Ukraina G\u00fcmr\u00fck Birligi taba areket etmek kerek, dep say\u011fanlar delil olaraq bizde i\u015flep \u00e7\u0131qar\u0131l\u011fan mallar \u011farbiy memleketlerdeki mallarnen raqiplik iqtidar\u0131nda olma\u011fan\u0131n\u0131 ketireler. L\u00e2kin, er angi alda \u00f6z mallar\u0131n\u0131\u00f1 raqiplik iqtidar\u0131n\u0131 k\u00f6termek \u00fczerinde \u00e7al\u0131\u015fmaq kerekligi, m\u00fc\u015fterilerni\u00f1 talaplar\u0131 i\u00e7 de\u00f1i\u015fmeycegine i\u015fanmaq olmazl\u0131\u011f\u0131 esapqa al\u0131nmay. Eger G\u00fcmr\u00fck birligine kirmekni red etsek, Rusiye kene gaz fiyat\u0131n\u0131 k\u00f6terecegi, ukrain mallar\u0131n\u0131\u00f1 birlikke kirgen devletlerge ke\u00e7mesine manialar qoyar, degen havf bar. Albuki Ukrainan\u0131\u00f1 bu devletlernen mal alma\u015fuv\u0131 40 fay\u0131zn\u0131 te\u015fkil ete. Aq\u0131l\u0131mda ki, SSSR da\u011f\u0131lmazdan evel Litvaniya \u00f6z mustaqilligini il\u00e2n etkende endi anda askerlerini kirsetmek imk\u00e2n\u0131ndan marum ol\u011fan Moskva Litvaniyan\u0131 energetik qama\u00e7avnen qorquz\u011fan edi. Litvaniyal\u0131lar o zaman \u00f6z serbestliklerini gaz ve elektrikke satmaqn\u0131 asl\u0131 da aq\u0131llar\u0131na ketirmediler. Qama\u00e7avdan \u00e7\u0131qmaq i\u00e7\u00fcn ocaq ve sobalarda a\u015f pi\u015firdiler. \u00dcm\u00fct etem ki, Ukrainan\u0131\u00f1 uzun m\u00fcddetli maqsadlar\u0131 aqq\u0131nda t\u00fc\u015f\u00fcnerek, i\u00e7 bir t\u00fcrl\u00fc \u015fantaj\u011fa berilmemege aq\u0131l\u0131 yeter. Zan\u0131mca, Ukrainan\u0131\u00f1 yeri avropa halqlar\u0131n\u0131\u00f1 birligindedir.<br><br><br><strong>\u2014 T\u00fcrkiyedeki i\u00e7ki munasebetler ve vaziyet kerginle\u015fkenini\u00f1 sebeplerini nas\u0131l izaatlars\u0131\u00f1\u0131z, on\u0131\u00f1 istiqballeri husus\u0131nda tahminleri\u00f1iz nas\u0131l? Ukraina ile munasebetlerine (\u015fimdilik Q\u0131r\u0131m ve q\u0131r\u0131mtatarlar\u011fa toqunmadan) bu ne derecede tesir etebilir?<\/strong><\/p>\n\n\n\n<p>\u2014 Zan\u0131mca, \u0130stanbulda Gezi park\u0131 ile ba\u011fl\u0131 vaqialar\u011fa bizim k\u00fctleviy matbuat vastalar\u0131m\u0131z qarardan ziyade diqqat ve emiyet berdiler. As\u0131l\u0131nda insanlarn\u0131\u00f1 o ya da bu munasebetnen k\u00f6stergen naraz\u0131l\u0131q aktsiyalar\u0131, numay\u0131\u015flar\u0131, polislernen \u00e7at\u0131\u015fmalar d\u00fcnyan\u0131\u00f1 bir \u00e7oq devletlerinde s\u0131q=-s\u0131q ol\u0131p tura. Bu adiselerni ise arap baarinen te\u00f1e\u015ftirmek asl\u0131 da yersiz. Ebet, polislerni\u00f1 insan qurbanlar\u0131na ketirgen qaba areketlerinen raz\u0131 olamam. Zaten, bun\u0131 devletni\u00f1 aliy akimleri de tan\u0131d\u0131lar. Men bellesem, etrafl\u0131ca taqiqat al\u0131p bar\u0131l\u0131p, insanlarn\u0131\u00f1 \u00f6l\u00fcminde su\u00e7l\u0131lar cezalan\u0131rlar. Amma, Gezi park\u0131ndaki adiseler Recep Tayip Erdo\u011fann\u0131 istifa\u011fa yollama\u011fa istegen muhalif k\u00fc\u00e7leri i\u00e7\u00fcn bir mana\u00e7\u0131q old\u0131. Erdo\u011fann\u0131\u00f1 partiyas\u0131 so\u00f1ki se\u00e7imlerde reylerni\u00f1 \u00e7oqlu\u011f\u0131n\u0131 qazan\u011fan\u0131, demek, bir partiyal\u0131 \u00fck\u00fcmetni qurmaq imk\u00e2n saibi ol\u011fan\u0131 ve 10 y\u0131ldan berli i\u00e7 b\u00f6l\u00fcnmeden akimiyet ba\u015f\u0131nda turmas\u0131 olarn\u0131 a\u00e7uvland\u0131ra. Amma baq\u0131\u00f1, bu dur\u011funl\u0131q y\u0131llar\u0131 degil de, em i\u00e7timaiy, em iqtisadiy saalar inki\u015faf etken bir vaq\u0131tta. Tabiiy ki, b\u00f6yle partiya demokratik devlet ealisini\u00f1 \u00e7oqlu\u011f\u0131 aras\u0131nda itibar qazand\u0131. Ya muhalifet de idare etmek istey de! Bu normal bir al. Ve bunda akimiyet inq\u0131raz\u0131 aqq\u0131nda aytma\u011fa delil yoqt\u0131r. Eminim ki, ol\u0131p ke\u00e7ken vaqialar T\u00fcrkiye daima dostane munasebette bulun\u011fan Ukrainanen al\u00e2qalar\u0131na i\u00e7 tesir etmez. Eki devlet aras\u0131ndaki mal alma\u015fuv ise y\u0131lda 20 milliard dollar\u011fa yetmek \u00fczre.<br><br><br><strong>\u2014 Ukraina i\u00e7indeki vaziyet de ep keskinle\u015fe: bir taraftan, eyile\u015f\u00fcv ba\u015flanmad\u0131, halqn\u0131\u00f1 ya\u015fay\u0131\u015f\u0131 ep m\u00fc\u015fk\u00fclle\u015fe, \u00fck\u00fcmet ise cemiyetteki kerginlikni y\u0131m\u015fatmaq i\u00e7\u00fcn i\u00e7 bir \u015fey yapmay, aksine k\u00fc\u00e7ke tayanmaq yollar\u0131n\u0131 t\u00fc\u015f\u00fcne, k\u00fc\u00e7 qurumlar\u0131n\u0131 pekitmekte. Ayn\u0131 zamanda siyaset\u00e7iler Ukrainada semereli muhalifet ve \u00fck\u00fcmetni de\u00f1i\u015ftirip, devletni idare etebilecek, do\u011fru yoldan al\u0131p baracaq ve halqn\u0131\u00f1 ya\u015fay\u0131\u015f\u0131n\u0131 eyile\u015ftirecek liderlerni\u00f1 olma\u011fan\u0131n\u0131 s\u00f6ylemekteler. B\u00f6yle \u00f6g\u00fc qapal\u0131 yoldan nas\u0131l \u00e7\u0131qmal\u0131? \u0130\u00e7ki siyasiy vaziyet nas\u0131l inki\u015faf etecek?<\/strong><br><br>\u2014 Ukraina aqq\u0131nda &#8220;polis devleti&#8221; demek belki \u015fimdilik daa ertedir, amma teess\u00fcf ki, b\u00f6yle tendentsiya bar. Al-az\u0131rda i\u00e7ki i\u015fler organlar\u0131nda endi 357 bi\u00f1 hadim \u00e7al\u0131\u015fa, yani 100 bi\u00f1 adam\u011fa orta qararnen 780 polis. Bu, orta d\u00fcnya seviyesinden, eki kerege \u00e7oq. BMT mal\u00fcmatlar\u0131na k\u00f6re 1000 adam\u011fa 300 i\u00e7ki i\u015fler hadimi do\u011fru kele. Bizde milisler qor\u00e7alamalar\u0131 kerek halq taraf\u0131n\u0131 tutmay\u0131p, qar\u015f\u0131 tarafta ol\u011fan\u0131 milislerni\u00f1 qolunda degil, olarn\u0131\u00f1 ba\u015fqanlar\u0131ndad\u0131r. Mahkemeler do\u011fru \u00fck\u00fcm alalarm\u0131 ya da ya\u00f1l\u0131\u015fm\u0131, milislerni\u00f1 i\u015fi degil. \u015eun\u0131\u00f1 i\u00e7\u00fcn de er \u015fey siyasiy qarar al\u011fan ve buyruq bergenlerge ba\u011fl\u0131d\u0131r.<br>M\u00fchlifet ve olarn\u0131\u00f1 liderlerine kelsek, i\u015fte ne bar, o bar. Liderlerni lider etken cemiyetni\u00f1 \u00f6z\u00fcdir. Amma, eger cemiyet liderler al\u011fan qararlarn\u0131 becermek yerine, \u015fu liderlerni\u00f1 nuqsanlarn\u0131 q\u0131d\u0131rmaqnen me\u015f\u011ful olsa, i\u00e7 bir t\u00fcrl\u00fc netice \u00e7\u0131qmaz. Epsi devletlerge bu qadar Mahatma Gandi ya da Martin L\u00fcter Kinglerni qaydan alaca\u00f1? Ancaq, Mahatma Gandini de \u00f6z yurtda\u015flar\u0131 \u00f6ld\u00fcrdiler, \u00e7\u00fcnki kimdir on\u0131 begenmey edi. Albu ki, on\u0131\u00f1 aqq\u0131nda Albert Eyn\u015fteyn &#8220;Y\u0131llar ke\u00e7er ve insanlar bir zamanlarda b\u00f6yle bir minsiz, efendi insan ya\u015fa\u011fag\u0131na inanmazlar&#8221; degen. \u00d6z halq\u0131n\u0131\u00f1 serbestligi ve mustaqilligi i\u00e7\u00fcn \u00f6m\u00fcrini\u00f1 e\u00f1 parlaq y\u0131llar\u0131n\u0131 sovet kamplar\u0131nda ke\u00e7irgen rahmetli V\u00e2\u00e7eslav \u00c7ernovol b\u0131l e\u00f1 yah\u015f\u0131 ve namusl\u0131 siyasiy liderlerden edi. Endi ise bir hat\u0131rlay\u0131q\u00e7\u0131, on\u0131\u00f1 sa\u011fl\u0131\u011f\u0131nda ne qadar pis s\u00f6zler yaz\u0131l\u011fan edi. Men bun\u0131 ne i\u00e7\u00fcn s\u00f6yleyim, yani biz ufaq-t\u00fcfek a\u00f1la\u015fmamazl\u0131qlarn\u0131, liderlik i\u00e7\u00fcn tala\u015fuvlarn\u0131 kenar\u011fa at\u0131p er angi vaziyette vicdan\u0131m\u0131z\u011fa k\u00f6re i\u015f k\u00f6rmek, biri-birimizni\u00f1 qadrimizge yetmekni orgrenmelimiz. Ana o zaman yolum\u0131z daima a\u00e7\u0131q olur<br><br><strong>\u2014 \u015eimdiki Yuqar\u0131 \u015eura evelkilerinden em i\u015f boyunca, em qanun leyhalar\u0131n\u0131\u00f1 keyfiyetine k\u00f6re e\u00f1 beceriksizidir. Ukrain parlamentarizmini\u00f1 istiqballeri nas\u0131l?<\/strong><br><br>\u2014 Yuqar\u0131 \u015eurada muhalifet minberni blok etkeni i\u00e7\u00fcn bir \u00e7oq meseleler \u00e7ezilmeyip qald\u0131. Amma bun\u0131\u00f1 da sebepleri bar. \u00dck\u00fcmetke meyil bergen \u00e7oqluq &#8220;biz \u00e7oqm\u0131z ve demek \u00f6z oylar\u0131m\u0131znen er angi qararn\u0131 ald\u0131rabilirmiz&#8221; degen printsip boyunca \u00e7al\u0131\u015fmaq olmaz. Olduq\u00e7a a\u00f1la\u015fmaq imk\u00e2nlar\u0131n\u0131 tapmal\u0131. Ebet, \u015fun\u0131 tan\u0131mal\u0131 ki, parlamentimiz bir minsiz degil, amma eminim ki, o olmasa vaziyet daa ziyade beterle\u015firdi. Yani biz avtoritarizm ve totalitarizmge taba tezce tayar edik.<br><br><strong>\u2014 Q\u0131r\u0131m meseleleri boyunca Halqara forumn\u0131 ke\u00e7ir\u00fcv tahminleri nas\u0131l? O ne zaman ke\u00e7irilecek ve nas\u0131l neticelerni elde etebilir?<\/strong><br><br>\u2014 Bu meselenen biz endi \u00fc\u00e7 y\u0131ldan berli o\u011fra\u015f\u0131p kelmektemiz, bizim taraf\u0131m\u0131zdan forumn\u0131\u00f1 ke\u00e7irilmesi i\u00e7\u00fcn pek \u00e7oq i\u015f yap\u0131ld\u0131. Zarur ol\u011fan er \u015fey yap\u0131ld\u0131. Bug\u00fcnde-bug\u00fcn Ukrainada akkreditatsiya etilgen deyerlik epsi devletlerni\u00f1 diplomatlar\u0131 ve halqara te\u015fkil\u00e2tlarn\u0131\u00f1, bun\u0131\u00f1 kibi de Amerika, Kanada, Avropa memleketlerini\u00f1 qoltutuv\u0131na malik old\u0131q. OSCE taraf\u0131ndan meydan\u011fa ketirilgen mahsus tedqiqiy gruppalar q\u0131r\u0131mtatar problemini teren \u00f6grenip, tafsil\u00e2tl\u0131 maruzalar\u0131n\u0131 az\u0131rlad\u0131lar ve problemni\u00f1 tarifinen bir s\u0131rada on\u0131 \u00e7ez\u00fcvni\u00f1 yollar\u0131n\u0131 da teklif ettiler. Yani uquqiy, medeniy, sotsial, tasil meseleleri, qaytuv ve yerle\u015f\u00fcvnen ba\u011fl\u0131 problemlerni \u00e7ez\u00fcv boyunca &#8220;yol haritalar\u0131&#8221; tizildi. Bu problemler \u00e7ezilmesine mahsus halqara fond qurmaq zarurl\u0131\u011f\u0131 da esapqa al\u0131na. L\u00e2kin Ukraina taraf\u0131ndan mezk\u00fcr forumda i\u015ftirak etecegi ya da etmeycegi aqq\u0131nda i\u00e7 bir t\u00fcrl\u00fc cevap yoqt\u0131r. Ukraina Yuqar\u0131 \u015euras\u0131n\u0131\u00f1 \u0130nsan aqlar\u0131n\u0131 qoruv komiteti ad\u0131na yaz\u011fan mekt\u00fcbimizge Ukraina Prezidenti Memuriyeti ba\u015f\u0131n\u0131\u00f1 2013 senesi iy\u00fcn 11-de yolla\u011fan so\u00f1ki mekt\u00fcbinde sorav\u0131m\u0131z Nazirler \u015euras\u0131na yollan\u0131l\u011fan\u0131 bildirile. Elimizde ol\u011fan mal\u00fcmatlar\u011fa k\u00f6re halqara forum \u011fayesinden mahsus h\u0131zmet hadimleri saq\u0131na ekenler. Olarn\u0131\u00f1 fikrince bizler halqara forum yard\u0131m\u0131nen &#8220;Ukraina\u011fa basq\u0131 yapacaq ve devletimizni\u00f1 i\u00e7ki i\u015flerine \u011farp devletlerini\u00f1 qar\u0131\u015fmas\u0131na qoltutacaq&#8221; ekenmiz. Hucur bir vaziyet. Bizim vazifedar insanlar\u0131m\u0131z ve devlet reberleri q\u0131r\u0131mtatarlar problemine toqun\u0131l\u011fan er angi halqara k\u00f6r\u00fc\u015f\u00fcvlerde Ukraina bu problemnen \u00f6z ba\u015f\u0131na qald\u0131, diye \u015fik\u00e2yet eteler. Amma ayn\u0131 zamanda Avropa Birligi, OSCE, BMT qurumlar\u0131 yard\u0131m elini uzatqanda on\u0131 qabul etecek kimse yoqt\u0131r. B\u00f6yle yana\u015fuv elbetteki i\u00e7 kimse i\u00e7\u00fcn elveri\u015fli degil ve bu ne q\u0131r\u0131mtatarlarn\u0131\u00f1 problemini \u00e7ezer, ne de Ukrainan\u0131\u00f1 itibar\u0131n\u0131 y\u00fckseltir.<br><br><strong>\u2014 Bu y\u0131l Ukraina Norilsk vaqias\u0131n\u0131\u00f1 60 y\u0131ll\u0131\u011f\u0131n\u0131 qayd etti. Belli ol\u011fan\u0131na k\u00f6re onda 80 milletke mens\u00fcp ol\u011fan 20 bi\u00f1 siyasiy mahb\u00fcs i\u015ftirak etip, olarn\u0131\u00f1 70 fay\u0131z\u0131 ukrainler edi. &#8220;Den&#8221; gazetini\u00f1 muarririyeti \u015fu tedbirler te\u015fkil\u00e2t\u00e7\u0131lar\u0131 s\u0131ras\u0131nda edi. Ukrainada \u00f6z Vatanlar\u0131 i\u00e7\u00fcn kommunist rejimine qar\u015f\u0131 pek \u00e7oq insan k\u00fcre\u015fti, \u015fu c\u00fcmleden Ukrain millet\u00e7i areketi partiyas\u0131, cezalan\u011fan insanlar, q\u0131r\u0131mtatarlar da. Amma bularn\u0131\u00f1 i\u00e7 birisine Ukraina te\u015fekk\u00fcr bildirmedi, albu ki olar Ukraina i\u00e7\u00fcn canlar\u0131n\u0131 feda ettiler. Ne i\u00e7\u00fcn b\u00f6yle ola?<\/strong><br><br>\u2014 Bir zamanda Index ingliz dergisinde 70-nci senelerni\u00f1 ba\u015f\u0131nda oqu\u011fan edim ki, &#8220;Emnisti \u0130nterney\u015fnl&#8221;n\u0131\u00f1 mal\u00fcmatlar\u0131na k\u00f6re SSSRdeki siyasiy mahb\u00fcslerni\u00f1 40 fay\u0131z\u0131ndan ziyadesi ukrainler te\u015fkil etken. Bu memleket ealisinde ukrainler say\u0131s\u0131ndan eki qat \u00e7oq\u00e7ad\u0131r. Tabiiy ki, Norilsk vaqialar\u0131nda da ukrainler \u00e7oqluq ediler. Bu kamptaki isyan e\u00f1 \u00e7oqki\u015fili aktsiya ol\u0131p, onda 30 bi\u00f1 i\u015ftirak etti. On\u0131\u00f1 te\u015fkil\u00e2t\u00e7\u0131lar\u0131n\u0131\u00f1 medeniy \u015fekilde areket yapqanlar\u0131 sayesinde nisbeten az adam(tahminen 150 mahb\u00fcs) el\u00e2k old\u0131. \u0130syan k\u00f6tergenler \u015fun\u0131 isbat ettiler ki, sovet kamplar\u0131nda bile zorbal\u0131qqa qar\u015f\u0131 turmaq ve belli bir ye\u00f1i\u015flerni elde etmek m\u00fcmk\u00fcndir. Ayn\u0131 \u015fu isyandan so\u00f1 sovet imperiyas\u0131 biraz y\u0131m\u015fap ba\u015flad\u0131. Norilsk isyan\u0131n\u0131\u00f1 60 y\u0131ll\u0131\u011f\u0131 Litvaniyada da qayd etildi, \u00e7\u00fcnki onda \u00fc\u00e7 bi\u00f1ge yaq\u0131n litvaniyalar i\u015ftirak etken ediler. Amma anda Ukrainadaki kibi degil de, Seym binas\u0131nda devletni\u00f1 k\u00f6r\u00fcmli erbaplar\u0131n\u0131\u00f1 i\u015ftirakinde ke\u00e7irildi.<\/p>\n\n\n\n<p>Ukraina \u00f6z devletini\u00f1 mustaqilligi ve serbestligi i\u00e7\u00fcn areket veteranlar\u0131n\u0131\u00f1 q\u0131ymetini bilmey. \u00c7\u00fcnki Ukraina mustaqillikni elde etkende akimiyet ba\u015f\u0131na \u015fu mustaqillik i\u00e7\u00fcn k\u00fcre\u015fkenler degil de, o k\u00fcre\u015fni bast\u0131r\u011fan partiyan\u0131\u00f1 vekilleri ke\u00e7tiler. Aq\u0131l\u0131mdaki, \u0130nsan aqlar\u0131 boyunca komitette bir deputat sab\u0131q siyasiy mahb\u00fcslerge berilgen nefaqan\u0131\u00f1 miqdar\u0131n\u0131 biraz artt\u0131rmaq teklifi muzakere etilgende, bun\u0131 \u00f6m\u00fcrge ke\u00e7irecek qanun leyhas\u0131n\u0131 b\u00fccet q\u0131tl\u0131\u011f\u0131 sebebinden keri qaytard\u0131lar. Men o zama ni\u015f para q\u0131tl\u0131\u011f\u0131nda degil de, vicdan q\u0131tl\u0131\u011f\u0131nda degen edim. \u00c7\u00fcnki insanlar k\u00fcre\u015fte para ya da imtiyazlar i\u00e7\u00fcn i\u015ftirak etmediler, canlar\u0131n\u0131 orta\u011fa qoyd\u0131lar. Ve bu insanlar \u00f6z \u00f6m\u00fcrlerini muhtacl\u0131qta ke\u00e7irmeleri memleket i\u00e7\u00fcn ay\u0131pt\u0131r.<br><br><br><br><strong><em><u>&#8220;Den&#8221; gazetini\u00f1 mal\u00fcmat\u0131<\/u><\/em><\/strong><br><br>Me\u015fur ukrain siyaset\u00e7isi, q\u0131r\u0131mtatar halq\u0131 milliy areketini\u00f1 yetek\u00e7ilerinden biri Mustafa Cemilev 1944 senesi alt\u0131 ayl\u0131q bala ekende b\u00fct\u00fcn q\u0131r\u0131mtatar halq\u0131 ile ana-babas\u0131nen beraber Q\u0131r\u0131mdan s\u00fcrg\u00fcn etildi. 1960 senelerden itibaren Ta\u015fkentte Q\u0131r\u0131mtatar gen\u00e7lerini\u00f1 birliginden ba\u015flap q\u0131r\u0131mtatar halq\u0131 milliy areketinde i\u015ftirak ete. SSSRde demokratiya tiklenmesi ve q\u0131r\u0131mtatarlarn\u0131\u00f1 Vatan\u011fa qaytar\u0131lmas\u0131 i\u00e7\u00fcn k\u00fcre\u015fteki i\u015ftiraki i\u00e7\u00fcn 7 kere mahkeme etile, &#8220;sovet qurum\u0131na qar\u015f\u0131 fikirleri i\u00e7\u00fcn&#8221; 15 y\u0131l apshane ve kamplarda otur\u0131p \u00e7\u0131qt\u0131. 1969 senesi Moskvada SSSRde insan aqlar\u0131n\u0131 qor\u00e7alav te\u015febb\u00fcs\u00e7i gruppan\u0131\u00f1 quruc\u0131lar\u0131ndan birisidir. 1975 senesi iy\u00fcn 27 k\u00fcn\u00fc akademik Andrey Saharov a\u00e7\u0131q mekt\u00fcple BMT Ba\u015f k\u00e2tibi Kurt Valdhaym\u011fa, &#8220;Halqara afet\u00fcv&#8221; te\u015fkil\u00e2t\u0131na, musulman devletleri liderlerine, halqara cemaat\u00e7\u0131l\u0131qqa Mustafa Cemilevni azat et\u00fcvde k\u00fc\u00e7lerni birle\u015ftirmek ricas\u0131nen muracaatta buluna. 1975-1976 y\u0131llarda Mustafa Cemilev Omsk apshanesinde a\u00e7l\u0131q tut\u0131. A\u00e7l\u0131q 303 k\u00fcn devam etti. 1975 senesi noyabr 6 k\u00fcn\u00fc uquqqoruv areketini\u00f1 vekili Andrey Grigorenko ve ba\u015fqalar\u0131 Mustafa Cemilevni imaye etmek te\u015febb\u00fcsinen Amerikada ne\u015fir etilgen &#8220;Rus fikiri&#8221; gazeti vastas\u0131nen \u00e7\u0131qt\u0131lar. 1983 senesi o, muarrirlik ettigi &#8220;Musa Mamut ad\u0131na q\u0131r\u0131mtatarlar te\u015febb\u00fcs\u00e7i gruppas\u0131n\u0131\u00f1 \u0130nformatsion b\u00fclleten&#8221;ni gizli \u00e7\u0131qar\u0131p ba\u015flad\u0131. 1987\u20141989 y\u0131llar zarf\u0131nda Mustafa Cemilev Merkeziy q\u0131r\u0131mtatar te\u015febb\u00fcs\u00e7i gruppas\u0131n\u0131\u00f1 yolba\u015f\u00e7\u0131s\u0131 old\u0131. 1989 senesinden 1991 senesine qadar Q\u0131r\u0131mtatar halq\u0131 milliy areket te\u015fkil\u00e2t\u0131n\u0131\u00f1 reisi old\u0131. S\u00fcrg\u00fcnlikten \u011fayr\u0131dan quruv vaqt\u0131nda azat etildi. 1989 senesi ailesinen Q\u0131r\u0131m\u011fa qaytt\u0131. 1991 senesi iy\u00fcn ay\u0131nda Milliy Meclis reisi olaraq sayland\u0131.<br>&nbsp;<\/p>\n\n\n\n<p class=\"has-text-align-right\"><em><strong>Nikolay Semena<\/strong><\/em><\/p>\n\n\n\n<p class=\"has-text-align-right\"><a href=\"http:\/\/www.day.kiev.ua\/ru\" target=\"_blank\" rel=\"noreferrer noopener\"><em><strong>&#8220;Den&#8221; aftla\u0131q ukrain gazeti<\/strong><\/em><\/a><\/p>\n\n\n\n<p class=\"has-text-align-right\"><strong>Lenyara Abibulayevan\u0131\u00f1 fotolar\u0131<\/strong><\/p>\n","protected":false},"excerpt":{"rendered":"<p>Ukrainan\u0131\u00f1 d\u00fcnya cemiyetindeki yeri ve istiqballeri, memlekette siyasiy vaziyet, idare ve parlamentarizm inq\u0131raz\u0131 aqq\u0131nda Ukraina halq deputat\u0131 Mustafa CEM\u0130LEV ile &#8220;Den&#8221; gazetas\u0131 subetle\u015fe \u2014&nbsp;Ukraina aqq\u0131nda Avropan\u0131\u00f1 bir par\u00e7as\u0131 olaraq s\u00f6ylenilse, devletimiz ve Avropa Birligi aras\u0131nda munasebetlerni\u00f1 kelecegini nas\u0131l k\u00f6resi\u00f1iz? \u2014 Almaniya, Poloniya, \u00c7ehiya, Litvaniya, Ukrainada akkreditatsiya etilgen Avropa birligini\u00f1 azalar\u0131 ol\u011fan devletlerni\u00f1 el\u00e7ileri, Avropa Birligini\u00f1 [&hellip;]<\/p>\n","protected":false},"author":1,"featured_media":38706,"comment_status":"open","ping_status":"open","sticky":false,"template":"","format":"standard","meta":{"inline_featured_image":false,"footnotes":""},"categories":[265],"tags":[],"class_list":["post-38705","post","type-post","status-publish","format-standard","has-post-thumbnail","hentry","category-haberler"],"acf":[],"yoast_head":"<!-- This site is optimized with the Yoast SEO plugin v27.4 - https:\/\/yoast.com\/product\/yoast-seo-wordpress\/ -->\n<title>Mustafa Cemilev: \u00ab...Epsi devletler i\u00e7\u00fcn bu qadar Mahatma Gandi ya da Martin L\u00fcter Kinglerni qaydan al\u0131rs\u0131\u00f1? Biz biri-birimizni sevmege \u00f6grenmek kerekmiz\u00bb - \u041c\u0435\u0434\u0436\u043b\u0456\u0441<\/title>\n<meta name=\"robots\" content=\"index, follow, max-snippet:-1, max-image-preview:large, max-video-preview:-1\" \/>\n<link rel=\"canonical\" href=\"https:\/\/qtmm.org\/qt\/mustafa-cemilev-epsi-devletler-icun-bu-qadar-mahatma-gandi-ya-da-martin-luter-kinglerni-qaydan-alirsin-biz-biri-birimizni-sevmege-ogrenmek-kerekmiz\/\" \/>\n<meta property=\"og:locale\" content=\"en_US\" \/>\n<meta property=\"og:type\" content=\"article\" \/>\n<meta property=\"og:title\" content=\"Mustafa Cemilev: \u00ab...Epsi devletler i\u00e7\u00fcn bu qadar Mahatma Gandi ya da Martin L\u00fcter Kinglerni qaydan al\u0131rs\u0131\u00f1? Biz biri-birimizni sevmege \u00f6grenmek kerekmiz\u00bb - \u041c\u0435\u0434\u0436\u043b\u0456\u0441\" \/>\n<meta property=\"og:description\" content=\"Ukrainan\u0131\u00f1 d\u00fcnya cemiyetindeki yeri ve istiqballeri, memlekette siyasiy vaziyet, idare ve parlamentarizm inq\u0131raz\u0131 aqq\u0131nda Ukraina halq deputat\u0131 Mustafa CEM\u0130LEV ile &#8220;Den&#8221; gazetas\u0131 subetle\u015fe \u2014&nbsp;Ukraina aqq\u0131nda Avropan\u0131\u00f1 bir par\u00e7as\u0131 olaraq s\u00f6ylenilse, devletimiz ve Avropa Birligi aras\u0131nda munasebetlerni\u00f1 kelecegini nas\u0131l k\u00f6resi\u00f1iz? \u2014 Almaniya, Poloniya, \u00c7ehiya, Litvaniya, Ukrainada akkreditatsiya etilgen Avropa birligini\u00f1 azalar\u0131 ol\u011fan devletlerni\u00f1 el\u00e7ileri, Avropa Birligini\u00f1 [&hellip;]\" \/>\n<meta property=\"og:url\" content=\"https:\/\/qtmm.org\/qt\/mustafa-cemilev-epsi-devletler-icun-bu-qadar-mahatma-gandi-ya-da-martin-luter-kinglerni-qaydan-alirsin-biz-biri-birimizni-sevmege-ogrenmek-kerekmiz\/\" \/>\n<meta property=\"og:site_name\" content=\"\u041c\u0435\u0434\u0436\u043b\u0456\u0441\" \/>\n<meta property=\"article:publisher\" content=\"https:\/\/www.facebook.com\/qtmm.info\/\" \/>\n<meta property=\"article:published_time\" content=\"2013-08-01T12:49:00+00:00\" \/>\n<meta property=\"article:modified_time\" content=\"2022-01-25T12:50:09+00:00\" \/>\n<meta property=\"og:image\" content=\"https:\/\/qtmm.org\/wp-content\/uploads\/2022\/01\/jemilev_kopiya.jpeg\" \/>\n\t<meta property=\"og:image:width\" content=\"500\" \/>\n\t<meta property=\"og:image:height\" content=\"360\" \/>\n\t<meta property=\"og:image:type\" content=\"image\/jpeg\" \/>\n<meta name=\"author\" content=\"Developer\" \/>\n<meta name=\"twitter:card\" content=\"summary_large_image\" \/>\n<meta name=\"twitter:label1\" content=\"Written by\" \/>\n\t<meta name=\"twitter:data1\" content=\"Developer\" \/>\n\t<meta name=\"twitter:label2\" content=\"Est. reading time\" \/>\n\t<meta name=\"twitter:data2\" content=\"12 minutes\" \/>\n<script type=\"application\/ld+json\" class=\"yoast-schema-graph\">{\"@context\":\"https:\\\/\\\/schema.org\",\"@graph\":[{\"@type\":\"Article\",\"@id\":\"https:\\\/\\\/qtmm.org\\\/qt\\\/mustafa-cemilev-epsi-devletler-icun-bu-qadar-mahatma-gandi-ya-da-martin-luter-kinglerni-qaydan-alirsin-biz-biri-birimizni-sevmege-ogrenmek-kerekmiz\\\/#article\",\"isPartOf\":{\"@id\":\"https:\\\/\\\/qtmm.org\\\/qt\\\/mustafa-cemilev-epsi-devletler-icun-bu-qadar-mahatma-gandi-ya-da-martin-luter-kinglerni-qaydan-alirsin-biz-biri-birimizni-sevmege-ogrenmek-kerekmiz\\\/\"},\"author\":{\"name\":\"Developer\",\"@id\":\"https:\\\/\\\/qtmm.org\\\/qt\\\/#\\\/schema\\\/person\\\/de562469f971dec226ac06e60bbf74a7\"},\"headline\":\"Mustafa Cemilev: \u00ab&#8230;Epsi devletler i\u00e7\u00fcn bu qadar Mahatma Gandi ya da Martin L\u00fcter Kinglerni qaydan al\u0131rs\u0131\u00f1? Biz biri-birimizni sevmege \u00f6grenmek kerekmiz\u00bb\",\"datePublished\":\"2013-08-01T12:49:00+00:00\",\"dateModified\":\"2022-01-25T12:50:09+00:00\",\"mainEntityOfPage\":{\"@id\":\"https:\\\/\\\/qtmm.org\\\/qt\\\/mustafa-cemilev-epsi-devletler-icun-bu-qadar-mahatma-gandi-ya-da-martin-luter-kinglerni-qaydan-alirsin-biz-biri-birimizni-sevmege-ogrenmek-kerekmiz\\\/\"},\"wordCount\":2368,\"commentCount\":0,\"publisher\":{\"@id\":\"https:\\\/\\\/qtmm.org\\\/qt\\\/#organization\"},\"image\":{\"@id\":\"https:\\\/\\\/qtmm.org\\\/qt\\\/mustafa-cemilev-epsi-devletler-icun-bu-qadar-mahatma-gandi-ya-da-martin-luter-kinglerni-qaydan-alirsin-biz-biri-birimizni-sevmege-ogrenmek-kerekmiz\\\/#primaryimage\"},\"thumbnailUrl\":\"https:\\\/\\\/qtmm.org\\\/wp-content\\\/uploads\\\/2022\\\/01\\\/jemilev_kopiya.jpeg\",\"articleSection\":[\"Haberler\"],\"inLanguage\":\"qt\",\"potentialAction\":[{\"@type\":\"CommentAction\",\"name\":\"Comment\",\"target\":[\"https:\\\/\\\/qtmm.org\\\/qt\\\/mustafa-cemilev-epsi-devletler-icun-bu-qadar-mahatma-gandi-ya-da-martin-luter-kinglerni-qaydan-alirsin-biz-biri-birimizni-sevmege-ogrenmek-kerekmiz\\\/#respond\"]}]},{\"@type\":\"WebPage\",\"@id\":\"https:\\\/\\\/qtmm.org\\\/qt\\\/mustafa-cemilev-epsi-devletler-icun-bu-qadar-mahatma-gandi-ya-da-martin-luter-kinglerni-qaydan-alirsin-biz-biri-birimizni-sevmege-ogrenmek-kerekmiz\\\/\",\"url\":\"https:\\\/\\\/qtmm.org\\\/qt\\\/mustafa-cemilev-epsi-devletler-icun-bu-qadar-mahatma-gandi-ya-da-martin-luter-kinglerni-qaydan-alirsin-biz-biri-birimizni-sevmege-ogrenmek-kerekmiz\\\/\",\"name\":\"Mustafa Cemilev: \u00ab...Epsi devletler i\u00e7\u00fcn bu qadar Mahatma Gandi ya da Martin L\u00fcter Kinglerni qaydan al\u0131rs\u0131\u00f1? Biz biri-birimizni sevmege \u00f6grenmek kerekmiz\u00bb - \u041c\u0435\u0434\u0436\u043b\u0456\u0441\",\"isPartOf\":{\"@id\":\"https:\\\/\\\/qtmm.org\\\/qt\\\/#website\"},\"primaryImageOfPage\":{\"@id\":\"https:\\\/\\\/qtmm.org\\\/qt\\\/mustafa-cemilev-epsi-devletler-icun-bu-qadar-mahatma-gandi-ya-da-martin-luter-kinglerni-qaydan-alirsin-biz-biri-birimizni-sevmege-ogrenmek-kerekmiz\\\/#primaryimage\"},\"image\":{\"@id\":\"https:\\\/\\\/qtmm.org\\\/qt\\\/mustafa-cemilev-epsi-devletler-icun-bu-qadar-mahatma-gandi-ya-da-martin-luter-kinglerni-qaydan-alirsin-biz-biri-birimizni-sevmege-ogrenmek-kerekmiz\\\/#primaryimage\"},\"thumbnailUrl\":\"https:\\\/\\\/qtmm.org\\\/wp-content\\\/uploads\\\/2022\\\/01\\\/jemilev_kopiya.jpeg\",\"datePublished\":\"2013-08-01T12:49:00+00:00\",\"dateModified\":\"2022-01-25T12:50:09+00:00\",\"breadcrumb\":{\"@id\":\"https:\\\/\\\/qtmm.org\\\/qt\\\/mustafa-cemilev-epsi-devletler-icun-bu-qadar-mahatma-gandi-ya-da-martin-luter-kinglerni-qaydan-alirsin-biz-biri-birimizni-sevmege-ogrenmek-kerekmiz\\\/#breadcrumb\"},\"inLanguage\":\"qt\",\"potentialAction\":[{\"@type\":\"ReadAction\",\"target\":[\"https:\\\/\\\/qtmm.org\\\/qt\\\/mustafa-cemilev-epsi-devletler-icun-bu-qadar-mahatma-gandi-ya-da-martin-luter-kinglerni-qaydan-alirsin-biz-biri-birimizni-sevmege-ogrenmek-kerekmiz\\\/\"]}]},{\"@type\":\"ImageObject\",\"inLanguage\":\"qt\",\"@id\":\"https:\\\/\\\/qtmm.org\\\/qt\\\/mustafa-cemilev-epsi-devletler-icun-bu-qadar-mahatma-gandi-ya-da-martin-luter-kinglerni-qaydan-alirsin-biz-biri-birimizni-sevmege-ogrenmek-kerekmiz\\\/#primaryimage\",\"url\":\"https:\\\/\\\/qtmm.org\\\/wp-content\\\/uploads\\\/2022\\\/01\\\/jemilev_kopiya.jpeg\",\"contentUrl\":\"https:\\\/\\\/qtmm.org\\\/wp-content\\\/uploads\\\/2022\\\/01\\\/jemilev_kopiya.jpeg\",\"width\":500,\"height\":360,\"caption\":\"\u00d1\u00ce\u00cc\u00cc \u00cf\u00f0\u00e5\u00e4\u00f1\u00e5\u00e4\u00e0\u00f2\u00e5\u00eb\u00fc \u00cc\u00e5\u00e4\u00e6\u00eb\u00e8\u00f1\u00e0 \u00ea\u00f0\u00fb\u00ec\u00f1\u00ea\u00ee-\u00f2\u00e0\u00f2\u00e0\u00f0\u00f1\u00ea\u00ee\u00e3\u00ee \u00ed\u00e0\u00f0\u00ee\u00e4\u00e0, \u00ed\u00e0\u00f0\u00ee\u00e4\u00ed\u00fb\u00e9 \u00e4\u00e5\u00ef\u00f3\u00f2\u00e0\u00f2 \u00d3\u00ea\u00f0\u00e0\u00e8\u00ed\u00fb \u00cc\u00f3\u00f1\u00f2\u00e0\u00f4\u00e0 \u00c4\u00e6\u00e5\u00ec\u00e8\u00eb\u00e5\u00e2 \u00e2\u00ee \u00e2\u00f0\u00e5\u00ec\u00ff \u00e2\u00f1\u00e5\u00ea\u00f0\u00fb\u00ec\u00f1\u00ea\u00ee\u00e3\u00ee \u00f2\u00f0\u00e0\u00f3\u00f0\u00ed\u00ee\u00e3\u00ee \u00ec\u00e8\u00f2\u00e8\u00ed\u00e3\u00e0, \u00ef\u00ee\u00f1\u00e2\u00ff\u00f9\u00e5\u00ed\u00ed\u00ee\u00e3\u00ee 62-\u00e9 \u00e3\u00ee\u00e4\u00ee\u00e2\u00f9\u00e8\u00ed\u00e5 \u00e4\u00e5\u00ef\u00ee\u00f0\u00f2\u00e0\u00f6\u00e8\u00e8 \u00f2\u00e0\u00f2\u00e0\u00f0 \u00e8\u00e7 \u00ca\u00f0\u00fb\u00ec\u00e0, \u00ed\u00e0 \u00f6\u00e5\u00ed\u00f2\u00f0\u00e0\u00eb\u00fc\u00ed\u00ee\u00e9 \u00ef\u00eb\u00ee\u00f9\u00e0\u00e4\u00e8 \u00d1\u00e8\u00ec\u00f4\u00e5\u00f0\u00ee\u00ef\u00ee\u00eb\u00ff \u00e2 \u00f7\u00e5\u00f2\u00e2\u00e5\u00f0\u00e3, 18 \u00ec\u00e0\u00ff 2006 \u00e3. 18 \u00ec\u00e0\u00ff 1944 \u00e3. \u00e1\u00ee\u00eb\u00e5\u00e5 200 \u00f2\u00fb\u00f1\u00ff\u00f7 \u00ea\u00f0\u00fb\u00ec\u00f1\u00ea\u00e8\u00f5 \u00f2\u00e0\u00f2\u00e0\u00f0, \u00e0\u00f0\u00ec\u00ff\u00ed, \u00e1\u00ee\u00eb\u00e3\u00e0\u00f0, \u00e3\u00f0\u00e5\u00ea\u00ee\u00e2 \u00e8 \u00ed\u00e5\u00ec\u00f6\u00e5\u00e2 \u00ef\u00ee \u00ef\u00f0\u00e8\u00ea\u00e0\u00e7\u00f3 \u00d1\u00f2\u00e0\u00eb\u00e8\u00ed\u00e0 \u00e1\u00fb\u00eb\u00e8 \u00e2\u00fb\u00e2\u00e5\u00e7\u00e5\u00ed\u00fb \u00e2 \u00f2\u00ee\u00e2\u00e0\u00f0\u00ed\u00fb\u00f5 \u00e2\u00e0\u00e3\u00ee\u00ed\u00e0\u00f5 \u00ed\u00e0 \u00f1\u00ef\u00e5\u00f6\u00ef\u00ee\u00f1\u00e5\u00eb\u00e5\u00ed\u00e8\u00e5 \u00e2 \u00f1\u00f2\u00e5\u00ef\u00e8 \u00d3\u00e7\u00e1\u00e5\u00ea\u00e8\u00f1\u00f2\u00e0\u00ed\u00e0, \u00d2\u00e0\u00e4\u00e6\u00e8\u00ea\u00e8\u00f1\u00f2\u00e0\u00ed\u00e0, \u00ca\u00e0\u00e7\u00e0\u00f5\u00f1\u00f2\u00e0\u00ed\u00e0 \u00e8 \u00c7\u00e0\u00f3\u00f0\u00e0\u00eb\u00fc\u00ff. \u00d1\u00e5\u00e3\u00ee\u00e4\u00ed\u00ff \u00e2 \u00ca\u00f0\u00fb\u00ec\u00f3 \u00ef\u00f0\u00ee\u00e6\u00e8\u00e2\u00e0\u00fe\u00f2 \u00ee\u00ea\u00ee\u00eb\u00ee 258 \u00f2\u00fb\u00f1\u00ff\u00f7 \u00e2\u00e5\u00f0\u00ed\u00f3\u00e2\u00f8\u00e8\u00f5\u00f1\u00ff \u00ea\u00f0\u00fb\u00ec\u00f1\u00ea\u00e8\u00f5 \u00f2\u00e0\u00f2\u00e0\u00f0. \u00ca\u00e0\u00e1\u00e8\u00ed\u00e5\u00f2 \u00cc\u00e8\u00ed\u00e8\u00f1\u00f2\u00f0\u00ee\u00e2 \u00d3\u00ea\u00f0\u00e0\u00e8\u00ed\u00fb \u00f1\u00e2\u00ee\u00e8\u00ec \u00ef\u00ee\u00f1\u00f2\u00e0\u00ed\u00ee\u00e2\u00eb\u00e5\u00ed\u00e8\u00e5\u00ec \u00ee\u00f2 11 \u00ec\u00e0\u00ff 2006 \u00e3. \u00f3\u00f2\u00e2\u00e5\u00f0\u00e4\u00e8\u00eb \u00ef\u00f0\u00ee\u00e3\u00f0\u00e0\u00ec\u00ec\u00f3 \u00ee\u00e1\u00f3\u00f1\u00f2\u00f0\u00ee\u00e9\u00f1\u00f2\u00e2\u00e0 \u00e4\u00e5\u00ef\u00ee\u00f0\u00f2\u00e8\u00f0\u00ee\u00e2\u00e0\u00ed\u00ed\u00fb\u00f5 \u00ea\u00f0\u00fb\u00ec\u00f1\u00ea\u00e8\u00f5 \u00f2\u00e0\u00f2\u00e0\u00f0 \u00e8 \u00eb\u00e8\u00f6 \u00e4\u00f0\u00f3\u00e3\u00e8\u00f5 \u00ed\u00e0\u00f6\u00e8\u00ee\u00ed\u00e0\u00eb\u00fc\u00ed\u00ee\u00f1\u00f2\u00e5\u00e9, \u00e2\u00e5\u00f0\u00ed\u00f3\u00e2\u00f8\u00e8\u00f5\u00f1\u00ff \u00ed\u00e0 \u00ef\u00f0\u00ee\u00e6\u00e8\u00e2\u00e0\u00ed\u00e8\u00e5 \u00e2 \u00d3\u00ea\u00f0\u00e0\u00e8\u00ed\u00f3, \u00e8\u00f5 \u00e0\u00e4\u00e0\u00ef\u00f2\u00e0\u00f6\u00e8\u00e8 \u00e8 \u00e8\u00ed\u00f2\u00e5\u00e3\u00f0\u00e0\u00f6\u00e8\u00e8 \u00e2 \u00f3\u00ea\u00f0\u00e0\u00e8\u00ed\u00f1\u00ea\u00ee\u00e5 \u00ee\u00e1\u00f9\u00e5\u00f1\u00f2\u00e2\u00ee \u00ed\u00e0 \u00ef\u00e5\u00f0\u00e8\u00ee\u00e4 \u00e4\u00ee 2010 \u00e3. \u00d4\u00ee\u00f2\u00ee \u00c0\u00eb\u00e5\u00ea\u00f1\u00e5\u00ff \u00d1\u00f3\u00e2\u00e8\u00f0\u00ee\u00e2\u00e0 \\\/ \u00d3\u00cd\u00c8\u00c0\u00cd\"},{\"@type\":\"BreadcrumbList\",\"@id\":\"https:\\\/\\\/qtmm.org\\\/qt\\\/mustafa-cemilev-epsi-devletler-icun-bu-qadar-mahatma-gandi-ya-da-martin-luter-kinglerni-qaydan-alirsin-biz-biri-birimizni-sevmege-ogrenmek-kerekmiz\\\/#breadcrumb\",\"itemListElement\":[{\"@type\":\"ListItem\",\"position\":1,\"name\":\"\u0413\u043e\u043b\u043e\u0432\u043d\u0430\",\"item\":\"https:\\\/\\\/qtmm.org\\\/qt\\\/\"},{\"@type\":\"ListItem\",\"position\":2,\"name\":\"Mustafa Cemilev: \u00ab&#8230;Epsi devletler i\u00e7\u00fcn bu qadar Mahatma Gandi ya da Martin L\u00fcter Kinglerni qaydan al\u0131rs\u0131\u00f1? Biz biri-birimizni sevmege \u00f6grenmek kerekmiz\u00bb\"}]},{\"@type\":\"WebSite\",\"@id\":\"https:\\\/\\\/qtmm.org\\\/qt\\\/#website\",\"url\":\"https:\\\/\\\/qtmm.org\\\/qt\\\/\",\"name\":\"\u041c\u0435\u0434\u0436\u043b\u0456\u0441\",\"description\":\"\",\"publisher\":{\"@id\":\"https:\\\/\\\/qtmm.org\\\/qt\\\/#organization\"},\"potentialAction\":[{\"@type\":\"SearchAction\",\"target\":{\"@type\":\"EntryPoint\",\"urlTemplate\":\"https:\\\/\\\/qtmm.org\\\/qt\\\/?s={search_term_string}\"},\"query-input\":{\"@type\":\"PropertyValueSpecification\",\"valueRequired\":true,\"valueName\":\"search_term_string\"}}],\"inLanguage\":\"qt\"},{\"@type\":\"Organization\",\"@id\":\"https:\\\/\\\/qtmm.org\\\/qt\\\/#organization\",\"name\":\"\u041c\u0435\u0434\u0436\u043b\u0456\u0441\",\"url\":\"https:\\\/\\\/qtmm.org\\\/qt\\\/\",\"logo\":{\"@type\":\"ImageObject\",\"inLanguage\":\"qt\",\"@id\":\"https:\\\/\\\/qtmm.org\\\/qt\\\/#\\\/schema\\\/logo\\\/image\\\/\",\"url\":\"https:\\\/\\\/qtmm.org\\\/wp-content\\\/uploads\\\/2024\\\/12\\\/ua-mejlis-logo-rgb.svg\",\"contentUrl\":\"https:\\\/\\\/qtmm.org\\\/wp-content\\\/uploads\\\/2024\\\/12\\\/ua-mejlis-logo-rgb.svg\",\"caption\":\"\u041c\u0435\u0434\u0436\u043b\u0456\u0441\"},\"image\":{\"@id\":\"https:\\\/\\\/qtmm.org\\\/qt\\\/#\\\/schema\\\/logo\\\/image\\\/\"},\"sameAs\":[\"https:\\\/\\\/www.facebook.com\\\/qtmm.info\\\/\"]},{\"@type\":\"Person\",\"@id\":\"https:\\\/\\\/qtmm.org\\\/qt\\\/#\\\/schema\\\/person\\\/de562469f971dec226ac06e60bbf74a7\",\"name\":\"Developer\",\"image\":{\"@type\":\"ImageObject\",\"inLanguage\":\"qt\",\"@id\":\"https:\\\/\\\/secure.gravatar.com\\\/avatar\\\/392b4cc8fbfeb00b39dfeeab4ee6edded39ffd48e25858637e4765810300227e?s=96&d=mm&r=g\",\"url\":\"https:\\\/\\\/secure.gravatar.com\\\/avatar\\\/392b4cc8fbfeb00b39dfeeab4ee6edded39ffd48e25858637e4765810300227e?s=96&d=mm&r=g\",\"contentUrl\":\"https:\\\/\\\/secure.gravatar.com\\\/avatar\\\/392b4cc8fbfeb00b39dfeeab4ee6edded39ffd48e25858637e4765810300227e?s=96&d=mm&r=g\",\"caption\":\"Developer\"},\"url\":\"https:\\\/\\\/qtmm.org\\\/qt\\\/author\\\/Developer\\\/\"}]}<\/script>\n<!-- \/ Yoast SEO plugin. -->","yoast_head_json":{"title":"Mustafa Cemilev: \u00ab...Epsi devletler i\u00e7\u00fcn bu qadar Mahatma Gandi ya da Martin L\u00fcter Kinglerni qaydan al\u0131rs\u0131\u00f1? Biz biri-birimizni sevmege \u00f6grenmek kerekmiz\u00bb - \u041c\u0435\u0434\u0436\u043b\u0456\u0441","robots":{"index":"index","follow":"follow","max-snippet":"max-snippet:-1","max-image-preview":"max-image-preview:large","max-video-preview":"max-video-preview:-1"},"canonical":"https:\/\/qtmm.org\/qt\/mustafa-cemilev-epsi-devletler-icun-bu-qadar-mahatma-gandi-ya-da-martin-luter-kinglerni-qaydan-alirsin-biz-biri-birimizni-sevmege-ogrenmek-kerekmiz\/","og_locale":"en_US","og_type":"article","og_title":"Mustafa Cemilev: \u00ab...Epsi devletler i\u00e7\u00fcn bu qadar Mahatma Gandi ya da Martin L\u00fcter Kinglerni qaydan al\u0131rs\u0131\u00f1? Biz biri-birimizni sevmege \u00f6grenmek kerekmiz\u00bb - \u041c\u0435\u0434\u0436\u043b\u0456\u0441","og_description":"Ukrainan\u0131\u00f1 d\u00fcnya cemiyetindeki yeri ve istiqballeri, memlekette siyasiy vaziyet, idare ve parlamentarizm inq\u0131raz\u0131 aqq\u0131nda Ukraina halq deputat\u0131 Mustafa CEM\u0130LEV ile &#8220;Den&#8221; gazetas\u0131 subetle\u015fe \u2014&nbsp;Ukraina aqq\u0131nda Avropan\u0131\u00f1 bir par\u00e7as\u0131 olaraq s\u00f6ylenilse, devletimiz ve Avropa Birligi aras\u0131nda munasebetlerni\u00f1 kelecegini nas\u0131l k\u00f6resi\u00f1iz? \u2014 Almaniya, Poloniya, \u00c7ehiya, Litvaniya, Ukrainada akkreditatsiya etilgen Avropa birligini\u00f1 azalar\u0131 ol\u011fan devletlerni\u00f1 el\u00e7ileri, Avropa Birligini\u00f1 [&hellip;]","og_url":"https:\/\/qtmm.org\/qt\/mustafa-cemilev-epsi-devletler-icun-bu-qadar-mahatma-gandi-ya-da-martin-luter-kinglerni-qaydan-alirsin-biz-biri-birimizni-sevmege-ogrenmek-kerekmiz\/","og_site_name":"\u041c\u0435\u0434\u0436\u043b\u0456\u0441","article_publisher":"https:\/\/www.facebook.com\/qtmm.info\/","article_published_time":"2013-08-01T12:49:00+00:00","article_modified_time":"2022-01-25T12:50:09+00:00","og_image":[{"width":500,"height":360,"url":"https:\/\/qtmm.org\/wp-content\/uploads\/2022\/01\/jemilev_kopiya.jpeg","type":"image\/jpeg"}],"author":"Developer","twitter_card":"summary_large_image","twitter_misc":{"Written by":"Developer","Est. reading time":"12 minutes"},"schema":{"@context":"https:\/\/schema.org","@graph":[{"@type":"Article","@id":"https:\/\/qtmm.org\/qt\/mustafa-cemilev-epsi-devletler-icun-bu-qadar-mahatma-gandi-ya-da-martin-luter-kinglerni-qaydan-alirsin-biz-biri-birimizni-sevmege-ogrenmek-kerekmiz\/#article","isPartOf":{"@id":"https:\/\/qtmm.org\/qt\/mustafa-cemilev-epsi-devletler-icun-bu-qadar-mahatma-gandi-ya-da-martin-luter-kinglerni-qaydan-alirsin-biz-biri-birimizni-sevmege-ogrenmek-kerekmiz\/"},"author":{"name":"Developer","@id":"https:\/\/qtmm.org\/qt\/#\/schema\/person\/de562469f971dec226ac06e60bbf74a7"},"headline":"Mustafa Cemilev: \u00ab&#8230;Epsi devletler i\u00e7\u00fcn bu qadar Mahatma Gandi ya da Martin L\u00fcter Kinglerni qaydan al\u0131rs\u0131\u00f1? Biz biri-birimizni sevmege \u00f6grenmek kerekmiz\u00bb","datePublished":"2013-08-01T12:49:00+00:00","dateModified":"2022-01-25T12:50:09+00:00","mainEntityOfPage":{"@id":"https:\/\/qtmm.org\/qt\/mustafa-cemilev-epsi-devletler-icun-bu-qadar-mahatma-gandi-ya-da-martin-luter-kinglerni-qaydan-alirsin-biz-biri-birimizni-sevmege-ogrenmek-kerekmiz\/"},"wordCount":2368,"commentCount":0,"publisher":{"@id":"https:\/\/qtmm.org\/qt\/#organization"},"image":{"@id":"https:\/\/qtmm.org\/qt\/mustafa-cemilev-epsi-devletler-icun-bu-qadar-mahatma-gandi-ya-da-martin-luter-kinglerni-qaydan-alirsin-biz-biri-birimizni-sevmege-ogrenmek-kerekmiz\/#primaryimage"},"thumbnailUrl":"https:\/\/qtmm.org\/wp-content\/uploads\/2022\/01\/jemilev_kopiya.jpeg","articleSection":["Haberler"],"inLanguage":"qt","potentialAction":[{"@type":"CommentAction","name":"Comment","target":["https:\/\/qtmm.org\/qt\/mustafa-cemilev-epsi-devletler-icun-bu-qadar-mahatma-gandi-ya-da-martin-luter-kinglerni-qaydan-alirsin-biz-biri-birimizni-sevmege-ogrenmek-kerekmiz\/#respond"]}]},{"@type":"WebPage","@id":"https:\/\/qtmm.org\/qt\/mustafa-cemilev-epsi-devletler-icun-bu-qadar-mahatma-gandi-ya-da-martin-luter-kinglerni-qaydan-alirsin-biz-biri-birimizni-sevmege-ogrenmek-kerekmiz\/","url":"https:\/\/qtmm.org\/qt\/mustafa-cemilev-epsi-devletler-icun-bu-qadar-mahatma-gandi-ya-da-martin-luter-kinglerni-qaydan-alirsin-biz-biri-birimizni-sevmege-ogrenmek-kerekmiz\/","name":"Mustafa Cemilev: \u00ab...Epsi devletler i\u00e7\u00fcn bu qadar Mahatma Gandi ya da Martin L\u00fcter Kinglerni qaydan al\u0131rs\u0131\u00f1? Biz biri-birimizni sevmege \u00f6grenmek kerekmiz\u00bb - \u041c\u0435\u0434\u0436\u043b\u0456\u0441","isPartOf":{"@id":"https:\/\/qtmm.org\/qt\/#website"},"primaryImageOfPage":{"@id":"https:\/\/qtmm.org\/qt\/mustafa-cemilev-epsi-devletler-icun-bu-qadar-mahatma-gandi-ya-da-martin-luter-kinglerni-qaydan-alirsin-biz-biri-birimizni-sevmege-ogrenmek-kerekmiz\/#primaryimage"},"image":{"@id":"https:\/\/qtmm.org\/qt\/mustafa-cemilev-epsi-devletler-icun-bu-qadar-mahatma-gandi-ya-da-martin-luter-kinglerni-qaydan-alirsin-biz-biri-birimizni-sevmege-ogrenmek-kerekmiz\/#primaryimage"},"thumbnailUrl":"https:\/\/qtmm.org\/wp-content\/uploads\/2022\/01\/jemilev_kopiya.jpeg","datePublished":"2013-08-01T12:49:00+00:00","dateModified":"2022-01-25T12:50:09+00:00","breadcrumb":{"@id":"https:\/\/qtmm.org\/qt\/mustafa-cemilev-epsi-devletler-icun-bu-qadar-mahatma-gandi-ya-da-martin-luter-kinglerni-qaydan-alirsin-biz-biri-birimizni-sevmege-ogrenmek-kerekmiz\/#breadcrumb"},"inLanguage":"qt","potentialAction":[{"@type":"ReadAction","target":["https:\/\/qtmm.org\/qt\/mustafa-cemilev-epsi-devletler-icun-bu-qadar-mahatma-gandi-ya-da-martin-luter-kinglerni-qaydan-alirsin-biz-biri-birimizni-sevmege-ogrenmek-kerekmiz\/"]}]},{"@type":"ImageObject","inLanguage":"qt","@id":"https:\/\/qtmm.org\/qt\/mustafa-cemilev-epsi-devletler-icun-bu-qadar-mahatma-gandi-ya-da-martin-luter-kinglerni-qaydan-alirsin-biz-biri-birimizni-sevmege-ogrenmek-kerekmiz\/#primaryimage","url":"https:\/\/qtmm.org\/wp-content\/uploads\/2022\/01\/jemilev_kopiya.jpeg","contentUrl":"https:\/\/qtmm.org\/wp-content\/uploads\/2022\/01\/jemilev_kopiya.jpeg","width":500,"height":360,"caption":"\u00d1\u00ce\u00cc\u00cc \u00cf\u00f0\u00e5\u00e4\u00f1\u00e5\u00e4\u00e0\u00f2\u00e5\u00eb\u00fc \u00cc\u00e5\u00e4\u00e6\u00eb\u00e8\u00f1\u00e0 \u00ea\u00f0\u00fb\u00ec\u00f1\u00ea\u00ee-\u00f2\u00e0\u00f2\u00e0\u00f0\u00f1\u00ea\u00ee\u00e3\u00ee \u00ed\u00e0\u00f0\u00ee\u00e4\u00e0, \u00ed\u00e0\u00f0\u00ee\u00e4\u00ed\u00fb\u00e9 \u00e4\u00e5\u00ef\u00f3\u00f2\u00e0\u00f2 \u00d3\u00ea\u00f0\u00e0\u00e8\u00ed\u00fb \u00cc\u00f3\u00f1\u00f2\u00e0\u00f4\u00e0 \u00c4\u00e6\u00e5\u00ec\u00e8\u00eb\u00e5\u00e2 \u00e2\u00ee \u00e2\u00f0\u00e5\u00ec\u00ff \u00e2\u00f1\u00e5\u00ea\u00f0\u00fb\u00ec\u00f1\u00ea\u00ee\u00e3\u00ee \u00f2\u00f0\u00e0\u00f3\u00f0\u00ed\u00ee\u00e3\u00ee \u00ec\u00e8\u00f2\u00e8\u00ed\u00e3\u00e0, \u00ef\u00ee\u00f1\u00e2\u00ff\u00f9\u00e5\u00ed\u00ed\u00ee\u00e3\u00ee 62-\u00e9 \u00e3\u00ee\u00e4\u00ee\u00e2\u00f9\u00e8\u00ed\u00e5 \u00e4\u00e5\u00ef\u00ee\u00f0\u00f2\u00e0\u00f6\u00e8\u00e8 \u00f2\u00e0\u00f2\u00e0\u00f0 \u00e8\u00e7 \u00ca\u00f0\u00fb\u00ec\u00e0, \u00ed\u00e0 \u00f6\u00e5\u00ed\u00f2\u00f0\u00e0\u00eb\u00fc\u00ed\u00ee\u00e9 \u00ef\u00eb\u00ee\u00f9\u00e0\u00e4\u00e8 \u00d1\u00e8\u00ec\u00f4\u00e5\u00f0\u00ee\u00ef\u00ee\u00eb\u00ff \u00e2 \u00f7\u00e5\u00f2\u00e2\u00e5\u00f0\u00e3, 18 \u00ec\u00e0\u00ff 2006 \u00e3. 18 \u00ec\u00e0\u00ff 1944 \u00e3. \u00e1\u00ee\u00eb\u00e5\u00e5 200 \u00f2\u00fb\u00f1\u00ff\u00f7 \u00ea\u00f0\u00fb\u00ec\u00f1\u00ea\u00e8\u00f5 \u00f2\u00e0\u00f2\u00e0\u00f0, \u00e0\u00f0\u00ec\u00ff\u00ed, \u00e1\u00ee\u00eb\u00e3\u00e0\u00f0, \u00e3\u00f0\u00e5\u00ea\u00ee\u00e2 \u00e8 \u00ed\u00e5\u00ec\u00f6\u00e5\u00e2 \u00ef\u00ee \u00ef\u00f0\u00e8\u00ea\u00e0\u00e7\u00f3 \u00d1\u00f2\u00e0\u00eb\u00e8\u00ed\u00e0 \u00e1\u00fb\u00eb\u00e8 \u00e2\u00fb\u00e2\u00e5\u00e7\u00e5\u00ed\u00fb \u00e2 \u00f2\u00ee\u00e2\u00e0\u00f0\u00ed\u00fb\u00f5 \u00e2\u00e0\u00e3\u00ee\u00ed\u00e0\u00f5 \u00ed\u00e0 \u00f1\u00ef\u00e5\u00f6\u00ef\u00ee\u00f1\u00e5\u00eb\u00e5\u00ed\u00e8\u00e5 \u00e2 \u00f1\u00f2\u00e5\u00ef\u00e8 \u00d3\u00e7\u00e1\u00e5\u00ea\u00e8\u00f1\u00f2\u00e0\u00ed\u00e0, \u00d2\u00e0\u00e4\u00e6\u00e8\u00ea\u00e8\u00f1\u00f2\u00e0\u00ed\u00e0, \u00ca\u00e0\u00e7\u00e0\u00f5\u00f1\u00f2\u00e0\u00ed\u00e0 \u00e8 \u00c7\u00e0\u00f3\u00f0\u00e0\u00eb\u00fc\u00ff. \u00d1\u00e5\u00e3\u00ee\u00e4\u00ed\u00ff \u00e2 \u00ca\u00f0\u00fb\u00ec\u00f3 \u00ef\u00f0\u00ee\u00e6\u00e8\u00e2\u00e0\u00fe\u00f2 \u00ee\u00ea\u00ee\u00eb\u00ee 258 \u00f2\u00fb\u00f1\u00ff\u00f7 \u00e2\u00e5\u00f0\u00ed\u00f3\u00e2\u00f8\u00e8\u00f5\u00f1\u00ff \u00ea\u00f0\u00fb\u00ec\u00f1\u00ea\u00e8\u00f5 \u00f2\u00e0\u00f2\u00e0\u00f0. \u00ca\u00e0\u00e1\u00e8\u00ed\u00e5\u00f2 \u00cc\u00e8\u00ed\u00e8\u00f1\u00f2\u00f0\u00ee\u00e2 \u00d3\u00ea\u00f0\u00e0\u00e8\u00ed\u00fb \u00f1\u00e2\u00ee\u00e8\u00ec \u00ef\u00ee\u00f1\u00f2\u00e0\u00ed\u00ee\u00e2\u00eb\u00e5\u00ed\u00e8\u00e5\u00ec \u00ee\u00f2 11 \u00ec\u00e0\u00ff 2006 \u00e3. \u00f3\u00f2\u00e2\u00e5\u00f0\u00e4\u00e8\u00eb \u00ef\u00f0\u00ee\u00e3\u00f0\u00e0\u00ec\u00ec\u00f3 \u00ee\u00e1\u00f3\u00f1\u00f2\u00f0\u00ee\u00e9\u00f1\u00f2\u00e2\u00e0 \u00e4\u00e5\u00ef\u00ee\u00f0\u00f2\u00e8\u00f0\u00ee\u00e2\u00e0\u00ed\u00ed\u00fb\u00f5 \u00ea\u00f0\u00fb\u00ec\u00f1\u00ea\u00e8\u00f5 \u00f2\u00e0\u00f2\u00e0\u00f0 \u00e8 \u00eb\u00e8\u00f6 \u00e4\u00f0\u00f3\u00e3\u00e8\u00f5 \u00ed\u00e0\u00f6\u00e8\u00ee\u00ed\u00e0\u00eb\u00fc\u00ed\u00ee\u00f1\u00f2\u00e5\u00e9, \u00e2\u00e5\u00f0\u00ed\u00f3\u00e2\u00f8\u00e8\u00f5\u00f1\u00ff \u00ed\u00e0 \u00ef\u00f0\u00ee\u00e6\u00e8\u00e2\u00e0\u00ed\u00e8\u00e5 \u00e2 \u00d3\u00ea\u00f0\u00e0\u00e8\u00ed\u00f3, \u00e8\u00f5 \u00e0\u00e4\u00e0\u00ef\u00f2\u00e0\u00f6\u00e8\u00e8 \u00e8 \u00e8\u00ed\u00f2\u00e5\u00e3\u00f0\u00e0\u00f6\u00e8\u00e8 \u00e2 \u00f3\u00ea\u00f0\u00e0\u00e8\u00ed\u00f1\u00ea\u00ee\u00e5 \u00ee\u00e1\u00f9\u00e5\u00f1\u00f2\u00e2\u00ee \u00ed\u00e0 \u00ef\u00e5\u00f0\u00e8\u00ee\u00e4 \u00e4\u00ee 2010 \u00e3. \u00d4\u00ee\u00f2\u00ee \u00c0\u00eb\u00e5\u00ea\u00f1\u00e5\u00ff \u00d1\u00f3\u00e2\u00e8\u00f0\u00ee\u00e2\u00e0 \/ \u00d3\u00cd\u00c8\u00c0\u00cd"},{"@type":"BreadcrumbList","@id":"https:\/\/qtmm.org\/qt\/mustafa-cemilev-epsi-devletler-icun-bu-qadar-mahatma-gandi-ya-da-martin-luter-kinglerni-qaydan-alirsin-biz-biri-birimizni-sevmege-ogrenmek-kerekmiz\/#breadcrumb","itemListElement":[{"@type":"ListItem","position":1,"name":"\u0413\u043e\u043b\u043e\u0432\u043d\u0430","item":"https:\/\/qtmm.org\/qt\/"},{"@type":"ListItem","position":2,"name":"Mustafa Cemilev: \u00ab&#8230;Epsi devletler i\u00e7\u00fcn bu qadar Mahatma Gandi ya da Martin L\u00fcter Kinglerni qaydan al\u0131rs\u0131\u00f1? Biz biri-birimizni sevmege \u00f6grenmek kerekmiz\u00bb"}]},{"@type":"WebSite","@id":"https:\/\/qtmm.org\/qt\/#website","url":"https:\/\/qtmm.org\/qt\/","name":"\u041c\u0435\u0434\u0436\u043b\u0456\u0441","description":"","publisher":{"@id":"https:\/\/qtmm.org\/qt\/#organization"},"potentialAction":[{"@type":"SearchAction","target":{"@type":"EntryPoint","urlTemplate":"https:\/\/qtmm.org\/qt\/?s={search_term_string}"},"query-input":{"@type":"PropertyValueSpecification","valueRequired":true,"valueName":"search_term_string"}}],"inLanguage":"qt"},{"@type":"Organization","@id":"https:\/\/qtmm.org\/qt\/#organization","name":"\u041c\u0435\u0434\u0436\u043b\u0456\u0441","url":"https:\/\/qtmm.org\/qt\/","logo":{"@type":"ImageObject","inLanguage":"qt","@id":"https:\/\/qtmm.org\/qt\/#\/schema\/logo\/image\/","url":"https:\/\/qtmm.org\/wp-content\/uploads\/2024\/12\/ua-mejlis-logo-rgb.svg","contentUrl":"https:\/\/qtmm.org\/wp-content\/uploads\/2024\/12\/ua-mejlis-logo-rgb.svg","caption":"\u041c\u0435\u0434\u0436\u043b\u0456\u0441"},"image":{"@id":"https:\/\/qtmm.org\/qt\/#\/schema\/logo\/image\/"},"sameAs":["https:\/\/www.facebook.com\/qtmm.info\/"]},{"@type":"Person","@id":"https:\/\/qtmm.org\/qt\/#\/schema\/person\/de562469f971dec226ac06e60bbf74a7","name":"Developer","image":{"@type":"ImageObject","inLanguage":"qt","@id":"https:\/\/secure.gravatar.com\/avatar\/392b4cc8fbfeb00b39dfeeab4ee6edded39ffd48e25858637e4765810300227e?s=96&d=mm&r=g","url":"https:\/\/secure.gravatar.com\/avatar\/392b4cc8fbfeb00b39dfeeab4ee6edded39ffd48e25858637e4765810300227e?s=96&d=mm&r=g","contentUrl":"https:\/\/secure.gravatar.com\/avatar\/392b4cc8fbfeb00b39dfeeab4ee6edded39ffd48e25858637e4765810300227e?s=96&d=mm&r=g","caption":"Developer"},"url":"https:\/\/qtmm.org\/qt\/author\/Developer\/"}]}},"_links":{"self":[{"href":"https:\/\/qtmm.org\/qt\/wp-json\/wp\/v2\/posts\/38705","targetHints":{"allow":["GET"]}}],"collection":[{"href":"https:\/\/qtmm.org\/qt\/wp-json\/wp\/v2\/posts"}],"about":[{"href":"https:\/\/qtmm.org\/qt\/wp-json\/wp\/v2\/types\/post"}],"author":[{"embeddable":true,"href":"https:\/\/qtmm.org\/qt\/wp-json\/wp\/v2\/users\/1"}],"replies":[{"embeddable":true,"href":"https:\/\/qtmm.org\/qt\/wp-json\/wp\/v2\/comments?post=38705"}],"version-history":[{"count":1,"href":"https:\/\/qtmm.org\/qt\/wp-json\/wp\/v2\/posts\/38705\/revisions"}],"predecessor-version":[{"id":38710,"href":"https:\/\/qtmm.org\/qt\/wp-json\/wp\/v2\/posts\/38705\/revisions\/38710"}],"wp:featuredmedia":[{"embeddable":true,"href":"https:\/\/qtmm.org\/qt\/wp-json\/wp\/v2\/media\/38706"}],"wp:attachment":[{"href":"https:\/\/qtmm.org\/qt\/wp-json\/wp\/v2\/media?parent=38705"}],"wp:term":[{"taxonomy":"category","embeddable":true,"href":"https:\/\/qtmm.org\/qt\/wp-json\/wp\/v2\/categories?post=38705"},{"taxonomy":"post_tag","embeddable":true,"href":"https:\/\/qtmm.org\/qt\/wp-json\/wp\/v2\/tags?post=38705"}],"curies":[{"name":"wp","href":"https:\/\/api.w.org\/{rel}","templated":true}]}}