




{"id":38703,"date":"2013-07-31T15:48:00","date_gmt":"2013-07-31T12:48:00","guid":{"rendered":"http:\/\/qtmm.org\/?p=38703"},"modified":"2022-01-25T15:49:03","modified_gmt":"2022-01-25T12:49:03","slug":"meclis-reisi-mustafa-cemilev-saudiya-arabistanina-muqaddes-topraqlarga-umrege-yol-aldi","status":"publish","type":"post","link":"https:\/\/qtmm.org\/qt\/meclis-reisi-mustafa-cemilev-saudiya-arabistanina-muqaddes-topraqlarga-umrege-yol-aldi\/","title":{"rendered":"Meclis reisi Mustafa Cemilev Saudiya Arabistan\u0131na muqaddes topraqlar\u011fa \u00dcmrege yol ald\u0131"},"content":{"rendered":"\n<p>Mubarek Ramazan ay\u0131nda Milliy Meclis reisi Mustafa Cemilev Saudiya Arabistan\u0131na muqaddes topraqlar\u011fa \u00dcmre yapmaq i\u00e7\u00fcn seferge \u00e7\u0131qt\u0131.<\/p>\n\n\n\n<p>Ramazan ay\u0131n\u0131\u00f1 so\u00f1ki on k\u00fcn\u00fc, i\u00e7ersinde Qad\u0131r gecesi ol\u011fanda Meclis yolba\u015f\u00e7\u0131s\u0131 Mustafa Cemilev Kiyevdeki q\u0131r\u0131mtatar cemiyetini\u00f1 ba\u015f\u0131 Aslan \u00d6mer Q\u0131r\u0131ml\u0131 ile beraber Saudiya Arabistan\u0131n\u0131\u00f1 Mekke \u015feerinde yani Alla\u011fa ibadet etilgen birinci yerde \u00dcmre yapmaqtalar.<\/p>\n\n\n\n<p>Bundan da \u011fayr\u0131 Mustafa Cemilev Saudiya Arabistan\u0131 Q\u0131rall\u0131\u011f\u0131nda devletni\u00f1 siyasiy ve diplomatik daireleri vekillerinen bir s\u0131ra m\u00fcim k\u00f6r\u00fc\u015f\u00fcvler ke\u00e7irecek.<\/p>\n\n\n\n<p>Meclis reisi Mustafa Cemilev ve Kiyevdeki q\u0131r\u0131mtatarlar cemiyetini\u00f1 reisi A.O. Q\u0131r\u0131ml\u0131 Saudiya Arabistan\u0131nda ziyaretnen Q\u0131rall\u0131qn\u0131\u00f1 Ukrainadaki El\u00e7isi C\u00fcdiyu Ben Zabin Alhzaln\u0131\u00f1 daveti ile bulunmaqtalar.<\/p>\n\n\n\n<p>Meclis yolba\u015f\u00e7\u0131s\u0131 Mustafa Cemilev ve Kiyevdeki q\u0131r\u0131mtatar cemiyetini\u00f1 ba\u015f\u0131 Aslan \u00d6mer Q\u0131r\u0131ml\u0131 Saudiya Arabistan\u0131nda 2013 senesi avgust 4-ke qadar bulunacaqlar<\/p>\n\n\n\n<p>Mal\u00fcmat i\u00e7\u00fcn: \u00dcmre &#8211; Mekke ve Mescid-al Haramn\u0131 ziyaret et\u00fcvnen ba\u011fl\u0131 k\u00fc\u00e7\u00fck ac\u0131l\u0131q say\u0131l\u0131p, Hac i\u00e7\u00fcn belgilengen ayda degil de, y\u0131ln\u0131\u00f1 er angi ba\u015fqa vaqt\u0131nda yap\u0131la.<\/p>\n","protected":false},"excerpt":{"rendered":"<p>Mubarek Ramazan ay\u0131nda Milliy Meclis reisi Mustafa Cemilev Saudiya Arabistan\u0131na muqaddes topraqlar\u011fa \u00dcmre yapmaq i\u00e7\u00fcn seferge \u00e7\u0131qt\u0131. Ramazan ay\u0131n\u0131\u00f1 so\u00f1ki on k\u00fcn\u00fc, i\u00e7ersinde Qad\u0131r gecesi ol\u011fanda Meclis yolba\u015f\u00e7\u0131s\u0131 Mustafa Cemilev Kiyevdeki q\u0131r\u0131mtatar cemiyetini\u00f1 ba\u015f\u0131 Aslan \u00d6mer Q\u0131r\u0131ml\u0131 ile beraber Saudiya Arabistan\u0131n\u0131\u00f1 Mekke \u015feerinde yani Alla\u011fa ibadet etilgen birinci yerde \u00dcmre yapmaqtalar. Bundan da \u011fayr\u0131 Mustafa [&hellip;]<\/p>\n","protected":false},"author":1,"featured_media":0,"comment_status":"open","ping_status":"open","sticky":false,"template":"","format":"standard","meta":{"inline_featured_image":false,"footnotes":""},"categories":[265],"tags":[],"class_list":["post-38703","post","type-post","status-publish","format-standard","hentry","category-haberler"],"acf":[],"yoast_head":"<!-- This site is optimized with the Yoast SEO plugin v27.4 - https:\/\/yoast.com\/product\/yoast-seo-wordpress\/ -->\n<title>Meclis reisi Mustafa Cemilev Saudiya Arabistan\u0131na muqaddes topraqlar\u011fa \u00dcmrege yol ald\u0131 - \u041c\u0435\u0434\u0436\u043b\u0456\u0441<\/title>\n<meta name=\"robots\" content=\"index, follow, max-snippet:-1, max-image-preview:large, max-video-preview:-1\" \/>\n<link rel=\"canonical\" href=\"https:\/\/qtmm.org\/qt\/meclis-reisi-mustafa-cemilev-saudiya-arabistanina-muqaddes-topraqlarga-umrege-yol-aldi\/\" \/>\n<meta property=\"og:locale\" content=\"en_US\" \/>\n<meta property=\"og:type\" content=\"article\" \/>\n<meta property=\"og:title\" content=\"Meclis reisi Mustafa Cemilev Saudiya Arabistan\u0131na muqaddes topraqlar\u011fa \u00dcmrege yol ald\u0131 - \u041c\u0435\u0434\u0436\u043b\u0456\u0441\" \/>\n<meta property=\"og:description\" content=\"Mubarek Ramazan ay\u0131nda Milliy Meclis reisi Mustafa Cemilev Saudiya Arabistan\u0131na muqaddes topraqlar\u011fa \u00dcmre yapmaq i\u00e7\u00fcn seferge \u00e7\u0131qt\u0131. Ramazan ay\u0131n\u0131\u00f1 so\u00f1ki on k\u00fcn\u00fc, i\u00e7ersinde Qad\u0131r gecesi ol\u011fanda Meclis yolba\u015f\u00e7\u0131s\u0131 Mustafa Cemilev Kiyevdeki q\u0131r\u0131mtatar cemiyetini\u00f1 ba\u015f\u0131 Aslan \u00d6mer Q\u0131r\u0131ml\u0131 ile beraber Saudiya Arabistan\u0131n\u0131\u00f1 Mekke \u015feerinde yani Alla\u011fa ibadet etilgen birinci yerde \u00dcmre yapmaqtalar. Bundan da \u011fayr\u0131 Mustafa [&hellip;]\" \/>\n<meta property=\"og:url\" content=\"https:\/\/qtmm.org\/qt\/meclis-reisi-mustafa-cemilev-saudiya-arabistanina-muqaddes-topraqlarga-umrege-yol-aldi\/\" \/>\n<meta property=\"og:site_name\" content=\"\u041c\u0435\u0434\u0436\u043b\u0456\u0441\" \/>\n<meta property=\"article:publisher\" content=\"https:\/\/www.facebook.com\/qtmm.info\/\" \/>\n<meta property=\"article:published_time\" content=\"2013-07-31T12:48:00+00:00\" \/>\n<meta property=\"article:modified_time\" content=\"2022-01-25T12:49:03+00:00\" \/>\n<meta name=\"author\" content=\"Developer\" \/>\n<meta name=\"twitter:card\" content=\"summary_large_image\" \/>\n<meta name=\"twitter:label1\" content=\"Written by\" \/>\n\t<meta name=\"twitter:data1\" content=\"Developer\" \/>\n\t<meta name=\"twitter:label2\" content=\"Est. reading time\" \/>\n\t<meta name=\"twitter:data2\" content=\"1 minute\" \/>\n<script type=\"application\/ld+json\" class=\"yoast-schema-graph\">{\"@context\":\"https:\\\/\\\/schema.org\",\"@graph\":[{\"@type\":\"Article\",\"@id\":\"https:\\\/\\\/qtmm.org\\\/qt\\\/meclis-reisi-mustafa-cemilev-saudiya-arabistanina-muqaddes-topraqlarga-umrege-yol-aldi\\\/#article\",\"isPartOf\":{\"@id\":\"https:\\\/\\\/qtmm.org\\\/qt\\\/meclis-reisi-mustafa-cemilev-saudiya-arabistanina-muqaddes-topraqlarga-umrege-yol-aldi\\\/\"},\"author\":{\"name\":\"Developer\",\"@id\":\"https:\\\/\\\/qtmm.org\\\/qt\\\/#\\\/schema\\\/person\\\/de562469f971dec226ac06e60bbf74a7\"},\"headline\":\"Meclis reisi Mustafa Cemilev Saudiya Arabistan\u0131na muqaddes topraqlar\u011fa \u00dcmrege yol ald\u0131\",\"datePublished\":\"2013-07-31T12:48:00+00:00\",\"dateModified\":\"2022-01-25T12:49:03+00:00\",\"mainEntityOfPage\":{\"@id\":\"https:\\\/\\\/qtmm.org\\\/qt\\\/meclis-reisi-mustafa-cemilev-saudiya-arabistanina-muqaddes-topraqlarga-umrege-yol-aldi\\\/\"},\"wordCount\":206,\"commentCount\":0,\"publisher\":{\"@id\":\"https:\\\/\\\/qtmm.org\\\/qt\\\/#organization\"},\"articleSection\":[\"Haberler\"],\"inLanguage\":\"qt\",\"potentialAction\":[{\"@type\":\"CommentAction\",\"name\":\"Comment\",\"target\":[\"https:\\\/\\\/qtmm.org\\\/qt\\\/meclis-reisi-mustafa-cemilev-saudiya-arabistanina-muqaddes-topraqlarga-umrege-yol-aldi\\\/#respond\"]}]},{\"@type\":\"WebPage\",\"@id\":\"https:\\\/\\\/qtmm.org\\\/qt\\\/meclis-reisi-mustafa-cemilev-saudiya-arabistanina-muqaddes-topraqlarga-umrege-yol-aldi\\\/\",\"url\":\"https:\\\/\\\/qtmm.org\\\/qt\\\/meclis-reisi-mustafa-cemilev-saudiya-arabistanina-muqaddes-topraqlarga-umrege-yol-aldi\\\/\",\"name\":\"Meclis reisi Mustafa Cemilev Saudiya Arabistan\u0131na muqaddes topraqlar\u011fa \u00dcmrege yol ald\u0131 - \u041c\u0435\u0434\u0436\u043b\u0456\u0441\",\"isPartOf\":{\"@id\":\"https:\\\/\\\/qtmm.org\\\/qt\\\/#website\"},\"datePublished\":\"2013-07-31T12:48:00+00:00\",\"dateModified\":\"2022-01-25T12:49:03+00:00\",\"breadcrumb\":{\"@id\":\"https:\\\/\\\/qtmm.org\\\/qt\\\/meclis-reisi-mustafa-cemilev-saudiya-arabistanina-muqaddes-topraqlarga-umrege-yol-aldi\\\/#breadcrumb\"},\"inLanguage\":\"qt\",\"potentialAction\":[{\"@type\":\"ReadAction\",\"target\":[\"https:\\\/\\\/qtmm.org\\\/qt\\\/meclis-reisi-mustafa-cemilev-saudiya-arabistanina-muqaddes-topraqlarga-umrege-yol-aldi\\\/\"]}]},{\"@type\":\"BreadcrumbList\",\"@id\":\"https:\\\/\\\/qtmm.org\\\/qt\\\/meclis-reisi-mustafa-cemilev-saudiya-arabistanina-muqaddes-topraqlarga-umrege-yol-aldi\\\/#breadcrumb\",\"itemListElement\":[{\"@type\":\"ListItem\",\"position\":1,\"name\":\"\u0413\u043e\u043b\u043e\u0432\u043d\u0430\",\"item\":\"https:\\\/\\\/qtmm.org\\\/qt\\\/\"},{\"@type\":\"ListItem\",\"position\":2,\"name\":\"Meclis reisi Mustafa Cemilev Saudiya Arabistan\u0131na muqaddes topraqlar\u011fa \u00dcmrege yol ald\u0131\"}]},{\"@type\":\"WebSite\",\"@id\":\"https:\\\/\\\/qtmm.org\\\/qt\\\/#website\",\"url\":\"https:\\\/\\\/qtmm.org\\\/qt\\\/\",\"name\":\"\u041c\u0435\u0434\u0436\u043b\u0456\u0441\",\"description\":\"\",\"publisher\":{\"@id\":\"https:\\\/\\\/qtmm.org\\\/qt\\\/#organization\"},\"potentialAction\":[{\"@type\":\"SearchAction\",\"target\":{\"@type\":\"EntryPoint\",\"urlTemplate\":\"https:\\\/\\\/qtmm.org\\\/qt\\\/?s={search_term_string}\"},\"query-input\":{\"@type\":\"PropertyValueSpecification\",\"valueRequired\":true,\"valueName\":\"search_term_string\"}}],\"inLanguage\":\"qt\"},{\"@type\":\"Organization\",\"@id\":\"https:\\\/\\\/qtmm.org\\\/qt\\\/#organization\",\"name\":\"\u041c\u0435\u0434\u0436\u043b\u0456\u0441\",\"url\":\"https:\\\/\\\/qtmm.org\\\/qt\\\/\",\"logo\":{\"@type\":\"ImageObject\",\"inLanguage\":\"qt\",\"@id\":\"https:\\\/\\\/qtmm.org\\\/qt\\\/#\\\/schema\\\/logo\\\/image\\\/\",\"url\":\"https:\\\/\\\/qtmm.org\\\/wp-content\\\/uploads\\\/2024\\\/12\\\/ua-mejlis-logo-rgb.svg\",\"contentUrl\":\"https:\\\/\\\/qtmm.org\\\/wp-content\\\/uploads\\\/2024\\\/12\\\/ua-mejlis-logo-rgb.svg\",\"caption\":\"\u041c\u0435\u0434\u0436\u043b\u0456\u0441\"},\"image\":{\"@id\":\"https:\\\/\\\/qtmm.org\\\/qt\\\/#\\\/schema\\\/logo\\\/image\\\/\"},\"sameAs\":[\"https:\\\/\\\/www.facebook.com\\\/qtmm.info\\\/\"]},{\"@type\":\"Person\",\"@id\":\"https:\\\/\\\/qtmm.org\\\/qt\\\/#\\\/schema\\\/person\\\/de562469f971dec226ac06e60bbf74a7\",\"name\":\"Developer\",\"image\":{\"@type\":\"ImageObject\",\"inLanguage\":\"qt\",\"@id\":\"https:\\\/\\\/secure.gravatar.com\\\/avatar\\\/392b4cc8fbfeb00b39dfeeab4ee6edded39ffd48e25858637e4765810300227e?s=96&d=mm&r=g\",\"url\":\"https:\\\/\\\/secure.gravatar.com\\\/avatar\\\/392b4cc8fbfeb00b39dfeeab4ee6edded39ffd48e25858637e4765810300227e?s=96&d=mm&r=g\",\"contentUrl\":\"https:\\\/\\\/secure.gravatar.com\\\/avatar\\\/392b4cc8fbfeb00b39dfeeab4ee6edded39ffd48e25858637e4765810300227e?s=96&d=mm&r=g\",\"caption\":\"Developer\"},\"url\":\"https:\\\/\\\/qtmm.org\\\/qt\\\/author\\\/Developer\\\/\"}]}<\/script>\n<!-- \/ Yoast SEO plugin. -->","yoast_head_json":{"title":"Meclis reisi Mustafa Cemilev Saudiya Arabistan\u0131na muqaddes topraqlar\u011fa \u00dcmrege yol ald\u0131 - \u041c\u0435\u0434\u0436\u043b\u0456\u0441","robots":{"index":"index","follow":"follow","max-snippet":"max-snippet:-1","max-image-preview":"max-image-preview:large","max-video-preview":"max-video-preview:-1"},"canonical":"https:\/\/qtmm.org\/qt\/meclis-reisi-mustafa-cemilev-saudiya-arabistanina-muqaddes-topraqlarga-umrege-yol-aldi\/","og_locale":"en_US","og_type":"article","og_title":"Meclis reisi Mustafa Cemilev Saudiya Arabistan\u0131na muqaddes topraqlar\u011fa \u00dcmrege yol ald\u0131 - \u041c\u0435\u0434\u0436\u043b\u0456\u0441","og_description":"Mubarek Ramazan ay\u0131nda Milliy Meclis reisi Mustafa Cemilev Saudiya Arabistan\u0131na muqaddes topraqlar\u011fa \u00dcmre yapmaq i\u00e7\u00fcn seferge \u00e7\u0131qt\u0131. Ramazan ay\u0131n\u0131\u00f1 so\u00f1ki on k\u00fcn\u00fc, i\u00e7ersinde Qad\u0131r gecesi ol\u011fanda Meclis yolba\u015f\u00e7\u0131s\u0131 Mustafa Cemilev Kiyevdeki q\u0131r\u0131mtatar cemiyetini\u00f1 ba\u015f\u0131 Aslan \u00d6mer Q\u0131r\u0131ml\u0131 ile beraber Saudiya Arabistan\u0131n\u0131\u00f1 Mekke \u015feerinde yani Alla\u011fa ibadet etilgen birinci yerde \u00dcmre yapmaqtalar. Bundan da \u011fayr\u0131 Mustafa [&hellip;]","og_url":"https:\/\/qtmm.org\/qt\/meclis-reisi-mustafa-cemilev-saudiya-arabistanina-muqaddes-topraqlarga-umrege-yol-aldi\/","og_site_name":"\u041c\u0435\u0434\u0436\u043b\u0456\u0441","article_publisher":"https:\/\/www.facebook.com\/qtmm.info\/","article_published_time":"2013-07-31T12:48:00+00:00","article_modified_time":"2022-01-25T12:49:03+00:00","author":"Developer","twitter_card":"summary_large_image","twitter_misc":{"Written by":"Developer","Est. reading time":"1 minute"},"schema":{"@context":"https:\/\/schema.org","@graph":[{"@type":"Article","@id":"https:\/\/qtmm.org\/qt\/meclis-reisi-mustafa-cemilev-saudiya-arabistanina-muqaddes-topraqlarga-umrege-yol-aldi\/#article","isPartOf":{"@id":"https:\/\/qtmm.org\/qt\/meclis-reisi-mustafa-cemilev-saudiya-arabistanina-muqaddes-topraqlarga-umrege-yol-aldi\/"},"author":{"name":"Developer","@id":"https:\/\/qtmm.org\/qt\/#\/schema\/person\/de562469f971dec226ac06e60bbf74a7"},"headline":"Meclis reisi Mustafa Cemilev Saudiya Arabistan\u0131na muqaddes topraqlar\u011fa \u00dcmrege yol ald\u0131","datePublished":"2013-07-31T12:48:00+00:00","dateModified":"2022-01-25T12:49:03+00:00","mainEntityOfPage":{"@id":"https:\/\/qtmm.org\/qt\/meclis-reisi-mustafa-cemilev-saudiya-arabistanina-muqaddes-topraqlarga-umrege-yol-aldi\/"},"wordCount":206,"commentCount":0,"publisher":{"@id":"https:\/\/qtmm.org\/qt\/#organization"},"articleSection":["Haberler"],"inLanguage":"qt","potentialAction":[{"@type":"CommentAction","name":"Comment","target":["https:\/\/qtmm.org\/qt\/meclis-reisi-mustafa-cemilev-saudiya-arabistanina-muqaddes-topraqlarga-umrege-yol-aldi\/#respond"]}]},{"@type":"WebPage","@id":"https:\/\/qtmm.org\/qt\/meclis-reisi-mustafa-cemilev-saudiya-arabistanina-muqaddes-topraqlarga-umrege-yol-aldi\/","url":"https:\/\/qtmm.org\/qt\/meclis-reisi-mustafa-cemilev-saudiya-arabistanina-muqaddes-topraqlarga-umrege-yol-aldi\/","name":"Meclis reisi Mustafa Cemilev Saudiya Arabistan\u0131na muqaddes topraqlar\u011fa \u00dcmrege yol ald\u0131 - \u041c\u0435\u0434\u0436\u043b\u0456\u0441","isPartOf":{"@id":"https:\/\/qtmm.org\/qt\/#website"},"datePublished":"2013-07-31T12:48:00+00:00","dateModified":"2022-01-25T12:49:03+00:00","breadcrumb":{"@id":"https:\/\/qtmm.org\/qt\/meclis-reisi-mustafa-cemilev-saudiya-arabistanina-muqaddes-topraqlarga-umrege-yol-aldi\/#breadcrumb"},"inLanguage":"qt","potentialAction":[{"@type":"ReadAction","target":["https:\/\/qtmm.org\/qt\/meclis-reisi-mustafa-cemilev-saudiya-arabistanina-muqaddes-topraqlarga-umrege-yol-aldi\/"]}]},{"@type":"BreadcrumbList","@id":"https:\/\/qtmm.org\/qt\/meclis-reisi-mustafa-cemilev-saudiya-arabistanina-muqaddes-topraqlarga-umrege-yol-aldi\/#breadcrumb","itemListElement":[{"@type":"ListItem","position":1,"name":"\u0413\u043e\u043b\u043e\u0432\u043d\u0430","item":"https:\/\/qtmm.org\/qt\/"},{"@type":"ListItem","position":2,"name":"Meclis reisi Mustafa Cemilev Saudiya Arabistan\u0131na muqaddes topraqlar\u011fa \u00dcmrege yol ald\u0131"}]},{"@type":"WebSite","@id":"https:\/\/qtmm.org\/qt\/#website","url":"https:\/\/qtmm.org\/qt\/","name":"\u041c\u0435\u0434\u0436\u043b\u0456\u0441","description":"","publisher":{"@id":"https:\/\/qtmm.org\/qt\/#organization"},"potentialAction":[{"@type":"SearchAction","target":{"@type":"EntryPoint","urlTemplate":"https:\/\/qtmm.org\/qt\/?s={search_term_string}"},"query-input":{"@type":"PropertyValueSpecification","valueRequired":true,"valueName":"search_term_string"}}],"inLanguage":"qt"},{"@type":"Organization","@id":"https:\/\/qtmm.org\/qt\/#organization","name":"\u041c\u0435\u0434\u0436\u043b\u0456\u0441","url":"https:\/\/qtmm.org\/qt\/","logo":{"@type":"ImageObject","inLanguage":"qt","@id":"https:\/\/qtmm.org\/qt\/#\/schema\/logo\/image\/","url":"https:\/\/qtmm.org\/wp-content\/uploads\/2024\/12\/ua-mejlis-logo-rgb.svg","contentUrl":"https:\/\/qtmm.org\/wp-content\/uploads\/2024\/12\/ua-mejlis-logo-rgb.svg","caption":"\u041c\u0435\u0434\u0436\u043b\u0456\u0441"},"image":{"@id":"https:\/\/qtmm.org\/qt\/#\/schema\/logo\/image\/"},"sameAs":["https:\/\/www.facebook.com\/qtmm.info\/"]},{"@type":"Person","@id":"https:\/\/qtmm.org\/qt\/#\/schema\/person\/de562469f971dec226ac06e60bbf74a7","name":"Developer","image":{"@type":"ImageObject","inLanguage":"qt","@id":"https:\/\/secure.gravatar.com\/avatar\/392b4cc8fbfeb00b39dfeeab4ee6edded39ffd48e25858637e4765810300227e?s=96&d=mm&r=g","url":"https:\/\/secure.gravatar.com\/avatar\/392b4cc8fbfeb00b39dfeeab4ee6edded39ffd48e25858637e4765810300227e?s=96&d=mm&r=g","contentUrl":"https:\/\/secure.gravatar.com\/avatar\/392b4cc8fbfeb00b39dfeeab4ee6edded39ffd48e25858637e4765810300227e?s=96&d=mm&r=g","caption":"Developer"},"url":"https:\/\/qtmm.org\/qt\/author\/Developer\/"}]}},"_links":{"self":[{"href":"https:\/\/qtmm.org\/qt\/wp-json\/wp\/v2\/posts\/38703","targetHints":{"allow":["GET"]}}],"collection":[{"href":"https:\/\/qtmm.org\/qt\/wp-json\/wp\/v2\/posts"}],"about":[{"href":"https:\/\/qtmm.org\/qt\/wp-json\/wp\/v2\/types\/post"}],"author":[{"embeddable":true,"href":"https:\/\/qtmm.org\/qt\/wp-json\/wp\/v2\/users\/1"}],"replies":[{"embeddable":true,"href":"https:\/\/qtmm.org\/qt\/wp-json\/wp\/v2\/comments?post=38703"}],"version-history":[{"count":1,"href":"https:\/\/qtmm.org\/qt\/wp-json\/wp\/v2\/posts\/38703\/revisions"}],"predecessor-version":[{"id":38704,"href":"https:\/\/qtmm.org\/qt\/wp-json\/wp\/v2\/posts\/38703\/revisions\/38704"}],"wp:attachment":[{"href":"https:\/\/qtmm.org\/qt\/wp-json\/wp\/v2\/media?parent=38703"}],"wp:term":[{"taxonomy":"category","embeddable":true,"href":"https:\/\/qtmm.org\/qt\/wp-json\/wp\/v2\/categories?post=38703"},{"taxonomy":"post_tag","embeddable":true,"href":"https:\/\/qtmm.org\/qt\/wp-json\/wp\/v2\/tags?post=38703"}],"curies":[{"name":"wp","href":"https:\/\/api.w.org\/{rel}","templated":true}]}}