




{"id":38681,"date":"2013-07-26T15:46:00","date_gmt":"2013-07-26T12:46:00","guid":{"rendered":"http:\/\/qtmm.org\/?p=38681"},"modified":"2022-01-25T15:48:29","modified_gmt":"2022-01-25T12:48:29","slug":"milliy-meclisnin-nevbetteki-toplasuvi","status":"publish","type":"post","link":"https:\/\/qtmm.org\/qt\/milliy-meclisnin-nevbetteki-toplasuvi\/","title":{"rendered":"Milliy Meclisni\u00f1 nevbetteki topla\u015fuv\u0131"},"content":{"rendered":"\n<p>2013 senesi iy\u00fcl 26 k\u00fcn\u00fc Milliy Meclisni\u00f1 keni\u015fletilgen topla\u015fuv\u0131 ol\u0131p ke\u00e7ti.<\/p>\n\n\n\n<figure class=\"wp-block-image size-full\"><img loading=\"lazy\" decoding=\"async\" width=\"650\" height=\"330\" src=\"http:\/\/qtmm.org\/wp-content\/uploads\/2022\/01\/img_3433.jpeg\" alt=\"\" class=\"wp-image-38682\" srcset=\"https:\/\/qtmm.org\/wp-content\/uploads\/2022\/01\/img_3433.jpeg 650w, https:\/\/qtmm.org\/wp-content\/uploads\/2022\/01\/img_3433-300x152.jpeg 300w\" sizes=\"auto, (max-width: 650px) 100vw, 650px\" \/><\/figure>\n\n\n\n<p>On\u0131\u00f1 k\u00fcn tertibine eki mesele qoyuld\u0131: Q\u0131r\u0131mtatar halq\u0131 Meclisi U1 \u00e7a\u011f\u0131r\u0131l\u0131\u015f Qurultay\u0131 birinci otur\u0131m\u0131n\u0131\u00f1 ke\u00e7irilmesi aqq\u0131nda, avgust 23 k\u00fcn\u00fc stalinizm ve natsizm qurbanlar\u0131n\u0131\u00f1 hat\u0131ras\u0131 umumavropa k\u00fcn\u00fc B\u00fct\u00fcnq\u0131r\u0131m informatsion piketini te\u015fkil\u00e2tland\u0131ruv aqq\u0131nda.<\/p>\n\n\n\n<figure class=\"wp-block-image size-full\"><img loading=\"lazy\" decoding=\"async\" width=\"650\" height=\"330\" src=\"http:\/\/qtmm.org\/wp-content\/uploads\/2022\/01\/img_3442.jpeg\" alt=\"\" class=\"wp-image-38686\" srcset=\"https:\/\/qtmm.org\/wp-content\/uploads\/2022\/01\/img_3442.jpeg 650w, https:\/\/qtmm.org\/wp-content\/uploads\/2022\/01\/img_3442-300x152.jpeg 300w\" sizes=\"auto, (max-width: 650px) 100vw, 650px\" \/><\/figure>\n\n\n\n<p>Birinci mesele boyunca \u00e7\u0131q\u0131\u015fta bulun\u011fan Meclis K\u00e2tibiyetini\u00f1 ba\u015f\u0131 Zair Smedl\u00e2yev Meclis azalar\u0131na Q\u0131r\u0131mtatar halq\u0131 Meclisi U1 \u00e7a\u011f\u0131r\u0131l\u0131\u015f Qurultay\u0131 birinci otur\u0131m\u0131n\u0131 az\u0131rlav boyunca te\u015fkiliy h\u0131zmet erk\u00e2n\u0131na dair pritsipial tekliflerni seslendirdi. Teklif olun\u011fan leyhan\u0131\u00f1 muzakeresinden so\u00f1 Mecli azalar\u0131 \u00e7oqluq reylernen qarar qabul ettiler. Mezk\u00fcr qarar\u011fa binaen te\u015fkiliy h\u0131zmetke reis olaraq Milliy Meclis reisi Mustafa Cemilev, muavini &#8211; Meclis K\u00e2tibiyetini\u00f1 ba\u015f\u0131 Zair Smedl\u00e2yev, k\u00e2tibi \u2013 Qurultay Merkeziy saylav komissiyas\u0131n\u0131\u00f1 k\u00e2tibi Alim Zeytullayev sayland\u0131lar.<\/p>\n\n\n\n<figure class=\"wp-block-image size-full\"><img loading=\"lazy\" decoding=\"async\" width=\"650\" height=\"330\" src=\"http:\/\/qtmm.org\/wp-content\/uploads\/2022\/01\/img_3437.jpeg\" alt=\"\" class=\"wp-image-38690\" srcset=\"https:\/\/qtmm.org\/wp-content\/uploads\/2022\/01\/img_3437.jpeg 650w, https:\/\/qtmm.org\/wp-content\/uploads\/2022\/01\/img_3437-300x152.jpeg 300w\" sizes=\"auto, (max-width: 650px) 100vw, 650px\" \/><\/figure>\n\n\n\n<p>Te\u015fkiliy h\u0131zmet terkibine Qurultay\u011fa 4 fay\u0131zl\u0131 manian\u0131 ke\u00e7ip ol\u011fan q\u0131r\u0131mtatar cemaat te\u015fkil\u00e2tlar\u0131ndan birer vekil ve 10-dan ziyade adam saylan\u011fan regionlarn\u0131\u00f1 vekilleri kirsetildi.<\/p>\n\n\n\n<p>B\u00f6yleliknen, Qurultay otur\u0131m\u0131n\u0131 az\u0131rlav boyunca te\u015fkiliy h\u0131zmet 18 adamdan ibaret olacaq.<br>Qurultayn\u0131 ke\u00e7ir\u00fcv k\u00fcn\u00fc Meclisni\u00f1 nevbetteki topla\u015fuv\u0131nda belgilenecek.<\/p>\n\n\n\n<figure class=\"wp-block-image size-full\"><img loading=\"lazy\" decoding=\"async\" width=\"650\" height=\"300\" src=\"http:\/\/qtmm.org\/wp-content\/uploads\/2022\/01\/img_3438.jpeg\" alt=\"\" class=\"wp-image-38694\" srcset=\"https:\/\/qtmm.org\/wp-content\/uploads\/2022\/01\/img_3438.jpeg 650w, https:\/\/qtmm.org\/wp-content\/uploads\/2022\/01\/img_3438-300x138.jpeg 300w\" sizes=\"auto, (max-width: 650px) 100vw, 650px\" \/><\/figure>\n\n\n\n<p>Ekinci mesele boyunca s\u00f6zge \u00e7\u0131qqan Milliy Meclis reisini\u00f1 birinci muavini Refat \u00c7ubarov \u015fun\u0131 haber etti ki, 2009 y\u0131l\u0131ndan ba\u015flap Milliy Meclis er sene avgust 23 k\u00fcn\u00fc Umumavropa stalinizm ve natsizm qurbanlar\u0131n\u0131\u00f1 hat\u0131ra k\u00fcn\u00fcne ba\u011f\u0131\u015flap ukrain milliy-demokratik k\u00fc\u00e7ler ile birlikte s\u00fcrg\u00fcnlik ve qatl qurbanlar\u0131n\u0131\u00f1 hat\u0131ras\u0131n\u0131 saqlamaq maqsad\u0131nda infoormatsion piketlerni ke\u00e7ire.<\/p>\n\n\n\n<p>Bu y\u0131l\u0131 da b\u00f6yle tedbirni ke\u00e7irmek i\u00e7\u00fcn B\u00fct\u00fcnq\u0131r\u0131m aktsiyas\u0131n\u0131 az\u0131rlav ke ke\u00e7ir\u00fcv boyunca te\u015fkiliy komitetni meydan\u011fa ketirmek qarar\u0131 al\u0131nd\u0131.<br><br>Te\u015fkiliy komitetke Milliy Meclis reisini\u00f1 birinci muavini Refat \u00c7ubarov yetek\u00e7ilik, Dil\u00e2ver Akiyev ise k\u00e2tiplik yapacaqlar.<\/p>\n\n\n\n<p>Regional meclis reislerine aktsiya ke\u00e7irilmesinde semetde\u015flerni\u00f1 i\u015ftirakini teminlemek avale etildi.<\/p>\n\n\n\n<figure class=\"wp-block-image size-full\"><img loading=\"lazy\" decoding=\"async\" width=\"650\" height=\"350\" src=\"http:\/\/qtmm.org\/wp-content\/uploads\/2022\/01\/img_3448.jpeg\" alt=\"\" class=\"wp-image-38698\" srcset=\"https:\/\/qtmm.org\/wp-content\/uploads\/2022\/01\/img_3448.jpeg 650w, https:\/\/qtmm.org\/wp-content\/uploads\/2022\/01\/img_3448-300x162.jpeg 300w\" sizes=\"auto, (max-width: 650px) 100vw, 650px\" \/><\/figure>\n","protected":false},"excerpt":{"rendered":"<p>2013 senesi iy\u00fcl 26 k\u00fcn\u00fc Milliy Meclisni\u00f1 keni\u015fletilgen topla\u015fuv\u0131 ol\u0131p ke\u00e7ti. On\u0131\u00f1 k\u00fcn tertibine eki mesele qoyuld\u0131: Q\u0131r\u0131mtatar halq\u0131 Meclisi U1 \u00e7a\u011f\u0131r\u0131l\u0131\u015f Qurultay\u0131 birinci otur\u0131m\u0131n\u0131\u00f1 ke\u00e7irilmesi aqq\u0131nda, avgust 23 k\u00fcn\u00fc stalinizm ve natsizm qurbanlar\u0131n\u0131\u00f1 hat\u0131ras\u0131 umumavropa k\u00fcn\u00fc B\u00fct\u00fcnq\u0131r\u0131m informatsion piketini te\u015fkil\u00e2tland\u0131ruv aqq\u0131nda. Birinci mesele boyunca \u00e7\u0131q\u0131\u015fta bulun\u011fan Meclis K\u00e2tibiyetini\u00f1 ba\u015f\u0131 Zair Smedl\u00e2yev Meclis azalar\u0131na Q\u0131r\u0131mtatar [&hellip;]<\/p>\n","protected":false},"author":1,"featured_media":0,"comment_status":"open","ping_status":"open","sticky":false,"template":"","format":"standard","meta":{"inline_featured_image":false,"footnotes":""},"categories":[265],"tags":[],"class_list":["post-38681","post","type-post","status-publish","format-standard","hentry","category-haberler"],"acf":[],"yoast_head":"<!-- This site is optimized with the Yoast SEO plugin v27.4 - https:\/\/yoast.com\/product\/yoast-seo-wordpress\/ -->\n<title>Milliy Meclisni\u00f1 nevbetteki topla\u015fuv\u0131 - \u041c\u0435\u0434\u0436\u043b\u0456\u0441<\/title>\n<meta name=\"robots\" content=\"index, follow, max-snippet:-1, max-image-preview:large, max-video-preview:-1\" \/>\n<link rel=\"canonical\" href=\"https:\/\/qtmm.org\/qt\/milliy-meclisnin-nevbetteki-toplasuvi\/\" \/>\n<meta property=\"og:locale\" content=\"en_US\" \/>\n<meta property=\"og:type\" content=\"article\" \/>\n<meta property=\"og:title\" content=\"Milliy Meclisni\u00f1 nevbetteki topla\u015fuv\u0131 - \u041c\u0435\u0434\u0436\u043b\u0456\u0441\" \/>\n<meta property=\"og:description\" content=\"2013 senesi iy\u00fcl 26 k\u00fcn\u00fc Milliy Meclisni\u00f1 keni\u015fletilgen topla\u015fuv\u0131 ol\u0131p ke\u00e7ti. On\u0131\u00f1 k\u00fcn tertibine eki mesele qoyuld\u0131: Q\u0131r\u0131mtatar halq\u0131 Meclisi U1 \u00e7a\u011f\u0131r\u0131l\u0131\u015f Qurultay\u0131 birinci otur\u0131m\u0131n\u0131\u00f1 ke\u00e7irilmesi aqq\u0131nda, avgust 23 k\u00fcn\u00fc stalinizm ve natsizm qurbanlar\u0131n\u0131\u00f1 hat\u0131ras\u0131 umumavropa k\u00fcn\u00fc B\u00fct\u00fcnq\u0131r\u0131m informatsion piketini te\u015fkil\u00e2tland\u0131ruv aqq\u0131nda. Birinci mesele boyunca \u00e7\u0131q\u0131\u015fta bulun\u011fan Meclis K\u00e2tibiyetini\u00f1 ba\u015f\u0131 Zair Smedl\u00e2yev Meclis azalar\u0131na Q\u0131r\u0131mtatar [&hellip;]\" \/>\n<meta property=\"og:url\" content=\"https:\/\/qtmm.org\/qt\/milliy-meclisnin-nevbetteki-toplasuvi\/\" \/>\n<meta property=\"og:site_name\" content=\"\u041c\u0435\u0434\u0436\u043b\u0456\u0441\" \/>\n<meta property=\"article:publisher\" content=\"https:\/\/www.facebook.com\/qtmm.info\/\" \/>\n<meta property=\"article:published_time\" content=\"2013-07-26T12:46:00+00:00\" \/>\n<meta property=\"article:modified_time\" content=\"2022-01-25T12:48:29+00:00\" \/>\n<meta property=\"og:image\" content=\"https:\/\/qtmm.org\/wp-content\/uploads\/2022\/01\/img_3433.jpeg\" \/>\n\t<meta property=\"og:image:width\" content=\"650\" \/>\n\t<meta property=\"og:image:height\" content=\"330\" \/>\n\t<meta property=\"og:image:type\" content=\"image\/jpeg\" \/>\n<meta name=\"author\" content=\"Developer\" \/>\n<meta name=\"twitter:card\" content=\"summary_large_image\" \/>\n<meta name=\"twitter:label1\" content=\"Written by\" \/>\n\t<meta name=\"twitter:data1\" content=\"Developer\" \/>\n\t<meta name=\"twitter:label2\" content=\"Est. reading time\" \/>\n\t<meta name=\"twitter:data2\" content=\"2 minutes\" \/>\n<script type=\"application\/ld+json\" class=\"yoast-schema-graph\">{\"@context\":\"https:\\\/\\\/schema.org\",\"@graph\":[{\"@type\":\"Article\",\"@id\":\"https:\\\/\\\/qtmm.org\\\/qt\\\/milliy-meclisnin-nevbetteki-toplasuvi\\\/#article\",\"isPartOf\":{\"@id\":\"https:\\\/\\\/qtmm.org\\\/qt\\\/milliy-meclisnin-nevbetteki-toplasuvi\\\/\"},\"author\":{\"name\":\"Developer\",\"@id\":\"https:\\\/\\\/qtmm.org\\\/qt\\\/#\\\/schema\\\/person\\\/de562469f971dec226ac06e60bbf74a7\"},\"headline\":\"Milliy Meclisni\u00f1 nevbetteki topla\u015fuv\u0131\",\"datePublished\":\"2013-07-26T12:46:00+00:00\",\"dateModified\":\"2022-01-25T12:48:29+00:00\",\"mainEntityOfPage\":{\"@id\":\"https:\\\/\\\/qtmm.org\\\/qt\\\/milliy-meclisnin-nevbetteki-toplasuvi\\\/\"},\"wordCount\":359,\"commentCount\":0,\"publisher\":{\"@id\":\"https:\\\/\\\/qtmm.org\\\/qt\\\/#organization\"},\"image\":{\"@id\":\"https:\\\/\\\/qtmm.org\\\/qt\\\/milliy-meclisnin-nevbetteki-toplasuvi\\\/#primaryimage\"},\"thumbnailUrl\":\"http:\\\/\\\/qtmm.org\\\/wp-content\\\/uploads\\\/2022\\\/01\\\/img_3433.jpeg\",\"articleSection\":[\"Haberler\"],\"inLanguage\":\"qt\",\"potentialAction\":[{\"@type\":\"CommentAction\",\"name\":\"Comment\",\"target\":[\"https:\\\/\\\/qtmm.org\\\/qt\\\/milliy-meclisnin-nevbetteki-toplasuvi\\\/#respond\"]}]},{\"@type\":\"WebPage\",\"@id\":\"https:\\\/\\\/qtmm.org\\\/qt\\\/milliy-meclisnin-nevbetteki-toplasuvi\\\/\",\"url\":\"https:\\\/\\\/qtmm.org\\\/qt\\\/milliy-meclisnin-nevbetteki-toplasuvi\\\/\",\"name\":\"Milliy Meclisni\u00f1 nevbetteki topla\u015fuv\u0131 - \u041c\u0435\u0434\u0436\u043b\u0456\u0441\",\"isPartOf\":{\"@id\":\"https:\\\/\\\/qtmm.org\\\/qt\\\/#website\"},\"primaryImageOfPage\":{\"@id\":\"https:\\\/\\\/qtmm.org\\\/qt\\\/milliy-meclisnin-nevbetteki-toplasuvi\\\/#primaryimage\"},\"image\":{\"@id\":\"https:\\\/\\\/qtmm.org\\\/qt\\\/milliy-meclisnin-nevbetteki-toplasuvi\\\/#primaryimage\"},\"thumbnailUrl\":\"http:\\\/\\\/qtmm.org\\\/wp-content\\\/uploads\\\/2022\\\/01\\\/img_3433.jpeg\",\"datePublished\":\"2013-07-26T12:46:00+00:00\",\"dateModified\":\"2022-01-25T12:48:29+00:00\",\"breadcrumb\":{\"@id\":\"https:\\\/\\\/qtmm.org\\\/qt\\\/milliy-meclisnin-nevbetteki-toplasuvi\\\/#breadcrumb\"},\"inLanguage\":\"qt\",\"potentialAction\":[{\"@type\":\"ReadAction\",\"target\":[\"https:\\\/\\\/qtmm.org\\\/qt\\\/milliy-meclisnin-nevbetteki-toplasuvi\\\/\"]}]},{\"@type\":\"ImageObject\",\"inLanguage\":\"qt\",\"@id\":\"https:\\\/\\\/qtmm.org\\\/qt\\\/milliy-meclisnin-nevbetteki-toplasuvi\\\/#primaryimage\",\"url\":\"http:\\\/\\\/qtmm.org\\\/wp-content\\\/uploads\\\/2022\\\/01\\\/img_3433.jpeg\",\"contentUrl\":\"http:\\\/\\\/qtmm.org\\\/wp-content\\\/uploads\\\/2022\\\/01\\\/img_3433.jpeg\"},{\"@type\":\"BreadcrumbList\",\"@id\":\"https:\\\/\\\/qtmm.org\\\/qt\\\/milliy-meclisnin-nevbetteki-toplasuvi\\\/#breadcrumb\",\"itemListElement\":[{\"@type\":\"ListItem\",\"position\":1,\"name\":\"\u0413\u043e\u043b\u043e\u0432\u043d\u0430\",\"item\":\"https:\\\/\\\/qtmm.org\\\/qt\\\/\"},{\"@type\":\"ListItem\",\"position\":2,\"name\":\"Milliy Meclisni\u00f1 nevbetteki topla\u015fuv\u0131\"}]},{\"@type\":\"WebSite\",\"@id\":\"https:\\\/\\\/qtmm.org\\\/qt\\\/#website\",\"url\":\"https:\\\/\\\/qtmm.org\\\/qt\\\/\",\"name\":\"\u041c\u0435\u0434\u0436\u043b\u0456\u0441\",\"description\":\"\",\"publisher\":{\"@id\":\"https:\\\/\\\/qtmm.org\\\/qt\\\/#organization\"},\"potentialAction\":[{\"@type\":\"SearchAction\",\"target\":{\"@type\":\"EntryPoint\",\"urlTemplate\":\"https:\\\/\\\/qtmm.org\\\/qt\\\/?s={search_term_string}\"},\"query-input\":{\"@type\":\"PropertyValueSpecification\",\"valueRequired\":true,\"valueName\":\"search_term_string\"}}],\"inLanguage\":\"qt\"},{\"@type\":\"Organization\",\"@id\":\"https:\\\/\\\/qtmm.org\\\/qt\\\/#organization\",\"name\":\"\u041c\u0435\u0434\u0436\u043b\u0456\u0441\",\"url\":\"https:\\\/\\\/qtmm.org\\\/qt\\\/\",\"logo\":{\"@type\":\"ImageObject\",\"inLanguage\":\"qt\",\"@id\":\"https:\\\/\\\/qtmm.org\\\/qt\\\/#\\\/schema\\\/logo\\\/image\\\/\",\"url\":\"https:\\\/\\\/qtmm.org\\\/wp-content\\\/uploads\\\/2024\\\/12\\\/ua-mejlis-logo-rgb.svg\",\"contentUrl\":\"https:\\\/\\\/qtmm.org\\\/wp-content\\\/uploads\\\/2024\\\/12\\\/ua-mejlis-logo-rgb.svg\",\"caption\":\"\u041c\u0435\u0434\u0436\u043b\u0456\u0441\"},\"image\":{\"@id\":\"https:\\\/\\\/qtmm.org\\\/qt\\\/#\\\/schema\\\/logo\\\/image\\\/\"},\"sameAs\":[\"https:\\\/\\\/www.facebook.com\\\/qtmm.info\\\/\"]},{\"@type\":\"Person\",\"@id\":\"https:\\\/\\\/qtmm.org\\\/qt\\\/#\\\/schema\\\/person\\\/de562469f971dec226ac06e60bbf74a7\",\"name\":\"Developer\",\"image\":{\"@type\":\"ImageObject\",\"inLanguage\":\"qt\",\"@id\":\"https:\\\/\\\/secure.gravatar.com\\\/avatar\\\/392b4cc8fbfeb00b39dfeeab4ee6edded39ffd48e25858637e4765810300227e?s=96&d=mm&r=g\",\"url\":\"https:\\\/\\\/secure.gravatar.com\\\/avatar\\\/392b4cc8fbfeb00b39dfeeab4ee6edded39ffd48e25858637e4765810300227e?s=96&d=mm&r=g\",\"contentUrl\":\"https:\\\/\\\/secure.gravatar.com\\\/avatar\\\/392b4cc8fbfeb00b39dfeeab4ee6edded39ffd48e25858637e4765810300227e?s=96&d=mm&r=g\",\"caption\":\"Developer\"},\"url\":\"https:\\\/\\\/qtmm.org\\\/qt\\\/author\\\/Developer\\\/\"}]}<\/script>\n<!-- \/ Yoast SEO plugin. -->","yoast_head_json":{"title":"Milliy Meclisni\u00f1 nevbetteki topla\u015fuv\u0131 - \u041c\u0435\u0434\u0436\u043b\u0456\u0441","robots":{"index":"index","follow":"follow","max-snippet":"max-snippet:-1","max-image-preview":"max-image-preview:large","max-video-preview":"max-video-preview:-1"},"canonical":"https:\/\/qtmm.org\/qt\/milliy-meclisnin-nevbetteki-toplasuvi\/","og_locale":"en_US","og_type":"article","og_title":"Milliy Meclisni\u00f1 nevbetteki topla\u015fuv\u0131 - \u041c\u0435\u0434\u0436\u043b\u0456\u0441","og_description":"2013 senesi iy\u00fcl 26 k\u00fcn\u00fc Milliy Meclisni\u00f1 keni\u015fletilgen topla\u015fuv\u0131 ol\u0131p ke\u00e7ti. On\u0131\u00f1 k\u00fcn tertibine eki mesele qoyuld\u0131: Q\u0131r\u0131mtatar halq\u0131 Meclisi U1 \u00e7a\u011f\u0131r\u0131l\u0131\u015f Qurultay\u0131 birinci otur\u0131m\u0131n\u0131\u00f1 ke\u00e7irilmesi aqq\u0131nda, avgust 23 k\u00fcn\u00fc stalinizm ve natsizm qurbanlar\u0131n\u0131\u00f1 hat\u0131ras\u0131 umumavropa k\u00fcn\u00fc B\u00fct\u00fcnq\u0131r\u0131m informatsion piketini te\u015fkil\u00e2tland\u0131ruv aqq\u0131nda. Birinci mesele boyunca \u00e7\u0131q\u0131\u015fta bulun\u011fan Meclis K\u00e2tibiyetini\u00f1 ba\u015f\u0131 Zair Smedl\u00e2yev Meclis azalar\u0131na Q\u0131r\u0131mtatar [&hellip;]","og_url":"https:\/\/qtmm.org\/qt\/milliy-meclisnin-nevbetteki-toplasuvi\/","og_site_name":"\u041c\u0435\u0434\u0436\u043b\u0456\u0441","article_publisher":"https:\/\/www.facebook.com\/qtmm.info\/","article_published_time":"2013-07-26T12:46:00+00:00","article_modified_time":"2022-01-25T12:48:29+00:00","og_image":[{"width":650,"height":330,"url":"https:\/\/qtmm.org\/wp-content\/uploads\/2022\/01\/img_3433.jpeg","type":"image\/jpeg"}],"author":"Developer","twitter_card":"summary_large_image","twitter_misc":{"Written by":"Developer","Est. reading time":"2 minutes"},"schema":{"@context":"https:\/\/schema.org","@graph":[{"@type":"Article","@id":"https:\/\/qtmm.org\/qt\/milliy-meclisnin-nevbetteki-toplasuvi\/#article","isPartOf":{"@id":"https:\/\/qtmm.org\/qt\/milliy-meclisnin-nevbetteki-toplasuvi\/"},"author":{"name":"Developer","@id":"https:\/\/qtmm.org\/qt\/#\/schema\/person\/de562469f971dec226ac06e60bbf74a7"},"headline":"Milliy Meclisni\u00f1 nevbetteki topla\u015fuv\u0131","datePublished":"2013-07-26T12:46:00+00:00","dateModified":"2022-01-25T12:48:29+00:00","mainEntityOfPage":{"@id":"https:\/\/qtmm.org\/qt\/milliy-meclisnin-nevbetteki-toplasuvi\/"},"wordCount":359,"commentCount":0,"publisher":{"@id":"https:\/\/qtmm.org\/qt\/#organization"},"image":{"@id":"https:\/\/qtmm.org\/qt\/milliy-meclisnin-nevbetteki-toplasuvi\/#primaryimage"},"thumbnailUrl":"http:\/\/qtmm.org\/wp-content\/uploads\/2022\/01\/img_3433.jpeg","articleSection":["Haberler"],"inLanguage":"qt","potentialAction":[{"@type":"CommentAction","name":"Comment","target":["https:\/\/qtmm.org\/qt\/milliy-meclisnin-nevbetteki-toplasuvi\/#respond"]}]},{"@type":"WebPage","@id":"https:\/\/qtmm.org\/qt\/milliy-meclisnin-nevbetteki-toplasuvi\/","url":"https:\/\/qtmm.org\/qt\/milliy-meclisnin-nevbetteki-toplasuvi\/","name":"Milliy Meclisni\u00f1 nevbetteki topla\u015fuv\u0131 - \u041c\u0435\u0434\u0436\u043b\u0456\u0441","isPartOf":{"@id":"https:\/\/qtmm.org\/qt\/#website"},"primaryImageOfPage":{"@id":"https:\/\/qtmm.org\/qt\/milliy-meclisnin-nevbetteki-toplasuvi\/#primaryimage"},"image":{"@id":"https:\/\/qtmm.org\/qt\/milliy-meclisnin-nevbetteki-toplasuvi\/#primaryimage"},"thumbnailUrl":"http:\/\/qtmm.org\/wp-content\/uploads\/2022\/01\/img_3433.jpeg","datePublished":"2013-07-26T12:46:00+00:00","dateModified":"2022-01-25T12:48:29+00:00","breadcrumb":{"@id":"https:\/\/qtmm.org\/qt\/milliy-meclisnin-nevbetteki-toplasuvi\/#breadcrumb"},"inLanguage":"qt","potentialAction":[{"@type":"ReadAction","target":["https:\/\/qtmm.org\/qt\/milliy-meclisnin-nevbetteki-toplasuvi\/"]}]},{"@type":"ImageObject","inLanguage":"qt","@id":"https:\/\/qtmm.org\/qt\/milliy-meclisnin-nevbetteki-toplasuvi\/#primaryimage","url":"http:\/\/qtmm.org\/wp-content\/uploads\/2022\/01\/img_3433.jpeg","contentUrl":"http:\/\/qtmm.org\/wp-content\/uploads\/2022\/01\/img_3433.jpeg"},{"@type":"BreadcrumbList","@id":"https:\/\/qtmm.org\/qt\/milliy-meclisnin-nevbetteki-toplasuvi\/#breadcrumb","itemListElement":[{"@type":"ListItem","position":1,"name":"\u0413\u043e\u043b\u043e\u0432\u043d\u0430","item":"https:\/\/qtmm.org\/qt\/"},{"@type":"ListItem","position":2,"name":"Milliy Meclisni\u00f1 nevbetteki topla\u015fuv\u0131"}]},{"@type":"WebSite","@id":"https:\/\/qtmm.org\/qt\/#website","url":"https:\/\/qtmm.org\/qt\/","name":"\u041c\u0435\u0434\u0436\u043b\u0456\u0441","description":"","publisher":{"@id":"https:\/\/qtmm.org\/qt\/#organization"},"potentialAction":[{"@type":"SearchAction","target":{"@type":"EntryPoint","urlTemplate":"https:\/\/qtmm.org\/qt\/?s={search_term_string}"},"query-input":{"@type":"PropertyValueSpecification","valueRequired":true,"valueName":"search_term_string"}}],"inLanguage":"qt"},{"@type":"Organization","@id":"https:\/\/qtmm.org\/qt\/#organization","name":"\u041c\u0435\u0434\u0436\u043b\u0456\u0441","url":"https:\/\/qtmm.org\/qt\/","logo":{"@type":"ImageObject","inLanguage":"qt","@id":"https:\/\/qtmm.org\/qt\/#\/schema\/logo\/image\/","url":"https:\/\/qtmm.org\/wp-content\/uploads\/2024\/12\/ua-mejlis-logo-rgb.svg","contentUrl":"https:\/\/qtmm.org\/wp-content\/uploads\/2024\/12\/ua-mejlis-logo-rgb.svg","caption":"\u041c\u0435\u0434\u0436\u043b\u0456\u0441"},"image":{"@id":"https:\/\/qtmm.org\/qt\/#\/schema\/logo\/image\/"},"sameAs":["https:\/\/www.facebook.com\/qtmm.info\/"]},{"@type":"Person","@id":"https:\/\/qtmm.org\/qt\/#\/schema\/person\/de562469f971dec226ac06e60bbf74a7","name":"Developer","image":{"@type":"ImageObject","inLanguage":"qt","@id":"https:\/\/secure.gravatar.com\/avatar\/392b4cc8fbfeb00b39dfeeab4ee6edded39ffd48e25858637e4765810300227e?s=96&d=mm&r=g","url":"https:\/\/secure.gravatar.com\/avatar\/392b4cc8fbfeb00b39dfeeab4ee6edded39ffd48e25858637e4765810300227e?s=96&d=mm&r=g","contentUrl":"https:\/\/secure.gravatar.com\/avatar\/392b4cc8fbfeb00b39dfeeab4ee6edded39ffd48e25858637e4765810300227e?s=96&d=mm&r=g","caption":"Developer"},"url":"https:\/\/qtmm.org\/qt\/author\/Developer\/"}]}},"_links":{"self":[{"href":"https:\/\/qtmm.org\/qt\/wp-json\/wp\/v2\/posts\/38681","targetHints":{"allow":["GET"]}}],"collection":[{"href":"https:\/\/qtmm.org\/qt\/wp-json\/wp\/v2\/posts"}],"about":[{"href":"https:\/\/qtmm.org\/qt\/wp-json\/wp\/v2\/types\/post"}],"author":[{"embeddable":true,"href":"https:\/\/qtmm.org\/qt\/wp-json\/wp\/v2\/users\/1"}],"replies":[{"embeddable":true,"href":"https:\/\/qtmm.org\/qt\/wp-json\/wp\/v2\/comments?post=38681"}],"version-history":[{"count":1,"href":"https:\/\/qtmm.org\/qt\/wp-json\/wp\/v2\/posts\/38681\/revisions"}],"predecessor-version":[{"id":38702,"href":"https:\/\/qtmm.org\/qt\/wp-json\/wp\/v2\/posts\/38681\/revisions\/38702"}],"wp:attachment":[{"href":"https:\/\/qtmm.org\/qt\/wp-json\/wp\/v2\/media?parent=38681"}],"wp:term":[{"taxonomy":"category","embeddable":true,"href":"https:\/\/qtmm.org\/qt\/wp-json\/wp\/v2\/categories?post=38681"},{"taxonomy":"post_tag","embeddable":true,"href":"https:\/\/qtmm.org\/qt\/wp-json\/wp\/v2\/tags?post=38681"}],"curies":[{"name":"wp","href":"https:\/\/api.w.org\/{rel}","templated":true}]}}