




{"id":38679,"date":"2013-07-25T15:46:00","date_gmt":"2013-07-25T12:46:00","guid":{"rendered":"http:\/\/qtmm.org\/?p=38679"},"modified":"2022-01-25T15:46:42","modified_gmt":"2022-01-25T12:46:42","slug":"hayser-cemilov-taqiqat-isleri-kecirilgen-vaqitta-sentabr-25-ke-qadar-kozaltinda-qalacaq","status":"publish","type":"post","link":"https:\/\/qtmm.org\/qt\/hayser-cemilov-taqiqat-isleri-kecirilgen-vaqitta-sentabr-25-ke-qadar-kozaltinda-qalacaq\/","title":{"rendered":"Hayser Cemilov taqiqat i\u015fleri ke\u00e7irilgen vaq\u0131tta sent\u00e2br 25-ke qadar k\u00f6zalt\u0131nda qalacaq"},"content":{"rendered":"\n<p>Aqmescit \u015feeri Kiyev rayon mahkemesi 2013 senesi iy\u00fcl 25 k\u00fcn\u00fc Milliy Meclis reisi Mustafa Cemilevni\u00f1 o\u011flu Hayserni daa 60 k\u00fcn devam\u0131nda k\u00f6z alt\u0131nda tutmaq qarar\u0131n\u0131 ald\u0131. Bu aqta on\u0131\u00f1 advokat\u0131 Aleksandr Lesovoy bildirdi<br><br>Akemler, \u015fimdilik Hayser Cemilevni k\u00f6zalt\u0131ndan bo\u015fatmaq i\u00e7\u00fcn delil yoqlu\u011f\u0131n\u0131 qayd etip, obyektiv sebeplerge k\u00f6re taqiqat \u00f6z i\u015fini belgilengen eki ay i\u00e7inde bitirip olamayca\u011f\u0131na diqqatn\u0131 celp etti. Olardan biri \u2013 qo\u015fma psihiaitrik ekpertiza ke\u00e7irmek zaruriyetidir.<br><br>Hayserni\u00f1 advokat\u0131 Aleksandra Lesovoy &#8220;qo\u015fumca ekspertiza ne zaman ke\u00e7irilecegi daa belgilenmedi, amma on\u0131 beklemek kerek. K\u00f6zet\u00fcv taqiqat se\u00e7ken yerde \u00f6tkerilecek. Ebet Q\u0131r\u0131mda degil, belki Harkov ya da Kiyevde olabilir. Em de te\u015fker\u00fcvni tez ke\u00e7irecek m\u00fctehass\u0131slar saylan\u0131r&#8221;, dedi. Evel Q\u0131r\u0131m cumhurmiyet psihiatrik hastahanesinde Hayserge diagnoz koyamad\u0131lar. Ekimler sor\u011fuc\u0131lar\u011fa qo\u015fumca ekpertiza ke\u00e7irmekni tevsiye ettiler.<\/p>\n\n\n\n<p>Mahkemede qabaatlay\u0131c\u0131 bergen mal\u00fcmatqa k\u00f6re Fevzi Edemov baz\u0131 ne\u015firler esass\u0131z yaz\u011fanlar\u0131 kibi \u00fc\u00e7 qur\u015fundan degil de bir qur\u015fundan el\u00e2k ol\u011fan.<\/p>\n","protected":false},"excerpt":{"rendered":"<p>Aqmescit \u015feeri Kiyev rayon mahkemesi 2013 senesi iy\u00fcl 25 k\u00fcn\u00fc Milliy Meclis reisi Mustafa Cemilevni\u00f1 o\u011flu Hayserni daa 60 k\u00fcn devam\u0131nda k\u00f6z alt\u0131nda tutmaq qarar\u0131n\u0131 ald\u0131. Bu aqta on\u0131\u00f1 advokat\u0131 Aleksandr Lesovoy bildirdi Akemler, \u015fimdilik Hayser Cemilevni k\u00f6zalt\u0131ndan bo\u015fatmaq i\u00e7\u00fcn delil yoqlu\u011f\u0131n\u0131 qayd etip, obyektiv sebeplerge k\u00f6re taqiqat \u00f6z i\u015fini belgilengen eki ay i\u00e7inde bitirip [&hellip;]<\/p>\n","protected":false},"author":1,"featured_media":0,"comment_status":"open","ping_status":"open","sticky":false,"template":"","format":"standard","meta":{"inline_featured_image":false,"footnotes":""},"categories":[265],"tags":[],"class_list":["post-38679","post","type-post","status-publish","format-standard","hentry","category-haberler"],"acf":[],"yoast_head":"<!-- This site is optimized with the Yoast SEO plugin v27.4 - https:\/\/yoast.com\/product\/yoast-seo-wordpress\/ -->\n<title>Hayser Cemilov taqiqat i\u015fleri ke\u00e7irilgen vaq\u0131tta sent\u00e2br 25-ke qadar k\u00f6zalt\u0131nda qalacaq - \u041c\u0435\u0434\u0436\u043b\u0456\u0441<\/title>\n<meta name=\"robots\" content=\"index, follow, max-snippet:-1, max-image-preview:large, max-video-preview:-1\" \/>\n<link rel=\"canonical\" href=\"https:\/\/qtmm.org\/qt\/hayser-cemilov-taqiqat-isleri-kecirilgen-vaqitta-sentabr-25-ke-qadar-kozaltinda-qalacaq\/\" \/>\n<meta property=\"og:locale\" content=\"en_US\" \/>\n<meta property=\"og:type\" content=\"article\" \/>\n<meta property=\"og:title\" content=\"Hayser Cemilov taqiqat i\u015fleri ke\u00e7irilgen vaq\u0131tta sent\u00e2br 25-ke qadar k\u00f6zalt\u0131nda qalacaq - \u041c\u0435\u0434\u0436\u043b\u0456\u0441\" \/>\n<meta property=\"og:description\" content=\"Aqmescit \u015feeri Kiyev rayon mahkemesi 2013 senesi iy\u00fcl 25 k\u00fcn\u00fc Milliy Meclis reisi Mustafa Cemilevni\u00f1 o\u011flu Hayserni daa 60 k\u00fcn devam\u0131nda k\u00f6z alt\u0131nda tutmaq qarar\u0131n\u0131 ald\u0131. Bu aqta on\u0131\u00f1 advokat\u0131 Aleksandr Lesovoy bildirdi Akemler, \u015fimdilik Hayser Cemilevni k\u00f6zalt\u0131ndan bo\u015fatmaq i\u00e7\u00fcn delil yoqlu\u011f\u0131n\u0131 qayd etip, obyektiv sebeplerge k\u00f6re taqiqat \u00f6z i\u015fini belgilengen eki ay i\u00e7inde bitirip [&hellip;]\" \/>\n<meta property=\"og:url\" content=\"https:\/\/qtmm.org\/qt\/hayser-cemilov-taqiqat-isleri-kecirilgen-vaqitta-sentabr-25-ke-qadar-kozaltinda-qalacaq\/\" \/>\n<meta property=\"og:site_name\" content=\"\u041c\u0435\u0434\u0436\u043b\u0456\u0441\" \/>\n<meta property=\"article:publisher\" content=\"https:\/\/www.facebook.com\/qtmm.info\/\" \/>\n<meta property=\"article:published_time\" content=\"2013-07-25T12:46:00+00:00\" \/>\n<meta property=\"article:modified_time\" content=\"2022-01-25T12:46:42+00:00\" \/>\n<meta name=\"author\" content=\"Developer\" \/>\n<meta name=\"twitter:card\" content=\"summary_large_image\" \/>\n<meta name=\"twitter:label1\" content=\"Written by\" \/>\n\t<meta name=\"twitter:data1\" content=\"Developer\" \/>\n\t<meta name=\"twitter:label2\" content=\"Est. reading time\" \/>\n\t<meta name=\"twitter:data2\" content=\"1 minute\" \/>\n<script type=\"application\/ld+json\" class=\"yoast-schema-graph\">{\"@context\":\"https:\\\/\\\/schema.org\",\"@graph\":[{\"@type\":\"Article\",\"@id\":\"https:\\\/\\\/qtmm.org\\\/qt\\\/hayser-cemilov-taqiqat-isleri-kecirilgen-vaqitta-sentabr-25-ke-qadar-kozaltinda-qalacaq\\\/#article\",\"isPartOf\":{\"@id\":\"https:\\\/\\\/qtmm.org\\\/qt\\\/hayser-cemilov-taqiqat-isleri-kecirilgen-vaqitta-sentabr-25-ke-qadar-kozaltinda-qalacaq\\\/\"},\"author\":{\"name\":\"Developer\",\"@id\":\"https:\\\/\\\/qtmm.org\\\/qt\\\/#\\\/schema\\\/person\\\/de562469f971dec226ac06e60bbf74a7\"},\"headline\":\"Hayser Cemilov taqiqat i\u015fleri ke\u00e7irilgen vaq\u0131tta sent\u00e2br 25-ke qadar k\u00f6zalt\u0131nda qalacaq\",\"datePublished\":\"2013-07-25T12:46:00+00:00\",\"dateModified\":\"2022-01-25T12:46:42+00:00\",\"mainEntityOfPage\":{\"@id\":\"https:\\\/\\\/qtmm.org\\\/qt\\\/hayser-cemilov-taqiqat-isleri-kecirilgen-vaqitta-sentabr-25-ke-qadar-kozaltinda-qalacaq\\\/\"},\"wordCount\":201,\"commentCount\":0,\"publisher\":{\"@id\":\"https:\\\/\\\/qtmm.org\\\/qt\\\/#organization\"},\"articleSection\":[\"Haberler\"],\"inLanguage\":\"qt\",\"potentialAction\":[{\"@type\":\"CommentAction\",\"name\":\"Comment\",\"target\":[\"https:\\\/\\\/qtmm.org\\\/qt\\\/hayser-cemilov-taqiqat-isleri-kecirilgen-vaqitta-sentabr-25-ke-qadar-kozaltinda-qalacaq\\\/#respond\"]}]},{\"@type\":\"WebPage\",\"@id\":\"https:\\\/\\\/qtmm.org\\\/qt\\\/hayser-cemilov-taqiqat-isleri-kecirilgen-vaqitta-sentabr-25-ke-qadar-kozaltinda-qalacaq\\\/\",\"url\":\"https:\\\/\\\/qtmm.org\\\/qt\\\/hayser-cemilov-taqiqat-isleri-kecirilgen-vaqitta-sentabr-25-ke-qadar-kozaltinda-qalacaq\\\/\",\"name\":\"Hayser Cemilov taqiqat i\u015fleri ke\u00e7irilgen vaq\u0131tta sent\u00e2br 25-ke qadar k\u00f6zalt\u0131nda qalacaq - \u041c\u0435\u0434\u0436\u043b\u0456\u0441\",\"isPartOf\":{\"@id\":\"https:\\\/\\\/qtmm.org\\\/qt\\\/#website\"},\"datePublished\":\"2013-07-25T12:46:00+00:00\",\"dateModified\":\"2022-01-25T12:46:42+00:00\",\"breadcrumb\":{\"@id\":\"https:\\\/\\\/qtmm.org\\\/qt\\\/hayser-cemilov-taqiqat-isleri-kecirilgen-vaqitta-sentabr-25-ke-qadar-kozaltinda-qalacaq\\\/#breadcrumb\"},\"inLanguage\":\"qt\",\"potentialAction\":[{\"@type\":\"ReadAction\",\"target\":[\"https:\\\/\\\/qtmm.org\\\/qt\\\/hayser-cemilov-taqiqat-isleri-kecirilgen-vaqitta-sentabr-25-ke-qadar-kozaltinda-qalacaq\\\/\"]}]},{\"@type\":\"BreadcrumbList\",\"@id\":\"https:\\\/\\\/qtmm.org\\\/qt\\\/hayser-cemilov-taqiqat-isleri-kecirilgen-vaqitta-sentabr-25-ke-qadar-kozaltinda-qalacaq\\\/#breadcrumb\",\"itemListElement\":[{\"@type\":\"ListItem\",\"position\":1,\"name\":\"\u0413\u043e\u043b\u043e\u0432\u043d\u0430\",\"item\":\"https:\\\/\\\/qtmm.org\\\/qt\\\/\"},{\"@type\":\"ListItem\",\"position\":2,\"name\":\"Hayser Cemilov taqiqat i\u015fleri ke\u00e7irilgen vaq\u0131tta sent\u00e2br 25-ke qadar k\u00f6zalt\u0131nda qalacaq\"}]},{\"@type\":\"WebSite\",\"@id\":\"https:\\\/\\\/qtmm.org\\\/qt\\\/#website\",\"url\":\"https:\\\/\\\/qtmm.org\\\/qt\\\/\",\"name\":\"\u041c\u0435\u0434\u0436\u043b\u0456\u0441\",\"description\":\"\",\"publisher\":{\"@id\":\"https:\\\/\\\/qtmm.org\\\/qt\\\/#organization\"},\"potentialAction\":[{\"@type\":\"SearchAction\",\"target\":{\"@type\":\"EntryPoint\",\"urlTemplate\":\"https:\\\/\\\/qtmm.org\\\/qt\\\/?s={search_term_string}\"},\"query-input\":{\"@type\":\"PropertyValueSpecification\",\"valueRequired\":true,\"valueName\":\"search_term_string\"}}],\"inLanguage\":\"qt\"},{\"@type\":\"Organization\",\"@id\":\"https:\\\/\\\/qtmm.org\\\/qt\\\/#organization\",\"name\":\"\u041c\u0435\u0434\u0436\u043b\u0456\u0441\",\"url\":\"https:\\\/\\\/qtmm.org\\\/qt\\\/\",\"logo\":{\"@type\":\"ImageObject\",\"inLanguage\":\"qt\",\"@id\":\"https:\\\/\\\/qtmm.org\\\/qt\\\/#\\\/schema\\\/logo\\\/image\\\/\",\"url\":\"https:\\\/\\\/qtmm.org\\\/wp-content\\\/uploads\\\/2024\\\/12\\\/ua-mejlis-logo-rgb.svg\",\"contentUrl\":\"https:\\\/\\\/qtmm.org\\\/wp-content\\\/uploads\\\/2024\\\/12\\\/ua-mejlis-logo-rgb.svg\",\"caption\":\"\u041c\u0435\u0434\u0436\u043b\u0456\u0441\"},\"image\":{\"@id\":\"https:\\\/\\\/qtmm.org\\\/qt\\\/#\\\/schema\\\/logo\\\/image\\\/\"},\"sameAs\":[\"https:\\\/\\\/www.facebook.com\\\/qtmm.info\\\/\"]},{\"@type\":\"Person\",\"@id\":\"https:\\\/\\\/qtmm.org\\\/qt\\\/#\\\/schema\\\/person\\\/de562469f971dec226ac06e60bbf74a7\",\"name\":\"Developer\",\"image\":{\"@type\":\"ImageObject\",\"inLanguage\":\"qt\",\"@id\":\"https:\\\/\\\/secure.gravatar.com\\\/avatar\\\/392b4cc8fbfeb00b39dfeeab4ee6edded39ffd48e25858637e4765810300227e?s=96&d=mm&r=g\",\"url\":\"https:\\\/\\\/secure.gravatar.com\\\/avatar\\\/392b4cc8fbfeb00b39dfeeab4ee6edded39ffd48e25858637e4765810300227e?s=96&d=mm&r=g\",\"contentUrl\":\"https:\\\/\\\/secure.gravatar.com\\\/avatar\\\/392b4cc8fbfeb00b39dfeeab4ee6edded39ffd48e25858637e4765810300227e?s=96&d=mm&r=g\",\"caption\":\"Developer\"},\"url\":\"https:\\\/\\\/qtmm.org\\\/qt\\\/author\\\/Developer\\\/\"}]}<\/script>\n<!-- \/ Yoast SEO plugin. -->","yoast_head_json":{"title":"Hayser Cemilov taqiqat i\u015fleri ke\u00e7irilgen vaq\u0131tta sent\u00e2br 25-ke qadar k\u00f6zalt\u0131nda qalacaq - \u041c\u0435\u0434\u0436\u043b\u0456\u0441","robots":{"index":"index","follow":"follow","max-snippet":"max-snippet:-1","max-image-preview":"max-image-preview:large","max-video-preview":"max-video-preview:-1"},"canonical":"https:\/\/qtmm.org\/qt\/hayser-cemilov-taqiqat-isleri-kecirilgen-vaqitta-sentabr-25-ke-qadar-kozaltinda-qalacaq\/","og_locale":"en_US","og_type":"article","og_title":"Hayser Cemilov taqiqat i\u015fleri ke\u00e7irilgen vaq\u0131tta sent\u00e2br 25-ke qadar k\u00f6zalt\u0131nda qalacaq - \u041c\u0435\u0434\u0436\u043b\u0456\u0441","og_description":"Aqmescit \u015feeri Kiyev rayon mahkemesi 2013 senesi iy\u00fcl 25 k\u00fcn\u00fc Milliy Meclis reisi Mustafa Cemilevni\u00f1 o\u011flu Hayserni daa 60 k\u00fcn devam\u0131nda k\u00f6z alt\u0131nda tutmaq qarar\u0131n\u0131 ald\u0131. Bu aqta on\u0131\u00f1 advokat\u0131 Aleksandr Lesovoy bildirdi Akemler, \u015fimdilik Hayser Cemilevni k\u00f6zalt\u0131ndan bo\u015fatmaq i\u00e7\u00fcn delil yoqlu\u011f\u0131n\u0131 qayd etip, obyektiv sebeplerge k\u00f6re taqiqat \u00f6z i\u015fini belgilengen eki ay i\u00e7inde bitirip [&hellip;]","og_url":"https:\/\/qtmm.org\/qt\/hayser-cemilov-taqiqat-isleri-kecirilgen-vaqitta-sentabr-25-ke-qadar-kozaltinda-qalacaq\/","og_site_name":"\u041c\u0435\u0434\u0436\u043b\u0456\u0441","article_publisher":"https:\/\/www.facebook.com\/qtmm.info\/","article_published_time":"2013-07-25T12:46:00+00:00","article_modified_time":"2022-01-25T12:46:42+00:00","author":"Developer","twitter_card":"summary_large_image","twitter_misc":{"Written by":"Developer","Est. reading time":"1 minute"},"schema":{"@context":"https:\/\/schema.org","@graph":[{"@type":"Article","@id":"https:\/\/qtmm.org\/qt\/hayser-cemilov-taqiqat-isleri-kecirilgen-vaqitta-sentabr-25-ke-qadar-kozaltinda-qalacaq\/#article","isPartOf":{"@id":"https:\/\/qtmm.org\/qt\/hayser-cemilov-taqiqat-isleri-kecirilgen-vaqitta-sentabr-25-ke-qadar-kozaltinda-qalacaq\/"},"author":{"name":"Developer","@id":"https:\/\/qtmm.org\/qt\/#\/schema\/person\/de562469f971dec226ac06e60bbf74a7"},"headline":"Hayser Cemilov taqiqat i\u015fleri ke\u00e7irilgen vaq\u0131tta sent\u00e2br 25-ke qadar k\u00f6zalt\u0131nda qalacaq","datePublished":"2013-07-25T12:46:00+00:00","dateModified":"2022-01-25T12:46:42+00:00","mainEntityOfPage":{"@id":"https:\/\/qtmm.org\/qt\/hayser-cemilov-taqiqat-isleri-kecirilgen-vaqitta-sentabr-25-ke-qadar-kozaltinda-qalacaq\/"},"wordCount":201,"commentCount":0,"publisher":{"@id":"https:\/\/qtmm.org\/qt\/#organization"},"articleSection":["Haberler"],"inLanguage":"qt","potentialAction":[{"@type":"CommentAction","name":"Comment","target":["https:\/\/qtmm.org\/qt\/hayser-cemilov-taqiqat-isleri-kecirilgen-vaqitta-sentabr-25-ke-qadar-kozaltinda-qalacaq\/#respond"]}]},{"@type":"WebPage","@id":"https:\/\/qtmm.org\/qt\/hayser-cemilov-taqiqat-isleri-kecirilgen-vaqitta-sentabr-25-ke-qadar-kozaltinda-qalacaq\/","url":"https:\/\/qtmm.org\/qt\/hayser-cemilov-taqiqat-isleri-kecirilgen-vaqitta-sentabr-25-ke-qadar-kozaltinda-qalacaq\/","name":"Hayser Cemilov taqiqat i\u015fleri ke\u00e7irilgen vaq\u0131tta sent\u00e2br 25-ke qadar k\u00f6zalt\u0131nda qalacaq - \u041c\u0435\u0434\u0436\u043b\u0456\u0441","isPartOf":{"@id":"https:\/\/qtmm.org\/qt\/#website"},"datePublished":"2013-07-25T12:46:00+00:00","dateModified":"2022-01-25T12:46:42+00:00","breadcrumb":{"@id":"https:\/\/qtmm.org\/qt\/hayser-cemilov-taqiqat-isleri-kecirilgen-vaqitta-sentabr-25-ke-qadar-kozaltinda-qalacaq\/#breadcrumb"},"inLanguage":"qt","potentialAction":[{"@type":"ReadAction","target":["https:\/\/qtmm.org\/qt\/hayser-cemilov-taqiqat-isleri-kecirilgen-vaqitta-sentabr-25-ke-qadar-kozaltinda-qalacaq\/"]}]},{"@type":"BreadcrumbList","@id":"https:\/\/qtmm.org\/qt\/hayser-cemilov-taqiqat-isleri-kecirilgen-vaqitta-sentabr-25-ke-qadar-kozaltinda-qalacaq\/#breadcrumb","itemListElement":[{"@type":"ListItem","position":1,"name":"\u0413\u043e\u043b\u043e\u0432\u043d\u0430","item":"https:\/\/qtmm.org\/qt\/"},{"@type":"ListItem","position":2,"name":"Hayser Cemilov taqiqat i\u015fleri ke\u00e7irilgen vaq\u0131tta sent\u00e2br 25-ke qadar k\u00f6zalt\u0131nda qalacaq"}]},{"@type":"WebSite","@id":"https:\/\/qtmm.org\/qt\/#website","url":"https:\/\/qtmm.org\/qt\/","name":"\u041c\u0435\u0434\u0436\u043b\u0456\u0441","description":"","publisher":{"@id":"https:\/\/qtmm.org\/qt\/#organization"},"potentialAction":[{"@type":"SearchAction","target":{"@type":"EntryPoint","urlTemplate":"https:\/\/qtmm.org\/qt\/?s={search_term_string}"},"query-input":{"@type":"PropertyValueSpecification","valueRequired":true,"valueName":"search_term_string"}}],"inLanguage":"qt"},{"@type":"Organization","@id":"https:\/\/qtmm.org\/qt\/#organization","name":"\u041c\u0435\u0434\u0436\u043b\u0456\u0441","url":"https:\/\/qtmm.org\/qt\/","logo":{"@type":"ImageObject","inLanguage":"qt","@id":"https:\/\/qtmm.org\/qt\/#\/schema\/logo\/image\/","url":"https:\/\/qtmm.org\/wp-content\/uploads\/2024\/12\/ua-mejlis-logo-rgb.svg","contentUrl":"https:\/\/qtmm.org\/wp-content\/uploads\/2024\/12\/ua-mejlis-logo-rgb.svg","caption":"\u041c\u0435\u0434\u0436\u043b\u0456\u0441"},"image":{"@id":"https:\/\/qtmm.org\/qt\/#\/schema\/logo\/image\/"},"sameAs":["https:\/\/www.facebook.com\/qtmm.info\/"]},{"@type":"Person","@id":"https:\/\/qtmm.org\/qt\/#\/schema\/person\/de562469f971dec226ac06e60bbf74a7","name":"Developer","image":{"@type":"ImageObject","inLanguage":"qt","@id":"https:\/\/secure.gravatar.com\/avatar\/392b4cc8fbfeb00b39dfeeab4ee6edded39ffd48e25858637e4765810300227e?s=96&d=mm&r=g","url":"https:\/\/secure.gravatar.com\/avatar\/392b4cc8fbfeb00b39dfeeab4ee6edded39ffd48e25858637e4765810300227e?s=96&d=mm&r=g","contentUrl":"https:\/\/secure.gravatar.com\/avatar\/392b4cc8fbfeb00b39dfeeab4ee6edded39ffd48e25858637e4765810300227e?s=96&d=mm&r=g","caption":"Developer"},"url":"https:\/\/qtmm.org\/qt\/author\/Developer\/"}]}},"_links":{"self":[{"href":"https:\/\/qtmm.org\/qt\/wp-json\/wp\/v2\/posts\/38679","targetHints":{"allow":["GET"]}}],"collection":[{"href":"https:\/\/qtmm.org\/qt\/wp-json\/wp\/v2\/posts"}],"about":[{"href":"https:\/\/qtmm.org\/qt\/wp-json\/wp\/v2\/types\/post"}],"author":[{"embeddable":true,"href":"https:\/\/qtmm.org\/qt\/wp-json\/wp\/v2\/users\/1"}],"replies":[{"embeddable":true,"href":"https:\/\/qtmm.org\/qt\/wp-json\/wp\/v2\/comments?post=38679"}],"version-history":[{"count":1,"href":"https:\/\/qtmm.org\/qt\/wp-json\/wp\/v2\/posts\/38679\/revisions"}],"predecessor-version":[{"id":38680,"href":"https:\/\/qtmm.org\/qt\/wp-json\/wp\/v2\/posts\/38679\/revisions\/38680"}],"wp:attachment":[{"href":"https:\/\/qtmm.org\/qt\/wp-json\/wp\/v2\/media?parent=38679"}],"wp:term":[{"taxonomy":"category","embeddable":true,"href":"https:\/\/qtmm.org\/qt\/wp-json\/wp\/v2\/categories?post=38679"},{"taxonomy":"post_tag","embeddable":true,"href":"https:\/\/qtmm.org\/qt\/wp-json\/wp\/v2\/tags?post=38679"}],"curies":[{"name":"wp","href":"https:\/\/api.w.org\/{rel}","templated":true}]}}