




{"id":38661,"date":"2013-07-24T15:44:00","date_gmt":"2013-07-24T12:44:00","guid":{"rendered":"http:\/\/qtmm.org\/?p=38661"},"modified":"2022-01-25T15:46:12","modified_gmt":"2022-01-25T12:46:12","slug":"qirim-yuqari-surasinin-deputati-remzi-ilyasov-2013-senesi-iyul-22-kunu-aqmescit-soqaqlarindan-stalin-portretinen-kecken-adamlarni-mesulietlikke-cekmekni-talap-ete","status":"publish","type":"post","link":"https:\/\/qtmm.org\/qt\/qirim-yuqari-surasinin-deputati-remzi-ilyasov-2013-senesi-iyul-22-kunu-aqmescit-soqaqlarindan-stalin-portretinen-kecken-adamlarni-mesulietlikke-cekmekni-talap-ete\/","title":{"rendered":"Q\u0131r\u0131m Yuqar\u0131 \u015euras\u0131n\u0131\u00f1 deputat\u0131 Remzi \u0130lyasov 2013 senesi iy\u00fcl 22 k\u00fcn\u00fc Aqmescit soqaqlar\u0131ndan Stalin portretinen ke\u00e7ken adamlarn\u0131 mes\u00fclietlikke \u00e7ekmekni talap ete"},"content":{"rendered":"\n<p>Milliy Meclis reisini\u00f1 muavini, Q\u0131r\u0131m parlamentini\u00f1 deputat\u0131 Remzi \u0130lyasov Q\u0131r\u0131m Prokuraturas\u0131na deputat muracaat\u0131n\u0131 yollap, onda 2013 senesi iy\u00fcn 22 k\u00fcn\u00fc Aqmescit soqaqlar\u0131ndan Stalin portretinen ke\u00e7ken adamlarn\u0131 mes\u00fclietlikke \u00e7ekmekni talap ete<\/p>\n\n\n\n<p>\u015eun\u0131 hat\u0131rlatmal\u0131 ki, iy\u00fcn 22 k\u00fcn\u00fc Aqmescitni\u00f1 Gagarin ba\u011f\u00e7as\u0131nda Ukrainada Cenk qurbanlar\u0131n\u0131\u00f1 hat\u0131ra ve matem k\u00fcn\u00fc munasebetinen Bellisiz asker abidesine \u00e7e\u00e7ekler qoyuld\u0131.<\/p>\n\n\n\n<figure class=\"wp-block-image size-full\"><img loading=\"lazy\" decoding=\"async\" width=\"800\" height=\"533\" src=\"http:\/\/qtmm.org\/wp-content\/uploads\/2022\/01\/stalin1.jpeg\" alt=\"\" class=\"wp-image-38662\" srcset=\"https:\/\/qtmm.org\/wp-content\/uploads\/2022\/01\/stalin1.jpeg 800w, https:\/\/qtmm.org\/wp-content\/uploads\/2022\/01\/stalin1-300x200.jpeg 300w, https:\/\/qtmm.org\/wp-content\/uploads\/2022\/01\/stalin1-768x512.jpeg 768w\" sizes=\"auto, (max-width: 800px) 100vw, 800px\" \/><\/figure>\n\n\n\n<figure class=\"wp-block-image size-full\"><img loading=\"lazy\" decoding=\"async\" width=\"600\" height=\"900\" src=\"http:\/\/qtmm.org\/wp-content\/uploads\/2022\/01\/stalin2.jpeg\" alt=\"\" class=\"wp-image-38666\" srcset=\"https:\/\/qtmm.org\/wp-content\/uploads\/2022\/01\/stalin2.jpeg 600w, https:\/\/qtmm.org\/wp-content\/uploads\/2022\/01\/stalin2-200x300.jpeg 200w\" sizes=\"auto, (max-width: 600px) 100vw, 600px\" \/><\/figure>\n\n\n\n<p>Tedbirde fahriy qaravul tizilip, &#8220;\u00d6gge! \u00dcc\u00fcmge! Vatan i\u00e7\u00fcn! Stalin i\u00e7\u00fcn!&#8221; \u015fiarlar yaz\u0131l\u011fan ve stalinizmni te\u015fviq etken plakatlar \u00e7\u0131qar\u0131ld\u0131.<\/p>\n\n\n\n<p>\u00d6z muracaat\u0131nda Remzi \u0130lyasov Stalin portretini ve yuqar\u0131da ayt\u0131l\u011fan \u015fiarlarn\u0131 al\u0131p ta\u015flama\u011fa areket etken uquqqoruv h\u0131zmeti hadimlerini\u00f1 \u00fcst\u00fcne at\u0131l\u011fan Ukraina halq deputat\u0131, kommunist Sergey Topalovn\u0131 cezalanmas\u0131na talap ete. \u015eun\u0131 qayd etmeli ki, Stalin portreti tedbirni\u00f1 so\u00f1una qadar turd\u0131.<br>Remzi \u0130lyasov qayd etti ki, ille matem mitinginde, iy\u00fcn 22 k\u00fcn\u00fc Stalinni te\u015fviq etmek, maqtamaq Avropa \u015euras\u0131 Parlament Assambleyas\u0131n\u0131\u00f1 Qarar\u0131na z\u0131t kele.<\/p>\n\n\n\n<p>&#8220;Stalin rejimi devrinde insanl\u0131qqa nisbeten yap\u0131l\u011fan zulum, sovet akimiyetine qar\u015f\u0131 areketlerde beftan su\u00e7lan\u011fan b\u00fct\u00fcn bir halqlarn\u0131\u00f1 s\u00fcrg\u00fcn etilgenini unutmaq m\u00fcmk\u00fcn degil, &#8211; dep yaza \u00f6z sorav\u0131nda Remzi \u0130lyasov. \u2013 Bundan kelip \u00e7\u0131qaraq, Ukrainada stalinizm te\u015fviqat\u0131n\u0131 cinayet olaraq tan\u0131maq kerek ve qabaatl\u0131larn\u0131 cevapk\u00e2rl\u0131qqa \u00e7ekmek zarur.<\/p>\n\n\n\n<p>Qanunlar\u0131m\u0131z esas\u0131nda Sizi\u00f1 bu i\u015fke prokurorl\u0131q yana\u015fma\u00f1\u0131zn\u0131, Cenk qurbanlar\u0131n\u0131\u00f1 hat\u0131ra ve matem k\u00fcn\u00fc munasebetinen \u00f6tkerilgen tedbirde bulun\u011fan insanlar areketini\u00f1 qanuniyligini taqiqat etme\u00f1izni rica etem&#8221;.<\/p>\n\n\n\n<div class=\"wp-block-image\"><figure class=\"aligncenter size-full\"><img loading=\"lazy\" decoding=\"async\" width=\"546\" height=\"800\" src=\"http:\/\/qtmm.org\/wp-content\/uploads\/2022\/01\/prokuroru.jpeg\" alt=\"\" class=\"wp-image-38670\" srcset=\"https:\/\/qtmm.org\/wp-content\/uploads\/2022\/01\/prokuroru.jpeg 546w, https:\/\/qtmm.org\/wp-content\/uploads\/2022\/01\/prokuroru-205x300.jpeg 205w\" sizes=\"auto, (max-width: 546px) 100vw, 546px\" \/><\/figure><\/div>\n\n\n\n<div class=\"wp-block-image\"><figure class=\"aligncenter size-full\"><img loading=\"lazy\" decoding=\"async\" width=\"600\" height=\"800\" src=\"http:\/\/qtmm.org\/wp-content\/uploads\/2022\/01\/prokuroru..jpg\" alt=\"\" class=\"wp-image-38674\" srcset=\"https:\/\/qtmm.org\/wp-content\/uploads\/2022\/01\/prokuroru..jpg 600w, https:\/\/qtmm.org\/wp-content\/uploads\/2022\/01\/prokuroru.-225x300.jpg 225w\" sizes=\"auto, (max-width: 600px) 100vw, 600px\" \/><\/figure><\/div>\n","protected":false},"excerpt":{"rendered":"<p>Milliy Meclis reisini\u00f1 muavini, Q\u0131r\u0131m parlamentini\u00f1 deputat\u0131 Remzi \u0130lyasov Q\u0131r\u0131m Prokuraturas\u0131na deputat muracaat\u0131n\u0131 yollap, onda 2013 senesi iy\u00fcn 22 k\u00fcn\u00fc Aqmescit soqaqlar\u0131ndan Stalin portretinen ke\u00e7ken adamlarn\u0131 mes\u00fclietlikke \u00e7ekmekni talap ete \u015eun\u0131 hat\u0131rlatmal\u0131 ki, iy\u00fcn 22 k\u00fcn\u00fc Aqmescitni\u00f1 Gagarin ba\u011f\u00e7as\u0131nda Ukrainada Cenk qurbanlar\u0131n\u0131\u00f1 hat\u0131ra ve matem k\u00fcn\u00fc munasebetinen Bellisiz asker abidesine \u00e7e\u00e7ekler qoyuld\u0131. Tedbirde fahriy qaravul [&hellip;]<\/p>\n","protected":false},"author":1,"featured_media":0,"comment_status":"open","ping_status":"open","sticky":false,"template":"","format":"standard","meta":{"inline_featured_image":false,"footnotes":""},"categories":[265],"tags":[],"class_list":["post-38661","post","type-post","status-publish","format-standard","hentry","category-haberler"],"acf":[],"yoast_head":"<!-- This site is optimized with the Yoast SEO plugin v27.4 - https:\/\/yoast.com\/product\/yoast-seo-wordpress\/ -->\n<title>Q\u0131r\u0131m Yuqar\u0131 \u015euras\u0131n\u0131\u00f1 deputat\u0131 Remzi \u0130lyasov 2013 senesi iy\u00fcl 22 k\u00fcn\u00fc Aqmescit soqaqlar\u0131ndan Stalin portretinen ke\u00e7ken adamlarn\u0131 mes\u00fclietlikke \u00e7ekmekni talap ete - \u041c\u0435\u0434\u0436\u043b\u0456\u0441<\/title>\n<meta name=\"robots\" content=\"index, follow, max-snippet:-1, max-image-preview:large, max-video-preview:-1\" \/>\n<link rel=\"canonical\" href=\"https:\/\/qtmm.org\/qt\/qirim-yuqari-surasinin-deputati-remzi-ilyasov-2013-senesi-iyul-22-kunu-aqmescit-soqaqlarindan-stalin-portretinen-kecken-adamlarni-mesulietlikke-cekmekni-talap-ete\/\" \/>\n<meta property=\"og:locale\" content=\"en_US\" \/>\n<meta property=\"og:type\" content=\"article\" \/>\n<meta property=\"og:title\" content=\"Q\u0131r\u0131m Yuqar\u0131 \u015euras\u0131n\u0131\u00f1 deputat\u0131 Remzi \u0130lyasov 2013 senesi iy\u00fcl 22 k\u00fcn\u00fc Aqmescit soqaqlar\u0131ndan Stalin portretinen ke\u00e7ken adamlarn\u0131 mes\u00fclietlikke \u00e7ekmekni talap ete - \u041c\u0435\u0434\u0436\u043b\u0456\u0441\" \/>\n<meta property=\"og:description\" content=\"Milliy Meclis reisini\u00f1 muavini, Q\u0131r\u0131m parlamentini\u00f1 deputat\u0131 Remzi \u0130lyasov Q\u0131r\u0131m Prokuraturas\u0131na deputat muracaat\u0131n\u0131 yollap, onda 2013 senesi iy\u00fcn 22 k\u00fcn\u00fc Aqmescit soqaqlar\u0131ndan Stalin portretinen ke\u00e7ken adamlarn\u0131 mes\u00fclietlikke \u00e7ekmekni talap ete \u015eun\u0131 hat\u0131rlatmal\u0131 ki, iy\u00fcn 22 k\u00fcn\u00fc Aqmescitni\u00f1 Gagarin ba\u011f\u00e7as\u0131nda Ukrainada Cenk qurbanlar\u0131n\u0131\u00f1 hat\u0131ra ve matem k\u00fcn\u00fc munasebetinen Bellisiz asker abidesine \u00e7e\u00e7ekler qoyuld\u0131. Tedbirde fahriy qaravul [&hellip;]\" \/>\n<meta property=\"og:url\" content=\"https:\/\/qtmm.org\/qt\/qirim-yuqari-surasinin-deputati-remzi-ilyasov-2013-senesi-iyul-22-kunu-aqmescit-soqaqlarindan-stalin-portretinen-kecken-adamlarni-mesulietlikke-cekmekni-talap-ete\/\" \/>\n<meta property=\"og:site_name\" content=\"\u041c\u0435\u0434\u0436\u043b\u0456\u0441\" \/>\n<meta property=\"article:publisher\" content=\"https:\/\/www.facebook.com\/qtmm.info\/\" \/>\n<meta property=\"article:published_time\" content=\"2013-07-24T12:44:00+00:00\" \/>\n<meta property=\"article:modified_time\" content=\"2022-01-25T12:46:12+00:00\" \/>\n<meta property=\"og:image\" content=\"https:\/\/qtmm.org\/wp-content\/uploads\/2022\/01\/stalin1.jpeg\" \/>\n\t<meta property=\"og:image:width\" content=\"800\" \/>\n\t<meta property=\"og:image:height\" content=\"533\" \/>\n\t<meta property=\"og:image:type\" content=\"image\/jpeg\" \/>\n<meta name=\"author\" content=\"Developer\" \/>\n<meta name=\"twitter:card\" content=\"summary_large_image\" \/>\n<meta name=\"twitter:label1\" content=\"Written by\" \/>\n\t<meta name=\"twitter:data1\" content=\"Developer\" \/>\n\t<meta name=\"twitter:label2\" content=\"Est. reading time\" \/>\n\t<meta name=\"twitter:data2\" content=\"1 minute\" \/>\n<script type=\"application\/ld+json\" class=\"yoast-schema-graph\">{\"@context\":\"https:\\\/\\\/schema.org\",\"@graph\":[{\"@type\":\"Article\",\"@id\":\"https:\\\/\\\/qtmm.org\\\/qt\\\/qirim-yuqari-surasinin-deputati-remzi-ilyasov-2013-senesi-iyul-22-kunu-aqmescit-soqaqlarindan-stalin-portretinen-kecken-adamlarni-mesulietlikke-cekmekni-talap-ete\\\/#article\",\"isPartOf\":{\"@id\":\"https:\\\/\\\/qtmm.org\\\/qt\\\/qirim-yuqari-surasinin-deputati-remzi-ilyasov-2013-senesi-iyul-22-kunu-aqmescit-soqaqlarindan-stalin-portretinen-kecken-adamlarni-mesulietlikke-cekmekni-talap-ete\\\/\"},\"author\":{\"name\":\"Developer\",\"@id\":\"https:\\\/\\\/qtmm.org\\\/qt\\\/#\\\/schema\\\/person\\\/de562469f971dec226ac06e60bbf74a7\"},\"headline\":\"Q\u0131r\u0131m Yuqar\u0131 \u015euras\u0131n\u0131\u00f1 deputat\u0131 Remzi \u0130lyasov 2013 senesi iy\u00fcl 22 k\u00fcn\u00fc Aqmescit soqaqlar\u0131ndan Stalin portretinen ke\u00e7ken adamlarn\u0131 mes\u00fclietlikke \u00e7ekmekni talap ete\",\"datePublished\":\"2013-07-24T12:44:00+00:00\",\"dateModified\":\"2022-01-25T12:46:12+00:00\",\"mainEntityOfPage\":{\"@id\":\"https:\\\/\\\/qtmm.org\\\/qt\\\/qirim-yuqari-surasinin-deputati-remzi-ilyasov-2013-senesi-iyul-22-kunu-aqmescit-soqaqlarindan-stalin-portretinen-kecken-adamlarni-mesulietlikke-cekmekni-talap-ete\\\/\"},\"wordCount\":296,\"commentCount\":0,\"publisher\":{\"@id\":\"https:\\\/\\\/qtmm.org\\\/qt\\\/#organization\"},\"image\":{\"@id\":\"https:\\\/\\\/qtmm.org\\\/qt\\\/qirim-yuqari-surasinin-deputati-remzi-ilyasov-2013-senesi-iyul-22-kunu-aqmescit-soqaqlarindan-stalin-portretinen-kecken-adamlarni-mesulietlikke-cekmekni-talap-ete\\\/#primaryimage\"},\"thumbnailUrl\":\"http:\\\/\\\/qtmm.org\\\/wp-content\\\/uploads\\\/2022\\\/01\\\/stalin1.jpeg\",\"articleSection\":[\"Haberler\"],\"inLanguage\":\"qt\",\"potentialAction\":[{\"@type\":\"CommentAction\",\"name\":\"Comment\",\"target\":[\"https:\\\/\\\/qtmm.org\\\/qt\\\/qirim-yuqari-surasinin-deputati-remzi-ilyasov-2013-senesi-iyul-22-kunu-aqmescit-soqaqlarindan-stalin-portretinen-kecken-adamlarni-mesulietlikke-cekmekni-talap-ete\\\/#respond\"]}]},{\"@type\":\"WebPage\",\"@id\":\"https:\\\/\\\/qtmm.org\\\/qt\\\/qirim-yuqari-surasinin-deputati-remzi-ilyasov-2013-senesi-iyul-22-kunu-aqmescit-soqaqlarindan-stalin-portretinen-kecken-adamlarni-mesulietlikke-cekmekni-talap-ete\\\/\",\"url\":\"https:\\\/\\\/qtmm.org\\\/qt\\\/qirim-yuqari-surasinin-deputati-remzi-ilyasov-2013-senesi-iyul-22-kunu-aqmescit-soqaqlarindan-stalin-portretinen-kecken-adamlarni-mesulietlikke-cekmekni-talap-ete\\\/\",\"name\":\"Q\u0131r\u0131m Yuqar\u0131 \u015euras\u0131n\u0131\u00f1 deputat\u0131 Remzi \u0130lyasov 2013 senesi iy\u00fcl 22 k\u00fcn\u00fc Aqmescit soqaqlar\u0131ndan Stalin portretinen ke\u00e7ken adamlarn\u0131 mes\u00fclietlikke \u00e7ekmekni talap ete - \u041c\u0435\u0434\u0436\u043b\u0456\u0441\",\"isPartOf\":{\"@id\":\"https:\\\/\\\/qtmm.org\\\/qt\\\/#website\"},\"primaryImageOfPage\":{\"@id\":\"https:\\\/\\\/qtmm.org\\\/qt\\\/qirim-yuqari-surasinin-deputati-remzi-ilyasov-2013-senesi-iyul-22-kunu-aqmescit-soqaqlarindan-stalin-portretinen-kecken-adamlarni-mesulietlikke-cekmekni-talap-ete\\\/#primaryimage\"},\"image\":{\"@id\":\"https:\\\/\\\/qtmm.org\\\/qt\\\/qirim-yuqari-surasinin-deputati-remzi-ilyasov-2013-senesi-iyul-22-kunu-aqmescit-soqaqlarindan-stalin-portretinen-kecken-adamlarni-mesulietlikke-cekmekni-talap-ete\\\/#primaryimage\"},\"thumbnailUrl\":\"http:\\\/\\\/qtmm.org\\\/wp-content\\\/uploads\\\/2022\\\/01\\\/stalin1.jpeg\",\"datePublished\":\"2013-07-24T12:44:00+00:00\",\"dateModified\":\"2022-01-25T12:46:12+00:00\",\"breadcrumb\":{\"@id\":\"https:\\\/\\\/qtmm.org\\\/qt\\\/qirim-yuqari-surasinin-deputati-remzi-ilyasov-2013-senesi-iyul-22-kunu-aqmescit-soqaqlarindan-stalin-portretinen-kecken-adamlarni-mesulietlikke-cekmekni-talap-ete\\\/#breadcrumb\"},\"inLanguage\":\"qt\",\"potentialAction\":[{\"@type\":\"ReadAction\",\"target\":[\"https:\\\/\\\/qtmm.org\\\/qt\\\/qirim-yuqari-surasinin-deputati-remzi-ilyasov-2013-senesi-iyul-22-kunu-aqmescit-soqaqlarindan-stalin-portretinen-kecken-adamlarni-mesulietlikke-cekmekni-talap-ete\\\/\"]}]},{\"@type\":\"ImageObject\",\"inLanguage\":\"qt\",\"@id\":\"https:\\\/\\\/qtmm.org\\\/qt\\\/qirim-yuqari-surasinin-deputati-remzi-ilyasov-2013-senesi-iyul-22-kunu-aqmescit-soqaqlarindan-stalin-portretinen-kecken-adamlarni-mesulietlikke-cekmekni-talap-ete\\\/#primaryimage\",\"url\":\"http:\\\/\\\/qtmm.org\\\/wp-content\\\/uploads\\\/2022\\\/01\\\/stalin1.jpeg\",\"contentUrl\":\"http:\\\/\\\/qtmm.org\\\/wp-content\\\/uploads\\\/2022\\\/01\\\/stalin1.jpeg\"},{\"@type\":\"BreadcrumbList\",\"@id\":\"https:\\\/\\\/qtmm.org\\\/qt\\\/qirim-yuqari-surasinin-deputati-remzi-ilyasov-2013-senesi-iyul-22-kunu-aqmescit-soqaqlarindan-stalin-portretinen-kecken-adamlarni-mesulietlikke-cekmekni-talap-ete\\\/#breadcrumb\",\"itemListElement\":[{\"@type\":\"ListItem\",\"position\":1,\"name\":\"\u0413\u043e\u043b\u043e\u0432\u043d\u0430\",\"item\":\"https:\\\/\\\/qtmm.org\\\/qt\\\/\"},{\"@type\":\"ListItem\",\"position\":2,\"name\":\"Q\u0131r\u0131m Yuqar\u0131 \u015euras\u0131n\u0131\u00f1 deputat\u0131 Remzi \u0130lyasov 2013 senesi iy\u00fcl 22 k\u00fcn\u00fc Aqmescit soqaqlar\u0131ndan Stalin portretinen ke\u00e7ken adamlarn\u0131 mes\u00fclietlikke \u00e7ekmekni talap ete\"}]},{\"@type\":\"WebSite\",\"@id\":\"https:\\\/\\\/qtmm.org\\\/qt\\\/#website\",\"url\":\"https:\\\/\\\/qtmm.org\\\/qt\\\/\",\"name\":\"\u041c\u0435\u0434\u0436\u043b\u0456\u0441\",\"description\":\"\",\"publisher\":{\"@id\":\"https:\\\/\\\/qtmm.org\\\/qt\\\/#organization\"},\"potentialAction\":[{\"@type\":\"SearchAction\",\"target\":{\"@type\":\"EntryPoint\",\"urlTemplate\":\"https:\\\/\\\/qtmm.org\\\/qt\\\/?s={search_term_string}\"},\"query-input\":{\"@type\":\"PropertyValueSpecification\",\"valueRequired\":true,\"valueName\":\"search_term_string\"}}],\"inLanguage\":\"qt\"},{\"@type\":\"Organization\",\"@id\":\"https:\\\/\\\/qtmm.org\\\/qt\\\/#organization\",\"name\":\"\u041c\u0435\u0434\u0436\u043b\u0456\u0441\",\"url\":\"https:\\\/\\\/qtmm.org\\\/qt\\\/\",\"logo\":{\"@type\":\"ImageObject\",\"inLanguage\":\"qt\",\"@id\":\"https:\\\/\\\/qtmm.org\\\/qt\\\/#\\\/schema\\\/logo\\\/image\\\/\",\"url\":\"https:\\\/\\\/qtmm.org\\\/wp-content\\\/uploads\\\/2024\\\/12\\\/ua-mejlis-logo-rgb.svg\",\"contentUrl\":\"https:\\\/\\\/qtmm.org\\\/wp-content\\\/uploads\\\/2024\\\/12\\\/ua-mejlis-logo-rgb.svg\",\"caption\":\"\u041c\u0435\u0434\u0436\u043b\u0456\u0441\"},\"image\":{\"@id\":\"https:\\\/\\\/qtmm.org\\\/qt\\\/#\\\/schema\\\/logo\\\/image\\\/\"},\"sameAs\":[\"https:\\\/\\\/www.facebook.com\\\/qtmm.info\\\/\"]},{\"@type\":\"Person\",\"@id\":\"https:\\\/\\\/qtmm.org\\\/qt\\\/#\\\/schema\\\/person\\\/de562469f971dec226ac06e60bbf74a7\",\"name\":\"Developer\",\"image\":{\"@type\":\"ImageObject\",\"inLanguage\":\"qt\",\"@id\":\"https:\\\/\\\/secure.gravatar.com\\\/avatar\\\/392b4cc8fbfeb00b39dfeeab4ee6edded39ffd48e25858637e4765810300227e?s=96&d=mm&r=g\",\"url\":\"https:\\\/\\\/secure.gravatar.com\\\/avatar\\\/392b4cc8fbfeb00b39dfeeab4ee6edded39ffd48e25858637e4765810300227e?s=96&d=mm&r=g\",\"contentUrl\":\"https:\\\/\\\/secure.gravatar.com\\\/avatar\\\/392b4cc8fbfeb00b39dfeeab4ee6edded39ffd48e25858637e4765810300227e?s=96&d=mm&r=g\",\"caption\":\"Developer\"},\"url\":\"https:\\\/\\\/qtmm.org\\\/qt\\\/author\\\/Developer\\\/\"}]}<\/script>\n<!-- \/ Yoast SEO plugin. -->","yoast_head_json":{"title":"Q\u0131r\u0131m Yuqar\u0131 \u015euras\u0131n\u0131\u00f1 deputat\u0131 Remzi \u0130lyasov 2013 senesi iy\u00fcl 22 k\u00fcn\u00fc Aqmescit soqaqlar\u0131ndan Stalin portretinen ke\u00e7ken adamlarn\u0131 mes\u00fclietlikke \u00e7ekmekni talap ete - \u041c\u0435\u0434\u0436\u043b\u0456\u0441","robots":{"index":"index","follow":"follow","max-snippet":"max-snippet:-1","max-image-preview":"max-image-preview:large","max-video-preview":"max-video-preview:-1"},"canonical":"https:\/\/qtmm.org\/qt\/qirim-yuqari-surasinin-deputati-remzi-ilyasov-2013-senesi-iyul-22-kunu-aqmescit-soqaqlarindan-stalin-portretinen-kecken-adamlarni-mesulietlikke-cekmekni-talap-ete\/","og_locale":"en_US","og_type":"article","og_title":"Q\u0131r\u0131m Yuqar\u0131 \u015euras\u0131n\u0131\u00f1 deputat\u0131 Remzi \u0130lyasov 2013 senesi iy\u00fcl 22 k\u00fcn\u00fc Aqmescit soqaqlar\u0131ndan Stalin portretinen ke\u00e7ken adamlarn\u0131 mes\u00fclietlikke \u00e7ekmekni talap ete - \u041c\u0435\u0434\u0436\u043b\u0456\u0441","og_description":"Milliy Meclis reisini\u00f1 muavini, Q\u0131r\u0131m parlamentini\u00f1 deputat\u0131 Remzi \u0130lyasov Q\u0131r\u0131m Prokuraturas\u0131na deputat muracaat\u0131n\u0131 yollap, onda 2013 senesi iy\u00fcn 22 k\u00fcn\u00fc Aqmescit soqaqlar\u0131ndan Stalin portretinen ke\u00e7ken adamlarn\u0131 mes\u00fclietlikke \u00e7ekmekni talap ete \u015eun\u0131 hat\u0131rlatmal\u0131 ki, iy\u00fcn 22 k\u00fcn\u00fc Aqmescitni\u00f1 Gagarin ba\u011f\u00e7as\u0131nda Ukrainada Cenk qurbanlar\u0131n\u0131\u00f1 hat\u0131ra ve matem k\u00fcn\u00fc munasebetinen Bellisiz asker abidesine \u00e7e\u00e7ekler qoyuld\u0131. Tedbirde fahriy qaravul [&hellip;]","og_url":"https:\/\/qtmm.org\/qt\/qirim-yuqari-surasinin-deputati-remzi-ilyasov-2013-senesi-iyul-22-kunu-aqmescit-soqaqlarindan-stalin-portretinen-kecken-adamlarni-mesulietlikke-cekmekni-talap-ete\/","og_site_name":"\u041c\u0435\u0434\u0436\u043b\u0456\u0441","article_publisher":"https:\/\/www.facebook.com\/qtmm.info\/","article_published_time":"2013-07-24T12:44:00+00:00","article_modified_time":"2022-01-25T12:46:12+00:00","og_image":[{"width":800,"height":533,"url":"https:\/\/qtmm.org\/wp-content\/uploads\/2022\/01\/stalin1.jpeg","type":"image\/jpeg"}],"author":"Developer","twitter_card":"summary_large_image","twitter_misc":{"Written by":"Developer","Est. reading time":"1 minute"},"schema":{"@context":"https:\/\/schema.org","@graph":[{"@type":"Article","@id":"https:\/\/qtmm.org\/qt\/qirim-yuqari-surasinin-deputati-remzi-ilyasov-2013-senesi-iyul-22-kunu-aqmescit-soqaqlarindan-stalin-portretinen-kecken-adamlarni-mesulietlikke-cekmekni-talap-ete\/#article","isPartOf":{"@id":"https:\/\/qtmm.org\/qt\/qirim-yuqari-surasinin-deputati-remzi-ilyasov-2013-senesi-iyul-22-kunu-aqmescit-soqaqlarindan-stalin-portretinen-kecken-adamlarni-mesulietlikke-cekmekni-talap-ete\/"},"author":{"name":"Developer","@id":"https:\/\/qtmm.org\/qt\/#\/schema\/person\/de562469f971dec226ac06e60bbf74a7"},"headline":"Q\u0131r\u0131m Yuqar\u0131 \u015euras\u0131n\u0131\u00f1 deputat\u0131 Remzi \u0130lyasov 2013 senesi iy\u00fcl 22 k\u00fcn\u00fc Aqmescit soqaqlar\u0131ndan Stalin portretinen ke\u00e7ken adamlarn\u0131 mes\u00fclietlikke \u00e7ekmekni talap ete","datePublished":"2013-07-24T12:44:00+00:00","dateModified":"2022-01-25T12:46:12+00:00","mainEntityOfPage":{"@id":"https:\/\/qtmm.org\/qt\/qirim-yuqari-surasinin-deputati-remzi-ilyasov-2013-senesi-iyul-22-kunu-aqmescit-soqaqlarindan-stalin-portretinen-kecken-adamlarni-mesulietlikke-cekmekni-talap-ete\/"},"wordCount":296,"commentCount":0,"publisher":{"@id":"https:\/\/qtmm.org\/qt\/#organization"},"image":{"@id":"https:\/\/qtmm.org\/qt\/qirim-yuqari-surasinin-deputati-remzi-ilyasov-2013-senesi-iyul-22-kunu-aqmescit-soqaqlarindan-stalin-portretinen-kecken-adamlarni-mesulietlikke-cekmekni-talap-ete\/#primaryimage"},"thumbnailUrl":"http:\/\/qtmm.org\/wp-content\/uploads\/2022\/01\/stalin1.jpeg","articleSection":["Haberler"],"inLanguage":"qt","potentialAction":[{"@type":"CommentAction","name":"Comment","target":["https:\/\/qtmm.org\/qt\/qirim-yuqari-surasinin-deputati-remzi-ilyasov-2013-senesi-iyul-22-kunu-aqmescit-soqaqlarindan-stalin-portretinen-kecken-adamlarni-mesulietlikke-cekmekni-talap-ete\/#respond"]}]},{"@type":"WebPage","@id":"https:\/\/qtmm.org\/qt\/qirim-yuqari-surasinin-deputati-remzi-ilyasov-2013-senesi-iyul-22-kunu-aqmescit-soqaqlarindan-stalin-portretinen-kecken-adamlarni-mesulietlikke-cekmekni-talap-ete\/","url":"https:\/\/qtmm.org\/qt\/qirim-yuqari-surasinin-deputati-remzi-ilyasov-2013-senesi-iyul-22-kunu-aqmescit-soqaqlarindan-stalin-portretinen-kecken-adamlarni-mesulietlikke-cekmekni-talap-ete\/","name":"Q\u0131r\u0131m Yuqar\u0131 \u015euras\u0131n\u0131\u00f1 deputat\u0131 Remzi \u0130lyasov 2013 senesi iy\u00fcl 22 k\u00fcn\u00fc Aqmescit soqaqlar\u0131ndan Stalin portretinen ke\u00e7ken adamlarn\u0131 mes\u00fclietlikke \u00e7ekmekni talap ete - \u041c\u0435\u0434\u0436\u043b\u0456\u0441","isPartOf":{"@id":"https:\/\/qtmm.org\/qt\/#website"},"primaryImageOfPage":{"@id":"https:\/\/qtmm.org\/qt\/qirim-yuqari-surasinin-deputati-remzi-ilyasov-2013-senesi-iyul-22-kunu-aqmescit-soqaqlarindan-stalin-portretinen-kecken-adamlarni-mesulietlikke-cekmekni-talap-ete\/#primaryimage"},"image":{"@id":"https:\/\/qtmm.org\/qt\/qirim-yuqari-surasinin-deputati-remzi-ilyasov-2013-senesi-iyul-22-kunu-aqmescit-soqaqlarindan-stalin-portretinen-kecken-adamlarni-mesulietlikke-cekmekni-talap-ete\/#primaryimage"},"thumbnailUrl":"http:\/\/qtmm.org\/wp-content\/uploads\/2022\/01\/stalin1.jpeg","datePublished":"2013-07-24T12:44:00+00:00","dateModified":"2022-01-25T12:46:12+00:00","breadcrumb":{"@id":"https:\/\/qtmm.org\/qt\/qirim-yuqari-surasinin-deputati-remzi-ilyasov-2013-senesi-iyul-22-kunu-aqmescit-soqaqlarindan-stalin-portretinen-kecken-adamlarni-mesulietlikke-cekmekni-talap-ete\/#breadcrumb"},"inLanguage":"qt","potentialAction":[{"@type":"ReadAction","target":["https:\/\/qtmm.org\/qt\/qirim-yuqari-surasinin-deputati-remzi-ilyasov-2013-senesi-iyul-22-kunu-aqmescit-soqaqlarindan-stalin-portretinen-kecken-adamlarni-mesulietlikke-cekmekni-talap-ete\/"]}]},{"@type":"ImageObject","inLanguage":"qt","@id":"https:\/\/qtmm.org\/qt\/qirim-yuqari-surasinin-deputati-remzi-ilyasov-2013-senesi-iyul-22-kunu-aqmescit-soqaqlarindan-stalin-portretinen-kecken-adamlarni-mesulietlikke-cekmekni-talap-ete\/#primaryimage","url":"http:\/\/qtmm.org\/wp-content\/uploads\/2022\/01\/stalin1.jpeg","contentUrl":"http:\/\/qtmm.org\/wp-content\/uploads\/2022\/01\/stalin1.jpeg"},{"@type":"BreadcrumbList","@id":"https:\/\/qtmm.org\/qt\/qirim-yuqari-surasinin-deputati-remzi-ilyasov-2013-senesi-iyul-22-kunu-aqmescit-soqaqlarindan-stalin-portretinen-kecken-adamlarni-mesulietlikke-cekmekni-talap-ete\/#breadcrumb","itemListElement":[{"@type":"ListItem","position":1,"name":"\u0413\u043e\u043b\u043e\u0432\u043d\u0430","item":"https:\/\/qtmm.org\/qt\/"},{"@type":"ListItem","position":2,"name":"Q\u0131r\u0131m Yuqar\u0131 \u015euras\u0131n\u0131\u00f1 deputat\u0131 Remzi \u0130lyasov 2013 senesi iy\u00fcl 22 k\u00fcn\u00fc Aqmescit soqaqlar\u0131ndan Stalin portretinen ke\u00e7ken adamlarn\u0131 mes\u00fclietlikke \u00e7ekmekni talap ete"}]},{"@type":"WebSite","@id":"https:\/\/qtmm.org\/qt\/#website","url":"https:\/\/qtmm.org\/qt\/","name":"\u041c\u0435\u0434\u0436\u043b\u0456\u0441","description":"","publisher":{"@id":"https:\/\/qtmm.org\/qt\/#organization"},"potentialAction":[{"@type":"SearchAction","target":{"@type":"EntryPoint","urlTemplate":"https:\/\/qtmm.org\/qt\/?s={search_term_string}"},"query-input":{"@type":"PropertyValueSpecification","valueRequired":true,"valueName":"search_term_string"}}],"inLanguage":"qt"},{"@type":"Organization","@id":"https:\/\/qtmm.org\/qt\/#organization","name":"\u041c\u0435\u0434\u0436\u043b\u0456\u0441","url":"https:\/\/qtmm.org\/qt\/","logo":{"@type":"ImageObject","inLanguage":"qt","@id":"https:\/\/qtmm.org\/qt\/#\/schema\/logo\/image\/","url":"https:\/\/qtmm.org\/wp-content\/uploads\/2024\/12\/ua-mejlis-logo-rgb.svg","contentUrl":"https:\/\/qtmm.org\/wp-content\/uploads\/2024\/12\/ua-mejlis-logo-rgb.svg","caption":"\u041c\u0435\u0434\u0436\u043b\u0456\u0441"},"image":{"@id":"https:\/\/qtmm.org\/qt\/#\/schema\/logo\/image\/"},"sameAs":["https:\/\/www.facebook.com\/qtmm.info\/"]},{"@type":"Person","@id":"https:\/\/qtmm.org\/qt\/#\/schema\/person\/de562469f971dec226ac06e60bbf74a7","name":"Developer","image":{"@type":"ImageObject","inLanguage":"qt","@id":"https:\/\/secure.gravatar.com\/avatar\/392b4cc8fbfeb00b39dfeeab4ee6edded39ffd48e25858637e4765810300227e?s=96&d=mm&r=g","url":"https:\/\/secure.gravatar.com\/avatar\/392b4cc8fbfeb00b39dfeeab4ee6edded39ffd48e25858637e4765810300227e?s=96&d=mm&r=g","contentUrl":"https:\/\/secure.gravatar.com\/avatar\/392b4cc8fbfeb00b39dfeeab4ee6edded39ffd48e25858637e4765810300227e?s=96&d=mm&r=g","caption":"Developer"},"url":"https:\/\/qtmm.org\/qt\/author\/Developer\/"}]}},"_links":{"self":[{"href":"https:\/\/qtmm.org\/qt\/wp-json\/wp\/v2\/posts\/38661","targetHints":{"allow":["GET"]}}],"collection":[{"href":"https:\/\/qtmm.org\/qt\/wp-json\/wp\/v2\/posts"}],"about":[{"href":"https:\/\/qtmm.org\/qt\/wp-json\/wp\/v2\/types\/post"}],"author":[{"embeddable":true,"href":"https:\/\/qtmm.org\/qt\/wp-json\/wp\/v2\/users\/1"}],"replies":[{"embeddable":true,"href":"https:\/\/qtmm.org\/qt\/wp-json\/wp\/v2\/comments?post=38661"}],"version-history":[{"count":1,"href":"https:\/\/qtmm.org\/qt\/wp-json\/wp\/v2\/posts\/38661\/revisions"}],"predecessor-version":[{"id":38678,"href":"https:\/\/qtmm.org\/qt\/wp-json\/wp\/v2\/posts\/38661\/revisions\/38678"}],"wp:attachment":[{"href":"https:\/\/qtmm.org\/qt\/wp-json\/wp\/v2\/media?parent=38661"}],"wp:term":[{"taxonomy":"category","embeddable":true,"href":"https:\/\/qtmm.org\/qt\/wp-json\/wp\/v2\/categories?post=38661"},{"taxonomy":"post_tag","embeddable":true,"href":"https:\/\/qtmm.org\/qt\/wp-json\/wp\/v2\/tags?post=38661"}],"curies":[{"name":"wp","href":"https:\/\/api.w.org\/{rel}","templated":true}]}}