




{"id":38659,"date":"2013-07-24T15:43:00","date_gmt":"2013-07-24T12:43:00","guid":{"rendered":"http:\/\/qtmm.org\/?p=38659"},"modified":"2022-01-25T15:44:22","modified_gmt":"2022-01-25T12:44:22","slug":"meclis-reisinini-muavini-remzi-ilyasov-ukraina-tisqi-isler-nazirliginden-izaat-bermesini-rica-etti","status":"publish","type":"post","link":"https:\/\/qtmm.org\/qt\/meclis-reisinini-muavini-remzi-ilyasov-ukraina-tisqi-isler-nazirliginden-izaat-bermesini-rica-etti\/","title":{"rendered":"Meclis reisinini muavini Remzi \u0130lyasov Ukraina T\u0131\u015fq\u0131 \u0130\u015fler nazirliginden izaat bermesini rica etti"},"content":{"rendered":"\n<p>Ukrain el\u00e7ileri Q\u0131r\u0131mdaki q\u0131r\u0131mtatarlarn\u0131\u00f1 yerle\u015fmesine yard\u0131m sorap q\u0131r\u0131mtatar diasporas\u0131na muracaat etkenleri munasebetinen Q\u0131r\u0131m parlamentini\u00f1 deputat\u0131, Meclis reisini\u00f1 muavini Remzi \u0130lyasov Ukraina T\u0131\u015fq\u0131 i\u015fler naziri Leonid Kojara\u011fa deputat sorav\u0131n\u0131 yollad\u0131.<\/p>\n\n\n\n<p>Onda deputat Kononenko S.A. cenapn\u0131\u00f1 areketleri \u015fahsen kendisini\u00f1 te\u015febb\u00fcsi ol\u011fan\u0131 ya da o, Ukraina T\u0131\u015fq\u0131 i\u015fler nazirligini\u00f1 avalesini becergenini a\u00f1latmas\u0131n\u0131 rica ete.<\/p>\n\n\n\n<p>Bundan da \u011fayr\u0131 R. \u0130lyasov Ukraina T\u0131\u015fq\u0131 i\u015fler nazirligi angi halqara te\u015fkil\u00e2tlar\u0131ndan Ukrainadaki q\u0131r\u0131mtatarlarn\u0131 yerle\u015ftir\u00fcvde yard\u0131m sora\u011fan\u0131n\u0131 haber etmelerini soray. Eger de b\u00f6yle muracaat ol\u011fan olsa, o\u00f1a yollamalar\u0131n\u0131 rica etti.<\/p>\n\n\n\n<p><a href=\"http:\/\/avdet.org\/\" target=\"_blank\" rel=\"noreferrer noopener\">&#8220;Avdet&#8221; gazetas\u0131<\/a>&nbsp;yazd\u0131 ki, \u00d6zbekistan cumhuriyetinde Ukraina i\u015fleri boyunca vaqt\u0131nca vekili ol\u011fan Kononenko S.A. &#8220;Avdet&#8221; q\u0131r\u0131mtatar medeniy merkezni\u00f1 reisi Nusret Cemilevge \u00d6zbekistanda ya\u015fa\u011fan q\u0131r\u0131mtatar i\u015f adamlar\u0131na Ukrainadaki semetde\u015flerine maliyeviy yard\u0131m k\u00f6stermelerini soramaqn\u0131 teklif etken. Muracaatqa q\u0131r\u0131mtatarlarn\u0131 yerle\u015ftir\u00fcv Programmas\u0131 boyunca qurulmas\u0131 k\u00f6zde tutul\u011fan in\u015faatlarn\u0131\u00f1 cedveli ve 91,153 bi\u00f1 grivn\u00e2l\u0131q masraflar smetas\u0131 da il\u00e2ve etilgen.<\/p>\n\n\n\n<p>Mezk\u00fcr muracaat Ukraina Sotsial siyaset nazirligi ve Q\u0131r\u0131m Milletlerara munasebetler ve s\u00fcrg\u00fcn etilgen grajdanlarn\u0131\u00f1 i\u015fleri boyunca cumhuriyet komiteti Devlet programmas\u0131 esas\u0131nda halqara yard\u0131mn\u0131 celp et\u00fcv teklifinden kelip \u00e7\u0131qqan.<\/p>\n\n\n\n<p>\u015eun\u0131 qayd etmeli ki, bu mal\u00fcmat q\u0131r\u0131mtatarlarn\u0131\u00f1 naraz\u0131l\u0131\u011f\u0131n\u0131 qoz\u011fad\u0131 ve \u00e7e\u015fit te\u015fkil\u00e2tlar\u011fa muracaatlar\u011fa sebep\u00e7i olabilir. Bir taraftan Ukraina Sotsial nazirligi Devlet b\u00fccetinde sermiyalarn\u0131\u00f1 q\u0131tl\u0131\u011f\u0131 sebebinden halqara yard\u0131m aqq\u0131nda t\u00fc\u015f\u00fcnmek dey, as\u0131l\u0131nda ise Ukrainan\u0131\u00f1 resmiy \u015fahs\u0131lar\u0131 q\u0131r\u0131mtatar diasporas\u0131na ba\u015f uralar.<\/p>\n\n\n\n<p>K\u00fctleviy informatsiya vastalar\u0131nda bu aqta &#8220;Ukraina \u00fck\u00fcmeti q\u0131r\u0131mtatarlarn\u0131 \u00f6z esaplar\u0131na yerle\u015ftirmek istey&#8221;, &#8220;Ukraina q\u0131r\u0131mtatarlardan 91 million talap ete&#8221; kibi serleva alt\u0131nda \u00e7\u0131qqan yaz\u0131lar mencesine Ukrainan\u0131\u00f1 itibar\u0131n\u0131 t\u00fc\u015f\u00fcre, dey \u0130lyasov.<\/p>\n","protected":false},"excerpt":{"rendered":"<p>Ukrain el\u00e7ileri Q\u0131r\u0131mdaki q\u0131r\u0131mtatarlarn\u0131\u00f1 yerle\u015fmesine yard\u0131m sorap q\u0131r\u0131mtatar diasporas\u0131na muracaat etkenleri munasebetinen Q\u0131r\u0131m parlamentini\u00f1 deputat\u0131, Meclis reisini\u00f1 muavini Remzi \u0130lyasov Ukraina T\u0131\u015fq\u0131 i\u015fler naziri Leonid Kojara\u011fa deputat sorav\u0131n\u0131 yollad\u0131. Onda deputat Kononenko S.A. cenapn\u0131\u00f1 areketleri \u015fahsen kendisini\u00f1 te\u015febb\u00fcsi ol\u011fan\u0131 ya da o, Ukraina T\u0131\u015fq\u0131 i\u015fler nazirligini\u00f1 avalesini becergenini a\u00f1latmas\u0131n\u0131 rica ete. Bundan da \u011fayr\u0131 R. [&hellip;]<\/p>\n","protected":false},"author":1,"featured_media":0,"comment_status":"open","ping_status":"open","sticky":false,"template":"","format":"standard","meta":{"inline_featured_image":false,"footnotes":""},"categories":[265],"tags":[],"class_list":["post-38659","post","type-post","status-publish","format-standard","hentry","category-haberler"],"acf":[],"yoast_head":"<!-- This site is optimized with the Yoast SEO plugin v27.4 - https:\/\/yoast.com\/product\/yoast-seo-wordpress\/ -->\n<title>Meclis reisinini muavini Remzi \u0130lyasov Ukraina T\u0131\u015fq\u0131 \u0130\u015fler nazirliginden izaat bermesini rica etti - \u041c\u0435\u0434\u0436\u043b\u0456\u0441<\/title>\n<meta name=\"robots\" content=\"index, follow, max-snippet:-1, max-image-preview:large, max-video-preview:-1\" \/>\n<link rel=\"canonical\" href=\"https:\/\/qtmm.org\/qt\/meclis-reisinini-muavini-remzi-ilyasov-ukraina-tisqi-isler-nazirliginden-izaat-bermesini-rica-etti\/\" \/>\n<meta property=\"og:locale\" content=\"en_US\" \/>\n<meta property=\"og:type\" content=\"article\" \/>\n<meta property=\"og:title\" content=\"Meclis reisinini muavini Remzi \u0130lyasov Ukraina T\u0131\u015fq\u0131 \u0130\u015fler nazirliginden izaat bermesini rica etti - \u041c\u0435\u0434\u0436\u043b\u0456\u0441\" \/>\n<meta property=\"og:description\" content=\"Ukrain el\u00e7ileri Q\u0131r\u0131mdaki q\u0131r\u0131mtatarlarn\u0131\u00f1 yerle\u015fmesine yard\u0131m sorap q\u0131r\u0131mtatar diasporas\u0131na muracaat etkenleri munasebetinen Q\u0131r\u0131m parlamentini\u00f1 deputat\u0131, Meclis reisini\u00f1 muavini Remzi \u0130lyasov Ukraina T\u0131\u015fq\u0131 i\u015fler naziri Leonid Kojara\u011fa deputat sorav\u0131n\u0131 yollad\u0131. Onda deputat Kononenko S.A. cenapn\u0131\u00f1 areketleri \u015fahsen kendisini\u00f1 te\u015febb\u00fcsi ol\u011fan\u0131 ya da o, Ukraina T\u0131\u015fq\u0131 i\u015fler nazirligini\u00f1 avalesini becergenini a\u00f1latmas\u0131n\u0131 rica ete. Bundan da \u011fayr\u0131 R. [&hellip;]\" \/>\n<meta property=\"og:url\" content=\"https:\/\/qtmm.org\/qt\/meclis-reisinini-muavini-remzi-ilyasov-ukraina-tisqi-isler-nazirliginden-izaat-bermesini-rica-etti\/\" \/>\n<meta property=\"og:site_name\" content=\"\u041c\u0435\u0434\u0436\u043b\u0456\u0441\" \/>\n<meta property=\"article:publisher\" content=\"https:\/\/www.facebook.com\/qtmm.info\/\" \/>\n<meta property=\"article:published_time\" content=\"2013-07-24T12:43:00+00:00\" \/>\n<meta property=\"article:modified_time\" content=\"2022-01-25T12:44:22+00:00\" \/>\n<meta name=\"author\" content=\"Developer\" \/>\n<meta name=\"twitter:card\" content=\"summary_large_image\" \/>\n<meta name=\"twitter:label1\" content=\"Written by\" \/>\n\t<meta name=\"twitter:data1\" content=\"Developer\" \/>\n\t<meta name=\"twitter:label2\" content=\"Est. reading time\" \/>\n\t<meta name=\"twitter:data2\" content=\"2 minutes\" \/>\n<script type=\"application\/ld+json\" class=\"yoast-schema-graph\">{\"@context\":\"https:\\\/\\\/schema.org\",\"@graph\":[{\"@type\":\"Article\",\"@id\":\"https:\\\/\\\/qtmm.org\\\/qt\\\/meclis-reisinini-muavini-remzi-ilyasov-ukraina-tisqi-isler-nazirliginden-izaat-bermesini-rica-etti\\\/#article\",\"isPartOf\":{\"@id\":\"https:\\\/\\\/qtmm.org\\\/qt\\\/meclis-reisinini-muavini-remzi-ilyasov-ukraina-tisqi-isler-nazirliginden-izaat-bermesini-rica-etti\\\/\"},\"author\":{\"name\":\"Developer\",\"@id\":\"https:\\\/\\\/qtmm.org\\\/qt\\\/#\\\/schema\\\/person\\\/de562469f971dec226ac06e60bbf74a7\"},\"headline\":\"Meclis reisinini muavini Remzi \u0130lyasov Ukraina T\u0131\u015fq\u0131 \u0130\u015fler nazirliginden izaat bermesini rica etti\",\"datePublished\":\"2013-07-24T12:43:00+00:00\",\"dateModified\":\"2022-01-25T12:44:22+00:00\",\"mainEntityOfPage\":{\"@id\":\"https:\\\/\\\/qtmm.org\\\/qt\\\/meclis-reisinini-muavini-remzi-ilyasov-ukraina-tisqi-isler-nazirliginden-izaat-bermesini-rica-etti\\\/\"},\"wordCount\":352,\"commentCount\":0,\"publisher\":{\"@id\":\"https:\\\/\\\/qtmm.org\\\/qt\\\/#organization\"},\"articleSection\":[\"Haberler\"],\"inLanguage\":\"qt\",\"potentialAction\":[{\"@type\":\"CommentAction\",\"name\":\"Comment\",\"target\":[\"https:\\\/\\\/qtmm.org\\\/qt\\\/meclis-reisinini-muavini-remzi-ilyasov-ukraina-tisqi-isler-nazirliginden-izaat-bermesini-rica-etti\\\/#respond\"]}]},{\"@type\":\"WebPage\",\"@id\":\"https:\\\/\\\/qtmm.org\\\/qt\\\/meclis-reisinini-muavini-remzi-ilyasov-ukraina-tisqi-isler-nazirliginden-izaat-bermesini-rica-etti\\\/\",\"url\":\"https:\\\/\\\/qtmm.org\\\/qt\\\/meclis-reisinini-muavini-remzi-ilyasov-ukraina-tisqi-isler-nazirliginden-izaat-bermesini-rica-etti\\\/\",\"name\":\"Meclis reisinini muavini Remzi \u0130lyasov Ukraina T\u0131\u015fq\u0131 \u0130\u015fler nazirliginden izaat bermesini rica etti - \u041c\u0435\u0434\u0436\u043b\u0456\u0441\",\"isPartOf\":{\"@id\":\"https:\\\/\\\/qtmm.org\\\/qt\\\/#website\"},\"datePublished\":\"2013-07-24T12:43:00+00:00\",\"dateModified\":\"2022-01-25T12:44:22+00:00\",\"breadcrumb\":{\"@id\":\"https:\\\/\\\/qtmm.org\\\/qt\\\/meclis-reisinini-muavini-remzi-ilyasov-ukraina-tisqi-isler-nazirliginden-izaat-bermesini-rica-etti\\\/#breadcrumb\"},\"inLanguage\":\"qt\",\"potentialAction\":[{\"@type\":\"ReadAction\",\"target\":[\"https:\\\/\\\/qtmm.org\\\/qt\\\/meclis-reisinini-muavini-remzi-ilyasov-ukraina-tisqi-isler-nazirliginden-izaat-bermesini-rica-etti\\\/\"]}]},{\"@type\":\"BreadcrumbList\",\"@id\":\"https:\\\/\\\/qtmm.org\\\/qt\\\/meclis-reisinini-muavini-remzi-ilyasov-ukraina-tisqi-isler-nazirliginden-izaat-bermesini-rica-etti\\\/#breadcrumb\",\"itemListElement\":[{\"@type\":\"ListItem\",\"position\":1,\"name\":\"\u0413\u043e\u043b\u043e\u0432\u043d\u0430\",\"item\":\"https:\\\/\\\/qtmm.org\\\/qt\\\/\"},{\"@type\":\"ListItem\",\"position\":2,\"name\":\"Meclis reisinini muavini Remzi \u0130lyasov Ukraina T\u0131\u015fq\u0131 \u0130\u015fler nazirliginden izaat bermesini rica etti\"}]},{\"@type\":\"WebSite\",\"@id\":\"https:\\\/\\\/qtmm.org\\\/qt\\\/#website\",\"url\":\"https:\\\/\\\/qtmm.org\\\/qt\\\/\",\"name\":\"\u041c\u0435\u0434\u0436\u043b\u0456\u0441\",\"description\":\"\",\"publisher\":{\"@id\":\"https:\\\/\\\/qtmm.org\\\/qt\\\/#organization\"},\"potentialAction\":[{\"@type\":\"SearchAction\",\"target\":{\"@type\":\"EntryPoint\",\"urlTemplate\":\"https:\\\/\\\/qtmm.org\\\/qt\\\/?s={search_term_string}\"},\"query-input\":{\"@type\":\"PropertyValueSpecification\",\"valueRequired\":true,\"valueName\":\"search_term_string\"}}],\"inLanguage\":\"qt\"},{\"@type\":\"Organization\",\"@id\":\"https:\\\/\\\/qtmm.org\\\/qt\\\/#organization\",\"name\":\"\u041c\u0435\u0434\u0436\u043b\u0456\u0441\",\"url\":\"https:\\\/\\\/qtmm.org\\\/qt\\\/\",\"logo\":{\"@type\":\"ImageObject\",\"inLanguage\":\"qt\",\"@id\":\"https:\\\/\\\/qtmm.org\\\/qt\\\/#\\\/schema\\\/logo\\\/image\\\/\",\"url\":\"https:\\\/\\\/qtmm.org\\\/wp-content\\\/uploads\\\/2024\\\/12\\\/ua-mejlis-logo-rgb.svg\",\"contentUrl\":\"https:\\\/\\\/qtmm.org\\\/wp-content\\\/uploads\\\/2024\\\/12\\\/ua-mejlis-logo-rgb.svg\",\"caption\":\"\u041c\u0435\u0434\u0436\u043b\u0456\u0441\"},\"image\":{\"@id\":\"https:\\\/\\\/qtmm.org\\\/qt\\\/#\\\/schema\\\/logo\\\/image\\\/\"},\"sameAs\":[\"https:\\\/\\\/www.facebook.com\\\/qtmm.info\\\/\"]},{\"@type\":\"Person\",\"@id\":\"https:\\\/\\\/qtmm.org\\\/qt\\\/#\\\/schema\\\/person\\\/de562469f971dec226ac06e60bbf74a7\",\"name\":\"Developer\",\"image\":{\"@type\":\"ImageObject\",\"inLanguage\":\"qt\",\"@id\":\"https:\\\/\\\/secure.gravatar.com\\\/avatar\\\/392b4cc8fbfeb00b39dfeeab4ee6edded39ffd48e25858637e4765810300227e?s=96&d=mm&r=g\",\"url\":\"https:\\\/\\\/secure.gravatar.com\\\/avatar\\\/392b4cc8fbfeb00b39dfeeab4ee6edded39ffd48e25858637e4765810300227e?s=96&d=mm&r=g\",\"contentUrl\":\"https:\\\/\\\/secure.gravatar.com\\\/avatar\\\/392b4cc8fbfeb00b39dfeeab4ee6edded39ffd48e25858637e4765810300227e?s=96&d=mm&r=g\",\"caption\":\"Developer\"},\"url\":\"https:\\\/\\\/qtmm.org\\\/qt\\\/author\\\/Developer\\\/\"}]}<\/script>\n<!-- \/ Yoast SEO plugin. -->","yoast_head_json":{"title":"Meclis reisinini muavini Remzi \u0130lyasov Ukraina T\u0131\u015fq\u0131 \u0130\u015fler nazirliginden izaat bermesini rica etti - \u041c\u0435\u0434\u0436\u043b\u0456\u0441","robots":{"index":"index","follow":"follow","max-snippet":"max-snippet:-1","max-image-preview":"max-image-preview:large","max-video-preview":"max-video-preview:-1"},"canonical":"https:\/\/qtmm.org\/qt\/meclis-reisinini-muavini-remzi-ilyasov-ukraina-tisqi-isler-nazirliginden-izaat-bermesini-rica-etti\/","og_locale":"en_US","og_type":"article","og_title":"Meclis reisinini muavini Remzi \u0130lyasov Ukraina T\u0131\u015fq\u0131 \u0130\u015fler nazirliginden izaat bermesini rica etti - \u041c\u0435\u0434\u0436\u043b\u0456\u0441","og_description":"Ukrain el\u00e7ileri Q\u0131r\u0131mdaki q\u0131r\u0131mtatarlarn\u0131\u00f1 yerle\u015fmesine yard\u0131m sorap q\u0131r\u0131mtatar diasporas\u0131na muracaat etkenleri munasebetinen Q\u0131r\u0131m parlamentini\u00f1 deputat\u0131, Meclis reisini\u00f1 muavini Remzi \u0130lyasov Ukraina T\u0131\u015fq\u0131 i\u015fler naziri Leonid Kojara\u011fa deputat sorav\u0131n\u0131 yollad\u0131. Onda deputat Kononenko S.A. cenapn\u0131\u00f1 areketleri \u015fahsen kendisini\u00f1 te\u015febb\u00fcsi ol\u011fan\u0131 ya da o, Ukraina T\u0131\u015fq\u0131 i\u015fler nazirligini\u00f1 avalesini becergenini a\u00f1latmas\u0131n\u0131 rica ete. Bundan da \u011fayr\u0131 R. [&hellip;]","og_url":"https:\/\/qtmm.org\/qt\/meclis-reisinini-muavini-remzi-ilyasov-ukraina-tisqi-isler-nazirliginden-izaat-bermesini-rica-etti\/","og_site_name":"\u041c\u0435\u0434\u0436\u043b\u0456\u0441","article_publisher":"https:\/\/www.facebook.com\/qtmm.info\/","article_published_time":"2013-07-24T12:43:00+00:00","article_modified_time":"2022-01-25T12:44:22+00:00","author":"Developer","twitter_card":"summary_large_image","twitter_misc":{"Written by":"Developer","Est. reading time":"2 minutes"},"schema":{"@context":"https:\/\/schema.org","@graph":[{"@type":"Article","@id":"https:\/\/qtmm.org\/qt\/meclis-reisinini-muavini-remzi-ilyasov-ukraina-tisqi-isler-nazirliginden-izaat-bermesini-rica-etti\/#article","isPartOf":{"@id":"https:\/\/qtmm.org\/qt\/meclis-reisinini-muavini-remzi-ilyasov-ukraina-tisqi-isler-nazirliginden-izaat-bermesini-rica-etti\/"},"author":{"name":"Developer","@id":"https:\/\/qtmm.org\/qt\/#\/schema\/person\/de562469f971dec226ac06e60bbf74a7"},"headline":"Meclis reisinini muavini Remzi \u0130lyasov Ukraina T\u0131\u015fq\u0131 \u0130\u015fler nazirliginden izaat bermesini rica etti","datePublished":"2013-07-24T12:43:00+00:00","dateModified":"2022-01-25T12:44:22+00:00","mainEntityOfPage":{"@id":"https:\/\/qtmm.org\/qt\/meclis-reisinini-muavini-remzi-ilyasov-ukraina-tisqi-isler-nazirliginden-izaat-bermesini-rica-etti\/"},"wordCount":352,"commentCount":0,"publisher":{"@id":"https:\/\/qtmm.org\/qt\/#organization"},"articleSection":["Haberler"],"inLanguage":"qt","potentialAction":[{"@type":"CommentAction","name":"Comment","target":["https:\/\/qtmm.org\/qt\/meclis-reisinini-muavini-remzi-ilyasov-ukraina-tisqi-isler-nazirliginden-izaat-bermesini-rica-etti\/#respond"]}]},{"@type":"WebPage","@id":"https:\/\/qtmm.org\/qt\/meclis-reisinini-muavini-remzi-ilyasov-ukraina-tisqi-isler-nazirliginden-izaat-bermesini-rica-etti\/","url":"https:\/\/qtmm.org\/qt\/meclis-reisinini-muavini-remzi-ilyasov-ukraina-tisqi-isler-nazirliginden-izaat-bermesini-rica-etti\/","name":"Meclis reisinini muavini Remzi \u0130lyasov Ukraina T\u0131\u015fq\u0131 \u0130\u015fler nazirliginden izaat bermesini rica etti - \u041c\u0435\u0434\u0436\u043b\u0456\u0441","isPartOf":{"@id":"https:\/\/qtmm.org\/qt\/#website"},"datePublished":"2013-07-24T12:43:00+00:00","dateModified":"2022-01-25T12:44:22+00:00","breadcrumb":{"@id":"https:\/\/qtmm.org\/qt\/meclis-reisinini-muavini-remzi-ilyasov-ukraina-tisqi-isler-nazirliginden-izaat-bermesini-rica-etti\/#breadcrumb"},"inLanguage":"qt","potentialAction":[{"@type":"ReadAction","target":["https:\/\/qtmm.org\/qt\/meclis-reisinini-muavini-remzi-ilyasov-ukraina-tisqi-isler-nazirliginden-izaat-bermesini-rica-etti\/"]}]},{"@type":"BreadcrumbList","@id":"https:\/\/qtmm.org\/qt\/meclis-reisinini-muavini-remzi-ilyasov-ukraina-tisqi-isler-nazirliginden-izaat-bermesini-rica-etti\/#breadcrumb","itemListElement":[{"@type":"ListItem","position":1,"name":"\u0413\u043e\u043b\u043e\u0432\u043d\u0430","item":"https:\/\/qtmm.org\/qt\/"},{"@type":"ListItem","position":2,"name":"Meclis reisinini muavini Remzi \u0130lyasov Ukraina T\u0131\u015fq\u0131 \u0130\u015fler nazirliginden izaat bermesini rica etti"}]},{"@type":"WebSite","@id":"https:\/\/qtmm.org\/qt\/#website","url":"https:\/\/qtmm.org\/qt\/","name":"\u041c\u0435\u0434\u0436\u043b\u0456\u0441","description":"","publisher":{"@id":"https:\/\/qtmm.org\/qt\/#organization"},"potentialAction":[{"@type":"SearchAction","target":{"@type":"EntryPoint","urlTemplate":"https:\/\/qtmm.org\/qt\/?s={search_term_string}"},"query-input":{"@type":"PropertyValueSpecification","valueRequired":true,"valueName":"search_term_string"}}],"inLanguage":"qt"},{"@type":"Organization","@id":"https:\/\/qtmm.org\/qt\/#organization","name":"\u041c\u0435\u0434\u0436\u043b\u0456\u0441","url":"https:\/\/qtmm.org\/qt\/","logo":{"@type":"ImageObject","inLanguage":"qt","@id":"https:\/\/qtmm.org\/qt\/#\/schema\/logo\/image\/","url":"https:\/\/qtmm.org\/wp-content\/uploads\/2024\/12\/ua-mejlis-logo-rgb.svg","contentUrl":"https:\/\/qtmm.org\/wp-content\/uploads\/2024\/12\/ua-mejlis-logo-rgb.svg","caption":"\u041c\u0435\u0434\u0436\u043b\u0456\u0441"},"image":{"@id":"https:\/\/qtmm.org\/qt\/#\/schema\/logo\/image\/"},"sameAs":["https:\/\/www.facebook.com\/qtmm.info\/"]},{"@type":"Person","@id":"https:\/\/qtmm.org\/qt\/#\/schema\/person\/de562469f971dec226ac06e60bbf74a7","name":"Developer","image":{"@type":"ImageObject","inLanguage":"qt","@id":"https:\/\/secure.gravatar.com\/avatar\/392b4cc8fbfeb00b39dfeeab4ee6edded39ffd48e25858637e4765810300227e?s=96&d=mm&r=g","url":"https:\/\/secure.gravatar.com\/avatar\/392b4cc8fbfeb00b39dfeeab4ee6edded39ffd48e25858637e4765810300227e?s=96&d=mm&r=g","contentUrl":"https:\/\/secure.gravatar.com\/avatar\/392b4cc8fbfeb00b39dfeeab4ee6edded39ffd48e25858637e4765810300227e?s=96&d=mm&r=g","caption":"Developer"},"url":"https:\/\/qtmm.org\/qt\/author\/Developer\/"}]}},"_links":{"self":[{"href":"https:\/\/qtmm.org\/qt\/wp-json\/wp\/v2\/posts\/38659","targetHints":{"allow":["GET"]}}],"collection":[{"href":"https:\/\/qtmm.org\/qt\/wp-json\/wp\/v2\/posts"}],"about":[{"href":"https:\/\/qtmm.org\/qt\/wp-json\/wp\/v2\/types\/post"}],"author":[{"embeddable":true,"href":"https:\/\/qtmm.org\/qt\/wp-json\/wp\/v2\/users\/1"}],"replies":[{"embeddable":true,"href":"https:\/\/qtmm.org\/qt\/wp-json\/wp\/v2\/comments?post=38659"}],"version-history":[{"count":1,"href":"https:\/\/qtmm.org\/qt\/wp-json\/wp\/v2\/posts\/38659\/revisions"}],"predecessor-version":[{"id":38660,"href":"https:\/\/qtmm.org\/qt\/wp-json\/wp\/v2\/posts\/38659\/revisions\/38660"}],"wp:attachment":[{"href":"https:\/\/qtmm.org\/qt\/wp-json\/wp\/v2\/media?parent=38659"}],"wp:term":[{"taxonomy":"category","embeddable":true,"href":"https:\/\/qtmm.org\/qt\/wp-json\/wp\/v2\/categories?post=38659"},{"taxonomy":"post_tag","embeddable":true,"href":"https:\/\/qtmm.org\/qt\/wp-json\/wp\/v2\/tags?post=38659"}],"curies":[{"name":"wp","href":"https:\/\/api.w.org\/{rel}","templated":true}]}}