




{"id":38657,"date":"2013-07-24T15:43:00","date_gmt":"2013-07-24T12:43:00","guid":{"rendered":"http:\/\/qtmm.org\/?p=38657"},"modified":"2022-01-25T15:43:38","modified_gmt":"2022-01-25T12:43:38","slug":"remzi-ilyasov-evlerni-resmiylestiruv-sadelestirilmeli","status":"publish","type":"post","link":"https:\/\/qtmm.org\/qt\/remzi-ilyasov-evlerni-resmiylestiruv-sadelestirilmeli\/","title":{"rendered":"Remzi \u0130lyasov: \u00abEvlerni resmiyle\u015ftir\u00fcv sadele\u015ftirilmeli\u00bb"},"content":{"rendered":"\n<p>Q\u0131r\u0131m parlamentini\u00f1 deputat\u0131, Meclis reisini\u00f1 muavini Remzi \u0130lyasov Q\u0131r\u0131m Nazirler \u015furas\u0131 yan\u0131ndaki Topraq meselelerini \u00e7ez\u00fcv boyunca komissiya reisi Georgiy Psar\u00f6v\u011fa s\u00fcrg\u00fcnlikten qaytqan q\u0131r\u0131mtatarlarn\u0131 topraqnen teminlev ve endi al\u0131n\u011fan topraqn\u0131 resmiyle\u015ftir\u00fcv i\u015fini qolayla\u015ft\u0131rmaqn\u0131 rica etti.<\/p>\n\n\n\n<p>C\u00fcmleden o, Nazirler \u015furas\u0131 yan\u0131nda idarelerara i\u015f\u00e7i gruppan\u0131 \u011fayr\u0131dan qur\u0131p, on\u0131 \u015feer \u015furalar\u0131 ve rayon devlet memuriyetlerine pekitmek imk\u00e2nlar\u0131n\u0131 baq\u0131p \u00e7\u0131qmaqn\u0131 tevsiye etti. Remzi \u0130lyasovn\u0131\u00f1 fikrince bug\u00fcnde-bug\u00fcn adaletli \u015fekilde topraqnen teminlev e\u00f1 keskin sotsial problemlerden biridir.<\/p>\n\n\n\n<p>&#8220;2010-2013 senelerde \u015fahsiy mesken evler quruc\u0131l\u0131\u011f\u0131 i\u00e7\u00fcn topraq ay\u0131ruv tertibine, bun\u0131\u00f1 kibi de diger vesiqalar\u011fa kirsetilgen de\u00f1i\u015fmeler quruc\u0131l\u0131qn\u0131 bir kereden ba\u015flamaq imk\u00e2n\u0131n\u0131 bermey edi. \u00d6z nevbetinde bu q\u0131r\u0131mtatarlarn\u0131\u00f1 yerle\u015fmesinde ciddiy bir mania old\u0131&#8221;, &#8211; denile muracaatta. \u015eimdi ise qurul\u011fan binalarn\u0131 qanunla\u015ft\u0131ruv, topraq u\u00e7astkalar\u0131n\u0131 resmiyle\u015ftir\u00fcv, gaz, elektrik, suv ke\u00e7ir\u00fcvni ve atta endi qur\u0131p bitirilgen evlerde saiplerini resmiyle\u015ftir\u00fcv zaruriyeti peyda olmaqta.<\/p>\n\n\n\n<p>B\u00fct\u00fcn bu protsedura\u011fa eki y\u0131l vaq\u0131t ve alt\u0131 bi\u00f1 grivn\u00e2 sarf etile.<\/p>\n\n\n\n<p>\u0130\u015fte, evni qullanma\u011fa a\u015fa\u011f\u0131daki sebeplerge k\u00f6re teslim etmek imk\u00e2ns\u0131z:<\/p>\n\n\n\n<p>\u2013 qurul\u011fan evge saiplik aqq\u0131 yoqlu\u011f\u0131 (evel bu mesele qom\u015fularn\u0131\u00f1 \u015faatl\u0131qlar\u0131 ile ya da s\u00fcrg\u00fcn etilgenlerni yerle\u015ftir\u00fcv meselelerinen o\u011fra\u015fqan organlarn\u0131\u00f1 tasdiqlamas\u0131nen mahkemede \u00e7ezile edi);<\/p>\n\n\n\n<p>\u2013 ev qurayatqan insann\u0131\u00f1 maddiy imk\u00e2nlar\u0131 s\u0131\u00f1\u0131rl\u0131 ol\u011fan\u0131ndan aile \u015fu so\u00f1unace qurulma\u011fan evde ya\u015fa\u011fan\u0131na baqmadan;<\/p>\n\n\n\n<p>\u2013 topraq damart\u0131lar\u0131n\u0131\u00f1 bir q\u0131sm\u0131 eali noqtas\u0131n\u0131\u00f1 s\u0131\u00f1\u0131r\u0131ndan t\u0131\u015fta ya da qom\u015fu qasabada buluna(mesel\u00e2, Ho\u015fkeld\u0131 qasabas\u0131ndaki bir s\u0131ra damart\u0131lar Trudovoye k\u00f6y \u015furas\u0131n\u0131\u00f1 yerlerinde, topraqqa qarar ise Aqmescit \u015euras\u0131ndan al\u0131n\u011fan;<\/p>\n\n\n\n<p>\u2013 topraq u\u00e7astkas\u0131na devlet akt\u0131 ya da \u015fu damart\u0131n\u0131\u00f1 saibi ol\u011fan\u0131n\u0131 tasdiqla\u011fan ya da quruc\u0131l\u0131qn\u0131 ba\u015flama\u011fa izin bergen vesiqan\u0131\u00f1 yoqlu\u011f\u0131;<\/p>\n\n\n\n<p>S\u00fcrg\u00fcnlikten qayt\u0131p, yerle\u015fmege istegen insan nas\u0131l bir \u00f6g\u00fc qapal\u0131 yol i\u00e7inde qal\u011fan\u0131n\u0131 k\u00f6stergen bir misal ketireyim. Topraq damart\u0131s\u0131n\u0131 resmiyle\u015ftir\u00fcv vaqt\u0131nda Devlet Topraq komiteti b\u00f6l\u00fckleri \u015fu topraqtaki in\u015faatqa saiplik vesiqalar\u0131 olma\u011fance tehnikiy vesiqalarn\u0131 maqullemeyler. Diger taraftan ise topraq saibi ol\u011fan\u0131n\u0131 k\u00f6stergen akt olma\u011fance \u015fu damart\u0131daki in\u015faatn\u0131 qullanma\u011fa teslim etmekni\u00f1 \u00e7aresi yoqt\u0131r.<\/p>\n\n\n\n<p>B\u00f6yle vaziyet insanlarn\u0131 \u00e7e\u015fit m\u00fcessiselerni\u00f1 qap\u0131lar\u0131n\u0131 qaqma\u011fa mecbur ete. Qullanuv\u011fa berilmegen evler, resmiyle\u015ftirilmegen damart\u0131lar \u015fu\u00f1a ketire ki, insanlar \u00f6z m\u00fclk\u00fcnden qanuniy \u015fekilde faydalan\u0131p olamay. Mesel\u00e2, Q\u0131r\u0131mgaz h\u0131zmeti b\u00f6yle in\u015faatqa gaz ke\u00e7irmey, bu evlerge suv ke\u00e7irmek de m\u00fcmk\u00fcn degil. Qanunla\u015ft\u0131r\u0131lma\u011fan evni asabal\u0131q olaraq qald\u0131rmaqn\u0131\u00f1 da \u00e7aresi yoqt\u0131r.<\/p>\n","protected":false},"excerpt":{"rendered":"<p>Q\u0131r\u0131m parlamentini\u00f1 deputat\u0131, Meclis reisini\u00f1 muavini Remzi \u0130lyasov Q\u0131r\u0131m Nazirler \u015furas\u0131 yan\u0131ndaki Topraq meselelerini \u00e7ez\u00fcv boyunca komissiya reisi Georgiy Psar\u00f6v\u011fa s\u00fcrg\u00fcnlikten qaytqan q\u0131r\u0131mtatarlarn\u0131 topraqnen teminlev ve endi al\u0131n\u011fan topraqn\u0131 resmiyle\u015ftir\u00fcv i\u015fini qolayla\u015ft\u0131rmaqn\u0131 rica etti. C\u00fcmleden o, Nazirler \u015furas\u0131 yan\u0131nda idarelerara i\u015f\u00e7i gruppan\u0131 \u011fayr\u0131dan qur\u0131p, on\u0131 \u015feer \u015furalar\u0131 ve rayon devlet memuriyetlerine pekitmek imk\u00e2nlar\u0131n\u0131 baq\u0131p \u00e7\u0131qmaqn\u0131 [&hellip;]<\/p>\n","protected":false},"author":1,"featured_media":0,"comment_status":"open","ping_status":"open","sticky":false,"template":"","format":"standard","meta":{"inline_featured_image":false,"footnotes":""},"categories":[265],"tags":[],"class_list":["post-38657","post","type-post","status-publish","format-standard","hentry","category-haberler"],"acf":[],"yoast_head":"<!-- This site is optimized with the Yoast SEO plugin v27.4 - https:\/\/yoast.com\/product\/yoast-seo-wordpress\/ -->\n<title>Remzi \u0130lyasov: \u00abEvlerni resmiyle\u015ftir\u00fcv sadele\u015ftirilmeli\u00bb - \u041c\u0435\u0434\u0436\u043b\u0456\u0441<\/title>\n<meta name=\"robots\" content=\"index, follow, max-snippet:-1, max-image-preview:large, max-video-preview:-1\" \/>\n<link rel=\"canonical\" href=\"https:\/\/qtmm.org\/qt\/remzi-ilyasov-evlerni-resmiylestiruv-sadelestirilmeli\/\" \/>\n<meta property=\"og:locale\" content=\"en_US\" \/>\n<meta property=\"og:type\" content=\"article\" \/>\n<meta property=\"og:title\" content=\"Remzi \u0130lyasov: \u00abEvlerni resmiyle\u015ftir\u00fcv sadele\u015ftirilmeli\u00bb - \u041c\u0435\u0434\u0436\u043b\u0456\u0441\" \/>\n<meta property=\"og:description\" content=\"Q\u0131r\u0131m parlamentini\u00f1 deputat\u0131, Meclis reisini\u00f1 muavini Remzi \u0130lyasov Q\u0131r\u0131m Nazirler \u015furas\u0131 yan\u0131ndaki Topraq meselelerini \u00e7ez\u00fcv boyunca komissiya reisi Georgiy Psar\u00f6v\u011fa s\u00fcrg\u00fcnlikten qaytqan q\u0131r\u0131mtatarlarn\u0131 topraqnen teminlev ve endi al\u0131n\u011fan topraqn\u0131 resmiyle\u015ftir\u00fcv i\u015fini qolayla\u015ft\u0131rmaqn\u0131 rica etti. C\u00fcmleden o, Nazirler \u015furas\u0131 yan\u0131nda idarelerara i\u015f\u00e7i gruppan\u0131 \u011fayr\u0131dan qur\u0131p, on\u0131 \u015feer \u015furalar\u0131 ve rayon devlet memuriyetlerine pekitmek imk\u00e2nlar\u0131n\u0131 baq\u0131p \u00e7\u0131qmaqn\u0131 [&hellip;]\" \/>\n<meta property=\"og:url\" content=\"https:\/\/qtmm.org\/qt\/remzi-ilyasov-evlerni-resmiylestiruv-sadelestirilmeli\/\" \/>\n<meta property=\"og:site_name\" content=\"\u041c\u0435\u0434\u0436\u043b\u0456\u0441\" \/>\n<meta property=\"article:publisher\" content=\"https:\/\/www.facebook.com\/qtmm.info\/\" \/>\n<meta property=\"article:published_time\" content=\"2013-07-24T12:43:00+00:00\" \/>\n<meta property=\"article:modified_time\" content=\"2022-01-25T12:43:38+00:00\" \/>\n<meta name=\"author\" content=\"Developer\" \/>\n<meta name=\"twitter:card\" content=\"summary_large_image\" \/>\n<meta name=\"twitter:label1\" content=\"Written by\" \/>\n\t<meta name=\"twitter:data1\" content=\"Developer\" \/>\n\t<meta name=\"twitter:label2\" content=\"Est. reading time\" \/>\n\t<meta name=\"twitter:data2\" content=\"2 minutes\" \/>\n<script type=\"application\/ld+json\" class=\"yoast-schema-graph\">{\"@context\":\"https:\\\/\\\/schema.org\",\"@graph\":[{\"@type\":\"Article\",\"@id\":\"https:\\\/\\\/qtmm.org\\\/qt\\\/remzi-ilyasov-evlerni-resmiylestiruv-sadelestirilmeli\\\/#article\",\"isPartOf\":{\"@id\":\"https:\\\/\\\/qtmm.org\\\/qt\\\/remzi-ilyasov-evlerni-resmiylestiruv-sadelestirilmeli\\\/\"},\"author\":{\"name\":\"Developer\",\"@id\":\"https:\\\/\\\/qtmm.org\\\/qt\\\/#\\\/schema\\\/person\\\/de562469f971dec226ac06e60bbf74a7\"},\"headline\":\"Remzi \u0130lyasov: \u00abEvlerni resmiyle\u015ftir\u00fcv sadele\u015ftirilmeli\u00bb\",\"datePublished\":\"2013-07-24T12:43:00+00:00\",\"dateModified\":\"2022-01-25T12:43:38+00:00\",\"mainEntityOfPage\":{\"@id\":\"https:\\\/\\\/qtmm.org\\\/qt\\\/remzi-ilyasov-evlerni-resmiylestiruv-sadelestirilmeli\\\/\"},\"wordCount\":506,\"commentCount\":0,\"publisher\":{\"@id\":\"https:\\\/\\\/qtmm.org\\\/qt\\\/#organization\"},\"articleSection\":[\"Haberler\"],\"inLanguage\":\"qt\",\"potentialAction\":[{\"@type\":\"CommentAction\",\"name\":\"Comment\",\"target\":[\"https:\\\/\\\/qtmm.org\\\/qt\\\/remzi-ilyasov-evlerni-resmiylestiruv-sadelestirilmeli\\\/#respond\"]}]},{\"@type\":\"WebPage\",\"@id\":\"https:\\\/\\\/qtmm.org\\\/qt\\\/remzi-ilyasov-evlerni-resmiylestiruv-sadelestirilmeli\\\/\",\"url\":\"https:\\\/\\\/qtmm.org\\\/qt\\\/remzi-ilyasov-evlerni-resmiylestiruv-sadelestirilmeli\\\/\",\"name\":\"Remzi \u0130lyasov: \u00abEvlerni resmiyle\u015ftir\u00fcv sadele\u015ftirilmeli\u00bb - \u041c\u0435\u0434\u0436\u043b\u0456\u0441\",\"isPartOf\":{\"@id\":\"https:\\\/\\\/qtmm.org\\\/qt\\\/#website\"},\"datePublished\":\"2013-07-24T12:43:00+00:00\",\"dateModified\":\"2022-01-25T12:43:38+00:00\",\"breadcrumb\":{\"@id\":\"https:\\\/\\\/qtmm.org\\\/qt\\\/remzi-ilyasov-evlerni-resmiylestiruv-sadelestirilmeli\\\/#breadcrumb\"},\"inLanguage\":\"qt\",\"potentialAction\":[{\"@type\":\"ReadAction\",\"target\":[\"https:\\\/\\\/qtmm.org\\\/qt\\\/remzi-ilyasov-evlerni-resmiylestiruv-sadelestirilmeli\\\/\"]}]},{\"@type\":\"BreadcrumbList\",\"@id\":\"https:\\\/\\\/qtmm.org\\\/qt\\\/remzi-ilyasov-evlerni-resmiylestiruv-sadelestirilmeli\\\/#breadcrumb\",\"itemListElement\":[{\"@type\":\"ListItem\",\"position\":1,\"name\":\"\u0413\u043e\u043b\u043e\u0432\u043d\u0430\",\"item\":\"https:\\\/\\\/qtmm.org\\\/qt\\\/\"},{\"@type\":\"ListItem\",\"position\":2,\"name\":\"Remzi \u0130lyasov: \u00abEvlerni resmiyle\u015ftir\u00fcv sadele\u015ftirilmeli\u00bb\"}]},{\"@type\":\"WebSite\",\"@id\":\"https:\\\/\\\/qtmm.org\\\/qt\\\/#website\",\"url\":\"https:\\\/\\\/qtmm.org\\\/qt\\\/\",\"name\":\"\u041c\u0435\u0434\u0436\u043b\u0456\u0441\",\"description\":\"\",\"publisher\":{\"@id\":\"https:\\\/\\\/qtmm.org\\\/qt\\\/#organization\"},\"potentialAction\":[{\"@type\":\"SearchAction\",\"target\":{\"@type\":\"EntryPoint\",\"urlTemplate\":\"https:\\\/\\\/qtmm.org\\\/qt\\\/?s={search_term_string}\"},\"query-input\":{\"@type\":\"PropertyValueSpecification\",\"valueRequired\":true,\"valueName\":\"search_term_string\"}}],\"inLanguage\":\"qt\"},{\"@type\":\"Organization\",\"@id\":\"https:\\\/\\\/qtmm.org\\\/qt\\\/#organization\",\"name\":\"\u041c\u0435\u0434\u0436\u043b\u0456\u0441\",\"url\":\"https:\\\/\\\/qtmm.org\\\/qt\\\/\",\"logo\":{\"@type\":\"ImageObject\",\"inLanguage\":\"qt\",\"@id\":\"https:\\\/\\\/qtmm.org\\\/qt\\\/#\\\/schema\\\/logo\\\/image\\\/\",\"url\":\"https:\\\/\\\/qtmm.org\\\/wp-content\\\/uploads\\\/2024\\\/12\\\/ua-mejlis-logo-rgb.svg\",\"contentUrl\":\"https:\\\/\\\/qtmm.org\\\/wp-content\\\/uploads\\\/2024\\\/12\\\/ua-mejlis-logo-rgb.svg\",\"caption\":\"\u041c\u0435\u0434\u0436\u043b\u0456\u0441\"},\"image\":{\"@id\":\"https:\\\/\\\/qtmm.org\\\/qt\\\/#\\\/schema\\\/logo\\\/image\\\/\"},\"sameAs\":[\"https:\\\/\\\/www.facebook.com\\\/qtmm.info\\\/\"]},{\"@type\":\"Person\",\"@id\":\"https:\\\/\\\/qtmm.org\\\/qt\\\/#\\\/schema\\\/person\\\/de562469f971dec226ac06e60bbf74a7\",\"name\":\"Developer\",\"image\":{\"@type\":\"ImageObject\",\"inLanguage\":\"qt\",\"@id\":\"https:\\\/\\\/secure.gravatar.com\\\/avatar\\\/392b4cc8fbfeb00b39dfeeab4ee6edded39ffd48e25858637e4765810300227e?s=96&d=mm&r=g\",\"url\":\"https:\\\/\\\/secure.gravatar.com\\\/avatar\\\/392b4cc8fbfeb00b39dfeeab4ee6edded39ffd48e25858637e4765810300227e?s=96&d=mm&r=g\",\"contentUrl\":\"https:\\\/\\\/secure.gravatar.com\\\/avatar\\\/392b4cc8fbfeb00b39dfeeab4ee6edded39ffd48e25858637e4765810300227e?s=96&d=mm&r=g\",\"caption\":\"Developer\"},\"url\":\"https:\\\/\\\/qtmm.org\\\/qt\\\/author\\\/Developer\\\/\"}]}<\/script>\n<!-- \/ Yoast SEO plugin. -->","yoast_head_json":{"title":"Remzi \u0130lyasov: \u00abEvlerni resmiyle\u015ftir\u00fcv sadele\u015ftirilmeli\u00bb - \u041c\u0435\u0434\u0436\u043b\u0456\u0441","robots":{"index":"index","follow":"follow","max-snippet":"max-snippet:-1","max-image-preview":"max-image-preview:large","max-video-preview":"max-video-preview:-1"},"canonical":"https:\/\/qtmm.org\/qt\/remzi-ilyasov-evlerni-resmiylestiruv-sadelestirilmeli\/","og_locale":"en_US","og_type":"article","og_title":"Remzi \u0130lyasov: \u00abEvlerni resmiyle\u015ftir\u00fcv sadele\u015ftirilmeli\u00bb - \u041c\u0435\u0434\u0436\u043b\u0456\u0441","og_description":"Q\u0131r\u0131m parlamentini\u00f1 deputat\u0131, Meclis reisini\u00f1 muavini Remzi \u0130lyasov Q\u0131r\u0131m Nazirler \u015furas\u0131 yan\u0131ndaki Topraq meselelerini \u00e7ez\u00fcv boyunca komissiya reisi Georgiy Psar\u00f6v\u011fa s\u00fcrg\u00fcnlikten qaytqan q\u0131r\u0131mtatarlarn\u0131 topraqnen teminlev ve endi al\u0131n\u011fan topraqn\u0131 resmiyle\u015ftir\u00fcv i\u015fini qolayla\u015ft\u0131rmaqn\u0131 rica etti. C\u00fcmleden o, Nazirler \u015furas\u0131 yan\u0131nda idarelerara i\u015f\u00e7i gruppan\u0131 \u011fayr\u0131dan qur\u0131p, on\u0131 \u015feer \u015furalar\u0131 ve rayon devlet memuriyetlerine pekitmek imk\u00e2nlar\u0131n\u0131 baq\u0131p \u00e7\u0131qmaqn\u0131 [&hellip;]","og_url":"https:\/\/qtmm.org\/qt\/remzi-ilyasov-evlerni-resmiylestiruv-sadelestirilmeli\/","og_site_name":"\u041c\u0435\u0434\u0436\u043b\u0456\u0441","article_publisher":"https:\/\/www.facebook.com\/qtmm.info\/","article_published_time":"2013-07-24T12:43:00+00:00","article_modified_time":"2022-01-25T12:43:38+00:00","author":"Developer","twitter_card":"summary_large_image","twitter_misc":{"Written by":"Developer","Est. reading time":"2 minutes"},"schema":{"@context":"https:\/\/schema.org","@graph":[{"@type":"Article","@id":"https:\/\/qtmm.org\/qt\/remzi-ilyasov-evlerni-resmiylestiruv-sadelestirilmeli\/#article","isPartOf":{"@id":"https:\/\/qtmm.org\/qt\/remzi-ilyasov-evlerni-resmiylestiruv-sadelestirilmeli\/"},"author":{"name":"Developer","@id":"https:\/\/qtmm.org\/qt\/#\/schema\/person\/de562469f971dec226ac06e60bbf74a7"},"headline":"Remzi \u0130lyasov: \u00abEvlerni resmiyle\u015ftir\u00fcv sadele\u015ftirilmeli\u00bb","datePublished":"2013-07-24T12:43:00+00:00","dateModified":"2022-01-25T12:43:38+00:00","mainEntityOfPage":{"@id":"https:\/\/qtmm.org\/qt\/remzi-ilyasov-evlerni-resmiylestiruv-sadelestirilmeli\/"},"wordCount":506,"commentCount":0,"publisher":{"@id":"https:\/\/qtmm.org\/qt\/#organization"},"articleSection":["Haberler"],"inLanguage":"qt","potentialAction":[{"@type":"CommentAction","name":"Comment","target":["https:\/\/qtmm.org\/qt\/remzi-ilyasov-evlerni-resmiylestiruv-sadelestirilmeli\/#respond"]}]},{"@type":"WebPage","@id":"https:\/\/qtmm.org\/qt\/remzi-ilyasov-evlerni-resmiylestiruv-sadelestirilmeli\/","url":"https:\/\/qtmm.org\/qt\/remzi-ilyasov-evlerni-resmiylestiruv-sadelestirilmeli\/","name":"Remzi \u0130lyasov: \u00abEvlerni resmiyle\u015ftir\u00fcv sadele\u015ftirilmeli\u00bb - \u041c\u0435\u0434\u0436\u043b\u0456\u0441","isPartOf":{"@id":"https:\/\/qtmm.org\/qt\/#website"},"datePublished":"2013-07-24T12:43:00+00:00","dateModified":"2022-01-25T12:43:38+00:00","breadcrumb":{"@id":"https:\/\/qtmm.org\/qt\/remzi-ilyasov-evlerni-resmiylestiruv-sadelestirilmeli\/#breadcrumb"},"inLanguage":"qt","potentialAction":[{"@type":"ReadAction","target":["https:\/\/qtmm.org\/qt\/remzi-ilyasov-evlerni-resmiylestiruv-sadelestirilmeli\/"]}]},{"@type":"BreadcrumbList","@id":"https:\/\/qtmm.org\/qt\/remzi-ilyasov-evlerni-resmiylestiruv-sadelestirilmeli\/#breadcrumb","itemListElement":[{"@type":"ListItem","position":1,"name":"\u0413\u043e\u043b\u043e\u0432\u043d\u0430","item":"https:\/\/qtmm.org\/qt\/"},{"@type":"ListItem","position":2,"name":"Remzi \u0130lyasov: \u00abEvlerni resmiyle\u015ftir\u00fcv sadele\u015ftirilmeli\u00bb"}]},{"@type":"WebSite","@id":"https:\/\/qtmm.org\/qt\/#website","url":"https:\/\/qtmm.org\/qt\/","name":"\u041c\u0435\u0434\u0436\u043b\u0456\u0441","description":"","publisher":{"@id":"https:\/\/qtmm.org\/qt\/#organization"},"potentialAction":[{"@type":"SearchAction","target":{"@type":"EntryPoint","urlTemplate":"https:\/\/qtmm.org\/qt\/?s={search_term_string}"},"query-input":{"@type":"PropertyValueSpecification","valueRequired":true,"valueName":"search_term_string"}}],"inLanguage":"qt"},{"@type":"Organization","@id":"https:\/\/qtmm.org\/qt\/#organization","name":"\u041c\u0435\u0434\u0436\u043b\u0456\u0441","url":"https:\/\/qtmm.org\/qt\/","logo":{"@type":"ImageObject","inLanguage":"qt","@id":"https:\/\/qtmm.org\/qt\/#\/schema\/logo\/image\/","url":"https:\/\/qtmm.org\/wp-content\/uploads\/2024\/12\/ua-mejlis-logo-rgb.svg","contentUrl":"https:\/\/qtmm.org\/wp-content\/uploads\/2024\/12\/ua-mejlis-logo-rgb.svg","caption":"\u041c\u0435\u0434\u0436\u043b\u0456\u0441"},"image":{"@id":"https:\/\/qtmm.org\/qt\/#\/schema\/logo\/image\/"},"sameAs":["https:\/\/www.facebook.com\/qtmm.info\/"]},{"@type":"Person","@id":"https:\/\/qtmm.org\/qt\/#\/schema\/person\/de562469f971dec226ac06e60bbf74a7","name":"Developer","image":{"@type":"ImageObject","inLanguage":"qt","@id":"https:\/\/secure.gravatar.com\/avatar\/392b4cc8fbfeb00b39dfeeab4ee6edded39ffd48e25858637e4765810300227e?s=96&d=mm&r=g","url":"https:\/\/secure.gravatar.com\/avatar\/392b4cc8fbfeb00b39dfeeab4ee6edded39ffd48e25858637e4765810300227e?s=96&d=mm&r=g","contentUrl":"https:\/\/secure.gravatar.com\/avatar\/392b4cc8fbfeb00b39dfeeab4ee6edded39ffd48e25858637e4765810300227e?s=96&d=mm&r=g","caption":"Developer"},"url":"https:\/\/qtmm.org\/qt\/author\/Developer\/"}]}},"_links":{"self":[{"href":"https:\/\/qtmm.org\/qt\/wp-json\/wp\/v2\/posts\/38657","targetHints":{"allow":["GET"]}}],"collection":[{"href":"https:\/\/qtmm.org\/qt\/wp-json\/wp\/v2\/posts"}],"about":[{"href":"https:\/\/qtmm.org\/qt\/wp-json\/wp\/v2\/types\/post"}],"author":[{"embeddable":true,"href":"https:\/\/qtmm.org\/qt\/wp-json\/wp\/v2\/users\/1"}],"replies":[{"embeddable":true,"href":"https:\/\/qtmm.org\/qt\/wp-json\/wp\/v2\/comments?post=38657"}],"version-history":[{"count":1,"href":"https:\/\/qtmm.org\/qt\/wp-json\/wp\/v2\/posts\/38657\/revisions"}],"predecessor-version":[{"id":38658,"href":"https:\/\/qtmm.org\/qt\/wp-json\/wp\/v2\/posts\/38657\/revisions\/38658"}],"wp:attachment":[{"href":"https:\/\/qtmm.org\/qt\/wp-json\/wp\/v2\/media?parent=38657"}],"wp:term":[{"taxonomy":"category","embeddable":true,"href":"https:\/\/qtmm.org\/qt\/wp-json\/wp\/v2\/categories?post=38657"},{"taxonomy":"post_tag","embeddable":true,"href":"https:\/\/qtmm.org\/qt\/wp-json\/wp\/v2\/tags?post=38657"}],"curies":[{"name":"wp","href":"https:\/\/api.w.org\/{rel}","templated":true}]}}