




{"id":38647,"date":"2013-07-22T15:41:00","date_gmt":"2013-07-22T12:41:00","guid":{"rendered":"http:\/\/qtmm.org\/?p=38647"},"modified":"2022-01-25T15:43:01","modified_gmt":"2022-01-25T12:43:01","slug":"meclis-reisi-mustafa-cemilev-bala-yevrovideniyesinde-ukrainani-temsil-etken-alim-hakimovga-yenis-tiledi","status":"publish","type":"post","link":"https:\/\/qtmm.org\/qt\/meclis-reisi-mustafa-cemilev-bala-yevrovideniyesinde-ukrainani-temsil-etken-alim-hakimovga-yenis-tiledi\/","title":{"rendered":"Meclis reisi Mustafa Cemilev \u00abBala Yevrovideniyesi\u00bbnde Ukrainan\u0131 temsil etken Alim Hakimov\u011fa ye\u00f1i\u015f tiledi"},"content":{"rendered":"\n<p>Q\u0131r\u0131mtatar halq\u0131n\u0131\u00f1 Meclisine \u00fc\u00e7 balan\u0131\u00f1 anas\u0131 Fakiye Hakimova muracaat etip, &#8220;Bala Yevrovideniyesi 2013&#8221; leyhas\u0131na Ukrainadan ke\u00e7ken yek\u00e2ne q\u0131r\u0131ml\u0131 ve q\u0131r\u0131mtatar\u0131, o\u011flu Alim Hakimov\u011fa destek k\u00f6stermelerini rica etti.<\/p>\n\n\n\n<p>Alimni\u00f1 anas\u0131 s\u00f6ylegenine k\u00f6re, o\u011flan muz\u0131kanen so\u00f1ki eki y\u0131l devam\u0131nda o\u011fra\u015fmaqta, amma i\u015fkirligi ve g\u00fczel sesi sayesinde &#8220;Tatl\u0131 ses&#8221; yar\u0131\u015f\u0131nda \u011falebe qazand\u0131, &#8220;Qara de\u00f1iz yan\u0131nda&#8221; &#8220;Tavrida y\u0131ld\u0131zlar\u0131&#8221; festivallerinde ba\u015f muk\u00e2fatn\u0131 elde etti.<\/p>\n\n\n\n<p>Bundan da \u011fayr\u0131 &#8220;1+1&#8221; ukrain televizion kanal\u0131 Alimni 2013 senesi &#8220;Bala sesi&#8221; leyhas\u0131nda i\u015ftirak etmege \u00e7a\u011f\u0131ra.<\/p>\n\n\n\n<p>Fakiye Hakimovan\u0131\u00f1 aytqan\u0131na k\u00f6re on\u0131\u00f1 yard\u0131m sorap ricas\u0131na Ukraina halq deputat\u0131 Yelena Netetskaya, q\u0131r\u0131mtatar ATR kanal\u0131 ve &#8220;Q\u0131r\u0131m inki\u015faf\u0131 fond\u0131&#8221; da seslenip, yard\u0131mda bulund\u0131lar. Yar\u0131\u015fn\u0131\u00f1 final\u0131nda Alim Hakimov &#8220;Prost\u0456 slova&#8221;(Sade s\u00f6zler) y\u0131r\u0131n\u0131 icra etecek.<\/p>\n\n\n\n<div class=\"wp-block-image\"><figure class=\"aligncenter size-full\"><img loading=\"lazy\" decoding=\"async\" width=\"582\" height=\"800\" src=\"http:\/\/qtmm.org\/wp-content\/uploads\/2022\/01\/fotografiya.jpeg\" alt=\"\" class=\"wp-image-38652\" srcset=\"https:\/\/qtmm.org\/wp-content\/uploads\/2022\/01\/fotografiya.jpeg 582w, https:\/\/qtmm.org\/wp-content\/uploads\/2022\/01\/fotografiya-218x300.jpeg 218w\" sizes=\"auto, (max-width: 582px) 100vw, 582px\" \/><\/figure><\/div>\n\n\n\n<p>Bu sene &#8220;Yevrovideniye&#8221; Bala y\u0131r yar\u0131\u015f\u0131 ke\u00e7ken sefer Ukrainadan onda Nast\u00e2 Petrik ye\u00f1geni sayesinde Ukrainada ke\u00e7irilmekte. &#8220;Yevrovideniye-2013&#8221; Bala y\u0131r yar\u0131\u015f\u0131 &#8220;Ukraina&#8221; saray\u0131nda noyabr 30 k\u00fcn\u00fc ke\u00e7irilecek. Yar\u0131\u015fta i\u015ftirak etecegini 8 devlet tasdiqlad\u0131, daa 6 devletten i\u015ftirak\u00e7iler kelecegi bellisiz.<br>&nbsp;<\/p>\n\n\n\n<p class=\"has-text-align-right\"><em><strong>Fotoresimler Alim Hakimovn\u0131\u00f1\u00a0vk.com\u00a0saifesinden al\u0131nd\u0131<\/strong><\/em><\/p>\n","protected":false},"excerpt":{"rendered":"<p>Q\u0131r\u0131mtatar halq\u0131n\u0131\u00f1 Meclisine \u00fc\u00e7 balan\u0131\u00f1 anas\u0131 Fakiye Hakimova muracaat etip, &#8220;Bala Yevrovideniyesi 2013&#8221; leyhas\u0131na Ukrainadan ke\u00e7ken yek\u00e2ne q\u0131r\u0131ml\u0131 ve q\u0131r\u0131mtatar\u0131, o\u011flu Alim Hakimov\u011fa destek k\u00f6stermelerini rica etti. Alimni\u00f1 anas\u0131 s\u00f6ylegenine k\u00f6re, o\u011flan muz\u0131kanen so\u00f1ki eki y\u0131l devam\u0131nda o\u011fra\u015fmaqta, amma i\u015fkirligi ve g\u00fczel sesi sayesinde &#8220;Tatl\u0131 ses&#8221; yar\u0131\u015f\u0131nda \u011falebe qazand\u0131, &#8220;Qara de\u00f1iz yan\u0131nda&#8221; &#8220;Tavrida y\u0131ld\u0131zlar\u0131&#8221; festivallerinde [&hellip;]<\/p>\n","protected":false},"author":1,"featured_media":38648,"comment_status":"open","ping_status":"open","sticky":false,"template":"","format":"standard","meta":{"inline_featured_image":false,"footnotes":""},"categories":[265],"tags":[],"class_list":["post-38647","post","type-post","status-publish","format-standard","has-post-thumbnail","hentry","category-haberler"],"acf":[],"yoast_head":"<!-- This site is optimized with the Yoast SEO plugin v27.4 - https:\/\/yoast.com\/product\/yoast-seo-wordpress\/ -->\n<title>Meclis reisi Mustafa Cemilev \u00abBala Yevrovideniyesi\u00bbnde Ukrainan\u0131 temsil etken Alim Hakimov\u011fa ye\u00f1i\u015f tiledi - \u041c\u0435\u0434\u0436\u043b\u0456\u0441<\/title>\n<meta name=\"robots\" content=\"index, follow, max-snippet:-1, max-image-preview:large, max-video-preview:-1\" \/>\n<link rel=\"canonical\" href=\"https:\/\/qtmm.org\/qt\/meclis-reisi-mustafa-cemilev-bala-yevrovideniyesinde-ukrainani-temsil-etken-alim-hakimovga-yenis-tiledi\/\" \/>\n<meta property=\"og:locale\" content=\"en_US\" \/>\n<meta property=\"og:type\" content=\"article\" \/>\n<meta property=\"og:title\" content=\"Meclis reisi Mustafa Cemilev \u00abBala Yevrovideniyesi\u00bbnde Ukrainan\u0131 temsil etken Alim Hakimov\u011fa ye\u00f1i\u015f tiledi - \u041c\u0435\u0434\u0436\u043b\u0456\u0441\" \/>\n<meta property=\"og:description\" content=\"Q\u0131r\u0131mtatar halq\u0131n\u0131\u00f1 Meclisine \u00fc\u00e7 balan\u0131\u00f1 anas\u0131 Fakiye Hakimova muracaat etip, &#8220;Bala Yevrovideniyesi 2013&#8221; leyhas\u0131na Ukrainadan ke\u00e7ken yek\u00e2ne q\u0131r\u0131ml\u0131 ve q\u0131r\u0131mtatar\u0131, o\u011flu Alim Hakimov\u011fa destek k\u00f6stermelerini rica etti. Alimni\u00f1 anas\u0131 s\u00f6ylegenine k\u00f6re, o\u011flan muz\u0131kanen so\u00f1ki eki y\u0131l devam\u0131nda o\u011fra\u015fmaqta, amma i\u015fkirligi ve g\u00fczel sesi sayesinde &#8220;Tatl\u0131 ses&#8221; yar\u0131\u015f\u0131nda \u011falebe qazand\u0131, &#8220;Qara de\u00f1iz yan\u0131nda&#8221; &#8220;Tavrida y\u0131ld\u0131zlar\u0131&#8221; festivallerinde [&hellip;]\" \/>\n<meta property=\"og:url\" content=\"https:\/\/qtmm.org\/qt\/meclis-reisi-mustafa-cemilev-bala-yevrovideniyesinde-ukrainani-temsil-etken-alim-hakimovga-yenis-tiledi\/\" \/>\n<meta property=\"og:site_name\" content=\"\u041c\u0435\u0434\u0436\u043b\u0456\u0441\" \/>\n<meta property=\"article:publisher\" content=\"https:\/\/www.facebook.com\/qtmm.info\/\" \/>\n<meta property=\"article:published_time\" content=\"2013-07-22T12:41:00+00:00\" \/>\n<meta property=\"article:modified_time\" content=\"2022-01-25T12:43:01+00:00\" \/>\n<meta property=\"og:image\" content=\"https:\/\/qtmm.org\/wp-content\/uploads\/2022\/01\/alim_nat_dress.jpeg\" \/>\n\t<meta property=\"og:image:width\" content=\"800\" \/>\n\t<meta property=\"og:image:height\" content=\"480\" \/>\n\t<meta property=\"og:image:type\" content=\"image\/jpeg\" \/>\n<meta name=\"author\" content=\"Developer\" \/>\n<meta name=\"twitter:card\" content=\"summary_large_image\" \/>\n<meta name=\"twitter:label1\" content=\"Written by\" \/>\n\t<meta name=\"twitter:data1\" content=\"Developer\" \/>\n\t<meta name=\"twitter:label2\" content=\"Est. reading time\" \/>\n\t<meta name=\"twitter:data2\" content=\"1 minute\" \/>\n<script type=\"application\/ld+json\" class=\"yoast-schema-graph\">{\"@context\":\"https:\\\/\\\/schema.org\",\"@graph\":[{\"@type\":\"Article\",\"@id\":\"https:\\\/\\\/qtmm.org\\\/qt\\\/meclis-reisi-mustafa-cemilev-bala-yevrovideniyesinde-ukrainani-temsil-etken-alim-hakimovga-yenis-tiledi\\\/#article\",\"isPartOf\":{\"@id\":\"https:\\\/\\\/qtmm.org\\\/qt\\\/meclis-reisi-mustafa-cemilev-bala-yevrovideniyesinde-ukrainani-temsil-etken-alim-hakimovga-yenis-tiledi\\\/\"},\"author\":{\"name\":\"Developer\",\"@id\":\"https:\\\/\\\/qtmm.org\\\/qt\\\/#\\\/schema\\\/person\\\/de562469f971dec226ac06e60bbf74a7\"},\"headline\":\"Meclis reisi Mustafa Cemilev \u00abBala Yevrovideniyesi\u00bbnde Ukrainan\u0131 temsil etken Alim Hakimov\u011fa ye\u00f1i\u015f tiledi\",\"datePublished\":\"2013-07-22T12:41:00+00:00\",\"dateModified\":\"2022-01-25T12:43:01+00:00\",\"mainEntityOfPage\":{\"@id\":\"https:\\\/\\\/qtmm.org\\\/qt\\\/meclis-reisi-mustafa-cemilev-bala-yevrovideniyesinde-ukrainani-temsil-etken-alim-hakimovga-yenis-tiledi\\\/\"},\"wordCount\":227,\"commentCount\":0,\"publisher\":{\"@id\":\"https:\\\/\\\/qtmm.org\\\/qt\\\/#organization\"},\"image\":{\"@id\":\"https:\\\/\\\/qtmm.org\\\/qt\\\/meclis-reisi-mustafa-cemilev-bala-yevrovideniyesinde-ukrainani-temsil-etken-alim-hakimovga-yenis-tiledi\\\/#primaryimage\"},\"thumbnailUrl\":\"https:\\\/\\\/qtmm.org\\\/wp-content\\\/uploads\\\/2022\\\/01\\\/alim_nat_dress.jpeg\",\"articleSection\":[\"Haberler\"],\"inLanguage\":\"qt\",\"potentialAction\":[{\"@type\":\"CommentAction\",\"name\":\"Comment\",\"target\":[\"https:\\\/\\\/qtmm.org\\\/qt\\\/meclis-reisi-mustafa-cemilev-bala-yevrovideniyesinde-ukrainani-temsil-etken-alim-hakimovga-yenis-tiledi\\\/#respond\"]}]},{\"@type\":\"WebPage\",\"@id\":\"https:\\\/\\\/qtmm.org\\\/qt\\\/meclis-reisi-mustafa-cemilev-bala-yevrovideniyesinde-ukrainani-temsil-etken-alim-hakimovga-yenis-tiledi\\\/\",\"url\":\"https:\\\/\\\/qtmm.org\\\/qt\\\/meclis-reisi-mustafa-cemilev-bala-yevrovideniyesinde-ukrainani-temsil-etken-alim-hakimovga-yenis-tiledi\\\/\",\"name\":\"Meclis reisi Mustafa Cemilev \u00abBala Yevrovideniyesi\u00bbnde Ukrainan\u0131 temsil etken Alim Hakimov\u011fa ye\u00f1i\u015f tiledi - \u041c\u0435\u0434\u0436\u043b\u0456\u0441\",\"isPartOf\":{\"@id\":\"https:\\\/\\\/qtmm.org\\\/qt\\\/#website\"},\"primaryImageOfPage\":{\"@id\":\"https:\\\/\\\/qtmm.org\\\/qt\\\/meclis-reisi-mustafa-cemilev-bala-yevrovideniyesinde-ukrainani-temsil-etken-alim-hakimovga-yenis-tiledi\\\/#primaryimage\"},\"image\":{\"@id\":\"https:\\\/\\\/qtmm.org\\\/qt\\\/meclis-reisi-mustafa-cemilev-bala-yevrovideniyesinde-ukrainani-temsil-etken-alim-hakimovga-yenis-tiledi\\\/#primaryimage\"},\"thumbnailUrl\":\"https:\\\/\\\/qtmm.org\\\/wp-content\\\/uploads\\\/2022\\\/01\\\/alim_nat_dress.jpeg\",\"datePublished\":\"2013-07-22T12:41:00+00:00\",\"dateModified\":\"2022-01-25T12:43:01+00:00\",\"breadcrumb\":{\"@id\":\"https:\\\/\\\/qtmm.org\\\/qt\\\/meclis-reisi-mustafa-cemilev-bala-yevrovideniyesinde-ukrainani-temsil-etken-alim-hakimovga-yenis-tiledi\\\/#breadcrumb\"},\"inLanguage\":\"qt\",\"potentialAction\":[{\"@type\":\"ReadAction\",\"target\":[\"https:\\\/\\\/qtmm.org\\\/qt\\\/meclis-reisi-mustafa-cemilev-bala-yevrovideniyesinde-ukrainani-temsil-etken-alim-hakimovga-yenis-tiledi\\\/\"]}]},{\"@type\":\"ImageObject\",\"inLanguage\":\"qt\",\"@id\":\"https:\\\/\\\/qtmm.org\\\/qt\\\/meclis-reisi-mustafa-cemilev-bala-yevrovideniyesinde-ukrainani-temsil-etken-alim-hakimovga-yenis-tiledi\\\/#primaryimage\",\"url\":\"https:\\\/\\\/qtmm.org\\\/wp-content\\\/uploads\\\/2022\\\/01\\\/alim_nat_dress.jpeg\",\"contentUrl\":\"https:\\\/\\\/qtmm.org\\\/wp-content\\\/uploads\\\/2022\\\/01\\\/alim_nat_dress.jpeg\",\"width\":800,\"height\":480},{\"@type\":\"BreadcrumbList\",\"@id\":\"https:\\\/\\\/qtmm.org\\\/qt\\\/meclis-reisi-mustafa-cemilev-bala-yevrovideniyesinde-ukrainani-temsil-etken-alim-hakimovga-yenis-tiledi\\\/#breadcrumb\",\"itemListElement\":[{\"@type\":\"ListItem\",\"position\":1,\"name\":\"\u0413\u043e\u043b\u043e\u0432\u043d\u0430\",\"item\":\"https:\\\/\\\/qtmm.org\\\/qt\\\/\"},{\"@type\":\"ListItem\",\"position\":2,\"name\":\"Meclis reisi Mustafa Cemilev \u00abBala Yevrovideniyesi\u00bbnde Ukrainan\u0131 temsil etken Alim Hakimov\u011fa ye\u00f1i\u015f tiledi\"}]},{\"@type\":\"WebSite\",\"@id\":\"https:\\\/\\\/qtmm.org\\\/qt\\\/#website\",\"url\":\"https:\\\/\\\/qtmm.org\\\/qt\\\/\",\"name\":\"\u041c\u0435\u0434\u0436\u043b\u0456\u0441\",\"description\":\"\",\"publisher\":{\"@id\":\"https:\\\/\\\/qtmm.org\\\/qt\\\/#organization\"},\"potentialAction\":[{\"@type\":\"SearchAction\",\"target\":{\"@type\":\"EntryPoint\",\"urlTemplate\":\"https:\\\/\\\/qtmm.org\\\/qt\\\/?s={search_term_string}\"},\"query-input\":{\"@type\":\"PropertyValueSpecification\",\"valueRequired\":true,\"valueName\":\"search_term_string\"}}],\"inLanguage\":\"qt\"},{\"@type\":\"Organization\",\"@id\":\"https:\\\/\\\/qtmm.org\\\/qt\\\/#organization\",\"name\":\"\u041c\u0435\u0434\u0436\u043b\u0456\u0441\",\"url\":\"https:\\\/\\\/qtmm.org\\\/qt\\\/\",\"logo\":{\"@type\":\"ImageObject\",\"inLanguage\":\"qt\",\"@id\":\"https:\\\/\\\/qtmm.org\\\/qt\\\/#\\\/schema\\\/logo\\\/image\\\/\",\"url\":\"https:\\\/\\\/qtmm.org\\\/wp-content\\\/uploads\\\/2024\\\/12\\\/ua-mejlis-logo-rgb.svg\",\"contentUrl\":\"https:\\\/\\\/qtmm.org\\\/wp-content\\\/uploads\\\/2024\\\/12\\\/ua-mejlis-logo-rgb.svg\",\"caption\":\"\u041c\u0435\u0434\u0436\u043b\u0456\u0441\"},\"image\":{\"@id\":\"https:\\\/\\\/qtmm.org\\\/qt\\\/#\\\/schema\\\/logo\\\/image\\\/\"},\"sameAs\":[\"https:\\\/\\\/www.facebook.com\\\/qtmm.info\\\/\"]},{\"@type\":\"Person\",\"@id\":\"https:\\\/\\\/qtmm.org\\\/qt\\\/#\\\/schema\\\/person\\\/de562469f971dec226ac06e60bbf74a7\",\"name\":\"Developer\",\"image\":{\"@type\":\"ImageObject\",\"inLanguage\":\"qt\",\"@id\":\"https:\\\/\\\/secure.gravatar.com\\\/avatar\\\/392b4cc8fbfeb00b39dfeeab4ee6edded39ffd48e25858637e4765810300227e?s=96&d=mm&r=g\",\"url\":\"https:\\\/\\\/secure.gravatar.com\\\/avatar\\\/392b4cc8fbfeb00b39dfeeab4ee6edded39ffd48e25858637e4765810300227e?s=96&d=mm&r=g\",\"contentUrl\":\"https:\\\/\\\/secure.gravatar.com\\\/avatar\\\/392b4cc8fbfeb00b39dfeeab4ee6edded39ffd48e25858637e4765810300227e?s=96&d=mm&r=g\",\"caption\":\"Developer\"},\"url\":\"https:\\\/\\\/qtmm.org\\\/qt\\\/author\\\/Developer\\\/\"}]}<\/script>\n<!-- \/ Yoast SEO plugin. -->","yoast_head_json":{"title":"Meclis reisi Mustafa Cemilev \u00abBala Yevrovideniyesi\u00bbnde Ukrainan\u0131 temsil etken Alim Hakimov\u011fa ye\u00f1i\u015f tiledi - \u041c\u0435\u0434\u0436\u043b\u0456\u0441","robots":{"index":"index","follow":"follow","max-snippet":"max-snippet:-1","max-image-preview":"max-image-preview:large","max-video-preview":"max-video-preview:-1"},"canonical":"https:\/\/qtmm.org\/qt\/meclis-reisi-mustafa-cemilev-bala-yevrovideniyesinde-ukrainani-temsil-etken-alim-hakimovga-yenis-tiledi\/","og_locale":"en_US","og_type":"article","og_title":"Meclis reisi Mustafa Cemilev \u00abBala Yevrovideniyesi\u00bbnde Ukrainan\u0131 temsil etken Alim Hakimov\u011fa ye\u00f1i\u015f tiledi - \u041c\u0435\u0434\u0436\u043b\u0456\u0441","og_description":"Q\u0131r\u0131mtatar halq\u0131n\u0131\u00f1 Meclisine \u00fc\u00e7 balan\u0131\u00f1 anas\u0131 Fakiye Hakimova muracaat etip, &#8220;Bala Yevrovideniyesi 2013&#8221; leyhas\u0131na Ukrainadan ke\u00e7ken yek\u00e2ne q\u0131r\u0131ml\u0131 ve q\u0131r\u0131mtatar\u0131, o\u011flu Alim Hakimov\u011fa destek k\u00f6stermelerini rica etti. Alimni\u00f1 anas\u0131 s\u00f6ylegenine k\u00f6re, o\u011flan muz\u0131kanen so\u00f1ki eki y\u0131l devam\u0131nda o\u011fra\u015fmaqta, amma i\u015fkirligi ve g\u00fczel sesi sayesinde &#8220;Tatl\u0131 ses&#8221; yar\u0131\u015f\u0131nda \u011falebe qazand\u0131, &#8220;Qara de\u00f1iz yan\u0131nda&#8221; &#8220;Tavrida y\u0131ld\u0131zlar\u0131&#8221; festivallerinde [&hellip;]","og_url":"https:\/\/qtmm.org\/qt\/meclis-reisi-mustafa-cemilev-bala-yevrovideniyesinde-ukrainani-temsil-etken-alim-hakimovga-yenis-tiledi\/","og_site_name":"\u041c\u0435\u0434\u0436\u043b\u0456\u0441","article_publisher":"https:\/\/www.facebook.com\/qtmm.info\/","article_published_time":"2013-07-22T12:41:00+00:00","article_modified_time":"2022-01-25T12:43:01+00:00","og_image":[{"width":800,"height":480,"url":"https:\/\/qtmm.org\/wp-content\/uploads\/2022\/01\/alim_nat_dress.jpeg","type":"image\/jpeg"}],"author":"Developer","twitter_card":"summary_large_image","twitter_misc":{"Written by":"Developer","Est. reading time":"1 minute"},"schema":{"@context":"https:\/\/schema.org","@graph":[{"@type":"Article","@id":"https:\/\/qtmm.org\/qt\/meclis-reisi-mustafa-cemilev-bala-yevrovideniyesinde-ukrainani-temsil-etken-alim-hakimovga-yenis-tiledi\/#article","isPartOf":{"@id":"https:\/\/qtmm.org\/qt\/meclis-reisi-mustafa-cemilev-bala-yevrovideniyesinde-ukrainani-temsil-etken-alim-hakimovga-yenis-tiledi\/"},"author":{"name":"Developer","@id":"https:\/\/qtmm.org\/qt\/#\/schema\/person\/de562469f971dec226ac06e60bbf74a7"},"headline":"Meclis reisi Mustafa Cemilev \u00abBala Yevrovideniyesi\u00bbnde Ukrainan\u0131 temsil etken Alim Hakimov\u011fa ye\u00f1i\u015f tiledi","datePublished":"2013-07-22T12:41:00+00:00","dateModified":"2022-01-25T12:43:01+00:00","mainEntityOfPage":{"@id":"https:\/\/qtmm.org\/qt\/meclis-reisi-mustafa-cemilev-bala-yevrovideniyesinde-ukrainani-temsil-etken-alim-hakimovga-yenis-tiledi\/"},"wordCount":227,"commentCount":0,"publisher":{"@id":"https:\/\/qtmm.org\/qt\/#organization"},"image":{"@id":"https:\/\/qtmm.org\/qt\/meclis-reisi-mustafa-cemilev-bala-yevrovideniyesinde-ukrainani-temsil-etken-alim-hakimovga-yenis-tiledi\/#primaryimage"},"thumbnailUrl":"https:\/\/qtmm.org\/wp-content\/uploads\/2022\/01\/alim_nat_dress.jpeg","articleSection":["Haberler"],"inLanguage":"qt","potentialAction":[{"@type":"CommentAction","name":"Comment","target":["https:\/\/qtmm.org\/qt\/meclis-reisi-mustafa-cemilev-bala-yevrovideniyesinde-ukrainani-temsil-etken-alim-hakimovga-yenis-tiledi\/#respond"]}]},{"@type":"WebPage","@id":"https:\/\/qtmm.org\/qt\/meclis-reisi-mustafa-cemilev-bala-yevrovideniyesinde-ukrainani-temsil-etken-alim-hakimovga-yenis-tiledi\/","url":"https:\/\/qtmm.org\/qt\/meclis-reisi-mustafa-cemilev-bala-yevrovideniyesinde-ukrainani-temsil-etken-alim-hakimovga-yenis-tiledi\/","name":"Meclis reisi Mustafa Cemilev \u00abBala Yevrovideniyesi\u00bbnde Ukrainan\u0131 temsil etken Alim Hakimov\u011fa ye\u00f1i\u015f tiledi - \u041c\u0435\u0434\u0436\u043b\u0456\u0441","isPartOf":{"@id":"https:\/\/qtmm.org\/qt\/#website"},"primaryImageOfPage":{"@id":"https:\/\/qtmm.org\/qt\/meclis-reisi-mustafa-cemilev-bala-yevrovideniyesinde-ukrainani-temsil-etken-alim-hakimovga-yenis-tiledi\/#primaryimage"},"image":{"@id":"https:\/\/qtmm.org\/qt\/meclis-reisi-mustafa-cemilev-bala-yevrovideniyesinde-ukrainani-temsil-etken-alim-hakimovga-yenis-tiledi\/#primaryimage"},"thumbnailUrl":"https:\/\/qtmm.org\/wp-content\/uploads\/2022\/01\/alim_nat_dress.jpeg","datePublished":"2013-07-22T12:41:00+00:00","dateModified":"2022-01-25T12:43:01+00:00","breadcrumb":{"@id":"https:\/\/qtmm.org\/qt\/meclis-reisi-mustafa-cemilev-bala-yevrovideniyesinde-ukrainani-temsil-etken-alim-hakimovga-yenis-tiledi\/#breadcrumb"},"inLanguage":"qt","potentialAction":[{"@type":"ReadAction","target":["https:\/\/qtmm.org\/qt\/meclis-reisi-mustafa-cemilev-bala-yevrovideniyesinde-ukrainani-temsil-etken-alim-hakimovga-yenis-tiledi\/"]}]},{"@type":"ImageObject","inLanguage":"qt","@id":"https:\/\/qtmm.org\/qt\/meclis-reisi-mustafa-cemilev-bala-yevrovideniyesinde-ukrainani-temsil-etken-alim-hakimovga-yenis-tiledi\/#primaryimage","url":"https:\/\/qtmm.org\/wp-content\/uploads\/2022\/01\/alim_nat_dress.jpeg","contentUrl":"https:\/\/qtmm.org\/wp-content\/uploads\/2022\/01\/alim_nat_dress.jpeg","width":800,"height":480},{"@type":"BreadcrumbList","@id":"https:\/\/qtmm.org\/qt\/meclis-reisi-mustafa-cemilev-bala-yevrovideniyesinde-ukrainani-temsil-etken-alim-hakimovga-yenis-tiledi\/#breadcrumb","itemListElement":[{"@type":"ListItem","position":1,"name":"\u0413\u043e\u043b\u043e\u0432\u043d\u0430","item":"https:\/\/qtmm.org\/qt\/"},{"@type":"ListItem","position":2,"name":"Meclis reisi Mustafa Cemilev \u00abBala Yevrovideniyesi\u00bbnde Ukrainan\u0131 temsil etken Alim Hakimov\u011fa ye\u00f1i\u015f tiledi"}]},{"@type":"WebSite","@id":"https:\/\/qtmm.org\/qt\/#website","url":"https:\/\/qtmm.org\/qt\/","name":"\u041c\u0435\u0434\u0436\u043b\u0456\u0441","description":"","publisher":{"@id":"https:\/\/qtmm.org\/qt\/#organization"},"potentialAction":[{"@type":"SearchAction","target":{"@type":"EntryPoint","urlTemplate":"https:\/\/qtmm.org\/qt\/?s={search_term_string}"},"query-input":{"@type":"PropertyValueSpecification","valueRequired":true,"valueName":"search_term_string"}}],"inLanguage":"qt"},{"@type":"Organization","@id":"https:\/\/qtmm.org\/qt\/#organization","name":"\u041c\u0435\u0434\u0436\u043b\u0456\u0441","url":"https:\/\/qtmm.org\/qt\/","logo":{"@type":"ImageObject","inLanguage":"qt","@id":"https:\/\/qtmm.org\/qt\/#\/schema\/logo\/image\/","url":"https:\/\/qtmm.org\/wp-content\/uploads\/2024\/12\/ua-mejlis-logo-rgb.svg","contentUrl":"https:\/\/qtmm.org\/wp-content\/uploads\/2024\/12\/ua-mejlis-logo-rgb.svg","caption":"\u041c\u0435\u0434\u0436\u043b\u0456\u0441"},"image":{"@id":"https:\/\/qtmm.org\/qt\/#\/schema\/logo\/image\/"},"sameAs":["https:\/\/www.facebook.com\/qtmm.info\/"]},{"@type":"Person","@id":"https:\/\/qtmm.org\/qt\/#\/schema\/person\/de562469f971dec226ac06e60bbf74a7","name":"Developer","image":{"@type":"ImageObject","inLanguage":"qt","@id":"https:\/\/secure.gravatar.com\/avatar\/392b4cc8fbfeb00b39dfeeab4ee6edded39ffd48e25858637e4765810300227e?s=96&d=mm&r=g","url":"https:\/\/secure.gravatar.com\/avatar\/392b4cc8fbfeb00b39dfeeab4ee6edded39ffd48e25858637e4765810300227e?s=96&d=mm&r=g","contentUrl":"https:\/\/secure.gravatar.com\/avatar\/392b4cc8fbfeb00b39dfeeab4ee6edded39ffd48e25858637e4765810300227e?s=96&d=mm&r=g","caption":"Developer"},"url":"https:\/\/qtmm.org\/qt\/author\/Developer\/"}]}},"_links":{"self":[{"href":"https:\/\/qtmm.org\/qt\/wp-json\/wp\/v2\/posts\/38647","targetHints":{"allow":["GET"]}}],"collection":[{"href":"https:\/\/qtmm.org\/qt\/wp-json\/wp\/v2\/posts"}],"about":[{"href":"https:\/\/qtmm.org\/qt\/wp-json\/wp\/v2\/types\/post"}],"author":[{"embeddable":true,"href":"https:\/\/qtmm.org\/qt\/wp-json\/wp\/v2\/users\/1"}],"replies":[{"embeddable":true,"href":"https:\/\/qtmm.org\/qt\/wp-json\/wp\/v2\/comments?post=38647"}],"version-history":[{"count":1,"href":"https:\/\/qtmm.org\/qt\/wp-json\/wp\/v2\/posts\/38647\/revisions"}],"predecessor-version":[{"id":38656,"href":"https:\/\/qtmm.org\/qt\/wp-json\/wp\/v2\/posts\/38647\/revisions\/38656"}],"wp:featuredmedia":[{"embeddable":true,"href":"https:\/\/qtmm.org\/qt\/wp-json\/wp\/v2\/media\/38648"}],"wp:attachment":[{"href":"https:\/\/qtmm.org\/qt\/wp-json\/wp\/v2\/media?parent=38647"}],"wp:term":[{"taxonomy":"category","embeddable":true,"href":"https:\/\/qtmm.org\/qt\/wp-json\/wp\/v2\/categories?post=38647"},{"taxonomy":"post_tag","embeddable":true,"href":"https:\/\/qtmm.org\/qt\/wp-json\/wp\/v2\/tags?post=38647"}],"curies":[{"name":"wp","href":"https:\/\/api.w.org\/{rel}","templated":true}]}}