




{"id":38629,"date":"2013-07-22T15:40:00","date_gmt":"2013-07-22T12:40:00","guid":{"rendered":"http:\/\/qtmm.org\/?p=38629"},"modified":"2022-01-25T15:41:34","modified_gmt":"2022-01-25T12:41:34","slug":"meclis-reisi-mustafa-cemilev-turkiye-cumhuriyeti-simaliy-qibrizni-ziyaret-etti","status":"publish","type":"post","link":"https:\/\/qtmm.org\/qt\/meclis-reisi-mustafa-cemilev-turkiye-cumhuriyeti-simaliy-qibrizni-ziyaret-etti\/","title":{"rendered":"Meclis reisi Mustafa Cemilev T\u00fcrkiye Cumhuriyeti \u015eimaliy Q\u0131br\u0131zn\u0131 ziyaret etti"},"content":{"rendered":"\n<p>2013 senesi iy\u00fcl 19-21 k\u00fcnleri Milliy Meclis reisi, Ukraina halq deputat\u0131 Mustafa Cemilev T\u00fcrkiye Cumhuriyeti \u015eimaliy Q\u0131br\u0131z Parlamentini\u00f1 reisi Hasan B\u00f6zerni\u00f1 daveti ile T\u00fcrkiye Cumhuriyeti \u015eimaliy Q\u0131br\u0131zda bulund\u0131.<\/p>\n\n\n\n<p>Meclis reisi Mustafa Cemilevge Kiyev \u015feeri q\u0131r\u0131mtatar cemiyetini\u00f1 ba\u015f\u0131 Aslan \u00d6mer Q\u0131r\u0131ml\u0131 refaqatl\u0131q yapt\u0131.<\/p>\n\n\n\n<p>Meclis reisi ziyaretini\u00f1 ba\u015f maqsad\u0131 t\u00fcrk sil\u00e2l\u0131 k\u00fc\u00e7lerni\u00f1 Q\u0131br\u0131zda arbiy devir\u00fcv yapqan, adan\u0131 t\u00fcrklerden temizlemege ve adan\u0131 Yunanistan\u011fa qo\u015fma\u011fa t\u0131r\u0131\u015fqan &#8220;qara polkovnikler&#8221;ge qar\u015f\u0131 areketlerini\u00f1 39 y\u0131ll\u0131\u011f\u0131 munasebetinen \u00f6tkerilgen resmiy tedbirlerde i\u015ftirak etmek edi.<\/p>\n\n\n\n<figure class=\"wp-block-image size-full\"><img loading=\"lazy\" decoding=\"async\" width=\"650\" height=\"405\" src=\"http:\/\/qtmm.org\/wp-content\/uploads\/2022\/01\/2_3.jpeg\" alt=\"\" class=\"wp-image-38634\" srcset=\"https:\/\/qtmm.org\/wp-content\/uploads\/2022\/01\/2_3.jpeg 650w, https:\/\/qtmm.org\/wp-content\/uploads\/2022\/01\/2_3-300x187.jpeg 300w\" sizes=\"auto, (max-width: 650px) 100vw, 650px\" \/><\/figure>\n\n\n\n<p>Nikosiyada Faz\u0131l Ku\u00e7uk ad\u0131na merkeziy bulvardaki numay\u0131\u015ftan so\u00f1ra Meclis ba\u015fqan\u0131 TC\u015eQ Prezidenti Dervi\u015f Ero\u011flu, ba\u015f nazir Sibel Siber, parlament reisi Hasan B\u00f6zer ve Orta \u015earq universitetini\u00f1 rektor\u0131 Suat G\u00fcnsel ile k\u00f6r\u00fc\u015fip, Q\u0131r\u0131m ve \u015eimaliy Q\u0131br\u0131z aras\u0131ndaki medeniy ve i\u015f ba\u011flar\u0131n\u0131 pekit\u00fcv meseleleri muzakere etildi.<\/p>\n\n\n\n<p>Meclis reisi M. Cemilev universitet rektor\u0131na Meclisni\u00f1 Tasil idaresinde testlerden ke\u00e7ken ve Orta \u015earq universitetinde 2013 senesinden oqup ba\u015flaycaq ya\u00f1\u0131 studentlerni\u00f1 cedvelini berdi.<\/p>\n\n\n\n<figure class=\"wp-block-image size-full\"><img loading=\"lazy\" decoding=\"async\" width=\"650\" height=\"348\" src=\"http:\/\/qtmm.org\/wp-content\/uploads\/2022\/01\/3.jpeg\" alt=\"\" class=\"wp-image-38638\" srcset=\"https:\/\/qtmm.org\/wp-content\/uploads\/2022\/01\/3.jpeg 650w, https:\/\/qtmm.org\/wp-content\/uploads\/2022\/01\/3-300x161.jpeg 300w\" sizes=\"auto, (max-width: 650px) 100vw, 650px\" \/><\/figure>\n\n\n\n<p>\u015eimaliy Q\u0131br\u0131z ba\u015f naziri Sibel Siber ile k\u00f6r\u00fc\u015f\u00fcv vaqt\u0131nda Mustafa Cemilev Q\u0131r\u0131m ve Q\u0131br\u0131z aras\u0131ndaki tarihiy al\u00e2qalar aqq\u0131nda s\u00f6ylerken \u015fun\u0131 hat\u0131rlatt\u0131 ki, 150 let evelsi Q\u0131r\u0131mdan qa\u00e7aqlarnen tolu gemi Q\u0131br\u0131z adas\u0131na kele ve 150-200 q\u0131r\u0131mtatar ailesi adada yerle\u015fe. O zaman ada Osmanl\u0131 imperiyas\u0131na ba\u011fl\u0131 degil edi. Bun\u0131 di\u00f1legen Sibel han\u0131m tebess\u00fcm ile o gemide menim de ecdatlar\u0131m bar ediler, dedi.<\/p>\n\n\n\n<figure class=\"wp-block-image size-full\"><img loading=\"lazy\" decoding=\"async\" width=\"650\" height=\"358\" src=\"http:\/\/qtmm.org\/wp-content\/uploads\/2022\/01\/4.jpeg\" alt=\"\" class=\"wp-image-38642\" srcset=\"https:\/\/qtmm.org\/wp-content\/uploads\/2022\/01\/4.jpeg 650w, https:\/\/qtmm.org\/wp-content\/uploads\/2022\/01\/4-300x165.jpeg 300w\" sizes=\"auto, (max-width: 650px) 100vw, 650px\" \/><\/figure>\n\n\n\n<p>\u0130y\u00fcl 20 k\u00fcn\u00fc iftar vaqt\u0131nda Milliy Meclis reisi Mustafa Cemilev Q\u0131br\u0131z\u011fa kelgen T\u00fcrkiye ba\u015f nazirini\u00f1 muavini Be\u015fir Atalay ve T\u00fcrkiye Meclisini\u00f1 ba\u015fqan\u0131 Cemil \u00c7i\u00e7ek ile de k\u00f6r\u00fc\u015fti. Q\u0131r\u0131mtatarlarn\u0131\u00f1 meseleleri aqq\u0131nda tafsil\u00e2tl\u0131 qonu\u015fmaq i\u00e7\u00fcn Cemil \u00c7i\u00e7ek Mustafa Cemilevni avgust ay\u0131nda Anqara\u011fa davet etti.<\/p>\n\n\n\n<p>Ziyaret devam\u0131nda Meclis ba\u015fqan\u0131na Meclisni\u00f1 Q\u0131br\u0131zdaki temsilcisi, T\u00fcrkiye \u0130\u015f bankas\u0131n\u0131\u00f1 Q\u0131br\u0131zdaki b\u00f6l\u00fcgini\u00f1 ba\u015f\u0131 Sel\u00e2mi Qa\u00e7amaq refaqatl\u0131q yapt\u0131.<\/p>\n","protected":false},"excerpt":{"rendered":"<p>2013 senesi iy\u00fcl 19-21 k\u00fcnleri Milliy Meclis reisi, Ukraina halq deputat\u0131 Mustafa Cemilev T\u00fcrkiye Cumhuriyeti \u015eimaliy Q\u0131br\u0131z Parlamentini\u00f1 reisi Hasan B\u00f6zerni\u00f1 daveti ile T\u00fcrkiye Cumhuriyeti \u015eimaliy Q\u0131br\u0131zda bulund\u0131. Meclis reisi Mustafa Cemilevge Kiyev \u015feeri q\u0131r\u0131mtatar cemiyetini\u00f1 ba\u015f\u0131 Aslan \u00d6mer Q\u0131r\u0131ml\u0131 refaqatl\u0131q yapt\u0131. Meclis reisi ziyaretini\u00f1 ba\u015f maqsad\u0131 t\u00fcrk sil\u00e2l\u0131 k\u00fc\u00e7lerni\u00f1 Q\u0131br\u0131zda arbiy devir\u00fcv yapqan, adan\u0131 [&hellip;]<\/p>\n","protected":false},"author":1,"featured_media":38630,"comment_status":"open","ping_status":"open","sticky":false,"template":"","format":"standard","meta":{"inline_featured_image":false,"footnotes":""},"categories":[265],"tags":[],"class_list":["post-38629","post","type-post","status-publish","format-standard","has-post-thumbnail","hentry","category-haberler"],"acf":[],"yoast_head":"<!-- This site is optimized with the Yoast SEO plugin v27.4 - https:\/\/yoast.com\/product\/yoast-seo-wordpress\/ -->\n<title>Meclis reisi Mustafa Cemilev T\u00fcrkiye Cumhuriyeti \u015eimaliy Q\u0131br\u0131zn\u0131 ziyaret etti - \u041c\u0435\u0434\u0436\u043b\u0456\u0441<\/title>\n<meta name=\"robots\" content=\"index, follow, max-snippet:-1, max-image-preview:large, max-video-preview:-1\" \/>\n<link rel=\"canonical\" href=\"https:\/\/qtmm.org\/qt\/meclis-reisi-mustafa-cemilev-turkiye-cumhuriyeti-simaliy-qibrizni-ziyaret-etti\/\" \/>\n<meta property=\"og:locale\" content=\"en_US\" \/>\n<meta property=\"og:type\" content=\"article\" \/>\n<meta property=\"og:title\" content=\"Meclis reisi Mustafa Cemilev T\u00fcrkiye Cumhuriyeti \u015eimaliy Q\u0131br\u0131zn\u0131 ziyaret etti - \u041c\u0435\u0434\u0436\u043b\u0456\u0441\" \/>\n<meta property=\"og:description\" content=\"2013 senesi iy\u00fcl 19-21 k\u00fcnleri Milliy Meclis reisi, Ukraina halq deputat\u0131 Mustafa Cemilev T\u00fcrkiye Cumhuriyeti \u015eimaliy Q\u0131br\u0131z Parlamentini\u00f1 reisi Hasan B\u00f6zerni\u00f1 daveti ile T\u00fcrkiye Cumhuriyeti \u015eimaliy Q\u0131br\u0131zda bulund\u0131. Meclis reisi Mustafa Cemilevge Kiyev \u015feeri q\u0131r\u0131mtatar cemiyetini\u00f1 ba\u015f\u0131 Aslan \u00d6mer Q\u0131r\u0131ml\u0131 refaqatl\u0131q yapt\u0131. Meclis reisi ziyaretini\u00f1 ba\u015f maqsad\u0131 t\u00fcrk sil\u00e2l\u0131 k\u00fc\u00e7lerni\u00f1 Q\u0131br\u0131zda arbiy devir\u00fcv yapqan, adan\u0131 [&hellip;]\" \/>\n<meta property=\"og:url\" content=\"https:\/\/qtmm.org\/qt\/meclis-reisi-mustafa-cemilev-turkiye-cumhuriyeti-simaliy-qibrizni-ziyaret-etti\/\" \/>\n<meta property=\"og:site_name\" content=\"\u041c\u0435\u0434\u0436\u043b\u0456\u0441\" \/>\n<meta property=\"article:publisher\" content=\"https:\/\/www.facebook.com\/qtmm.info\/\" \/>\n<meta property=\"article:published_time\" content=\"2013-07-22T12:40:00+00:00\" \/>\n<meta property=\"article:modified_time\" content=\"2022-01-25T12:41:34+00:00\" \/>\n<meta property=\"og:image\" content=\"https:\/\/qtmm.org\/wp-content\/uploads\/2022\/01\/1_120.jpeg\" \/>\n\t<meta property=\"og:image:width\" content=\"650\" \/>\n\t<meta property=\"og:image:height\" content=\"400\" \/>\n\t<meta property=\"og:image:type\" content=\"image\/jpeg\" \/>\n<meta name=\"author\" content=\"Developer\" \/>\n<meta name=\"twitter:card\" content=\"summary_large_image\" \/>\n<meta name=\"twitter:label1\" content=\"Written by\" \/>\n\t<meta name=\"twitter:data1\" content=\"Developer\" \/>\n\t<meta name=\"twitter:label2\" content=\"Est. reading time\" \/>\n\t<meta name=\"twitter:data2\" content=\"2 minutes\" \/>\n<script type=\"application\/ld+json\" class=\"yoast-schema-graph\">{\"@context\":\"https:\\\/\\\/schema.org\",\"@graph\":[{\"@type\":\"Article\",\"@id\":\"https:\\\/\\\/qtmm.org\\\/qt\\\/meclis-reisi-mustafa-cemilev-turkiye-cumhuriyeti-simaliy-qibrizni-ziyaret-etti\\\/#article\",\"isPartOf\":{\"@id\":\"https:\\\/\\\/qtmm.org\\\/qt\\\/meclis-reisi-mustafa-cemilev-turkiye-cumhuriyeti-simaliy-qibrizni-ziyaret-etti\\\/\"},\"author\":{\"name\":\"Developer\",\"@id\":\"https:\\\/\\\/qtmm.org\\\/qt\\\/#\\\/schema\\\/person\\\/de562469f971dec226ac06e60bbf74a7\"},\"headline\":\"Meclis reisi Mustafa Cemilev T\u00fcrkiye Cumhuriyeti \u015eimaliy Q\u0131br\u0131zn\u0131 ziyaret etti\",\"datePublished\":\"2013-07-22T12:40:00+00:00\",\"dateModified\":\"2022-01-25T12:41:34+00:00\",\"mainEntityOfPage\":{\"@id\":\"https:\\\/\\\/qtmm.org\\\/qt\\\/meclis-reisi-mustafa-cemilev-turkiye-cumhuriyeti-simaliy-qibrizni-ziyaret-etti\\\/\"},\"wordCount\":385,\"commentCount\":0,\"publisher\":{\"@id\":\"https:\\\/\\\/qtmm.org\\\/qt\\\/#organization\"},\"image\":{\"@id\":\"https:\\\/\\\/qtmm.org\\\/qt\\\/meclis-reisi-mustafa-cemilev-turkiye-cumhuriyeti-simaliy-qibrizni-ziyaret-etti\\\/#primaryimage\"},\"thumbnailUrl\":\"https:\\\/\\\/qtmm.org\\\/wp-content\\\/uploads\\\/2022\\\/01\\\/1_120.jpeg\",\"articleSection\":[\"Haberler\"],\"inLanguage\":\"qt\",\"potentialAction\":[{\"@type\":\"CommentAction\",\"name\":\"Comment\",\"target\":[\"https:\\\/\\\/qtmm.org\\\/qt\\\/meclis-reisi-mustafa-cemilev-turkiye-cumhuriyeti-simaliy-qibrizni-ziyaret-etti\\\/#respond\"]}]},{\"@type\":\"WebPage\",\"@id\":\"https:\\\/\\\/qtmm.org\\\/qt\\\/meclis-reisi-mustafa-cemilev-turkiye-cumhuriyeti-simaliy-qibrizni-ziyaret-etti\\\/\",\"url\":\"https:\\\/\\\/qtmm.org\\\/qt\\\/meclis-reisi-mustafa-cemilev-turkiye-cumhuriyeti-simaliy-qibrizni-ziyaret-etti\\\/\",\"name\":\"Meclis reisi Mustafa Cemilev T\u00fcrkiye Cumhuriyeti \u015eimaliy Q\u0131br\u0131zn\u0131 ziyaret etti - \u041c\u0435\u0434\u0436\u043b\u0456\u0441\",\"isPartOf\":{\"@id\":\"https:\\\/\\\/qtmm.org\\\/qt\\\/#website\"},\"primaryImageOfPage\":{\"@id\":\"https:\\\/\\\/qtmm.org\\\/qt\\\/meclis-reisi-mustafa-cemilev-turkiye-cumhuriyeti-simaliy-qibrizni-ziyaret-etti\\\/#primaryimage\"},\"image\":{\"@id\":\"https:\\\/\\\/qtmm.org\\\/qt\\\/meclis-reisi-mustafa-cemilev-turkiye-cumhuriyeti-simaliy-qibrizni-ziyaret-etti\\\/#primaryimage\"},\"thumbnailUrl\":\"https:\\\/\\\/qtmm.org\\\/wp-content\\\/uploads\\\/2022\\\/01\\\/1_120.jpeg\",\"datePublished\":\"2013-07-22T12:40:00+00:00\",\"dateModified\":\"2022-01-25T12:41:34+00:00\",\"breadcrumb\":{\"@id\":\"https:\\\/\\\/qtmm.org\\\/qt\\\/meclis-reisi-mustafa-cemilev-turkiye-cumhuriyeti-simaliy-qibrizni-ziyaret-etti\\\/#breadcrumb\"},\"inLanguage\":\"qt\",\"potentialAction\":[{\"@type\":\"ReadAction\",\"target\":[\"https:\\\/\\\/qtmm.org\\\/qt\\\/meclis-reisi-mustafa-cemilev-turkiye-cumhuriyeti-simaliy-qibrizni-ziyaret-etti\\\/\"]}]},{\"@type\":\"ImageObject\",\"inLanguage\":\"qt\",\"@id\":\"https:\\\/\\\/qtmm.org\\\/qt\\\/meclis-reisi-mustafa-cemilev-turkiye-cumhuriyeti-simaliy-qibrizni-ziyaret-etti\\\/#primaryimage\",\"url\":\"https:\\\/\\\/qtmm.org\\\/wp-content\\\/uploads\\\/2022\\\/01\\\/1_120.jpeg\",\"contentUrl\":\"https:\\\/\\\/qtmm.org\\\/wp-content\\\/uploads\\\/2022\\\/01\\\/1_120.jpeg\",\"width\":650,\"height\":400},{\"@type\":\"BreadcrumbList\",\"@id\":\"https:\\\/\\\/qtmm.org\\\/qt\\\/meclis-reisi-mustafa-cemilev-turkiye-cumhuriyeti-simaliy-qibrizni-ziyaret-etti\\\/#breadcrumb\",\"itemListElement\":[{\"@type\":\"ListItem\",\"position\":1,\"name\":\"\u0413\u043e\u043b\u043e\u0432\u043d\u0430\",\"item\":\"https:\\\/\\\/qtmm.org\\\/qt\\\/\"},{\"@type\":\"ListItem\",\"position\":2,\"name\":\"Meclis reisi Mustafa Cemilev T\u00fcrkiye Cumhuriyeti \u015eimaliy Q\u0131br\u0131zn\u0131 ziyaret etti\"}]},{\"@type\":\"WebSite\",\"@id\":\"https:\\\/\\\/qtmm.org\\\/qt\\\/#website\",\"url\":\"https:\\\/\\\/qtmm.org\\\/qt\\\/\",\"name\":\"\u041c\u0435\u0434\u0436\u043b\u0456\u0441\",\"description\":\"\",\"publisher\":{\"@id\":\"https:\\\/\\\/qtmm.org\\\/qt\\\/#organization\"},\"potentialAction\":[{\"@type\":\"SearchAction\",\"target\":{\"@type\":\"EntryPoint\",\"urlTemplate\":\"https:\\\/\\\/qtmm.org\\\/qt\\\/?s={search_term_string}\"},\"query-input\":{\"@type\":\"PropertyValueSpecification\",\"valueRequired\":true,\"valueName\":\"search_term_string\"}}],\"inLanguage\":\"qt\"},{\"@type\":\"Organization\",\"@id\":\"https:\\\/\\\/qtmm.org\\\/qt\\\/#organization\",\"name\":\"\u041c\u0435\u0434\u0436\u043b\u0456\u0441\",\"url\":\"https:\\\/\\\/qtmm.org\\\/qt\\\/\",\"logo\":{\"@type\":\"ImageObject\",\"inLanguage\":\"qt\",\"@id\":\"https:\\\/\\\/qtmm.org\\\/qt\\\/#\\\/schema\\\/logo\\\/image\\\/\",\"url\":\"https:\\\/\\\/qtmm.org\\\/wp-content\\\/uploads\\\/2024\\\/12\\\/ua-mejlis-logo-rgb.svg\",\"contentUrl\":\"https:\\\/\\\/qtmm.org\\\/wp-content\\\/uploads\\\/2024\\\/12\\\/ua-mejlis-logo-rgb.svg\",\"caption\":\"\u041c\u0435\u0434\u0436\u043b\u0456\u0441\"},\"image\":{\"@id\":\"https:\\\/\\\/qtmm.org\\\/qt\\\/#\\\/schema\\\/logo\\\/image\\\/\"},\"sameAs\":[\"https:\\\/\\\/www.facebook.com\\\/qtmm.info\\\/\"]},{\"@type\":\"Person\",\"@id\":\"https:\\\/\\\/qtmm.org\\\/qt\\\/#\\\/schema\\\/person\\\/de562469f971dec226ac06e60bbf74a7\",\"name\":\"Developer\",\"image\":{\"@type\":\"ImageObject\",\"inLanguage\":\"qt\",\"@id\":\"https:\\\/\\\/secure.gravatar.com\\\/avatar\\\/392b4cc8fbfeb00b39dfeeab4ee6edded39ffd48e25858637e4765810300227e?s=96&d=mm&r=g\",\"url\":\"https:\\\/\\\/secure.gravatar.com\\\/avatar\\\/392b4cc8fbfeb00b39dfeeab4ee6edded39ffd48e25858637e4765810300227e?s=96&d=mm&r=g\",\"contentUrl\":\"https:\\\/\\\/secure.gravatar.com\\\/avatar\\\/392b4cc8fbfeb00b39dfeeab4ee6edded39ffd48e25858637e4765810300227e?s=96&d=mm&r=g\",\"caption\":\"Developer\"},\"url\":\"https:\\\/\\\/qtmm.org\\\/qt\\\/author\\\/Developer\\\/\"}]}<\/script>\n<!-- \/ Yoast SEO plugin. -->","yoast_head_json":{"title":"Meclis reisi Mustafa Cemilev T\u00fcrkiye Cumhuriyeti \u015eimaliy Q\u0131br\u0131zn\u0131 ziyaret etti - \u041c\u0435\u0434\u0436\u043b\u0456\u0441","robots":{"index":"index","follow":"follow","max-snippet":"max-snippet:-1","max-image-preview":"max-image-preview:large","max-video-preview":"max-video-preview:-1"},"canonical":"https:\/\/qtmm.org\/qt\/meclis-reisi-mustafa-cemilev-turkiye-cumhuriyeti-simaliy-qibrizni-ziyaret-etti\/","og_locale":"en_US","og_type":"article","og_title":"Meclis reisi Mustafa Cemilev T\u00fcrkiye Cumhuriyeti \u015eimaliy Q\u0131br\u0131zn\u0131 ziyaret etti - \u041c\u0435\u0434\u0436\u043b\u0456\u0441","og_description":"2013 senesi iy\u00fcl 19-21 k\u00fcnleri Milliy Meclis reisi, Ukraina halq deputat\u0131 Mustafa Cemilev T\u00fcrkiye Cumhuriyeti \u015eimaliy Q\u0131br\u0131z Parlamentini\u00f1 reisi Hasan B\u00f6zerni\u00f1 daveti ile T\u00fcrkiye Cumhuriyeti \u015eimaliy Q\u0131br\u0131zda bulund\u0131. Meclis reisi Mustafa Cemilevge Kiyev \u015feeri q\u0131r\u0131mtatar cemiyetini\u00f1 ba\u015f\u0131 Aslan \u00d6mer Q\u0131r\u0131ml\u0131 refaqatl\u0131q yapt\u0131. Meclis reisi ziyaretini\u00f1 ba\u015f maqsad\u0131 t\u00fcrk sil\u00e2l\u0131 k\u00fc\u00e7lerni\u00f1 Q\u0131br\u0131zda arbiy devir\u00fcv yapqan, adan\u0131 [&hellip;]","og_url":"https:\/\/qtmm.org\/qt\/meclis-reisi-mustafa-cemilev-turkiye-cumhuriyeti-simaliy-qibrizni-ziyaret-etti\/","og_site_name":"\u041c\u0435\u0434\u0436\u043b\u0456\u0441","article_publisher":"https:\/\/www.facebook.com\/qtmm.info\/","article_published_time":"2013-07-22T12:40:00+00:00","article_modified_time":"2022-01-25T12:41:34+00:00","og_image":[{"width":650,"height":400,"url":"https:\/\/qtmm.org\/wp-content\/uploads\/2022\/01\/1_120.jpeg","type":"image\/jpeg"}],"author":"Developer","twitter_card":"summary_large_image","twitter_misc":{"Written by":"Developer","Est. reading time":"2 minutes"},"schema":{"@context":"https:\/\/schema.org","@graph":[{"@type":"Article","@id":"https:\/\/qtmm.org\/qt\/meclis-reisi-mustafa-cemilev-turkiye-cumhuriyeti-simaliy-qibrizni-ziyaret-etti\/#article","isPartOf":{"@id":"https:\/\/qtmm.org\/qt\/meclis-reisi-mustafa-cemilev-turkiye-cumhuriyeti-simaliy-qibrizni-ziyaret-etti\/"},"author":{"name":"Developer","@id":"https:\/\/qtmm.org\/qt\/#\/schema\/person\/de562469f971dec226ac06e60bbf74a7"},"headline":"Meclis reisi Mustafa Cemilev T\u00fcrkiye Cumhuriyeti \u015eimaliy Q\u0131br\u0131zn\u0131 ziyaret etti","datePublished":"2013-07-22T12:40:00+00:00","dateModified":"2022-01-25T12:41:34+00:00","mainEntityOfPage":{"@id":"https:\/\/qtmm.org\/qt\/meclis-reisi-mustafa-cemilev-turkiye-cumhuriyeti-simaliy-qibrizni-ziyaret-etti\/"},"wordCount":385,"commentCount":0,"publisher":{"@id":"https:\/\/qtmm.org\/qt\/#organization"},"image":{"@id":"https:\/\/qtmm.org\/qt\/meclis-reisi-mustafa-cemilev-turkiye-cumhuriyeti-simaliy-qibrizni-ziyaret-etti\/#primaryimage"},"thumbnailUrl":"https:\/\/qtmm.org\/wp-content\/uploads\/2022\/01\/1_120.jpeg","articleSection":["Haberler"],"inLanguage":"qt","potentialAction":[{"@type":"CommentAction","name":"Comment","target":["https:\/\/qtmm.org\/qt\/meclis-reisi-mustafa-cemilev-turkiye-cumhuriyeti-simaliy-qibrizni-ziyaret-etti\/#respond"]}]},{"@type":"WebPage","@id":"https:\/\/qtmm.org\/qt\/meclis-reisi-mustafa-cemilev-turkiye-cumhuriyeti-simaliy-qibrizni-ziyaret-etti\/","url":"https:\/\/qtmm.org\/qt\/meclis-reisi-mustafa-cemilev-turkiye-cumhuriyeti-simaliy-qibrizni-ziyaret-etti\/","name":"Meclis reisi Mustafa Cemilev T\u00fcrkiye Cumhuriyeti \u015eimaliy Q\u0131br\u0131zn\u0131 ziyaret etti - \u041c\u0435\u0434\u0436\u043b\u0456\u0441","isPartOf":{"@id":"https:\/\/qtmm.org\/qt\/#website"},"primaryImageOfPage":{"@id":"https:\/\/qtmm.org\/qt\/meclis-reisi-mustafa-cemilev-turkiye-cumhuriyeti-simaliy-qibrizni-ziyaret-etti\/#primaryimage"},"image":{"@id":"https:\/\/qtmm.org\/qt\/meclis-reisi-mustafa-cemilev-turkiye-cumhuriyeti-simaliy-qibrizni-ziyaret-etti\/#primaryimage"},"thumbnailUrl":"https:\/\/qtmm.org\/wp-content\/uploads\/2022\/01\/1_120.jpeg","datePublished":"2013-07-22T12:40:00+00:00","dateModified":"2022-01-25T12:41:34+00:00","breadcrumb":{"@id":"https:\/\/qtmm.org\/qt\/meclis-reisi-mustafa-cemilev-turkiye-cumhuriyeti-simaliy-qibrizni-ziyaret-etti\/#breadcrumb"},"inLanguage":"qt","potentialAction":[{"@type":"ReadAction","target":["https:\/\/qtmm.org\/qt\/meclis-reisi-mustafa-cemilev-turkiye-cumhuriyeti-simaliy-qibrizni-ziyaret-etti\/"]}]},{"@type":"ImageObject","inLanguage":"qt","@id":"https:\/\/qtmm.org\/qt\/meclis-reisi-mustafa-cemilev-turkiye-cumhuriyeti-simaliy-qibrizni-ziyaret-etti\/#primaryimage","url":"https:\/\/qtmm.org\/wp-content\/uploads\/2022\/01\/1_120.jpeg","contentUrl":"https:\/\/qtmm.org\/wp-content\/uploads\/2022\/01\/1_120.jpeg","width":650,"height":400},{"@type":"BreadcrumbList","@id":"https:\/\/qtmm.org\/qt\/meclis-reisi-mustafa-cemilev-turkiye-cumhuriyeti-simaliy-qibrizni-ziyaret-etti\/#breadcrumb","itemListElement":[{"@type":"ListItem","position":1,"name":"\u0413\u043e\u043b\u043e\u0432\u043d\u0430","item":"https:\/\/qtmm.org\/qt\/"},{"@type":"ListItem","position":2,"name":"Meclis reisi Mustafa Cemilev T\u00fcrkiye Cumhuriyeti \u015eimaliy Q\u0131br\u0131zn\u0131 ziyaret etti"}]},{"@type":"WebSite","@id":"https:\/\/qtmm.org\/qt\/#website","url":"https:\/\/qtmm.org\/qt\/","name":"\u041c\u0435\u0434\u0436\u043b\u0456\u0441","description":"","publisher":{"@id":"https:\/\/qtmm.org\/qt\/#organization"},"potentialAction":[{"@type":"SearchAction","target":{"@type":"EntryPoint","urlTemplate":"https:\/\/qtmm.org\/qt\/?s={search_term_string}"},"query-input":{"@type":"PropertyValueSpecification","valueRequired":true,"valueName":"search_term_string"}}],"inLanguage":"qt"},{"@type":"Organization","@id":"https:\/\/qtmm.org\/qt\/#organization","name":"\u041c\u0435\u0434\u0436\u043b\u0456\u0441","url":"https:\/\/qtmm.org\/qt\/","logo":{"@type":"ImageObject","inLanguage":"qt","@id":"https:\/\/qtmm.org\/qt\/#\/schema\/logo\/image\/","url":"https:\/\/qtmm.org\/wp-content\/uploads\/2024\/12\/ua-mejlis-logo-rgb.svg","contentUrl":"https:\/\/qtmm.org\/wp-content\/uploads\/2024\/12\/ua-mejlis-logo-rgb.svg","caption":"\u041c\u0435\u0434\u0436\u043b\u0456\u0441"},"image":{"@id":"https:\/\/qtmm.org\/qt\/#\/schema\/logo\/image\/"},"sameAs":["https:\/\/www.facebook.com\/qtmm.info\/"]},{"@type":"Person","@id":"https:\/\/qtmm.org\/qt\/#\/schema\/person\/de562469f971dec226ac06e60bbf74a7","name":"Developer","image":{"@type":"ImageObject","inLanguage":"qt","@id":"https:\/\/secure.gravatar.com\/avatar\/392b4cc8fbfeb00b39dfeeab4ee6edded39ffd48e25858637e4765810300227e?s=96&d=mm&r=g","url":"https:\/\/secure.gravatar.com\/avatar\/392b4cc8fbfeb00b39dfeeab4ee6edded39ffd48e25858637e4765810300227e?s=96&d=mm&r=g","contentUrl":"https:\/\/secure.gravatar.com\/avatar\/392b4cc8fbfeb00b39dfeeab4ee6edded39ffd48e25858637e4765810300227e?s=96&d=mm&r=g","caption":"Developer"},"url":"https:\/\/qtmm.org\/qt\/author\/Developer\/"}]}},"_links":{"self":[{"href":"https:\/\/qtmm.org\/qt\/wp-json\/wp\/v2\/posts\/38629","targetHints":{"allow":["GET"]}}],"collection":[{"href":"https:\/\/qtmm.org\/qt\/wp-json\/wp\/v2\/posts"}],"about":[{"href":"https:\/\/qtmm.org\/qt\/wp-json\/wp\/v2\/types\/post"}],"author":[{"embeddable":true,"href":"https:\/\/qtmm.org\/qt\/wp-json\/wp\/v2\/users\/1"}],"replies":[{"embeddable":true,"href":"https:\/\/qtmm.org\/qt\/wp-json\/wp\/v2\/comments?post=38629"}],"version-history":[{"count":1,"href":"https:\/\/qtmm.org\/qt\/wp-json\/wp\/v2\/posts\/38629\/revisions"}],"predecessor-version":[{"id":38646,"href":"https:\/\/qtmm.org\/qt\/wp-json\/wp\/v2\/posts\/38629\/revisions\/38646"}],"wp:featuredmedia":[{"embeddable":true,"href":"https:\/\/qtmm.org\/qt\/wp-json\/wp\/v2\/media\/38630"}],"wp:attachment":[{"href":"https:\/\/qtmm.org\/qt\/wp-json\/wp\/v2\/media?parent=38629"}],"wp:term":[{"taxonomy":"category","embeddable":true,"href":"https:\/\/qtmm.org\/qt\/wp-json\/wp\/v2\/categories?post=38629"},{"taxonomy":"post_tag","embeddable":true,"href":"https:\/\/qtmm.org\/qt\/wp-json\/wp\/v2\/tags?post=38629"}],"curies":[{"name":"wp","href":"https:\/\/api.w.org\/{rel}","templated":true}]}}