




{"id":38627,"date":"2013-07-18T15:39:00","date_gmt":"2013-07-18T12:39:00","guid":{"rendered":"http:\/\/qtmm.org\/?p=38627"},"modified":"2022-01-25T15:39:57","modified_gmt":"2022-01-25T12:39:57","slug":"ukraina-yuqari-surasi-insan-aqlari-komitetinin-azalari-ukraina-icki-isler-naziri-vitaliy-zaharcenkoni-vazifesinden-bosatilmasini-talap-eteler","status":"publish","type":"post","link":"https:\/\/qtmm.org\/qt\/ukraina-yuqari-surasi-insan-aqlari-komitetinin-azalari-ukraina-icki-isler-naziri-vitaliy-zaharcenkoni-vazifesinden-bosatilmasini-talap-eteler\/","title":{"rendered":"Ukraina Yuqar\u0131 \u015euras\u0131 \u0130nsan aqlar\u0131 komitetini\u00f1 azalar\u0131 Ukraina \u0130\u00e7ki i\u015fler naziri Vitaliy Zahar\u00e7enkon\u0131 vazifesinden bo\u015fat\u0131lmas\u0131n\u0131 talap eteler"},"content":{"rendered":"\n<p>2013 senesi iy\u00fcl 18 k\u00fcn\u00fc parlamentni\u00f1 \u0130nsan,\u00a0<strong>milliy azl\u0131qlar ve milletlerara munasebetler komiteti azalar\u0131 uquqqoruv organlar\u0131 qanun ve insan aqlar\u0131n\u0131 qor\u00e7alamas\u0131nen ba\u011fl\u0131 vaziyet boyunca beyanat qabul ettiler.<\/strong><\/p>\n\n\n\n<p>Beyanatn\u0131\u00f1 qabul etilmesine \u0130\u00e7ki i\u015fler nazirligini\u00f1 hadimleri taraf\u0131ndan insanlar\u011fa nisbeten zulum k\u00f6sterilgeni ve yolba\u015f\u00e7\u0131lar ise b\u00f6yle faktlarn\u0131\u00f1 \u00fcst\u00fcni qapatma\u011fa t\u0131r\u0131\u015fqan\u0131 sebep\u00e7i old\u0131.<\/p>\n\n\n\n<p>Beyanatn\u0131 imzala\u011fan Ukraina halq deputat\u0131, Milliy Meclis reisi Mustafa Cemilev uquqqoruv organlar\u0131n\u0131\u00f1 bug\u00fcnki faaliyeti sovet ceza sistemine tayana, dep saya ve bu sisteman\u0131 bozmaq kerek, degen fikirdedir. Ebet b\u00f6yle de\u00f1i\u015fmelerni ke\u00e7irmek m\u00fcrekkep, amma devlet reberleri iradeli olsalar, eali de olar\u011fa qoltutsa bun\u0131 yapmaq daa m\u00fcmk\u00fcn. Q\u0131r\u0131mtatarlar yetek\u00e7isini\u00f1 fikrince, bu ceryanda \u00fc\u00e7\u00fcnci sektor yani \u00fck\u00fcmetqa ba\u011fl\u0131 olma\u011fan te\u015fkil\u00e2tlarn\u0131\u00f1 rol\u00fc b\u00fcy\u00fcktir. Olar ukrain cemiyetini birle\u015ftirgen k\u00fc\u00e7 olmalar\u0131 l\u00e2zim.<br><br>Meclis reisi devletni\u00f1 \u011fayet m\u00fcrekkep meselelerinen ba\u011fl\u0131 b\u00fct\u00fcn tedbirlerde \u2013 olsun devlet yolba\u015f\u00e7\u0131lar\u0131nen k\u00f6r\u00fc\u015f\u00fcv, Ukraina Milliy tel\u00fckesizligi ve mudafaa ke\u00f1e\u015fini\u00f1 i\u015finde, ekspert cemiyetlerni\u00f1 muzakereleri ve vatanda\u015flarnen subetlerde i\u015ftirak etmege az\u0131rl\u0131\u011f\u0131n\u0131 bildirdi.<br><br>&#8220;Bizim cemiyetimiz uquqqoruv sistemas\u0131n\u0131\u00f1 yap\u0131c\u0131 olma\u011fan vazifelerinen ba\u011fl\u0131 i\u00e7ki davan\u0131 bar\u0131\u015f\u0131ql\u0131 ya da zorbal\u0131ql\u0131 al etmek yollar\u0131 \u00f6g\u00fcnde turmaqta. Biz bun\u0131\u00f1 kibi de mezk\u00fcr meseleni\u00f1 \u00e7ezimini devletni tekmil zay\u0131flatqan, \u00e7\u00fcr\u00fcgen ke\u00e7mi\u015flerini saqlap qalmaq niyetinde insanlarn\u0131 biri-birine s\u0131tt\u0131r\u011fan prokuratura ve mahkemelerni\u00f1 \u00e7\u00fcr\u00fcgen qurum\u0131n\u0131 bozuvnen ba\u011flamaq kerekmiz&#8221;, &#8211; dep q\u0131sqadan izaatlad\u0131 Mustafa Cemilev parlament Komiteti taraf\u0131ndan qabul etilgen Beyanatn\u0131 ve memlekette meydan\u011fa kelgen vaziyetni.<\/p>\n","protected":false},"excerpt":{"rendered":"<p>2013 senesi iy\u00fcl 18 k\u00fcn\u00fc parlamentni\u00f1 \u0130nsan,\u00a0milliy azl\u0131qlar ve milletlerara munasebetler komiteti azalar\u0131 uquqqoruv organlar\u0131 qanun ve insan aqlar\u0131n\u0131 qor\u00e7alamas\u0131nen ba\u011fl\u0131 vaziyet boyunca beyanat qabul ettiler. Beyanatn\u0131\u00f1 qabul etilmesine \u0130\u00e7ki i\u015fler nazirligini\u00f1 hadimleri taraf\u0131ndan insanlar\u011fa nisbeten zulum k\u00f6sterilgeni ve yolba\u015f\u00e7\u0131lar ise b\u00f6yle faktlarn\u0131\u00f1 \u00fcst\u00fcni qapatma\u011fa t\u0131r\u0131\u015fqan\u0131 sebep\u00e7i old\u0131. Beyanatn\u0131 imzala\u011fan Ukraina halq deputat\u0131, Milliy Meclis [&hellip;]<\/p>\n","protected":false},"author":1,"featured_media":0,"comment_status":"open","ping_status":"open","sticky":false,"template":"","format":"standard","meta":{"inline_featured_image":false,"footnotes":""},"categories":[265],"tags":[],"class_list":["post-38627","post","type-post","status-publish","format-standard","hentry","category-haberler"],"acf":[],"yoast_head":"<!-- This site is optimized with the Yoast SEO plugin v27.4 - https:\/\/yoast.com\/product\/yoast-seo-wordpress\/ -->\n<title>Ukraina Yuqar\u0131 \u015euras\u0131 \u0130nsan aqlar\u0131 komitetini\u00f1 azalar\u0131 Ukraina \u0130\u00e7ki i\u015fler naziri Vitaliy Zahar\u00e7enkon\u0131 vazifesinden bo\u015fat\u0131lmas\u0131n\u0131 talap eteler - \u041c\u0435\u0434\u0436\u043b\u0456\u0441<\/title>\n<meta name=\"robots\" content=\"index, follow, max-snippet:-1, max-image-preview:large, max-video-preview:-1\" \/>\n<link rel=\"canonical\" href=\"https:\/\/qtmm.org\/qt\/ukraina-yuqari-surasi-insan-aqlari-komitetinin-azalari-ukraina-icki-isler-naziri-vitaliy-zaharcenkoni-vazifesinden-bosatilmasini-talap-eteler\/\" \/>\n<meta property=\"og:locale\" content=\"en_US\" \/>\n<meta property=\"og:type\" content=\"article\" \/>\n<meta property=\"og:title\" content=\"Ukraina Yuqar\u0131 \u015euras\u0131 \u0130nsan aqlar\u0131 komitetini\u00f1 azalar\u0131 Ukraina \u0130\u00e7ki i\u015fler naziri Vitaliy Zahar\u00e7enkon\u0131 vazifesinden bo\u015fat\u0131lmas\u0131n\u0131 talap eteler - \u041c\u0435\u0434\u0436\u043b\u0456\u0441\" \/>\n<meta property=\"og:description\" content=\"2013 senesi iy\u00fcl 18 k\u00fcn\u00fc parlamentni\u00f1 \u0130nsan,\u00a0milliy azl\u0131qlar ve milletlerara munasebetler komiteti azalar\u0131 uquqqoruv organlar\u0131 qanun ve insan aqlar\u0131n\u0131 qor\u00e7alamas\u0131nen ba\u011fl\u0131 vaziyet boyunca beyanat qabul ettiler. Beyanatn\u0131\u00f1 qabul etilmesine \u0130\u00e7ki i\u015fler nazirligini\u00f1 hadimleri taraf\u0131ndan insanlar\u011fa nisbeten zulum k\u00f6sterilgeni ve yolba\u015f\u00e7\u0131lar ise b\u00f6yle faktlarn\u0131\u00f1 \u00fcst\u00fcni qapatma\u011fa t\u0131r\u0131\u015fqan\u0131 sebep\u00e7i old\u0131. Beyanatn\u0131 imzala\u011fan Ukraina halq deputat\u0131, Milliy Meclis [&hellip;]\" \/>\n<meta property=\"og:url\" content=\"https:\/\/qtmm.org\/qt\/ukraina-yuqari-surasi-insan-aqlari-komitetinin-azalari-ukraina-icki-isler-naziri-vitaliy-zaharcenkoni-vazifesinden-bosatilmasini-talap-eteler\/\" \/>\n<meta property=\"og:site_name\" content=\"\u041c\u0435\u0434\u0436\u043b\u0456\u0441\" \/>\n<meta property=\"article:publisher\" content=\"https:\/\/www.facebook.com\/qtmm.info\/\" \/>\n<meta property=\"article:published_time\" content=\"2013-07-18T12:39:00+00:00\" \/>\n<meta property=\"article:modified_time\" content=\"2022-01-25T12:39:57+00:00\" \/>\n<meta name=\"author\" content=\"Developer\" \/>\n<meta name=\"twitter:card\" content=\"summary_large_image\" \/>\n<meta name=\"twitter:label1\" content=\"Written by\" \/>\n\t<meta name=\"twitter:data1\" content=\"Developer\" \/>\n\t<meta name=\"twitter:label2\" content=\"Est. reading time\" \/>\n\t<meta name=\"twitter:data2\" content=\"1 minute\" \/>\n<script type=\"application\/ld+json\" class=\"yoast-schema-graph\">{\"@context\":\"https:\\\/\\\/schema.org\",\"@graph\":[{\"@type\":\"Article\",\"@id\":\"https:\\\/\\\/qtmm.org\\\/qt\\\/ukraina-yuqari-surasi-insan-aqlari-komitetinin-azalari-ukraina-icki-isler-naziri-vitaliy-zaharcenkoni-vazifesinden-bosatilmasini-talap-eteler\\\/#article\",\"isPartOf\":{\"@id\":\"https:\\\/\\\/qtmm.org\\\/qt\\\/ukraina-yuqari-surasi-insan-aqlari-komitetinin-azalari-ukraina-icki-isler-naziri-vitaliy-zaharcenkoni-vazifesinden-bosatilmasini-talap-eteler\\\/\"},\"author\":{\"name\":\"Developer\",\"@id\":\"https:\\\/\\\/qtmm.org\\\/qt\\\/#\\\/schema\\\/person\\\/de562469f971dec226ac06e60bbf74a7\"},\"headline\":\"Ukraina Yuqar\u0131 \u015euras\u0131 \u0130nsan aqlar\u0131 komitetini\u00f1 azalar\u0131 Ukraina \u0130\u00e7ki i\u015fler naziri Vitaliy Zahar\u00e7enkon\u0131 vazifesinden bo\u015fat\u0131lmas\u0131n\u0131 talap eteler\",\"datePublished\":\"2013-07-18T12:39:00+00:00\",\"dateModified\":\"2022-01-25T12:39:57+00:00\",\"mainEntityOfPage\":{\"@id\":\"https:\\\/\\\/qtmm.org\\\/qt\\\/ukraina-yuqari-surasi-insan-aqlari-komitetinin-azalari-ukraina-icki-isler-naziri-vitaliy-zaharcenkoni-vazifesinden-bosatilmasini-talap-eteler\\\/\"},\"wordCount\":306,\"commentCount\":0,\"publisher\":{\"@id\":\"https:\\\/\\\/qtmm.org\\\/qt\\\/#organization\"},\"articleSection\":[\"Haberler\"],\"inLanguage\":\"qt\",\"potentialAction\":[{\"@type\":\"CommentAction\",\"name\":\"Comment\",\"target\":[\"https:\\\/\\\/qtmm.org\\\/qt\\\/ukraina-yuqari-surasi-insan-aqlari-komitetinin-azalari-ukraina-icki-isler-naziri-vitaliy-zaharcenkoni-vazifesinden-bosatilmasini-talap-eteler\\\/#respond\"]}]},{\"@type\":\"WebPage\",\"@id\":\"https:\\\/\\\/qtmm.org\\\/qt\\\/ukraina-yuqari-surasi-insan-aqlari-komitetinin-azalari-ukraina-icki-isler-naziri-vitaliy-zaharcenkoni-vazifesinden-bosatilmasini-talap-eteler\\\/\",\"url\":\"https:\\\/\\\/qtmm.org\\\/qt\\\/ukraina-yuqari-surasi-insan-aqlari-komitetinin-azalari-ukraina-icki-isler-naziri-vitaliy-zaharcenkoni-vazifesinden-bosatilmasini-talap-eteler\\\/\",\"name\":\"Ukraina Yuqar\u0131 \u015euras\u0131 \u0130nsan aqlar\u0131 komitetini\u00f1 azalar\u0131 Ukraina \u0130\u00e7ki i\u015fler naziri Vitaliy Zahar\u00e7enkon\u0131 vazifesinden bo\u015fat\u0131lmas\u0131n\u0131 talap eteler - \u041c\u0435\u0434\u0436\u043b\u0456\u0441\",\"isPartOf\":{\"@id\":\"https:\\\/\\\/qtmm.org\\\/qt\\\/#website\"},\"datePublished\":\"2013-07-18T12:39:00+00:00\",\"dateModified\":\"2022-01-25T12:39:57+00:00\",\"breadcrumb\":{\"@id\":\"https:\\\/\\\/qtmm.org\\\/qt\\\/ukraina-yuqari-surasi-insan-aqlari-komitetinin-azalari-ukraina-icki-isler-naziri-vitaliy-zaharcenkoni-vazifesinden-bosatilmasini-talap-eteler\\\/#breadcrumb\"},\"inLanguage\":\"qt\",\"potentialAction\":[{\"@type\":\"ReadAction\",\"target\":[\"https:\\\/\\\/qtmm.org\\\/qt\\\/ukraina-yuqari-surasi-insan-aqlari-komitetinin-azalari-ukraina-icki-isler-naziri-vitaliy-zaharcenkoni-vazifesinden-bosatilmasini-talap-eteler\\\/\"]}]},{\"@type\":\"BreadcrumbList\",\"@id\":\"https:\\\/\\\/qtmm.org\\\/qt\\\/ukraina-yuqari-surasi-insan-aqlari-komitetinin-azalari-ukraina-icki-isler-naziri-vitaliy-zaharcenkoni-vazifesinden-bosatilmasini-talap-eteler\\\/#breadcrumb\",\"itemListElement\":[{\"@type\":\"ListItem\",\"position\":1,\"name\":\"\u0413\u043e\u043b\u043e\u0432\u043d\u0430\",\"item\":\"https:\\\/\\\/qtmm.org\\\/qt\\\/\"},{\"@type\":\"ListItem\",\"position\":2,\"name\":\"Ukraina Yuqar\u0131 \u015euras\u0131 \u0130nsan aqlar\u0131 komitetini\u00f1 azalar\u0131 Ukraina \u0130\u00e7ki i\u015fler naziri Vitaliy Zahar\u00e7enkon\u0131 vazifesinden bo\u015fat\u0131lmas\u0131n\u0131 talap eteler\"}]},{\"@type\":\"WebSite\",\"@id\":\"https:\\\/\\\/qtmm.org\\\/qt\\\/#website\",\"url\":\"https:\\\/\\\/qtmm.org\\\/qt\\\/\",\"name\":\"\u041c\u0435\u0434\u0436\u043b\u0456\u0441\",\"description\":\"\",\"publisher\":{\"@id\":\"https:\\\/\\\/qtmm.org\\\/qt\\\/#organization\"},\"potentialAction\":[{\"@type\":\"SearchAction\",\"target\":{\"@type\":\"EntryPoint\",\"urlTemplate\":\"https:\\\/\\\/qtmm.org\\\/qt\\\/?s={search_term_string}\"},\"query-input\":{\"@type\":\"PropertyValueSpecification\",\"valueRequired\":true,\"valueName\":\"search_term_string\"}}],\"inLanguage\":\"qt\"},{\"@type\":\"Organization\",\"@id\":\"https:\\\/\\\/qtmm.org\\\/qt\\\/#organization\",\"name\":\"\u041c\u0435\u0434\u0436\u043b\u0456\u0441\",\"url\":\"https:\\\/\\\/qtmm.org\\\/qt\\\/\",\"logo\":{\"@type\":\"ImageObject\",\"inLanguage\":\"qt\",\"@id\":\"https:\\\/\\\/qtmm.org\\\/qt\\\/#\\\/schema\\\/logo\\\/image\\\/\",\"url\":\"https:\\\/\\\/qtmm.org\\\/wp-content\\\/uploads\\\/2024\\\/12\\\/ua-mejlis-logo-rgb.svg\",\"contentUrl\":\"https:\\\/\\\/qtmm.org\\\/wp-content\\\/uploads\\\/2024\\\/12\\\/ua-mejlis-logo-rgb.svg\",\"caption\":\"\u041c\u0435\u0434\u0436\u043b\u0456\u0441\"},\"image\":{\"@id\":\"https:\\\/\\\/qtmm.org\\\/qt\\\/#\\\/schema\\\/logo\\\/image\\\/\"},\"sameAs\":[\"https:\\\/\\\/www.facebook.com\\\/qtmm.info\\\/\"]},{\"@type\":\"Person\",\"@id\":\"https:\\\/\\\/qtmm.org\\\/qt\\\/#\\\/schema\\\/person\\\/de562469f971dec226ac06e60bbf74a7\",\"name\":\"Developer\",\"image\":{\"@type\":\"ImageObject\",\"inLanguage\":\"qt\",\"@id\":\"https:\\\/\\\/secure.gravatar.com\\\/avatar\\\/392b4cc8fbfeb00b39dfeeab4ee6edded39ffd48e25858637e4765810300227e?s=96&d=mm&r=g\",\"url\":\"https:\\\/\\\/secure.gravatar.com\\\/avatar\\\/392b4cc8fbfeb00b39dfeeab4ee6edded39ffd48e25858637e4765810300227e?s=96&d=mm&r=g\",\"contentUrl\":\"https:\\\/\\\/secure.gravatar.com\\\/avatar\\\/392b4cc8fbfeb00b39dfeeab4ee6edded39ffd48e25858637e4765810300227e?s=96&d=mm&r=g\",\"caption\":\"Developer\"},\"url\":\"https:\\\/\\\/qtmm.org\\\/qt\\\/author\\\/Developer\\\/\"}]}<\/script>\n<!-- \/ Yoast SEO plugin. -->","yoast_head_json":{"title":"Ukraina Yuqar\u0131 \u015euras\u0131 \u0130nsan aqlar\u0131 komitetini\u00f1 azalar\u0131 Ukraina \u0130\u00e7ki i\u015fler naziri Vitaliy Zahar\u00e7enkon\u0131 vazifesinden bo\u015fat\u0131lmas\u0131n\u0131 talap eteler - \u041c\u0435\u0434\u0436\u043b\u0456\u0441","robots":{"index":"index","follow":"follow","max-snippet":"max-snippet:-1","max-image-preview":"max-image-preview:large","max-video-preview":"max-video-preview:-1"},"canonical":"https:\/\/qtmm.org\/qt\/ukraina-yuqari-surasi-insan-aqlari-komitetinin-azalari-ukraina-icki-isler-naziri-vitaliy-zaharcenkoni-vazifesinden-bosatilmasini-talap-eteler\/","og_locale":"en_US","og_type":"article","og_title":"Ukraina Yuqar\u0131 \u015euras\u0131 \u0130nsan aqlar\u0131 komitetini\u00f1 azalar\u0131 Ukraina \u0130\u00e7ki i\u015fler naziri Vitaliy Zahar\u00e7enkon\u0131 vazifesinden bo\u015fat\u0131lmas\u0131n\u0131 talap eteler - \u041c\u0435\u0434\u0436\u043b\u0456\u0441","og_description":"2013 senesi iy\u00fcl 18 k\u00fcn\u00fc parlamentni\u00f1 \u0130nsan,\u00a0milliy azl\u0131qlar ve milletlerara munasebetler komiteti azalar\u0131 uquqqoruv organlar\u0131 qanun ve insan aqlar\u0131n\u0131 qor\u00e7alamas\u0131nen ba\u011fl\u0131 vaziyet boyunca beyanat qabul ettiler. Beyanatn\u0131\u00f1 qabul etilmesine \u0130\u00e7ki i\u015fler nazirligini\u00f1 hadimleri taraf\u0131ndan insanlar\u011fa nisbeten zulum k\u00f6sterilgeni ve yolba\u015f\u00e7\u0131lar ise b\u00f6yle faktlarn\u0131\u00f1 \u00fcst\u00fcni qapatma\u011fa t\u0131r\u0131\u015fqan\u0131 sebep\u00e7i old\u0131. Beyanatn\u0131 imzala\u011fan Ukraina halq deputat\u0131, Milliy Meclis [&hellip;]","og_url":"https:\/\/qtmm.org\/qt\/ukraina-yuqari-surasi-insan-aqlari-komitetinin-azalari-ukraina-icki-isler-naziri-vitaliy-zaharcenkoni-vazifesinden-bosatilmasini-talap-eteler\/","og_site_name":"\u041c\u0435\u0434\u0436\u043b\u0456\u0441","article_publisher":"https:\/\/www.facebook.com\/qtmm.info\/","article_published_time":"2013-07-18T12:39:00+00:00","article_modified_time":"2022-01-25T12:39:57+00:00","author":"Developer","twitter_card":"summary_large_image","twitter_misc":{"Written by":"Developer","Est. reading time":"1 minute"},"schema":{"@context":"https:\/\/schema.org","@graph":[{"@type":"Article","@id":"https:\/\/qtmm.org\/qt\/ukraina-yuqari-surasi-insan-aqlari-komitetinin-azalari-ukraina-icki-isler-naziri-vitaliy-zaharcenkoni-vazifesinden-bosatilmasini-talap-eteler\/#article","isPartOf":{"@id":"https:\/\/qtmm.org\/qt\/ukraina-yuqari-surasi-insan-aqlari-komitetinin-azalari-ukraina-icki-isler-naziri-vitaliy-zaharcenkoni-vazifesinden-bosatilmasini-talap-eteler\/"},"author":{"name":"Developer","@id":"https:\/\/qtmm.org\/qt\/#\/schema\/person\/de562469f971dec226ac06e60bbf74a7"},"headline":"Ukraina Yuqar\u0131 \u015euras\u0131 \u0130nsan aqlar\u0131 komitetini\u00f1 azalar\u0131 Ukraina \u0130\u00e7ki i\u015fler naziri Vitaliy Zahar\u00e7enkon\u0131 vazifesinden bo\u015fat\u0131lmas\u0131n\u0131 talap eteler","datePublished":"2013-07-18T12:39:00+00:00","dateModified":"2022-01-25T12:39:57+00:00","mainEntityOfPage":{"@id":"https:\/\/qtmm.org\/qt\/ukraina-yuqari-surasi-insan-aqlari-komitetinin-azalari-ukraina-icki-isler-naziri-vitaliy-zaharcenkoni-vazifesinden-bosatilmasini-talap-eteler\/"},"wordCount":306,"commentCount":0,"publisher":{"@id":"https:\/\/qtmm.org\/qt\/#organization"},"articleSection":["Haberler"],"inLanguage":"qt","potentialAction":[{"@type":"CommentAction","name":"Comment","target":["https:\/\/qtmm.org\/qt\/ukraina-yuqari-surasi-insan-aqlari-komitetinin-azalari-ukraina-icki-isler-naziri-vitaliy-zaharcenkoni-vazifesinden-bosatilmasini-talap-eteler\/#respond"]}]},{"@type":"WebPage","@id":"https:\/\/qtmm.org\/qt\/ukraina-yuqari-surasi-insan-aqlari-komitetinin-azalari-ukraina-icki-isler-naziri-vitaliy-zaharcenkoni-vazifesinden-bosatilmasini-talap-eteler\/","url":"https:\/\/qtmm.org\/qt\/ukraina-yuqari-surasi-insan-aqlari-komitetinin-azalari-ukraina-icki-isler-naziri-vitaliy-zaharcenkoni-vazifesinden-bosatilmasini-talap-eteler\/","name":"Ukraina Yuqar\u0131 \u015euras\u0131 \u0130nsan aqlar\u0131 komitetini\u00f1 azalar\u0131 Ukraina \u0130\u00e7ki i\u015fler naziri Vitaliy Zahar\u00e7enkon\u0131 vazifesinden bo\u015fat\u0131lmas\u0131n\u0131 talap eteler - \u041c\u0435\u0434\u0436\u043b\u0456\u0441","isPartOf":{"@id":"https:\/\/qtmm.org\/qt\/#website"},"datePublished":"2013-07-18T12:39:00+00:00","dateModified":"2022-01-25T12:39:57+00:00","breadcrumb":{"@id":"https:\/\/qtmm.org\/qt\/ukraina-yuqari-surasi-insan-aqlari-komitetinin-azalari-ukraina-icki-isler-naziri-vitaliy-zaharcenkoni-vazifesinden-bosatilmasini-talap-eteler\/#breadcrumb"},"inLanguage":"qt","potentialAction":[{"@type":"ReadAction","target":["https:\/\/qtmm.org\/qt\/ukraina-yuqari-surasi-insan-aqlari-komitetinin-azalari-ukraina-icki-isler-naziri-vitaliy-zaharcenkoni-vazifesinden-bosatilmasini-talap-eteler\/"]}]},{"@type":"BreadcrumbList","@id":"https:\/\/qtmm.org\/qt\/ukraina-yuqari-surasi-insan-aqlari-komitetinin-azalari-ukraina-icki-isler-naziri-vitaliy-zaharcenkoni-vazifesinden-bosatilmasini-talap-eteler\/#breadcrumb","itemListElement":[{"@type":"ListItem","position":1,"name":"\u0413\u043e\u043b\u043e\u0432\u043d\u0430","item":"https:\/\/qtmm.org\/qt\/"},{"@type":"ListItem","position":2,"name":"Ukraina Yuqar\u0131 \u015euras\u0131 \u0130nsan aqlar\u0131 komitetini\u00f1 azalar\u0131 Ukraina \u0130\u00e7ki i\u015fler naziri Vitaliy Zahar\u00e7enkon\u0131 vazifesinden bo\u015fat\u0131lmas\u0131n\u0131 talap eteler"}]},{"@type":"WebSite","@id":"https:\/\/qtmm.org\/qt\/#website","url":"https:\/\/qtmm.org\/qt\/","name":"\u041c\u0435\u0434\u0436\u043b\u0456\u0441","description":"","publisher":{"@id":"https:\/\/qtmm.org\/qt\/#organization"},"potentialAction":[{"@type":"SearchAction","target":{"@type":"EntryPoint","urlTemplate":"https:\/\/qtmm.org\/qt\/?s={search_term_string}"},"query-input":{"@type":"PropertyValueSpecification","valueRequired":true,"valueName":"search_term_string"}}],"inLanguage":"qt"},{"@type":"Organization","@id":"https:\/\/qtmm.org\/qt\/#organization","name":"\u041c\u0435\u0434\u0436\u043b\u0456\u0441","url":"https:\/\/qtmm.org\/qt\/","logo":{"@type":"ImageObject","inLanguage":"qt","@id":"https:\/\/qtmm.org\/qt\/#\/schema\/logo\/image\/","url":"https:\/\/qtmm.org\/wp-content\/uploads\/2024\/12\/ua-mejlis-logo-rgb.svg","contentUrl":"https:\/\/qtmm.org\/wp-content\/uploads\/2024\/12\/ua-mejlis-logo-rgb.svg","caption":"\u041c\u0435\u0434\u0436\u043b\u0456\u0441"},"image":{"@id":"https:\/\/qtmm.org\/qt\/#\/schema\/logo\/image\/"},"sameAs":["https:\/\/www.facebook.com\/qtmm.info\/"]},{"@type":"Person","@id":"https:\/\/qtmm.org\/qt\/#\/schema\/person\/de562469f971dec226ac06e60bbf74a7","name":"Developer","image":{"@type":"ImageObject","inLanguage":"qt","@id":"https:\/\/secure.gravatar.com\/avatar\/392b4cc8fbfeb00b39dfeeab4ee6edded39ffd48e25858637e4765810300227e?s=96&d=mm&r=g","url":"https:\/\/secure.gravatar.com\/avatar\/392b4cc8fbfeb00b39dfeeab4ee6edded39ffd48e25858637e4765810300227e?s=96&d=mm&r=g","contentUrl":"https:\/\/secure.gravatar.com\/avatar\/392b4cc8fbfeb00b39dfeeab4ee6edded39ffd48e25858637e4765810300227e?s=96&d=mm&r=g","caption":"Developer"},"url":"https:\/\/qtmm.org\/qt\/author\/Developer\/"}]}},"_links":{"self":[{"href":"https:\/\/qtmm.org\/qt\/wp-json\/wp\/v2\/posts\/38627","targetHints":{"allow":["GET"]}}],"collection":[{"href":"https:\/\/qtmm.org\/qt\/wp-json\/wp\/v2\/posts"}],"about":[{"href":"https:\/\/qtmm.org\/qt\/wp-json\/wp\/v2\/types\/post"}],"author":[{"embeddable":true,"href":"https:\/\/qtmm.org\/qt\/wp-json\/wp\/v2\/users\/1"}],"replies":[{"embeddable":true,"href":"https:\/\/qtmm.org\/qt\/wp-json\/wp\/v2\/comments?post=38627"}],"version-history":[{"count":1,"href":"https:\/\/qtmm.org\/qt\/wp-json\/wp\/v2\/posts\/38627\/revisions"}],"predecessor-version":[{"id":38628,"href":"https:\/\/qtmm.org\/qt\/wp-json\/wp\/v2\/posts\/38627\/revisions\/38628"}],"wp:attachment":[{"href":"https:\/\/qtmm.org\/qt\/wp-json\/wp\/v2\/media?parent=38627"}],"wp:term":[{"taxonomy":"category","embeddable":true,"href":"https:\/\/qtmm.org\/qt\/wp-json\/wp\/v2\/categories?post=38627"},{"taxonomy":"post_tag","embeddable":true,"href":"https:\/\/qtmm.org\/qt\/wp-json\/wp\/v2\/tags?post=38627"}],"curies":[{"name":"wp","href":"https:\/\/api.w.org\/{rel}","templated":true}]}}