




{"id":38625,"date":"2013-07-11T15:37:00","date_gmt":"2013-07-11T12:37:00","guid":{"rendered":"http:\/\/qtmm.org\/?p=38625"},"modified":"2022-01-25T15:39:21","modified_gmt":"2022-01-25T12:39:21","slug":"meclis-vekili-avropa-parlamentinin-deputatlarina-milliy-meclis-reisi-m-cemilevnin-halqara-forum-meselesi-boyunca-mektubini-berdi","status":"publish","type":"post","link":"https:\/\/qtmm.org\/qt\/meclis-vekili-avropa-parlamentinin-deputatlarina-milliy-meclis-reisi-m-cemilevnin-halqara-forum-meselesi-boyunca-mektubini-berdi\/","title":{"rendered":"Meclis vekili Avropa parlamentini\u00f1 deputatlar\u0131na Milliy Meclis reisi M. Cemilevni\u00f1 Halqara forum meselesi boyunca mekt\u00fcbini berdi"},"content":{"rendered":"\n<p>Temsil etilmegen halq ve milletler birligi Prezidium\u0131n\u0131\u00f1 iy\u00fcl 6-7 k\u00fcnleri \u00f6tkerilgen nevbetteki 15-nci topla\u015fuv\u0131nda i\u015ftirak etken Milliy Meclis temsilcisi Abduraman Egiz Br\u00fcsselde bulun\u0131rken Avropa Parlamenti ve Avropa t\u0131\u015fq\u0131 al\u00e2qalar h\u0131zmetinde Avropa parlamenti deputatlar\u0131nen bir s\u0131ra k\u00f6r\u00fc\u015f\u00fcvler ke\u00e7irdi.<\/p>\n\n\n\n<p>Abduraman Egiz Avropa parlamentini\u00f1 sab\u0131q prezidenti, Avropa parlamenti deputat\u0131 ve Poloniyan\u0131\u00f1 sab\u0131q ba\u015ft naziri cenap Yeji B\u00fczek ile k\u00f6r\u00fc\u015fip, on\u0131\u00a0Q\u0131r\u0131mtatar halq\u0131 Meclisini\u00f1 reisi, Ukraina halq deputat\u0131 Mustafa Cemilevni\u00f1 Halqara forumn\u0131 te\u015fkil et\u00fcv ve ke\u00e7ir\u00fcv meselesi boyunca Avropa parlamenti deputatlar\u0131n\u0131\u00f1 ad\u0131na yaz\u011fan mekt\u00fcbini\u00f1 m\u00fcndericesinen tan\u0131\u015f etti.<\/p>\n\n\n\n<p>Yeji B\u00fczek \u00f6z k\u00fcre\u015finde demokratik printsiplerge tayan\u0131p i\u015f tutqan q\u0131r\u0131mtatar halq\u0131n\u0131\u00f1 areketine y\u00fcksek q\u0131ymet keserek, cian cemaat\u00e7\u0131l\u0131\u011f\u0131 SSSRdeki kommunist rejiminen k\u00fcre\u015fken q\u0131r\u0131mtatarlar\u011fa daima g\u00f6\u00f1\u00fclde\u015flik bildirgenini qayd etip, Halqara forum te\u015febb\u00fcsine qoltutqan\u0131n\u0131 aytt\u0131. &#8220;\u00dcm\u00fct etem ki, Umumavropa ailesini\u00f1 bir q\u0131sm\u0131 ol\u011fan Ukraina da do\u011fru qarar al\u0131p, bu m\u00fcim tedbirni\u00f1 Ukrainada ke\u00e7irilmesini teminler&#8221;, &#8211; dedi Avropa Parlamentini\u00f1 deputat\u0131 Yeji B\u00fczek.<\/p>\n\n\n\n<p>Ukraina, Moldova, Beyaz Rusiye ve Cen\u00fcbiy Kavkaz boyunca Avropa t\u0131\u015fq\u0131 al\u00e2qalar h\u0131zmeti \u015farqiy ortaql\u0131q b\u00f6l\u00fcgi ba\u015f\u0131n\u0131\u00f1 muavini Raynhold Brender ile k\u00f6r\u00fc\u015f\u00fcv devam\u0131nda Q\u0131r\u0131mtatar halq\u0131n\u0131\u00f1 aqlar\u0131n\u0131 \u011fayr\u0131dan tiklev meseleleri boyunca halqara forumn\u0131 bu sene noyabr ay\u0131nda Viln\u00fcste Avropa Birliginen Ukraina birligi aqq\u0131nda a\u00f1la\u015fman\u0131\u00f1 imzalanmas\u0131na az\u0131rl\u0131q \u00e7er\u00e7ivesinde ke\u00e7ir\u00fcvni\u00f1 m\u00fcimligi ve m\u00fcmk\u00fcnligi muzakere etildi.<\/p>\n\n\n\n<figure class=\"wp-block-image size-full\"><img loading=\"lazy\" decoding=\"async\" width=\"800\" height=\"600\" src=\"http:\/\/qtmm.org\/wp-content\/uploads\/2022\/01\/bernd_posselt.jpeg\" alt=\"\" class=\"wp-image-38604\" srcset=\"https:\/\/qtmm.org\/wp-content\/uploads\/2022\/01\/bernd_posselt.jpeg 800w, https:\/\/qtmm.org\/wp-content\/uploads\/2022\/01\/bernd_posselt-300x225.jpeg 300w, https:\/\/qtmm.org\/wp-content\/uploads\/2022\/01\/bernd_posselt-768x576.jpeg 768w\" sizes=\"auto, (max-width: 800px) 100vw, 800px\" \/><\/figure>\n\n\n\n<figure class=\"wp-block-image size-full\"><img loading=\"lazy\" decoding=\"async\" width=\"800\" height=\"600\" src=\"http:\/\/qtmm.org\/wp-content\/uploads\/2022\/01\/emine_bozkurt.jpeg\" alt=\"\" class=\"wp-image-38608\" srcset=\"https:\/\/qtmm.org\/wp-content\/uploads\/2022\/01\/emine_bozkurt.jpeg 800w, https:\/\/qtmm.org\/wp-content\/uploads\/2022\/01\/emine_bozkurt-300x225.jpeg 300w, https:\/\/qtmm.org\/wp-content\/uploads\/2022\/01\/emine_bozkurt-768x576.jpeg 768w\" sizes=\"auto, (max-width: 800px) 100vw, 800px\" \/><\/figure>\n\n\n\n<p>Abduraman Egiz Ukrainan\u0131\u00f1 Avropa Birligine qat\u0131lmas\u0131 i\u00e7\u00fcn faallik k\u00f6stergen Meclisni\u00f1 a\u00e7\u0131q pozitsiyas\u0131 Ukrainada belli ol\u011fan\u0131n\u0131 ayr\u0131ca qayd etti.<\/p>\n\n\n\n<p>Bun\u0131\u00f1 kibi de Avropa Parlamentini\u00f1 deputatlar\u0131. Avropa Parlamentini\u00f1 Rusiyenen al\u00e2qalar boyunca delegatsiya ba\u015f\u0131 Knut Fleken\u015fteyn, Bernd Posselt(Almaniya), Tune Kelam (Estoniya), Leonidas Donskis (Litvaniya, Pavel Zalevski (Poloniya) ve Hollandiyal\u0131 q\u0131r\u0131mtatar\u0131 Emine Bozkurt ile de k\u00f6r\u00fc\u015f\u00fcvler old\u0131.<\/p>\n\n\n\n<figure class=\"wp-block-image size-full\"><img loading=\"lazy\" decoding=\"async\" width=\"800\" height=\"600\" src=\"http:\/\/qtmm.org\/wp-content\/uploads\/2022\/01\/leonidas_donskis.jpeg\" alt=\"\" class=\"wp-image-38612\" srcset=\"https:\/\/qtmm.org\/wp-content\/uploads\/2022\/01\/leonidas_donskis.jpeg 800w, https:\/\/qtmm.org\/wp-content\/uploads\/2022\/01\/leonidas_donskis-300x225.jpeg 300w, https:\/\/qtmm.org\/wp-content\/uploads\/2022\/01\/leonidas_donskis-768x576.jpeg 768w\" sizes=\"auto, (max-width: 800px) 100vw, 800px\" \/><\/figure>\n\n\n\n<p>Avropa Parlamentini\u00f1 deputatlar\u0131 Mustafa Cemilevni\u00f1 mekt\u00fcbinde Ukrainada q\u0131r\u0131mtatar halq\u0131n\u0131\u00f1 vaziyeti ve q\u0131r\u0131mtatarlar meselesi boyunca halqara forum ke\u00e7irmesini\u00f1 zarurl\u0131\u011f\u0131na ait mal\u00fcmatlar i\u00e7\u00fcn te\u015fekk\u00fcr bildirdiler.<\/p>\n\n\n\n<p>\u015eun\u0131 da qayd etmeli ki, yuqar\u0131da qayd etilgen k\u00f6r\u00fc\u015f\u00fcvler devam\u0131nda q\u0131r\u0131mtatar meselesini \u00e7ez\u00fcvde halqara cemaat\u00e7\u0131l\u0131q ve Avropa parlamenti deputatlar\u0131n\u0131\u00f1 taraf\u0131ndan k\u00f6r\u00fclecek \u00e7are-tedbirler, halqara forumn\u0131 ke\u00e7ir\u00fcvge qoltutuv meseleleri de baq\u0131ld\u0131.<\/p>\n\n\n\n<figure class=\"wp-block-image size-full\"><img loading=\"lazy\" decoding=\"async\" width=\"800\" height=\"600\" src=\"http:\/\/qtmm.org\/wp-content\/uploads\/2022\/01\/pawel_zalewski.jpeg\" alt=\"\" class=\"wp-image-38616\" srcset=\"https:\/\/qtmm.org\/wp-content\/uploads\/2022\/01\/pawel_zalewski.jpeg 800w, https:\/\/qtmm.org\/wp-content\/uploads\/2022\/01\/pawel_zalewski-300x225.jpeg 300w, https:\/\/qtmm.org\/wp-content\/uploads\/2022\/01\/pawel_zalewski-768x576.jpeg 768w\" sizes=\"auto, (max-width: 800px) 100vw, 800px\" \/><\/figure>\n\n\n\n<figure class=\"wp-block-image size-full\"><img loading=\"lazy\" decoding=\"async\" width=\"800\" height=\"600\" src=\"http:\/\/qtmm.org\/wp-content\/uploads\/2022\/01\/tunne_kelam.jpeg\" alt=\"\" class=\"wp-image-38620\" srcset=\"https:\/\/qtmm.org\/wp-content\/uploads\/2022\/01\/tunne_kelam.jpeg 800w, https:\/\/qtmm.org\/wp-content\/uploads\/2022\/01\/tunne_kelam-300x225.jpeg 300w, https:\/\/qtmm.org\/wp-content\/uploads\/2022\/01\/tunne_kelam-768x576.jpeg 768w\" sizes=\"auto, (max-width: 800px) 100vw, 800px\" \/><\/figure>\n","protected":false},"excerpt":{"rendered":"<p>Temsil etilmegen halq ve milletler birligi Prezidium\u0131n\u0131\u00f1 iy\u00fcl 6-7 k\u00fcnleri \u00f6tkerilgen nevbetteki 15-nci topla\u015fuv\u0131nda i\u015ftirak etken Milliy Meclis temsilcisi Abduraman Egiz Br\u00fcsselde bulun\u0131rken Avropa Parlamenti ve Avropa t\u0131\u015fq\u0131 al\u00e2qalar h\u0131zmetinde Avropa parlamenti deputatlar\u0131nen bir s\u0131ra k\u00f6r\u00fc\u015f\u00fcvler ke\u00e7irdi. Abduraman Egiz Avropa parlamentini\u00f1 sab\u0131q prezidenti, Avropa parlamenti deputat\u0131 ve Poloniyan\u0131\u00f1 sab\u0131q ba\u015ft naziri cenap Yeji B\u00fczek ile [&hellip;]<\/p>\n","protected":false},"author":1,"featured_media":38600,"comment_status":"open","ping_status":"open","sticky":false,"template":"","format":"standard","meta":{"inline_featured_image":false,"footnotes":""},"categories":[265],"tags":[],"class_list":["post-38625","post","type-post","status-publish","format-standard","has-post-thumbnail","hentry","category-haberler"],"acf":[],"yoast_head":"<!-- This site is optimized with the Yoast SEO plugin v27.4 - https:\/\/yoast.com\/product\/yoast-seo-wordpress\/ -->\n<title>Meclis vekili Avropa parlamentini\u00f1 deputatlar\u0131na Milliy Meclis reisi M. Cemilevni\u00f1 Halqara forum meselesi boyunca mekt\u00fcbini berdi - \u041c\u0435\u0434\u0436\u043b\u0456\u0441<\/title>\n<meta name=\"robots\" content=\"index, follow, max-snippet:-1, max-image-preview:large, max-video-preview:-1\" \/>\n<link rel=\"canonical\" href=\"https:\/\/qtmm.org\/qt\/meclis-vekili-avropa-parlamentinin-deputatlarina-milliy-meclis-reisi-m-cemilevnin-halqara-forum-meselesi-boyunca-mektubini-berdi\/\" \/>\n<meta property=\"og:locale\" content=\"en_US\" \/>\n<meta property=\"og:type\" content=\"article\" \/>\n<meta property=\"og:title\" content=\"Meclis vekili Avropa parlamentini\u00f1 deputatlar\u0131na Milliy Meclis reisi M. Cemilevni\u00f1 Halqara forum meselesi boyunca mekt\u00fcbini berdi - \u041c\u0435\u0434\u0436\u043b\u0456\u0441\" \/>\n<meta property=\"og:description\" content=\"Temsil etilmegen halq ve milletler birligi Prezidium\u0131n\u0131\u00f1 iy\u00fcl 6-7 k\u00fcnleri \u00f6tkerilgen nevbetteki 15-nci topla\u015fuv\u0131nda i\u015ftirak etken Milliy Meclis temsilcisi Abduraman Egiz Br\u00fcsselde bulun\u0131rken Avropa Parlamenti ve Avropa t\u0131\u015fq\u0131 al\u00e2qalar h\u0131zmetinde Avropa parlamenti deputatlar\u0131nen bir s\u0131ra k\u00f6r\u00fc\u015f\u00fcvler ke\u00e7irdi. Abduraman Egiz Avropa parlamentini\u00f1 sab\u0131q prezidenti, Avropa parlamenti deputat\u0131 ve Poloniyan\u0131\u00f1 sab\u0131q ba\u015ft naziri cenap Yeji B\u00fczek ile [&hellip;]\" \/>\n<meta property=\"og:url\" content=\"https:\/\/qtmm.org\/qt\/meclis-vekili-avropa-parlamentinin-deputatlarina-milliy-meclis-reisi-m-cemilevnin-halqara-forum-meselesi-boyunca-mektubini-berdi\/\" \/>\n<meta property=\"og:site_name\" content=\"\u041c\u0435\u0434\u0436\u043b\u0456\u0441\" \/>\n<meta property=\"article:publisher\" content=\"https:\/\/www.facebook.com\/qtmm.info\/\" \/>\n<meta property=\"article:published_time\" content=\"2013-07-11T12:37:00+00:00\" \/>\n<meta property=\"article:modified_time\" content=\"2022-01-25T12:39:21+00:00\" \/>\n<meta property=\"og:image\" content=\"https:\/\/qtmm.org\/wp-content\/uploads\/2022\/01\/jerzy_buzek_2.jpeg\" \/>\n\t<meta property=\"og:image:width\" content=\"800\" \/>\n\t<meta property=\"og:image:height\" content=\"600\" \/>\n\t<meta property=\"og:image:type\" content=\"image\/jpeg\" \/>\n<meta name=\"author\" content=\"Developer\" \/>\n<meta name=\"twitter:card\" content=\"summary_large_image\" \/>\n<meta name=\"twitter:label1\" content=\"Written by\" \/>\n\t<meta name=\"twitter:data1\" content=\"Developer\" \/>\n\t<meta name=\"twitter:label2\" content=\"Est. reading time\" \/>\n\t<meta name=\"twitter:data2\" content=\"2 minutes\" \/>\n<script type=\"application\/ld+json\" class=\"yoast-schema-graph\">{\"@context\":\"https:\\\/\\\/schema.org\",\"@graph\":[{\"@type\":\"Article\",\"@id\":\"https:\\\/\\\/qtmm.org\\\/qt\\\/meclis-vekili-avropa-parlamentinin-deputatlarina-milliy-meclis-reisi-m-cemilevnin-halqara-forum-meselesi-boyunca-mektubini-berdi\\\/#article\",\"isPartOf\":{\"@id\":\"https:\\\/\\\/qtmm.org\\\/qt\\\/meclis-vekili-avropa-parlamentinin-deputatlarina-milliy-meclis-reisi-m-cemilevnin-halqara-forum-meselesi-boyunca-mektubini-berdi\\\/\"},\"author\":{\"name\":\"Developer\",\"@id\":\"https:\\\/\\\/qtmm.org\\\/qt\\\/#\\\/schema\\\/person\\\/de562469f971dec226ac06e60bbf74a7\"},\"headline\":\"Meclis vekili Avropa parlamentini\u00f1 deputatlar\u0131na Milliy Meclis reisi M. Cemilevni\u00f1 Halqara forum meselesi boyunca mekt\u00fcbini berdi\",\"datePublished\":\"2013-07-11T12:37:00+00:00\",\"dateModified\":\"2022-01-25T12:39:21+00:00\",\"mainEntityOfPage\":{\"@id\":\"https:\\\/\\\/qtmm.org\\\/qt\\\/meclis-vekili-avropa-parlamentinin-deputatlarina-milliy-meclis-reisi-m-cemilevnin-halqara-forum-meselesi-boyunca-mektubini-berdi\\\/\"},\"wordCount\":448,\"commentCount\":0,\"publisher\":{\"@id\":\"https:\\\/\\\/qtmm.org\\\/qt\\\/#organization\"},\"image\":{\"@id\":\"https:\\\/\\\/qtmm.org\\\/qt\\\/meclis-vekili-avropa-parlamentinin-deputatlarina-milliy-meclis-reisi-m-cemilevnin-halqara-forum-meselesi-boyunca-mektubini-berdi\\\/#primaryimage\"},\"thumbnailUrl\":\"https:\\\/\\\/qtmm.org\\\/wp-content\\\/uploads\\\/2022\\\/01\\\/jerzy_buzek_2.jpeg\",\"articleSection\":[\"Haberler\"],\"inLanguage\":\"qt\",\"potentialAction\":[{\"@type\":\"CommentAction\",\"name\":\"Comment\",\"target\":[\"https:\\\/\\\/qtmm.org\\\/qt\\\/meclis-vekili-avropa-parlamentinin-deputatlarina-milliy-meclis-reisi-m-cemilevnin-halqara-forum-meselesi-boyunca-mektubini-berdi\\\/#respond\"]}]},{\"@type\":\"WebPage\",\"@id\":\"https:\\\/\\\/qtmm.org\\\/qt\\\/meclis-vekili-avropa-parlamentinin-deputatlarina-milliy-meclis-reisi-m-cemilevnin-halqara-forum-meselesi-boyunca-mektubini-berdi\\\/\",\"url\":\"https:\\\/\\\/qtmm.org\\\/qt\\\/meclis-vekili-avropa-parlamentinin-deputatlarina-milliy-meclis-reisi-m-cemilevnin-halqara-forum-meselesi-boyunca-mektubini-berdi\\\/\",\"name\":\"Meclis vekili Avropa parlamentini\u00f1 deputatlar\u0131na Milliy Meclis reisi M. Cemilevni\u00f1 Halqara forum meselesi boyunca mekt\u00fcbini berdi - \u041c\u0435\u0434\u0436\u043b\u0456\u0441\",\"isPartOf\":{\"@id\":\"https:\\\/\\\/qtmm.org\\\/qt\\\/#website\"},\"primaryImageOfPage\":{\"@id\":\"https:\\\/\\\/qtmm.org\\\/qt\\\/meclis-vekili-avropa-parlamentinin-deputatlarina-milliy-meclis-reisi-m-cemilevnin-halqara-forum-meselesi-boyunca-mektubini-berdi\\\/#primaryimage\"},\"image\":{\"@id\":\"https:\\\/\\\/qtmm.org\\\/qt\\\/meclis-vekili-avropa-parlamentinin-deputatlarina-milliy-meclis-reisi-m-cemilevnin-halqara-forum-meselesi-boyunca-mektubini-berdi\\\/#primaryimage\"},\"thumbnailUrl\":\"https:\\\/\\\/qtmm.org\\\/wp-content\\\/uploads\\\/2022\\\/01\\\/jerzy_buzek_2.jpeg\",\"datePublished\":\"2013-07-11T12:37:00+00:00\",\"dateModified\":\"2022-01-25T12:39:21+00:00\",\"breadcrumb\":{\"@id\":\"https:\\\/\\\/qtmm.org\\\/qt\\\/meclis-vekili-avropa-parlamentinin-deputatlarina-milliy-meclis-reisi-m-cemilevnin-halqara-forum-meselesi-boyunca-mektubini-berdi\\\/#breadcrumb\"},\"inLanguage\":\"qt\",\"potentialAction\":[{\"@type\":\"ReadAction\",\"target\":[\"https:\\\/\\\/qtmm.org\\\/qt\\\/meclis-vekili-avropa-parlamentinin-deputatlarina-milliy-meclis-reisi-m-cemilevnin-halqara-forum-meselesi-boyunca-mektubini-berdi\\\/\"]}]},{\"@type\":\"ImageObject\",\"inLanguage\":\"qt\",\"@id\":\"https:\\\/\\\/qtmm.org\\\/qt\\\/meclis-vekili-avropa-parlamentinin-deputatlarina-milliy-meclis-reisi-m-cemilevnin-halqara-forum-meselesi-boyunca-mektubini-berdi\\\/#primaryimage\",\"url\":\"https:\\\/\\\/qtmm.org\\\/wp-content\\\/uploads\\\/2022\\\/01\\\/jerzy_buzek_2.jpeg\",\"contentUrl\":\"https:\\\/\\\/qtmm.org\\\/wp-content\\\/uploads\\\/2022\\\/01\\\/jerzy_buzek_2.jpeg\",\"width\":800,\"height\":600},{\"@type\":\"BreadcrumbList\",\"@id\":\"https:\\\/\\\/qtmm.org\\\/qt\\\/meclis-vekili-avropa-parlamentinin-deputatlarina-milliy-meclis-reisi-m-cemilevnin-halqara-forum-meselesi-boyunca-mektubini-berdi\\\/#breadcrumb\",\"itemListElement\":[{\"@type\":\"ListItem\",\"position\":1,\"name\":\"\u0413\u043e\u043b\u043e\u0432\u043d\u0430\",\"item\":\"https:\\\/\\\/qtmm.org\\\/qt\\\/\"},{\"@type\":\"ListItem\",\"position\":2,\"name\":\"Meclis vekili Avropa parlamentini\u00f1 deputatlar\u0131na Milliy Meclis reisi M. Cemilevni\u00f1 Halqara forum meselesi boyunca mekt\u00fcbini berdi\"}]},{\"@type\":\"WebSite\",\"@id\":\"https:\\\/\\\/qtmm.org\\\/qt\\\/#website\",\"url\":\"https:\\\/\\\/qtmm.org\\\/qt\\\/\",\"name\":\"\u041c\u0435\u0434\u0436\u043b\u0456\u0441\",\"description\":\"\",\"publisher\":{\"@id\":\"https:\\\/\\\/qtmm.org\\\/qt\\\/#organization\"},\"potentialAction\":[{\"@type\":\"SearchAction\",\"target\":{\"@type\":\"EntryPoint\",\"urlTemplate\":\"https:\\\/\\\/qtmm.org\\\/qt\\\/?s={search_term_string}\"},\"query-input\":{\"@type\":\"PropertyValueSpecification\",\"valueRequired\":true,\"valueName\":\"search_term_string\"}}],\"inLanguage\":\"qt\"},{\"@type\":\"Organization\",\"@id\":\"https:\\\/\\\/qtmm.org\\\/qt\\\/#organization\",\"name\":\"\u041c\u0435\u0434\u0436\u043b\u0456\u0441\",\"url\":\"https:\\\/\\\/qtmm.org\\\/qt\\\/\",\"logo\":{\"@type\":\"ImageObject\",\"inLanguage\":\"qt\",\"@id\":\"https:\\\/\\\/qtmm.org\\\/qt\\\/#\\\/schema\\\/logo\\\/image\\\/\",\"url\":\"https:\\\/\\\/qtmm.org\\\/wp-content\\\/uploads\\\/2024\\\/12\\\/ua-mejlis-logo-rgb.svg\",\"contentUrl\":\"https:\\\/\\\/qtmm.org\\\/wp-content\\\/uploads\\\/2024\\\/12\\\/ua-mejlis-logo-rgb.svg\",\"caption\":\"\u041c\u0435\u0434\u0436\u043b\u0456\u0441\"},\"image\":{\"@id\":\"https:\\\/\\\/qtmm.org\\\/qt\\\/#\\\/schema\\\/logo\\\/image\\\/\"},\"sameAs\":[\"https:\\\/\\\/www.facebook.com\\\/qtmm.info\\\/\"]},{\"@type\":\"Person\",\"@id\":\"https:\\\/\\\/qtmm.org\\\/qt\\\/#\\\/schema\\\/person\\\/de562469f971dec226ac06e60bbf74a7\",\"name\":\"Developer\",\"image\":{\"@type\":\"ImageObject\",\"inLanguage\":\"qt\",\"@id\":\"https:\\\/\\\/secure.gravatar.com\\\/avatar\\\/392b4cc8fbfeb00b39dfeeab4ee6edded39ffd48e25858637e4765810300227e?s=96&d=mm&r=g\",\"url\":\"https:\\\/\\\/secure.gravatar.com\\\/avatar\\\/392b4cc8fbfeb00b39dfeeab4ee6edded39ffd48e25858637e4765810300227e?s=96&d=mm&r=g\",\"contentUrl\":\"https:\\\/\\\/secure.gravatar.com\\\/avatar\\\/392b4cc8fbfeb00b39dfeeab4ee6edded39ffd48e25858637e4765810300227e?s=96&d=mm&r=g\",\"caption\":\"Developer\"},\"url\":\"https:\\\/\\\/qtmm.org\\\/qt\\\/author\\\/Developer\\\/\"}]}<\/script>\n<!-- \/ Yoast SEO plugin. -->","yoast_head_json":{"title":"Meclis vekili Avropa parlamentini\u00f1 deputatlar\u0131na Milliy Meclis reisi M. Cemilevni\u00f1 Halqara forum meselesi boyunca mekt\u00fcbini berdi - \u041c\u0435\u0434\u0436\u043b\u0456\u0441","robots":{"index":"index","follow":"follow","max-snippet":"max-snippet:-1","max-image-preview":"max-image-preview:large","max-video-preview":"max-video-preview:-1"},"canonical":"https:\/\/qtmm.org\/qt\/meclis-vekili-avropa-parlamentinin-deputatlarina-milliy-meclis-reisi-m-cemilevnin-halqara-forum-meselesi-boyunca-mektubini-berdi\/","og_locale":"en_US","og_type":"article","og_title":"Meclis vekili Avropa parlamentini\u00f1 deputatlar\u0131na Milliy Meclis reisi M. Cemilevni\u00f1 Halqara forum meselesi boyunca mekt\u00fcbini berdi - \u041c\u0435\u0434\u0436\u043b\u0456\u0441","og_description":"Temsil etilmegen halq ve milletler birligi Prezidium\u0131n\u0131\u00f1 iy\u00fcl 6-7 k\u00fcnleri \u00f6tkerilgen nevbetteki 15-nci topla\u015fuv\u0131nda i\u015ftirak etken Milliy Meclis temsilcisi Abduraman Egiz Br\u00fcsselde bulun\u0131rken Avropa Parlamenti ve Avropa t\u0131\u015fq\u0131 al\u00e2qalar h\u0131zmetinde Avropa parlamenti deputatlar\u0131nen bir s\u0131ra k\u00f6r\u00fc\u015f\u00fcvler ke\u00e7irdi. Abduraman Egiz Avropa parlamentini\u00f1 sab\u0131q prezidenti, Avropa parlamenti deputat\u0131 ve Poloniyan\u0131\u00f1 sab\u0131q ba\u015ft naziri cenap Yeji B\u00fczek ile [&hellip;]","og_url":"https:\/\/qtmm.org\/qt\/meclis-vekili-avropa-parlamentinin-deputatlarina-milliy-meclis-reisi-m-cemilevnin-halqara-forum-meselesi-boyunca-mektubini-berdi\/","og_site_name":"\u041c\u0435\u0434\u0436\u043b\u0456\u0441","article_publisher":"https:\/\/www.facebook.com\/qtmm.info\/","article_published_time":"2013-07-11T12:37:00+00:00","article_modified_time":"2022-01-25T12:39:21+00:00","og_image":[{"width":800,"height":600,"url":"https:\/\/qtmm.org\/wp-content\/uploads\/2022\/01\/jerzy_buzek_2.jpeg","type":"image\/jpeg"}],"author":"Developer","twitter_card":"summary_large_image","twitter_misc":{"Written by":"Developer","Est. reading time":"2 minutes"},"schema":{"@context":"https:\/\/schema.org","@graph":[{"@type":"Article","@id":"https:\/\/qtmm.org\/qt\/meclis-vekili-avropa-parlamentinin-deputatlarina-milliy-meclis-reisi-m-cemilevnin-halqara-forum-meselesi-boyunca-mektubini-berdi\/#article","isPartOf":{"@id":"https:\/\/qtmm.org\/qt\/meclis-vekili-avropa-parlamentinin-deputatlarina-milliy-meclis-reisi-m-cemilevnin-halqara-forum-meselesi-boyunca-mektubini-berdi\/"},"author":{"name":"Developer","@id":"https:\/\/qtmm.org\/qt\/#\/schema\/person\/de562469f971dec226ac06e60bbf74a7"},"headline":"Meclis vekili Avropa parlamentini\u00f1 deputatlar\u0131na Milliy Meclis reisi M. Cemilevni\u00f1 Halqara forum meselesi boyunca mekt\u00fcbini berdi","datePublished":"2013-07-11T12:37:00+00:00","dateModified":"2022-01-25T12:39:21+00:00","mainEntityOfPage":{"@id":"https:\/\/qtmm.org\/qt\/meclis-vekili-avropa-parlamentinin-deputatlarina-milliy-meclis-reisi-m-cemilevnin-halqara-forum-meselesi-boyunca-mektubini-berdi\/"},"wordCount":448,"commentCount":0,"publisher":{"@id":"https:\/\/qtmm.org\/qt\/#organization"},"image":{"@id":"https:\/\/qtmm.org\/qt\/meclis-vekili-avropa-parlamentinin-deputatlarina-milliy-meclis-reisi-m-cemilevnin-halqara-forum-meselesi-boyunca-mektubini-berdi\/#primaryimage"},"thumbnailUrl":"https:\/\/qtmm.org\/wp-content\/uploads\/2022\/01\/jerzy_buzek_2.jpeg","articleSection":["Haberler"],"inLanguage":"qt","potentialAction":[{"@type":"CommentAction","name":"Comment","target":["https:\/\/qtmm.org\/qt\/meclis-vekili-avropa-parlamentinin-deputatlarina-milliy-meclis-reisi-m-cemilevnin-halqara-forum-meselesi-boyunca-mektubini-berdi\/#respond"]}]},{"@type":"WebPage","@id":"https:\/\/qtmm.org\/qt\/meclis-vekili-avropa-parlamentinin-deputatlarina-milliy-meclis-reisi-m-cemilevnin-halqara-forum-meselesi-boyunca-mektubini-berdi\/","url":"https:\/\/qtmm.org\/qt\/meclis-vekili-avropa-parlamentinin-deputatlarina-milliy-meclis-reisi-m-cemilevnin-halqara-forum-meselesi-boyunca-mektubini-berdi\/","name":"Meclis vekili Avropa parlamentini\u00f1 deputatlar\u0131na Milliy Meclis reisi M. Cemilevni\u00f1 Halqara forum meselesi boyunca mekt\u00fcbini berdi - \u041c\u0435\u0434\u0436\u043b\u0456\u0441","isPartOf":{"@id":"https:\/\/qtmm.org\/qt\/#website"},"primaryImageOfPage":{"@id":"https:\/\/qtmm.org\/qt\/meclis-vekili-avropa-parlamentinin-deputatlarina-milliy-meclis-reisi-m-cemilevnin-halqara-forum-meselesi-boyunca-mektubini-berdi\/#primaryimage"},"image":{"@id":"https:\/\/qtmm.org\/qt\/meclis-vekili-avropa-parlamentinin-deputatlarina-milliy-meclis-reisi-m-cemilevnin-halqara-forum-meselesi-boyunca-mektubini-berdi\/#primaryimage"},"thumbnailUrl":"https:\/\/qtmm.org\/wp-content\/uploads\/2022\/01\/jerzy_buzek_2.jpeg","datePublished":"2013-07-11T12:37:00+00:00","dateModified":"2022-01-25T12:39:21+00:00","breadcrumb":{"@id":"https:\/\/qtmm.org\/qt\/meclis-vekili-avropa-parlamentinin-deputatlarina-milliy-meclis-reisi-m-cemilevnin-halqara-forum-meselesi-boyunca-mektubini-berdi\/#breadcrumb"},"inLanguage":"qt","potentialAction":[{"@type":"ReadAction","target":["https:\/\/qtmm.org\/qt\/meclis-vekili-avropa-parlamentinin-deputatlarina-milliy-meclis-reisi-m-cemilevnin-halqara-forum-meselesi-boyunca-mektubini-berdi\/"]}]},{"@type":"ImageObject","inLanguage":"qt","@id":"https:\/\/qtmm.org\/qt\/meclis-vekili-avropa-parlamentinin-deputatlarina-milliy-meclis-reisi-m-cemilevnin-halqara-forum-meselesi-boyunca-mektubini-berdi\/#primaryimage","url":"https:\/\/qtmm.org\/wp-content\/uploads\/2022\/01\/jerzy_buzek_2.jpeg","contentUrl":"https:\/\/qtmm.org\/wp-content\/uploads\/2022\/01\/jerzy_buzek_2.jpeg","width":800,"height":600},{"@type":"BreadcrumbList","@id":"https:\/\/qtmm.org\/qt\/meclis-vekili-avropa-parlamentinin-deputatlarina-milliy-meclis-reisi-m-cemilevnin-halqara-forum-meselesi-boyunca-mektubini-berdi\/#breadcrumb","itemListElement":[{"@type":"ListItem","position":1,"name":"\u0413\u043e\u043b\u043e\u0432\u043d\u0430","item":"https:\/\/qtmm.org\/qt\/"},{"@type":"ListItem","position":2,"name":"Meclis vekili Avropa parlamentini\u00f1 deputatlar\u0131na Milliy Meclis reisi M. Cemilevni\u00f1 Halqara forum meselesi boyunca mekt\u00fcbini berdi"}]},{"@type":"WebSite","@id":"https:\/\/qtmm.org\/qt\/#website","url":"https:\/\/qtmm.org\/qt\/","name":"\u041c\u0435\u0434\u0436\u043b\u0456\u0441","description":"","publisher":{"@id":"https:\/\/qtmm.org\/qt\/#organization"},"potentialAction":[{"@type":"SearchAction","target":{"@type":"EntryPoint","urlTemplate":"https:\/\/qtmm.org\/qt\/?s={search_term_string}"},"query-input":{"@type":"PropertyValueSpecification","valueRequired":true,"valueName":"search_term_string"}}],"inLanguage":"qt"},{"@type":"Organization","@id":"https:\/\/qtmm.org\/qt\/#organization","name":"\u041c\u0435\u0434\u0436\u043b\u0456\u0441","url":"https:\/\/qtmm.org\/qt\/","logo":{"@type":"ImageObject","inLanguage":"qt","@id":"https:\/\/qtmm.org\/qt\/#\/schema\/logo\/image\/","url":"https:\/\/qtmm.org\/wp-content\/uploads\/2024\/12\/ua-mejlis-logo-rgb.svg","contentUrl":"https:\/\/qtmm.org\/wp-content\/uploads\/2024\/12\/ua-mejlis-logo-rgb.svg","caption":"\u041c\u0435\u0434\u0436\u043b\u0456\u0441"},"image":{"@id":"https:\/\/qtmm.org\/qt\/#\/schema\/logo\/image\/"},"sameAs":["https:\/\/www.facebook.com\/qtmm.info\/"]},{"@type":"Person","@id":"https:\/\/qtmm.org\/qt\/#\/schema\/person\/de562469f971dec226ac06e60bbf74a7","name":"Developer","image":{"@type":"ImageObject","inLanguage":"qt","@id":"https:\/\/secure.gravatar.com\/avatar\/392b4cc8fbfeb00b39dfeeab4ee6edded39ffd48e25858637e4765810300227e?s=96&d=mm&r=g","url":"https:\/\/secure.gravatar.com\/avatar\/392b4cc8fbfeb00b39dfeeab4ee6edded39ffd48e25858637e4765810300227e?s=96&d=mm&r=g","contentUrl":"https:\/\/secure.gravatar.com\/avatar\/392b4cc8fbfeb00b39dfeeab4ee6edded39ffd48e25858637e4765810300227e?s=96&d=mm&r=g","caption":"Developer"},"url":"https:\/\/qtmm.org\/qt\/author\/Developer\/"}]}},"_links":{"self":[{"href":"https:\/\/qtmm.org\/qt\/wp-json\/wp\/v2\/posts\/38625","targetHints":{"allow":["GET"]}}],"collection":[{"href":"https:\/\/qtmm.org\/qt\/wp-json\/wp\/v2\/posts"}],"about":[{"href":"https:\/\/qtmm.org\/qt\/wp-json\/wp\/v2\/types\/post"}],"author":[{"embeddable":true,"href":"https:\/\/qtmm.org\/qt\/wp-json\/wp\/v2\/users\/1"}],"replies":[{"embeddable":true,"href":"https:\/\/qtmm.org\/qt\/wp-json\/wp\/v2\/comments?post=38625"}],"version-history":[{"count":1,"href":"https:\/\/qtmm.org\/qt\/wp-json\/wp\/v2\/posts\/38625\/revisions"}],"predecessor-version":[{"id":38626,"href":"https:\/\/qtmm.org\/qt\/wp-json\/wp\/v2\/posts\/38625\/revisions\/38626"}],"wp:featuredmedia":[{"embeddable":true,"href":"https:\/\/qtmm.org\/qt\/wp-json\/wp\/v2\/media\/38600"}],"wp:attachment":[{"href":"https:\/\/qtmm.org\/qt\/wp-json\/wp\/v2\/media?parent=38625"}],"wp:term":[{"taxonomy":"category","embeddable":true,"href":"https:\/\/qtmm.org\/qt\/wp-json\/wp\/v2\/categories?post=38625"},{"taxonomy":"post_tag","embeddable":true,"href":"https:\/\/qtmm.org\/qt\/wp-json\/wp\/v2\/tags?post=38625"}],"curies":[{"name":"wp","href":"https:\/\/api.w.org\/{rel}","templated":true}]}}